{"id":3383,"date":"2023-10-14T22:13:46","date_gmt":"2023-10-14T22:13:46","guid":{"rendered":"https:\/\/marksizm.org.tr\/?p=3383"},"modified":"2026-04-04T22:18:31","modified_gmt":"2026-04-04T22:18:31","slug":"yukselen-kuresel-savas-tehdidi-dalgasi-ve-anti-emperyalistlerin-gorevleri","status":"publish","type":"post","link":"https:\/\/marksizm.org.tr\/?p=3383","title":{"rendered":"Y\u00fckselen K\u00fcresel Sava\u015f Tehdidi Dalgas\u0131 ve Anti-emperyalistlerin G\u00f6revleri"},"content":{"rendered":"\n<h1 class=\"wp-block-heading\">Y\u00fckselen K\u00fcresel Sava\u015f Tehdidi Dalgas\u0131 ve Anti-emperyalistlerin G\u00f6revleri<\/h1>\n\n\n\n<figure class=\"wp-block-image aligncenter size-full is-resized\"><img loading=\"lazy\" decoding=\"async\" width=\"399\" height=\"236\" src=\"https:\/\/marksizm.org.tr\/wp-content\/uploads\/2024\/03\/world-antiimperialist-platform-1.jpg\" alt=\"\" class=\"wp-image-3384\" style=\"width:744px;height:auto\" srcset=\"https:\/\/marksizm.org.tr\/wp-content\/uploads\/2024\/03\/world-antiimperialist-platform-1.jpg 399w, https:\/\/marksizm.org.tr\/wp-content\/uploads\/2024\/03\/world-antiimperialist-platform-1-300x177.jpg 300w\" sizes=\"auto, (max-width: 399px) 100vw, 399px\" \/><\/figure>\n\n\n\n<p style=\"font-size:clamp(16.834px, 1.052rem + ((1vw - 3.2px) * 0.716), 26px);\">D\u00fcnyada her yerde i\u015f\u00e7iler ve ezilen halklar i\u00e7in ciddi bir tehlike kar\u015f\u0131s\u0131nda bulunuyoruz. NATO ile Nato\u2019nun&nbsp; ba\u015f hedefleri olan Rusya ve \u00c7in aras\u0131ndaki Ukrayna\u2019da devam eden mevcut vekalet sava\u015f\u0131n\u0131n d\u00fcnyan\u0131n en g\u00fc\u00e7l\u00fc askeri g\u00fc\u00e7leri aras\u0131nda a\u00e7\u0131k bir sava\u015fa d\u00f6n\u00fc\u015fmesi halinde, bunun bizi yaln\u0131zca \u015fimdiye kadar g\u00f6r\u00fclm\u00fc\u015f en b\u00fcy\u00fck ve en korkun\u00e7 yang\u0131na de\u011fil, ayn\u0131 zamanda topyek\u00fbn bir n\u00fckleer sava\u015fa da g\u00f6t\u00fcrebilece\u011fi tart\u0131\u015fmas\u0131z bir ger\u00e7ek.<\/p>\n\n\n\n<p style=\"font-size:clamp(16.834px, 1.052rem + ((1vw - 3.2px) * 0.716), 26px);\">Emperyalist sava\u015f d\u00fcrt\u00fcs\u00fcn\u00fcn bizi itti\u011fi y\u00f6n \u015fu: 3. D\u00fcnya Sava\u015f\u0131&#8217;na ve n\u00fckleer bir \u00e7at\u0131\u015fmaya do\u011fru gidiyoruz. Belki de gelece\u011fin tarih\u00e7ileri geriye d\u00f6n\u00fcp bakt\u0131klar\u0131nda 3. D\u00fcnya Sava\u015f\u0131&#8217;n\u0131n ilk at\u0131\u015flar\u0131n\u0131n \u00e7oktan yap\u0131ld\u0131\u011f\u0131n\u0131 g\u00f6recekler.<\/p>\n\n\n\n<p style=\"font-size:clamp(16.834px, 1.052rem + ((1vw - 3.2px) * 0.716), 26px);\">\u0130nsano\u011flu olarak akl\u0131selimin galip gelece\u011fini ve emperyalistlerin bile nihayetinde b\u00f6yle bir senaryodan kimsenin &#8216;kazanamayaca\u011f\u0131n\u0131&#8217; anlayaca\u011f\u0131n\u0131 ummaktan ba\u015fka bir \u015fey yapamay\u0131z.<\/p>\n\n\n\n<p style=\"font-size:clamp(16.834px, 1.052rem + ((1vw - 3.2px) * 0.716), 26px);\">Ne yaz\u0131k ki, tekelci sermayenin b\u00fcy\u00fck depolar\u0131n\u0131n temsilcileri olarak rolleri gere\u011fi emperyalistler bu t\u00fcr basit insan mant\u0131\u011f\u0131 taraf\u0131ndan y\u00f6nlendirilmekten acizdirler. Geni\u015flemek, birikmek ve egemen olmak ya da \u00f6lmek zorunda olan sermayeleri ad\u0131na hareket etmek zorundad\u0131rlar. Bu, emperyalist ekonomik sistemin demirden bir yasas\u0131d\u0131r ve bu nedenle en a\u00e7\u0131k ve en g\u00fc\u00e7l\u00fc arg\u00fcmanlar bile temsilcilerini asla &#8216;makul&#8217; davranmaya ikna edemez.<\/p>\n\n\n\n<p style=\"font-size:clamp(16.834px, 1.052rem + ((1vw - 3.2px) * 0.716), 26px);\">Bu, anti-emperyalistler i\u00e7in tarihi \u00f6neme sahip bir and\u0131r. ABD&#8217;nin kendi \u00fcst\u00fcnl\u00fc\u011f\u00fcne engel olarak g\u00f6rd\u00fc\u011f\u00fc \u00fclkelere -\u0130ran&#8217;a, Kuzey Kore&#8217;ye, K\u00fcba\u2019ya ve \u00f6zellikle de Rusya ve \u00c7in&#8217;e- y\u00f6nelik artan sald\u0131rganl\u0131\u011f\u0131na tan\u0131kl\u0131k ederken, bu sava\u015f d\u00fcrt\u00fcs\u00fcne verece\u011fimiz yan\u0131t\u0131n \u00f6nemsiz ya da akademik bir mesele olmad\u0131\u011f\u0131 a\u00e7\u0131kt\u0131r. Analizimiz eylemimizin temelini olu\u015fturmaktad\u0131r ve eylemimizin i\u00e7eri\u011fi, emperyalizme kar\u015f\u0131, bar\u0131\u015f ve sosyalizm i\u00e7in emek\u00e7i kitlelerin \u00e7\u0131karlar\u0131 do\u011frultusunda d\u00fcnyadaki durumu etkileme giri\u015fimlerimizin etkinli\u011fini belirleyecektir.<\/p>\n\n\n\n<p style=\"font-size:clamp(16.834px, 1.052rem + ((1vw - 3.2px) * 0.716), 26px);\">ABD egemenli\u011findeki NATO blo\u011fu, Ukrayna&#8217;daki sald\u0131rganl\u0131\u011f\u0131n\u0131n hem askeri hem de ekonomik a\u00e7\u0131dan ba\u015far\u0131s\u0131z olmas\u0131na ra\u011fmen, geri ad\u0131m atma ya da yakla\u015f\u0131m\u0131n\u0131 de\u011fi\u015ftirme y\u00f6n\u00fcnde hi\u00e7bir i\u015faret g\u00f6stermemektedir. Aksine, ABD&#8217;nin d\u00fcnyadaki hegemonik konumunu her ne pahas\u0131na olursa olsun kurtarmaya y\u00f6nelik \u00e7aresizli\u011fi, onu sava\u015f\u0131 geni\u015fletmenin ve uzatman\u0131n yollar\u0131n\u0131 aramaya y\u00f6neltiyor. T\u00fcm kan\u0131tlar kar\u015f\u0131s\u0131nda, ABD egemen s\u0131n\u0131f\u0131 a\u00e7\u0131k\u00e7a rakiplerini y\u0131pratman\u0131n ve galip gelmenin bir yolunu bulaca\u011f\u0131n\u0131 umuyor.<\/p>\n\n\n\n<p style=\"font-size:clamp(16.834px, 1.052rem + ((1vw - 3.2px) * 0.716), 26px);\">B\u00f6ylece hem NATO sava\u015f\u0131n\u0131n Avrupa&#8217;daki kom\u015fu \u00fclkelere s\u0131\u00e7ramas\u0131 hem de Asya&#8217;daki \u00fclkelere yay\u0131lmas\u0131 olas\u0131l\u0131\u011f\u0131yla kar\u015f\u0131 kar\u015f\u0131yay\u0131z. Tayvan ve G\u00fcney Kore&#8217;deki son provokasyonlar ve NATO&#8217;nun \u00c7in ile her cephede gerilimi durmaks\u0131z\u0131n t\u0131rmand\u0131rmas\u0131, bu pervas\u0131zca daha fazla ve daha b\u00fcy\u00fck \u00e7at\u0131\u015fmalara do\u011fru gidi\u015fi do\u011frulamaktad\u0131r.<\/p>\n\n\n\n<p style=\"font-size:clamp(16.834px, 1.052rem + ((1vw - 3.2px) * 0.716), 26px);\">Ukrayna&#8217;da NATO destekli g\u00fc\u00e7ler Rusya&#8217;ya kar\u015f\u0131 vekalet sava\u015f\u0131n\u0131 s\u00fcrd\u00fcr\u00fcrken, uluslararas\u0131 kom\u00fcnist harekette iki FARKLI \u00e7izgi ortaya \u00e7\u0131km\u0131\u015ft\u0131r.<\/p>\n\n\n\n<p style=\"font-size:clamp(16.834px, 1.052rem + ((1vw - 3.2px) * 0.716), 26px);\">Bir tarafta sava\u015f\u0131n i\u015f\u00e7ilerin taraf olmad\u0131\u011f\u0131 emperyalistler aras\u0131 bir \u00e7at\u0131\u015fma oldu\u011funda \u0131srar edenler; di\u011fer tarafta ise sadece bir taraf\u0131n sald\u0131rgan bir emperyalist sava\u015f y\u00fcr\u00fctt\u00fc\u011f\u00fcne, di\u011fer taraf\u0131n ise hakl\u0131 bir \u00f6z savunma sava\u015f\u0131 y\u00fcr\u00fctt\u00fc\u011f\u00fcne inananlar var. Bu iki \u00e7izgi, mevcut sava\u015fa ili\u015fkin a\u00e7\u0131klamalar\u0131nda ve dolay\u0131s\u0131yla i\u015f\u00e7ilerden bu sava\u015fa kar\u015f\u0131 tak\u0131nmalar\u0131n\u0131 istedikleri tutumda da b\u00fcy\u00fck farkl\u0131l\u0131klar g\u00f6stermektedir.<\/p>\n\n\n\n<p style=\"font-size:clamp(16.834px, 1.052rem + ((1vw - 3.2px) * 0.716), 26px);\">Bu tarihi \u00f6nemdeki anda, biz a\u015fa\u011f\u0131da imzas\u0131 bulunan partiler, a\u015fa\u011f\u0131daki temel noktalar\u0131n \u00fclkelerimizdeki kitlelere a\u00e7\u0131kl\u0131\u011fa kavu\u015fturulmas\u0131 ve emperyalist sava\u015f d\u00fcrt\u00fcs\u00fcne ve anti-emperyalist ve sava\u015f kar\u015f\u0131t\u0131 hareketlere y\u00f6nelik y\u00f6nelimimize rehberlik etmesi gerekti\u011fi konusunda hemfikiriz:<\/p>\n\n\n\n<p style=\"font-size:clamp(16.834px, 1.052rem + ((1vw - 3.2px) * 0.716), 26px);\">&#8211; Ukrayna&#8217;daki sava\u015f\u0131n &#8216;Rus sald\u0131rganl\u0131\u011f\u0131n\u0131n&#8217; de\u011fil, bat\u0131l\u0131 emperyalist sava\u015f d\u00fcrt\u00fcs\u00fcn\u00fcn, \u00f6zellikle de ABD emperyalizminin d\u00fcnya \u00fczerindeki zay\u0131flayan hegemonyas\u0131n\u0131 g\u00fc\u00e7lendirmeyi ama\u00e7layan ABD&#8217;nin sava\u015f d\u00fcrt\u00fcs\u00fcn\u00fcn bir sonucu oldu\u011fu.<\/p>\n\n\n\n<p style=\"font-size:clamp(16.834px, 1.052rem + ((1vw - 3.2px) * 0.716), 26px);\">&#8211; Bu sava\u015f ger\u00e7ekten de ABD&#8217;nin 2014 y\u0131l\u0131nda Kiev&#8217;de fa\u015fist bir darbeyi finanse etmesi, silahland\u0131rmas\u0131 ve \u00f6rg\u00fctlemesiyle ba\u015flad\u0131. Bu darbenin ard\u0131ndan, darbe h\u00fck\u00fcmetinin dayatmalar\u0131n\u0131 kabul etmeyi reddeden do\u011fu Donbass b\u00f6lgesi halk\u0131 taraf\u0131ndan sekiz y\u0131l s\u00fcren antifa\u015fist bir sava\u015f y\u00fcr\u00fct\u00fcld\u00fc (14.000 ki\u015finin \u00f6l\u00fcm\u00fcyle sonu\u00e7lanan bu sava\u015f bat\u0131 medyas\u0131nda neredeyse hi\u00e7 ilgi g\u00f6rmedi).<\/p>\n\n\n\n<p style=\"font-size:clamp(16.834px, 1.052rem + ((1vw - 3.2px) * 0.716), 26px);\">&#8211; NATO&#8217;nun SSCB&#8217;nin da\u011f\u0131lmas\u0131ndan bu yana Rusya&#8217;ya kar\u015f\u0131 amans\u0131z bir sava\u015f y\u00fcr\u00fctt\u00fc\u011f\u00fcn\u00fc ve bu sava\u015fa destek olarak Rusya&#8217;n\u0131n s\u0131n\u0131rlar\u0131 boyunca d\u00fc\u015fman askeri \u00fcslerini s\u00fcrekli olarak ilerletti\u011fini &#8211; SSCB&#8217;nin son g\u00fcnlerinde NATO&#8217;nun &#8220;do\u011fuya do\u011fru bir ad\u0131m bile atmayaca\u011f\u0131&#8221; y\u00f6n\u00fcndeki yalan g\u00fcvencelere ra\u011fmen.<\/p>\n\n\n\n<p style=\"font-size:clamp(16.834px, 1.052rem + ((1vw - 3.2px) * 0.716), 26px);\">&#8211; Bat\u0131l\u0131 gizli servisler, Rusya&#8217;y\u0131 Ukrayna&#8217;n\u0131n d\u00fc\u015fman\u0131 olarak g\u00f6stermek i\u00e7in \u00fclkedeki vekillerine Ukrayna&#8217;n\u0131n tarihini yeniden yazmalar\u0131nda yard\u0131mc\u0131 oldular. Bu s\u00fcre\u00e7te 2. D\u00fcnya Sava\u015f\u0131 Nazi i\u015fbirlik\u00e7ilerini rehabilite ettiler, Rus dilini yasaklad\u0131lar, Rus\u00e7a konu\u015fanlar\u0131 g\u00fcnah ke\u00e7isi ilan ettiler, bir nesil \u00e7ocu\u011fa tarihi yalanlar ve \u0131rk\u00e7\u0131 fikirler a\u015f\u0131lad\u0131lar ve iki katmanl\u0131 bir etnik apartheid devleti yaratt\u0131lar.<\/p>\n\n\n\n<p style=\"font-size:clamp(16.834px, 1.052rem + ((1vw - 3.2px) * 0.716), 26px);\">&#8211; Sava\u015f\u0131n bug\u00fcnk\u00fc a\u015famas\u0131n\u0131n asl\u0131nda NATO ve onun Ukraynal\u0131 vekilleri taraf\u0131ndan, Rusya ile yeni bir Avrupa bar\u0131\u015f ve g\u00fcvenlik \u00e7er\u00e7evesi hakk\u0131nda g\u00f6r\u00fc\u015fmeyi kabul etmek yerine, Donetsk ve Lugansk&#8217;taki kurtar\u0131lm\u0131\u015f antifa\u015fist b\u00f6lgeleri &#8216;geri almay\u0131&#8217; ama\u00e7layan silahl\u0131 bir istilaya haz\u0131rl\u0131k olarak sivillerin bombalanmas\u0131n\u0131 ve Donbass s\u0131n\u0131r\u0131 boyunca Ukrayna askeri g\u00fc\u00e7lerinin y\u0131\u011f\u0131na\u011f\u0131n\u0131 h\u0131zland\u0131rarak ba\u015flat\u0131ld\u0131\u011f\u0131n\u0131 g\u00f6r\u00fcyoruz.<\/p>\n\n\n\n<p style=\"font-size:clamp(16.834px, 1.052rem + ((1vw - 3.2px) * 0.716), 26px);\">&#8211; Emperyalistlerin Ukrayna&#8217;n\u0131n i\u00e7 i\u015flerine bir as\u0131rdan fazla bir s\u00fcredir, her zaman Rusya&#8217;ya\/SSCB&#8217;ye kar\u015f\u0131 bir ko\u00e7ba\u015f\u0131 olarak kullanmak amac\u0131yla kar\u0131\u015ft\u0131klar\u0131n\u0131 ve \u00e7e\u015fitli g\u00fc\u00e7lerin 80 y\u0131ldan fazla bir s\u00fcredir \u00fclkedeki fa\u015fistleri desteklediklerini. Ukrayna halk\u0131n\u0131n belli bir d\u00fczeyde ba\u011f\u0131ms\u0131zl\u0131\u011f\u0131n\u0131 s\u00fcrd\u00fcrme ya da Rusya ile dostane ili\u015fkilerini koruma giri\u015fimleri, son y\u0131llarda bat\u0131 destekli iki darbeye yol a\u00e7m\u0131\u015ft\u0131r (2004, 2014).<\/p>\n\n\n\n<p style=\"font-size:clamp(16.834px, 1.052rem + ((1vw - 3.2px) * 0.716), 26px);\">&#8211; Donbass&#8217;ta 2015 Minsk 2 anla\u015fmas\u0131nda vaat edilen ate\u015fkese, Ukrayna&#8217;n\u0131n fa\u015fistlerini silahland\u0131rmaya ve cesaretlendirmeye devam eden ABD, \u0130ngiltere ya da NATO taraf\u0131ndan hi\u00e7bir zaman uyulmad\u0131. Ukrayna taraf\u0131 direnen sivil b\u00f6lgeleri bombalamaya devam ederken, Donbass boyunca devasa tahkimat hatlar\u0131 in\u015fa etti ve silahl\u0131 kuvvetleri NATO&#8217;dan kapsaml\u0131 e\u011fitim ve yeniden yap\u0131lanma ald\u0131. Bu da \u00fclkeyi NATO&#8217;nun en b\u00fcy\u00fck ordusuna ev sahipli\u011fi yapan, ad\u0131 d\u0131\u015f\u0131nda her \u015feyiyle bir NATO \u00fcyesine d\u00f6n\u00fc\u015ft\u00fcrd\u00fc.<\/p>\n\n\n\n<p style=\"font-size:clamp(16.834px, 1.052rem + ((1vw - 3.2px) * 0.716), 26px);\">&#8211; Ukrayna&#8217;y\u0131 kanunsuz bir himaye b\u00f6lgesine d\u00f6n\u00fc\u015ft\u00fcren, halk\u0131n\u0131 yeniden s\u00f6m\u00fcrgele\u015ftirip k\u00f6lele\u015ftiren ve ekonomisini ya\u011fmalayan ABD, Ukrayna topraklar\u0131n\u0131 sadece Rusya&#8217;y\u0131 de\u011fil t\u00fcm d\u00fcnyay\u0131 tehdit eden bir biyolojik silah geli\u015ftirme program\u0131 i\u00e7in kullanmakta kendini \u00f6zg\u00fcr hissetti.<\/p>\n\n\n\n<p style=\"font-size:clamp(16.834px, 1.052rem + ((1vw - 3.2px) * 0.716), 26px);\">&#8211; Rusya&#8217;n\u0131n operasyonunun ba\u015flamas\u0131ndan \u00f6nceki y\u0131l, yardak\u00e7\u0131 Zelenskiy rejimi Ukrayna&#8217;n\u0131n (Avrupa&#8217;daki tek hedefi Rusya olan) NATO&#8217;ya kat\u0131lmay\u0131 planlad\u0131\u011f\u0131n\u0131 tekrar tekrar iddia etti ve \u00fclkenin kendi n\u00fckleer silah program\u0131n\u0131 (Ukrayna&#8217;dan sadece birka\u00e7 dakikal\u0131k u\u00e7u\u015f mesafesindeki Rus \u015fehirlerini hedef alabilecek) geli\u015ftirme niyetini a\u00e7\u0131klad\u0131. Ayn\u0131 zamanda, 2014 referandumunda halk\u0131n ezici iradesiyle Rusya Federasyonu&#8217;na geri d\u00f6nen K\u0131r\u0131m&#8217;\u0131 &#8216;geri alma&#8217; niyetini defalarca ilan etti.<\/p>\n\n\n\n<p style=\"font-size:clamp(16.834px, 1.052rem + ((1vw - 3.2px) * 0.716), 26px);\">&#8211; \u00d6zg\u00fcrl\u00fck ve demokrasinin kalesi olmaktan \u00e7ok uzak olan Ukrayna, \u00f6nce kom\u00fcnist partinin daha sonra da t\u00fcm muhalefet partilerinin yasakland\u0131\u011f\u0131, ba\u011f\u0131ms\u0131z medyan\u0131n kapat\u0131ld\u0131\u011f\u0131, antifa\u015fist siyasi aktivistlerin ve gazetecilerin zulme u\u011frad\u0131\u011f\u0131 ve \u00f6ld\u00fcr\u00fcld\u00fc\u011f\u00fc, Nazi haydutlar\u0131n\u0131n ortal\u0131kta cirit atarak halk\u0131 ter\u00f6rize etti\u011fi ve hukukun \u00fcst\u00fcnl\u00fc\u011f\u00fcn\u00fcn yerini tamamen kuvvetin \u00fcst\u00fcnl\u00fc\u011f\u00fcn\u00fcn ald\u0131\u011f\u0131 bir \u00fclkedir. K\u00f6t\u00fc \u015f\u00f6hretli Azov taburu ve di\u011fer fa\u015fist milislerin tamam\u0131 emperyalist e\u011fitmenler taraf\u0131ndan silahland\u0131r\u0131l\u0131p e\u011fitilmi\u015f ve daha sonra Ukrayna&#8217;n\u0131n ulusal muhaf\u0131zlar\u0131 ve d\u00fczenli askeri yap\u0131lar\u0131na dahil edilmi\u015ftir.<\/p>\n\n\n\n<p style=\"font-size:clamp(16.834px, 1.052rem + ((1vw - 3.2px) * 0.716), 26px);\">&#8211; T\u00fcm bunlar g\u00f6z \u00f6n\u00fcnde bulunduruldu\u011funda, emperyalistler vekaleten haks\u0131z ve su\u00e7 te\u015fkil eden bir sald\u0131r\u0131 sava\u015f\u0131 y\u00fcr\u00fct\u00fcrken, Rus taraf\u0131n\u0131n Donbass halklar\u0131yla ittifak halinde, emperyalist sald\u0131r\u0131ya kar\u015f\u0131 hakl\u0131 bir me\u015fru m\u00fcdafaa sava\u015f\u0131 y\u00fcr\u00fctt\u00fc\u011f\u00fc ve bunun ayn\u0131 zamanda Ukrayna&#8217;daki ezilen Ruslar\u0131n ulusal kurtulu\u015f sava\u015f\u0131 oldu\u011fu a\u00e7\u0131kt\u0131r.<\/p>\n\n\n\n<p style=\"font-size:clamp(16.834px, 1.052rem + ((1vw - 3.2px) * 0.716), 26px);\">Ayr\u0131ca, i\u015f\u00e7ilerin&nbsp; bu sava\u015fta &#8216;taraf olmad\u0131klar\u0131&#8217; yalan\u0131na kar\u015f\u0131 \u00e7\u0131kmalar\u0131n\u0131n ve bu yalan\u0131 if\u015fa etmelerinin b\u00fcy\u00fck \u00f6nem ta\u015f\u0131d\u0131\u011f\u0131na inan\u0131yoruz, \u00e7\u00fcnk\u00fc bu sava\u015f her ikisi de emek\u00e7i ve ezilen kitlelerin d\u00fc\u015fman\u0131 olan &#8216;iki emperyalist grup&#8217; aras\u0131ndad\u0131r. Bu ama\u00e7la a\u015fa\u011f\u0131daki hususlara a\u00e7\u0131kl\u0131k getirmek istiyoruz:<\/p>\n\n\n\n<p style=\"font-size:clamp(16.834px, 1.052rem + ((1vw - 3.2px) * 0.716), 26px);\">&#8211; Halihaz\u0131rda patlak vermi\u015f ya da patlak verme tehdidi alt\u0131nda olan \u00e7at\u0131\u015fmalar m\u00fcnferit ve yerel meseleler olmay\u0131p, ABD&#8217;nin k\u00fcresel hegemonyas\u0131n\u0131 s\u00fcrd\u00fcrme \u00e7abas\u0131n\u0131n ayr\u0131lmaz bir par\u00e7as\u0131d\u0131r. Libya ve Suriye&#8217;den Ukrayna, Tayvan ve G\u00fcney Kore&#8217;ye kadar, emperyalistler vekil ordular\u0131n\u0131 beslemek i\u00e7in d\u00fcnyan\u0131n d\u00f6rt bir yan\u0131ndan silah ve top yemi g\u00f6ndermekten \u00e7ekinmiyorlar ve bu \u00e7abalara birle\u015fik bir anti-emperyalist d\u00fcnya cephesi taraf\u0131ndan kar\u015f\u0131l\u0131k verilmelidir.<\/p>\n\n\n\n<p style=\"font-size:clamp(16.834px, 1.052rem + ((1vw - 3.2px) * 0.716), 26px);\">&#8211; Bug\u00fcn\u00fcn Rusya&#8217;s\u0131 kapitalist bir \u00fclke olsa da, sosyalist ge\u00e7mi\u015fi ona emperyalist kontrole kar\u015f\u0131 kendini savunabilme yetene\u011fi (g\u00fc\u00e7l\u00fc bir ordu, ileri teknolojik ve end\u00fcstriyel yetenekler, \u00e7e\u015fitli bir ekonomi ve iyi e\u011fitimli bir n\u00fcfus) b\u0131rakm\u0131\u015ft\u0131r. Rus finans kapitali d\u00fcnyay\u0131 ya\u011fmalam\u0131yor ve h\u00fckmetmiyor. Rusya ba\u015fka hi\u00e7bir \u00fclkeyi i\u015fgal etmemi\u015f ya da sald\u0131rgan olmam\u0131\u015ft\u0131r ve Rusya&#8217;n\u0131n ordusu s\u0131n\u0131rlar\u0131n\u0131n d\u0131\u015f\u0131na sadece m\u00fcttefiklerinin (\u00f6rne\u011fin Suriye, Kazakistan) yard\u0131m\u0131na, onlar\u0131n daveti \u00fczerine ve onlar\u0131n \u015fartlar\u0131na g\u00f6re \u00e7\u0131kmaktad\u0131r. Hi\u00e7bir \u00fclke Rusya&#8217;ya askeri ya da bor\u00e7 k\u00f6leli\u011fi yapmamaktad\u0131r. Dolay\u0131s\u0131yla Rusya&#8217;n\u0131n emperyalist bir \u00fclke oldu\u011funu s\u00f6ylemek do\u011fru de\u011fildir.<\/p>\n\n\n\n<p style=\"font-size:clamp(16.834px, 1.052rem + ((1vw - 3.2px) * 0.716), 26px);\">&#8211; \u00c7in, devrimci temelleri sayesinde anti-emperyalist d\u00fcnya cephesinin kilit noktas\u0131 haline gelmi\u015f, geli\u015fmekte olan b\u00fcy\u00fck bir \u00fclkedir. Pazar ekonomisine girmesine ra\u011fmen \u00c7in, ekonomik ve sosyal ya\u015fam\u0131n\u0131n hayati y\u00f6nlerini halk\u0131n\u0131n uzun vadeli \u00e7\u0131karlar\u0131 do\u011frultusunda planlama yetene\u011fini korumaktad\u0131r &#8211; bilimsel, teknolojik, end\u00fcstriyel ve askeri \u00fcslerini geli\u015ftirmek, halk\u0131n\u0131 e\u011fitmek ve d\u00fcnyadaki bir\u00e7ok k\u00fc\u00e7\u00fck ve yoksul geli\u015fmekte olan \u00fclkeye teknolojik, lojistik ve altyap\u0131 yard\u0131m\u0131 sunmakta.<\/p>\n\n\n\n<p style=\"font-size:clamp(16.834px, 1.052rem + ((1vw - 3.2px) * 0.716), 26px);\">&#8211; \u00c7in hi\u00e7bir sava\u015f ba\u015flatmam\u0131\u015ft\u0131r ve ba\u015fkalar\u0131n\u0131n kaynaklar\u0131n\u0131 ya\u011fmalayarak ya da halklar\u0131n\u0131 a\u015f\u0131r\u0131 s\u00f6m\u00fcrerek ya\u015famamaktad\u0131r. Di\u011fer geli\u015fmekte olan \u00fclkeleri yoksulluk tuza\u011f\u0131ndan \u00e7\u0131karmak i\u00e7in teknoloji transferi ve altyap\u0131 geli\u015ftirme destekleri sa\u011flayarak emperyalistleri \u00f6fkelendiren ve b\u00f6ylece emperyalistlerin bu \u00fclkeleri ekonomik k\u00f6lelik alt\u0131nda tutma becerilerini baltalayan \u00c7in kar\u015f\u0131s\u0131nda hi\u00e7bir ulus askeri ya da bor\u00e7 k\u00f6leli\u011fi i\u00e7inde de\u011fildir. Dolay\u0131s\u0131yla \u00c7in d\u00fcnyadaki i\u015f\u00e7ilerin d\u00fc\u015fman\u0131 de\u011fil dostudur ve onu emperyalist olarak tan\u0131mlamak da ayn\u0131 \u015fekilde yanl\u0131\u015ft\u0131r.<\/p>\n\n\n\n<p style=\"font-size:clamp(16.834px, 1.052rem + ((1vw - 3.2px) * 0.716), 26px);\">&#8211; \u00c7in ve Rusya&#8217;n\u0131n NATO gangsterleri taraf\u0131ndan rakip emperyalistler olarak de\u011fil, emperyalistlerin 1991&#8217;de SSCB&#8217;nin \u00e7\u00f6k\u00fc\u015f\u00fcnden sonra kendilerine her zaman g\u00fcvence alt\u0131nda oldu\u011funu s\u00f6yledikleri ABD d\u00fcnya hegemonyas\u0131n\u0131n \u00f6n\u00fcnde bir engel te\u015fkil ettikleri i\u00e7in hedef al\u0131nd\u0131klar\u0131n\u0131\u2026.<\/p>\n\n\n\n<p style=\"font-size:clamp(16.834px, 1.052rem + ((1vw - 3.2px) * 0.716), 26px);\">&#8211; Rusya ve \u00c7in aras\u0131ndaki b\u00fcy\u00fcyen ittifak\u0131n d\u00fcnya halklar\u0131na umut verdi\u011fini: ABD egemenli\u011fine ve emperyalist s\u00fcper s\u00f6m\u00fcr\u00fcye kar\u015f\u0131 bir alternatif umudu. G\u00fc\u00e7l\u00fc bir anti-emperyalist kamp, kana susam\u0131\u015f NATO ittifak\u0131n\u0131n sald\u0131rgan planlar\u0131na kar\u015f\u0131 halklar\u0131m\u0131z\u0131n en iyi savunmas\u0131d\u0131r &#8211; yakla\u015fan n\u00fckleer sava\u015f tehdidine kar\u015f\u0131 en iyi savunmam\u0131zd\u0131r. ABD&#8217;yi iflas eden sistemini kurtarmak i\u00e7in \u00e7aresizlik i\u00e7inde n\u00fckleer d\u00fc\u011fmeye basmaktan al\u0131koyacak tek \u015fey, muhaliflerinin de onu vurabilecek bir konumda oldu\u011fu korkusudur.<\/p>\n\n\n\n<p style=\"font-size:clamp(16.834px, 1.052rem + ((1vw - 3.2px) * 0.716), 26px);\">&#8211; \u0130nsanl\u0131k, ABD&#8217;nin Do\u011fu Avrupa&#8217;daki vekalet sava\u015f\u0131n\u0131n yak\u0131nda Do\u011fu Asya&#8217;daki ba\u015fka alanlara da yay\u0131lmas\u0131 gibi g\u00fc\u00e7l\u00fc bir olas\u0131l\u0131kla kar\u015f\u0131 kar\u015f\u0131yad\u0131r. ABD emperyalizmi taraf\u0131ndan zorlanan NATO&#8217;nun \u00c7in&#8217;i s\u00fcrekli gereksiz provokasyonlar ve ekonomik, diplomatik ve askeri gerilimleri t\u0131rmand\u0131rma yoluyla &#8216;izole etme&#8217; y\u00f6n\u00fcndeki Hint-Pasifik stratejisi, Tayvan ve\/veya G\u00fcney Kore&#8217;nin her an bu sald\u0131rgan sava\u015fta yeni bir cephe haline gelebilece\u011fi ihtimalini g\u00fc\u00e7lendirmektedir.<\/p>\n\n\n\n<p style=\"font-size:clamp(16.834px, 1.052rem + ((1vw - 3.2px) * 0.716), 26px);\">&#8211; ABD emperyalizmi, onlarca y\u0131ll\u0131k &#8216;tek \u00c7in&#8217; taahh\u00fcd\u00fcne ra\u011fmen, Tayvan&#8217;daki vekil h\u00fck\u00fcmeti arac\u0131l\u0131\u011f\u0131yla Tayvan&#8217;\u0131n \u00c7in&#8217;den kal\u0131c\u0131 olarak ayr\u0131lmas\u0131 politikas\u0131n\u0131 agresif bir \u015fekilde s\u00fcrd\u00fcrmektedir. Ayn\u0131 zamanda ABD, kukla G\u00fcney Kore ordusuyla birlikte, Kuzey Kore&#8217;ye kar\u015f\u0131 bir i\u015fgal ve n\u00fckleer sald\u0131r\u0131 provas\u0131 yapmay\u0131 ama\u00e7layan, giderek daha s\u0131k ve devasa askeri &#8216;tatbikatlar&#8217; ger\u00e7ekle\u015ftirmektedir.<\/p>\n\n\n\n<p style=\"font-size:clamp(16.834px, 1.052rem + ((1vw - 3.2px) * 0.716), 26px);\">&#8211; Bu provokasyonlar \u00c7in ve Kore halklar\u0131n\u0131n emniyet ve g\u00fcvenli\u011fine y\u00f6nelik \u00e7ok ciddi ve kabul edilemez bir tehdittir &#8211; t\u0131pk\u0131 bu y\u0131l\u0131n ba\u015f\u0131nda Rus halk\u0131n\u0131n NATO g\u00fc\u00e7lerinin s\u0131n\u0131rlar\u0131na h\u0131zla y\u0131\u011f\u0131lmas\u0131, Donbass&#8217;\u0131n ve hatta Rusya&#8217;n\u0131n kendisinin i\u015fgali tehdidi ve ABD&#8217;nin Ukrayna&#8217;daki vekil h\u00fck\u00fcmetinin resmi NATO \u00fcyeli\u011fi ihtimaliyle kar\u015f\u0131 kar\u015f\u0131ya kalmas\u0131yla Rusya&#8217;ya y\u00f6nelik provokasyonun g\u00f6z ard\u0131 edilemeyecek kadar ciddi hale gelmesi gibi.<\/p>\n\n\n\n<p style=\"font-size:clamp(16.834px, 1.052rem + ((1vw - 3.2px) * 0.716), 26px);\">&#8211; \u00c7in i\u00e7in Tayvan meselesi ve Kuzey Kore i\u00e7in G\u00fcney Kore meselesi, ge\u00e7ici olarak b\u00f6l\u00fcnm\u00fc\u015f uluslar\u0131n\u0131n toprak b\u00fct\u00fcnl\u00fc\u011f\u00fc ve yeniden birle\u015fmesi meseleleridir. Anti-emperyalist ve sosyalist d\u00fcnya s\u00f6z konusu oldu\u011funda, bu \u00fclkelerin s\u00f6m\u00fcrge olarak i\u015fgal edilmi\u015f ve bask\u0131 alt\u0131nda tutulan topraklar\u0131n\u0131 kurtarmak i\u00e7in devredilemez bir haklar\u0131 vard\u0131r.<\/p>\n\n\n\n<p style=\"font-size:clamp(16.834px, 1.052rem + ((1vw - 3.2px) * 0.716), 26px);\">&#8211; ABD emperyalizminin Pasifik&#8217;te Quad (ABD-Japonya-Avustralya-Hindistan) i\u015fbirli\u011fi grubunu ve Aukus (Avustralya-\u0130ngiltere-ABD) askeri ittifak\u0131n\u0131 olu\u015fturmas\u0131, Avustralya, Japonya ve G\u00fcney Kore&#8217;yi son NATO zirvesine kat\u0131lmaya davet etmesi (her \u00fc\u00e7\u00fcn\u00fcn de s\u00f6zde &#8216;kuzey Atlantik&#8217; ve &#8216;savunma&#8217; ittifak\u0131na entegre edilmesi amac\u0131yla) emperyalistlerin k\u00fcresel \u00f6l\u00e7ekte sava\u015f k\u0131\u015fk\u0131rtma h\u0131rslar\u0131n\u0131 a\u00e7\u0131k\u00e7a ortaya koymaktad\u0131r.<\/p>\n\n\n\n<p style=\"font-size:clamp(16.834px, 1.052rem + ((1vw - 3.2px) * 0.716), 26px);\">T\u00fcm bunlar\u0131n \u0131\u015f\u0131\u011f\u0131nda, kom\u00fcnistlerin ve anti-emperyalistlerin d\u00fcnya \u00e7ap\u0131nda geni\u015f bir anti-emperyalist cephede ortakla\u015fmalar\u0131n\u0131n ve her yerdeki i\u015f\u00e7ilere kar\u015f\u0131 \u00e7\u0131k\u0131lmas\u0131 gerekenin Rusya ve \u00c7in de\u011fil, NATO&#8217;nun ba\u015f\u0131n\u0131 \u00e7ekti\u011fi ve ABD&#8217;nin de aralar\u0131nda bulundu\u011fu emperyalist g\u00fc\u00e7ler oldu\u011funu anlatmalar\u0131n\u0131n hayati \u00f6nem ta\u015f\u0131d\u0131\u011f\u0131na inan\u0131yoruz.<\/p>\n\n\n\n<p style=\"font-size:clamp(16.834px, 1.052rem + ((1vw - 3.2px) * 0.716), 26px);\">Halk\u0131m\u0131z\u0131 bu ger\u00e7ekler konusunda e\u011fitmenin yan\u0131 s\u0131ra, kom\u00fcnistler ve anti-emperyalistler bu y\u00f6nelimi sava\u015f kar\u015f\u0131t\u0131 harekete kazand\u0131rmak i\u00e7in \u00e7ok \u00e7al\u0131\u015fmal\u0131d\u0131r. Kendilerine &#8216;kom\u00fcnist&#8217; ve &#8216;sosyalist&#8217; diyen ve Ukrayna&#8217;daki sava\u015f\u0131 her iki taraf\u0131n da e\u015fit derecede sald\u0131rgan ve su\u00e7lu oldu\u011fu &#8217;emperyalistler aras\u0131&#8217; bir \u00e7at\u0131\u015fma olarak ilan eden baz\u0131 g\u00fc\u00e7lerin yan\u0131lt\u0131c\u0131 ve tehlikeli uygulamalar\u0131na kar\u015f\u0131 \u00e7\u0131kmal\u0131y\u0131z.<\/p>\n\n\n\n<p style=\"font-size:clamp(16.834px, 1.052rem + ((1vw - 3.2px) * 0.716), 26px);\">Bu \u00e7izgi yanl\u0131\u015f bir teorik \u00f6nermeye (kapitalist d\u00fcnyadaki her b\u00fcy\u00fck ekonominin otomatik olarak emperyalist olmas\u0131 gerekti\u011fi, hatta her kapitalist ekonominin emperyalizm &#8216;unsurlar\u0131&#8217; ta\u015f\u0131d\u0131\u011f\u0131) dayanmaktad\u0131r ve ger\u00e7ekten etkili bir anti-emperyalist sava\u015f kar\u015f\u0131t\u0131 hareketin en militan ve aktif kesimleri olma potansiyeline sahip i\u015f\u00e7ilerin kafas\u0131n\u0131 kar\u0131\u015ft\u0131rarak, moralini bozarak ve nihayetinde onlar\u0131 terhis ederek d\u00fc\u015fmanlar\u0131m\u0131z\u0131 sevindirmekten ba\u015fka bir i\u015fe yaramayacakt\u0131r.<\/p>\n\n\n\n<p style=\"font-size:clamp(16.834px, 1.052rem + ((1vw - 3.2px) * 0.716), 26px);\">Sava\u015f kar\u015f\u0131t\u0131 harekete vermemiz gereken mesajlar \u015funlard\u0131r:<\/p>\n\n\n\n<p style=\"font-size:clamp(16.834px, 1.052rem + ((1vw - 3.2px) * 0.716), 26px);\">&#8211; Her yerde insanlar\u0131 3. D\u00fcnya Sava\u015f\u0131 ile tehdit eden Rusya, \u00c7in ya da Kuzey Kore sald\u0131rganl\u0131\u011f\u0131 de\u011fil, ger\u00e7ekte ABD&#8217;nin silahl\u0131 kuvvetleri i\u00e7in bir paravandan biraz daha fazlas\u0131 olan su\u00e7lu NATO ittifak\u0131n\u0131n kar odakl\u0131 sava\u015f g\u00fcd\u00fcs\u00fcd\u00fcr.<\/p>\n\n\n\n<p style=\"font-size:clamp(16.834px, 1.052rem + ((1vw - 3.2px) * 0.716), 26px);\">&#8211; Rusya, \u00c7in ve Kuzey Kore, emperyalistlerin d\u00fcnya hegemonyas\u0131na ciddi bir tehdit olu\u015fturduklar\u0131 i\u00e7in emperyalist sald\u0131rganl\u0131\u011f\u0131n hedefidir. \u00d6zellikle Rusya ve \u00c7in sadece emperyalist zorbal\u0131\u011fa kar\u015f\u0131 kendilerini savunmakla kalmaz, ayn\u0131 zamanda k\u00fc\u00e7\u00fck ya da ekonomik olarak zay\u0131f geli\u015fmekte olan \u00fclkelerin kendi ayaklar\u0131 \u00fczerinde durmalar\u0131na ve emperyalist s\u00f6m\u00fcrgecilik ve bor\u00e7 k\u00f6leli\u011finden kurtulmalar\u0131na yard\u0131mc\u0131 olabilirler.<\/p>\n\n\n\n<p style=\"font-size:clamp(16.834px, 1.052rem + ((1vw - 3.2px) * 0.716), 26px);\">&#8211; Sava\u015f kar\u015f\u0131t\u0131 aktivistler \u00fclkelerindeki kitleleri emperyalist sava\u015f \u00e7abalar\u0131yla aktif i\u015fbirli\u011fi yapmama kampanyas\u0131 i\u00e7in seferber etmelidir. \u0130\u015f\u00e7iler bireysel olarak g\u00fc\u00e7s\u00fcz olabilirler, ancak birlikte emperyalist sava\u015f makinesini durduracak g\u00fcce sahiptirler. T\u00fcm d\u00fcnyada amac\u0131m\u0131z NATO&#8217;nun sava\u015f makinesini m\u00fcmk\u00fcn olan her \u015fekilde sabote etmek olmal\u0131d\u0131r: ordular\u0131nda sava\u015fmay\u0131 ya da onlara yard\u0131m etmeyi reddederek (do\u011frudan ya da vekaleten); adamlar\u0131n\u0131 ve malzemelerini ta\u015f\u0131may\u0131 reddederek; \u00fcslerinin topraklar\u0131m\u0131zda engelsiz \u00e7al\u0131\u015fmas\u0131na izin vermeyerek; silahlar\u0131n\u0131 ve di\u011fer hayati ekipmanlar\u0131n\u0131 \u00fcretmeyi ya da tedarik etmeyi reddederek; propaganda yalanlar\u0131n\u0131 yay\u0131nlamay\u0131, basmay\u0131 ya da da\u011f\u0131tmay\u0131 reddederek; ticaret ve yapt\u0131r\u0131m sava\u015flar\u0131yla i\u015fbirli\u011fi yapmay\u0131 reddederek.<\/p>\n\n\n\n<p style=\"font-size:clamp(16.834px, 1.052rem + ((1vw - 3.2px) * 0.716), 26px);\">&#8211; Bu d\u00f6nemde ger\u00e7ek anti-emperyalistlerin sloganlar\u0131 \u015fu olmal\u0131d\u0131r: NATO liderli\u011findeki emperyalist ittifaka yenilgi! Ulusal kurtulu\u015f ve anti-emperyalist direni\u015f g\u00fc\u00e7lerine zafer! Emperyalist sava\u015fla i\u015fbirli\u011fine hay\u0131r!<\/p>\n\n\n\n<p style=\"font-size:clamp(16.834px, 1.052rem + ((1vw - 3.2px) * 0.716), 26px);\">&#8211; H\u0131zlanan sava\u015f d\u00fcrt\u00fcs\u00fc, ekonomik kriz, a\u00e7l\u0131k krizi, \u00e7evre krizi ve daha fazlas\u0131, emperyalist ekonomik sistemi ortadan kald\u0131rma ihtiyac\u0131n\u0131n her zamankinden daha acil oldu\u011funu a\u00e7\u0131k\u00e7a ortaya koymaktad\u0131r.<\/p>\n","protected":false},"excerpt":{"rendered":"<p>\u0130ngilizceden \u00c7eviri<\/p>\n","protected":false},"author":1,"featured_media":3384,"comment_status":"open","ping_status":"open","sticky":false,"template":"","format":"standard","meta":{"_monsterinsights_skip_tracking":false,"_monsterinsights_sitenote_active":false,"_monsterinsights_sitenote_note":"","_monsterinsights_sitenote_category":0,"footnotes":""},"categories":[8],"tags":[27],"class_list":["post-3383","post","type-post","status-publish","format-standard","has-post-thumbnail","hentry","category-kapitalizm","tag-anti-emperyalist-platform"],"blocksy_meta":{"has_hero_section":"default","styles_descriptor":{"styles":{"desktop":"","tablet":"","mobile":""},"google_fonts":[],"version":6},"hero_elements":[{"id":"custom_title","enabled":true,"heading_tag":"h1","title":"Home","__id":"sKFNpt6rslFkEtbsLFfq-"},{"id":"custom_description","enabled":true,"description_visibility":{"desktop":true,"tablet":true,"mobile":false},"__id":"qNhnVOKefVW21Z1Pm93Ha"},{"id":"custom_meta","enabled":true,"meta_elements":[{"id":"author","enabled":true,"label":"By","has_author_avatar":"yes","avatar_size":25},{"id":"post_date","enabled":true,"label":"On","date_format_source":"default","date_format":"M j, Y"},{"id":"updated_date","enabled":false,"label":"On","date_format_source":"default","date_format":"M j, Y"},{"id":"categories","enabled":true,"label":"In","style":"simple"},{"id":"comments","enabled":true}],"page_meta_elements":{"joined":true,"articles_count":true,"comments":true},"__id":"CvtJdI22uX63jjxir6uCt"},{"id":"breadcrumbs","enabled":false,"__id":"EM7W3JRsMgftQyjnjMLFK"}],"hero_section":"type-1","pageTitleFontColor":{"default":{"color":"var(--theme-palette-color-4)"}},"pageExcerptColor":{"default":{"color":"var(--theme-palette-color-2)"}},"pageMetaFontColor":{"default":{"color":"var(--theme-palette-color-3)"},"hover":{"color":"CT_CSS_SKIP_RULEDEFAULT"}}},"_links":{"self":[{"href":"https:\/\/marksizm.org.tr\/index.php?rest_route=\/wp\/v2\/posts\/3383","targetHints":{"allow":["GET"]}}],"collection":[{"href":"https:\/\/marksizm.org.tr\/index.php?rest_route=\/wp\/v2\/posts"}],"about":[{"href":"https:\/\/marksizm.org.tr\/index.php?rest_route=\/wp\/v2\/types\/post"}],"author":[{"embeddable":true,"href":"https:\/\/marksizm.org.tr\/index.php?rest_route=\/wp\/v2\/users\/1"}],"replies":[{"embeddable":true,"href":"https:\/\/marksizm.org.tr\/index.php?rest_route=%2Fwp%2Fv2%2Fcomments&post=3383"}],"version-history":[{"count":11,"href":"https:\/\/marksizm.org.tr\/index.php?rest_route=\/wp\/v2\/posts\/3383\/revisions"}],"predecessor-version":[{"id":4173,"href":"https:\/\/marksizm.org.tr\/index.php?rest_route=\/wp\/v2\/posts\/3383\/revisions\/4173"}],"wp:featuredmedia":[{"embeddable":true,"href":"https:\/\/marksizm.org.tr\/index.php?rest_route=\/wp\/v2\/media\/3384"}],"wp:attachment":[{"href":"https:\/\/marksizm.org.tr\/index.php?rest_route=%2Fwp%2Fv2%2Fmedia&parent=3383"}],"wp:term":[{"taxonomy":"category","embeddable":true,"href":"https:\/\/marksizm.org.tr\/index.php?rest_route=%2Fwp%2Fv2%2Fcategories&post=3383"},{"taxonomy":"post_tag","embeddable":true,"href":"https:\/\/marksizm.org.tr\/index.php?rest_route=%2Fwp%2Fv2%2Ftags&post=3383"}],"curies":[{"name":"wp","href":"https:\/\/api.w.org\/{rel}","templated":true}]}}