{"id":3513,"date":"2024-03-26T21:54:17","date_gmt":"2024-03-26T21:54:17","guid":{"rendered":"https:\/\/marksizm.org.tr\/?p=3513"},"modified":"2024-04-16T21:46:56","modified_gmt":"2024-04-16T21:46:56","slug":"sosyalist-kuba-anayasasinda-yeni-degisimler","status":"publish","type":"post","link":"https:\/\/marksizm.org.tr\/?p=3513","title":{"rendered":"Sosyalist K\u00fcba Anayasas\u0131nda Yeni De\u011fi\u015fimler"},"content":{"rendered":"\n<h1 class=\"wp-block-heading\">Sosyalist K\u00fcba Anayasas\u0131nda Yeni De\u011fi\u015fimler<\/h1>\n\n\n\n<h1 class=\"wp-block-heading\">2019 Y\u0131l\u0131nda Yap\u0131lan Referandumla Belirlenen Yeni Anayasa<\/h1>\n\n\n\n<h1 class=\"wp-block-heading\"><strong>G\u00fclizar \u00d6zkaya<\/strong><\/h1>\n\n\n\n<p><\/p>\n\n\n\n<p><\/p>\n\n\n\n<figure class=\"wp-block-image aligncenter size-large\"><img decoding=\"async\" src=\"https:\/\/sosyalistbirlik.com\/wp-content\/uploads\/2024\/01\/miguel-diaz-canel-raul-castro-promo-2018-04-19t183932z-1024x538.jpg\" alt=\"\"\/><\/figure>\n\n\n\n<p><\/p>\n\n\n\n<p style=\"font-size:clamp(16.834px, 1.052rem + ((1vw - 3.2px) * 0.716), 26px);\">24 \u015eubat 2019 tarihinde K\u00fcba&#8217;da halk referandumu d\u00fczenlenmi\u015f ve a\u015fa\u011f\u0131daki yeni anayasa ba\u015far\u0131yla kabul edilmi\u015ftir.<\/p>\n\n\n\n<p style=\"font-size:clamp(16.834px, 1.052rem + ((1vw - 3.2px) * 0.716), 26px);\">Ard\u0131ndan 13 Temmuz 2019 tarihinde &#8220;K\u00fcba Halk\u0131n \u0130ktidar\u0131 Ulusal Kongresi&#8221; yeni se\u00e7im yasas\u0131n\u0131 kabul etti.<\/p>\n\n\n\n<p style=\"font-size:clamp(16.834px, 1.052rem + ((1vw - 3.2px) * 0.716), 26px);\">Yeni se\u00e7im yasas\u0131 tamamen do\u011frudan se\u00e7imlere y\u00f6nelmi\u015f olup, 3 d\u00fczeyli ulusal kongre , Eyalet halk kongreleri ve b\u00f6lge halk kongreleri sistemini iki kademe d\u00fczeyine indirmi\u015f ulusal kongre ve b\u00f6lge halk kongreleri d\u00fczeylerinde se\u00e7im sistemine karar vermi\u015ftir. Yeni yasa halk\u0131n se\u00e7imlerdeki aktif rol\u00fcn\u00fc tam anlam\u0131yla harekete ge\u00e7irmeyi hedeflemektedir.<\/p>\n\n\n\n<p style=\"font-size:clamp(16.834px, 1.052rem + ((1vw - 3.2px) * 0.716), 26px);\"><strong>SOSYAL\u0130ST S\u0130STEME \u00d6ZG\u00dcVEN<\/strong><\/p>\n\n\n\n<p style=\"font-size:clamp(16.834px, 1.052rem + ((1vw - 3.2px) * 0.716), 26px);\">Yeni anayasa K\u00fcba&#8217;n\u0131n sosyalist modelinin &#8220;g\u00fcncellenmesi&#8221; i\u00e7in g\u00fc\u00e7l\u00fc bir anayasal g\u00fcvence sa\u011flamaktad\u0131r.<\/p>\n\n\n\n<p style=\"font-size:clamp(16.834px, 1.052rem + ((1vw - 3.2px) * 0.716), 26px);\">K\u00fcba Kom\u00fcnist Partisi&#8217;nin eski birinci sekreteri Raul Kastro, K\u00fcba Kom\u00fcnist Partisi&#8217;nin Alt\u0131nc\u0131 ve Yedinci Ulusal Kongrelerinde yapt\u0131\u011f\u0131 konu\u015fmalarda&nbsp;<strong>&#8220;K\u00fcba sisteminin g\u00fcncellenmesinin kapitalizmi geri getirmek de\u011fil sosyalizmi daha da geli\u015ftirmek oldu\u011funu vurgulam\u0131\u015ft\u0131r; &nbsp;K\u00fcba, az\u0131nl\u0131\u011f\u0131n \u00e7\u0131karlar\u0131n\u0131 de\u011fil, geni\u015f halk kitlelerinin ya\u015famlar\u0131n\u0131 ve refah\u0131n\u0131 iyile\u015ftirmeyi ama\u00e7lamaktad\u0131r;<\/strong><\/p>\n\n\n\n<p style=\"font-size:clamp(16.834px, 1.052rem + ((1vw - 3.2px) * 0.716), 26px);\"><strong>K\u00fcba, sosyalizmin in\u015fas\u0131nda Kom\u00fcnist Partisi&#8217;nin \u00f6nderli\u011fine ba\u011fl\u0131 kalacak, Marksizm-Leninizme ba\u011fl\u0131 kalacak, sosyalizme ba\u011fl\u0131 kalacak ve sosyalist sistemin her t\u00fcrl\u00fc risklere ve meydan okumaya ve her t\u00fcrl\u00fc s\u0131nava dayanabilece\u011fine inan\u0131yoruz&#8221;.<\/strong><\/p>\n\n\n\n<p style=\"font-size:clamp(16.834px, 1.052rem + ((1vw - 3.2px) * 0.716), 26px);\">K\u00fcba&#8217;da ve d\u00fcnyada ya\u015fanan de\u011fi\u015fimlerle beraber 1976 Anayasas\u0131 \u00fczerinde yap\u0131lan de\u011fi\u015fikliklerden daha kapsaml\u0131 bir anayasal reforma ihtiya\u00e7 oldu\u011fu tart\u0131\u015f\u0131lm\u0131\u015f, 6. K\u00fcba Kom\u00fcnist Partisi Kongresinde kabul edilen &#8220;\u0130ktisadi ve Sosyal Politika i\u00e7in K\u0131lavuz&#8221; metni ve metnin h\u00fck\u00fcmleri do\u011frultusunda hayata ge\u00e7irilen d\u00fczenlemeler, Birinci Parti Konferans\u0131nda belirlenen hedefler ve 7. Kongrede al\u0131nan kararlar yeni bir anayasan\u0131n \u00fczerinde \u00e7al\u0131\u015f\u0131lmas\u0131n\u0131 h\u0131zland\u0131rm\u0131\u015ft\u0131r.&nbsp;&nbsp;<\/p>\n\n\n\n<p style=\"font-size:clamp(16.834px, 1.052rem + ((1vw - 3.2px) * 0.716), 26px);\">K\u00fcba&nbsp;Devriminin \u00fczerinde y\u00fckseldi\u011fi \u00fclke geleneklerini ve Marksist-Leninist prensipleri bir kenara koymadan, sosyalist yoldan vazge\u00e7meksizin &#8220;sosyalizmin g\u00fcncellenmesi&#8221; \u00e7er\u00e7evesinde yap\u0131lan de\u011fi\u015fiklikleri i\u00e7ermektedir. &nbsp;<\/p>\n\n\n\n<p style=\"font-size:clamp(16.834px, 1.052rem + ((1vw - 3.2px) * 0.716), 26px);\">Yap\u0131lan de\u011fi\u015fiklikler; giri\u015f, 11 ana ba\u015fl\u0131k, 24 b\u00f6l\u00fcm ve 16 k\u0131sma da\u011f\u0131lm\u0131\u015f 224 maddeden olu\u015fan yeni anayasa K\u00fcba&#8217;n\u0131n siyasi, ekonomik ve toplumsal sisteminin sosyalist niteli\u011finin yan\u0131 s\u0131ra sosyalizmin in\u015fas\u0131nda K\u00fcba Kom\u00fcnist Partisi&#8217;nin \u00f6nderli\u011fini teyit etmektedir.&nbsp;&nbsp;<\/p>\n\n\n\n<p style=\"font-size:clamp(16.834px, 1.052rem + ((1vw - 3.2px) * 0.716), 26px);\">Yeni anayasada,&nbsp;uluslararas\u0131 hukuka ve d\u00fcnyada olu\u015fan \u00e7ok kutupluluk trendine vurgu yap\u0131lmakta, ter\u00f6r\u00fcn t\u00fcm bi\u00e7imleri, \u00f6zellikle de devlet ter\u00f6r\u00fc, n\u00fckleer silahlar\u0131n ve kitle imha silahlar\u0131n\u0131n art\u0131\u015f\u0131 ve kullan\u0131m\u0131 reddedilmi\u015ftir.<\/p>\n\n\n\n<p style=\"font-size:clamp(16.834px, 1.052rem + ((1vw - 3.2px) * 0.716), 26px);\">Yeni anayasada,&nbsp;ekolojik \u00e7evre ve do\u011fan\u0131n korunmas\u0131, k\u00fcresel \u0131s\u0131nmaya kar\u015f\u0131 m\u00fccadele, siber alemin demokratikle\u015fmesi gibi unsurlar yer almaktad\u0131r.<\/p>\n\n\n\n<p style=\"font-size:clamp(16.834px, 1.052rem + ((1vw - 3.2px) * 0.716), 26px);\">Kamu sermayeli i\u015fletmelerin ulusal ekonomide \u00f6nemini korunmakta, \u00fclke ekonomisinin geli\u015fimi i\u00e7in yabanc\u0131 yat\u0131r\u0131ma \u00f6nem verilmektedir.&nbsp;Yeni anayasada cinsiyet ayr\u0131mc\u0131l\u0131\u011f\u0131, etnik ayr\u0131mc\u0131l\u0131k ve engellilere d\u00f6n\u00fck ayr\u0131mc\u0131l\u0131k yasaklanmaktad\u0131r. Devlet ba\u015fkanl\u0131\u011f\u0131 ve devlet ba\u015fkan yard\u0131mc\u0131l\u0131\u011f\u0131 makamlar\u0131 getirilmekte, devlet ba\u015fkan\u0131n\u0131n Halk \u0130ktidar\u0131 Ulusal Meclisi taraf\u0131ndan 5 y\u0131ll\u0131\u011f\u0131na ve azami iki kez se\u00e7ilebilmesi usul\u00fc getirilmektedir.&nbsp;Yeni anayasaya g\u00f6re &nbsp;Bakanlar Kurulunun ba\u015fkan\u0131 ba\u015fbakan olarak an\u0131lacakt\u0131r.<\/p>\n\n\n\n<p style=\"font-size:clamp(16.834px, 1.052rem + ((1vw - 3.2px) * 0.716), 26px);\"><strong>SOSYAL\u0130ST D\u00d6NEMDE K\u00dcBA ANAYASALARININ GE\u00c7M\u0130\u015e\u0130<\/strong><\/p>\n\n\n\n<p style=\"font-size:clamp(16.834px, 1.052rem + ((1vw - 3.2px) * 0.716), 26px);\">K\u00fcba Cumhuriyeti Anayasas\u0131,&nbsp;1976 y\u0131l\u0131nda halk oylamas\u0131 ile kabul edilmi\u015f, halk\u0131n %97.7 &#8216;sinin anayasa lehine oy kullanmas\u0131 sonucunda uygulamaya ge\u00e7mi\u015ftir. K\u00fcba Devriminden sonra 1959 y\u0131l\u0131n\u0131n \u015eubat ay\u0131nda &#8220;Temel Kanun&#8221; ad\u0131yla bir anayasa kabul edilmi\u015f ve bu anayasada 1940 Anayasas\u0131n\u0131n temel \u00f6zellikleri muhafaza edilmi\u015ftir.&nbsp;<\/p>\n\n\n\n<p style=\"font-size:clamp(16.834px, 1.052rem + ((1vw - 3.2px) * 0.716), 26px);\">1975 y\u0131l\u0131nda yeni bir cumhuriyet anayasas\u0131 haz\u0131rlanm\u0131\u015f ve 15 \u015eubat 1976&#8217;da anayasa oylamas\u0131 i\u00e7in referanduma gidilmi\u015ftir.&nbsp;<\/p>\n\n\n\n<p style=\"font-size:clamp(16.834px, 1.052rem + ((1vw - 3.2px) * 0.716), 26px);\">24 \u015eubat 1976&#8217;da, D\u00fcnyan\u0131n bat\u0131 yar\u0131mk\u00fcresindeki sosyalist nitelikli ilk anayasas\u0131 olan yeni anayasa ilan edilmi\u015ftir. K\u00fcba, sosyalist i\u015f\u00e7i devletidir, siyasi \u00f6zg\u00fcrl\u00fck, sosyal adalet, bireysel ve kolektif refah ve insani dayan\u0131\u015fma ad\u0131na herkesin kat\u0131l\u0131m\u0131 ile ve herkesin iyili\u011fi i\u00e7in \u00f6rg\u00fctlenen birle\u015fmi\u015f ve demokratik bir cumhuriyet olarak kurulmu\u015ftur. K\u00fcba tarihinde,10 Nisan 1869 tarihli Gu\u00e1imaro Anayasas\u0131,&nbsp;15 Mart 1878 tarihli Baragu\u00e1 Anayasas\u0131,&nbsp;16 Eyl\u00fcl 1895 tarihli Jimaguay\u00fa Anayasas\u0131,&nbsp;21 Ekim 1897 tarihli Yaya Anayasas\u0131,&nbsp;21 \u015eubat 1901 tarihli anayasa ve&nbsp;01 Temmuz 1940 tarihli anayasalar y\u00fcr\u00fcrl\u00fckte kalm\u0131\u015ft\u0131r.&nbsp;<\/p>\n\n\n\n<p style=\"font-size:clamp(16.834px, 1.052rem + ((1vw - 3.2px) * 0.716), 26px);\">Sosyalist K\u00fcba Cumhuriyetinin kurulu oldu\u011fu bu ada, Kristof Kolomb&#8217;un\u00a01492 y\u0131l\u0131nda adaya gelmesinden itibaren\u00a01898&#8217;de biten\u00a0\u0130spanya-Amerika Sava\u015f\u0131na\u00a0kadar \u0130spanya&#8217;ya ait bir toprak par\u00e7as\u0131 olarak kalm\u0131\u015ft\u0131r. K\u00fcba, 1902 y\u0131l\u0131nda Amerika Birle\u015fik Devletler&#8217;inden ba\u011f\u0131ms\u0131zl\u0131\u011f\u0131n\u0131 kazanm\u0131\u015ft\u0131r.\u00a0<\/p>\n\n\n\n<p class=\"has-text-align-center has-large-font-size\"><strong><span style=\"color: var(--theme-palette-color-2, #cc3333);\" class=\"stk-highlight\">TAMAMINI OKUMAK \u0130\u00c7\u0130N \u0130ND\u0130R\u0130N\u0130Z<\/span><\/strong><\/p>\n\n\n\n<div data-wp-interactive=\"core\/file\" class=\"wp-block-file\"><object data-wp-bind--hidden=\"!state.hasPdfPreview\" hidden class=\"wp-block-file__embed\" data=\"https:\/\/marksizm.org.tr\/wp-content\/uploads\/2024\/03\/kuba-Anayasasinda-sosyalist-birlik.pdf\" type=\"application\/pdf\" style=\"width:100%;height:600px\" aria-label=\"kuba-Anayasasinda-sosyalist-birlik g\u00f6m\u00fcs\u00fc.\"><\/object><a id=\"wp-block-file--media-acb294ff-8197-4c11-9ebf-ee90762628e2\" href=\"https:\/\/marksizm.org.tr\/wp-content\/uploads\/2024\/03\/kuba-Anayasasinda-sosyalist-birlik.pdf\">kuba-Anayasasinda-sosyalist-birlik<\/a><a href=\"https:\/\/marksizm.org.tr\/wp-content\/uploads\/2024\/03\/kuba-Anayasasinda-sosyalist-birlik.pdf\" class=\"wp-block-file__button wp-element-button\" download aria-describedby=\"wp-block-file--media-acb294ff-8197-4c11-9ebf-ee90762628e2\">\u0130ndir<\/a><\/div>\n\n\n\n<p><\/p>\n","protected":false},"excerpt":{"rendered":"<p>Sosyalist K\u00fcba Anayasas\u0131nda Yeni De\u011fi\u015fimler 2019 Y\u0131l\u0131nda Yap\u0131lan Referandumla Belirlenen Yeni Anayasa G\u00fclizar \u00d6zkaya 24 \u015eubat 2019 tarihinde K\u00fcba&#8217;da halk referandumu d\u00fczenlenmi\u015f ve a\u015fa\u011f\u0131daki yeni anayasa ba\u015far\u0131yla kabul edilmi\u015ftir. Ard\u0131ndan 13 Temmuz 2019 tarihinde &#8220;K\u00fcba Halk\u0131n \u0130ktidar\u0131 Ulusal Kongresi&#8221; yeni se\u00e7im yasas\u0131n\u0131 kabul etti. Yeni se\u00e7im yasas\u0131 tamamen do\u011frudan se\u00e7imlere y\u00f6nelmi\u015f olup, 3 d\u00fczeyli ulusal [&hellip;]<\/p>\n","protected":false},"author":4,"featured_media":0,"comment_status":"open","ping_status":"open","sticky":false,"template":"","format":"standard","meta":{"_monsterinsights_skip_tracking":false,"_monsterinsights_sitenote_active":false,"_monsterinsights_sitenote_note":"","_monsterinsights_sitenote_category":0,"footnotes":""},"categories":[6],"tags":[],"class_list":["post-3513","post","type-post","status-publish","format-standard","hentry","category-sosyalist-ulkeler"],"blocksy_meta":[],"_links":{"self":[{"href":"https:\/\/marksizm.org.tr\/index.php?rest_route=\/wp\/v2\/posts\/3513","targetHints":{"allow":["GET"]}}],"collection":[{"href":"https:\/\/marksizm.org.tr\/index.php?rest_route=\/wp\/v2\/posts"}],"about":[{"href":"https:\/\/marksizm.org.tr\/index.php?rest_route=\/wp\/v2\/types\/post"}],"author":[{"embeddable":true,"href":"https:\/\/marksizm.org.tr\/index.php?rest_route=\/wp\/v2\/users\/4"}],"replies":[{"embeddable":true,"href":"https:\/\/marksizm.org.tr\/index.php?rest_route=%2Fwp%2Fv2%2Fcomments&post=3513"}],"version-history":[{"count":3,"href":"https:\/\/marksizm.org.tr\/index.php?rest_route=\/wp\/v2\/posts\/3513\/revisions"}],"predecessor-version":[{"id":3849,"href":"https:\/\/marksizm.org.tr\/index.php?rest_route=\/wp\/v2\/posts\/3513\/revisions\/3849"}],"wp:attachment":[{"href":"https:\/\/marksizm.org.tr\/index.php?rest_route=%2Fwp%2Fv2%2Fmedia&parent=3513"}],"wp:term":[{"taxonomy":"category","embeddable":true,"href":"https:\/\/marksizm.org.tr\/index.php?rest_route=%2Fwp%2Fv2%2Fcategories&post=3513"},{"taxonomy":"post_tag","embeddable":true,"href":"https:\/\/marksizm.org.tr\/index.php?rest_route=%2Fwp%2Fv2%2Ftags&post=3513"}],"curies":[{"name":"wp","href":"https:\/\/api.w.org\/{rel}","templated":true}]}}