{"id":3555,"date":"2024-03-30T00:03:30","date_gmt":"2024-03-30T00:03:30","guid":{"rendered":"https:\/\/marksizm.org.tr\/?p=3555"},"modified":"2024-03-30T00:03:30","modified_gmt":"2024-03-30T00:03:30","slug":"kore-sosyalizminin-siyasi-liderleri-ve-dusunceleri","status":"publish","type":"post","link":"https:\/\/marksizm.org.tr\/?p=3555","title":{"rendered":"Kore Sosyalizminin Siyasi Liderleri Ve D\u00fc\u015f\u00fcnceleri"},"content":{"rendered":"\n<h1 class=\"wp-block-heading\"><strong>Kore Sosyalizminin Siyasi Liderleri Ve D\u00fc\u015f\u00fcnceleri<\/strong><\/h1>\n\n\n\n<h1 class=\"wp-block-heading\"><strong>Kim \u0130l Sungizm veya Juche D\u00fc\u015f\u00fcncesi&nbsp; Nas\u0131l ve Neden Ortaya \u00c7\u0131kt\u0131?<\/strong><\/h1>\n\n\n\n<h2 class=\"wp-block-heading\">Derleyen Ferdi Bekir<\/h2>\n\n\n\n<figure class=\"wp-block-image aligncenter\"><img decoding=\"async\" src=\"https:\/\/sosyalistbirlik.com\/wp-content\/uploads\/2024\/02\/ap_1110151105894_wide-0754812eb2d3d210b714050330da7f5557996ec8-1024x576.jpg\" alt=\"\" class=\"wp-image-6617\"\/><figcaption class=\"wp-element-caption\">Kim Jong Un ve Babas\u0131 Kim Jong \u0130l<\/figcaption><\/figure>\n\n\n\n<p style=\"font-size:clamp(16.834px, 1.052rem + ((1vw - 3.2px) * 0.716), 26px);\">Olduk\u00e7a kapal\u0131 bir siyasi sisteme sahip sosyalist bir \u00fclke olarak Kuzey Kore&#8217;nin ideolojik sisteminin geli\u015fimi her zaman \u00e7ok dikkat \u00e7ekmi\u015ftir. Ge\u00e7en Y\u0131l \u0130zmir&#8217;deki D\u00fcnya Kom\u00fcnist ve \u0130\u015f\u00e7i Partileri Konferans\u0131na kat\u0131lan Kore Partisi temsilcisi \u015fu ifadeleri kullanm\u0131\u015ft\u0131:&nbsp;<strong>Tarih, sosyalist ve kom\u00fcnist ideolojinin emek\u00e7i halk\u0131n ba\u011f\u0131ms\u0131zl\u0131k idealini ger\u00e7ekle\u015ftirmede tek ve en do\u011fru ideoloji oldu\u011funu do\u011frulam\u0131\u015ft\u0131r. Tarih, halk kitlelerinin y\u00fczy\u0131llard\u0131r s\u00fcregelen arzusunu somutla\u015ft\u0131ran sosyalist ideolojinin ge\u00e7erlili\u011fini ve canl\u0131l\u0131\u011f\u0131n\u0131 teyit etmi\u015ftir. Sosyalist ideolojinin 20. y\u00fczy\u0131lda oldu\u011fu gibi 21. y\u00fczy\u0131lda da daha canl\u0131 bir \u015fekilde ortaya \u00e7\u0131kaca\u011f\u0131na inan\u0131yoruz&#8221;. &nbsp;Bkz&nbsp;<a href=\"https:\/\/sosyalistbirlik.com\/sosyalizm-yolunda-ilerleyen-kore-isci-partisi-izmirdeki-uluslararasi-kongrede-neler-soyledi\/\" target=\"_blank\" rel=\"noreferrer noopener\">https:\/\/sosyalistbirlik.com\/sosyalizm-yolunda-ilerleyen-kore-isci-partisi-izmirdeki-uluslararasi-kongrede-neler-soyledi\/<\/a><\/strong><\/p>\n\n\n\n<p style=\"font-size:clamp(16.834px, 1.052rem + ((1vw - 3.2px) * 0.716), 26px);\">Fakat,&nbsp;Kore Demokratik Halk Cumhuriyeti&nbsp;Marksizmi ve Leninizmi farkl\u0131 yorumlayan bir sosyalizm d\u00fc\u015f\u00fcncesine ve uygulamas\u0131na sahiptir ve bu Juche D\u00fc\u015f\u00fcncesi olarak bilinmektedir.<\/p>\n\n\n\n<p style=\"font-size:clamp(16.834px, 1.052rem + ((1vw - 3.2px) * 0.716), 26px);\">Kore, Goryeo Hanedanl\u0131\u011f\u0131&#8217;ndan ve ard\u0131ndan Japon s\u00f6m\u00fcrge y\u00f6netimine ve Kore Demokratik Halk Cumhuriyeti&#8217;ne kadar bir\u00e7ok hanedanl\u0131k d\u00f6nemi ge\u00e7irmi\u015f ve ideolojik kavramlar\u0131nda de\u011fi\u015fiklik ve g\u00fcncellemeler yapmaya aral\u0131ks\u0131z devam etmi\u015ftir. &#8220;Juche&#8221; d\u00fc\u015f\u00fcncesi&nbsp;Kore Demokratik Halk Cumhuriyeti&nbsp;&nbsp;toplumunun ve k\u00fclt\u00fcr\u00fcn\u00fcn temel anlay\u0131\u015f\u0131 haline gelmi\u015f, Kore halk\u0131n\u0131n ya\u015fam\u0131n\u0131 ve \u00fclkenin genel geli\u015fim y\u00f6n\u00fcn\u00fc belirlemi\u015ftir.<\/p>\n\n\n\n<h2 class=\"wp-block-heading\"><strong>Kim Jong-un&#8217;un \u00e7ocukluk y\u0131llar\u0131 ve ailesi<\/strong><\/h2>\n\n\n\n<p style=\"font-size:clamp(16.834px, 1.052rem + ((1vw - 3.2px) * 0.716), 26px);\">Kim Jong-un hen\u00fcz on iki ya\u015f\u0131ndayken babas\u0131 Kim Jong-il taraf\u0131ndan e\u011fitim i\u00e7in \u0130svi\u00e7re&#8217;ye g\u00f6nderildi. S\u00f6z konusu y\u0131l 1996 Kuzey Kore&#8217;de k\u0131tl\u0131\u011f\u0131n\u0131n \u00fc\u00e7\u00fcnc\u00fc y\u0131l\u0131yd\u0131.&nbsp;Kim Jong-un&#8217;un annesinin ad\u0131 Ko Ying-hui&#8217;dir, ancak Ko Ying-hui Kim Jong-Il&#8217;in as\u0131l e\u015fi de\u011fildir.&nbsp;<\/p>\n\n\n\n<p style=\"font-size:clamp(16.834px, 1.052rem + ((1vw - 3.2px) * 0.716), 26px);\">Kim Jong-il&#8217;in Kuzey Kore taraf\u0131ndan resmi olarak kabul edilen evlili\u011fi 1974 y\u0131l\u0131nda Kim Eun-sook adl\u0131 bir kad\u0131nla olmu\u015ftur. \u00d6te yandan Ko Ying-hui, Kim Jong-il&#8217;in metreslerinden biri ve en sevdi\u011fi kad\u0131n arkada\u015f\u0131yd\u0131.<\/p>\n\n\n\n<p style=\"font-size:clamp(16.834px, 1.052rem + ((1vw - 3.2px) * 0.716), 26px);\">Ba\u015fkan Kim Jong-un&#8217;un annesi Ko Young-hee&#8217;nin m\u00fckemmel m\u00fczik ve dans yeteneklerine sahip \u00e7ok yetenekli ve al\u0131ml\u0131 bir kad\u0131n oldu\u011fu ve ayn\u0131 zamanda birden fazla dil bildi\u011fi s\u00f6yleniyor. Ancak baba Kim Jong Il ve anne Ko Ying Hui aras\u0131ndaki ili\u015fki Kuzey Kore taraf\u0131ndan resmi olarak tan\u0131nmamaktad\u0131r \u00e7\u00fcnk\u00fc Kuzey Kore toplumunda evlilik aile ve sosyal stat\u00fcn\u00fcn bir sembol\u00fc olarak kabul edilmektedir.<\/p>\n\n\n\n<p style=\"font-size:clamp(16.834px, 1.052rem + ((1vw - 3.2px) * 0.716), 26px);\">Bu nedenle baba Kim Jong-il, Ko Ying-hui&#8217;yi kamuoyu \u00f6n\u00fcnde kar\u0131s\u0131 olarak resmen tan\u0131mam\u0131\u015ft\u0131.&nbsp;Kim Jong-il ve Ko Ying-hui aras\u0131ndaki ili\u015fki tart\u0131\u015fmal\u0131 olsa da, Kim Jong-il&#8217;in en sevdi\u011fi kad\u0131n Ko Ying-hui&#8217;dir ve resmi e\u015fi Kim Eun-sook&#8217;un varl\u0131\u011f\u0131n\u0131n pratikte bir anlam\u0131 yoktur.<\/p>\n\n\n\n<p style=\"font-size:clamp(16.834px, 1.052rem + ((1vw - 3.2px) * 0.716), 26px);\">Kim Jong Il ve sevdi\u011fi kad\u0131n Ko Ying Hui&#8217;nin Kim Jong Chol (erkek), Kim Jong Un ve Kim Yo Jong (k\u0131z) adlar\u0131nda \u00fc\u00e7 \u00e7ocu\u011fu d\u00fcnyaya gelmi\u015ftir.&nbsp;Bunlardan biri Kim Jong Un daha sonra \u00fclkenin lideri oldu.&nbsp;Annelerinin babalar\u0131n\u0131n g\u00f6z\u00fcndeki yeri sayesinde Kim Jong-un ve karde\u015fleri nispeten huzurlu bir hayat s\u00fcrd\u00fcler.<\/p>\n\n\n\n<p style=\"font-size:clamp(16.834px, 1.052rem + ((1vw - 3.2px) * 0.716), 26px);\">Kore Demokratik Halk Cumhuriyeti&nbsp;&nbsp;medyas\u0131na g\u00f6re Kim Jong-un \u00e7ocuklu\u011fundan beri \u00fcst\u00fcn zeka ve liderlik \u00f6zellikleri g\u00f6stermi\u015f ve &#8220;Sevgili General&#8221; olarak tan\u0131nm\u0131\u015ft\u0131r.<\/p>\n\n\n\n<p style=\"font-size:clamp(16.834px, 1.052rem + ((1vw - 3.2px) * 0.716), 26px);\">Ancak bu iyi g\u00fcnler uzun s\u00fcrmedi.&nbsp;&nbsp;1994 y\u0131l\u0131nda&nbsp;Kore Demokratik Halk Cumhuriyetin&#8217;de b\u00fcy\u00fck bir k\u0131tl\u0131k patlak verdi. Bunun ard\u0131ndan Kuzey Kore&#8217;de &#8221;&nbsp;<strong>On Y\u0131ll\u0131k G\u0131da Krizi<\/strong>&#8221; olarak da bilinen &#8220;<strong>Zorluk ve S\u0131k\u0131nt\u0131 On Y\u0131l\u0131<\/strong>&#8221; ba\u015flad\u0131.<\/p>\n\n\n\n<p style=\"font-size:clamp(16.834px, 1.052rem + ((1vw - 3.2px) * 0.716), 26px);\">Bu d\u00f6nemde&nbsp;Kore Demokratik Halk Cumhuriyeti&nbsp;&nbsp;ekonomisi ciddi zorluklar ve durgunlukla kar\u015f\u0131la\u015ft\u0131, bu da insanlar\u0131n ya\u015fam standartlar\u0131nda ve a\u00e7l\u0131k, hastal\u0131k ve \u00f6l\u00fcm oranlar\u0131nda ciddi bir d\u00fc\u015f\u00fc\u015fe neden oldu.<\/p>\n\n\n\n<p style=\"font-size:clamp(16.834px, 1.052rem + ((1vw - 3.2px) * 0.716), 26px);\">Kore Demokratik Halk Cumhuriyeti&nbsp;&nbsp;h\u00fck\u00fcmeti bu krize yan\u0131t verememi\u015f, g\u0131da k\u0131tl\u0131\u011f\u0131 ve malzeme s\u0131k\u0131nt\u0131s\u0131 ya\u015fanm\u0131\u015f ve halk\u0131n ya\u015fam ko\u015fullar\u0131 \u00e7ok zorla\u015fm\u0131\u015ft\u0131r.&nbsp;Ertesi y\u0131l, 1995&#8217;te Kim Jong-un&#8217;un e\u011fitim i\u00e7in \u0130svi\u00e7re&#8217;ye gitmesi ayarland\u0131.<\/p>\n\n\n\n<p style=\"font-size:clamp(16.834px, 1.052rem + ((1vw - 3.2px) * 0.716), 26px);\">Bundan sonra Kim Jong-un gen\u00e7lik y\u0131llar\u0131n\u0131n \u00e7o\u011funu \u0130svi\u00e7re&#8217;deki Bern Uluslararas\u0131 Okulu&#8217;nda ge\u00e7irdi.&nbsp;Bu s\u00fcre zarf\u0131nda Kim Jong-un takma bir isim kulland\u0131 ve s\u0131n\u0131f arkada\u015flar\u0131 ve \u00f6\u011fretmenleri onun Kuzey Kore&#8217;den gelen bir \u00f6\u011frenci olmas\u0131 d\u0131\u015f\u0131nda ger\u00e7ek kimli\u011fini bilmiyordu.<\/p>\n\n\n\n<p style=\"font-size:clamp(16.834px, 1.052rem + ((1vw - 3.2px) * 0.716), 26px);\">Orada Almanca ve \u0130ngilizce \u00f6\u011frendi, \u00e7e\u015fitli \u00fclkelerden gelen \u00f6\u011frencilerle ileti\u015fim kurdu ve de\u011fi\u015fik k\u00fclt\u00fcrler aras\u0131ndaki farkl\u0131l\u0131klar\u0131 kavrad\u0131.<\/p>\n\n\n\n<h2 class=\"wp-block-heading\"><strong>\u00dcvey Karde\u015f&nbsp;Kim Jong-nam&nbsp;Reform ve D\u0131\u015fa A\u00e7\u0131lmay\u0131 Savundu<\/strong><\/h2>\n\n\n\n<p style=\"font-size:clamp(16.834px, 1.052rem + ((1vw - 3.2px) * 0.716), 26px);\">2000 y\u0131l\u0131nda Kim Jong-un ve \u00fc\u00e7 karde\u015fi babalar\u0131 taraf\u0131ndan aniden Kore&#8217;nin geleneksel e\u011fitimini almak \u00fczere Kore&#8217;ye d\u00f6nmeleri konusunda y\u00f6nlendirildi.<\/p>\n\n\n\n<p style=\"font-size:clamp(16.834px, 1.052rem + ((1vw - 3.2px) * 0.716), 26px);\">Kim Jong-un&#8217;un \u00fcvey karde\u015fi Kim Jong-nam&#8217;\u0131n Reform ve D\u0131\u015fa A\u00e7\u0131lmay\u0131 Savunan siyasi tutumu baba Kim Jong-il&#8217;i k\u0131zd\u0131rm\u0131\u015ft\u0131.&nbsp;Fakat,&nbsp;Kim Jong-nam t\u00fcm y\u0131l boyunca e\u011fitim i\u00e7in \u00c7in&#8217;de bulunmu\u015f ve \u00c7in&#8217;in reform ve d\u0131\u015fa a\u00e7\u0131lma s\u00fcrecinden bu yana kaydetti\u011fi b\u00fcy\u00fck ba\u015far\u0131lara kendi g\u00f6zleriyle \u015fahit olmu\u015ftu.<\/p>\n\n\n\n<p style=\"font-size:clamp(16.834px, 1.052rem + ((1vw - 3.2px) * 0.716), 26px);\">Kore&#8217;ye d\u00f6nd\u00fckten sonra babas\u0131na \u00c7in gibi d\u0131\u015fa a\u00e7\u0131lmas\u0131n\u0131 ve reform yapmas\u0131n\u0131 ve uluslararas\u0131 toplumla temaslar ve i\u015fbirli\u011fini desteklemesini \u00f6nerdi ayr\u0131ca&nbsp;baz\u0131 reform ve modernle\u015fme \u00f6nerilerinde bulundu.<\/p>\n\n\n\n<p style=\"font-size:clamp(16.834px, 1.052rem + ((1vw - 3.2px) * 0.716), 26px);\">Ayr\u0131ca&nbsp;<strong>Kim Jong-nam<\/strong>&nbsp;yurtd\u0131\u015f\u0131na seyahat etti ve yabanc\u0131 h\u00fck\u00fcmet yetkilileriyle bir araya geldi, Kuzey Kore siyasetinde nispeten al\u0131\u015f\u0131lmad\u0131k olan bu hareketler Baba Kim&#8217;i iyice k\u0131zd\u0131rm\u0131\u015ft\u0131.&nbsp;<\/p>\n\n\n\n<p style=\"font-size:clamp(16.834px, 1.052rem + ((1vw - 3.2px) * 0.716), 26px);\">Kim Jong Il, Kim Jong Nam&#8217;\u0131n yabanc\u0131 \u00fclkelerden etkilendi\u011fi i\u00e7in siyasi tutumunun de\u011fi\u015fti\u011fi konusunda \u0131srar etti. Kim Jong Il, di\u011fer \u00e7ocuklar\u0131n\u0131n da b\u00fcy\u00fck \u00e7ocu\u011fu gibi etkilenmesini \u00f6nlemek amac\u0131yla \u00fc\u00e7\u00fcn\u00fcn de yabanc\u0131 \u00fclkelerdeki e\u011fitimini durdurdu.<\/p>\n\n\n\n<p style=\"font-size:clamp(16.834px, 1.052rem + ((1vw - 3.2px) * 0.716), 26px);\">Kim Jong-un 2002 y\u0131l\u0131nda Kim Il-sung \u00dcniversitesi&#8217;ne girdi ve Marksizm-Leninizm, felsefe ve politik ekonomi alanlar\u0131nda uzmanla\u015ft\u0131. \u00dcniversitede ayr\u0131ca bilgisayar bilimi ve \u0130ngilizce, Almanca ve Frans\u0131zca dahil olmak \u00fczere yabanc\u0131 diller \u00fczerine e\u011fitim ald\u0131.&nbsp;Okulda iyi bir performans sergiledi\u011fi, m\u00fckemmel notlar ald\u0131\u011f\u0131 ve se\u00e7kin bir \u00f6\u011frenci olarak de\u011ferlendirildi\u011fi biliniyor. Kim Jong-un 2007 y\u0131l\u0131nda Kim Il-sung Askeri \u00dcniversitesi&#8217;nden piyade komutan\u0131 olarak mezun oldu ve ayr\u0131ca iki y\u0131ll\u0131k bir top\u00e7u kursu ald\u0131.&nbsp;Kim Jong-un burada askeri strateji, taktikler, askeri beceriler ve askeri liderlik hakk\u0131nda bilgi edindi. Bu bilgiler onun gelecekte&nbsp;Kore Demokratik Halk Cumhuriyeti&nbsp;&#8216;nin en \u00fcst d\u00fczey lideri ve askeri komutan\u0131 olarak \u00fcstlenece\u011fi rolde \u00f6nemli olmu\u015ftur.<\/p>\n\n\n\n<h2 class=\"wp-block-heading\"><strong>Kim Jong-un iktidara geliyor<\/strong><\/h2>\n\n\n\n<p style=\"font-size:clamp(16.834px, 1.052rem + ((1vw - 3.2px) * 0.716), 26px);\"><strong>A\u011fustos 2008 sonunda Kim Jong Il bir kalp krizi ge\u00e7irdi.&nbsp;<\/strong>Kore Demokratik Halk Cumhuriyeti&nbsp;&nbsp;o d\u00f6nemde resmi bir a\u00e7\u0131klama yaparak Kim Jong Il&#8217;in a\u015f\u0131r\u0131 yorgunluk ve zihinsel stresin yol a\u00e7t\u0131\u011f\u0131 bir hastal\u0131ktan rahats\u0131z oldu\u011funu ve v\u00fccudunun sol taraf\u0131n\u0131n fel\u00e7 oldu\u011funu s\u00f6yledi.<\/p>\n\n\n\n<p style=\"font-size:clamp(16.834px, 1.052rem + ((1vw - 3.2px) * 0.716), 26px);\">Kim Jong Il&#8217;in zaman\u0131 t\u00fckenirken,&nbsp;Kore Demokratik Halk Cumhuriyeti&nbsp;&nbsp;bir siyasi halef belirlemeye koyuldu.&nbsp;Daha \u00f6nce reform ve a\u00e7\u0131l\u0131m konusunda \u0131srar eden Kim Jong Nam, &#8220;uluslararas\u0131 etkiler alt\u0131nda oldu\u011fu i\u00e7in&#8221; Kim Jong Il&#8217;i k\u0131zd\u0131rm\u0131\u015f ve bu nedenle aday listesinden \u00e7\u0131kar\u0131lm\u0131\u015ft\u0131.<\/p>\n\n\n\n<p style=\"font-size:clamp(16.834px, 1.052rem + ((1vw - 3.2px) * 0.716), 26px);\"><strong>Bug\u00fcnk\u00fc ba\u015fkan\u0131n \u00f6z erkek karde\u015fi&nbsp;<\/strong>Kim Jong-chol, m\u00fczik tutukunu idi.&nbsp;&nbsp;\u0130ngiltere&#8217;de e\u011fitim g\u00f6rd\u00fc ve di\u011fer m\u00fczisyenlerle birlikte sahne ald\u0131.&nbsp;M\u00fczik tarz\u0131 Kuzey Kore&#8217;nin geleneksel k\u00fclt\u00fcr\u00fcnden farkl\u0131yd\u0131, bu da onun &#8220;bir siyasi aday gibi g\u00f6r\u00fcnmedi\u011fi&#8221; anlam\u0131na geliyordu.&nbsp;&nbsp;Bug\u00fcnk\u00fc ba\u015fkan\u0131n \u00f6z k\u0131z karde\u015fi Kim Yo-jong, sert ve kararl\u0131 bir karaktere sahip ve \u00fcst d\u00fczey bir yetkili olarak i\u015fleri idare etme becerisinin de m\u00fckemmel oldu\u011fu d\u00fc\u015f\u00fcn\u00fclmektedir.&nbsp;Ancak&nbsp;Kore Demokratik Halk Cumhuriyeti&nbsp;geleneksel bir siyasi sisteme sahip oldu\u011fu i\u00e7in, kad\u0131n oldu\u011fundan dolay\u0131 birinci aday olamazd\u0131. Sonunda siyasi liderlik hen\u00fcz 24 ya\u015f\u0131nda olan Kim Jong-un&#8217;a miras kald\u0131.<\/p>\n\n\n\n<p style=\"font-size:clamp(16.834px, 1.052rem + ((1vw - 3.2px) * 0.716), 26px);\">Her ne kadar Kim Jong-nam, Kim Jong-il&#8217;e \u00c7in&#8217;in reform ve d\u0131\u015fa a\u00e7\u0131lmas\u0131n\u0131n sonu\u00e7lar\u0131n\u0131 detayl\u0131 bir \u015fekilde anlatm\u0131\u015f olsa da. Baba Kim Jong Il her zaman \u00f6zg\u00fcn Kore sosyalizmi kavram\u0131na inanm\u0131\u015f ve bu sosyal sistemin Kuzey Kore&#8217;nin refah\u0131 ve kalk\u0131nmas\u0131 i\u00e7in tek yol oldu\u011funa inanm\u0131\u015ft\u0131.&nbsp;<strong>Baba Kim Jong Il her zaman Bat\u0131 kapitalizminin ve demokratik sistemlerin Kore&#8217;nin d\u00fc\u015fman\u0131 oldu\u011funa ve bunlarla m\u00fccadele edilmesi gerekti\u011fine inan\u0131yordu.&nbsp;<\/strong>Buna ek olarak<strong>,&nbsp;<\/strong>Kore Demokratik Halk Cumhuriyeti&nbsp;&nbsp;uzun s\u00fcredir uluslararas\u0131 yapt\u0131r\u0131mlar ve ablukalarla kar\u015f\u0131 kar\u015f\u0131yayd\u0131, bu da Kim Jong-il&#8217;in reform ve a\u00e7\u0131l\u0131m\u0131n uygulanmas\u0131n\u0131n Kore&#8217;yi daha tehlikeli bir duruma sokaca\u011f\u0131n\u0131 hissetmesine neden oldu, bu y\u00fczden en sonunda Kim Jong-un&#8217;a &#8220;kapal\u0131&#8221; bir Kore devretti.<\/p>\n\n\n\n<p style=\"font-size:clamp(16.834px, 1.052rem + ((1vw - 3.2px) * 0.716), 26px);\">Bug\u00fcn Kim Jong Il d\u00f6nemine k\u0131yasla Kim Jong-un&#8217;a&nbsp;Kore Demokratik Halk Cumhuriyeti&nbsp;&#8216;nin siyasi ve ekonomik ortam\u0131 biraz daha gev\u015femi\u015f durumda.&nbsp;<\/p>\n\n\n\n<p style=\"font-size:clamp(16.834px, 1.052rem + ((1vw - 3.2px) * 0.716), 26px);\">Kore Demokratik Halk Cumhuriyeti&nbsp;&nbsp;h\u00fck\u00fcmeti, son 10 y\u0131l i\u00e7inde bireysel aile tipi \u00f6zel ekonomi \u00fczerindeki kontrol\u00fcn\u00fc kademeli olarak gev\u015fetmi\u015f, insanlar\u0131 i\u015f kurmaya ve kendi kendilerine yetebilmeye te\u015fvik etmi\u015ftir.&nbsp;H\u00fck\u00fcmet, insanlar\u0131n belirli alanlarda \u00f6zel ticari faaliyetlerde bulunmas\u0131na izin vermektedir.<\/p>\n\n\n\n<p style=\"font-size:clamp(16.834px, 1.052rem + ((1vw - 3.2px) * 0.716), 26px);\">Ancak&nbsp;Kore Demokratik Halk Cumhuriyeti&nbsp;, siyasi g\u00fcc\u00fcn olduk\u00e7a merkeziyet\u00e7i bir bi\u00e7imde Kore \u0130\u015f\u00e7i Partisi ve Kim ailesinin elinde topland\u0131\u011f\u0131 son derece kapal\u0131 bir \u00fclke olmaya devam etmektedir. Yerel medya kapsaml\u0131 bir kontrole tabidir, halk\u0131n ifade \u00f6zg\u00fcrl\u00fc\u011f\u00fc k\u0131s\u0131tl\u0131d\u0131r ve siyasi muhalifler ciddi bask\u0131 ve takibatla kar\u015f\u0131 kar\u015f\u0131yad\u0131r.<\/p>\n\n\n\n<p style=\"font-size:clamp(16.834px, 1.052rem + ((1vw - 3.2px) * 0.716), 26px);\">Buna ek olarak,&nbsp;Kore Demokratik Halk Cumhuriyeti&nbsp;&nbsp;ekonomisinin genel geli\u015fme ve modernle\u015fme seviyesi hala nispeten d\u00fc\u015f\u00fckt\u00fcr ve halk\u0131n ya\u015fam standartlar\u0131 genel olarak a\u011f\u0131rd\u0131r, dolay\u0131s\u0131yla halk\u0131n geneli temel ya\u015fam refah\u0131ndan ve sosyal g\u00fcvenlikten yoksundur.&nbsp;<\/p>\n\n\n\n<p style=\"font-size:clamp(16.834px, 1.052rem + ((1vw - 3.2px) * 0.716), 26px);\"><strong>Kuzey Kore&#8217;nin Juche ideolojisinin varl\u0131\u011f\u0131 nedeniyle, Kuzey Kore&#8217;nin temel \u00e7izgisinin de\u011fi\u015ftirilmesi zordur.<\/strong><\/p>\n\n\n\n<p style=\"font-size:clamp(16.834px, 1.052rem + ((1vw - 3.2px) * 0.716), 26px);\">Kore&#8217;de ABD Sald\u0131rganl\u0131\u011f\u0131na Direnme Sava\u015f\u0131 s\u0131ras\u0131nda ABD, Kuzey Kore&#8217;yi n\u00fckleer bomba kullanmakla tehdit etti ve bu durum Kuzey Kore&#8217;yi ger\u00e7ekten korkuttu. Bu nedenle Kuzey Kore kendi n\u00fckleer silahlar\u0131n\u0131 geli\u015ftirmeye karar verdi.<\/p>\n\n\n\n<p style=\"font-size:clamp(16.834px, 1.052rem + ((1vw - 3.2px) * 0.716), 26px);\">Kuzey Kore bir keresinde Sovyetler Birli\u011fi&#8217;nden yard\u0131m istedi, ancak Sovyetler Birli\u011fi bunu reddetti. Sovyetler Birli\u011fi&#8217;nin&nbsp;Kore Demokratik Halk Cumhuriyeti&#8217;ne n\u00fckleer teknoloji sa\u011flamay\u0131 reddetmesi, Kore&#8217;nin Juche d\u00fc\u015f\u00fcncesini devreye sokmas\u0131n\u0131n \u00f6nemli bir nedeniydi.<\/p>\n\n\n\n<p style=\"font-size:clamp(16.834px, 1.052rem + ((1vw - 3.2px) * 0.716), 26px);\">Kore Demokratik Halk Cumhuriyeti&nbsp;&nbsp;h\u00fck\u00fcmeti uzun zamandan bu yana &#8220;D\u00f6rt Doktrin \u0130lkesine&#8221; ba\u011fl\u0131 kalm\u0131\u015ft\u0131r. Bu D\u00f6rt Doktrin \u0130lkesi: Juche D\u00fc\u015f\u00fcncesi, Kendine G\u00fcven, Askeri A\u00e7\u0131dan G\u00fc\u00e7lenmeye \u00d6ncelik ve Devrimci Gelene\u011fe Ba\u011fl\u0131l\u0131k ifade etmektedir.<\/p>\n\n\n\n<p style=\"font-size:clamp(16.834px, 1.052rem + ((1vw - 3.2px) * 0.716), 26px);\">Bunlar i\u00e7inde Juche d\u00fc\u015f\u00fcncesi, Kore&#8217;nin ana ideolojisidir.&nbsp;Bu d\u00fc\u015f\u00fcnce&nbsp;ba\u011f\u0131ms\u0131zl\u0131\u011f\u0131, ulusal onuru, kendine g\u00fcveni ve yabanc\u0131 sald\u0131rganl\u0131\u011f\u0131na kar\u015f\u0131 \u00e7\u0131kmay\u0131 vurgular.<\/p>\n\n\n\n<p style=\"font-size:clamp(16.834px, 1.052rem + ((1vw - 3.2px) * 0.716), 26px);\">\u0130nsan toplumunun geli\u015fiminde Kore ulusunun b\u00fcy\u00fck katk\u0131lar\u0131na vurgu yapar.<\/p>\n\n\n\n<h2 class=\"wp-block-heading\"><strong>Kuzey Kore 1955 y\u0131l\u0131nda Juche ideolojisini benimsedi<\/strong><\/h2>\n\n\n\n<p style=\"font-size:clamp(16.834px, 1.052rem + ((1vw - 3.2px) * 0.716), 26px);\">Juche fikri, Kore Yar\u0131madas\u0131&#8217;n\u0131n yabanc\u0131 sald\u0131rganl\u0131\u011f\u0131 ve s\u00f6m\u00fcrgeci kontrole ili\u015fkin uzun s\u00fcreli ge\u00e7mi\u015f tarihten kaynaklanmaktad\u0131r.&nbsp;Kore halk\u0131n\u0131 ulusal \u00f6zsayg\u0131 ve kendine g\u00fcveni korumaya, kendi yollar\u0131nda kararl\u0131l\u0131kla ilerlemeye, d\u0131\u015f bask\u0131lardan etkilenmemeye ve egemenlik ve onurlar\u0131n\u0131 korumaya te\u015fvik eder.<\/p>\n\n\n\n<p style=\"font-size:clamp(16.834px, 1.052rem + ((1vw - 3.2px) * 0.716), 26px);\">1955 y\u0131l\u0131nda Kore \u0130\u015f\u00e7i Partisi&#8217;nin bir \u00e7al\u0131\u015fma toplant\u0131s\u0131nda Kuzey Kore ilk kez &#8220;juche&#8221; kavram\u0131n\u0131 ortaya atarak bu fikrin Kore&#8217;nin siyasi kuram\u0131na resmi olarak girmesinin ba\u015flang\u0131c\u0131n\u0131 olu\u015fturmu\u015ftur.<\/p>\n\n\n\n<p style=\"font-size:clamp(16.834px, 1.052rem + ((1vw - 3.2px) * 0.716), 26px);\">Bu toplant\u0131da Kore lideri, Kim \u0130l Sung Kore&#8217;nin &#8221; kendi \u00f6znelli\u011fine ba\u011fl\u0131 kalmas\u0131, ba\u011f\u0131ml\u0131 konumundan kurtulmas\u0131, halk\u0131n haklar\u0131n\u0131 korumas\u0131 ve kendi kaderini kendisinin \u00e7izmesi&#8221; gerekti\u011fini vurgulam\u0131\u015f ve &#8220;Juche&#8221; D\u00fc\u015f\u00fcncesini Kuzey Kore devrimi ve in\u015fas\u0131 i\u00e7in yol g\u00f6sterici fikirlerden biri olarak belirlemi\u015ftir.&nbsp;O zamandan beri &#8220;Juche&#8221; D\u00fc\u015f\u00fcncesi Kore&#8217;nin siyasi, ekonomik ve k\u00fclt\u00fcrel alanlar\u0131nda giderek \u00f6nemli bir fikir ve bir de\u011fersel kavram haline geldi.&nbsp;1972 y\u0131l\u0131nda Kore anayasas\u0131n\u0131 revize etmi\u015f ve &#8220;Juche&#8221; D\u00fc\u015f\u00fcncesini anayasaya resmen yazarak &#8220;Juche&#8221; D\u00fc\u015f\u00fcncesinin Kore&#8217;deki t\u00fcm faaliyetlerin \u00f6z\u00fc oldu\u011funu&#8221; belirtmi\u015ftir.<\/p>\n\n\n\n<p style=\"font-size:clamp(16.834px, 1.052rem + ((1vw - 3.2px) * 0.716), 26px);\">1992 y\u0131l\u0131nda Kore, anayasas\u0131nda yeni bir de\u011fi\u015fiklik yaparak &#8220;<strong>Marksizm-Leninizm partinin ve h\u00fck\u00fcmetin yol g\u00f6sterici ideolojisidir<\/strong>&#8221; ifadesini silmi\u015f ve &#8220;Juche&#8221; D\u00fc\u015f\u00fcncesini Kore&#8217;nin tek yol g\u00f6sterici ideolojisi olarak anayasaya yazm\u0131\u015ft\u0131r.&nbsp;Bu ad\u0131m &#8220;Juche&#8221; D\u00fc\u015f\u00fcncesinin stat\u00fcs\u00fcn\u00fc ve rol\u00fcn\u00fc daha da g\u00fc\u00e7lendirdi.<\/p>\n\n\n\n<p style=\"font-size:clamp(16.834px, 1.052rem + ((1vw - 3.2px) * 0.716), 26px);\">Bug\u00fcnk\u00fc ba\u015fkan Kim Jong-un siyasi liderlerin Juche D\u00fc\u015f\u00fcncesinde \u00e7ok \u00f6nemli bir yeri oldu\u011funu ve siyasi liderlerin kilit fig\u00fcrler oldu\u011funu ve ayr\u0131ca siyasi liderlerin Juche D\u00fc\u015f\u00fcncesinin halka kavrat\u0131lmas\u0131nda ve uygulanmas\u0131nda \u00f6nemli bir rol oynad\u0131\u011f\u0131n\u0131 vurgulamaktad\u0131r.<\/p>\n\n\n\n<p style=\"font-size:clamp(16.834px, 1.052rem + ((1vw - 3.2px) * 0.716), 26px);\">Bug\u00fcnk\u00fc ba\u015fkan Kim Jong-un, siyasi liderin halk\u0131n sevgi dolu babas\u0131 ve halk\u0131n koruyucusu oldu\u011funu ileri s\u00fcrm\u00fc\u015ft\u00fcr, ayr\u0131ca &#8220;Juche d\u00fc\u015f\u00fcncesinde \u0131srar etmede, halk a\u00e7\u0131s\u0131ndan pasif ve tabi konumdan kurtulmada, halk\u0131n haklar\u0131n\u0131n korunmas\u0131nda ve halk\u0131n kendi gelece\u011fini kendi ellerine almas\u0131nda&#8221; en g\u00fc\u00e7l\u00fc manevi temelin kendi ad\u0131nda somutla\u015fan siyasi liderlik oldu\u011funu vurgulamaktad\u0131r.<\/p>\n","protected":false},"excerpt":{"rendered":"<p>Kore Sosyalizminin Siyasi Liderleri Ve D\u00fc\u015f\u00fcnceleri Kim \u0130l Sungizm veya Juche D\u00fc\u015f\u00fcncesi&nbsp; Nas\u0131l ve Neden Ortaya \u00c7\u0131kt\u0131? Derleyen Ferdi Bekir Olduk\u00e7a kapal\u0131 bir siyasi sisteme sahip sosyalist bir \u00fclke olarak Kuzey Kore&#8217;nin ideolojik sisteminin geli\u015fimi her zaman \u00e7ok dikkat \u00e7ekmi\u015ftir. Ge\u00e7en Y\u0131l \u0130zmir&#8217;deki D\u00fcnya Kom\u00fcnist ve \u0130\u015f\u00e7i Partileri Konferans\u0131na kat\u0131lan Kore Partisi temsilcisi \u015fu ifadeleri [&hellip;]<\/p>\n","protected":false},"author":1,"featured_media":0,"comment_status":"open","ping_status":"open","sticky":false,"template":"","format":"standard","meta":{"_monsterinsights_skip_tracking":false,"_monsterinsights_sitenote_active":false,"_monsterinsights_sitenote_note":"","_monsterinsights_sitenote_category":0,"footnotes":""},"categories":[5],"tags":[],"class_list":["post-3555","post","type-post","status-publish","format-standard","hentry","category-dunya-sosyalizmi"],"blocksy_meta":[],"_links":{"self":[{"href":"https:\/\/marksizm.org.tr\/index.php?rest_route=\/wp\/v2\/posts\/3555","targetHints":{"allow":["GET"]}}],"collection":[{"href":"https:\/\/marksizm.org.tr\/index.php?rest_route=\/wp\/v2\/posts"}],"about":[{"href":"https:\/\/marksizm.org.tr\/index.php?rest_route=\/wp\/v2\/types\/post"}],"author":[{"embeddable":true,"href":"https:\/\/marksizm.org.tr\/index.php?rest_route=\/wp\/v2\/users\/1"}],"replies":[{"embeddable":true,"href":"https:\/\/marksizm.org.tr\/index.php?rest_route=%2Fwp%2Fv2%2Fcomments&post=3555"}],"version-history":[{"count":1,"href":"https:\/\/marksizm.org.tr\/index.php?rest_route=\/wp\/v2\/posts\/3555\/revisions"}],"predecessor-version":[{"id":3556,"href":"https:\/\/marksizm.org.tr\/index.php?rest_route=\/wp\/v2\/posts\/3555\/revisions\/3556"}],"wp:attachment":[{"href":"https:\/\/marksizm.org.tr\/index.php?rest_route=%2Fwp%2Fv2%2Fmedia&parent=3555"}],"wp:term":[{"taxonomy":"category","embeddable":true,"href":"https:\/\/marksizm.org.tr\/index.php?rest_route=%2Fwp%2Fv2%2Fcategories&post=3555"},{"taxonomy":"post_tag","embeddable":true,"href":"https:\/\/marksizm.org.tr\/index.php?rest_route=%2Fwp%2Fv2%2Ftags&post=3555"}],"curies":[{"name":"wp","href":"https:\/\/api.w.org\/{rel}","templated":true}]}}