{"id":3562,"date":"2024-03-30T00:07:48","date_gmt":"2024-03-30T00:07:48","guid":{"rendered":"https:\/\/marksizm.org.tr\/?p=3562"},"modified":"2024-03-30T00:07:48","modified_gmt":"2024-03-30T00:07:48","slug":"aydinlikci-akimin-donusumu-1994-yili-3-genel-kongreye-rapor","status":"publish","type":"post","link":"https:\/\/marksizm.org.tr\/?p=3562","title":{"rendered":"Ayd\u0131nl\u0131k\u00e7\u0131 Ak\u0131m\u0131n D\u00f6n\u00fc\u015f\u00fcm\u00fc: 1994 y\u0131l\u0131 3. Genel Kongre\u2019ye Rapor"},"content":{"rendered":"\n<h1 class=\"wp-block-heading\">Ayd\u0131nl\u0131k\u00e7\u0131 Ak\u0131m\u0131n D\u00f6n\u00fc\u015f\u00fcm\u00fc: 1994 y\u0131l\u0131 3. Genel Kongre\u2019ye Rapor<\/h1>\n\n\n\n<p><\/p>\n\n\n\n<figure class=\"wp-block-image aligncenter size-large\"><img decoding=\"async\" src=\"https:\/\/sosyalistbirlik.com\/wp-content\/uploads\/2024\/03\/CPNPdqeXAAEBSiw-1024x463.jpg\" alt=\"\" class=\"wp-image-6775\"\/><\/figure>\n\n\n\n<p><\/p>\n\n\n\n<p style=\"font-size:clamp(16.834px, 1.052rem + ((1vw - 3.2px) * 0.716), 26px);\"><strong>Giri\u015f<\/strong><\/p>\n\n\n\n<p style=\"font-size:clamp(16.834px, 1.052rem + ((1vw - 3.2px) * 0.716), 26px);\"><strong>1990\u2019larda \u0130\u015f\u00e7i Partisi olarak faaliyet g\u00f6steren Ayd\u0131nl\u0131k\u00e7\u0131 sosyalist ak\u0131m 1994 y\u0131l\u0131ndaki 3. Kongre ve 1996 y\u0131l\u0131ndaki 4.Kongre\u2019sinde Demokratik Halk Devrimi program\u0131n\u0131 savunmu\u015f ve Emek\u00e7i Cumhuriyeti slogan\u0131n\u0131 benimsemi\u015fti. 3. Kongre\u2019ye sunulan Merkez Komitesi Raporunda \u015fu ifadelere yer verilmi\u015fti. \u201c<\/strong><strong>\u00dclkemizde s\u00f6m\u00fcrgele\u015fmeye kar\u015f\u0131 ikinci bir Kemalist Devrim m\u00fcmk\u00fcn de\u011fildir. \u00c7\u00fcnk\u00fc art\u0131k milli burjuvazinin devrim yapabilecek g\u00fcc\u00fc ve program\u0131 yoktur. Tek \u00e7\u0131k\u0131\u015f yolu Emek\u00e7i Cumhuriyeti\u2019dir\u201d. 4. Kongre\u2019ye sunulan raporda ise \u015fu ifadelere yer verilmi\u015fti: <\/strong><strong>\u2018\u0130kinci Cumhuriyet olmayal\u0131m ama i\u015fte Kemalizmle bu sorunlar\u0131 hallederiz\u2019, diye i\u00e7tenlikle d\u00fc\u015f\u00fcnen milyonlarca insan\u0131m\u0131z var. Hay\u0131r o yol da kapanm\u0131\u015ft\u0131r. \u0130kinci bir Kemalist Devrim, T\u00fcrkiye\u2019de olamaz art\u0131k!<\/strong><\/p>\n\n\n\n<p style=\"font-size:clamp(16.834px, 1.052rem + ((1vw - 3.2px) * 0.716), 26px);\"><strong>Kemalist Devrim, T\u00fcrkiye\u2019ye b\u00fcy\u00fck kazan\u0131mlar sa\u011flad\u0131; Kemalist Devrim arkam\u0131zdaki b\u00fcy\u00fck tarihtir. Ve bak\u0131n, emek\u00e7ilerden ba\u015fka, \u0130\u015f\u00e7i Partisi\u2019nden ba\u015fka Kemalist Devrim\u2019in kazan\u0131mlar\u0131na ger\u00e7ek anlam\u0131yla ve m\u00fccadele ederek sahip \u00e7\u0131kan da yoktur. Kesindir: Kemalist Devrim, bir emek\u00e7i devrimiyle tamamlanacakt\u0131r!<br>Bu emperyalizme ba\u011f\u0131ml\u0131 ve eroin ba\u011f\u0131ml\u0131s\u0131 ekonomiden, Emek\u00e7i Cumhuriyeti d\u0131\u015f\u0131nda bir \u00e7\u0131k\u0131\u015f yoktur. T\u00fcrkiye, ya emek\u00e7ilerin T\u00fcrkiye\u2019si olacakt\u0131r, ya da hi\u00e7 olmayacakt\u0131r\u201d.<\/strong><\/p>\n\n\n\n<p style=\"font-size:clamp(16.834px, 1.052rem + ((1vw - 3.2px) * 0.716), 26px);\"><strong>Bu iki kongreden sonra Ayd\u0131nl\u0131k\u00e7\u0131 ak\u0131m ideolojik bir kayma ya\u015fad\u0131 ve program\u0131n\u0131 Kemalist Devrimi Tamamlama olarak de\u011fi\u015ftirdi. Bu de\u011fi\u015fim i\u00e7in sundu\u011fu temel gerek\u00e7e emperyalizm ile T\u00fcrkiye aras\u0131ndaki \u00e7eli\u015fmelerin \u015fiddetlenmesi ve bir i\u015fgal tehdidinin ortaya \u00e7\u0131kmas\u0131yd\u0131.<\/strong><\/p>\n\n\n\n<p class=\"has-text-align-right\" style=\"font-size:clamp(16.834px, 1.052rem + ((1vw - 3.2px) * 0.716), 26px);\"><strong>Cem K\u0131z\u0131l\u00e7e\u00e7<\/strong><\/p>\n\n\n\n<p><\/p>\n\n\n\n<p><\/p>\n\n\n\n<p><\/p>\n\n\n\n<h2 class=\"wp-block-heading\" style=\"font-size:clamp(18.959px, 1.185rem + ((1vw - 3.2px) * 0.863), 30px);\"><strong><span style=\"color: var(--theme-palette-color-2, #cc3333);\" class=\"stk-highlight\">\u0130\u015f\u00e7i Partisi 3. Genel Kongresi, 14-15-16 Ekim 1994\u2019te Yap\u0131lm\u0131\u015ft\u0131r<\/span><\/strong><\/h2>\n\n\n\n<p style=\"font-size:clamp(16.834px, 1.052rem + ((1vw - 3.2px) * 0.716), 26px);\"><strong>\u0130\u015f\u00e7i Partisi Yay\u0131nlar\u0131<\/strong><\/p>\n\n\n\n<p style=\"font-size:clamp(16.834px, 1.052rem + ((1vw - 3.2px) * 0.716), 26px);\"><strong>Kas\u0131m 1994\u2019te Sistem Ofset Taraf\u0131ndan Yay\u0131nlanm\u0131\u015ft\u0131r<\/strong><\/p>\n\n\n\n<p style=\"font-size:clamp(16.834px, 1.052rem + ((1vw - 3.2px) * 0.716), 26px);\">\u0130\u015f\u00e7i Partisi Merkez Komitesi\u2019nin 3. Genel Kongre\u2019ye Sundu\u011fu Raporu&nbsp;<\/p>\n\n\n\n<p><\/p>\n\n\n\n<p class=\"has-text-align-center\" style=\"font-size:clamp(16.834px, 1.052rem + ((1vw - 3.2px) * 0.716), 26px);\"><strong><span style=\"color: var(--theme-palette-color-2, #cc3333);\" class=\"stk-highlight\">\u0130\u00c7\u0130NDEK\u0130LER<\/span><\/strong><\/p>\n\n\n\n<blockquote class=\"wp-block-quote is-layout-flow wp-block-quote-is-layout-flow\">\n<p style=\"font-size:clamp(16.834px, 1.052rem + ((1vw - 3.2px) * 0.716), 26px);\">1. D\u00fcnya<\/p>\n\n\n\n<p style=\"font-size:clamp(16.834px, 1.052rem + ((1vw - 3.2px) * 0.716), 26px);\">2. T\u00fcrkiye<\/p>\n\n\n\n<p style=\"font-size:clamp(16.834px, 1.052rem + ((1vw - 3.2px) * 0.716), 26px);\">3. Parti<\/p>\n\n\n\n<p style=\"font-size:clamp(16.834px, 1.052rem + ((1vw - 3.2px) * 0.716), 26px);\">4. Birlik<\/p>\n\n\n\n<p style=\"font-size:clamp(16.834px, 1.052rem + ((1vw - 3.2px) * 0.716), 26px);\">5. Teorik Miras<\/p>\n\n\n\n<p style=\"font-size:clamp(16.834px, 1.052rem + ((1vw - 3.2px) * 0.716), 26px);\">6. \u00c7al\u0131\u015fmalar<\/p>\n<\/blockquote>\n\n\n\n<p><\/p>\n\n\n\n<h2 class=\"wp-block-heading\"><\/h2>\n\n\n\n<p class=\"has-text-align-center has-large-font-size\"><strong><span style=\"color: #ff0000;\" class=\"stk-highlight\">TAMAMINI OKUMAK \u0130\u00c7\u0130N \u0130ND\u0130R\u0130N\u0130Z<\/span><\/strong><\/p>\n","protected":false},"excerpt":{"rendered":"<p>Ayd\u0131nl\u0131k\u00e7\u0131 Ak\u0131m\u0131n D\u00f6n\u00fc\u015f\u00fcm\u00fc: 1994 y\u0131l\u0131 3. Genel Kongre\u2019ye Rapor Giri\u015f 1990\u2019larda \u0130\u015f\u00e7i Partisi olarak faaliyet g\u00f6steren Ayd\u0131nl\u0131k\u00e7\u0131 sosyalist ak\u0131m 1994 y\u0131l\u0131ndaki 3. Kongre ve 1996 y\u0131l\u0131ndaki 4.Kongre\u2019sinde Demokratik Halk Devrimi program\u0131n\u0131 savunmu\u015f ve Emek\u00e7i Cumhuriyeti slogan\u0131n\u0131 benimsemi\u015fti. 3. Kongre\u2019ye sunulan Merkez Komitesi Raporunda \u015fu ifadelere yer verilmi\u015fti. \u201c\u00dclkemizde s\u00f6m\u00fcrgele\u015fmeye kar\u015f\u0131 ikinci bir Kemalist Devrim m\u00fcmk\u00fcn [&hellip;]<\/p>\n","protected":false},"author":1,"featured_media":0,"comment_status":"open","ping_status":"open","sticky":false,"template":"","format":"standard","meta":{"_monsterinsights_skip_tracking":false,"_monsterinsights_sitenote_active":false,"_monsterinsights_sitenote_note":"","_monsterinsights_sitenote_category":0,"footnotes":""},"categories":[4],"tags":[],"class_list":["post-3562","post","type-post","status-publish","format-standard","hentry","category-turkiye-sosyalizmi"],"blocksy_meta":[],"_links":{"self":[{"href":"https:\/\/marksizm.org.tr\/index.php?rest_route=\/wp\/v2\/posts\/3562","targetHints":{"allow":["GET"]}}],"collection":[{"href":"https:\/\/marksizm.org.tr\/index.php?rest_route=\/wp\/v2\/posts"}],"about":[{"href":"https:\/\/marksizm.org.tr\/index.php?rest_route=\/wp\/v2\/types\/post"}],"author":[{"embeddable":true,"href":"https:\/\/marksizm.org.tr\/index.php?rest_route=\/wp\/v2\/users\/1"}],"replies":[{"embeddable":true,"href":"https:\/\/marksizm.org.tr\/index.php?rest_route=%2Fwp%2Fv2%2Fcomments&post=3562"}],"version-history":[{"count":1,"href":"https:\/\/marksizm.org.tr\/index.php?rest_route=\/wp\/v2\/posts\/3562\/revisions"}],"predecessor-version":[{"id":3563,"href":"https:\/\/marksizm.org.tr\/index.php?rest_route=\/wp\/v2\/posts\/3562\/revisions\/3563"}],"wp:attachment":[{"href":"https:\/\/marksizm.org.tr\/index.php?rest_route=%2Fwp%2Fv2%2Fmedia&parent=3562"}],"wp:term":[{"taxonomy":"category","embeddable":true,"href":"https:\/\/marksizm.org.tr\/index.php?rest_route=%2Fwp%2Fv2%2Fcategories&post=3562"},{"taxonomy":"post_tag","embeddable":true,"href":"https:\/\/marksizm.org.tr\/index.php?rest_route=%2Fwp%2Fv2%2Ftags&post=3562"}],"curies":[{"name":"wp","href":"https:\/\/api.w.org\/{rel}","templated":true}]}}