{"id":3580,"date":"2024-03-30T00:19:06","date_gmt":"2024-03-30T00:19:06","guid":{"rendered":"https:\/\/marksizm.org.tr\/?p=3580"},"modified":"2024-04-16T21:37:03","modified_gmt":"2024-04-16T21:37:03","slug":"ortak-gelecege-sahip-bir-kuresel-topluluk-insa-etmek","status":"publish","type":"post","link":"https:\/\/marksizm.org.tr\/?p=3580","title":{"rendered":"Ortak Gelece\u011fe Sahip Bir K\u00fcresel Topluluk \u0130n\u015fa Etmek"},"content":{"rendered":"\n<h1 class=\"wp-block-heading\">Ortak Gelece\u011fe Sahip Bir K\u00fcresel Topluluk \u0130n\u015fa Etmek<\/h1>\n\n\n\n<h1 class=\"wp-block-heading\">\u00c7in&#8217;in \u0130nsanl\u0131\u011f\u0131n Ortak Gelecek Toplulu\u011funu \u0130n\u015fa Etmek \u0130\u00e7in \u00d6nerileri ve Eylemleri [1]<\/h1>\n\n\n\n<h2 class=\"wp-block-heading\"><strong>\u00c7eviren Cemre Alag\u00f6z<\/strong><\/h2>\n\n\n\n<h2 class=\"wp-block-heading has-text-align-center\"><strong>\u0130\u00c7\u0130NDEK\u0130LER<\/strong><\/h2>\n\n\n\n<ul class=\"wp-block-list\">\n<li style=\"font-size:clamp(16.834px, 1.052rem + ((1vw - 3.2px) * 0.716), 26px);\">\u00d6ns\u00f6z<\/li>\n\n\n\n<li style=\"font-size:clamp(16.834px, 1.052rem + ((1vw - 3.2px) * 0.716), 26px);\">I. \u0130nsanl\u0131k Bir D\u00f6n\u00fcm Noktas\u0131nda<\/li>\n\n\n\n<li style=\"font-size:clamp(16.834px, 1.052rem + ((1vw - 3.2px) * 0.716), 26px);\">II. Zaman\u0131n \u00c7a\u011fr\u0131s\u0131na Nas\u0131l Yan\u0131t Vermeli ve Gelecek \u0130\u00e7in Bir Plan<\/li>\n\n\n\n<li style=\"font-size:clamp(16.834px, 1.052rem + ((1vw - 3.2px) * 0.716), 26px);\">III. \u00c7in&#8217;in Tarihi ve K\u00fclt\u00fcrel Geleneklerinde Derin K\u00f6kler<\/li>\n\n\n\n<li style=\"font-size:clamp(16.834px, 1.052rem + ((1vw - 3.2px) * 0.716), 26px);\">IV. Y\u00f6n ve Yol Ne Olmal\u0131<\/li>\n\n\n\n<li style=\"font-size:clamp(16.834px, 1.052rem + ((1vw - 3.2px) * 0.716), 26px);\">V. \u00c7in&#8217;in Eylemi ve Katk\u0131s\u0131<\/li>\n\n\n\n<li style=\"font-size:clamp(16.834px, 1.052rem + ((1vw - 3.2px) * 0.716), 26px);\">Sonu\u00e7<\/li>\n<\/ul>\n\n\n\n<p style=\"font-size:clamp(16.834px, 1.052rem + ((1vw - 3.2px) * 0.716), 26px);\"><strong>\u00d6ns\u00f6z<\/strong><\/p>\n\n\n\n<p style=\"font-size:clamp(16.834px, 1.052rem + ((1vw - 3.2px) * 0.716), 26px);\"><br>Evrende sadece tek bir D\u00fcnya vard\u0131r, insanl\u0131\u011f\u0131n ve hepimizin ortak evi.<br>Ne yaz\u0131k ki, \u00fczerinde ya\u015fad\u0131\u011f\u0131m\u0131z ge\u00e7imimizi sa\u011flad\u0131\u011f\u0131m\u0131z bu gezegen, bilinen ve bilinmeyen, \u00f6ng\u00f6r\u00fclebilen ve \u00f6ng\u00f6r\u00fclemeyen muazzam ve benzeri g\u00f6r\u00fclmemi\u015f krizlerle kar\u015f\u0131 kar\u015f\u0131ya. \u0130nsan uygarl\u0131\u011f\u0131n\u0131n bunlardan kurtulup kurtulamayaca\u011f\u0131, y\u00fczle\u015filmesi gereken varolu\u015fsal bir mesele haline gelmi\u015ftir.<br>G\u00fcn ge\u00e7tik\u00e7e daha fazla insan, maddi zenginlik biriktirmek yerine, en acil g\u00f6revin insan uygarl\u0131\u011f\u0131n\u0131n s\u00fcrd\u00fcr\u00fclebilir geli\u015fimi i\u00e7in yol g\u00f6sterici bir i\u015faret bulmak oldu\u011funun fark\u0131na var\u0131yor, \u00e7\u00fcnk\u00fc hepimiz gelece\u011fimizi \u00f6nemsiyoruz.<br>On y\u0131l \u00f6nce Ba\u015fkan Xi Jinping, d\u00fcnyan\u0131n, tarihin ve zaman\u0131n sordu\u011fu bir soruya yan\u0131t vererek, ortak bir gelece\u011fe sahip k\u00fcresel bir toplum in\u015fa etme fikrini ortaya att\u0131: &#8220;\u0130nsanl\u0131k nereye gidiyor?&#8221; Xi Jinping&#8217;in \u00f6nerisi, d\u00fcnya \u00e7\u00f6z\u00fcm aray\u0131\u015flar\u0131n\u0131 s\u00fcrd\u00fcr\u00fcrken ileriye do\u011fru \u0131\u015f\u0131k tutmakta ve \u00c7in&#8217;in ortak evimizi korumaya ve herkes i\u00e7in daha iyi bir refah gelece\u011fi yaratmaya y\u00f6nelik k\u00fcresel \u00e7abalara katk\u0131s\u0131n\u0131 temsil etmektedir.<br>Ortak bir gelece\u011fe sahip k\u00fcresel bir toplum in\u015fa etmek i\u00e7in, kaderlerimiz birbirine ba\u011fl\u0131 olan t\u00fcm halklar, t\u00fcm \u00fclkeler ve t\u00fcm bireyler, evimiz dedi\u011fimiz bu gezegende daha b\u00fcy\u00fck bir uyuma do\u011fru ilerlerken, zorluklar kar\u015f\u0131s\u0131nda ve iyi g\u00fcnde k\u00f6t\u00fc g\u00fcnde birlikte durmal\u0131d\u0131r. Kal\u0131c\u0131 bar\u0131\u015fa, evrensel g\u00fcvenli\u011fe ve ortak refaha sahip, insanlar\u0131n daha iyi bir ya\u015fam \u00f6zlemini ger\u00e7e\u011fe d\u00f6n\u00fc\u015ft\u00fcren a\u00e7\u0131k, kapsay\u0131c\u0131, temiz ve g\u00fczel bir d\u00fcnya in\u015fa etmek i\u00e7in \u00e7aba g\u00f6stermeliyiz.<br>Ortak gelece\u011fe sahip k\u00fcresel bir toplum vizyonu, t\u00fcm insanl\u0131\u011f\u0131n refah\u0131n\u0131 g\u00f6z \u00f6n\u00fcnde bulundurur. Hem bug\u00fcn\u00fcn g\u00f6zlemlenmesine hem de gelece\u011fe y\u00f6nelik vizyonlu planlamaya dayan\u0131r. Hedefleri ortaya koyar, yol haritas\u0131n\u0131 \u00e7izer ve bunlara ula\u015fmak i\u00e7in eylem planlar\u0131 sunar. \u0130nsanl\u0131\u011f\u0131n gelece\u011fi ve her insan\u0131n kaderi ile ilgilidir. Ba\u015fkan Xi Jinping, ortak gelece\u011fe sahip k\u00fcresel bir toplum vizyonunu ilk kez 2013 y\u0131l\u0131nda Moskova Devlet Uluslararas\u0131 \u0130li\u015fkiler Enstit\u00fcs\u00fc&#8217;nde yapt\u0131\u011f\u0131 konu\u015fmada dile getirmi\u015ftir.<br>Ge\u00e7ti\u011fimiz on y\u0131l boyunca s\u00fcrekli olarak zenginle\u015ftirilmi\u015ftir.<\/p>\n\n\n\n<p style=\"font-size:clamp(16.834px, 1.052rem + ((1vw - 3.2px) * 0.716), 26px);\"><strong>[1] Bu belge H\u00fck\u00fcmetin Politika Belgesi olarak \u00c7in taraf\u0131ndan Eyl\u00fcl 2023&#8217;te d\u00fcnyaya ilan edilmi\u015ftir<\/strong><\/p>\n\n\n\n<p class=\"has-text-align-center has-large-font-size\"><strong><span style=\"color: var(--theme-palette-color-2, #cc3333);\" class=\"stk-highlight\">TAMAMINI OKUMAK \u0130\u00c7\u0130N \u0130ND\u0130R\u0130N\u0130Z<\/span><\/strong><\/p>\n\n\n\n<div data-wp-interactive=\"core\/file\" class=\"wp-block-file\"><object data-wp-bind--hidden=\"!state.hasPdfPreview\" hidden class=\"wp-block-file__embed\" data=\"https:\/\/marksizm.org.tr\/wp-content\/uploads\/2024\/03\/shared-future_turkce-2023-politika-belgesi.pdf\" type=\"application\/pdf\" style=\"width:100%;height:600px\" aria-label=\"shared-future_turkce-2023-politika-belgesi g\u00f6m\u00fcs\u00fc.\"><\/object><a id=\"wp-block-file--media-3c8de9f9-156c-40d2-875d-b59a74f8961a\" href=\"https:\/\/marksizm.org.tr\/wp-content\/uploads\/2024\/03\/shared-future_turkce-2023-politika-belgesi.pdf\">shared-future_turkce-2023-politika-belgesi<\/a><a href=\"https:\/\/marksizm.org.tr\/wp-content\/uploads\/2024\/03\/shared-future_turkce-2023-politika-belgesi.pdf\" class=\"wp-block-file__button wp-element-button\" download aria-describedby=\"wp-block-file--media-3c8de9f9-156c-40d2-875d-b59a74f8961a\">\u0130ndir<\/a><\/div>\n","protected":false},"excerpt":{"rendered":"<p>Ortak Gelece\u011fe Sahip Bir K\u00fcresel Topluluk \u0130n\u015fa Etmek \u00c7in&#8217;in \u0130nsanl\u0131\u011f\u0131n Ortak Gelecek Toplulu\u011funu \u0130n\u015fa Etmek \u0130\u00e7in \u00d6nerileri ve Eylemleri [1] \u00c7eviren Cemre Alag\u00f6z \u0130\u00c7\u0130NDEK\u0130LER \u00d6ns\u00f6z Evrende sadece tek bir D\u00fcnya vard\u0131r, insanl\u0131\u011f\u0131n ve hepimizin ortak evi.Ne yaz\u0131k ki, \u00fczerinde ya\u015fad\u0131\u011f\u0131m\u0131z ge\u00e7imimizi sa\u011flad\u0131\u011f\u0131m\u0131z bu gezegen, bilinen ve bilinmeyen, \u00f6ng\u00f6r\u00fclebilen ve \u00f6ng\u00f6r\u00fclemeyen muazzam ve benzeri g\u00f6r\u00fclmemi\u015f krizlerle [&hellip;]<\/p>\n","protected":false},"author":1,"featured_media":0,"comment_status":"open","ping_status":"open","sticky":false,"template":"","format":"standard","meta":{"_monsterinsights_skip_tracking":false,"_monsterinsights_sitenote_active":false,"_monsterinsights_sitenote_note":"","_monsterinsights_sitenote_category":0,"footnotes":""},"categories":[5,8,6],"tags":[],"class_list":["post-3580","post","type-post","status-publish","format-standard","hentry","category-dunya-sosyalizmi","category-kapitalizm","category-sosyalist-ulkeler"],"blocksy_meta":[],"_links":{"self":[{"href":"https:\/\/marksizm.org.tr\/index.php?rest_route=\/wp\/v2\/posts\/3580","targetHints":{"allow":["GET"]}}],"collection":[{"href":"https:\/\/marksizm.org.tr\/index.php?rest_route=\/wp\/v2\/posts"}],"about":[{"href":"https:\/\/marksizm.org.tr\/index.php?rest_route=\/wp\/v2\/types\/post"}],"author":[{"embeddable":true,"href":"https:\/\/marksizm.org.tr\/index.php?rest_route=\/wp\/v2\/users\/1"}],"replies":[{"embeddable":true,"href":"https:\/\/marksizm.org.tr\/index.php?rest_route=%2Fwp%2Fv2%2Fcomments&post=3580"}],"version-history":[{"count":3,"href":"https:\/\/marksizm.org.tr\/index.php?rest_route=\/wp\/v2\/posts\/3580\/revisions"}],"predecessor-version":[{"id":3839,"href":"https:\/\/marksizm.org.tr\/index.php?rest_route=\/wp\/v2\/posts\/3580\/revisions\/3839"}],"wp:attachment":[{"href":"https:\/\/marksizm.org.tr\/index.php?rest_route=%2Fwp%2Fv2%2Fmedia&parent=3580"}],"wp:term":[{"taxonomy":"category","embeddable":true,"href":"https:\/\/marksizm.org.tr\/index.php?rest_route=%2Fwp%2Fv2%2Fcategories&post=3580"},{"taxonomy":"post_tag","embeddable":true,"href":"https:\/\/marksizm.org.tr\/index.php?rest_route=%2Fwp%2Fv2%2Ftags&post=3580"}],"curies":[{"name":"wp","href":"https:\/\/api.w.org\/{rel}","templated":true}]}}