{"id":3586,"date":"2024-03-30T00:25:39","date_gmt":"2024-03-30T00:25:39","guid":{"rendered":"https:\/\/marksizm.org.tr\/?p=3586"},"modified":"2024-03-30T00:25:39","modified_gmt":"2024-03-30T00:25:39","slug":"cinin-ipek-yolu-projesi-politikasi-son-hukumet-belgesi-ve-orneklerle-uygulama-raporu","status":"publish","type":"post","link":"https:\/\/marksizm.org.tr\/?p=3586","title":{"rendered":"\u00c7in&#8217;in \u0130pek Yolu Projesi Politikas\u0131 Son H\u00fck\u00fcmet Belgesi Ve \u00d6rneklerle Uygulama Raporu"},"content":{"rendered":"\n<h1 class=\"wp-block-heading\">\u00c7in&#8217;in \u0130pek Yolu Projesi Politikas\u0131 Son H\u00fck\u00fcmet Belgesi Ve \u00d6rneklerle Uygulama Raporu<\/h1>\n\n\n\n<h2 class=\"wp-block-heading\"><br>\u0130\u00e7indekiler<\/h2>\n\n\n\n<ul class=\"wp-block-list\">\n<li style=\"font-size:clamp(16.834px, 1.052rem + ((1vw - 3.2px) * 0.716), 26px);\">\u00d6ns\u00f6z<\/li>\n\n\n\n<li style=\"font-size:clamp(16.834px, 1.052rem + ((1vw - 3.2px) * 0.716), 26px);\">I . Proje \u00c7in Taraf\u0131ndan \u00d6nerildi AncakT\u00fcm D\u00fcnyaya Aittir<\/li>\n\n\n\n<li style=\"font-size:clamp(16.834px, 1.052rem + ((1vw - 3.2px) * 0.716), 26px);\">1. K\u00f6kleri tarihe dayanan Ku\u015fak ve Yol \u0130nisiyatifi, tarihi \u0130pek Yolu ruhunu ileriye ta\u015f\u0131yor<\/li>\n\n\n\n<li style=\"font-size:clamp(16.834px, 1.052rem + ((1vw - 3.2px) * 0.716), 26px);\">2. Ku\u015fak ve Yol \u0130nisiyatifi,\u00a0 bug\u00fcnk\u00fc ger\u00e7eklere yan\u0131t olarak kalk\u0131nma alan\u0131ndaki sorunlar\u0131 \u00e7\u00f6zmektedir<\/li>\n\n\n\n<li style=\"font-size:clamp(16.834px, 1.052rem + ((1vw - 3.2px) * 0.716), 26px);\">3. Gelece\u011fe y\u00f6nelen Ku\u015fak ve Yol \u0130nisiyatifi daha iyi bir d\u00fcnya yarat\u0131yor<\/li>\n\n\n\n<li style=\"font-size:clamp(16.834px, 1.052rem + ((1vw - 3.2px) * 0.716), 26px);\">II. Ortak Kalk\u0131nma ve Refaha Giden Yolun A\u00e7\u0131lmas\u0131<\/li>\n\n\n\n<li style=\"font-size:clamp(16.834px, 1.052rem + ((1vw - 3.2px) * 0.716), 26px);\">1. \u0130lkeler: kapsaml\u0131 isti\u015fare, ortak katk\u0131 ve ortak faydalar<\/li>\n\n\n\n<li style=\"font-size:clamp(16.834px, 1.052rem + ((1vw - 3.2px) * 0.716), 26px);\">2. \u00dc\u00e7 Kavram: herkese a\u00e7\u0131kl\u0131k, ye\u015fil ve temiz-d\u00fcr\u00fcst i\u015f birli\u011fi<\/li>\n\n\n\n<li style=\"font-size:clamp(16.834px, 1.052rem + ((1vw - 3.2px) * 0.716), 26px);\">3. Hedefler: y\u00fcksek standartlar, s\u00fcrd\u00fcr\u00fclebilirlik ve herkes i\u00e7in daha iyi ya\u015fam<\/li>\n\n\n\n<li style=\"font-size:clamp(16.834px, 1.052rem + ((1vw - 3.2px) * 0.716), 26px);\">4. Vizyon:<\/li>\n\n\n\n<li style=\"font-size:clamp(16.834px, 1.052rem + ((1vw - 3.2px) * 0.716), 26px);\">III. \u00c7oklu Alanlarda \u00c7ok Y\u00f6nl\u00fc Ba\u011flant\u0131lar\u0131 Te\u015fvik Etmek<\/li>\n\n\n\n<li style=\"font-size:clamp(16.834px, 1.052rem + ((1vw - 3.2px) * 0.716), 26px);\">1. Kapsaml\u0131 ve derinlemesine politika koordinasyonu<\/li>\n\n\n\n<li style=\"font-size:clamp(16.834px, 1.052rem + ((1vw - 3.2px) * 0.716), 26px);\">2. Altyap\u0131n\u0131n artan ba\u011flanabilirli\u011fi<\/li>\n\n\n\n<li style=\"font-size:clamp(16.834px, 1.052rem + ((1vw - 3.2px) * 0.716), 26px);\">3. Engelsiz, rahat ve verimli ticaret<\/li>\n\n\n\n<li style=\"font-size:clamp(16.834px, 1.052rem + ((1vw - 3.2px) * 0.716), 26px);\">4. \u00a0Finansal entegrasyonun farkl\u0131 dinamikleri<\/li>\n\n\n\n<li style=\"font-size:clamp(16.834px, 1.052rem + ((1vw - 3.2px) * 0.716), 26px);\">5. Halklar aras\u0131 ba\u011flar i\u00e7in sa\u011flam temeller<\/li>\n\n\n\n<li style=\"font-size:clamp(16.834px, 1.052rem + ((1vw - 3.2px) * 0.716), 26px);\">6. Yeni alanlarda istikrarl\u0131 ilerleme<\/li>\n\n\n\n<li style=\"font-size:clamp(16.834px, 1.052rem + ((1vw - 3.2px) * 0.716), 26px);\">I. D\u00fcnya Bar\u0131\u015f\u0131 ve Kalk\u0131nmas\u0131na Pozitif Enerji Enjekte Etmek<\/li>\n\n\n\n<li style=\"font-size:clamp(16.834px, 1.052rem + ((1vw - 3.2px) * 0.716), 26px);\">1. Ku\u015fak ve Yol \u0130nisiyatifi kat\u0131l\u0131mc\u0131 \u00fclkelere somut faydalar sa\u011fl\u0131yor<\/li>\n\n\n\n<li style=\"font-size:clamp(16.834px, 1.052rem + ((1vw - 3.2px) * 0.716), 26px);\">2. Ekonomik k\u00fcreselle\u015fmeye canl\u0131l\u0131k katmak<\/li>\n\n\n\n<li style=\"font-size:clamp(16.834px, 1.052rem + ((1vw - 3.2px) * 0.716), 26px);\">3. K\u00fcresel kalk\u0131nma i\u00e7in ivmenin art\u0131r\u0131lmas\u0131.<\/li>\n\n\n\n<li style=\"font-size:clamp(16.834px, 1.052rem + ((1vw - 3.2px) * 0.716), 26px);\">4. K\u00fcresel y\u00f6neti\u015fimin iyile\u015ftirilmesi i\u00e7in yeni \u00e7\u00f6z\u00fcmler sunmak<\/li>\n\n\n\n<li style=\"font-size:clamp(16.834px, 1.052rem + ((1vw - 3.2px) * 0.716), 26px);\">5. Hep birlikte \u0130nsan uygarl\u0131\u011f\u0131n\u0131n ilerlemesi i\u00e7in g\u00fc\u00e7 topluyoruz<\/li>\n<\/ul>\n\n\n\n<h2 class=\"wp-block-heading\"><strong>\u00c7eviren Deniz K\u0131z\u0131l\u00e7e\u00e7<\/strong><\/h2>\n\n\n\n<h2 class=\"wp-block-heading\"><strong>Belge Tarihi Ekim 2023<\/strong><\/h2>\n\n\n\n<h2 class=\"wp-block-heading\">\u00d6ns\u00f6z<\/h2>\n\n\n\n<p style=\"font-size:clamp(16.834px, 1.052rem + ((1vw - 3.2px) * 0.716), 26px);\">\u0130ki bin y\u0131l\u0131 a\u015fk\u0131n bir s\u00fcre \u00f6nce, samimi bir dostluk arzusundan ilham alan atalar\u0131m\u0131z, Asya, Avrupa ve Afrika&#8217;y\u0131 birbirine ba\u011flayan bir kara \u0130pek Yolu olu\u015fturmak i\u00e7in otlaklar\u0131 ve \u00e7\u00f6lleri a\u015farak d\u00fcnyay\u0131 kapsaml\u0131 bir k\u00fclt\u00fcrel al\u0131\u015fveri\u015f \u00e7a\u011f\u0131na g\u00f6t\u00fcrd\u00fcler. Atalar\u0131m\u0131z bin y\u0131ldan daha uzun bir s\u00fcre \u00f6nce, Do\u011fu ve Bat\u0131&#8217;y\u0131 birbirine ba\u011flayan deniz \u0130pek Yolu&#8217;nu a\u00e7mak i\u00e7in yelken a\u00e7\u0131p dalgalara meydan okuyarak halklar aras\u0131nda daha yak\u0131n bir ileti\u015fimin yeni bir a\u015famas\u0131n\u0131 ba\u015flatt\u0131lar.<\/p>\n\n\n\n<p style=\"font-size:clamp(16.834px, 1.052rem + ((1vw - 3.2px) * 0.716), 26px);\">Binlerce kilometreye ve binlerce y\u0131la yay\u0131lan tarihi ipek yollar\u0131 sadece ticaret i\u00e7in de\u011fil, ayn\u0131 zamanda k\u00fclt\u00fcrel al\u0131\u015fveri\u015f i\u00e7in de bir yoldu. \u0130nsanl\u0131\u011f\u0131n ilerlemesine b\u00fcy\u00fck katk\u0131 sa\u011flad\u0131lar.1980&#8217;lerde Birle\u015fmi\u015f Milletler ve baz\u0131 \u00fclkeler, Avrasya Kara Ku\u015fak ve Yol \u0130nisiyatifi ve di\u011fer planlar\u0131 \u00f6ng\u00f6rmeye ba\u015flam\u0131\u015f, bu da ileti\u015fim ve i\u015f birli\u011fine y\u00f6nelik ortak bir iste\u011fi yans\u0131tm\u0131\u015ft\u0131r.<\/p>\n\n\n\n<p style=\"font-size:clamp(16.834px, 1.052rem + ((1vw - 3.2px) * 0.716), 26px);\">Mart 2013&#8217;te Ba\u015fkan Xi Jinping ortak bir gelece\u011fe sahip k\u00fcresel bir topluluk vizyonu \u00f6nermi\u015f; ayn\u0131 y\u0131l\u0131n Eyl\u00fcl ve Ekim aylar\u0131nda ise \u0130pek Yolu Ekonomik Ku\u015fa\u011f\u0131 ve 21. y\u00fczy\u0131l Deniz \u0130pek Yolu (Ku\u015fak ve Yol Giri\u015fimi ya da Ku\u015fak ve Yol \u0130nisiyatifi) in\u015fa etmek \u00fczere ba\u015fkalar\u0131yla bir araya gelme giri\u015fimlerini g\u00fcndeme getirmi\u015ftir.<\/p>\n\n\n\n<p style=\"font-size:clamp(16.834px, 1.052rem + ((1vw - 3.2px) * 0.716), 26px);\">&nbsp;Ku\u015fak ve Yol Giri\u015fimi, insanl\u0131k tarihinin ve uygarl\u0131\u011f\u0131n\u0131n en b\u00fcy\u00fck ba\u015far\u0131lar\u0131ndan ikisi olan tarihi ipek yollar\u0131n\u0131n ruhunu \u00fcstlenen ve ileriye ta\u015f\u0131yan yarat\u0131c\u0131 bir geli\u015fmedir.<\/p>\n\n\n\n<p style=\"font-size:clamp(16.834px, 1.052rem + ((1vw - 3.2px) * 0.716), 26px);\">Ku\u015fak ve Yol Giri\u015fimi, kadim ruhu ve i\u00e7inde bulundu\u011fumuz yeni \u00e7a\u011f\u0131n ruhu ve k\u00fclt\u00fcr\u00fcyle zenginle\u015ftirir ve ortakla\u015fa bir gelece\u011fin k\u00fcresel toplulu\u011funu in\u015fa etmek i\u00e7in bir platform sa\u011flar.<\/p>\n\n\n\n<p style=\"font-size:clamp(16.834px, 1.052rem + ((1vw - 3.2px) * 0.716), 26px);\">10 y\u0131l \u00f6nce ba\u015flat\u0131lmas\u0131ndan bu yana, t\u00fcm taraflar\u0131n ortak \u00e7abalar\u0131 sayesinde, Ku\u015fak ve Yol \u0130nisiyatifi \u00e7er\u00e7evesindeki i\u015f birli\u011fi \u00c7in s\u0131n\u0131rlar\u0131n\u0131n \u00f6tesine ge\u00e7erek uluslararas\u0131 bir \u00e7aba haline gelmi\u015ftir.<\/p>\n\n\n\n<p style=\"font-size:clamp(16.834px, 1.052rem + ((1vw - 3.2px) * 0.716), 26px);\">&nbsp;Fikirlerden eylemlere, bir vizyondan ger\u00e7ekli\u011fe ve genel bir \u00e7er\u00e7eveden somut projelere d\u00f6n\u00fc\u015fm\u00fc\u015ft\u00fcr. Uluslararas\u0131 toplum taraf\u0131ndan hem bir kamu yarar\u0131 hem de bir i\u015f birli\u011fi platformu olarak memnuniyetle kar\u015f\u0131lanm\u0131\u015f ve somut sonu\u00e7lar elde etmi\u015ftir.<\/p>\n\n\n\n<p style=\"font-size:clamp(16.834px, 1.052rem + ((1vw - 3.2px) * 0.716), 26px);\">&nbsp;Ge\u00e7ti\u011fimiz on y\u0131l boyunca Ku\u015fak ve Yol \u0130nisiyatifi kat\u0131l\u0131mc\u0131 \u00fclkelere ger\u00e7ek kazan\u0131mlar sa\u011flam\u0131\u015ft\u0131r. Ekonomik k\u00fcreselle\u015fmenin sa\u011fl\u0131kl\u0131 bir \u015fekilde geli\u015fmesine katk\u0131da bulunmu\u015f, k\u00fcresel kalk\u0131nma sorunlar\u0131n\u0131n \u00e7\u00f6z\u00fclmesine ve k\u00fcresel y\u00f6neti\u015fim sisteminin iyile\u015ftirilmesine yard\u0131mc\u0131 olmu\u015ftur. Ayr\u0131ca t\u00fcm insanl\u0131\u011f\u0131n modernle\u015fmeyi ger\u00e7ekle\u015ftirmesi i\u00e7in yeni bir yol a\u00e7m\u0131\u015f ve ortak gelece\u011fe sahip k\u00fcresel bir toplum in\u015fa etme \u00e7abalar\u0131n\u0131n ger\u00e7ek sonu\u00e7lar vermesini sa\u011flam\u0131\u015ft\u0131r.<\/p>\n\n\n\n<p style=\"font-size:clamp(16.834px, 1.052rem + ((1vw - 3.2px) * 0.716), 26px);\">&nbsp;\u00c7in h\u00fck\u00fcmeti, Ku\u015fak ve Yol \u0130nisiyatifi&#8217;nin son on y\u0131lda elde etti\u011fi ba\u015far\u0131lar\u0131 sunmak amac\u0131yla bu Beyaz Kitab\u0131 yay\u0131nlamaktad\u0131r.<\/p>\n\n\n\n<p style=\"font-size:clamp(16.834px, 1.052rem + ((1vw - 3.2px) * 0.716), 26px);\">&nbsp;Bu proje, uluslararas\u0131 toplumun giri\u015fimin de\u011ferini daha iyi anlamas\u0131n\u0131 sa\u011flayacak, giri\u015fim kapsam\u0131nda y\u00fcksek kaliteli i\u015f birli\u011fini kolayla\u015ft\u0131racak ve nihayetinde daha fazla \u00fclke ve halka fayda sa\u011flayacakt\u0131r.<\/p>\n\n\n\n<p class=\"has-text-align-center has-large-font-size\"><span style=\"color: var(--theme-palette-color-2, #cc3333);\" class=\"stk-highlight\"><strong>TAMAMINI OKUMAK \u0130\u00c7\u0130N \u0130ND\u0130R\u0130N\u0130Z<\/strong><\/span><\/p>\n\n\n\n<div data-wp-interactive=\"core\/file\" class=\"wp-block-file\"><object data-wp-bind--hidden=\"!state.hasPdfPreview\" hidden class=\"wp-block-file__embed\" data=\"https:\/\/marksizm.org.tr\/wp-content\/uploads\/2024\/03\/Cinin-Ipek-Yolu-Projesi-Politikasi-Son-Hukumet-Belgesi-Ve-Orneklerle-Uygulama-Raporu.pdf\" type=\"application\/pdf\" style=\"width:100%;height:600px\" aria-label=\"Cinin-Ipek-Yolu-Projesi-Politikasi-Son-Hukumet-Belgesi-Ve-Orneklerle-Uygulama-Raporu g\u00f6m\u00fcs\u00fc.\"><\/object><a id=\"wp-block-file--media-369859b6-f48c-4261-8e9b-64a28bcfdadd\" href=\"https:\/\/marksizm.org.tr\/wp-content\/uploads\/2024\/03\/Cinin-Ipek-Yolu-Projesi-Politikasi-Son-Hukumet-Belgesi-Ve-Orneklerle-Uygulama-Raporu.pdf\">Cinin-Ipek-Yolu-Projesi-Politikasi-Son-Hukumet-Belgesi-Ve-Orneklerle-Uygulama-Raporu<\/a><a href=\"https:\/\/marksizm.org.tr\/wp-content\/uploads\/2024\/03\/Cinin-Ipek-Yolu-Projesi-Politikasi-Son-Hukumet-Belgesi-Ve-Orneklerle-Uygulama-Raporu.pdf\" class=\"wp-block-file__button wp-element-button\" download aria-describedby=\"wp-block-file--media-369859b6-f48c-4261-8e9b-64a28bcfdadd\">\u0130ndir<\/a><\/div>\n","protected":false},"excerpt":{"rendered":"<p>\u00c7in&#8217;in \u0130pek Yolu Projesi Politikas\u0131 Son H\u00fck\u00fcmet Belgesi Ve \u00d6rneklerle Uygulama Raporu \u0130\u00e7indekiler \u00c7eviren Deniz K\u0131z\u0131l\u00e7e\u00e7 Belge Tarihi Ekim 2023 \u00d6ns\u00f6z \u0130ki bin y\u0131l\u0131 a\u015fk\u0131n bir s\u00fcre \u00f6nce, samimi bir dostluk arzusundan ilham alan atalar\u0131m\u0131z, Asya, Avrupa ve Afrika&#8217;y\u0131 birbirine ba\u011flayan bir kara \u0130pek Yolu olu\u015fturmak i\u00e7in otlaklar\u0131 ve \u00e7\u00f6lleri a\u015farak d\u00fcnyay\u0131 kapsaml\u0131 bir k\u00fclt\u00fcrel [&hellip;]<\/p>\n","protected":false},"author":1,"featured_media":0,"comment_status":"open","ping_status":"open","sticky":false,"template":"","format":"standard","meta":{"_monsterinsights_skip_tracking":false,"_monsterinsights_sitenote_active":false,"_monsterinsights_sitenote_note":"","_monsterinsights_sitenote_category":0,"footnotes":""},"categories":[5,6],"tags":[],"class_list":["post-3586","post","type-post","status-publish","format-standard","hentry","category-dunya-sosyalizmi","category-sosyalist-ulkeler"],"blocksy_meta":[],"_links":{"self":[{"href":"https:\/\/marksizm.org.tr\/index.php?rest_route=\/wp\/v2\/posts\/3586","targetHints":{"allow":["GET"]}}],"collection":[{"href":"https:\/\/marksizm.org.tr\/index.php?rest_route=\/wp\/v2\/posts"}],"about":[{"href":"https:\/\/marksizm.org.tr\/index.php?rest_route=\/wp\/v2\/types\/post"}],"author":[{"embeddable":true,"href":"https:\/\/marksizm.org.tr\/index.php?rest_route=\/wp\/v2\/users\/1"}],"replies":[{"embeddable":true,"href":"https:\/\/marksizm.org.tr\/index.php?rest_route=%2Fwp%2Fv2%2Fcomments&post=3586"}],"version-history":[{"count":1,"href":"https:\/\/marksizm.org.tr\/index.php?rest_route=\/wp\/v2\/posts\/3586\/revisions"}],"predecessor-version":[{"id":3588,"href":"https:\/\/marksizm.org.tr\/index.php?rest_route=\/wp\/v2\/posts\/3586\/revisions\/3588"}],"wp:attachment":[{"href":"https:\/\/marksizm.org.tr\/index.php?rest_route=%2Fwp%2Fv2%2Fmedia&parent=3586"}],"wp:term":[{"taxonomy":"category","embeddable":true,"href":"https:\/\/marksizm.org.tr\/index.php?rest_route=%2Fwp%2Fv2%2Fcategories&post=3586"},{"taxonomy":"post_tag","embeddable":true,"href":"https:\/\/marksizm.org.tr\/index.php?rest_route=%2Fwp%2Fv2%2Ftags&post=3586"}],"curies":[{"name":"wp","href":"https:\/\/api.w.org\/{rel}","templated":true}]}}