{"id":3601,"date":"2024-03-30T23:55:43","date_gmt":"2024-03-30T23:55:43","guid":{"rendered":"https:\/\/marksizm.org.tr\/?p=3601"},"modified":"2024-03-30T23:55:43","modified_gmt":"2024-03-30T23:55:43","slug":"rus-lideri-putin-tek-kutupluluktan-cok-kutupluluga-gecis-geri-dondurulemez-bir-trend","status":"publish","type":"post","link":"https:\/\/marksizm.org.tr\/?p=3601","title":{"rendered":"Rus Lideri Putin: Tek Kutupluluktan \u00c7ok Kutuplulu\u011fa Ge\u00e7i\u015f Geri D\u00f6nd\u00fcr\u00fclemez Bir Trend"},"content":{"rendered":"\n<h1 class=\"wp-block-heading\">Rus Lideri Putin: Tek Kutupluluktan \u00c7ok Kutuplulu\u011fa Ge\u00e7i\u015f Geri D\u00f6nd\u00fcr\u00fclemez Bir Trend<\/h1>\n\n\n\n<h1 class=\"wp-block-heading\"><strong>Enerji sekt\u00f6r\u00fcnde Rus-T\u00fcrk i\u015fbirli\u011fi stratejik<\/strong><\/h1>\n\n\n\n<h2 class=\"wp-block-heading\"><strong>\u00c7eviren&nbsp; Berke Mustafa Berkil- Teori Dergisi<\/strong><\/h2>\n\n\n\n<p><\/p>\n\n\n\n<p style=\"font-size:clamp(16.834px, 1.052rem + ((1vw - 3.2px) * 0.716), 26px);\"><strong>Rusya Federasyonu Devlet Ba\u015fkan\u0131 Vladimir Putin\u2019in, yeni atanan 21 yabanc\u0131 b\u00fcy\u00fckel\u00e7inin g\u00fcven mektuplar\u0131n\u0131 kabul etti\u011fi t\u00f6rende yapt\u0131\u011f\u0131 4 Aral\u0131k 2023 de yapt\u0131\u011f\u0131 konu\u015fma<\/strong><\/p>\n\n\n\n<figure class=\"wp-block-image aligncenter size-large\"><img decoding=\"async\" src=\"https:\/\/sosyalistbirlik.com\/wp-content\/uploads\/2024\/01\/1920x1080_cmsv2_a74ae40b-a11f-542a-a7b7-4c428381780a-8162016-1024x576.webp\" alt=\"\" class=\"wp-image-6121\"\/><\/figure>\n\n\n\n<p><\/p>\n\n\n\n<p style=\"font-size:clamp(16.834px, 1.052rem + ((1vw - 3.2px) * 0.716), 26px);\">\u2026K\u00fcresel siyaset ve ekonomide kriz olgular\u0131n\u0131n artt\u0131\u011f\u0131 ve b\u00f6lgesel \u00e7at\u0131\u015fmalar\u0131n t\u0131rmand\u0131\u011f\u0131, uluslararas\u0131 ili\u015fkiler a\u00e7\u0131s\u0131ndan olduk\u00e7a karma\u015f\u0131k bir d\u00f6nemde B\u00fcy\u00fckel\u00e7iliklerin ba\u015f\u0131ndas\u0131n\u0131z. Buna \u00f6rnek olarak, k\u00f6kl\u00fc Filistin-\u0130srail \u00e7at\u0131\u015fmas\u0131 g\u00f6sterilebilir; bu trajik durum tam anlam\u0131yla bir insani kriz haline gelmi\u015f durumdad\u0131r.<\/p>\n\n\n\n<p style=\"font-size:clamp(16.834px, 1.052rem + ((1vw - 3.2px) * 0.716), 26px);\"><strong>Tek Kutuplulu\u011fun Yerini Yeni, daha adil ve \u00e7ok kutuplu bir d\u00fcnya d\u00fczeni Al\u0131yor<\/strong><\/p>\n\n\n\n<p style=\"font-size:clamp(16.834px, 1.052rem + ((1vw - 3.2px) * 0.716), 26px);\">D\u00fcnya \u00e7alkant\u0131l\u0131 bir d\u00f6neme girmi\u015ftir. Esasl\u0131 bir d\u00f6n\u00fc\u015f\u00fcm ge\u00e7iriyor. Bu de\u011fi\u015fimin temelinde, eski tek kutuplu d\u00fcnya sisteminin yerini yeni, daha adil ve \u00e7ok kutuplu bir d\u00fcnya d\u00fczeninin almas\u0131 yatmaktad\u0131r. Bunun art\u0131k herkes i\u00e7in \u00e7ok a\u00e7\u0131k &nbsp;hale geldi\u011fine inan\u0131yorum. Do\u011fal olarak b\u00f6yle temel bir s\u00fcre\u00e7 p\u00fcr\u00fczs\u00fcz olmayacakt\u0131r, ancak bu nesneldir ve -vurgulamak istedi\u011fim gibi- bu art\u0131k geri d\u00f6nd\u00fcr\u00fclemez.<\/p>\n\n\n\n<p style=\"font-size:clamp(16.834px, 1.052rem + ((1vw - 3.2px) * 0.716), 26px);\">Rusya\u2019ya gelince, ba\u011f\u0131ms\u0131z, tutarl\u0131 ve ilkeli bir d\u0131\u015f politika izliyoruz ve istisnas\u0131z t\u00fcm \u00fclkelerle yap\u0131c\u0131 ortakl\u0131klara a\u00e7\u0131\u011f\u0131z ve blok \u00e7at\u0131\u015fmas\u0131n\u0131 ya da BM \u015eart\u0131na ayk\u0131r\u0131 herhangi bir ad\u0131m\u0131 kabul etmiyoruz. \u00dclkemizin hi\u00e7 kimseye kar\u015f\u0131 \u00f6nyarg\u0131l\u0131 veya daha da \u00f6tesi d\u00fc\u015fmanca bir niyeti yoktur. Ve elbette t\u00fcm uluslararas\u0131 ortaklar\u0131m\u0131z\u0131n e\u015fitlik ve birbirlerinin \u00e7\u0131karlar\u0131na kar\u015f\u0131l\u0131kl\u0131 sayg\u0131 ilkelerine ba\u011fl\u0131 kalmalar\u0131n\u0131 bekliyoruz. Ba\u015fkalar\u0131n\u0131n ho\u015funa gitsin ya da gitmesin, uluslararas\u0131 ili\u015fkilerdeki etkinli\u011fimiz daha da artacakt\u0131r. \u00d6n\u00fcm\u00fczdeki y\u0131l Rusya bir dizi \u00f6nemli d\u0131\u015f politika g\u00f6revi \u00fcstlenecek. Geni\u015fletilmi\u015f BRICS birli\u011fine ilk ba\u015fkanl\u0131k eden biz olaca\u011f\u0131z. Ve yeni \u00fcyelerin \u00f6rg\u00fct\u00fcn faaliyetlerine sorunsuz bir \u015fekilde dahil edilmeleri i\u00e7in elimizden gelenin en iyisini yapaca\u011f\u0131z. Genel olarak, grubun k\u00fcresel g\u00fcndemdeki acil meselelerin \u00e7\u00f6z\u00fcm\u00fcndeki rol\u00fcn\u00fc te\u015fvik etmenin yan\u0131 s\u0131ra BRICS i\u00e7indeki kapsaml\u0131 stratejik ortakl\u0131klar\u0131 g\u00fc\u00e7lendirmek ve ekonomik, mali ve di\u011fer alanlarda i\u015fbirli\u011fini geli\u015ftirmek i\u00e7in \u00e7aba sarf edece\u011fiz. Ekim 2024\u2019te Kazan\u2019da d\u00fczenlenecek BRICS zirvesine yeni ve daha geni\u015f bir bile\u015fimle heyecanla haz\u0131rlanaca\u011f\u0131z. Bu arada BRICS spor oyunlar\u0131 da \u00f6n\u00fcm\u00fczdeki yaz Kazan\u2019da ger\u00e7ekle\u015ftirilecek. Gelecek y\u0131l Rusya, en yak\u0131n do\u011fal ortaklar\u0131m\u0131z olan Ba\u011f\u0131ms\u0131z Devletler Toplulu\u011funa da ba\u015fkanl\u0131k edecek. Biz de onlar aras\u0131nda \u00e7e\u015fitli etkile\u015fimler kurulmas\u0131na katk\u0131da bulunmay\u0131 ama\u00e7l\u0131yoruz. Elbette Avrasya Ekonomik Birli\u011fi\u2019ndeki b\u00fct\u00fcnle\u015fme s\u00fcre\u00e7lerini daha da geli\u015ftirecek ve Kolektif G\u00fcvenlik Anla\u015fmas\u0131 \u00d6rg\u00fct\u00fc b\u00fcnyesindeki i\u015fbirli\u011fini derinle\u015ftirece\u011fiz.<\/p>\n\n\n\n<p style=\"font-size:clamp(16.834px, 1.052rem + ((1vw - 3.2px) * 0.716), 26px);\"><strong>\u015eanghay \u0130\u015fbirli\u011fi \u00d6rg\u00fct\u00fc ve<\/strong>&nbsp;<strong>B\u00fcy\u00fck Avrasya Ortakl\u0131\u011f\u0131<\/strong><\/p>\n\n\n\n<p style=\"font-size:clamp(16.834px, 1.052rem + ((1vw - 3.2px) * 0.716), 26px);\">Hindistan, Pakistan ve \u0130ran\u2019\u0131n \u00f6rg\u00fcte kat\u0131lmas\u0131n\u0131n ard\u0131ndan B\u00fcy\u00fck Avrasya\u2019n\u0131n kurumsal aya\u011f\u0131 haline gelen \u015eanghay \u0130\u015fbirli\u011fi \u00d6rg\u00fct\u00fc\u2019ndeki ortaklar\u0131m\u0131zla birlikte \u00e7al\u0131\u015fmaya \u00f6zel \u00f6nem verece\u011fiz. \u015eunu vurgulamama izin verin: kilit d\u0131\u015f politika projelerimizden bir di\u011feri de, birka\u00e7 y\u0131l \u00f6nce kurulu\u015funu ba\u015flatt\u0131\u011f\u0131m\u0131z B\u00fcy\u00fck Avrasya Ortakl\u0131\u011f\u0131 arac\u0131l\u0131\u011f\u0131yla i\u015fbirli\u011fi in\u015fa etmektir.<\/p>\n\n\n\n<p style=\"font-size:clamp(16.834px, 1.052rem + ((1vw - 3.2px) * 0.716), 26px);\">Rusya, bizimle orta yolda bulu\u015fmaya istekli olan her \u00fclkeyle yak\u0131n ortakl\u0131klar geli\u015ftirmeye haz\u0131rd\u0131r. BM G\u00fcvenlik Konseyi\u2019nin daimi \u00fcyesi olarak, ciddi b\u00f6lgesel ve k\u00fcresel sorunlar\u0131n \u00e7\u00f6z\u00fcm\u00fcne katk\u0131da bulunmaya ve e\u015fit ve b\u00f6l\u00fcnmez g\u00fcvenli\u011fin sa\u011flanmas\u0131na, haks\u0131z rekabetten, tek tarafl\u0131 yapt\u0131r\u0131mlardan ve siyasi g\u00fcd\u00fcml\u00fc k\u0131s\u0131tlamalardan ar\u0131nm\u0131\u015f adil bir uluslararas\u0131 ekonomik ili\u015fkiler sisteminin olu\u015fturulmas\u0131na y\u00f6nelik yakla\u015f\u0131mlar\u0131 tutarl\u0131 bir \u015fekilde savunmaya devam edece\u011fiz.<\/p>\n\n\n\n<p style=\"font-size:clamp(16.834px, 1.052rem + ((1vw - 3.2px) * 0.716), 26px);\">Hi\u00e7 \u015f\u00fcphesiz, uluslararas\u0131 ortaklar\u0131m\u0131zla insani ve k\u00fclt\u00fcrel alanlardaki temaslar\u0131m\u0131z\u0131 geni\u015fletmek niyetindeyiz. Bu arada \u00e7ok yak\u0131nda, Mart ay\u0131nda, So\u00e7i\u2019de t\u00fcm k\u0131talardan gen\u00e7leri bir araya getirecek olan D\u00fcnya Gen\u00e7lik Festivali\u2019ne ev sahipli\u011fi yapmay\u0131 planl\u0131yoruz. Festivale y\u00fcz seksenden fazla \u00fclkeden temsilcilerin kat\u0131lmas\u0131 bekleniyor.<\/p>\n\n\n\n<p style=\"font-size:clamp(16.834px, 1.052rem + ((1vw - 3.2px) * 0.716), 26px);\"><strong>Rusya\u2019n\u0131n Afrika ve Asya\u2019yla S\u0131k\u0131 Ba\u011flar\u0131<\/strong><\/p>\n\n\n\n<p style=\"font-size:clamp(16.834px, 1.052rem + ((1vw - 3.2px) * 0.716), 26px);\">Rusya ve&nbsp;<strong>Afrika Burundi<\/strong>&nbsp;Cumhuriyeti aras\u0131nda dostluk ve kar\u015f\u0131l\u0131kl\u0131 yarar sa\u011flayan i\u015fbirli\u011fi ili\u015fkileri bulunmaktad\u0131r; bu durum Temmuz ay\u0131nda d\u00fczenlenen Rusya-Afrika Zirvesi\u2019nde Burundi Devlet Ba\u015fkan\u0131 ile yapt\u0131\u011f\u0131m g\u00f6r\u00fc\u015fmede de a\u00e7\u0131k\u00e7a teyit edilmi\u015f ve i\u015fbirli\u011fimizin daha da geni\u015fletilmesi konusunda \u00f6nemli anla\u015fmalara var\u0131lm\u0131\u015ft\u0131r.<\/p>\n\n\n\n<p style=\"font-size:clamp(16.834px, 1.052rem + ((1vw - 3.2px) * 0.716), 26px);\">Rusya, \u00f6zellikle ulusal sa\u011fl\u0131k sistemini geli\u015ftirme \u00e7abalar\u0131nda&nbsp;<strong>Burundi<\/strong>&nbsp;cumhuriyetine hedefe y\u00f6nelik yard\u0131m sa\u011flamaktad\u0131r. \u00d6rne\u011fin Ekim ay\u0131nda burada bir Bula\u015f\u0131c\u0131 Hastal\u0131klar Ara\u015ft\u0131rma Merkezi a\u00e7\u0131ld\u0131 ve \u00f6n\u00fcm\u00fczdeki y\u0131l\u0131n ba\u015flar\u0131nda h\u0131zl\u0131 te\u015fhis i\u00e7in bir mobil t\u0131bbi laboratuvar daha ortaklar\u0131m\u0131z\u0131n hizmetine sunulacak. Rusya-Burundi i\u015fbirli\u011fi bar\u0131\u015f\u00e7\u0131l n\u00fckleer kalk\u0131nma, adalet, e\u011fitim ve personel e\u011fitimi gibi pek \u00e7ok alan\u0131 kapsamaktad\u0131r.<\/p>\n\n\n\n<p style=\"font-size:clamp(16.834px, 1.052rem + ((1vw - 3.2px) * 0.716), 26px);\"><strong>Etiyopya Federal Demokratik Cumhuriyeti<\/strong><\/p>\n\n\n\n<p style=\"font-size:clamp(16.834px, 1.052rem + ((1vw - 3.2px) * 0.716), 26px);\">Etiyopya Federal Demokratik Cumhuriyeti Afrika\u2019daki uzun soluklu ve g\u00fcvenilir orta\u011f\u0131m\u0131zd\u0131r. Bu y\u0131l diplomatik ili\u015fkilerimizin 125. y\u0131ld\u00f6n\u00fcm\u00fcn\u00fc kutlad\u0131k. Ba\u015fbakan Abiy Ahmed\u2019in Temmuz ay\u0131nda Rusya\u2019ya yapt\u0131\u011f\u0131 resmi ziyaret olduk\u00e7a faydal\u0131 ve verimli ge\u00e7ti. Bu ziyaret s\u0131ras\u0131nda ula\u015ft\u0131rma ve lojistik, telekom\u00fcnikasyon ve bar\u0131\u015f\u00e7\u0131l n\u00fckleer enerji alan\u0131nda bir dizi h\u00fck\u00fcmetler aras\u0131 ve ticari anla\u015fma imzaland\u0131. Bu anla\u015fmalar uygulamaya konulduktan sonra \u015f\u00fcphesiz Rusya-Etiyopya i\u015fbirli\u011finin \u00e7e\u015fitlendirilmesine yard\u0131mc\u0131 olacakt\u0131r. Rusya, Etiyopya\u2019n\u0131n BRICS\u2019e kat\u0131lma ba\u015fvurusunu yap\u0131ld\u0131\u011f\u0131 andan itibaren desteklemi\u015ftir. Etiyopyal\u0131 ortaklar\u0131m\u0131z\u0131n 2024 y\u0131l\u0131ndaki d\u00f6nem ba\u015fkanl\u0131\u011f\u0131m\u0131z s\u0131ras\u0131nda birlik i\u00e7indeki t\u00fcm etkile\u015fim mekanizmalar\u0131na etkin bir \u015fekilde dahil edilmesini kolayla\u015ft\u0131raca\u011f\u0131z.<\/p>\n\n\n\n<p style=\"font-size:clamp(16.834px, 1.052rem + ((1vw - 3.2px) * 0.716), 26px);\"><strong>Rusya-T\u00fcrkiye Ortakl\u0131\u011f\u0131<\/strong><\/p>\n\n\n\n<p style=\"font-size:clamp(16.834px, 1.052rem + ((1vw - 3.2px) * 0.716), 26px);\">Rusya\u2019n\u0131n T\u00fcrkiye Cumhuriyeti ile ortakl\u0131\u011f\u0131 g\u00fc\u00e7l\u00fcd\u00fcr ve \u00e7e\u015fitli alanlarda uzun y\u0131llara dayanan etkin i\u015fbirli\u011fine dayanmaktad\u0131r. Her iki taraf da iyi kom\u015fuluk, ortakl\u0131k ve kar\u015f\u0131l\u0131kl\u0131 yarar ilkeleri temelinde ili\u015fkilerini daha da geli\u015ftirmeye kararl\u0131d\u0131r. T\u00fcm \u00f6nemli ikili konular Cumhurba\u015fkan\u0131 Erdo\u011fan ile d\u00fczenli temaslar\u0131m\u0131z\u0131n g\u00fcndeminde yer almaktad\u0131r.<\/p>\n\n\n\n<p style=\"font-size:clamp(16.834px, 1.052rem + ((1vw - 3.2px) * 0.716), 26px);\">Enerji sekt\u00f6r\u00fcnde Rus-T\u00fcrk i\u015fbirli\u011finin stratejik niteli\u011fini vurgulamak istiyorum. Rosatom \u015fu anda T\u00fcrkiye\u2019nin ilk n\u00fckleer enerji santrali olan Akkuyu\u2019yu in\u015fa ediyor. Mavi Ak\u0131m ve T\u00fcrk Ak\u0131m\u0131 boru hatlar\u0131n\u0131n i\u015fletilmesi yoluyla gaz sekt\u00f6r\u00fcnde de yak\u0131n bir i\u015fbirli\u011fimiz var. Ayr\u0131ca, T\u00fcrkiye\u2019de bir gaz da\u011f\u0131t\u0131m merkezi olu\u015fturmak i\u00e7in birlikte \u00e7al\u0131\u015f\u0131yoruz. Enerjinin yan\u0131 s\u0131ra ticaret ve y\u00fcksek teknoloji alanlar\u0131nda da pek \u00e7ok \u00f6nemli proje ve ortak \u00e7al\u0131\u015fmam\u0131z var.<\/p>\n\n\n\n<p style=\"font-size:clamp(16.834px, 1.052rem + ((1vw - 3.2px) * 0.716), 26px);\"><strong>Kazakistan<\/strong><\/p>\n\n\n\n<p style=\"font-size:clamp(16.834px, 1.052rem + ((1vw - 3.2px) * 0.716), 26px);\">Kazakistan ile i\u015fbirli\u011fimiz ve stratejik ortakl\u0131\u011f\u0131m\u0131z, iki \u00fclkeyi birbirine ba\u011flayan tarihi, k\u00fclt\u00fcrel ve karde\u015flik ba\u011flar\u0131na dayanmaktad\u0131r. Kas\u0131m ay\u0131, 21. Y\u00fczy\u0131lda \u0130yi Kom\u015fuluk ve \u0130ttifak Kurucu Anla\u015fmas\u0131n\u0131n imzalanmas\u0131n\u0131n 10. y\u0131ld\u00f6n\u00fcm\u00fcd\u00fcr. Bu anla\u015fman\u0131n ruhuna ve lafz\u0131na tam uygun olarak \u00fclkelerimiz i\u015fbirli\u011fini her alanda geni\u015fletmektedir. \u0130kili ticaret rekor rakamlara ula\u015ft\u0131 ve \u00e7ok say\u0131da insani yard\u0131m projesi devam ediyor. AEB (\u00e7.n Avrasya Ekonomik Birli\u011fi), BDT (\u00e7.n Ba\u011f\u0131ms\u0131z Devletler Te\u015fkilat\u0131) ve di\u011fer uluslararas\u0131 platformlarda yap\u0131c\u0131 bir etkile\u015fim kurulmaktad\u0131r. Rusya, Kazakistan\u2019\u0131n \u00f6n\u00fcm\u00fczdeki y\u0131l hem KGA\u00d6 (\u00e7.n. Kolektif G\u00fcvenlik Anla\u015fmas\u0131 \u00d6rg\u00fct\u00fc) hem de \u015e\u0130\u00d6 (\u00e7.n. \u015eangay \u0130\u015fbirli\u011fi \u00d6rg\u00fct\u00fc) ba\u015fkanl\u0131\u011f\u0131 g\u00f6revlerini yerine getirmesine yard\u0131mc\u0131 olmak i\u00e7in elinden geleni yapacakt\u0131r. Astana\u2019ya ger\u00e7ekle\u015ftirdi\u011fimiz son ziyaret ikili ili\u015fkilerin t\u00fcm y\u00f6nleriyle geli\u015ftirilmesine g\u00fc\u00e7l\u00fc bir ivme kazand\u0131rm\u0131\u015ft\u0131r. Kazak Ba\u015fkan Tokayev ile bu ay\u0131n sonunda AEB ve BDT liderlerinin geleneksel toplant\u0131lar\u0131 s\u0131ras\u0131nda St Petersburg\u2019da g\u00f6r\u00fc\u015fece\u011fim.<\/p>\n\n\n\n<p style=\"font-size:clamp(16.834px, 1.052rem + ((1vw - 3.2px) * 0.716), 26px);\"><strong>Mali Cumhuriyeti<\/strong><\/p>\n\n\n\n<p style=\"font-size:clamp(16.834px, 1.052rem + ((1vw - 3.2px) * 0.716), 26px);\">Mali Cumhuriyeti y\u00f6netiminin \u00fclkemizle uzun vadeli stratejik ortakl\u0131k kurma y\u00f6n\u00fcndeki kararl\u0131l\u0131\u011f\u0131n\u0131 memnuniyetle kar\u015f\u0131l\u0131yoruz. Ge\u00e7ici Cumhurba\u015fkan\u0131 Assimi Go\u00efta ile s\u00fcrekli temas halindeyiz. Kendisiyle Rusya-Afrika Zirvesi\u2019nde verimli g\u00f6r\u00fc\u015fmeler ger\u00e7ekle\u015ftirdik. \u00dclkelerimiz, Sahel-Sahra b\u00f6lgesinde ve t\u00fcm Bat\u0131 Afrika\u2019da bar\u0131\u015f ve g\u00fcvenli\u011fin g\u00fc\u00e7lendirilmesi amac\u0131yla uluslararas\u0131 ter\u00f6rizm ve dini a\u015f\u0131r\u0131c\u0131l\u0131kla m\u00fccadelede birlikte hareket etmektedir. Rusya, Mali halk\u0131na g\u0131da, g\u00fcbre ve i\u015flenmi\u015f \u00fcr\u00fcn sevkiyatlar\u0131 da d\u00e2hil olmak \u00fczere kapsaml\u0131 yard\u0131m ve destek sa\u011flamaya devam edecektir. K\u0131sa bir s\u00fcre \u00f6nce b\u00fcy\u00fck bir Rus tah\u0131l sevkiyat\u0131 hi\u00e7bir \u00fccret talep edilmeden Mali Cumhuriyeti\u2019ne g\u00f6nderilmi\u015ftir. \u00d6zellikle Rus \u00fcniversitelerinde e\u011fitim g\u00f6rmek isteyen Mali vatanda\u015flar\u0131 i\u00e7in a\u00e7\u0131lan kontenjanlar\u0131n say\u0131s\u0131n\u0131 artt\u0131rarak insani yard\u0131m alan\u0131nda i\u015fbirli\u011fimizi s\u00fcrd\u00fcrece\u011fiz. Rus tah\u0131l\u0131n\u0131 ta\u015f\u0131yan bir dizi gemi yak\u0131nda ihtiya\u00e7 sahibi alt\u0131 \u00fclkeye do\u011fru yola \u00e7\u0131kacak.<\/p>\n\n\n\n<p style=\"font-size:clamp(16.834px, 1.052rem + ((1vw - 3.2px) * 0.716), 26px);\"><strong>G\u00fcney Kore Cumhuriyeti<\/strong><\/p>\n\n\n\n<p style=\"font-size:clamp(16.834px, 1.052rem + ((1vw - 3.2px) * 0.716), 26px);\">Baz\u0131 gemiler var\u0131\u015f limanlar\u0131nda bo\u015falt\u0131l\u0131yor, baz\u0131lar\u0131 \u015fu anda yolda, baz\u0131lar\u0131 ise Rus limanlar\u0131nda y\u00fckleniyor. Bildi\u011fimiz \u00fczere, Rusya ile G\u00fcney Kore Cumhuriyeti aras\u0131ndaki ikili ili\u015fkiler ne yaz\u0131k ki pek de iyi bir d\u00f6nemden ge\u00e7miyor. Daha birka\u00e7 y\u0131l \u00f6ncesine kadar bu ili\u015fkiler son derece yap\u0131c\u0131 bir \u015fekilde geli\u015fiyordu ve \u00f6zellikle ekonomi alan\u0131nda kar\u015f\u0131l\u0131kl\u0131 fayda sa\u011fl\u0131yordu. Kore Yar\u0131madas\u0131\u2019ndaki durumun siyasi ve diplomatik yollardan \u00e7\u00f6z\u00fcme kavu\u015fturulmas\u0131 i\u00e7in de birlikte \u00e7al\u0131\u015ft\u0131k. Rus-Kore i\u015fbirli\u011finin \u00fclkelerimiz ve halklar\u0131m\u0131z i\u00e7in \u00e7ok avantajl\u0131 olan ortakl\u0131k y\u00f6r\u00fcngesine geri d\u00f6n\u00fcp d\u00f6nmeyece\u011fi G\u00fcney Kore\u2019ye ba\u011fl\u0131.<\/p>\n\n\n\n<p style=\"font-size:clamp(16.834px, 1.052rem + ((1vw - 3.2px) * 0.716), 26px);\"><strong>Gambiya Cumhuriyeti<\/strong><\/p>\n\n\n\n<p style=\"font-size:clamp(16.834px, 1.052rem + ((1vw - 3.2px) * 0.716), 26px);\">Rusya\u2019n\u0131n Gambiya Cumhuriyeti ile ili\u015fkileri istikrarl\u0131 ve yap\u0131c\u0131d\u0131r. Bunlar\u0131 daha da dinamik hale getirmek i\u00e7in her t\u00fcrl\u00fc f\u0131rsat mevcuttur. Rusya ekonomik, insani ve di\u011fer alanlarda i\u015fbirli\u011fi i\u00e7in \u00f6zel projeler sunmaya haz\u0131rd\u0131r. Ayr\u0131ca, \u00fcniversitelerimizde Gambiya i\u00e7in uzman yeti\u015ftirme uygulamas\u0131n\u0131 geni\u015fletmeye devam edece\u011fiz.<\/p>\n\n\n\n<p style=\"font-size:clamp(16.834px, 1.052rem + ((1vw - 3.2px) * 0.716), 26px);\"><strong>Rusya-Almanya \u0130\u015f Birli\u011fi Baltaland\u0131<\/strong><\/p>\n\n\n\n<p style=\"font-size:clamp(16.834px, 1.052rem + ((1vw - 3.2px) * 0.716), 26px);\">Federal Almanya Cumhuriyeti ile yar\u0131m y\u00fczy\u0131l\u0131 a\u015fk\u0131n bir s\u00fcredir pragmatik bir i\u015f birli\u011fi geli\u015ftirmeyi ba\u015fard\u0131k. Bu durum her iki \u00fclkeye ve muhtemelen sadece bize de\u011fil t\u00fcm Avrupa\u2019ya fayda sa\u011flad\u0131. Daha da \u00f6nemlisi, enerji her zaman ikili etkile\u015fim i\u00e7in ciddi bir konu olmu\u015ftur. \u00dclkemiz onlarca y\u0131l boyunca Federal Almanya Cumhuriyeti\u2019ne ekolojik olarak temiz do\u011fal gaz, petrol ve di\u011fer enerji sa\u011flayan maddeleri uygun fiyatlarla ve g\u00fcvenilir, emniyetli bir \u015fekilde g\u00f6nderdi. Bu i\u015f birli\u011fi, Kuzey Ak\u0131m boru hatt\u0131ndaki y\u0131k\u0131c\u0131 eylem de dahil olmak \u00fczere, kelimenin tam anlam\u0131yla baltaland\u0131. Rusya ile ili\u015fkilerin \u015fu anki donmu\u015f hali -ki bunun bizim giri\u015fimimiz olmad\u0131\u011f\u0131n\u0131 vurgulamak isterim- sizin ya da bizim i\u00e7in faydal\u0131 de\u011fil ama bence \u00f6ncelikle Almanya i\u00e7in k\u00f6t\u00fc.<\/p>\n\n\n\n<p style=\"font-size:clamp(16.834px, 1.052rem + ((1vw - 3.2px) * 0.716), 26px);\">Bu durum siyasi ve ekonomik ba\u011flar\u0131n yan\u0131 s\u0131ra bilimsel, e\u011fitimsel, k\u00fclt\u00fcrel ve insani alanlarda ve sivil toplumlar\u0131m\u0131z aras\u0131nda daha \u00f6nce \u00e7ok ba\u015far\u0131l\u0131 bir \u015fekilde geli\u015ftirdi\u011fimiz temaslar\u0131n ask\u0131ya al\u0131nmas\u0131nda da kendini g\u00f6stermektedir.<\/p>\n\n\n\n<p style=\"font-size:clamp(16.834px, 1.052rem + ((1vw - 3.2px) * 0.716), 26px);\">Rusya\u2019n\u0131n her zaman Rus-Alman ili\u015fkilerinin e\u015fitlik, kar\u015f\u0131l\u0131kl\u0131 yarar ve birbirlerinin \u00e7\u0131karlar\u0131na sayg\u0131 ilkeleri temelinde geli\u015ftirilmesini savundu\u011funu ve bug\u00fcn de savunmakta oldu\u011funu vurgulamak isterim. Bu t\u00fcr ili\u015fkilerin sadece iki \u00fclke i\u00e7in de\u011fil t\u00fcm Avrupa i\u00e7in \u00f6nemli oldu\u011funu tekrarlamak isterim.<\/p>\n\n\n\n<p style=\"font-size:clamp(16.834px, 1.052rem + ((1vw - 3.2px) * 0.716), 26px);\"><strong>Singapur Cumhuriyeti<\/strong><\/p>\n\n\n\n<p style=\"font-size:clamp(16.834px, 1.052rem + ((1vw - 3.2px) * 0.716), 26px);\">Ge\u00e7ti\u011fimiz birka\u00e7 on y\u0131l boyunca Singapur Cumhuriyeti ile \u00f6zellikle ekonomik boyuta odaklanan verimli ili\u015fkiler s\u00fcrd\u00fcrd\u00fck. \u0130\u015f ba\u011flant\u0131lar\u0131 da geli\u015fti. Singapur, Rusya ve G\u00fcneydo\u011fu Asya \u00dclkeleri Birli\u011fi aras\u0131ndaki diyalog mekanizmas\u0131 arac\u0131l\u0131\u011f\u0131yla b\u00f6lgesel istikrar ve g\u00fcvenlik konular\u0131nda i\u015fbirli\u011finin tesis edilmesine aktif olarak kat\u0131lm\u0131\u015ft\u0131r.<\/p>\n\n\n\n<p style=\"font-size:clamp(16.834px, 1.052rem + ((1vw - 3.2px) * 0.716), 26px);\"><strong>\u0130sve\u00e7 Krall\u0131\u011f\u0131<\/strong><\/p>\n\n\n\n<p style=\"font-size:clamp(16.834px, 1.052rem + ((1vw - 3.2px) * 0.716), 26px);\">\u00dcz\u00fclerek ifade etmek isteriz ki Balt\u0131k kom\u015fumuz&nbsp;<a>\u0130sve\u00e7 Krall\u0131\u011f\u0131&nbsp;<\/a>ile art\u0131k siyasi temaslar\u0131m\u0131z bulunmamaktad\u0131r. Ticari ve ekonomik i\u015fbirli\u011finin yan\u0131 s\u0131ra k\u00fclt\u00fcrel ve insani ba\u011flar da \u00f6nemli \u00f6l\u00e7\u00fcde azalm\u0131\u015ft\u0131r. \u015e\u00fcphesiz ki her devlet kendi g\u00fcvenli\u011fini sa\u011flamak i\u00e7in en uygun yollar\u0131 belirlemekte \u00f6zg\u00fcrd\u00fcr. Ancak Stockholm\u2019\u00fcn 200 y\u0131ll\u0131k askeri ittifaklara dahil olmama politikas\u0131ndan vazge\u00e7mesi soru i\u015faretlerine yol a\u00e7maktad\u0131r. Bu politika \u0130sve\u00e7\u2019e yads\u0131namaz faydalar sa\u011flam\u0131\u015f ve Kuzey Avrupa b\u00f6lgesindeki genel g\u00fcvenlik ve istikrar ortam\u0131na katk\u0131da bulunmu\u015ftur. Ancak ikili ili\u015fkilerimizdeki mevcut durum hem \u00fclkelerimizin, hem b\u00f6lgenin hem de bir b\u00fct\u00fcn olarak Avrupa\u2019n\u0131n ger\u00e7ek \u00e7\u0131karlar\u0131yla a\u00e7\u0131k\u00e7a \u00e7eli\u015fmektedir.<\/p>\n\n\n\n<p style=\"font-size:clamp(16.834px, 1.052rem + ((1vw - 3.2px) * 0.716), 26px);\"><strong>Slovenya<\/strong><\/p>\n\n\n\n<p style=\"font-size:clamp(16.834px, 1.052rem + ((1vw - 3.2px) * 0.716), 26px);\">Diplomatik ili\u015fkilerimizin son otuz y\u0131l\u0131nda Rusya ve&nbsp;<a>Slovenya<\/a>&nbsp;uzun bir yol kat etmi\u015ftir. G\u00fc\u00e7l\u00fc ticari ve ekonomik i\u015fbirli\u011finin yan\u0131 s\u0131ra kapsaml\u0131 k\u00fclt\u00fcrel ve insani i\u015fbirli\u011fi geli\u015ftirdik. Her y\u0131l d\u00fczenlenen Rus-Sloven Dostluk G\u00fcn\u00fc, iki \u00fclke halklar\u0131 aras\u0131ndaki derin sevgiyi sembolize etmektedir. Halihaz\u0131rda ikili diyalog ask\u0131ya al\u0131nm\u0131\u015ft\u0131r. Bundan \u00fcz\u00fcnt\u00fc duymakla birlikte, Slovenya\u2019n\u0131n da ayn\u0131 yakla\u015f\u0131m\u0131 payla\u015fmas\u0131 ko\u015fuluyla, kar\u015f\u0131l\u0131kl\u0131 yarar sa\u011flayan i\u015fbirli\u011fini s\u00fcrd\u00fcrmeye ve hatta geli\u015ftirmeye haz\u0131r\u0131z.<\/p>\n\n\n\n<p style=\"font-size:clamp(16.834px, 1.052rem + ((1vw - 3.2px) * 0.716), 26px);\"><strong>L\u00fcksemburg<\/strong><\/p>\n\n\n\n<p style=\"font-size:clamp(16.834px, 1.052rem + ((1vw - 3.2px) * 0.716), 26px);\">L\u00fcksemburg ile ili\u015fkilerimizin derin tarihi k\u00f6kleri vard\u0131r. Rusya\u2019n\u0131n 19. y\u00fczy\u0131lda L\u00fcksemburg\u2019un devlet olarak kurulmas\u0131nda \u00f6nemli bir rol oynad\u0131\u011f\u0131 s\u00f6ylenebilir. Yak\u0131n zamana kadar Rusya ve L\u00fcksemburg aras\u0131ndaki siyasi, ekonomik ve insani etkile\u015fimler yap\u0131c\u0131 bir \u015fekilde geli\u015fmi\u015ftir. \u0130\u015f birli\u011fimizin geleneksel olarak olumlu seyrine geri d\u00f6nmesinden yanay\u0131z.<\/p>\n\n\n\n<p style=\"font-size:clamp(16.834px, 1.052rem + ((1vw - 3.2px) * 0.716), 26px);\"><strong>Pakistan<\/strong><\/p>\n\n\n\n<p style=\"font-size:clamp(16.834px, 1.052rem + ((1vw - 3.2px) * 0.716), 26px);\">Bu y\u0131l Rusya ve&nbsp;<a>Pakistan<\/a>&nbsp;diplomatik ili\u015fkilerinin 75. y\u0131ld\u00f6n\u00fcm\u00fcn\u00fc kutlad\u0131. Bu y\u0131l\u0131n Ekim ay\u0131nda Pekin\u2019de Pakistan\u2019\u0131n Ge\u00e7ici Ba\u015fbakan\u0131 ile yapt\u0131\u011f\u0131m\u0131z g\u00f6r\u00fc\u015fmede de teyit edildi\u011fi \u00fczere, bu ili\u015fkiler ger\u00e7ekten dostane ili\u015fkilerdir. Kar\u015f\u0131l\u0131kl\u0131 ticaret dinamik bir \u015fekilde artmakta olup, enerji ve tar\u0131m da d\u00e2hil olmak \u00fczere \u00e7e\u015fitli ekonomik sekt\u00f6rlerde kar\u015f\u0131l\u0131kl\u0131 fayda sa\u011flayan i\u015fbirli\u011fimizi s\u00fcrd\u00fcrmekteyiz. &nbsp;\u00dclkelerimizin ortakl\u0131\u011f\u0131 \u015eanghay \u0130\u015fbirli\u011fi \u00d6rg\u00fct\u00fc b\u00fcnyesinde ve Moskova isti\u015fare format\u0131 ve b\u00f6lgesel \u201cd\u00f6rtl\u00fc\u201d gibi Afgan \u00e7\u00f6z\u00fcm\u00fcn\u00fc destekleyen mekanizmalar arac\u0131l\u0131\u011f\u0131yla y\u00fcr\u00fct\u00fclmektedir.<\/p>\n\n\n\n<p style=\"font-size:clamp(16.834px, 1.052rem + ((1vw - 3.2px) * 0.716), 26px);\"><strong>Cezayir Demokratik Halk Cumhuriyeti<\/strong><\/p>\n\n\n\n<p style=\"font-size:clamp(16.834px, 1.052rem + ((1vw - 3.2px) * 0.716), 26px);\">Sa\u011flam ve dostane ili\u015fkiler Rusya ile Cezayir Demokratik Halk Cumhuriyeti\u2019ni birbirine ba\u011flamaktad\u0131r. Haziran 2023\u2019te Cumhurba\u015fkan\u0131 Abd\u00fclmecid Tebbune Rusya\u2019ya bir devlet ziyareti ger\u00e7ekle\u015ftirmi\u015ftir. Bu ziyaret \u00fclkelerimiz aras\u0131ndaki verimli i\u015fbirli\u011fini yepyeni bir d\u00fczeye ta\u015f\u0131d\u0131. Derinlemesine stratejik ortakl\u0131k konusunda bir deklarasyon kabul ettik.Rusya-Cezayir ticari ve ekonomik i\u015fbirli\u011fi dinamik bir h\u0131zla geli\u015fmektedir. \u0130kili ticaret \u015fimdiden 2 milyar ABD Dolar\u0131n\u0131 a\u015fm\u0131\u015f durumda ve k\u00fclt\u00fcrel ve insani ba\u011flar\u0131m\u0131z\u0131 s\u00fcrekli olarak geni\u015fletiyoruz. Cezayir y\u00f6netiminin dengeli d\u0131\u015f politikas\u0131n\u0131 takdir ediyoruz. Cezayir 2024-2025 y\u0131llar\u0131nda BM G\u00fcvenlik Konseyi ge\u00e7ici \u00fcyeli\u011fi g\u00f6revini \u00fcstlenecektir. Do\u011fal olarak, uluslararas\u0131 ve b\u00f6lgesel g\u00fcndemde Cezayir taraf\u0131yla i\u015fbirli\u011fi \u00e7abalar\u0131m\u0131z\u0131 aktif bir \u015fekilde uyumlu hale getirece\u011fiz.<\/p>\n\n\n\n<p style=\"font-size:clamp(16.834px, 1.052rem + ((1vw - 3.2px) * 0.716), 26px);\"><em><strong>Kuveyt<\/strong><\/em><\/p>\n\n\n\n<p style=\"font-size:clamp(16.834px, 1.052rem + ((1vw - 3.2px) * 0.716), 26px);\"><em>Kuveyt Devleti<\/em>&nbsp;ile ili\u015fkilerimiz yap\u0131c\u0131 bir \u015fekilde geli\u015fmektedir. \u0130kili ticari, ekonomik ve yat\u0131r\u0131m i\u015fbirli\u011finin geni\u015fletilmesine \u00f6ncelik veriyoruz. \u00c7ok \u00e7e\u015fitli b\u00f6lgesel ve uluslararas\u0131 konularda geleneksel olarak benzer tutumlara dayanan d\u0131\u015f politika etkile\u015fimimizi g\u00fc\u00e7lendirmek istiyoruz. Kuveyt\u2019in OPEC (\u00e7.n. Petrol \u0130hra\u00e7 Eden \u00dclkeler \u00d6rg\u00fct\u00fc) \u00fcyeli\u011fi g\u00f6z \u00f6n\u00fcne al\u0131nd\u0131\u011f\u0131nda, enerji politikas\u0131 konular\u0131nda pozisyonlar\u0131m\u0131z\u0131 koordine etmeye devam ediyoruz ve bu i\u015fbirli\u011fini gelecekte de s\u00fcrd\u00fcrmeyi ama\u00e7l\u0131yoruz.<\/p>\n\n\n\n<p style=\"font-size:clamp(16.834px, 1.052rem + ((1vw - 3.2px) * 0.716), 26px);\"><strong>Avustralya<\/strong><\/p>\n\n\n\n<p style=\"font-size:clamp(16.834px, 1.052rem + ((1vw - 3.2px) * 0.716), 26px);\">Rusya halk\u0131, Avustralya\u2019n\u0131n \u0130kinci D\u00fcnya Sava\u015f\u0131 s\u0131ras\u0131nda Nazizme kar\u015f\u0131 m\u00fccadelede Sovyetler Birli\u011fi ile ittifak\u0131n\u0131 hat\u0131rlamaktad\u0131r. Daha sonra uluslar\u0131m\u0131z dostane ve kar\u015f\u0131l\u0131kl\u0131 yarar sa\u011flayan ili\u015fkiler s\u00fcrd\u00fcrm\u00fc\u015ft\u00fcr. Ne yaz\u0131k ki bug\u00fcn ikili temaslar neredeyse t\u00fcm alanlarda k\u0131s\u0131tland\u0131\u011f\u0131 i\u00e7in bu ge\u00e7mi\u015fte kald\u0131. Canberra\u2019n\u0131n Asya-Pasifik b\u00f6lgesinde kurulmakta olan kapal\u0131 u\u00e7lu bloklara aktif kat\u0131l\u0131m\u0131ndan endi\u015fe duyuyoruz zira bu durum d\u00fcnyan\u0131n bu b\u00f6lgesindeki g\u00fcven ve i\u015fbirli\u011fi ortam\u0131n\u0131 zedelemektedir.<\/p>\n\n\n\n<p style=\"font-size:clamp(16.834px, 1.052rem + ((1vw - 3.2px) * 0.716), 26px);\"><strong>Moritanya \u0130slam Cumhuriyeti<\/strong><\/p>\n\n\n\n<p style=\"font-size:clamp(16.834px, 1.052rem + ((1vw - 3.2px) * 0.716), 26px);\">Moritanya \u0130slam Cumhuriyeti ile ili\u015fkilerimiz, k\u00f6kl\u00fc dostluk ve kar\u015f\u0131l\u0131kl\u0131 anlay\u0131\u015f gelenekleri g\u00f6z \u00f6n\u00fcnde bulundurularak e\u015fitlik ve kar\u015f\u0131l\u0131kl\u0131 fayda temelinde geli\u015fmektedir. \u00d6zellikle deniz bal\u0131k\u00e7\u0131l\u0131\u011f\u0131 alan\u0131nda olmak \u00fczere, ikili ekonomik ba\u011flar\u0131n geni\u015fletilmesi i\u00e7in geni\u015f f\u0131rsatlar g\u00f6r\u00fcyoruz. Ayr\u0131ca, Arap ve Afrika b\u00f6lgesel meselelerinde koordinasyonu artt\u0131rmay\u0131 hedefliyoruz.<\/p>\n\n\n\n<p style=\"font-size:clamp(16.834px, 1.052rem + ((1vw - 3.2px) * 0.716), 26px);\"><strong>\u0130ngiltere<\/strong><\/p>\n\n\n\n<p style=\"font-size:clamp(16.834px, 1.052rem + ((1vw - 3.2px) * 0.716), 26px);\">B\u00fcy\u00fck Britanya ile ili\u015fkilerimize d\u00f6necek olursak, k\u0131sa bir s\u00fcre \u00f6nce modern uluslararas\u0131 ili\u015fkiler sisteminin temellerini atan \u00fc\u00e7 m\u00fcttefik g\u00fcc\u00fcn Tahran Konferans\u0131n\u0131n 80. y\u0131ld\u00f6n\u00fcm\u00fcn\u00fc kutlad\u0131\u011f\u0131m\u0131z\u0131 belirtmek isterim. Sava\u015f sonras\u0131 d\u00f6nemde ve yak\u0131n zamana kadar \u00fclkelerimiz, BM G\u00fcvenlik Konseyi\u2019nin daimi \u00fcyeleri olarak k\u00fcresel bar\u0131\u015f, istikrar ve g\u00fcvenli\u011fin korunmas\u0131na y\u00f6nelik \u00f6zel sorumluluk anlay\u0131\u015f\u0131 temelinde etkile\u015fim kurmu\u015ftur. &nbsp;Bununla birlikte, Londra ile mevcut diyalo\u011fumuzun ideal olmad\u0131\u011f\u0131 iyi bilinmektedir. Bu durumun iki \u00fclkenin menfaatleri do\u011frultusunda daha iyiye do\u011fru de\u011fi\u015fece\u011fini \u00fcmit ediyoruz.<\/p>\n\n\n\n<p style=\"font-size:clamp(16.834px, 1.052rem + ((1vw - 3.2px) * 0.716), 26px);\"><strong>T\u00fcrkmenistan<\/strong><\/p>\n\n\n\n<p style=\"font-size:clamp(16.834px, 1.052rem + ((1vw - 3.2px) * 0.716), 26px);\">Dost T\u00fcrkmenistan ile \u00e7ok y\u00f6nl\u00fc i\u015fbirli\u011fi geli\u015ftiriyoruz. Siyasi ve ekonomik ba\u011flar\u0131m\u0131z, parlamentolar, b\u00f6lgeler ve kamuoyu arac\u0131l\u0131\u011f\u0131yla geni\u015f bir yelpazedeki temaslarla tamamlanmaktad\u0131r. \u0130nsani yard\u0131m alan\u0131nda, Rus-T\u00fcrkmen \u00dcniversitesi\u2019nin kurulmas\u0131, Rus Devlet Drama Tiyatrosu i\u00e7in yeni bir binan\u0131n in\u015fas\u0131 ve A\u015fkabat\u2019taki Pu\u015fkin Ortak Ortaokulu i\u00e7in ek bir bina in\u015fa edilmesi kayda de\u011fer projelerdir.Rusya, T\u00fcrkmenistan\u2019\u0131n daimi tarafs\u0131zl\u0131k politikas\u0131na b\u00fcy\u00fck sayg\u0131 duymaktad\u0131r. \u00c7ok tarafl\u0131 platformlarda, \u00f6zellikle BDT (\u00e7.n. Ba\u011f\u0131ms\u0131z Devletler Toplulu\u011fu), Hazar Be\u015flisi ve Orta Asya art\u0131 Rusya format\u0131nda verimli i\u015fbirli\u011fini s\u00fcrd\u00fcrmeye haz\u0131r\u0131z.<\/p>\n\n\n\n<p style=\"font-size:clamp(16.834px, 1.052rem + ((1vw - 3.2px) * 0.716), 26px);\"><strong>\u201cYunanistan \u0130le Mevcut Durumdan Endi\u015feliyiz\u201d<\/strong><\/p>\n\n\n\n<p style=\"font-size:clamp(16.834px, 1.052rem + ((1vw - 3.2px) * 0.716), 26px);\">Rusya ve Yunanistan aras\u0131ndaki ili\u015fkiler s\u00f6z konusu oldu\u011funda, iki y\u00fczy\u0131l\u0131 a\u015fk\u0131n bir s\u00fcredir yap\u0131c\u0131 ve dostane bir i\u015fbirli\u011fi tesis etmeye \u00f6zen g\u00f6sterdik. Bu, her iki \u00fclkenin de ekonomi ve insani alanda iyi sonu\u00e7lar elde etmesine yard\u0131mc\u0131 oldu. Bu nedenle ikili ili\u015fkilerimizdeki mevcut durumdan endi\u015fe duymaktan kendimizi alam\u0131yoruz. Rus ve Yunan halklar\u0131 aras\u0131ndaki geleneksel manevi yak\u0131nl\u0131k, kar\u015f\u0131l\u0131kl\u0131 sevgi ve sayg\u0131 ba\u011flar\u0131n\u0131n, \u00fclkelerimiz aras\u0131ndaki kar\u015f\u0131l\u0131kl\u0131 fayda sa\u011flayan i\u015fbirli\u011finin ve normal ticari ili\u015fkilerin yeniden canlanmas\u0131na yard\u0131mc\u0131 olaca\u011f\u0131n\u0131 \u00fcmit edebiliriz.<\/p>\n\n\n\n<p style=\"font-size:clamp(16.834px, 1.052rem + ((1vw - 3.2px) * 0.716), 26px);\"><strong>Dominik Cumhuriyeti<\/strong><\/p>\n\n\n\n<p style=\"font-size:clamp(16.834px, 1.052rem + ((1vw - 3.2px) * 0.716), 26px);\">Son y\u0131llarda Dominik Cumhuriyeti ile ili\u015fkilerimiz giderek daha dinamik bir hal alm\u0131\u015ft\u0131r. Bir\u00e7ok a\u00e7\u0131dan bu durum, \u00fclkenizin do\u011fal g\u00fczelli\u011fi ve sundu\u011fu geni\u015f dinlenme ve e\u011flenme imk\u00e2nlar\u0131n\u0131n cazibesine kap\u0131lan Rus turist say\u0131s\u0131ndaki kayda de\u011fer art\u0131\u015f\u0131n bir sonucudur. Dominik Cumhuriyeti ile siyasi, ekonomik ve k\u00fclt\u00fcrel i\u015fbirli\u011fini geli\u015ftirmeye ilgi duymam\u0131z son derece do\u011fald\u0131r. Dominiklilerin Rusya\u2019da y\u00fcksek \u00f6\u011frenim g\u00f6rme konusunda istekli olduklar\u0131 g\u00f6z \u00f6n\u00fcnde bulunduruldu\u011funda, vatanda\u015flar\u0131n\u0131z i\u00e7in burs kontenjan\u0131n\u0131 artt\u0131raca\u011f\u0131z.<\/p>\n","protected":false},"excerpt":{"rendered":"<p>Rus Lideri Putin: Tek Kutupluluktan \u00c7ok Kutuplulu\u011fa Ge\u00e7i\u015f Geri D\u00f6nd\u00fcr\u00fclemez Bir Trend Enerji sekt\u00f6r\u00fcnde Rus-T\u00fcrk i\u015fbirli\u011fi stratejik \u00c7eviren&nbsp; Berke Mustafa Berkil- Teori Dergisi Rusya Federasyonu Devlet Ba\u015fkan\u0131 Vladimir Putin\u2019in, yeni atanan 21 yabanc\u0131 b\u00fcy\u00fckel\u00e7inin g\u00fcven mektuplar\u0131n\u0131 kabul etti\u011fi t\u00f6rende yapt\u0131\u011f\u0131 4 Aral\u0131k 2023 de yapt\u0131\u011f\u0131 konu\u015fma \u2026K\u00fcresel siyaset ve ekonomide kriz olgular\u0131n\u0131n artt\u0131\u011f\u0131 ve b\u00f6lgesel [&hellip;]<\/p>\n","protected":false},"author":1,"featured_media":0,"comment_status":"open","ping_status":"open","sticky":false,"template":"","format":"standard","meta":{"_monsterinsights_skip_tracking":false,"_monsterinsights_sitenote_active":false,"_monsterinsights_sitenote_note":"","_monsterinsights_sitenote_category":0,"footnotes":""},"categories":[5],"tags":[],"class_list":["post-3601","post","type-post","status-publish","format-standard","hentry","category-dunya-sosyalizmi"],"blocksy_meta":[],"_links":{"self":[{"href":"https:\/\/marksizm.org.tr\/index.php?rest_route=\/wp\/v2\/posts\/3601","targetHints":{"allow":["GET"]}}],"collection":[{"href":"https:\/\/marksizm.org.tr\/index.php?rest_route=\/wp\/v2\/posts"}],"about":[{"href":"https:\/\/marksizm.org.tr\/index.php?rest_route=\/wp\/v2\/types\/post"}],"author":[{"embeddable":true,"href":"https:\/\/marksizm.org.tr\/index.php?rest_route=\/wp\/v2\/users\/1"}],"replies":[{"embeddable":true,"href":"https:\/\/marksizm.org.tr\/index.php?rest_route=%2Fwp%2Fv2%2Fcomments&post=3601"}],"version-history":[{"count":1,"href":"https:\/\/marksizm.org.tr\/index.php?rest_route=\/wp\/v2\/posts\/3601\/revisions"}],"predecessor-version":[{"id":3602,"href":"https:\/\/marksizm.org.tr\/index.php?rest_route=\/wp\/v2\/posts\/3601\/revisions\/3602"}],"wp:attachment":[{"href":"https:\/\/marksizm.org.tr\/index.php?rest_route=%2Fwp%2Fv2%2Fmedia&parent=3601"}],"wp:term":[{"taxonomy":"category","embeddable":true,"href":"https:\/\/marksizm.org.tr\/index.php?rest_route=%2Fwp%2Fv2%2Fcategories&post=3601"},{"taxonomy":"post_tag","embeddable":true,"href":"https:\/\/marksizm.org.tr\/index.php?rest_route=%2Fwp%2Fv2%2Ftags&post=3601"}],"curies":[{"name":"wp","href":"https:\/\/api.w.org\/{rel}","templated":true}]}}