{"id":3639,"date":"2024-04-02T21:43:20","date_gmt":"2024-04-02T21:43:20","guid":{"rendered":"https:\/\/marksizm.org.tr\/?p=3639"},"modified":"2024-04-02T21:43:20","modified_gmt":"2024-04-02T21:43:20","slug":"kendi-meclisimizin-ulkemizi-esaret-altina-soktugu-gun-71-yil-once-bugun-tbmm-turkiyenin-nato-uyeligini-onayladi","status":"publish","type":"post","link":"https:\/\/marksizm.org.tr\/?p=3639","title":{"rendered":"Kendi meclisimizin, \u00fclkemizi esaret alt\u0131na soktu\u011fu g\u00fcn: 71 y\u0131l \u00f6nce bug\u00fcn, TBMM T\u00fcrkiye&#8217;nin NATO \u00fcyeli\u011fini onaylad\u0131"},"content":{"rendered":"\n<h1 class=\"wp-block-heading\">Kendi meclisimizin, \u00fclkemizi esaret alt\u0131na soktu\u011fu g\u00fcn: 71 y\u0131l \u00f6nce bug\u00fcn, TBMM T\u00fcrkiye&#8217;nin NATO \u00fcyeli\u011fini onaylad\u0131<\/h1>\n\n\n\n<h2 class=\"wp-block-heading\"><strong>Erkin \u00d6ncan, <\/strong>18 \u015eubat 2023<\/h2>\n\n\n\n<p>\ufeff<\/p>\n\n\n\n<figure class=\"wp-block-image aligncenter size-full\" id=\"block-1191f02e-68dc-4d65-9ae7-ba2b746f11b2\"><img decoding=\"async\" src=\"https:\/\/sosyalistbirlik.com\/wp-content\/uploads\/2024\/01\/7367e912-95e0-45da-ba0c-a3c62d22be5e_1280x720.webp\" alt=\"\" class=\"wp-image-6320\"\/><\/figure>\n\n\n\n<p id=\"block-637a9fb6-0a37-4359-9c49-63037bc5e746\"><\/p>\n\n\n\n<p style=\"font-size:clamp(16.834px, 1.052rem + ((1vw - 3.2px) * 0.716), 26px);\">19. yy.&#8217;da Avrupa&#8217;da dola\u015fmakta olan \u2018kom\u00fcnizm hayaleti\u2019 ve halklar aras\u0131nda y\u00fckselmekte olan e\u015fitlik ve \u00f6zg\u00fcrl\u00fck fikirleri , 1900&#8217;lerin ilk yar\u0131s\u0131ndan itibaren patlak vermeye ba\u015flayan sosyalist devrimler ve ulusal kurtulu\u015f hareketleri zinciriyle bir \u2018hayaletten\u2019 \u00e7ok daha fazlas\u0131 haline gelmi\u015fti. D\u00fcnya \u00e7ap\u0131nda ezilen halklar\u0131n ayaklanmalar\u0131 ve devrimler, emperyalizmin k\u00fcresel s\u00f6m\u00fcr\u00fc sisteminin \u00f6n\u00fcnde duran en b\u00fcy\u00fck engel haline gelmekteydi.<\/p>\n\n\n\n<p style=\"font-size:clamp(16.834px, 1.052rem + ((1vw - 3.2px) * 0.716), 26px);\">Bu engelin kald\u0131r\u0131lmas\u0131 i\u00e7in emperyalizmin bir araca ihtiyac\u0131 vard\u0131. Y\u00fckselen anti &#8211; emperyalist halk hareketleri neticesinde NATO, emperyalizm taraf\u0131ndan \u2018kom\u00fcnizm tehdidi\u2019 bahanesiyle d\u00fcnya \u00e7ap\u0131nda her t\u00fcrl\u00fc sosyalist, devrimci, ba\u011f\u0131ms\u0131zl\u0131k\u00e7\u0131, anti &#8211; emperyalist oda\u011fa kar\u015f\u0131 konumlanmak \u00fczere yap\u0131land\u0131r\u0131ld\u0131. Emperyalizmin bu en b\u00fcy\u00fck ayg\u0131t\u0131n\u0131n kendine me\u015fruiyet yaratmak ama\u00e7l\u0131 kulland\u0131\u011f\u0131 en b\u00fcy\u00fck arg\u00fcman\u0131, \u2018olas\u0131 bir Sovyet i\u015fgalinden\u2019 ba\u015fkas\u0131 olamazd\u0131.<\/p>\n\n\n\n<p style=\"font-size:clamp(16.834px, 1.052rem + ((1vw - 3.2px) * 0.716), 26px);\">1950&#8217;ler T\u00fcrkiye\u2019sinde ise, T\u00fcrk hakim s\u0131n\u0131flar\u0131, zaten do\u011fas\u0131 gere\u011fi yar\u0131m kalmaya mahkum olan Kemalist Devrim&#8217;in tasfiyesi i\u00e7in \u00e7oktan kollar\u0131 s\u0131vam\u0131\u015ft\u0131.<\/p>\n\n\n\n<p style=\"font-size:clamp(16.834px, 1.052rem + ((1vw - 3.2px) * 0.716), 26px);\">Konumu itibariyle \u00fclkemiz, emperyalizmin ta\u015f\u0131yaca\u011f\u0131 y\u0131k\u0131m i\u00e7in b\u00f6lgenin \u2018ileri karakolu\u2019 olmaya adayd\u0131 ve i\u015fbirlik\u00e7i Menderes h\u00fck\u00fcmeti de bu karakolun bek\u00e7ili\u011fi i\u00e7in bi\u00e7ilmi\u015f kaftand\u0131. Dolay\u0131s\u0131yla, yo\u011fun antikom\u00fcnist propaganda ve s\u0131k\u00e7a dile getirilen \u2018Sovyet tehdidi\u2019 de \u00fclkemizin K\u00fc\u00e7\u00fck Amerika s\u00fcrecine giri\u015finin parolas\u0131yd\u0131.<\/p>\n\n\n\n<p style=\"font-size:clamp(16.834px, 1.052rem + ((1vw - 3.2px) * 0.716), 26px);\">1950\u2019ye gelindi\u011finde ise, 30 k\u00fcsur sene \u00f6nce Kurtulu\u015f Sava\u015f\u0131\u2019nda emperyalizme ate\u015flenen silahlar, bu su\u00e7 ittifak\u0131na dahil olabilmek ad\u0131na, bizim olmayan bir sava\u015fta, bu sefer devrimcilere kar\u015f\u0131 s\u0131k\u0131ld\u0131.<\/p>\n\n\n\n<p style=\"font-size:clamp(16.834px, 1.052rem + ((1vw - 3.2px) * 0.716), 26px);\">\u00dclkemizin NATO&#8217;ya dahil edildi\u011fi anla\u015fma, Mehmet\u00e7i\u011fin kan\u0131 emperyalizme pe\u015fke\u015f \u00e7ekilerek imzaland\u0131. Halk \u00e7ocuklar\u0131, ABD\u2019nin \u00e7\u0131karlar\u0131 u\u011fruna, \u00f6zg\u00fcrl\u00fckleri i\u00e7in m\u00fccadele eden Korelilerin ve \u00c7inlilerin kar\u015f\u0131s\u0131na dikildi. Ordumuz \u2018devrim ordusu\u2019 niteli\u011fini daha o zaman kaybetti. Haks\u0131z sava\u015f\u0131n taraf\u0131 oldu, vatan savunmas\u0131 haricinde sava\u015ft\u0131, cinayete ortak oldu.<\/p>\n\n\n\n<p style=\"font-size:clamp(16.834px, 1.052rem + ((1vw - 3.2px) * 0.716), 26px);\">O tarihten itibaren \u00fclkemizin Milli G\u00fcvenlik Strateji&#8217;sinden \u2018tehdit alg\u0131lar\u0131na\u2019, ordu yap\u0131lanmas\u0131ndan askeri planlamalara kadar, NATO, yani ABD\u2019nin askeri ve politik \u00e7\u0131karlar\u0131na g\u00f6re yeniden \u015fekillendirildi.<\/p>\n\n\n\n<p style=\"font-size:clamp(16.834px, 1.052rem + ((1vw - 3.2px) * 0.716), 26px);\">Bu \u2018K\u00fc\u00e7\u00fck Amerika\u2019 s\u00fcreci, beraberinde Amerikan istihbarat\u0131n\u0131n yaratt\u0131\u011f\u0131 M\u0130T\u2019i, Seferberlik Tetkik Kurulu ve \u00d6zel Harp Dairesi gibi cinayet \u015febekelerini, i\u00e7i bo\u015falt\u0131lan, ayd\u0131nlanmac\u0131 kimli\u011fi t\u00f6rp\u00fclenen yeni T\u00fcrk milliyet\u00e7ili\u011fini, CIA\u2019in planlar\u0131n\u0131n sokak g\u00fcc\u00fc \u00fclk\u00fcc\u00fc \u00e7eteleri, faili me\u00e7hul cinayetleri, devrimcilere ve halka y\u00f6nelik katliamlar\u0131, Kontrgerilla&#8217;y\u0131 getirdi.<\/p>\n\n\n\n<p style=\"font-size:clamp(16.834px, 1.052rem + ((1vw - 3.2px) * 0.716), 26px);\">NATO \u00fcyesi b\u00fct\u00fcn \u00fclkelerde faliyet g\u00f6steren Kontrgerilla i\u00e7in, sadece devrimciler de\u011fil, \u2018\u00e7izgiden \u00e7\u0131kan\u2019 herkes hedef haline gelebilirdi.<\/p>\n\n\n\n<p style=\"font-size:clamp(16.834px, 1.052rem + ((1vw - 3.2px) * 0.716), 26px);\">Kontrgerilla, 1 May\u0131s 1977, Kasaplarderesi, K\u0131z\u0131ldere katliam\u0131 ve daha bir\u00e7ok \u00f6rnekte oldu\u011fu gibi, devrimcilere ve halka y\u00f6nelik kitlesel katliamlar ve provokasyonun faillerinin ak\u0131l hocas\u0131yd\u0131, y\u00f6nlendiricisiydi.<\/p>\n\n\n\n<p style=\"font-size:clamp(16.834px, 1.052rem + ((1vw - 3.2px) * 0.716), 26px);\">Bug\u00fcn \u00fclkemiz i\u00e7in karanl\u0131k bir g\u00fcn\u00fcn y\u0131l d\u00f6n\u00fcm\u00fc.<\/p>\n\n\n\n<p style=\"font-size:clamp(16.834px, 1.052rem + ((1vw - 3.2px) * 0.716), 26px);\">71 y\u0131l \u00f6nce bug\u00fcn, TBMM, \u00fclkemizin NATO \u00fcyeli\u011fini onaylad\u0131. 3 g\u00fcn sonra da, 21 \u015eubat g\u00fcn\u00fc T\u00fcrkiye resmen NATO \u00fcyesi olacakt\u0131. Kendi meclisimiz, \u00fclkemizi bile isteye esaret alt\u0131na soktu. O g\u00fcn bu g\u00fcnd\u00fcr esaret alt\u0131nday\u0131z.<\/p>\n\n\n\n<p style=\"font-size:clamp(16.834px, 1.052rem + ((1vw - 3.2px) * 0.716), 26px);\">Bug\u00fcn birinci vazifemiz ise bu zincirden kurtulmak.<\/p>\n\n\n\n<p style=\"font-size:clamp(16.834px, 1.052rem + ((1vw - 3.2px) * 0.716), 26px);\"><a href=\"https:\/\/erknoncn.substack.com\/p\/kendi-meclisimizin-ulkemizi-esaret?utm_source=profile&amp;utm_medium=reader2\">https:\/\/erknoncn.substack.com\/p\/kendi-meclisimizin-ulkemizi-esaret?utm_source=profile&amp;utm_medium=reader2<\/a><\/p>\n","protected":false},"excerpt":{"rendered":"<p>Kendi meclisimizin, \u00fclkemizi esaret alt\u0131na soktu\u011fu g\u00fcn: 71 y\u0131l \u00f6nce bug\u00fcn, TBMM T\u00fcrkiye&#8217;nin NATO \u00fcyeli\u011fini onaylad\u0131 Erkin \u00d6ncan, 18 \u015eubat 2023 \ufeff 19. yy.&#8217;da Avrupa&#8217;da dola\u015fmakta olan \u2018kom\u00fcnizm hayaleti\u2019 ve halklar aras\u0131nda y\u00fckselmekte olan e\u015fitlik ve \u00f6zg\u00fcrl\u00fck fikirleri , 1900&#8217;lerin ilk yar\u0131s\u0131ndan itibaren patlak vermeye ba\u015flayan sosyalist devrimler ve ulusal kurtulu\u015f hareketleri zinciriyle bir \u2018hayaletten\u2019 [&hellip;]<\/p>\n","protected":false},"author":1,"featured_media":0,"comment_status":"open","ping_status":"open","sticky":false,"template":"","format":"standard","meta":{"_monsterinsights_skip_tracking":false,"_monsterinsights_sitenote_active":false,"_monsterinsights_sitenote_note":"","_monsterinsights_sitenote_category":0,"footnotes":""},"categories":[4],"tags":[],"class_list":["post-3639","post","type-post","status-publish","format-standard","hentry","category-turkiye-sosyalizmi"],"blocksy_meta":[],"_links":{"self":[{"href":"https:\/\/marksizm.org.tr\/index.php?rest_route=\/wp\/v2\/posts\/3639","targetHints":{"allow":["GET"]}}],"collection":[{"href":"https:\/\/marksizm.org.tr\/index.php?rest_route=\/wp\/v2\/posts"}],"about":[{"href":"https:\/\/marksizm.org.tr\/index.php?rest_route=\/wp\/v2\/types\/post"}],"author":[{"embeddable":true,"href":"https:\/\/marksizm.org.tr\/index.php?rest_route=\/wp\/v2\/users\/1"}],"replies":[{"embeddable":true,"href":"https:\/\/marksizm.org.tr\/index.php?rest_route=%2Fwp%2Fv2%2Fcomments&post=3639"}],"version-history":[{"count":1,"href":"https:\/\/marksizm.org.tr\/index.php?rest_route=\/wp\/v2\/posts\/3639\/revisions"}],"predecessor-version":[{"id":3640,"href":"https:\/\/marksizm.org.tr\/index.php?rest_route=\/wp\/v2\/posts\/3639\/revisions\/3640"}],"wp:attachment":[{"href":"https:\/\/marksizm.org.tr\/index.php?rest_route=%2Fwp%2Fv2%2Fmedia&parent=3639"}],"wp:term":[{"taxonomy":"category","embeddable":true,"href":"https:\/\/marksizm.org.tr\/index.php?rest_route=%2Fwp%2Fv2%2Fcategories&post=3639"},{"taxonomy":"post_tag","embeddable":true,"href":"https:\/\/marksizm.org.tr\/index.php?rest_route=%2Fwp%2Fv2%2Ftags&post=3639"}],"curies":[{"name":"wp","href":"https:\/\/api.w.org\/{rel}","templated":true}]}}