{"id":3689,"date":"2024-04-02T22:29:40","date_gmt":"2024-04-02T22:29:40","guid":{"rendered":"https:\/\/marksizm.org.tr\/?p=3689"},"modified":"2024-04-02T22:29:40","modified_gmt":"2024-04-02T22:29:40","slug":"afrikanin-ilerici-ulkeleri-ile-iyi-iliskiler-daha-ileri-duzeyde-devam-ediyor","status":"publish","type":"post","link":"https:\/\/marksizm.org.tr\/?p=3689","title":{"rendered":"Afrika&#8217;n\u0131n \u0130lerici \u00dclkeleri ile \u0130yi \u0130li\u015fkiler Daha \u0130leri D\u00fczeyde Devam Ediyor"},"content":{"rendered":"\n<h1 class=\"wp-block-heading\">Afrika&#8217;n\u0131n \u0130lerici \u00dclkeleri ile \u0130yi \u0130li\u015fkiler Daha \u0130leri D\u00fczeyde Devam Ediyor<\/h1>\n\n\n\n<h1 class=\"wp-block-heading\"><strong>Mozambik, Angola, Botswana, \u00c7in, Vietnam, K\u00fcba, Rusya Hegemonyac\u0131l\u0131\u011fa Kar\u015f\u0131 \u0130\u015fbirli\u011fi \u0130\u00e7inde<\/strong><\/h1>\n\n\n\n<h2 class=\"wp-block-heading\"><strong>Katk\u0131da bulunan: Timur Kaplan<\/strong><\/h2>\n\n\n\n<p style=\"font-size:clamp(16.834px, 1.052rem + ((1vw - 3.2px) * 0.716), 26px);\"><strong>Giri\u015f: K\u00fcba, \u00c7in, Vietnam Sovyetler Birli\u011fi, Eski Sosyalist Kamp \u00dclkeleri Afrika\u2019n\u0131n Kurtulu\u015f sava\u015flar\u0131na b\u00fcy\u00fck destek verdiler.&nbsp;<\/strong><strong>Ekonomik kalk\u0131nma ve teknolojik geli\u015fmeye, sa\u011fl\u0131k ve toplumsal geli\u015fmeye katk\u0131lar artarak devam ediyor. Rusya, Sovyet miras\u0131n\u0131 devralarak Afrika\u2019ya her alanda destek vermeye devam ediyor. Bu yaz\u0131 baz\u0131 eksiklere kar\u015f\u0131n bu konuda par\u00e7al\u0131 bir fikir verebilir.<\/strong><\/p>\n\n\n\n<h2 class=\"wp-block-heading\"><strong>Mozambik ile \u0130li\u015fkiler:&nbsp;&nbsp;<\/strong><\/h2>\n\n\n\n<p style=\"font-size:clamp(16.834px, 1.052rem + ((1vw - 3.2px) * 0.716), 26px);\">Mozambik, y\u00fcz\u00f6l\u00e7\u00fcm\u00fc olarak T\u00fcrkiye&#8217;den biraz b\u00fcy\u00fck olan, 31 Milyon n\u00fcfuslu, Afrika k\u0131tas\u0131n\u0131n g\u00fcneydo\u011fusunda okyanus k\u0131y\u0131s\u0131nda yer alan bir \u00fclke.<\/p>\n\n\n\n<p style=\"font-size:clamp(16.834px, 1.052rem + ((1vw - 3.2px) * 0.716), 26px);\">\u00c7in-Mozambik ili\u015fkileri, \u00c7in&#8217;in Mozambik&#8217;in Marksist y\u00f6nelimli FRELIMO&nbsp;(Liberation Front of Mozambique)&nbsp;partisinin Portekiz s\u00f6m\u00fcrgecili\u011fine kar\u015f\u0131 m\u00fccadelesini desteklemeye ba\u015flad\u0131\u011f\u0131 1960&#8217;lara kadar uzan\u0131yor. Bu parti anti-emperyalist, anti-s\u00f6m\u00fcrgeci demokratik sosyalist bir partidir. G\u00fc\u00e7l\u00fc kitle deste\u011fi vard\u0131r. Mozambik 134 \u00fclkenin \u00fcye oldu\u011fu, G77+\u00c7in ba\u011flant\u0131s\u0131zlar hareketinin \u00fcyesidir.<\/p>\n\n\n\n<p style=\"font-size:clamp(16.834px, 1.052rem + ((1vw - 3.2px) * 0.716), 26px);\">\u00c7in ile Diplomatik ili\u015fkiler, Mozambik&#8217;in Portekiz&#8217;den ba\u011f\u0131ms\u0131zl\u0131\u011f\u0131n\u0131 kazanmas\u0131ndan k\u0131sa bir s\u00fcre sonra, 25 Haziran 1975&#8217;te resmen kuruldu. Kas\u0131m 2006&#8217;da Mozambik, \u00c7in&#8217;in resmi turizm zziyaret \u00fclkeleri listesine eklenen 13. Afrika \u00fclkesi oldu. Bu \u00fclkenin Rusya, K\u00fcba, Vietnam ile&nbsp;&nbsp;de \u00e7ok iyi ili\u015fkileri bulunuyor.<\/p>\n\n\n\n<p style=\"font-size:clamp(16.834px, 1.052rem + ((1vw - 3.2px) * 0.716), 26px);\">\u00c7in Halk Cumhuriyeti Devlet Ba\u015fkan\u0131 Hu Jintao, \u015eubat 2007&#8217;de Mozambik&#8217;e resmi bir ziyaret ger\u00e7ekle\u015ftirdi ve bu ziyaret s\u0131ras\u0131nda kendisi ve Mozambik Devlet Ba\u015fkan\u0131 Armando Guebuza, ekonomi, teknoloji, tar\u0131m, e\u011fitim ve spor alanlar\u0131nda daha fazla i\u015fbirli\u011fi s\u00f6z\u00fc verdi. \u015eanghay ve ba\u015fkent Maputo karde\u015f \u015fehir ili\u015fkisini payla\u015f\u0131yor.<\/p>\n\n\n\n<p style=\"font-size:clamp(16.834px, 1.052rem + ((1vw - 3.2px) * 0.716), 26px);\">Haziran 2020&#8217;de Mozambik, Birle\u015fmi\u015f Milletler&#8217;de sosyalist \u00c7in&#8217;in Hong Kong Demokratikle\u015fme ve ulusal g\u00fcvenlik yasas\u0131n\u0131 destekleyen 53 \u00fclkeden biriydi.<\/p>\n\n\n\n<p style=\"font-size:clamp(16.834px, 1.052rem + ((1vw - 3.2px) * 0.716), 26px);\">\u00c7in, a\u011f\u0131rl\u0131kl\u0131 olarak Mozambik&#8217;ten tar\u0131m ve bal\u0131k\u00e7\u0131l\u0131k \u00fcr\u00fcnleri ithal ediyor, ancak \u00e7ok az hammadde ithal ederken, mamul mal ve makine ihra\u00e7 ediyor. 2004 ile 2006 aras\u0131nda, ikili ticaretin de\u011feri \u00fc\u00e7 kat\u0131na \u00e7\u0131karak 70 milyon ABD Dolar\u0131ndan 210 milyon ABD Dolar\u0131na \u00e7\u0131karak \u00c7in&#8217;i Mozambik&#8217;in G\u00fcney Afrika ve Portekiz&#8217;in ard\u0131ndan en b\u00fcy\u00fck \u00fc\u00e7 ticaret orta\u011f\u0131ndan biri haline getirdi.<\/p>\n\n\n\n<p style=\"font-size:clamp(16.834px, 1.052rem + ((1vw - 3.2px) * 0.716), 26px);\">\u00c7in ayr\u0131ca Mozambik&#8217;in in\u015faat sekt\u00f6r\u00fcnde giderek daha \u00f6nemli bir oyuncu haline geldi; Mozambik&#8217;in yeni yol in\u015faat\u0131n\u0131n \u00fc\u00e7te birinden fazlas\u0131 art\u0131k \u00c7inli m\u00fcteahhitler taraf\u0131ndan ger\u00e7ekle\u015ftiriliyor. Di\u011fer \u00fclkelerdeki m\u00fcteahhitler, y\u00fcksek maliyetler nedeniyle i\u015flerini kaybediyor, \u00c7inli m\u00fcteahhitlerin yerel halka beceri veya teknoloji transferi i\u00e7in hi\u00e7bir \u00e7aba g\u00f6stermedi\u011finden ve yerel veya b\u00f6lgesel i\u015f\u00e7i ta\u015feronlar\u0131ndan faydalanmad\u0131klar\u0131ndan, bunun yerine kendi \u00e7al\u0131\u015fanlar\u0131n\u0131 ithal etmeyi tercih etti\u011finden \u015fikayet ediyorlar. Bununla birlikte, \u00c7in taraf\u0131ndan i\u015fletilen in\u015faat \u015fantiyeleri daha iyi organize edilmi\u015ftir ve \u00e7ok daha d\u00fc\u015f\u00fck bir h\u0131rs\u0131zl\u0131k oran\u0131na sahiptir. 2012&#8217;nin ilk 10 ay\u0131nda, kar\u015f\u0131l\u0131kl\u0131 ticaretin de\u011feri 1,1 milyar ABD dolar\u0131yd\u0131 ve Mozambik, \u00c7in&#8217;in 23. en b\u00fcy\u00fck ticaret orta\u011f\u0131yd\u0131.<\/p>\n\n\n\n<p style=\"font-size:clamp(16.834px, 1.052rem + ((1vw - 3.2px) * 0.716), 26px);\">\u00c7in, ticaretin yan\u0131 s\u0131ra Mozambik&#8217;e de kalk\u0131nma yard\u0131m\u0131 sa\u011flamaya ba\u015flad\u0131. \u00c7in \u0130hracat-\u0130thalat Bankas\u0131 Mozambik&#8217;e altyap\u0131 in\u015faat\u0131 i\u00e7in ekonomik yumu\u015fak krediler verdi, \u00f6rne\u011fin 2006&#8217;da 60 milyon ABD Dolar\u0131 sa\u011flad\u0131. Bor\u00e7 aff\u0131: 2001&#8217;de 22 milyon ABD Dolar\u0131 ve 2007&#8217;de 30 milyon ABD Dolar\u0131n\u0131 affederek \u00fclkenin \u00c7in&#8217;e olan borcunun b\u00fcy\u00fck bir b\u00f6l\u00fcm\u00fcn\u00fc iki kez iptal etti. \u00c7inliler Ulusal parlamento binas\u0131 ve ulusal stadyum gibi bir dizi h\u00fck\u00fcmet binas\u0131n\u0131 ve kamu tesisini \u00fccretsiz olarak in\u015fa ettiler. Yard\u0131m Data verilerine g\u00f6re, 2000&#8217;den 2012&#8217;ye kadar \u00e7e\u015fitli bas\u0131nda \u00e7\u0131kan haberlerle Mozambik&#8217;e katk\u0131da bulunan&nbsp;&nbsp;yakla\u015f\u0131k 52 \u00c7in resmi kalk\u0131nma finansman\u0131 projesi belirlendi.<\/p>\n\n\n\n<h2 class=\"wp-block-heading\">ANGOLA\u2019DA DURUM: K\u00fcba ve \u00c7in<\/h2>\n\n\n\n<p style=\"font-size:clamp(16.834px, 1.052rem + ((1vw - 3.2px) * 0.716), 26px);\">Angola\u2019n\u0131n s\u00f6m\u00fcrge stat\u00fcs\u00fcnden kurtulu\u015funda K\u00fcba, Sovyetler ve \u00c7in\u2019in n\u00fcy\u00fck katk\u0131s\u0131 oldu.<\/p>\n\n\n\n<p style=\"font-size:clamp(16.834px, 1.052rem + ((1vw - 3.2px) * 0.716), 26px);\">Angola ve K\u00fcba m\u00fckemmel siyasi ve diplomatik ili\u015fkilere sahiptir. K\u00fcba ve Angola, ila\u00e7 ve biyo-teknoloji de d\u00e2hil olmak \u00fczere her iki \u00fclke ekonomisi i\u00e7in stratejik olan bir\u00e7ok sekt\u00f6rde ba\u011flant\u0131lar\u0131n\u0131 s\u00fcrd\u00fcrmekte ve e\u011fitim, tar\u0131m ve k\u00fclt\u00fcr alanlar\u0131ndaki anla\u015fmalar\u0131 te\u015fvik etmektedir.<\/p>\n\n\n\n<p style=\"font-size:clamp(16.834px, 1.052rem + ((1vw - 3.2px) * 0.716), 26px);\">Havana ve Angola \u015fu anda Mariel \u00d6zel Kalk\u0131nma B\u00f6lgesi ile Angola&#8217;daki \u00d6zel Ekonomik B\u00f6lge aras\u0131ndaki ba\u011flant\u0131lar\u0131 geli\u015ftirmeye odaklanmaktad\u0131r.<\/p>\n\n\n\n<p style=\"font-size:clamp(16.834px, 1.052rem + ((1vw - 3.2px) * 0.716), 26px);\">2021 itibariyle Angola, \u00c7in&#8217;in Afrika&#8217;daki \u00fc\u00e7\u00fcnc\u00fc b\u00fcy\u00fck ticaret orta\u011f\u0131d\u0131r.&nbsp;\u00e7in angola ili\u015fkileri \u00e7in den ald\u0131\u011f\u0131 kalk\u0131nma kredilerini d\u00fcnya piyasas\u0131ndaki o g\u00fcnk\u00fc yani \u00f6nceden belirlenmi\u015f taksit program\u0131ndaki tarihteki petrol fiyatlar\u0131 \u00fczerinden geri \u00f6d\u00fcyor. Angola&#8217;da petrol i\u015fi devlet sermayesinin tekelinde..<\/p>\n\n\n\n<p style=\"font-size:clamp(16.834px, 1.052rem + ((1vw - 3.2px) * 0.716), 26px);\">Angola&#8217;n\u0131n 1960&#8217;larda ve 1970&#8217;lerde Portekiz&#8217;e kar\u015f\u0131 ulusal kurtulu\u015f hareketi s\u0131ras\u0131nda \u00c7in, Angola&#8217;daki milli kurtulu\u015f hareketlerine yard\u0131m sa\u011flad\u0131. \u00c7in, MPLA&#8217;y\u0131 destekledi, ancak daha sonra \u00c7in-Sovyet \u00e7at\u0131\u015fmas\u0131 nedeniyle FNLA ve UNITA \u00f6rg\u00fctlerini da desteklemeye ba\u015flad\u0131.<\/p>\n\n\n\n<p style=\"font-size:clamp(16.834px, 1.052rem + ((1vw - 3.2px) * 0.716), 26px);\">\u00c7in&#8217;in Sovyetler Birli\u011fi ile ili\u015fkisi bozulurken, MPLA&#8217;n\u0131n Sovyetler Birli\u011fi ile ili\u015fkisi g\u00fc\u00e7lendi ve \u00c7in MPLA&#8217;dan deste\u011fini \u00e7ekti.<\/p>\n\n\n\n<p style=\"font-size:clamp(16.834px, 1.052rem + ((1vw - 3.2px) * 0.716), 26px);\">1974&#8217;te \u00c7in, FNLA&#8217;ya silah ve e\u011fitmenlerin yan\u0131 s\u0131ra UNITA&#8217;ya silah sa\u011flad\u0131. Portekiz&#8217;deki s\u00f6m\u00fcrgecinin Angola&#8217;daki etkisini fiilen sona erdiren Karanfil Devrimi&#8217;nden sonra \u00c7in, Angola&#8217;n\u0131n \u00fc\u00e7 kurtulu\u015f hareketini &#8220;d\u0131\u015f g\u00fc\u00e7lerin m\u00fcdahalesine kar\u015f\u0131&#8221; uyard\u0131.<\/p>\n\n\n\n<p style=\"font-size:clamp(16.834px, 1.052rem + ((1vw - 3.2px) * 0.716), 26px);\">Angola 1975&#8217;te i\u00e7 sava\u015fa girdi\u011finde, \u00c7in FNLA ve UNITA&#8217;y\u0131 desteklemeye devam etti, ancak MPLA g\u00fc\u00e7 kazand\u0131k\u00e7a deste\u011fini geri \u00e7ekildi.<\/p>\n\n\n\n<p style=\"font-size:clamp(16.834px, 1.052rem + ((1vw - 3.2px) * 0.716), 26px);\">Angola&#8217;n\u0131n ba\u011f\u0131ms\u0131zl\u0131\u011f\u0131n\u0131 takiben, \u00c7in, 1970&#8217;ler boyunca yeni MPLA h\u00fck\u00fcmetiyle ili\u015fkilerini normalle\u015ftirmek i\u00e7in \u00e7ok \u00e7aba sarf etti, \u00e7\u00fcnk\u00fc MPLA&#8217;y\u0131 destekleyen Sovyetler Birli\u011fi ile olan \u00e7eli\u015fkiler hala y\u00fcksekti. &nbsp;Ancak 1982&#8217;de \u00c7in Halk Cumhuriyeti, Angola h\u00fck\u00fcmetine verdi\u011fi deste\u011fi ve ili\u015fkileri normalle\u015ftirme arzusunu a\u00e7\u0131klad\u0131. Angola Halk Cumhuriyeti, 1983 y\u0131l\u0131nda \u00c7in Halk Cumhuriyeti ile resmen ili\u015fki kurdu.<\/p>\n\n\n\n<p style=\"font-size:clamp(16.834px, 1.052rem + ((1vw - 3.2px) * 0.716), 26px);\">\u00c7in Ba\u015fbakan\u0131 Wen Jiabao, Haziran 2006&#8217;da Angola&#8217;y\u0131 ziyaret ederek, petrol kar\u015f\u0131l\u0131\u011f\u0131nda altyap\u0131 iyile\u015ftirmeleri i\u00e7in 9 milyar ABD Dolar\u0131 kredi teklif etti. \u00c7HC, 2002&#8217;de i\u00e7 sava\u015f\u0131n sona ermesinden bu yana Angola&#8217;ya b\u00fcy\u00fck yat\u0131r\u0131mlar yapt\u0131.<\/p>\n\n\n\n<p style=\"font-size:clamp(16.834px, 1.052rem + ((1vw - 3.2px) * 0.716), 26px);\">Angola Halk Cumhuriyeti ilk olarak Haziran 1984&#8217;te \u00c7in ile resmi ticari ili\u015fkiler kurdu. Bunu 1984 ve 1985&#8217;te Angola&#8217;ya Angola limanlar\u0131 i\u00e7in \u00c7in&#8217;den bir ekipman ba\u011f\u0131\u015f\u0131 da dahil olmak \u00fczere yard\u0131m paketleri izledi.<\/p>\n\n\n\n<p style=\"font-size:clamp(16.834px, 1.052rem + ((1vw - 3.2px) * 0.716), 26px);\"><strong>Angola&#8217;ya \u00c7in Kalk\u0131nma Finansman\u0131<\/strong><\/p>\n\n\n\n<p style=\"font-size:clamp(16.834px, 1.052rem + ((1vw - 3.2px) * 0.716), 26px);\">Angola, Angola \u0130\u00e7 Sava\u015f\u0131&#8217;n\u0131n sona ermesinden sonra, 2002 y\u0131l\u0131nda \u00c7in&#8217;den kalk\u0131nma deste\u011fi istedi. Angola, 2001 y\u0131l\u0131nda yard\u0131m i\u00e7in ba\u015flang\u0131\u00e7ta Uluslararas\u0131 Para Fonu&#8217;na (IMF) ba\u015fvurmu\u015ftu, ancak IMF&#8217;nin yard\u0131m paras\u0131na koydu\u011fu politik ko\u015fullar\u0131 kabul etmek istemiyordu.<\/p>\n\n\n\n<p style=\"font-size:clamp(16.834px, 1.052rem + ((1vw - 3.2px) * 0.716), 26px);\">2000 y\u0131l\u0131ndaki ilk \u00c7in-Afrika \u0130\u015fbirli\u011fi Forumu konferans\u0131ndan bu yana Pekin, Angola&#8217;da 465 milyon dolarl\u0131k kalk\u0131nma projesi tamamlad\u0131. Krediler &nbsp;2009 y\u0131l\u0131 dolar kuru olarak sabitlendi. Buna, Luanda demiryolunun rehabilitasyonu ve Quifangondo ile Mabubas aras\u0131nda 45 km&#8217;lik bir elektrik da\u011f\u0131t\u0131m hatt\u0131n\u0131n in\u015fas\u0131 i\u00e7in Exim Bank of China&#8217;dan al\u0131nan 90 milyon dolarl\u0131k kredi de dahildir. Angola ayr\u0131ca \u00c7in Exim bankas\u0131ndan \u00fclkenin altyap\u0131s\u0131n\u0131 onarmas\u0131 i\u00e7in 1 milyar dolarl\u0131k petrolle geri \u00f6deme kredisi ald\u0131.<\/p>\n\n\n\n<p style=\"font-size:clamp(16.834px, 1.052rem + ((1vw - 3.2px) * 0.716), 26px);\">2000 ve 2014 y\u0131llar\u0131 aras\u0131nda \u00c7in, \u00e7o\u011funlukla petrolle geri \u00f6deme \u015feklinde Angola&#8217;ya 21.2 milyar Dolar bor\u00e7 verdi. Ba\u015fka bir tahmine g\u00f6re, Angola&#8217;daki \u00c7in yat\u0131r\u0131m miktar\u0131n\u0131n 2005&#8217;ten 2020&#8217;ye kadar 24,7 milyar ABD dolar\u0131 oldu\u011funu belirtiliyor.<\/p>\n\n\n\n<h2 class=\"wp-block-heading\"><strong>Petrol End\u00fcstrisi ve Altyap\u0131 Deste\u011fi<\/strong><\/h2>\n\n\n\n<p style=\"font-size:clamp(16.834px, 1.052rem + ((1vw - 3.2px) * 0.716), 26px);\">2000&#8217;lerin ba\u015f\u0131ndan bu yana, Angola s\u00fcrekli olarak \u00c7in i\u00e7in \u00f6nemli bir petrol \u00fcreticisi olmaya devam etti. 2006&#8217;da Angola, k\u0131sa bir s\u00fcre i\u00e7in Suudi Arabistan&#8217;\u0131 ge\u00e7erek \u00c7in&#8217;in en b\u00fcy\u00fck petrol tedarik\u00e7isi oldu.<\/p>\n\n\n\n<p style=\"font-size:clamp(16.834px, 1.052rem + ((1vw - 3.2px) * 0.716), 26px);\">2020 itibariyle Angola, \u00c7in&#8217;e petrol ithalat\u0131n\u0131n be\u015finci en b\u00fcy\u00fck sa\u011flay\u0131c\u0131s\u0131d\u0131r.<\/p>\n\n\n\n<p style=\"font-size:clamp(16.834px, 1.052rem + ((1vw - 3.2px) * 0.716), 26px);\">\u00c7in, Angola&#8217;ya verdi\u011fi finansal kredinin bir par\u00e7as\u0131 olarak, Angola&#8217;n\u0131n devlete ait petrol \u015firketi Sonangol&#8217;dan elde etti\u011fi petrol sat\u0131\u015flar\u0131ndan elde edilen gelirlerle geri \u00f6denmesi garanti edilen, \u00fclkeye petrol destekli krediler verdi.<\/p>\n\n\n\n<p style=\"font-size:clamp(16.834px, 1.052rem + ((1vw - 3.2px) * 0.716), 26px);\">Bu krediler \u00f6ncelikle Angola&#8217;da altyap\u0131 geli\u015ftirme i\u00e7in kullan\u0131ld\u0131 ve bir anla\u015fma, altyap\u0131y\u0131 in\u015fa etmek i\u00e7in kullan\u0131lan hizmetlerin %70&#8217;inin \u00c7in&#8217;den al\u0131nmas\u0131n\u0131 \u015fart ko\u015fuyordu.<\/p>\n\n\n\n<p style=\"font-size:clamp(16.834px, 1.052rem + ((1vw - 3.2px) * 0.716), 26px);\">2010 itibariyle, Angola&#8217;da d\u00f6rt y\u00fczden fazla devlet ve \u00f6zel \u00c7inli \u015firket faaliyet g\u00f6steriyor. &nbsp;\u00c7in&#8217;in petrol destekli kredileriyle finanse edilen bu altyap\u0131 projeleri, Angola ekonomisinin baz\u0131 yerel sekt\u00f6rlerinde yat\u0131r\u0131m ve b\u00fcy\u00fcmeyi tetikledi. 2010&#8217;larda i\u00e7 pazar b\u00fcy\u00fcrken, Angola h\u00fck\u00fcmeti, \u00fclke i\u00e7indeki ekonomik b\u00fcy\u00fcmeyi daha da art\u0131rmak i\u00e7in yerel tar\u0131m ve yiyecek ve i\u00e7ecek \u00fcretim end\u00fcstrilerini korumaya ba\u015flad\u0131. 2016 itibariyle, tahminen 53.000 \u00c7inli vatanda\u015f Angola&#8217;da ya\u015f\u0131yor ve \u00e7al\u0131\u015f\u0131yor; di\u011fer tahminler 100.000 ila 250.000 ki\u015fi aral\u0131\u011f\u0131ndad\u0131r.<\/p>\n\n\n\n<h2 class=\"wp-block-heading\"><strong>Botsvana-K\u00fcba \u0130li\u015fkileri<\/strong><\/h2>\n\n\n\n<p class=\"has-large-font-size\"><strong>Botswana Sa\u011fl\u0131k bakan\u0131na g\u00f6re:&nbsp;<\/strong><\/p>\n\n\n\n<p style=\"font-size:clamp(16.834px, 1.052rem + ((1vw - 3.2px) * 0.716), 26px);\"><strong>Botswana&nbsp;<\/strong>E\u011fitim ve Beceri Geli\u015ftirme, orta \u00f6\u011fretim okullar\u0131 ve \u00f6\u011fretmen e\u011fitim kolejlerine \u00f6\u011fretmen sa\u011flanmas\u0131 yoluyla 35 y\u0131ld\u0131r K\u00fcba&#8217;n\u0131n teknik yard\u0131m\u0131ndan faydalanmaktad\u0131r. 20&#8217;den fazla Batswana \u00f6\u011frencisi K\u00fcba&#8217;da beden e\u011fitimi, bilgisayar m\u00fchendisli\u011fi, spor ve veterinerlik gibi alanlarda e\u011fitim g\u00f6rmektedir. Botsvana k\u00fclt\u00fcrel geli\u015fim ve sahne sanatlar\u0131 alan\u0131nda \u00f6\u011fretmen ve \u00f6\u011frencilerin kapasitelerinin artt\u0131r\u0131lmas\u0131 i\u00e7in daha fazla teknik yard\u0131m alacak.<\/p>\n\n\n\n<p style=\"font-size:clamp(16.834px, 1.052rem + ((1vw - 3.2px) * 0.716), 26px);\">\u0130ki \u00fclke ge\u00e7ti\u011fimiz A\u011fustos ay\u0131nda sa\u011fl\u0131k alan\u0131ndaki \u0130\u015fbirli\u011fi Anla\u015fmalar\u0131n\u0131 yeniledi. K\u00fcba, Botsvana&#8217;daki doktor say\u0131s\u0131n\u0131 71&#8217;den 102&#8217;ye \u00e7\u0131kard\u0131.&nbsp;<strong>Botswana&nbsp;<\/strong>Sa\u011fl\u0131k bakan\u0131, i\u015fbirli\u011fi alanlar\u0131n\u0131n listesinin uzun ve geni\u015f oldu\u011funu belirterek, bunu s\u00fcrd\u00fcrmek ve daha da geni\u015fletmek niyetinde olduklar\u0131n\u0131 s\u00f6zlerine ekledi. Devrime sahip \u00e7\u0131kmak K\u00fcbal\u0131lar i\u00e7in oldu\u011fu kadar Batswana, Afrikal\u0131lar ve hatta Afrika Diasporas\u0131 i\u00e7in de \u00e7pk \u00f6nemli. K\u00fcba&#8217;n\u0131n Botsvana B\u00fcy\u00fckel\u00e7isi Juan Carlos Arencibi Corrales ise Botsvana ile K\u00fcba aras\u0131ndaki ili\u015fkilerin geli\u015fmeye devam etmesini umdu\u011funu s\u00f6yledi. Corrales, \u00fclkesinin Botsvana&#8217;ya gereken her yerde yard\u0131mc\u0131 olmaya devam edece\u011fini de s\u00f6zlerine ekledi.&nbsp;<\/p>\n\n\n\n<h2 class=\"wp-block-heading\"><strong>Botsvana &#8211; \u00c7in Halk Cumhuriyeti \u0130li\u015fkileri<\/strong><\/h2>\n\n\n\n<p style=\"font-size:clamp(16.834px, 1.052rem + ((1vw - 3.2px) * 0.716), 26px);\">\u0130li\u015fkiler ilk olarak 6 Ocak 1975&#8217;te kuruldu. 2010 y\u0131l\u0131nda, ili\u015fkilerin resmiyete kavu\u015fmas\u0131n\u0131n 35. y\u0131ld\u00f6n\u00fcm\u00fcnde, iki devlet aras\u0131ndaki ili\u015fkilerin &#8220;g\u00fc\u00e7l\u00fc&#8221; ve h\u0131zla b\u00fcy\u00fcd\u00fc\u011f\u00fc ilan edildi. \u00c7in&#8217;deki 2008 Si\u00e7uan depreminin ard\u0131ndan, Botsvana h\u00fck\u00fcmeti bir milyon pula nakit yard\u0131m ba\u011f\u0131\u015flad\u0131. 2008&#8217;de Botsvana ve \u00c7in aras\u0131ndaki ticaret 360 milyon ABD Dolara ula\u015ft\u0131 ve Botsvana ilk kez \u00c7in ile ticaret fazlas\u0131 verdi.<\/p>\n\n\n\n<p style=\"font-size:clamp(16.834px, 1.052rem + ((1vw - 3.2px) * 0.716), 26px);\">\u015eubat 2009&#8217;da \u00c7in-Botsvana, d\u00fcnyan\u0131n di\u011fer b\u00fcy\u00fck ekonomilerinde azalan talep kar\u015f\u0131s\u0131nda \u00c7in devreye girdi. \u00c7in&#8217;in artan elmas talebi Botsvana&#8217;dan sa\u011flanacakt\u0131. \u00c7in-Botsvana \u00f6nemli elmas end\u00fcstrisinde ekonomik ili\u015fkilerini daha da geni\u015fletti.<\/p>\n\n\n\n<p style=\"font-size:clamp(16.834px, 1.052rem + ((1vw - 3.2px) * 0.716), 26px);\">\u00c7in ve Botsvana 1991 y\u0131l\u0131nda K\u00fclt\u00fcrel \u0130\u015fbirli\u011fi Anla\u015fmas\u0131n\u0131 imzalad\u0131lar ve Botsvana \u00c7inli turistlerin turizm ziyaret hedeflerinden biri oldu. D\u0131\u015f i\u015fleri Bakan\u0131 Wang Yi&#8217;nin Botswana ziyareti s\u0131ras\u0131nda \u0130pek Yolu \u00f6n i\u015fbirli\u011fi projesinin bug\u00fcn imzalanmas\u0131n\u0131n ard\u0131ndan Botsvana, Ku\u015fak ve Yol Giri\u015fimi&#8217;ne kat\u0131lan 46. Afrika \u00fclkesi oldu. Eski ba\u015fkandan farkl\u0131 olarak, \u015fimdi Botsvana Devlet Ba\u015fkan\u0131 Masisi, Botsvana-\u00c7in ili\u015fkisine yeni bir ivme kazand\u0131r\u0131yor.<\/p>\n\n\n\n<h2 class=\"wp-block-heading\"><strong>\u00c7in Bor\u00e7lar\u0131 Sildi<\/strong><\/h2>\n\n\n\n<p style=\"font-size:clamp(16.834px, 1.052rem + ((1vw - 3.2px) * 0.716), 26px);\">\u00c7in h\u00fck\u00fcmeti, Botsvana&#8217;ya hibeler, faizsiz krediler ve d\u00fc\u015f\u00fck faizli krediler dahil olmak \u00fczere ekonomik yard\u0131m sa\u011flad\u0131\u2026. 2000 y\u0131l\u0131ndaki ilk \u00c7in Afrika \u0130\u015fbirli\u011fi Forumu&#8217;ndan bu yana, \u00c7in h\u00fck\u00fcmeti Botsvana&#8217;ya 129 milyon dolarl\u0131k kalk\u0131nma finansman\u0131 sa\u011flad\u0131. Bu toplam\u0131n sadece 52 milyon dolar\u0131 Resmi Kalk\u0131nma Yard\u0131m\u0131 i\u00e7in Avrupa-ABD kriterlerine giriyor.<\/p>\n\n\n\n<p style=\"font-size:clamp(16.834px, 1.052rem + ((1vw - 3.2px) * 0.716), 26px);\">\u00c7in Exim Bankas\u0131, Lethlhakeng-Kang yol projesini finanse&nbsp;etmek i\u00e7in Botswana&#8217;ya eksik kalan finansman\u0131n geri kalan\u0131n\u0131 sa\u011flad\u0131. \u00c7in, Kazungula K\u00f6pr\u00fcs\u00fc \u00fczerinden Zambiya&#8217;ya ba\u011flanacak olan Mosetse-Kazungula demiryolu projesinin yap\u0131m\u0131n\u0131 finanse etmek i\u00e7in kredi verdi. Eyl\u00fcl 2018&#8217;de \u00c7in, Botsvana&#8217;n\u0131n 80 milyon pula de\u011ferindeki borcunu iptal etti.&nbsp;&nbsp;\u00c7in, Botsvana genelinde bir dizi in\u015faat projesini finanse etti. Ocak 2010&#8217;da bu projeler aras\u0131nda demiryolu ve yollar, sa\u011fl\u0131k tesisleri ve d\u00fc\u015f\u00fck maliyetli konut projeleri yer ald\u0131.<\/p>\n","protected":false},"excerpt":{"rendered":"<p>Afrika&#8217;n\u0131n \u0130lerici \u00dclkeleri ile \u0130yi \u0130li\u015fkiler Daha \u0130leri D\u00fczeyde Devam Ediyor Mozambik, Angola, Botswana, \u00c7in, Vietnam, K\u00fcba, Rusya Hegemonyac\u0131l\u0131\u011fa Kar\u015f\u0131 \u0130\u015fbirli\u011fi \u0130\u00e7inde Katk\u0131da bulunan: Timur Kaplan Giri\u015f: K\u00fcba, \u00c7in, Vietnam Sovyetler Birli\u011fi, Eski Sosyalist Kamp \u00dclkeleri Afrika\u2019n\u0131n Kurtulu\u015f sava\u015flar\u0131na b\u00fcy\u00fck destek verdiler.&nbsp;Ekonomik kalk\u0131nma ve teknolojik geli\u015fmeye, sa\u011fl\u0131k ve toplumsal geli\u015fmeye katk\u0131lar artarak devam ediyor. Rusya, [&hellip;]<\/p>\n","protected":false},"author":1,"featured_media":0,"comment_status":"open","ping_status":"open","sticky":false,"template":"","format":"standard","meta":{"_monsterinsights_skip_tracking":false,"_monsterinsights_sitenote_active":false,"_monsterinsights_sitenote_note":"","_monsterinsights_sitenote_category":0,"footnotes":""},"categories":[7],"tags":[],"class_list":["post-3689","post","type-post","status-publish","format-standard","hentry","category-gelisen-ulkeler"],"blocksy_meta":[],"_links":{"self":[{"href":"https:\/\/marksizm.org.tr\/index.php?rest_route=\/wp\/v2\/posts\/3689","targetHints":{"allow":["GET"]}}],"collection":[{"href":"https:\/\/marksizm.org.tr\/index.php?rest_route=\/wp\/v2\/posts"}],"about":[{"href":"https:\/\/marksizm.org.tr\/index.php?rest_route=\/wp\/v2\/types\/post"}],"author":[{"embeddable":true,"href":"https:\/\/marksizm.org.tr\/index.php?rest_route=\/wp\/v2\/users\/1"}],"replies":[{"embeddable":true,"href":"https:\/\/marksizm.org.tr\/index.php?rest_route=%2Fwp%2Fv2%2Fcomments&post=3689"}],"version-history":[{"count":1,"href":"https:\/\/marksizm.org.tr\/index.php?rest_route=\/wp\/v2\/posts\/3689\/revisions"}],"predecessor-version":[{"id":3690,"href":"https:\/\/marksizm.org.tr\/index.php?rest_route=\/wp\/v2\/posts\/3689\/revisions\/3690"}],"wp:attachment":[{"href":"https:\/\/marksizm.org.tr\/index.php?rest_route=%2Fwp%2Fv2%2Fmedia&parent=3689"}],"wp:term":[{"taxonomy":"category","embeddable":true,"href":"https:\/\/marksizm.org.tr\/index.php?rest_route=%2Fwp%2Fv2%2Fcategories&post=3689"},{"taxonomy":"post_tag","embeddable":true,"href":"https:\/\/marksizm.org.tr\/index.php?rest_route=%2Fwp%2Fv2%2Ftags&post=3689"}],"curies":[{"name":"wp","href":"https:\/\/api.w.org\/{rel}","templated":true}]}}