{"id":3789,"date":"2024-04-13T23:45:19","date_gmt":"2024-04-13T23:45:19","guid":{"rendered":"https:\/\/marksizm.org.tr\/?p=3789"},"modified":"2024-04-13T23:45:19","modified_gmt":"2024-04-13T23:45:19","slug":"kapitalizme-emperyalizme-totalitarizme-iklim-degisikligine-ve-doganin-tahribatina-karsi-5-enternasyonal","status":"publish","type":"post","link":"https:\/\/marksizm.org.tr\/?p=3789","title":{"rendered":"Kapitalizme, Emperyalizme, Totalitarizme, \u0130klim de\u011fi\u015fikli\u011fine ve do\u011fan\u0131n tahribat\u0131na Kar\u015f\u0131 5. Enternasyonal\u00a0"},"content":{"rendered":"\n<h1 class=\"wp-block-heading\"><strong>Kapitalizme, Emperyalizme, Totalitarizme, \u0130klim de\u011fi\u015fikli\u011fine ve do\u011fan\u0131n tahribat\u0131na Kar\u015f\u0131 5. Enternasyonal&nbsp;<\/strong><\/h1>\n\n\n\n<h2 class=\"wp-block-heading\"><strong>Dimitris Konstantakopoulos<\/strong><\/h2>\n\n\n\n<h2 class=\"wp-block-heading\"><strong>\u00c7eviren Ferdi Bekir<\/strong><\/h2>\n\n\n\n<p style=\"font-size:clamp(16.834px, 1.052rem + ((1vw - 3.2px) * 0.716), 26px);\"><strong>31 Mart 2024<\/strong><\/p>\n\n\n\n<p><\/p>\n\n\n\n<figure class=\"wp-block-image aligncenter size-large\"><img decoding=\"async\" src=\"https:\/\/our-global-u.org\/oguorg\/en\/wp-content\/uploads\/sites\/2\/2015\/07\/Photo_Dimitrios-Konstantakopoulos.jpeg\" alt=\"\"\/><\/figure>\n\n\n\n<p><\/p>\n\n\n\n<p style=\"font-size:clamp(16.834px, 1.052rem + ((1vw - 3.2px) * 0.716), 26px);\"><strong>Bu yaz\u0131 Samir Amin\u2019in son iki sava\u015f\u0131 ba\u015fl\u0131\u011f\u0131yla Defend Democracy Press web sitesinde yay\u0131nlanm\u0131\u015ft\u0131r. Yazar Yunanistan Ba\u015fbakan\u0131 Sosyal Demokrat lider Andreas Papandreou&#8217;nun eski dan\u0131\u015fman\u0131 ve daha sonra kurulan sosyalist SYRIZA Partisi\u2019nin Merkez Komitesi eski Sekreterya \u00dcyesi. Ara ba\u015fl\u0131klar bize aittir.<\/strong><\/p>\n\n\n\n<p style=\"font-size:clamp(16.834px, 1.052rem + ((1vw - 3.2px) * 0.716), 26px);\">Samir Amin, \u00f6l\u00fcm\u00fcnden k\u0131sa bir s\u00fcre \u00f6nce (\u00c7N. 2017\/2018) yazd\u0131\u011f\u0131 bir dizi yaz\u0131da, kendisini esas olarak kayg\u0131land\u0131ran iki konuyu ortaya koymu\u015ftu. Birincisi \u00c7in\u2019in finansal k\u00fcreselle\u015fmeye, yani k\u00fcresel mali sermayenin totaliter iktidar\u0131na boyun e\u011fmeyi reddetmesi; ikincisi ise bir \u2018Be\u015finci Enternasyonal\u2019 in\u015fa etme ihtiyac\u0131yd\u0131.<\/p>\n\n\n\n<p style=\"font-size:clamp(16.834px, 1.052rem + ((1vw - 3.2px) * 0.716), 26px);\">\u00c7in\u2019e birlikte gitmi\u015ftik ve onun bu iki konudaki b\u00fcy\u00fck endi\u015fesini hat\u0131rl\u0131yorum. Bir g\u00fcn beni uyand\u0131rd\u0131 ve acilen odas\u0131na gitmemi istedi, odas\u0131nda \u00c7in televizyonuna bir r\u00f6portaj yap\u0131yordu. Benden r\u00f6portaja kat\u0131lmam\u0131 ve konu\u015fmam\u0131 istedi: Moskova\u2019da ya\u015fad\u0131klar\u0131m\u0131, Sovyet rejiminin \u00e7\u00f6k\u00fc\u015f\u00fcn\u00fc ve Rusya\u2019da kapitalist \u00fcretim ve b\u00f6l\u00fc\u015f\u00fcm ili\u015fkilerinin restorasyonunu bir gazeteci olarak izlediklerimi \u00c7in kamuoyuna anlatmam\u0131 istemi\u015fti.<\/p>\n\n\n\n<p style=\"font-size:clamp(16.834px, 1.052rem + ((1vw - 3.2px) * 0.716), 26px);\">\u00c7in\u2019in kendine \u00f6zg\u00fc geli\u015fim evriminin bir d\u00f6nemecinde kapitalizme do\u011fru kesin bir d\u00f6n\u00fc\u015f yapabilece\u011finden korkuyor ve \u00c7inlileri bir \u015fekilde \u00f6nceden \u2018uyarmak\u2019 istiyordu.&nbsp;<\/p>\n\n\n\n<p style=\"font-size:clamp(16.834px, 1.052rem + ((1vw - 3.2px) * 0.716), 26px);\">Samir, \u00c7in rejiminin sosyalist bir rejim oldu\u011funa inanm\u0131yordu. Pekin\u2019deki prestijli bir \u00fcniversitede yapt\u0131\u011f\u0131 konu\u015fmada, \u201c\u00c7in\u2019in sosyalist oldu\u011funu s\u00f6ylemeyece\u011fim, \u00c7in\u2019in kapitalist oldu\u011funu da s\u00f6ylemeyece\u011fim,\u201d demi\u015fti. Bazen, devlet kapitalizminden devlet sosyalizmine ve ard\u0131ndan nihayetinde sosyalizme giden bir yol olabilece\u011fini d\u00fc\u015f\u00fcn\u00fcyor ve umut ediyordu.<\/p>\n\n\n\n<p style=\"font-size:clamp(16.834px, 1.052rem + ((1vw - 3.2px) * 0.716), 26px);\"><strong>Dimitris Konstantakopoulos\u2019un G\u00f6r\u00fc\u015fleri ve T\u00fcrkiye<\/strong><\/p>\n\n\n\n<p style=\"font-size:clamp(16.834px, 1.052rem + ((1vw - 3.2px) * 0.716), 26px);\">E\u011fer \u00c7in finansal k\u00fcreselle\u015fmeyi ve onun hiyerar\u015fik yap\u0131s\u0131n\u0131 tamamen benimseyecek olursa, bizzat \u00c7in\u2019in kendisi \u00e7ok b\u00fcy\u00fck sorunlarla kar\u015f\u0131 kar\u015f\u0131ya kalacakt\u0131r, fakat ayn\u0131 zamanda, h\u0131zla olu\u015fmakta olan Hiper-emperyalist sistemi de kararl\u0131 bir \u015fekilde g\u00fc\u00e7lendirecektir. &nbsp;\u015eu anda hepimiz bu Hiper-emperyalist sistemin hareket \u00e7er\u00e7evesini Ukrayna\u2019daki sava\u015fta tan\u0131k olmaktay\u0131z.<\/p>\n\n\n\n<p style=\"font-size:clamp(16.834px, 1.052rem + ((1vw - 3.2px) * 0.716), 26px);\">Bug\u00fcn, kolektif Bat\u0131\u2019ya dahil olan t\u00fcm devletler, belki T\u00fcrkiye hari\u00e7 ve \u00e7ok s\u0131n\u0131rl\u0131 bir bi\u00e7imde Macaristan hari\u00e7, a\u00e7\u0131k\u00e7a kendilerinin en temel ulusal \u00e7\u0131karlar\u0131na ayk\u0131r\u0131 hareket ediyor.<\/p>\n\n\n\n<p style=\"font-size:clamp(16.834px, 1.052rem + ((1vw - 3.2px) * 0.716), 26px);\">T\u00fcrkiye bir istisnad\u0131r. T\u00fcrkiye\u2019nin Yar\u0131s\u0131 Bat\u0131\u2019ya, yar\u0131s\u0131 da gezegenin \u00e7evre periferi b\u00f6lgesine aittir. Elbette T\u00fcrkiye hi\u00e7bir \u015fekilde anti-emperyalist bir g\u00fc\u00e7 de\u011fildir, yine de bu \u00fclke \u00f6nemli \u00f6l\u00e7\u00fcde ba\u011f\u0131ms\u0131zl\u0131\u011fa sahiptir ve bu ba\u011f\u0131ms\u0131zl\u0131\u011f\u0131 Bat\u0131 emperyalizminin saflar\u0131 i\u00e7inde, kendisini Bat\u0131n\u0131n t\u00fcm politikalar\u0131yla \u00f6zde\u015fle\u015fmeden kendisi i\u00e7in Bat\u0131 i\u00e7inde ayr\u0131cal\u0131kl\u0131 bir stat\u00fc elde etmek i\u00e7in kullanmaktad\u0131r.<\/p>\n\n\n\n<p style=\"font-size:clamp(16.834px, 1.052rem + ((1vw - 3.2px) * 0.716), 26px);\"><strong>Hiper-emperyalizmin y\u00fckseli\u015fi<\/strong><\/p>\n\n\n\n<p style=\"font-size:clamp(16.834px, 1.052rem + ((1vw - 3.2px) * 0.716), 26px);\">Hiper-emperyalizmin y\u00fckseli\u015fi, b\u00fcy\u00fck uluslararas\u0131 mali sermayenin t\u00fcm demokratik kurumlar \u00fczerinde kontrol sahibi olmas\u0131na ve bu demokratik kurumlar\u0131 ulusal ve demokratik \u00f6zlerinden s\u0131y\u0131rmas\u0131na ve Bat\u0131l\u0131 ulus-devletleri sadece birer piyona indirgenmesine yol a\u00e7\u0131yor. Ba\u015fl\u0131ca kapitalist \u00fclkelerde h\u00e2l\u00e2 burjuva demokrasisi t\u00fcr\u00fcne ait bir kal\u0131nt\u0131 var ama giderek i\u00e7i bo\u015fal\u0131yor.<\/p>\n\n\n\n<p style=\"font-size:clamp(16.834px, 1.052rem + ((1vw - 3.2px) * 0.716), 26px);\"><strong>Sosyalizmin \u00d6n\u00fc Nas\u0131l A\u00e7\u0131l\u0131r<\/strong><\/p>\n\n\n\n<p style=\"font-size:clamp(16.834px, 1.052rem + ((1vw - 3.2px) * 0.716), 26px);\">Sosyalizmin yirminci y\u00fczy\u0131lda ya\u015fad\u0131\u011f\u0131 \u00e7arp\u0131kl\u0131klar ve yenilgilerinden sonra sosyalizme giden yolun nas\u0131l yeniden a\u00e7\u0131labilece\u011fi kesinlikle \u00e7\u00f6z\u00fclmemi\u015f bir sorudur. Sosyalizme giden yolun \u00f6n\u00fcn\u00fcn a\u00e7\u0131labilmesi i\u00e7in, h\u0131zla geli\u015fen totaliter Bat\u0131 kapitalizminin daha da g\u00fc\u00e7lenmesinin engellenmesi ve Bat\u0131 kapitalizminin \u00e7a\u011fda\u015f teknolojik g\u00fc\u00e7lerin i\u015fbirli\u011fi olanaklar\u0131 sayesinde g\u00fc\u00e7lenmesinin \u00f6n\u00fcn\u00fcn kesilmesi\u2026 bu ikisi hayati bir \u00f6nem ta\u015f\u0131maktad\u0131r.&nbsp;<\/p>\n\n\n\n<p style=\"font-size:clamp(16.834px, 1.052rem + ((1vw - 3.2px) * 0.716), 26px);\">Hiper emperyalizm teorisi i\u00e7in bak\u0131n\u0131z&nbsp;&nbsp;&nbsp;<strong><a href=\"https:\/\/sosyalistbirlik.com\/gunumuzun-hiper-emperyalizm-caginin-analizi\/\" target=\"_blank\" rel=\"noreferrer noopener\">https:\/\/sosyalistbirlik.com\/gunumuzun-hiper-emperyalizm-caginin-analizi\/<\/a><\/strong><\/p>\n\n\n\n<p style=\"font-size:clamp(16.834px, 1.052rem + ((1vw - 3.2px) * 0.716), 26px);\"><strong>Bat\u0131 kapitalizminin \u00f6n\u00fc kesiliyor: \u00c7in, Rusya ve t\u00fcm d\u00fcnyada toplumsal direni\u015f<\/strong><\/p>\n\n\n\n<p style=\"font-size:clamp(16.834px, 1.052rem + ((1vw - 3.2px) * 0.716), 26px);\">Bu da bug\u00fcn Yugoslavya ve Ortado\u011fu halklar\u0131n\u0131n direni\u015fi sayesinde, Avrupa ve Latin Amerika\u2019daki toplumsal m\u00fccadeleler sayesinde, Rusya\u2019n\u0131n d\u00fcnya siyasetine geri d\u00f6n\u00fc\u015f\u00fc sayesinde, \u00c7in\u2019in muhte\u015fem ekonomik y\u00fckseli\u015fi sayesinde m\u00fcmk\u00fcn hale gelmi\u015ftir.<\/p>\n\n\n\n<p style=\"font-size:clamp(16.834px, 1.052rem + ((1vw - 3.2px) * 0.716), 26px);\">Bu nedenle t\u00fcm devrimci Marksistler, nerede ya\u015f\u0131yor olursa olsunlar, k\u0131tam\u0131z\u0131n g\u00fcneyinden, do\u011fusundan ya da bat\u0131s\u0131ndan, Bat\u0131l\u0131 emperyalist m\u00fcdahalelere kararl\u0131l\u0131kla kar\u015f\u0131 \u00e7\u0131kmal\u0131 ve Bat\u0131 emperyalizminin bu m\u00fcdahalelerde kulland\u0131\u011f\u0131 insani ve \u2019demokratik\u2019 bahanelere aldanmamal\u0131d\u0131r.<\/p>\n\n\n\n<p style=\"font-size:clamp(16.834px, 1.052rem + ((1vw - 3.2px) * 0.716), 26px);\">Bu bat\u0131l\u0131 M\u00fcdahalelerinin hi\u00e7biri demokrasi getirmemi\u015f, hepsi de m\u00fcdahale edilen \u00fclkelerde toplumsal ve ulusal felaketlere yol a\u00e7m\u0131\u015ft\u0131r. Bug\u00fcn solun her bilin\u00e7li militan\u0131n\u0131n ilk g\u00f6revi emperyalist sava\u015flara ve yapt\u0131r\u0131mlara kar\u015f\u0131 \u00e7\u0131kmakt\u0131r.<\/p>\n\n\n\n<p style=\"font-size:clamp(16.834px, 1.052rem + ((1vw - 3.2px) * 0.716), 26px);\"><strong>KO\u015eULSUZ DESTEK VEREMEY\u0130Z<\/strong><\/p>\n\n\n\n<p style=\"font-size:clamp(16.834px, 1.052rem + ((1vw - 3.2px) * 0.716), 26px);\">Bu kesinlikle S\u0131rbistan ya da Afganistan, Irak ya da \u0130ran, Rusya ya da \u00c7in gibi emperyalizm taraf\u0131ndan her seferinde sald\u0131r\u0131ya u\u011frayan rejimlere ko\u015fulsuz destek vermek anlam\u0131na gelmemektedir.<\/p>\n\n\n\n<p style=\"font-size:clamp(16.834px, 1.052rem + ((1vw - 3.2px) * 0.716), 26px);\">Aksine bu, Bat\u0131\u2019n\u0131n gezegen \u00fczerindeki tam hakimiyetinin insan uygarl\u0131\u011f\u0131 i\u00e7in ve insan t\u00fcr\u00fcn\u00fcn hayatta kalmas\u0131 i\u00e7in ne anlama geldi\u011finin anla\u015f\u0131lmas\u0131 anlam\u0131na gelmektedir.<\/p>\n\n\n\n<p style=\"font-size:clamp(16.834px, 1.052rem + ((1vw - 3.2px) * 0.716), 26px);\"><strong>YEN\u0130 VE DEMOKRAT\u0130K B\u0130R D\u00dcNYA OLU\u015eUYOR<\/strong><\/p>\n\n\n\n<p style=\"font-size:clamp(16.834px, 1.052rem + ((1vw - 3.2px) * 0.716), 26px);\">Bug\u00fcn BRICS\u2019in ortaya \u00e7\u0131k\u0131\u015f\u0131, \u00e7ok kutuplu bir d\u00fcnyaya do\u011fru at\u0131lan ad\u0131mlar, dolar\u0131n rol\u00fcn\u00fcn zay\u0131flamas\u0131 yeni ve demokratik bir d\u00fcnya d\u00fczeninin \u00f6n\u00fcn\u00fc a\u00e7\u0131yor. Bunlar b\u00fcy\u00fck, tarihi ad\u0131mlard\u0131r.<\/p>\n\n\n\n<p style=\"font-size:clamp(16.834px, 1.052rem + ((1vw - 3.2px) * 0.716), 26px);\">Fakat bunlar yeni bir d\u00fcnya d\u00fczeni i\u00e7in yeterli ko\u015fullar de\u011fil, sadece gerekli ko\u015fullard\u0131r.<\/p>\n\n\n\n<p style=\"font-size:clamp(16.834px, 1.052rem + ((1vw - 3.2px) * 0.716), 26px);\"><strong>Geli\u015ftirdi\u011fimiz \u00fcretici g\u00fc\u00e7ler ve teknolojiler bug\u00fcn insanl\u0131k i\u00e7in b\u00fcy\u00fck tehdit<\/strong><\/p>\n\n\n\n<p style=\"font-size:clamp(16.834px, 1.052rem + ((1vw - 3.2px) * 0.716), 26px);\">Sorunumuz Bat\u0131 d\u00fcnyas\u0131n\u0131 alt ederek yerine yenisini koymak de\u011fil, t\u00fcm insanl\u0131\u011f\u0131, geli\u015ftirdi\u011fimiz \u00fcretici g\u00fc\u00e7ler ve teknolojiler nedeniyle insanl\u0131k tarihinde ilk kez ortaya \u00e7\u0131kan ve kontrol alt\u0131na al\u0131nmad\u0131\u011f\u0131 takdirde \u00e7ok yak\u0131nda insanl\u0131\u011f\u0131n hayatta ayakta kalmas\u0131n\u0131 tehlikeye atacak olan muazzam tehditlerle y\u00fczle\u015febilecek yeni bir uygarl\u0131\u011fa do\u011fru ta\u015f\u0131mak olmal\u0131d\u0131r.<\/p>\n\n\n\n<p style=\"font-size:clamp(16.834px, 1.052rem + ((1vw - 3.2px) * 0.716), 26px);\">Bat\u0131, insanl\u0131\u011f\u0131n y\u00fckselen \u00e7o\u011funlu\u011funu alt edecek ara\u00e7lara sahip de\u011fildir.&nbsp;<strong>(\u00c7.N Yazar burada K\u00fcresel G\u00fcney\u2019de ya\u015fayan halklar ve \u00fclkeleri kastediyor)<\/strong><\/p>\n\n\n\n<p style=\"font-size:clamp(16.834px, 1.052rem + ((1vw - 3.2px) * 0.716), 26px);\"><strong>BATIDAN GELEN SAVA\u015e TEHD\u0130D\u0130 &nbsp;<\/strong><\/p>\n\n\n\n<p style=\"font-size:clamp(16.834px, 1.052rem + ((1vw - 3.2px) * 0.716), 26px);\">Fakat Bat\u0131l\u0131 g\u00fc\u00e7ler k\u00fcresel hakimiyetini kaybetmemek i\u00e7in, Rusya ve \u00c7in\u2019e kar\u015f\u0131 izledikleri macerac\u0131 politikalar\u0131n\u0131n do\u011fas\u0131nda var olan bir tehlike olan kitle imha ara\u00e7lar\u0131yla insanl\u0131\u011f\u0131 havaya u\u00e7urabilecek politikalar izleyebilirler.<\/p>\n\n\n\n<p style=\"font-size:clamp(16.834px, 1.052rem + ((1vw - 3.2px) * 0.716), 26px);\"><strong>\u0130KL\u0130M KR\u0130Z\u0130 KES\u0130N B\u0130R TEHD\u0130T<\/strong><\/p>\n\n\n\n<p style=\"font-size:clamp(16.834px, 1.052rem + ((1vw - 3.2px) * 0.716), 26px);\">Bu sava\u015f senaryosu ger\u00e7ekle\u015fmese bile, iklim krizi h\u0131zla geli\u015fiyor ve ne Bat\u0131 ne de yeni y\u00fckselen k\u00fcresel g\u00fc\u00e7ler&nbsp;<strong>(\u00c7.N&nbsp; \u00c7in, Hindistan Brezilya ve di\u011ferlerini kastediyor)<\/strong>&nbsp;, n\u00fckleer \u00e7at\u0131\u015fma tehlikesini bile daha geride b\u0131rakan, varolu\u015f tarihimiz boyunca insanl\u0131\u011fa y\u00f6nelik en ciddi tehdidi&#8212; iklim krizini&#8211;ele almak i\u00e7in harekete ge\u00e7miyor. \u00c7\u00fcnk\u00fc n\u00fckleer sava\u015f olabilir de olmayabilir de. Fakat \u0130klim De\u011fi\u015fikli\u011fi tehdidi bir olas\u0131l\u0131k de\u011fil, kesin olarak geliyor ve insanlar\u0131n bu tehdidin ger\u00e7ekle\u015fmesi sonucunda ayakta kalamayacak. \u0130nsanlar durdurmak zorundalar ama bunu durdurmak i\u00e7in ba\u015fka bir toplumsal sisteme ve ba\u015fka bir uygarl\u0131\u011fa ihtiya\u00e7 var.<\/p>\n\n\n\n<p style=\"font-size:clamp(16.834px, 1.052rem + ((1vw - 3.2px) * 0.716), 26px);\"><strong>Kuzey ile G\u00fcney, Do\u011fu ile Bat\u0131 Aras\u0131ndaki \u00c7at\u0131\u015fmalar B\u00fcy\u00fck Tehdit<\/strong><\/p>\n\n\n\n<p style=\"font-size:clamp(16.834px, 1.052rem + ((1vw - 3.2px) * 0.716), 26px);\">Yani, bir D\u00fcnya Sava\u015f\u0131 felaketinden ka\u00e7\u0131nabilsek bile, Kuzey ile G\u00fcney, Do\u011fu ile Bat\u0131 aras\u0131nda uzun s\u00fcren pat durumu ve \u00e7at\u0131\u015fmalar nedeniyle kendimizi bir y\u0131k\u0131m ortam\u0131nda bulma riskiyle kar\u015f\u0131 kar\u015f\u0131yay\u0131z.<\/p>\n\n\n\n<p style=\"font-size:clamp(16.834px, 1.052rem + ((1vw - 3.2px) * 0.716), 26px);\"><strong>Ya sosyalizm ya insanl\u0131\u011f\u0131n yok olu\u015fu!<\/strong><\/p>\n\n\n\n<p style=\"font-size:clamp(16.834px, 1.052rem + ((1vw - 3.2px) * 0.716), 26px);\">Rosa Luxemburg bir as\u0131r \u00f6nce \u2018Ya sosyalizm ya barbarl\u0131k\u2019 aras\u0131nda bir se\u00e7im yapmam\u0131z gerekti\u011fini s\u00f6ylemi\u015fti, bug\u00fcnk\u00fc ikilem ise \u015fudur: \u201csosyalizm ya da yok olu\u015f.\u201d \u0130klim de\u011fi\u015fikli\u011fine kar\u015f\u0131 m\u00fccadelemizle asl\u0131nda sosyalizm i\u00e7in sava\u015f\u0131yoruz. Ve sosyalizm m\u00fccadelemizle gezegeni kurtarmak i\u00e7in sava\u015f\u0131yoruz.<\/p>\n\n\n\n<p style=\"font-size:clamp(16.834px, 1.052rem + ((1vw - 3.2px) * 0.716), 26px);\"><strong>Yeni bir Enternasyonal ve Yeni bir Enternasyonalizm<\/strong><\/p>\n\n\n\n<p style=\"font-size:clamp(16.834px, 1.052rem + ((1vw - 3.2px) * 0.716), 26px);\">\u0130nsanl\u0131\u011f\u0131n kar\u015f\u0131 kar\u015f\u0131ya oldu\u011fu b\u00fcy\u00fck sorunlar\u0131n hi\u00e7biri \u015fu anda ulusal veya b\u00f6lgesel d\u00fczeyde ele al\u0131namaz. Yeni bir Enternasyonal\u2019e \u015fiddetle ihtiya\u00e7 duymam\u0131z\u0131n nedenlerinden biri de budur.<\/p>\n\n\n\n<p style=\"font-size:clamp(16.834px, 1.052rem + ((1vw - 3.2px) * 0.716), 26px);\"><strong>Kapitalizmin do\u011fas\u0131nda Emperyalizm Vard\u0131r<\/strong><\/p>\n\n\n\n<p style=\"font-size:clamp(16.834px, 1.052rem + ((1vw - 3.2px) * 0.716), 26px);\">Yukar\u0131da bahsetti\u011fim b\u00fcy\u00fck sorunlar ve benzeri di\u011fer meseleler yaln\u0131zca hakim konumda olan Bat\u0131l\u0131 g\u00fc\u00e7lere kar\u015f\u0131 olan devletlerin eylemleriyle \u00e7\u00f6z\u00fclemez, bu arada bu devletler \u00e7o\u011funlukla muhafazak\u00e2rd\u0131r ve tek ama\u00e7lar\u0131 Bat\u0131\u2019n\u0131n kendilerini rahat b\u0131rakmas\u0131 ve kendi i\u015flerine kar\u0131\u015fmamas\u0131d\u0131r, fakat bu imk\u00e2ns\u0131z \u00e7\u00fcnk\u00fc Emperyalizm Kapitalizmin do\u011fas\u0131d\u0131r.&nbsp;<strong>(\u00c7.N, &nbsp;\u201c<\/strong>Kapitalizmin do\u011fas\u0131nda Emperyalizm\u201d Vard\u0131r, &nbsp;<strong>bu g\u00f6r\u00fc\u015f Samir Amin ve arkada\u015flar\u0131n\u0131n en \u00f6zg\u00fcn g\u00f6r\u00fc\u015flerinden biridir) &nbsp;<\/strong><\/p>\n\n\n\n<p style=\"font-size:clamp(16.834px, 1.052rem + ((1vw - 3.2px) * 0.716), 26px);\"><strong>Bat\u0131 Kar\u015f\u0131t\u0131 \u00fclkeler Muhafazakar ve Bencil<\/strong><\/p>\n\n\n\n<p style=\"font-size:clamp(16.834px, 1.052rem + ((1vw - 3.2px) * 0.716), 26px);\">Her hal\u00fckarda, insanl\u0131\u011f\u0131n kar\u015f\u0131 kar\u015f\u0131ya oldu\u011fu b\u00fcy\u00fck zorluklar\u0131n \u00fcstesinden gelmek i\u00e7in sadece devletlere g\u00fcvenmek yeterli de\u011fildir, gezegenin hem kuzeyinde hem de g\u00fcneyinde ya\u015fayan geni\u015f halk kitlelerinin bilin\u00e7li seferberli\u011fine ihtiyac\u0131m\u0131z var. &nbsp;Ayr\u0131ca Bat\u0131l\u0131 halk s\u0131n\u0131flar\u0131 ile G\u00fcney\u2019in ezilen \u00fclkeleri aras\u0131nda bir ittifaka ve t\u00fcm d\u00fcnyada halklar\u0131n seferberli\u011fine ihtiyac\u0131m\u0131z var.<\/p>\n\n\n\n<p style=\"font-size:clamp(16.834px, 1.052rem + ((1vw - 3.2px) * 0.716), 26px);\">B\u00f6yle bir ittifak, ulusal, b\u00f6lgesel ve k\u00fcresel olarak planlanm\u0131\u015f bir ekonomi ve demokratik olarak kontrol edilen ve y\u00f6netilen bir ekonomi do\u011frultusunda ilerlemek ve sosyo-ekonomik, jeopolitik ve ekolojik sorunlar\u0131n \u00fc\u00e7\u00fcn\u00fcn e\u015f zamanl\u0131 olarak ele al\u0131nmas\u0131 anlam\u0131na gelmektedir. Stratejik hedefimiz bu olmal\u0131d\u0131r.<\/p>\n\n\n\n<p style=\"font-size:clamp(16.834px, 1.052rem + ((1vw - 3.2px) * 0.716), 26px);\"><strong>Sosyo-ekonomik, jeopolitik ve ekolojik sorunlar birlikte ele al\u0131nmal\u0131<\/strong><\/p>\n\n\n\n<p style=\"font-size:clamp(16.834px, 1.052rem + ((1vw - 3.2px) * 0.716), 26px);\">&nbsp;G\u00fcn\u00fcm\u00fczde ekolojik sorunlarla ilgilenip toplumsal sorunlarla ilgilenmemek, toplumsal sorunlarla ilgilenip jeopolitik sorunlarla ilgilenmemek, jeopolitik sorunlarla ilgilenip toplumsal sorunlarla ilgilenmemek m\u00fcmk\u00fcn de\u011fildir.<\/p>\n\n\n\n<p style=\"font-size:clamp(16.834px, 1.052rem + ((1vw - 3.2px) * 0.716), 26px);\"><strong>5. Enternasyonal Program\u0131<\/strong><\/p>\n\n\n\n<p style=\"font-size:clamp(16.834px, 1.052rem + ((1vw - 3.2px) * 0.716), 26px);\">\u00c7e\u015fitli nedenlerle, d\u00fcnyan\u0131n t\u00fcm b\u00f6lgelerini yeni bir sosyalist proje temelinde birle\u015ftirmek i\u00e7in 5. Enternasyonale ihtiyac\u0131m\u0131z var.&nbsp;<strong>(\u00c7N. Bu g\u00f6r\u00fc\u015f\u00fc ilk kez Venezuellal\u0131 sosyalist lider Chavez ortaya atm\u0131\u015ft\u0131 ve Amerika k\u0131tas\u0131nda b\u00fcy\u00fck destek g\u00f6rd\u00fc). &nbsp;<\/strong>B\u00f6yle bir birlik olmadan d\u00fcnya sava\u015f\u0131 ka\u00e7\u0131n\u0131lmaz hale gelecektir.<\/p>\n\n\n\n<p style=\"font-size:clamp(16.834px, 1.052rem + ((1vw - 3.2px) * 0.716), 26px);\">Ayr\u0131ca kapitalizme, emperyalizme, totalitarizme, iklim de\u011fi\u015fikli\u011fine ve do\u011fan\u0131n tahribat\u0131na kar\u015f\u0131 m\u00fccadeleleri birle\u015ftirmemiz ve bu m\u00fccadeleleri koordine etmemiz gerekiyor. \u00d6rne\u011fin, farkl\u0131 \u00fclkelerin farkl\u0131 konumlar\u0131n\u0131 dikkate almadan fosil yak\u0131tlar\u0131n kullan\u0131m\u0131n\u0131 azaltmay\u0131 ba\u015faramay\u0131z.. Vesaire, vesaire. Bug\u00fcn ilerleme ve planlama e\u015fanlaml\u0131 hale gelmi\u015ftir.<\/p>\n\n\n\n<p style=\"font-size:clamp(16.834px, 1.052rem + ((1vw - 3.2px) * 0.716), 26px);\"><strong>\u00dcretici g\u00fc\u00e7lerin m\u00fclkiyet bi\u00e7imleri \u00e7e\u015fitlendirilmeli<\/strong><\/p>\n\n\n\n<p style=\"font-size:clamp(16.834px, 1.052rem + ((1vw - 3.2px) * 0.716), 26px);\">Yirminci y\u00fczy\u0131l deneyimlerinin \u0131\u015f\u0131\u011f\u0131nda bakarsak, kendimizi \u00fcretici g\u00fc\u00e7lerin devlet m\u00fclkiyetinde olmas\u0131 yoluyla s\u0131n\u0131rlayamay\u0131z; \u00fcretici g\u00fc\u00e7leri toplumsal m\u00fclkiyet ve toplumsal kontrol alt\u0131na alma yolunu aramal\u0131 ve bu ama\u00e7la \u00f6zy\u00f6netim y\u00f6ntemlerini yayg\u0131n olarak kullanma aray\u0131\u015f\u0131na girmeliyiz.<\/p>\n\n\n\n<p style=\"font-size:clamp(16.834px, 1.052rem + ((1vw - 3.2px) * 0.716), 26px);\"><strong>Be\u015finci Enternasyonal\u2019in ge\u00e7i\u015f program\u0131<\/strong><\/p>\n\n\n\n<p style=\"font-size:clamp(16.834px, 1.052rem + ((1vw - 3.2px) * 0.716), 26px);\">Sosyalizm devlet m\u00fclkiyeti anlam\u0131na gelmez, sosyalizm iktidar\u0131n halk taraf\u0131ndan her d\u00fczeyde kullan\u0131lmas\u0131 anlam\u0131na gelir. Bu ayn\u0131 zamanda \u00fcretici g\u00fc\u00e7lerin s\u00fcrekli olarak geli\u015ftirilmesi aray\u0131\u015f\u0131n\u0131 da yeniden d\u00fc\u015f\u00fcnmemiz gerekti\u011fi anlam\u0131na gelmektedir.<\/p>\n\n\n\n<p style=\"font-size:clamp(16.834px, 1.052rem + ((1vw - 3.2px) * 0.716), 26px);\">\u0130n\u015fa etmemiz gereken Be\u015finci Enternasyonal\u2019in alternatif ge\u00e7i\u015f program\u0131n\u0131n ne olmas\u0131 gerekti\u011fine dair baz\u0131 fikirlerimi okuman\u0131z i\u00e7in, sizi baz\u0131 ilk sorular\u0131 soran yaz\u0131ma&nbsp;y\u00f6nlendiriyorum. &nbsp;Bu yaz\u0131n\u0131n linki \u015f\u00f6yle:&nbsp;&nbsp;<strong><a href=\"https:\/\/www.defenddemocracy.press\/geopolitics-war-climate-and-economy-the-need-for-a-global-alternative-economic-and-social-paradigm\/\" target=\"_blank\" rel=\"noreferrer noopener\">https:\/\/www.defenddemocracy.press\/geopolitics-war-climate-and-economy-the-need-for-a-global-alternative-economic-and-social-paradigm\/<\/a><\/strong><\/p>\n\n\n\n<p style=\"font-size:clamp(16.834px, 1.052rem + ((1vw - 3.2px) * 0.716), 26px);\">(*)&nbsp;<em>Bu metin 22 Eyl\u00fcl 2023 tarihinde Brezilya\u2019da Rio de Janeiro Federal \u00dcniversitesi\u2019nde d\u00fczenlenen D\u00fcnya Sistemi konulu bir sempozyumda sunulmu\u015ftur.<\/em><\/p>\n","protected":false},"excerpt":{"rendered":"<p>Kapitalizme, Emperyalizme, Totalitarizme, \u0130klim de\u011fi\u015fikli\u011fine ve do\u011fan\u0131n tahribat\u0131na Kar\u015f\u0131 5. Enternasyonal&nbsp; Dimitris Konstantakopoulos \u00c7eviren Ferdi Bekir 31 Mart 2024 Bu yaz\u0131 Samir Amin\u2019in son iki sava\u015f\u0131 ba\u015fl\u0131\u011f\u0131yla Defend Democracy Press web sitesinde yay\u0131nlanm\u0131\u015ft\u0131r. Yazar Yunanistan Ba\u015fbakan\u0131 Sosyal Demokrat lider Andreas Papandreou&#8217;nun eski dan\u0131\u015fman\u0131 ve daha sonra kurulan sosyalist SYRIZA Partisi\u2019nin Merkez Komitesi eski Sekreterya \u00dcyesi. [&hellip;]<\/p>\n","protected":false},"author":1,"featured_media":0,"comment_status":"open","ping_status":"open","sticky":false,"template":"","format":"standard","meta":{"_monsterinsights_skip_tracking":false,"_monsterinsights_sitenote_active":false,"_monsterinsights_sitenote_note":"","_monsterinsights_sitenote_category":0,"footnotes":""},"categories":[5,7,4],"tags":[],"class_list":["post-3789","post","type-post","status-publish","format-standard","hentry","category-dunya-sosyalizmi","category-gelisen-ulkeler","category-turkiye-sosyalizmi"],"blocksy_meta":[],"_links":{"self":[{"href":"https:\/\/marksizm.org.tr\/index.php?rest_route=\/wp\/v2\/posts\/3789","targetHints":{"allow":["GET"]}}],"collection":[{"href":"https:\/\/marksizm.org.tr\/index.php?rest_route=\/wp\/v2\/posts"}],"about":[{"href":"https:\/\/marksizm.org.tr\/index.php?rest_route=\/wp\/v2\/types\/post"}],"author":[{"embeddable":true,"href":"https:\/\/marksizm.org.tr\/index.php?rest_route=\/wp\/v2\/users\/1"}],"replies":[{"embeddable":true,"href":"https:\/\/marksizm.org.tr\/index.php?rest_route=%2Fwp%2Fv2%2Fcomments&post=3789"}],"version-history":[{"count":1,"href":"https:\/\/marksizm.org.tr\/index.php?rest_route=\/wp\/v2\/posts\/3789\/revisions"}],"predecessor-version":[{"id":3790,"href":"https:\/\/marksizm.org.tr\/index.php?rest_route=\/wp\/v2\/posts\/3789\/revisions\/3790"}],"wp:attachment":[{"href":"https:\/\/marksizm.org.tr\/index.php?rest_route=%2Fwp%2Fv2%2Fmedia&parent=3789"}],"wp:term":[{"taxonomy":"category","embeddable":true,"href":"https:\/\/marksizm.org.tr\/index.php?rest_route=%2Fwp%2Fv2%2Fcategories&post=3789"},{"taxonomy":"post_tag","embeddable":true,"href":"https:\/\/marksizm.org.tr\/index.php?rest_route=%2Fwp%2Fv2%2Ftags&post=3789"}],"curies":[{"name":"wp","href":"https:\/\/api.w.org\/{rel}","templated":true}]}}