{"id":3877,"date":"2024-04-20T15:52:25","date_gmt":"2024-04-20T15:52:25","guid":{"rendered":"https:\/\/marksizm.org.tr\/?p=3877"},"modified":"2024-04-20T15:52:25","modified_gmt":"2024-04-20T15:52:25","slug":"tip-parti-meclisi-secim-kampanyasindaki-eksiklikleri-ve-yeni-gorevleri-belirledi","status":"publish","type":"post","link":"https:\/\/marksizm.org.tr\/?p=3877","title":{"rendered":"T\u0130P PART\u0130 MECL\u0130S\u0130 SE\u00c7\u0130M KAMPANYASINDAK\u0130 EKS\u0130KL\u0130KLER\u0130 ve YEN\u0130 G\u00d6REVLER\u0130 BEL\u0130RLED\u0130"},"content":{"rendered":"\n<h1 class=\"wp-block-heading\"><strong>T\u0130P PART\u0130 MECL\u0130S\u0130 SE\u00c7\u0130M KAMPANYASINDAK\u0130 EKS\u0130KL\u0130KLER\u0130 ve YEN\u0130 G\u00d6REVLER\u0130 BEL\u0130RLED\u0130<\/strong><\/h1>\n\n\n\n<h2 class=\"wp-block-heading\"><strong>17 Nisan 2024<\/strong><\/h2>\n\n\n\n<h2 class=\"wp-block-heading\"><strong>Ferdi Bekir &nbsp;<\/strong><\/h2>\n\n\n\n<p><\/p>\n\n\n\n<figure class=\"wp-block-image aligncenter size-large\"><img decoding=\"async\" src=\"https:\/\/tip.org.tr\/wp-content\/uploads\/2020\/10\/tip-yelken_2.jpg\" alt=\"\"\/><\/figure>\n\n\n\n<p><\/p>\n\n\n\n<p style=\"font-size:clamp(16.834px, 1.052rem + ((1vw - 3.2px) * 0.716), 26px);\">T\u0130P, bu se\u00e7imlerde yerellerde yapt\u0131\u011f\u0131 tercihlere y\u00f6n verecek T\u00fcrkiye \u00f6l\u00e7e\u011fine y\u00f6nelik kapsay\u0131c\u0131 bir siyasi iddia ve s\u00f6ylem geli\u015ftirmekte eksik kalm\u0131\u015f, her bir yerellik i\u00e7in koydu\u011fu hedefler ve y\u00fcr\u00fctt\u00fc\u011f\u00fc kampanyay\u0131 birbiriyle b\u00fct\u00fcnle\u015ftiren genel bir stratejik do\u011frultuyu se\u00e7im s\u00fcrecine yans\u0131tamam\u0131\u015ft\u0131r.&nbsp;<\/p>\n\n\n\n<p style=\"font-size:clamp(16.834px, 1.052rem + ((1vw - 3.2px) * 0.716), 26px);\">Yerel se\u00e7imlerin genel se\u00e7imlerden farkl\u0131 bir i\u015fleyi\u015fe, ihtiya\u00e7lara ve dinamiklere sahip oldu\u011fu ger\u00e7e\u011fini yeterince hesaba katamam\u0131\u015f ve mevcut \u00f6rg\u00fctsel kapasitesi ile \u00f6n\u00fcne koydu\u011fu hedefler aras\u0131ndaki uyumu yeterince g\u00f6zetememi\u015ftir. Bu durum, pek \u00e7ok yerellikte se\u00e7im \u00e7al\u0131\u015fmalar\u0131na ge\u00e7 ba\u015flamak, bununla ba\u011flant\u0131l\u0131 olarak aday se\u00e7imlerinde zaman k\u0131s\u0131t\u0131ndan dolay\u0131 yeterince titiz davranamamak, \u00fcyelerini ve kadrolar\u0131n\u0131 yeterli, sistemli ve odakl\u0131 bir \u015fekilde seferber edememek gibi bir dizi sorunu beraberinde getirmi\u015ftir. &nbsp;<\/p>\n\n\n\n<p style=\"font-size:clamp(16.834px, 1.052rem + ((1vw - 3.2px) * 0.716), 26px);\"><strong>Aday se\u00e7iminde yeterince titiz davranamad\u0131k<\/strong><\/p>\n\n\n\n<p style=\"font-size:clamp(16.834px, 1.052rem + ((1vw - 3.2px) * 0.716), 26px);\">Parti Meclisimiz t\u00fcm bu sorun ve hatalar\u0131n esas olarak partimizin 2023 se\u00e7imleri \u00f6ncesindeki h\u0131zl\u0131 kitleselle\u015fme ivmesine uyumlu bir \u00f6rg\u00fctlenme, kurumsalla\u015fma ve parti i\u00e7i i\u015fleyi\u015f s\u00fcrecinin e\u015flik etmemesi gibi ana bir sorunda d\u00fc\u011f\u00fcmlendi\u011fini tespit etmi\u015ftir. Bu \u00e7er\u00e7evede merkez organlarla yerel \u00f6rg\u00fctler aras\u0131nda olu\u015fmu\u015f olan mesafe; parti i\u00e7i ileti\u015fim, kat\u0131l\u0131m ve tart\u0131\u015fma kanallar\u0131n\u0131n istenildi\u011fi gibi \u00e7al\u0131\u015fmamas\u0131; kurullar\u0131m\u0131z\u0131n ve i\u00e7 hukukumuza uygun parti hayat\u0131n\u0131n i\u015fletilmesi konusunda ya\u015fanan sorunlar, hantall\u0131klar; partimizin \u00fcye ve kadro birikimini gerekti\u011fi \u015fekilde a\u00e7\u0131\u011fa \u00e7\u0131kar\u0131p i\u015flevsel k\u0131lamamas\u0131 gibi \u00f6nemli eksikler ortaya \u00e7\u0131km\u0131\u015ft\u0131r.<\/p>\n\n\n\n<p style=\"font-size:clamp(16.834px, 1.052rem + ((1vw - 3.2px) * 0.716), 26px);\">Partimiz bu do\u011frultuda her iki hedefin de birbiriyle uyumlu ilerleyece\u011fi \u015fekilde kitleselle\u015fme ile kurumsalla\u015fma aras\u0131ndaki a\u00e7\u0131y\u0131 kapatacak, partiye \u00f6rg\u00fctsel derinlik ve politik netlik kazand\u0131racak ve parti merkezi ile \u00fcyeler aras\u0131ndaki ba\u011flant\u0131 ve etkile\u015fimleri s\u0131k\u0131la\u015ft\u0131racak ara\u00e7lar\u0131, d\u00fczenleme ve pratikleri hayata ge\u00e7irmeyi acil bir g\u00f6rev olarak \u00f6n\u00fcne koymu\u015ftur.&nbsp;<\/p>\n\n\n\n<p style=\"font-size:clamp(16.834px, 1.052rem + ((1vw - 3.2px) * 0.716), 26px);\"><strong>\u00d6N\u00dcM\u00dcZDEK\u0130 D\u00d6NEM PART\u0130M\u0130Z\u0130N S\u0130YAS\u0130 HEDEFLER\u0130 VE G\u00d6REVLER\u0130<\/strong><\/p>\n\n\n\n<p style=\"font-size:clamp(16.834px, 1.052rem + ((1vw - 3.2px) * 0.716), 26px);\">T\u00fcrkiye\u2019de i\u015f\u00e7i s\u0131n\u0131f\u0131n\u0131n ve ezilen, bask\u0131 ve e\u015fitsizli\u011fe u\u011frayan t\u00fcm toplumsal kesimlerin siyasal temsiline soyunan T\u00fcrkiye \u0130\u015f\u00e7i Partisi ba\u015fta 2023 ve 2024 se\u00e7imleri olmak \u00fczere yo\u011fun bir se\u00e7imler d\u00f6neminin sonunda T\u00fcrkiye\u2019de sosyalist solun uzun tarihi g\u00f6z \u00f6n\u00fcne al\u0131nd\u0131\u011f\u0131nda kitlesel etki g\u00fcc\u00fc a\u00e7\u0131s\u0131ndan istisnai ve kayda de\u011fer bir noktaya eri\u015fmi\u015f olmakla birlikte siyasi ve \u00f6rg\u00fctsel hedefleri a\u00e7\u0131s\u0131ndan \u00f6n\u00fcnde uzun bir yol oldu\u011funun bilincindedir.<\/p>\n\n\n\n<p style=\"font-size:clamp(16.834px, 1.052rem + ((1vw - 3.2px) * 0.716), 26px);\">Erdo\u011fan\u2019\u0131n \u015fahs\u0131nda somutlanan g\u00fc\u00e7l\u00fc Saray Rejimi\u2019nin yerle\u015fik hale gelmesine kar\u015f\u0131 T\u0130P g\u00fc\u00e7l\u00fc bir m\u00fccadele vermi\u015f, d\u00fczen muhalefetinin yaratamad\u0131\u011f\u0131 siyasal umudu yaratm\u0131\u015f ve hatta ana muhalefet partisinin (CHP) bu a\u00e7\u0131dan de\u011fi\u015fimine de etki etmi\u015ftir.<\/p>\n\n\n\n<p style=\"font-size:clamp(16.834px, 1.052rem + ((1vw - 3.2px) * 0.716), 26px);\">2024 yerel se\u00e7imleri sonras\u0131nda elde etti\u011fi ba\u015far\u0131 ve se\u00e7menin ona a\u00e7t\u0131\u011f\u0131 krediyle CHP\u2019nin muhalif se\u00e7mende bir umut yaratt\u0131\u011f\u0131 ve bu ba\u015far\u0131y\u0131 \u00f6n\u00fcm\u00fczdeki d\u00f6nem Erdo\u011fan\u2019\u0131 iktidardan d\u00fc\u015f\u00fcrmek iddias\u0131yla konsolide etmeye \u00e7al\u0131\u015faca\u011f\u0131 a\u00e7\u0131kt\u0131r.<\/p>\n\n\n\n<p style=\"font-size:clamp(16.834px, 1.052rem + ((1vw - 3.2px) * 0.716), 26px);\"><strong>D\u00fczen i\u00e7i ana muhalefetin ideolojik-politik s\u0131n\u0131rlar\u0131n\u0131 Biliyoruz<\/strong><\/p>\n\n\n\n<p style=\"font-size:clamp(16.834px, 1.052rem + ((1vw - 3.2px) * 0.716), 26px);\">Bununla birlikte toplumsal r\u0131za kazanmada b\u00fcy\u00fck zorluklar ya\u015fayan, geni\u015f bir siyasi ve iktisadi \u00e7\u0131karlar konfederasyonunu y\u00f6netmede zorlanan, bunun sonucunda devlet i\u00e7i s\u00fcrekli krizlerle bo\u011fu\u015fmak zorunda kalan Saray Rejimi\u2019ne kar\u015f\u0131 m\u00fccadelede d\u00fczen i\u00e7i ana muhalefetin ideolojik-politik s\u0131n\u0131rlar\u0131 da a\u015fikard\u0131r.<\/p>\n\n\n\n<p style=\"font-size:clamp(16.834px, 1.052rem + ((1vw - 3.2px) * 0.716), 26px);\">Ayn\u0131 zamanda, d\u00fczen i\u00e7i muhalefetin sermaye sald\u0131r\u0131s\u0131 kar\u015f\u0131s\u0131nda emek\u00e7ilerin talep ve \u00f6zlemlerini temsil etme kapasitesi de bizzat bu sermaye kesimleriyle ba\u011flar\u0131 sebebiyle bir\u00e7ok zorluk ta\u015f\u0131maktad\u0131r.&nbsp;<\/p>\n\n\n\n<p style=\"font-size:clamp(16.834px, 1.052rem + ((1vw - 3.2px) * 0.716), 26px);\"><strong>Saray Rejimi ve sermaye sald\u0131r\u0131s\u0131na kar\u015f\u0131 ger\u00e7ek bir diren\u00e7 hatt\u0131<\/strong><\/p>\n\n\n\n<p style=\"font-size:clamp(16.834px, 1.052rem + ((1vw - 3.2px) * 0.716), 26px);\">T\u00fcrkiye i\u015f\u00e7i Partisi, \u00f6n\u00fcm\u00fczdeki d\u00f6nemde de halk\u0131n d\u00fczen siyaseti taraf\u0131ndan kar\u015f\u0131lanamayan talep, kayg\u0131 ve \u00f6zlemlerini en g\u00fc\u00e7l\u00fc ve sahici bir \u015fekilde seslendirmeye ve \u00f6rg\u00fctlemeye devam edecektir.&nbsp; T\u00fcrkiye \u0130\u015f\u00e7i Partisi\u2019nin varl\u0131\u011f\u0131 ve m\u00fccadelesi, Saray Rejimi ve sermaye sald\u0131r\u0131s\u0131na kar\u015f\u0131 ger\u00e7ek bir diren\u00e7 hatt\u0131n\u0131n kurulmas\u0131 ve e\u015fitlik-\u00f6zg\u00fcrl\u00fck m\u00fccadelesi a\u00e7\u0131s\u0131ndan elzem olmaya devam etmektedir.<\/p>\n\n\n\n<p style=\"font-size:clamp(16.834px, 1.052rem + ((1vw - 3.2px) * 0.716), 26px);\">T\u0130P 2. Kongre \u00c7er\u00e7eve Belgesi\u2019nde de ifade etti\u011fimiz \u00fczere d\u00fcnyada ve T\u00fcrkiye\u2019de neoliberal kapitalizmin yaratt\u0131\u011f\u0131 s\u0131n\u0131fsal ve ekolojik y\u0131k\u0131m ancak bask\u0131ya dayal\u0131 yeni siyasal rejimler ve iktidarlarca y\u00f6netilebilmektedir.<\/p>\n\n\n\n<p style=\"font-size:clamp(16.834px, 1.052rem + ((1vw - 3.2px) * 0.716), 26px);\"><strong>Otoriterle\u015fmeye kar\u015f\u0131 m\u00fccadele ve emek\u00e7ilerin siyasete kat\u0131l\u0131m\u0131<\/strong><\/p>\n\n\n\n<p style=\"font-size:clamp(16.834px, 1.052rem + ((1vw - 3.2px) * 0.716), 26px);\">Bu s\u00fcrecin esas\u0131 emek\u00e7ilerin siyasete kat\u0131l\u0131m kanallar\u0131n\u0131n sistematik bi\u00e7imde kapat\u0131lmas\u0131d\u0131r.&nbsp; Otoriterle\u015fmeye kar\u015f\u0131 m\u00fccadele emek\u00e7ilerin siyasete kat\u0131l\u0131m olanaklar\u0131n\u0131n g\u00fc\u00e7lendirilmesinden ge\u00e7mektedir.<\/p>\n\n\n\n<p style=\"font-size:clamp(16.834px, 1.052rem + ((1vw - 3.2px) * 0.716), 26px);\"><strong>\u0130\u015f\u00e7i s\u0131n\u0131f\u0131n\u0131n \u00f6n\u00fcndeki ideolojik ku\u015fatman\u0131n yar\u0131lmas\u0131<\/strong><\/p>\n\n\n\n<p style=\"font-size:clamp(16.834px, 1.052rem + ((1vw - 3.2px) * 0.716), 26px);\">Bu do\u011frultuda \u00f6n\u00fcm\u00fcze koydu\u011fumuz ana siyasal stratejik hatt\u0131m\u0131z ve g\u00f6revimiz olan i\u015f\u00e7i s\u0131n\u0131f\u0131n\u0131n \u00f6n\u00fcndeki ideolojik ku\u015fatman\u0131n yar\u0131lmas\u0131, onun \u00f6rg\u00fctl\u00fc, politik bir \u00f6zne haline gelmesi, bunun ayn\u0131 zamanda Saray Rejimi\u2019nde somutlanan otoriter rejimi devirecek ana dinamik oldu\u011fu de\u011ferlendirmesi ge\u00e7erlili\u011fini aynen korumaktad\u0131r.<\/p>\n\n\n\n<p style=\"font-size:clamp(16.834px, 1.052rem + ((1vw - 3.2px) * 0.716), 26px);\"><strong>\u0130\u015f\u00e7ilerin siyasal temsiliyetini hi\u00e7bir sa\u011f akt\u00f6re Veremeyiz<\/strong><\/p>\n\n\n\n<p style=\"font-size:clamp(16.834px, 1.052rem + ((1vw - 3.2px) * 0.716), 26px);\">&nbsp;\u0130\u015f\u00e7ilerin siyasal temsiliyetini T\u00fcrkiye\u2019de d\u00fczen siyasetinin hi\u00e7bir sa\u011f akt\u00f6r\u00fcne teslim etmemek ve i\u015f\u00e7i s\u0131n\u0131f\u0131n\u0131n ba\u011f\u0131ms\u0131z siyasal \u00f6zne olarak in\u015fas\u0131n\u0131 sa\u011flamak \u00f6ncelikli g\u00f6revimizdir. Emek ve \u00f6zg\u00fcrl\u00fck m\u00fccadelesi d\u00fcn oldu\u011fu gibi bug\u00fcn de ayr\u0131lmaz bir b\u00fct\u00fcn olu\u015fturmaktad\u0131r.<\/p>\n\n\n\n<p style=\"font-size:clamp(16.834px, 1.052rem + ((1vw - 3.2px) * 0.716), 26px);\">Se\u00e7imlerden hemen sonra AKP iktidar\u0131n\u0131n verdi\u011fi baz\u0131 tepkiler se\u00e7imsiz ge\u00e7ecek \u00f6n\u00fcm\u00fczdeki birka\u00e7 y\u0131lda AKP\u2019nin \u201ckemer s\u0131kma politikalar\u0131na\u201d devam edece\u011fini ve bunun kar\u015f\u0131s\u0131nda ortaya \u00e7\u0131kmas\u0131 kuvvetle muhtemel toplumsal tepkiyi de otoriter politikalar, zor ayg\u0131tlar\u0131, \u0130slamc\u0131 ve milliyet\u00e7i ideolojik ku\u015fatma ile bast\u0131rmaya \u00e7al\u0131\u015faca\u011f\u0131n\u0131 g\u00f6stermektedir. Di\u011fer yandan muhalefet sahas\u0131nda da emek\u00e7ilerin tepkilerini \u0130slamc\u0131, sa\u011f-muhafazak\u00e2r, \u0131rk\u00e7\u0131-milliyet\u00e7i ve sosyal-liberal ideolojik hatlar \u00fczerinden so\u011furmaya y\u00f6nelik giri\u015fimler ortaya \u00e7\u0131kacakt\u0131r.&nbsp; &nbsp; &nbsp;<\/p>\n\n\n\n<p style=\"font-size:clamp(16.834px, 1.052rem + ((1vw - 3.2px) * 0.716), 26px);\">B\u00fct\u00fcn hamlelere kar\u015f\u0131 i\u015f\u00e7i s\u0131n\u0131f\u0131n\u0131n m\u00fccadelesinin t\u00fcm alanlarda g\u00fc\u00e7lendirilmesi, sosyalist siyasetle bulu\u015fturulmas\u0131 ve d\u00fczen kar\u015f\u0131t\u0131 bir politik-ideolojik h\u00fcviyet kazanmas\u0131 T\u00fcrkiye \u0130\u015f\u00e7i Partisi\u2019nin ana hedefidir.<\/p>\n\n\n\n<p style=\"font-size:clamp(16.834px, 1.052rem + ((1vw - 3.2px) * 0.716), 26px);\"><strong>Yeni Toplumsal Hareketlerle Dayan\u0131\u015fma<\/strong><\/p>\n\n\n\n<p style=\"font-size:clamp(16.834px, 1.052rem + ((1vw - 3.2px) * 0.716), 26px);\">Hem iktidar hem muhalefetteki d\u00fczen partilerinin izleyecekleri bu hat ayn\u0131 zamanda kad\u0131n, LGBT\u0130+, ekoloji, kent m\u00fccadele alanlar\u0131ndaki toplumsal dinamizmi de zapturapt alt\u0131na almaya ve\/veya so\u011furmaya, bu alanlardaki ataerkil ve kapitalist yap\u0131lar\u0131 muhafaza etmeye y\u00f6nelecektir. Dolay\u0131s\u0131yla, T\u00fcrkiye\u2019de sosyalist m\u00fccadelenin olmazsa olmaz bir gere\u011fi t\u00fcm bu alanlarda s\u00fcrd\u00fcr\u00fclen toplumsal m\u00fccadeleler ile derin bir dayan\u0131\u015fma sa\u011flamak ve bu m\u00fccadeleleri g\u00fc\u00e7lendirmektir.&nbsp;<\/p>\n\n\n\n<p style=\"font-size:clamp(16.834px, 1.052rem + ((1vw - 3.2px) * 0.716), 26px);\"><strong>Saray Rejimi\u2019nin 2015\u2019ten itibaren K\u00fcrt meselesinde milliyet\u00e7i-militarist hatt\u0131<\/strong><\/p>\n\n\n\n<p style=\"font-size:clamp(16.834px, 1.052rem + ((1vw - 3.2px) * 0.716), 26px);\">Cumhur \u0130ttifak\u0131\u2019n\u0131n ve Saray Rejimi\u2019nin ana harc\u0131 2015\u2019ten itibaren K\u00fcrt meselesindeki milliyet\u00e7i-militarist hat olmu\u015ftur. Bu hat ayn\u0131 zamanda d\u00fczen i\u00e7i parlamenter muhalefeti paralize etmek ve b\u00f6lmek i\u00e7in de kullan\u0131lm\u0131\u015ft\u0131r.<\/p>\n\n\n\n<p style=\"font-size:clamp(16.834px, 1.052rem + ((1vw - 3.2px) * 0.716), 26px);\">Yerel se\u00e7imler sonras\u0131nda ald\u0131\u011f\u0131 hezimeti ve ana muhalefet partisinin siyaseten g\u00fc\u00e7leni\u015fini K\u00fcrt meselesinde bask\u0131c\u0131, milliyet\u00e7i ve militarist politikalar\u0131 devreye sokarak y\u00f6netme aray\u0131\u015f\u0131 kuvvetle muhtemeldir.<\/p>\n\n\n\n<p style=\"font-size:clamp(16.834px, 1.052rem + ((1vw - 3.2px) * 0.716), 26px);\">Se\u00e7im d\u00f6neminde ta\u015f\u0131ma se\u00e7men, se\u00e7im sonras\u0131nda Van \u00f6rne\u011finde g\u00f6rd\u00fc\u011f\u00fcm\u00fcz halk\u0131n iradesini hi\u00e7e sayarak fiilen kayy\u0131m atama \u00f6rnekleri kadar Irak\u2019a y\u00f6nelik askeri operasyonlar\u0131n devam edece\u011fi beyanlar\u0131 da bunun teyidi niteli\u011findedir. Van se\u00e7imlerinde halk\u0131n iradesinin yok say\u0131lmas\u0131na kar\u015f\u0131 K\u00fcrt halk\u0131n\u0131n, K\u00fcrt siyasal hareketinin, sosyalistlerin ve T\u00fcrkiye\u2019nin bat\u0131s\u0131ndaki yurtta\u015flar\u0131m\u0131z\u0131n sergiledi\u011fi ikirciksiz dayan\u0131\u015fman\u0131n \u00f6nemi ve \u00f6\u011freticili\u011fi ortadad\u0131r. T\u00fcrkiye \u0130\u015f\u00e7i Partisi olarak T\u00fcrkiye\u2019de K\u00fcrt meselesinde bar\u0131\u015f siyasetinin emek ve demokrasi m\u00fccadelesinin ana eksenlerinden biri oldu\u011funu s\u00f6ylemeye ve bu bar\u0131\u015f siyasetini \u00fclkenin her yan\u0131nda \u00f6rmeye devam edece\u011fiz.<\/p>\n\n\n\n<p style=\"font-size:clamp(16.834px, 1.052rem + ((1vw - 3.2px) * 0.716), 26px);\"><strong>\u00d6NCEL\u0130KL\u0130 SOMUT HEDEFLER\u0130M\u0130Z VE TAKV\u0130M\u0130M\u0130Z<\/strong><\/p>\n\n\n\n<p style=\"font-size:clamp(16.834px, 1.052rem + ((1vw - 3.2px) * 0.716), 26px);\">\u00d6n\u00fcm\u00fcze koydu\u011fumuz siyasi g\u00f6revler ve hedefler do\u011frultusunda T\u00fcrkiye \u0130\u015f\u00e7i Partisi olarak k\u0131sa vadeli takvimimiz hedeflerimiz \u015funlard\u0131r.<\/p>\n\n\n\n<ul class=\"wp-block-list\">\n<li style=\"font-size:clamp(16.834px, 1.052rem + ((1vw - 3.2px) * 0.716), 26px);\">1 May\u0131s\u2019a \u00fclkenin t\u00fcm emek, demokrasi ve bar\u0131\u015f g\u00fc\u00e7leriyle bir arada ve \u201cCumartesiyi Kazanaca\u011f\u0131z: \u00c7al\u0131\u015fma S\u00fcresi Haftal\u0131k 35 Saate D\u00fc\u015f\u00fcr\u00fcls\u00fcn\u201d ana talebi etraf\u0131nda emek\u00e7ilere y\u00f6nelik sald\u0131r\u0131ya kar\u015f\u0131 ilk kitlesel cevab\u0131 \u00f6rg\u00fctleyerek kat\u0131laca\u011f\u0131z.<\/li>\n\n\n\n<li style=\"font-size:clamp(16.834px, 1.052rem + ((1vw - 3.2px) * 0.716), 26px);\">Hatay halk\u0131n\u0131n se\u00e7ti\u011fi vekilimiz Can Atalay\u2019\u0131n bir yarg\u0131 darbesiyle s\u00fcrd\u00fcr\u00fclen tutsakl\u0131\u011f\u0131na kar\u015f\u0131 ve \u00f6zg\u00fcrl\u00fc\u011f\u00fcne kavu\u015fmas\u0131 i\u00e7in m\u00fccadelemiz kesintisiz s\u00fcrecektir. Gezi davas\u0131 tutuklamalar\u0131n\u0131n ikinci y\u0131l\u0131n\u0131n dolaca\u011f\u0131 25 Nisan\u2019da bu m\u00fccadelemizi en g\u00fc\u00e7l\u00fc \u015fekilde ortaya koyaca\u011f\u0131z.<\/li>\n\n\n\n<li style=\"font-size:clamp(16.834px, 1.052rem + ((1vw - 3.2px) * 0.716), 26px);\">Kazand\u0131\u011f\u0131m\u0131z iki belediye i\u00e7in her t\u00fcrl\u00fc d\u00fc\u015f\u00fcnsel, kadro imkan\u0131m\u0131z\u0131 harekete ge\u00e7irerek sosyalist belediyecili\u011fin ya\u015fayan \u00f6rneklerini yaratmay\u0131; yine belediye meclislerine se\u00e7ildi\u011fimiz veya se\u00e7ilemezsek de g\u00fc\u00e7l\u00fc oldu\u011fumuz t\u00fcm se\u00e7im b\u00f6lgelerinde sosyalist, halk\u00e7\u0131 belediyecilik \u00e7izgisinde denetleme, bask\u0131 kurma faaliyeti y\u00fcr\u00fctmeyi partimizin \u00f6ncelikli i\u015fleri aras\u0131nda \u00f6rg\u00fctleyece\u011fiz.<\/li>\n\n\n\n<li style=\"font-size:clamp(16.834px, 1.052rem + ((1vw - 3.2px) * 0.716), 26px);\">Parti Meclisi toplant\u0131s\u0131n\u0131 takiben il ve il\u00e7e \u00f6rg\u00fct birimlerimiz ile Parti Meclisi \u00fcyelerimizin kat\u0131laca\u011f\u0131 ve Parti Meclisi sonu\u00e7 metnimizde ele al\u0131nan t\u00fcm konular\u0131n tart\u0131\u015f\u0131laca\u011f\u0131 y\u00fcz y\u00fcze toplant\u0131lar d\u00fczenleyece\u011fiz.<\/li>\n\n\n\n<li style=\"font-size:clamp(16.834px, 1.052rem + ((1vw - 3.2px) * 0.716), 26px);\">\u0130l ve il\u00e7e y\u00f6neticileri ile merkez organlarda g\u00f6revli yolda\u015flar\u0131m\u0131z\u0131n kat\u0131laca\u011f\u0131 y\u00fcz y\u00fcze ve\/veya \u00e7evrimi\u00e7i toplant\u0131lar\u0131 d\u00fczenli olarak yapaca\u011f\u0131z.<\/li>\n\n\n\n<li style=\"font-size:clamp(16.834px, 1.052rem + ((1vw - 3.2px) * 0.716), 26px);\">Yaz d\u00f6nemini, partinin \u00f6rg\u00fctsel ve siyasal a\u00e7\u0131lardan g\u00fc\u00e7lendirilmesi amac\u0131yla t\u00fcm kadrolar\u0131m\u0131za ve \u00fcyelerimize y\u00f6nelik bir dizi yaz kamp\u0131 d\u00fczenleyerek planlayaca\u011f\u0131z. Partimizin yeni \u00f6rg\u00fctsel yap\u0131s\u0131n\u0131, i\u015fleyi\u015fini ve g\u00fcncellenmi\u015f Temel Siyaset Belgemizi belirlemek \u00fczere parti i\u00e7i demokratik kat\u0131l\u0131m esas\u0131 uyar\u0131nca bu kamplarda bir tart\u0131\u015fma y\u00fcr\u00fctece\u011fiz.<\/li>\n\n\n\n<li style=\"font-size:clamp(16.834px, 1.052rem + ((1vw - 3.2px) * 0.716), 26px);\">Ard\u0131ndan eyl\u00fcl-ekim d\u00f6neminde ger\u00e7ekle\u015ftirece\u011fimiz bir T\u00fcz\u00fck Konferans\u0131 ve Siyasi Konferans ile T\u00fcrkiye \u0130\u015f\u00e7i Partisi olarak kendimizi \u00f6n\u00fcm\u00fczdeki d\u00f6nem yeni bir evreye girece\u011fi g\u00f6r\u00fclen sosyalizm m\u00fccadelesine haz\u0131r hale getirece\u011fiz.<\/li>\n<\/ul>\n\n\n\n<p style=\"font-size:clamp(16.834px, 1.052rem + ((1vw - 3.2px) * 0.716), 26px);\">Son olarak, Van halk\u0131n\u0131n iradesinin gasp edilmesine kar\u015f\u0131 \u0130stanbul\u2019da yap\u0131lan dayan\u0131\u015fma eylemlerine kat\u0131ld\u0131\u011f\u0131 i\u00e7in tutuklanan yolda\u015f\u0131m\u0131z Umut\u2019un yeniden \u00f6zg\u00fcrl\u00fc\u011f\u00fcne kavu\u015fabilmesi i\u00e7in m\u00fccadelemizi s\u00fcrd\u00fcrd\u00fc\u011f\u00fcm\u00fcz\u00fc kamuoyuna bildirmek isteriz. T\u00fcrkiye \u0130\u015f\u00e7i Partisi olarak sosyalizm m\u00fccadelesine her zamanki inad\u0131m\u0131z ve inanc\u0131m\u0131zla devam edece\u011fiz.&nbsp;<\/p>\n","protected":false},"excerpt":{"rendered":"<p>T\u0130P PART\u0130 MECL\u0130S\u0130 SE\u00c7\u0130M KAMPANYASINDAK\u0130 EKS\u0130KL\u0130KLER\u0130 ve YEN\u0130 G\u00d6REVLER\u0130 BEL\u0130RLED\u0130 17 Nisan 2024 Ferdi Bekir &nbsp; T\u0130P, bu se\u00e7imlerde yerellerde yapt\u0131\u011f\u0131 tercihlere y\u00f6n verecek T\u00fcrkiye \u00f6l\u00e7e\u011fine y\u00f6nelik kapsay\u0131c\u0131 bir siyasi iddia ve s\u00f6ylem geli\u015ftirmekte eksik kalm\u0131\u015f, her bir yerellik i\u00e7in koydu\u011fu hedefler ve y\u00fcr\u00fctt\u00fc\u011f\u00fc kampanyay\u0131 birbiriyle b\u00fct\u00fcnle\u015ftiren genel bir stratejik do\u011frultuyu se\u00e7im s\u00fcrecine yans\u0131tamam\u0131\u015ft\u0131r.&nbsp; Yerel [&hellip;]<\/p>\n","protected":false},"author":1,"featured_media":0,"comment_status":"open","ping_status":"open","sticky":false,"template":"","format":"standard","meta":{"_monsterinsights_skip_tracking":false,"_monsterinsights_sitenote_active":false,"_monsterinsights_sitenote_note":"","_monsterinsights_sitenote_category":0,"footnotes":""},"categories":[4],"tags":[],"class_list":["post-3877","post","type-post","status-publish","format-standard","hentry","category-turkiye-sosyalizmi"],"blocksy_meta":[],"_links":{"self":[{"href":"https:\/\/marksizm.org.tr\/index.php?rest_route=\/wp\/v2\/posts\/3877","targetHints":{"allow":["GET"]}}],"collection":[{"href":"https:\/\/marksizm.org.tr\/index.php?rest_route=\/wp\/v2\/posts"}],"about":[{"href":"https:\/\/marksizm.org.tr\/index.php?rest_route=\/wp\/v2\/types\/post"}],"author":[{"embeddable":true,"href":"https:\/\/marksizm.org.tr\/index.php?rest_route=\/wp\/v2\/users\/1"}],"replies":[{"embeddable":true,"href":"https:\/\/marksizm.org.tr\/index.php?rest_route=%2Fwp%2Fv2%2Fcomments&post=3877"}],"version-history":[{"count":1,"href":"https:\/\/marksizm.org.tr\/index.php?rest_route=\/wp\/v2\/posts\/3877\/revisions"}],"predecessor-version":[{"id":3878,"href":"https:\/\/marksizm.org.tr\/index.php?rest_route=\/wp\/v2\/posts\/3877\/revisions\/3878"}],"wp:attachment":[{"href":"https:\/\/marksizm.org.tr\/index.php?rest_route=%2Fwp%2Fv2%2Fmedia&parent=3877"}],"wp:term":[{"taxonomy":"category","embeddable":true,"href":"https:\/\/marksizm.org.tr\/index.php?rest_route=%2Fwp%2Fv2%2Fcategories&post=3877"},{"taxonomy":"post_tag","embeddable":true,"href":"https:\/\/marksizm.org.tr\/index.php?rest_route=%2Fwp%2Fv2%2Ftags&post=3877"}],"curies":[{"name":"wp","href":"https:\/\/api.w.org\/{rel}","templated":true}]}}