{"id":3958,"date":"2024-05-03T02:25:15","date_gmt":"2024-05-03T02:25:15","guid":{"rendered":"https:\/\/marksizm.org.tr\/?p=3958"},"modified":"2024-05-03T02:25:15","modified_gmt":"2024-05-03T02:25:15","slug":"abdde-baris-ve-sivil-haklar-hareketleri-cin-ve-filistin-karsiti-kiskirtici-politikalara-direniyor","status":"publish","type":"post","link":"https:\/\/marksizm.org.tr\/?p=3958","title":{"rendered":"ABD&#8217;de Bar\u0131\u015f ve Sivil Haklar Hareketleri \u00c7in Ve Filistin Kar\u015f\u0131t\u0131 K\u0131\u015fk\u0131rt\u0131c\u0131 Politikalara Direniyor"},"content":{"rendered":"\n<h1 class=\"wp-block-heading\"><strong>ABD&#8217;de Bar\u0131\u015f ve Sivil Haklar Hareketleri \u00c7in Ve Filistin Kar\u015f\u0131t\u0131 K\u0131\u015fk\u0131rt\u0131c\u0131 Politikalara Direniyor<\/strong><\/h1>\n\n\n\n<h1 class=\"wp-block-heading\"><strong>Bar\u0131\u015f Eylemcileri Yeni Bir Konferans D\u00fczenledi<\/strong><\/h1>\n\n\n\n<p><\/p>\n\n\n\n<figure class=\"wp-block-image aligncenter size-large\"><img decoding=\"async\" src=\"https:\/\/www.aljazeera.com\/wp-content\/uploads\/2024\/04\/AFP__20240426__34QA7DR__v1__HighRes__UsIsraelPalestinianConflictDemo-1714214721.jpg?resize=1170%2C780&amp;quality=80\" alt=\"\"\/><\/figure>\n\n\n\n<p><\/p>\n\n\n\n<p style=\"font-size:clamp(16.834px, 1.052rem + ((1vw - 3.2px) * 0.716), 26px);\"><strong>ABD\u2019deki Workers World (\u0130\u015f\u00e7ilerin D\u00fcnyas\u0131) gazetesinden al\u0131nm\u0131\u015ft\u0131r<\/strong><\/p>\n\n\n\n<p style=\"font-size:clamp(16.834px, 1.052rem + ((1vw - 3.2px) * 0.716), 26px);\"><strong>20 Nisan 2024<\/strong><\/p>\n\n\n\n<p style=\"font-size:clamp(16.834px, 1.052rem + ((1vw - 3.2px) * 0.716), 26px);\"><strong>\u00c7eviren: &nbsp;&nbsp;Mehmet Y\u00fcce<\/strong><\/p>\n\n\n\n<p style=\"font-size:clamp(16.834px, 1.052rem + ((1vw - 3.2px) * 0.716), 26px);\"><strong>Bar\u0131\u015f Eylemcileri ABD h\u00fck\u00fcmetinin \u00c7in\u2019e kar\u015f\u0131 hibrit sava\u015f ve kara propaganda y\u00fcr\u00fctt\u00fc\u011f\u00fcne inan\u0131yor. Joe Lombardo taraf\u0131ndan<\/strong>&nbsp;kaleme al\u0131nan ve ilk olarak Workers World (\u0130\u015f\u00e7ilerin D\u00fcnyas\u0131) gazetesinde yay\u0131nlanan a\u015fa\u011f\u0131daki makale, 5, 6 ve 7 Nisan tarihlerinde Minnesota eyaletinin St Paul kentinde d\u00fczenlenen \u00dclke \u00c7ap\u0131nda Birle\u015fik Sava\u015f Kar\u015f\u0131tlar\u0131 Koalisyonu hakk\u0131nda bilgi veriyor.<\/p>\n\n\n\n<p style=\"font-size:clamp(16.834px, 1.052rem + ((1vw - 3.2px) * 0.716), 26px);\">Konferans, aralar\u0131nda Bar\u0131\u015f i\u00e7in Siyah \u0130ttifak\u0131, ABD Filistin Toplulu\u011fu A\u011f\u0131, Bar\u0131\u015f i\u00e7in Gaziler, CODEPINK, ABD Bar\u0131\u015f Konseyi, \u00d6zg\u00fcrl\u00fck Yolu Sosyalist \u00d6rg\u00fct\u00fc, D\u00fcnya \u0130\u015f\u00e7i Partisi, K\u00fcresel Adalet i\u00e7in \u0130ttifak, Kom\u00fcnistler Partisi-ABD, sosyalist La Lucha M\u00fccadele Birli\u011fi ve daha fazlas\u0131n\u0131n bulundu\u011fu \u00e7ok \u00e7e\u015fitli bar\u0131\u015f hareketi gruplar\u0131 ve ilerici ve anti-emperyalist ve kom\u00fcnist g\u00fc\u00e7leri bir araya getirdi.<\/p>\n\n\n\n<p style=\"font-size:clamp(16.834px, 1.052rem + ((1vw - 3.2px) * 0.716), 26px);\">Konferanstaki farkl\u0131 yap\u0131lar i\u015fgale kar\u015f\u0131 Filistin direni\u015fine destek, Gazze&#8217;deki soyk\u0131r\u0131ma muhalefet, NATO&#8217;ya muhalefet ve \u00c7in&#8217;e y\u00f6nelik Yeni So\u011fuk Sava\u015f&#8217;a kar\u015f\u0131 m\u00fccadele politikas\u0131 etraf\u0131nda birle\u015fti.&nbsp;<strong>ABD\u2019deki Workers World (\u0130\u015f\u00e7ilerin D\u00fcnyas\u0131) gazetesindeki yaz\u0131 \u015f\u00f6yle: &nbsp;<\/strong><\/p>\n\n\n\n<p style=\"font-size:clamp(16.834px, 1.052rem + ((1vw - 3.2px) * 0.716), 26px);\"><strong>&#8221;ABD&#8217;nin \u00c7in&#8217;e kar\u015f\u0131 yakla\u015fan bir sava\u015f haz\u0131rl\u0131\u011f\u0131nda oldu\u011fu belli, ABD&#8217;nin bu sava\u015f haz\u0131rl\u0131\u011f\u0131na nas\u0131l kar\u015f\u0131 \u00e7\u0131k\u0131laca\u011f\u0131, konferans\u0131n \u00f6nemli bir odak noktas\u0131 oldu. Toplant\u0131da kat\u0131l\u0131mc\u0131lara \u015fu anda \u00c7in&#8217;i tehdit eden ABD donanmas\u0131n\u0131n ayr\u0131nt\u0131lar\u0131 sunuldu\u011funda izleyiciler durumu \u015fask\u0131nl\u0131kla izledi ve salonda bir u\u011fultu koptu.<\/strong><\/p>\n\n\n\n<p style=\"font-size:clamp(16.834px, 1.052rem + ((1vw - 3.2px) * 0.716), 26px);\"><strong>Bruce Gagnon uzay\u0131 ve g\u00f6ky\u00fcz\u00fcn\u00fc kaplayan ABD uzay silahlar\u0131n\u0131n boyutlar\u0131n\u0131 anlatt\u0131. Veterans For Peace (Bar\u0131\u015f \u0130\u00e7in Gaziler) \u00f6rg\u00fct\u00fcn\u00fcn ulusal d\u00fczeyde eski ba\u015fkan yard\u0131mc\u0131s\u0131 Mike Wong, Hong Kong ve \u015eincan-Uygur b\u00f6lgesindeki ger\u00e7ek durumlar\u0131 a\u00e7\u0131klad\u0131 ve kara propaganday\u0131 te\u015fhir etti.<\/strong><\/p>\n\n\n\n<p style=\"font-size:clamp(16.834px, 1.052rem + ((1vw - 3.2px) * 0.716), 26px);\"><strong>Lee Siu Hin, resmi ABD propagandas\u0131n\u0131n &#8220;soyk\u0131r\u0131m&#8221; ve bask\u0131ya ili\u015fkin sahte resimlerine kar\u015f\u0131 koymak i\u00e7in ger\u00e7ek g\u00f6rg\u00fc tan\u0131\u011f\u0131 heyetlerinin ziyaretleri ve video g\u00f6r\u00fcnt\u00fclerinin \u00f6nemini vurgulad\u0131. CIA s\u00fcrekli yalan bilgi ve g\u00f6r\u00fcnt\u00fc yay\u0131yor.&#8221;<\/strong><\/p>\n\n\n\n<p style=\"font-size:clamp(16.834px, 1.052rem + ((1vw - 3.2px) * 0.716), 26px);\"><strong>Konferans, ABD&#8217;nin \u0130srail&#8217;e yapt\u0131\u011f\u0131 yard\u0131ma son verilmesi ve trilyon dolarl\u0131k ABD sava\u015f b\u00fct\u00e7esinin iptal edilmesi \u00e7a\u011fr\u0131s\u0131n\u0131n yan\u0131 s\u0131ra, ABD&#8217;nin 800&#8217;den fazla deniza\u015f\u0131r\u0131 askeri \u00fcss\u00fcn\u00fcn kapat\u0131lmas\u0131n\u0131 ve da\u011f\u0131t\u0131lmas\u0131n\u0131 ve ABD n\u00fckleer cephaneli\u011finin tek tarafl\u0131 olarak ortadan kald\u0131r\u0131lmas\u0131n\u0131 talep etti.<\/strong><\/p>\n\n\n\n<p style=\"font-size:clamp(16.834px, 1.052rem + ((1vw - 3.2px) * 0.716), 26px);\">***<\/p>\n\n\n\n<p style=\"font-size:clamp(16.834px, 1.052rem + ((1vw - 3.2px) * 0.716), 26px);\">400&#8217;den fazla sava\u015f kar\u015f\u0131t\u0131, anti-emperyalist ve Filistin dayan\u0131\u015fma aktivisti, ABD sava\u015f kar\u015f\u0131t\u0131 hareketinin COVID-19 salg\u0131n\u0131 \u00f6ncesinden bu yana d\u00fczenledi\u011fi ilk b\u00fcy\u00fck konferansta 5, 6 ve 7 Nisan tarihlerinde St. Paul, Minnesota&#8217;da bir araya geldi. Co\u011frafi temsil Maine ve New York&#8217;tan Kaliforniya ve Kuzeybat\u0131 Pasifik&#8217;e, Minnesota&#8217;dan New Orleans ve Florida&#8217;n\u0131n yan\u0131 s\u0131ra Kanada&#8217;ya kadar uzan\u0131yordu. Bir\u00e7ok \u00fclkeden uluslararas\u0131 temsilciler vard\u0131.<\/p>\n\n\n\n<p style=\"font-size:clamp(16.834px, 1.052rem + ((1vw - 3.2px) * 0.716), 26px);\">Toplant\u0131ya 50&#8217;den fazla ulusal ve yerel grup kat\u0131ld\u0131; bunlar\u0131n en \u00f6nemlisi Bar\u0131\u015f \u0130\u00e7in Siyah \u0130ttifak\u0131, ABD Filistin Toplum A\u011f\u0131, Filistin i\u00e7in Amerikal\u0131 M\u00fcsl\u00fcmanlar, Bar\u0131\u015f \u0130\u00e7in Gaziler, CODEPINK, ABD Bar\u0131\u015f Konseyi, Ye\u015filler Partisi Eylem Komitesi, BAYAN \u00f6rg\u00fct\u00fc ABD, Uluslararas\u0131 Halklar Birli\u011fi &#8216; M\u00fccadele, Bolivarc\u0131 \u00c7ember, Kanada&#8217;dan Adil Bar\u0131\u015f Savunucular\u0131, Yapt\u0131r\u0131mlar \u00d6ld\u00fcrme Kampanyas\u0131, Amerika K\u0131tas\u0131 G\u00f6rev G\u00fcc\u00fc, \u00c7in-ABD Dayan\u0131\u015fma A\u011f\u0131, \u00d6zg\u00fcrl\u00fck Yolu Sosyalist \u00d6rg\u00fct\u00fc, \u0130\u015f\u00e7ilerin D\u00fcnya Partisi, K\u00fcresel Adalet \u0130ttifak\u0131, Sosyalist Eylem, Kom\u00fcnistler Partisi-ABD La Lucha M\u00fccadelesi ve Sava\u015fa ve \u0130\u015fgale Kar\u015f\u0131 Hareket.<\/p>\n\n\n\n<p style=\"font-size:clamp(16.834px, 1.052rem + ((1vw - 3.2px) * 0.716), 26px);\">Konferans\u0131n ev sahipleri aras\u0131nda Minneapolis merkezli Askeri \u00c7\u0131lg\u0131nl\u0131\u011fa Kar\u015f\u0131 Kad\u0131nlar, yerel sava\u015f kar\u015f\u0131t\u0131 komiteler, Demokratik Toplum i\u00e7in \u0130kiz \u015eehir \u00d6\u011frencileri ve Filistin&#8217;de Adalet \u0130\u00e7in \u00d6\u011frenciler vard\u0131. \u00dclkenin d\u00f6rt bir yan\u0131ndan, Bethlehem Bar\u0131\u015f \u0130\u00e7in Kom\u015fular, Bronx Sava\u015f Kar\u015f\u0131t\u0131 Koalisyon, Virginia Savunucular\u0131, New Orleans \u0130srail Limanlar\u0131na Yard\u0131m Etmeyi Durdurun, Dallas ve Denver&#8217;dan sava\u015f kar\u015f\u0131t\u0131 komiteler ve di\u011ferleri dahil olmak \u00fczere toplum temelli gruplar vard\u0131.<\/p>\n\n\n\n<p style=\"font-size:clamp(16.834px, 1.052rem + ((1vw - 3.2px) * 0.716), 26px);\">Bar\u0131\u015f \u0130\u00e7in Siyah \u0130ttifak\u0131&#8217;ndan Ajamu Baraka ve UNAC&nbsp;<strong>(Birle\u015fik Sava\u015f Kar\u015f\u0131t\u0131 Koalisyon)<\/strong>&nbsp;Ulusal Koordinat\u00f6r\u00fc Joe Lombardo bu konferans\u0131n a\u00e7\u0131l\u0131\u015f\u0131n\u0131 yapt\u0131 ve \u0130kiz \u015eehir \u00d6zg\u00fcr Filistin Koalisyonu, aylarca s\u00fcren m\u00fccadelelerden al\u0131nan dersleri \u00f6zetleyen a\u00e7\u0131l\u0131\u015f panelini sa\u011flad\u0131. Cuma g\u00fcn\u00fc g\u00fcn bat\u0131m\u0131nda, \u0130kiz \u015eehirler \u00d6zg\u00fcr Filistin Koalisyonu Ramazan ay\u0131 i\u00e7in bir iftar t\u00f6renine ev sahipli\u011fi yapt\u0131 ve ard\u0131ndan Filistin davul g\u00f6sterisi d\u00fczenlendi.<\/p>\n\n\n\n<p style=\"font-size:clamp(16.834px, 1.052rem + ((1vw - 3.2px) * 0.716), 26px);\"><strong>Filistin i\u00e7in Birle\u015fin<\/strong><\/p>\n\n\n\n<p style=\"font-size:clamp(16.834px, 1.052rem + ((1vw - 3.2px) * 0.716), 26px);\">Filistin meselesi ve Filistin delegasyonlar\u0131, Gazze&#8217;de ABD destekli \u0130srail soyk\u0131r\u0131m\u0131na kar\u015f\u0131 y\u00fcksek d\u00fczeyde birlik ruhu g\u00f6sterdi. UNAC&nbsp;<strong>(Birle\u015fik Sava\u015f Kar\u015f\u0131t\u0131 Koalisyon)<\/strong>, 15 y\u0131l \u00f6nce kuruldu\u011funda, Filistin&#8217;e destek kararl\u0131l\u0131\u011f\u0131nda olan ve \u201c\u0130srail&#8217;e ABD Yard\u0131mlar\u0131n\u0131n Sonland\u0131r\u0131lmas\u0131\u201d talebi etraf\u0131nda birle\u015fen sava\u015f kar\u015f\u0131t\u0131 bir koalisyon olarak bir araya gelmi\u015fti.<\/p>\n\n\n\n<p style=\"font-size:clamp(16.834px, 1.052rem + ((1vw - 3.2px) * 0.716), 26px);\">Filistin direni\u015f m\u00fccadelesi, konferans boyunca ortak kararl\u0131l\u0131k ve g\u00fc\u00e7l\u00fc birlik yaratan ana odak noktayd\u0131. Di\u011fer \u00f6nemli konular aras\u0131nda &#8220;NATO&#8217;ya Hay\u0131r&#8221;, ABD&#8217;nin \u00c7in&#8217;e kar\u015f\u0131 y\u00fcr\u00fctt\u00fc\u011f\u00fc hibrit sava\u015fa kar\u015f\u0131 muhalefet ve ABD h\u00fck\u00fcmetinin g\u00f6\u00e7menlere ve beyaz olmayan insanlara y\u00f6nelik \u0131rk\u00e7\u0131 sald\u0131r\u0131lar\u0131na kar\u015f\u0131 direni\u015f yer al\u0131yordu.<\/p>\n\n\n\n<p style=\"font-size:clamp(16.834px, 1.052rem + ((1vw - 3.2px) * 0.716), 26px);\"><strong>Irk\u00e7\u0131 sald\u0131r\u0131lara kar\u015f\u0131 direni\u015f<\/strong><\/p>\n\n\n\n<p style=\"font-size:clamp(16.834px, 1.052rem + ((1vw - 3.2px) * 0.716), 26px);\">Birle\u015fmi\u015f Milletler Nikaragua B\u00fcy\u00fckel\u00e7isi Lautaro Sandino ve Bat\u0131 Sahra Polisario Cephesi \u00d6rg\u00fct\u00fc B\u00fcy\u00fckel\u00e7isi Dr. Sidi M. Omar&#8217;\u0131n selamlar\u0131 konferans\u0131n \u00f6ne \u00e7\u0131kan konular\u0131yd\u0131. Nikaragua B\u00fcy\u00fckel\u00e7isi Sandino kat\u0131l\u0131mc\u0131lara Nikaragua h\u00fck\u00fcmetinin \u0130srail&#8217;e silah sa\u011flad\u0131\u011f\u0131 gerek\u00e7esiyle Almanya&#8217;ya kar\u015f\u0131 Uluslararas\u0131 Adalet Divan\u0131&#8217;nda su\u00e7 duyurusunda bulundu\u011funu s\u00f6yledi.<\/p>\n\n\n\n<p style=\"font-size:clamp(16.834px, 1.052rem + ((1vw - 3.2px) * 0.716), 26px);\">MintPress News&#8217;in kurucu edit\u00f6r\u00fc Mnar Adley, \u0130srail&#8217;in 1990&#8217;larda \u0130kinci \u0130ntifada&#8217;ya kar\u015f\u0131 uygulad\u0131\u011f\u0131 bask\u0131 s\u0131ras\u0131nda ailesinin Kud\u00fcs&#8217;te ya\u015fad\u0131klar\u0131na dair son derece dokunakl\u0131 bir a\u00e7\u0131klama yapt\u0131.<\/p>\n\n\n\n<p style=\"font-size:clamp(16.834px, 1.052rem + ((1vw - 3.2px) * 0.716), 26px);\">Konferans kat\u0131l\u0131mc\u0131lar\u0131 ayr\u0131ca Olga Sanabria Davila&#8217;n\u0131n, Porto Riko&#8217;yu s\u00f6m\u00fcrgele\u015ftirmeden kurtarma m\u00fccadelesini temsil eden bir selamlama konu\u015fmas\u0131n\u0131 dinlerken, K\u00fcresel Adalet \u0130ttifak\u0131&#8217;ndan William Camacaro, Latin Amerika&#8217;da h\u0131zlanan ABD m\u00fcdahalelerini ve i\u015fkence dolu hapis cezas\u0131n\u0131n ard\u0131ndan diplomat Alex Saab&#8217;\u0131n Venez\u00fcela&#8217;ya geri iadesinin \u00f6nemini dile getirdi.<\/p>\n\n\n\n<p style=\"font-size:clamp(16.834px, 1.052rem + ((1vw - 3.2px) * 0.716), 26px);\">Siyasi G\u00f6\u00e7menler Birli\u011fi&#8217;nin Ukrayna&#8217;dan, ABD destekli Ukrayna fa\u015fizmine kar\u015f\u0131 halk direni\u015fi hakk\u0131nda konu\u015ftu\u011fu ve Sosyalist Hareket&#8217;ten Jeff Makler ve Tom Baker&#8217;\u0131n da kat\u0131ld\u0131\u011f\u0131 bir video mesaj, Ukrayna&#8217;da NATO sava\u015f\u0131n\u0131n geni\u015flemesi tehlikesine de\u011findi.<\/p>\n\n\n\n<p style=\"font-size:clamp(16.834px, 1.052rem + ((1vw - 3.2px) * 0.716), 26px);\"><strong>G\u00fcney \u00c7in Denizi\u2019ndeki ABD Donanmas\u0131<\/strong><\/p>\n\n\n\n<p style=\"font-size:clamp(16.834px, 1.052rem + ((1vw - 3.2px) * 0.716), 26px);\">&nbsp;\u00dcnl\u00fc Koreli ara\u015ft\u0131rmac\u0131 K. J Noh, konu\u015fmas\u0131nda ABD&#8217;nin \u00c7in&#8217;e kar\u015f\u0131 devam eden sava\u015f planlar\u0131na ve ABD generallerinin 2025 y\u0131l\u0131na kadar \u00c7in&#8217;e y\u00f6nelik sava\u015f tehditlerine ili\u015fkin de\u011ferli ayr\u0131nt\u0131lar verdi.<\/p>\n\n\n\n<p style=\"font-size:clamp(16.834px, 1.052rem + ((1vw - 3.2px) * 0.716), 26px);\">K. J Noh ve Vietnam Sava\u015f\u0131 s\u0131ras\u0131nda bar\u0131\u015f\u0131 savunan GI \u00f6rg\u00fct\u00fcnden Dee Knight, toplant\u0131ya ortak bir teklifte bulundu:&nbsp;<strong>\u201cAktif g\u00f6revdeki ABD askerleri ve denizcilerinin, ABD&#8217;nin \u00c7in&#8217;e kar\u015f\u0131 son derece tehlikeli sava\u015f hamlelerinde haz\u0131r \u00f6rdek ve top yemi olmaya hay\u0131r deme haklar\u0131n\u0131 savunmak gerekir\u201d.<\/strong><\/p>\n\n\n\n<p style=\"font-size:clamp(16.834px, 1.052rem + ((1vw - 3.2px) * 0.716), 26px);\">\u0130\u015f\u00e7ilerin D\u00fcnya Partisi&#8217;nden Sara Flounders, ABD emperyalizminin Afganistan, Suriye, Ukrayna ve Gazze&#8217;deki ba\u015far\u0131s\u0131zl\u0131klar\u0131n\u0131 ve sald\u0131rganl\u0131klar\u0131n\u0131 a\u00e7\u0131klad\u0131 ve ABD\u2019yi \u00c7in&#8217;e kar\u015f\u0131 sava\u015fa s\u00fcr\u00fckleyen k\u00fcresel d\u00f6n\u00fcm noktas\u0131 ile ilgili bir analiz yapt\u0131:&nbsp;<strong>\u201cBu, ABD\u2019nin zay\u0131flamakta olan k\u00fcresel ekonomik konumunu askeri ara\u00e7larla yeniden aya\u011fa kald\u0131rmaya y\u00f6nelik umutsuz bir giri\u015fimdir\u201d.<\/strong><\/p>\n\n\n\n<p style=\"font-size:clamp(16.834px, 1.052rem + ((1vw - 3.2px) * 0.716), 26px);\"><strong>Bar\u0131\u015f Hareketimizi savunmak, ABD Rejiminin bask\u0131lar\u0131na kar\u015f\u0131 koymak<\/strong><\/p>\n\n\n\n<p style=\"font-size:clamp(16.834px, 1.052rem + ((1vw - 3.2px) * 0.716), 26px);\">Konferans program\u0131n\u0131n \u00f6nemli bir k\u0131sm\u0131 ABD genelinde bask\u0131larla m\u00fccadeleydi Mick Kelly, oturumu, Antiwar 23&#8217;\u00fcn ABD polisi FBI&#8217;\u0131n komplo su\u00e7lamalar\u0131na kar\u015f\u0131 y\u00fcr\u00fctt\u00fc\u011f\u00fc m\u00fccadeleyi anlatarak a\u00e7t\u0131. Daha sonra ABD&#8217;nin Rusya&#8217;ya kar\u015f\u0131 y\u00fcr\u00fctt\u00fc\u011f\u00fc Ukrayna vekalet sava\u015f\u0131na kar\u015f\u0131 \u00e7\u0131kt\u0131\u011f\u0131 i\u00e7in yarg\u0131lanan Afrika Halk Sosyalist Partisi&#8217;nin liderleri \u201cUhuru \u00dc\u00e7l\u00fcs\u00fc\u201d hakk\u0131ndaki kampanyas\u0131n\u0131 a\u00e7\u0131klad\u0131.<\/p>\n\n\n\n<p style=\"font-size:clamp(16.834px, 1.052rem + ((1vw - 3.2px) * 0.716), 26px);\">Not:&nbsp;Afrika&#8217;n\u0131n en y\u00fcksek da\u011f\u0131 Kilimanjaro&#8217;nun, yerli dillerde \u00f6zg\u00fcrl\u00fck anlam\u0131na gelen ad\u0131..<\/p>\n\n\n\n<p style=\"font-size:clamp(16.834px, 1.052rem + ((1vw - 3.2px) * 0.716), 26px);\">Esquire&nbsp;Sivil Haklar \u00f6rg\u00fct\u00fc lideri Efia Nwangaza, Kop \u015eehirlerini Durdurma kampanyalar\u0131 hakk\u0131nda konu\u015ftu.<\/p>\n\n\n\n<p style=\"font-size:clamp(16.834px, 1.052rem + ((1vw - 3.2px) * 0.716), 26px);\">Roger Harris, diplomat Alex Saab&#8217;\u0131n Venezuela&#8217;ya geri d\u00f6n\u00fc\u015f\u00fcn\u00fc sa\u011flamaya y\u00f6nelik uluslararas\u0131 kampanyay\u0131 anlatt\u0131.<\/p>\n\n\n\n<p style=\"font-size:clamp(16.834px, 1.052rem + ((1vw - 3.2px) * 0.716), 26px);\">Colleen Rowley, Julian Assange&#8217;e destek i\u00e7in y\u00fcr\u00fct\u00fclen kampanyay\u0131 anlatt\u0131. Tom Burke, \u015fu anda bir ABD hapishanesinde tutulan Kolombiyal\u0131 Simon Trinidad&#8217;\u0131n serbest b\u0131rak\u0131lmas\u0131 i\u00e7in devam eden kampanyay\u0131 anlatt\u0131. Mel Underbakke, yirmi y\u0131l boyunca, ABD&#8217;nin Ter\u00f6re Kar\u015f\u0131 Sava\u015f\u0131&#8217;n\u0131 me\u015frula\u015ft\u0131rmak i\u00e7in y\u00fczlerce FBI Polis g\u00f6revlisinin M\u00fcsl\u00fcmanlara y\u00f6nelik komplolar\u0131na kar\u015f\u0131 m\u00fccadele edildi\u011fini anlatt\u0131.<\/p>\n\n\n\n<p style=\"font-size:clamp(16.834px, 1.052rem + ((1vw - 3.2px) * 0.716), 26px);\">Bu Bar\u0131\u015f ve Sivil Haklar Hareketinin Konferans planlamas\u0131 aylar s\u00fcrd\u00fc ve 60&#8217;tan fazla sponsor kurulu\u015f harekete ge\u00e7irildi.<\/p>\n\n\n\n<p style=\"font-size:clamp(16.834px, 1.052rem + ((1vw - 3.2px) * 0.716), 26px);\">Filistin direni\u015f g\u00fc\u00e7lerinin ge\u00e7en 7 Ekim 2023&#8217;te Gazze&#8217;deki askeri ku\u015fatmaya kar\u015f\u0131 koymas\u0131ndan bu yana ge\u00e7en son alt\u0131 ayda Amerika\u2019da sokak eylemlerinde ve \u00fcniversite gen\u00e7li\u011fi protestolar\u0131nda b\u00fcy\u00fck bir art\u0131\u015f ya\u015fand\u0131.<\/p>\n\n\n\n<p style=\"font-size:clamp(16.834px, 1.052rem + ((1vw - 3.2px) * 0.716), 26px);\"><strong>Karar Al\u0131nan Eylem Planlar\u0131<\/strong><\/p>\n\n\n\n<p style=\"font-size:clamp(16.834px, 1.052rem + ((1vw - 3.2px) * 0.716), 26px);\">Tart\u0131\u015f\u0131lan ve konferansta onaylanan ba\u015fl\u0131ca eylem planlar\u0131 \u015funlar\u0131 i\u00e7eriyordu:<\/p>\n\n\n\n<ul class=\"wp-block-list\">\n<li style=\"font-size:clamp(16.834px, 1.052rem + ((1vw - 3.2px) * 0.716), 26px);\">Filistin Direni\u015fini Savunmak \u0130\u00e7in 1 May\u0131s \u0130\u015f\u00e7i eylemlerine destek,<\/li>\n\n\n\n<li style=\"font-size:clamp(16.834px, 1.052rem + ((1vw - 3.2px) * 0.716), 26px);\">6-7 Temmuz&#8217;da Washington&#8217;da d\u00fczenlenecek NATO&#8217;nun 75. Y\u0131ld\u00f6n\u00fcm\u00fc Zirvesinde \u00fclke \u00e7ap\u0131nda protestolar yap\u0131lacak<\/li>\n\n\n\n<li style=\"font-size:clamp(16.834px, 1.052rem + ((1vw - 3.2px) * 0.716), 26px);\">15-18 Temmuz&#8217;da Milwaukee&#8217;de Cumhuriyet\u00e7i Parti Ulusal Kongresi&#8217;ne ve 19-22 A\u011fustos&#8217;ta Chicago&#8217;da Demokratik Parti Ulusal Kongresi&#8217;ne kar\u015f\u0131 \u00fclke \u00e7ap\u0131nda seferberlik.<\/li>\n\n\n\n<li style=\"font-size:clamp(16.834px, 1.052rem + ((1vw - 3.2px) * 0.716), 26px);\">ILPS ve BAYAN \u00f6rg\u00fctlerinin sponsorlu\u011funda Temmuz ay\u0131nda Pasifik&#8217;te d\u00fczenlenecek &#8220;RIMPAC&#8221; deniz sava\u015f\u0131 tatbikatlar\u0131na kar\u015f\u0131 \u00e7\u0131kma \u00e7a\u011fr\u0131s\u0131.<\/li>\n<\/ul>\n\n\n\n<p style=\"font-size:clamp(16.834px, 1.052rem + ((1vw - 3.2px) * 0.716), 26px);\">Not: BAYAN, emperyalizme, feodalizme ve b\u00fcrokrat kapitalizmine kar\u015f\u0131 m\u00fccadele etmek i\u00e7in ABD&#8217;deki Filipinli i\u015f\u00e7i ve halk kesimleri ve ilerici g\u00fc\u00e7lerden olu\u015fuyor.<\/p>\n\n\n\n<p style=\"font-size:clamp(16.834px, 1.052rem + ((1vw - 3.2px) * 0.716), 26px);\">Konferans boyunca 16 \u00e7al\u0131\u015ftay ger\u00e7ekle\u015ftirildi ve kat\u0131l\u0131mc\u0131lara tart\u0131\u015fma ve \u00f6nerilerde bulunmalar\u0131 i\u00e7in yeterli zaman tan\u0131nd\u0131. Odaklan\u0131lan konular aras\u0131nda ABD \u00e7ap\u0131nda Filistin \u00f6rg\u00fctlenmesi; ABD&#8217;nin Asya&#8217;ya d\u00f6n\u00fc\u015f\u00fc ve bunun sava\u015f\u00e7\u0131 sonu\u00e7lar\u0131; anti-emperyalist g\u00f6r\u00fc\u015fleri topluma, i\u015fyerine ve okul ortamlar\u0131na ta\u015f\u0131ma taktikleri; \u00f6rg\u00fctl\u00fc hareket in\u015fas\u0131nda taktikler; Amerika&#8217;da Bar\u0131\u015f B\u00f6lgeleri in\u015fa etmek; ABD yapt\u0131r\u0131mlar\u0131na ve hibrit sava\u015fa kar\u015f\u0131 meydan okumak; Afrika&#8217;da emperyalizme kar\u015f\u0131 m\u00fccadele; ve iklim de\u011fi\u015fikli\u011fi ile iklim adaletini sava\u015fa kar\u015f\u0131 m\u00fccadeleyle birle\u015ftirmek. Toplant\u0131da g\u00fc\u00e7l\u00fc bir birlik havas\u0131 vard\u0131. Black Agenda Report gazetesinin k\u0131demli edit\u00f6r\u00fc Margaret Kimberley\u2019in kapan\u0131\u015f konu\u015fmas\u0131 b\u00fcy\u00fck bir alk\u0131\u015f ald\u0131.<\/p>\n","protected":false},"excerpt":{"rendered":"<p>ABD&#8217;de Bar\u0131\u015f ve Sivil Haklar Hareketleri \u00c7in Ve Filistin Kar\u015f\u0131t\u0131 K\u0131\u015fk\u0131rt\u0131c\u0131 Politikalara Direniyor Bar\u0131\u015f Eylemcileri Yeni Bir Konferans D\u00fczenledi ABD\u2019deki Workers World (\u0130\u015f\u00e7ilerin D\u00fcnyas\u0131) gazetesinden al\u0131nm\u0131\u015ft\u0131r 20 Nisan 2024 \u00c7eviren: &nbsp;&nbsp;Mehmet Y\u00fcce Bar\u0131\u015f Eylemcileri ABD h\u00fck\u00fcmetinin \u00c7in\u2019e kar\u015f\u0131 hibrit sava\u015f ve kara propaganda y\u00fcr\u00fctt\u00fc\u011f\u00fcne inan\u0131yor. Joe Lombardo taraf\u0131ndan&nbsp;kaleme al\u0131nan ve ilk olarak Workers World (\u0130\u015f\u00e7ilerin [&hellip;]<\/p>\n","protected":false},"author":1,"featured_media":0,"comment_status":"open","ping_status":"open","sticky":false,"template":"","format":"standard","meta":{"_monsterinsights_skip_tracking":false,"_monsterinsights_sitenote_active":false,"_monsterinsights_sitenote_note":"","_monsterinsights_sitenote_category":0,"footnotes":""},"categories":[20],"tags":[],"class_list":["post-3958","post","type-post","status-publish","format-standard","hentry","category-arsiv"],"blocksy_meta":[],"_links":{"self":[{"href":"https:\/\/marksizm.org.tr\/index.php?rest_route=\/wp\/v2\/posts\/3958","targetHints":{"allow":["GET"]}}],"collection":[{"href":"https:\/\/marksizm.org.tr\/index.php?rest_route=\/wp\/v2\/posts"}],"about":[{"href":"https:\/\/marksizm.org.tr\/index.php?rest_route=\/wp\/v2\/types\/post"}],"author":[{"embeddable":true,"href":"https:\/\/marksizm.org.tr\/index.php?rest_route=\/wp\/v2\/users\/1"}],"replies":[{"embeddable":true,"href":"https:\/\/marksizm.org.tr\/index.php?rest_route=%2Fwp%2Fv2%2Fcomments&post=3958"}],"version-history":[{"count":1,"href":"https:\/\/marksizm.org.tr\/index.php?rest_route=\/wp\/v2\/posts\/3958\/revisions"}],"predecessor-version":[{"id":3959,"href":"https:\/\/marksizm.org.tr\/index.php?rest_route=\/wp\/v2\/posts\/3958\/revisions\/3959"}],"wp:attachment":[{"href":"https:\/\/marksizm.org.tr\/index.php?rest_route=%2Fwp%2Fv2%2Fmedia&parent=3958"}],"wp:term":[{"taxonomy":"category","embeddable":true,"href":"https:\/\/marksizm.org.tr\/index.php?rest_route=%2Fwp%2Fv2%2Fcategories&post=3958"},{"taxonomy":"post_tag","embeddable":true,"href":"https:\/\/marksizm.org.tr\/index.php?rest_route=%2Fwp%2Fv2%2Ftags&post=3958"}],"curies":[{"name":"wp","href":"https:\/\/api.w.org\/{rel}","templated":true}]}}