{"id":4044,"date":"2024-05-20T01:46:36","date_gmt":"2024-05-20T01:46:36","guid":{"rendered":"https:\/\/marksizm.org.tr\/?p=4044"},"modified":"2024-05-20T01:46:36","modified_gmt":"2024-05-20T01:46:36","slug":"nepal-komunist-partisinin-21-uluslararasi-komunist-ve-isci-partileri-toplantisinda-yaptigi-konusma","status":"publish","type":"post","link":"https:\/\/marksizm.org.tr\/?p=4044","title":{"rendered":"Nepal Kom\u00fcnist Partisi\u2019nin 21. Uluslararas\u0131 Kom\u00fcnist ve \u0130\u015f\u00e7i Partileri Toplant\u0131s\u0131&#8217;nda Yapt\u0131\u011f\u0131 Konu\u015fma"},"content":{"rendered":"\n<h1 class=\"wp-block-heading\"><strong>Nepal Kom\u00fcnist Partisi\u2019nin 21. Uluslararas\u0131 Kom\u00fcnist ve \u0130\u015f\u00e7i Partileri Toplant\u0131s\u0131&#8217;nda Yapt\u0131\u011f\u0131 Konu\u015fma<\/strong><\/h1>\n\n\n\n<p><\/p>\n\n\n\n<h2 class=\"wp-block-heading\"><strong>Konu\u015fmay\u0131 yapan Bishnu Rijal Partinin D\u0131\u015fi\u015fleri Bakan Yard\u0131mc\u0131s\u0131 ve Nepal Kom\u00fcnist Partisi Merkez Komite \u00dcyesi<\/strong><\/h2>\n\n\n\n<h2 class=\"wp-block-heading\"><strong>Kongrenin Konusu: &#8220;Kom\u00fcnist Enternasyonal&#8217;in Kurulu\u015funun 100. Y\u0131ld\u00f6n\u00fcm\u00fc &amp; Bar\u0131\u015f ve Sosyalizm i\u00e7in M\u00fccadele Devam Ediyor!&#8221;<\/strong><\/h2>\n\n\n\n<h2 class=\"wp-block-heading\"><strong>NEPAL KP: \u00c7ok partili rekabete, \u00e7o\u011fulcu a\u00e7\u0131k topluma ve sosyal adalete dayanan Halk Demokrasisini benimsiyoruz<\/strong><\/h2>\n\n\n\n<p><\/p>\n\n\n\n<figure class=\"wp-block-image aligncenter size-large\"><img decoding=\"async\" src=\"https:\/\/sosyalistbirlik.com\/wp-content\/uploads\/2024\/05\/image-10-1024x576.png\" alt=\"\" class=\"wp-image-7146\"\/><\/figure>\n\n\n\n<p><\/p>\n\n\n\n<p style=\"font-size:clamp(16.834px, 1.052rem + ((1vw - 3.2px) * 0.716), 26px);\"><strong>18-20 Ekim 2019, \u0130zmir, T\u00fcrkiye<\/strong><\/p>\n\n\n\n<p style=\"font-size:clamp(16.834px, 1.052rem + ((1vw - 3.2px) * 0.716), 26px);\"><strong>Yolda\u015f Ba\u015fkan,<\/strong><\/p>\n\n\n\n<p style=\"font-size:clamp(16.834px, 1.052rem + ((1vw - 3.2px) * 0.716), 26px);\"><strong>De\u011ferli kat\u0131l\u0131mc\u0131lar!<\/strong><\/p>\n\n\n\n<p style=\"font-size:clamp(16.834px, 1.052rem + ((1vw - 3.2px) * 0.716), 26px);\">Evet, bar\u0131\u015f ve sosyalizm m\u00fccadelesi devam ediyor ve devam edecek. \u00c7\u00fcnk\u00fc biz yorulmad\u0131k, insanlar t\u00fckenmedi. Aradan bir as\u0131r ge\u00e7ti ve Lenin&#8217;in kurdu\u011fu Kom\u00fcnist Enternasyonalimiz bug\u00fcn yok. Ama bizim kararl\u0131 hedeflerimiz, programlar\u0131m\u0131z ve hayallerimiz var. Y\u00fcz y\u0131l sonra bile, sosyalizmin hala d\u00fc\u015f\u00fcnce ve pratik olarak sa\u011flam temellere sahip oldu\u011funu ve e\u015fitsizlik, s\u00f6m\u00fcr\u00fc, bask\u0131, adaletsizlik, zul\u00fcm, \u0131rk\u00e7\u0131l\u0131k ve cinsiyet ayr\u0131mc\u0131l\u0131\u011f\u0131 duvarlar\u0131 y\u0131k\u0131l\u0131ncaya kadar ayakta kalaca\u011f\u0131n\u0131 s\u00f6ylemeli ve ilan etmeliyiz. Nerede olursak olal\u0131m, bu hastal\u0131klara kar\u015f\u0131 m\u00fccadele etmeye devam etmeliyiz. Biz Nepal kom\u00fcnistleri D\u00fcnyan\u0131n zirvesi, Everest Da\u011f\u0131 ve bar\u0131\u015f\u0131n sembol\u00fc Buda&#8217;n\u0131n topraklar\u0131nda da ayn\u0131 \u015feyi yap\u0131yoruz.<\/p>\n\n\n\n<p style=\"font-size:clamp(16.834px, 1.052rem + ((1vw - 3.2px) * 0.716), 26px);\">Nepal halk\u0131 bizi \u00e7ok partili se\u00e7imlerde neredeyse 2\/3&#8217;l\u00fck bir \u00e7o\u011funlukla federal parlamentoda ve bundan daha fazlas\u0131n\u0131 da il ve yerel organlarda yetkilendirdi. Ve \u015fimdi, feodalizmin t\u00fcm kal\u0131nt\u0131lar\u0131n\u0131 ortadan kald\u0131rmak i\u00e7in t\u00fcm kalbimizle \u00e7al\u0131\u015f\u0131yor, kapitalizmin sapk\u0131n y\u00f6nlerine kar\u015f\u0131 yo\u011fun bir \u015fekilde m\u00fccadele ediyor ve sosyalizm y\u00f6nelimli bir toplum in\u015fa etmek i\u00e7in ileriye do\u011fru y\u00fcr\u00fcyoruz.<\/p>\n\n\n\n<p style=\"font-size:clamp(16.834px, 1.052rem + ((1vw - 3.2px) * 0.716), 26px);\">S\u00f6m\u00fcr\u00fc bi\u00e7imleri de\u011fi\u015ftik\u00e7e, direni\u015f t\u00fcr\u00fcn\u00fcn de de\u011fi\u015fmesi ka\u00e7\u0131n\u0131lmazd\u0131r. Bazen silahl\u0131 m\u00fccadele yolu bizim i\u00e7in tek se\u00e7enekti \u00e7\u00fcnk\u00fc demokratik haklar k\u0131s\u0131tlanm\u0131\u015ft\u0131 ve bu da bizi hedeflerimize ula\u015fmak i\u00e7in silahl\u0131 m\u00fccadele takti\u011fini benimsemeye zorluyordu. Ba\u011flamsal de\u011fi\u015fimin yeniden de\u011ferlendirmesi ve halk\u0131n ger\u00e7ekten kendilerinin deneyimleyebilece\u011fi toplumsal d\u00f6n\u00fc\u015f\u00fcm \u00e7al\u0131\u015fmalar\u0131na bar\u0131\u015f\u00e7\u0131l bir \u015fekilde dahil edilmesi gerekti\u011fini tespit ettik. Monar\u015fi sistemine kar\u015f\u0131 ve demokrasinin yerle\u015fmesi i\u00e7in verilen m\u00fccadelelerin her alan\u0131nda \u00f6n saflarda yer ald\u0131k. Bu y\u00fczden halk bize g\u00fcvendi.<\/p>\n\n\n\n<p style=\"font-size:clamp(16.834px, 1.052rem + ((1vw - 3.2px) * 0.716), 26px);\">1990 y\u0131l\u0131nda Sovyet sosyalizm modeli \u00e7\u00f6kt\u00fc\u011f\u00fcnde ve Do\u011fu Avrupa&#8217;da sosyalizm ciddi bir gerilemeyle kar\u015f\u0131 kar\u015f\u0131ya kald\u0131\u011f\u0131nda, sosyalizme olan umudumuzu ve g\u00fcvenimizi y\u00fcksek tuttuk. Orak ve \u00e7eki\u00e7le parlayan k\u0131z\u0131l bayra\u011f\u0131 g\u00fc\u00e7l\u00fc bir \u015fekilde y\u00fcksekte tuttuk; Marksizm-Leninizm&#8217;in do\u011frulu\u011funda \u0131srar ettik ve liderimiz Rahmetli Madan Bhandari taraf\u0131ndan ortaya at\u0131lan \u00c7ok Partili Halk Demokrasisini insanlar\u0131n kalbine yerle\u015ftirmeye \u00e7al\u0131\u015ft\u0131k. Sonu\u00e7 olarak, se\u00e7im yoluyla h\u00fck\u00fcmeti kurduk; acil asgari sosyal reformlara ve d\u00f6n\u00fc\u015f\u00fcm \u00e7al\u0131\u015fmalar\u0131na h\u0131z verdik ve g\u00fcvenilir bir demokratik, devrimci ve rasyonel sosyalist g\u00fc\u00e7 olarak kendimizi kabul ettirdik.<\/p>\n\n\n\n<p style=\"font-size:clamp(16.834px, 1.052rem + ((1vw - 3.2px) * 0.716), 26px);\">D\u00fcnyan\u0131n di\u011fer b\u00f6lgelerinde oldu\u011fu gibi Nepal&#8217;de de kom\u00fcnist harekette iki ak\u0131m vard\u0131. (Maoist ve Marksist-Leninist kastediyor- Deniz)<\/p>\n\n\n\n<p style=\"font-size:clamp(16.834px, 1.052rem + ((1vw - 3.2px) * 0.716), 26px);\">Nepal uzun s\u00fcreli bir ge\u00e7i\u015f d\u00f6nemi, istikrars\u0131zl\u0131k d\u00f6nemi ve ciddi bir silahl\u0131 isyan ya\u015fam\u0131\u015ft\u0131r. O zamanki Nepal KP (Maoist ) 10 y\u0131l sonra sava\u015fmay\u0131 b\u0131rak\u0131p bar\u0131\u015f s\u00fcrecine kat\u0131lmas\u0131n\u0131n ard\u0131ndan, sol, kom\u00fcnist ve demokratik g\u00fc\u00e7ler aras\u0131nda 240 y\u0131ll\u0131k monar\u015fik sistemin sona ermesine ve nihayetinde Nepal Federal Demokratik Cumhuriyeti&#8217;nin kurulmas\u0131na neden olan taktiksel bir birlik sa\u011fland\u0131.<\/p>\n\n\n\n<p style=\"font-size:clamp(16.834px, 1.052rem + ((1vw - 3.2px) * 0.716), 26px);\">Bug\u00fcn, bar\u0131\u015f\u00e7\u0131l halk hareketi ve silahl\u0131 m\u00fccadele ilkesine sahip iki b\u00fcy\u00fck partinin kom\u00fcnistleri olarak birle\u015ftik ve \u00fclkeyi sosyalizme do\u011fru y\u00f6nlendirmek i\u00e7in y\u0131lmaz bir adanm\u0131\u015fl\u0131kla g\u00fc\u00e7l\u00fc bir kom\u00fcnist parti olu\u015fturduk.<\/p>\n\n\n\n<p style=\"font-size:clamp(16.834px, 1.052rem + ((1vw - 3.2px) * 0.716), 26px);\">Bug\u00fcn Marx, Lenin ve Mao yan\u0131m\u0131zda de\u011fil. Her \u00e7a\u011f kendi ihtiyac\u0131 do\u011frultusunda liderleri ve d\u00fc\u015f\u00fcnceleri harmanlar. Kom\u00fcnist Enternasyonal, Lenin&#8217;in \u00f6l\u00fcm\u00fcnden sonra d\u00fczg\u00fcn bir \u015fekilde y\u00fcr\u00fct\u00fclememi\u015f ve daha sonra kendi karar\u0131yla kapat\u0131lm\u0131\u015f olmas\u0131na kar\u015f\u0131n(1943 kastediliyor) , o zaman ortaya konan normlar bug\u00fcn bile ayn\u0131 derecede hayati, vazge\u00e7ilmez ve ge\u00e7erlidir. Kom\u00fcnist Enternasyonal&#8217;e kar\u015f\u0131 sadece duygusal bir ba\u011fl\u0131l\u0131k ve onu onurla anmak, \u00f6nemli bir anlam ifade etmez. \u00d6nemli olan Kom\u00fcnist Enternasyonal&#8217;in d\u00fc\u015f\u00fcncelerinin kendi \u00fclkelerimizde ne \u00f6l\u00e7\u00fcde yarat\u0131c\u0131 bir \u015fekilde kullan\u0131ld\u0131\u011f\u0131d\u0131r.<\/p>\n\n\n\n<p style=\"font-size:clamp(16.834px, 1.052rem + ((1vw - 3.2px) * 0.716), 26px);\">Sosyalizm ne yoksullu\u011fun payla\u015f\u0131lmas\u0131 ne de g\u00fczel bir s\u00f6ylem dizgesidir. \u0130nsano\u011flunun yery\u00fcz\u00fcnde elde etti\u011fi en \u00fcst\u00fcn ba\u015far\u0131d\u0131r. Sosyalist uygarl\u0131k a\u015famas\u0131nda her t\u00fcrl\u00fc s\u00f6m\u00fcr\u00fc ve bask\u0131 sona erer ve insan ger\u00e7ekten tam kapsaml\u0131 bir \u00f6zg\u00fcrl\u00fck elde eder, aya\u011fa kalkar. \u0130nsan, bencil bireyci oburluktan, m\u00fclkiyet h\u0131rs\u0131ndan ve ayr\u0131mc\u0131 davran\u0131\u015flardan kurtuldu\u011funda di\u011fer t\u00fcm canl\u0131lar\u0131n gelece\u011fini d\u00fc\u015f\u00fcnebilir. T\u00fcm insanlar e\u015fit \u00fcretim ve b\u00f6l\u00fc\u015f\u00fcm temeline dayal\u0131 bir toplumsal yap\u0131da bulu\u015fursa ancak o zaman sosyalizm var olur. Varl\u0131\u011fa sahip olanlar ile olmayanlar, aras\u0131nda b\u00fcy\u00fcyen u\u00e7urumun giderilmesi i\u00e7in tek \u00e7are sosyalizmdir. Bizim amac\u0131m\u0131z sosyalizmi uygulayarak &nbsp;toplumda s\u00fcrd\u00fcr\u00fclebilir bar\u0131\u015f\u0131 tesis etmektir. Bizim istedi\u011fimiz bar\u0131\u015f ne mezarl\u0131k sessizli\u011fi, ne de halk\u0131n bo\u015f mideleri \u00fczerinde silah dip\u00e7i\u011fi hakimiyetidir.<\/p>\n\n\n\n<p style=\"font-size:clamp(16.834px, 1.052rem + ((1vw - 3.2px) * 0.716), 26px);\">1919&#8217;la bug\u00fcn aras\u0131nda \u00e7ok b\u00fcy\u00fck bir fark var, bir as\u0131rl\u0131k bir fark s\u00f6z konusu. Bu fark uluslararas\u0131 g\u00fc\u00e7 dengeleri a\u00e7\u0131s\u0131ndan belirleyicidir. Y\u00fcz y\u0131l, toplumsal evrim a\u00e7\u0131s\u0131ndan \u00e7ok uzun bir s\u00fcre olmayabilir ama siyasi geli\u015fim a\u00e7\u0131s\u0131ndan yeterli bir s\u00fcredir. Bu s\u00fcre zarf\u0131nda etraf\u0131m\u0131zda meydana gelen de\u011fi\u015fimleri kapsaml\u0131 bir \u015fekilde de\u011ferlendirdi\u011fimizde, kavray\u0131p i\u00e7selle\u015ftirdi\u011fimizde ve deneyimledi\u011fimizde, ancak o zaman devrimci varl\u0131\u011f\u0131m\u0131z\u0131 belirleyebiliriz.<\/p>\n\n\n\n<p style=\"font-size:clamp(16.834px, 1.052rem + ((1vw - 3.2px) * 0.716), 26px);\">Biz Marksizm-Leninizm&#8217;in yarat\u0131c\u0131 bir \u015fekilde kullan\u0131m\u0131na inan\u0131yoruz. Nepal Kom\u00fcnist Partisi, d\u00fcnya kom\u00fcnist hareketinden ve kendi tarihinden dersler \u00e7\u0131kararak, halk\u0131n kilit konumuna, \u00e7ok partili rekabete, d\u00fczenli se\u00e7imlere, g\u00fc\u00e7ler ayr\u0131l\u0131\u011f\u0131na, ifade \u00f6zg\u00fcrl\u00fc\u011f\u00fcne, e\u015fitlik\u00e7i ekonomi politikaya, \u00e7o\u011fulcu a\u00e7\u0131k topluma ve sosyal adalete dayanan Halk Demokrasisini benimsemektedir. Partimiz, Marksizm-Leninizm&#8217;in yol g\u00f6stericili\u011fine dayanarak, sosyalizmi stratejik hedefi olarak belirlemi\u015ftir. Partimiz Anayasal, bar\u0131\u015f\u00e7\u0131l ve demokratik yollarla sosyo-ekonomik, sosyo-k\u00fclt\u00fcrel ve sosyo-politik d\u00f6n\u00fc\u015f\u00fcm\u00fc hedeflemektedir.<\/p>\n\n\n\n<p style=\"font-size:clamp(16.834px, 1.052rem + ((1vw - 3.2px) * 0.716), 26px);\">\u00dcstlendi\u011fimiz g\u00f6revler, sosyal, siyasal ve k\u00fclt\u00fcrel alanlarda feodalizmin mevcut kal\u0131nt\u0131lar\u0131 da dahil olmak \u00fczere her t\u00fcrl\u00fc kapitalist s\u00f6m\u00fcr\u00fc, zul\u00fcm ve d\u0131\u015f m\u00fcdahaleye son vererek h\u0131zl\u0131 ekonomik b\u00fcy\u00fcme i\u00e7in \u00fclkedeki t\u00fcm kurumlar\u0131 harekete ge\u00e7irmek, bu kurumlar\u0131 gen\u00e7le\u015ftirmek ve yeniden canland\u0131rmakt\u0131r. Ayr\u0131ca, Partimiz ba\u011f\u0131ms\u0131z ekonomi zemininde &#8216;M\u00fcreffeh Nepal: Mutlu Nepal&#8217; i\u00e7in sa\u011flam bir temel olu\u015fturmay\u0131 ama\u00e7lamaktad\u0131r. Demokratik merkeziyet\u00e7ili\u011fi \u00f6rg\u00fctsel bir ilke olarak benimsedik.<\/p>\n\n\n\n<p style=\"font-size:clamp(16.834px, 1.052rem + ((1vw - 3.2px) * 0.716), 26px);\">Ge\u00e7en y\u0131l Yunanistan&#8217;da d\u00fczenlenen 20. Kongremizde dile getirmekten onur duydu\u011fum, Nepal Kom\u00fcnist Partisi&#8217;nin birle\u015fmesinden sonra savundu\u011fumuz g\u00f6r\u00fc\u015fleri tekrar hat\u0131rlatmak isterim.<\/p>\n\n\n\n<p style=\"font-size:clamp(16.834px, 1.052rem + ((1vw - 3.2px) * 0.716), 26px);\">Bizler, d\u00fcnyan\u0131n kom\u00fcnist ve i\u015f\u00e7i partileri olarak son 21 y\u0131ld\u0131r baz\u0131 mekanlarda bir araya geliyoruz. Enternasyonalizmi te\u015fvik etmek, aram\u0131zda deneyimleri payla\u015fmak ve g\u00fcncel konularda s\u00f6ylemler d\u00fczenlemek ve birbirimizi anlamak i\u00e7in bu t\u00fcr toplant\u0131lar\u0131n a\u00e7\u0131k\u00e7a faydal\u0131 oldu\u011funa ve bu f\u0131rsat\u0131n d\u00fcnya bar\u0131\u015f\u0131n\u0131 sa\u011flamak ve sosyalizmi in\u015fa etmek gibi asil bir ama\u00e7 i\u00e7in sa\u011flam bir duru\u015f sergilememiz i\u00e7in bize ilham verebilece\u011fine inan\u0131yorum. Bu g\u00f6r\u00fc\u015flerin kendisi, d\u00fcnya kom\u00fcnistleri aras\u0131nda Kom\u00fcnist Enternasyonal&#8217;i ba\u015flatan Lenin gibi b\u00fcy\u00fck liderlerimize ger\u00e7ek bir \u00f6vg\u00fc olacakt\u0131r.<\/p>\n\n\n\n<p style=\"font-size:clamp(16.834px, 1.052rem + ((1vw - 3.2px) * 0.716), 26px);\"><strong>Nepal Kom\u00fcnist Partisi ve \u015fahs\u0131m ad\u0131na, T\u00fcrkiye Kom\u00fcnist Partisi (TKP) ve Yunanistan Kom\u00fcnist Partisi&#8217;ne bu harika kent \u0130zmir&#8217;de bu toplant\u0131y\u0131 d\u00fczenledikleri ve samimi davetleri i\u00e7in i\u00e7ten te\u015fekk\u00fcrlerimi sunuyorum. Ayr\u0131ca, s\u0131cak misafirperverlikleri, karde\u015f\u00e7e dostluklar\u0131 ve nazik i\u015fbirlikleri i\u00e7in organizat\u00f6rlere \u015f\u00fckranlar\u0131m\u0131 sunmay\u0131 unutmamal\u0131y\u0131m. Son olarak, Nepal Kom\u00fcnist Partisi&#8217;nin g\u00f6r\u00fc\u015flerine g\u00f6sterdi\u011finiz nazik ilgi i\u00e7in d\u00fcnyan\u0131n farkl\u0131 yerlerinden gelen t\u00fcm parti liderlerine i\u00e7ten te\u015fekk\u00fcrlerimi sunma ayr\u0131cal\u0131\u011f\u0131n\u0131 bir kez daha talep ediyorum.<\/strong><\/p>\n\n\n\n<p style=\"font-size:clamp(16.834px, 1.052rem + ((1vw - 3.2px) * 0.716), 26px);\"><strong>Ya\u015fas\u0131n Marksizm-Leninizm!<\/strong><\/p>\n\n\n\n<p style=\"font-size:clamp(16.834px, 1.052rem + ((1vw - 3.2px) * 0.716), 26px);\"><strong>Ya\u015fas\u0131n Sosyalizm!<\/strong><\/p>\n\n\n\n<p style=\"font-size:clamp(16.834px, 1.052rem + ((1vw - 3.2px) * 0.716), 26px);\"><strong>Hepinize te\u015fekk\u00fcr ederim!<\/strong><\/p>\n","protected":false},"excerpt":{"rendered":"<p>Nepal Kom\u00fcnist Partisi\u2019nin 21. Uluslararas\u0131 Kom\u00fcnist ve \u0130\u015f\u00e7i Partileri Toplant\u0131s\u0131&#8217;nda Yapt\u0131\u011f\u0131 Konu\u015fma Konu\u015fmay\u0131 yapan Bishnu Rijal Partinin D\u0131\u015fi\u015fleri Bakan Yard\u0131mc\u0131s\u0131 ve Nepal Kom\u00fcnist Partisi Merkez Komite \u00dcyesi Kongrenin Konusu: &#8220;Kom\u00fcnist Enternasyonal&#8217;in Kurulu\u015funun 100. Y\u0131ld\u00f6n\u00fcm\u00fc &amp; Bar\u0131\u015f ve Sosyalizm i\u00e7in M\u00fccadele Devam Ediyor!&#8221; NEPAL KP: \u00c7ok partili rekabete, \u00e7o\u011fulcu a\u00e7\u0131k topluma ve sosyal adalete dayanan Halk [&hellip;]<\/p>\n","protected":false},"author":1,"featured_media":0,"comment_status":"open","ping_status":"open","sticky":false,"template":"","format":"standard","meta":{"_monsterinsights_skip_tracking":false,"_monsterinsights_sitenote_active":false,"_monsterinsights_sitenote_note":"","_monsterinsights_sitenote_category":0,"footnotes":""},"categories":[5],"tags":[],"class_list":["post-4044","post","type-post","status-publish","format-standard","hentry","category-dunya-sosyalizmi"],"blocksy_meta":[],"_links":{"self":[{"href":"https:\/\/marksizm.org.tr\/index.php?rest_route=\/wp\/v2\/posts\/4044","targetHints":{"allow":["GET"]}}],"collection":[{"href":"https:\/\/marksizm.org.tr\/index.php?rest_route=\/wp\/v2\/posts"}],"about":[{"href":"https:\/\/marksizm.org.tr\/index.php?rest_route=\/wp\/v2\/types\/post"}],"author":[{"embeddable":true,"href":"https:\/\/marksizm.org.tr\/index.php?rest_route=\/wp\/v2\/users\/1"}],"replies":[{"embeddable":true,"href":"https:\/\/marksizm.org.tr\/index.php?rest_route=%2Fwp%2Fv2%2Fcomments&post=4044"}],"version-history":[{"count":1,"href":"https:\/\/marksizm.org.tr\/index.php?rest_route=\/wp\/v2\/posts\/4044\/revisions"}],"predecessor-version":[{"id":4045,"href":"https:\/\/marksizm.org.tr\/index.php?rest_route=\/wp\/v2\/posts\/4044\/revisions\/4045"}],"wp:attachment":[{"href":"https:\/\/marksizm.org.tr\/index.php?rest_route=%2Fwp%2Fv2%2Fmedia&parent=4044"}],"wp:term":[{"taxonomy":"category","embeddable":true,"href":"https:\/\/marksizm.org.tr\/index.php?rest_route=%2Fwp%2Fv2%2Fcategories&post=4044"},{"taxonomy":"post_tag","embeddable":true,"href":"https:\/\/marksizm.org.tr\/index.php?rest_route=%2Fwp%2Fv2%2Ftags&post=4044"}],"curies":[{"name":"wp","href":"https:\/\/api.w.org\/{rel}","templated":true}]}}