{"id":4175,"date":"2024-06-09T04:23:51","date_gmt":"2024-06-09T04:23:51","guid":{"rendered":"https:\/\/marksizm.org.tr\/?p=4175"},"modified":"2024-06-09T04:24:52","modified_gmt":"2024-06-09T04:24:52","slug":"joti-brar-yaklasan-dunya-savasi-ve-yunanistan-komunist-partisinin-emperyalist-piramit-teorisinin-elestirisi","status":"publish","type":"post","link":"https:\/\/marksizm.org.tr\/?p=4175","title":{"rendered":"Joti Brar: Yakla\u015fan D\u00fcnya Sava\u015f\u0131 ve Yunanistan Kom\u00fcnist Partisi\u2019nin Emperyalist Piramit Teorisinin Ele\u015ftirisi"},"content":{"rendered":"\n<h1 class=\"wp-block-heading\"><strong>Joti Brar: Yakla\u015fan D\u00fcnya Sava\u015f\u0131 ve Yunanistan Kom\u00fcnist Partisi\u2019nin Emperyalist Piramit Teorisinin Ele\u015ftirisi<\/strong><\/h1>\n\n\n\n<p style=\"font-size:clamp(16.834px, 1.052rem + ((1vw - 3.2px) * 0.716), 26px);\">1 Ekim 2023<\/p>\n\n\n\n<p style=\"font-size:clamp(16.834px, 1.052rem + ((1vw - 3.2px) * 0.716), 26px);\"><strong>Derleyen: Kemal Okur<\/strong><\/p>\n\n\n\n<p style=\"font-size:clamp(16.834px, 1.052rem + ((1vw - 3.2px) * 0.716), 26px);\"><strong>Yaz\u0131 \u00fczerine baz\u0131 notlar: <\/strong>Son 20 y\u0131l i\u00e7inde baz\u0131 akademisyenler ve kom\u00fcnist partiler Lenin\u2019in emperyalizm teorisinin \u201cyenilik\u00e7i bir tarzda\u201d i\u00e7inde bulundu\u011fumuz \u00e7a\u011fa uyarlama ad\u0131 alt\u0131nda \u201cemperyalist sistem piramidi\u201d veya \u201cemperyalist sistem i\u00e7i hiyerar\u015fi\u201d kavramlar\u0131n\u0131 ileri s\u00fcrerek d\u00fcnyada emperyalist \u00fclkelerin say\u0131s\u0131n\u0131 \u00e7o\u011faltan tezler ileri s\u00fcr\u00fcyorlar.<strong>\u00a0 T\u00fcrkiye\u2019de de bu tezler ilgi g\u00f6rmektedir. \u00a0\u00d6rne\u011fin TKP 2017 tezlerinde \u015fu ifadelere yer verilmi\u015ftir: \u201c Emperyalizmin hiyerar\u015fik bir d\u00fcnya sistemi olarak tan\u0131mlanmas\u0131 Lenin\u2019in Marksist teoriye en b\u00fcy\u00fck katk\u0131lar\u0131ndan biridir.\u201d Benzer \u015fekilde T\u00fcrkiye \u0130\u015f\u00e7i Partisi\u2019nin yay\u0131n organ\u0131 Kom\u00fcnist adl\u0131 derginin Haziran 2022 say\u0131s\u0131nda Akademisyen Hakan G\u00fcne\u015f\u2019in \u201cKolektif Emperyalizm \u00c7a\u011f\u0131nda Emperyalist Hiyerar\u015fi\u201d ba\u015fl\u0131kl\u0131 makalesinde \u201cemperyalizm teorisinin g\u00fcncellenmesi gere\u011finden\u201d s\u00f6z ediyor.<\/strong><\/p>\n\n\n\n<p style=\"font-size:clamp(16.834px, 1.052rem + ((1vw - 3.2px) * 0.716), 26px);\"><strong>Samir Amin ve di\u011fer Baz\u0131 Marksistlerin Kolektif emperyalizm teorisine e\u011filim g\u00f6steren Hakan G\u00fcne\u015f \u201cekonomik emperyalizm\u201d i\u00e7in \u015fu tan\u0131m\u0131 getiriyor: \u201cBir \u00fclke<\/strong>, d\u00fcnyadaki en b\u00fcy\u00fck 2000 \u015firketi i\u00e7inde, n\u00fcfusunun d\u00fcnyadaki pay\u0131 oran\u0131nda\u2026.. bir paya sahip ise, hele d\u00fcnyadaki en b\u00fcy\u00fck 500 \u015firketin, ilk 100\u2019\u00fcnde n\u00fcfusunun \u00fczerinde bir paya sahip ise\u2026.. \u0130kincisi, <strong>bir \u00fclke<\/strong>, d\u00fcnyadaki en b\u00fcy\u00fck 100 ve en b\u00fcy\u00fck 200 banka aras\u0131nda n\u00fcfusunun d\u00fcnyadaki pay\u0131ndan daha y\u00fcksek bir paya sahip ise\u2026. \u00dc\u00e7\u00fcnc\u00fcs\u00fc, bir \u00fclke uluslararas\u0131 finansal \u00f6rg\u00fctlerin (IMF ve D\u00fcnya Bankas\u0131 kastediliyor) karar alma mekanizmalar\u0131nda n\u00fcfusuna orant\u0131l\u0131 olarak veya n\u00fcfusuna oranlar daha y\u00fcksek bir oy oran\u0131na sahip ise o \u00fclke i\u00e7in emperyalist demekte\u201d \u015f\u00fcpheye d\u00fc\u015fmemeliyiz. Yazara g\u00f6re, bu kriterlere <strong>\u201caskeri g\u00fc\u00e7 emperyalizmi\u201d<\/strong> kriterini ekledi\u011fimizde emperyalist say\u0131lmas\u0131 gereken \u00fclkelerin say\u0131s\u0131n\u0131 artt\u0131rmak gerekiyor, <strong>\u201c\u00f6rne\u011fin bu durumda Rusya, Brezilya, T\u00fcrkiye, G\u00fcney Afrika\u2019y\u0131 da orta d\u00fczeydeki emperyalist \u00fclkeler olarak saymak gerekecektir\u201d. Hakan G\u00fcne\u015f\u2019e g\u00f6re <\/strong>emperyalist sistemin hiyerar\u015fik yap\u0131s\u0131nda farkl\u0131 g\u00fc\u00e7 derecelerine sahip emperyalist \u00fclkeler bulunur:&nbsp; \u201cyani ABD ile Fransa bile ayn\u0131 s\u0131klette g\u00fcre\u015fmiyorlar\u201d \u2026 \u201ctipik emperyalist \u00fclkeye ve en g\u00fc\u00e7l\u00fc emperyalist \u00fclke \u00f6rne\u011fine bakarak\u201d ( yazar buna g\u00f6re k\u0131yaslamak do\u011fru de\u011fil diyor). <strong>Yazara g\u00f6re e\u011fer bu hataya d\u00fc\u015fersek \u201cHollanda, \u0130talya ve benzerleri gibi hiyerar\u015fideki daha a\u015fa\u011f\u0131 basamaklardaki \u00fclkeleri&#8212;emperyalist \u00fclkeler s\u0131n\u0131fland\u0131rmas\u0131ndan \u00e7\u0131karma\u201d <\/strong>hatas\u0131na d\u00fc\u015feriz\u2026. Yukar\u0131daki iki g\u00f6r\u00fc\u015f sahibinin \u00c7in Halk Cumhuriyeti\u2019ni ve Rusya\u2019y\u0131 \u201ckapitalist-emperyalist\u201d d\u00fcnya sistemi i\u00e7inde olan kapitalist-emperyalist \u00fclkeler aras\u0131nda g\u00f6rd\u00fc\u011f\u00fcn\u00fc belirtelim.<\/p>\n\n\n\n<p style=\"font-size:clamp(16.834px, 1.052rem + ((1vw - 3.2px) * 0.716), 26px);\">Bu emperyalist hiyerar\u015fi g\u00f6r\u00fc\u015flerine kar\u015f\u0131 \u00e7\u0131kan a\u015fa\u011f\u0131daki yaz\u0131, temel olarak Lenin\u2019in emperyalizm analizinde getirdi\u011fi \u201ctekelci kapitalizm ile birlikte d\u00fcnya \u00fclkelerinin mali sermaye stoku a\u00e7\u0131s\u0131ndan ve kontrol ettikleri n\u00fcfus ve s\u00f6m\u00fcrge ve yar\u0131-s\u00f6m\u00fcrge alanlar\u0131 a\u00e7\u0131s\u0131ndan (kendi topraklar\u0131 ve kendi n\u00fcfus b\u00fcy\u00fckl\u00fckleri\u201d a\u00e7\u0131s\u0131ndan en tepede bulunan \u00fclkeler ile di\u011fer \u00fclkeler olarak b\u00f6l\u00fcnd\u00fc\u011f\u00fc ikili bir yap\u0131n\u0131n varl\u0131\u011f\u0131ndan yola \u00e7\u0131k\u0131yor.<\/p>\n\n\n\n<p style=\"font-size:clamp(16.834px, 1.052rem + ((1vw - 3.2px) * 0.716), 26px);\">Lenin bu eserinde \u015fu ifadeyi kullanm\u0131\u015ft\u0131: Finans sermayesinin di\u011fer t\u00fcm sermaye bi\u00e7imleri \u00fczerindeki \u00fcst\u00fcnl\u00fc\u011f\u00fc, rantiye grubunun ve mali oligar\u015finin hakimiyeti anlam\u0131na gelir; az say\u0131da mali sermaye a\u00e7\u0131s\u0131ndan \u201cg\u00fc\u00e7l\u00fc\u201d devletin geriye kalan t\u00fcm di\u011fer devletler aras\u0131nda \u00f6ne \u00e7\u0131kmas\u0131 anlam\u0131na gelir. Lenin mali sermaye a\u00e7\u0131s\u0131ndan Rusya\u2019n\u0131n da dahil oldu\u011fu 8 en g\u00fc\u00e7l\u00fc \u00fclkeyi tan\u0131mlar. Ve \u015fu s\u00f6zleri ilave eder, \u201cbu 8 \u00fclke i\u00e7inde 4\u2019\u00fc d\u00fcnya mali sermayesinin yakla\u015f\u0131k %80\u2019ine sahiptir ve d\u00fcnyan\u0131n di\u011fer \u00fclkelerinin t\u00fcm\u00fc \u015fu veya bu \u015fekilde, az veya \u00e7ok bu 4 \u00fclkeye bor\u00e7ludur ve ba\u011f\u0131ml\u0131d\u0131r.&nbsp; Bu d\u00f6rt \u00fclke d\u00fcnya mali sermayesinin 4 temel dire\u011fidir\u201d.<\/p>\n\n\n\n<p style=\"font-size:clamp(16.834px, 1.052rem + ((1vw - 3.2px) * 0.716), 26px);\">Lenin ayr\u0131ca Rusya\u2019n\u0131n dahil oldu\u011fu 6 en g\u00fc\u00e7l\u00fc devleti kontrol ettikleri n\u00fcfus ve s\u00f6m\u00fcrge ve yar\u0131-s\u00f6m\u00fcrge alanlar\u0131 a\u00e7\u0131s\u0131ndan <a>(kendi topraklar\u0131 ve kendi n\u00fcfus b\u00fcy\u00fckl\u00fckleri dahil) <\/a>tan\u0131mlar\u2026 1914 y\u0131l\u0131 itibariyle bu&nbsp; 6 \u00fclkenin 3\u2019\u00fc \u00e7ok az s\u00f6m\u00fcrgeye sahiptir, fakat bu 6 \u00fclkenin kontrol ettikleri topraklar ve n\u00fcfus olduk\u00e7a b\u00fcy\u00fckt\u00fcr. Bu 6 \u00fclke d\u00fcnya n\u00fcfusunun % 58\u2019ini ve d\u00fcnya arazisinin % 60.9\u2019unu kontrol etmektedir. &nbsp;(kendi topraklar\u0131 ve kendi n\u00fcfus b\u00fcy\u00fckl\u00fckleri dahil). Lenin, tam da bu noktada mali sermaye g\u00fcc\u00fc kriterine d\u00f6ner ve \u015fu ifadeyi kullan\u0131r: <strong>\u201c\u00dclkelerin mali sermaye sahipli\u011fi, t\u00fcm ekonomik ili\u015fkilerde ve t\u00fcm uluslararas\u0131 ili\u015fkilerde o kadar etkili ve o denli belirleyici bir g\u00fc\u00e7t\u00fcr ki, mali sermaye bu g\u00fc\u00e7le tam siyasi ba\u011f\u0131ms\u0131zl\u0131\u011fa sahip devletleri dahi kendisine tabi k\u0131labilir, ve ger\u00e7ekten de kendisine tabi k\u0131l\u0131yor\u2026.\u015e\u00fcphesiz mali sermaye i\u00e7in \u201cen uygun karlar\u201d ve en y\u00fcksek karlar, siyasi ba\u011f\u0131ms\u0131zl\u0131\u011f\u0131n\u0131 kaybetmi\u015f ba\u011f\u0131ml\u0131 devletlerden ve halklardan elde edilir, bu t\u00fcr bi\u00e7imdeki bir boyunduruk&nbsp; alt\u0131nda olan ba\u011f\u0131ml\u0131 devletlerden ve halklardan elde edilir \u2026..\u201d <\/strong><strong><\/strong><\/p>\n\n\n\n<p style=\"font-size:clamp(16.834px, 1.052rem + ((1vw - 3.2px) * 0.716), 26px);\">A\u015fa\u011f\u0131daki makalesinde emperyalist hiyerar\u015fi ve emperyalist piramit g\u00f6r\u00fc\u015f\u00fcn\u00fc ele\u015ftiren Joti Brar, \u00c7in\u2019i sosyalist bir \u00fclke olarak g\u00f6r\u00fcyor ve Rusya\u2019y\u0131 da kendi ulusal egemenlik hakk\u0131n\u0131 savunma konumunda olan bir kapitalist \u00fclke olarak tan\u0131ml\u0131yor. Joti Brar ayn\u0131 zamanda 60\u2019a yak\u0131n kom\u00fcnist \u00f6rg\u00fct\u00fcn kat\u0131ld\u0131\u011f\u0131 D\u00fcnya Anti-emperyalist Platformu\u2019nun kurucular\u0131ndand\u0131r. <strong>Ben bu tart\u0131\u015fmaya Tro\u00e7ki sosyalizmi ak\u0131m\u0131n\u0131n d\u00fc\u015fmanla\u015ft\u0131r\u0131larak kar\u0131\u015ft\u0131r\u0131lmas\u0131 taraftar\u0131 de\u011filim\u2026<\/strong><\/p>\n\n\n\n<figure class=\"wp-block-image aligncenter size-large\"><img decoding=\"async\" src=\"https:\/\/sosyalistbirlik.com\/wp-content\/uploads\/2024\/06\/photo_2023-05-17-15.51.20-1024x682.jpeg\" alt=\"\" class=\"wp-image-7348\"\/><\/figure>\n\n\n\n<p style=\"font-size:clamp(16.834px, 1.052rem + ((1vw - 3.2px) * 0.716), 26px);\"><strong>\u00c7eviren: Erhan Kaplan<\/strong><\/p>\n\n\n\n<p style=\"font-size:clamp(16.834px, 1.052rem + ((1vw - 3.2px) * 0.716), 26px);\"><strong><em>Yazar Joti Brar, B\u00fcy\u00fck Britanya Kom\u00fcnist Partisi\u2019nin (Marksist-Leninist) genel ba\u015fkan yard\u0131mc\u0131s\u0131.<\/em><\/strong> <strong>Bu makale ilk Olarak D\u00fcnya Anti-emperyalist Platformunun yay\u0131n organ\u0131&nbsp;<em>Platform<\/em>&nbsp;i\u00e7in yaz\u0131lm\u0131\u015ft\u0131r. \u00c7eviri Toplumcu Kurtulu\u015f web sitesinden al\u0131nm\u0131\u015ft\u0131r.<\/strong><\/p>\n\n\n\n<div class=\"wp-block-stackable-divider stk-block-divider stk-block stk-a12bab3 is-style-bar\" data-block-id=\"a12bab3\"><hr class=\"stk-block-divider__hr\"\/><\/div>\n\n\n\n<p style=\"font-size:clamp(16.834px, 1.052rem + ((1vw - 3.2px) * 0.716), 26px);\">Kom\u00fcnist hareket i\u00e7inde yer alan anti-emperyalistler, h\u0131zla ilerleyen emperyalist sava\u015f hamlesinin Marksist \u00e7\u00f6z\u00fcmlemesi temelinde, ge\u00e7en y\u0131l bir araya gelerek D\u00fcnya Anti-emperyalist Platformunu olu\u015fturdular.<\/p>\n\n\n\n<p style=\"font-size:clamp(16.834px, 1.052rem + ((1vw - 3.2px) * 0.716), 26px);\">Bu platform, enerjimizi \u015fu anda hareketimizin kar\u015f\u0131 kar\u015f\u0131ya oldu\u011fu en acil \u00f6ncelikli g\u00f6reve y\u00f6neltmek \u00fczere, yani ABD liderli\u011findeki emperyalist bloka kar\u015f\u0131 m\u00fccadeleyi desteklemek i\u00e7in m\u00fcmk\u00fcn olan en geni\u015f g\u00fc\u00e7leri bir araya getirmek amac\u0131yla kuruldu. S\u00f6z konusu ama\u00e7, do\u011fru bir \u015fekilde ele al\u0131nd\u0131\u011f\u0131nda, bir sonraki, belirleyici sosyalist devrimler dalgas\u0131n\u0131 te\u015fvik etme potansiyeline sahip olacak bir m\u00fccadele y\u00fcr\u00fctmek demektir.<\/p>\n\n\n\n<p style=\"font-size:clamp(16.834px, 1.052rem + ((1vw - 3.2px) * 0.716), 26px);\">Anti-emperyalist Platformun 2022 y\u0131l\u0131nda Paris\u2019te yay\u0131nlanan kurulu\u015f bildirisi<a href=\"https:\/\/toplumcukurtulus.com\/202402\/emperyalizme-karsi-mucadele-ve-filistin-dosyasi\/#sdfootnote2sym\"><sup>2<\/sup><\/a>, bu kritik kriz ve sava\u015f d\u00f6neminde t\u00fcm sosyalistlerin ve anti-emperyalistlerin odaklanmas\u0131 gerekti\u011fine inand\u0131\u011f\u0131m\u0131z g\u00f6revleri \u00f6zetlemektedir. Bu m\u00fccadele i\u00e7in g\u00fc\u00e7lerin seferber edilmesine yard\u0131mc\u0131 olmak \u00fczere, Anti-emperyalist Platformun y\u00fcr\u00fctt\u00fc\u011f\u00fc \u00e7al\u0131\u015fmalar\u0131n bir k\u0131sm\u0131 zorunlu olarak ideolojik alandad\u0131r: i\u015f\u00e7ilerin kafas\u0131n\u0131 kar\u0131\u015ft\u0131ran, onlar\u0131 hareketsizli\u011fe iten, ABD \u00f6nderli\u011findeki emperyalist sava\u015f hamlesine kar\u015f\u0131 m\u00fccadeleden so\u011futan, emperyalist sald\u0131rganl\u0131\u011f\u0131n hedefinde olan \u00fclkeleri canla ba\u015fla desteklemekten uzakla\u015ft\u0131ran yanl\u0131\u015f fikirlere (\u00f6zellikle Rusya ve \u00c7in\u2019in emperyalist \u00fclkeler oldu\u011fu fikrine)<a href=\"https:\/\/toplumcukurtulus.com\/202402\/emperyalizme-karsi-mucadele-ve-filistin-dosyasi\/#sdfootnote3sym\"><sup>3<\/sup><\/a>&nbsp;kar\u015f\u0131 \u00e7\u0131kmak ve bunlar\u0131 te\u015fhir etmek gerekiyor.<\/p>\n\n\n\n<p style=\"font-size:clamp(16.834px, 1.052rem + ((1vw - 3.2px) * 0.716), 26px);\">Bu duru\u015f, Anti emperyalist Platformu, Yunanistan Kom\u00fcnist Partisi\u2019nin&nbsp;<em>anti-marksist tutumuyla kar\u015f\u0131 kar\u015f\u0131ya&nbsp;<\/em>getirmi\u015ftir.<\/p>\n\n\n\n<p style=\"font-size:clamp(16.834px, 1.052rem + ((1vw - 3.2px) * 0.716), 26px);\">&nbsp;Yunanistan Kom\u00fcnist Partisi, Anti emperyalist Platformu en kan dondurucu terimlerle k\u0131namakta<a href=\"https:\/\/toplumcukurtulus.com\/202402\/emperyalizme-karsi-mucadele-ve-filistin-dosyasi\/#sdfootnote4sym\"><sup>4<\/sup><\/a>, Anti emperyalist Platform faaliyetlerine kat\u0131lan ya da Paris Deklarasyonunu imzalayan her \u00f6rg\u00fct\u00fc \u2018oport\u00fcnist\u2019 ve \u2018gerici\u2019 olarak mahk\u00fbm etmekte ve \u00e7al\u0131\u015fmalar\u0131m\u0131z\u0131 engellemek ve sabote etmek i\u00e7in elindeki her arac\u0131 kullanmaktad\u0131r.<\/p>\n\n\n\n<p style=\"font-size:clamp(16.834px, 1.052rem + ((1vw - 3.2px) * 0.716), 26px);\"><strong>S\u00f6zde piramit \u2018teorisi\u2019<\/strong><\/p>\n\n\n\n<p style=\"font-size:clamp(16.834px, 1.052rem + ((1vw - 3.2px) * 0.716), 26px);\">Mevcut sava\u015f\u0131n do\u011fru \u00e7\u00f6z\u00fcmlemesi konusundaki bu tart\u0131\u015fman\u0131n soyut bir tart\u0131\u015fma olmad\u0131\u011f\u0131n\u0131n fark\u0131na varmak \u00f6nemlidir. Bilimsel sosyalizmin izleyicileri olarak,&nbsp;<em>devrimci bir teori olmadan devrimci bir pratik olamayaca\u011f\u0131n\u0131&nbsp;<\/em>biliyoruz. Do\u011fru anlay\u0131\u015f olu\u015fturmadan, sosyalistlerin i\u015f\u00e7ilerin davas\u0131na fayda sa\u011flayacak \u015fekilde hareket etmeleri; hangi eylemlerin devrimci g\u00fc\u00e7lerin geli\u015fmesine ve d\u00fc\u015fmanlar\u0131m\u0131z\u0131n yenilgisine yol a\u00e7aca\u011f\u0131n\u0131 bulmalar\u0131 imk\u00e2ns\u0131zd\u0131r.<\/p>\n\n\n\n<p style=\"font-size:clamp(16.834px, 1.052rem + ((1vw - 3.2px) * 0.716), 26px);\">Do\u011fru teori olmaks\u0131z\u0131n, i\u015f\u00e7i s\u0131n\u0131f\u0131 hareketi etkili eylem i\u00e7in hi\u00e7bir k\u0131lavuza sahip olamayacakt\u0131r. Do\u011fru teori olmaks\u0131z\u0131n i\u015f\u00e7i s\u0131n\u0131f\u0131 hareketi otomatik olarak burjuva siyasetinin parametreleri i\u00e7inde yer alabilecek uygulamalara kayar. Bu nedenle yanl\u0131\u015f teorilere kom\u00fcnistler taraf\u0131ndan \u015fiddetle kar\u015f\u0131 \u00e7\u0131k\u0131lmal\u0131d\u0131r: do\u011fru \u00e7izginin zaferi devrimin zaferi i\u00e7in bir \u00f6n ko\u015fuldur. Bol\u015fevik devriminin t\u00fcm tarihi bu ger\u00e7e\u011fin bolca kan\u0131t\u0131n\u0131 sunmu\u015ftur.<\/p>\n\n\n\n<p style=\"font-size:clamp(16.834px, 1.052rem + ((1vw - 3.2px) * 0.716), 26px);\"><strong>Peki Yunanistan Kom\u00fcnist Partisi taraf\u0131ndan \u00f6ne s\u00fcr\u00fclen teorik pozisyon nedir? Ve pratik i\u00e7inde hangi faaliyetlere yol a\u00e7\u0131yor?<\/strong><\/p>\n\n\n\n<p style=\"font-size:clamp(16.834px, 1.052rem + ((1vw - 3.2px) * 0.716), 26px);\">Birincisi, YKP\u2019nin yeni \u2018emperyalist piramit\u2019<a href=\"https:\/\/toplumcukurtulus.com\/202402\/emperyalizme-karsi-mucadele-ve-filistin-dosyasi\/#sdfootnote5sym\"><sup>5<\/sup><\/a>&nbsp;teorisi,&nbsp;<em>ticaretin ger\u00e7ekle\u015fti\u011fi ve meta \u00fcretiminin yap\u0131ld\u0131\u011f\u0131 her ekonominin kapitalist bir ekonomi oldu\u011fu \u015feklindeki&nbsp;<\/em>yanl\u0131\u015f iddiaya dayanmaktad\u0131r.<\/p>\n\n\n\n<p style=\"font-size:clamp(16.834px, 1.052rem + ((1vw - 3.2px) * 0.716), 26px);\">Bu iddia, metalar\u0131n geli\u015fimine ili\u015fkin Marksist tarih anlay\u0131\u015f\u0131n\u0131 bir \u00e7\u0131rp\u0131da yads\u0131yan bir baya\u011f\u0131la\u015ft\u0131rmad\u0131r. \u00c7\u00fcnk\u00fc kapitalizm, insanl\u0131\u011f\u0131n toplumsal geli\u015fiminde, meta \u00fcretiminin&nbsp;<em>egemen<\/em>&nbsp;\u00fcretim&nbsp;<em>bi\u00e7imi oldu\u011fu<\/em>&nbsp;bir a\u015famad\u0131r. Metalar\u0131n en eski s\u0131n\u0131fl\u0131 toplumlardan bu yana \u00fcretildi\u011fi, k\u00f6leci ve feodal toplumlarda var oldu\u011fu ve sosyalist toplumda da bir s\u00fcre daha var olmaya devam edece\u011fi ger\u00e7e\u011fini g\u00f6z ard\u0131 ediyor. YKP\u2019nin teorisyenleri, piyasada sat\u0131lmak \u00fczere bir \u015fey \u00fcreten herkesin, ister i\u00e7eride ister d\u0131\u015far\u0131da olsun, para kullanan herkesin kapitalist oldu\u011funa inan\u0131yor gibi g\u00f6r\u00fcn\u00fcyor.<a href=\"https:\/\/toplumcukurtulus.com\/202402\/emperyalizme-karsi-mucadele-ve-filistin-dosyasi\/#sdfootnote6sym\"><sup>6<\/sup><\/a><\/p>\n\n\n\n<p style=\"font-size:clamp(16.834px, 1.052rem + ((1vw - 3.2px) * 0.716), 26px);\">Ve bu baya\u011f\u0131la\u015ft\u0131rmay\u0131 daha da sorunlu bir ba\u015fka baya\u011f\u0131la\u015ft\u0131rmayla s\u00fcrd\u00fcr\u00fcyorlar. Bize, kapitalizm k\u00fcresel olarak art\u0131k tekelci a\u015famaya girdi\u011fine g\u00f6re (Lenin taraf\u0131ndan yaz\u0131ld\u0131\u011f\u0131 gibi); kapitalist \u00fcretim her yerde yo\u011funla\u015fmaya ve tekele do\u011fru e\u011filim g\u00f6sterdi\u011fine g\u00f6re (Marks, Engels ve Lenin taraf\u0131ndan yaz\u0131ld\u0131\u011f\u0131 gibi),&nbsp;g\u00fcn\u00fcm\u00fczdeki <em>her kapitalist \u00fclkenin ayn\u0131 zamanda emperyalist bir \u00fclke oldu\u011funu s\u00f6yl\u00fcyorlar<\/em>&nbsp;(Lenin taraf\u0131ndan kesin bir \u015fekilde \u00e7\u00fcr\u00fct\u00fcld\u00fc\u011f\u00fc gibi).<a href=\"https:\/\/toplumcukurtulus.com\/202402\/emperyalizme-karsi-mucadele-ve-filistin-dosyasi\/#sdfootnote7sym\"><sup>7<\/sup><\/a><\/p>\n\n\n\n<p style=\"font-size:clamp(16.834px, 1.052rem + ((1vw - 3.2px) * 0.716), 26px);\">Bize s\u00f6ylenene g\u00f6re bu, ABD\u2019nin kapitalistleri i\u00e7in oldu\u011fu kadar Burkina Faso\u2019nun kapitalistleri i\u00e7in de ge\u00e7erli.<\/p>\n\n\n\n<p style=\"font-size:clamp(16.834px, 1.052rem + ((1vw - 3.2px) * 0.716), 26px);\">G\u00f6r\u00fcn\u00fc\u015fe g\u00f6re, sermayesini b\u00fcy\u00fctme&nbsp;<em>arzusu<\/em>&nbsp;emperyalist olma arzusunu ortaya koyuyor ve \u00f6nemli olan da bu&nbsp;<em>arzu<\/em>. \u2018Piramit\u2019 teorisine g\u00f6re, \u0130ngiltere ve Fransa\u2019dan K\u00fcba ve Kuzey Kore\u2019ye kadar ticaret yapan her \u00fclke emperyalizmden su\u00e7ludur; d\u00fcnyan\u0131n \u00e7e\u015fitli devletleri emperyalizmin b\u00fcy\u00fck k\u00fcresel \u2018piramidinde\u2019 sadece farkl\u0131 seviyeleri i\u015fgal etmektedir.<\/p>\n\n\n\n<p style=\"font-size:clamp(16.834px, 1.052rem + ((1vw - 3.2px) * 0.716), 26px);\">Marksizmi sa\u00e7mala\u015ft\u0131ran bu iddiaya g\u00f6re, \u00e7e\u015fitli \u00fclkeler aras\u0131ndaki \u00e7eli\u015fkilerin&nbsp;<em>hepsi \u2018emperyalistler aras\u0131\u2019&nbsp;<\/em>olup birbirleriyle rekabet h\u00e2lindeki&nbsp;<em>emperyalist \u00e7\u0131karlarla&nbsp;<\/em>ve birbirlerini d\u00fcnya emperyalizminin \u2018piramidinin\u2019 tepesinden indirme arzular\u0131yla a\u00e7\u0131klanabilir. B\u00f6yle bir tan\u0131m\u0131n, J. V. Stalin\u2019in zaman\u0131ndaki Sovyetler Birli\u011fini bile kapsam\u0131na ald\u0131\u011f\u0131n\u0131 belirtmeliyiz.<\/p>\n\n\n\n<p style=\"font-size:clamp(16.834px, 1.052rem + ((1vw - 3.2px) * 0.716), 26px);\">YKP \u2018teorisyenleri\u2019, yine bir kalem darbesiyle ve \u00e7\u0131lg\u0131n iddialar\u0131n\u0131 destekleyecek en ufak bir kan\u0131t olmaks\u0131z\u0131n, k\u00fcresel ekonominin tekelci kontrol\u00fc ve emperyalistler aras\u0131 rekabetle ilgili Leninist kavramlar\u0131, temel \u00f6zleri tamamen ortadan kalkana kadar kabala\u015ft\u0131rm\u0131\u015f ve \u00e7arp\u0131tm\u0131\u015flard\u0131r.<\/p>\n\n\n\n<p style=\"font-size:clamp(16.834px, 1.052rem + ((1vw - 3.2px) * 0.716), 26px);\">YKP\u2019nin teorisyenleri, ger\u00e7ek oport\u00fcnist tarzda, Lenin\u2019in emperyalizm \u00fczerine \u00e7al\u0131\u015fmalar\u0131ndan rastgele birka\u00e7 ger\u00e7e\u011fi se\u00e7mi\u015f ve bunlar\u0131 t\u00fcm ba\u011flam\u0131ndan kopararak hi\u00e7bir \u015feyi a\u00e7\u0131klamayan ve kimseyi ayd\u0131nlatmayan i\u00e7i bo\u015f bir dogmaya d\u00f6n\u00fc\u015ft\u00fcrm\u00fc\u015flerdir.<\/p>\n\n\n\n<p style=\"font-size:clamp(16.834px, 1.052rem + ((1vw - 3.2px) * 0.716), 26px);\">Lenin\u2019in k\u00fcresel tekelci-kapitalist ekonomiye ili\u015fkin&nbsp;<em>maddi a\u00e7\u0131klamas\u0131<\/em>, bir avu\u00e7 egemen g\u00fcc\u00fcn mali, teknolojik ve asker\u00ee g\u00fc\u00e7lerini \u00fclkelerin b\u00fcy\u00fck \u00e7o\u011funlu\u011funu s\u00f6m\u00fcrmek ve ezmek i\u00e7in nas\u0131l kullanabildi\u011fini ortaya koymu\u015ftur. YKP, tarihsel geli\u015fimi, kapsay\u0131c\u0131 \u00f6zellikleri, geli\u015fme e\u011filimleri ve g\u00f6ze batan \u00e7eli\u015fkileriyle bu \u00e7ok y\u00f6nl\u00fc resmin yerine, bir ya da iki ger\u00e7e\u011fi t\u00fcm anlamlar\u0131n\u0131 ortadan kald\u0131racak \u015fekilde \u00e7\u0131karm\u0131\u015ft\u0131r.<\/p>\n\n\n\n<p style=\"font-size:clamp(16.834px, 1.052rem + ((1vw - 3.2px) * 0.716), 26px);\">Kapitalizm tekelle\u015fme e\u011filimindedir, diyor Lenin. Ger\u00e7ekten de \u00f6yle. YKP ise \u015fimdi tekel a\u015famas\u0131nday\u0131z,&nbsp;<em>her&nbsp;<\/em>kapitalizm emperyalisttir diyor. Yani 2+2=5. Bu el \u00e7abuklu\u011fuyla, bu teorinin yazarlar\u0131 bize emperyalizmin&nbsp;<em>her<\/em>&nbsp;\u00fclkede bulundu\u011fu, dolay\u0131s\u0131yla&nbsp;<em>hi\u00e7bir yerde bulunamayaca\u011f\u0131&nbsp;<\/em>bir d\u00fcnya tablosu sundular.<\/p>\n\n\n\n<p style=\"font-size:clamp(16.834px, 1.052rem + ((1vw - 3.2px) * 0.716), 26px);\">Bunu nas\u0131l yapt\u0131klar\u0131n\u0131 a\u00e7\u0131klamaks\u0131z\u0131n, Lenin\u2019in bizzat kendisinin \u201cemperyalizm alt\u0131nda temel, \u00f6nemli ve ka\u00e7\u0131n\u0131lmaz\u201d olarak tan\u0131mlad\u0131\u011f\u0131, uluslar aras\u0131ndaki a\u015f\u0131r\u0131 s\u00f6m\u00fcr\u00fc ve e\u015fitsizli\u011fin mevcut k\u00fcresel sistemine ili\u015fkin Leninist anlay\u0131\u015f\u0131 tersine \u00e7evirmeyi hakl\u0131 g\u00f6sterecek en ufak bir kan\u0131t olmaks\u0131z\u0131n,<a href=\"https:\/\/toplumcukurtulus.com\/202402\/emperyalizme-karsi-mucadele-ve-filistin-dosyasi\/#sdfootnote8sym\"><sup>8<\/sup><\/a>&nbsp;bu teorinin yarat\u0131c\u0131lar\u0131, a\u015fa\u011f\u0131lay\u0131c\u0131 \u015fekilde \u201cs\u00f6zde ulusal sorun\u201d olarak adland\u0131rd\u0131klar\u0131 \u015feyi ortadan kald\u0131rm\u0131\u015flard\u0131r.<a href=\"https:\/\/toplumcukurtulus.com\/202402\/emperyalizme-karsi-mucadele-ve-filistin-dosyasi\/#sdfootnote9sym\"><sup>9<\/sup><\/a><\/p>\n\n\n\n<p style=\"font-size:clamp(16.834px, 1.052rem + ((1vw - 3.2px) * 0.716), 26px);\">Bu yazarlar, ezilen uluslar\u0131n emperyalist merkezlerin asalak tekelci finans\u00f6rlerine s\u00fcper k\u00e2rlar sa\u011flayan s\u00fcper s\u00f6m\u00fcr\u00fclen konumlar\u0131ndan kurtulu\u015funa ili\u015fkin temel sorunun ne zaman ve nas\u0131l ger\u00e7ek bir mesele olmaktan \u00e7\u0131k\u0131p yaln\u0131zca \u2018s\u00f6zde\u2019 bir mesele h\u00e2line geldi\u011fini a\u00e7\u0131klama zahmetine girmiyorlar.<\/p>\n\n\n\n<p style=\"font-size:clamp(16.834px, 1.052rem + ((1vw - 3.2px) * 0.716), 26px);\">\u0130ngiliz-Amerikan emperyalizminin 1991\u2019de SSCB\u2019nin \u00e7\u00f6k\u00fc\u015f\u00fcnden sonra t\u00fcm \u00fclkelere h\u00e2kim olmak i\u00e7in sava\u015f kampanyas\u0131n\u0131 nas\u0131l h\u0131zland\u0131rd\u0131\u011f\u0131 d\u00fc\u015f\u00fcn\u00fcld\u00fc\u011f\u00fcnde bu g\u00f6r\u00fc\u015fler \u00f6zellikle ciddi hatad\u0131r. \u2018D\u00fcnyan\u0131n polisi\u2019nin sonraki \u2018tek kutuplu an\u0131\u2019, klasik yeni s\u00f6m\u00fcrgecilik d\u00f6nemiydi;&nbsp;<em>emperyalizmin<\/em>, direnecek teknolojik, mali ve asker\u00ee g\u00fcce sahip olmayan t\u00fcm az geli\u015fmi\u015f, tekelci olmayan uluslar \u00fczerinde egemenlik&nbsp;<em>(demokrasi de\u011fil) aray\u0131\u015f\u0131yd\u0131.<\/em><em><sup> <\/sup><\/em><a href=\"https:\/\/toplumcukurtulus.com\/202402\/emperyalizme-karsi-mucadele-ve-filistin-dosyasi\/#sdfootnote10sym\"><em><sup>10<\/sup><\/em><\/a><em><sup>&nbsp; <\/sup><\/em><a href=\"https:\/\/toplumcukurtulus.com\/202402\/emperyalizme-karsi-mucadele-ve-filistin-dosyasi\/#sdfootnote11sym\"><em><sup>11<\/sup><\/em><\/a><\/p>\n\n\n\n<p style=\"font-size:clamp(16.834px, 1.052rem + ((1vw - 3.2px) * 0.716), 26px);\">Leninizm ad\u0131na, tekeli her yerde g\u00f6rd\u00fc\u011f\u00fcn\u00fc iddia eden YKP, ger\u00e7ek,&nbsp;<em>tarihsel olarak&nbsp;<\/em>geli\u015fmi\u015f k\u00fcresel tekelci g\u00fc\u00e7lere -ger\u00e7ek, tarihsel olarak&nbsp;<em>birikmi\u015f sermaye depolar\u0131<\/em>, tekelci g\u00fc\u00e7lerini d\u00fcnyan\u0131n her yerindeki h\u00fck\u00fbmetleri ve ekonomileri kontrol etmek ve d\u00fcnya kitlelerinden s\u00fcrekli olarak hara\u00e7 almak i\u00e7in kullanmalar\u0131n\u0131 sa\u011flayan \u00fclkelere- ili\u015fkin vizyonumuzu hayali bir \u2018tekelciler\u2019 y\u0131\u011f\u0131n\u0131 kurgulayarak gizlemektedir.<\/p>\n\n\n\n<p style=\"font-size:clamp(16.834px, 1.052rem + ((1vw - 3.2px) * 0.716), 26px);\">D\u00fcnya ekonomisinin materyalist kavran\u0131\u015f\u0131n\u0131 bir t\u00fcr idealist kimlik politikas\u0131na d\u00f6n\u00fc\u015ft\u00fcrd\u00fcler: tekelcisiniz, \u00e7\u00fcnk\u00fc tekelci olmak istiyorsunuz; tekelcisiniz \u00e7\u00fcnk\u00fc siz tekel&nbsp;<em>\u00e7a\u011f\u0131nda bir&nbsp;<\/em>kapitalistsiniz; tekelcisiniz, \u00e7\u00fcnk\u00fc devlet ekonomisinin bir sekt\u00f6r\u00fcn\u00fc rekabet olmadan y\u00f6netiyorsunuz, bu sekt\u00f6r sosyalist veya halka dayanan bir ulusal kurtulu\u015f h\u00fck\u00fbmetinin y\u00f6netimi alt\u0131nda olsa bile!<\/p>\n\n\n\n<p style=\"font-size:clamp(16.834px, 1.052rem + ((1vw - 3.2px) * 0.716), 26px);\">Ayn\u0131 zamanda YKP ve benzerleri kom\u00fcnizmi de bir kimli\u011fe indirgemi\u015f durumda. YKP\u2019nin onaylad\u0131\u011f\u0131 t\u00fcrden kom\u00fcnistler, art\u0131k, sosyalizm bilimini, onun g\u00fc\u00e7l\u00fc ger\u00e7eklerini kitlelere ula\u015ft\u0131rmak, kurtulu\u015f ve sosyalizm i\u00e7in devrimci harekete \u00f6nderlik ve y\u00f6n sa\u011flamaya yard\u0131mc\u0131 olmak amac\u0131yla inceleyen insanlar de\u011fil, sadece&nbsp;<em>kapitalistlerden nefret eden<\/em>&nbsp;ve bunu do\u011fru rozeti ti\u015f\u00f6rt\u00fc \u015fapkay\u0131 giyerek, do\u011fru tak\u0131m\u0131n sad\u0131k bir taraftar\u0131 olarak ve atanm\u0131\u015f d\u00fc\u015fmana kar\u015f\u0131 do\u011fru sloganlar\u0131 atarak kan\u0131tlayan insanlard\u0131r.<\/p>\n\n\n\n<p style=\"font-size:clamp(16.834px, 1.052rem + ((1vw - 3.2px) * 0.716), 26px);\">Bu t\u00fcr \u2018kom\u00fcnistlere\u2019 art\u0131k Bat\u0131 d\u00fcnyas\u0131n\u0131n her yerinde rastlanmaktad\u0131r. Art\u0131k toplumun d\u00f6n\u00fc\u015f\u00fcm\u00fcnde, tarihin evriminde oynayabilecekleri olumlu bir rolleri yok. Bunun yerine kendilerini ebedi \u2018muhalifli\u011fe\u2019 d\u00f6n\u00fc\u015ft\u00fcrd\u00fcler: kapitalizmi asla devirmeyecek \u2018antikapitalistler\u2019; sava\u015f\u0131 asla durdurmayacak \u2018sava\u015f kar\u015f\u0131t\u0131 aktivistler\u2019; \u0131rk\u00e7\u0131l\u0131\u011f\u0131n ya da cinsiyet\u00e7ili\u011fin ger\u00e7ek, ekonomik k\u00f6klerini tehdit eden hi\u00e7bir \u015fey yapmayacak \u2018\u0131rk\u00e7\u0131l\u0131k kar\u015f\u0131tlar\u0131\u2019 ya da \u2018cinsiyet\u00e7ilik kar\u015f\u0131tlar\u0131\u2019.<\/p>\n\n\n\n<p style=\"font-size:clamp(16.834px, 1.052rem + ((1vw - 3.2px) * 0.716), 26px);\">YKP ve benzerleri, Lenin ad\u0131na, Lenin\u2019in \u00e7a\u011f a\u00e7an \u00f6\u011fretilerini ve emperyalizme kar\u015f\u0131 devrimci prati\u011fini \u00e7\u00f6pe atm\u0131\u015flard\u0131r.<\/p>\n\n\n\n<p style=\"font-size:clamp(16.834px, 1.052rem + ((1vw - 3.2px) * 0.716), 26px);\"><strong>\u0130\u015f\u00e7i s\u0131n\u0131f\u0131 hareketinin STK\u2019la\u015fmas\u0131<\/strong><\/p>\n\n\n\n<p style=\"font-size:clamp(16.834px, 1.052rem + ((1vw - 3.2px) * 0.716), 26px);\">YKP\u2019de, birincil i\u015flevi devrim i\u00e7in g\u00fc\u00e7 toplamak ve e\u011fitmek de\u011fil, yaln\u0131zca&nbsp;<em>makineyi yeniden yaratmak ve s\u00fcrd\u00fcrmek<\/em>&nbsp;olan profesyonel&nbsp;<em>makinelerin yarat\u0131ld\u0131\u011f\u0131,&nbsp;<\/em>solun STK\u2019la\u015fmas\u0131 bi\u00e7imindeki modern olgunun \u00f6zellikle \u00e7arp\u0131c\u0131 bir \u00f6rne\u011fine tan\u0131k oluyoruz gibi g\u00f6r\u00fcn\u00fcyor. Bu \u00f6rg\u00fctler i\u015f\u00e7i s\u0131n\u0131f\u0131 oylar\u0131n\u0131n belli bir y\u00fczdesini toplayacak ve belli say\u0131da se\u00e7ilmi\u015f pozisyon kazanacak kadar \u2018radikal\u2019 kalmal\u0131, ancak egemen s\u0131n\u0131f\u0131n devlet mekanizmas\u0131n\u0131n intikam\u0131n\u0131 k\u0131\u015fk\u0131rtacak kadar radikal olmamal\u0131d\u0131r.<\/p>\n\n\n\n<p style=\"font-size:clamp(16.834px, 1.052rem + ((1vw - 3.2px) * 0.716), 26px);\">Temelde, bu t\u00fcr partiler makinelerini ve \u00fclkelerinin siyasi ya\u015fam\u0131nda zorlukla kazand\u0131klar\u0131 yerlerini korumak i\u00e7in burjuva siyasetinin&nbsp;<em>kay\u0131\u011f\u0131n\u0131 sallamamal\u0131d\u0131r.<\/em>&nbsp;\u0130\u015f\u00e7i s\u0131n\u0131f\u0131n\u0131n \u00f6fkesi i\u00e7in bir supap olarak bir miktar gaz alma kabul edilebilir, hatta gereklidir, ancak stat\u00fckoyu ciddi \u015fekilde sorgulayan ya da burjuva d\u00fczeninin alt\u0131n\u0131 oyan hi\u00e7bir eyleme kalk\u0131\u015f\u0131lamaz.<\/p>\n\n\n\n<p style=\"font-size:clamp(16.834px, 1.052rem + ((1vw - 3.2px) * 0.716), 26px);\">\u00c7\u00fcnk\u00fc ekonomik bunal\u0131mlar, sava\u015f krizleri t\u0131rman\u0131r ve i\u00e7 siyasi istikrar zedelenirken b\u00f6yle bir eylemin partiye ceza getirmesi ka\u00e7\u0131n\u0131lmazd\u0131r. Medya karartmalar\u0131yla ba\u015flay\u0131p parti liderlerinin ve politikalar\u0131n\u0131n karalanmas\u0131na, \u00fcyelerin takip edilmesine ve nihayetinde partinin yasad\u0131\u015f\u0131 ilan edilmesine, binalar\u0131na ve banka hesaplar\u0131na el konulmas\u0131na ve liderlerinin zulme u\u011framas\u0131na, tutuklanmas\u0131na veya s\u00fcrg\u00fcn edilmesine yol a\u00e7acakt\u0131r.<\/p>\n\n\n\n<p style=\"font-size:clamp(16.834px, 1.052rem + ((1vw - 3.2px) * 0.716), 26px);\">Devrimden \u2018muhalifli\u011fe\u2019 do\u011fru bu geri \u00e7ekilme yeni bir olgu de\u011fildir, sadece i\u015f\u00e7i s\u0131n\u0131f\u0131ndaki b\u00f6l\u00fcnmenin ve liderli\u011finin 1900\u2019lerin ba\u015f\u0131ndan beri \u00e7e\u015fitli bi\u00e7imlerde devam eden burjuva devlet mekanizmas\u0131na asimilasyonunun en son yans\u0131mas\u0131d\u0131r.<a href=\"https:\/\/toplumcukurtulus.com\/202402\/emperyalizme-karsi-mucadele-ve-filistin-dosyasi\/#sdfootnote12sym\"><sup>12<\/sup><\/a>&nbsp;<\/p>\n\n\n\n<p style=\"font-size:clamp(16.834px, 1.052rem + ((1vw - 3.2px) * 0.716), 26px);\">Bu durum g\u00fcn\u00fcm\u00fczde YKP ile de s\u0131n\u0131rl\u0131 de\u011fildir. Devrim dalgas\u0131n\u0131n \u00e7ekilmesi ile kom\u00fcnist hareketin teorik yozla\u015fmas\u0131n\u0131n birle\u015ferek bir karamsarl\u0131k ve yenilgi duygusu yaratt\u0131\u011f\u0131 son d\u00f6nemde, belli b\u00fcy\u00fckl\u00fckteki pek \u00e7ok partide benzer bir \u015fey ya\u015fand\u0131.<\/p>\n\n\n\n<p style=\"font-size:clamp(16.834px, 1.052rem + ((1vw - 3.2px) * 0.716), 26px);\">YKP\u2019nin bu d\u00f6n\u00fc\u015f\u00fcm\u00fc ve geri \u00e7ekilmeyi simgeleyen partilerden biri oldu\u011fu, bu partinin \u00e7ekirdek kadrolar\u0131n\u0131n profesyonelle\u015fmesiyle kan\u0131tlanmaktad\u0131r: Hayatlar\u0131n\u0131 devrimci faaliyete adamak i\u00e7in \u00f6zg\u00fcrle\u015fmi\u015f i\u015f\u00e7ilerin Leninist gelene\u011finde de\u011fil, b\u00fcrokratikle\u015fme ve kariyerizm tarz\u0131nda bir profesyonelle\u015fmeden s\u00f6z ediyoruz.<\/p>\n\n\n\n<p style=\"font-size:clamp(16.834px, 1.052rem + ((1vw - 3.2px) * 0.716), 26px);\">Bu t\u00fcr i\u015f\u00e7iler i\u00e7in temel kriter, derin bir \u00e7al\u0131\u015fma ve kitlelere hizmet etmeye y\u00f6nelik \u00f6zverili bir adanm\u0131\u015fl\u0131k de\u011fil, grup d\u00fc\u015f\u00fcncesi, makine bak\u0131m\u0131n\u0131n angarya i\u015flerini yerine getirmeye isteklilik ve partiyi -ve etkisi alt\u0131ndaki i\u015f\u00e7ileri- tamamen yanl\u0131\u015f y\u00f6ne g\u00f6t\u00fcren bir liderli\u011fe sorgusuz sualsiz (d\u00fc\u015f\u00fcnmeden) sadakattir.<\/p>\n\n\n\n<p style=\"font-size:clamp(16.834px, 1.052rem + ((1vw - 3.2px) * 0.716), 26px);\"><strong>YKP\u2019nin Oport\u00fcnizm ve sekterlik ihrac\u0131<\/strong><\/p>\n\n\n\n<p style=\"font-size:clamp(16.834px, 1.052rem + ((1vw - 3.2px) * 0.716), 26px);\">B\u00fcy\u00fck bir devrimci gelene\u011fe, kitlesel bir tabana ve Yunan halk\u0131n\u0131n siyasi, sosyal ve k\u00fclt\u00fcrel ya\u015fam\u0131nda k\u00f6kl\u00fc konuma sahip bir parti olan YKP\u2019nin oport\u00fcnizme<sup> <\/sup>geri \u00e7ekilmesi, bu \u00fclkedeki s\u0131n\u0131f m\u00fccadelesine korkun\u00e7 bir darbedir.<sup> <\/sup><a href=\"https:\/\/toplumcukurtulus.com\/202402\/emperyalizme-karsi-mucadele-ve-filistin-dosyasi\/#sdfootnote13sym\"><sup>13<\/sup><\/a>&nbsp; &nbsp;Partinin liderleri hatal\u0131 \u00e7izgilerine daha s\u0131k\u0131 sar\u0131ld\u0131k\u00e7a ve onlar\u0131 samimi \u015fekilde devrimci yola geri d\u00f6nd\u00fcrmeye \u00e7al\u0131\u015fan herkesi karalad\u0131k\u00e7a, emek\u00e7i halk\u0131n, toplumsal kurtulu\u015f m\u00fccadelesine \u00f6nderlik etmek \u00fczere yeni bir parti kurmak zorunda kalaca\u011f\u0131 daha da kesinle\u015fmektedir.<\/p>\n\n\n\n<p style=\"font-size:clamp(16.834px, 1.052rem + ((1vw - 3.2px) * 0.716), 26px);\">Bu ger\u00e7ekten de b\u00fcy\u00fck bir gerilemedir; uzun s\u00fcredir ac\u0131 \u00e7eken ve b\u00fcy\u00fck m\u00fccadele veren Yunan emek\u00e7i halk\u0131 i\u00e7in bir trajedidir.<\/p>\n\n\n\n<p style=\"font-size:clamp(16.834px, 1.052rem + ((1vw - 3.2px) * 0.716), 26px);\">Ancak YKP\u2019nin eylemleri Yunanistan s\u0131n\u0131rlar\u0131nda durmuyor. Yunan devriminin miras\u00e7\u0131s\u0131 olarak uluslararas\u0131 prestijini; etkileyici profesyonelli\u011fini, say\u0131sal ve mali g\u00fcc\u00fcn\u00fc kullanan YKP, etkili oldu\u011fu her yere sistematik olarak anti-marksist bulamac\u0131n\u0131 (\u2018teori\u2019) enjekte etmektedir.<\/p>\n\n\n\n<p style=\"font-size:clamp(16.834px, 1.052rem + ((1vw - 3.2px) * 0.716), 26px);\">Stalin sonras\u0131 SSCB revizyonizmi ile \u00c7in-Sovyet b\u00f6l\u00fcnmesinden miras kalan, hareketimizin \u00e7o\u011funda h\u00e2kim olan teorik kafa kar\u0131\u015f\u0131kl\u0131\u011f\u0131 bu konuda ona yard\u0131mc\u0131 olmaktad\u0131r.<\/p>\n\n\n\n<p style=\"font-size:clamp(16.834px, 1.052rem + ((1vw - 3.2px) * 0.716), 26px);\">Bu durum YKP\u2019nin militan g\u00f6r\u00fcnen ama anti-materyalist \u00e7izgisini her yere yaymas\u0131n\u0131 kolayla\u015ft\u0131rm\u0131\u015f, istedi\u011fini elde etmek, en az\u0131ndan g\u00fcndemine uymayanlar\u0131n \u00e7al\u0131\u015fmalar\u0131n\u0131 sekteye u\u011fratmak i\u00e7in r\u00fc\u015fvet, tehdit, bask\u0131 ve manip\u00fclasyon kullanmas\u0131na kadar giden hamlelerine bile f\u0131rsat vermi\u015ftir.<\/p>\n\n\n\n<p style=\"font-size:clamp(16.834px, 1.052rem + ((1vw - 3.2px) * 0.716), 26px);\">Kendileri de sosyal-demokrat muhalefet batakl\u0131\u011f\u0131na saplanm\u0131\u015f olan pek \u00e7ok partide, bu sahte dostlar a\u00e7\u0131k bir kap\u0131 bulmaktad\u0131r. \u00d6rne\u011fin Meksika Kom\u00fcnist Partisi, \u0130sve\u00e7 Kom\u00fcnist Partisi ya da Almanya\u2019daki Kom\u00fcnist \u00d6rg\u00fct<a href=\"https:\/\/toplumcukurtulus.com\/202402\/emperyalizme-karsi-mucadele-ve-filistin-dosyasi\/#sdfootnote14sym\"><sup>14<\/sup><\/a>&nbsp;gibi partiler, s\u0131n\u0131f sava\u015f\u0131n\u0131n zorlu pozisyonlar\u0131n\u0131 terk etmek ve NATO propagandas\u0131n\u0131 -\u00f6zellikle de Rus emperyalizmi ya da \u00c7in \u2018emperyalizmi\u2019, \u2018yay\u0131lmac\u0131l\u0131\u011f\u0131\u2019, \u2018sald\u0131rganl\u0131\u011f\u0131\u2019 vb. hakk\u0131ndaki propaganday\u0131- yinelemek i\u00e7in devrimci bir gerek\u00e7eye sahip olmaktan mutlu olanlar taraf\u0131ndan y\u00f6netilmektedir.<\/p>\n\n\n\n<p style=\"font-size:clamp(16.834px, 1.052rem + ((1vw - 3.2px) * 0.716), 26px);\">Di\u011fer durumlarda YKP, D\u00fcnya Demokratik Gen\u00e7lik Federasyonundaki (DDGF) kontrol edici etkisini gen\u00e7 \u00fcyeleri partilerinin k\u0131demli \u00fcyelerine kar\u015f\u0131 manip\u00fcle etmek i\u00e7in kullanm\u0131\u015ft\u0131r. &nbsp;Baz\u0131lar\u0131nda ise geni\u015f say\u0131da uluslararas\u0131 g\u00f6revli a\u011f\u0131n\u0131 kullanarak \u00e7e\u015fitli partilerin sekreterleriyle g\u00fc\u00e7l\u00fc ki\u015fisel ili\u015fkiler geli\u015ftirmi\u015f ve onlar\u0131 i\u015f\u00e7i kar\u015f\u0131t\u0131 \u00e7izgisinin destek\u00e7ileri olarak kullanmaya \u00e7al\u0131\u015fm\u0131\u015ft\u0131r. D\u00fcnyan\u0131n d\u00f6rt bir yan\u0131ndaki kom\u00fcnist partilerde kafa kar\u0131\u015f\u0131kl\u0131\u011f\u0131, parti i\u00e7i kavgalar ve b\u00f6l\u00fcnmeler ya\u015fanm\u0131\u015ft\u0131r.<\/p>\n\n\n\n<p style=\"font-size:clamp(16.834px, 1.052rem + ((1vw - 3.2px) * 0.716), 26px);\">\u0130spanya KP ile tart\u0131\u015fma vakas\u0131<sup> <\/sup>herkes taraf\u0131ndan iyi bilinmektedir. Pakistan\u2019dan Polonya\u2019ya, Meksika\u2019dan ABD\u2019ye, Almanya\u2019dan \u0130svi\u00e7re\u2019ye kadar Yunanistan KP\u2019nin di\u011fer operasyonlar\u0131 daha sessizce &nbsp;konu\u015fulmaktad\u0131r. Ancak uluslararas\u0131 kom\u00fcnist hareket i\u00e7inde faaliyet g\u00f6steren hi\u00e7 kimse Yunanistan KP sekterli\u011finin m\u00fcdahalesi ve y\u0131k\u0131c\u0131l\u0131\u011f\u0131na dair \u00e7e\u015fitli hik\u00e2yelerden habersiz de\u011fildir.<sup> <\/sup><a href=\"https:\/\/toplumcukurtulus.com\/202402\/emperyalizme-karsi-mucadele-ve-filistin-dosyasi\/#sdfootnote15sym\"><sup>15<\/sup><\/a>&nbsp;<\/p>\n\n\n\n<p style=\"font-size:clamp(16.834px, 1.052rem + ((1vw - 3.2px) * 0.716), 26px);\"><strong>Tro\u00e7kizmi yeniden ke\u015ffetmek<\/strong><\/p>\n\n\n\n<p style=\"font-size:clamp(16.834px, 1.052rem + ((1vw - 3.2px) * 0.716), 26px);\"><em>S\u00f6zde Piramit \u2018teorisinin\u2019 pratik sonucu nedir?<\/em> Bu \u00e7izgiyi kabul eden partilerin politikas\u0131 \u00fczerindeki pratik etkisi, Ukrayna\u2019daki mevcut \u00e7at\u0131\u015fmay\u0131, i\u015f\u00e7i s\u0131n\u0131f\u0131n\u0131n taraf olmad\u0131\u011f\u0131 iki emperyalist g\u00fc\u00e7 aras\u0131ndaki bir \u00e7at\u0131\u015fma olarak nitelendirmektir. Ticaret i\u00e7in meta \u00fcreten her \u00fclke \u2018emperyalist\u2019 olarak tan\u0131mland\u0131\u011f\u0131na g\u00f6re, Kuzey Kore ya da \u00c7in ile ABD aras\u0131nda gelecekte ya\u015fanacak sava\u015flar da ayn\u0131 \u015fekilde \u2018emperyalistler aras\u0131\u2019 olarak nitelendirilecektir.<\/p>\n\n\n\n<p style=\"font-size:clamp(16.834px, 1.052rem + ((1vw - 3.2px) * 0.716), 26px);\">B\u00f6yle bir anda i\u015f\u00e7ilere bu t\u00fcr yalanlar s\u00f6ylemek, emperyalist sava\u015f propagandas\u0131n\u0131 g\u00fc\u00e7lendiren ve sava\u015f kar\u015f\u0131t\u0131 hareketi hareketsiz b\u0131rakarak&nbsp;<em>su\u00e7 te\u015fkil eden bir eylemdir.<\/em> Bu yalanlar\u0131 s\u00f6ylemek, emperyalizme ve sava\u015fa kar\u015f\u0131 hareketin merkezinde, \u00f6n\u00fcnde yer almas\u0131 gereken, ona pratikte \u00e7elik sa\u011flaml\u0131k, teoride netlik kazand\u0131ran kom\u00fcnistleri bir kenara itmektir. B\u00f6yle yaparken \u2018i\u015f\u00e7i s\u0131n\u0131f\u0131 birli\u011fi\u2019 \u00e7a\u011fr\u0131lar\u0131nda bulunmak bu t\u00fcr faaliyetlerin ger\u00e7ek, y\u0131k\u0131c\u0131 do\u011fas\u0131n\u0131 \u00f6rtemez.<\/p>\n\n\n\n<p style=\"font-size:clamp(16.834px, 1.052rem + ((1vw - 3.2px) * 0.716), 26px);\">Emperyalizme kar\u015f\u0131 i\u015f\u00e7i s\u0131n\u0131f\u0131 birli\u011fi yerine, \u2018her iki taraf da birbirinden beter\u2019 diyerek eylemsizlik ve pasiflik \u00e7a\u011fr\u0131s\u0131 yap\u0131yorlar.<\/p>\n\n\n\n<p style=\"font-size:clamp(16.834px, 1.052rem + ((1vw - 3.2px) * 0.716), 26px);\">Lenin\u2019in 1916\u2019da yazd\u0131\u011f\u0131 gibi: \u201cSava\u015f genellikle \u00e7\u00fcr\u00fcm\u00fc\u015f olan\u0131 a\u00e7\u0131\u011fa \u00e7\u0131karmak ve basmakal\u0131p d\u00fc\u015f\u00fcnceleri bir kenara atmak a\u00e7\u0131s\u0131ndan yararl\u0131d\u0131r.\u201d<a href=\"https:\/\/toplumcukurtulus.com\/202402\/emperyalizme-karsi-mucadele-ve-filistin-dosyasi\/#sdfootnote16sym\"><sup>16<\/sup><\/a>&nbsp;<\/p>\n\n\n\n<p style=\"font-size:clamp(16.834px, 1.052rem + ((1vw - 3.2px) * 0.716), 26px);\"><strong>YKP\u2019nin \u00f6nde gelen devrimci kom\u00fcnist bir parti oldu\u011fu y\u00f6n\u00fcndeki geleneksel varsay\u0131m bir kenara at\u0131lmal\u0131 ve \u00e7\u00fcr\u00fcm\u00fc\u015fl\u00fc\u011f\u00fc kabul edilerek buna yan\u0131t verilmelidir.<\/strong><\/p>\n\n\n\n<p style=\"font-size:clamp(16.834px, 1.052rem + ((1vw - 3.2px) * 0.716), 26px);\">YKP\u2019nin \u2018Leninist\u2019 piramidi \u00f6z\u00fcnde Tro\u00e7kizmin yeniden icad\u0131d\u0131r.<\/p>\n\n\n\n<p style=\"font-size:clamp(16.834px, 1.052rem + ((1vw - 3.2px) * 0.716), 26px);\">Tro\u00e7ki gibi, bu \u2018teorinin\u2019 savunucular\u0131 da ezilen ve ezen uluslar ili\u015fkisindeki&nbsp;<em>emperyalist ger\u00e7ekli\u011fi&nbsp;<\/em>tan\u0131may\u0131 reddetmektedir.<\/p>\n\n\n\n<p style=\"font-size:clamp(16.834px, 1.052rem + ((1vw - 3.2px) * 0.716), 26px);\">Tro\u00e7ki gibi onlar da emperyalist \u00fclkelerdeki proleter m\u00fccadeleyi ezilen uluslardaki anti-emperyalist m\u00fccadele ile birle\u015ftirme ihtiyac\u0131n\u0131 kabul etmeyi reddediyorlar.<\/p>\n\n\n\n<p style=\"font-size:clamp(16.834px, 1.052rem + ((1vw - 3.2px) * 0.716), 26px);\">Tro\u00e7ki gibi onlar da proletaryadan ba\u015fka herhangi bir s\u0131n\u0131fta devrimci potansiyel g\u00f6rmeyi reddediyorlar.<\/p>\n\n\n\n<p style=\"font-size:clamp(16.834px, 1.052rem + ((1vw - 3.2px) * 0.716), 26px);\">Tro\u00e7ki gibi, sosyalizm hedefine do\u011fru somut bir ad\u0131m atmalar\u0131n\u0131 sa\u011flayabilecek herhangi bir ittifakla \u201cellerini kirletmeyi\u201d reddediyorlar ve bu nedenle sosyalizm soyut, ula\u015f\u0131lamaz bir hayal olarak kal\u0131yor.<\/p>\n\n\n\n<p style=\"font-size:clamp(16.834px, 1.052rem + ((1vw - 3.2px) * 0.716), 26px);\">Tro\u00e7ki gibi, t\u00fcm anti-emperyalist liderlere ve hareketlere kar\u015f\u0131 emperyalist propaganday\u0131 g\u00fc\u00e7lendirmelerini, i\u015f\u00e7i s\u0131n\u0131f\u0131 dayan\u0131\u015fmas\u0131 hakk\u0131nda devrimci g\u00f6r\u00fcnen ifadelerle \u00f6rt\u00fcyorlar.<\/p>\n\n\n\n<p style=\"font-size:clamp(16.834px, 1.052rem + ((1vw - 3.2px) * 0.716), 26px);\">Tro\u00e7ki gibi onlar da kendilerini, isteyerek ya da kazara, hareketimiz i\u00e7inde emperyalist propaganday\u0131 yayman\u0131n ara\u00e7lar\u0131na d\u00f6n\u00fc\u015ft\u00fcrd\u00fcler.<\/p>\n\n\n\n<p style=\"font-size:clamp(16.834px, 1.052rem + ((1vw - 3.2px) * 0.716), 26px);\">Bu \u00f6rg\u00fct y\u0131k\u0131c\u0131 \u00e7izginin \u0131srarl\u0131, sald\u0131rgan, kararl\u0131 s\u00fcrd\u00fcr\u00fcl\u00fc\u015f\u00fc ve i\u015f\u00e7i s\u0131n\u0131f\u0131na b\u00f6yle bir \u00e7izginin neden&nbsp;<em>siyasi bir&nbsp;<\/em>hata oldu\u011funu g\u00f6stermeye \u00e7al\u0131\u015fan herkese kar\u015f\u0131 (fikre de\u011fil, ki\u015fiye y\u00f6nelik)&nbsp;<em>karalay\u0131c\u0131<\/em>&nbsp;sald\u0131r\u0131lar\u0131 g\u00f6z \u00f6n\u00fcne al\u0131nd\u0131\u011f\u0131nda, YKP liderlerinin kendilerini tamamen oport\u00fcnizm kamp\u0131na&nbsp;<em>adad\u0131klar\u0131<\/em>&nbsp;sonucuna varabiliriz.<\/p>\n\n\n\n<p style=\"font-size:clamp(16.834px, 1.052rem + ((1vw - 3.2px) * 0.716), 26px);\">Dahas\u0131, bu kamp\u0131n eleba\u015flar\u0131 h\u00e2line gelmi\u015flerdir: hareketimizin, uluslararas\u0131 i\u015f\u00e7i s\u0131n\u0131f\u0131n\u0131n devrimci antiemperyalist birlik m\u00fccadelesini ve dolay\u0131s\u0131yla sosyalizm m\u00fccadelemizi&nbsp;<em>engellemek i\u00e7in<\/em>&nbsp;\u00e7al\u0131\u015fan kesiminin \u00f6rg\u00fctleyicileri ve y\u00f6neticileri olmu\u015flard\u0131r.<\/p>\n\n\n\n<p style=\"font-size:clamp(16.834px, 1.052rem + ((1vw - 3.2px) * 0.716), 26px);\"><strong>Somut \u00e7\u00f6z\u00fcmleme yerine yanl\u0131\u015f bir benzetme<\/strong><\/p>\n\n\n\n<p style=\"font-size:clamp(16.834px, 1.052rem + ((1vw - 3.2px) * 0.716), 26px);\">Bu anti-marksist \u2018teorinin\u2019 savunucular\u0131, kendi belgelerinde ve yanda\u015flar\u0131n\u0131n belgelerinde<a href=\"https:\/\/toplumcukurtulus.com\/202402\/emperyalizme-karsi-mucadele-ve-filistin-dosyasi\/#sdfootnote17sym\"><sup>17<\/sup><\/a>&nbsp;NATO\u2019nun Ukrayna topraklar\u0131nda Rusya\u2019ya kar\u015f\u0131 y\u00fcr\u00fctt\u00fc\u011f\u00fc vek\u00e2let sava\u015f\u0131n\u0131 Birinci D\u00fcnya Sava\u015f\u0131 ile kar\u015f\u0131la\u015ft\u0131rmaktan ho\u015flanmakta ve bunu iki tekelci g\u00fc\u00e7 aras\u0131nda kaynaklar\u0131n, pazarlar\u0131n ve s\u00fcper s\u00f6m\u00fcr\u00fc yollar\u0131n\u0131n kontrol\u00fc \u00fczerine ya\u015fanan \u2018emperyalistler aras\u0131\u2019 bir \u00e7at\u0131\u015fma olarak tan\u0131mlamaktad\u0131rlar.<\/p>\n\n\n\n<p style=\"font-size:clamp(16.834px, 1.052rem + ((1vw - 3.2px) * 0.716), 26px);\">Nitekim eski YKP lideri Aleksandra Papariga 2022 y\u0131l\u0131nda bir parti toplant\u0131s\u0131nda yapt\u0131\u011f\u0131 konu\u015fmada daha da ileri giderek \u201cUkrayna halk\u0131n\u0131n\u201d (yani ABD destekli akt\u00f6r-yardak\u00e7\u0131 Volodimir Zelenski ba\u015fkanl\u0131\u011f\u0131ndaki neo-nazi vekil h\u00fck\u00fbmetin) \u201cRus sald\u0131rganl\u0131\u011f\u0131na\u201d kar\u015f\u0131 \u201chakl\u0131 bir sava\u015f\u201d y\u00fcr\u00fctt\u00fc\u011f\u00fcn\u00fc ilan etti.<a href=\"https:\/\/toplumcukurtulus.com\/202402\/emperyalizme-karsi-mucadele-ve-filistin-dosyasi\/#sdfootnote18sym\"><sup>18<\/sup><\/a><\/p>\n\n\n\n<p style=\"font-size:clamp(16.834px, 1.052rem + ((1vw - 3.2px) * 0.716), 26px);\">Eski YKP lideri Aleksandra Papariga\u2019n\u0131n bu g\u00f6r\u00fc\u015f\u00fc ile YKP\u2019nin ba\u015fka bir yerde (\u2018s\u00f6zde\u2019) ulusal sorunun art\u0131k var olmad\u0131\u011f\u0131 g\u00f6r\u00fc\u015f\u00fcn\u00fcn nas\u0131l \u00f6rt\u00fc\u015ft\u00fc\u011f\u00fcn\u00fc g\u00f6rmek zor de\u011fil. &nbsp;B\u00f6yle bir a\u00e7\u0131klama YKP\u2019nin Ukrayna\u2019daki sava\u015f\u0131n \u2018emperyalistler aras\u0131\u2019 bir sava\u015f oldu\u011fu iddias\u0131yla da ba\u011fda\u015fmaz! Belki de YKP farkl\u0131 kitlelere farkl\u0131 g\u00f6r\u00fc\u015fler sunmak istiyor!&nbsp;<\/p>\n\n\n\n<p style=\"font-size:clamp(16.834px, 1.052rem + ((1vw - 3.2px) * 0.716), 26px);\">Ayn\u0131 \u015fekilde, bu iddian\u0131n emperyalistlerin masumca (\u2018hakl\u0131 olarak\u2019) \u2018Ukrayna\u2019n\u0131n egemenli\u011fini NATO silahlar\u0131yla savunduklar\u0131\u2019 (ABD\u2019nin otuz y\u0131ld\u0131r s\u00fcrekli olarak a\u015f\u0131nd\u0131rd\u0131\u011f\u0131 ve dokuz y\u0131l \u00f6nce tamamen gasp etti\u011fi bir egemenlik) iddialar\u0131ndan ne&nbsp;<em>fark\u0131 oldu\u011funu&nbsp;<\/em>sadece YKP a\u00e7\u0131klayabilir.<\/p>\n\n\n\n<p style=\"font-size:clamp(16.834px, 1.052rem + ((1vw - 3.2px) * 0.716), 26px);\">Lenin 1915\u2019te \u201csosyalistlerin teoride her sava\u015f\u0131n somut, tarihsel bir de\u011ferlendirmesini yapma gereklili\u011fini\u201d belirtmi\u015ftir.<a href=\"https:\/\/toplumcukurtulus.com\/202402\/emperyalizme-karsi-mucadele-ve-filistin-dosyasi\/#sdfootnote19sym\"><sup>19<\/sup><\/a>&nbsp;<\/p>\n\n\n\n<p style=\"font-size:clamp(16.834px, 1.052rem + ((1vw - 3.2px) * 0.716), 26px);\">Ancak YKP\u2019nin \u2018teorisyenleri\u2019 b\u00f6yle bir de\u011ferlendirme yapmad\u0131lar. Tarih d\u0131\u015f\u0131 iddialar\u0131n\u0131 destekleyecek hi\u00e7bir kan\u0131t olmadan sadece Birinci D\u00fcnya Sava\u015f\u0131 ile Ukrayna-Rusya sava\u015f\u0131n\u0131 benzetmeye \u00e7al\u0131\u015ft\u0131lar. &nbsp;<\/p>\n\n\n\n<p style=\"font-size:clamp(16.834px, 1.052rem + ((1vw - 3.2px) * 0.716), 26px);\">Rusya ekonomisinin \u2018emperyalist\u2019 olarak nitelendirilmesi i\u00e7in sistematik ve ayr\u0131nt\u0131l\u0131 bir kan\u0131t sunulmam\u0131\u015ft\u0131r, t\u0131pk\u0131 \u00c7in, Brezilya, Hindistan, hatta \u0130ran, Venez\u00fcella i\u00e7in \u00f6ne s\u00fcr\u00fclen ayn\u0131 iddiay\u0131 do\u011frulayacak sistematik, ayr\u0131nt\u0131l\u0131 bir kan\u0131t sunulmad\u0131\u011f\u0131 gibi.<\/p>\n\n\n\n<p style=\"font-size:clamp(16.834px, 1.052rem + ((1vw - 3.2px) * 0.716), 26px);\">Bu \u00fclkelerin sermaye ihra\u00e7 ederek, d\u00fcnyay\u0131 a\u015f\u0131r\u0131 s\u00f6m\u00fcrerek ve bu yolla elde ettikleri s\u00fcper k\u00e2rlar\u0131 kendi topraklar\u0131na geri g\u00f6ndererek nas\u0131l ya\u015fad\u0131klar\u0131n\u0131 g\u00f6steren somut, tarihsel bir de\u011ferlendirme yapmad\u0131lar.<\/p>\n\n\n\n<p style=\"font-size:clamp(16.834px, 1.052rem + ((1vw - 3.2px) * 0.716), 26px);\">Bu uluslar\u0131n bu t\u00fcr asalak faaliyetlerden \u2018kupon keserek\u2019 nas\u0131l ya\u015fad\u0131klar\u0131n\u0131 g\u00f6steren hi\u00e7bir kan\u0131t sunulmam\u0131\u015ft\u0131r. Bu \u00fclkelerin i\u015f\u00e7ilerine, bu t\u00fcr tekel k\u00e2rlar\u0131ndan elde edilen k\u0131r\u0131nt\u0131lar arac\u0131l\u0131\u011f\u0131yla sosyal bar\u0131\u015fa y\u00f6nelmeleri i\u00e7in nas\u0131l r\u00fc\u015fvet verildi\u011fini g\u00f6steren hi\u00e7bir kan\u0131t sunulmam\u0131\u015ft\u0131r.<\/p>\n\n\n\n<p style=\"font-size:clamp(16.834px, 1.052rem + ((1vw - 3.2px) * 0.716), 26px);\">Bug\u00fcne kadar YKP\u2019nin kendi g\u00fcl\u00fcn\u00e7 pozisyonunu savunmak i\u00e7in aktard\u0131\u011f\u0131 olgu ve rakamlar, safdilleri kand\u0131rmak i\u00e7in rastgele se\u00e7ilmi\u015ftir.<a href=\"https:\/\/toplumcukurtulus.com\/202402\/emperyalizme-karsi-mucadele-ve-filistin-dosyasi\/#sdfootnote20sym\"><sup>20<\/sup><\/a>&nbsp;<\/p>\n\n\n\n<p style=\"font-size:clamp(16.834px, 1.052rem + ((1vw - 3.2px) * 0.716), 26px);\">Bu, Marks, Engels ve Lenin\u2019in t\u00fcm eserlerinin ciddi \u015fekilde incelenmesi yerine Lenin\u2019den ba\u011flamdan kopuk geli\u015fig\u00fczel al\u0131nt\u0131lar se\u00e7me yapan bir y\u00f6ntemdir. Elbette 95 ciltten rastgele ve ba\u011flam\u0131ndan kopar\u0131lm\u0131\u015f birka\u00e7 al\u0131nt\u0131 herhangi bir \u015feyi kan\u0131tl\u0131yor gibi g\u00f6r\u00fcnebilir, ancak yaln\u0131zca samimiyetsiz sofistler bu \u015fekilde tart\u0131\u015f\u0131r.<\/p>\n\n\n\n<p style=\"font-size:clamp(16.834px, 1.052rem + ((1vw - 3.2px) * 0.716), 26px);\">Bu t\u00fcr ciddi iddialar\u0131 desteklemek i\u00e7in rastgele birka\u00e7 istatistik sunmak, Ukrayna sava\u015f\u0131n\u0131 t\u00fcm karma\u015f\u0131kl\u0131\u011f\u0131yla anlamak i\u00e7in anlaml\u0131 bir giri\u015fim de\u011fil, ger\u00e7e\u011fi gizleyen bir eklektizmdir; \u00f6nceden belirlenmi\u015f bir noktay\u0131 kan\u0131tlamak i\u00e7in internette \u2018kan\u0131t\u2019 araman\u0131n klasik bir \u00f6rne\u011fidir.<\/p>\n\n\n\n<p style=\"font-size:clamp(16.834px, 1.052rem + ((1vw - 3.2px) * 0.716), 26px);\">Bu t\u00fcr bir s\u00f6zde \u2018analiz\u2019, Lenin\u2019in Birinci D\u00fcnya Sava\u015f\u0131 s\u0131ras\u0131nda Georgy Plekhanov ve Karl Kautsky gibi bir d\u00f6nemin eski se\u00e7kin Marksistleri ele\u015ftirirken &nbsp;s\u00f6ylediklerini akla getirmektedir: Lenin \u015f\u00f6yle yazm\u0131\u015ft\u0131:&nbsp; <strong>\u201cMarksizm a\u00e7\u0131s\u0131ndan bak\u0131ld\u0131\u011f\u0131nda \u2026 sava\u015f\u0131n [ya da YKP \u00f6rne\u011finde bir ulusun ekonomisinin] somut tarihsel de\u011ferlendirmesini,&nbsp;<em>\u00fclkenin egemen s\u0131n\u0131flar\u0131n\u0131n ho\u015funa giden ya da uygun buldu\u011fu olgular\u0131n<\/em>, diplomatik \u2018belgelerden\u2019, g\u00fcncel siyasi geli\u015fmelerden vb. [ya da burjuva bas\u0131n kup\u00fcrlerinden] rastgele al\u0131nan&nbsp;<em>olgular\u0131n&nbsp;<\/em>rastgele&nbsp;<em>se\u00e7ilmesi<\/em>&nbsp;anlam\u0131na gelen bu t\u00fcr y\u00f6ntemlerin \u2018bilimsel\u2019 de\u011ferine sadece g\u00fcl\u00fcmseyebiliriz. Dahas\u0131, bilimsel emperyalizm kavram\u0131, s\u00f6z konusu iki emperyalistin [ya da ABD liderli\u011findeki NATO emperyalist blokunun] yak\u0131n rakiplerine,&nbsp;<em>rakiplerine ve kar\u015f\u0131tlar\u0131na y\u00f6neltilen bir t\u00fcr k\u00fcf\u00fcr s\u00f6zc\u00fc\u011f\u00fcne indirgenmi\u015ftir\u2026<\/em>\u201d<\/strong><a href=\"https:\/\/toplumcukurtulus.com\/202402\/emperyalizme-karsi-mucadele-ve-filistin-dosyasi\/#sdfootnote21sym\"><sup>21<\/sup><\/a><\/p>\n\n\n\n<p style=\"font-size:clamp(16.834px, 1.052rem + ((1vw - 3.2px) * 0.716), 26px);\"><strong>D\u00fcnya sava\u015flar\u0131 aras\u0131ndaki benzerlikler ve farkl\u0131l\u0131klar<\/strong><\/p>\n\n\n\n<p style=\"font-size:clamp(16.834px, 1.052rem + ((1vw - 3.2px) * 0.716), 26px);\">Ancak bir noktada YKP kesinlikle hakl\u0131: \u00dc\u00e7\u00fcnc\u00fc D\u00fcnya Sava\u015f\u0131n\u0131n ba\u015flang\u0131c\u0131 olarak an\u0131laca\u011f\u0131na \u015f\u00fcphe olmayan mevcut sava\u015f, t\u0131pk\u0131 Birinci ve \u0130kinci D\u00fcnya Sava\u015flar\u0131nda oldu\u011fu gibi, k\u00fcresel kapitalist ekonominin derin a\u015f\u0131r\u0131 \u00fcretim krizinin bir sonucu olacakt\u0131r. &nbsp;<\/p>\n\n\n\n<p style=\"font-size:clamp(16.834px, 1.052rem + ((1vw - 3.2px) * 0.716), 26px);\">1914\u2019te iki emperyalist blok kar\u015f\u0131 kar\u015f\u0131ya geldi ve d\u00fcnya topraklar\u0131ndan, pazarlar\u0131ndan kimin ne kadar pay almas\u0131 gerekti\u011fi konusunda sava\u015ft\u0131. Bu tamamen emperyalistler aras\u0131 bir sava\u015ft\u0131. Ve k\u00fcresel emperyalist sistemi \u00f6l\u00fcmc\u00fcl \u015fekilde zay\u0131flatarak tam da Lenin\u2019in \u00f6ng\u00f6rd\u00fc\u011f\u00fc gibi proleter devrim \u00e7a\u011f\u0131n\u0131 ba\u015flatt\u0131. Birinci D\u00fcnya Sava\u015f\u0131 do\u011frudan 1917 Ekim Devrimine yol a\u00e7t\u0131 ve k\u00fcresel kapitalist-emperyalist sistem o zamandan beri ipin ucunda ya\u015f\u0131yor.<\/p>\n\n\n\n<p style=\"font-size:clamp(16.834px, 1.052rem + ((1vw - 3.2px) * 0.716), 26px);\">1939\u2019da, d\u00fcnyan\u0131n \u00e7e\u015fitli b\u00f6lgelerinde (\u00f6rne\u011fin \u0130spanya ve \u00c7in) zaten s\u00fcrmekte olan sava\u015f, \u0130ngiliz emperyalizminin Almanya\u2019ya kar\u015f\u0131 sava\u015fa girmesiyle k\u00fcresel bir \u00e7at\u0131\u015fmaya d\u00f6n\u00fc\u015ft\u00fc. Bu da Almanya, Fransa ve \u0130ngiltere aras\u0131nda topraklar\u0131n ve kaynaklar\u0131n kontrol\u00fc \u00fczerine emperyalistler aras\u0131 bir \u00e7at\u0131\u015fmayd\u0131. Ancak Almanya\u2019n\u0131n SSCB\u2019yi i\u015fgali ve &nbsp;Sovyetlerin stratejik manevralarla ABD ve \u0130ngiltere\u2019yi bir ittifak kurmaya zorlamas\u0131, \u0130kinci D\u00fcnya Sava\u015f\u0131n\u0131n&nbsp;<em>niteli\u011fini<\/em>&nbsp;de\u011fi\u015ftirdi. Bu olaylar \u0130kinci D\u00fcnya Sava\u015f\u0131n\u0131 temel niteli\u011fi anti-fa\u015fist olan bir sava\u015fa d\u00f6n\u00fc\u015ft\u00fcrd\u00fc.<\/p>\n\n\n\n<p style=\"font-size:clamp(16.834px, 1.052rem + ((1vw - 3.2px) * 0.716), 26px);\">Bu temelde emperyalist \u00fclkelerdeki i\u015f\u00e7iler, fa\u015fist tehdidi yenmek ve Sovyet sosyalist anavatan\u0131 savunmak i\u00e7in y\u00f6neticileriyle ayn\u0131 safta sava\u015fmak \u00fczere seferber oldular. &nbsp;\u0130ngiltere, Fransa ve ABD emperyalist ama\u00e7lar\u0131n\u0131 s\u00fcrd\u00fcrmeye devam ettiler, ancak bu emperyalist ama\u00e7lar\u0131n\u0131, SSCB\u2019yi yok etmek isteyen Nazi Almanya\u2019s\u0131 ile birle\u015fmekten vazge\u00e7meye zorlanarak s\u00fcrd\u00fcrd\u00fcler.<\/p>\n\n\n\n<p style=\"font-size:clamp(16.834px, 1.052rem + ((1vw - 3.2px) * 0.716), 26px);\">Sonu\u00e7 olarak Sovyetler Birli\u011fi, kendisi i\u00e7in muazzam bir maliyetle, insanl\u0131\u011f\u0131n g\u00f6rd\u00fc\u011f\u00fc en b\u00fcy\u00fck sava\u015f makinesini yenmeyi, Avrupa\u2019n\u0131n b\u00fcy\u00fck b\u00f6l\u00fcm\u00fcn\u00fc \u00f6zg\u00fcrle\u015ftirmeyi ve sosyalizmin Avrupa ve Asya\u2019da yay\u0131lmas\u0131na muazzam bir ivme kazand\u0131rmay\u0131 ba\u015fard\u0131.<\/p>\n\n\n\n<p style=\"font-size:clamp(16.834px, 1.052rem + ((1vw - 3.2px) * 0.716), 26px);\">\u0130kinci D\u00fcnya Sava\u015f\u0131ndan sonra, eski Avrupa ve Japonya\u2019n\u0131n emperyal g\u00fc\u00e7leri \u00f6l\u00fcmc\u00fcl derecede zay\u0131flam\u0131\u015f, asker\u00ee ve teknolojik h\u00e2kimiyetlerini daha fazla s\u00fcrd\u00fcremez h\u00e2le gelmi\u015fken emperyalist g\u00fc\u00e7ler, ekonomisi, \u00fcretim kapasitesi ve asker\u00ee kabiliyeti Birinci ve \u0130kinci D\u00fcnya Sava\u015flar\u0131 taraf\u0131ndan zay\u0131flat\u0131lmak yerine g\u00fc\u00e7lendirilen tek emperyalist g\u00fc\u00e7 olan ABD\u2019nin koruyucu \u015femsiyesi alt\u0131nda bir araya geldiler.<\/p>\n\n\n\n<p style=\"font-size:clamp(16.834px, 1.052rem + ((1vw - 3.2px) * 0.716), 26px);\">ABD\u2019nin mali deste\u011fi ile asker\u00ee korumas\u0131 olmasayd\u0131, Avrupa ve Japonya\u2019n\u0131n emperyalistleri hayatta kalamazlard\u0131; ba\u015fkald\u0131ran i\u015f\u00e7iler taraf\u0131ndan m\u00fclks\u00fczle\u015ftirilir ve yerlerinden edilirlerdi ve sosyalizmin muzaffer y\u00fcr\u00fcy\u00fc\u015f\u00fc durdurulamazd\u0131.<\/p>\n\n\n\n<p style=\"font-size:clamp(16.834px, 1.052rem + ((1vw - 3.2px) * 0.716), 26px);\">Ancak tarih hi\u00e7bir zaman d\u00fcz bir \u00e7izgide ilerlemez. Hayat, 1940\u2019lar\u0131n kom\u00fcnist ve anti-emperyalist kurtulu\u015f sava\u015f\u00e7\u0131lar\u0131n\u0131n kendinden emin \u00f6ng\u00f6r\u00fclerine uygun geli\u015fmedi.<\/p>\n\n\n\n<p style=\"font-size:clamp(16.834px, 1.052rem + ((1vw - 3.2px) * 0.716), 26px);\">ABD\u2019nin yard\u0131m\u0131<a href=\"https:\/\/toplumcukurtulus.com\/202402\/emperyalizme-karsi-mucadele-ve-filistin-dosyasi\/#sdfootnote22sym\"><sup>22<\/sup><\/a>&nbsp;ve zay\u0131flam\u0131\u015f emperyalist g\u00fc\u00e7lerin kendi i\u015f\u00e7i s\u0131n\u0131flar\u0131na verdi\u011fi b\u00fcy\u00fck r\u00fc\u015fvetler<a href=\"https:\/\/toplumcukurtulus.com\/202402\/emperyalizme-karsi-mucadele-ve-filistin-dosyasi\/#sdfootnote23sym\"><sup>23<\/sup><\/a>&nbsp;bu zay\u0131flam\u0131\u015f olan emperyalist g\u00fc\u00e7lerin bir \u00f6l\u00e7\u00fcde toparlanmas\u0131n\u0131 sa\u011flad\u0131, \u00f6te yandan da Stalin sonras\u0131 SSCB\u2019nin ve onunla ittifak h\u00e2lindeki partilerin revizyonizmi sosyalizmin g\u00fcc\u00fcn\u00fcn ve prestijinin yava\u015f yava\u015f zay\u0131flamas\u0131na ve revizyonist Sovyet rejiminin nihai \u00e7\u00f6k\u00fc\u015f\u00fcne yol a\u00e7t\u0131.<\/p>\n\n\n\n<p style=\"font-size:clamp(16.834px, 1.052rem + ((1vw - 3.2px) * 0.716), 26px);\">D\u00fcnyan\u0131n ilk sosyalist devletinin ve Do\u011fu Avrupa\u2019n\u0131n halk demokrasilerinin \u00e7\u00f6z\u00fclmesi, bir kez daha ciddi bir k\u00fcresel a\u015f\u0131r\u0131 \u00fcretim kriziyle kar\u015f\u0131 kar\u015f\u0131ya kalan emperyalistler i\u00e7in hayati bir ana denk geldi. Sovyet ve Do\u011fu Avrupa halklar\u0131n\u0131n zenginlikleri ya\u011fmalan\u0131rken, d\u00fcnya kitleleri burjuva siyasetinin ve ekonomisinin Marksizm \u00fczerindeki g\u00f6r\u00fcn\u00fcr zaferi ile daha da demoralize olurken, ortaya \u00e7\u0131kan emperyalist ya\u011fma ziyafeti onlar\u0131 kurtard\u0131.<\/p>\n\n\n\n<p style=\"font-size:clamp(16.834px, 1.052rem + ((1vw - 3.2px) * 0.716), 26px);\">Ancak Sovyetler Birli\u011fi ve Avrupa halk demokrasileri \u00e7\u00f6z\u00fcl\u00fcrken sosyalizm ve antiemperyalizm d\u00fcnyadan yok olmad\u0131. \u00c7in, Kuzey Kore, Vietnam, Laos ve K\u00fcba b\u00fcy\u00fck bask\u0131lara ra\u011fmen sosyalist toplumlar\u0131n\u0131 savunmaya devam ettiler.<\/p>\n\n\n\n<p style=\"font-size:clamp(16.834px, 1.052rem + ((1vw - 3.2px) * 0.716), 26px);\">\u00d6zg\u00fcvenini yeniden kazanan emperyalist kamp\u0131n \u2018rejim de\u011fi\u015fikli\u011fi\u2019 operasyonlar\u0131 i\u00e7in hedef ald\u0131\u011f\u0131 \u00fclkeler muazzam bir direni\u015f g\u00f6sterdi. Kendisini emperyalizmin komprador ajanlar\u0131n\u0131n y\u00f6netmesine bir s\u00fcre ses <a>\u00e7\u0131karmayan Rusya aya\u011fa kalkt\u0131, \u00fclkenin komprador nitelikte olan liderli\u011fini ulusal-burjuva bir liderlikle de\u011fi\u015ftirdi ve bundan sonra geni\u015f kaynaklar\u0131n\u0131 kendi ama\u00e7lar\u0131 i\u00e7in kullanmaya, Sovyet kurucular\u0131 taraf\u0131ndan kendisine miras b\u0131rak\u0131lan teknolojik, asker\u00ee, e\u011fitimsel ve ekonomik temelden yararlanarak ulusal egemenlik hakk\u0131n\u0131 savunmaya karar verdi.<\/a><\/p>\n\n\n\n<p style=\"font-size:clamp(16.834px, 1.052rem + ((1vw - 3.2px) * 0.716), 26px);\">Yenilenen k\u00fcresel a\u015f\u0131r\u0131 \u00fcretim krizi kar\u015f\u0131s\u0131nda emperyalistler, mevcut ko\u015fullarda kendilerini ve sistemlerini kurtarmak i\u00e7in en iyi \u015fanslar\u0131n\u0131n ABD\u2019nin asker\u00ee ve ekonomik liderli\u011fi alt\u0131nda bir araya gelmek, birle\u015fik g\u00fc\u00e7lerini d\u00fcnyadaki ba\u015fl\u0131ca ba\u011f\u0131ms\u0131zl\u0131k ve egemenlik merkezleri olan Rusya ile \u00c7in\u2019i yok etmeye y\u00f6neltmek oldu\u011funa karar verdiler.<\/p>\n\n\n\n<p style=\"font-size:clamp(16.834px, 1.052rem + ((1vw - 3.2px) * 0.716), 26px);\">Bunu yaparken de SSCB\u2019nin \u00e7\u00f6k\u00fc\u015f\u00fcnden sonra ya\u015fad\u0131klar\u0131 ya\u011fma karnaval\u0131n\u0131 tekrarlamay\u0131 umuyorlar. Rusya ve \u00c7in\u2019i par\u00e7alara ay\u0131rmak, halklar\u0131na ba\u015f e\u011fdirmek ve bu iki \u00fclkenin hat\u0131r\u0131 say\u0131l\u0131r kaynaklar\u0131n\u0131 ya\u011fmalamak istiyorlar. \u00d6yleyse \u00dc\u00e7\u00fcnc\u00fc D\u00fcnya Sava\u015f\u0131n\u0131n esas olarak emperyalizm<a href=\"https:\/\/toplumcukurtulus.com\/202402\/emperyalizme-karsi-mucadele-ve-filistin-dosyasi\/#sdfootnote24sym\"><sup>24<\/sup><\/a>&nbsp;ve antiemperyalizm kamplar\u0131 aras\u0131ndaki bir \u00e7at\u0131\u015fma ile nitelenece\u011fini \u00f6ng\u00f6rebiliriz.<\/p>\n\n\n\n<p style=\"font-size:clamp(16.834px, 1.052rem + ((1vw - 3.2px) * 0.716), 26px);\">D\u00fcnya i\u015f\u00e7ileri anti-emperyalist kamp\u0131n zaferini ve emperyalistlerin yenilgisini sa\u011flayarak her \u015feyi kazanabilirler; bu zafer gezegendeki tekelci kapitalizmin t\u00fcm yap\u0131s\u0131na bir \u00e7eki\u00e7 darbesi ve b\u00f6ylece d\u00fcnyan\u0131n her k\u00f6\u015fesinde sosyalist devrime do\u011fru dev bir ad\u0131m olacakt\u0131r.<\/p>\n\n\n\n<p style=\"font-size:clamp(16.834px, 1.052rem + ((1vw - 3.2px) * 0.716), 26px);\">Bu anlay\u0131\u015f\u0131 savunurken D\u00fcnya Anti-emperyalist Platformundaki yolda\u015flar\u0131m\u0131z \u2018sosyal-\u015fovenizm\u2019 su\u00e7uyla; bir y\u00fczy\u0131l \u00f6nce sosyal-demokratlar\u0131n \u00e7ok k\u00f6t\u00fc \u015fekilde yapt\u0131\u011f\u0131 gibi, bir emperyalist g\u00fcc\u00fcn di\u011ferine kar\u015f\u0131 zaferini istemekle su\u00e7land\u0131lar.<\/p>\n\n\n\n<p style=\"font-size:clamp(16.834px, 1.052rem + ((1vw - 3.2px) * 0.716), 26px);\">Ancak biraz d\u00fc\u015f\u00fcnmek YKP taraf\u0131ndan kurulan bu paralelli\u011fin ne kadar bo\u015f oldu\u011funu ortaya \u00e7\u0131karacakt\u0131r. Britanya, Fransa, \u0130talya ve ABD\u2019deki kom\u00fcnistlerin&nbsp;<em>NATO emperyalizminin yenilgiye u\u011frat\u0131lmas\u0131<\/em>&nbsp;\u00e7a\u011fr\u0131s\u0131, i\u015f\u00e7ileri&nbsp;<em>kendi y\u00f6neticilerinin imparatorluklar\u0131n\u0131 savunmak i\u00e7in&nbsp;<\/em>sava\u015fmaya seferber eden 1914 sosyal-demokratlar\u0131n\u0131n ihanetiyle bir tutulamaz.<\/p>\n\n\n\n<p style=\"font-size:clamp(16.834px, 1.052rem + ((1vw - 3.2px) * 0.716), 26px);\"><strong>Sava\u015f ve D\u00fcnya sosyalist ak\u0131m\u0131nda b\u00f6l\u00fcnme<\/strong><\/p>\n\n\n\n<p style=\"font-size:clamp(16.834px, 1.052rem + ((1vw - 3.2px) * 0.716), 26px);\">YKP\u2019nin 1914 ile yapt\u0131\u011f\u0131 benzetme sadece bir a\u00e7\u0131dan do\u011frudur. &nbsp;Birinci D\u00fcnya Sava\u015f\u0131n\u0131n patlak vermesi, sava\u015fa giden \u2018bar\u0131\u015f\u00e7\u0131l\u2019 on y\u0131llar boyunca&nbsp;<em>sosyalist harekette geli\u015fmekte olan derin b\u00f6l\u00fcnmeyi ortaya \u00e7\u0131kard\u0131.<\/em>&nbsp;Lenin, Rusya\u2019da i\u015f\u00e7i s\u0131n\u0131f\u0131n\u0131n sosyalizm m\u00fccadelesini geli\u015ftirirken hareketimizin oport\u00fcnist kanad\u0131n\u0131n \u00e7\u00fcr\u00fcm\u00fc\u015fl\u00fc\u011f\u00fcn\u00fc te\u015fhir etmeye ve buna kar\u015f\u0131 \u00e7\u0131kmaya ve her \u00fclkeden devrimci kesimleri ortak bir m\u00fccadelede bir araya getirmeye b\u00fcy\u00fck \u00f6nem verdi.<\/p>\n\n\n\n<p style=\"font-size:clamp(16.834px, 1.052rem + ((1vw - 3.2px) * 0.716), 26px);\">1915\u2019teki Zimmerwald konferans\u0131nda ba\u015flat\u0131lan bu \u00e7al\u0131\u015fma, Bol\u015feviklerin 1917\u2019deki ba\u015far\u0131s\u0131n\u0131n temel ta\u015flar\u0131ndan biriydi. D\u00fcnya kom\u00fcnist hareketi ile d\u00fcnya i\u015f\u00e7ilerine b\u00fcy\u00fck ba\u015far\u0131yla k\u0131lavuzluk eden devrimci \u00dc\u00e7\u00fcnc\u00fc Enternasyonalin (Komintern\u2019in) olu\u015fumunu sa\u011flad\u0131.<\/p>\n\n\n\n<p style=\"font-size:clamp(16.834px, 1.052rem + ((1vw - 3.2px) * 0.716), 26px);\"><em>Ukrayna\u2019daki mevcut sava\u015f da ayn\u0131 \u015fekilde d\u00fcnya \u00e7ap\u0131nda bir \u00e7izgi \u00e7izdi ve sosyalist harekette derin bir b\u00f6l\u00fcnmeyi ortaya \u00e7\u0131kard\u0131.<\/em> Anti-emperyalist Platform, Yolda\u015f Lenin\u2019in bize sundu\u011fu b\u00fcy\u00fck \u00f6rne\u011fi takip etme konusunda her t\u00fcrl\u00fc niyete sahiptir. Yolda\u015f Lenin\u2019den, d\u00fcnya ekonomik krizinin ve sava\u015f\u0131n\u0131n ya\u015fand\u0131\u011f\u0131 bir d\u00f6nemde, emperyalistlerin \u00f6fkeyi ba\u015fka y\u00f6ne \u00e7ekmek ve s\u00f6m\u00fcr\u00fclen kitlelerin akl\u0131n\u0131 kar\u0131\u015ft\u0131rmak i\u00e7in m\u00fcmk\u00fcn olan her \u015feyi yapt\u0131\u011f\u0131 bir zamanda devrimci ideoloji i\u00e7in m\u00fccadele etmenin hayati \u00f6nemini \u00f6\u011frendik.<\/p>\n\n\n\n<p style=\"font-size:clamp(16.834px, 1.052rem + ((1vw - 3.2px) * 0.716), 26px);\">Her yerdeki i\u015f\u00e7iler ve ezilen halklar \u015funu anlas\u0131n: bu soyut bir masa ba\u015f\u0131 veya k\u00fcrs\u00fc teorisyenli\u011fi sorunu de\u011fil, pratik faaliyetlerimizin almas\u0131 gereken bi\u00e7imi belirlememize olanak sa\u011flamak \u00fczere somut ko\u015fullar\u0131m\u0131z\u0131n do\u011fru anla\u015f\u0131lmas\u0131 i\u00e7in verilen bir m\u00fccadeledir.<\/p>\n\n\n\n<p style=\"font-size:clamp(16.834px, 1.052rem + ((1vw - 3.2px) * 0.716), 26px);\"><em>Ve bu pratik \u00e7al\u0131\u015fma, uluslararas\u0131 sosyalist hareketimiz ve insanl\u0131k i\u00e7in bir \u00f6l\u00fcm kal\u0131m meselesidir.<\/em>&nbsp;Hi\u00e7 ku\u015fkumuz olmas\u0131n: emperyalist kamp\u0131n anti-emperyalist \u00fclkelere kar\u015f\u0131 zaferi, beraberinde getirece\u011fi t\u00fcm sefalet, \u00f6l\u00fcm ve y\u0131k\u0131mla birlikte, kurtulu\u015f ve sosyalizm davas\u0131n\u0131 20, 30 hatta 40 y\u0131l geriye g\u00f6t\u00fcrecektir.<\/p>\n\n\n\n<p style=\"font-size:clamp(16.834px, 1.052rem + ((1vw - 3.2px) * 0.716), 26px);\">\u0130\u015fte bu nedenle, kendilerini i\u015f\u00e7i s\u0131n\u0131f\u0131 hareketi i\u00e7inde \u201cemperyalist ideolojinin ajanlar\u0131na\u201d d\u00f6n\u00fc\u015ft\u00fcren YKP ve benzerlerinin \u00e7\u00fcr\u00fcm\u00fc\u015f teorilerini ve faaliyetlerini te\u015fhir etmeli ve bunlara kar\u015f\u0131 \u00e7\u0131kmal\u0131y\u0131z.<a href=\"https:\/\/toplumcukurtulus.com\/202402\/emperyalizme-karsi-mucadele-ve-filistin-dosyasi\/#sdfootnote25sym\"><sup>25<\/sup><\/a><\/p>\n\n\n\n<p style=\"font-size:clamp(16.834px, 1.052rem + ((1vw - 3.2px) * 0.716), 26px);\">Bu nedenle anti-emperyalist g\u00fc\u00e7leri birle\u015ftirmek i\u00e7in elimizden gelen her \u015feyi yapmal\u0131, tarihin bu kritik an\u0131nda kimlerin dost, kimlerin d\u00fc\u015fman oldu\u011funu tespit edebilmeleri i\u00e7in onlara do\u011fru bir anlay\u0131\u015f kazand\u0131rmal\u0131; b\u00f6ylece yakla\u015fan kritik sava\u015flarda zafere ula\u015fmak i\u00e7in m\u00fcmk\u00fcn olan en g\u00fc\u00e7l\u00fc ittifak\u0131 kurabilmelerini sa\u011flamal\u0131y\u0131z. Uluslararas\u0131 kom\u00fcnist hareket sorununa ili\u015fkin son bir noktay\u0131 da belirtmek gerekir. YKP\u2019ye sald\u0131rarak \u2018hareketi b\u00f6lmekle\u2019 su\u00e7lan\u0131yoruz.&nbsp;<em>Ancak biz b\u00fct\u00fcn olmayan bir \u015feyi b\u00f6lemeyiz<\/em>. &nbsp;Uluslararas\u0131 sosyalist hareketimiz zaten derin \u015fekilde b\u00f6l\u00fcnm\u00fc\u015f durumda. Asl\u0131nda onlarca y\u0131ld\u0131r da b\u00f6l\u00fcnm\u00fc\u015f durumda.<\/p>\n\n\n\n<p style=\"font-size:clamp(16.834px, 1.052rem + ((1vw - 3.2px) * 0.716), 26px);\">Mevcut sava\u015f sadece genel olarak hareketimiz i\u00e7indeki derin b\u00f6l\u00fcnmeyi de\u011fil, ayn\u0131 zamanda YKP etraf\u0131nda k\u00fcmelenen partiler grubunun mutlak \u00e7\u00fcr\u00fcm\u00fc\u015fl\u00fc\u011f\u00fcn\u00fc ve bu t\u00fcr unsurlarla -kendilerini a\u00e7\u0131k\u00e7a emperyalist kamp\u0131n yan\u0131nda g\u00f6steren bireyler ve \u00f6rg\u00fctlerle- \u2018birli\u011fi\u2019 korumaya \u00e7al\u0131\u015fman\u0131n i\u015f\u00e7i s\u0131n\u0131f\u0131na yararl\u0131 bir \u015fey getirmesini beklemenin bo\u015f bir beklenti oldu\u011funu da ortaya \u00e7\u0131karm\u0131\u015ft\u0131r.<\/p>\n\n\n\n<p style=\"font-size:clamp(16.834px, 1.052rem + ((1vw - 3.2px) * 0.716), 26px);\">Bir kez daha, Lenin\u2019in Birinci D\u00fcnya Sava\u015f\u0131 s\u0131ras\u0131nda \u0130kinci Enternasyonal liderlerinin \u00e7o\u011funlu\u011funun ihanetlerini ve \u00e7\u00fcr\u00fcm\u00fc\u015fl\u00fc\u011f\u00fcn\u00fc tan\u0131mlarken s\u00f6yledi\u011fi s\u00f6zleri hat\u0131rl\u0131yoruz: \u201c[Sosyal demokrat liderlerin&nbsp;<em>devrimci s\u00f6zleri ile oport\u00fcnist eylemleri<\/em>&nbsp;aras\u0131ndaki] bu \u00e7eli\u015fki, patlamas\u0131 gereken bir \u00e7\u0131band\u0131 ve patlad\u0131 da.\u201d<\/p>\n\n\n\n<p style=\"font-size:clamp(16.834px, 1.052rem + ((1vw - 3.2px) * 0.716), 26px);\">\u201cKautsky ve arkada\u015flar\u0131n\u0131n yapt\u0131\u011f\u0131 gibi, (irinle) \u2018birlik\u2019 u\u011fruna irini v\u00fccuda geri sokmaya \u00e7al\u0131\u015fmaya de\u011fer mi, yoksa i\u015f\u00e7i hareketinin v\u00fccudunun tamamen iyile\u015fmesine yard\u0131mc\u0131 olmak i\u00e7in, s\u00fcrecin neden oldu\u011fu ac\u0131ya ald\u0131rmaks\u0131z\u0131n, irin m\u00fcmk\u00fcn oldu\u011funca h\u0131zl\u0131 ve derinlemesine \u00e7\u0131kar\u0131lmal\u0131 m\u0131?\u201d<a href=\"https:\/\/toplumcukurtulus.com\/202402\/emperyalizme-karsi-mucadele-ve-filistin-dosyasi\/#sdfootnote26sym\"><sup>26<\/sup><\/a><\/p>\n\n\n\n<p style=\"font-size:clamp(16.834px, 1.052rem + ((1vw - 3.2px) * 0.716), 26px);\">Ayr\u0131ca: \u201cD\u00fcnya \u00e7ap\u0131nda i\u015f\u00e7i ve sosyalist hareketlerdeki b\u00f6l\u00fcnme oldu\u011fu bir ger\u00e7ektir. Sava\u015f konusunda uzla\u015fmaz iki takti\u011fe ve iki politikaya sahibiz. Bu ger\u00e7e\u011fe g\u00f6zlerinizi kapatmak g\u00fcl\u00fcn\u00e7t\u00fcr. Uzla\u015fmaz olan\u0131 uzla\u015ft\u0131rmaya y\u00f6nelik herhangi bir giri\u015fim t\u00fcm \u00e7al\u0131\u015fmalar\u0131m\u0131z\u0131 bo\u015fa \u00e7\u0131karacakt\u0131r.\u201d<a href=\"https:\/\/toplumcukurtulus.com\/202402\/emperyalizme-karsi-mucadele-ve-filistin-dosyasi\/#sdfootnote27sym\"><sup>27<\/sup><\/a><\/p>\n\n\n\n<p style=\"font-size:clamp(16.834px, 1.052rem + ((1vw - 3.2px) * 0.716), 26px);\">YKP &nbsp;i\u00e7i bo\u015f \u2018s\u0131n\u0131f dayan\u0131\u015fmas\u0131\u2019 s\u00f6ylemine sar\u0131l\u0131yor, \u2018Leninizm\u2019 ve ger\u00e7ekle\u015ftirmek i\u00e7in hi\u00e7bir pratik programa sahip olmad\u0131\u011f\u0131 gelecekteki bir devrim hakk\u0131nda bo\u015f bo\u015f konu\u015furken, YKP ve benzerleri taraf\u0131ndan ya g\u00f6rmezden gelinen ya da k\u0131nanan&nbsp;<em>ger\u00e7ek bir devrimci kriz&nbsp;<\/em>geli\u015fmekte ve t\u00fcm d\u00fcnyaya yay\u0131lmaktad\u0131r.<\/p>\n\n\n\n<p style=\"font-size:clamp(16.834px, 1.052rem + ((1vw - 3.2px) * 0.716), 26px);\">Bu ger\u00e7ek devrimci krizin k\u00f6k\u00fc k\u00fcresel kapitalist-emperyalist ekonominin a\u015f\u0131r\u0131 \u00fcretim krizindedir ve ekonomik krizin tetikledi\u011fi sava\u015f d\u00fcrt\u00fcs\u00fc krizin geli\u015fimini h\u0131zland\u0131rmaktad\u0131r.<\/p>\n\n\n\n<p style=\"font-size:clamp(16.834px, 1.052rem + ((1vw - 3.2px) * 0.716), 26px);\">\u015eu an, kenarda durup harekete ge\u00e7meye \u00e7al\u0131\u015fan herkese parmak sallama zaman\u0131 olmad\u0131\u011f\u0131 gibi, uzla\u015fmaz olan\u0131 uzla\u015ft\u0131rmaya \u00e7al\u0131\u015fma zaman\u0131 da de\u011fildir.<\/p>\n\n\n\n<p style=\"font-size:clamp(16.834px, 1.052rem + ((1vw - 3.2px) * 0.716), 26px);\">Sosyalistlerin g\u00f6revi, ABD liderli\u011findeki NATO blokunun, d\u00fcnya i\u015f\u00e7ileri pahas\u0131na kana bulanm\u0131\u015f sistemini kurtarmaya \u00e7al\u0131\u015ft\u0131\u011f\u0131n\u0131 a\u00e7\u0131k\u00e7a ve korkusuzca anlatmakt\u0131r. Ezilen \u00fclkelerin, ba\u011f\u0131ms\u0131z ve sosyalist \u00fclkelerin bu sald\u0131r\u0131ya direnmek i\u00e7in giderek daha fazla bir araya geldi\u011fini ve bu hareketin m\u00fcmk\u00fcn olan her \u015fekilde memnuniyetle kar\u015f\u0131lanmas\u0131, desteklenmesi ve geli\u015ftirilmesi gerekti\u011fini anlatmakt\u0131r.<\/p>\n\n\n\n<p style=\"font-size:clamp(16.834px, 1.052rem + ((1vw - 3.2px) * 0.716), 26px);\">Lenin\u2019in dedi\u011fi gibi: \u201cSava\u015f insanlara korkun\u00e7 ac\u0131lar \u00e7ektirir, ancak gelecekten umudumuzu kesmemeliyiz ve bunun i\u00e7in hi\u00e7bir nedenimiz yok.\u201d<a href=\"https:\/\/toplumcukurtulus.com\/202402\/emperyalizme-karsi-mucadele-ve-filistin-dosyasi\/#sdfootnote28sym\"><sup>28<\/sup><\/a><\/p>\n\n\n\n<p style=\"font-size:clamp(16.834px, 1.052rem + ((1vw - 3.2px) * 0.716), 26px);\">\u00d6n\u00fcm\u00fczdeki \u00e7at\u0131\u015fmalar ku\u015fkusuz zor olacak; ku\u015fkusuz her yerdeki i\u015f\u00e7iler ve ezilen halklar i\u00e7in \u00e7ok fazla m\u00fccadele ve fedak\u00e2rl\u0131k gerektirecek. Ancak di\u011fer tarafta bizi bekleyen parlak bir gelecek var; yeter ki kendimizi \u00e7\u00f6kmekte olan, asalak, can \u00e7eki\u015fen emperyalist d\u00fcnya d\u00fczenine kar\u015f\u0131 kesin bir zafer kazanmaya t\u00fcm kalbimizle adamaya haz\u0131r olal\u0131m.<\/p>\n\n\n\n<div class=\"wp-block-stackable-divider stk-block-divider stk-block stk-ef64669 is-style-bar\" data-block-id=\"ef64669\"><hr class=\"stk-block-divider__hr\"\/><\/div>\n\n\n\n<p style=\"font-size:clamp(16.834px, 1.052rem + ((1vw - 3.2px) * 0.716), 26px);\"><a href=\"https:\/\/toplumcukurtulus.com\/202402\/emperyalizme-karsi-mucadele-ve-filistin-dosyasi\/#sdfootnote1anc\"><em>1<\/em><\/a><em>\u2003\u0130MEC: Hindistan-Orta Do\u011fu-Avrupa Ekonomik Koridoru projesi<\/em><\/p>\n\n\n\n<p style=\"font-size:clamp(16.834px, 1.052rem + ((1vw - 3.2px) * 0.716), 26px);\"><a href=\"https:\/\/toplumcukurtulus.com\/202402\/emperyalizme-karsi-mucadele-ve-filistin-dosyasi\/#sdfootnote2anc\"><em>2<\/em><\/a><em>\u2003Paris Deklarasyonu, 15 Ekim 2022, wap21.org adresinde yay\u0131nlanm\u0131\u015ft\u0131r.<\/em><\/p>\n\n\n\n<p style=\"font-size:clamp(16.834px, 1.052rem + ((1vw - 3.2px) * 0.716), 26px);\"><a href=\"https:\/\/toplumcukurtulus.com\/202402\/emperyalizme-karsi-mucadele-ve-filistin-dosyasi\/#sdfootnote3anc\"><em>3<\/em><\/a><em>\u2003\u00d6zellikle YKP eski genel sekreteri Aleksandra Papariga\u2019n\u0131n \u015fu iddias\u0131na dikkat ediniz: \u201c20. y\u00fczy\u0131l\u0131n sonunda, d\u00fcnya sava\u015f\u0131ndan sonra olu\u015ftuklar\u0131 \u015fekliyle \u00fc\u00e7 emperyalist merkez vard\u0131: daha sonra Avrupa Birli\u011fine d\u00f6n\u00fc\u015fen Avrupa Ekonomik Toplulu\u011fu, ABD ve Japonya. Bug\u00fcn emperyalist merkezlerin say\u0131s\u0131 artarken Rusya merkezli ittifak, \u015eanghay ittifak\u0131, Brezilya, Rusya, Hindistan, \u00c7in, G\u00fcney Afrika (BR\u0130CS) ittifak\u0131, Latin Amerika \u00fclkeleri ittifak\u0131 gibi yeni ittifak bi\u00e7imleri de ortaya \u00e7\u0131kt\u0131: Alba, Mercosur vs.\u201d (Emperyalizm \u00fczerine \u2013 emperyalist piramit. El Machete\u2019de (Meksika KP\u2019sinin teorik ve siyasi dergisi) yay\u0131nland\u0131, Nisan 2013)<\/em><\/p>\n\n\n\n<p style=\"font-size:clamp(16.834px, 1.052rem + ((1vw - 3.2px) * 0.716), 26px);\"><a href=\"https:\/\/toplumcukurtulus.com\/202402\/emperyalizme-karsi-mucadele-ve-filistin-dosyasi\/#sdfootnote4anc\"><em>4<\/em><\/a><em>\u2003Bkz. \u00f6rne\u011fin, S\u00f6zde D\u00fcnya Antiemperyalist Platformu ve Onun Zarar Verici ve Y\u00f6n Sapt\u0131r\u0131c\u0131 Konumu \u00dczerine. YKP\u2019nin Uluslararas\u0131 \u0130li\u015fkiler B\u00f6l\u00fcm\u00fcn\u00fcn yaz\u0131s\u0131, 1 Nisan 2023.<\/em><\/p>\n\n\n\n<p style=\"font-size:clamp(16.834px, 1.052rem + ((1vw - 3.2px) * 0.716), 26px);\"><a href=\"https:\/\/toplumcukurtulus.com\/202402\/emperyalizme-karsi-mucadele-ve-filistin-dosyasi\/#sdfootnote5anc\"><em>5<\/em><\/a><em>\u2003Emperyalizm \u00fczerine \u2013 emperyalist piramit. Aleksandra Papariga, Nisan 2013.<\/em><\/p>\n\n\n\n<p style=\"font-size:clamp(16.834px, 1.052rem + ((1vw - 3.2px) * 0.716), 26px);\"><a href=\"https:\/\/toplumcukurtulus.com\/202402\/emperyalizme-karsi-mucadele-ve-filistin-dosyasi\/#sdfootnote6anc\"><em>6<\/em><\/a><em>\u2003YKP, The Agrarian Question in Greece, 1980, aktaran Ed: G Cox, P Lowe, M Winter, Agriculture: People and Policies, 1986, b\u00f6l\u00fcm 2, Capitalism, petty commodity production and the farm enterprise by D Goodman and M Redclift.<\/em><\/p>\n\n\n\n<p style=\"font-size:clamp(16.834px, 1.052rem + ((1vw - 3.2px) * 0.716), 26px);\"><a href=\"https:\/\/toplumcukurtulus.com\/202402\/emperyalizme-karsi-mucadele-ve-filistin-dosyasi\/#sdfootnote7anc\"><em>7<\/em><\/a><em>\u2003Karl Radek\u2019in (Parabellum) emperyalizmin ulusal sorunu gereksiz h\u00e2le getirdi\u011fi \u00f6nermesini \u00e7\u00fcr\u00fcten Lenin Devrimci Proletarya ve Uluslar\u0131n Kendi Kaderini Tayin Hakk\u0131 ba\u015fl\u0131kl\u0131 makalesinde, herhangi bir kom\u00fcnist program\u0131n odak noktas\u0131n\u0131n \u201cemperyalizmin \u00f6z\u00fcn\u00fc olu\u015fturan ve sosyal-\u015fovenistlerle Kautsky taraf\u0131ndan aldat\u0131c\u0131 \u015fekilde ge\u00e7i\u015ftirilen d\u00fcnya uluslar\u0131n\u0131n ezen ve ezilen olarak b\u00f6l\u00fcnmesi olmas\u0131 gerekti\u011fini\u201d vurgulam\u0131\u015ft\u0131r. \u201cBunu, sosyalizm i\u00e7in verdi\u011fimiz devrimci m\u00fccadeleden ba\u011f\u0131ms\u0131z olarak de\u011fil, bu m\u00fccadele ulusal sorun da dahil olmak \u00fczere demokrasinin t\u00fcm sorunlar\u0131na devrimci bir yakla\u015f\u0131mla ba\u011flanmad\u0131\u011f\u0131 takdirde i\u00e7i bo\u015f bir ifade olarak kalaca\u011f\u0131 i\u00e7in talep ediyoruz.\u201d (Ekim 1915)<\/em><\/p>\n\n\n\n<p style=\"font-size:clamp(16.834px, 1.052rem + ((1vw - 3.2px) * 0.716), 26px);\"><a href=\"https:\/\/toplumcukurtulus.com\/202402\/emperyalizme-karsi-mucadele-ve-filistin-dosyasi\/#sdfootnote8anc\"><em>8<\/em><\/a><em>\u20031915\u2019in ilerleyen d\u00f6nemlerinde Lenin yine \u015f\u00f6yle yazm\u0131\u015ft\u0131r: \u201cEmperyalizm, uluslar\u0131n ezenler ve ezilenler olarak b\u00f6l\u00fcnmesinin esas ve tipik oldu\u011fu \u00e7a\u011fd\u0131r.\u201d (Bar\u0131\u015f Program\u0131, Mart 1916) Ger\u00e7ekten de, emperyalist sistemin temel \u00f6z\u00fcne ili\u015fkin bu anlay\u0131\u015f, Bol\u015feviklerin ba\u015far\u0131l\u0131 devrimci strateji ve taktiklerinin merkezinde yer al\u0131yordu.<\/em><\/p>\n\n\n\n<p style=\"font-size:clamp(16.834px, 1.052rem + ((1vw - 3.2px) * 0.716), 26px);\"><a href=\"https:\/\/toplumcukurtulus.com\/202402\/emperyalizme-karsi-mucadele-ve-filistin-dosyasi\/#sdfootnote9anc\"><em>9<\/em><\/a><em>\u2003\u201dYKP\u2019nin emperyalizm ve emperyalist piramit \u00fczerine Leninist yakla\u015f\u0131m\u0131\u201d. YKP\u2019nin, Rusya Kom\u00fcnist \u0130\u015f\u00e7i Partisi\u2019nin \u2018Lenin ve G\u00fcn\u00fcm\u00fcz D\u00fcnyas\u0131\u2019 konulu dokuzuncu uluslararas\u0131 konferans\u0131nda yapt\u0131\u011f\u0131 sunum, 2013.<\/em><\/p>\n\n\n\n<p style=\"font-size:clamp(16.834px, 1.052rem + ((1vw - 3.2px) * 0.716), 26px);\"><a href=\"https:\/\/toplumcukurtulus.com\/202402\/emperyalizme-karsi-mucadele-ve-filistin-dosyasi\/#sdfootnote10anc\"><em>10<\/em><\/a><em>\u2003 Lenin, Emperyalizm, Kapitalizmin En Y\u00fcksek A\u015famas\u0131, 1916, b\u00f6l\u00fcm 9.<\/em><\/p>\n\n\n\n<p style=\"font-size:clamp(16.834px, 1.052rem + ((1vw - 3.2px) * 0.716), 26px);\"><a href=\"https:\/\/toplumcukurtulus.com\/202402\/emperyalizme-karsi-mucadele-ve-filistin-dosyasi\/#sdfootnote11anc\"><em>11<\/em><\/a><em>\u2003Buna kar\u015f\u0131l\u0131k, YKP \u015funu savunuyor: \u201cAfrika\u2019daki, Avrasya ve Orta Do\u011fu b\u00f6lgelerindeki durum, kendi yay\u0131lmac\u0131 siyasi \u00e7izgilerini y\u00fcr\u00fctme kabiliyetine sahip olup olmad\u0131klar\u0131na bak\u0131lmaks\u0131z\u0131n, t\u00fcm kapitalist \u00fclkelerin uluslararas\u0131 emperyalist sisteme dahil oldu\u011fu ger\u00e7e\u011fini ortaya koymaktad\u0131r\u201d. (A. Papariga, a.g.e.)<\/em><\/p>\n\n\n\n<p style=\"font-size:clamp(16.834px, 1.052rem + ((1vw - 3.2px) * 0.716), 26px);\"><a href=\"https:\/\/toplumcukurtulus.com\/202402\/emperyalizme-karsi-mucadele-ve-filistin-dosyasi\/#sdfootnote12anc\"><em>12<\/em><\/a><em>\u2003Revizyonist kom\u00fcnist partiler, sava\u015f sonras\u0131 d\u00f6nemden beri sosyal demokrasinin sol kanad\u0131na s\u0131k\u0131 s\u0131k\u0131ya ba\u011fl\u0131d\u0131r. O zamandan bug\u00fcne, i\u015f\u00e7ileri devrimci yoldan uzakla\u015ft\u0131rmak, burjuva siyasetinin kamusal y\u00fcz\u00fcn\u00fcn (kapal\u0131 kap\u0131lar ard\u0131nda devam eden ger\u00e7ek \u00fclke y\u00f6netme i\u015finin aksine) temel i\u015flevi olmu\u015ftur. Avrupa Birli\u011fi, devasa kaynaklara sahip emperyalist bir olu\u015fum olarak Avrupa\u2019n\u0131n i\u015f\u00e7i s\u0131n\u0131f\u0131 partilerinin yozla\u015ft\u0131r\u0131lmas\u0131 i\u00e7in mevcut fonlar\u0131 ve \u00f6rg\u00fctsel mekanizmalar\u0131 b\u00fcy\u00fctm\u00fc\u015ft\u00fcr.<\/em><\/p>\n\n\n\n<p style=\"font-size:clamp(16.834px, 1.052rem + ((1vw - 3.2px) * 0.716), 26px);\"><a href=\"https:\/\/toplumcukurtulus.com\/202402\/emperyalizme-karsi-mucadele-ve-filistin-dosyasi\/#sdfootnote13anc\"><em>13<\/em><\/a><em>\u2003Oport\u00fcnizm: Ger\u00e7ek ya da alg\u0131lanan, siyasi ya da ki\u015fisel, k\u0131sa vadeli kazan\u00e7lar i\u00e7in hareketin uzun vadeli \u00e7\u0131karlar\u0131n\u0131n sat\u0131lmas\u0131: \u201cOport\u00fcnizm, burjuvazinin proletarya \u00fczerindeki etkisinin bir tezah\u00fcr\u00fcd\u00fcr.\u201d (Oport\u00fcnizm ve \u0130kinci Enternasyonalin \u00c7\u00f6k\u00fc\u015f\u00fc, V.\u0130. Lenin, Aral\u0131k 1915)<\/em><\/p>\n\n\n\n<p style=\"font-size:clamp(16.834px, 1.052rem + ((1vw - 3.2px) * 0.716), 26px);\"><a href=\"https:\/\/toplumcukurtulus.com\/202402\/emperyalizme-karsi-mucadele-ve-filistin-dosyasi\/#sdfootnote14anc\"><em>14<\/em><\/a><em>\u2003\u2018D\u00fcnya Antiemperyalist Platformu\u2019-\u2019Antiemperyalist\u2019 Kisveli Oport\u00fcnistler. Ad\u0131n\u0131 verdi\u011fimiz bu makale Almanya\u2019daki K\u00d6\u2019n\u00fcn ( <\/em><em><strong>Kommunistische Organisation)<\/strong><\/em><em> uluslararas\u0131 komisyonu taraf\u0131ndan yaz\u0131lm\u0131\u015ft\u0131r, 6 May\u0131s 2023. (Almanya\u2019daki K\u00d6 yakla\u015f\u0131k 18 ay \u00f6nce iki par\u00e7aya b\u00f6l\u00fcnd\u00fc. Bir k\u0131sm\u0131 \u015fu anda emperyalizm anlay\u0131\u015f\u0131n\u0131 netle\u015ftirirken Alman i\u015f\u00e7i s\u0131n\u0131f\u0131n\u0131n ana d\u00fc\u015fman\u0131n\u0131n Alman emperyalizmi ve NATO olmas\u0131 gerekti\u011fi fikrini savunuyor, di\u011fer k\u0131sm\u0131 ise di\u011fer \u015feylerin yan\u0131 s\u0131ra mevcut sava\u015fta Rusya ve \u00c7in\u2019in yan\u0131nda yer alman\u0131n \u2018oport\u00fcnist\u2019 oldu\u011funu ve bu kanat Anti-emperyalist Platformun Rusya\u2019n\u0131n Ukrayna\u2019y\u0131 Nazizmden ar\u0131nd\u0131rma hedefini destekleyerek \u2018burjuva propagandas\u0131\u2019 yapt\u0131\u011f\u0131n\u0131 ilan eden bu makaleyi yazd\u0131).<\/em><\/p>\n\n\n\n<p style=\"font-size:clamp(16.834px, 1.052rem + ((1vw - 3.2px) * 0.716), 26px);\"><a href=\"https:\/\/toplumcukurtulus.com\/202402\/emperyalizme-karsi-mucadele-ve-filistin-dosyasi\/#sdfootnote15anc\"><em>15<\/em><\/a><em>\u2003Bkz. YKP\u2019nin uluslararas\u0131 ili\u015fkiler b\u00f6l\u00fcm\u00fc taraf\u0131ndan \u0130spanya Halklar\u0131n\u0131n Kom\u00fcnist Partisindeki (PCPE) geli\u015fmelere ili\u015fkin YKP\u2019nin tutumu, 4 May\u0131s 2017 ve PCPE taraf\u0131ndan yaz\u0131lan \u201cYunan Kom\u00fcnist Partisindeki yolda\u015flara ve Kom\u00fcnist Avrupa \u0130nisiyatifi \u00fcyesi partilere\u201d a\u00e7\u0131k cevap mektubu, 4 May\u0131s 2017.<\/em><\/p>\n\n\n\n<p style=\"font-size:clamp(16.834px, 1.052rem + ((1vw - 3.2px) * 0.716), 26px);\"><a href=\"https:\/\/toplumcukurtulus.com\/202402\/emperyalizme-karsi-mucadele-ve-filistin-dosyasi\/#sdfootnote16anc\"><em>16<\/em><\/a><em>\u2003Oport\u00fcnizm ve \u0130kinci Enternasyonalin \u00c7\u00f6k\u00fc\u015f\u00fc, Ocak 1916.<\/em><\/p>\n\n\n\n<p style=\"font-size:clamp(16.834px, 1.052rem + ((1vw - 3.2px) * 0.716), 26px);\"><a href=\"https:\/\/toplumcukurtulus.com\/202402\/emperyalizme-karsi-mucadele-ve-filistin-dosyasi\/#sdfootnote17anc\"><em>17<\/em><\/a><em>\u2003Yunanistan Kom\u00fcnist Partisi, Meksika Kom\u00fcnist Partisi, \u0130spanya \u0130\u015f\u00e7i Kom\u00fcnist Partisi ve T\u00fcrkiye Kom\u00fcnist Partisi genel sekreterlerinin ortak a\u00e7\u0131klamas\u0131, 8 Temmuz 2022.<\/em><\/p>\n\n\n\n<p style=\"font-size:clamp(16.834px, 1.052rem + ((1vw - 3.2px) * 0.716), 26px);\"><a href=\"https:\/\/toplumcukurtulus.com\/202402\/emperyalizme-karsi-mucadele-ve-filistin-dosyasi\/#sdfootnote18anc\"><em>18<\/em><\/a><em>\u2003YKP eski genel sekreteri Aleksandra Papariga, Ukrayna\u2019n\u0131n \u2018hakl\u0131 bir sava\u015f\u2019 verdi\u011fini s\u00f6yl\u00fcyor. YKP\u2019nin 22 Mart 2022\u2019de Korfu\u2019da d\u00fczenledi\u011fi toplant\u0131, Proletarian TV.<\/em><\/p>\n\n\n\n<p style=\"font-size:clamp(16.834px, 1.052rem + ((1vw - 3.2px) * 0.716), 26px);\"><a href=\"https:\/\/toplumcukurtulus.com\/202402\/emperyalizme-karsi-mucadele-ve-filistin-dosyasi\/#sdfootnote19anc\"><em>19<\/em><\/a><em>\u2003Oport\u00fcnizm ve \u0130kinci Enternasyonalin \u00c7\u00f6k\u00fc\u015f\u00fc, Aral\u0131k 1915.<\/em><\/p>\n\n\n\n<p style=\"font-size:clamp(16.834px, 1.052rem + ((1vw - 3.2px) * 0.716), 26px);\"><a href=\"https:\/\/toplumcukurtulus.com\/202402\/emperyalizme-karsi-mucadele-ve-filistin-dosyasi\/#sdfootnote20anc\"><em>20<\/em><\/a><em>\u2003\u00c7a\u011fda\u015f emperyalizmin ekonomi politi\u011fi \u00fczerine: Thanasis Spanidis\u2019in \u2018emperyalist piramit\u2019 kavram\u0131, In Defence of Communism blog, 7 Haziran 2023.<\/em><\/p>\n\n\n\n<p style=\"font-size:clamp(16.834px, 1.052rem + ((1vw - 3.2px) * 0.716), 26px);\"><a href=\"https:\/\/www.idcommunism.com\/2023\/06\/on-political-economy-of-contemporary-imperialism-the-concept-of-imperialist-pyramid-and-its-critics.html#more\">https:\/\/www.idcommunism.com\/2023\/06\/on-political-economy-of-contemporary-imperialism-the-concept-of-imperialist-pyramid-and-its-critics.html#more<\/a><\/p>\n\n\n\n<p style=\"font-size:clamp(16.834px, 1.052rem + ((1vw - 3.2px) * 0.716), 26px);\"><em>Bu yaz\u0131da yer alan aldat\u0131c\u0131 ak\u0131l y\u00fcr\u00fctmelere sadece bir \u00f6rnek vermek gerekirse: Birinci tablodaki Milli Gelir verileri, \u00c7in\u2019in ABD\u2019yi geride b\u0131rakarak d\u00fcnyan\u0131n \u2018en b\u00fcy\u00fck ekonomisi\u2019 h\u00e2line geldi\u011fini ve bunun da \u00c7in\u2019in emperyalist kul\u00fcbe kat\u0131ld\u0131\u011f\u0131n\u0131 \u2018kan\u0131tlad\u0131\u011f\u0131n\u0131\u2019 g\u00f6stermek i\u00e7in kullan\u0131lmaktad\u0131r. Ancak n\u00fcfus ba\u015f\u0131na d\u00fc\u015fen GSYH\u2019ye hi\u00e7 de\u011finilmeyen bu listede \u00c7in \u015fu anda 71. s\u0131rada, Rusya ise 56. s\u0131rada yer al\u0131yor. Hindistan ve G\u00fcney Kore\u2019nin de bu \u2018en b\u00fcy\u00fck on ekonomi\u2019 listesinde yer almas\u0131, yazar\u0131n verilerin ger\u00e7ekten istedi\u011fi \u015feyi g\u00f6sterip g\u00f6stermedi\u011fi konusunda durup d\u00fc\u015f\u00fcnmesine neden olmam\u0131\u015f gibi g\u00f6r\u00fcn\u00fcyor.<\/em><\/p>\n\n\n\n<p style=\"font-size:clamp(16.834px, 1.052rem + ((1vw - 3.2px) * 0.716), 26px);\"><a href=\"https:\/\/toplumcukurtulus.com\/202402\/emperyalizme-karsi-mucadele-ve-filistin-dosyasi\/#sdfootnote21anc\"><em>21<\/em><\/a><em>\u2003Buharin\u2019in bro\u015f\u00fcr\u00fcne \u00f6ns\u00f6z, Emperyalizm ve D\u00fcnya Ekonomisi, Aral\u0131k 1915.<\/em><\/p>\n\n\n\n<p style=\"font-size:clamp(16.834px, 1.052rem + ((1vw - 3.2px) * 0.716), 26px);\"><a href=\"https:\/\/toplumcukurtulus.com\/202402\/emperyalizme-karsi-mucadele-ve-filistin-dosyasi\/#sdfootnote22anc\"><em>22<\/em><\/a><em>\u2003Bat\u0131 Avrupa\u2019n\u0131n yeniden in\u015fas\u0131n\u0131 finanse etmek i\u00e7in Marshall plan\u0131, Almanya\u2019n\u0131n b\u00f6l\u00fcnmesi, Bat\u0131 Avrupa\u2019daki kom\u00fcnist g\u00fc\u00e7lerin devrilmesi ve Malaya, Kore, Vietnam, Angola ve ba\u015fka yerlerde ulusal kurtulu\u015f zaferleri dalgas\u0131n\u0131 geciktirmeyi ama\u00e7layan bir dizi yeni-s\u00f6m\u00fcrge sava\u015f\u0131na deste\u011fi i\u00e7eren yard\u0131m program\u0131.<\/em><\/p>\n\n\n\n<p style=\"font-size:clamp(16.834px, 1.052rem + ((1vw - 3.2px) * 0.716), 26px);\"><a href=\"https:\/\/toplumcukurtulus.com\/202402\/emperyalizme-karsi-mucadele-ve-filistin-dosyasi\/#sdfootnote23anc\"><em>23<\/em><\/a><em>\u2003Bat\u0131daki i\u015f\u00e7ileri sosyalist bir devrim yapmak zorunda kalmadan sosyalizmin avantajlar\u0131ndan yararlanabileceklerine ikna eden refah devletlerinin kurulmas\u0131.<\/em><\/p>\n\n\n\n<p style=\"font-size:clamp(16.834px, 1.052rem + ((1vw - 3.2px) * 0.716), 26px);\"><a href=\"https:\/\/toplumcukurtulus.com\/202402\/emperyalizme-karsi-mucadele-ve-filistin-dosyasi\/#sdfootnote24anc\"><em>24<\/em><\/a><em>\u2003D\u00fcnyan\u0131n b\u00fcy\u00fck b\u00f6l\u00fcm\u00fcnde ABD liderli\u011findeki NATO ittifak\u0131, do\u011fu Asya\u2019da ABD, Japonya ve G\u00fcney Kore\u2019den olu\u015fan ve \u2018do\u011funun NATO\u2019su\u2019 olarak adland\u0131r\u0131lan \u2018\u00fc\u00e7l\u00fc ittifak\u2019 ile desteklenmektedir. Sava\u015f ilerledik\u00e7e ve daha fazla Avrupa \u00fclkesi Pasifik\u2019e asker\u00ee donan\u0131m g\u00f6ndermeye ikna edildik\u00e7e, Japonya ve G\u00fcney Kore\u2019nin Ukrayna\u2019ya asker\u00ee malzeme g\u00f6ndermeye ikna edildi\u011fi gibi, bu ittifak da NATO\u2019ya dahil olabilir.<\/em><\/p>\n\n\n\n<p style=\"font-size:clamp(16.834px, 1.052rem + ((1vw - 3.2px) * 0.716), 26px);\"><a href=\"https:\/\/toplumcukurtulus.com\/202402\/emperyalizme-karsi-mucadele-ve-filistin-dosyasi\/#sdfootnote25anc\"><em>25<\/em><\/a><em>&nbsp;<\/em>Bu makalenin ilk tasla\u011f\u0131 dergimizde yanl\u0131\u015fl\u0131kla yay\u0131nlanm\u0131\u015ft\u0131 ve son h\u00e2lini almak \u00fczere geri \u00e7ekilmi\u015fti. \u0130lk taslaktaki temel analizimiz do\u011fru olmakla birlikte, ele\u015ftirdiklerimiz makaleyi okudular ve kendilerine \u2018emperyalizmin ajanlar\u0131\u2019 denmesinden rahats\u0131z oldular, \u201ckan\u0131t veremedi\u011fimize\u201d de k\u0131zd\u0131lar. Elbette hukuki anlamda hakl\u0131lar. K\u00f6t\u00fc niyetli olduklar\u0131na dair elimizde kesin bir kan\u0131t olmad\u0131\u011f\u0131 gibi, b\u00f6yle bir su\u00e7lamay\u0131 gerekti\u011fi gibi soru\u015fturacak konumda da de\u011filiz. Pek \u00e7ok durumda, sosyalist hareketimize kar\u015f\u0131 i\u015flenen su\u00e7lar\u0131n kan\u0131tlar\u0131, devrimden sonra i\u015f\u00e7iler devletin gizli ar\u015fivlerini ele ge\u00e7irene kadar ortaya \u00e7\u0131kmaz.<\/p>\n\n\n\n<p style=\"font-size:clamp(16.834px, 1.052rem + ((1vw - 3.2px) * 0.716), 26px);\">Ancak siyasi a\u00e7\u0131dan \u00f6nemli olan nokta, YKP liderlerinin proletaryan\u0131n \u00e7\u0131karlar\u0131na kar\u015f\u0131 kasten mi yoksa kazara m\u0131 (\u2018iyi niyetle\u2019) hareket ettiklerinin \u00f6nemsiz oldu\u011fudur. Lenin\u2019in 1920\u2019de i\u015faret etti\u011fi gibi: \u201cBirey s\u00f6z konusu oldu\u011funda, karakter zay\u0131fl\u0131\u011f\u0131 nedeniyle hain olan bir ki\u015fi ile kas\u0131tl\u0131, hesapl\u0131 bir hain olan bir ki\u015fi aras\u0131nda \u00e7ok b\u00fcy\u00fck bir fark vard\u0131r; ancak siyasette b\u00f6yle bir fark yoktur, \u00e7\u00fcnk\u00fc siyaset milyonlarca insan\u0131n ger\u00e7ek kaderini ilgilendirir ve milyonlarca i\u015f\u00e7inin ve yoksul k\u00f6yl\u00fcn\u00fcn karakter zay\u0131fl\u0131\u011f\u0131 nedeniyle hain olanlar taraf\u0131ndan m\u0131, yoksa hainli\u011finin kayna\u011f\u0131 bencil ama\u00e7lar g\u00fctmek olan hainler taraf\u0131ndan m\u0131 ihanete u\u011frad\u0131\u011f\u0131 fark etmez.\u201d (Lenin, Bir Yay\u0131nc\u0131n\u0131n Notlar\u0131, \u015eubat 1920)<\/p>\n\n\n\n<p style=\"font-size:clamp(16.834px, 1.052rem + ((1vw - 3.2px) * 0.716), 26px);\"><a href=\"https:\/\/toplumcukurtulus.com\/202402\/emperyalizme-karsi-mucadele-ve-filistin-dosyasi\/#sdfootnote26anc\"><em>26<\/em><\/a><em>\u2003Oport\u00fcnizm ve \u0130kinci Enternasyonalin \u00c7\u00f6k\u00fc\u015f\u00fc, Ocak 1916.<\/em><\/p>\n\n\n\n<p style=\"font-size:clamp(16.834px, 1.052rem + ((1vw - 3.2px) * 0.716), 26px);\"><a href=\"https:\/\/toplumcukurtulus.com\/202402\/emperyalizme-karsi-mucadele-ve-filistin-dosyasi\/#sdfootnote27anc\"><em>27<\/em><\/a><em>\u2003V. \u0130. Lenin, Fransa\u2019da Muhalefetin G\u00f6revleri, \u015eubat 1916.<\/em><\/p>\n\n\n\n<p style=\"font-size:clamp(16.834px, 1.052rem + ((1vw - 3.2px) * 0.716), 26px);\"><a href=\"https:\/\/toplumcukurtulus.com\/202402\/emperyalizme-karsi-mucadele-ve-filistin-dosyasi\/#sdfootnote28anc\"><em>28<\/em><\/a><em>\u2003\u015eubat 1916\u2019da Bern\u2019de d\u00fczenlenen uluslararas\u0131 bir toplant\u0131da yap\u0131lan konu\u015fma<\/em><\/p>\n","protected":false},"excerpt":{"rendered":"<p>Joti Brar: Yakla\u015fan D\u00fcnya Sava\u015f\u0131 ve Yunanistan Kom\u00fcnist Partisi\u2019nin Emperyalist Piramit Teorisinin Ele\u015ftirisi 1 Ekim 2023 Derleyen: Kemal Okur Yaz\u0131 \u00fczerine baz\u0131 notlar: Son 20 y\u0131l i\u00e7inde baz\u0131 akademisyenler ve kom\u00fcnist partiler Lenin\u2019in emperyalizm teorisinin \u201cyenilik\u00e7i bir tarzda\u201d i\u00e7inde bulundu\u011fumuz \u00e7a\u011fa uyarlama ad\u0131 alt\u0131nda \u201cemperyalist sistem piramidi\u201d veya \u201cemperyalist sistem i\u00e7i hiyerar\u015fi\u201d kavramlar\u0131n\u0131 ileri s\u00fcrerek [&hellip;]<\/p>\n","protected":false},"author":1,"featured_media":0,"comment_status":"open","ping_status":"open","sticky":false,"template":"","format":"standard","meta":{"_monsterinsights_skip_tracking":false,"_monsterinsights_sitenote_active":false,"_monsterinsights_sitenote_note":"","_monsterinsights_sitenote_category":0,"footnotes":""},"categories":[8,4],"tags":[],"class_list":["post-4175","post","type-post","status-publish","format-standard","hentry","category-kapitalizm","category-turkiye-sosyalizmi"],"blocksy_meta":[],"_links":{"self":[{"href":"https:\/\/marksizm.org.tr\/index.php?rest_route=\/wp\/v2\/posts\/4175","targetHints":{"allow":["GET"]}}],"collection":[{"href":"https:\/\/marksizm.org.tr\/index.php?rest_route=\/wp\/v2\/posts"}],"about":[{"href":"https:\/\/marksizm.org.tr\/index.php?rest_route=\/wp\/v2\/types\/post"}],"author":[{"embeddable":true,"href":"https:\/\/marksizm.org.tr\/index.php?rest_route=\/wp\/v2\/users\/1"}],"replies":[{"embeddable":true,"href":"https:\/\/marksizm.org.tr\/index.php?rest_route=%2Fwp%2Fv2%2Fcomments&post=4175"}],"version-history":[{"count":2,"href":"https:\/\/marksizm.org.tr\/index.php?rest_route=\/wp\/v2\/posts\/4175\/revisions"}],"predecessor-version":[{"id":4177,"href":"https:\/\/marksizm.org.tr\/index.php?rest_route=\/wp\/v2\/posts\/4175\/revisions\/4177"}],"wp:attachment":[{"href":"https:\/\/marksizm.org.tr\/index.php?rest_route=%2Fwp%2Fv2%2Fmedia&parent=4175"}],"wp:term":[{"taxonomy":"category","embeddable":true,"href":"https:\/\/marksizm.org.tr\/index.php?rest_route=%2Fwp%2Fv2%2Fcategories&post=4175"},{"taxonomy":"post_tag","embeddable":true,"href":"https:\/\/marksizm.org.tr\/index.php?rest_route=%2Fwp%2Fv2%2Ftags&post=4175"}],"curies":[{"name":"wp","href":"https:\/\/api.w.org\/{rel}","templated":true}]}}