{"id":4234,"date":"2024-06-26T22:33:30","date_gmt":"2024-06-26T22:33:30","guid":{"rendered":"https:\/\/marksizm.org.tr\/?p=4234"},"modified":"2024-06-26T22:33:30","modified_gmt":"2024-06-26T22:33:30","slug":"cin-komunist-partisi-merkez-komitesi-ve-hukumetin-ozel-sektorun-gelisimi-ve-buyumesinin-tesvik-edilmesine-iliskin-gorus-ve-kararlari","status":"publish","type":"post","link":"https:\/\/marksizm.org.tr\/?p=4234","title":{"rendered":"\u00c7in Kom\u00fcnist Partisi Merkez Komitesi ve H\u00fck\u00fcmetin \u00d6zel Sekt\u00f6r\u00fcn Geli\u015fimi ve B\u00fcy\u00fcmesinin Te\u015fvik Edilmesine \u0130li\u015fkin G\u00f6r\u00fc\u015f ve Kararlar\u0131"},"content":{"rendered":"\n<h1 class=\"wp-block-heading\">\u00c7in Kom\u00fcnist Partisi Merkez Komitesi ve H\u00fck\u00fcmetin \u00d6zel Sekt\u00f6r\u00fcn Geli\u015fimi ve B\u00fcy\u00fcmesinin Te\u015fvik Edilmesine \u0130li\u015fkin G\u00f6r\u00fc\u015f ve Kararlar\u0131<\/h1>\n\n\n\n<p style=\"font-size:clamp(16.834px, 1.052rem + ((1vw - 3.2px) * 0.716), 26px);\"><strong>\u00c7eviren: Deniz K\u0131z\u0131l\u00e7e\u00e7 <\/strong><strong><\/strong><\/p>\n\n\n\n<p style=\"font-size:clamp(16.834px, 1.052rem + ((1vw - 3.2px) * 0.716), 26px);\"><strong>14 Temmuz 2023<\/strong><\/p>\n\n\n\n<p><\/p>\n\n\n\n<figure class=\"wp-block-image aligncenter size-large\"><img loading=\"lazy\" decoding=\"async\" width=\"1024\" height=\"576\" src=\"https:\/\/marksizm.org.tr\/wp-content\/uploads\/2024\/06\/014664ed-02e5-44a0-ada5-b2fb2a3daeb8-1024x576.png\" alt=\"\" class=\"wp-image-4235\" srcset=\"https:\/\/marksizm.org.tr\/wp-content\/uploads\/2024\/06\/014664ed-02e5-44a0-ada5-b2fb2a3daeb8-1024x576.png 1024w, https:\/\/marksizm.org.tr\/wp-content\/uploads\/2024\/06\/014664ed-02e5-44a0-ada5-b2fb2a3daeb8-300x169.png 300w, https:\/\/marksizm.org.tr\/wp-content\/uploads\/2024\/06\/014664ed-02e5-44a0-ada5-b2fb2a3daeb8-768x432.png 768w, https:\/\/marksizm.org.tr\/wp-content\/uploads\/2024\/06\/014664ed-02e5-44a0-ada5-b2fb2a3daeb8-1536x864.png 1536w, https:\/\/marksizm.org.tr\/wp-content\/uploads\/2024\/06\/014664ed-02e5-44a0-ada5-b2fb2a3daeb8.png 2000w\" sizes=\"auto, (max-width: 1024px) 100vw, 1024px\" \/><\/figure>\n\n\n\n<p><\/p>\n\n\n\n<p style=\"font-size:clamp(16.834px, 1.052rem + ((1vw - 3.2px) * 0.716), 26px);\">\u00d6zel sekt\u00f6r, <a href=\"https:\/\/en.ndrc.gov.cn\/news\/mediarusources\/202304\/t20230428_1355489.html\">\u00c7in&#8217;in modernle\u015fme yolunda<\/a> ilerlemesinin arkas\u0131ndaki itici g\u00fc\u00e7t\u00fcr. Y\u00fcksek kaliteli kalk\u0131nma i\u00e7in \u00f6nemli bir temel ve 2049 <a href=\"http:\/\/www.xinhuanet.com\/english\/2017-10\/17\/c_136686770.htm\">&nbsp;hedefine<\/a> ula\u015fmada \u00f6nemli bir g\u00fc\u00e7t\u00fcr. Bu belgede \u00f6zel sekt\u00f6r ekonomisinin geli\u015fmesini ve b\u00fcy\u00fcmesini te\u015fvik etmek amac\u0131yla a\u015fa\u011f\u0131daki g\u00f6r\u00fc\u015fler ileri s\u00fcr\u00fclmektedir:<\/p>\n\n\n\n<p style=\"font-size:clamp(16.834px, 1.052rem + ((1vw - 3.2px) * 0.716), 26px);\"><strong>I. &nbsp;Genel politika ve gereksinimler<\/strong><strong><\/strong><\/p>\n\n\n\n<p style=\"font-size:clamp(16.834px, 1.052rem + ((1vw - 3.2px) * 0.716), 26px);\">\u201c<a href=\"https:\/\/www.project-syndicate.org\/commentary\/china-xi-jinping-thought-reform-by-steve-tsang-2019-02?barrier=accesspaylog&amp;utm_term=&amp;utm_campaign=&amp;utm_source=adwords&amp;utm_medium=ppc&amp;hsa_acc=1220154768&amp;hsa_cam=12374283753&amp;hsa_grp=117511853986&amp;hsa_ad=499567080219&amp;hsa_src=g&amp;hsa_tgt=dsa-19959388920&amp;hsa_kw=&amp;hsa_mt=&amp;hsa_net=adwords&amp;hsa_ver=3&amp;gad=1&amp;gclid=EAIaIQobChMI0bHPvfSagAMVrgCtBh0AsgKgEAAYAiAAEgK4mfD_BwE\">Yeni D\u00f6nem i\u00e7in<\/a> \u00c7ine \u00d6zg\u00fc Sosyalizm <a href=\"https:\/\/www.project-syndicate.org\/commentary\/china-xi-jinping-thought-reform-by-steve-tsang-2019-02?barrier=accesspaylog&amp;utm_term=&amp;utm_campaign=&amp;utm_source=adwords&amp;utm_medium=ppc&amp;hsa_acc=1220154768&amp;hsa_cam=12374283753&amp;hsa_grp=117511853986&amp;hsa_ad=499567080219&amp;hsa_src=g&amp;hsa_tgt=dsa-19959388920&amp;hsa_kw=&amp;hsa_mt=&amp;hsa_net=adwords&amp;hsa_ver=3&amp;gad=1&amp;gclid=EAIaIQobChMI0bHPvfSagAMVrgCtBh0AsgKgEAAYAiAAEgK4mfD_BwE\">&nbsp;\u00fczerine Xi Jinping D\u00fc\u015f\u00fcncesi<\/a>\u201d rehberli\u011finde, \u00c7in Kom\u00fcnist Partisi 20. Ulusal Kongresi&#8217;nin yol g\u00f6sterici ilkeleri hayata ge\u00e7irilmeli, istikrar\u0131 sa\u011flarken kalk\u0131nmay\u0131 s\u00fcrd\u00fcrme temel ilkesine ba\u011fl\u0131 kal\u0131nmal\u0131, yeni kalk\u0131nma felsefesi kapsaml\u0131, do\u011fru ve \u00e7ok y\u00f6nl\u00fc bir \u015fekilde tam olarak uygulanmal\u0131d\u0131r. Yeni kalk\u0131nma paradigmas\u0131n\u0131n ger\u00e7ekle\u015ftirilmesi h\u0131zland\u0131r\u0131lmal\u0131, y\u00fcksek kaliteli kalk\u0131nman\u0131n te\u015fvik edilmesine odaklan\u0131lmal\u0131, sosyalist Pazar ekonomisi reformunun do\u011frultusuna ve &#8220;iki teredd\u00fcts\u00fcz\u201d<a href=\"#_ftn1\" id=\"_ftnref1\">[1]<\/a> ilkesine ba\u011fl\u0131 kal\u0131nmal\u0131d\u0131r, Pazar odakl\u0131, hukuka dayal\u0131, uluslararas\u0131la\u015fm\u0131\u015f ve d\u00fcnya standartlar\u0131nda bir i\u015f ortam\u0131n\u0131n olu\u015fturulmas\u0131 h\u0131zland\u0131r\u0131lmal\u0131, \u00f6zel sekt\u00f6r i\u00e7in kalk\u0131nma ortam\u0131 en iyi hale getirilmeli, m\u00fclkiyet haklar\u0131 ve \u00f6zel giri\u015fimcilerin haklar\u0131 hukuka uygun olarak korunmal\u0131d\u0131r.<br>H\u00fck\u00fcmet ve i\u015f d\u00fcnyas\u0131 aras\u0131nda kapsaml\u0131 bir \u015fekilde yak\u0131n ve d\u00fcr\u00fcst bir ili\u015fki kurulmal\u0131, ekonominin \u00e7e\u015fitli m\u00fclkiyet bi\u00e7imlerinin \u00fcretim fakt\u00f6rlerine e\u015fit eri\u015fime, Pazar rekabetine adil kat\u0131l\u0131ma ve e\u015fit yasal korumaya sahip olmas\u0131 sa\u011flanmal\u0131, s\u00fcrekli olarak \u00f6zel i\u015fletmelere kendi reform ve geli\u015fimleri yoluyla kalitelerini iyile\u015ftirmeleri i\u00e7in rehberlik edilmelidir. &nbsp;<br><br>Daha b\u00fcy\u00fck, daha iyi ve daha g\u00fc\u00e7l\u00fc bir \u00f6zel sekt\u00f6r ekonomisi te\u015fvik edilmeli, modern bir sosyalist \u00fclke in\u015fa etme yolculu\u011funa \u00e7ok y\u00f6nl\u00fc bir \u015fekilde aktif katk\u0131da bulunulmal\u0131, daha b\u00fcy\u00fck sorumluluklar \u00fcstlenilmeli ve ulusal gen\u00e7le\u015fmenin b\u00fcy\u00fck hedefine ula\u015f\u0131lmas\u0131nda daha b\u00fcy\u00fck bir rol oynanmal\u0131d\u0131r.<\/p>\n\n\n\n<p style=\"font-size:clamp(16.834px, 1.052rem + ((1vw - 3.2px) * 0.716), 26px);\"><strong>II. &nbsp;\u00d6zel sekt\u00f6r ekonomisi i\u00e7in geli\u015fme ortam\u0131 s\u00fcrekli olarak optimize edilmelidir<\/strong>.<\/p>\n\n\n\n<p style=\"font-size:clamp(16.834px, 1.052rem + ((1vw - 3.2px) * 0.716), 26px);\">\u00dcst d\u00fczey geli\u015fkin bir sosyalist pazar ekonomisi sistemi in\u015fa edilmeli, istikrarl\u0131, adil, \u015feffaf ve \u00f6ng\u00f6r\u00fclebilir bir geli\u015fme ortam\u0131 s\u00fcrekli olarak optimize edilmeli ve \u00f6zel ekonominin canl\u0131l\u0131\u011f\u0131 g\u00fc\u00e7l\u00fc bir \u015fekilde te\u015fvik edilmelidir.<\/p>\n\n\n\n<p style=\"font-size:clamp(16.834px, 1.052rem + ((1vw - 3.2px) * 0.716), 26px);\"><strong>(1) Pazara eri\u015fimin \u00f6n\u00fcndeki engeller olarak kald\u0131r\u0131lmal\u0131d\u0131r.<\/strong><strong><\/strong><\/p>\n\n\n\n<p style=\"font-size:clamp(16.834px, 1.052rem + ((1vw - 3.2px) * 0.716), 26px);\">Yerel y\u00f6netimler ve merkezi h\u00fck\u00fcmet birimleri, dosyalama, kay\u0131t, y\u0131ll\u0131k denetim, akreditasyon, sertifikasyon, atama veya \u015fube \u015firketlerinin kurulmas\u0131n\u0131 zorunlu k\u0131lma \u015feklinde eri\u015fim engelleri olu\u015fturmamal\u0131 veya buna yol a\u00e7mamal\u0131d\u0131r.<br>\u0130dari onay, izinler ve dosyalama gibi idari hizmetlere ili\u015fkin \u00f6n ko\u015fullar ve onay \u00f6l\u00e7\u00fctleri netle\u015ftirilmeli ve standartla\u015ft\u0131r\u0131lmal\u0131d\u0131r. Devlet hizmetini ilgilendiren konular\u0131n arac\u0131l\u0131k kullan\u0131larak bu arac\u0131larla y\u00fcr\u00fct\u00fclmesi yasakt\u0131r. Hi\u00e7bir i\u015fletmeden, yasalar veya h\u00fck\u00fcmetin belirledi\u011fi d\u00fczenlemeler d\u0131\u015f\u0131nda devlet hizmetleri almadan \u00f6nce kendi kendine test, muayene, belgelendirme, kimlik tespiti, noter tasdiki yapmas\u0131 veya kan\u0131t sunmas\u0131 istenemez. Pazara eri\u015fim etkinli\u011finin de\u011ferlendirilmesini istikrarl\u0131 bir \u015fekilde y\u00fcr\u00fctmek, \u015fik\u00e2yetlere yan\u0131t vermek ve pazara eri\u015fim engellerini ele almak i\u00e7in bir mekanizma olu\u015fturulmal\u0131 ve tipik vakalar i\u00e7in toplama ve raporlama sistemi geli\u015ftirilmelidir.<\/p>\n\n\n\n<p style=\"font-size:clamp(16.834px, 1.052rem + ((1vw - 3.2px) * 0.716), 26px);\"><strong>(2) Adil rekabet politikas\u0131 sistemi tam olarak uygulanmal\u0131d\u0131r.<\/strong><br>Rekabet politikas\u0131n\u0131n temel olma konumu g\u00fc\u00e7lendirilmeli, adil rekabetin altyap\u0131s\u0131 ve bu politikan\u0131n uygulanma mekanizmalar\u0131 geli\u015ftirilmeli ve m\u00fclkiyet t\u00fcr\u00fc ne olursa olsun t\u00fcm te\u015febb\u00fcslere kar\u015f\u0131 e\u015fit ve tarafs\u0131z davran\u0131lmal\u0131d\u0131r.<\/p>\n\n\n\n<p style=\"font-size:clamp(16.834px, 1.052rem + ((1vw - 3.2px) * 0.716), 26px);\">Rekabeti d\u0131\u015flamak veya k\u0131s\u0131tlamak amac\u0131yla idari g\u00fcc\u00fcn k\u00f6t\u00fcye kullan\u0131lmas\u0131n\u0131 \u00f6nlemek i\u00e7in Tekelcilikle M\u00fccadele Kanunu&#8217;nun uygulanmas\u0131 g\u00fc\u00e7lendirilmelidir.<br>&nbsp;<br>Franchise haklar\u0131 i\u015fletmecilere adil rekabet sunulmaks\u0131z\u0131n verilmemelidir.&nbsp; Belirli i\u015fletmeciler taraf\u0131ndan sa\u011flanan mal ve hizmetlerin i\u015fletilmesi, sat\u0131n al\u0131nmas\u0131 veya kullan\u0131lmas\u0131n\u0131n k\u0131s\u0131tlanmas\u0131 yasakt\u0131r. D\u00fczenli olarak Pazarya olumsuz m\u00fcdahale davran\u0131\u015flar\u0131n\u0131n bir listesi yay\u0131nlanmal\u0131 ve yerel koruma, Pazar segmentasyonu veya \u00f6nceden ayarlanm\u0131\u015f i\u015flemler gibi birle\u015fik bir Pazary\u0131 ve adil rekabeti engelleyen uygulamalar zaman\u0131nda la\u011fvedilmelidir. Sanayi politikalar\u0131n\u0131n uygulanmas\u0131 optimize edilmeli ve iyile\u015ftirilmeli, i\u015fletmeler i\u00e7in tercihli politikalar katalo\u011fu olu\u015fturulmal\u0131 ve derhal kamuoyunun eri\u015fimine sunulmal\u0131d\u0131r.<\/p>\n\n\n\n<p style=\"font-size:clamp(16.834px, 1.052rem + ((1vw - 3.2px) * 0.716), 26px);\"><strong>(3) Sosyal kredi uygulamas\u0131 ile ilgili olarak te\u015fvik ve k\u0131s\u0131tlama mekanizmalar\u0131 iyile\u015ftirilmelidir.<\/strong><br>Kredi bilgi kay\u0131t ve payla\u015f\u0131m sisteminin iyile\u015ftirilmesi, kredi taahh\u00fct sistemlerinin kapsaml\u0131 bir \u015fekilde uygulanmas\u0131n\u0131n te\u015fvik edilmesi, taahh\u00fct ve performans bilgilerinin kredi kay\u0131tlar\u0131na dahil edilmesi sa\u011flanmal\u0131d\u0131r. \u0130yi ge\u00e7mi\u015fe sahip i\u015fletmelerin kazan\u00e7 duygusunu art\u0131rmak i\u00e7in kredi te\u015fvik mekanizmas\u0131ndan yararlanmalar\u0131 sa\u011flanmal\u0131d\u0131r. Kredi k\u0131s\u0131tlama mekanizmas\u0131 iyile\u015ftirilmeli ve istismara y\u00f6nelik tedbirler listesine uygun olarak sorumlu taraflara cezalar uygulanmal\u0131d\u0131r.<br><br>D\u00fczeltilmi\u015f davran\u0131\u015flar i\u00e7in sa\u011flam bir kredi yenileme mekanizmas\u0131 kurulmal\u0131 ve ilgili idari y\u00f6ntemler geli\u015ftirilmelidir. H\u00fck\u00fcmetin d\u00fcr\u00fcst performans mekanizmas\u0131na ba\u011fl\u0131l\u0131\u011f\u0131 art\u0131r\u0131lmal\u0131, h\u00fck\u00fcmet ve devlet kurumlar\u0131nca yap\u0131lan s\u00f6zle\u015fme ihlalleri, \u00f6deme gecikmeleri ve yarg\u0131 kararlar\u0131na uymay\u0131 reddetmelerinin kaydedilip cezaland\u0131r\u0131lmas\u0131na y\u00f6nelik sistem kurulmal\u0131, geli\u015ftirilmeli ve bu t\u00fcr d\u00fcr\u00fcst olmayan tutumlarla ilgili bilgiler ulusal kredi bilgi payla\u015f\u0131m platformuna d\u00e2hil edilmelidir.<br><br><strong>(4) Pazar odakl\u0131 yeniden yap\u0131land\u0131rma mekanizmas\u0131 geli\u015ftirilmelidir.<\/strong><br>\u00d6zel \u015firketler, kurtarma fonlar\u0131 i\u00e7in stok varl\u0131klar\u0131n\u0131 yeniden canland\u0131rmaya te\u015fvik edilmelidir. Finansal zorluklarla kar\u015f\u0131 kar\u015f\u0131ya olan ancak hala geli\u015fme beklentisi ve de\u011feri olan \u015firketler do\u011fru bir \u015fekilde tespit edilip s\u0131n\u0131fland\u0131r\u0131lmal\u0131 ve iflas\u0131n yeniden d\u00fczenlenmesi ve iflas tasfiyesi prosed\u00fcrleri Pazar odakl\u0131 ve hukuka dayal\u0131 ilkelere uygun olarak aktif bir \u015fekilde uygulanmal\u0131d\u0131r. \u0130\u015fletme \u0130flas Kanunu&#8217;nun yenilenmesi te\u015fvik edilmeli ve destek sistemleri geli\u015ftirilmelidir. Bireysel hane halk\u0131 giri\u015fimlerinin i\u015fletmelere d\u00f6n\u00fc\u015ft\u00fcr\u00fclmesine ili\u015fkin politikalar optimize edilmeli ve d\u00f6n\u00fc\u015ft\u00fcrme maliyetleri azalt\u0131lmal\u0131d\u0131r.<\/p>\n\n\n\n<hr class=\"wp-block-separator has-alpha-channel-opacity\"\/>\n\n\n\n<p style=\"font-size:clamp(16.834px, 1.052rem + ((1vw - 3.2px) * 0.716), 26px);\"><a href=\"#_ftnref1\" id=\"_ftn1\">[1]<\/a> &#8220;\u0130ki teredd\u00fcts\u00fcz&#8221; ilkesi: Ekonomide kamu sekt\u00f6r\u00fcn\u00fcn h\u00e2kim konumu ve devlet sekt\u00f6r\u00fcn\u00fcn \u00f6nder konumunda hi\u00e7bir \u015fekilde taviz verilemez.<\/p>\n\n\n\n<p style=\"font-size:clamp(16.834px, 1.052rem + ((1vw - 3.2px) * 0.716), 26px);\"><\/p>\n\n\n\n<p class=\"has-text-align-center has-large-font-size\"><strong><span style=\"color: var(--theme-palette-color-2, #cc3333);\" class=\"stk-highlight\">TAMAMINI OKUMAK \u0130\u00c7\u0130N \u0130ND\u0130R\u0130N\u0130Z<\/span><\/strong><\/p>\n\n\n\n<div class=\"wp-block-file\"><a id=\"wp-block-file--media-eef9d99c-2c57-4bc0-9485-19467dfdf860\" href=\"https:\/\/marksizm.org.tr\/wp-content\/uploads\/2024\/06\/ozel-sektor-turkce-MK-karar-belgesi-2023.docx\">ozel-sektor-turkce-MK-karar-belgesi-2023<\/a><a href=\"https:\/\/marksizm.org.tr\/wp-content\/uploads\/2024\/06\/ozel-sektor-turkce-MK-karar-belgesi-2023.docx\" class=\"wp-block-file__button wp-element-button\" download aria-describedby=\"wp-block-file--media-eef9d99c-2c57-4bc0-9485-19467dfdf860\">\u0130ndir<\/a><\/div>\n","protected":false},"excerpt":{"rendered":"<p>\u00c7in Kom\u00fcnist Partisi Merkez Komitesi ve H\u00fck\u00fcmetin \u00d6zel Sekt\u00f6r\u00fcn Geli\u015fimi ve B\u00fcy\u00fcmesinin Te\u015fvik Edilmesine \u0130li\u015fkin G\u00f6r\u00fc\u015f ve Kararlar\u0131 \u00c7eviren: Deniz K\u0131z\u0131l\u00e7e\u00e7 14 Temmuz 2023 \u00d6zel sekt\u00f6r, \u00c7in&#8217;in modernle\u015fme yolunda ilerlemesinin arkas\u0131ndaki itici g\u00fc\u00e7t\u00fcr. Y\u00fcksek kaliteli kalk\u0131nma i\u00e7in \u00f6nemli bir temel ve 2049 &nbsp;hedefine ula\u015fmada \u00f6nemli bir g\u00fc\u00e7t\u00fcr. Bu belgede \u00f6zel sekt\u00f6r ekonomisinin geli\u015fmesini ve b\u00fcy\u00fcmesini [&hellip;]<\/p>\n","protected":false},"author":1,"featured_media":0,"comment_status":"open","ping_status":"open","sticky":false,"template":"","format":"standard","meta":{"_monsterinsights_skip_tracking":false,"_monsterinsights_sitenote_active":false,"_monsterinsights_sitenote_note":"","_monsterinsights_sitenote_category":0,"footnotes":""},"categories":[20,6],"tags":[],"class_list":["post-4234","post","type-post","status-publish","format-standard","hentry","category-arsiv","category-sosyalist-ulkeler"],"blocksy_meta":[],"_links":{"self":[{"href":"https:\/\/marksizm.org.tr\/index.php?rest_route=\/wp\/v2\/posts\/4234","targetHints":{"allow":["GET"]}}],"collection":[{"href":"https:\/\/marksizm.org.tr\/index.php?rest_route=\/wp\/v2\/posts"}],"about":[{"href":"https:\/\/marksizm.org.tr\/index.php?rest_route=\/wp\/v2\/types\/post"}],"author":[{"embeddable":true,"href":"https:\/\/marksizm.org.tr\/index.php?rest_route=\/wp\/v2\/users\/1"}],"replies":[{"embeddable":true,"href":"https:\/\/marksizm.org.tr\/index.php?rest_route=%2Fwp%2Fv2%2Fcomments&post=4234"}],"version-history":[{"count":1,"href":"https:\/\/marksizm.org.tr\/index.php?rest_route=\/wp\/v2\/posts\/4234\/revisions"}],"predecessor-version":[{"id":4237,"href":"https:\/\/marksizm.org.tr\/index.php?rest_route=\/wp\/v2\/posts\/4234\/revisions\/4237"}],"wp:attachment":[{"href":"https:\/\/marksizm.org.tr\/index.php?rest_route=%2Fwp%2Fv2%2Fmedia&parent=4234"}],"wp:term":[{"taxonomy":"category","embeddable":true,"href":"https:\/\/marksizm.org.tr\/index.php?rest_route=%2Fwp%2Fv2%2Fcategories&post=4234"},{"taxonomy":"post_tag","embeddable":true,"href":"https:\/\/marksizm.org.tr\/index.php?rest_route=%2Fwp%2Fv2%2Ftags&post=4234"}],"curies":[{"name":"wp","href":"https:\/\/api.w.org\/{rel}","templated":true}]}}