{"id":4371,"date":"2024-07-29T20:28:08","date_gmt":"2024-07-29T20:28:08","guid":{"rendered":"https:\/\/marksizm.org.tr\/?p=4371"},"modified":"2024-07-30T22:47:16","modified_gmt":"2024-07-30T22:47:16","slug":"kore-demokratik-halk-cumhuriyeti-anayasasi","status":"publish","type":"post","link":"https:\/\/marksizm.org.tr\/?p=4371","title":{"rendered":"Kore Demokratik Halk Cumhuriyeti Anayasas\u0131"},"content":{"rendered":"\n<h1 class=\"wp-block-heading\"><strong>Kore Demokratik Halk Cumhuriyeti Anayasas\u0131<\/strong><\/h1>\n\n\n\n<p style=\"font-size:clamp(16.834px, 1.052rem + ((1vw - 3.2px) * 0.716), 26px);\"><strong>Derleyen Ferdi Bekir ve G\u00fclizar \u00d6zkaya<\/strong><\/p>\n\n\n\n<p style=\"font-size:clamp(16.834px, 1.052rem + ((1vw - 3.2px) * 0.716), 26px);\"><strong>Sanc\u0131 Yay\u0131nevi\u2019ne ve \u00e7evirmen Alaz S\u00fcmer\u2019e bu yay\u0131na katk\u0131da bulunduklar\u0131 i\u00e7in te\u015fekk\u00fcr ederiz.<\/strong><\/p>\n\n\n\n<figure class=\"wp-block-image aligncenter size-full\"><img loading=\"lazy\" decoding=\"async\" width=\"1000\" height=\"873\" src=\"https:\/\/marksizm.org.tr\/wp-content\/uploads\/2024\/07\/GRtgNHQXwAA1EPE.jpeg\" alt=\"\" class=\"wp-image-4372\" srcset=\"https:\/\/marksizm.org.tr\/wp-content\/uploads\/2024\/07\/GRtgNHQXwAA1EPE.jpeg 1000w, https:\/\/marksizm.org.tr\/wp-content\/uploads\/2024\/07\/GRtgNHQXwAA1EPE-300x262.jpeg 300w, https:\/\/marksizm.org.tr\/wp-content\/uploads\/2024\/07\/GRtgNHQXwAA1EPE-768x670.jpeg 768w\" sizes=\"auto, (max-width: 1000px) 100vw, 1000px\" \/><\/figure>\n\n\n\n<p style=\"font-size:clamp(16.834px, 1.052rem + ((1vw - 3.2px) * 0.716), 26px);\"><\/p>\n\n\n\n<p style=\"font-size:clamp(16.834px, 1.052rem + ((1vw - 3.2px) * 0.716), 26px);\">Kore Yar\u0131madas\u0131&#8217;n\u0131n \u00e7o\u011funlu\u011funu kaplayan y\u00fcz\u00f6l\u00e7\u00fcm\u00fc ile 25 milyonluk n\u00fcfusuyla Kore Demokratik Halk Cumhuriyeti, ger\u00e7ekten de ilerici insanlar taraf\u0131ndan ve \u00f6zellikle de sosyalist de\u011ferlere sahip olanlarca anla\u015f\u0131lmas\u0131 gereken bir sosyalist kazan\u0131md\u0131r. D\u00fcnyadaki t\u00fcm sosyalist yolu izleyen \u00fclkeler farkl\u0131 niteliklere sahip olmalar\u0131na kar\u015f\u0131n hepsi b\u00fcy\u00fck bir sosyalist ailenin i\u00e7indedir.<\/p>\n\n\n\n<p style=\"font-size:clamp(16.834px, 1.052rem + ((1vw - 3.2px) * 0.716), 26px);\">9 Eyl\u00fcl 1948&#8217;de kurulan Kore Demokratik Halk Cumhuriyeti halk\u0131 emperyalistlere kar\u015f\u0131 Kore sava\u015f\u0131n\u0131n ard\u0131ndan&nbsp;<strong>Kim \u0130l Sung<\/strong>&nbsp;\u00f6nderli\u011finde bu a\u011f\u0131r sava\u015f\u0131n yaralar\u0131n\u0131 sard\u0131, \u00fclke ekonomisini yeniden aya\u011fa kald\u0131rmay\u0131 ba\u015fard\u0131 ve ard\u0131ndan \u00fcretim ara\u00e7lar\u0131nda sosyalist d\u00f6n\u00fc\u015f\u00fcm\u00fc ba\u015flatt\u0131 ve 1958\u2019 gelindi\u011finde \u00fcretim ara\u00e7lar\u0131nda sosyalist d\u00f6n\u00fc\u015f\u00fcm\u00fc temel d\u00fczeyde tamamlad\u0131 ve ard\u0131ndan daha kapsaml\u0131 sosyalist d\u00f6n\u00fc\u015f\u00fcm s\u00fcrecine girdi. Kore Demokratik Halk Cumhuriyeti\u2019nin bug\u00fcn sosyalizm in\u015fada, g\u00fc\u00e7l\u00fc bir refah ekonomisini ve g\u00fc\u00e7l\u00fc bir sosyalist demokrasiyi in\u015fas\u0131nda kar\u015f\u0131la\u015ft\u0131\u011f\u0131 ciddi sorunlar, bir\u00e7ok sosyalist \u00fclkede daha \u00f6nce kar\u015f\u0131la\u015f\u0131lm\u0131\u015f sorunlard\u0131r.<\/p>\n\n\n\n<p style=\"font-size:clamp(16.834px, 1.052rem + ((1vw - 3.2px) * 0.716), 26px);\">&nbsp;Bir\u00e7ok sosyalist \u00fclke bu sorunlar\u0131 a\u015famad\u0131 ve sorunlar alt\u0131nda ezilerek yeniden kapitalist yola d\u00f6nd\u00fcler. Kore Demokratik Halk Cumhuriyeti bug\u00fcn hala sosyalizmin in\u015fas\u0131nda \u0131srar eden 5 \u00fclke aras\u0131nda bulunuyor.&nbsp; Bug\u00fcnk\u00fc d\u00fcnyada sosyalizm g\u00fc\u00e7leri ile tekelci kapitalizmin g\u00fc\u00e7leri aras\u0131ndaki \u00e7eli\u015fme hala etkisini s\u00fcrd\u00fcrmeye devam ediyor. Tekelci kapitalizmin g\u00fc\u00e7leri bo\u015f durmuyor, sosyalist \u00fclkelerin yeniden kapitalist yola sokmak i\u00e7in \u00e7ok y\u00f6nl\u00fc \u00e7abalar ve ideolojik s\u0131zma faaliyetleri s\u00fcrd\u00fcr\u00fclebiliyor. Kore gibi bug\u00fcn sosyalizmde \u0131srar eden t\u00fcm \u00fclkeler bir \u015feytanla\u015ft\u0131rma propagandas\u0131n\u0131n hedefi olarak Bat\u0131l\u0131 medya ajanlar\u0131n\u0131n ve medya organlar\u0131n\u0131n hedefidir.&nbsp; ABD, K\u00fcba ve Kore\u2019yi ter\u00f6re destek olan \u00fclkeler listesine alarak ekonomik ve ticari ambargolarla bask\u0131 alt\u0131na almaya \u00e7al\u0131\u015f\u0131yor.<\/p>\n\n\n\n<p style=\"font-size:clamp(16.834px, 1.052rem + ((1vw - 3.2px) * 0.716), 26px);\">ABD ve bat\u0131l\u0131 g\u00fc\u00e7ler G\u00fcney Kore ve Kore Demokratik Halk Cumhuriyeti aras\u0131nda d\u00fc\u015fmanla\u015fmay\u0131 ve \u00e7at\u0131\u015fmay\u0131 te\u015fvik ediyor ve ili\u015fkilerde normalle\u015fmeye engelliyorlar. Bunlar 25 milyonluk g\u00f6rece yoksul bir \u00fclke olan Kore Demokratik Halk Cumhuriyeti a\u00e7\u0131s\u0131ndan b\u00fcy\u00fck zorluklara yol a\u00e7\u0131yor.\u00a0<\/p>\n\n\n\n<figure class=\"wp-block-image aligncenter size-large\"><img decoding=\"async\" src=\"https:\/\/sosyalistbirlik.com\/wp-content\/uploads\/2024\/07\/WhatsApp-Gorsel-2024-07-19-saat-19.30.06_329e4b73-1024x679.jpg\" alt=\"\" class=\"wp-image-7590\"\/><\/figure>\n\n\n\n<p class=\"has-text-align-center\" style=\"font-size:clamp(16.834px, 1.052rem + ((1vw - 3.2px) * 0.716), 26px);\"><em>Kore i\u00e7 ve d\u0131\u015f turizme&nbsp;odaklan\u0131yor<\/em>: Wonsan kentinde kurulan tatil k\u00f6y\u00fcnden bir foto\u011fraf.<\/p>\n\n\n\n<p style=\"font-size:clamp(16.834px, 1.052rem + ((1vw - 3.2px) * 0.716), 26px);\"><strong>Kore Demokratik Halk Cumhuriyeti\u2019nin Juche D\u00fc\u015f\u00fcncesi<\/strong><\/p>\n\n\n\n<p style=\"font-size:clamp(16.834px, 1.052rem + ((1vw - 3.2px) * 0.716), 26px);\">Kore Demokratik Halk Cumhuriyeti\u2019nin Juche D\u00fc\u015f\u00fcncesi ayn\u0131 zamanda Kore \u0130\u015f\u00e7i Partisi\u2019nin yegane y\u00f6nlendirici ideolojisidir ve 1967 y\u0131l\u0131nda \u00fclkenin kurucu lideri Kim Il-sung d\u00f6neminde Kore \u0130\u015f\u00e7i Partisi\u2019nin Merkez Komitesi taraf\u0131ndan kabul edilmi\u015f ve Halk Meclisine ve h\u00fck\u00fcmete tavsiye edilmi\u015f ve bu devlet organlar\u0131nda kabul g\u00f6rm\u00fc\u015ft\u00fcr.<\/p>\n\n\n\n<p style=\"font-size:clamp(16.834px, 1.052rem + ((1vw - 3.2px) * 0.716), 26px);\"><strong>Juche D\u00fc\u015f\u00fcncesi<\/strong> insan\u0131n her \u015feyin \u00fczerinde oldu\u011fu ve eme\u011fiyle d\u00fcnya \u00fczerindeki her \u015feyi ba\u015farabilece\u011fi \u00f6\u011fretisine dayan\u0131r. \u00dclkenin di\u011fer bir \u00f6zg\u00fcnl\u00fc\u011f\u00fc ise e\u011fitim emek\u00e7ilerine ve \u00f6\u011frencilere verilen de\u011ferin, en az i\u015f\u00e7iye ve \u00e7ift\u00e7iye verilen de\u011fer kadar fazla olmas\u0131. \u00d6yle ki Kore \u0130\u015f\u00e7i Partisi&#8217;nin sembol\u00fcnde i\u015f\u00e7i s\u0131n\u0131f\u0131n\u0131 temsilen \u00e7eki\u00e7 ve \u00e7ift\u00e7iyi temsilen ora\u011f\u0131n yan\u0131nda e\u011fitim emek\u00e7ilerini temsilen bir f\u0131r\u00e7a yer al\u0131yor.<\/p>\n\n\n\n<p style=\"font-size:clamp(16.834px, 1.052rem + ((1vw - 3.2px) * 0.716), 26px);\"><strong>Songun doktrini<\/strong><\/p>\n\n\n\n<p style=\"font-size:clamp(16.834px, 1.052rem + ((1vw - 3.2px) * 0.716), 26px);\">Kim Il-sung\u2019dan sonra ba\u015fa gelen Kim Jong Il askeri g\u00fc\u00e7 sahibi olman\u0131n ve savunma sorununun \u00f6ncelikli \u00f6nemini vurgulayan <strong>Songun<\/strong> doktrinini ortaya atm\u0131\u015ft\u0131r, bu h\u00fck\u00fcmetin ekonomik in\u015fa alan\u0131ndaki \u00e7al\u0131\u015fmas\u0131n\u0131n ikinci plana al\u0131nmas\u0131 anlam\u0131na gelir, bununla birlikte 2016 y\u0131l\u0131ndan itibaren Kuzey Kore\u2019nin ekonomik in\u015fa alan\u0131ndaki \u00e7al\u0131\u015fmalara \u00f6nem verdi\u011fini g\u00f6r\u00fcyoruz. Kuzey Kore yar\u0131madas\u0131nda hen\u00fcz iki Kore aras\u0131nda bir bar\u0131\u015f antla\u015fmas\u0131 yoktur ve hala 1951\u2019deki ate\u015fkes s\u00fcrmektedir ve iki Kore aras\u0131ndaki ili\u015fkiler \u00e7ok gergindir. Kore ekonomik a\u00e7\u0131dan az geli\u015fkin \u00fclkeler kategorisinde olan bir \u00fclke ve g\u0131da sorunlar\u0131 ya\u015f\u0131yor.<\/p>\n\n\n\n<p style=\"font-size:clamp(16.834px, 1.052rem + ((1vw - 3.2px) * 0.716), 26px);\">Kuzey Kore&#8217;nin bug\u00fcnk\u00fc mevcut anayasas\u0131 27 Aral\u0131k 1972 tarihinde Be\u015finci Y\u00fcksek Halk Meclisi&#8217;nin ilk oturumunda kabul edilmi\u015ftir. Anayasa 1992, 1998, 2009, 2012, 2016, 2019 ve 2023 y\u0131llar\u0131nda de\u011fi\u015fim g\u00f6rm\u00fc\u015ft\u00fcr.<\/p>\n\n\n\n<p style=\"font-size:clamp(16.834px, 1.052rem + ((1vw - 3.2px) * 0.716), 26px);\">\u00d6rne\u011fin Eyl\u00fcl 2023&#8217;te Kuzey Kore n\u00fckleer silah politikas\u0131n\u0131 anayasas\u0131n\u0131n giri\u015f b\u00f6l\u00fcm\u00fcne dahil etti ve \u015fu ifadeleri kulland\u0131: <strong>\u201cD\u00fcnya sosyalist sisteminin \u00e7\u00f6k\u00fc\u015f\u00fcne ve emperyalist koalisyon g\u00fc\u00e7lerinin \u00e7\u0131lg\u0131nca Kuzey Kore kar\u015f\u0131t\u0131 bast\u0131rma faaliyetlerine yan\u0131t olarak, b\u00fcy\u00fck lider Kim Jong Il Yolda\u015f, b\u00fcy\u00fck lider Kim Il Sung Yolda\u015f&#8217;\u0131n de\u011ferli miras\u0131n\u0131 \u2013 ve sosyalizmin zaferinin meyvelerini \u2013&#8211; bilgece korumak Songun doktrinini (askeri g\u00fc\u00e7 sahibi olman\u0131n \u00f6ncelikli \u00f6nemini vurgulayan doktrin), ortaya att\u0131 ve kulland\u0131 ve anavatan\u0131m\u0131z\u0131 yenilmez bir siyasi ve ideolojik g\u00fcce, n\u00fckleer silahl\u0131 bir \u00fclkeye ve yenilmez bir askeri g\u00fcce d\u00f6n\u00fc\u015ft\u00fcrerek sosyalist bir g\u00fc\u00e7 in\u015fa etmek i\u00e7in geni\u015f bir yol a\u00e7t\u0131\u201d.<\/strong><\/p>\n\n\n\n<p style=\"font-size:clamp(16.834px, 1.052rem + ((1vw - 3.2px) * 0.716), 26px);\">Kore Demokratik Halk Cumhuriyeti Anayasas\u0131, \u015fimdiye Bat\u0131l\u0131 kapitalist g\u00fc\u00e7ler taraf\u0131ndan d\u0131\u015flanan ve ideolojik ambargolara ve karalamalara maruz kalm\u0131\u015f bir \u00fclkenin ve halk\u0131n anatomisini sunuyor. Kabul edildi\u011fi 1972&#8217;den, son de\u011fi\u015fikli\u011fin yap\u0131ld\u0131\u011f\u0131 2023 y\u0131l\u0131na kadar 172 maddesiyle mevcut d\u00fcnya kapitalist sisteme olan alternatif bir bak\u0131\u015f a\u00e7\u0131s\u0131 \u00e7a\u011fr\u0131s\u0131nda bulunuyor. Bu \u00c7eviri, Kore \u0130\u015f\u00e7i Partisi&#8217;nin Almanca olarak 2017 y\u0131l\u0131nda yay\u0131mlad\u0131\u011f\u0131 metinden \u00e7evrilmi\u015ftir.<\/p>\n\n\n\n<p class=\"has-text-align-center\" style=\"font-size:clamp(16.834px, 1.052rem + ((1vw - 3.2px) * 0.716), 26px);\"><strong><span style=\"color: var(--theme-palette-color-2, #cc3333);\" class=\"stk-highlight\">TAMAMINI OKUMAK \u0130\u00c7\u0130N \u0130ND\u0130R\u0130N\u0130Z<\/span><\/strong><\/p>\n\n\n\n<div data-wp-interactive=\"core\/file\" class=\"wp-block-file\"><object data-wp-bind--hidden=\"!state.hasPdfPreview\" hidden class=\"wp-block-file__embed\" data=\"https:\/\/marksizm.org.tr\/wp-content\/uploads\/2024\/07\/kore-Anayasasi-son.pdf\" type=\"application\/pdf\" style=\"width:100%;height:600px\" aria-label=\"kore-Anayasasi-son g\u00f6m\u00fcs\u00fc.\"><\/object><a id=\"wp-block-file--media-f5256c86-5c39-4804-9977-dc6ea317d9e6\" href=\"https:\/\/marksizm.org.tr\/wp-content\/uploads\/2024\/07\/kore-Anayasasi-son.pdf\">kore-Anayasasi-son<\/a><a href=\"https:\/\/marksizm.org.tr\/wp-content\/uploads\/2024\/07\/kore-Anayasasi-son.pdf\" class=\"wp-block-file__button wp-element-button\" download aria-describedby=\"wp-block-file--media-f5256c86-5c39-4804-9977-dc6ea317d9e6\">\u0130ndir<\/a><\/div>\n","protected":false},"excerpt":{"rendered":"<p>Kore Demokratik Halk Cumhuriyeti Anayasas\u0131 Derleyen Ferdi Bekir ve G\u00fclizar \u00d6zkaya Sanc\u0131 Yay\u0131nevi\u2019ne ve \u00e7evirmen Alaz S\u00fcmer\u2019e bu yay\u0131na katk\u0131da bulunduklar\u0131 i\u00e7in te\u015fekk\u00fcr ederiz. Kore Yar\u0131madas\u0131&#8217;n\u0131n \u00e7o\u011funlu\u011funu kaplayan y\u00fcz\u00f6l\u00e7\u00fcm\u00fc ile 25 milyonluk n\u00fcfusuyla Kore Demokratik Halk Cumhuriyeti, ger\u00e7ekten de ilerici insanlar taraf\u0131ndan ve \u00f6zellikle de sosyalist de\u011ferlere sahip olanlarca anla\u015f\u0131lmas\u0131 gereken bir sosyalist kazan\u0131md\u0131r. D\u00fcnyadaki [&hellip;]<\/p>\n","protected":false},"author":1,"featured_media":0,"comment_status":"open","ping_status":"open","sticky":false,"template":"","format":"standard","meta":{"_monsterinsights_skip_tracking":false,"_monsterinsights_sitenote_active":false,"_monsterinsights_sitenote_note":"","_monsterinsights_sitenote_category":0,"footnotes":""},"categories":[6],"tags":[],"class_list":["post-4371","post","type-post","status-publish","format-standard","hentry","category-sosyalist-ulkeler"],"blocksy_meta":[],"_links":{"self":[{"href":"https:\/\/marksizm.org.tr\/index.php?rest_route=\/wp\/v2\/posts\/4371","targetHints":{"allow":["GET"]}}],"collection":[{"href":"https:\/\/marksizm.org.tr\/index.php?rest_route=\/wp\/v2\/posts"}],"about":[{"href":"https:\/\/marksizm.org.tr\/index.php?rest_route=\/wp\/v2\/types\/post"}],"author":[{"embeddable":true,"href":"https:\/\/marksizm.org.tr\/index.php?rest_route=\/wp\/v2\/users\/1"}],"replies":[{"embeddable":true,"href":"https:\/\/marksizm.org.tr\/index.php?rest_route=%2Fwp%2Fv2%2Fcomments&post=4371"}],"version-history":[{"count":2,"href":"https:\/\/marksizm.org.tr\/index.php?rest_route=\/wp\/v2\/posts\/4371\/revisions"}],"predecessor-version":[{"id":4388,"href":"https:\/\/marksizm.org.tr\/index.php?rest_route=\/wp\/v2\/posts\/4371\/revisions\/4388"}],"wp:attachment":[{"href":"https:\/\/marksizm.org.tr\/index.php?rest_route=%2Fwp%2Fv2%2Fmedia&parent=4371"}],"wp:term":[{"taxonomy":"category","embeddable":true,"href":"https:\/\/marksizm.org.tr\/index.php?rest_route=%2Fwp%2Fv2%2Fcategories&post=4371"},{"taxonomy":"post_tag","embeddable":true,"href":"https:\/\/marksizm.org.tr\/index.php?rest_route=%2Fwp%2Fv2%2Ftags&post=4371"}],"curies":[{"name":"wp","href":"https:\/\/api.w.org\/{rel}","templated":true}]}}