{"id":4539,"date":"2024-09-30T12:18:29","date_gmt":"2024-09-30T12:18:29","guid":{"rendered":"https:\/\/marksizm.org.tr\/?p=4539"},"modified":"2024-09-30T12:18:29","modified_gmt":"2024-09-30T12:18:29","slug":"kitap-maonun-halef-sectigi-hua-dortlu-cetenin-verdigi-zararlari-nasil-degerlendirdi","status":"publish","type":"post","link":"https:\/\/marksizm.org.tr\/?p=4539","title":{"rendered":"Kitap: Mao\u2019nun Halef Se\u00e7ti\u011fi Hua D\u00f6rtl\u00fc \u00c7ete\u2019nin Verdi\u011fi Zararlar\u0131 Nas\u0131l De\u011ferlendirdi?"},"content":{"rendered":"\n<h1 class=\"wp-block-heading\">Kitap: Mao\u2019nun Halef Se\u00e7ti\u011fi Hua D\u00f6rtl\u00fc \u00c7ete\u2019nin Verdi\u011fi Zararlar\u0131 Nas\u0131l De\u011ferlendirdi?<\/h1>\n\n\n\n<figure class=\"wp-block-image aligncenter size-large\"><img loading=\"lazy\" decoding=\"async\" width=\"1024\" height=\"576\" src=\"https:\/\/marksizm.org.tr\/wp-content\/uploads\/2024\/09\/Adsiz-tasarim-14-1024x576.png\" alt=\"\" class=\"wp-image-4540\" srcset=\"https:\/\/marksizm.org.tr\/wp-content\/uploads\/2024\/09\/Adsiz-tasarim-14-1024x576.png 1024w, https:\/\/marksizm.org.tr\/wp-content\/uploads\/2024\/09\/Adsiz-tasarim-14-300x169.png 300w, https:\/\/marksizm.org.tr\/wp-content\/uploads\/2024\/09\/Adsiz-tasarim-14-768x432.png 768w, https:\/\/marksizm.org.tr\/wp-content\/uploads\/2024\/09\/Adsiz-tasarim-14-1536x864.png 1536w, https:\/\/marksizm.org.tr\/wp-content\/uploads\/2024\/09\/Adsiz-tasarim-14.png 1920w\" sizes=\"auto, (max-width: 1024px) 100vw, 1024px\" \/><\/figure>\n\n\n\n<p style=\"font-size:clamp(16.834px, 1.052rem + ((1vw - 3.2px) * 0.716), 26px);\">Ge\u00e7mi\u015fte, d\u00fcmende Ba\u015fkan Mao oldu\u011fu s\u00fcrece, kar\u015f\u0131m\u0131za \u00e7\u0131kan b\u00fct\u00fcn g\u00fc\u00e7l\u00fcklere ve tehlikelere kar\u015f\u0131 koyduk; ama \u015fimdi Ba\u015fkan Mao aram\u0131zdan ayr\u0131ld\u0131ktan sonra da Vang, \u00c7ang, \u00c7iang, Yao \u00e7etesinin azg\u0131n sald\u0131r\u0131lar\u0131na kar\u015f\u0131 koyabilecek miyiz? \u00c7in&#8217;in gelece\u011fi parlak m\u0131, yoksa karanl\u0131k m\u0131 olacakt\u0131r? B\u00fct\u00fcn bu endi\u015feler tamamen hakl\u0131yd\u0131.<\/p>\n\n\n\n<p style=\"font-size:clamp(16.834px, 1.052rem + ((1vw - 3.2px) * 0.716), 26px);\">Ne var ki, tarihi yaratan halkt\u0131r ve halk bu sorunun cevab\u0131n\u0131 da vermi\u015ftir. Partimiz Merkez Komitesi, 1976 y\u0131l\u0131nda iki \u00e7izgi aras\u0131nda meydana gelen \u015fiddetli ve karma\u015f\u0131k m\u00fccadelede ve \u00f6zellikle de Ekim ay\u0131ndaki tayin edici muharebede kesin tedbirler ald\u0131 ve \u00abd\u00f6rtl\u00fc \u00e7etenin\u00bb Parti ve devlet iktidar\u0131n\u0131 gaspetme komplosunu bir darbede yerle bir etti. Partinin \u00f6nderli\u011finde, yi\u011fit halk\u0131m\u0131z, kahraman ordumuz ve Partimizin \u00e7ok say\u0131daki \u00fcye ve kadrosu y\u00fcksek bir siyasi bilin\u00e7 d\u00fczeyine sahip olduklar\u0131n\u0131 g\u00f6sterdiler ve bu b\u00fcy\u00fck m\u00fccadelede s\u0131ms\u0131k\u0131 birle\u015ftiler. Parti Merkez Komitesi emir verir vermez, geni\u015f kitleler ayaklanarak hemen eyleme ge\u00e7tiler ve sorun, tek bir kur\u015fun s\u0131k\u0131lmadan ve tek damla kan d\u00f6k\u00fclmeden halledildi. \u00dclkenin her yan\u0131nda askerler ve halk b\u00fcy\u00fck bir sevin\u00e7 i\u00e7indeydi ve durum \u00e7ok sa\u011flamd\u0131.<\/p>\n\n\n\n<p class=\"has-text-align-center has-large-font-size\"><strong><span style=\"color: var(--theme-palette-color-2, #cc3333);\" class=\"stk-highlight\">TAMAMINI OKUMAK \u0130\u00c7\u0130N \u0130ND\u0130R\u0130N\u0130Z<\/span><\/strong><\/p>\n\n\n\n<div data-wp-interactive=\"core\/file\" class=\"wp-block-file\"><object data-wp-bind--hidden=\"!state.hasPdfPreview\" hidden class=\"wp-block-file__embed\" data=\"https:\/\/marksizm.org.tr\/wp-content\/uploads\/2024\/09\/Mao-Zedungun-Proleter-Devrimci-Cizgisinin-Dortlu-Ceteye-Karsi-Zaferi-Aydinlik-Yayinlari-1977_remov.pdf\" type=\"application\/pdf\" style=\"width:100%;height:600px\" aria-label=\"Mao-Zedungun-Proleter-Devrimci-Cizgisinin-Dortlu-Ceteye-Karsi-Zaferi-Aydinlik-Yayinlari-1977_remov g\u00f6m\u00fcs\u00fc.\"><\/object><a id=\"wp-block-file--media-3237f7ef-d980-4ff2-8b15-b66f446c85ea\" href=\"https:\/\/marksizm.org.tr\/wp-content\/uploads\/2024\/09\/Mao-Zedungun-Proleter-Devrimci-Cizgisinin-Dortlu-Ceteye-Karsi-Zaferi-Aydinlik-Yayinlari-1977_remov.pdf\">Mao-Zedungun-Proleter-Devrimci-Cizgisinin-Dortlu-Ceteye-Karsi-Zaferi-Aydinlik-Yayinlari-1977_remov<\/a><a href=\"https:\/\/marksizm.org.tr\/wp-content\/uploads\/2024\/09\/Mao-Zedungun-Proleter-Devrimci-Cizgisinin-Dortlu-Ceteye-Karsi-Zaferi-Aydinlik-Yayinlari-1977_remov.pdf\" class=\"wp-block-file__button wp-element-button\" download aria-describedby=\"wp-block-file--media-3237f7ef-d980-4ff2-8b15-b66f446c85ea\">\u0130ndir<\/a><\/div>\n","protected":false},"excerpt":{"rendered":"<p>Kitap: Mao\u2019nun Halef Se\u00e7ti\u011fi Hua D\u00f6rtl\u00fc \u00c7ete\u2019nin Verdi\u011fi Zararlar\u0131 Nas\u0131l De\u011ferlendirdi? Ge\u00e7mi\u015fte, d\u00fcmende Ba\u015fkan Mao oldu\u011fu s\u00fcrece, kar\u015f\u0131m\u0131za \u00e7\u0131kan b\u00fct\u00fcn g\u00fc\u00e7l\u00fcklere ve tehlikelere kar\u015f\u0131 koyduk; ama \u015fimdi Ba\u015fkan Mao aram\u0131zdan ayr\u0131ld\u0131ktan sonra da Vang, \u00c7ang, \u00c7iang, Yao \u00e7etesinin azg\u0131n sald\u0131r\u0131lar\u0131na kar\u015f\u0131 koyabilecek miyiz? \u00c7in&#8217;in gelece\u011fi parlak m\u0131, yoksa karanl\u0131k m\u0131 olacakt\u0131r? B\u00fct\u00fcn bu endi\u015feler tamamen [&hellip;]<\/p>\n","protected":false},"author":1,"featured_media":0,"comment_status":"open","ping_status":"open","sticky":false,"template":"","format":"standard","meta":{"_monsterinsights_skip_tracking":false,"_monsterinsights_sitenote_active":false,"_monsterinsights_sitenote_note":"","_monsterinsights_sitenote_category":0,"footnotes":""},"categories":[20,9,6],"tags":[],"class_list":["post-4539","post","type-post","status-publish","format-standard","hentry","category-arsiv","category-klasikler","category-sosyalist-ulkeler"],"blocksy_meta":[],"_links":{"self":[{"href":"https:\/\/marksizm.org.tr\/index.php?rest_route=\/wp\/v2\/posts\/4539","targetHints":{"allow":["GET"]}}],"collection":[{"href":"https:\/\/marksizm.org.tr\/index.php?rest_route=\/wp\/v2\/posts"}],"about":[{"href":"https:\/\/marksizm.org.tr\/index.php?rest_route=\/wp\/v2\/types\/post"}],"author":[{"embeddable":true,"href":"https:\/\/marksizm.org.tr\/index.php?rest_route=\/wp\/v2\/users\/1"}],"replies":[{"embeddable":true,"href":"https:\/\/marksizm.org.tr\/index.php?rest_route=%2Fwp%2Fv2%2Fcomments&post=4539"}],"version-history":[{"count":1,"href":"https:\/\/marksizm.org.tr\/index.php?rest_route=\/wp\/v2\/posts\/4539\/revisions"}],"predecessor-version":[{"id":4542,"href":"https:\/\/marksizm.org.tr\/index.php?rest_route=\/wp\/v2\/posts\/4539\/revisions\/4542"}],"wp:attachment":[{"href":"https:\/\/marksizm.org.tr\/index.php?rest_route=%2Fwp%2Fv2%2Fmedia&parent=4539"}],"wp:term":[{"taxonomy":"category","embeddable":true,"href":"https:\/\/marksizm.org.tr\/index.php?rest_route=%2Fwp%2Fv2%2Fcategories&post=4539"},{"taxonomy":"post_tag","embeddable":true,"href":"https:\/\/marksizm.org.tr\/index.php?rest_route=%2Fwp%2Fv2%2Ftags&post=4539"}],"curies":[{"name":"wp","href":"https:\/\/api.w.org\/{rel}","templated":true}]}}