{"id":4846,"date":"2024-12-26T14:36:17","date_gmt":"2024-12-26T14:36:17","guid":{"rendered":"https:\/\/marksizm.org.tr\/?p=4846"},"modified":"2025-01-10T13:58:54","modified_gmt":"2025-01-10T13:58:54","slug":"mustafa-suphi-vakfi-baskani-kemal-atakanin-cin-halk-cumhuriyeti-izlenimleri","status":"publish","type":"post","link":"https:\/\/marksizm.org.tr\/?p=4846","title":{"rendered":"Mustafa Suphi Vakf\u0131 Ba\u015fkan\u0131 Kemal Atakan\u2019\u0131n \u00c7in Halk Cumhuriyeti \u0130zlenimleri"},"content":{"rendered":"\n<h1 class=\"wp-block-heading\"><strong>Mustafa Suphi Vakf\u0131 Ba\u015fkan\u0131 Kemal Atakan\u2019\u0131n<\/strong> <strong>\u00c7in Halk Cumhuriyeti \u0130zlenimleri<\/strong><\/h1>\n\n\n\n<figure class=\"wp-block-image aligncenter size-large\"><img decoding=\"async\" src=\"https:\/\/sosyalistbirlik.com\/wp-content\/uploads\/2024\/12\/maxresdefault-1024x576.jpg\" alt=\"\" class=\"wp-image-7777\"\/><\/figure>\n\n\n\n<p style=\"font-size:clamp(16.834px, 1.052rem + ((1vw - 3.2px) * 0.716), 26px);\"><strong>Mustafa Suphi Vakf\u0131n\u0131n yay\u0131nlad\u0131\u011f\u0131 Politika Gazetesi\u2019nden (Aral\u0131k 2024, Say\u0131 94) Al\u0131nm\u0131\u015ft\u0131r<\/strong><\/p>\n\n\n\n<p style=\"font-size:clamp(16.834px, 1.052rem + ((1vw - 3.2px) * 0.716), 26px);\">\u00c7in Halk Cumhuriyeti\u2019ne ilk defa gittim. Daha \u00f6nce okuduklar\u0131m ve anlat\u0131lanlar\u0131 dinleme d\u0131\u015f\u0131nda \u00e7ok fazla fikir sahibi de\u011fildim. Son y\u0131llarda \u00f6zellikle Canut Yay\u0131nevi taraf\u0131ndan yay\u0131nlanan kal\u0131n kal\u0131n kitaplar\u0131 ilgi ile okumu\u015ftum. Kitaplar a\u011f\u0131rl\u0131kla \u00c7in Kom\u00fcnist Partisi Marksizm-Leninizm Enstit\u00fcs\u00fc ve Bilimler Akademisi hocalar\u0131n\u0131n kaleme ald\u0131\u011f\u0131 kitaplar\u0131n terc\u00fcmesi idi. 1978 y\u0131l\u0131ndan itibaren \u00c7HC\u2019de ya\u015fanan reform s\u00fcrecinin i\u00e7eri\u011fini anlatan, \u00c7KP\u2019nin politik hatt\u0131n\u0131 aktaran, \u00c7HC ekonomisinin ya\u015fanm\u0131\u015fl\u0131klar\u0131n\u0131, g\u00fcncel durumunu ve perspektiflerini anlatan kitaplard\u0131. En \u00e7ok ilgimi \u00e7eken kitaplardan biri ise Sovyetler Birli\u011fi\u2019nde Glasnost ve Perestroyka s\u00fcrecinin \u00f6ncesini ve o s\u00fcreci ele alan ard\u0131ndan da Sovyetlerin da\u011f\u0131lmas\u0131na yola\u00e7an geli\u015fmelerin incelendi\u011fi kitaplard\u0131. Kitab\u0131 okurken \u00c7in\u2019li kom\u00fcnistlerin bu deneyden \u00f6nemli sonu\u00e7lar \u00e7\u0131karma \u00e7abas\u0131 i\u00e7inde olduklar\u0131 anla\u015f\u0131l\u0131yordu. Ama iktidarda \u00c7KP olmas\u0131na ve Sosyalist bir toplum d\u00fczeni i\u00e7inde ya\u015fad\u0131klar\u0131n\u0131 anlatmalar\u0131na ra\u011fmen kafamda bin bir tane soru da olu\u015fuyordu. \u201cSosyalist pazar ekonomisi\u201d acaba ger\u00e7ek ya\u015famda ne anlama geliyordu? Uluslararas\u0131 tekellerin \u00fclkede yat\u0131r\u0131m yapmalar\u0131 nas\u0131l sonu\u00e7lar do\u011furacakt\u0131? Y\u0131lda 20, 30, 40 milyar dolar servet edinen yerli kapitalistleri sosyalizmin neresine koyacakt\u0131k? Pazar ekonomisi sosyalist dahi olsa art\u0131 de\u011fer s\u00f6m\u00fcr\u00fcs\u00fc ve toplumda bir yozla\u015fma yaratmayacak m\u0131yd\u0131? K\u0131sacas\u0131 akl\u0131mda deli sorular&#8230;<\/p>\n\n\n\n<p style=\"font-size:clamp(16.834px, 1.052rem + ((1vw - 3.2px) * 0.716), 26px);\">\u00c7HC\u2019e u\u00e7madan k\u0131sa bir s\u00fcre \u00f6nce en son olarak \u201cBelgelerle \u00c7KP\u2019nin D\u00f6n\u00fcm Noktalar\u0131\u201d kitab\u0131n\u0131, o da yetmedi, bu d\u00f6n\u00fc\u015f\u00fcm\u00fc ba\u015flatan \u201c\u00c7a\u011fda\u015f \u00c7in\u2019in Mimar\u0131 Deng Xiaoping\u201d kitab\u0131n\u0131 devirdim. Bu arada \u00c7KP Genel Sekreteri ve \u00c7HC Devlet Ba\u015fkan\u0131 Xi Jinping\u2019in birka\u00e7 y\u0131l \u00f6nce okudu\u011fum kitab\u0131na bir kez daha g\u00f6z at\u0131p internetten g\u00fcncel konu\u015fmalar\u0131n\u0131 okudum. Kendime g\u00f6re okumalar yap\u0131p gitti\u011fimde kar\u015f\u0131la\u015faca\u011f\u0131m resim ile kar\u015f\u0131la\u015ft\u0131rmay\u0131 tasarlad\u0131m.<\/p>\n\n\n\n<p style=\"font-size:clamp(16.834px, 1.052rem + ((1vw - 3.2px) * 0.716), 26px);\">Ku\u015fkusuz ki ne kadar objektif olmaya \u00e7al\u0131\u015fsam da ciddi bir dezavantaja sahiptim. Y\u0131llarca pro-Sovyet bir gelene\u011fin ta\u015f\u0131y\u0131c\u0131s\u0131 ve SBKP\u2019nin fikirleri ile yo\u011frulmu\u015f bir insan olarak 70\u2019li y\u0131llarda \u00c7in\u2019in Afganistan\u2019da SSCB\u2019ye kar\u015f\u0131 ABD ile i\u015fbirli\u011fi i\u00e7inde konum almas\u0131n\u0131, Kambo\u00e7ya\u2019daki duru\u015fu, Afrika Ulusal Kurtulu\u015f Hareketlerinin sava\u015f\u0131m\u0131nda Sovyet politikalar\u0131na kar\u015f\u0131 ABD ile ayn\u0131 \u00e7izgide durmas\u0131n\u0131 ya\u015fam\u0131\u015f biriydim. \u00c7KP \u00e7izgisini savunan \u201cMaocular\u201d taraf\u0131ndan \u201csosyal-fa\u015fist\u201d olarak nitelendirilen, onlarla m\u00fccadelede defalarca \u00f6l\u00fcmle burun buruna gelen, bir dizi arkada\u015f\u0131 onlar tara f\u0131ndan haince katledilen ve silahl\u0131 \u00e7at\u0131\u015fmada yaralanan yolda\u015flar\u0131 olan biriydim. Biz Sovyetler Birli\u011fi\u2019ni D\u00fcnya Devrimci S\u00fcreci\u2019nin merkezi olarak de\u011ferlendirirken ve Kabe\u2019miz Moskova derken, d\u00fcnya i\u015f\u00e7i s\u0131n\u0131f\u0131n\u0131n en b\u00fcy\u00fck kazan\u0131m\u0131 olarak nitelendirdi\u011fimiz bu devlete \u201csosyal-emperyalist\u201d nitelemesini yak\u0131\u015ft\u0131ran bir d\u00fc\u015f\u00fcnce ak\u0131m\u0131n\u0131n \u00e7\u0131k\u0131\u015f yeriydi benim i\u00e7in \u00c7in. 80\u2019li y\u0131llar\u0131n ikinci yar\u0131s\u0131nda, Sovyetlerdeki Perestroyka s\u00fcrecine ele\u015ftirel yakla\u015fan Almanya Demokratik Cumhuriyeti\u2019nin \u00f6nc\u00fc partisi ASBP\u2019nin \u00c7KP ile ili\u015fkilerde yumu\u015fama ve ili\u015fkileri geli\u015ftirme s\u00fcrecine bizzat \u015fahit olmu\u015ftum. Ama ayn\u0131 d\u00f6nemde \u00c7HC\u2019de de Deng Xiaoping d\u00f6nemi ya\u015fan\u0131yor ve bizim i\u00e7in ak\u0131l almaz reformlar geli\u015fiyordu. Aram\u0131z da \u201cbunlar ya\u011fmurdan ka\u00e7arken doluya tutulacaklar\u201d, SSCB\u2019yi \u201csosyal-emperyalist\u201d olarak nitelendiren \u00c7HC, ABD emperyalizminin kuca\u011f\u0131n\u0131n tam ortas\u0131na oturuyor de\u011ferlendirmeleri yap\u0131yorduk.<\/p>\n\n\n\n<p style=\"font-size:clamp(16.834px, 1.052rem + ((1vw - 3.2px) * 0.716), 26px);\">Beijing\u2019de Karl Marx\u2019\u0131n 200. do\u011fum g\u00fcn\u00fc kutlamas\u0131na atfedilen uluslararas\u0131 konferansa kat\u0131lan -ki o konferansta \u00c7KP Genel Sekreteri Xi Jinping ana konu\u015fmay\u0131 yapm\u0131\u015ft\u0131 ve o konu\u015fmay\u0131 dikkatle okumu\u015ftum- Alman Kom\u00fcnist Partisi y\u00f6neticisi bir yolda\u015f\u0131m konferans d\u00f6n\u00fc\u015f\u00fc bir vesileyle konu\u015ftu\u011fumuzda ve kendisine \u00c7HC ziyareti konusunda izlenimlerini sordu\u011fumda \u201c\u00c7HC kapal\u0131 bir kutu, \u00c7KP\u2019nin program\u0131 ve belgelerini ele al\u0131rsak \u00e7ok olumlu sonu\u00e7lar do\u011furabilir ama bir dizi de \u00e7eli\u015fki g\u00f6r\u00fcyorum, i\u015fler tam tersine de gidebilir ve SSCB\u2019ye benzer bir sonu\u00e7la da kar\u015f\u0131la\u015fabiliriz\u201d diyerek tabiri caiz ise \u00e7ok diplomatik ve yuvarlak bir cevap vermi\u015fti.<\/p>\n\n\n\n<p style=\"font-size:clamp(16.834px, 1.052rem + ((1vw - 3.2px) * 0.716), 26px);\">\u00c7HC\u2019nin niteli\u011fi ve \u00c7KP\u2019nin politikalar\u0131n\u0131 son 15-20 y\u0131lda kendi aram\u0131zda da \u00e7ok tart\u0131\u015ft\u0131k. Kimi yolda\u015flar\u0131m\u0131z \u201c\u00c7HC sosyalist bir devlettir\u201d d\u00fc\u015f\u00fcncesindeyken kimi yolda\u015flar\u0131m\u0131z ise \u201cLenin emperyalizm tekellerdir demi\u015ftir, dolay\u0131s\u0131yla \u00c7HC su kat\u0131lmam\u0131\u015f emperyalist bir devlettir\u201d d\u00fc\u015f\u00fcncesini savunuyordu. Biz bu tart\u0131\u015fmalar\u0131n i\u00e7inden tam olarak \u00e7\u0131kamad\u0131k. Ben hi\u00e7bir zaman \u00c7HC emperyalisttir fikrine kat\u0131lmad\u0131m. Bilin\u00e7li olarak kapitalist pazar ekonomisinin \u00f6gelerini bar\u0131nd\u0131ran bir politikay\u0131 izliyorlar ve bir kazaya u\u011framazsa \u00c7HC \u00f6n\u00fcm\u00fczdeki on y\u0131llarda sosyalizmin in\u015fas\u0131n\u0131 tamamlayacak ve d\u00fcnyada b\u00fcy\u00fck devrimci de\u011fi\u015fimlere yol a\u00e7acak diye d\u00fc\u015f\u00fcn\u00fcyordum ama buna da kendime, olamaya da bilir de gibi bir \u015ferh koyuyordum. Bu rotan\u0131n nas\u0131l geli\u015fece\u011finin tamamen \u00c7KP\u2019nin politik \u00e7izgisinin kararl\u0131l\u0131\u011f\u0131 ve i\u00e7indeki g\u00fc\u00e7ler dengesinin belirleyece\u011fini ve hem olumlu hem de olumsuz anlamda her t\u00fcrl\u00fc s\u00fcrprize haz\u0131r olmam\u0131z gerekti\u011fini d\u00fc\u015f\u00fcn\u00fcyordum. Son tahlilde ise \u00c7KP bizim karde\u015f partimizdir ve onlar geli\u015fmi\u015f sosyalizmi kuraca\u011f\u0131z diyorlarsa bunu veri almal\u0131y\u0131z fikrine kat\u0131l\u0131yordum.<\/p>\n\n\n\n<p style=\"font-size:clamp(16.834px, 1.052rem + ((1vw - 3.2px) * 0.716), 26px);\">Sonu\u00e7ta \u201ctarihin tekerle\u011fi geri \u00e7evrilemez\u201d d\u00fc\u015f\u00fcncesi ile ve hi\u00e7bir zaman akl\u0131m\u0131z\u0131n ucundan ge\u00e7meyecek bir SSCB yenilgisi ya\u015fam\u0131\u015f biri olarak \u201cs\u00fctten a\u011fz\u0131 yanan yo\u011furdu \u00fcfleyerek yermi\u015f\u201d psikolojisindeydim.<\/p>\n\n\n\n<p style=\"font-size:clamp(16.834px, 1.052rem + ((1vw - 3.2px) * 0.716), 26px);\">Bu karma\u015f\u0131k d\u00fc\u015f\u00fcnceler ile \u00c7HC\u2019ne ilk ziyaretimi yapt\u0131m. ABD\u2019ye hi\u00e7 gitmedim ama okuduklar\u0131m ve izledi\u011fim videolardan yola \u00e7\u0131karak, 40 y\u0131l i\u00e7inde Bat\u0131 Avrupa\u2019n\u0131n b\u00fct\u00fcn emperyalist merkez \u00fclkelerinde ya\u015fam\u0131\u015f ve\/veya bulunmu\u015f, 1991 kar\u015f\u0131-devriminden sonra onlarca defa Rusya\u2019y\u0131 ziyaret etmi\u015f biri olarak, bu sayd\u0131\u011f\u0131m devletlerin hi\u00e7birinde g\u00f6rmedi\u011fim bir modernlik ile kar\u015f\u0131la\u015ft\u0131m. Usuma ilk d\u00fc\u015fen yorum \u201chaydi hay\u0131rl\u0131s\u0131 bakal\u0131m nelerle kar\u015f\u0131la\u015faca\u011f\u0131z\u201d oldu. \u00dc\u00e7 ayr\u0131 eyalet ve 4 ayr\u0131 \u015fehir g\u00f6rd\u00fcm. K\u0131rsal alanlara ve \u015fehrin kenar mahallelerine gittim. Anlat\u0131lanlardan veya g\u00f6sterilenlerden s\u00f6z etmiyorum. Bizzat ara\u015ft\u0131r\u0131c\u0131 ve ele\u015ftirel bir g\u00f6zlem sonucu ya\u015fad\u0131klar\u0131m beni hayretler i\u00e7inde b\u0131rakt\u0131. Gitti\u011fim \u015fehir ve mahallelerin 30-40 y\u0131l \u00f6nceki video ve foto\u011fraflar\u0131 ile bug\u00fcn\u00fc kar\u015f\u0131la\u015ft\u0131rd\u0131m. Bir anlamda varo\u015f ve gecekondu tarz\u0131 yap\u0131lar\u0131n oldu\u011fu yerle\u015fim b\u00f6lgelerinin her biri y\u00fcksek apartmanlardan olu\u015fan siteler ve yap\u0131lar ile yer de\u011fi\u015ftirmi\u015f. Bu g\u00f6kdelenlerde i\u015f\u00e7iler ve k\u00f6yl\u00fcler oturuyorlar. Evet, s\u0131f\u0131rdan yeniden kuruldu\u011fu i\u00e7in her \u015fey yeni, modern ve temiz. Ya\u015fam\u0131n her alan\u0131nda bask\u0131dan uzak bir d\u00fczen mevcut. \u0130zlediklerim ve duyduklar\u0131mdan yola \u00e7\u0131karak ABD veya Kanada\u2019da, g\u00f6rd\u00fcklerimden yola \u00e7\u0131karak Almanya, Fransa ve \u0130ngiltere\u2019de ne varsa daha moderni mevcut. Bu ilk izlenimim oldu. Tabii akl\u0131ma hemen \u201cbu ne pahas\u0131na ba\u015far\u0131labilindi\u201d sorusu geldi. Acaba ac\u0131mas\u0131z bir s\u00f6m\u00fcr\u00fc ve sermayenin egemenli\u011fi ile mi kar\u015f\u0131la\u015faca\u011f\u0131m yoksa bu yenilenmenin ve modernle\u015fmenin temelinde \u0131srarl\u0131, istikrarl\u0131 ve bilin\u00e7li bir kom\u00fcnist strateji mi yat\u0131yor? As\u0131l soru bu. Okuduklar\u0131m\u0131 hat\u0131rlamaya \u00e7al\u0131\u015ft\u0131m. \u00c7KP belgelerinde izlenen \u00e7izginin nas\u0131l a\u00e7\u0131kland\u0131\u011f\u0131n\u0131 de\u011ferlendirdim. Sonra kendi kendime bunlar g\u00f6r\u00fcnen y\u00fcz\u00fc acaba i\u00e7i nas\u0131l sorusuna yan\u0131t bulmal\u0131y\u0131m diye d\u00fc\u015f\u00fcnd\u00fcm. \u00d6nce en yak\u0131n\u0131m da olan bize e\u015flik eden gen\u00e7 ve orta ya\u015fl\u0131 kom\u00fcnist kadrolar ile konu\u015ftum. Sonra \u00c7KP\u2019de y\u00f6netici olan yolda\u015flarla tart\u0131\u015fmaya girdim. En sonunda \u00e7ok sorgulay\u0131c\u0131 ve ara\u015ft\u0131r\u0131c\u0131 oldu\u011fum anla\u015f\u0131l\u0131nca baz\u0131 tart\u0131\u015fmalar\u0131 son 3-4 g\u00fcn\u00fc ge\u00e7irece\u011fimiz Beijing\u2019e erteledik.<\/p>\n\n\n\n<p style=\"font-size:clamp(16.834px, 1.052rem + ((1vw - 3.2px) * 0.716), 26px);\">Birka\u00e7 g\u00fcn i\u00e7in \u00f6nyarg\u0131lardan ve \u015f\u00fcphelerden kurtularak sokaktaki insanlar\u0131, i\u015fletmelerdeki i\u015f\u00e7ilerin ya\u015famlar\u0131n\u0131 ve \u00e7al\u0131\u015fma ko\u015fullar\u0131n\u0131, tar\u0131m alan\u0131nda \u00e7al\u0131\u015fan \u00e7ift\u00e7i ve k\u00f6yl\u00fclerin, toplu ta\u015f\u0131ma ara\u00e7lar\u0131n\u0131 s\u00fcren s\u00fcr\u00fcc\u00fclerin, girdi\u011fimiz \u00e7\u0131kt\u0131\u011f\u0131m\u0131z d\u00fckk\u00e2n ve restoranlarda kar\u015f\u0131la\u015ft\u0131\u011f\u0131m \u00e7al\u0131\u015fan ve ziyaret\u00e7ileri incelemeye, g\u00f6zlemlemeye yo\u011funla\u015ft\u0131m. Ya\u015fam\u0131n her alan\u0131nda \u00c7in Kom\u00fcnist Partisi\u2019nin etkisine bizzat \u015fahit oldum. Binlerce gen\u00e7 kom\u00fcnist k\u0131z ve erkek son derece bilin\u00e7li ve disiplinli ama ayn\u0131 zamanda t\u00fcm hal ve hareketlerine yans\u0131yan bir \u00f6z g\u00fcven ve enerji ile etkililer. \u00c7ok iyi e\u011fitilmi\u015f \u00e7elik kadrolar\u2026 Bir anlamda toplumun nabz\u0131n\u0131 tutuyorlar. Orta ya\u015fl\u0131 ve daha y\u00f6netici konumlarda olan kom\u00fcnistler hem k\u00fclt\u00fcrel olarak geli\u015fmi\u015f ve \u00fcstlendikleri sorumluluklar\u0131 hi\u00e7bir kibir emaresi olmadan i\u00e7lerine sindirmi\u015f durumdalar. Toplant\u0131, konferans ve ziyaretlerde kar\u015f\u0131la\u015ft\u0131\u011f\u0131m\u0131z Eyalet sekreterlerinden tutun da \u00c7in Kom\u00fcnist Partisi Merkez Komitesi \u00fcyelerine kadar bir dizi \u00fcst y\u00f6netici kadro yine ayn\u0131 \u015fekilde kibirden ve g\u00f6steri\u015ften uzak ama bir o kadar da sempatik ve de kararl\u0131. Bir b\u00fcrokrat s\u0131n\u0131f mensubu ve ayr\u0131cal\u0131kl\u0131 herhangi bir \u00f6zellik ta\u015f\u0131m\u0131yorlar.<\/p>\n\n\n\n<p style=\"font-size:clamp(16.834px, 1.052rem + ((1vw - 3.2px) * 0.716), 26px);\">Her \u015fehirde kapitalist d\u00fcnya \u00fclkelerin de g\u00f6rebilece\u011finiz Starbuck\u2019sundan, McDonald\u2019\u0131na, Benetton\u2019undan, Levis\u2019ine, Hermes\u2019inden Lacoste\u2019una kadar her marka mevcut. \u00c7HC \u00fcretimi onbinlerce arac\u0131n i\u00e7inde yine orada \u00fcretilen Mercedes, Volkswagen, Audi, Volvo gibi araba markalar\u0131na binlercesiyle kar\u015f\u0131la\u015f\u0131yorsunuz. Her mahallede i\u00e7inde Bat\u0131daki gibi t\u00fcm markalar\u0131n ma\u011fazalar\u0131n\u0131 bar\u0131nd\u0131ran AVM\u2019ler mevcut. Elektrikli ara\u00e7 kullan\u0131m\u0131 y\u00fczde 40 oran\u0131nda y\u00fcksek. Diyelim ki bu makyaj. Ama okullar, \u00fcniversiteler, hastaneler, \u00e7ocuk bak\u0131m ve e\u011flence merkezleri, i\u015f\u00e7iler, emek\u00e7iler, k\u00f6yl\u00fcler, \u00e7ocuklar, gen\u00e7ler ve ya\u015fl\u0131lar i\u00e7in kurumsal yerle\u015fkeler, spor tesisleri \u2013 ki bunlar\u0131n t\u00fcm\u00fc \u00fccretsiz \u2013 her mahallenin ve semtin ayr\u0131lmaz par\u00e7as\u0131. Huawei ve benzeri teknoloji \u00fcreten merkezlerden hi\u00e7 s\u00f6z etmiyorum. Sadece kapitalist d\u00fcnyada b\u00f6yle merkezler ile kar\u015f\u0131la\u015fmad\u0131\u011f\u0131m\u0131 s\u00f6ylemekle yetinece\u011fim.<\/p>\n\n\n\n<p style=\"font-size:clamp(16.834px, 1.052rem + ((1vw - 3.2px) * 0.716), 26px);\">\u015eimdi gelelim zurnan\u0131n z\u0131rt dedi\u011fi noktaya. Onlarca insanla konu\u015ftum. Gen\u00e7, orta ya\u015fl\u0131 ve ya\u015fl\u0131&#8230; Gen\u00e7lerin hemen hemen t\u00fcm\u00fc modern giyimli ama abart\u0131l\u0131 de\u011fil. S\u0131n\u0131f bilincine sahip. K\u00fclt\u00fcrel hazineleri \u00e7ok geli\u015fkin. \u0130ngilizceye benden daha h\u00e2kim. S\u00f6yledikleri bir tek \u015fey var. \u201cBiz ya\u015fam\u0131m\u0131zdan memnunuz, daha iyisini \u00c7in Kom\u00fcnist Partisi sayesinde ve onun \u00f6nc\u00fcl\u00fc\u011f\u00fcnde yapaca\u011f\u0131z, d\u00fcnyaya \u00f6rnek olaca\u011f\u0131z\u201d Hi\u00e7biri d\u00fcnyay\u0131 de\u011fi\u015ftirme amac\u0131ndan s\u00f6z etmedi. \u00d6yle iddial\u0131 s\u00f6ylemleri yok. Bir anlamda \u201cbiz i\u015fimize bakar\u0131z, g\u00f6revimizi yapar\u0131z\u201d m\u00fctevazili\u011fi i\u00e7indeler. Orta ve \u00fcst kademe parti y\u00f6neticileri ile konu\u015furken de \u201cbiz d\u00fcnya devrimini ger\u00e7ekle\u015ftirece\u011fiz\u201d tarz\u0131 s\u00f6ylemleri yok. Her y\u00f6n\u00fcyle kendi \u00e7al\u0131\u015fmalar\u0131na yo\u011funla\u015fm\u0131\u015f durumdalar. \u0130nan\u0131yorum ki kendi g\u00f6revlerinin ba\u015far\u0131ya ula\u015fmas\u0131n\u0131n do\u011fal sonucu olarak d\u00fcnyan\u0131n de\u011fi\u015fece\u011fini d\u00fc\u015f\u00fcn\u00fcyorlar ama bunu dile getirmiyorlar. \u0130ddial\u0131 s\u00f6ylemlerle hi\u00e7bir yerde kar\u015f\u0131la\u015fmad\u0131m.<\/p>\n\n\n\n<p style=\"font-size:clamp(16.834px, 1.052rem + ((1vw - 3.2px) * 0.716), 26px);\">En son ve en \u00f6nemli g\u00f6r\u00fc\u015fmelerin oldu\u011fu Beijing\u2019de \u00c7in Kom\u00fcnist Partisi Merkez Komitesi Uluslararas\u0131 \u0130li\u015fkiler Dairesi yetkilileri ve aralar\u0131nda Merkez Komitesi \u00fcyelerinin de oldu\u011fu yolda\u015flarla tart\u0131\u015f\u0131rken iki s\u00f6ylem bende iz b\u0131rakt\u0131. Bu s\u00f6ylemler de benim sorgulay\u0131c\u0131 soru ve tart\u0131\u015fmalar\u0131ma kar\u015f\u0131l\u0131k s\u00f6ylenen ifadelerdi.<\/p>\n\n\n\n<p style=\"font-size:clamp(16.834px, 1.052rem + ((1vw - 3.2px) * 0.716), 26px);\"><strong>Birincisi<\/strong>; \u201cbiz geli\u015fmi\u015f bir sosyalist toplum kurma hedefi i\u00e7in \u00f6n\u00fcm\u00fczde \u00c7in devriminin 100. y\u0131ld\u00f6n\u00fcm\u00fc olan 2049\u2019u koyduk\u201d diyorlar. Ve \u201cgeri kalm\u0131\u015f feodal bir toplumdan sosyalizm kuruculu\u011funu ilerletecek oradan da geli\u015fmi\u015f sosyalist topluma ge\u00e7mek i\u00e7in \u2019sosyalist pazar ekonomisini\u2019 ya\u015famak zorunday\u0131z. \u2018S\u00f6z\u00fcn\u00fc etti\u011finiz milyarderlerin\u2019 veya kapitalist olarak nitelendirdi\u011finiz ki\u015fileri biz o \u015fekilde de\u011ferlendirmiyoruz. Onlar\u0131 \u2018yeni toplumsal tabakalar\u2019 olarak niteliyor, \u2018Yurtsever Sosyalist Birle\u015fik Cephe\u2019 i\u00e7in de istihdam ediyoruz. Birle\u015fik Cephe iki b\u00f6l\u00fcmden olu\u015fuyor, birincisi eme\u011fiyle \u00e7al\u0131\u015fan toplumsal s\u0131n\u0131f ve tabakalar, ikincisi ise az veya \u00e7ok sermaye geliri ile ya\u015fayan toplumsal katmanlar. \u0130kincilerin siyasal ya\u015famda hi\u00e7bir etkileri yok ve \u00c7KP program ve politikalar\u0131n\u0131n d\u0131\u015f\u0131na \u00e7\u0131kmalar\u0131, ayk\u0131r\u0131 davranmalar\u0131 m\u00fcmk\u00fcn de\u011fil. Bu s\u00fcre\u00e7te b\u00f6yle fig\u00fcrlere ihtiya\u00e7 oldu\u011fundan onlar bu duruma geldiler ama bat\u0131daki propagandan\u0131n tersine o d\u00fczeyde ger\u00e7ek ki\u015fisel servetleri de yok. Hata yapt\u0131klar\u0131 anda en b\u00fcy\u00fck ceza ve yapt\u0131r\u0131mlar ile kar\u015f\u0131la\u015facaklar\u0131n\u0131 biliyorlar ve \u00f6rnekleri ya\u015fand\u0131. \u00c7KP\u2019nin stratejisi ad\u0131m ad\u0131m uygulan\u0131yor ve her ad\u0131mda de\u011ferlendir meler yap\u0131larak gerekli d\u00fczeltmeler ve m\u00fcdahaleler ger\u00e7ekle\u015ftiriliyor\u201d<\/p>\n\n\n\n<p style=\"font-size:clamp(16.834px, 1.052rem + ((1vw - 3.2px) * 0.716), 26px);\"><strong>\u0130kincisi<\/strong>; Gencinden ya\u015fl\u0131s\u0131na, partisizinden parti kadrolar\u0131na kar\u015f\u0131 herkesin birle\u015fti\u011fi bir ortak tespit var. \u201cBiz sosyalizmi yoksullu\u011fu payla\u015fmak i\u00e7in kurup geli\u015ftirmiyoruz\u201d diyorlar. \u201cBu \u00fclkede ya\u015famak ve \u00c7KP\u2019nin ama\u00e7lar\u0131n\u0131 ger\u00e7ekle\u015ftirmek, b\u00fct\u00fcn d\u00fcnyaya \u00f6rnek olmak ve bu \u00fclkede ya\u015fayan halkalar\u0131n hi\u00e7bir bireyinin \u2018ben burada de\u011fil daha modern ve sosyal sisteme sahip bir \u00fclkede ya\u015famak istiyorum\u2019 dedirtmeyecek s\u00f6m\u00fcr\u00fcden ar\u0131nm\u0131\u015f bir toplumsal refah sistemi kurmak i\u00e7in ya\u015f\u0131yoruz ve \u00e7al\u0131\u015f\u0131yoruz\u201d demekteler. A\u00e7\u0131k olarak s\u00f6ylemeseler de Sovyetler Birli \u011fi ve di\u011fer sosyalist devletlerin \u00f6znel ve nesnel ko\u015fullardan dolay\u0131 i\u00e7inde ya\u015famak zorunda kald\u0131klar\u0131 g\u00f6rece daha kapal\u0131 ve toplumsal ya\u015fam a\u00e7\u0131s\u0131ndan modern olmayan durumlar\u0131ndan ders \u00e7\u0131kard\u0131klar\u0131n\u0131 anlamak m\u00fcmk\u00fcn. \u00c7HC\u2019nin askeri alanda ve uluslararas\u0131 politikada ba\u015fta ABD olmak \u00fczere bat\u0131l\u0131 kapitalist merkezlerle \u015fu a\u015famada \u00e7at\u0131\u015fma s\u00fcrecine girmeden kendi ama\u00e7lar\u0131n\u0131 \u00f6ncelikle \u00c7in topraklar\u0131nda ger\u00e7ekle\u015ftirme konusunu \u00f6ne ald\u0131klar\u0131 hem d\u0131\u015far\u0131dan bakan hem de i\u00e7eriyi g\u00f6ren biri i\u00e7in anlamak zor de\u011fil.<\/p>\n\n\n\n<p style=\"font-size:clamp(16.834px, 1.052rem + ((1vw - 3.2px) * 0.716), 26px);\">Bu sat\u0131rlara t\u00fcm izlenimleri s\u0131\u011fd\u0131rmak m\u00fcmk\u00fcn olamaz. G\u00f6rd\u00fcklerimden ve k\u0131sa bir s\u00fcrede \u015fahit olduklar\u0131mdan olumlu y\u00f6nde etkilendi\u011fimi, \u00c7KP \u00f6n\u00fcne koydu\u011fu stratejik ama\u00e7lar\u0131 ger\u00e7ekle\u015ftirirse ger\u00e7ekten t\u00fcm d\u00fcnyan\u0131n i\u00e7inde ya\u015fad\u0131\u011f\u0131m\u0131z yeni ko\u015fullar\u0131nda \u00e7ehresi de\u011fi\u015fir ve d\u00fcnya i\u015f\u00e7i s\u0131n\u0131f\u0131n\u0131 ve ezilen halklara devrimci anlamda \u00e7\u00f6z\u00fcm \u00fcreten bir sonu\u00e7 elde edilebilir umudunu ta\u015f\u0131mak istiyorum. Alman yolda\u015f\u0131m\u0131n duygu ve d\u00fc\u015f\u00fcncelerine tamamen kat\u0131ld\u0131\u011f\u0131m\u0131 ifade etmek istiyorum. Beijing\u2019den ayr\u0131lmadan bir TV kanal\u0131 ile yap\u0131lan r\u00f6portajda soruya kar\u015f\u0131l\u0131k \u015funu ifade ettim: \u201cToplumsal yasalar\u0131 ve de\u011fi\u015fimleri do\u011fan\u0131n kanunlar\u0131 belirler. Do\u011fada da bir ger\u00e7ek var; \u2018G\u00fcne\u015f Do\u011fudan Do\u011far!\u2019 B\u00fct\u00fcn arzum ve \u00e7abam bu y\u00f6ndedir ve hepimize bu zor s\u0131n\u0131f m\u00fccadelemizde ba\u015far\u0131lar diliyorum\u201d.<\/p>\n","protected":false},"excerpt":{"rendered":"<p>Mustafa Suphi Vakf\u0131 Ba\u015fkan\u0131 Kemal Atakan\u2019\u0131n \u00c7in Halk Cumhuriyeti \u0130zlenimleri Mustafa Suphi Vakf\u0131n\u0131n yay\u0131nlad\u0131\u011f\u0131 Politika Gazetesi\u2019nden (Aral\u0131k 2024, Say\u0131 94) Al\u0131nm\u0131\u015ft\u0131r \u00c7in Halk Cumhuriyeti\u2019ne ilk defa gittim. Daha \u00f6nce okuduklar\u0131m ve anlat\u0131lanlar\u0131 dinleme d\u0131\u015f\u0131nda \u00e7ok fazla fikir sahibi de\u011fildim. Son y\u0131llarda \u00f6zellikle Canut Yay\u0131nevi taraf\u0131ndan yay\u0131nlanan kal\u0131n kal\u0131n kitaplar\u0131 ilgi ile okumu\u015ftum. Kitaplar a\u011f\u0131rl\u0131kla \u00c7in [&hellip;]<\/p>\n","protected":false},"author":1,"featured_media":0,"comment_status":"open","ping_status":"open","sticky":false,"template":"","format":"standard","meta":{"_monsterinsights_skip_tracking":false,"_monsterinsights_sitenote_active":false,"_monsterinsights_sitenote_note":"","_monsterinsights_sitenote_category":0,"footnotes":""},"categories":[6,4],"tags":[],"class_list":["post-4846","post","type-post","status-publish","format-standard","hentry","category-sosyalist-ulkeler","category-turkiye-sosyalizmi"],"blocksy_meta":[],"_links":{"self":[{"href":"https:\/\/marksizm.org.tr\/index.php?rest_route=\/wp\/v2\/posts\/4846","targetHints":{"allow":["GET"]}}],"collection":[{"href":"https:\/\/marksizm.org.tr\/index.php?rest_route=\/wp\/v2\/posts"}],"about":[{"href":"https:\/\/marksizm.org.tr\/index.php?rest_route=\/wp\/v2\/types\/post"}],"author":[{"embeddable":true,"href":"https:\/\/marksizm.org.tr\/index.php?rest_route=\/wp\/v2\/users\/1"}],"replies":[{"embeddable":true,"href":"https:\/\/marksizm.org.tr\/index.php?rest_route=%2Fwp%2Fv2%2Fcomments&post=4846"}],"version-history":[{"count":4,"href":"https:\/\/marksizm.org.tr\/index.php?rest_route=\/wp\/v2\/posts\/4846\/revisions"}],"predecessor-version":[{"id":4926,"href":"https:\/\/marksizm.org.tr\/index.php?rest_route=\/wp\/v2\/posts\/4846\/revisions\/4926"}],"wp:attachment":[{"href":"https:\/\/marksizm.org.tr\/index.php?rest_route=%2Fwp%2Fv2%2Fmedia&parent=4846"}],"wp:term":[{"taxonomy":"category","embeddable":true,"href":"https:\/\/marksizm.org.tr\/index.php?rest_route=%2Fwp%2Fv2%2Fcategories&post=4846"},{"taxonomy":"post_tag","embeddable":true,"href":"https:\/\/marksizm.org.tr\/index.php?rest_route=%2Fwp%2Fv2%2Ftags&post=4846"}],"curies":[{"name":"wp","href":"https:\/\/api.w.org\/{rel}","templated":true}]}}