{"id":4885,"date":"2025-01-02T23:02:10","date_gmt":"2025-01-02T23:02:10","guid":{"rendered":"https:\/\/marksizm.org.tr\/?p=4885"},"modified":"2025-11-04T21:42:07","modified_gmt":"2025-11-04T21:42:07","slug":"cin-yoldasi-kubanin-elektrik-sistemini-yenilemesine-yardimci-olmak-icin-70-ton-ekipman-bagisladi","status":"publish","type":"post","link":"https:\/\/marksizm.org.tr\/?p=4885","title":{"rendered":"\u00c7in Yolda\u015f\u0131 K\u00fcba&#8217;n\u0131n Elektrik Sistemini Yenilemesine Yard\u0131mc\u0131 Olmak \u0130\u00e7in 70 Ton Ekipman Ba\u011f\u0131\u015flad\u0131"},"content":{"rendered":"\n<h1 class=\"wp-block-heading\"><strong>\u00c7in Yolda\u015f\u0131 K\u00fcba&#8217;n\u0131n Elektrik Sistemini Yenilemesine Yard\u0131mc\u0131 Olmak \u0130\u00e7in 70 Ton Ekipman Ba\u011f\u0131\u015flad\u0131<\/strong><\/h1>\n\n\n\n<h2 class=\"wp-block-heading\"><strong>Ferdi Bekir, Ocak 2025<\/strong><\/h2>\n\n\n\n<figure class=\"wp-block-image aligncenter size-full\"><img loading=\"lazy\" decoding=\"async\" width=\"1600\" height=\"900\" src=\"https:\/\/marksizm.org.tr\/wp-content\/uploads\/2025\/01\/china-cuba-1600x900-1.jpg\" alt=\"\" class=\"wp-image-4887\" srcset=\"https:\/\/marksizm.org.tr\/wp-content\/uploads\/2025\/01\/china-cuba-1600x900-1.jpg 1600w, https:\/\/marksizm.org.tr\/wp-content\/uploads\/2025\/01\/china-cuba-1600x900-1-300x169.jpg 300w, https:\/\/marksizm.org.tr\/wp-content\/uploads\/2025\/01\/china-cuba-1600x900-1-1024x576.jpg 1024w, https:\/\/marksizm.org.tr\/wp-content\/uploads\/2025\/01\/china-cuba-1600x900-1-768x432.jpg 768w, https:\/\/marksizm.org.tr\/wp-content\/uploads\/2025\/01\/china-cuba-1600x900-1-1536x864.jpg 1536w\" sizes=\"auto, (max-width: 1600px) 100vw, 1600px\" \/><\/figure>\n\n\n\n<p style=\"font-size:clamp(16.834px, 1.052rem + ((1vw - 3.2px) * 0.716), 26px);\">\u00c7in Halk Cumhuriyeti, K\u00fcba&#8217;ya yakla\u015f\u0131k 70 ton jenerat\u00f6r par\u00e7as\u0131 ve ekipman\u0131 ba\u011f\u0131\u015flayarak \u00fclkenin elektrik sisteminin toparlanmas\u0131na katk\u0131da bulundu\u011funu a\u00e7\u0131klad\u0131. Malzemeler 29 Aral\u0131k Pazar g\u00fcn\u00fc K\u00fcba\u2019ya ula\u015ft\u0131 ve \u00c7in&#8217;in K\u00fcba B\u00fcy\u00fckel\u00e7isi Hua Xin ile K\u00fcba D\u0131\u015f Ticaret ve Yat\u0131r\u0131m Bakan Yard\u0131mc\u0131s\u0131 D\u00e9borah Rivas ve Enerji ve Madencilik Bakan Yard\u0131mc\u0131s\u0131 Tatiana Amar\u00e1n taraf\u0131ndan t\u00f6renle kabul edildi.<\/p>\n\n\n\n<p style=\"font-size:clamp(16.834px, 1.052rem + ((1vw - 3.2px) * 0.716), 26px);\">B\u00fcy\u00fckel\u00e7i Hua Xin, bu sevkiyat\u0131n \u00c7in&#8217;in 2024 y\u0131l\u0131nda K\u00fcba&#8217;n\u0131n elektrik \u00fcretim kapasitesini yakla\u015f\u0131k 400 megawatt seviyesine \u00e7\u0131karmas\u0131n\u0131 hedefleyen ikinci yard\u0131m paketi kapsam\u0131nda oldu\u011funu belirtti. \u00c7in h\u00fck\u00fcmeti taraf\u0131ndan \u201cen acil ihtiya\u00e7lara y\u00f6nelik destek\u201d olarak adland\u0131r\u0131lan bu proje kapsam\u0131nda yap\u0131lan kar\u015f\u0131l\u0131ks\u0131z yard\u0131mlar, K\u00fcba&#8217;ya h\u0131zl\u0131 ve etkili bir destek sa\u011flamak amac\u0131n\u0131 g\u00fcd\u00fcyor.<\/p>\n\n\n\n<p style=\"font-size:clamp(16.834px, 1.052rem + ((1vw - 3.2px) * 0.716), 26px);\">\u00c7in B\u00fcy\u00fckel\u00e7isi, &#8220;Bir sonraki sevkiyatlar\u0131n yak\u0131nda kargo u\u00e7aklar\u0131, ticari u\u00e7u\u015flar veya gemi konteyner ta\u015f\u0131mac\u0131l\u0131\u011f\u0131 yoluyla ula\u015fmas\u0131 bekleniyor,&#8221; diye ekledi.<\/p>\n\n\n\n<p style=\"font-size:clamp(16.834px, 1.052rem + ((1vw - 3.2px) * 0.716), 26px);\">Ba\u011f\u0131\u015flar\u0131n teslim al\u0131nd\u0131\u011f\u0131 k\u0131sa bir t\u00f6ren s\u0131ras\u0131nda Bakan Yard\u0131mc\u0131s\u0131 D\u00e9borah Rivas, bu deste\u011fin &#8220;\u00c7in h\u00fck\u00fcmeti yetkililerinin K\u00fcba&#8217;n\u0131n ihtiya\u00e7lar\u0131na g\u00f6sterdi\u011fi y\u00fcksek duyarl\u0131l\u0131\u011f\u0131 ve her ko\u015fulda K\u00fcba&#8217;ya verdikleri kararl\u0131 deste\u011fi yans\u0131tt\u0131\u011f\u0131n\u0131&#8221; s\u00f6yledi. K\u00fcba lideri Rivas, \u00c7in&#8217;in bu ba\u011f\u0131\u015flar\u0131n\u0131n K\u00fcba h\u00fck\u00fcmetinin enerji s\u00fcrd\u00fcr\u00fclebilirli\u011fini sa\u011flama \u00e7abalar\u0131na ger\u00e7ek bir karde\u015flik \u00f6rne\u011fi olarak katk\u0131 sundu\u011funu vurgulad\u0131.<\/p>\n\n\n\n<p style=\"font-size:clamp(16.834px, 1.052rem + ((1vw - 3.2px) * 0.716), 26px);\">Rivas ayr\u0131ca, bu ba\u011f\u0131\u015flar\u0131n \u00fclke genelinde yakla\u015f\u0131k 53.200 haneye fayda sa\u011flayaca\u011f\u0131n\u0131 tahmin ettiklerini ifade etti.<\/p>\n\n\n\n<p style=\"font-size:clamp(16.834px, 1.052rem + ((1vw - 3.2px) * 0.716), 26px);\">Bu ba\u011f\u0131\u015flar, son aylarda daha da k\u00f6t\u00fcle\u015fen ciddi bir enerji kriziyle m\u00fccadele eden Sosyalist K\u00fcba&#8217;ya \u00f6nemli bir destek sa\u011fl\u0131yor. Bu y\u0131l, K\u00fcba ulusal elektrik sisteminde \u00fc\u00e7 kez tamamen karanl\u0131kta kal\u0131nan b\u00fcy\u00fck elektrik kesintileri ya\u015fad\u0131. Halen g\u00fcnl\u00fck elektrik kesintileri n\u00fcfusun %40&#8217;\u0131ndan fazlas\u0131n\u0131 etkiliyor ve bu durum hem ekonomik faaliyetlere hem de halk\u0131n ya\u015fam kalitesine ciddi zarar veriyor.<\/p>\n\n\n\n<p style=\"font-size:clamp(16.834px, 1.052rem + ((1vw - 3.2px) * 0.716), 26px);\"><strong>Emperyalist Abluka ve K\u00fcba\u2019n\u0131n Enerji Alan\u0131nda Ya\u015fad\u0131\u011f\u0131 Sorunlar<\/strong><\/p>\n\n\n\n<p style=\"font-size:clamp(16.834px, 1.052rem + ((1vw - 3.2px) * 0.716), 26px);\">\u00c7in&#8217;in K\u00fcba&#8217;ya yapt\u0131\u011f\u0131 ba\u011f\u0131\u015flar, iki \u00fclke liderleri Miguel D\u00edaz-Canel ve Xi Jinping aras\u0131nda imzalanan ve enerji, ula\u015f\u0131m, g\u0131da ve ticaret gibi stratejik alanlarda i\u015f birli\u011fini geni\u015fletmeyi ama\u00e7layan anla\u015fmalar\u0131n bir par\u00e7as\u0131.<\/p>\n\n\n\n<p style=\"font-size:clamp(16.834px, 1.052rem + ((1vw - 3.2px) * 0.716), 26px);\">K\u00fcba&#8217;n\u0131n elektrik \u00fcretimi, \u00e7o\u011fu 30 y\u0131ldan daha eski olan ve s\u00fcrekli bak\u0131ma ihtiya\u00e7 duyan eski termik santrallerden sa\u011flan\u0131yor. Ancak, ABD&#8217;nin \u00fclkeye uygulad\u0131\u011f\u0131 ve Birle\u015fmi\u015f Milletler&#8217;e \u00fcye \u00fclkelerin b\u00fcy\u00fck \u00e7o\u011funlu\u011fu taraf\u0131ndan yasa d\u0131\u015f\u0131 olarak g\u00f6r\u00fclen ambargo nedeniyle, K\u00fcba, elektrik sistemini \u00e7al\u0131\u015f\u0131r durumda tutmak i\u00e7in gerekli yat\u0131r\u0131mlar\u0131 ve bak\u0131mlar\u0131 yapmakta ciddi mali zorluklar ya\u015f\u0131yor.<\/p>\n\n\n\n<p style=\"font-size:clamp(16.834px, 1.052rem + ((1vw - 3.2px) * 0.716), 26px);\">ABD&#8217;nin K\u00fcba ile ticaret yapan \u00fclkelere tek tarafl\u0131 olarak uygulad\u0131\u011f\u0131 yapt\u0131r\u0131mlar, yak\u0131t ve di\u011fer \u00fcr\u00fcnlerin ithalat\u0131n\u0131 b\u00fcy\u00fck \u00f6l\u00e7\u00fcde zorla\u015ft\u0131rmakta. K\u00fcba limanlar\u0131na yana\u015fan her gemi yapt\u0131r\u0131ma maruz kalmakta, bu da Sosyalist K\u00fcba\u2019n\u0131n ihtiya\u00e7 duydu\u011fu \u00fcr\u00fcnleri ithal etmek i\u00e7in a\u015f\u0131r\u0131 y\u00fcksek fiyatlar \u00f6demesine neden olmakta.<\/p>\n\n\n\n<p style=\"font-size:clamp(16.834px, 1.052rem + ((1vw - 3.2px) * 0.716), 26px);\">Son aylarda \u00c7in h\u00fck\u00fcmeti, K\u00fcba\u2019da g\u00fcne\u015f enerjisine dayal\u0131 yenilenebilir enerji projelerinde kullan\u0131lmak \u00fczere \u00e7e\u015fitli g\u00fcne\u015f enerjisi sistemleri ba\u011f\u0131\u015flad\u0131. B\u00f6lgenin iklim ko\u015fullar\u0131, g\u00fcne\u015f \u0131\u015f\u0131\u011f\u0131n\u0131 \u00fclke i\u00e7in en uygun yenilenebilir enerji kayna\u011f\u0131 yap\u0131yor.<\/p>\n\n\n\n<p style=\"font-size:clamp(16.834px, 1.052rem + ((1vw - 3.2px) * 0.716), 26px);\">\u015eu anda K\u00fcba&#8217;n\u0131n enerji \u00fcretiminin %95&#8217;inden fazlas\u0131 fosil yak\u0131tlardan sa\u011flan\u0131rken, yaln\u0131zca %5&#8217;i yenilenebilir enerji kaynaklar\u0131ndan elde edilmekte. K\u00fcba, \u00f6n\u00fcm\u00fczdeki be\u015f y\u0131l i\u00e7inde elektrik enerjisinin %25&#8217;ini yenilenebilir kaynaklardan \u00fcretmeyi hedefliyor. 2050 y\u0131l\u0131na kadar ise K\u00fcba\u2019da t\u00fcm enerjinin yenilenebilir enerji kaynaklar\u0131na dayal\u0131 olmas\u0131 planlan\u0131yor.<\/p>\n\n\n\n<p style=\"font-size:clamp(16.834px, 1.052rem + ((1vw - 3.2px) * 0.716), 26px);\">Aral\u0131k ay\u0131n\u0131n ortalar\u0131nda \u00c7in ve K\u00fcba, birka\u00e7 g\u00fcne\u015f enerjisi santralinin daha in\u015fa edilece\u011fini resmen duyurdu. \u00c7in taraf\u0131ndan kar\u015f\u0131l\u0131ks\u0131z ger\u00e7ekle\u015ftirilecek bu projelerin, K\u00fcba&#8217;ya y\u0131lda yakla\u015f\u0131k 7 milyon ABD dolar\u0131 tasarruf sa\u011flayabilece\u011fi tahmin ediliyor.<\/p>\n","protected":false},"excerpt":{"rendered":"<p>\u00c7in Yolda\u015f\u0131 K\u00fcba&#8217;n\u0131n Elektrik Sistemini Yenilemesine Yard\u0131mc\u0131 Olmak \u0130\u00e7in 70 Ton Ekipman Ba\u011f\u0131\u015flad\u0131 Ferdi Bekir, Ocak 2025 \u00c7in Halk Cumhuriyeti, K\u00fcba&#8217;ya yakla\u015f\u0131k 70 ton jenerat\u00f6r par\u00e7as\u0131 ve ekipman\u0131 ba\u011f\u0131\u015flayarak \u00fclkenin elektrik sisteminin toparlanmas\u0131na katk\u0131da bulundu\u011funu a\u00e7\u0131klad\u0131. Malzemeler 29 Aral\u0131k Pazar g\u00fcn\u00fc K\u00fcba\u2019ya ula\u015ft\u0131 ve \u00c7in&#8217;in K\u00fcba B\u00fcy\u00fckel\u00e7isi Hua Xin ile K\u00fcba D\u0131\u015f Ticaret ve Yat\u0131r\u0131m [&hellip;]<\/p>\n","protected":false},"author":1,"featured_media":0,"comment_status":"open","ping_status":"open","sticky":false,"template":"","format":"standard","meta":{"_monsterinsights_skip_tracking":false,"_monsterinsights_sitenote_active":false,"_monsterinsights_sitenote_note":"","_monsterinsights_sitenote_category":0,"footnotes":""},"categories":[5,6],"tags":[],"class_list":["post-4885","post","type-post","status-publish","format-standard","hentry","category-dunya-sosyalizmi","category-sosyalist-ulkeler"],"blocksy_meta":[],"_links":{"self":[{"href":"https:\/\/marksizm.org.tr\/index.php?rest_route=\/wp\/v2\/posts\/4885","targetHints":{"allow":["GET"]}}],"collection":[{"href":"https:\/\/marksizm.org.tr\/index.php?rest_route=\/wp\/v2\/posts"}],"about":[{"href":"https:\/\/marksizm.org.tr\/index.php?rest_route=\/wp\/v2\/types\/post"}],"author":[{"embeddable":true,"href":"https:\/\/marksizm.org.tr\/index.php?rest_route=\/wp\/v2\/users\/1"}],"replies":[{"embeddable":true,"href":"https:\/\/marksizm.org.tr\/index.php?rest_route=%2Fwp%2Fv2%2Fcomments&post=4885"}],"version-history":[{"count":2,"href":"https:\/\/marksizm.org.tr\/index.php?rest_route=\/wp\/v2\/posts\/4885\/revisions"}],"predecessor-version":[{"id":5971,"href":"https:\/\/marksizm.org.tr\/index.php?rest_route=\/wp\/v2\/posts\/4885\/revisions\/5971"}],"wp:attachment":[{"href":"https:\/\/marksizm.org.tr\/index.php?rest_route=%2Fwp%2Fv2%2Fmedia&parent=4885"}],"wp:term":[{"taxonomy":"category","embeddable":true,"href":"https:\/\/marksizm.org.tr\/index.php?rest_route=%2Fwp%2Fv2%2Fcategories&post=4885"},{"taxonomy":"post_tag","embeddable":true,"href":"https:\/\/marksizm.org.tr\/index.php?rest_route=%2Fwp%2Fv2%2Ftags&post=4885"}],"curies":[{"name":"wp","href":"https:\/\/api.w.org\/{rel}","templated":true}]}}