{"id":5038,"date":"2025-01-23T12:58:39","date_gmt":"2025-01-23T12:58:39","guid":{"rendered":"https:\/\/marksizm.org.tr\/?p=5038"},"modified":"2026-02-01T22:20:44","modified_gmt":"2026-02-01T22:20:44","slug":"22-ekim-imrali-surecinin-nedenleri-ve-sonuclari-uzerine-bir-ongoru","status":"publish","type":"post","link":"https:\/\/marksizm.org.tr\/?p=5038","title":{"rendered":"22 Ekim \u201c\u0130mral\u0131\u201d S\u00fcrecinin Nedenleri ve Sonu\u00e7lar\u0131 \u00dczerine Bir \u00d6ng\u00f6r\u00fc"},"content":{"rendered":"\n<h1 class=\"wp-block-heading\"><strong>22 Ekim \u201c\u0130mral\u0131\u201d S\u00fcrecinin Nedenleri ve Sonu\u00e7lar\u0131 \u00dczerine Bir \u00d6ng\u00f6r\u00fc<\/strong><\/h1>\n\n\n\n<p style=\"font-size:clamp(16.834px, 1.052rem + ((1vw - 3.2px) * 0.716), 26px);\"><strong>Cem K\u0131z\u0131l\u00e7e\u00e7<\/strong>, <strong>Ocak 2025<\/strong><\/p>\n\n\n\n<p style=\"font-size:clamp(16.834px, 1.052rem + ((1vw - 3.2px) * 0.716), 26px);\"><strong>Bu yaz\u0131<\/strong>&nbsp;<strong>22 Ekim \u201c\u0130mral\u0131\u201d s\u00fcrecinin nedenlerini, Cumhur \u0130ttifak\u0131 a\u00e7\u0131s\u0131ndan tart\u0131\u015facakt\u0131r. DEM ve di\u011fer K\u00fcrt siyasi \u00e7evrelerinin beklentileri ikinci bir yaz\u0131da ele alaca\u011f\u0131z<\/strong><\/p>\n\n\n\n<p style=\"font-size:clamp(16.834px, 1.052rem + ((1vw - 3.2px) * 0.716), 26px);\"><strong>Cem K\u0131z\u0131l\u00e7e\u00e7<\/strong>,&nbsp;<strong>Ocak 2025<\/strong><\/p>\n\n\n\n<p style=\"font-size:clamp(16.834px, 1.052rem + ((1vw - 3.2px) * 0.716), 26px);\"><strong>Bu yaz\u0131<\/strong>&nbsp;<strong>22 Ekim \u201c\u0130mral\u0131\u201d s\u00fcrecinin nedenlerini, Cumhur \u0130ttifak\u0131 a\u00e7\u0131s\u0131ndan tart\u0131\u015facakt\u0131r. DEM ve di\u011fer K\u00fcrt siyasi \u00e7evrelerinin beklentileri ikinci bir yaz\u0131da ele alaca\u011f\u0131z<\/strong><\/p>\n\n\n\n<p style=\"font-size:clamp(16.834px, 1.052rem + ((1vw - 3.2px) * 0.716), 26px);\">S\u00fcre\u00e7te MHP ve Bah\u00e7eli\u2019nin ad\u0131n\u0131n ve s\u00f6ylemlerinin \u00f6ne \u00e7\u0131kmas\u0131n\u0131n temel nedeni, Cumhur \u0130ttifak\u0131 h\u00fck\u00fcmetinin bu s\u00fcreci ilerletmede kararl\u0131 oldu\u011funu g\u00f6stermeyi ama\u00e7l\u0131yor. Bah\u00e7eli\u2019nin ilk vuru\u015fu yapmas\u0131 siyasi \u00e7evrelerde, b\u00fcrokraside ve kamuoyunda bu kez ciddi ve kararl\u0131 olundu\u011fu izlenimini vermektedir. \u0130nsanlar bu beklenmedik \u00e7\u0131k\u0131\u015f\u0131n kayna\u011f\u0131n\u0131 merak etmekte ve genellikle bu \u00e7\u0131k\u0131\u015f\u0131n i\u00e7 politikadaki ittifaklar\u0131 ve siyasi dengeleri de\u011fi\u015ftirme ama\u00e7l\u0131 oldu\u011funu d\u00fc\u015f\u00fcnmektedir.<\/p>\n\n\n\n<p style=\"font-size:clamp(16.834px, 1.052rem + ((1vw - 3.2px) * 0.716), 26px);\">Kan\u0131m\u0131zca Cumhur ittifak\u0131n\u0131n bu ad\u0131m\u0131 atmas\u0131n\u0131n nedenleri ba\u015fl\u0131ca 6 olgu ile ba\u011flant\u0131l\u0131d\u0131r.<\/p>\n\n\n\n<p style=\"font-size:clamp(16.834px, 1.052rem + ((1vw - 3.2px) * 0.716), 26px);\">Birincisi, Kuzey Suriye\u2019deki K\u00fcrt devletle\u015fmesine giden s\u00fcre\u00e7 ve i\u00e7erde DEM parti muhalefetinin zay\u0131flamadan devam etmesi\u2014bu&nbsp;her ikisi birlikte\u2014 ve bunlara ilaveten&nbsp;\u00fc\u00e7\u00fcnc\u00fcs\u00fc&nbsp;CHP ile DEM se\u00e7im ittifaklar\u0131\u2014 h\u00fck\u00fcmet a\u00e7\u0131s\u0131ndan son 5-6 y\u0131l boyunca&nbsp;T\u00fcrkiye\u2019deki&nbsp;toplumsal y\u00f6neti\u015fim a\u00e7\u0131s\u0131ndan b\u00fcy\u00fck bir meydan okuma ve siyasal istikrars\u0131zl\u0131k etkeni olarak g\u00f6r\u00fclmektedir. H\u00fck\u00fcmet ayn\u0131 zamanda bu tehdidi bir f\u0131rsata d\u00f6n\u00fc\u015ft\u00fcrmek&nbsp;ve&nbsp;b\u00fcy\u00fck bir&nbsp;T\u00fcrk-K\u00fcrt&nbsp;milli birlik heyecan\u0131 yaratarak i\u00e7erde bir\u00e7ok&nbsp;ba\u015fka&nbsp;nedenle zay\u0131flayan kitle deste\u011fini artt\u0131rmak istiyor.<\/p>\n\n\n\n<p style=\"font-size:clamp(16.834px, 1.052rem + ((1vw - 3.2px) * 0.716), 26px);\">\u0130kincisi, T\u00fcrk sava\u015f g\u00fc\u00e7leri 2019 y\u0131l\u0131ndan bu yana PKK&nbsp;silahl\u0131 g\u00fc\u00e7lerine&nbsp;&nbsp;kar\u015f\u0131&nbsp;s\u00fcrd\u00fcrd\u00fc\u011f\u00fc&nbsp;Pen\u00e7e&nbsp;ve Pen\u00e7e Kilit&nbsp;operasyonlar\u0131 sonucunda Kuzey Irak ve Kuzey Suriye topraklar\u0131nda \u00f6nemli mevziler elde etmi\u015f, \u00e7ok say\u0131da \u00fcsler ve karakollar kurmu\u015f, PKK g\u00fc\u00e7lerine \u00f6nemli darbeler vurmu\u015f, ayr\u0131ca Kuzey Suriye topraklar\u0131na askeri ve idari olarak yerle\u015fmi\u015f, bu&nbsp;\u00fclkenin topraklar\u0131nda Esad&nbsp;h\u00fck\u00fcmetine muhalif g\u00fc\u00e7lerle i\u015fbirli\u011fini ileri d\u00fczeylere ta\u015f\u0131m\u0131\u015f ve PKK ve ona yak\u0131n g\u00fc\u00e7leri askeri olarak ku\u015fatm\u0131\u015f durumdad\u0131r.&nbsp;H\u00fck\u00fcmet daha \u00f6nce Esad h\u00fck\u00fcmetini PKK\u2019ye kar\u015f\u0131 i\u015fbirli\u011fine zorlam\u0131\u015ft\u0131. \u015eimdi Esad h\u00fck\u00fcmeti devrilip T\u00fcrk h\u00fck\u00fcmeti ile yak\u0131n i\u015fbirli\u011fi yapabilecek g\u00fc\u00e7ler iktidara geldi\u011finde,&nbsp;T\u00fcrk h\u00fck\u00fcmeti&nbsp;PKK ve ona yak\u0131n g\u00fc\u00e7ler \u00fczerinde bask\u0131 uygulamak a\u00e7\u0131s\u0131ndan daha elveri\u015fli ko\u015fullara sahip oldu.<\/p>\n\n\n\n<p style=\"font-size:clamp(16.834px, 1.052rem + ((1vw - 3.2px) * 0.716), 26px);\">\u00dc\u00e7\u00fcnc\u00fcs\u00fc, Hamas\u2019\u0131n Aksa Tufan\u0131 sald\u0131r\u0131s\u0131ndan itibaren Ortado\u011fu\u2019da b\u00fcy\u00fck de\u011fi\u015fimler meydana geldi. Hem \u0130ran ve hem de ona ba\u011fl\u0131 g\u00fc\u00e7ler, Yemen Husileri, Lubnan Hizbullah\u0131, Suriye Hizbullah\u0131 \u0130srail ile Filistin+Gazze \u00e7at\u0131\u015fmas\u0131na dahil oldular. \u0130ran ile \u0130srail do\u011frudan kar\u015f\u0131 kar\u015f\u0131ya geldi ve iki \u00fclke topyek\u00fcn sava\u015f\u0131n e\u015fi\u011fine yakla\u015ft\u0131lar.&nbsp;\u0130srail G\u00fcney L\u00fcbnan\u2019\u0131 i\u015fgal etti. T\u00fcrk h\u00fck\u00fcmeti \u00f6zellikle ba\u015flang\u0131\u00e7ta a\u00e7\u0131k\u00e7a Hamas\u2019\u0131n yan\u0131nda yer ald\u0131 ve a\u00e7\u0131k\u00e7a \u0130srail ve Amerika kar\u015f\u0131t\u0131 diplomasi y\u00fcr\u00fcterek, bir yandan Irak ve M\u0131s\u0131r dahil \u00e7e\u015fitli Arap \u00fclkeleri ile ili\u015fkilerini iyile\u015ftirdi. T\u00fcrk h\u00fck\u00fcmeti&nbsp;di\u011fer yandan \u0130ran\u2019\u0131n \u0130srail\u2019den ald\u0131\u011f\u0131 b\u00fcy\u00fck darbeleri f\u0131rsata d\u00f6n\u00fc\u015ft\u00fcrme \u00e7abas\u0131 i\u00e7inde oldu. Suriye\u2019de h\u00fck\u00fcmet de\u011fi\u015fikli\u011fi&nbsp;b\u00f6lgede&nbsp;\u0130ran\u2019\u0131 daha da zor duruma soktu.<\/p>\n\n\n\n<p style=\"font-size:clamp(16.834px, 1.052rem + ((1vw - 3.2px) * 0.716), 26px);\">Ortado\u011fu\u2019da \u00f6zellikle Suriye h\u00fck\u00fcmet de\u011fi\u015fikli\u011fi ve Suriye\u2019li g\u00f6\u00e7menlere ev sahipli\u011fi yapmas\u0131 nedeniyle de T\u00fcrkiye\u2019nin itibar\u0131 artt\u0131.&nbsp;T\u00fcrk h\u00fck\u00fcmeti PKK\u2019ye kar\u015f\u0131 m\u00fccadelede \u0130ran\u2019\u0131n \u00e7\u0131kard\u0131\u011f\u0131 \u00e7e\u015fitli g\u00fc\u00e7l\u00fckleri bask\u0131 alt\u0131na almak i\u00e7in daha elveri\u015fli ko\u015fullara sahip oldu.&nbsp;\u0130ran\u2019\u0131n Irak\u2019taki KYB (Talabani) \u00fczerinden veya di\u011fer \u0130ran yanl\u0131s\u0131 g\u00fc\u00e7ler \u00fczerinden PKK\u2019ye destek vermesini g\u00fc\u00e7le\u015ftirdi. Irak ile kalk\u0131nma yolu projesi \u00fczerinden askeri ve siyasi i\u015fbirli\u011fini geli\u015ftirdi. PKK\u2019nin Irak\u2019ta yasakl\u0131 \u00f6rg\u00fct olmas\u0131n\u0131 sa\u011flad\u0131.<\/p>\n\n\n\n<p style=\"font-size:clamp(16.834px, 1.052rem + ((1vw - 3.2px) * 0.716), 26px);\">D\u00f6rd\u00fcnc\u00fcs\u00fc, H\u00fck\u00fcmet a\u015f\u0131r\u0131 sa\u011f pop\u00fclist Trump\u2019\u0131n ABD ba\u015fkan\u0131 se\u00e7ilmesini bir f\u0131rsat olarak g\u00f6r\u00fcyor, ideolojik yak\u0131nl\u0131k ve Trump\u2019\u0131n ABD\u2019nin dikkatini Asya-Pasifik b\u00f6lgesine kayd\u0131rmak istemesi Erdo\u011fan\u2019\u0131 heyecanland\u0131r\u0131yor ve Erdo\u011fan Trump ABD\u2019si ile hem K\u00fcrt meselesinde hem di\u011fer Ortado\u011fu meselelerinde daha kolay bir pazarl\u0131\u011f\u0131 ba\u015faracaklar\u0131na inan\u0131yor.<\/p>\n\n\n\n<p style=\"font-size:clamp(16.834px, 1.052rem + ((1vw - 3.2px) * 0.716), 26px);\">Muhtemelen Erdo\u011fan uzun y\u0131llard\u0131r ili\u015fkilerimizde \u00e7\u0131ban ba\u015f\u0131 olan \u015fu K\u00fcrt meselesini halledelim, ili\u015fkilerinizi yeni ve daha ileri bir d\u00fczeye \u00e7\u0131karal\u0131m tarz\u0131nda bir pazarl\u0131\u011fa haz\u0131rlan\u0131yor. Erdo\u011fan bu pazarl\u0131kta ba\u015far\u0131l\u0131 oldu\u011fu takdirde, sava\u015fmadan Kuzey Suriye\u2019deki PKK\/PYD varl\u0131\u011f\u0131n\u0131 Suriye h\u00fck\u00fcmetine entegre etmeyi umut ediyor.&nbsp;<\/p>\n\n\n\n<p style=\"font-size:clamp(16.834px, 1.052rem + ((1vw - 3.2px) * 0.716), 26px);\">Fakat kan\u0131m\u0131zca, Erdo\u011fan h\u00fck\u00fcmetinin ABD h\u00fck\u00fcmetinden bu beklentisinin s\u0131k\u0131nt\u0131s\u0131z bir bi\u00e7imde ger\u00e7ekle\u015fmesi zor olacak, ABD h\u00fck\u00fcmetinin elinde de ciddi kozlar var, en \u00f6nemlisi Suriye \u00fczerindeki ABD ambargosunun s\u00fcrd\u00fcrme kozu. Ayr\u0131ca Trump\u2019a yak\u0131n olan \u0130srail lobisi de Suriye\u2019de T\u00fcrkiye\u2019nin siyasi mevzilerinin g\u00fc\u00e7lenmesi anlam\u0131na gelecek bir sonucu \u00f6nlemek i\u00e7in elinden geleni yapacakt\u0131r. Ayr\u0131ca ABD K\u00fcrtlerin hamisi rol\u00fcn\u00fc oynamaktan vazge\u00e7mesi halinde Avrupa ve Bat\u0131 kamuoyunda Otokratik ve illiberal T\u00fcrkiye\u2019ye taviz verip K\u00fcrtleri satt\u0131\u011f\u0131 i\u00e7in b\u00fcy\u00fck itibar kayb\u0131na u\u011frayacakt\u0131r.<\/p>\n\n\n\n<p style=\"font-size:clamp(16.834px, 1.052rem + ((1vw - 3.2px) * 0.716), 26px);\">ABD\u2019nin T\u00fcrk h\u00fck\u00fcmetinden istediklerini vermemesi halinde s\u00fcrecin en az 1 y\u0131l uzamas\u0131, T\u00fcrkiye\u2019nin daha elveri\u015fli ko\u015fullar\u0131 beklemesi gerekebilir. ABD ve Bat\u0131da \u00e7e\u015fitli siyasi g\u00fc\u00e7ler T\u00fcrkiye\u2019ye kar\u015f\u0131 bir K\u00fcrt kart\u0131n\u0131 kolayca elden \u00e7\u0131karmak istemeyeceklerdir. Fakat, T\u00fcrkiye ABD\u2019nin direnme tutumu kar\u015f\u0131s\u0131nda K\u00fcrt g\u00fc\u00e7lerine kar\u015f\u0131 yaz aylar\u0131nda ay\u0131nda birka\u00e7 askeri kararl\u0131l\u0131k hamlesi yapmas\u0131 ve \u00d6SO ile birlikte hemen sava\u015fa girmesi de olas\u0131l\u0131klar aras\u0131nda g\u00f6r\u00fcn\u00fcyor.<\/p>\n\n\n\n<p style=\"font-size:clamp(16.834px, 1.052rem + ((1vw - 3.2px) * 0.716), 26px);\">Be\u015finci olgu: \u00d6calan\u2019\u0131n bar\u0131\u015f ve PKK\u2019yi d\u00f6n\u00fc\u015ft\u00fcrme hesaplar\u0131: 25 y\u0131ld\u0131r \u0130mral\u0131\u2019da tutulan \u00d6calan\u2019\u0131n son b\u00f6lgesel ve d\u00fcnya geli\u015fmeleri \u0131\u015f\u0131\u011f\u0131nda ve PKK\u2019nin mevcut zorluklar\u0131n\u0131 da dikkate alarak ve \u00f6zellikle T\u00fcrkiye ve Suriye\u2019de uzun y\u0131llar boyu olu\u015fan K\u00fcrt ulusal demokratik potansiyelini reformcu, bar\u0131\u015f\u00e7\u0131 ve demokratik bir siyasal kanala sokma niyeti i\u00e7inde oldu\u011funa dair belirtiler ortaya \u00e7\u0131km\u0131\u015ft\u0131r. H\u00fck\u00fcmetin bu konuda daha fazla bilgiye ve \u00f6ng\u00f6r\u00fcye sahip oldu\u011funu s\u00f6ylemek zorunday\u0131z. H\u00fck\u00fcmet \u00d6calan\u2019a bu konuda inisiyatif koyma \u015fans\u0131 vermek istiyor.<\/p>\n\n\n\n<p style=\"font-size:clamp(16.834px, 1.052rem + ((1vw - 3.2px) * 0.716), 26px);\">T\u00fcrk&nbsp;H\u00fck\u00fcmeti, \u00d6calan\u2019\u0131n yapaca\u011f\u0131 ger\u00e7ek\u00e7i bir bar\u0131\u015f \u00e7a\u011fr\u0131s\u0131 ve bar\u0131\u015f\u00e7\u0131, reformcu, demokratik siyasete ge\u00e7i\u015f \u00f6nerisinin, T\u00fcrkiye\u2019de, b\u00f6lge \u00fclkelerinde ve Avrupa\u2019daki K\u00fcrt siyasi \u00e7evrelerinde ve K\u00fcrt kamuoyu ve kitleler i\u00e7inde olumlu bir dalgalanma yarataca\u011f\u0131n\u0131 hesapl\u0131yor. Hatta bu \u00e7a\u011fr\u0131 baz\u0131 Bat\u0131l\u0131 siyasi g\u00fc\u00e7leri bile PKK \u00fczerinde bask\u0131 kurmaya ikna edebilir beklentisi var.<\/p>\n\n\n\n<p style=\"font-size:clamp(16.834px, 1.052rem + ((1vw - 3.2px) * 0.716), 26px);\">\u00d6ng\u00f6r\u00fcm\u00fcze g\u00f6re \u00d6calan bu katk\u0131s\u0131 ile birlikte daha \u00f6zg\u00fcr bir ortamda T\u00fcrkiye\u2019de ve t\u00fcm b\u00f6lgede K\u00fcrt ulusal demokrasisi davas\u0131na daha do\u011frudan bir manevi \u00f6nderlik yapabilmeyi umut ediyor. Bar\u0131\u015f\u0131n ger\u00e7ekle\u015fmesinin ard\u0131ndan h\u00fck\u00fcmetin sadece&nbsp;\u00d6calan\u2019\u0131n&nbsp;kendisi i\u00e7in de\u011fil, kendisi d\u0131\u015f\u0131nda t\u00fcm K\u00fcrtler i\u00e7in baz\u0131 k\u0131smi reform a\u00e7\u0131l\u0131mlar\u0131 yap\u0131laca\u011f\u0131na inanc\u0131 oldu\u011fu g\u00f6r\u00fcl\u00fcyor. Kan\u0131m\u0131zca h\u00fck\u00fcmetin kasas\u0131nda Suriye ve T\u00fcrkiye\u2019de silahlar\u0131n b\u0131rak\u0131lmas\u0131 do\u011frultusunda ciddi bir ilerleme kaydedildi\u011finde ortaya s\u00fcrece\u011fi ve K\u00fcrt halk\u0131n\u0131 tatmin edebilecek baz\u0131 tedrici&nbsp;k\u0131smi-demokratik&nbsp;reform dosyalar\u0131 da mevcut bulunuyor.<\/p>\n\n\n\n<p style=\"font-size:clamp(16.834px, 1.052rem + ((1vw - 3.2px) * 0.716), 26px);\">Yine \u00f6ng\u00f6r\u00fcm\u00fcze g\u00f6re&nbsp;\u00e7at\u0131\u015fman\u0131n ortadan kald\u0131r\u0131lmas\u0131 y\u00f6n\u00fcnde&nbsp;ciddi bir ilerleme b\u00fcy\u00fck engellerle, sabotajlarla ve yol kazalar\u0131 ile kar\u015f\u0131la\u015facak ve elde edilmesi kolay olmayacakt\u0131r. En \u00f6nemlisi PKK ve ABD ittifak\u0131n\u0131 t\u00fcmden tasfiye etmek kolay olmayacakt\u0131r. &nbsp;&nbsp;&nbsp;&nbsp;&nbsp;&nbsp;&nbsp;<\/p>\n\n\n\n<p style=\"font-size:clamp(16.834px, 1.052rem + ((1vw - 3.2px) * 0.716), 26px);\"><strong>Alt\u0131nc\u0131 olgu: Yukar\u0131daki k\u0131sa vadeli olgulara ilaveten&nbsp;T\u00fcrk h\u00fck\u00fcmeti a\u00e7\u0131s\u0131ndan&nbsp;bir de uzun vadeli stratejik beklenti var.<\/strong><\/p>\n\n\n\n<p style=\"font-size:clamp(16.834px, 1.052rem + ((1vw - 3.2px) * 0.716), 26px);\">Bu ba\u015flat\u0131lan ad\u0131m\u0131n en temelindeki nedeni olu\u015fturuyor ve T\u00fcrkiye\u2019nin uluslararas\u0131 alanda stratejik hedeflerini yans\u0131t\u0131yor.<\/p>\n\n\n\n<p style=\"font-size:clamp(16.834px, 1.052rem + ((1vw - 3.2px) * 0.716), 26px);\">22 y\u0131ll\u0131k Erdo\u011fan h\u00fck\u00fcmeti NATO \u00fclkesi bir \u00fclkeyi hem ABD ve Rusya, hem Rusya-Avrupa bir \u00f6l\u00e7\u00fcde de ABD-\u00c7in rekabetinden yararlanarak ve d\u00fcnyada olu\u015fmaya ba\u015flayan \u00e7ok kutupluluk trendinden yararlanarak \u00e7e\u015fitli k\u0131vrak politikalarla b\u00f6lgesinde ve \u00e7evresinde \u00f6nemli bir \u00e7ekim ve karizma yaratabildi. Bu \u00e7ekim g\u00fcc\u00fcn\u00fc d\u0131\u015f ticaret ve enerji gereksinimleri alan\u0131nda ve hatta k\u0131smen yabanc\u0131 sermaye \u00e7ekmede ve ticaret yollar\u0131 lojisti\u011finde \u00f6nemli bir \u201cmilli \u00e7\u0131kar ve kazan\u00e7\u201d \u00f6\u011fesi haline getirdi. 2053 ve 2073 hedefleri gibi iddial\u0131 hedeflerle k\u00fcresel d\u00fczeye etki edebilecek b\u00fcy\u00fck bir b\u00f6lgesel g\u00fc\u00e7 olma hedeflerini \u00f6n\u00fcne koydu. Bununla birlikte T\u00fcrkiye Avrupa Birli\u011fi\u2019ne daha ileri d\u00fczeyde bir ortakl\u0131k hedefinden hi\u00e7bir zaman vazge\u00e7medi ve bu hedefi do\u011frultusunda Avrupa Birli\u011fi \u00fcyesi bir\u00e7ok \u00fclkenin deste\u011fini \u015fimdiden kazanm\u0131\u015f durumda. D\u00fcnyadaki yeni geli\u015fmelerle birlikte bu alanda baz\u0131 f\u0131rsatlar\u0131n do\u011fabilece\u011fini d\u00fc\u015f\u00fcnenler var.<\/p>\n\n\n\n<p style=\"font-size:clamp(16.834px, 1.052rem + ((1vw - 3.2px) * 0.716), 26px);\">Bu t\u00fcr iddial\u0131 hedefleri olan bir \u00fclkenin uluslararas\u0131 itibar\u0131 a\u00e7\u0131s\u0131ndan \u00fclkedeki kurucu&nbsp;K\u00fcrt&nbsp;az\u0131nl\u0131\u011f\u0131n&nbsp;toplumsal&nbsp;y\u00f6neti\u015fimi sorununda yeterince ilerleme kazanamamas\u0131&nbsp;d\u00fcnya \u00f6l\u00e7e\u011finde hem&nbsp;do\u011fuda hem bat\u0131da ve genel olarak uluslararas\u0131 toplumda ciddi bir ele\u015ftiri ba\u015fl\u0131\u011f\u0131 hatta ciddi bir ayak ba\u011f\u0131 durumuna gelmi\u015ftir. Asl\u0131nda bu sorun ba\u015fl\u0131\u011f\u0131nda bir ad\u0131m ileri iki ad\u0131m geri veya gelgitler i\u00e7inde Turgut \u00d6zal d\u00f6neminden itibaren bir yumu\u015fama ve reform trendi ortaya \u00e7\u0131km\u0131\u015f, daha \u00f6nceki d\u00f6nemlere k\u0131yasla (Anayasal ve yasalara d\u00fczeyine yans\u0131mamas\u0131na kar\u015f\u0131n) pratikten bak\u0131ld\u0131\u011f\u0131nda ciddi siyasi, toplumsal ve k\u00fclt\u00fcrel reformlar yap\u0131lm\u0131\u015ft\u0131r.<\/p>\n\n\n\n<p style=\"font-size:clamp(16.834px, 1.052rem + ((1vw - 3.2px) * 0.716), 26px);\">Bug\u00fcn T\u00fcrkiye\u2019de aynen baz\u0131 bat\u0131 Avrupa \u00fclkelerinde g\u00f6rd\u00fc\u011f\u00fcm\u00fcz gibi, sava\u015fan bir g\u00fcc\u00fcn yasal uzant\u0131s\u0131 olan b\u00f6lgesel milliyet\u00e7i radikal bir parti yasal bir siyasi faaliyet s\u00fcrd\u00fcrmekte ve en radikal s\u00f6ylemlerle oy pe\u015finde ko\u015fabilmektedir. Tabii bu yasal partinin ikili yap\u0131s\u0131 ve sava\u015fan bir g\u00fcce kalkan olmas\u0131 hem kendisi a\u00e7\u0131s\u0131ndan hem de se\u00e7ilmi\u015f&nbsp;T\u00fcrk&nbsp;h\u00fck\u00fcmetleri&nbsp;a\u00e7\u0131s\u0131ndan ciddi sosyal ve yasal sorunlara yol a\u00e7maktad\u0131r.<\/p>\n\n\n\n<p style=\"font-size:clamp(16.834px, 1.052rem + ((1vw - 3.2px) * 0.716), 26px);\">Erdo\u011fan h\u00fck\u00fcmeti uluslararas\u0131 toplumla aras\u0131nda sorun yaratan bu ayak ba\u011f\u0131ndan kurtulmak i\u00e7in uygun zaman\u0131n geldi\u011fine&nbsp;ve f\u0131rsatlar do\u011fdu\u011funa&nbsp;inanmaktad\u0131r.<\/p>\n\n\n\n<p style=\"font-size:clamp(16.834px, 1.052rem + ((1vw - 3.2px) * 0.716), 26px);\"><strong>T\u00fcrk ve K\u00fcrt sosyalistleri a\u00e7\u0131s\u0131ndan bakarsak kanl\u0131 \u00e7at\u0131\u015fmac\u0131 ve sava\u015f\u00e7\u0131 ortam\u0131n son bulmas\u0131 ger\u00e7ekle\u015fir ve bu da ard\u0131ndan K\u00fcrt sorunu \u00fczerinden demokratik, bar\u0131\u015f\u00e7\u0131 ve reformcu bir muhalefete alan a\u00e7\u0131lmas\u0131 gibi bir sonuca yol a\u00e7abilirse\u2014ki bu sonucun ortaya \u00e7\u0131kmas\u0131 i\u00e7in belirli bir siyasi \u00e7aba y\u00fcr\u00fct\u00fclmelidir\u2014bu bir k\u0131smi ilerleme anlam\u0131na gelecektir.&nbsp;<\/strong>Ayn\u0131 zamanda bu sava\u015f\u00e7\u0131 ortam\u0131n son bulmas\u0131 da bar\u0131\u015f\u00e7\u0131 bir yol ve y\u00f6ntemle sa\u011flanmal\u0131d\u0131r.<strong>&nbsp;\u00d6te yandan K\u00fcrt sorununda ger\u00e7ekten kal\u0131c\u0131 ve k\u00f6kl\u00fc \u00e7\u00f6z\u00fcm\u00fcn ger\u00e7ekle\u015fmesi, T\u00fcrkiye\u2019de T\u00fcrk-K\u00fcrt halklar\u0131n\u0131n ger\u00e7ek bir ortak kader toplulu\u011funa sahip olmalar\u0131, T\u00fcrkiye\u2019nin i\u015f\u00e7i s\u0131n\u0131flar\u0131n\u0131n ger\u00e7ekle\u015ftirecekleri b\u00fcy\u00fck devrimci d\u00f6n\u00fc\u015f\u00fcme ba\u011fl\u0131 olacakt\u0131r.<\/strong><\/p>\n","protected":false},"excerpt":{"rendered":"<p>22 Ekim \u201c\u0130mral\u0131\u201d S\u00fcrecinin Nedenleri ve Sonu\u00e7lar\u0131 \u00dczerine Bir \u00d6ng\u00f6r\u00fc Cem K\u0131z\u0131l\u00e7e\u00e7, Ocak 2025 Bu yaz\u0131&nbsp;22 Ekim \u201c\u0130mral\u0131\u201d s\u00fcrecinin nedenlerini, Cumhur \u0130ttifak\u0131 a\u00e7\u0131s\u0131ndan tart\u0131\u015facakt\u0131r. DEM ve di\u011fer K\u00fcrt siyasi \u00e7evrelerinin beklentileri ikinci bir yaz\u0131da ele alaca\u011f\u0131z Cem K\u0131z\u0131l\u00e7e\u00e7,&nbsp;Ocak 2025 Bu yaz\u0131&nbsp;22 Ekim \u201c\u0130mral\u0131\u201d s\u00fcrecinin nedenlerini, Cumhur \u0130ttifak\u0131 a\u00e7\u0131s\u0131ndan tart\u0131\u015facakt\u0131r. DEM ve di\u011fer K\u00fcrt siyasi \u00e7evrelerinin [&hellip;]<\/p>\n","protected":false},"author":1,"featured_media":0,"comment_status":"open","ping_status":"open","sticky":false,"template":"","format":"standard","meta":{"_monsterinsights_skip_tracking":false,"_monsterinsights_sitenote_active":false,"_monsterinsights_sitenote_note":"","_monsterinsights_sitenote_category":0,"footnotes":""},"categories":[49,20,91,4,53],"tags":[],"class_list":["post-5038","post","type-post","status-publish","format-standard","hentry","category-arsiv-tr","category-arsiv","category-kurtler","category-turkiye-sosyalizmi","category-turkiye-sosyalizmi-tr"],"blocksy_meta":[],"_links":{"self":[{"href":"https:\/\/marksizm.org.tr\/index.php?rest_route=\/wp\/v2\/posts\/5038","targetHints":{"allow":["GET"]}}],"collection":[{"href":"https:\/\/marksizm.org.tr\/index.php?rest_route=\/wp\/v2\/posts"}],"about":[{"href":"https:\/\/marksizm.org.tr\/index.php?rest_route=\/wp\/v2\/types\/post"}],"author":[{"embeddable":true,"href":"https:\/\/marksizm.org.tr\/index.php?rest_route=\/wp\/v2\/users\/1"}],"replies":[{"embeddable":true,"href":"https:\/\/marksizm.org.tr\/index.php?rest_route=%2Fwp%2Fv2%2Fcomments&post=5038"}],"version-history":[{"count":3,"href":"https:\/\/marksizm.org.tr\/index.php?rest_route=\/wp\/v2\/posts\/5038\/revisions"}],"predecessor-version":[{"id":6164,"href":"https:\/\/marksizm.org.tr\/index.php?rest_route=\/wp\/v2\/posts\/5038\/revisions\/6164"}],"wp:attachment":[{"href":"https:\/\/marksizm.org.tr\/index.php?rest_route=%2Fwp%2Fv2%2Fmedia&parent=5038"}],"wp:term":[{"taxonomy":"category","embeddable":true,"href":"https:\/\/marksizm.org.tr\/index.php?rest_route=%2Fwp%2Fv2%2Fcategories&post=5038"},{"taxonomy":"post_tag","embeddable":true,"href":"https:\/\/marksizm.org.tr\/index.php?rest_route=%2Fwp%2Fv2%2Ftags&post=5038"}],"curies":[{"name":"wp","href":"https:\/\/api.w.org\/{rel}","templated":true}]}}