{"id":5064,"date":"2025-01-27T08:07:19","date_gmt":"2025-01-27T08:07:19","guid":{"rendered":"https:\/\/marksizm.org.tr\/?p=5064"},"modified":"2025-01-27T08:40:06","modified_gmt":"2025-01-27T08:40:06","slug":"cinde-sivil-toplum-orgutleri-ve-halk-kitle-orgutleri","status":"publish","type":"post","link":"https:\/\/marksizm.org.tr\/?p=5064","title":{"rendered":"\u00c7in\u2019de Sivil Toplum \u00d6rg\u00fctleri ve Halk Kitle \u00f6rg\u00fctleri"},"content":{"rendered":"\n<h1 class=\"wp-block-heading\"><strong>\u00c7in\u2019de Sivil Toplum \u00d6rg\u00fctleri ve Halk Kitle \u00f6rg\u00fctleri<\/strong><\/h1>\n\n\n\n<p style=\"font-size:clamp(16.834px, 1.052rem + ((1vw - 3.2px) * 0.716), 26px);\"><strong>G\u00fclizar \u00d6zkaya<\/strong><\/p>\n\n\n\n<p style=\"font-size:clamp(16.834px, 1.052rem + ((1vw - 3.2px) * 0.716), 26px);\"><strong>20 Ocak, 2025<\/strong><\/p>\n\n\n\n<p style=\"font-size:clamp(16.834px, 1.052rem + ((1vw - 3.2px) * 0.716), 26px);\">Reform ve d\u0131\u015f d\u00fcnyaya a\u00e7\u0131lma d\u00f6neminden itibaren, Parti ve devlet organlar\u0131 ekonomik ve toplumsal yap\u0131lardaki de\u011fi\u015fikliklere ayak uydurmak ve y\u00f6netim sistemindeki yeni ihtiya\u00e7lara&nbsp; yan\u0131t verebilmek amac\u0131yla Parti ve h\u00fck\u00fcmet giderek ve dikkatli bir \u015fekilde daha \u00f6nceki d\u00f6nemde kendilerinin s\u0131k\u0131 bir \u015fekilde kontrol alt\u0131nda tuttu\u011fu baz\u0131 toplum alanlar\u0131ndan geri \u00e7ekildi. H\u00fck\u00fcmetten, ticari ya\u015famdan ve dini cemaatlerden ba\u011f\u0131ms\u0131z olan sivil toplum dernek ve vak\u0131flar\u0131n te\u015fviki b\u00fcy\u00fck \u00f6nem kazand\u0131. Bunlar\u0131n \u00fcye say\u0131lar\u0131 10 ila 20.000 aras\u0131nda de\u011fi\u015fmektedir. \u00c7in\u2019de dini cemaat \u00f6rg\u00fctlenmesi sivil toplum \u00f6rg\u00fct\u00fc olarak g\u00f6r\u00fclmemektedir.<\/p>\n\n\n\n<p style=\"font-size:clamp(16.834px, 1.052rem + ((1vw - 3.2px) * 0.716), 26px);\">B\u00f6ylece, Parti ve devlet bu alanlarda sivil toplumun \u00f6zy\u00f6netim uygulamas\u0131na, \u00f6zerk hareket etmesine imkan verdi. Ayr\u0131ca, ortak \u00e7\u0131karlar\u0131 olan gruplar\u0131n birlikler veya dernekler kurmalar\u0131na izin verildi. Son resmi istatistiklere g\u00f6re, halk\u0131n \u00fcye oldu\u011fu ve y\u00f6netti\u011fi sivil \u00f6rg\u00fctler ve birliklerin say\u0131s\u0131 h\u0131zla geli\u015fmi\u015ftir (bunlar daha \u00e7ok toplumsal \u00f6rg\u00fctler, (ticari olmayan dernekler; \u00f6zel vak\u0131flar ve dernekler \u015feklinde dernek ve vak\u0131flard\u0131r. Ve bunlar\u0131n say\u0131lar\u0131 1996\u2019da 184.000 iken 2005\u2019te 320.000\u2019e \u00e7\u0131km\u0131\u015ft\u0131r (bunlardan \u00fclke \u00e7ap\u0131nda \u00f6rg\u00fctlenmi\u015f derneklerin say\u0131s\u0131 1500\u2019den fazlad\u0131r). Bkz.&nbsp;<a href=\"http:\/\/www.mca.gov.cn\/\" rel=\"noreferrer noopener\" target=\"_blank\">http:\/\/www.mca.gov.cn<\/a>.<\/p>\n\n\n\n<p style=\"font-size:clamp(16.834px, 1.052rem + ((1vw - 3.2px) * 0.716), 26px);\">Parti t\u00fcz\u00fc\u011f\u00fcnde \u00c7KP\u2019nin bu t\u00fcr sivil toplum \u00f6rg\u00fctlerine de \u00f6nderlik (hegemonya anlam\u0131nda) etmesi gerekti\u011fi savunulmaktad\u0131r.<\/p>\n\n\n\n<p style=\"font-size:clamp(16.834px, 1.052rem + ((1vw - 3.2px) * 0.716), 26px);\">1990larda yeni ortaya \u00e7\u0131kmaya ba\u015flam\u0131\u015f olan bu ikinci tip sivil toplum dernekleri ve sivil toplum \u00f6rg\u00fctleri yani (ticari olmayan) \u00f6zel vak\u0131flar ve dernekler&#8211;bir yandan kendi \u00f6zerk faaliyetlerini s\u00fcrd\u00fcr\u00fcrlerken devlet ile de i\u015fbirli\u011fi ve etkile\u015fim i\u00e7indedirler. Tabii ki ayn\u0131 zamanda, bu dernekler \u00e7e\u015fitli hukuki ve yasal sorunlar, insan kaynaklar\u0131 sorunlar\u0131, mali sorunlar, g\u00fcven, bilgiye ula\u015f\u0131m sorunlar\u0131 ve teknik sorunlarla kar\u015f\u0131 kar\u015f\u0131ya bulunmaktad\u0131rlar, dolay\u0131s\u0131yla da bunlar\u0131n siyasi s\u00fcre\u00e7te oynad\u0131klar\u0131 roller g\u00f6rece olduk\u00e7a zay\u0131ft\u0131r. Bununla birlikte, bunlardan baz\u0131lar\u0131 olduk\u00e7a ba\u015far\u0131l\u0131d\u0131r, kendi \u00f6z g\u00fc\u00e7leri ve kaynaklar\u0131 yetersiz olmalar\u0131na kar\u015f\u0131n siyasi s\u00fcreci etkileme u\u011fra\u015f\u0131nda ellerindeki s\u0131n\u0131rl\u0131 kaynaklardan ve mevcut mevzuat\u0131n sundu\u011fu olanaklardan azami bir bi\u00e7imde faydalanan bir \u00e7aba i\u00e7indedirler.<\/p>\n\n\n\n<p style=\"font-size:clamp(16.834px, 1.052rem + ((1vw - 3.2px) * 0.716), 26px);\">\u00d6rne\u011fin, \u00fclkede posta hizmetleri yasas\u0131 tasla\u011f\u0131 tart\u0131\u015f\u0131lmakta iken \u015eanghay\u2019da say\u0131lar\u0131 \u00e7\u0131\u011f gibi artan \u00f6zel kuryelerin olu\u015fturdu\u011fu dernekler ve kurye i\u015fi yapan \u015firketler Pekin\u2019deki ilgili devlet dairesi ile ileti\u015fim kurmak i\u00e7in temsilciler se\u00e7tiler ve bu temsilciler yard\u0131m\u0131yla taleplerinin yasala\u015fmas\u0131 i\u00e7in \u00e7aba sarf ettiler. Elbette, \u00c7in\u2019de ger\u00e7ekle\u015fen siyasi yap\u0131 reformlar\u0131na kar\u015f\u0131n bu tip sivil toplum \u00f6rg\u00fctlerinin \u00e7\u0131kar ve taleplerinin h\u00fck\u00fcmetin siyasi karar alma sistemini ne \u00f6l\u00e7\u00fcde etkileyebilece\u011fi hala h\u00fck\u00fcmetin ve onun organlar\u0131n\u0131n bu konudaki tutumuna ve isteklili\u011fine ba\u011fl\u0131d\u0131r.<\/p>\n\n\n\n<p style=\"font-size:clamp(16.834px, 1.052rem + ((1vw - 3.2px) * 0.716), 26px);\"><strong>Birle\u015fik Cephe Mant\u0131\u011f\u0131 ile \u00d6rg\u00fctlenen Halk Kitle \u00d6rg\u00fctleri<\/strong><\/p>\n\n\n\n<p style=\"font-size:clamp(16.834px, 1.052rem + ((1vw - 3.2px) * 0.716), 26px);\">\u00c7in&#8217;deki 20 ye yak\u0131n kitle \u00f6rg\u00fct\u00fc Birle\u015fik Cephe vizyonu ile \u00f6rg\u00fctlenmi\u015ftir. Bunlar\u0131n \u00fcye say\u0131lar\u0131 100.000 ila 380 Milyon aras\u0131nda de\u011fi\u015fmektedir.&nbsp;<strong>&nbsp;Bunlar yukar\u0131daki sivil toplum \u00f6rg\u00fctlerinden farkl\u0131d\u0131r, \u00e7\u00fcnk\u00fc bu \u00f6rg\u00fctler faaliyetleri i\u00e7inde sadece \u00fcyelerinin talep ve \u00e7\u0131karlar\u0131n\u0131 savunmazlar ayn\u0131 zamanda h\u00fck\u00fcmetin yasa ile kendilerine verdi\u011fi baz\u0131 i\u015flev ve g\u00f6revleri de \u00fcstlenirler. Dolay\u0131s\u0131yla bunlar yukar\u0131dakiler gibi tamamen devletten (h\u00fck\u00fcmetten) ba\u011f\u0131ms\u0131z de\u011fildirler. Birle\u015fik Cephe Mant\u0131\u011f\u0131 bu kitle \u00f6rg\u00fctlerinin&nbsp;<\/strong>partili ve partisiz t\u00fcm halk\u0131n kat\u0131ld\u0131\u011f\u0131 ve y\u00f6netim organlar\u0131nda bulundu\u011fu ve g\u00f6rev yapt\u0131\u011f\u0131 birle\u015fik cephe \u00f6rg\u00fctleri olmalar\u0131d\u0131r.<\/p>\n\n\n\n<p style=\"font-size:clamp(16.834px, 1.052rem + ((1vw - 3.2px) * 0.716), 26px);\">T\u00fcm \u00c7in \u0130\u015f\u00e7i Sendikalar\u0131 Federasyonu, T\u00fcm \u00c7in Gen\u00e7lik Federasyonu, T\u00fcm \u00c7in Kad\u0131nlar Federasyonu. Yukar\u0131da s\u00f6z\u00fc edilen toplumsal \u00f6rg\u00fctlerden ba\u015fka \u00c7in Edebiyat ve Sanat \u00c7evreleri Vakf\u0131, \u00c7in Yazarlar Birli\u011fi, T\u00fcm \u00c7in Gazeteciler Birli\u011fi, \u00c7in Bilim ve Teknoloji Birli\u011fi, T\u00fcm \u00c7in D\u0131\u015far\u0131dan Geri D\u00f6n\u00fc\u015f Yapan \u00c7inliler Federasyonu ve \u00c7in Engelliler Federasyonu, \u00c7in Halk\u0131n\u0131n Yabanc\u0131 \u00dclkelerle Dostluk Birli\u011fi ve di\u011ferleri dahil \u00e7ok say\u0131da toplumsal \u00f6rg\u00fct vard\u0131r. Bu halk kitle \u00f6rg\u00fctleri siyasi s\u00fcre\u00e7te \u00f6nemli roller \u00fcstlenebilmektedir.<\/p>\n\n\n\n<p style=\"font-size:clamp(16.834px, 1.052rem + ((1vw - 3.2px) * 0.716), 26px);\">Bu alanda \u00e7e\u015fitli olumlu tutumlar g\u00f6rebiliyoruz ancak pek \u00e7ok olay bize devletin toplum \u00fczerindeki \u00fcst\u00fcnl\u00fc\u011f\u00fcn\u00fcn hala s\u00fcrd\u00fcrd\u00fc\u011f\u00fcn\u00fc ve karar verme yetkisinin h\u00fck\u00fcmetlerin elinde oldu\u011funu g\u00f6stermektedir. Buna kar\u015f\u0131n 2000\u2019lerde baz\u0131 valilerinin ve belediye ba\u015fkanlar\u0131n\u0131n k\u00f6t\u00fc uygulamalar\u0131 nedeniyle istifaya zorlanmalar\u0131 s\u00f6z konusu olmu\u015ftur, oysa bu (reformlar sonras\u0131nda) 1980\u2019lerde bile bu \u00e7ok nadiren g\u00f6r\u00fclen bir durumdu.<\/p>\n\n\n\n<p style=\"font-size:clamp(16.834px, 1.052rem + ((1vw - 3.2px) * 0.716), 26px);\">Parti ve devlet \u00f6nderli\u011fi sisteminde yap\u0131lan reformun sonucunda daha \u00f6nceleri i\u015flevi sadece yasama g\u00f6revi ile s\u0131n\u0131rland\u0131r\u0131lm\u0131\u015f olan Halk Kongreleri\u2019nin i\u015flevi, denetleme g\u00f6revini i\u00e7erecek \u015fekilde geni\u015fletilmi\u015f ve&nbsp; Halk Kongrelerinin denetleyici rol\u00fc bir hayli g\u00fc\u00e7lendirilmi\u015ftir.<\/p>\n","protected":false},"excerpt":{"rendered":"<p>\u00c7in\u2019de Sivil Toplum \u00d6rg\u00fctleri ve Halk Kitle \u00f6rg\u00fctleri G\u00fclizar \u00d6zkaya 20 Ocak, 2025 Reform ve d\u0131\u015f d\u00fcnyaya a\u00e7\u0131lma d\u00f6neminden itibaren, Parti ve devlet organlar\u0131 ekonomik ve toplumsal yap\u0131lardaki de\u011fi\u015fikliklere ayak uydurmak ve y\u00f6netim sistemindeki yeni ihtiya\u00e7lara&nbsp; yan\u0131t verebilmek amac\u0131yla Parti ve h\u00fck\u00fcmet giderek ve dikkatli bir \u015fekilde daha \u00f6nceki d\u00f6nemde kendilerinin s\u0131k\u0131 bir \u015fekilde kontrol [&hellip;]<\/p>\n","protected":false},"author":1,"featured_media":0,"comment_status":"open","ping_status":"open","sticky":false,"template":"","format":"standard","meta":{"_monsterinsights_skip_tracking":false,"_monsterinsights_sitenote_active":false,"_monsterinsights_sitenote_note":"","_monsterinsights_sitenote_category":0,"footnotes":""},"categories":[49,20,45,6],"tags":[],"class_list":["post-5064","post","type-post","status-publish","format-standard","hentry","category-arsiv-tr","category-arsiv","category-genel-tr","category-sosyalist-ulkeler"],"blocksy_meta":[],"_links":{"self":[{"href":"https:\/\/marksizm.org.tr\/index.php?rest_route=\/wp\/v2\/posts\/5064","targetHints":{"allow":["GET"]}}],"collection":[{"href":"https:\/\/marksizm.org.tr\/index.php?rest_route=\/wp\/v2\/posts"}],"about":[{"href":"https:\/\/marksizm.org.tr\/index.php?rest_route=\/wp\/v2\/types\/post"}],"author":[{"embeddable":true,"href":"https:\/\/marksizm.org.tr\/index.php?rest_route=\/wp\/v2\/users\/1"}],"replies":[{"embeddable":true,"href":"https:\/\/marksizm.org.tr\/index.php?rest_route=%2Fwp%2Fv2%2Fcomments&post=5064"}],"version-history":[{"count":1,"href":"https:\/\/marksizm.org.tr\/index.php?rest_route=\/wp\/v2\/posts\/5064\/revisions"}],"predecessor-version":[{"id":5065,"href":"https:\/\/marksizm.org.tr\/index.php?rest_route=\/wp\/v2\/posts\/5064\/revisions\/5065"}],"wp:attachment":[{"href":"https:\/\/marksizm.org.tr\/index.php?rest_route=%2Fwp%2Fv2%2Fmedia&parent=5064"}],"wp:term":[{"taxonomy":"category","embeddable":true,"href":"https:\/\/marksizm.org.tr\/index.php?rest_route=%2Fwp%2Fv2%2Fcategories&post=5064"},{"taxonomy":"post_tag","embeddable":true,"href":"https:\/\/marksizm.org.tr\/index.php?rest_route=%2Fwp%2Fv2%2Ftags&post=5064"}],"curies":[{"name":"wp","href":"https:\/\/api.w.org\/{rel}","templated":true}]}}