{"id":5220,"date":"2024-07-18T20:38:00","date_gmt":"2024-07-18T20:38:00","guid":{"rendered":"https:\/\/marksizm.org.tr\/?p=5220"},"modified":"2025-02-18T20:43:09","modified_gmt":"2025-02-18T20:43:09","slug":"prof-dr-anton-latzo-bugunku-cin-halk-cumhuriyetini-nasil-goruyorum","status":"publish","type":"post","link":"https:\/\/marksizm.org.tr\/?p=5220","title":{"rendered":"Prof. Dr. Anton Latzo: Bug\u00fcnk\u00fc \u00c7in Halk Cumhuriyeti&#8217;ni Nas\u0131l G\u00f6r\u00fcyorum?"},"content":{"rendered":"\n<h1 class=\"wp-block-heading\">Prof. Dr. Anton Latzo: Bug\u00fcnk\u00fc \u00c7in Halk Cumhuriyeti&#8217;ni Nas\u0131l G\u00f6r\u00fcyorum?<\/h1>\n\n\n\n<p style=\"font-size:clamp(16.834px, 1.052rem + ((1vw - 3.2px) * 0.716), 26px);\"><strong>Yazar<\/strong>: Prof. Dr. Anton Latzo, Sosyalist Do\u011fu Almanya&#8217;da yeti\u015fmi\u015f, Marksist politik bilimci ve d\u0131\u015f politika uzman\u0131.<\/p>\n\n\n\n<figure class=\"wp-block-image size-full\"><img loading=\"lazy\" decoding=\"async\" width=\"1024\" height=\"576\" src=\"https:\/\/marksizm.org.tr\/wp-content\/uploads\/2025\/02\/image-7.png\" alt=\"\" class=\"wp-image-5222\" srcset=\"https:\/\/marksizm.org.tr\/wp-content\/uploads\/2025\/02\/image-7.png 1024w, https:\/\/marksizm.org.tr\/wp-content\/uploads\/2025\/02\/image-7-300x169.png 300w, https:\/\/marksizm.org.tr\/wp-content\/uploads\/2025\/02\/image-7-768x432.png 768w\" sizes=\"auto, (max-width: 1024px) 100vw, 1024px\" \/><\/figure>\n\n\n\n<p style=\"font-size:clamp(16.834px, 1.052rem + ((1vw - 3.2px) * 0.716), 26px);\">SSCB&#8217;nin ideolojik olarak alt\u0131n\u0131n oyulmas\u0131ndan, sosyal ve devlet politikalar\u0131n\u0131n \u00e7\u00f6kertilmesinden ve Avrupa&#8217;da sosyalizmin yenilgiye u\u011frat\u0131lmas\u0131ndan sonra, \u00c7in Halk Cumhuriyeti bug\u00fcn insanl\u0131\u011f\u0131n kapitalizmden sosyalizme ge\u00e7i\u015finin devrimci tarihsel s\u00fcrecinde belirleyici fakt\u00f6r haline geldi\u011fini kan\u0131tlamaktad\u0131r. Bu zor durumda, zay\u0131fl\u0131klardan ve ihanetlerden sonra kapitalizmden sosyalizme ge\u00e7i\u015f s\u00fcrecinin kopmamas\u0131n\u0131 ve kopmayaca\u011f\u0131n\u0131 sa\u011flayan fakt\u00f6rd\u00fcr!<\/p>\n\n\n\n<p style=\"font-size:clamp(16.834px, 1.052rem + ((1vw - 3.2px) * 0.716), 26px);\">Ayn\u0131 zamanda bug\u00fcn sosyalist \u00c7in t\u00fcm d\u00fcnyada belirleyici bir ekonomik, siyasi ve sosyal itici g\u00fc\u00e7 ve uluslararas\u0131 bar\u0131\u015f ve istikrar fakt\u00f6r\u00fcd\u00fcr.<\/p>\n\n\n\n<p style=\"font-size:clamp(16.834px, 1.052rem + ((1vw - 3.2px) * 0.716), 26px);\">Ekonomik ve sosyal ilerlemenin g\u00fcn\u00fcm\u00fczde nas\u0131l birle\u015ftirilebilece\u011fine dair verdi\u011fi \u00f6rnek de ayn\u0131 derecede \u00f6nemlidir. Bu nedenle, hem kom\u00fcnist ve i\u015f\u00e7i hareketlerinde hem de ulusal ba\u011f\u0131ms\u0131zl\u0131\u011f\u0131n\u0131 kazanm\u0131\u015f \u00fclkeler aras\u0131nda etkisi artmaktad\u0131r ve g\u00f6zle g\u00f6r\u00fcl\u00fcr bir \u015fekilde daha da g\u00fc\u00e7lenecektir.<\/p>\n\n\n\n<p style=\"font-size:clamp(16.834px, 1.052rem + ((1vw - 3.2px) * 0.716), 26px);\">Ancak hala kom\u00fcnizmin ve kom\u00fcnist fikrin \u00c7in&#8217;e yabanc\u0131 oldu\u011funu iddia eden ele\u015ftirmenler var. Bu ele\u015ftiriciler sonu\u00e7lar\u0131 g\u00f6recele\u015ftirmekte ve \u00c7in Kom\u00fcnist Partisi\u2019nin i\u00e7 ve d\u0131\u015f politikalar\u0131n\u0131n s\u0131n\u0131fsal bir karaktere sahip oldu\u011fu ger\u00e7e\u011fini kas\u0131tl\u0131 olarak g\u00f6rmezden gelmekte ya da yads\u0131maktad\u0131rlar.<\/p>\n\n\n\n<p style=\"font-size:clamp(16.834px, 1.052rem + ((1vw - 3.2px) * 0.716), 26px);\">\u00c7KP&#8217;nin konsepti ve politikalar\u0131, Lenin&#8217;in &#8220;Marksizmin \u00dc\u00e7 Kayna\u011f\u0131 ve \u00dc\u00e7 Bile\u015feni&#8221; adl\u0131 \u00e7al\u0131\u015fmas\u0131nda yapt\u0131\u011f\u0131 gibi (ve Engels&#8217;in Marx&#8217;\u0131n onay\u0131yla &#8220;Anti-D\u00fchring &#8220;de uygulad\u0131\u011f\u0131 gibi) felsefe, ekonomi ve bilimsel sosyalizmin bir birli\u011fi olarak tasarlad\u0131\u011f\u0131 Marksizm\u2019in teorik sistemi temelinde geli\u015ftirilmi\u015f olan politikalard\u0131r.<\/p>\n\n\n\n<p style=\"font-size:clamp(16.834px, 1.052rem + ((1vw - 3.2px) * 0.716), 26px);\">A\u00e7\u0131k\u00e7a g\u00f6r\u00fclebilen \u015fey, \u00c7KP\u2019nin \u00fclkedeki genel toplumsal s\u00fcreci ve ayn\u0131 zamanda onun say\u0131s\u0131z tekil yanlar\u0131n\u0131, alanlar\u0131n\u0131, a\u015famalar\u0131n\u0131 vs. nesnel ve \u00f6znel de\u011fi\u015fimlerin \u00e7eli\u015fkili bir birli\u011fi olarak tan\u0131ma ve daha sonraki toplumsal prati\u011fi bu kavray\u0131\u015fa dayand\u0131rma, yani bu anlamda toplumsal s\u00fcre\u00e7leri bilin\u00e7li bir \u015fekilde ger\u00e7ekle\u015ftirme \u00e7abas\u0131d\u0131r ve bu a\u00e7\u0131kt\u0131r. Tarihsel prati\u011fin \u00f6znel boyutunun nas\u0131l geli\u015fece\u011fi her zaman nesnel ko\u015fullar taraf\u0131ndan belirlenir, ancak asla bu nesnel ko\u015fullar\u0131n basit ve mekanik bir \u00fcr\u00fcn\u00fc de\u011fildir.<\/p>\n\n\n\n<p style=\"font-size:clamp(16.834px, 1.052rem + ((1vw - 3.2px) * 0.716), 26px);\">\u00c7in Kom\u00fcnist Partisi&#8217;nin siyasi \u00e7izgisini ve prati\u011fini, \u00f6rg\u00fctsel ilkesini, bile\u015fimini ve kitle taban\u0131n\u0131 belirleyen kaynak budur. Parti bu temelde \u00c7HC&#8217;nin ulusal ve uluslararas\u0131 \u00e7\u0131karlar\u0131n\u0131 geli\u015ftiriyor.<\/p>\n\n\n\n<p style=\"font-size:clamp(16.834px, 1.052rem + ((1vw - 3.2px) * 0.716), 26px);\">\u00c7HC&#8217;nin kalk\u0131nmas\u0131n\u0131n meyvelerinden bir avu\u00e7 sermaye sahibi ve onlara yak\u0131n olanlar de\u011fil, yoksulluktan kurtulan 1,4 milyar insan olmak \u00fczere t\u00fcm halk faydalanmaktad\u0131r!<\/p>\n\n\n\n<p style=\"font-size:clamp(16.834px, 1.052rem + ((1vw - 3.2px) * 0.716), 26px);\">Ki\u015fi ba\u015f\u0131na d\u00fc\u015fen ortalama gelir 2010 y\u0131l\u0131na k\u0131yasla iki kattan fazla artarak 35.000 Yuan olmu\u015ftur. T\u00fcm n\u00fcfusa yiyecek, giyecek, bar\u0131nma ve uygun fiyatl\u0131 ila\u00e7lar sa\u011flanmaktad\u0131r. Beklenen sa\u011fl\u0131kl\u0131 ya\u015fam s\u00fcresi artm\u0131\u015ft\u0131r. Sosyal a\u00e7\u0131dan zay\u0131f gruplar devlet taraf\u0131ndan desteklenmektedir. Son 10 y\u0131lda 98 milyon ki\u015fi mutlak yoksulluktan kurtulmu\u015ftur.<\/p>\n\n\n\n<p class=\"has-text-align-center\" style=\"font-size:clamp(16.834px, 1.052rem + ((1vw - 3.2px) * 0.716), 26px);\"><strong>B\u00f6l\u00fcm I.<\/strong><\/p>\n\n\n\n<p style=\"font-size:clamp(16.834px, 1.052rem + ((1vw - 3.2px) * 0.716), 26px);\">Bunlar, \u00c7HC&#8217;deki mevcut sosyo-ekonomik ko\u015fullar\u0131n ger\u00e7ek \u00f6z\u00fcn\u00fc, \u00c7in&#8217;e \u00d6zg\u00fc Sosyalizm&#8217;in g\u00fcn\u00fcm\u00fczdeki \u00f6z\u00fcn\u00fc ifade etmektedir. Bu hayali bir &#8220;model&#8221; de\u011fil, \u00e7ok \u00f6zel bir tarihe sahip bir \u00fclkedeki ve d\u00fcnyan\u0131n bir b\u00f6l\u00fcm\u00fcndeki insanlar i\u00e7in somut varolu\u015f ve yarat\u0131m ko\u015fullar\u0131n\u0131n ilerici, devrimci \u015fekillendirilmesi ile ilgilidir!<\/p>\n\n\n\n<p style=\"font-size:clamp(16.834px, 1.052rem + ((1vw - 3.2px) * 0.716), 26px);\">Bunu yaparken \u00c7KP \u015fu \u00f6nemli duru\u015fu benimser:<\/p>\n\n\n\n<ol start=\"1\" class=\"wp-block-list\">\n<li style=\"font-size:clamp(16.834px, 1.052rem + ((1vw - 3.2px) * 0.716), 26px);\">Di\u011fer emek\u00e7i katmanlarla ittifak halinde i\u015f\u00e7i s\u0131n\u0131f\u0131n\u0131n siyasi egemenli\u011fi ve<\/li>\n\n\n\n<li style=\"font-size:clamp(16.834px, 1.052rem + ((1vw - 3.2px) * 0.716), 26px);\">Temel \u00fcretim ara\u00e7lar\u0131n\u0131n ve bankalar\u0131n kamu m\u00fclkiyetinde olmas\u0131 sosyalizm i\u00e7in zorunlu temeller olmal\u0131d\u0131r.<\/li>\n<\/ol>\n\n\n\n<p style=\"font-size:clamp(16.834px, 1.052rem + ((1vw - 3.2px) * 0.716), 26px);\">\u0130\u015f\u00e7i hareketinin tarihinde, hem teorik olarak hem de s\u0131n\u0131f m\u00fccadelesi prati\u011finde kan\u0131tlanm\u0131\u015ft\u0131r ki, kapitalist toplum ancak siyasi ve ekonomik iktidar\u0131n bu iki aya\u011f\u0131 \u00fczerinde temelden d\u00f6n\u00fc\u015ft\u00fcr\u00fclebilir ve b\u00f6ylece sosyalizm kurulabilir.<\/p>\n\n\n\n<p style=\"font-size:clamp(16.834px, 1.052rem + ((1vw - 3.2px) * 0.716), 26px);\">\u0130\u015f\u00e7i s\u0131n\u0131f\u0131n\u0131n siyasi iktidar\u0131n\u0131n ayr\u0131nt\u0131l\u0131 olarak&nbsp;<strong>nas\u0131l<\/strong>&nbsp;olu\u015fturulaca\u011f\u0131 ve i\u015fleyece\u011fi ya da \u00fcretim ara\u00e7lar\u0131n\u0131n toplumsal m\u00fclkiyetinin hangi&nbsp;<strong>bi\u00e7imlerde<\/strong>&nbsp;var olabilece\u011fi sorusu, \u00c7in&#8217;deki (ve ayn\u0131 zamanda di\u011fer \u00fclkelerdeki) farkl\u0131 ko\u015fullara ba\u011fl\u0131d\u0131r. Bu, genel yasall\u0131klar ile ulusal \u00f6zg\u00fcnl\u00fckler aras\u0131ndaki ili\u015fkiye dair bir sorundur.<\/p>\n\n\n\n<p style=\"font-size:clamp(16.834px, 1.052rem + ((1vw - 3.2px) * 0.716), 26px);\">Belirleyici nokta \u015fudur: \u00c7KP &nbsp;i\u00e7in &#8220;nas\u0131l\u0131&#8221; belirlemenin, eldeki g\u00f6revleri \u00e7\u00f6zmenin anahtar\u0131, sosyalizmi i\u015f\u00e7i s\u0131n\u0131f\u0131yla ili\u015fkilendirmek ve onu emek\u00e7i halk\u0131n m\u00fcmk\u00fcn olan en geni\u015f \u00e7evrelerine yaymakta yatmaktad\u0131r. Bu, \u00c7KP&#8217;nin hem ideolojisini hem de prati\u011fini belirliyor.<\/p>\n\n\n\n<p style=\"font-size:clamp(16.834px, 1.052rem + ((1vw - 3.2px) * 0.716), 26px);\">Xi Jinping 2022\u2019de 20. Parti Kongresinde \u015funlar\u0131 ifade etmi\u015ftir: <strong>&#8220;\u00c7inli kom\u00fcnistler \u015fu derin kavray\u0131\u015fa ula\u015fm\u0131\u015flard\u0131r: Yaln\u0131zca Marksizm\u2019in temel ilkelerini \u00fclkemizin somut ko\u015fullar\u0131 ve se\u00e7kin geleneksel \u00c7in k\u00fclt\u00fcr\u00fcyle birle\u015ftirerek ve diyalektik ve tarihsel materyalizmin uygulanmas\u0131n\u0131 s\u00fcrd\u00fcrerek, zaman\u0131n ve prati\u011fin \u00f6n\u00fcm\u00fcze koydu\u011fu b\u00fcy\u00fck sorulara do\u011fru yan\u0131tlar bulmay\u0131 ve Marksizm\u2019in g\u00fc\u00e7l\u00fc canl\u0131l\u0131\u011f\u0131n\u0131 ve \u0131\u015f\u0131lt\u0131l\u0131 ya\u015fam g\u00fcc\u00fcn\u00fc s\u00fcrekli olarak korumay\u0131 gelecekte ba\u015farmak<\/strong>&#8220;.<\/p>\n\n\n\n<p style=\"font-size:clamp(16.834px, 1.052rem + ((1vw - 3.2px) * 0.716), 26px);\">\u00c7KP&#8217;nin konseptinin ana fikirleri Marksist kavray\u0131\u015fa ba\u011fl\u0131d\u0131r: &#8220;Proletarya ve zenginlik birbirine z\u0131tt\u0131r. &#8230; Proletarya, \u00f6zel m\u00fclkiyetin kendisine dayatt\u0131\u011f\u0131 yarg\u0131y\u0131 proletaryan\u0131n \u00fcretimi arac\u0131l\u0131\u011f\u0131yla yerine getirir&#8221;. (Marx-Engels Eserleri, cilt 2, s. 37\/38)<\/p>\n\n\n\n<p style=\"font-size:clamp(16.834px, 1.052rem + ((1vw - 3.2px) * 0.716), 26px);\">\u00c7KP&#8217;nin konseptinin ana fikirleri Engels&#8217;in \u00e7ok erken fark etti\u011fi \u015feyi dikkate al\u0131r: &#8220;Tarih hi\u00e7bir \u015fey yapmaz, &#8216;muazzam bir zenginli\u011fe sahip de\u011fildir&#8217;, &#8216;sava\u015fmaz&#8217;! Her \u015feyi yapan, sahip olan ve sava\u015fan insand\u0131r, ger\u00e7ek, ya\u015fayan insand\u0131r; \u00f6rne\u011fin, ama\u00e7lar\u0131n\u0131 ger\u00e7ekle\u015ftirmek i\u00e7in bir ara\u00e7 olarak insana ihtiya\u00e7 duyan -sanki ayr\u0131 bir ki\u015fiymi\u015f gibi- &#8216;tarih&#8217; de\u011fildir, ama ama\u00e7lar\u0131n\u0131n pe\u015finden giden insan\u0131n faaliyetinden ba\u015fka bir \u015fey de\u011fildir.&#8221; (MEW, cilt 2, 98)<\/p>\n\n\n\n<p style=\"font-size:clamp(16.834px, 1.052rem + ((1vw - 3.2px) * 0.716), 26px);\">Bu, Marx ve Engels taraf\u0131ndan geli\u015ftirilen yeni bir insan toplumu ve onun tarihsel geli\u015fimi anlay\u0131\u015f\u0131yd\u0131. Daha da geli\u015fmesini <strong>&#8220;ister siyasi, ister dini, ister felsefi ya da ba\u015fka bir \u015fekilde ideolojik alanda ger\u00e7ekle\u015fsin, t\u00fcm tarihsel m\u00fccadelelerin asl\u0131nda yaln\u0131zca toplumsal s\u0131n\u0131flar\u0131n m\u00fccadelelerinin az \u00e7ok a\u00e7\u0131k bir ifadesi oldu\u011fu ve bu s\u0131n\u0131flar\u0131n varl\u0131\u011f\u0131n\u0131n ve dolay\u0131s\u0131yla \u00e7arp\u0131\u015fmalar\u0131n\u0131n da ekonomik durumlar\u0131n\u0131n geli\u015fme derecesi, \u00fcretim bi\u00e7imleri ve bunun ko\u015fulland\u0131rd\u0131\u011f\u0131 m\u00fcbadeleleri taraf\u0131ndan ko\u015fulland\u0131r\u0131ld\u0131\u011f\u0131 yasas\u0131nda&#8221;<\/strong> bulmu\u015ftur. (MEW, Cilt 21, s. 248)<\/p>\n\n\n\n<p style=\"font-size:clamp(16.834px, 1.052rem + ((1vw - 3.2px) * 0.716), 26px);\">\u00c7KP, bu anlay\u0131\u015flar\u0131n ve yarat\u0131c\u0131 uygulamalar\u0131n\u0131n, geli\u015fen toplumsal ili\u015fkilerin karma\u015f\u0131k a\u011f\u0131ndaki mevcut &#8220;perspektif&#8221; i\u00e7in bile hala yararl\u0131 oldu\u011funu somut sonu\u00e7larla kan\u0131tlamaktad\u0131r.<\/p>\n\n\n\n<p style=\"font-size:clamp(16.834px, 1.052rem + ((1vw - 3.2px) * 0.716), 26px);\">&#8220;\u00c7in\u2019i Ele\u015ftirenler&#8221; Xi Jinping&#8217;in sadece 20. Parti Kongresi&#8217;nde de\u011fil, \u00c7KP&#8217;nin 19. Parti Kongresi&#8217;nde de vurgulad\u0131\u011f\u0131 ger\u00e7e\u011fi gizliyorlar:<\/p>\n\n\n\n<p style=\"font-size:clamp(16.834px, 1.052rem + ((1vw - 3.2px) * 0.716), 26px);\">&#8220;Marksizm-Leninizm\u2019in bilimsel ger\u00e7ekleri \u00c7in&#8217;deki ileri unsurlara \u00c7in&#8217;in sorunlar\u0131n\u0131 \u00e7\u00f6zmenin yollar\u0131n\u0131 g\u00f6stermi\u015ftir. Modern tarih d\u00f6neminde ve sonras\u0131nda \u00c7in toplumunda ortaya \u00e7\u0131kan \u00e7alkant\u0131l\u0131 sosyal hareketlerin ortas\u0131nda, \u00c7in halk\u0131n\u0131n feodal y\u00f6netime ve d\u0131\u015f sald\u0131r\u0131lara kar\u015f\u0131 verdi\u011fi \u015fiddetli m\u00fccadelede, 1921&#8217;de Marksizm-Leninizm&#8217;in \u00c7in i\u015f\u00e7i hareketiyle birle\u015fmesinin ard\u0131ndan \u00c7in Kom\u00fcnist Partisi do\u011fdu. O zamandan beri \u00c7KP, ulusal ba\u011f\u0131ms\u0131zl\u0131k, halk\u0131n kurtulu\u015fu, \u00fclkenin g\u00fcc\u00fc ve insanlar\u0131n mutlulu\u011fu i\u00e7in verilen m\u00fccadelede \u00c7in halk\u0131 i\u00e7in g\u00fcvenilir bir dayanak haline geldi. Manevi\/entellekt\u00fcel olarak, \u00c7in halk\u0131 pasif beklentiden eyleme ge\u00e7meye do\u011fru bir d\u00f6n\u00fc\u015f\u00fcm ge\u00e7irmi\u015ftir.&#8221;<\/p>\n\n\n\n<p style=\"font-size:clamp(16.834px, 1.052rem + ((1vw - 3.2px) * 0.716), 26px);\">Bu ve Marksizm-Leninizm&#8217;in di\u011fer t\u00fcm g\u00f6r\u00fc\u015f ve anlay\u0131\u015flar\u0131, \u00c7KP&#8217;nin \u00c7in&#8217;e \u00d6zg\u00fc Sosyalizm anlay\u0131\u015f ve politikas\u0131n\u0131n temelini olu\u015fturmaktad\u0131r \u2013 hi\u00e7bir \u015fekilde &#8220;Avrokom\u00fcnizm&#8221;, &#8220;demokratik sosyalizm&#8221;, &#8220;yak\u0131nsama teorisi&#8221; ve benzeri yap\u0131lardan kaynaklanan uydurma &#8220;modeller&#8221; de\u011fil.<\/p>\n\n\n\n<p class=\"has-text-align-center\" style=\"font-size:clamp(16.834px, 1.052rem + ((1vw - 3.2px) * 0.716), 26px);\"><strong>B\u00f6l\u00fcm II.<\/strong><\/p>\n\n\n\n<p style=\"font-size:clamp(16.834px, 1.052rem + ((1vw - 3.2px) * 0.716), 26px);\">Ancak \u00c7KP ayn\u0131 zamanda oynad\u0131\u011f\u0131 rol\u00fc Sovyetler Birli\u011fi&#8217;nin o d\u00f6nemde yapt\u0131\u011f\u0131ndan ve Avrupa&#8217;daki eski sosyalist devletlerin yapt\u0131\u011f\u0131ndan farkl\u0131 bir \u015fekilde ger\u00e7ekle\u015ftirmektedir. Bunu belki de farkl\u0131 olmak istedi\u011fi i\u00e7in veya da Sovyetler Birli\u011fi ve di\u011fer sosyalist devletlerin deneyim ve ba\u015far\u0131lar\u0131n\u0131 k\u00fc\u00e7\u00fcmsedi\u011fi ya da g\u00f6z ard\u0131 etti\u011fi i\u00e7in yapm\u0131yor.<\/p>\n\n\n\n<p style=\"font-size:clamp(16.834px, 1.052rem + ((1vw - 3.2px) * 0.716), 26px);\">\u00c7KP ayn\u0131 rakiple kar\u015f\u0131 kar\u015f\u0131ya oldu\u011funu varsaymaktad\u0131r. Oysa farkl\u0131 bir ulusal ve uluslararas\u0131 durumda hareket etmek zorundad\u0131r, farkl\u0131 nesnel ekonomik, farkl\u0131 maddi ve siyasi ko\u015fullarla ve ayr\u0131ca farkl\u0131 g\u00fc\u00e7 ili\u015fkileriyle kar\u015f\u0131 kar\u015f\u0131yad\u0131r ve farkl\u0131 bir tarihe sahiptir!<\/p>\n\n\n\n<p style=\"font-size:clamp(16.834px, 1.052rem + ((1vw - 3.2px) * 0.716), 26px);\">\u00c7HC sosyalizmi se\u00e7mi\u015ftir. Toplumsal hedefi sosyalisttir. \u00c7KP i\u015f\u00e7i s\u0131n\u0131f\u0131n\u0131n partisi olarak iktidard\u0131r ve b\u00f6ylece t\u00fcm halk\u0131n \u00e7\u0131karlar\u0131n\u0131 temsil ediyor. \u0130deolojik temeli Marksizm-Leninizm\u2019dir. Bu zaten partinin program ve t\u00fcz\u00fc\u011f\u00fcn\u00fc ve \u00fclke anayasas\u0131n\u0131 \u015fekillendirdi\u011fi gibi ekonomik temelinin de \u00f6nemli bir b\u00f6l\u00fcm\u00fcn\u00fc olu\u015fturmaktad\u0131r.<\/p>\n\n\n\n<p class=\"has-text-align-center\" style=\"font-size:clamp(16.834px, 1.052rem + ((1vw - 3.2px) * 0.716), 26px);\"><strong>B\u00f6l\u00fcm III.<\/strong><\/p>\n\n\n\n<p style=\"font-size:clamp(16.834px, 1.052rem + ((1vw - 3.2px) * 0.716), 26px);\">\u00c7KP ayn\u0131 zamanda SSCB ve Avrupa sosyalist devletlerindeki kar\u015f\u0131-devrimci geli\u015fmeleri ve \u00c7HC&#8217;ye yap\u0131lan sald\u0131r\u0131lar\u0131 dikkate almakta ve bunlardan dersler \u00e7\u0131karmaktad\u0131r. \u00c7KP derslerden, teorik varsay\u0131mlar olarak de\u011fil, ulusal ve uluslararas\u0131 alanda pratik politikalar i\u00e7in sonu\u00e7lar \u00e7\u0131karmaktad\u0131r.<\/p>\n\n\n\n<p style=\"font-size:clamp(16.834px, 1.052rem + ((1vw - 3.2px) * 0.716), 26px);\">Ayn\u0131 zamanda, 20. y\u00fczy\u0131l\u0131n sonunda, Sovyetler Birli\u011fi&#8217;nin da\u011f\u0131lmas\u0131 ve Avrupa&#8217;n\u0131n di\u011fer sosyalist devletlerinde sosyalizmin yenilgiye u\u011framas\u0131yla birlikte, uluslararas\u0131 g\u00fc\u00e7 dengesi emperyalist gericilik ve restorasyon lehine ciddi bir \u015fekilde de\u011fi\u015fmi\u015fti.<\/p>\n\n\n\n<p style=\"font-size:clamp(16.834px, 1.052rem + ((1vw - 3.2px) * 0.716), 26px);\">Bu ko\u015fullar alt\u0131nda \u00c7HC, emperyalist gericili\u011fin gerici g\u00fc\u00e7lerine kar\u015f\u0131 farkl\u0131 bir uluslararas\u0131 bir politika izledi. Emperyalist k\u00fcreselle\u015fme politikas\u0131n\u0131n kar\u015f\u0131devrimci i\u00e7erik ve e\u011filimlerine teslim olmad\u0131.<\/p>\n\n\n\n<p style=\"font-size:clamp(16.834px, 1.052rem + ((1vw - 3.2px) * 0.716), 26px);\">\u0130\u00e7inde bulundu\u011fumuz d\u00f6nemde i\u00e7 ve d\u0131\u015f politikas\u0131nda yeni uluslararas\u0131 ko\u015fullar\u0131 da dikkate almak zorunda kald\u0131.<\/p>\n\n\n\n<p style=\"font-size:clamp(16.834px, 1.052rem + ((1vw - 3.2px) * 0.716), 26px);\">Ancak \u00c7HC di\u011fer devletlerle ili\u015fkilerini s\u00f6m\u00fcr\u00fc ve bask\u0131 amac\u0131yla geli\u015ftirmiyor. \u0130li\u015fkilerinin (Ku\u015fak ve Yol vb.) temeli ve hedefi ortakla\u015fa kalk\u0131nmad\u0131r, hedefi bar\u0131\u015f, g\u00fcvenlik ve halklar\u0131n refah\u0131d\u0131r.<\/p>\n\n\n\n<p style=\"font-size:clamp(16.834px, 1.052rem + ((1vw - 3.2px) * 0.716), 26px);\">E\u015fitlik ve kar\u015f\u0131l\u0131kl\u0131 fayda (kazan-kazan durumu) bu ili\u015fkilerin \u00f6nemli dayanaklar\u0131d\u0131r. E\u015fitlik ve kar\u015f\u0131l\u0131kl\u0131 fayda da kar\u015f\u0131l\u0131kl\u0131 \u00e7\u0131karlar i\u00e7in bar\u0131\u015f\u00e7\u0131l uluslararas\u0131 ko\u015fullar ve refah ama\u00e7l\u0131 bir i\u015fbirli\u011fi ortam\u0131 yarat\u0131r.<\/p>\n\n\n\n<p class=\"has-text-align-center\" style=\"font-size:clamp(16.834px, 1.052rem + ((1vw - 3.2px) * 0.716), 26px);\"><strong>B\u00f6l\u00fcm IV.<\/strong><\/p>\n\n\n\n<p style=\"font-size:clamp(16.834px, 1.052rem + ((1vw - 3.2px) * 0.716), 26px);\">Eski Sovyetler Birli\u011fi&#8217;nin aksine \u00c7HC, ekonomi politikas\u0131nda esnek bir \u015fekilde d\u00fcnya pazar\u0131na kat\u0131lmaktad\u0131r. ABD ve i\u015fbirlik\u00e7i vasallar\u0131 ile rekabet i\u00e7inde d\u00fcnya ekonomisinde \u00f6nemli bir fakt\u00f6r haline gelmi\u015ftir. \u00c7HC&#8217;nin durumu, Sovyetler Birli\u011fi&#8217;nin 1920&#8217;lerdeki ve 1950&#8217;lerdeki durumuyla kar\u015f\u0131la\u015ft\u0131r\u0131ld\u0131\u011f\u0131nda \u00e7ok \u015fey anlatmaktad\u0131r. \u0130kinci D\u00fcnya Sava\u015f\u0131&#8217;ndan sonra bile, Sovyetler Birli\u011fi d\u00fcnyan\u0131n ikinci b\u00fcy\u00fck g\u00fcc\u00fc haline geldi\u011finde, ekonomik g\u00f6sterge fakt\u00f6rlerinde ABD&#8217;den daha zay\u0131ft\u0131 ve bunun siyasi sonu\u00e7lar\u0131 da olmad\u0131 de\u011fil.<\/p>\n\n\n\n<p style=\"font-size:clamp(16.834px, 1.052rem + ((1vw - 3.2px) * 0.716), 26px);\">Bug\u00fcn, ekonomik ve bilimsel-teknolojik g\u00fcc\u00fcne ve a\u011f\u0131rl\u0131\u011f\u0131na dayanan \u00c7HC, sosyalist devlet g\u00fcc\u00fcn\u00fc, tekelci kapitalist ekonominin ve ilgili finansal sistemin d\u00fczenliliklerini ve d\u00fczenleyici mekanizmalar\u0131n\u0131, kendi ekonomik kalk\u0131nmas\u0131, \u00f6ng\u00f6r\u00fclebilir bir uluslararas\u0131 sistemin \u015fekillendirilmesi ve ilgili t\u00fcm devletlerin \u00e7\u0131karlar\u0131n\u0131n ger\u00e7ekle\u015ftirilmesi i\u00e7in m\u00fcmk\u00fcn olan en b\u00fcy\u00fck avantajlar\u0131 elde etmek \u00fczere uygulamak i\u00e7in kullanmaktad\u0131r.<\/p>\n\n\n\n<p style=\"font-size:clamp(16.834px, 1.052rem + ((1vw - 3.2px) * 0.716), 26px);\"><strong>\u00c7in Ekonomisi, \u00c7KP taraf\u0131ndan onaylanan be\u015f y\u0131ll\u0131k planlara uygun olarak geli\u015fmektedir.<\/strong><\/p>\n\n\n\n<p style=\"font-size:clamp(16.834px, 1.052rem + ((1vw - 3.2px) * 0.716), 26px);\">2035 y\u0131l\u0131na kadar modernle\u015fme \u00e7abalar\u0131 tamamlanacakt\u0131r. \u00c7in, i\u015fg\u00fcc\u00fc verimlili\u011finin artmas\u0131na \u00f6zel \u00f6nem vermektedir. Mevcut Ar-Ge harcamalar\u0131 b\u00fct\u00e7enin %2.55&#8217;ini (3 trilyon Yuan) olu\u015fturmaktad\u0131r. AB&#8217;nin en geli\u015fmi\u015f \u00fclkelerinde bile bu oran b\u00fct\u00e7enin %2.1&#8217;i d\u00fczeyindedir.<\/p>\n\n\n\n<p style=\"font-size:clamp(16.834px, 1.052rem + ((1vw - 3.2px) * 0.716), 26px);\">Bu ba\u011flamda, \u00c7in h\u00fck\u00fcmetinin planlama stratejisi &#8211; g\u00fcn\u00fcm\u00fcz terminolojisini kullanmak gerekirse &#8211; \u00c7HC&#8217;yi teknolojik bir s\u00fcper g\u00fc\u00e7 haline getirmeye y\u00f6nelik ekonomik ve jeopolitik zorunluluk taraf\u0131ndan y\u00f6nlendirilmektedir. Bu temelde ekonomik, siyasi ve g\u00fcvenlikle ilgili g\u00f6revler ve tedbirler belirlenmekte ve uygulanmaktad\u0131r. \u00dclkenin d\u0131\u015f ve g\u00fcvenlik politikas\u0131 a\u011f\u0131rl\u0131kl\u0131 olarak askerile\u015fme ve silahlanma fakt\u00f6r\u00fcne dayanmamaktad\u0131r.<\/p>\n\n\n\n<p style=\"font-size:clamp(16.834px, 1.052rem + ((1vw - 3.2px) * 0.716), 26px);\">\u00dclkenin bu d\u0131\u015f ve g\u00fcvenlik politikas\u0131 \u00fclke i\u00e7indeki sosyal hedeflerin ger\u00e7ekle\u015ftirilmesi i\u00e7in f\u0131rsatlar\u0131n\u0131n \u00f6n\u00fcn\u00fc a\u00e7maktad\u0131r. Bu ayn\u0131 zamanda, \u00c7HC&#8217;nin d\u0131\u015f politika hedeflerini daha etkili bir \u015fekilde ger\u00e7ekle\u015ftirme olanaklar\u0131n\u0131 artt\u0131rmaktad\u0131r. Emperyalist g\u00fc\u00e7ler aras\u0131ndaki \u00e7\u0131kar \u00e7eli\u015fkilerini anti-emperyalist m\u00fccadele ve halklar\u0131n g\u00fcvenlik ve bar\u0131\u015f \u00e7abalar\u0131 lehine kullanmak i\u00e7in yeni bir alan yaratmaktad\u0131r.<\/p>\n\n\n\n<p style=\"font-size:clamp(16.834px, 1.052rem + ((1vw - 3.2px) * 0.716), 26px);\">Bunu yaparken, \u00c7in\u2019in ald\u0131\u011f\u0131 t\u00fcm \u00f6nlemler h\u00fck\u00fcmet taraf\u0131ndan etkin bir denetime tabidir. \u015eu anda bunun temelini \u00c7KP&#8217;nin 20. Parti Kongresi kararlar\u0131 olu\u015fturmaktad\u0131r.<\/p>\n\n\n\n<p class=\"has-text-align-center\" style=\"font-size:clamp(16.834px, 1.052rem + ((1vw - 3.2px) * 0.716), 26px);\"><strong>B\u00f6l\u00fcm V.<\/strong><\/p>\n\n\n\n<p style=\"font-size:clamp(16.834px, 1.052rem + ((1vw - 3.2px) * 0.716), 26px);\">Y\u00fczy\u0131l\u0131n ortalar\u0131nda \u00c7HC modernle\u015fmesini tamamlam\u0131\u015f bir sosyalist toplum olacakt\u0131r. Bu plan d\u00f6nemin SBKP&#8217;sinin program\u0131ndan farkl\u0131d\u0131r. Ancak bu yanl\u0131\u015f oldu\u011fu anlam\u0131na gelmez.<\/p>\n\n\n\n<p style=\"font-size:clamp(16.834px, 1.052rem + ((1vw - 3.2px) * 0.716), 26px);\">Bilindi\u011fi gibi, 1961&#8217;de (22. Parti Kongresi) Kru\u015f\u00e7ev, yirmi y\u0131l i\u00e7inde kom\u00fcnist toplumun geli\u015fkin a\u015famas\u0131na ge\u00e7i\u015fin tamamlanmas\u0131 stratejik g\u00f6revinin form\u00fcle edildi\u011fi yeni bir parti program\u0131 haz\u0131rlatm\u0131\u015ft\u0131.<\/p>\n\n\n\n<p style=\"font-size:clamp(16.834px, 1.052rem + ((1vw - 3.2px) * 0.716), 26px);\"><strong>Ger\u00e7ek\u00e7i bakarsak bu SBKP Parti program\u0131, o g\u00fcnk\u00fc SBKP \u00f6nderli\u011finin tamamen \u00f6znelcili\u011fin ve iradecili\u011fin b\u00fcy\u00fcs\u00fc alt\u0131nda oldu\u011funu g\u00f6stermektedir.<\/strong><\/p>\n\n\n\n<p style=\"font-size:clamp(16.834px, 1.052rem + ((1vw - 3.2px) * 0.716), 26px);\">Kaydedilen ilerlemeye ra\u011fmen, d\u00f6nemin SSCB&#8217;sindeki sosyalist toplum hi\u00e7bir \u015fekilde b\u00f6yle bir g\u00f6revin yerine getirilmesine olanak sa\u011flayacak olgunluk derecesine ula\u015fmam\u0131\u015ft\u0131. Bu \u00f6znelci yakla\u015f\u0131m ve ger\u00e7ek durum, SSCB&#8217;de oldu\u011fu gibi di\u011fer sosyalist devletlerde de toplumun farkl\u0131 alanlar\u0131n\u0131n geli\u015fme d\u00fczeyinin de\u011ferlendirilmesinde belirleyici olmu\u015ftur.<\/p>\n\n\n\n<p style=\"font-size:clamp(16.834px, 1.052rem + ((1vw - 3.2px) * 0.716), 26px);\">Bana g\u00f6re \u00c7in ko\u015fullar\u0131nda ger\u00e7ek\u00e7i yakla\u015f\u0131m, \u00c7in modernle\u015fmesinin kom\u00fcnist parti \u00f6nderli\u011finde y\u00fcr\u00fct\u00fclen, bilimsel ve teknolojik ilerlemeye ve bu temelde artan emek verimlili\u011fine dayanan sosyalist modernle\u015fme oldu\u011fudur.<\/p>\n\n\n\n<p style=\"font-size:clamp(16.834px, 1.052rem + ((1vw - 3.2px) * 0.716), 26px);\">Bu modernle\u015fme hem t\u00fcm \u00fclkelerdeki modernle\u015fmenin ortak \u00f6zelliklerine sahiptir hem de \u00c7in\u2019in ger\u00e7ekleriyle harmanlanm\u0131\u015f ulusal \u00f6zelliklere sahip bir sosyalist modernle\u015fmedir. &nbsp;<\/p>\n\n\n\n<p style=\"font-size:clamp(16.834px, 1.052rem + ((1vw - 3.2px) * 0.716), 26px);\">Bu politika \u00c7HC&#8217;nin sadece mevcut d\u00fcnya ekonomisinde belirleyici bir fakt\u00f6r olmas\u0131n\u0131 de\u011fil, ayn\u0131 zamanda d\u00fcnya ekonomisinde kilit bir rol edinmesini de sa\u011flam\u0131\u015ft\u0131r, d\u00fcnya ekonomisi art\u0131k \u00c7HC olmadan pratikte i\u015fleyemez.<\/p>\n\n\n\n<p style=\"font-size:clamp(16.834px, 1.052rem + ((1vw - 3.2px) * 0.716), 26px);\">\u00c7HC tart\u0131\u015fmas\u0131z bir \u015fekilde d\u00fcnyan\u0131n en b\u00fcy\u00fck ikinci ekonomik g\u00fcc\u00fcd\u00fcr. ABD&#8217;yi de geride b\u0131rakma s\u00fcrecindedir. D\u00fcnyan\u0131n \u00f6nde gelen ihracat\u00e7\u0131 \u00fclkesidir ve bu s\u00fcre\u00e7te Federal Almanya Cumhuriyeti&#8217;ni geride b\u0131rakm\u0131\u015ft\u0131r.<\/p>\n\n\n\n<p style=\"font-size:clamp(16.834px, 1.052rem + ((1vw - 3.2px) * 0.716), 26px);\">SSCB ve BDT&#8217;nin (Bug\u00fcnk\u00fc Rusya) aksine, \u00c7in d\u00fcnya pazar\u0131na ve uluslararas\u0131 i\u015f b\u00f6l\u00fcm\u00fcne aktif olarak kat\u0131lmaktad\u0131r. B\u00fcy\u00fck d\u00f6viz fazlalar\u0131na sahiptir ve giderek artan bir sermaye ihracat\u0131 ger\u00e7ekle\u015ftirmektedir. Dolay\u0131s\u0131yla, bu a\u00e7\u0131dan da d\u00fcnya ekonomisi \u00fczerinde \u00f6nemli bir k\u00fcresel etkiye sahiptir.&nbsp;<\/p>\n\n\n\n<p style=\"font-size:clamp(16.834px, 1.052rem + ((1vw - 3.2px) * 0.716), 26px);\">Bu etki, sonu\u00e7lar\u0131n\u0131 g\u00f6steren olgulara dayanmaktad\u0131r. 1980 y\u0131l\u0131nda &#8220;Bat\u0131&#8221;, yani sermayenin ana g\u00fc\u00e7leri, d\u00fcnya ekonomisinde y\u00fczde 80&#8217;lik bir paya sahipken, d\u00fcnyan\u0131n &#8220;geri kalan\u0131&#8221; y\u00fczde 20&#8217;lik bir paya sahipti. 1940&#8217;lar\u0131n sonunda ABD tek ba\u015f\u0131na d\u00fcnya sanayi mallar\u0131n\u0131n yar\u0131s\u0131n\u0131 \u00fcretiyordu!<\/p>\n\n\n\n<p style=\"font-size:clamp(16.834px, 1.052rem + ((1vw - 3.2px) * 0.716), 26px);\">Bug\u00fcn ise geli\u015fmekte olan \u00fclkelerin d\u00fcnya ekonomisindeki pay\u0131 y\u00fczde 70&#8217;in biraz alt\u0131nda, &#8220;Bat\u0131\u2019n\u0131n\u201d pay\u0131 ise y\u00fczde 30&#8217;un biraz \u00fczerinde!<\/p>\n\n\n\n<p style=\"font-size:clamp(16.834px, 1.052rem + ((1vw - 3.2px) * 0.716), 26px);\">Sonu\u00e7 olarak, kendi g\u00fcvenlik ve ba\u011f\u0131ms\u0131zl\u0131klar\u0131na hizmet eden bir d\u0131\u015f politika izleyen \u00fclkeler lehine g\u00fc\u00e7 eksenlerinde bir finansal-ekonomik kayma ger\u00e7ekle\u015fmi\u015ftir.<\/p>\n\n\n\n<p style=\"font-size:clamp(16.834px, 1.052rem + ((1vw - 3.2px) * 0.716), 26px);\">Bunun siyasi etkilerinden biri de, \u00f6rne\u011fin \u015fu anda 19 \u00fclkenin BRICS ekonomik blokuna kat\u0131lmak istemesidir. Ayn\u0131 zamanda \u015eanghay \u0130\u015fbirli\u011fi \u00d6rg\u00fct\u00fc&#8217;n\u00fcn uluslararas\u0131 \u00f6nemi de artmaktad\u0131r.<\/p>\n\n\n\n<p style=\"font-size:clamp(16.834px, 1.052rem + ((1vw - 3.2px) * 0.716), 26px);\">Bunlar, ABD, Almanya ve di\u011fer h\u00fck\u00fcmetler taraf\u0131ndan ilan edilen sermayenin egemenli\u011finin d\u00fcnya \u00e7ap\u0131nda restorasyonuna y\u00f6nelik gerici politikan\u0131n de\u011fil, halklar\u0131n bar\u0131\u015f ve g\u00fcvenli\u011fini g\u00fcvence alt\u0131na alan bir d\u00f6n\u00fcm noktas\u0131na i\u015faret ediyor.<\/p>\n\n\n\n<p style=\"font-size:clamp(16.834px, 1.052rem + ((1vw - 3.2px) * 0.716), 26px);\"><strong>Sadece kendi \u00e7\u0131karlar\u0131 i\u00e7in de\u011fil<\/strong><\/p>\n\n\n\n<p style=\"font-size:clamp(16.834px, 1.052rem + ((1vw - 3.2px) * 0.716), 26px);\">Ancak, \u00c7HC d\u00fcnya \u00e7ap\u0131nda bir hareket alan\u0131 a\u00e7an niteli\u011fe sahip olan bu politikay\u0131 sadece kendi \u00e7\u0131karlar\u0131 i\u00e7in izlememektedir. Uluslararas\u0131 alanda artan ilgi sadece \u00c7HC ile olan ekonomik ili\u015fkilere ba\u011fl\u0131 de\u011fildir. Aksine \u00c7in&#8217;in deneyimleriyle giderek \u201cnas\u0131l\u201d daha fazla ili\u015fkilenebilirim diyen devletlerin say\u0131s\u0131 art\u0131yor.<\/p>\n\n\n\n<p style=\"font-size:clamp(16.834px, 1.052rem + ((1vw - 3.2px) * 0.716), 26px);\">\u00c7in taraf\u0131 artan bu b\u00fcy\u00fck ilgiye, \u00f6rne\u011fin son 20. Parti Kongresi&#8217;nden sonra yabanc\u0131 partiler ve \u00f6zellikle Asya, Afrika ve Latin Amerika&#8217;dan devletler ve toplumsal \u00f6rg\u00fctlerle bir dizi ikili ve \u00e7ok tarafl\u0131 g\u00f6r\u00fc\u015f al\u0131\u015fveri\u015fleri d\u00fczenleyerek yan\u0131t veriyor.<\/p>\n\n\n\n<p style=\"font-size:clamp(16.834px, 1.052rem + ((1vw - 3.2px) * 0.716), 26px);\">\u00c7HC, \u00c7in halk\u0131n\u0131n ulusal ve uluslararas\u0131 \u00e7\u0131karlar\u0131na uygun olarak, istikrarl\u0131 ekonomik kalk\u0131nma, ya\u015fam ko\u015fullar\u0131n\u0131n ve kalk\u0131nma ko\u015fullar\u0131n\u0131n iyile\u015ftirilmesi temelinde g\u00fc\u00e7 dengesinin anti-emperyalist g\u00fc\u00e7ler lehine de\u011fi\u015ftirilmesi s\u00fcrecinde ilerici uluslararas\u0131 g\u00fc\u00e7leri ve e\u011filimleri desteklemektedir.<\/p>\n\n\n\n<p style=\"font-size:clamp(16.834px, 1.052rem + ((1vw - 3.2px) * 0.716), 26px);\">T\u00fcm bunlar\u0131n etkisini somut olarak g\u00f6r\u00fcyoruz: Avro B\u00f6lgesi&#8217;nin \u015fu anda t\u00fcketici fiyatlar\u0131nda y\u00fczde 7&#8217;lik bir enflasyon ya\u015fad\u0131\u011f\u0131n\u0131 belirtmek gerekir. \u00c7HC&#8217;de bu oran y\u00fczde 0.1, Rusya&#8217;da y\u00fczde 2.3, Hindistan&#8217;da y\u00fczde 4.7 ve Vietnam&#8217;da y\u00fczde 2.8&#8217;dir.<\/p>\n\n\n\n<p style=\"font-size:clamp(16.834px, 1.052rem + ((1vw - 3.2px) * 0.716), 26px);\">Ve bunun gibi daha pek \u00e7ok ger\u00e7ek var. Bu durum, kapitalist b\u00fcy\u00fck g\u00fc\u00e7lerin \u00e7\u0131karlar\u0131na uymuyor, bu y\u00fczden \u00c7HC&#8217;yi etkisizle\u015ftirmeye ya da ortadan kald\u0131rmaya \u00e7al\u0131\u015f\u0131yorlar, \u00e7\u00fcnk\u00fc \u00c7in siyasi kimli\u011fini koruyarak ve sosyalist hedefinden vazge\u00e7meden d\u00fcnyadaki kapitalist sistemin ko\u015fullar\u0131na uyum sa\u011flayabiliyor!<\/p>\n\n\n\n<p style=\"font-size:clamp(16.834px, 1.052rem + ((1vw - 3.2px) * 0.716), 26px);\">Ancak mesele sadece ekonomik rakamlar meselesi de\u011fildir. Mesele sadece rakamlar de\u011fil, her \u015feyden \u00f6nce mevcut ko\u015fullar alt\u0131nda temel sosyo-ekonomik ve siyasi sorunlar\u0131n nas\u0131l \u00e7\u00f6z\u00fclece\u011fine dair bir \u00f6rne\u011fin ortaya \u00e7\u0131kmas\u0131d\u0131r. Elbette bu aray\u0131\u015f sorunlar\u0131 da beraberinde getiriyor ama her \u015feyden \u00f6nce sosyalizmin \u015fimdiye kadar sahip olmad\u0131\u011f\u0131 etki olanaklar\u0131n\u0131 yarat\u0131yor.<\/p>\n\n\n\n<p style=\"font-size:clamp(16.834px, 1.052rem + ((1vw - 3.2px) * 0.716), 26px);\">\u00c7KP&#8217;nin konseptini ve politikas\u0131n\u0131 d\u00f6nemin SBKP&#8217;sinden ve Do\u011fu Avrupa\u2019daki sosyalist devletlerinin Kom\u00fcnist Parti&#8217;lerinden ay\u0131ran budur.<\/p>\n\n\n\n<p style=\"font-size:clamp(16.834px, 1.052rem + ((1vw - 3.2px) * 0.716), 26px);\">Ancak bu, bildi\u011fimiz gibi hen\u00fcz var olmayan, ancak 2050 y\u0131l\u0131na kadar yarat\u0131lacak olan &#8220;\u00c7in&#8217;e \u00d6zg\u00fc Sosyalizm&#8221; hedefinin bir par\u00e7as\u0131d\u0131r.<\/p>\n\n\n\n<p style=\"font-size:clamp(16.834px, 1.052rem + ((1vw - 3.2px) * 0.716), 26px);\">\u00d6nemli olan bu t\u00fcr ger\u00e7eklerdir, \u00e7ok \u00e7e\u015fitli tonlardan ve ideolojik k\u00f6kenlerden gelen &#8220;ele\u015ftirmenlerin&#8221; kar\u015f\u0131devrimci ve anti-kom\u00fcnist yorumlar\u0131 de\u011fildir.<\/p>\n\n\n\n<p style=\"font-size:clamp(16.834px, 1.052rem + ((1vw - 3.2px) * 0.716), 26px);\">Dolay\u0131s\u0131yla &#8220;\u00c7in&#8217;e \u00d6zg\u00fc Sosyalizm&#8217;in\u201d yarat\u0131lmas\u0131, insanl\u0131\u011f\u0131n toplumsal geli\u015fme yasalar\u0131n\u0131n s\u0131n\u0131f m\u00fccadelesinin somut ulusal ve uluslararas\u0131 ko\u015fullar\u0131na somut olarak uygulanmas\u0131d\u0131r.<\/p>\n\n\n\n<p class=\"has-text-align-center\" style=\"font-size:clamp(16.834px, 1.052rem + ((1vw - 3.2px) * 0.716), 26px);\"><strong>B\u00f6l\u00fcm VI.<\/strong><\/p>\n\n\n\n<p style=\"font-size:clamp(16.834px, 1.052rem + ((1vw - 3.2px) * 0.716), 26px);\">\u00c7KP \u00f6nderli\u011fi, sosyalizme giden ba\u015far\u0131l\u0131 yolun belirleyici ko\u015fulunu partinin teorik, ideolojik ve \u00f6rg\u00fctsel konsolidasyonunda g\u00f6rmektedir.<\/p>\n\n\n\n<p style=\"font-size:clamp(16.834px, 1.052rem + ((1vw - 3.2px) * 0.716), 26px);\">20. Parti Kongresi kararlar\u0131n\u0131n de\u011ferlendirilmesi ve somutla\u015ft\u0131r\u0131lmas\u0131 i\u00e7in, liderli\u011fin aktivistlerle merkezi d\u00fczeyde isti\u015fareleri d\u00fczenli olarak ger\u00e7ekle\u015ftirilmekte ve bu isti\u015farelerde g\u00f6revlerin yan\u0131 s\u0131ra partiyi ve toplumu harekete ge\u00e7irmenin yol ve y\u00f6ntemleri de tart\u0131\u015f\u0131lmaktad\u0131r.<\/p>\n\n\n\n<p style=\"font-size:clamp(16.834px, 1.052rem + ((1vw - 3.2px) * 0.716), 26px);\">\u00d6rne\u011fin 3 Nisan&#8217;da parti i\u00e7i bir e\u011fitim kampanyas\u0131n\u0131n ba\u015flang\u0131c\u0131 olarak b\u00f6yle bir toplant\u0131 ger\u00e7ekle\u015ftirildi.<\/p>\n\n\n\n<p style=\"font-size:clamp(16.834px, 1.052rem + ((1vw - 3.2px) * 0.716), 26px);\">Xi Jinping bu kampanyada amac\u0131n &#8220;yeni d\u00f6nemde \u00c7in&#8217;e \u00d6zg\u00fc Sosyalizm fikirlerini incelemek ve uygulamak i\u00e7in e\u011fitim kampanyas\u0131n\u0131 yo\u011funla\u015ft\u0131rmak, uyumu g\u00fc\u00e7lendirmek ve yeni bir parti i\u00e7i e\u011fitim kampanyas\u0131nda g\u00fc\u00e7leri birle\u015ftirmek&#8221; oldu\u011funu belirtti. Ve kampanyan\u0131n &#8220;\u00c7KP&#8217;nin t\u00fcm \u00fcyelerine Parti&#8217;nin yeni tutumunu daha iyi kavrama ve Marksizm anlay\u0131\u015f\u0131n\u0131 derinle\u015ftirme f\u0131rsat\u0131 (vermek)&#8221; gerekti\u011fine i\u015faret etti ve ilave etti: <strong>mesele \u00c7in&#8217;e \u00d6zg\u00fc Sosyalizm ile Marksizmi birbirinden ay\u0131rmak ya da &#8220;a\u015fmak&#8221;, hatta Marksizmi &#8220;a\u015fmak&#8221; ya da &#8220;modernle\u015ftirmek&#8221; de\u011fil, sosyalizmi &#8220;Marksizm kavray\u0131\u015f\u0131m\u0131z\u0131 derinle\u015ftirmek&#8221; temelinde ve ulusal \u00f6zellikleri dikkate alarak in\u015fa etmektir\u201d.<\/strong><\/p>\n\n\n\n<p style=\"font-size:clamp(16.834px, 1.052rem + ((1vw - 3.2px) * 0.716), 26px);\">\u00dclke \u00e7ap\u0131nda yay\u0131lan iki g\u00f6rev \u00f6zellikle vurgulanm\u0131\u015ft\u0131r:<\/p>\n\n\n\n<ul class=\"wp-block-list\">\n<li style=\"font-size:clamp(16.834px, 1.052rem + ((1vw - 3.2px) * 0.716), 26px);\">Modernle\u015fmeyi ba\u015farm\u0131\u015f bir sosyalist \u00fclkenin kapsaml\u0131 in\u015fas\u0131 ve<\/li>\n\n\n\n<li style=\"font-size:clamp(16.834px, 1.052rem + ((1vw - 3.2px) * 0.716), 26px);\">\u00c7in ulusunun yeniden canlanmas\u0131n\u0131n ger\u00e7ekle\u015ftirilmesi.<\/li>\n<\/ul>\n\n\n\n<p style=\"font-size:clamp(16.834px, 1.052rem + ((1vw - 3.2px) * 0.716), 26px);\">Bu a\u015famada, il\u00e7e d\u00fczeyindeki (b\u00f6lgesel d\u00fczey) ve daha \u00fcst d\u00fczeydeki kadrolar\u0131n g\u00fc\u00e7l\u00fc nitelikler kazanmalar\u0131na odaklan\u0131lacakt\u0131r.<\/p>\n\n\n\n<p style=\"font-size:clamp(16.834px, 1.052rem + ((1vw - 3.2px) * 0.716), 26px);\">Bu tedbirin amac\u0131 \u015fudur:<\/p>\n\n\n\n<ul class=\"wp-block-list\">\n<li style=\"font-size:clamp(16.834px, 1.052rem + ((1vw - 3.2px) * 0.716), 26px);\">Parti \u00fcyelerinin ideolojik uyumunu daha da geli\u015ftirmek ve peki\u015ftirmek,<\/li>\n\n\n\n<li style=\"font-size:clamp(16.834px, 1.052rem + ((1vw - 3.2px) * 0.716), 26px);\">Kendini dayatan acil parti i\u00e7i sorunlar\u0131 \u00e7\u00f6zmek,<\/li>\n\n\n\n<li style=\"font-size:clamp(16.834px, 1.052rem + ((1vw - 3.2px) * 0.716), 26px);\">Parti ile halk aras\u0131ndaki g\u00fc\u00e7l\u00fc s\u0131k\u0131 ili\u015fkilerin ve sosyalizm davas\u0131n\u0131n s\u00fcrd\u00fcr\u00fclmesini ve daha da geli\u015ftirilmesini te\u015fvik etmek.<\/li>\n<\/ul>\n\n\n\n<p style=\"font-size:clamp(16.834px, 1.052rem + ((1vw - 3.2px) * 0.716), 26px);\">Parti i\u00e7i e\u011fitim kampanyas\u0131, Parti \u00fcyelerinin ve yetkililerinin &#8220;siyasi muhakeme, d\u00fc\u015f\u00fcnce ve eylem kapasitelerini geli\u015ftirmelerine&#8221; yard\u0131mc\u0131 olarak, Parti&#8217;yi &#8220;ezilmesi m\u00fcmk\u00fcn olmayan sertle\u015ftirilmi\u015f bir \u00e7eli\u011fe&#8221; d\u00f6n\u00fc\u015ft\u00fcrmeyi ama\u00e7lamaktad\u0131r.<\/p>\n\n\n\n<p style=\"font-size:clamp(16.834px, 1.052rem + ((1vw - 3.2px) * 0.716), 26px);\">E\u011fitim ve \u00f6nderlik yoluyla, parti \u00fcyeleri ve yetkilileri &#8220;kaliteli kalk\u0131nma sa\u011flamak, halka hizmet etmek ve riskleri \u00f6nlemek ve riskleri ortadan kald\u0131rmak i\u00e7in daha iyi haz\u0131rlanmal\u0131d\u0131r&#8221;.<\/p>\n\n\n\n<p style=\"font-size:clamp(16.834px, 1.052rem + ((1vw - 3.2px) * 0.716), 26px);\">Xi Jinping\u2019e g\u00f6re <strong>\u201cama\u00e7, sosyo-ekonomik kalk\u0131nma sorunlar\u0131n\u0131 Parti&#8217;nin Marksist-Leninist karakterini peki\u015ftirme ve Parti&#8217;nin \u00e7al\u0131\u015fmalar\u0131n\u0131 nitelikli hale getirme, b\u00fcy\u00fck riskleri \u00f6nleme ve ortadan kald\u0131rma ve ba\u015far\u0131l\u0131 yolda devam etme temelinde \u00e7\u00f6zmektir.\u201d<\/strong><\/p>\n\n\n\n<p style=\"font-size:clamp(16.834px, 1.052rem + ((1vw - 3.2px) * 0.716), 26px);\">Xi Jinping e\u011fitim kampanyas\u0131n\u0131n ana hedefinin <strong>&#8220;Marksizm ve \u00c7in&#8217;e \u00d6zg\u00fc Sosyalizm ile olan ba\u011f\u0131 g\u00fc\u00e7lendirerek bunlar\u0131 \u00c7in ulusunu yeniden canland\u0131rma davas\u0131nda birle\u015ftirmek&#8221; oldu\u011funu vurgulad\u0131 ve ekledi: bu g\u00f6rev, sosyal ve ulusal olan\u0131n birbirine ba\u011flanmas\u0131d\u0131r, &#8220;\u00c7KP \u00fcyeleri Partinin as\u0131l ilk kurulu\u015f amac\u0131n\u0131 ve temel misyonunu asla unutmamal\u0131d\u0131rlar. T\u00fcm Parti \u00fcyeleri Partiye, halka ve Marksizme sad\u0131k kalmal\u0131d\u0131r\u201d.<\/strong><\/p>\n\n\n\n<p style=\"font-size:clamp(16.834px, 1.052rem + ((1vw - 3.2px) * 0.716), 26px);\">\u00c7in\u2019in ba\u015far\u0131lar\u0131 d\u00fcnyadaki ilerici g\u00fc\u00e7leri ge\u00e7ici aksakl\u0131klara ra\u011fmen toplumsal ilerleme yolunda kararl\u0131l\u0131kla devam etmeye te\u015fvik etmektedir.\u00a0Bu, \u00c7KP&#8217;nin bar\u0131\u015f ve toplumsal ilerleme g\u00fc\u00e7lerinin canlanmas\u0131na yapt\u0131\u011f\u0131 belirleyici bir katk\u0131d\u0131r. Bu deneyimleri incelemek ve onlara iftira atmamak gerekir!<\/p>\n\n\n\n<p style=\"font-size:clamp(16.834px, 1.052rem + ((1vw - 3.2px) * 0.716), 26px);\">Bu yaz\u0131\u00a0 https:\/\/www.politikagazetesi.org\/\u00a0 POL\u0130T\u0130KA web gazetesinden al\u0131nm\u0131\u015ft\u0131r. Bu yaz\u0131, yazar\u0131n 1 Temmuz 2023 tarihinde Almanya\u2019nun Ludwigsfelde\u00a0\u00a0kentinde Alman-\u00c7in Dostluk Derne\u011fi&#8217;nin y\u0131ll\u0131k toplant\u0131s\u0131nda yap\u0131lan konu\u015fmay\u0131 yans\u0131t\u0131yor.<\/p>\n","protected":false},"excerpt":{"rendered":"<p>Prof. Dr. Anton Latzo: Bug\u00fcnk\u00fc \u00c7in Halk Cumhuriyeti&#8217;ni Nas\u0131l G\u00f6r\u00fcyorum? Yazar: Prof. Dr. Anton Latzo, Sosyalist Do\u011fu Almanya&#8217;da yeti\u015fmi\u015f, Marksist politik bilimci ve d\u0131\u015f politika uzman\u0131. SSCB&#8217;nin ideolojik olarak alt\u0131n\u0131n oyulmas\u0131ndan, sosyal ve devlet politikalar\u0131n\u0131n \u00e7\u00f6kertilmesinden ve Avrupa&#8217;da sosyalizmin yenilgiye u\u011frat\u0131lmas\u0131ndan sonra, \u00c7in Halk Cumhuriyeti bug\u00fcn insanl\u0131\u011f\u0131n kapitalizmden sosyalizme ge\u00e7i\u015finin devrimci tarihsel s\u00fcrecinde belirleyici fakt\u00f6r [&hellip;]<\/p>\n","protected":false},"author":1,"featured_media":0,"comment_status":"open","ping_status":"open","sticky":false,"template":"","format":"standard","meta":{"_monsterinsights_skip_tracking":false,"_monsterinsights_sitenote_active":false,"_monsterinsights_sitenote_note":"","_monsterinsights_sitenote_category":0,"footnotes":""},"categories":[20,49,5,51,6],"tags":[],"class_list":["post-5220","post","type-post","status-publish","format-standard","hentry","category-arsiv","category-arsiv-tr","category-dunya-sosyalizmi","category-dunya-sosyalizmi-tr","category-sosyalist-ulkeler"],"blocksy_meta":[],"_links":{"self":[{"href":"https:\/\/marksizm.org.tr\/index.php?rest_route=\/wp\/v2\/posts\/5220","targetHints":{"allow":["GET"]}}],"collection":[{"href":"https:\/\/marksizm.org.tr\/index.php?rest_route=\/wp\/v2\/posts"}],"about":[{"href":"https:\/\/marksizm.org.tr\/index.php?rest_route=\/wp\/v2\/types\/post"}],"author":[{"embeddable":true,"href":"https:\/\/marksizm.org.tr\/index.php?rest_route=\/wp\/v2\/users\/1"}],"replies":[{"embeddable":true,"href":"https:\/\/marksizm.org.tr\/index.php?rest_route=%2Fwp%2Fv2%2Fcomments&post=5220"}],"version-history":[{"count":1,"href":"https:\/\/marksizm.org.tr\/index.php?rest_route=\/wp\/v2\/posts\/5220\/revisions"}],"predecessor-version":[{"id":5223,"href":"https:\/\/marksizm.org.tr\/index.php?rest_route=\/wp\/v2\/posts\/5220\/revisions\/5223"}],"wp:attachment":[{"href":"https:\/\/marksizm.org.tr\/index.php?rest_route=%2Fwp%2Fv2%2Fmedia&parent=5220"}],"wp:term":[{"taxonomy":"category","embeddable":true,"href":"https:\/\/marksizm.org.tr\/index.php?rest_route=%2Fwp%2Fv2%2Fcategories&post=5220"},{"taxonomy":"post_tag","embeddable":true,"href":"https:\/\/marksizm.org.tr\/index.php?rest_route=%2Fwp%2Fv2%2Ftags&post=5220"}],"curies":[{"name":"wp","href":"https:\/\/api.w.org\/{rel}","templated":true}]}}