{"id":5283,"date":"2025-03-10T16:43:58","date_gmt":"2025-03-10T16:43:58","guid":{"rendered":"https:\/\/marksizm.org.tr\/?p=5283"},"modified":"2025-03-10T16:52:07","modified_gmt":"2025-03-10T16:52:07","slug":"ocalan-neden-pkk-dagitilmali-cagrisi-yapti-dunya-ve-cin-basinindan-yorumlar","status":"publish","type":"post","link":"https:\/\/marksizm.org.tr\/?p=5283","title":{"rendered":"\u00d6calan Neden PKK Da\u011f\u0131t\u0131lmal\u0131 \u00c7a\u011fr\u0131s\u0131 Yapt\u0131? D\u00fcnya ve \u00c7in Bas\u0131n\u0131ndan Yorumlar"},"content":{"rendered":"\n<h1 class=\"wp-block-heading\"><strong>\u00d6calan Neden PKK Da\u011f\u0131t\u0131lmal\u0131 \u00c7a\u011fr\u0131s\u0131 Yapt\u0131? D\u00fcnya ve \u00c7in Bas\u0131n\u0131ndan Yorumlar<\/strong><\/h1>\n\n\n\n<p style=\"font-size:clamp(16.834px, 1.052rem + ((1vw - 3.2px) * 0.716), 26px);\"><strong>Rojat Kaya<\/strong><\/p>\n\n\n\n<p style=\"font-size:clamp(16.834px, 1.052rem + ((1vw - 3.2px) * 0.716), 26px);\"><strong>K\u00fcrdistan \u0130\u015f\u00e7i Partisi (PKK) lideri neden silah b\u0131rakma \u00e7a\u011fr\u0131s\u0131 yapt\u0131?<\/strong><\/p>\n\n\n\n<p style=\"font-size:clamp(16.834px, 1.052rem + ((1vw - 3.2px) * 0.716), 26px);\"><strong>2025-02-28<\/strong><\/p>\n\n\n\n<figure class=\"wp-block-image aligncenter size-full is-resized\"><img loading=\"lazy\" decoding=\"async\" width=\"840\" height=\"560\" src=\"https:\/\/marksizm.org.tr\/wp-content\/uploads\/2025\/03\/285822.jpg\" alt=\"\" class=\"wp-image-5287\" style=\"width:629px;height:auto\" srcset=\"https:\/\/marksizm.org.tr\/wp-content\/uploads\/2025\/03\/285822.jpg 840w, https:\/\/marksizm.org.tr\/wp-content\/uploads\/2025\/03\/285822-300x200.jpg 300w, https:\/\/marksizm.org.tr\/wp-content\/uploads\/2025\/03\/285822-768x512.jpg 768w\" sizes=\"auto, (max-width: 840px) 100vw, 840px\" \/><\/figure>\n\n\n\n<p style=\"font-size:clamp(16.834px, 1.052rem + ((1vw - 3.2px) * 0.716), 26px);\">K\u00fcrdistan \u0130\u015f\u00e7i Partisi lideri Abdullah \u00d6calan, 27 \u015eubat 2025 tarihinde yerel saatle Diyarbak\u0131r&#8217;da yapt\u0131\u011f\u0131 konu\u015fmada \u00f6rg\u00fct\u00fc da\u011f\u0131lmaya ve silahs\u0131zlanmaya \u00e7a\u011f\u0131rd\u0131.<\/p>\n\n\n\n<p style=\"font-size:clamp(16.834px, 1.052rem + ((1vw - 3.2px) * 0.716), 26px);\">\u00c7in CCTV&#8217;nin haberine g\u00f6re, yerel saatle 27 \u015eubat&#8217;ta T\u00fcrkiye Parlamentosu&#8217;nun \u00fc\u00e7\u00fcnc\u00fc b\u00fcy\u00fck partisi olan K\u00fcrt yanl\u0131s\u0131 E\u015fitlik ve Demokrasi Partisi (DEM) bir bas\u0131n toplant\u0131s\u0131 d\u00fczenleyerek \u0130mral\u0131 Adas\u0131 Cezaevi&#8217;nde tutuklu bulunan K\u00fcrdistan \u0130\u015f\u00e7i Partisi lideri Abdullah \u00d6calan&#8217;\u0131n el yaz\u0131s\u0131yla yazd\u0131\u011f\u0131 mektubu K\u00fcrt\u00e7e ve T\u00fcrk\u00e7e olarak okudu. Mektupta \u00d6calan, &#8220;K\u00fcrdistan \u0130\u015f\u00e7i Partisi&#8217;nin bir kongre d\u00fczenleyerek kendi kendini feshetti\u011fini ilan etmesi gerekti\u011fini&#8221; a\u00e7\u0131k\u00e7a belirtmi\u015f ve t\u00fcm silahl\u0131 gruplara silah b\u0131rakma \u00e7a\u011fr\u0131s\u0131nda bulunmu\u015ftur.<\/p>\n\n\n\n<p style=\"font-size:clamp(16.834px, 1.052rem + ((1vw - 3.2px) * 0.716), 26px);\">Fudan \u00dcniversitesi Orta Do\u011fu Ara\u015ft\u0131rmalar\u0131 Merkezi Direkt\u00f6r\u00fc Sun Degang, The Paper&#8217;a (www.thepaper.cn) verdi\u011fi m\u00fclakatta \u00d6calan&#8217;\u0131n a\u00e7\u0131klamas\u0131n\u0131n T\u00fcrkiye&#8217;ye bir taviz ve uzla\u015fma sinyali g\u00f6nderdi\u011fini, bunun da Erdo\u011fan h\u00fck\u00fcmetinin T\u00fcrkiye&#8217;nin g\u00fcneydo\u011fusundaki K\u00fcrt b\u00f6lgesi \u00fczerindeki kontrol\u00fcn\u00fc g\u00fc\u00e7lendirmesine yard\u0131mc\u0131 olaca\u011f\u0131n\u0131 s\u00f6yledi. Bu ayn\u0131 zamanda 2010&#8217;daki &#8220;Arap Bahar\u0131 &#8220;n\u0131n ard\u0131ndan ortaya \u00e7\u0131kan ve &#8220;K\u00fcrt Bahar\u0131&#8221; olarak adland\u0131r\u0131lan ulusal hareketin so\u011fumas\u0131 anlam\u0131na da geliyor. &#8220;Ger\u00e7ek\u00e7i bir bak\u0131\u015f a\u00e7\u0131s\u0131yla bak\u0131ld\u0131\u011f\u0131nda, K\u00fcrtlerin ba\u011f\u0131ms\u0131zl\u0131k istemesi temelde imkans\u0131z.&#8221;<\/p>\n\n\n\n<p style=\"font-size:clamp(16.834px, 1.052rem + ((1vw - 3.2px) * 0.716), 26px);\">2010 y\u0131l\u0131nda &#8220;Arap Bahar\u0131&#8221; ve Suriye i\u00e7 sava\u015f\u0131 patlak vermi\u015f, Suriyeli K\u00fcrtler ABD ve di\u011fer \u00fclkelerin deste\u011fiyle Suriye&#8217;nin kuzeyinde kontrol\u00fc ele ge\u00e7irerek &#8220;K\u00fcrt Bahar\u0131&#8221; olarak adland\u0131r\u0131lan ulusal hareketi tetiklemi\u015fti.<\/p>\n\n\n\n<p style=\"font-size:clamp(16.834px, 1.052rem + ((1vw - 3.2px) * 0.716), 26px);\">Abdullah \u00d6calan 1979 y\u0131l\u0131nda K\u00fcrdistan \u0130\u015f\u00e7i Partisi&#8217;ni kurdu. T\u00fcrkiye, Suriye, Irak ve \u0130ran s\u0131n\u0131rlar\u0131nda K\u00fcrt n\u00fcfusun ya\u015fad\u0131\u011f\u0131 b\u00f6lgelerde g\u00fc\u00e7 kullanarak ba\u011f\u0131ms\u0131z bir K\u00fcrt devleti kurmay\u0131 ama\u00e7layan \u00f6rg\u00fct, T\u00fcrkiye taraf\u0131ndan ter\u00f6r \u00f6rg\u00fct\u00fc olarak s\u0131n\u0131fland\u0131r\u0131lmaktad\u0131r. Ge\u00e7ti\u011fimiz 40 y\u0131l boyunca \u00f6rg\u00fct, T\u00fcrk h\u00fck\u00fcmeti ile on binlerce ki\u015finin \u00f6l\u00fcm\u00fcne ve y\u00fcz binlerce ki\u015finin yerinden edilmesine neden olan bir\u00e7ok silahl\u0131 \u00e7at\u0131\u015fma ya\u015fad\u0131. Buna ek olarak, T\u00fcrkiye defalarca s\u0131n\u0131r\u0131 ge\u00e7erek Suriye ve Irak&#8217;taki K\u00fcrdistan \u0130\u015f\u00e7i Partisi&#8217;ne sald\u0131rd\u0131 ve bu da T\u00fcrkiye ile iki \u00fclke aras\u0131nda diplomatik gerginliklere neden oldu. \u00d6calan 1999 y\u0131l\u0131nda T\u00fcrk istihbarat\u0131 taraf\u0131ndan tutukland\u0131 ve \u00f6m\u00fcr boyu hapse mahkum edildi.<\/p>\n\n\n\n<p style=\"font-size:clamp(16.834px, 1.052rem + ((1vw - 3.2px) * 0.716), 26px);\">K\u00fcrdistan \u0130\u015f\u00e7i Partisi lideri Abdullah \u00d6calan, 27 \u015eubat 2025 tarihinde yerel saatle Diyarbak\u0131r&#8217;da dinlenen konu\u015fmada \u00f6rg\u00fct\u00fc da\u011f\u0131lmaya ve silahs\u0131zlanmaya \u00e7a\u011f\u0131rd\u0131.<\/p>\n\n\n\n<p style=\"font-size:clamp(16.834px, 1.052rem + ((1vw - 3.2px) * 0.716), 26px);\"><strong>Orta Do\u011fu&#8217;da b\u00fcy\u00fck de\u011fi\u015fimler ve &#8220;stratejik derinlik kayb\u0131&#8221;<\/strong><\/p>\n\n\n\n<p style=\"font-size:clamp(16.834px, 1.052rem + ((1vw - 3.2px) * 0.716), 26px);\">The Guardian, K\u00fcrt meselesinin, \u00f6zellikle de T\u00fcrkiye&#8217;deki K\u00fcrt meselesinin, uzun zamand\u0131r Orta Do\u011fu jeopoliti\u011fiyle yak\u0131ndan ili\u015fkili oldu\u011funu analiz etti. Wall Street Journal, \u00d6calan&#8217;\u0131n a\u00e7\u0131klamas\u0131ndan \u00f6nce &#8220;Ortado\u011fu&#8217;da bir y\u0131ldan fazla s\u00fcren \u00e7at\u0131\u015fman\u0131n Ortado\u011fu&#8217;nun jeopolitik manzaras\u0131n\u0131 de\u011fi\u015ftirdi\u011fine&#8221; dikkat \u00e7ekti.<\/p>\n\n\n\n<p style=\"font-size:clamp(16.834px, 1.052rem + ((1vw - 3.2px) * 0.716), 26px);\">Osmanl\u0131 \u0130mparatorlu\u011fu&#8217;nun \u00e7\u00f6k\u00fc\u015f\u00fcnden sonra K\u00fcrtler ba\u011f\u0131ms\u0131z bir ulus-devlet kurma hedeflerine ula\u015famad\u0131lar ve bunun yerine T\u00fcrkiye, \u0130ran, Irak ve Suriye&#8217;ye da\u011f\u0131lm\u0131\u015f bir az\u0131nl\u0131k haline geldiler. Bu durum K\u00fcrtlerin \u00f6zerklik ve hatta ba\u011f\u0131ms\u0131zl\u0131k m\u00fccadelesinin tohumlar\u0131n\u0131 atm\u0131\u015ft\u0131r.<\/p>\n\n\n\n<p style=\"font-size:clamp(16.834px, 1.052rem + ((1vw - 3.2px) * 0.716), 26px);\">2003 y\u0131l\u0131nda Amerika Birle\u015fik Devletleri Irak Sava\u015f\u0131&#8217;n\u0131 ba\u015flatt\u0131 ve Irakl\u0131 K\u00fcrtler bu f\u0131rsattan yararlanarak y\u00fcksek derecede \u00f6zerklik elde etti. 2010 y\u0131l\u0131nda &#8220;Arap Bahar\u0131&#8221; ve Suriye i\u00e7 sava\u015f\u0131 patlak verdi ve Suriyeli K\u00fcrtler, ABD ve di\u011fer \u00fclkelerin deste\u011fiyle kuzey Suriye&#8217;nin kontrol\u00fcn\u00fc ele ge\u00e7irerek &#8220;K\u00fcrt Bahar\u0131&#8221; olarak adland\u0131r\u0131lan ulusal hareketi tetikledi.<\/p>\n\n\n\n<p style=\"font-size:clamp(16.834px, 1.052rem + ((1vw - 3.2px) * 0.716), 26px);\">2014 y\u0131l\u0131nda Irakl\u0131 K\u00fcrtler, K\u00fcrt \u00d6zerk B\u00f6lgesi&#8217;ni petrol ve gaz kaynaklar\u0131 bak\u0131m\u0131ndan zengin Kerk\u00fck Vilayeti de d\u00e2hil olmak \u00fczere Irak&#8217;\u0131n kuzeyindeki d\u00f6rt vilayete geni\u015fletti. Eyl\u00fcl 2017&#8217;de Irak K\u00fcrt \u00d6zerk B\u00f6lgesi bir ba\u011f\u0131ms\u0131zl\u0131k referandumu ba\u015flatt\u0131 ve referandumu kabul etti ancak bu referandum Irak merkezi h\u00fck\u00fcmetinin onay\u0131n\u0131 ve uluslararas\u0131 toplumun deste\u011fini alamad\u0131. BM Genel Sekreteri Guterres o d\u00f6nemde yapt\u0131\u011f\u0131 a\u00e7\u0131klamada, tart\u0131\u015fmal\u0131 b\u00f6lgede referandum yap\u0131lmas\u0131 karar\u0131n\u0131n &#8220;\u00f6zellikle huzursuzlu\u011fa yol a\u00e7ma ihtimali oldu\u011funu&#8221; s\u00f6ylemi\u015fti.<\/p>\n\n\n\n<p style=\"font-size:clamp(16.834px, 1.052rem + ((1vw - 3.2px) * 0.716), 26px);\">Sun Degang, son birka\u00e7 y\u0131lda K\u00fcrtlerin g\u00fcc\u00fc artt\u0131k\u00e7a \u00f6zerklik ve hatta ba\u011f\u0131ms\u0131zl\u0131k \u00e7a\u011fr\u0131lar\u0131n\u0131n da y\u00fckseldi\u011fini, bunun da T\u00fcrkiye, \u0130ran, Suriye ve Irak&#8217;\u0131n &#8220;K\u00fcrt Bahar\u0131 &#8220;n\u0131 ortakla\u015fa bast\u0131rmas\u0131n\u0131 tetikledi\u011fini s\u00f6yledi. &#8220;B\u00f6ylece Irakl\u0131 K\u00fcrtlerin ba\u011f\u0131ms\u0131zl\u0131k referandumunun bir hi\u00e7le sonu\u00e7land\u0131\u011f\u0131n\u0131 g\u00f6rd\u00fck.&#8221;<\/p>\n\n\n\n<p style=\"font-size:clamp(16.834px, 1.052rem + ((1vw - 3.2px) * 0.716), 26px);\">Kas\u0131m 2024&#8217;te Suriye&#8217;de Be\u015far h\u00fck\u00fcmetinin devrilmesinin ard\u0131ndan T\u00fcrkiye, Suriyeli K\u00fcrt silahl\u0131 g\u00fc\u00e7leri Suriye Demokratik G\u00fc\u00e7leri&#8217;ne y\u00f6nelik sald\u0131r\u0131lar\u0131n\u0131 art\u0131rd\u0131. Suriye ge\u00e7ici h\u00fck\u00fcmeti de Suriye Demokratik G\u00fc\u00e7leri&#8217;ne bir sald\u0131r\u0131 ba\u015flatt\u0131 ve bu da Suriye&#8217;nin kuzeyinde saklanan K\u00fcrdistan \u0130\u015f\u00e7i Partisi&#8217;nin deste\u011fini kaybetmesine neden oldu.<\/p>\n\n\n\n<p style=\"font-size:clamp(16.834px, 1.052rem + ((1vw - 3.2px) * 0.716), 26px);\">CCTV&#8217;nin haberine g\u00f6re, K\u00fcrt \u00d6zerk B\u00f6lgesi Ba\u015fkanl\u0131k Ofisi 27 \u015eubat&#8217;ta bir a\u00e7\u0131klama yaparak K\u00fcrt \u00d6zerk B\u00f6lgesi Ba\u015fkan\u0131 Ne\u00e7irvan Barzani&#8217;nin \u00d6calan&#8217;\u0131n a\u00e7\u0131klamas\u0131n\u0131 memnuniyetle kar\u015f\u0131lad\u0131\u011f\u0131n\u0131 bildirdi. Barzani a\u00e7\u0131klamas\u0131nda bu ad\u0131m\u0131n &#8220;b\u00f6lgedeki bar\u0131\u015f s\u00fcrecinin ba\u015far\u0131ya ula\u015fmas\u0131nda \u00f6nemli bir ad\u0131m&#8221; oldu\u011funu s\u00f6yledi. Bu a\u015famada &#8220;bar\u0131\u015f\u00e7\u0131l, medeni ve demokratik bir m\u00fccadeleye&#8221; ihtiya\u00e7 duyuldu\u011funu vurgulayan Barzani, b\u00f6lgede istikrar\u0131n &#8220;silah ve \u015fiddetle de\u011fil diyalog ve siyasi eylemle&#8221; sa\u011flanmas\u0131 gerekti\u011fine i\u015faret etti.<\/p>\n\n\n\n<p style=\"font-size:clamp(16.834px, 1.052rem + ((1vw - 3.2px) * 0.716), 26px);\">Wall Street Journal, PKK ile \u00e7at\u0131\u015fman\u0131n \u00e7\u00f6z\u00fclmesinin, ABD&#8217;nin Suriye Demokratik G\u00fc\u00e7leri&#8217;ni desteklemesi nedeniyle T\u00fcrkiye&#8217;nin ABD ile ili\u015fkilerindeki baz\u0131 engelleri kald\u0131rmas\u0131na yard\u0131mc\u0131 olaca\u011f\u0131n\u0131 analiz etti.<\/p>\n\n\n\n<p style=\"font-size:clamp(16.834px, 1.052rem + ((1vw - 3.2px) * 0.716), 26px);\">ABD Ulusal G\u00fcvenlik Konseyi s\u00f6zc\u00fcs\u00fc Brian Hughes, \u00d6calan&#8217;\u0131n a\u00e7\u0131klamas\u0131n\u0131n &#8220;b\u00f6lgesel durumda b\u00fcy\u00fck bir de\u011fi\u015fiklik oldu\u011funu ve T\u00fcrkiye&#8217;nin memnuniyetsizli\u011fini yat\u0131\u015ft\u0131rmaya yard\u0131mc\u0131 olaca\u011f\u0131n\u0131 umduklar\u0131n\u0131&#8221; s\u00f6yledi. Bunun bu \u00e7alkant\u0131l\u0131 b\u00f6lgeye bar\u0131\u015f getirmeye yard\u0131mc\u0131 olaca\u011f\u0131na inan\u0131yoruz.&#8221;<\/p>\n\n\n\n<p style=\"font-size:clamp(16.834px, 1.052rem + ((1vw - 3.2px) * 0.716), 26px);\"><strong>Uluslararas\u0131 Kriz Grubu<\/strong> k\u0131demli T\u00fcrkiye analisti Berkay Mandraci, &#8220;T\u00fcm taraflar bu \u00e7at\u0131\u015fmay\u0131 sona erdirmek i\u00e7in her zamankinden daha istekli g\u00f6r\u00fcn\u00fcyor&#8221; dedi. &#8220;B\u00f6lgesel olarak, Orta Do\u011fu&#8217;daki b\u00fcy\u00fck de\u011fi\u015fimler bu \u00e7at\u0131\u015fmay\u0131 sona erdirmek i\u00e7in b\u00fcy\u00fck bir ivme yaratt\u0131.&#8221;<\/p>\n\n\n\n<p style=\"font-size:clamp(16.834px, 1.052rem + ((1vw - 3.2px) * 0.716), 26px);\"><strong>Kriz Grubu Nedir:<\/strong>&nbsp;Amerika\u2019daki en g\u00fc\u00e7l\u00fc \u00e7\u0131kar grubunun finans-silah sanayi-bili\u015fim sanayi \u00fc\u00e7l\u00fc konsorsiyumunun s\u00f6zc\u00fcs\u00fc \u201cCrisis Group\u201d D\u00fcnyada Avrupa+Amerika+Japonya Trans-Atlantik ittifak\u0131n\u0131 savunan en g\u00fc\u00e7l\u00fc ve en etkili gruptur. Bu grubun sponsorlar\u0131 aras\u0131nda T\u00dcS\u0130AD \u00fcyesi \u00f6nemli birka\u00e7 grup bulunuyor. Bu grup 2007 y\u0131l\u0131nda T\u00fcrk h\u00fck\u00fcmetine HDP\u2019yi yan\u0131na alarak \u201cKemalist alarm yay\u0131c\u0131lar\u0131na kar\u015f\u0131\u201d Ergenekon operasyonunu ba\u015flatmas\u0131n\u0131 \u00f6nermi\u015f ve tavsiye sonras\u0131nda bu operasyon ba\u015flat\u0131lm\u0131\u015ft\u0131\u2026<\/p>\n\n\n\n<p style=\"font-size:clamp(16.834px, 1.052rem + ((1vw - 3.2px) * 0.716), 26px);\">Sun Degang, T\u00fcrkiye&#8217;nin PKK&#8217;y\u0131 ve Suriyeli K\u00fcrt silahl\u0131 g\u00fc\u00e7lerini bast\u0131rmada a\u015famal\u0131 sonu\u00e7lar elde etmesiyle PKK&#8217;n\u0131n &#8220;b\u00f6lgedeki stratejik derinli\u011fini kaybetti\u011fini&#8221; s\u00f6yledi. Ayn\u0131 zamanda d\u0131\u015f g\u00fc\u00e7lerin K\u00fcrtlerin \u00f6zerklik ve hatta ba\u011f\u0131ms\u0131zl\u0131k aray\u0131\u015flar\u0131na verdi\u011fi destek de azal\u0131yor. &#8220;Bu \u00e7oklu fakt\u00f6rlerin etkisi alt\u0131nda PKK ve \u00d6calan nihayet T\u00fcrk h\u00fck\u00fcmetine taviz vermeyi se\u00e7ti ki bu daha pragmatik bir politika olabilir.&#8221; &#8220;Korkar\u0131m ki &#8216;K\u00fcrt Bahar\u0131&#8217; da so\u011fuyacak, \u00e7\u00fcnk\u00fc K\u00fcrtler de T\u00fcrkiye&#8217;yi ve kom\u015fu \u00fclkeleri k\u0131zd\u0131rman\u0131n sadece kendilerini yaln\u0131zla\u015ft\u0131raca\u011f\u0131n\u0131 biliyor.&#8221;<\/p>\n\n\n\n<p style=\"font-size:clamp(16.834px, 1.052rem + ((1vw - 3.2px) * 0.716), 26px);\">K\u00fcrdistan \u0130\u015f\u00e7i Partisi lideri Abdullah \u00d6calan, 27 \u015eubat 2025 tarihinde yerel saatle Diyarbak\u0131r&#8217;da dinlenen konu\u015fmada \u00f6rg\u00fct\u00fc da\u011f\u0131lmaya ve silahs\u0131zlanmaya \u00e7a\u011f\u0131rd\u0131.<\/p>\n\n\n\n<p style=\"font-size:clamp(16.834px, 1.052rem + ((1vw - 3.2px) * 0.716), 26px);\"><strong>85 milyon T\u00fcrk&#8217;\u00fcn tamam\u0131 &#8220;kazanan&#8221; olabilir mi?<\/strong><\/p>\n\n\n\n<p style=\"font-size:clamp(16.834px, 1.052rem + ((1vw - 3.2px) * 0.716), 26px);\">The Guardian g\u00f6re gazetesine DEM liderleri, T\u00fcrkiye&#8217;nin iktidar partisinin m\u00fcttefiki olan Milliyet\u00e7i Hareket Partisi liderinin de deste\u011fiyle, ge\u00e7en sonbahardan bu yana \u00d6calan ile \u00fc\u00e7 kez g\u00f6r\u00fc\u015ft\u00fc. The Guardian, DEM E\u015fba\u015fkan\u0131 Tunsel Bak\u0131rhan&#8217;\u0131n \u00d6calan&#8217;\u0131n mesaj\u0131n\u0131n &#8220;K\u00fcrt sorununu \u015fiddet arenas\u0131ndan siyaset, hukuk ve demokrasi arenas\u0131na ta\u015f\u0131yarak \u00e7\u00f6zecek demokratik bir yol haritas\u0131&#8221; olaca\u011f\u0131n\u0131 s\u00f6yledi\u011fini aktard\u0131.<\/p>\n\n\n\n<p style=\"font-size:clamp(16.834px, 1.052rem + ((1vw - 3.2px) * 0.716), 26px);\">Wall Street Journal, T\u00fcrkiye&#8217;de &#8220;PKK ile \u00e7at\u0131\u015fman\u0131n \u00e7\u00f6z\u00fclmesinin T\u00fcrkiye&#8217;nin g\u00fcvenli\u011finin g\u00fc\u00e7lendirilmesi a\u00e7\u0131s\u0131ndan b\u00fcy\u00fck \u00f6nem ta\u015f\u0131d\u0131\u011f\u0131n\u0131&#8221; belirtti. K\u00fcrtler T\u00fcrkiye&#8217;nin toplam n\u00fcfusunun yakla\u015f\u0131k 1\/5&#8217;ini olu\u015fturuyor ve \u00e7o\u011funlukla T\u00fcrkiye&#8217;nin g\u00fcneydo\u011fu b\u00f6lgesinde yo\u011funla\u015fm\u0131\u015f durumdalar. T\u00fcrkiye&#8217;deki K\u00fcrtler uzun y\u0131llard\u0131r daha fazla \u00f6zerklik talep ediyor ancak bu talepleri Ankara taraf\u0131ndan reddediliyor. Erdo\u011fan iktidara geldi\u011finden beri K\u00fcrt ba\u011f\u0131ms\u0131zl\u0131k hareketini g\u00fc\u00e7 kullanarak bast\u0131r\u0131yor.<\/p>\n\n\n\n<p style=\"font-size:clamp(16.834px, 1.052rem + ((1vw - 3.2px) * 0.716), 26px);\">Ancak Erdo\u011fan bu y\u0131l\u0131n Ocak ay\u0131nda &#8220;Silahlar\u0131 b\u0131rakal\u0131m ve ter\u00f6r duvar\u0131n\u0131 y\u0131kal\u0131m&#8221; diyerek PKK&#8217;ya silahs\u0131zlanma \u00e7a\u011fr\u0131s\u0131nda bulunmu\u015ftu. T\u00fcrkiye&#8217;nin iktidardaki Adalet ve Kalk\u0131nma Partisi&#8217;nin birinci genel ba\u015fkan yard\u0131mc\u0131s\u0131 Efgan Ala &nbsp;da &#8220;PKK \u00e7a\u011fr\u0131m\u0131za cevap verir, silahs\u0131zlan\u0131r, toplant\u0131lar yapar ve kendini la\u011fvederse, T\u00fcrkiye zincirlerinden kurtulabilir&#8221; dedi.<\/p>\n\n\n\n<p style=\"font-size:clamp(16.834px, 1.052rem + ((1vw - 3.2px) * 0.716), 26px);\">Sun Degang, bir yandan uzun y\u0131llard\u0131r T\u00fcrk h\u00fck\u00fcmeti i\u00e7in &#8220;b\u00fcy\u00fck bir endi\u015fe&#8221; olan PKK&#8217;n\u0131n \u015fimdi &#8220;silahs\u0131zlanaca\u011f\u0131n\u0131 ve kendini da\u011f\u0131taca\u011f\u0131n\u0131&#8221; a\u00e7\u0131klad\u0131\u011f\u0131n\u0131, bunun da T\u00fcrk h\u00fck\u00fcmetinin \u00f6zellikle son aylarda Suriye&#8217;nin kuzeyindeki K\u00fcrt g\u00fc\u00e7lerine y\u00f6nelik s\u0131n\u0131r \u00f6tesi bask\u0131s\u0131yla yak\u0131ndan ilgili oldu\u011funu, bunun da PKK&#8217;ya olan deste\u011fi zay\u0131flatt\u0131\u011f\u0131n\u0131 ve T\u00fcrkiye&#8217;nin s\u0131n\u0131r b\u00f6lgesi \u00fczerindeki kontrol\u00fcn\u00fc peki\u015ftirdi\u011fini s\u00f6yledi. Ayn\u0131 zamanda, PKK ger\u00e7ekten silah b\u0131rak\u0131rsa, T\u00fcrk h\u00fck\u00fcmeti &#8220;K\u00fcrt \u00d6zg\u00fcrl\u00fck Kartallar\u0131&#8221; gibi di\u011fer radikal K\u00fcrt \u00f6rg\u00fctlerini daha etkili bir \u015fekilde bast\u0131rmak i\u00e7in yedek kapasiteye de sahip olacakt\u0131r.<\/p>\n\n\n\n<p style=\"font-size:clamp(16.834px, 1.052rem + ((1vw - 3.2px) * 0.716), 26px);\">\u00d6te yandan T\u00fcrk h\u00fck\u00fcmeti, \u00f6zellikle Erdo\u011fan&#8217;\u0131n iktidara gelmesinden bu yana, K\u00fcrt ba\u011f\u0131ms\u0131zl\u0131k hareketini \u015fiddetle bast\u0131rmaktad\u0131r. Bu ko\u015fullar alt\u0131nda, T\u00fcrkiye&#8217;nin di\u011fer k\u00fc\u00e7\u00fck K\u00fcrt siyasi partileri ve K\u00fcrtler, kendi etnik \u00f6zelliklerinden ziyade T\u00fcrkiye&#8217;nin ulusal \u00f6zelliklerine daha fazla vurgu yaparak son y\u0131llarda PKK ile aralar\u0131na giderek daha fazla &#8220;\u00e7izgi \u00e7ekmi\u015flerdir&#8221;. PKK&#8217;n\u0131n tasfiyesi ayn\u0131 zamanda daha fazla K\u00fcrd\u00fcn T\u00fcrkiye&#8217;nin ulusal kimli\u011fi \u00fczerine yemin etmesine yol a\u00e7acak ve bu da Erdo\u011fan h\u00fck\u00fcmetinin G\u00fcneydo\u011fu K\u00fcrt b\u00f6lgesi \u00fczerindeki genel kontrol\u00fcn\u00fc peki\u015ftirmesine yard\u0131mc\u0131 olacakt\u0131r.<\/p>\n\n\n\n<p style=\"font-size:clamp(16.834px, 1.052rem + ((1vw - 3.2px) * 0.716), 26px);\">Wall Street Journal, \u00d6calan&#8217;\u0131n \u00e7a\u011fr\u0131s\u0131n\u0131n olumlu bir sinyal olmas\u0131na ra\u011fmen, bar\u0131\u015f s\u00fcreci i\u00e7in net bir plan olmad\u0131\u011f\u0131n\u0131 ve sonucun &#8220;b\u00fcy\u00fck \u00f6l\u00e7\u00fcde Erdo\u011fan ve T\u00fcrk h\u00fck\u00fcmetinin \u00d6calan&#8217;\u0131n s\u00f6zlerine nas\u0131l yan\u0131t verece\u011fine ve K\u00fcrt militanlar\u0131n silahs\u0131zlanma \u00e7a\u011fr\u0131lar\u0131na uyup uymayaca\u011f\u0131na ba\u011fl\u0131 olaca\u011f\u0131n\u0131&#8221; belirtti.<\/p>\n\n\n\n<p style=\"font-size:clamp(16.834px, 1.052rem + ((1vw - 3.2px) * 0.716), 26px);\">Ancak Bloomberg ay\u0131n 27&#8217;sinde Erdo\u011fan&#8217;\u0131n PKK&#8217;n\u0131n &#8220;silah b\u0131rakmas\u0131, \u00f6rg\u00fct\u00fcn\u00fc da\u011f\u0131tmas\u0131 ve ger\u00e7ek bir siyasi parti gibi T\u00fcrkiye&#8217;nin siyasi \u00e7er\u00e7evesi i\u00e7inde faaliyet g\u00f6stermesi halinde 85 milyon T\u00fcrk&#8217;\u00fcn kazanaca\u011f\u0131n\u0131&#8221; s\u00f6yledi\u011fini bildirdi.<\/p>\n\n\n\n<p style=\"font-size:clamp(16.834px, 1.052rem + ((1vw - 3.2px) * 0.716), 26px);\"><strong>ABD D\u0131\u015fi\u015fleri Bakan\u0131&#8217;ndan T\u00fcrkiye&#8217;ye \u00e7a\u011fr\u0131: Suriyeli K\u00fcrt g\u00fc\u00e7lere sald\u0131rmay\u0131n!&nbsp;<\/strong><\/p>\n\n\n\n<p style=\"font-size:clamp(16.834px, 1.052rem + ((1vw - 3.2px) * 0.716), 26px);\"><strong>2025-01-10<\/strong><\/p>\n\n\n\n<p style=\"font-size:clamp(16.834px, 1.052rem + ((1vw - 3.2px) * 0.716), 26px);\">T\u00fcrkiye ile ABD aras\u0131ndaki ili\u015fkiler, ABD&#8217;nin K\u00fcrt silahl\u0131 g\u00fc\u00e7lerinin sorumlulu\u011funa ve deste\u011fine i\u015faret etmesi nedeniyle gergindir. T\u00fcrkiye, ABD&#8217;nin talebine ra\u011fmen Rusya ile i\u015fbirli\u011fi yapm\u0131\u015f ve Finlandiya ile \u0130sve\u00e7&#8217;in NATO&#8217;ya kat\u0131lmas\u0131n\u0131 engellemi\u015ftir. K\u00fcrt meselesi hassas bir konu ve T\u00fcrkiye sert bir yakla\u015f\u0131m sergilerken, ABD kendi stratejisine hizmet etmek i\u00e7in g\u00fcc\u00fcn\u00fc korumas\u0131n\u0131 umuyor. \u0130ki taraf\u0131n pozisyonlar\u0131ndaki farkl\u0131l\u0131k askeri i\u015fbirli\u011fini engellemi\u015ftir.<\/p>\n\n\n\n<p style=\"font-size:clamp(16.834px, 1.052rem + ((1vw - 3.2px) * 0.716), 26px);\">Her ikisi de NATO \u00fcyesi olmas\u0131na ra\u011fmen, T\u00fcrkiye ile ABD aras\u0131ndaki ili\u015fkiler olduk\u00e7a k\u00f6t\u00fc. Biden g\u00f6reve ilk geldi\u011finde, ABD a\u00e7\u0131k\u00e7a T\u00fcrkiye&#8217;yi &#8220;katliam\u0131n&#8221; su\u00e7lusu olarak tan\u0131mlad\u0131. O d\u00f6nemde T\u00fcrkiye Cumhurba\u015fkan\u0131, Biden&#8217;\u0131 eli kanl\u0131 bir haydut olarak ele\u015ftirerek ABD&#8217;ye hemen kar\u015f\u0131l\u0131k verdi. Rusya-Ukrayna \u00e7at\u0131\u015fmas\u0131n\u0131n patlak vermesinden sonra T\u00fcrkiye, ABD&#8217;nin taleplerini tamamen g\u00f6rmezden geldi ve Rusya ile i\u015fbirli\u011fine dayal\u0131 bir ili\u015fki s\u00fcrd\u00fcrmekte \u0131srar etti.<\/p>\n\n\n\n<p style=\"font-size:clamp(16.834px, 1.052rem + ((1vw - 3.2px) * 0.716), 26px);\">Kao Xiaoxi, T\u00fcrk h\u00fck\u00fcmeti Finlandiya ve \u0130sve\u00e7&#8217;in NATO&#8217;ya kat\u0131lma ba\u015fvurusunda bulunmalar\u0131 i\u00e7in de bir\u00e7ok engel \u00e7\u0131karm\u0131\u015ft\u0131r. B\u00f6yle bir T\u00fcrkiye, ABD&#8217;nin de ho\u015fnutsuzlu\u011funa neden oldu. \u00d6rne\u011fin, ABD ve T\u00fcrkiye K\u00fcrt silahl\u0131 g\u00fc\u00e7leri konusunda kar\u015f\u0131 kar\u015f\u0131ya geliyor. Suriye&#8217;de h\u00fck\u00fcmetin de\u011fi\u015fmesinden sonra ABD D\u0131\u015fi\u015fleri Bakan\u0131 T\u00fcrkiye&#8217;yi bir kez daha sava\u015f k\u0131\u015fk\u0131rt\u0131c\u0131l\u0131\u011f\u0131 yapmamas\u0131 ve T\u00fcrk ordusunun K\u00fcrt silahl\u0131 g\u00fc\u00e7lerine sald\u0131r\u0131 d\u00fczenlememesi konusunda uyard\u0131. Dediler ki:&nbsp; ABD, T\u00fcrkiye&#8217;nin endi\u015fe duydu\u011fu g\u00fcvenlik sorunlar\u0131n\u0131 \u00e7\u00f6zebilir.<\/p>\n\n\n\n<p style=\"font-size:clamp(16.834px, 1.052rem + ((1vw - 3.2px) * 0.716), 26px);\">Asl\u0131nda bu sadece bir oyalama takti\u011fidir ve T\u00fcrkiye buna kolay kolay inanmayacakt\u0131r. K\u00fcrtlerin \u00e7o\u011fu T\u00fcrkiye, Irak, Suriye ve \u0130ran gibi \u00fclkelere da\u011f\u0131lm\u0131\u015f durumdad\u0131r. T\u00fcrkiye&#8217;de K\u00fcrtler uzun zamand\u0131r \u00f6zerklik ve hatta ba\u011f\u0131ms\u0131zl\u0131k pe\u015finde ko\u015fuyor ve bu da T\u00fcrkiye&#8217;nin ulusal birli\u011fi ve toprak b\u00fct\u00fcnl\u00fc\u011f\u00fc i\u00e7in b\u00fcy\u00fck bir tehdit olu\u015fturuyor. T\u00fcrkiye, K\u00fcrt silahl\u0131 g\u00fc\u00e7lerini bir ter\u00f6r \u00f6rg\u00fct\u00fc olarak g\u00f6rmekte ve faaliyetlerinin ulusal g\u00fcvenli\u011fine ciddi bir tehdit olu\u015fturdu\u011funa inanmaktad\u0131r. Ge\u00e7mi\u015fte K\u00fcrdistan \u0130\u015f\u00e7i Partisi T\u00fcrkiye&#8217;nin g\u00fcneydo\u011fu b\u00f6lgesinde bir\u00e7ok sald\u0131r\u0131 d\u00fczenlemi\u015f ve bu sald\u0131r\u0131lar \u00e7ok say\u0131da can ve mal kayb\u0131na yol a\u00e7m\u0131\u015ft\u0131r. T\u00fcrkiye bu \u00f6rg\u00fct ve ba\u011flant\u0131l\u0131 g\u00fc\u00e7lerle m\u00fccadele etmek i\u00e7in her zaman yo\u011fun \u00e7aba sarf etmi\u015ftir.<\/p>\n\n\n\n<p style=\"font-size:clamp(16.834px, 1.052rem + ((1vw - 3.2px) * 0.716), 26px);\">Orta Do\u011fu, Amerika Birle\u015fik Devletleri&#8217;nin bir\u00e7ok stratejik \u00e7\u0131kar\u0131n\u0131 bar\u0131nd\u0131rmaktad\u0131r. ABD, b\u00f6lgede kendi n\u00fcfuzunu ve kontrol\u00fcn\u00fc sa\u011flamak i\u00e7in K\u00fcrt silahl\u0131 kuvvetlerini kullan\u0131lmas\u0131 gereken bir g\u00fc\u00e7 olarak g\u00f6rmektedir. \u0130slam Devleti&#8217;ne (I\u015e\u0130D) kar\u015f\u0131 bir sald\u0131r\u0131 ba\u015flat\u0131rken ABD, K\u00fcrt silahl\u0131 kuvvetlerinin g\u00fc\u00e7l\u00fc bir sava\u015f etkinli\u011fine sahip oldu\u011funu ve ABD ile i\u015fbirli\u011fi yapmaya istekli oldu\u011funu g\u00f6rd\u00fc, bu nedenle K\u00fcrt silahl\u0131 kuvvetlerine silah, fon, askeri e\u011fitim ve di\u011fer destekleri sa\u011flad\u0131.<\/p>\n\n\n\n<p style=\"font-size:clamp(16.834px, 1.052rem + ((1vw - 3.2px) * 0.716), 26px);\">ABD, K\u00fcrt g\u00fc\u00e7lerini destekleyerek Orta Do\u011fu&#8217;da Amerikan yanl\u0131s\u0131 bir g\u00fc\u00e7 olu\u015fturmay\u0131, b\u00f6ylece di\u011fer \u00fclkeleri dengelemeyi ve b\u00f6lgedeki kendi \u00e7\u0131karlar\u0131n\u0131 savunmay\u0131 ama\u00e7lamaktad\u0131r. T\u0131pk\u0131 Suriye i\u00e7 sava\u015f\u0131 s\u0131ras\u0131nda oldu\u011fu gibi, ABD Suriyeli K\u00fcrt silahl\u0131 g\u00fc\u00e7leri &#8220;Halk Koruma Birlikleri &#8220;ni (YPG) destekledi ve Suriye&#8217;de ABD&#8217;nin kilit m\u00fcttefiki haline getirdi. Bu hamle T\u00fcrkiye&#8217;de b\u00fcy\u00fck bir k\u0131zg\u0131nl\u0131k yaratt\u0131.<\/p>\n\n\n\n<p style=\"font-size:clamp(16.834px, 1.052rem + ((1vw - 3.2px) * 0.716), 26px);\">Bu ko\u015fullar alt\u0131nda T\u00fcrkiye, K\u00fcrt silahl\u0131 g\u00fc\u00e7lerini k\u00f6k\u00fcnden s\u00f6kmek ve kendi g\u00fcvenli\u011fi i\u00e7in olu\u015fturduklar\u0131 tehdidi ortadan kald\u0131rmak amac\u0131yla K\u00fcrt silahl\u0131 g\u00fc\u00e7lerine kar\u015f\u0131 kararl\u0131 bir \u015fekilde askeri sald\u0131r\u0131lar ba\u015flatt\u0131. T\u00fcrkiye defalarca s\u0131n\u0131r \u00f6tesi askeri operasyonlar d\u00fczenlemi\u015f ve K\u00fcrt silahl\u0131 g\u00fc\u00e7lerini vurmak i\u00e7in Suriye&#8217;ye girmi\u015ftir. Ancak ABD K\u00fcrt silahl\u0131 g\u00fc\u00e7lerini desteklemektedir ve as\u0131l niyeti K\u00fcrt silahl\u0131 g\u00fc\u00e7lerini a\u015f\u0131r\u0131l\u0131k yanl\u0131s\u0131 \u00f6rg\u00fctlere kar\u015f\u0131 sava\u015fmak i\u00e7in kullanmakt\u0131r. ABD, K\u00fcrt silahl\u0131 g\u00fc\u00e7lerinin yok edilmesini beklememekte, ancak K\u00fcrt silahl\u0131 g\u00fc\u00e7lerinin ABD&#8217;nin stratejik \u00e7\u0131karlar\u0131na hizmet etmeye devam edebilmeleri i\u00e7in belirli bir g\u00fcc\u00fc muhafaza etmelerini ummaktad\u0131r.<\/p>\n\n\n\n<p style=\"font-size:clamp(16.834px, 1.052rem + ((1vw - 3.2px) * 0.716), 26px);\"><strong>ABD ile T\u00fcrkiye aras\u0131ndaki askeri i\u015fbirli\u011finde, iki taraf\u0131n K\u00fcrt silahl\u0131 g\u00fc\u00e7leri konusundaki tutum farkl\u0131l\u0131\u011f\u0131ndan kaynaklanan son derece ciddi engeller var.<\/strong><\/p>\n\n\n\n<p style=\"font-size:clamp(16.834px, 1.052rem + ((1vw - 3.2px) * 0.716), 26px);\">T\u00fcrkiye, ABD&#8217;nin K\u00fcrt silahl\u0131 g\u00fc\u00e7lerine verdi\u011fi destekten dolay\u0131 son derece k\u0131zg\u0131n ve ABD&#8217;nin bu hamlesinin ittifaka ihanet oldu\u011funu d\u00fc\u015f\u00fcn\u00fcyor. ABD ise T\u00fcrkiye&#8217;nin askeri operasyonlar\u0131n\u0131n Orta Do\u011fu&#8217;daki stratejik d\u00fczenine zarar verece\u011finden endi\u015fe ediyor. Bu kar\u015f\u0131l\u0131kl\u0131 g\u00fcvensizlik, iki taraf\u0131n askeri operasyonlarda koordinasyonunu zorla\u015ft\u0131r\u0131yor ve bu da \u00e7eli\u015fkileri daha da derinle\u015ftiriyor.<\/p>\n\n\n\n<p style=\"font-size:clamp(16.834px, 1.052rem + ((1vw - 3.2px) * 0.716), 26px);\">K\u00fcrt meselesinin T\u00fcrkiye&#8217;de son derece hassas bir siyasi konu oldu\u011funu a\u00e7\u0131k\u00e7a belirtmek gerekir. T\u00fcrk h\u00fck\u00fcmeti i\u00e7erideki milliyet\u00e7i g\u00fc\u00e7lerin muazzam bask\u0131s\u0131 alt\u0131nda ve ulusal birlik ve istikrar\u0131 korumak i\u00e7in K\u00fcrt silahl\u0131 g\u00fc\u00e7lerine kar\u015f\u0131 sert \u00f6nlemler almak zorunda. E\u011fer K\u00fcrt silahl\u0131 g\u00fc\u00e7leriyle uzla\u015f\u0131rsa, bu i\u00e7 siyasi karga\u015faya yol a\u00e7abilir ve bu da h\u00fck\u00fcmetin destek oran\u0131n\u0131 ve iktidar stat\u00fcs\u00fcn\u00fc etkileyebilir. Bu nedenle T\u00fcrkiye, K\u00fcrt silahl\u0131 g\u00fc\u00e7leri konusunda sert bir tutum sergilemektedir ve kolay kolay taviz vermeyecektir.<\/p>\n\n\n\n<p style=\"font-size:clamp(16.834px, 1.052rem + ((1vw - 3.2px) * 0.716), 26px);\">Amerika Birle\u015fik Devletleri&#8217;nde de farkl\u0131 siyasi g\u00fc\u00e7ler ve \u00e7\u0131kar gruplar\u0131 var ve bunlar\u0131n her biri K\u00fcrt silahl\u0131 kuvvetleri konusunda farkl\u0131 pozisyonlara ve taleplere sahip. Baz\u0131 siyasi g\u00fc\u00e7ler jeopolitik \u00e7\u0131karlar ve askeri stratejik de\u011ferlendirmeler temelinde K\u00fcrt silahl\u0131 kuvvetlerinin desteklenmesini savunurken, baz\u0131 g\u00fc\u00e7ler de K\u00fcrt silahl\u0131 kuvvetlerinin desteklenmesinin T\u00fcrkiye gibi m\u00fcttefiklerle ili\u015fkileri olumsuz etkileyebilece\u011finden ve dolay\u0131s\u0131yla ABD&#8217;nin Orta Do\u011fu&#8217;daki genel stratejik d\u00fczenini etkileyebilece\u011finden endi\u015fe duymaktad\u0131r.<\/p>\n\n\n\n<p style=\"font-size:clamp(16.834px, 1.052rem + ((1vw - 3.2px) * 0.716), 26px);\"><strong>PKK ate\u015fkes ilan etti&#8230; T\u00fcrkiye&#8217;de K\u00fcrt sorunu \u00e7\u00f6z\u00fclecek mi?<\/strong><\/p>\n\n\n\n<p style=\"font-size:clamp(16.834px, 1.052rem + ((1vw - 3.2px) * 0.716), 26px);\">K\u00fcresel A\u011f<\/p>\n\n\n\n<p style=\"font-size:clamp(16.834px, 1.052rem + ((1vw - 3.2px) * 0.716), 26px);\">2025-03-02<\/p>\n\n\n\n<p style=\"font-size:clamp(16.834px, 1.052rem + ((1vw - 3.2px) * 0.716), 26px);\">Bu makale [CCTV News Client] adresinden aktar\u0131lm\u0131\u015ft\u0131r;<\/p>\n\n\n\n<p style=\"font-size:clamp(16.834px, 1.052rem + ((1vw - 3.2px) * 0.716), 26px);\">PKK 1 Mart&#8217;ta ate\u015fkes ilan etti ve hapisteki lideri Abdullah \u00d6calan&#8217;\u0131n \u00e7a\u011fr\u0131s\u0131na yan\u0131t olarak silah b\u0131rakaca\u011f\u0131n\u0131 ve da\u011f\u0131labilece\u011fini s\u00f6yledi.<\/p>\n\n\n\n<p style=\"font-size:clamp(16.834px, 1.052rem + ((1vw - 3.2px) * 0.716), 26px);\">Cumhurba\u015fkan\u0131 Erdo\u011fan, T\u00fcrkiye&#8217;nin ter\u00f6rizmi ortadan kald\u0131rma \u00e7abalar\u0131n\u0131n &#8220;yeni bir a\u015fama a\u00e7t\u0131\u011f\u0131na&#8221; inan\u0131yor. Ancak PKK&#8217;n\u0131n s\u00f6z\u00fcn\u00fc tutmamas\u0131 halinde T\u00fcrkiye&#8217;nin PKK&#8217;y\u0131 vurmak i\u00e7in askeri operasyonlar\u0131 yeniden ba\u015flataca\u011f\u0131n\u0131 da s\u00f6yledi. Peki, PKK ile T\u00fcrk h\u00fck\u00fcmeti aras\u0131ndaki ili\u015fki nedir?<\/p>\n\n\n\n<p style=\"font-size:clamp(16.834px, 1.052rem + ((1vw - 3.2px) * 0.716), 26px);\">PKK neden bu d\u00f6nemde ate\u015fi kese karar verdi?<\/p>\n\n\n\n<p style=\"font-size:clamp(16.834px, 1.052rem + ((1vw - 3.2px) * 0.716), 26px);\">Ate\u015fkesin ard\u0131ndan T\u00fcrkiye&#8217;nin K\u00fcrt sorunu en k\u0131sa s\u00fcrede \u00e7\u00f6z\u00fclebilir mi?<\/p>\n\n\n\n<p style=\"font-size:clamp(16.834px, 1.052rem + ((1vw - 3.2px) * 0.716), 26px);\">T\u00fcrkiye&#8217;nin son y\u0131llardaki askeri sald\u0131r\u0131lar\u0131 PKK&#8217;y\u0131 zay\u0131flatt\u0131<\/p>\n\n\n\n<p style=\"font-size:clamp(16.834px, 1.052rem + ((1vw - 3.2px) * 0.716), 26px);\">Niu Xinchun, Ningxia \u00dcniversitesi \u00c7in ve Arap \u00dclkeleri Enstit\u00fcs\u00fc&#8217;nde profes\u00f6r: PKK son y\u0131llarda aktif bir \u015fekilde silah b\u0131rakma ve silahs\u0131zlanma aray\u0131\u015f\u0131na girmi\u015ftir.<\/p>\n\n\n\n<p style=\"font-size:clamp(16.834px, 1.052rem + ((1vw - 3.2px) * 0.716), 26px);\">Bu karar, T\u00fcrkiye ve \u00e7evresindeki b\u00f6lgelerde son y\u0131llarda ya\u015fanan durum de\u011fi\u015fiklikleriyle yak\u0131ndan ilgilidir. T\u00fcrk ordusu 2015 y\u0131l\u0131ndan bu yana PKK&#8217;n\u0131n silahl\u0131 g\u00fc\u00e7lerine kar\u015f\u0131 geni\u015f \u00e7apl\u0131 bir bask\u0131 ba\u015flatm\u0131\u015ft\u0131r. Bu eylemlerin PKK \u00fczerinde \u00f6nemli bir olumsuz etkisi olmu\u015ftur. Birka\u00e7 y\u0131l s\u00fcren kesintisiz sald\u0131r\u0131lar\u0131n ard\u0131ndan PKK, T\u00fcrkiye&#8217;nin g\u00fcneyinde K\u00fcrt n\u00fcfusun yo\u011fun oldu\u011fu b\u00f6lgelerdeki b\u00fcy\u00fck \u015fehirlerden s\u00fcr\u00fclm\u00fc\u015ft\u00fcr.<\/p>\n\n\n\n<p style=\"font-size:clamp(16.834px, 1.052rem + ((1vw - 3.2px) * 0.716), 26px);\">Bask\u0131lar s\u0131ras\u0131nda T\u00fcrk ordusu, PKK liderlerini ve cephaneli\u011fini hedef alan \u00e7ok say\u0131da insans\u0131z hava arac\u0131n\u0131 da hedefli imha operasyonlar\u0131nda kullanm\u0131\u015ft\u0131r. Bu y\u00fcksek teknoloji ara\u00e7lar\u0131n\u0131n kullan\u0131m\u0131 PKK&#8217;n\u0131n lider kadrosunu ciddi \u015fekilde zay\u0131flatm\u0131\u015f ve silah rezervlerine ciddi zarar vermi\u015ftir. Yakla\u015f\u0131k on y\u0131l s\u00fcren sald\u0131r\u0131lar\u0131n ard\u0131ndan PKK art\u0131k nispeten zay\u0131flam\u0131\u015f durumdad\u0131r. Silahl\u0131 elemanlar\u0131n\u0131n \u00e7o\u011fu T\u00fcrkiye&#8217;nin kuzeyindeki da\u011flara ve Irak&#8217;\u0131n kuzeyindeki da\u011flara ka\u00e7mak zorunda kalm\u0131\u015f, bu da faaliyet alanlar\u0131n\u0131 ve etkilerini b\u00fcy\u00fck \u00f6l\u00e7\u00fcde k\u0131s\u0131tlam\u0131\u015ft\u0131r.<\/p>\n\n\n\n<p style=\"font-size:clamp(16.834px, 1.052rem + ((1vw - 3.2px) * 0.716), 26px);\"><strong>Kar\u015f\u0131la\u015ft\u0131klar\u0131 ulusal ve uluslararas\u0131 durumdaki de\u011fi\u015fiklikler bu uzla\u015fmaya yol a\u00e7m\u0131\u015ft\u0131r<\/strong><\/p>\n\n\n\n<p style=\"font-size:clamp(16.834px, 1.052rem + ((1vw - 3.2px) * 0.716), 26px);\">Niu Xinchun, Ningxia \u00dcniversitesi \u00c7in Arap \u00dclkeleri Enstit\u00fcs\u00fc&#8217;nde profes\u00f6r: Son y\u0131llarda Irak, T\u00fcrkiye ve Irak h\u00fck\u00fcmetleri, Kuzey Irak&#8217;\u0131n da\u011fl\u0131k b\u00f6lgelerindeki PKK&#8217;y\u0131 ortadan kald\u0131rmak i\u00e7in i\u015fbirli\u011fi yapma konusunda ilerleme kaydettiler. Ge\u00e7en y\u0131l Suriye h\u00fck\u00fcmetinin \u00e7\u00f6k\u00fc\u015f\u00fcnden bu yana, Suriye&#8217;deki PKK da olumsuz bir duruma d\u00fc\u015fm\u00fc\u015ft\u00fcr. Suriye&#8217;deki siyasi karga\u015fa ve durumdaki de\u011fi\u015fiklikler PKK&#8217;n\u0131n b\u00f6lgede faaliyet g\u00f6stermesini daha da zorla\u015ft\u0131rm\u0131\u015ft\u0131r.<\/p>\n\n\n\n<p style=\"font-size:clamp(16.834px, 1.052rem + ((1vw - 3.2px) * 0.716), 26px);\">Ge\u00e7mi\u015fte T\u00fcrk h\u00fck\u00fcmeti ve PKK iki anla\u015fmaya varm\u0131\u015f ancak bunlar\u0131 uygulamada ba\u015far\u0131s\u0131z olmu\u015ftu.<\/p>\n\n\n\n<p style=\"font-size:clamp(16.834px, 1.052rem + ((1vw - 3.2px) * 0.716), 26px);\"><strong>Bu anla\u015fmaya var\u0131labilir mi? Var\u0131lsa bile T\u00fcrkiye&#8217;nin kar\u015f\u0131 kar\u015f\u0131ya oldu\u011fu K\u00fcrt sorununu \u00e7\u00f6zebilir mi?<\/strong><\/p>\n\n\n\n<p style=\"font-size:clamp(16.834px, 1.052rem + ((1vw - 3.2px) * 0.716), 26px);\">Niu Xinchun, Ningxia \u00dcniversitesi \u00c7in ve Arap \u00dclkeleri Enstit\u00fcs\u00fc&#8217;nde profes\u00f6r: Bu kez var\u0131lan anla\u015fman\u0131n T\u00fcrkiye&#8217;deki K\u00fcrt sorununu \u00e7\u00f6z\u00fcp \u00e7\u00f6zemeyece\u011fi hala karma\u015f\u0131k ve zor.<\/p>\n\n\n\n<p style=\"font-size:clamp(16.834px, 1.052rem + ((1vw - 3.2px) * 0.716), 26px);\">&nbsp;Bu, T\u00fcrk h\u00fck\u00fcmeti ile PKK&#8217;n\u0131n tarihte ilk kez vard\u0131\u011f\u0131 bir anla\u015fma de\u011fildir. T\u00fcrk h\u00fck\u00fcmeti 2009 ve 2013 y\u0131llar\u0131nda da PKK ile iki kez anla\u015fmaya varm\u0131\u015ft\u0131. PKK da silah b\u0131rakma ve silahs\u0131zlanma s\u00f6z\u00fc vermi\u015f ancak anla\u015fma daha sonra uygulanmam\u0131\u015ft\u0131. Dolay\u0131s\u0131yla bu kez anla\u015fman\u0131n sorunsuz bir \u015fekilde uygulan\u0131p uygulanamayaca\u011f\u0131 bir soru i\u015fareti. Anla\u015fma sorunsuz bir \u015fekilde uygulanabilse bile K\u00fcrt sorunu hemen ortadan kalkmayacakt\u0131r.<\/p>\n\n\n\n<p style=\"font-size:clamp(16.834px, 1.052rem + ((1vw - 3.2px) * 0.716), 26px);\">Ningxia \u00dcniversitesi \u00c7in ve Arap \u00dclkeleri Enstit\u00fcs\u00fc profes\u00f6r\u00fc Niu Xinchun \u015funlar\u0131 s\u00f6yledi : \u00c7\u00fcnk\u00fc bu sorun T\u00fcrkiye&#8217;deki toplam n\u00fcfusun yakla\u015f\u0131k %15&#8217;ini olu\u015fturan K\u00fcrtleri ilgilendiriyor. N\u00fcfusun bu %15&#8217;inin k\u00fclt\u00fcrel haklar\u0131, siyasi haklar\u0131 ve ekonomik haklar\u0131 bir gecede ya da birka\u00e7 y\u0131l i\u00e7inde \u00e7\u00f6z\u00fclemez.<\/p>\n\n\n\n<p style=\"font-size:clamp(16.834px, 1.052rem + ((1vw - 3.2px) * 0.716), 26px);\">&nbsp;Ate\u015fkes anla\u015fmas\u0131 ba\u015far\u0131l\u0131 bir \u015fekilde uygulanabilse ve PKK silahs\u0131zlanmaya istekli olsa bile, uzun s\u00fcredir devam eden bu sosyo-ekonomik ve siyasi sorunlar\u0131n \u00e7\u00f6z\u00fclmesi uzun zaman alacakt\u0131r.<\/p>\n\n\n\n<p style=\"font-size:clamp(16.834px, 1.052rem + ((1vw - 3.2px) * 0.716), 26px);\"><strong>K\u00fcrdistan \u0130\u015f\u00e7i Partisi&#8217;nin Tarihi ve Mevcut Durumu<\/strong><\/p>\n\n\n\n<p style=\"font-size:clamp(16.834px, 1.052rem + ((1vw - 3.2px) * 0.716), 26px);\">PKK 1970&#8217;lerin sonunda kurulmu\u015ftur ve T\u00fcrkiye, Irak, \u0130ran ve Suriye s\u0131n\u0131rlar\u0131nda K\u00fcrt n\u00fcfusun ya\u015fad\u0131\u011f\u0131 b\u00f6lgelerde g\u00fc\u00e7 kullanarak ba\u011f\u0131ms\u0131z bir devlet kurmay\u0131 ama\u00e7lamaktad\u0131r. T\u00fcrkiye taraf\u0131ndan ter\u00f6r \u00f6rg\u00fct\u00fc olarak listelenmi\u015ftir. K\u00fcrtler Orta Do\u011fu&#8217;daki en b\u00fcy\u00fck etnik gruplardan biridir ve toplam n\u00fcfuslar\u0131 yakla\u015f\u0131k 30 milyondur ve \u00e7o\u011funlukla yukar\u0131daki d\u00f6rt \u00fclkeye da\u011f\u0131lm\u0131\u015flard\u0131r.<\/p>\n\n\n\n<p style=\"font-size:clamp(16.834px, 1.052rem + ((1vw - 3.2px) * 0.716), 26px);\">PKK, 1980 y\u0131l\u0131nda T\u00fcrk h\u00fck\u00fcmeti taraf\u0131ndan yasakland\u0131ktan sonra yeralt\u0131na \u00e7ekilmi\u015ftir. 1984 y\u0131l\u0131ndan bu yana T\u00fcrkiye&#8217;nin g\u00fcneydo\u011fusunda h\u00fck\u00fcmet kar\u015f\u0131t\u0131 faaliyetlerde bulunmu\u015f ve bir\u00e7ok kez T\u00fcrk h\u00fck\u00fcmet g\u00fc\u00e7leriyle \u00e7at\u0131\u015fm\u0131\u015ft\u0131r. PKK, 1990&#8217;lardan sonra Amerika Birle\u015fik Devletleri ve Avrupa Birli\u011fi taraf\u0131ndan ter\u00f6r \u00f6rg\u00fct\u00fc olarak listelenmi\u015ftir.<\/p>\n\n\n\n<p style=\"font-size:clamp(16.834px, 1.052rem + ((1vw - 3.2px) * 0.716), 26px);\"><strong>PKK lideri \u00d6calan ve ate\u015fkes s\u00fcreci<\/strong><\/p>\n\n\n\n<p style=\"font-size:clamp(16.834px, 1.052rem + ((1vw - 3.2px) * 0.716), 26px);\">PKK&#8217;n\u0131n 75 ya\u015f\u0131ndaki lideri \u00d6calan uzun s\u00fcredir Suriye&#8217;de s\u00fcrg\u00fcndeydi. T\u00fcrk h\u00fck\u00fcmeti taraf\u0131ndan 1999 y\u0131l\u0131nda tutukland\u0131 ve \u0130stanbul yak\u0131nlar\u0131ndaki \u0130mral\u0131 adas\u0131nda hapsedildi. Vatana ihanet su\u00e7undan idam cezas\u0131na \u00e7arpt\u0131r\u0131ld\u0131 ve daha sonra cezas\u0131 \u00f6m\u00fcr boyu hapse \u00e7evrildi. Cezaevinde olmas\u0131na ra\u011fmen \u00d6calan, ziyaretine gelen ailesi ve avukatlar\u0131 arac\u0131l\u0131\u011f\u0131yla konu\u015fmaya ve PKK&#8217;ya talimatlar vermeye devam etmektedir. \u00d6calan tutukland\u0131ktan sonra \u00f6rg\u00fct birka\u00e7 kez tek tarafl\u0131 ate\u015fkes ilan etmi\u015ftir. \u00d6rg\u00fct\u00fcn T\u00fcrkiye&#8217;deki h\u00fck\u00fcmet kar\u015f\u0131t\u0131 silahl\u0131 faaliyetleri giderek zay\u0131flad\u0131, ancak T\u00fcrk h\u00fck\u00fcmeti \u00f6rg\u00fcte bask\u0131 uygulamaya devam etti. May\u0131s 2004&#8217;te \u00f6rg\u00fct yakla\u015f\u0131k be\u015f y\u0131ll\u0131k ate\u015fkesin sona erdi\u011fini a\u00e7\u0131klad\u0131 ve T\u00fcrk ordusuna y\u00f6nelik sald\u0131r\u0131lar\u0131na yeniden ba\u015flad\u0131. T\u00fcrk h\u00fck\u00fcmeti, T\u00fcrkiye&#8217;deki K\u00fcrt sorununun \u00e7\u00f6z\u00fcm\u00fcn\u00fc te\u015fvik etmek amac\u0131yla &#8220;bar\u0131\u015f s\u00fcreci&#8221; m\u00fczakerelerine ba\u015flamak i\u00e7in Ekim 2012&#8217;de \u00d6calan ile temas kurmaya ba\u015flad\u0131, ancak daha sonra kesintiye u\u011frad\u0131. Ekim 2024&#8217;te T\u00fcrkiye Cumhurba\u015fkan\u0131 Erdo\u011fan&#8217;\u0131n siyasi m\u00fcttefiki Milliyet\u00e7i Hareket Partisi lideri Bah\u00e7eli, \u00d6calan&#8217;\u0131n PKK&#8217;n\u0131n feshedildi\u011fini a\u00e7\u0131klamas\u0131 halinde \u00f6zg\u00fcrl\u00fc\u011f\u00fcne kavu\u015fabilece\u011fini \u00f6ne s\u00fcrd\u00fc. 2024 y\u0131l\u0131n\u0131n sonunda \u00d6calan uzla\u015fmaya katk\u0131da bulunmaya istekli oldu\u011funu ifade etmi\u015ftir.<\/p>\n\n\n\n<p style=\"font-size:clamp(16.834px, 1.052rem + ((1vw - 3.2px) * 0.716), 26px);\">Ayr\u0131ca Suriye Demokratik G\u00fc\u00e7leri&#8217;nin ana g\u00fcc\u00fc olan Halk Koruma Birlikleri de T\u00fcrkiye taraf\u0131ndan K\u00fcrdistan \u0130\u015f\u00e7i Partisi&#8217;nin Suriye&#8217;deki kolu olarak g\u00f6r\u00fcl\u00fcyor. T\u00fcrkiye, K\u00fcrdistan \u0130\u015f\u00e7i Partisi&#8217;ni ortadan kald\u0131rma bahanesiyle Suriye&#8217;nin kuzeyine sald\u0131rmak \u00fczere defalarca s\u0131n\u0131r \u00f6tesine asker g\u00f6nderdi. Ge\u00e7en y\u0131l Aral\u0131k ay\u0131nda Suriye&#8217;deki siyasi durumun dramatik bir \u015fekilde de\u011fi\u015fmesinin ard\u0131ndan, T\u00fcrkiye destekli Suriye silahl\u0131 kuvvetleri Halk Koruma Birlikleri&#8217;ne sald\u0131rarak bu birliklerin topraklar\u0131n\u0131n bir k\u0131sm\u0131n\u0131 ele ge\u00e7irdi ve bu sava\u015f halen devam ediyor.<\/p>\n\n\n\n<p style=\"font-size:clamp(16.834px, 1.052rem + ((1vw - 3.2px) * 0.716), 26px);\"><strong>K\u00fcrdistan \u0130\u015f\u00e7i Partisi neden aniden Ate\u015fkes A\u00e7\u0131klad\u0131?<\/strong><\/p>\n\n\n\n<p style=\"font-size:clamp(16.834px, 1.052rem + ((1vw - 3.2px) * 0.716), 26px);\"><strong>Yazar, \u015eanghay Uluslararas\u0131 \u00c7al\u0131\u015fmalar \u00dcniversitesi Orta Do\u011fu \u00c7al\u0131\u015fmalar\u0131 Enstit\u00fcs\u00fc&#8217;nde ara\u015ft\u0131rmac\u0131 olarak g\u00f6rev yapmaktad\u0131r<\/strong>.<\/p>\n\n\n\n<p style=\"font-size:clamp(16.834px, 1.052rem + ((1vw - 3.2px) * 0.716), 26px);\"><a href=\"https:\/\/author.baidu.com\/home?from=bjh_article&amp;app_id=1572524267487404\" target=\"_blank\" rel=\"noreferrer noopener\">Wen Wei Po<\/a>&nbsp;&nbsp; &nbsp;2025-03-04<\/p>\n\n\n\n<p style=\"font-size:clamp(16.834px, 1.052rem + ((1vw - 3.2px) * 0.716), 26px);\">T\u00fcrk bas\u0131n\u0131nda 1 Mart&#8217;ta \u00e7\u0131kan haberlere g\u00f6re, K\u00fcrdistan \u0130\u015f\u00e7i Partisi ayn\u0131 g\u00fcn ate\u015fkes ilan etti ve hapisteki lideri Abdullah \u00d6calan&#8217;\u0131n \u00e7a\u011fr\u0131s\u0131na yan\u0131t olarak silah b\u0131rakaca\u011f\u0131n\u0131 s\u00f6yledi.<\/p>\n\n\n\n<p style=\"font-size:clamp(16.834px, 1.052rem + ((1vw - 3.2px) * 0.716), 26px);\">27 \u015eubat&#8217;ta, T\u00fcrk parlamentosunun \u00fc\u00e7\u00fcnc\u00fc b\u00fcy\u00fck partisi olan K\u00fcrt yanl\u0131s\u0131 Halklar\u0131n E\u015fitli\u011fi ve Demokratik Partisi televizyonda canl\u0131 yay\u0131nlanan bir bas\u0131n toplant\u0131s\u0131 d\u00fczenledi.<\/p>\n\n\n\n<p style=\"font-size:clamp(16.834px, 1.052rem + ((1vw - 3.2px) * 0.716), 26px);\">Parti bas\u0131n toplant\u0131s\u0131nda \u00d6calan&#8217;\u0131n el yaz\u0131s\u0131yla yazd\u0131\u011f\u0131 mektubu K\u00fcrt\u00e7e ve T\u00fcrk\u00e7e olarak okudu. PKK&#8217;y\u0131 kuran ve 40 y\u0131l\u0131 a\u015fk\u0131n bir s\u00fcre T\u00fcrk h\u00fck\u00fcmetine kar\u015f\u0131 sava\u015fan \u00d6calan, partinin &#8220;bir kongre d\u00fczenlemesi ve kendi kendini feshetti\u011fini ilan etmesi gerekti\u011fini&#8221; s\u00f6yledi ve t\u00fcm silahl\u0131 gruplara silah b\u0131rakma \u00e7a\u011fr\u0131s\u0131nda bulundu.<\/p>\n\n\n\n<p style=\"font-size:clamp(16.834px, 1.052rem + ((1vw - 3.2px) * 0.716), 26px);\">Buna kar\u015f\u0131l\u0131k Cumhurba\u015fkan\u0131 Erdo\u011fan olumlu bir yan\u0131t verdi, ancak Erdo\u011fan PKK&#8217;n\u0131n s\u00f6z\u00fcn\u00fc tutmamas\u0131 halinde T\u00fcrkiye&#8217;nin sald\u0131r\u0131lar\u0131 yeniden ba\u015flataca\u011f\u0131n\u0131 da vurgulad\u0131.<\/p>\n\n\n\n<p style=\"font-size:clamp(16.834px, 1.052rem + ((1vw - 3.2px) * 0.716), 26px);\">T\u00fcrkiye Cumhurba\u015fkan\u0131 Erdo\u011fan, 11 Kas\u0131m 2024 tarihinde Suudi Arabistan&#8217;\u0131n ba\u015fkenti Riyad&#8217;da d\u00fczenlenen Arap-\u0130slam \u00d6zel Zirvesi&#8217;ne kat\u0131ld\u0131.<\/p>\n\n\n\n<p style=\"font-size:clamp(16.834px, 1.052rem + ((1vw - 3.2px) * 0.716), 26px);\">T\u00fcrk h\u00fck\u00fcmeti \u00d6calan&#8217;\u0131 en \u00fcst d\u00fczey &#8220;ter\u00f6rist&#8221; olarak g\u00f6rmektedir.<\/p>\n\n\n\n<p style=\"font-size:clamp(16.834px, 1.052rem + ((1vw - 3.2px) * 0.716), 26px);\">1949 do\u011fumlu \u00d6calan, 1970&#8217;lerin sonunda K\u00fcrdistan \u0130\u015f\u00e7i Partisi&#8217;ni kurdu. PKK, T\u00fcrkiye, Irak, \u0130ran ve Suriye s\u0131n\u0131r\u0131ndaki K\u00fcrt n\u00fcfuslu b\u00f6lgelerde g\u00fc\u00e7 kullanarak ba\u011f\u0131ms\u0131z bir devlet kurmay\u0131 ama\u00e7lamaktad\u0131r.<\/p>\n\n\n\n<p style=\"font-size:clamp(16.834px, 1.052rem + ((1vw - 3.2px) * 0.716), 26px);\">Bunun ilgili \u00fclkeler i\u00e7in kabul edilemez oldu\u011fu a\u00e7\u0131kt\u0131r. \u00d6calan bir oldu\u011fu K\u00fcrt i\u00e7in PKK kurulu\u015funda T\u00fcrk h\u00fck\u00fcmeti taraf\u0131ndan sert bir \u015fekilde bast\u0131r\u0131ld\u0131. \u00d6calan k\u0131sa s\u00fcre sonra yurtd\u0131\u015f\u0131na ka\u00e7mak zorunda kald\u0131 ve 1984&#8217;ten beri PKK T\u00fcrk h\u00fck\u00fcmetiyle gerilla sava\u015f\u0131na ba\u015flad\u0131. Partinin kurulu\u015fundan bu yana, birbirini izleyen T\u00fcrk h\u00fck\u00fcmetleri \u00d6calan&#8217;\u0131 &#8220;ba\u015f belas\u0131&#8221; ve bir numaral\u0131 &#8220;ter\u00f6rist&#8221; olarak g\u00f6rm\u00fc\u015ft\u00fcr. O zamandan beri iki taraf aras\u0131ndaki \u00e7at\u0131\u015fma giderek \u015fiddetlendi. \u00d6calan 1999 y\u0131l\u0131nda T\u00fcrk ajanlar taraf\u0131ndan Kenya&#8217;dan \u00fclkeye geri g\u00f6t\u00fcr\u00fcld\u00fc ve Marmara Denizi&#8217;nde \u0131ss\u0131z bir adada hapsedildi.<\/p>\n\n\n\n<p style=\"font-size:clamp(16.834px, 1.052rem + ((1vw - 3.2px) * 0.716), 26px);\">\u00d6calan&#8217;\u0131n 26 y\u0131l boyunca izole bir adada hapsedilmesinden bu yana, PKK ile T\u00fcrk h\u00fck\u00fcmeti aras\u0131nda ate\u015fkesler olmas\u0131na ra\u011fmen, daha uzun s\u00fcreli askeri \u00e7at\u0131\u015fmalar yo\u011funla\u015fm\u0131\u015f ve \u00e7at\u0131\u015fmalar\u0131n etkisi yay\u0131lmaya devam etmi\u015ftir. 2003&#8217;te Irak Sava\u015f\u0131&#8217;n\u0131n patlak vermesi ve 2010 sonundaki &#8220;Arap Bahar\u0131&#8221; ile birlikte Irak ve Suriye&#8217;deki K\u00fcrt b\u00f6lgeleri kademeli olarak g\u00f6receli \u00f6zerklik kazanm\u0131\u015ft\u0131r. PKK, Irak ve Suriye&#8217;nin K\u00fcrt b\u00f6lgelerinde daha istikrarl\u0131 bir varl\u0131\u011fa sahip ve T\u00fcrk h\u00fck\u00fcmeti bu konuda son derece dikkatli. Son y\u0131llarda PKK&#8217;ya kar\u015f\u0131 s\u0131k s\u0131k s\u0131n\u0131r \u00f6tesi sald\u0131r\u0131lar d\u00fczenledi. Bu nedenle T\u00fcrkiye, Irak ve Suriye&#8217;deki duruma derinlemesine m\u00fcdahale etmekten \u00e7ekinmedi. \u00d6calan uzun s\u00fcredir hapiste olmas\u0131na ra\u011fmen hala PKK&#8217;n\u0131n ruhani lideridir ve T\u00fcrk h\u00fck\u00fcmeti onun \u00fczerindeki g\u00f6zetimini gev\u015fetmeye cesaret edememektedir.<\/p>\n\n\n\n<p style=\"font-size:clamp(16.834px, 1.052rem + ((1vw - 3.2px) * 0.716), 26px);\"><strong>Suriye&#8217;deki durumdaki dramatik de\u011fi\u015fikliklerle yak\u0131ndan ilgili<\/strong><\/p>\n\n\n\n<p style=\"font-size:clamp(16.834px, 1.052rem + ((1vw - 3.2px) * 0.716), 26px);\">\u00d6calan kendi kurdu\u011fu partiyi fesih karar\u0131 iyi d\u00fc\u015f\u00fcn\u00fclm\u00fc\u015f bir \u015fey olmal\u0131.<\/p>\n\n\n\n<p style=\"font-size:clamp(16.834px, 1.052rem + ((1vw - 3.2px) * 0.716), 26px);\">Bu, kendi \u00f6zg\u00fcrl\u00fc\u011f\u00fcne kavu\u015fma olas\u0131l\u0131\u011f\u0131 ve Suriye&#8217;deki durumun dramatik bir \u015fekilde de\u011fi\u015fmesiyle yak\u0131ndan ilgilidir ki bu da b\u00f6lgesel durum \u00fczerinde kesinlikle olumlu bir etki yaratacakt\u0131r. Bunlar aras\u0131nda, PKK&#8217;n\u0131n feshedilmesi ve silah b\u0131rakma tedbirleri organik bir b\u00fct\u00fcnd\u00fcr ve \u00d6calan&#8217;\u0131n &#8220;tarihi sorumlulu\u011fu \u00fcstlenmek&#8221; i\u00e7in T\u00fcrk h\u00fck\u00fcmetine verdi\u011fi b\u00fcy\u00fck tavizleri yans\u0131tmaktad\u0131r.<\/p>\n\n\n\n<p style=\"font-size:clamp(16.834px, 1.052rem + ((1vw - 3.2px) * 0.716), 26px);\">\u0130srail-Filistin \u00e7at\u0131\u015fmas\u0131n\u0131n 7 Ekim 2023&#8217;te yeni bir turunun patlak vermesinden bu yana, 15 ay s\u00fcren \u00e7at\u0131\u015fman\u0131n ard\u0131ndan Orta Do\u011fu&#8217;nun jeopolitik manzaras\u0131 muazzam de\u011fi\u015fikliklere u\u011frad\u0131.<\/p>\n\n\n\n<p style=\"font-size:clamp(16.834px, 1.052rem + ((1vw - 3.2px) * 0.716), 26px);\">\u0130srail&#8217;in \u0130ran&#8217;\u0131n ba\u015f\u0131n\u0131 \u00e7ekti\u011fi &#8220;Direni\u015f Yay\u0131&#8221; kamp\u0131n\u0131n \u00fcyelerini teker teker yenilgiye u\u011fratma stratejisi sonu\u00e7 vermeye ba\u015flad\u0131. L\u00fcbnan&#8217;daki Hamas ve Hizbullah a\u011f\u0131r kay\u0131plar verdi ve Yemen&#8217;deki Husi silahl\u0131 g\u00fc\u00e7leri de ABD ve \u0130srail taraf\u0131ndan daha fazla kontrol alt\u0131na al\u0131nd\u0131 ve sald\u0131r\u0131ya u\u011frad\u0131. \u00d6zellikle kritik olan husus, ge\u00e7en y\u0131l\u0131n Aral\u0131k ay\u0131 ba\u015flar\u0131nda Suriye&#8217;deki Esad rejiminin &#8220;Levant&#8217;\u0131n Suriye Kurtulu\u015f Ordusu&#8221; liderli\u011findeki h\u00fck\u00fcmet kar\u015f\u0131t\u0131 silahl\u0131 g\u00fc\u00e7lerin sald\u0131r\u0131s\u0131 alt\u0131nda dramatik bir \u015fekilde ve an\u0131nda \u00e7\u00f6kmesi ve Esad ailesinin yar\u0131m y\u00fczy\u0131ldan fazla s\u00fcren iktidar\u0131n\u0131n h\u0131zla sona ermesidir.<\/p>\n\n\n\n<p style=\"font-size:clamp(16.834px, 1.052rem + ((1vw - 3.2px) * 0.716), 26px);\">&#8220;Levant&#8217;\u0131n Suriye Kurtulu\u015f Ordusu&#8221; taraf\u0131ndan kurulan Suriye ge\u00e7i\u015f h\u00fck\u00fcmeti, silahlar\u0131n\u0131 derhal Suriye K\u00fcrt silahl\u0131 g\u00fc\u00e7lerine \u00e7evirdi.<\/p>\n\n\n\n<p style=\"font-size:clamp(16.834px, 1.052rem + ((1vw - 3.2px) * 0.716), 26px);\">Bu yeni durumda, Suriye K\u00fcrt b\u00f6lgesindeki durum ve hatta K\u00fcrdistan \u0130\u015f\u00e7i Partisi&#8217;nin Irak ve Suriye K\u00fcrt b\u00f6lgelerindeki varl\u0131\u011f\u0131 bile tehlikeye girmi\u015ftir.<\/p>\n\n\n\n<p style=\"font-size:clamp(16.834px, 1.052rem + ((1vw - 3.2px) * 0.716), 26px);\">\u00d6calan 1999 y\u0131l\u0131ndan bu yana yo\u011fun g\u00fcvenlik \u00f6nlemleri alt\u0131nda izole bir adada hapsedilmi\u015f durumda. Ge\u00e7en y\u0131l Ekim ay\u0131nda Erdo\u011fan&#8217;\u0131n siyasi m\u00fcttefikleri PKK&#8217;n\u0131n kendini da\u011f\u0131tmas\u0131 fikrini \u00f6ne s\u00fcrd\u00fcler. Bu durumda \u00d6calan serbest b\u0131rak\u0131labilece\u011fini s\u00f6ylediler.<\/p>\n\n\n\n<p style=\"font-size:clamp(16.834px, 1.052rem + ((1vw - 3.2px) * 0.716), 26px);\">\u00d6calan\u0131 ziyaret eden Halklar\u0131n E\u015fitli\u011fi ve Demokratik Partisi de uzla\u015fmaya katk\u0131da bulunmaya haz\u0131r oldu\u011funu&nbsp; Ay\u0131n 1&#8217;inde PKK, T\u00fcrk h\u00fck\u00fcmetinden \u00d6calan&#8217;\u0131n serbest b\u0131rak\u0131lmas\u0131n\u0131 ve normal bir \u015fekilde \u00e7al\u0131\u015fmas\u0131na ve ya\u015famas\u0131na izin verilmesini istedi.<\/p>\n\n\n\n<p style=\"font-size:clamp(16.834px, 1.052rem + ((1vw - 3.2px) * 0.716), 26px);\"><strong>B\u00f6lgedeki durumun sakinle\u015fmesi i\u00e7in olumlu bir sinyal<\/strong><\/p>\n\n\n\n<p style=\"font-size:clamp(16.834px, 1.052rem + ((1vw - 3.2px) * 0.716), 26px);\">\u00d6calan&#8217;\u0131n a\u00e7\u0131k mektubu genel olarak T\u00fcrkiye&#8217;nin siyasi s\u00fcreci, uluslararas\u0131 imaj\u0131 ve Orta Do\u011fu&#8217;daki durum \u00fczerinde olumlu bir etki yaratacak olumlu bir sinyal olarak g\u00f6r\u00fcl\u00fcyor.<\/p>\n\n\n\n<p style=\"font-size:clamp(16.834px, 1.052rem + ((1vw - 3.2px) * 0.716), 26px);\">\u0130lk olarak, T\u00fcrkiye a\u00e7\u0131s\u0131ndan, PKK ile h\u00fck\u00fcmet aras\u0131nda uzun s\u00fcredir devam eden \u00e7at\u0131\u015fma \u00e7ok say\u0131da can kayb\u0131na ve ekonomik kayba neden olmu\u015f ve T\u00fcrkiye&#8217;nin siyasi ve sosyal istikrar\u0131 \u00fczerinde b\u00fcy\u00fck bir bask\u0131 yaratm\u0131\u015ft\u0131r. \u00d6calan&#8217;\u0131n a\u00e7\u0131klamas\u0131 T\u00fcrkiye&#8217;nin siyasi uzla\u015fma s\u00fcrecinin h\u0131zlanmas\u0131na, \u00f6zellikle de K\u00fcrt meselesinin do\u011fru bir \u00e7\u00f6z\u00fcme do\u011fru ilerlemesine yard\u0131mc\u0131 olacakt\u0131r.<\/p>\n\n\n\n<p style=\"font-size:clamp(16.834px, 1.052rem + ((1vw - 3.2px) * 0.716), 26px);\">\u0130kinci olarak, T\u00fcrkiye K\u00fcrt meselesindeki sert politikas\u0131 ve PKK&#8217;ya y\u00f6nelik uzun s\u00fcreli s\u0131n\u0131r \u00f6tesi sald\u0131r\u0131lar\u0131 nedeniyle uluslararas\u0131 toplum taraf\u0131ndan sorgulanmaktad\u0131r.<\/p>\n\n\n\n<p style=\"font-size:clamp(16.834px, 1.052rem + ((1vw - 3.2px) * 0.716), 26px);\"><strong>K\u00fcrt meselesinin \u00e7\u00f6z\u00fclmesi T\u00fcrkiye&#8217;nin uluslararas\u0131 imaj\u0131n\u0131 d\u00fczeltmesine yard\u0131mc\u0131 olacakt\u0131r.<\/strong><\/p>\n\n\n\n<p style=\"font-size:clamp(16.834px, 1.052rem + ((1vw - 3.2px) * 0.716), 26px);\">\u00dc\u00e7\u00fcnc\u00fcs\u00fc, PKK&#8217;n\u0131n Irak ve Suriye T\u00fcrkiye&#8217;ye sald\u0131rmas\u0131 topraklar\u0131ndan Orta Do\u011fu&#8217;daki K\u00fcrt meselesinin karma\u015f\u0131kl\u0131\u011f\u0131n\u0131 artt\u0131rmaktad\u0131r. Bu hamle sadece b\u00f6lgedeki durumun yat\u0131\u015fmas\u0131na yard\u0131mc\u0131 olmakla kalmayacak, ayn\u0131 zamanda T\u00fcrkiye&#8217;nin Irak ve Suriye ile ili\u015fkilerini kademeli olarak yumu\u015fatmas\u0131na da yard\u0131mc\u0131 olacakt\u0131r.<\/p>\n\n\n\n<p style=\"font-size:clamp(16.834px, 1.052rem + ((1vw - 3.2px) * 0.716), 26px);\">Ancak, \u00f6zellikle \u00d6calan&#8217;\u0131n talimatlar\u0131n\u0131n PKK taraf\u0131ndan tam olarak uygulan\u0131p uygulanamayaca\u011f\u0131 konusunda hala baz\u0131 belirsizlikler bulunmaktad\u0131r.<\/p>\n\n\n\n<p style=\"font-size:clamp(16.834px, 1.052rem + ((1vw - 3.2px) * 0.716), 26px);\">Buna ek olarak, \u00d6calan&#8217;\u0131n a\u00e7\u0131k mektubunun nas\u0131l anla\u015f\u0131lmas\u0131 gerekti\u011fi konusunda T\u00fcrkiye ve PKK kollar\u0131 aras\u0131nda farkl\u0131l\u0131klar bulunmaktad\u0131r.<\/p>\n\n\n\n<p style=\"font-size:clamp(16.834px, 1.052rem + ((1vw - 3.2px) * 0.716), 26px);\">Suriyeli K\u00fcrt silahl\u0131 g\u00fc\u00e7leri &#8220;Suriye Demokratik G\u00fc\u00e7leri &#8220;nin komutan\u0131 Abdi, \u00d6calan&#8217;\u0131n \u00e7a\u011fr\u0131s\u0131n\u0131 memnuniyetle kar\u015f\u0131lad\u0131. Ancak Mazlum Mazlum Abdi, \u00d6calan&#8217;\u0131n silah b\u0131rakma talimat\u0131n\u0131n sadece T\u00fcrkiye&#8217;deki PKK i\u00e7in ge\u00e7erli oldu\u011funu ve Suriye&#8217;deki K\u00fcrt silahl\u0131 g\u00fc\u00e7leriyle bir ilgisi olmad\u0131\u011f\u0131n\u0131 belirtti.<\/p>\n\n\n\n<p style=\"font-size:clamp(16.834px, 1.052rem + ((1vw - 3.2px) * 0.716), 26px);\"><strong>PKK lideri \u00d6calan&#8217;\u0131n tarihi a\u00e7\u0131klamas\u0131 T\u00fcrk-K\u00fcrt \u00e7at\u0131\u015fmas\u0131n\u0131 sona erdirebilir mi?<\/strong><\/p>\n\n\n\n<p style=\"font-size:clamp(16.834px, 1.052rem + ((1vw - 3.2px) * 0.716), 26px);\">Yerel saatle 27 \u015eubat&#8217;ta, T\u00fcrkiye Parlamentosu&#8217;nun \u00fc\u00e7\u00fcnc\u00fc b\u00fcy\u00fck partisi olan K\u00fcrt yanl\u0131s\u0131 Halklar\u0131n E\u015fitli\u011fi ve Demokratik Partisi (DEM) bir bas\u0131n toplant\u0131s\u0131 d\u00fczenledi ve K\u00fcrdistan \u0130\u015f\u00e7i Partisi lideri Abdullah \u00d6calan taraf\u0131ndan yap\u0131lan tarihi a\u00e7\u0131klamay\u0131 canl\u0131 yay\u0131nda okudu. \u00d6calan, &#8220;K\u00fcrdistan \u0130\u015f\u00e7i Partisi&#8217;nin kongreden sonra kendi kendini feshetti\u011fini ilan etmesini ve t\u00fcm K\u00fcrt silahl\u0131 gruplar\u0131na silah b\u0131rakma \u00e7a\u011fr\u0131s\u0131nda bulunmas\u0131n\u0131&#8221; a\u00e7\u0131k\u00e7a talep etti. \u00d6calan&#8217;\u0131n d\u0131\u015far\u0131dan yapt\u0131\u011f\u0131 bu a\u00e7\u0131klama, on y\u0131llard\u0131r s\u00fcren T\u00fcrk-K\u00fcrt \u00e7at\u0131\u015fmas\u0131 \u00fczerinde olumlu bir etki yaratabilir ve birka\u00e7 y\u0131ld\u0131r kesintiye u\u011fram\u0131\u015f olan K\u00fcrt bar\u0131\u015f s\u00fcrecinin yeniden ba\u015flamas\u0131na yard\u0131mc\u0131 olabilir.<\/p>\n\n\n\n<p style=\"font-size:clamp(16.834px, 1.052rem + ((1vw - 3.2px) * 0.716), 26px);\">Yerel saatle 1 Mart&#8217;ta PKK Y\u00fcr\u00fctme Komitesi, \u00d6calan&#8217;\u0131n tarihi a\u00e7\u0131klamas\u0131na olumlu yan\u0131t vererek silah b\u0131rakaca\u011f\u0131n\u0131 ve T\u00fcrkiye ile ate\u015fkes yapaca\u011f\u0131n\u0131 a\u00e7\u0131klad\u0131. PKK liderli\u011finin \u00d6calan&#8217;\u0131n bar\u0131\u015f a\u00e7\u0131klamas\u0131na ili\u015fkin \u00f6rg\u00fctsel bir karar almak \u00fczere genel bir toplant\u0131 d\u00fczenlemesi bekleniyor. PKK Y\u00fcr\u00fctme Komitesi&#8217;nin T\u00fcrkiye ile ate\u015fkes ilan etmesi, \u00f6rg\u00fct\u00fcn h\u0131zla silahs\u0131zlanma ve kendini feshetme yoluna gidece\u011fi anlam\u0131na gelmiyor. Ge\u00e7mi\u015fte de PKK tek tarafl\u0131 olarak T\u00fcrkiye ile ate\u015fkes ilan etmi\u015f ve iki taraf K\u00fcrt bar\u0131\u015f in\u015fas\u0131 s\u00fcrecini ortakla\u015fa ilerletmek i\u00e7in bir\u00e7ok kez aleni veya gizli m\u00fczakereler y\u00fcr\u00fctm\u00fc\u015f, ancak m\u00fczakereler i\u00e7 ve d\u0131\u015f ko\u015fullardaki de\u011fi\u015fiklikler nedeniyle kesintiye u\u011fram\u0131\u015ft\u0131r. Bu nedenle, T\u00fcrk-K\u00fcrt bar\u0131\u015f s\u00fcrecinin yeni bir tura girme ihtimali konusunda ihtiyatl\u0131 bir iyimserlik i\u00e7inde olmal\u0131y\u0131z.<\/p>\n\n\n\n<p style=\"font-size:clamp(16.834px, 1.052rem + ((1vw - 3.2px) * 0.716), 26px);\">PKK&#8217;n\u0131n Suriye kolu T\u00fcrkiye taraf\u0131ndan y\u00fczeysel olarak yok edildi\u011fi g\u00fcnlerde, PKK&#8217;n\u0131n silahl\u0131 g\u00fc\u00e7leri ve lider kadrosu gizlice Kuzey Irak, Kuzeybat\u0131 \u0130ran ve Kuzeydo\u011fu Suriye&#8217;ye s\u0131zm\u0131\u015ft\u0131r. Bunlar aras\u0131nda Kuzey Irak&#8217;taki Kandil Da\u011flar\u0131 PKK&#8217;n\u0131n ana kamp\u0131 olarak kabul edilmektedir. D\u0131\u015f d\u00fcnya taraf\u0131ndan PKK ile ideolojik benzerlikleri oldu\u011funa inan\u0131lan ve PKK&#8217;n\u0131n do\u011frudan kolu olmayan Suriyeli K\u00fcrt silahl\u0131 g\u00fc\u00e7leri, T\u00fcrkiye taraf\u0131ndan ulusal g\u00fcvenli\u011fe ciddi bir tehdit olarak g\u00f6r\u00fclmektedir.<\/p>\n\n\n\n<p style=\"font-size:clamp(16.834px, 1.052rem + ((1vw - 3.2px) * 0.716), 26px);\">2011&#8217;de Ortado\u011fu&#8217;da patlak veren ayaklanmadan bu yana &#8220;Arap Bahar\u0131&#8221; olarak adland\u0131r\u0131lan s\u00fcre\u00e7 &#8220;Arap K\u0131\u015f\u0131 &#8220;na d\u00f6n\u00fc\u015ft\u00fc, ancak b\u00f6lgesel \u00e7alkant\u0131lar beklenmedik bir \u015fekilde s\u0131n\u0131r \u00f6tesi K\u00fcrt milliyet\u00e7i g\u00fc\u00e7lerinin geli\u015fmesi i\u00e7in bir f\u0131rsat sa\u011flad\u0131. B\u00f6lgesel \u00f6r\u00fcnt\u00fcdeki bu de\u011fi\u015fim baz\u0131 akademisyenler taraf\u0131ndan &#8220;K\u00fcrt Bahar\u0131&#8221; olarak adland\u0131r\u0131l\u0131yor, yani Orta Do\u011fu&#8217;da K\u00fcrt ulusunun hakim oldu\u011fu baz\u0131 devlet d\u0131\u015f\u0131 akt\u00f6rlerin siyasi g\u00fcc\u00fc \u00f6nemli \u00f6l\u00e7\u00fcde artt\u0131. Suriye&#8217;yi \u00f6rnek al\u0131rsak, Suriyeli K\u00fcrt silahl\u0131 g\u00fc\u00e7lerinin askeri g\u00fcc\u00fcn\u00fcn artmas\u0131 ve toprak kontrol\u00fcn\u00fc geni\u015fletmesi T\u00fcrk h\u00fck\u00fcmetinin b\u00fcy\u00fck ilgisini ve g\u00fcvenlik endi\u015felerini \u00e7ekmi\u015f, bu da T\u00fcrk-K\u00fcrt \u00e7at\u0131\u015fmas\u0131n\u0131 T\u00fcrkiye ile b\u00f6lgesel K\u00fcrt silahl\u0131 g\u00fc\u00e7leri aras\u0131nda bir \u00e7at\u0131\u015fmaya d\u00f6n\u00fc\u015ft\u00fcrm\u00fc\u015f ve T\u00fcrkiye ile ABD aras\u0131nda uzun vadeli anla\u015fmazl\u0131klar\u0131 ve \u00e7at\u0131\u015fmalar\u0131 tetiklemi\u015ftir. ABD ve T\u00fcrkiye, Suriyeli K\u00fcrt silahl\u0131 g\u00fc\u00e7lerinin stat\u00fcs\u00fc konusunda bug\u00fcne kadar \u00e7\u00f6z\u00fcme kavu\u015fturulamayan bir tart\u0131\u015fma ya\u015famaktad\u0131r. Aral\u0131k 2024&#8217;te, Suriye&#8217;de meydana gelen de\u011fi\u015fikliklerin ard\u0131ndan T\u00fcrkiye, Suriye&#8217;nin kuzeyindeki K\u00fcrt silahl\u0131 kontrol b\u00f6lgesindeki \u015fehirlere kar\u015f\u0131 askeri bir operasyon ba\u015flatmak i\u00e7in &#8220;\u00d6zg\u00fcrl\u00fck \u015eafa\u011f\u0131 Operasyonu &#8220;nun ba\u015flat\u0131lmas\u0131nda &#8220;Suriye Ulusal Ordusu &#8220;na derhal yard\u0131m etti. \u015eu ana kadar bu askeri operasyon Menbi\u00e7 ve Ti\u015frin&#8217;de hala devam ediyor ve T\u00fcrk h\u00fck\u00fcmet g\u00fc\u00e7leri insans\u0131z hava ara\u00e7lar\u0131 ve sava\u015f u\u00e7aklar\u0131n\u0131 K\u00fcrt silahl\u0131 mevzilerine bask\u0131nlar d\u00fczenlemek i\u00e7in kulland\u0131. Genel olarak Suriye K\u00fcrt silahl\u0131 g\u00fc\u00e7leri, PKK ile \u00f6rg\u00fctsel ve karar alma s\u00fcre\u00e7lerindeki ili\u015fkilerini kabul etmeyi reddediyor ve sadece \u00d6calan&#8217;\u0131n savundu\u011fu &#8220;demokratik konfederalizm&#8221; siyasi ideolojisiyle tutarl\u0131l\u0131klar\u0131n\u0131 kabul ediyor. Bu anla\u015fmazl\u0131k T\u00fcrkiye ve Suriyeli K\u00fcrt silahl\u0131 g\u00fc\u00e7lerinin siyasi bir uzla\u015fmaya varmas\u0131n\u0131 olduk\u00e7a zorla\u015ft\u0131rmaktad\u0131r.<\/p>\n\n\n\n<p style=\"font-size:clamp(16.834px, 1.052rem + ((1vw - 3.2px) * 0.716), 26px);\">\u00d6calan&#8217;\u0131n tarihi a\u00e7\u0131klamas\u0131, onlarca y\u0131ld\u0131r s\u00fcren T\u00fcrk-K\u00fcrt \u00e7at\u0131\u015fmas\u0131 i\u00e7in yeni bir uzla\u015fma fikri ve penceresi sunabilir, ancak evrim beklentileri hala bir\u00e7ok a\u00e7\u0131dan belirsizdir. Bu giri\u015fimin b\u00f6lgesel bar\u0131\u015f ve istikrara yeni bir ivme kazand\u0131r\u0131p kazand\u0131ramayaca\u011f\u0131, spesifik bar\u0131\u015f m\u00fczakerelerine ve konuya m\u00fcdahil taraflar\u0131n siyasi etkile\u015fimlerine ba\u011fl\u0131. Erdo\u011fan y\u00f6netimi s\u0131ras\u0131nda K\u00fcrt bar\u0131\u015f s\u00fcrecine ili\u015fkin \u00e7e\u015fitli uzla\u015fma giri\u015fimleri ba\u015flatm\u0131\u015f, ancak bunlar \u00e7e\u015fitli i\u00e7 ve d\u0131\u015f fakt\u00f6rler nedeniyle h\u00fcsrana u\u011fram\u0131\u015ft\u0131r. Bu nedenle \u00d6calan&#8217;\u0131n tarihi uzla\u015fma a\u00e7\u0131klamas\u0131 konusunda ihtiyatl\u0131 bir iyimserlik i\u00e7inde olmal\u0131y\u0131z.<\/p>\n\n\n\n<p style=\"font-size:clamp(16.834px, 1.052rem + ((1vw - 3.2px) * 0.716), 26px);\">Birincisi, PKK&#8217;n\u0131n lideri olarak \u00d6calan 20 y\u0131l\u0131 a\u015fk\u0131n bir s\u00fcredir hapiste. Mevcut kimli\u011fi esasen siyasi bir sembold\u00fcr ve PKK&#8217;n\u0131n karar alma mekanizmas\u0131 ve liderli\u011fi \u00fczerindeki ger\u00e7ek etkisi s\u0131n\u0131rl\u0131d\u0131r. \u00d6calan&#8217;\u0131n 1999&#8217;da tutuklanmas\u0131ndan bu yana PKK&#8217;n\u0131n \u00f6rg\u00fctsel sistemi, ideolojisi ve siyasi geli\u015fimi b\u00fcy\u00fck de\u011fi\u015fimler ge\u00e7irmi\u015ftir. Parti ideolojik olarak hala \u00d6calan&#8217;\u0131n siyasi \u00f6nermelerine ba\u011fl\u0131 olsa da, liderlik, karar alma ve \u00f6rg\u00fctlenme a\u00e7\u0131s\u0131ndan uzun s\u00fcredir \u00d6calan&#8217;\u0131n g\u00fc\u00e7 kontrol\u00fcnden \u00e7\u0131km\u0131\u015ft\u0131r. Bu nedenle, K\u00fcrtlerin siyasi bir sembol\u00fc olarak \u00d6calan&#8217;\u0131n a\u00e7\u0131klamas\u0131n\u0131n PKK&#8217;n\u0131n stratejik karar alma s\u00fcrecini ger\u00e7ekten etkileyip de\u011fi\u015ftiremeyece\u011fi belirsizdir. PKK liderli\u011fi \u00d6calan&#8217;\u0131n a\u00e7\u0131klamas\u0131na uysa, silah b\u0131raksa ve kendini la\u011fvetse bile, PKK i\u00e7indeki radikal ve a\u015f\u0131r\u0131 gruplar bunu uygulamay\u0131 reddedebilir ve T\u00fcrkiye&#8217;ye kar\u015f\u0131 silahl\u0131 direni\u015f \u00e7izgisini uygulamaya devam edebilir.<\/p>\n\n\n\n<p style=\"font-size:clamp(16.834px, 1.052rem + ((1vw - 3.2px) * 0.716), 26px);\">\u0130kinci olarak, \u00d6calan&#8217;\u0131n tarihi a\u00e7\u0131klamas\u0131n\u0131n T\u00fcrkiye ile Suriye K\u00fcrt silahl\u0131 g\u00fc\u00e7leri aras\u0131ndaki siyasi \u00e7\u0131kmaz\u0131, askeri \u00e7at\u0131\u015fmay\u0131 ve di\u011fer \u00e7eli\u015fkileri etkili bir \u015fekilde \u00e7\u00f6zmesi olas\u0131 de\u011fildir. \u00d6calan&#8217;\u0131n tarihi uzla\u015fma a\u00e7\u0131klamas\u0131n\u0131n hemen ard\u0131ndan Suriye K\u00fcrt Demokratik Birlik Partisi&#8217;nin \u00fcst d\u00fczey siyaset\u00e7ilerinden Salih M\u00fcslim, \u00d6calan&#8217;\u0131n uzla\u015fma a\u00e7\u0131klamas\u0131n\u0131n Suriye K\u00fcrt silahl\u0131 g\u00fc\u00e7lerinin silah b\u0131rakmas\u0131na yol a\u00e7mayaca\u011f\u0131n\u0131 iddia etti. &#8220;Suriye Demokratik G\u00fc\u00e7leri&#8221; ba\u015fkomutan\u0131 Mazlum Abdi de Suriyeli K\u00fcrt silahl\u0131 g\u00fc\u00e7lerinin askeri g\u00fc\u00e7lerini b\u0131rakaca\u011f\u0131n\u0131 reddetti. Son tahlilde, Suriye K\u00fcrt meselesi ve T\u00fcrkiye K\u00fcrt meselesi i\u00e7 i\u00e7e ge\u00e7mi\u015f ve birbiriyle ba\u011flant\u0131l\u0131 olmakla birlikte farkl\u0131 \u00fclkelerin etnik ve siyasi ihtilaflar\u0131na aittir ve Suriye K\u00fcrt silahl\u0131 g\u00fc\u00e7leri \u00d6calan&#8217;\u0131n d\u0131\u015far\u0131dan yapt\u0131\u011f\u0131 a\u00e7\u0131klamalara do\u011frudan itaat etmeyecektir.<\/p>\n\n\n\n<p style=\"font-size:clamp(16.834px, 1.052rem + ((1vw - 3.2px) * 0.716), 26px);\">\u00dc\u00e7\u00fcnc\u00fc olarak, Erdo\u011fan h\u00fck\u00fcmeti gizli kanallar arac\u0131l\u0131\u011f\u0131yla T\u00fcrkiye&#8217;deki K\u00fcrt bar\u0131\u015f s\u00fcrecinin yeni bir turunu te\u015fvik etmektedir ve siyasi niyetleri \u00e7ok boyutlu ve karma\u015f\u0131kt\u0131r. \u00d6calan taraf\u0131ndan bu kez yay\u0131nlanan uzla\u015fma bildirisi tesad\u00fcfi de\u011fil, Erdo\u011fan h\u00fck\u00fcmeti ile iktidar koalisyonu Adalet ve Kalk\u0131nma Partisi, Ulusal Hareket Partisi ve parlamentodaki ana muhalefet partisi Halklar\u0131n E\u015fitli\u011fi ve Demokratik Partisi aras\u0131ndaki siyasi m\u00fczakerelerin \u00f6nemli ba\u015fl\u0131klar\u0131ndan biri. K\u00fcrt bar\u0131\u015f s\u00fcreci m\u00fczakerelerinin bir \u00f6nceki turunun ba\u015far\u0131s\u0131zl\u0131kla sonu\u00e7lanmas\u0131n\u0131n ard\u0131ndan Erdo\u011fan h\u00fck\u00fcmeti, K\u00fcrt yanl\u0131s\u0131 Halklar\u0131n E\u015fitli\u011fi ve Demokratik Partisi&#8217;nin \u00fclkede onlarca y\u0131ld\u0131r devam eden \u015fiddetli \u00e7at\u0131\u015fmalar\u0131n sona erdirilmesi konusunda bir uzla\u015fmaya var\u0131lmas\u0131 amac\u0131yla \u00d6calan ile siyasi diyalogdan sorumlu olaca\u011f\u0131 yeni bir K\u00fcrt bar\u0131\u015f s\u00fcreci m\u00fczakerelerini te\u015fvik etmek i\u00e7in gizli kanallar\u0131 kullanmaya karar verdi. E\u011fer \u00d6calan bir uzla\u015fma bildirisi arac\u0131l\u0131\u011f\u0131yla T\u00fcrk h\u00fck\u00fcmeti ve PKK aras\u0131nda bir uzla\u015fma anla\u015fmas\u0131n\u0131 te\u015fvik edebilir ve PKK&#8217;n\u0131n silahl\u0131 m\u00fccadeleyi b\u0131rakmas\u0131n\u0131 sa\u011flayabilirse, \u00d6calan T\u00fcrk h\u00fck\u00fcmeti taraf\u0131ndan affedilecek ve hapisten \u00e7\u0131kt\u0131ktan sonra ya\u015fl\u0131l\u0131\u011f\u0131n\u0131n tad\u0131n\u0131 \u00e7\u0131karabilecektir.<\/p>\n\n\n\n<p style=\"font-size:clamp(16.834px, 1.052rem + ((1vw - 3.2px) * 0.716), 26px);\">Siyasi hedefler a\u00e7\u0131s\u0131ndan bak\u0131ld\u0131\u011f\u0131nda, Erdo\u011fan h\u00fck\u00fcmetinin K\u00fcrt bar\u0131\u015f s\u00fcrecinde yeni bir tur i\u00e7in bast\u0131rmas\u0131n\u0131n a\u015fa\u011f\u0131daki nedenleri vard\u0131r.<\/p>\n\n\n\n<p style=\"font-size:clamp(16.834px, 1.052rem + ((1vw - 3.2px) * 0.716), 26px);\">Birincisi, Erdo\u011fan h\u00fck\u00fcmeti K\u00fcrt meselesinin neden oldu\u011fu onlarca y\u0131ll\u0131k b\u00f6lgesel karga\u015fa ve \u00e7at\u0131\u015fmay\u0131 kapsaml\u0131 bir siyaset, diplomasi, askeri m\u00fcdahale ve m\u00fczakere yoluyla \u00e7\u00f6zmeye ve T\u00fcrkiye&#8217;nin toprak egemenli\u011fi ve ulusal g\u00fcvenlik gibi temel \u00e7\u0131karlar\u0131n\u0131 korumaya \u00e7al\u0131\u015f\u0131yor. K\u00fcrt meselesi, kurulu\u015fundan bu yana T\u00fcrkiye&#8217;de uzun s\u00fcredir devam eden bir etnik sorun haline gelmi\u015f, T\u00fcrk h\u00fck\u00fcmeti ile K\u00fcrt halk\u0131 aras\u0131nda onlarca y\u0131l s\u00fcren yabanc\u0131la\u015fma ve \u00e7at\u0131\u015fman\u0131n yan\u0131 s\u0131ra ekonomik ve sosyal kalk\u0131nmada paha bi\u00e7ilemez kay\u0131plara neden olmu\u015ftur. Bu nedenle, Erdo\u011fan h\u00fck\u00fcmeti bu kez PKK&#8217;n\u0131n \u00fcst d\u00fczey liderlerini silahl\u0131 m\u00fccadeleyi b\u0131rakmaya ve T\u00fcrk h\u00fck\u00fcmetiyle siyasi uzla\u015fmaya zorlamak i\u00e7in sert \u00f6nlemler ve yat\u0131\u015ft\u0131rma stratejilerinin bir kombinasyonunu kullanmaya \u00e7al\u0131\u015f\u0131yor. Kapsaml\u0131 uzla\u015fman\u0131n \u00f6d\u00fcl\u00fc olarak T\u00fcrkiye, K\u00fcrtlerin ulusal ve k\u00fclt\u00fcrel haklar\u0131n\u0131 korumak i\u00e7in g\u00fcneydo\u011fu b\u00f6lgesinde ekonomik yat\u0131r\u0131m ve kalk\u0131nma \u00f6l\u00e7e\u011fini geni\u015fletebilir.<\/p>\n\n\n\n<p style=\"font-size:clamp(16.834px, 1.052rem + ((1vw - 3.2px) * 0.716), 26px);\">\u0130kincisi, Erdo\u011fan h\u00fck\u00fcmeti yeni tur K\u00fcrt bar\u0131\u015f s\u00fcreci m\u00fczakereleri yoluyla Halklar\u0131n E\u015fitli\u011fi ve Demokratik Partisi ile siyasi i\u015fbirli\u011fini g\u00fc\u00e7lendirmeye \u00e7al\u0131\u015fmakta ve bir sonraki tur anayasa de\u011fi\u015fiklikleri ve ulusal se\u00e7imler i\u00e7in siyasi zemin haz\u0131rlamaktad\u0131r. Erdo\u011fan son anayasa de\u011fi\u015fikli\u011fi turunda bir ba\u015fkanl\u0131k cumhuriyeti kurarak T\u00fcrkiye&#8217;yi parlamenter devletten cumhuriyet devletine d\u00f6n\u00fc\u015ft\u00fcrd\u00fc. Erdo\u011fan siyasi \u00f6mr\u00fcn\u00fc uzatmak i\u00e7in yeni bir anayasa de\u011fi\u015fikli\u011fi aray\u0131\u015f\u0131nda olabilir. Ancak son y\u0131llarda AKP h\u00fck\u00fcmeti ulusal y\u00f6neti\u015fim ve ekonomik kalk\u0131nma gibi konularda k\u00f6t\u00fc bir performans sergileyerek partinin son genel se\u00e7imlerde ve yerel se\u00e7imlerde performans\u0131n\u0131n d\u00fc\u015fmesine neden oldu. E\u015fitlik ve Demokrasi Partisi, Cumhuriyet Halk Partisi ile siyasi ittifak\u0131n\u0131 g\u00fc\u00e7lendirirse, Erdo\u011fan&#8217;\u0131n bir sonraki anayasa de\u011fi\u015fikli\u011fi turunu ba\u015far\u0131l\u0131 bir \u015fekilde engelleyebilir ve b\u00f6ylece T\u00fcrkiye&#8217;nin en \u00fcst d\u00fczey lideri olarak siyasi hayat\u0131n\u0131 sona erdirebilir. Bu nedenle, Erdo\u011fan h\u00fck\u00fcmeti bu kez K\u00fcrt bar\u0131\u015f s\u00fcrecini destekliyor, \u00fclkedeki me\u015fru K\u00fcrt yanl\u0131s\u0131 siyasi partilere belirli siyasi \u00e7\u0131karlar sa\u011flamaya \u00e7al\u0131\u015f\u0131yor ve K\u00fcrtlerin siyasi, k\u00fclt\u00fcrel ve etnik haklar\u0131n\u0131n korunmas\u0131n\u0131 g\u00fc\u00e7lendirme s\u00f6z\u00fc veriyor. \u00d6calan ve PKK&#8217;n\u0131n silahl\u0131 kanad\u0131 bu siyasi \u00e7\u0131kar oyununun \u00f6nemli satran\u00e7 ta\u015flar\u0131 ve konular\u0131d\u0131r.<\/p>\n\n\n\n<p style=\"font-size:clamp(16.834px, 1.052rem + ((1vw - 3.2px) * 0.716), 26px);\">\u00dc\u00e7\u00fcnc\u00fcs\u00fc, Erdo\u011fan h\u00fck\u00fcmeti K\u00fcrt meselesini bar\u0131\u015f\u00e7\u0131l bir \u015fekilde \u00e7\u00f6zerken b\u00f6lgesel kalk\u0131nma i\u015fbirli\u011fi ve g\u00fcvenlik gibi ilgili g\u00fcndemleri de tam olarak dikkate alm\u0131\u015f ve Suriye ve Irak gibi farkl\u0131 siyasi akt\u00f6rlerle m\u00fczakere ve pazarl\u0131klar\u0131 g\u00fc\u00e7lendirmi\u015ftir. K\u00fcrt meselesi sadece T\u00fcrkiye&#8217;nin siyasi ve ulusal haklar meselesi de\u011fil, ayn\u0131 zamanda b\u00f6lgesel siyaset ve uluslararas\u0131 ili\u015fkileri de ilgilendiren bir konudur. Erdo\u011fan h\u00fck\u00fcmetinin te\u015fvik etmeye \u00e7al\u0131\u015ft\u0131\u011f\u0131 yeni K\u00fcrt bar\u0131\u015f s\u00fcreci, Kuzey Irak&#8217;ta PKK&#8217;n\u0131n silahl\u0131 gruplar\u0131yla ya\u015fanan askeri \u00e7at\u0131\u015fman\u0131n ba\u015far\u0131l\u0131 bir \u015fekilde \u00e7\u00f6z\u00fclmesi halinde, &#8220;Kalk\u0131nma Yolu&#8221; \u00fczerinde T\u00fcrkiye ve Irak aras\u0131nda b\u00f6lgesel altyap\u0131 ba\u011flant\u0131s\u0131 i\u00e7in bir ekonomik koridorun in\u015fas\u0131n\u0131 h\u0131zland\u0131rabilir. B\u00f6lgesel i\u015fbirli\u011fi ve kalk\u0131nma a\u00e7\u0131s\u0131ndan bak\u0131ld\u0131\u011f\u0131nda, PKK&#8217;n\u0131n stat\u00fcs\u00fc T\u00fcrkiye&#8217;nin g\u00fcneydo\u011fusunda ve Irak&#8217;\u0131n kuzeyinde huzursuzlu\u011fa neden olmu\u015f ve T\u00fcrkiye ile Irak&#8217;\u0131n b\u00f6lgesel i\u015fbirli\u011fini, ekonomik koridorlar\u0131 ve altyap\u0131 ba\u011flant\u0131lar\u0131n\u0131 ortakla\u015fa te\u015fvik etmelerinin \u00f6n\u00fcnde b\u00fcy\u00fck engeller olu\u015fturmu\u015ftur. Ayr\u0131ca uluslararas\u0131 yat\u0131r\u0131mc\u0131lar\u0131 cayd\u0131rm\u0131\u015f ve g\u00fcvenlik riskleri konusunda \u015f\u00fcpheci olmalar\u0131na neden olmu\u015ftur. Ayn\u0131 zamanda K\u00fcrt bar\u0131\u015f s\u00fcrecinin ilerlemesi Suriyeli K\u00fcrt silahl\u0131 g\u00fc\u00e7lerinin siyasi stat\u00fcs\u00fcn\u00fcn zay\u0131flamas\u0131na da yard\u0131mc\u0131 olacakt\u0131r. T\u00fcrkiye, ABD, Suriye ge\u00e7i\u015f h\u00fck\u00fcmeti ve di\u011fer \u00fclkelerle g\u00fc\u00e7lerini birle\u015ftirerek Suriye K\u00fcrt silahl\u0131 kuvvetlerini bar\u0131\u015f\u00e7\u0131l yollarla silahs\u0131zland\u0131rmaya zorlayabilir ya da Suriye K\u00fcrt silahl\u0131 kuvvetleri ile Suriye ge\u00e7i\u015f h\u00fck\u00fcmetini bar\u0131\u015f\u00e7\u0131l bir yeniden birle\u015fme i\u00e7in siyasi bir \u00e7\u00f6z\u00fcme ula\u015fmaya te\u015fvik edebilirse, bu ayn\u0131 zamanda Suriye bar\u0131\u015f s\u00fcrecinin in\u015fas\u0131n\u0131 da b\u00fcy\u00fck \u00f6l\u00e7\u00fcde ilerletecek ve bu da sadece b\u00f6lgesel bar\u0131\u015f, istikrar ve g\u00fcvenli\u011fin g\u00fc\u00e7lendirilmesine yard\u0131mc\u0131 olmakla kalmayacak, ayn\u0131 zamanda Do\u011fu Akdeniz b\u00f6lgesinde enerji, altyap\u0131, ulusal yeniden yap\u0131lanma ve benzeri alanlarda i\u015fbirli\u011fi g\u00fcndemini de geli\u015ftirecektir.<\/p>\n\n\n\n<p style=\"font-size:clamp(16.834px, 1.052rem + ((1vw - 3.2px) * 0.716), 26px);\">K\u0131sacas\u0131, PKK lideri \u00d6calan taraf\u0131ndan yap\u0131lan tarihi a\u00e7\u0131klama, K\u00fcrt bar\u0131\u015f s\u00fcreci m\u00fczakerelerinin yeni bir turunun te\u015fvik edilmesinde \u00f6nemli bir olumlu role ve sembolik \u00f6neme sahiptir ve Erdo\u011fan h\u00fck\u00fcmetinin T\u00fcrkiye ile K\u00fcrtler aras\u0131nda on y\u0131llard\u0131r s\u00fcren \u00e7at\u0131\u015fmay\u0131 bar\u0131\u015f ve m\u00fczakere yoluyla sona erdirmeye \u00e7al\u0131\u015ft\u0131\u011f\u0131n\u0131 g\u00f6stermektedir. Ancak \u00d6calan&#8217;\u0131n a\u00e7\u0131klamas\u0131n\u0131n pratik etkisi s\u0131n\u0131rl\u0131d\u0131r. T\u00fcrkiye ve ilgili taraflar\u0131n kesin bir bar\u0131\u015f m\u00fczakeresi sonucuna ula\u015f\u0131p ula\u015famayacaklar\u0131 hala t\u00fcm taraflar\u0131n \u00e7\u0131karlar\u0131na ve siyasi m\u00fczakerelerin ger\u00e7ek sonu\u00e7lar\u0131na ba\u011fl\u0131d\u0131r. Mevcut b\u00f6lgesel ortam a\u00e7\u0131s\u0131ndan bak\u0131ld\u0131\u011f\u0131nda, PKK silahl\u0131 grubunun ya\u015fam alan\u0131 giderek daralmakta ve Suriyeli K\u00fcrt silahl\u0131 g\u00fc\u00e7leri i\u00e7in d\u0131\u015f destek ortam\u0131 zay\u0131flamaktad\u0131r. Jeopolitik ortamdaki bu de\u011fi\u015fiklikler, T\u00fcrkiye&#8217;nin K\u00fcrt meselesini bar\u0131\u015f\u00e7\u0131l yollarla \u00e7\u00f6zmesini olumlu y\u00f6nde etkilemektedir.<\/p>\n\n\n\n<p style=\"font-size:clamp(16.834px, 1.052rem + ((1vw - 3.2px) * 0.716), 26px);\">Ayn\u0131 zamanda, d\u0131\u015f g\u00fc\u00e7lerin K\u00fcrt ba\u011f\u0131ms\u0131zl\u0131k hareketine verdi\u011fi destek de azalmaktad\u0131r. ABD&#8217;nin ba\u015f\u0131n\u0131 \u00e7ekti\u011fi Bat\u0131l\u0131 \u00fclkeler Suriye&#8217;deki durum de\u011fi\u015ftikten sonra bekleyip g\u00f6rmeyi tercih etti. T\u00fcrkiye&#8217;nin \u00fcst\u00fcnl\u00fck sa\u011flad\u0131\u011f\u0131n\u0131 g\u00f6rd\u00fcklerinde, K\u00fcrdistan \u0130\u015f\u00e7i Partisi&#8217;ne verdikleri deste\u011fi azaltt\u0131lar.<\/p>\n\n\n\n<p style=\"font-size:clamp(16.834px, 1.052rem + ((1vw - 3.2px) * 0.716), 26px);\">T\u00fcm bu fakt\u00f6rler bir araya gelince \u00d6calan durumun umutsuz oldu\u011funu fark etti. Hapishanede \u00f6lmeyi beklemek yerine, T\u00fcrk h\u00fck\u00fcmetiyle uzla\u015fmak ve her \u015fey geri d\u00f6n\u00fclmez hale gelmeden \u00f6nce kay\u0131plar\u0131 zaman\u0131nda durdurmak daha iyi olacakt\u0131. Belki de sonraki y\u0131llar\u0131n\u0131 d\u0131\u015far\u0131da huzur i\u00e7inde ge\u00e7irebilirdi.<\/p>\n\n\n\n<p style=\"font-size:clamp(16.834px, 1.052rem + ((1vw - 3.2px) * 0.716), 26px);\">\u00d6calan&#8217;\u0131n a\u00e7\u0131klamas\u0131na Irak K\u00fcrt \u00d6zerk B\u00f6lgesi&#8217;nden yan\u0131t gecikmedi. K\u00fcrt Ba\u015fkan Barzani, bar\u0131\u015f\u0131 kucaklaman\u0131n zaman\u0131n\u0131n geldi\u011fini ve m\u00fccadeleyi s\u00fcrd\u00fcrmenin kimseye fayda sa\u011flamayaca\u011f\u0131n\u0131 s\u00f6yledi. B\u00f6lgedeki durum \u015fiddet yerine diyalog yoluyla istikrara kavu\u015fturulmal\u0131d\u0131r.<\/p>\n\n\n\n<p style=\"font-size:clamp(16.834px, 1.052rem + ((1vw - 3.2px) * 0.716), 26px);\">Suriye&#8217;de yerle\u015fik K\u00fcrt silahl\u0131 g\u00fc\u00e7leri Suriye Demokratik G\u00fc\u00e7leri de bu geli\u015fmeyi memnuniyetle kar\u015f\u0131layarak \u00d6calan&#8217;\u0131n a\u00e7\u0131klamas\u0131n\u0131n olumlu bir sinyal oldu\u011funu belirttiler.<\/p>\n\n\n\n<p style=\"font-size:clamp(16.834px, 1.052rem + ((1vw - 3.2px) * 0.716), 26px);\">Suriye Demokratik G\u00fc\u00e7leri PKK&#8217;n\u0131n \u00f6nemli bir kolu ve T\u00fcrk h\u00fck\u00fcmet g\u00fc\u00e7lerinin ana hedefi. PKK ile T\u00fcrkiye&#8217;nin bar\u0131\u015fmas\u0131 halinde PKK&#8217;n\u0131n Suriye Demokratik G\u00fc\u00e7leri&#8217;ne sald\u0131rmaya devam etmesi i\u00e7in bir neden kalmayaca\u011f\u0131na inan\u0131yorlar ancak bu silahlar\u0131n\u0131 b\u0131rakacaklar\u0131 anlam\u0131na gelmiyor.<\/p>\n\n\n\n<p style=\"font-size:clamp(16.834px, 1.052rem + ((1vw - 3.2px) * 0.716), 26px);\">Suriyeli K\u00fcrt silahl\u0131 g\u00fc\u00e7lerinin m\u00fcttefiki olan Amerika Birle\u015fik Devletleri de uzla\u015fmaya destek verdi\u011fini a\u00e7\u0131klad\u0131. Amerika Birle\u015fik Devletleri ve T\u00fcrkiye bu konuda uzun y\u0131llard\u0131r anla\u015fmazl\u0131k ya\u015f\u0131yor. Amerika Birle\u015fik Devletleri T\u00fcrkiye ile ili\u015fkilerini yumu\u015fatmay\u0131 umuyor. Ayr\u0131ca Suriye&#8217;deki durum da aniden de\u011fi\u015fti. Trump bu batakl\u0131\u011fa saplanmak istemiyor, bu nedenle T\u00fcrkiye ile K\u00fcrdistan \u0130\u015f\u00e7i Partisi aras\u0131ndaki uzla\u015fmay\u0131 memnuniyetle kar\u015f\u0131l\u0131yor. Avrupa \u00fclkeleri de \u00d6calan&#8217;\u0131n a\u00e7\u0131klamas\u0131n\u0131 memnuniyetle kar\u015f\u0131lad\u0131. As\u0131l kritik olan Erdo\u011fan&#8217;\u0131n tavr\u0131. Erdo\u011fan bu y\u0131l\u0131n ba\u015f\u0131nda PKK&#8217;ya silah b\u0131rakma \u00e7a\u011fr\u0131s\u0131 yapt\u0131.<\/p>\n\n\n\n<p style=\"font-size:clamp(16.834px, 1.052rem + ((1vw - 3.2px) * 0.716), 26px);\">T\u00fcrkiye&#8217;nin iktidar partisinin genel ba\u015fkan yard\u0131mc\u0131s\u0131 Efgan Ala &nbsp;da K\u00fcrt meselesinin T\u00fcrkiye i\u00e7in her zaman b\u00fcy\u00fck bir endi\u015fe kayna\u011f\u0131 oldu\u011funu s\u00f6yledi. E\u011fer bu sorun bar\u0131\u015f\u00e7\u0131l bir \u015fekilde \u00e7\u00f6z\u00fclebilirse, uzun y\u0131llar\u0131n prangalar\u0131ndan kurtulmu\u015f say\u0131labilir. Bir\u00e7ok silahl\u0131 K\u00fcrt grubunun oldu\u011funu ve \u0130\u015f\u00e7i Partisi&#8217;nin bunlardan sadece biri oldu\u011funu belirtmek gerekir. E\u011fer onlar silahs\u0131zlan\u0131rsa, T\u00fcrk h\u00fck\u00fcmeti di\u011fer radikal silahl\u0131 gruplarla u\u011fra\u015fmaya odaklanabilir. Erdo\u011fan&#8217;\u0131n dedi\u011fi gibi, e\u011fer PKK ger\u00e7ekten me\u015fru bir siyasi parti olarak faaliyet g\u00f6sterebilir ve art\u0131k iktidar\u0131 zorla ele ge\u00e7irmeyi planlamazsa, o zaman 85 milyon T\u00fcrk kazanacakt\u0131r.<\/p>\n","protected":false},"excerpt":{"rendered":"<p>\u00d6calan Neden PKK Da\u011f\u0131t\u0131lmal\u0131 \u00c7a\u011fr\u0131s\u0131 Yapt\u0131? D\u00fcnya ve \u00c7in Bas\u0131n\u0131ndan Yorumlar Rojat Kaya K\u00fcrdistan \u0130\u015f\u00e7i Partisi (PKK) lideri neden silah b\u0131rakma \u00e7a\u011fr\u0131s\u0131 yapt\u0131? 2025-02-28 K\u00fcrdistan \u0130\u015f\u00e7i Partisi lideri Abdullah \u00d6calan, 27 \u015eubat 2025 tarihinde yerel saatle Diyarbak\u0131r&#8217;da yapt\u0131\u011f\u0131 konu\u015fmada \u00f6rg\u00fct\u00fc da\u011f\u0131lmaya ve silahs\u0131zlanmaya \u00e7a\u011f\u0131rd\u0131. \u00c7in CCTV&#8217;nin haberine g\u00f6re, yerel saatle 27 \u015eubat&#8217;ta T\u00fcrkiye Parlamentosu&#8217;nun \u00fc\u00e7\u00fcnc\u00fc [&hellip;]<\/p>\n","protected":false},"author":1,"featured_media":0,"comment_status":"open","ping_status":"open","sticky":false,"template":"","format":"standard","meta":{"_monsterinsights_skip_tracking":false,"_monsterinsights_sitenote_active":false,"_monsterinsights_sitenote_note":"","_monsterinsights_sitenote_category":0,"footnotes":""},"categories":[49,20,5,51,91,53,4],"tags":[],"class_list":["post-5283","post","type-post","status-publish","format-standard","hentry","category-arsiv-tr","category-arsiv","category-dunya-sosyalizmi","category-dunya-sosyalizmi-tr","category-kurtler","category-turkiye-sosyalizmi-tr","category-turkiye-sosyalizmi"],"blocksy_meta":[],"_links":{"self":[{"href":"https:\/\/marksizm.org.tr\/index.php?rest_route=\/wp\/v2\/posts\/5283","targetHints":{"allow":["GET"]}}],"collection":[{"href":"https:\/\/marksizm.org.tr\/index.php?rest_route=\/wp\/v2\/posts"}],"about":[{"href":"https:\/\/marksizm.org.tr\/index.php?rest_route=\/wp\/v2\/types\/post"}],"author":[{"embeddable":true,"href":"https:\/\/marksizm.org.tr\/index.php?rest_route=\/wp\/v2\/users\/1"}],"replies":[{"embeddable":true,"href":"https:\/\/marksizm.org.tr\/index.php?rest_route=%2Fwp%2Fv2%2Fcomments&post=5283"}],"version-history":[{"count":2,"href":"https:\/\/marksizm.org.tr\/index.php?rest_route=\/wp\/v2\/posts\/5283\/revisions"}],"predecessor-version":[{"id":5289,"href":"https:\/\/marksizm.org.tr\/index.php?rest_route=\/wp\/v2\/posts\/5283\/revisions\/5289"}],"wp:attachment":[{"href":"https:\/\/marksizm.org.tr\/index.php?rest_route=%2Fwp%2Fv2%2Fmedia&parent=5283"}],"wp:term":[{"taxonomy":"category","embeddable":true,"href":"https:\/\/marksizm.org.tr\/index.php?rest_route=%2Fwp%2Fv2%2Fcategories&post=5283"},{"taxonomy":"post_tag","embeddable":true,"href":"https:\/\/marksizm.org.tr\/index.php?rest_route=%2Fwp%2Fv2%2Ftags&post=5283"}],"curies":[{"name":"wp","href":"https:\/\/api.w.org\/{rel}","templated":true}]}}