{"id":5437,"date":"2025-04-28T10:54:47","date_gmt":"2025-04-28T10:54:47","guid":{"rendered":"https:\/\/marksizm.org.tr\/?p=5437"},"modified":"2025-04-28T11:01:13","modified_gmt":"2025-04-28T11:01:13","slug":"hindistan-kp-marksist-nisan-2025-kongre-degerlendirmeleri-ve-kararlari","status":"publish","type":"post","link":"https:\/\/marksizm.org.tr\/?p=5437","title":{"rendered":"Hindistan KP (Marksist) Nisan 2025 Kongre De\u011ferlendirmeleri ve Kararlar\u0131"},"content":{"rendered":"\n<h1 class=\"wp-block-heading\">Hindistan KP (Marksist) Devrimci D\u00f6n\u00fc\u015f\u00fcm \u0130\u00e7in Kitle Ba\u011flar\u0131m\u0131z\u0131 G\u00fc\u00e7lendirelim: Hindistan KP (Marksist) Nisan 2025 Kongre De\u011ferlendirmeleri\u00a0ve\u00a0Kararlar\u0131<\/h1>\n\n\n\n<h4 class=\"wp-block-heading\"><strong>Hindistan\u2019daki Mevcut Siyasi G\u00fc\u00e7lerin Bug\u00fcnk\u00fc Durumu<\/strong><\/h4>\n\n\n\n<p style=\"font-size:clamp(16.834px, 1.052rem + ((1vw - 3.2px) * 0.716), 26px);\"><strong>Nisan 2025<\/strong><\/p>\n\n\n\n<figure class=\"wp-block-image aligncenter size-large\"><img loading=\"lazy\" decoding=\"async\" width=\"1024\" height=\"538\" src=\"https:\/\/marksizm.org.tr\/wp-content\/uploads\/2025\/04\/image-1024x538.png\" alt=\"\" class=\"wp-image-5438\" srcset=\"https:\/\/marksizm.org.tr\/wp-content\/uploads\/2025\/04\/image-1024x538.png 1024w, https:\/\/marksizm.org.tr\/wp-content\/uploads\/2025\/04\/image-300x158.png 300w, https:\/\/marksizm.org.tr\/wp-content\/uploads\/2025\/04\/image-768x403.png 768w, https:\/\/marksizm.org.tr\/wp-content\/uploads\/2025\/04\/image.png 1200w\" sizes=\"auto, (max-width: 1024px) 100vw, 1024px\" \/><\/figure>\n\n\n\n<p style=\"font-size:clamp(16.834px, 1.052rem + ((1vw - 3.2px) * 0.716), 26px);\"><strong>Modi liderli\u011findeki Halk Partisi&#8217;nin <\/strong>(BJP) <strong>Durumu ve Se\u00e7im Sonu\u00e7lar\u0131<\/strong><\/p>\n\n\n\n<p style=\"font-size:clamp(16.834px, 1.052rem + ((1vw - 3.2px) * 0.716), 26px);\">Modi liderli\u011findeki Halk Partisi (BJP), son Lok SabhaGenel se\u00e7imlerinde 240 sandalye kazanarak bir \u00f6nceki se\u00e7ime g\u00f6re gerileme ya\u015fad\u0131.<\/p>\n\n\n\n<p style=\"font-size:clamp(16.834px, 1.052rem + ((1vw - 3.2px) * 0.716), 26px);\"><strong>(\u00c7N: Lok Sabha (Hindistan Halk Meclisi), Hindistan&#8217;\u0131n iki meclisli parlamentosunun alt kanad\u0131 olan ve halk taraf\u0131ndan se\u00e7ilen milletvekillerinden olu\u015fan meclistir. Hindistan&#8217;daki yasama yetkisini, birlikte \u00e7al\u0131\u015ft\u0131\u011f\u0131 Rajya Sabha (Hindistan Konseyi) ile payla\u015f\u0131r. Lok Sabha, yasalar\u0131n kabul\u00fc, h\u00fck\u00fcmetin denetlenmesi ve halk\u0131n temsilinin sa\u011flanmas\u0131nda \u00f6nemli bir rol oynar.)<\/strong><\/p>\n\n\n\n<p style=\"font-size:clamp(16.834px, 1.052rem + ((1vw - 3.2px) * 0.716), 26px);\">Ancak bu zay\u0131flama durumunu do\u011fru bir ba\u011flamda de\u011ferlendirmek gerekir. BJP&#8217;nin oy oran\u0131 2019 se\u00e7imlerine k\u0131yasla sadece %1,1 oran\u0131nda azald\u0131. Modi\u2019nin Partisi, Odisha gibi eyaletlerde \u00f6nemli kazan\u0131mlar elde etti; buradaki eyalet se\u00e7imlerinde 21 sandalyenin 20&#8217;sini alarak b\u00fcy\u00fck bir zafer kazand\u0131 ve eyalet meclisi se\u00e7imlerini de ilk kez kazanarak h\u00fck\u00fcmeti kurdu. Ayr\u0131ca g\u00fcney eyaletlerinde de oy oranlar\u0131n\u0131 art\u0131rarak ilerleme kaydetti. Haryana&#8217;daki meclis se\u00e7imlerindeki zaferi ve Maharashtra&#8217;daki BJP liderli\u011findeki ittifak\u0131n ba\u015far\u0131s\u0131, partinin toparlanma ve \u00f6nceki kay\u0131plar\u0131n\u0131 telafi etme kapasitesine sahip oldu\u011funu g\u00f6stermektedir.<\/p>\n\n\n\n<p style=\"font-size:clamp(16.834px, 1.052rem + ((1vw - 3.2px) * 0.716), 26px);\">Modi\u2019nin partisi BJP ve onun m\u00fcttefiki sokak g\u00fcc\u00fcn\u00fc temsil eden fa\u015fizan milis g\u00fc\u00e7lere sahip olan RSS ile m\u00fccadele etmek, onu tecrit etmek ve yenilgiye u\u011fratmak i\u00e7in t\u00fcm laik ve demokratik g\u00fc\u00e7leri birle\u015ftirmek gerekiyor.&nbsp;<\/p>\n\n\n\n<p style=\"font-size:clamp(16.834px, 1.052rem + ((1vw - 3.2px) * 0.716), 26px);\">H\u00fck\u00fcmetin Sokak g\u00fcc\u00fcn\u00fc temsil eden RSS \u00f6rg\u00fct\u00fc (Rashtriya Swayamsevak Sangh), Modi\u2019nin partisinin ideolojik ve \u00f6rg\u00fctsel temelini olu\u015fturmaya devam etmekte ve bu iki yap\u0131 aras\u0131ndaki koordinasyon g\u00fc\u00e7lenmektedir. Modi-Shah ikilisi, parti \u00fczerindeki hakimiyetini ve merkezi g\u00fcc\u00fc elinde tutmay\u0131 s\u00fcrd\u00fcrmektedir.<\/p>\n\n\n\n<p style=\"font-size:clamp(16.834px, 1.052rem + ((1vw - 3.2px) * 0.716), 26px);\"><strong>Muhalif Kongre Partisi&#8217;nin Konumu<\/strong><\/p>\n\n\n\n<p style=\"font-size:clamp(16.834px, 1.052rem + ((1vw - 3.2px) * 0.716), 26px);\">Kongre Partisi, INDIA ittifak\u0131ndaki ortaklar\u0131n\u0131n da katk\u0131s\u0131yla Lok Sabha&#8217;daki sandalye say\u0131s\u0131n\u0131 44&#8217;ten 100&#8217;e \u00e7\u0131karmay\u0131 ba\u015fard\u0131. \u00dclke genelindeki M\u00fcsl\u00fcman az\u0131nl\u0131\u011f\u0131n deste\u011fini \u00f6nemli \u00f6l\u00e7\u00fcde arkas\u0131na ald\u0131. Ancak Kongre&#8217;nin genel destek taban\u0131nda kayda de\u011fer bir geni\u015fleme olmad\u0131. Kuzeydeki Rajasthan, Madhya Pradesh, Chhattisgarh ve Haryana gibi eyaletlerdeki meclis se\u00e7imlerinde yenilgiler ya\u015fad\u0131. Punjab, Odisha ve Assam gibi eyaletlerde ise g\u00fcc\u00fc azald\u0131. Buna kar\u015f\u0131l\u0131k, g\u00fcneyde Karnataka ve Telangana&#8217;da meclis se\u00e7imlerini kazanarak eyalet h\u00fck\u00fcmetlerini kurdu ve kazan\u0131mlar elde etti.<\/p>\n\n\n\n<p style=\"font-size:clamp(16.834px, 1.052rem + ((1vw - 3.2px) * 0.716), 26px);\">Kongre, ekonomi politikalar\u0131nda belirgin bir y\u00f6n de\u011fi\u015fikli\u011fine gitmedi. Yanda\u015f Kay\u0131rmac\u0131 kapitalizme (kronizm) kar\u015f\u0131 baz\u0131 s\u00f6ylemler geli\u015ftirse de, bu t\u00fcr ili\u015fkileri besleyen neoliberal politikalara ba\u011fl\u0131 kalmaya devam ediyor. Ulusal liderlik, Hindutva g\u00fcndemine kar\u015f\u0131 daha net bir tav\u0131r alsa da, BJP ve m\u00fcttefiklerinin sald\u0131r\u0131lar\u0131 kar\u015f\u0131s\u0131nda zaman zaman teredd\u00fct ve uzla\u015fma e\u011filimleri g\u00f6sterebiliyor. Kongre Partisi, temel olarak iktidardaki BJP ile ayn\u0131 s\u0131n\u0131f \u00e7\u0131karlar\u0131n\u0131 temsil etmektedir. Ancak, ana laik muhalefet partisi olmas\u0131 nedeniyle, BJP&#8217;ye kar\u015f\u0131 m\u00fccadelede ve laik g\u00fc\u00e7lerin daha geni\u015f bir birli\u011fini olu\u015fturmada \u00f6nemli bir role sahiptir. Partimizin Kongre Partisine yakla\u015f\u0131m\u0131, bu geni\u015f laik g\u00fc\u00e7lerin birli\u011finin ihtiyac\u0131 temelinde \u015fekillenecektir, ancak partimiz Kongre Partisi ile do\u011frudan bir siyasi ittifak kurmayacakt\u0131r.<\/p>\n\n\n\n<p style=\"font-size:clamp(16.834px, 1.052rem + ((1vw - 3.2px) * 0.716), 26px);\"><strong>B\u00f6lgesel Partilerin Durumu<\/strong><\/p>\n\n\n\n<p style=\"font-size:clamp(16.834px, 1.052rem + ((1vw - 3.2px) * 0.716), 26px);\">Hindistan&#8217;daki b\u00f6lgesel partiler genel olarak \u00fc\u00e7 grupta toplanabilir:<\/p>\n\n\n\n<ol class=\"wp-block-list\" start=\"1\">\n<li style=\"font-size:clamp(16.834px, 1.052rem + ((1vw - 3.2px) * 0.716), 26px);\"><strong>BJP H\u00fck\u00fcmeti Kar\u015f\u0131t\u0131 Partiler:<\/strong> DMK, SP, RJD, NCP, AAP ve JMM gibi partiler tutarl\u0131 bir \u015fekilde BJP&#8217;ye kar\u015f\u0131 konumlanmaktad\u0131r.<\/li>\n\n\n\n<li style=\"font-size:clamp(16.834px, 1.052rem + ((1vw - 3.2px) * 0.716), 26px);\"><strong>BJP H\u00fck\u00fcmeti M\u00fcttefiki Partiler:<\/strong> JD(U), TDP, JD(S), AGP, Jana Sena gibi partiler BJP ile ittifak yaparak NDA (Ulusal Demokratik) \u0130ttifak\u0131 i\u00e7inde yer almaktad\u0131r.<\/li>\n\n\n\n<li style=\"font-size:clamp(16.834px, 1.052rem + ((1vw - 3.2px) * 0.716), 26px);\"><strong>De\u011fi\u015fken Tutumlu Partiler:<\/strong> BJD, AIADMK ve YSRCP gibi partiler, kendi eyaletlerinde iktidardayken iktidar partisi BJP\u2019ye kar\u015f\u0131 veya merkezi h\u00fck\u00fcmete kar\u015f\u0131 net bir muhalefet sergilememi\u015ftir. BRS ise ba\u015flang\u0131\u00e7ta merkeze destek verse de, Telangana&#8217;da BJP tehdidini fark edince tutumunu de\u011fi\u015ftirmi\u015ftir. Bu gruptaki \u00fc\u00e7 partinin de son eyalet se\u00e7imlerinde iktidar\u0131 kaybetti\u011fi unutulmamal\u0131d\u0131r.<\/li>\n<\/ol>\n\n\n\n<p style=\"font-size:clamp(16.834px, 1.052rem + ((1vw - 3.2px) * 0.716), 26px);\">Bat\u0131 Bengal&#8217;deki Trinamool Kongresi (TMC), kom\u00fcnizm kar\u015f\u0131t\u0131, yolsuzluk ve su\u00e7la i\u00e7 i\u00e7e ge\u00e7mi\u015f otokratik bir yap\u0131ya sahiptir. Se\u00e7imlerde iktidar partisi BJP&#8217;ye kar\u015f\u0131 dursa da, Bizi ve Sol ittifak\u0131 zay\u0131flatmak i\u00e7in bu eyalette TMC-BJP ikili\u011fini s\u00fcrd\u00fcrmeye \u00e7al\u0131\u015fmaktad\u0131r.<\/p>\n\n\n\n<p style=\"font-size:clamp(16.834px, 1.052rem + ((1vw - 3.2px) * 0.716), 26px);\">BJP h\u00fck\u00fcmeti kar\u015f\u0131t\u0131 b\u00f6lgesel partiler, geni\u015f muhalefet birli\u011finin olu\u015fmas\u0131nda kritik bir rol oynam\u0131\u015ft\u0131r ve bu rolleri \u00f6n\u00fcm\u00fczdeki d\u00f6nemde de devam edecektir.<\/p>\n\n\n\n<p style=\"font-size:clamp(16.834px, 1.052rem + ((1vw - 3.2px) * 0.716), 26px);\"><strong>A\u015f\u0131r\u0131l\u0131k\u00e7\u0131 Gruplar ve Anti-Kom\u00fcnizm<\/strong><\/p>\n\n\n\n<p style=\"font-size:clamp(16.834px, 1.052rem + ((1vw - 3.2px) * 0.716), 26px);\">Cemaat-i \u0130slami ve SDPI gibi M\u00fcsl\u00fcman k\u00f6ktendinci ve a\u015f\u0131r\u0131l\u0131k yanl\u0131s\u0131 \u00f6rg\u00fctler, M\u00fcsl\u00fcman toplum i\u00e7indeki etkilerini art\u0131rmaya \u00e7al\u0131\u015fmaktad\u0131r. Bu gruplar, Hindutva g\u00fc\u00e7lerinin s\u00fcrekli sald\u0131r\u0131lar\u0131 nedeniyle az\u0131nl\u0131k toplumu i\u00e7inde olu\u015fan d\u0131\u015flanm\u0131\u015fl\u0131k ve korku duygular\u0131n\u0131 istismar etme e\u011filimindedir. \u00d6zellikle Kerala&#8217;da, partimizin az\u0131nl\u0131klar \u00fczerindeki etkisini k\u0131rmak i\u00e7in partiyi hedef almaktad\u0131rlar. Az\u0131nl\u0131k temelli ayr\u0131l\u0131k\u00e7\u0131l\u0131k\/radikalizm, iktidardaki \u00e7o\u011funluk\u00e7u (Hindutva\/Hindu milliyet\u00e7i) ayr\u0131l\u0131k\u00e7\u0131l\u0131\u011f\u0131yla bir tutulamaz; ancak a\u015f\u0131r\u0131l\u0131k\u00e7\u0131 az\u0131nl\u0131k faaliyetlerinin, \u00e7o\u011funluk\u00e7u ayr\u0131l\u0131k\u00e7\u0131 g\u00fc\u00e7leri daha da g\u00fc\u00e7lendirdi\u011fi unutulmamal\u0131d\u0131r. Sol ve demokratik g\u00fc\u00e7ler, az\u0131nl\u0131klar\u0131n haklar\u0131n\u0131 kararl\u0131l\u0131kla savunmal\u0131, onlar\u0131 laik bir platformda birle\u015ftirmeli ve ayn\u0131 zamanda k\u00f6ktendinci g\u00fc\u00e7lere kar\u015f\u0131 net bir duru\u015f sergilemelidir.<\/p>\n\n\n\n<p style=\"font-size:clamp(16.834px, 1.052rem + ((1vw - 3.2px) * 0.716), 26px);\"><strong>Hindu Dinci Milliyet\u00e7i \u0130deolojisine Kar\u015f\u0131 Kapsaml\u0131 M\u00fccadele<\/strong><\/p>\n\n\n\n<p style=\"font-size:clamp(16.834px, 1.052rem + ((1vw - 3.2px) * 0.716), 26px);\">Parti, Hindutva ideolojisine ve RSS (Hindistan a\u015f\u0131r\u0131 sa\u011f\u0131na mensup, Hindu milliyet\u00e7isi g\u00f6n\u00fcll\u00fc paramiliter \u00f6rg\u00fct) ba\u011flant\u0131l\u0131 \u00e7e\u015fitli \u00f6rg\u00fctlerin faaliyetlerine kar\u015f\u0131 siyasi, ideolojik, k\u00fclt\u00fcrel, ekonomik ve sosyal alanlarda s\u00fcrekli ve etkili bir m\u00fccadele y\u00fcr\u00fctmeye haz\u0131rlanmal\u0131d\u0131r. \u0130ktidardaki BJP-RSS ittifak\u0131n\u0131n sadece se\u00e7im m\u00fccadeleleriyle yenilgiye u\u011frat\u0131lamayaca\u011f\u0131n\u0131 tekrar vurgulamak gerekir. Hindutva dinci g\u00fc\u00e7ler, son on y\u0131lda ideolojik etkileriyle \u00f6nemli bir destek taban\u0131 olu\u015fturmu\u015ftur. Bu nedenle, onlara kar\u015f\u0131 kapsaml\u0131 bir programla m\u00fccadele etmek \u015fartt\u0131r.<\/p>\n\n\n\n<p style=\"font-size:clamp(16.834px, 1.052rem + ((1vw - 3.2px) * 0.716), 26px);\"><strong>Bu ama\u00e7la, Parti ve kitle \u00f6rg\u00fctleri \u015fu ad\u0131mlar\u0131 atmal\u0131d\u0131r:<\/strong><\/p>\n\n\n\n<p style=\"font-size:clamp(16.834px, 1.052rem + ((1vw - 3.2px) * 0.716), 26px);\">T\u00fcm entelekt\u00fcel kaynaklar\u0131 seferber ederek Hindutva dinci g\u00fc\u00e7lerinin zararl\u0131 propaganda ve faaliyetlerini ortaya koyacak materyaller haz\u0131rlamak ve bunlar\u0131 multimedya kampanyalar\u0131nda kullanmak.<\/p>\n\n\n\n<p style=\"font-size:clamp(16.834px, 1.052rem + ((1vw - 3.2px) * 0.716), 26px);\">Hindutva kar\u015f\u0131t\u0131 kampanyalar\u0131m\u0131z\u0131, ekonomi politikalar\u0131na ve halk\u0131n temel sorunlar\u0131na y\u00f6nelik m\u00fccadelelerle b\u00fct\u00fcnle\u015ftirmek.<\/p>\n\n\n\n<p style=\"font-size:clamp(16.834px, 1.052rem + ((1vw - 3.2px) * 0.716), 26px);\">\u00d6zellikle i\u015f\u00e7i s\u0131n\u0131f\u0131 i\u00e7inde ve onlar\u0131n ya\u015fad\u0131klar\u0131 b\u00f6lgelerde, parti ve sendikalar arac\u0131l\u0131\u011f\u0131yla sosyal ve k\u00fclt\u00fcrel faaliyetler d\u00fczenleyerek dar milliyet\u00e7ili\u011fe kar\u015f\u0131 \u00e7al\u0131\u015fmalar\u0131 g\u00fc\u00e7lendirmek.<\/p>\n\n\n\n<p style=\"font-size:clamp(16.834px, 1.052rem + ((1vw - 3.2px) * 0.716), 26px);\">\u00dclke Tarihinin yeniden yaz\u0131lmas\u0131na ve e\u011fitim sistemine ayr\u0131l\u0131k\u00e7\u0131 i\u00e7eriklerin dahil edilmesine y\u00f6nelik giri\u015fimlere kar\u015f\u0131 durmak.<\/p>\n\n\n\n<p style=\"font-size:clamp(16.834px, 1.052rem + ((1vw - 3.2px) * 0.716), 26px);\">Dini inan\u00e7 ile dinin siyasi ama\u00e7larla k\u00f6t\u00fcye kullan\u0131lmas\u0131 aras\u0131ndaki fark\u0131 anlatmak i\u00e7in inan\u00e7l\u0131 kesimlerle diyalog kurmak. Bayramlar\u0131n ve sosyal etkinliklerin ayr\u0131l\u0131k\u00e7\u0131 ama\u00e7larla kullan\u0131lmas\u0131n\u0131 engellemek i\u00e7in bu alanlarda aktif rol almak.<\/p>\n\n\n\n<p style=\"font-size:clamp(16.834px, 1.052rem + ((1vw - 3.2px) * 0.716), 26px);\">Gerici ve \u00e7a\u011f d\u0131\u015f\u0131 de\u011ferlere (\u00f6rne\u011fin, Manu yasalar\u0131na dayal\u0131 ayr\u0131mc\u0131 de\u011ferlere) kar\u015f\u0131 koymak i\u00e7in sosyal hizmet faaliyetlerine kat\u0131lmak, bilimi savunan bilim hareketlerini desteklemek, laik ve bilimsel d\u00fc\u015f\u00fcnceyi te\u015fvik etmek ve geni\u015f tabanl\u0131 k\u00fclt\u00fcrel etkinlikler d\u00fczenlemek.<\/p>\n\n\n\n<p style=\"font-size:clamp(16.834px, 1.052rem + ((1vw - 3.2px) * 0.716), 26px);\"><strong>Partimizin Ba\u011f\u0131ms\u0131z G\u00fcc\u00fcn\u00fc Art\u0131rma Stratejisi<\/strong><\/p>\n\n\n\n<p style=\"font-size:clamp(16.834px, 1.052rem + ((1vw - 3.2px) * 0.716), 26px);\">Genel se\u00e7im sonu\u00e7lar\u0131, partinin kitle taban\u0131n\u0131n ve etkisinin istenen d\u00fczeyde b\u00fcy\u00fcmedi\u011fini g\u00f6stermi\u015ftir. Bu durum, <strong>Partimizin<\/strong> ba\u011f\u0131ms\u0131z g\u00fcc\u00fcn\u00fc acilen art\u0131rma gereklili\u011fini ortaya koymaktad\u0131r. Bunun i\u00e7in \u015fu ad\u0131mlar at\u0131lmal\u0131d\u0131r:<\/p>\n\n\n\n<p style=\"font-size:clamp(16.834px, 1.052rem + ((1vw - 3.2px) * 0.716), 26px);\"><strong>Temel S\u0131n\u0131flara Odaklanma:<\/strong> Partinin i\u015f\u00e7i s\u0131n\u0131f\u0131, k\u00f6yl\u00fcler ve k\u0131r yoksullar\u0131 aras\u0131ndaki \u00e7al\u0131\u015fmalar\u0131na \u00f6ncelik verilmelidir. K\u0131rsal yoksullar\u0131n, zengin toprak sahipleri ve k\u0131rsal elitlerin s\u00f6m\u00fcr\u00fcs\u00fcne kar\u015f\u0131 m\u00fccadelelerdeki zay\u0131fl\u0131klar giderilmelidir. \u0130malat ve stratejik sanayilerdeki \u00f6rg\u00fctl\u00fc i\u015f\u00e7iler aras\u0131ndaki etki geni\u015fletilmeli, g\u00fcvencesiz (mevsimlik) \u00e7al\u0131\u015fanlar\u0131n \u00f6rg\u00fctlenmesine \u00f6zel \u00f6nem verilmelidir. \u0130\u015f\u00e7i-k\u00f6yl\u00fc ittifak\u0131 \u00e7al\u0131\u015fmas\u0131 ve ortak eylemler g\u00fc\u00e7lendirilmelidir. Bu temel s\u0131n\u0131flar aras\u0131nda Hindutva\/dincilik kar\u015f\u0131t\u0131 kampanya y\u00fcr\u00fct\u00fclmeli ve m\u00fccadelelere kat\u0131lanlar\u0131n siyasi bilinci art\u0131r\u0131lmal\u0131d\u0131r.<\/p>\n\n\n\n<p style=\"font-size:clamp(16.834px, 1.052rem + ((1vw - 3.2px) * 0.716), 26px);\"><strong>Ba\u011f\u0131ms\u0131z Siyasi Kampanyalar:<\/strong> Parti, kendi siyasi platformu etraf\u0131nda ba\u011f\u0131ms\u0131z siyasi kampanyalar y\u00fcr\u00fctmeye ve kitleleri seferber etmeye daha fazla odaklanmal\u0131d\u0131r. Se\u00e7im ittifaklar\u0131 veya anlay\u0131\u015flar\u0131, partinin ba\u011f\u0131ms\u0131z kimli\u011fini bulan\u0131kla\u015ft\u0131rmamal\u0131 veya partimizin ba\u011f\u0131ms\u0131z faaliyetlerini azaltmamal\u0131d\u0131r. \u00d6zellikle RSS-Hindutva g\u00fc\u00e7lerinin ideolojisine ve faaliyetlerine kar\u015f\u0131 ideolojik \u00e7al\u0131\u015fma ve kampanyalara a\u011f\u0131rl\u0131k verilmelidir.<\/p>\n\n\n\n<p style=\"font-size:clamp(16.834px, 1.052rem + ((1vw - 3.2px) * 0.716), 26px);\"><strong>Yerel M\u00fccadeleler ve Yarat\u0131c\u0131l\u0131k:<\/strong> Kitlelerin ve s\u0131n\u0131flar\u0131n sorunlar\u0131na odaklanan s\u00fcrekli yerel m\u00fccadelelerin \u00f6nemi vurgulanmal\u0131d\u0131r. Bu konudaki eksiklikler giderilmeli, \u00fcst komiteler yerel birimleri bu y\u00f6nde te\u015fvik etmelidir. Basmakal\u0131p protesto bi\u00e7imleri yerine yenilik\u00e7i ve yarat\u0131c\u0131 m\u00fccadele y\u00f6ntemleri geli\u015ftirilmelidir.<\/p>\n\n\n\n<p style=\"font-size:clamp(16.834px, 1.052rem + ((1vw - 3.2px) * 0.716), 26px);\"><strong>Sosyal Adalet M\u00fccadelesi:<\/strong> Parti, sosyal bask\u0131, kast ayr\u0131mc\u0131l\u0131\u011f\u0131 ve cinsiyet ayr\u0131mc\u0131l\u0131\u011f\u0131 gibi konularda do\u011frudan kampanyalar ve m\u00fccadeleler y\u00fcr\u00fctmelidir. Sosyal bask\u0131ya kar\u015f\u0131 verilen m\u00fccadeleler, s\u0131n\u0131f s\u00f6m\u00fcr\u00fcs\u00fcne kar\u015f\u0131 m\u00fccadelelerle ili\u015fkilendirilmelidir.<\/p>\n\n\n\n<p style=\"font-size:clamp(16.834px, 1.052rem + ((1vw - 3.2px) * 0.716), 26px);\"><strong>Gen\u00e7lik:<\/strong> Partinin siyasi platformu ve talepleri gen\u00e7lerin sorunlar\u0131n\u0131 kapsamal\u0131d\u0131r. \u00d6zellikle gen\u00e7lere y\u00f6nelik \u201cAlternatif Sosyalizmdir\u201d kampanyas\u0131 olmal\u0131d\u0131r.<\/p>\n\n\n\n<p style=\"font-size:clamp(16.834px, 1.052rem + ((1vw - 3.2px) * 0.716), 26px);\"><strong>Kilit Eyaletlerde Yeniden Yap\u0131lanma:<\/strong> Partinin g\u00fcc\u00fcndeki \u00f6nemli bir art\u0131\u015f, Bat\u0131 Bengal ve Tripura&#8217;da Parti ve Sol&#8217;un yeniden in\u015fa edilmesini ve geni\u015flemesini gerektirir. Bat\u0131 Bengal&#8217;de kitle m\u00fccadeleleri y\u00fcr\u00fct\u00fcl\u00fcrken, k\u0131rsal yoksullar aras\u0131ndaki \u00e7al\u0131\u015fmalara \u00f6zel \u00f6nem verilmelidir. Parti, hem TMC&#8217;ye hem de iktidardaki BJP&#8217;ye kar\u015f\u0131 \u00e7\u0131karken, \u00f6zellikle BJP&#8217;ye kar\u015f\u0131 siyasi ve ideolojik m\u00fccadeleye odaklanmal\u0131d\u0131r. Tripura&#8217;da, Parti taban \u00f6rg\u00fctlenmesini g\u00fc\u00e7lendirmeli ve \u00e7al\u0131\u015fan insanlar\u0131 birle\u015ftirirken b\u00f6lge halk\u0131n\u0131n \u00f6zel ihtiya\u00e7lar\u0131n\u0131 ve sorunlar\u0131n\u0131 ele alan bir program uygulamal\u0131d\u0131r.<\/p>\n\n\n\n<p style=\"font-size:clamp(16.834px, 1.052rem + ((1vw - 3.2px) * 0.716), 26px);\"><strong>Kerala&#8217;daki Durum:<\/strong> Kerala eyaleti partinin en g\u00fc\u00e7l\u00fc oldu\u011fu ve geni\u015f bir kitle taban\u0131na sahip oldu\u011fu eyalettir. \u0130kinci d\u00f6neminde olan Sol Demokratik Cephe h\u00fck\u00fcmeti, merkezi h\u00fck\u00fcmetin d\u00fc\u015fmanca tutumu ve eyaletteki t\u00fcm anti-kom\u00fcnist g\u00fc\u00e7lerin ortak sald\u0131r\u0131lar\u0131 nedeniyle zorlu ko\u015fullar alt\u0131nda \u00e7al\u0131\u015fmaktad\u0131r. Genel se\u00e7im sonu\u00e7lar\u0131, iktidardaki BJP&#8217;ye kar\u015f\u0131 siyasi ve ideolojik \u00e7al\u0131\u015fmalardaki zay\u0131fl\u0131klar\u0131 ortaya koymu\u015ftur; bu zay\u0131fl\u0131klar giderilmelidir. Kerala Eyaletineki h\u00fck\u00fcmetimiz, a\u015f\u0131r\u0131 yoksullu\u011fu ortadan kald\u0131rma ve herkese konut sa\u011flama hedefine ba\u011fl\u0131d\u0131r. Merkezi h\u00fck\u00fcmetin ayr\u0131mc\u0131 politikalar\u0131 nedeniyle eyalet mali bir krizle kar\u015f\u0131 kar\u015f\u0131ya olsa da, h\u00fck\u00fcmet yoksullara ve \u00e7al\u0131\u015fanlara y\u00f6nelik sosyal refah harcamalar\u0131na \u00f6ncelik vermektedir.<\/p>\n\n\n\n<p style=\"font-size:clamp(16.834px, 1.052rem + ((1vw - 3.2px) * 0.716), 26px);\"><strong>Sol Birlik \u0130ttifak\u0131n\u0131n G\u00fc\u00e7lendirilmesi ( \u00dc\u00e7 Kom\u00fcnist partinin ittifak\u0131)<\/strong><\/p>\n\n\n\n<p style=\"font-size:clamp(16.834px, 1.052rem + ((1vw - 3.2px) * 0.716), 26px);\">Genel se\u00e7imler i\u00e7in geni\u015f bir birlik olu\u015fturma \u00e7abalar\u0131, son d\u00f6nemde birle\u015fik Sol ittifak\u0131n\u0131n eylemlerinde bir durgunlu\u011fa yol a\u00e7m\u0131\u015ft\u0131r. Ancak Sol partiler, Gazze&#8217;deki \u0130srail sald\u0131r\u0131lar\u0131na kar\u015f\u0131 protesto i\u00e7in iki kez ortak \u00e7a\u011fr\u0131 yapm\u0131\u015ft\u0131r. Sol&#8217;un alternatif politikalar\u0131n\u0131 sunmak i\u00e7in Sol birli\u011fine ve birle\u015fik eylemlere yeniden ivme kazand\u0131r\u0131lmal\u0131d\u0131r. Sol ittifak\u0131n \u00fclke siyasetine daha fazla m\u00fcdahil olmas\u0131, Modi h\u00fck\u00fcmetinin b\u00f6l\u00fcc\u00fc ve zararl\u0131 politikalar\u0131na kar\u015f\u0131 birle\u015fik m\u00fccadeleleri g\u00fc\u00e7lendirecektir.<\/p>\n\n\n\n<p style=\"font-size:clamp(16.834px, 1.052rem + ((1vw - 3.2px) * 0.716), 26px);\"><strong>Sol ve Demokratik Alternatif Program\u0131<\/strong><\/p>\n\n\n\n<p style=\"font-size:clamp(16.834px, 1.052rem + ((1vw - 3.2px) * 0.716), 26px);\">Otuz y\u0131l\u0131 a\u015fk\u0131n s\u00fcredir devam eden neoliberal politikalar, b\u00fcy\u00fck sermaye ve toprak sahipleri lehine d\u00fczenlemeler ve son on y\u0131l\u0131n tehlikeli milliyet\u00e7i-otoriter sa\u011fa kay\u0131\u015f\u0131 g\u00f6z \u00f6n\u00fcne al\u0131nd\u0131\u011f\u0131nda, mevcut d\u00fczene kar\u015f\u0131 tek ger\u00e7ek alternatifin Sol ve Demokratik Alternatif oldu\u011fu giderek daha netle\u015fmektedir. Partimiz, i\u015f\u00e7i s\u0131n\u0131f\u0131n\u0131n, k\u00f6yl\u00fcl\u00fc\u011f\u00fcn, esnaf\u0131n, k\u00fc\u00e7\u00fck i\u015fletme sahiplerinin, orta s\u0131n\u0131f\u0131n ve ayd\u0131nlar\u0131n \u00e7\u0131karlar\u0131n\u0131 savunacak ve beklentilerini kar\u015f\u0131layacak bir Sol ve Demokratik Cephe in\u015fa etmek i\u00e7in \u00e7al\u0131\u015facakt\u0131r. \u00d6ncelik, alternatif politikalar i\u00e7in s\u00fcrd\u00fcr\u00fclen kitle ve s\u0131n\u0131f m\u00fccadeleleri yoluyla g\u00fc\u00e7l\u00fc bir Sol ve Demokratik Cephe olu\u015fturmak olmal\u0131d\u0131r.<\/p>\n\n\n\n<p style=\"font-size:clamp(16.834px, 1.052rem + ((1vw - 3.2px) * 0.716), 26px);\">Bu Sol ve Demokratik Cephe Program\u0131 \u015fu temel unsurlar\u0131 i\u00e7ermelidir:<\/p>\n\n\n\n<ol class=\"wp-block-list\" start=\"1\" style=\"list-style-type:lower-roman\">\n<li style=\"font-size:clamp(16.834px, 1.052rem + ((1vw - 3.2px) * 0.716), 26px);\"><strong>Demokrasi, Laiklik ve Federalizm:<\/strong>\n<ol class=\"wp-block-list\" start=\"1\" style=\"list-style-type:lower-alpha\">\n<li>Din ve devlet i\u015flerinin ayr\u0131l\u0131\u011f\u0131n\u0131n Anayasa&#8217;da g\u00fcvence alt\u0131na al\u0131nmas\u0131.<\/li>\n\n\n\n<li>Demokratik haklar\u0131 ve sivil \u00f6zg\u00fcrl\u00fckleri k\u0131s\u0131tlayan t\u00fcm yasalar\u0131n kald\u0131r\u0131lmas\u0131.<\/li>\n\n\n\n<li>Merkez-eyalet ili\u015fkilerinin yeniden yap\u0131land\u0131r\u0131lmas\u0131 ve yerel y\u00f6netimlerin g\u00fc\u00e7lendirilmesi.<\/li>\n<\/ol>\n<\/li>\n\n\n\n<li style=\"font-size:clamp(16.834px, 1.052rem + ((1vw - 3.2px) * 0.716), 26px);\"><strong>Halk Yanl\u0131s\u0131 ve Kendi Kendine Yeterli Kalk\u0131nma:<\/strong>\n<ol class=\"wp-block-list\" start=\"1\" style=\"list-style-type:lower-alpha\">\n<li>\u00dclkeye do\u011fru Uluslararas\u0131 finans ak\u0131\u015flar\u0131n\u0131n s\u0131k\u0131 denetimi; maden ve petrol gibi do\u011fal kaynaklar\u0131n kamula\u015ft\u0131r\u0131lmas\u0131; planl\u0131 ve dengeli kalk\u0131nma.<\/li>\n\n\n\n<li>Ekonomik ve sosyal e\u015fitsizliklerin azalt\u0131lmas\u0131; tekellerin kontrol\u00fc ve kamu sekt\u00f6r\u00fcn\u00fcn te\u015fviki; servetin yeniden da\u011f\u0131t\u0131m\u0131 i\u00e7in mali ve vergi d\u00fczenlemeleri.<\/li>\n\n\n\n<li>Kapsaml\u0131 toprak reformlar\u0131; t\u00fcm tar\u0131m \u00fcr\u00fcnleri i\u00e7in k\u00e2rl\u0131 bir taban fiyat garantisinin yasala\u015ft\u0131r\u0131lmas\u0131; k\u00f6yl\u00fc bor\u00e7lar\u0131n\u0131n silinmesi; tar\u0131m i\u015f\u00e7ileri i\u00e7in \u00fccret ve sosyal g\u00fcvenlik d\u00fczenlemeleri; kooperatif\u00e7ilik gibi kolektif tar\u0131m modellerinin te\u015fviki.<\/li>\n<\/ol>\n<\/li>\n\n\n\n<li style=\"font-size:clamp(16.834px, 1.052rem + ((1vw - 3.2px) * 0.716), 26px);\"><strong>\u00c7al\u0131\u015fanlar\u0131n Haklar\u0131:<\/strong>\n<ol class=\"wp-block-list\" start=\"1\" style=\"list-style-type:lower-alpha\">\n<li>Ge\u00e7imini sa\u011flama, g\u00fcvenceli istihdam, adil \u00fccret, konut ve sosyal g\u00fcvenlik hakk\u0131; sendikalar\u0131n gizli oyla tan\u0131nmas\u0131; i\u015fyeri y\u00f6netiminde i\u015f\u00e7i temsili; mevcut i\u015f yasas\u0131n\u0131n y\u00fcr\u00fcrl\u00fckten kald\u0131r\u0131lmas\u0131.<\/li>\n\n\n\n<li>G\u0131da ve temel ihtiya\u00e7 maddeleri i\u00e7in kamusal da\u011f\u0131t\u0131m sisteminin \u00fclke \u00e7ap\u0131nda evrenselle\u015ftirilmesi.<\/li>\n\n\n\n<li>Herkese ya\u015fl\u0131l\u0131k ayl\u0131\u011f\u0131.<\/li>\n<\/ol>\n<\/li>\n\n\n\n<li style=\"font-size:clamp(16.834px, 1.052rem + ((1vw - 3.2px) * 0.716), 26px);\"><strong>E\u011fitim, Sa\u011fl\u0131k ve K\u00fclt\u00fcr:<\/strong>\n<ol class=\"wp-block-list\" start=\"1\" style=\"list-style-type:lower-alpha\">\n<li>E\u011fitim hakk\u0131n\u0131n g\u00fcvence alt\u0131na al\u0131nmas\u0131, Milli Gelirin %6&#8217;s\u0131n\u0131n e\u011fitime ayr\u0131lmas\u0131; kamu e\u011fitim sisteminin g\u00fc\u00e7lendirilmesi.<\/li>\n\n\n\n<li>Devlet taraf\u0131ndan finanse edilen evrensel kamu sa\u011fl\u0131\u011f\u0131 sistemi; temel ila\u00e7 fiyatlar\u0131n\u0131n d\u00fc\u015f\u00fcr\u00fclmesi.<\/li>\n\n\n\n<li>Laik ve demokratik bir k\u00fclt\u00fcr\u00fcn te\u015fviki; Anayasa&#8217;da tan\u0131nacak bi\u00e7imde \u00fclkede t\u00fcm dillerin e\u015fitli\u011fi.<\/li>\n<\/ol>\n<\/li>\n\n\n\n<li style=\"font-size:clamp(16.834px, 1.052rem + ((1vw - 3.2px) * 0.716), 26px);\"><strong>Sosyal Adalet:<\/strong>\n<ol class=\"wp-block-list\" start=\"1\" style=\"list-style-type:lower-alpha\">\n<li>Kast sisteminin ve her t\u00fcrl\u00fc kast bask\u0131s\u0131n\u0131n ortadan kald\u0131r\u0131lmas\u0131; Dalitlerin, Adivasilerin (yerli halklar ve kast sisteminin en alt\u0131ndakiler) ve az\u0131nl\u0131klar\u0131n haklar\u0131n\u0131n korunmas\u0131.<\/li>\n\n\n\n<li>Kad\u0131nlar i\u00e7in her alanda e\u015fit haklar; e\u015fit i\u015fe e\u015fit \u00fccret; kad\u0131nlara y\u00f6nelik su\u00e7lara kar\u015f\u0131 sert \u00f6nlemler.<\/li>\n\n\n\n<li>Engelli bireylerin ve cinsel az\u0131nl\u0131klar\u0131n haklar\u0131n\u0131n g\u00fcvence alt\u0131na al\u0131nmas\u0131.<\/li>\n<\/ol>\n<\/li>\n\n\n\n<li style=\"font-size:clamp(16.834px, 1.052rem + ((1vw - 3.2px) * 0.716), 26px);\"><strong>Y\u00f6neti\u015fim Reformu, Se\u00e7im Reformu ve \u00c7evre:<\/strong>\n<ol class=\"wp-block-list\" start=\"1\" style=\"list-style-type:lower-alpha\">\n<li>\u00dcst d\u00fczey yolsuzlukla m\u00fccadele i\u00e7in etkili \u00f6nlemler; se\u00e7im reformlar\u0131, se\u00e7im sisteminde k\u0131smi liste sistemine dayal\u0131 orant\u0131l\u0131 temsilin getirilmesi.<\/li>\n\n\n\n<li>\u00c7evrenin korunmas\u0131, zararl\u0131 gaz emisyonlar\u0131n\u0131n azalt\u0131lmas\u0131; yenilenebilir enerjinin te\u015fviki; herkes i\u00e7in enerjiye adil eri\u015fim.<\/li>\n<\/ol>\n<\/li>\n\n\n\n<li style=\"font-size:clamp(16.834px, 1.052rem + ((1vw - 3.2px) * 0.716), 26px);\"><strong>D\u0131\u015f Politika:<\/strong>\n<ol class=\"wp-block-list\" start=\"1\" style=\"list-style-type:lower-alpha\">\n<li>Emperyalist hegemonyaya kar\u015f\u0131 \u00e7\u0131kan ba\u011f\u0131ms\u0131z bir d\u0131\u015f politika; ABD ile yap\u0131lan t\u00fcm stratejik ve savunma anla\u015fmalar\u0131n\u0131n iptali.<\/li>\n<\/ol>\n<\/li>\n<\/ol>\n\n\n\n<p style=\"font-size:clamp(16.834px, 1.052rem + ((1vw - 3.2px) * 0.716), 26px);\"><strong>Partimizin Siyasi \u00c7izgisi<\/strong><\/p>\n\n\n\n<p style=\"font-size:clamp(16.834px, 1.052rem + ((1vw - 3.2px) * 0.716), 26px);\">Modi h\u00fck\u00fcmetinin yakla\u015f\u0131k on bir y\u0131ll\u0131k y\u00f6netimi, neo-fa\u015fist e\u011filimler ta\u015f\u0131yan sa\u011fc\u0131, ayr\u0131l\u0131k\u00e7\u0131 ve otoriter g\u00fc\u00e7lerin peki\u015fmesine yol a\u00e7m\u0131\u015ft\u0131r. Modi h\u00fck\u00fcmeti, Hindutva dinci g\u00fc\u00e7ler ile b\u00fcy\u00fck sermaye \u015firketlerinin ittifak\u0131n\u0131 temsil etmektedir. Bu nedenle, <strong>\u00f6ncelikli g\u00f6rev iktidardaki BJP-RSS ittifak\u0131na ve onlar\u0131 destekleyen Hindutva-kurumsal yap\u0131ya kar\u015f\u0131 m\u00fccadele etmek ve onlar\u0131 yenilgiye u\u011fratmakt\u0131r.<\/strong><\/p>\n\n\n\n<p style=\"font-size:clamp(16.834px, 1.052rem + ((1vw - 3.2px) * 0.716), 26px);\">\u0130ktidardaki Halk Partisi ve Hindutva g\u00fc\u00e7lerini izole etmek ve yenmek, onlar\u0131n ideolojilerine ve faaliyetlerine kar\u015f\u0131 s\u00fcrekli bir m\u00fccadeleyi gerektirir. Parti, Hindutva ayr\u0131l\u0131k\u00e7\u0131l\u0131\u011f\u0131na kar\u015f\u0131 t\u00fcm laik g\u00fc\u00e7lerin en geni\u015f \u015fekilde seferber edilmesi i\u00e7in \u00e7aba g\u00f6sterecektir.<\/p>\n\n\n\n<p style=\"font-size:clamp(16.834px, 1.052rem + ((1vw - 3.2px) * 0.716), 26px);\">Bu m\u00fccadelenin ba\u015far\u0131s\u0131, Partimizin ve Sol g\u00fc\u00e7lerin ba\u011f\u0131ms\u0131z g\u00fcc\u00fcn\u00fcn artmas\u0131na ba\u011fl\u0131d\u0131r. Ayr\u0131ca, Hindutva ayr\u0131l\u0131k\u00e7\u0131l\u0131\u011f\u0131na kar\u015f\u0131 m\u00fccadele ile neoliberal politikalara kar\u015f\u0131 m\u00fccadelenin birle\u015ftirilmesi gerekmektedir.<\/p>\n\n\n\n<p style=\"font-size:clamp(16.834px, 1.052rem + ((1vw - 3.2px) * 0.716), 26px);\">Modi h\u00fck\u00fcmetine ve onun partisi olan BJP&#8217;ye kar\u015f\u0131 m\u00fccadele, \u00e7al\u0131\u015fanlar\u0131n s\u00f6m\u00fcr\u00fcs\u00fcn\u00fc art\u0131ran ve ya\u015fam ko\u015fullar\u0131n\u0131 k\u00f6t\u00fcle\u015ftiren b\u00fcy\u00fck \u015firket yanl\u0131s\u0131 politikalara ve neoliberal politikalara kar\u015f\u0131 s\u0131n\u0131f ve kitle m\u00fccadeleleri y\u00fcr\u00fcterek s\u00fcrd\u00fcr\u00fclmelidir. Parti, kay\u0131rmac\u0131 kapitalizme, ulusal varl\u0131klar\u0131n talan edilmesine ve b\u00fcy\u00fck \u00f6l\u00e7ekli \u00f6zelle\u015ftirmelere kar\u015f\u0131 m\u00fccadelenin \u00f6n saflar\u0131nda yer almal\u0131d\u0131r.<\/p>\n\n\n\n<p style=\"font-size:clamp(16.834px, 1.052rem + ((1vw - 3.2px) * 0.716), 26px);\">Parti, Parlamento i\u00e7inde ana muhalefet partisi Kongre partisinin de oldu\u011fu INDIA ittifak\u0131 partileriyle i\u015fbirli\u011fi yapacak ve Parlamento d\u0131\u015f\u0131nda ise \u00fczerinde anla\u015f\u0131lan konularda ortak \u00e7al\u0131\u015fmalar y\u00fcr\u00fctecektir. Partimiz Demokrasiye y\u00f6nelik otoriter sald\u0131r\u0131lara, muhalefeti bast\u0131rmak i\u00e7in bask\u0131c\u0131 yasalar\u0131n kullan\u0131lmas\u0131na ve Anayasa ile devlet kurumlar\u0131n\u0131 zay\u0131flatma giri\u015fimlerine kar\u015f\u0131 t\u00fcm laik demokratik g\u00fc\u00e7lerle birlikte hareket edecektir.<\/p>\n\n\n\n<p style=\"font-size:clamp(16.834px, 1.052rem + ((1vw - 3.2px) * 0.716), 26px);\">Partimiz, BJP&#8217;ye kararl\u0131l\u0131kla kar\u015f\u0131 \u00e7\u0131kan b\u00f6lgesel partilerle i\u015fbirli\u011fi yapacakt\u0131r. Bu partilerin iktidarda oldu\u011fu eyaletlerde, halk\u0131n yarar\u0131na olan politikalar\u0131 destekleyecek, ancak \u00e7al\u0131\u015fanlar\u0131 olumsuz etkileyen politikalara kar\u015f\u0131 \u00e7\u0131karak halk\u0131 seferber edecektir.<\/p>\n\n\n\n<p style=\"font-size:clamp(16.834px, 1.052rem + ((1vw - 3.2px) * 0.716), 26px);\">Partimiz, s\u0131n\u0131f ve kitle \u00f6rg\u00fctlerinin birle\u015fik platformlar\u0131n\u0131 ve eylemlerini destekleyecektir. Birle\u015fik eylemlere, burjuva partilerini takip eden kitleleri de \u00e7ekmek i\u00e7in \u00e7aba g\u00f6stermelidir.<\/p>\n\n\n\n<p style=\"font-size:clamp(16.834px, 1.052rem + ((1vw - 3.2px) * 0.716), 26px);\">Partinin ba\u011f\u0131ms\u0131z g\u00fcc\u00fcn\u00fc geli\u015ftirmek \u00f6ncelikli olmakla birlikte, Sol ittifak birli\u011finin yeniden canland\u0131r\u0131lmas\u0131 ve g\u00fc\u00e7lendirilmesi i\u00e7in de \u00e7aba g\u00f6sterilmelidir. Birle\u015fik Sol kampanyalar\u0131, Sol&#8217;un alternatif politikalar\u0131n\u0131 \u00f6ne \u00e7\u0131karmal\u0131d\u0131r. Parti, kitle \u00f6rg\u00fctleri ve sosyal hareketler de dahil olmak \u00fczere t\u00fcm Sol ve demokratik g\u00fc\u00e7leri bir Sol ve demokratik platform ve program etraf\u0131nda birle\u015ftirmek i\u00e7in \u00e7al\u0131\u015fmal\u0131d\u0131r.<\/p>\n\n\n\n<p style=\"font-size:clamp(16.834px, 1.052rem + ((1vw - 3.2px) * 0.716), 26px);\">\u0130ktidardaki BJP kar\u015f\u0131t\u0131 oylar\u0131n en \u00fcst d\u00fczeyde birle\u015ftirilmesi i\u00e7in yukar\u0131da belirtilen siyasi \u00e7izgiye uygun se\u00e7im taktikleri benimsenecektir.<\/p>\n\n\n\n<p style=\"font-size:clamp(16.834px, 1.052rem + ((1vw - 3.2px) * 0.716), 26px);\"><strong>\u00d6ncelikli G\u00f6revler<\/strong><\/p>\n\n\n\n<ol class=\"wp-block-list\" start=\"1\">\n<li style=\"font-size:clamp(16.834px, 1.052rem + ((1vw - 3.2px) * 0.716), 26px);\">Neoliberal ekonomi politikalar\u0131na, Hindutva ayr\u0131l\u0131k\u00e7\u0131l\u0131\u011f\u0131na ve otoriter sald\u0131r\u0131lara kar\u015f\u0131 kampanyalar\u0131 ve m\u00fccadeleleri art\u0131rmak.<\/li>\n\n\n\n<li style=\"font-size:clamp(16.834px, 1.052rem + ((1vw - 3.2px) * 0.716), 26px);\">K\u0131rsal yoksullar\u0131n, i\u015f\u00e7i s\u0131n\u0131f\u0131n\u0131n ve kent yoksullar\u0131n\u0131n ge\u00e7im, toprak, g\u0131da, \u00fccret, bar\u0131nma, sosyal g\u00fcvenlik ve istihdam gibi temel sorunlar\u0131na y\u00f6nelik m\u00fccadeleleri geli\u015ftirmek ve yo\u011funla\u015ft\u0131rmak.<\/li>\n\n\n\n<li style=\"font-size:clamp(16.834px, 1.052rem + ((1vw - 3.2px) * 0.716), 26px);\">Hindutva ayr\u0131l\u0131k\u00e7\u0131l\u0131\u011f\u0131na kar\u015f\u0131 t\u00fcm laik-demokratik g\u00fc\u00e7lerin en geni\u015f birli\u011fini sa\u011flamak i\u00e7in \u00e7aba g\u00f6stermek.<\/li>\n\n\n\n<li style=\"font-size:clamp(16.834px, 1.052rem + ((1vw - 3.2px) * 0.716), 26px);\">Demokrasiyi, demokratik haklar\u0131 ve sivil \u00f6zg\u00fcrl\u00fckleri s\u00fcrekli savunmak. Otoriter sald\u0131r\u0131lara, muhalefeti bast\u0131rma giri\u015fimlerine, merkezi kurumlar\u0131n k\u00f6t\u00fcye kullan\u0131lmas\u0131na ve Anayasal organlar\u0131n zay\u0131flat\u0131lmas\u0131na kar\u015f\u0131 geni\u015f bir birlik olu\u015fturmak i\u00e7in i\u015fbirli\u011fi yapmak.<\/li>\n\n\n\n<li style=\"font-size:clamp(16.834px, 1.052rem + ((1vw - 3.2px) * 0.716), 26px);\">Her t\u00fcrl\u00fc kast bask\u0131s\u0131 ve ayr\u0131mc\u0131l\u0131\u011f\u0131na kar\u015f\u0131 aktif m\u00fccadele y\u00fcr\u00fctmek. Kad\u0131nlar\u0131n, Dalitlerin, Adivasilerin ve dini az\u0131nl\u0131klar\u0131n haklar\u0131n\u0131 savunmak. \u00d6zellikle kabile b\u00f6lgelerindeki \u00e7al\u0131\u015fmalara \u00f6nem vermek.<\/li>\n\n\n\n<li style=\"font-size:clamp(16.834px, 1.052rem + ((1vw - 3.2px) * 0.716), 26px);\">Hindistan halk\u0131n\u0131n anti-emperyalist bilincini y\u00fckseltmek ve Modi h\u00fck\u00fcmetinin ABD yanl\u0131s\u0131 d\u0131\u015f politikas\u0131na ve stratejik ittifak\u0131na kar\u015f\u0131 kamuoyunu harekete ge\u00e7irmek.<\/li>\n\n\n\n<li style=\"font-size:clamp(16.834px, 1.052rem + ((1vw - 3.2px) * 0.716), 26px);\">Eyaletlerin haklar\u0131n\u0131 ve federalizmi savunmak i\u00e7in g\u00fc\u00e7leri birle\u015ftirmek. Kerala&#8217;daki i\u00e7inde bizim de oldu\u011fumuz ilerici LDF h\u00fck\u00fcmetini savunmak ve bu h\u00fck\u00fcmetin halk\u00e7\u0131 politikalar\u0131n\u0131 desteklemek.<\/li>\n\n\n\n<li style=\"font-size:clamp(16.834px, 1.052rem + ((1vw - 3.2px) * 0.716), 26px);\">Bir Sol ve Demokratik Cephe in\u015fa etmek ve alternatif olarak bir Sol Demokratik Program sunmak. Bu \u00e7abay\u0131, Hindistan ko\u015fullar\u0131na uygun bir sosyalizmi hedefleyen &#8216;Sosyalizm Alternatiftir&#8217; kampanyas\u0131yla ili\u015fkilendirmek.<\/li>\n<\/ol>\n\n\n\n<p style=\"font-size:clamp(16.834px, 1.052rem + ((1vw - 3.2px) * 0.716), 26px);\"><strong>Sonu\u00e7: Zorluklarla Y\u00fczle\u015fmek<\/strong><\/p>\n\n\n\n<p style=\"font-size:clamp(16.834px, 1.052rem + ((1vw - 3.2px) * 0.716), 26px);\">Yukar\u0131da belirtilen g\u00f6revleri yerine getirebilmek i\u00e7in Partinin ba\u011f\u0131ms\u0131z g\u00fcc\u00fcn\u00fc \u00f6nemli \u00f6l\u00e7\u00fcde art\u0131rmas\u0131 zorunludur. Bu hedefe ula\u015fmak i\u00e7in:<\/p>\n\n\n\n<ul class=\"wp-block-list\">\n<li style=\"font-size:clamp(16.834px, 1.052rem + ((1vw - 3.2px) * 0.716), 26px);\">BJP-RSS ittifak\u0131yla siyasi, ideolojik, k\u00fclt\u00fcrel ve \u00f6rg\u00fctsel d\u00fczeyde m\u00fccadele edilmelidir.<\/li>\n\n\n\n<li style=\"font-size:clamp(16.834px, 1.052rem + ((1vw - 3.2px) * 0.716), 26px);\">Neoliberal d\u00fczende s\u00f6m\u00fcr\u00fcye kar\u015f\u0131 i\u015f\u00e7ilerin, k\u00f6yl\u00fclerin, k\u0131rsal emek\u00e7ilerin ve di\u011fer t\u00fcm \u00e7al\u0131\u015fan kesimlerin m\u00fccadelesi kararl\u0131l\u0131kla y\u00fcr\u00fct\u00fclmelidir.<\/li>\n\n\n\n<li style=\"font-size:clamp(16.834px, 1.052rem + ((1vw - 3.2px) * 0.716), 26px);\">Halka ger\u00e7ek alternatifi sunmak i\u00e7in t\u00fcm Sol ve Demokratik g\u00fc\u00e7ler bir araya getirilmelidir.<\/li>\n<\/ul>\n\n\n\n<p style=\"font-size:clamp(16.834px, 1.052rem + ((1vw - 3.2px) * 0.716), 26px);\">T\u00fcm Parti, bu kararlar\u0131n siyasi ve ideolojik mesaj\u0131n\u0131 Hindistan halk\u0131na ta\u015f\u0131mal\u0131d\u0131r. Halk aras\u0131nda derin k\u00f6kleri olan, g\u00fc\u00e7l\u00fc bir \u00fclke \u00e7ap\u0131nda parti in\u015fa etmek i\u00e7in ilerlemeliyiz. Kom\u00fcnist hareketin k\u00f6kl\u00fc geleneklerine dayanarak, \u00f6n\u00fcm\u00fczdeki zorluklar\u0131n \u00fcstesinden gelece\u011fimize inan\u0131yoruz.<\/p>\n","protected":false},"excerpt":{"rendered":"<p>Hindistan KP (Marksist) Devrimci D\u00f6n\u00fc\u015f\u00fcm \u0130\u00e7in Kitle Ba\u011flar\u0131m\u0131z\u0131 G\u00fc\u00e7lendirelim: Hindistan KP (Marksist) Nisan 2025 Kongre De\u011ferlendirmeleri\u00a0ve\u00a0Kararlar\u0131 Hindistan\u2019daki Mevcut Siyasi G\u00fc\u00e7lerin Bug\u00fcnk\u00fc Durumu Nisan 2025 Modi liderli\u011findeki Halk Partisi&#8217;nin (BJP) Durumu ve Se\u00e7im Sonu\u00e7lar\u0131 Modi liderli\u011findeki Halk Partisi (BJP), son Lok SabhaGenel se\u00e7imlerinde 240 sandalye kazanarak bir \u00f6nceki se\u00e7ime g\u00f6re gerileme ya\u015fad\u0131. (\u00c7N: Lok Sabha (Hindistan [&hellip;]<\/p>\n","protected":false},"author":1,"featured_media":0,"comment_status":"open","ping_status":"open","sticky":false,"template":"","format":"standard","meta":{"_monsterinsights_skip_tracking":false,"_monsterinsights_sitenote_active":false,"_monsterinsights_sitenote_note":"","_monsterinsights_sitenote_category":0,"footnotes":""},"categories":[20,49,51,5,8],"tags":[],"class_list":["post-5437","post","type-post","status-publish","format-standard","hentry","category-arsiv","category-arsiv-tr","category-dunya-sosyalizmi-tr","category-dunya-sosyalizmi","category-kapitalizm"],"blocksy_meta":[],"_links":{"self":[{"href":"https:\/\/marksizm.org.tr\/index.php?rest_route=\/wp\/v2\/posts\/5437","targetHints":{"allow":["GET"]}}],"collection":[{"href":"https:\/\/marksizm.org.tr\/index.php?rest_route=\/wp\/v2\/posts"}],"about":[{"href":"https:\/\/marksizm.org.tr\/index.php?rest_route=\/wp\/v2\/types\/post"}],"author":[{"embeddable":true,"href":"https:\/\/marksizm.org.tr\/index.php?rest_route=\/wp\/v2\/users\/1"}],"replies":[{"embeddable":true,"href":"https:\/\/marksizm.org.tr\/index.php?rest_route=%2Fwp%2Fv2%2Fcomments&post=5437"}],"version-history":[{"count":2,"href":"https:\/\/marksizm.org.tr\/index.php?rest_route=\/wp\/v2\/posts\/5437\/revisions"}],"predecessor-version":[{"id":5440,"href":"https:\/\/marksizm.org.tr\/index.php?rest_route=\/wp\/v2\/posts\/5437\/revisions\/5440"}],"wp:attachment":[{"href":"https:\/\/marksizm.org.tr\/index.php?rest_route=%2Fwp%2Fv2%2Fmedia&parent=5437"}],"wp:term":[{"taxonomy":"category","embeddable":true,"href":"https:\/\/marksizm.org.tr\/index.php?rest_route=%2Fwp%2Fv2%2Fcategories&post=5437"},{"taxonomy":"post_tag","embeddable":true,"href":"https:\/\/marksizm.org.tr\/index.php?rest_route=%2Fwp%2Fv2%2Ftags&post=5437"}],"curies":[{"name":"wp","href":"https:\/\/api.w.org\/{rel}","templated":true}]}}