{"id":5441,"date":"2025-04-28T13:04:14","date_gmt":"2025-04-28T13:04:14","guid":{"rendered":"https:\/\/marksizm.org.tr\/?p=5441"},"modified":"2025-04-28T15:58:00","modified_gmt":"2025-04-28T15:58:00","slug":"hindistanin-celiskili-gorunumleri-ve-hindu-milliyetciligi","status":"publish","type":"post","link":"https:\/\/marksizm.org.tr\/?p=5441","title":{"rendered":"Hindistan\u2019\u0131n \u00c7eli\u015fkili G\u00f6r\u00fcn\u00fcmleri ve Hindu Milliyet\u00e7ili\u011fi"},"content":{"rendered":"\n<h1 class=\"wp-block-heading\"><strong>Hindistan\u2019\u0131n \u00c7eli\u015fkili G\u00f6r\u00fcn\u00fcmleri ve Hindu Milliyet\u00e7ili\u011fi<\/strong><\/h1>\n\n\n\n<figure class=\"wp-block-image aligncenter size-full is-resized\"><img loading=\"lazy\" decoding=\"async\" width=\"1536\" height=\"1300\" src=\"https:\/\/marksizm.org.tr\/wp-content\/uploads\/2025\/04\/7e1cc47e2ab76b4f2856b8d7c7602440-1.jpg\" alt=\"\" class=\"wp-image-5449\" style=\"width:474px;height:auto\" srcset=\"https:\/\/marksizm.org.tr\/wp-content\/uploads\/2025\/04\/7e1cc47e2ab76b4f2856b8d7c7602440-1.jpg 1536w, https:\/\/marksizm.org.tr\/wp-content\/uploads\/2025\/04\/7e1cc47e2ab76b4f2856b8d7c7602440-1-300x254.jpg 300w, https:\/\/marksizm.org.tr\/wp-content\/uploads\/2025\/04\/7e1cc47e2ab76b4f2856b8d7c7602440-1-1024x867.jpg 1024w, https:\/\/marksizm.org.tr\/wp-content\/uploads\/2025\/04\/7e1cc47e2ab76b4f2856b8d7c7602440-1-768x650.jpg 768w\" sizes=\"auto, (max-width: 1536px) 100vw, 1536px\" \/><\/figure>\n\n\n\n<p style=\"font-size:clamp(16.834px, 1.052rem + ((1vw - 3.2px) * 0.716), 26px);\"><strong>\u00c7eviren: Soner Ko\u015far<\/strong><\/p>\n\n\n\n<p style=\"font-size:clamp(16.834px, 1.052rem + ((1vw - 3.2px) * 0.716), 26px);\"><strong>Hindistan&#8217;\u0131n \u00c7eli\u015fkili G\u00f6r\u00fcn\u00fcmleri ve Hindu Milliyet\u00e7ili\u011fi<\/strong><\/p>\n\n\n\n<p style=\"font-size:clamp(16.834px, 1.052rem + ((1vw - 3.2px) * 0.716), 26px);\"><strong>Referans Haber Pekin, 2024-08-15<\/strong><\/p>\n\n\n\n<p style=\"font-size:clamp(16.834px, 1.052rem + ((1vw - 3.2px) * 0.716), 26px);\">Referans Haber Pekin, 15 A\u011fustos 2024 tarihinde UNESCO D\u00fcnya Miras\u0131 Komitesi&#8217;nin 46. oturumunu Hindistan&#8217;\u0131n ba\u015fkenti Yeni Delhi&#8217;de ger\u00e7ekle\u015ftirdi\u011fini bildirdi. Bu f\u0131rsat\u0131 de\u011ferlendiren muhabirlerimiz 12 g\u00fcnl\u00fck bir haber ve ara\u015ft\u0131rma turu yapmak \u00fczere 26 Temmuz-7 A\u011fustos tarihleri aras\u0131nda Hindistan&#8217;a gitti.<\/p>\n\n\n\n<p style=\"font-size:clamp(16.834px, 1.052rem + ((1vw - 3.2px) * 0.716), 26px);\">May\u0131s 2023&#8217;\u00fcn sonundan bu yana Hint H\u00fck\u00fcmetinin vize engeli nedeniyle Hindistan&#8217;da g\u00f6rev yapan \u00c7inli gazeteci bulunmuyordu. Hindistan&#8217;daki toplam \u00c7in vatanda\u015f\u0131 say\u0131s\u0131 ise g\u00fcn\u00fcm\u00fcz itibariyle 1.000&#8217;i ge\u00e7miyor. \u0130ster medyada yer alma ister g\u00fcnl\u00fck ileti\u015fim olsun, Hindistan bir \u201c\u00e7ekim b\u00f6lgesi\u201d haline gelmi\u015f gibi g\u00f6r\u00fcn\u00fcyor. Ancak mevcut gergin uluslararas\u0131 durumda, \u00c7in\u2019in Hindistan ve t\u00fcm Hint Okyanusu b\u00f6lgesine giderek daha fazla ilgi g\u00f6stermesi gerekiyor. Muhabirimiz, bu arka plan\u0131n \u0131\u015f\u0131\u011f\u0131nda, okuyuculara Hindistan hakk\u0131nda g\u00f6zlemlerini aktar\u0131yor.<\/p>\n\n\n\n<p style=\"font-size:clamp(16.834px, 1.052rem + ((1vw - 3.2px) * 0.716), 26px);\"><strong>G\u00f6rd\u00fc\u011f\u00fcm\u00fcz keskin \u00e7eli\u015fmeler<\/strong><\/p>\n\n\n\n<p style=\"font-size:clamp(16.834px, 1.052rem + ((1vw - 3.2px) * 0.716), 26px);\">U\u00e7a\u011f\u0131m\u0131z Yeni Delhi&#8217;ye iner inmez bizi g\u00f6rkemli Indira Gandhi Uluslararas\u0131 Havaalan\u0131 kar\u015f\u0131lad\u0131. Havaalan\u0131n\u0131n d\u0131\u015f\u0131nda yollar d\u00fczg\u00fcn ve geni\u015fti, yol kenarlar\u0131nda yemye\u015fil a\u011fa\u00e7lar vard\u0131. Yak\u0131ndaki b\u00fcy\u00fck al\u0131\u015fveri\u015f merkezleri b\u00fcy\u00fck markalarla dolu reklam panolar\u0131 ve kalabal\u0131kt\u0131 ve bu b\u00fcy\u00fck al\u0131\u015fveri\u015f merkezleri en az d\u00fcnyan\u0131n di\u011fer metropollerindeki al\u0131\u015fveri\u015f merkezleri kadar l\u00fcks oldu\u011fu s\u00f6ylenebilirdi. Al\u0131\u015fveri\u015f merkezleri iyi giyimli pek \u00e7ok Hintli ile doluydu. Ancak, al\u0131\u015fveri\u015f merkezinden sadece yakla\u015f\u0131k bir kilometre \u00f6tede, \u00fcst ge\u00e7idin alt\u0131nda koyu tenli ve hatta yar\u0131 \u00e7\u0131plak berdu\u015f gruplar\u0131 yerde oturuyor. \u00c7ocuklar s\u0131k s\u0131k yolda durup araba camlar\u0131na vurarak dileniyor ve yol kenar\u0131ndaki harap barakalar onlar\u0131n \u201cevleri\u201d.<\/p>\n\n\n\n<p style=\"font-size:clamp(16.834px, 1.052rem + ((1vw - 3.2px) * 0.716), 26px);\">Bu \u201c\u00e7eli\u015fki\u201d t\u00fcm Hindistan gezisi boyunca devam edecekti. Hindistan&#8217;\u0131n kuzeyindeki Rajasthan&#8217;\u0131n ba\u015fkenti Jaipur&#8217;da bir tarafta R\u00fczgarlar Saray\u0131 ve Amber Kalesi gibi tarih duygusu yo\u011fun ve egzotik bir tarza sahip son derece g\u00f6rkemli ve zarif binalar varken; di\u011fer tarafta ise \u015fehrin trafik planlamas\u0131 d\u00fczensiz, her yer \u00e7\u00f6plerle dolu, \u00e7ok say\u0131da derme \u00e7atma a\u00e7\u0131k hava tuvaleti var ve hava d\u0131\u015fk\u0131 ve idrar kokusuyla dolu.<\/p>\n\n\n\n<p style=\"font-size:clamp(16.834px, 1.052rem + ((1vw - 3.2px) * 0.716), 26px);\">Modernlik ile gerikalm\u0131\u015fl\u0131k, temizlik ile kirlilik, uygarl\u0131k ile barbarl\u0131k aras\u0131ndaki g\u00fc\u00e7l\u00fc \u00e7eli\u015fkiler, bir z\u0131tlar\u0131n birli\u011fi g\u00f6r\u00fcn\u00fcm\u00fc olu\u015fturan \u015fekilde her yerde hissediliyor. Bug\u00fcn Hindistan ekonomik alanda iyi bir performans sergiliyor. Veriler, Hindistan&#8217;\u0131n Milli Gelirinin d\u00fcnyan\u0131n en h\u0131zl\u0131 b\u00fcy\u00fcyen b\u00fcy\u00fck ekonomisi haline getiren \u015fekilde, 2023-2024 mali y\u0131l\u0131nda %8,2 oran\u0131nda artt\u0131\u011f\u0131n\u0131 g\u00f6steriyor. Hindistan medyas\u0131nda yer alan haberlere g\u00f6re, en son Forbes milyarderler listesinde 200 Hintli bulunuyor. Ancak 2023 K\u00fcresel A\u00e7l\u0131k Endeksi&#8217;nde d\u00fcnyan\u0131n en b\u00fcy\u00fck tah\u0131l \u00fcreticilerinden biri olan Hindistan, 125 \u00fclke aras\u0131nda 111. s\u0131rada yer alarak \u201c\u015fiddetli a\u00e7l\u0131k\u201d kategorisinde listelendi.<\/p>\n\n\n\n<p style=\"font-size:clamp(16.834px, 1.052rem + ((1vw - 3.2px) * 0.716), 26px);\">B\u00f6ylesine b\u00fcy\u00fck bir \u00e7eli\u015fkinin temel nedeni Hindistan&#8217;\u0131n stratejik tercihinde yatmaktad\u0131r. Kalabal\u0131k bir \u00fclke olarak Hindistan, ekonomik kalk\u0131nma oda\u011f\u0131 olarak istihdam oranlar\u0131na \u00f6nemli \u00f6l\u00e7\u00fcde katk\u0131da bulunan emek yo\u011fun end\u00fcstrileri se\u00e7memi\u015f, bunun yerine g\u00fc\u00e7l\u00fc zengin aileler taraf\u0131ndan kontrol edilen sermaye yo\u011fun end\u00fcstrileri te\u015fvik etmeyi merkeze alm\u0131\u015ft\u0131r. Hindistan&#8217;\u0131n son y\u0131llardaki ekonomik kalk\u0131nmas\u0131ndan yararlananlar \u00e7o\u011funlukla orta s\u0131n\u0131f ve \u00fcst\u00fcd\u00fcr ve alt s\u0131n\u0131ftaki geni\u015f halk kitleleri ge\u00e7inecek gelir elde etmekte zorlanmaktad\u0131r. Ara\u015ft\u0131rmac\u0131lar\u0131n Hindistan&#8217;\u0131n \u201cistihdams\u0131z ve i\u015fsizli\u011fi artt\u0131rarak b\u00fcy\u00fcmesi\u201d dedikleri \u015fey tam da budur.<\/p>\n\n\n\n<p style=\"font-size:clamp(16.834px, 1.052rem + ((1vw - 3.2px) * 0.716), 26px);\"><strong>Modi H\u00fck\u00fcmeti \u201cbirle\u015fik bir \u00fclke\u201d ve \u201cbirle\u015fik bir ulus\u201d in\u015fa etmeye \u00e7al\u0131\u015f\u0131yor: Her yerde Ulusal Bayrak<\/strong><\/p>\n\n\n\n<p style=\"font-size:clamp(16.834px, 1.052rem + ((1vw - 3.2px) * 0.716), 26px);\">12 g\u00fcn boyunca nereye baksak her an ve her yerde dalgalanan bir Hindistan bayra\u011f\u0131 g\u00f6rd\u00fck diyebiliriz &#8211; \u015fehrin ana yollar\u0131nda, al\u0131\u015fveri\u015f merkezlerinin d\u0131\u015f\u0131nda ve bilim ve teknoloji sanayi park\u0131n\u0131n yan\u0131nda devasa Hindistan bayraklar\u0131 dikkat \u00e7ekiyordu.<\/p>\n\n\n\n<p style=\"font-size:clamp(16.834px, 1.052rem + ((1vw - 3.2px) * 0.716), 26px);\">Hindistan bayra\u011f\u0131n\u0131n ana renkleri olan turuncu, beyaz ve ye\u015filin birle\u015fimi yol kenar\u0131ndaki a\u011fa\u00e7lar\u0131n boyalar\u0131nda, \u00fcst ge\u00e7itlerdeki grafitilerde, sokak lambas\u0131 direklerinde ve hatta otoyolda seyreden kamyonlar\u0131n \u00fczerinde s\u0131k s\u0131k kar\u015f\u0131m\u0131za \u00e7\u0131k\u0131yordu. Gecekondu mahallelerinin \u00e7at\u0131lar\u0131na bile s\u0131k s\u0131k y\u0131rt\u0131k p\u0131rt\u0131k ulusal bayraklar dikiliyordu ve bu yo\u011funluk \u201cher \u00fc\u00e7 ad\u0131mda bir k\u00fc\u00e7\u00fck, her be\u015f ad\u0131mda bir b\u00fcy\u00fck bayrak\u201d \u015feklinde tan\u0131mlanabilirdi.<\/p>\n\n\n\n<p style=\"font-size:clamp(16.834px, 1.052rem + ((1vw - 3.2px) * 0.716), 26px);\">Bu olgunun \u00f6nemli nedenlerinden biri Hint halk\u0131n\u0131n Hindistan&#8217;la gurur duymas\u0131d\u0131r. Son y\u0131llarda Hindistan&#8217;\u0131n h\u0131zl\u0131 ekonomik b\u00fcy\u00fcmesiyle birlikte, Hint halk\u0131n\u0131n ulusal gururu daha \u00f6nce g\u00f6r\u00fclmemi\u015f bir \u015fekilde artm\u0131\u015ft\u0131r. Anketler, kat\u0131l\u0131mc\u0131lar\u0131n %71&#8217;inin Hintli olmaktan gurur duydu\u011funu, %65&#8217;inin Hindistan&#8217;\u0131n \u00c7in ve ABD ile e\u015fit bir ekonomik g\u00fc\u00e7 olaca\u011f\u0131na inand\u0131\u011f\u0131n\u0131 ve %60&#8217;\u0131n\u0131n Hindistan&#8217;\u0131n siyasi ve askeri bir g\u00fc\u00e7 olaca\u011f\u0131na inand\u0131\u011f\u0131n\u0131 g\u00f6stermektedir. B\u00fcy\u00fck g\u00fc\u00e7 stat\u00fcs\u00fcne ula\u015fma hayali giderek siyasi partileri a\u015farak ulusal irade d\u00fczeyinde kabul g\u00f6rmeye ba\u015flam\u0131\u015ft\u0131r. Daha \u00f6nemli bir neden ise Modi h\u00fck\u00fcmetinin \u201cbirle\u015fik bir ulus\u201d kimli\u011fi yaratmak i\u00e7in yo\u011fun \u00e7aba sarf etmesidir.<\/p>\n\n\n\n<p style=\"font-size:clamp(16.834px, 1.052rem + ((1vw - 3.2px) * 0.716), 26px);\"><strong>Hint toplumu g\u00fc\u00e7l\u00fc bir b\u00fct\u00fcnl\u00fc\u011fe sahip de\u011fil<\/strong><\/p>\n\n\n\n<p style=\"font-size:clamp(16.834px, 1.052rem + ((1vw - 3.2px) * 0.716), 26px);\">\u00d6rne\u011fin, Hindistan ka\u011f\u0131t paralar\u0131n\u0131n \u00fczerinde &#8211; \u00f6n y\u00fczlerinde \u0130ngilizce ve Hint\u00e7e, arka y\u00fczlerinde ise 15 yerel dil olmak \u00fczere &#8211; 17 dil yaz\u0131l\u0131d\u0131r. Hint medyas\u0131nda daha \u00f6nce \u00e7\u0131kan haberlere g\u00f6re, Ba\u015fbakan Modi Cumhuriyet G\u00fcn\u00fc&#8217;nde Hint\u00e7e bir konu\u015fma yapt\u0131\u011f\u0131nda halk\u0131n sadece %40&#8217;\u0131 konu\u015fmay\u0131 anlayabilmi\u015ftir.<\/p>\n\n\n\n<p style=\"font-size:clamp(16.834px, 1.052rem + ((1vw - 3.2px) * 0.716), 26px);\">Hintli siyaset bilimci Kothari, Hindistan&#8217;\u0131n daha \u00e7ok geni\u015f bir toplum ve medeniyet kavram\u0131na sahip oldu\u011funu ve uzun s\u00fcredir derin bir ulusal b\u00fct\u00fcnl\u00fck ve kimlikten yoksun oldu\u011funu d\u00fc\u015f\u00fcn\u00fcyor. Dolay\u0131s\u0131yla b\u00f6yle bir toplumu bir arada tutmak ve \u201cyo\u011furmak\u201d kolay de\u011fildir.<\/p>\n\n\n\n<p style=\"font-size:clamp(16.834px, 1.052rem + ((1vw - 3.2px) * 0.716), 26px);\">Modi h\u00fck\u00fcmetinin iktidara geldi\u011finden bu yana bir \u201cHindu kimli\u011fi\u201d kurmak i\u00e7in u\u011fra\u015fmas\u0131n\u0131n temel nedeni budur. Hindu kimli\u011fi, tek \u00fclke (Hindustan), tek \u0131rk (Aryanlar), tek din (Hinduizm), tek k\u00fclt\u00fcr (Vedik k\u00fclt\u00fcr\u00fc) ve tek dil (Sanskrit\u00e7e) \u015feklinde \u00f6zetlenebilecek co\u011frafya, \u0131rk, din, k\u00fclt\u00fcr ve dil birli\u011fini vurgulamaktad\u0131r. Nihayetinde bu yakla\u015f\u0131m\u0131n amac\u0131, Hinduizm&#8217;in siyasi ve sosyal ya\u015famdaki bask\u0131n konumunu tesis etmek ve b\u00f6ylece birle\u015fik, y\u00f6netilebilir ve uyumlu bir \u00fclke kurmakt\u0131r.<\/p>\n\n\n\n<p style=\"font-size:clamp(16.834px, 1.052rem + ((1vw - 3.2px) * 0.716), 26px);\">On y\u0131l\u0131 a\u015fk\u0131n bir s\u00fcredir Hindistan&#8217;\u0131 kas\u0131p kavuran Hindu milliyet\u00e7ili\u011fi, bir\u00e7ok insan\u0131n bu Hindu milliyet\u00e7ili\u011fi \u00fczerine d\u00fc\u015f\u00fcnmesine de neden olmu\u015ftur.<\/p>\n\n\n\n<p style=\"font-size:clamp(16.834px, 1.052rem + ((1vw - 3.2px) * 0.716), 26px);\">Bu gezi s\u0131ras\u0131nda baz\u0131 Hintli dostlar da mevcut h\u00fck\u00fcmetin pop\u00fclizmi k\u0131\u015fk\u0131rtmas\u0131n\u0131n etkisinin eskisi kadar iyi olmad\u0131\u011f\u0131n\u0131, \u00e7\u00fcnk\u00fc bunun daha fazla say\u0131da insan\u0131n esas ilgi oda\u011f\u0131n\u0131n y\u00fcksek i\u015fsizlik gibi pratik sosyal sorunlar oldu\u011funu fark etti\u011fini s\u00f6yledi. Indian Economic Times gazetesinin bu y\u0131l\u0131n May\u0131s ay\u0131nda yay\u0131nlad\u0131\u011f\u0131 bir rapora g\u00f6re, Hindistan&#8217;da \u201cbilimin tac\u0131ndaki m\u00fccevher\u201d olarak bilinen ve \u201cgirmesi MIT&#8217;den daha zor\u201d olarak bilinen Hindistan Teknoloji Enstit\u00fcs\u00fc&#8217;nden mezun olan 7000\u2019den fazla ki\u015finin 2023-2024 akademik y\u0131l\u0131n\u0131n sona ermesi itibariyle i\u015f bulamam\u0131\u015ft\u0131r. \u0130\u015fsizlik sorunu Hindistan toplumunun temel \u00e7eli\u015fkisi haline gelmi\u015f ve Hindistan&#8217;\u0131n ekonomik ve sosyal geli\u015fiminin gelece\u011fine de may\u0131n d\u00f6\u015femi\u015ftir. Bu durumun en do\u011frudan sonucu, Modi&#8217;nin se\u00e7imlerde \u00e7ok az bir farkla zafer kazanabilmi\u015f olmas\u0131d\u0131r.<\/p>\n\n\n\n<p style=\"font-size:clamp(16.834px, 1.052rem + ((1vw - 3.2px) * 0.716), 26px);\"><strong>Hindistan&#8217;\u0131n uluslararas\u0131 imaj\u0131n\u0131 iyile\u015ftirme \u00e7abalar\u0131<\/strong><\/p>\n\n\n\n<p style=\"font-size:clamp(16.834px, 1.052rem + ((1vw - 3.2px) * 0.716), 26px);\">Hindistan&#8217;\u0131n dikkat \u00e7eken bir di\u011fer \u00f6zelli\u011fi de uluslararas\u0131 imaj\u0131n\u0131 iyile\u015ftirmeye verdi\u011fi \u00f6nemdir. D\u00fcnyaca \u00fcnl\u00fc Tac Mahal Saray\u0131 art\u0131k \u00c7inlilerin g\u00f6z\u00fcnde art\u0131k \u201ckirli, da\u011f\u0131n\u0131k ve fakir\u201d bir turistik cazibe merkezi olmaktan \u00e7\u0131km\u0131\u015ft\u0131r. Beyaz mermer mozolenin etraf\u0131ndaki do\u011fal alan\u0131n planlanmas\u0131 ve temiz g\u00f6r\u00fcn\u00fcm\u00fc ferahlat\u0131c\u0131d\u0131r. Bu durum H\u00fcmayun T\u00fcrbesi, Kutub Minar ve Agra Kalesi gibi \u00fcnl\u00fc manzara noktalar\u0131nda da g\u00f6r\u00fclmektedir. Hindistan, uluslararas\u0131 turistler nezdinde imaj\u0131n\u0131 iyile\u015ftirmek ve k\u00fclt\u00fcr ve turizm kartvizitini parlatmak i\u00e7in \u00e7ok \u00e7al\u0131\u015fmaktad\u0131r.<\/p>\n\n\n\n<p style=\"font-size:clamp(16.834px, 1.052rem + ((1vw - 3.2px) * 0.716), 26px);\">Ayn\u0131 zamanda Hindistan son y\u0131llarda uluslararas\u0131 konferanslara ev sahipli\u011fi yapmak i\u00e7in aktif bir \u015fekilde ba\u015fvurularda bulunarak uluslararas\u0131 sahnedeki g\u00f6r\u00fcn\u00fcrl\u00fc\u011f\u00fcn\u00fc s\u00fcrekli olarak artt\u0131rm\u0131\u015ft\u0131r.<\/p>\n\n\n\n<p style=\"font-size:clamp(16.834px, 1.052rem + ((1vw - 3.2px) * 0.716), 26px);\">Ge\u00e7ti\u011fimiz Eyl\u00fcl ay\u0131nda Yeni Delhi&#8217;de G20 zirvesi d\u00fczenlendi ve G20 zirvesinin izleri hala sokaklarda g\u00f6r\u00fclebiliyor. G20 zirvesi s\u0131ras\u0131nda Hindistan, Yeni Delhi&#8217;nin \u015fehir g\u00f6r\u00fcn\u00fcm\u00fcnde yo\u011fun bir temizlik yaparak olumsuz \u015feyleri \u201cgizledi\u201d ve baz\u0131 gecekondu mahalleleri de pankartlarla kapat\u0131ld\u0131. Bu hamle, uluslararas\u0131 topluma Hindistan&#8217;\u0131n daha iyi bir imaj\u0131n\u0131 vermeyi ama\u00e7l\u0131yordu.<\/p>\n\n\n\n<p style=\"font-size:clamp(16.834px, 1.052rem + ((1vw - 3.2px) * 0.716), 26px);\">Bu y\u0131lki D\u00fcnya Miras\u0131 Konferans\u0131 Yeni Delhi Uluslararas\u0131 Kongre Merkezi&#8217;nde d\u00fczenlendi. Mek\u00e2n\u0131n g\u00f6rkemli olmas\u0131n\u0131n yan\u0131 s\u0131ra Hindistan&#8217;\u0131n k\u00fclt\u00fcrel hazineleri de \u201csat\u0131ld\u0131\u201d ve art\u0131r\u0131lm\u0131\u015f ger\u00e7eklik (AR) ve sanal ger\u00e7eklik (VR) teknolojisiyle Hindistan&#8217;\u0131n \u00fc\u00e7\u00fcnc\u00fc d\u00fcnya miras\u0131 alan\u0131nda s\u00fcr\u00fckleyici bir deneyim sunularak konferansa kat\u0131lan uluslararas\u0131 uzmanlara Hindistan&#8217;\u0131n k\u00fclt\u00fcrel \u00f6zellikleri g\u00f6sterildi.<\/p>\n\n\n\n<p style=\"font-size:clamp(16.834px, 1.052rem + ((1vw - 3.2px) * 0.716), 26px);\">Hindistan medyas\u0131nda yer alan haberlere g\u00f6re, Hindistan \u015fu anda aktif olarak 2036 Yaz Olimpiyatlar\u0131\u2019n\u0131n ev sahipli\u011fine aday oldu. Modi daha \u00f6nceki bir a\u00e7\u0131klamas\u0131nda \u201cbunun 1,4 milyar Hintlinin uzun y\u0131llard\u0131r hayali oldu\u011funu\u201d s\u00f6ylemi\u015fti.<\/p>\n\n\n\n<p style=\"font-size:clamp(16.834px, 1.052rem + ((1vw - 3.2px) * 0.716), 26px);\">Kendi aral\u0131ks\u0131z \u00e7abalar\u0131na ek olarak, Hindistan&#8217;\u0131n stratejik de\u011feri ve a\u011f\u0131rl\u0131\u011f\u0131 da son y\u0131llardaki elveri\u015fli uluslararas\u0131 ortam nedeniyle artmaktad\u0131r.<\/p>\n\n\n\n<p style=\"font-size:clamp(16.834px, 1.052rem + ((1vw - 3.2px) * 0.716), 26px);\">Hintli akademisyenlerle yapt\u0131\u011f\u0131m\u0131z g\u00f6r\u00fc\u015fmelerde, Hindistan&#8217;\u0131n uluslararas\u0131 etkisini artt\u0131rmak ve ekonomik d\u00f6n\u00fc\u015f\u00fcm\u00fc te\u015fvik etmek i\u00e7in K\u00fcresel G\u00fcney&#8217;e b\u00fcy\u00fck \u00f6nem verdi\u011fini g\u00f6rd\u00fck. Hindistan kendisini K\u00fcresel G\u00fcney&#8217;in \u201cs\u00f6zc\u00fcs\u00fc\u201d ve \u201clideri\u201d olarak konumland\u0131r\u0131yor ve \u00e7ok tarafl\u0131 mekanizmalarda sesini duyurmak ve b\u00fcy\u00fck d\u00fcnya g\u00fc\u00e7leri aras\u0131ndaki m\u00fccadelelerde manevra alan\u0131n\u0131 geni\u015fletmek i\u00e7in K\u00fcresel G\u00fcney&#8217;de yer alan bir \u00fclke olarak s\u00fcrekli olarak geli\u015fmekle olan \u00fclkelerle kalk\u0131nma i\u015fbirli\u011fini g\u00fc\u00e7lendirmeye \u00e7al\u0131\u015f\u0131yor.<\/p>\n","protected":false},"excerpt":{"rendered":"<p>Hindistan\u2019\u0131n \u00c7eli\u015fkili G\u00f6r\u00fcn\u00fcmleri ve Hindu Milliyet\u00e7ili\u011fi \u00c7eviren: Soner Ko\u015far Hindistan&#8217;\u0131n \u00c7eli\u015fkili G\u00f6r\u00fcn\u00fcmleri ve Hindu Milliyet\u00e7ili\u011fi Referans Haber Pekin, 2024-08-15 Referans Haber Pekin, 15 A\u011fustos 2024 tarihinde UNESCO D\u00fcnya Miras\u0131 Komitesi&#8217;nin 46. oturumunu Hindistan&#8217;\u0131n ba\u015fkenti Yeni Delhi&#8217;de ger\u00e7ekle\u015ftirdi\u011fini bildirdi. Bu f\u0131rsat\u0131 de\u011ferlendiren muhabirlerimiz 12 g\u00fcnl\u00fck bir haber ve ara\u015ft\u0131rma turu yapmak \u00fczere 26 Temmuz-7 A\u011fustos tarihleri [&hellip;]<\/p>\n","protected":false},"author":1,"featured_media":0,"comment_status":"open","ping_status":"open","sticky":false,"template":"","format":"standard","meta":{"_monsterinsights_skip_tracking":false,"_monsterinsights_sitenote_active":false,"_monsterinsights_sitenote_note":"","_monsterinsights_sitenote_category":0,"footnotes":""},"categories":[20,49,7],"tags":[],"class_list":["post-5441","post","type-post","status-publish","format-standard","hentry","category-arsiv","category-arsiv-tr","category-gelisen-ulkeler"],"blocksy_meta":[],"_links":{"self":[{"href":"https:\/\/marksizm.org.tr\/index.php?rest_route=\/wp\/v2\/posts\/5441","targetHints":{"allow":["GET"]}}],"collection":[{"href":"https:\/\/marksizm.org.tr\/index.php?rest_route=\/wp\/v2\/posts"}],"about":[{"href":"https:\/\/marksizm.org.tr\/index.php?rest_route=\/wp\/v2\/types\/post"}],"author":[{"embeddable":true,"href":"https:\/\/marksizm.org.tr\/index.php?rest_route=\/wp\/v2\/users\/1"}],"replies":[{"embeddable":true,"href":"https:\/\/marksizm.org.tr\/index.php?rest_route=%2Fwp%2Fv2%2Fcomments&post=5441"}],"version-history":[{"count":5,"href":"https:\/\/marksizm.org.tr\/index.php?rest_route=\/wp\/v2\/posts\/5441\/revisions"}],"predecessor-version":[{"id":5452,"href":"https:\/\/marksizm.org.tr\/index.php?rest_route=\/wp\/v2\/posts\/5441\/revisions\/5452"}],"wp:attachment":[{"href":"https:\/\/marksizm.org.tr\/index.php?rest_route=%2Fwp%2Fv2%2Fmedia&parent=5441"}],"wp:term":[{"taxonomy":"category","embeddable":true,"href":"https:\/\/marksizm.org.tr\/index.php?rest_route=%2Fwp%2Fv2%2Fcategories&post=5441"},{"taxonomy":"post_tag","embeddable":true,"href":"https:\/\/marksizm.org.tr\/index.php?rest_route=%2Fwp%2Fv2%2Ftags&post=5441"}],"curies":[{"name":"wp","href":"https:\/\/api.w.org\/{rel}","templated":true}]}}