{"id":5505,"date":"2025-05-13T12:35:34","date_gmt":"2025-05-13T12:35:34","guid":{"rendered":"https:\/\/marksizm.org.tr\/?p=5505"},"modified":"2025-05-13T12:36:06","modified_gmt":"2025-05-13T12:36:06","slug":"sovyetler-birligi-yukselisin-ve-cokusun-anatomisi-3-baslica-sorun","status":"publish","type":"post","link":"https:\/\/marksizm.org.tr\/?p=5505","title":{"rendered":"Sovyetler Birli\u011fi: Y\u00fckseli\u015fin ve \u00c7\u00f6k\u00fc\u015f\u00fcn Anatomisi: 3 Ba\u015fl\u0131ca Sorun"},"content":{"rendered":"\n<h1 class=\"wp-block-heading\">S<strong>ovyetler Birli\u011fi: Y\u00fckseli\u015fin ve \u00c7\u00f6k\u00fc\u015f\u00fcn Anatomisi: 3 Ba\u015fl\u0131ca Sorun<\/strong><\/h1>\n\n\n\n<p style=\"font-size:clamp(16.834px, 1.052rem + ((1vw - 3.2px) * 0.716), 26px);\"><strong>\u015eubat 2022<\/strong><\/p>\n\n\n\n<p style=\"font-size:clamp(16.834px, 1.052rem + ((1vw - 3.2px) * 0.716), 26px);\"><strong>Ma Depu, Tianjin Sosyalizm Tarihi Ara\u015ft\u0131rma Enstit\u00fcs\u00fc Direkt\u00f6r\u00fc<\/strong><\/p>\n\n\n\n<figure class=\"wp-block-image aligncenter size-full\"><img decoding=\"async\" src=\"https:\/\/sosyalistbirlik.com\/wp-content\/uploads\/2025\/05\/5543d1ae6da8116f2bf7f13e.webp\" alt=\"\" class=\"wp-image-7955\"\/><\/figure>\n\n\n\n<p style=\"font-size:clamp(16.834px, 1.052rem + ((1vw - 3.2px) * 0.716), 26px);\">20. y\u00fczy\u0131lda, \u0130kinci D\u00fcnya Sava\u015f\u0131\u2019n\u0131n ard\u0131ndan Sovyetler Birli\u011fi b\u00fcy\u00fck bir h\u0131zla y\u00fckselmi\u015f, d\u00fcnya sahnesinde bir s\u00fcper g\u00fc\u00e7 olarak yerini alm\u0131\u015ft\u0131. Ancak bu devasa y\u00fckseli\u015fin ard\u0131ndan \u00e7\u00f6k\u00fc\u015f\u00fc de ayn\u0131 \u00f6l\u00e7\u00fcde ani ve sars\u0131c\u0131 oldu. Sovyetler k\u0131sa bir zaman dilimi i\u00e7inde da\u011f\u0131lm\u0131\u015f, tarihten silinmi\u015fti. Peki, bu y\u00fckseli\u015f nas\u0131l oldu da b\u00f6ylesine \u00e7abuk bir \u00e7\u00f6k\u00fc\u015fle sonu\u00e7land\u0131? Elinizdeki makale, Sovyetler Birli\u011fi\u2019nin da\u011f\u0131lmas\u0131n\u0131n ve y\u0131k\u0131lmas\u0131n\u0131n nedenlerini derinlemesine irdelemeyi ama\u00e7l\u0131yor. Bu \u00f6nemli tarihsel olguyu; siyaset, ekonomi ve toplum gibi \u00e7e\u015fitli boyutlardan ele alarak okuyucuyu d\u00fc\u015f\u00fcnsel bir yolculu\u011fa \u00e7\u0131kar\u0131yor.<\/p>\n\n\n\n<p style=\"font-size:clamp(16.834px, 1.052rem + ((1vw - 3.2px) * 0.716), 26px);\"><strong>1. Siyasal Sistemin Merkezile\u015fme ile Diktat\u00f6rl\u00fck Aras\u0131nda \u00c7\u0131kmaza Girmesi<\/strong><\/p>\n\n\n\n<p style=\"font-size:clamp(16.834px, 1.052rem + ((1vw - 3.2px) * 0.716), 26px);\">Sovyetler Birli\u011fi\u2019nin siyasal yap\u0131s\u0131, s\u0131k\u0131 bir merkezile\u015fme ve tek adam y\u00f6netimi \u00fczerine in\u015fa edilmi\u015fti. Bu model, zaman i\u00e7inde bir\u00e7ok sorunun birikmesine yol a\u00e7t\u0131. Bir yandan, merkezile\u015fmi\u015f yap\u0131 denetim ve denge mekanizmalar\u0131n\u0131n zay\u0131flamas\u0131na neden oldu; yetki suistimalleri, yolsuzluklar sistemin i\u00e7inde k\u00f6k sald\u0131. Di\u011fer yandan, diktat\u00f6rl\u00fck rejimi halk\u0131n ifade \u00f6zg\u00fcrl\u00fc\u011f\u00fcn\u00fc ve siyasal kat\u0131l\u0131m\u0131n\u0131 k\u0131s\u0131tlad\u0131; demokrasi ve temel haklar b\u00fcy\u00fck \u00f6l\u00e7\u00fcde yok say\u0131ld\u0131. Bu durum, rejimin istikrar\u0131n\u0131 temelden sarsarak \u00e7\u00f6z\u00fclme s\u00fcrecini h\u0131zland\u0131ran ba\u015fl\u0131ca unsurlardan biri h\u00e2line geldi.<\/p>\n\n\n\n<p style=\"font-size:clamp(16.834px, 1.052rem + ((1vw - 3.2px) * 0.716), 26px);\"><strong>2. Ekonomik Sistem: Planl\u0131 Ekonominin \u00c7\u00f6k\u00fc\u015f\u00fc<\/strong><\/p>\n\n\n\n<p style=\"font-size:clamp(16.834px, 1.052rem + ((1vw - 3.2px) * 0.716), 26px);\">Sovyet ekonomisi uzun y\u0131llar boyunca planl\u0131 ekonomi modeliyle y\u00f6netildi; devlet, ekonomik kaynaklar\u0131n tahsisinden tutun ekonomik faaliyetin t\u00fcm ayr\u0131nt\u0131lar\u0131na kadar her \u015feyi denetim alt\u0131nda tutuyordu. Ancak uygulamada bu sistemin ciddi zaaflar\u0131 ortaya \u00e7\u0131kt\u0131. \u00d6ncelikle, merkezi planlaman\u0131n do\u011fas\u0131ndaki irrasyonellik, kaynaklar\u0131n verimsiz kullan\u0131lmas\u0131na ve b\u00fcy\u00fck \u00f6l\u00e7ekte israfa neden oldu. \u0130kincisi, planl\u0131 ekonomi yap\u0131s\u0131, pazar taleplerindeki de\u011fi\u015fime ve yenilik ihtiyac\u0131na kar\u015f\u0131 duyars\u0131zd\u0131; bunun sonucu olarak \u00fcretim kalitesi d\u00fc\u015f\u00fck kald\u0131, arz ise s\u00fcrekli yetersizdi.<\/p>\n\n\n\n<p style=\"font-size:clamp(16.834px, 1.052rem + ((1vw - 3.2px) * 0.716), 26px);\">\u00dc\u00e7\u00fcnc\u00fcs\u00fc, bu modelin giri\u015fimcilik \u00fczerindeki bask\u0131s\u0131 ve hareket alan\u0131n\u0131 k\u0131s\u0131tlamas\u0131, rekabeti ve yenilik yapmay\u0131 sekteye u\u011fratt\u0131. B\u00fct\u00fcn bunlar, Sovyet ekonomisinin rekabet g\u00fcc\u00fcn\u00fc ve s\u00fcrd\u00fcr\u00fclebilirli\u011fini derinden zay\u0131flatt\u0131.<\/p>\n\n\n\n<p style=\"font-size:clamp(16.834px, 1.052rem + ((1vw - 3.2px) * 0.716), 26px);\"><strong>3. Ulusal Meseleler ve Toplumsal \u00c7eli\u015fkiler: B\u00f6l\u00fcnme ve \u0130stikrars\u0131zl\u0131\u011f\u0131n Tohumlar\u0131<\/strong><\/p>\n\n\n\n<p style=\"font-size:clamp(16.834px, 1.052rem + ((1vw - 3.2px) * 0.716), 26px);\">Sovyetler Birli\u011fi, \u00e7ok say\u0131da etnik-milli grubun bir arada ya\u015fad\u0131\u011f\u0131 bir devletti. Bu gruplar aras\u0131nda tarihsel ve k\u00fclt\u00fcrel farklar derindi ve farklar kadim bir ge\u00e7mi\u015fe sahipti. Ancak Sovyet y\u00f6netimi bu farkl\u0131l\u0131klar\u0131 uzun s\u00fcre bask\u0131 alt\u0131nda tuttu, g\u00f6rmezden geldi. Bu ink\u00e2r ve bast\u0131rma siyaseti, zamanla a\u011f\u0131r etnik-milli gerilimlerin do\u011fmas\u0131na yol a\u00e7t\u0131. Ayn\u0131 zamanda, toplum i\u00e7indeki e\u015fitsizlikler ve adaletsizlikler de sosyal huzursuzlu\u011fu ve \u00e7alkant\u0131y\u0131 besledi. \u00d6zellikle ekonomik durgunluklar ve siyasal krizler s\u0131ras\u0131nda, bu etnik-milli ve toplumsal \u00e7eli\u015fkiler daha da belirginle\u015ferek rejimin istikrar\u0131n\u0131 zay\u0131flatan bir ba\u015fka dinamik h\u00e2line geldi.<\/p>\n\n\n\n<p style=\"font-size:clamp(16.834px, 1.052rem + ((1vw - 3.2px) * 0.716), 26px);\"><strong>Sonu\u00e7 Yerine: Bir Y\u0131k\u0131l\u0131\u015f\u0131n Dersleri<\/strong><\/p>\n\n\n\n<p style=\"font-size:clamp(16.834px, 1.052rem + ((1vw - 3.2px) * 0.716), 26px);\">Sovyetler Birli\u011fi\u2019nin y\u00fckseli\u015fi de, y\u0131k\u0131l\u0131\u015f\u0131 da bir\u00e7ok etkenin i\u00e7 i\u00e7e ge\u00e7mesiyle a\u00e7\u0131klanabilir. Siyasal sistemin merkezile\u015fmi\u015f yap\u0131s\u0131 ve diktat\u00f6rl\u00fc\u011fe dayal\u0131 y\u00f6netimi; yozla\u015fma, halktan kopu\u015fa ve nihayetinde siyasi rejimin me\u015fruiyet kayb\u0131na yol a\u00e7t\u0131. Ekonomik yap\u0131n\u0131n planl\u0131 karakteri; verimsizlik, yenilik eksikli\u011fi ve pazar ger\u00e7eklerinden kopuklukla i\u015flevsizle\u015fti. Etnik-milli meseleler ve toplumsal \u00e7eli\u015fkiler ise, \u00f6zellikle kriz d\u00f6nemlerinde istikrar\u0131 sarsarak \u00e7\u00f6z\u00fclmeyi h\u0131zland\u0131rd\u0131. Bu fakt\u00f6rler birbirini besleyerek Sovyetler Birli\u011fi\u2019nin tarih sahnesinden silinmesine neden oldu.&nbsp; Sovyet deneyimi, bizlere \u00f6nemli dersler sunuyor: Siyasal sistemde a\u00e7\u0131kl\u0131k ve kat\u0131l\u0131mc\u0131l\u0131k, ekonomik d\u00fczende pazar\u0131n geli\u015fimine a\u00e7\u0131k reformlar, toplumsal yap\u0131da ise etnik \u00e7e\u015fitlili\u011fe ve adalete sayg\u0131\u2014t\u00fcm bunlar, istikrarl\u0131 ve refah i\u00e7inde bir \u00fclke in\u015fa etmenin vazge\u00e7ilmez ko\u015fullar\u0131d\u0131r. Umar\u0131z ki, Sovyetler\u2019in hik\u00e2yesi insanl\u0131\u011fa yaln\u0131zca bir \u00e7\u00f6k\u00fc\u015f\u00fcn de\u011fil, ayn\u0131 zamanda daha iyi bir gelecek i\u00e7in \u00e7\u0131kar\u0131lacak k\u0131ymetli bir bilgelik kayna\u011f\u0131 olarak da hizmet eder.<\/p>\n","protected":false},"excerpt":{"rendered":"<p>Sovyetler Birli\u011fi: Y\u00fckseli\u015fin ve \u00c7\u00f6k\u00fc\u015f\u00fcn Anatomisi: 3 Ba\u015fl\u0131ca Sorun \u015eubat 2022 Ma Depu, Tianjin Sosyalizm Tarihi Ara\u015ft\u0131rma Enstit\u00fcs\u00fc Direkt\u00f6r\u00fc 20. y\u00fczy\u0131lda, \u0130kinci D\u00fcnya Sava\u015f\u0131\u2019n\u0131n ard\u0131ndan Sovyetler Birli\u011fi b\u00fcy\u00fck bir h\u0131zla y\u00fckselmi\u015f, d\u00fcnya sahnesinde bir s\u00fcper g\u00fc\u00e7 olarak yerini alm\u0131\u015ft\u0131. Ancak bu devasa y\u00fckseli\u015fin ard\u0131ndan \u00e7\u00f6k\u00fc\u015f\u00fc de ayn\u0131 \u00f6l\u00e7\u00fcde ani ve sars\u0131c\u0131 oldu. Sovyetler k\u0131sa bir [&hellip;]<\/p>\n","protected":false},"author":1,"featured_media":0,"comment_status":"open","ping_status":"open","sticky":false,"template":"","format":"standard","meta":{"_monsterinsights_skip_tracking":false,"_monsterinsights_sitenote_active":false,"_monsterinsights_sitenote_note":"","_monsterinsights_sitenote_category":0,"footnotes":""},"categories":[49,20,6],"tags":[],"class_list":["post-5505","post","type-post","status-publish","format-standard","hentry","category-arsiv-tr","category-arsiv","category-sosyalist-ulkeler"],"blocksy_meta":[],"_links":{"self":[{"href":"https:\/\/marksizm.org.tr\/index.php?rest_route=\/wp\/v2\/posts\/5505","targetHints":{"allow":["GET"]}}],"collection":[{"href":"https:\/\/marksizm.org.tr\/index.php?rest_route=\/wp\/v2\/posts"}],"about":[{"href":"https:\/\/marksizm.org.tr\/index.php?rest_route=\/wp\/v2\/types\/post"}],"author":[{"embeddable":true,"href":"https:\/\/marksizm.org.tr\/index.php?rest_route=\/wp\/v2\/users\/1"}],"replies":[{"embeddable":true,"href":"https:\/\/marksizm.org.tr\/index.php?rest_route=%2Fwp%2Fv2%2Fcomments&post=5505"}],"version-history":[{"count":2,"href":"https:\/\/marksizm.org.tr\/index.php?rest_route=\/wp\/v2\/posts\/5505\/revisions"}],"predecessor-version":[{"id":5507,"href":"https:\/\/marksizm.org.tr\/index.php?rest_route=\/wp\/v2\/posts\/5505\/revisions\/5507"}],"wp:attachment":[{"href":"https:\/\/marksizm.org.tr\/index.php?rest_route=%2Fwp%2Fv2%2Fmedia&parent=5505"}],"wp:term":[{"taxonomy":"category","embeddable":true,"href":"https:\/\/marksizm.org.tr\/index.php?rest_route=%2Fwp%2Fv2%2Fcategories&post=5505"},{"taxonomy":"post_tag","embeddable":true,"href":"https:\/\/marksizm.org.tr\/index.php?rest_route=%2Fwp%2Fv2%2Ftags&post=5505"}],"curies":[{"name":"wp","href":"https:\/\/api.w.org\/{rel}","templated":true}]}}