{"id":5524,"date":"2025-05-18T15:13:00","date_gmt":"2025-05-18T15:13:00","guid":{"rendered":"https:\/\/marksizm.org.tr\/?p=5524"},"modified":"2025-05-18T15:13:01","modified_gmt":"2025-05-18T15:13:01","slug":"xi-jinping-demokrasi-ve-insan-haklari-sus-degildir","status":"publish","type":"post","link":"https:\/\/marksizm.org.tr\/?p=5524","title":{"rendered":"Xi Jinping: Demokrasi ve \u0130nsan Haklar\u0131 S\u00fcs De\u011fildir"},"content":{"rendered":"\n<h1 class=\"wp-block-heading\" style=\"font-size:clamp(25.5px, 1.594rem + ((1vw - 3.2px) * 1.367), 43px);\">Xi Jinping: Demokrasi ve \u0130nsan Haklar\u0131 S\u00fcs De\u011fildir<\/h1>\n\n\n\n<p style=\"font-size:clamp(16.834px, 1.052rem + ((1vw - 3.2px) * 0.716), 26px);\"><strong>\u00c7eviren G\u00fclizar \u00d6zkaya<\/strong><\/p>\n\n\n\n<p style=\"font-size:clamp(16.834px, 1.052rem + ((1vw - 3.2px) * 0.716), 26px);\"><strong>\u0130nsan haklar\u0131, baz\u0131 gruplar\u0131n veya birka\u00e7 ki\u015finin yararland\u0131\u011f\u0131 ayr\u0131cal\u0131klar\u0131 de\u011fil, geni\u015f halk kitlelerinin ger\u00e7ekten yararland\u0131\u011f\u0131 evrensel ko\u015fullar\u0131 ve maddi olanaklar\u0131 ifade eder. \u00c7in, modern sosyalist bir toplum in\u015fas\u0131 hedefinin merkezine halk merkezli kalk\u0131nma felsefesini yerle\u015ftirmi\u015ftir. \u0130nsan haklar\u0131n\u0131n herkes i\u00e7in ve b\u00fct\u00fcn y\u00f6nleriyle sa\u011flanmas\u0131 yolunda yeni bir yolculu\u011fa ba\u015flam\u0131\u015ft\u0131r.<\/strong><\/p>\n\n\n\n<p style=\"font-size:clamp(16.834px, 1.052rem + ((1vw - 3.2px) * 0.716), 26px);\">&#8211; Bloomberg News haberindeki bir anket firmas\u0131 Dalia Research&#8217;\u00fcn verilerine g\u00f6re, \u00c7inlilerin %84&#8217;\u00fc &#8220;Demokrasinin \u00f6nemli oldu\u011funa&#8221; inan\u0131yor ve %73&#8217;\u00fc &#8220;Benim \u00fclkem demokratiktir&#8221; ifadesine kat\u0131l\u0131yor. Kar\u015f\u0131la\u015ft\u0131rma i\u00e7in, i\u015fte di\u011fer baz\u0131 \u00fclkeler ve e\u015fde\u011fer puanlar\u0131: Brezilya (83\/51), Japonya (60\/46), ABD (73\/49), Almanya (85\/67).<\/p>\n\n\n\n<p style=\"font-size:clamp(16.834px, 1.052rem + ((1vw - 3.2px) * 0.716), 26px);\">&#8211; Harvard \u00dcniversitesi&#8217;nin 2003-2016 y\u0131llar\u0131 aras\u0131nda 32.000 ki\u015fi aras\u0131nda yapt\u0131\u011f\u0131 geni\u015f \u00e7apl\u0131 ara\u015ft\u0131rmaya g\u00f6re, ara\u015ft\u0131rman\u0131n sonu\u00e7land\u0131\u011f\u0131 tarihte &#8220;kat\u0131l\u0131mc\u0131lar\u0131n y\u00fczde 95,5&#8217;i \u00c7in&#8217;in demokrasisinden ya &#8216;nispeten memnun&#8217; ya da &#8216;olduk\u00e7a memnun&#8217; idi.<\/p>\n\n\n\n<p style=\"font-size:clamp(16.834px, 1.052rem + ((1vw - 3.2px) * 0.716), 26px);\">\u00c7in&#8217;de se\u00e7im mekanizmalar\u0131n\u0131n \u00e7ok yayg\u0131n kullan\u0131ld\u0131\u011f\u0131 ve K\u00fcba ile birlikte d\u00fcnyada en s\u0131k se\u00e7im yap\u0131lan 2 \u00fclkeden biri oldu\u011fu biliniyor. \u00c7\u00fcnk\u00fc \u00c7in&#8217;deki 4 siyasal sistemden biri do\u011frudan demokrasidir veya taban demokrasisidir.<\/p>\n\n\n\n<p style=\"font-size:clamp(16.834px, 1.052rem + ((1vw - 3.2px) * 0.716), 26px);\"><strong>Xi Jinping: Demokratik de\u011ferleri ve demokratik idealleri sa\u011flam ve etkili kurumlara ve somut ve ger\u00e7ek demokratik uygulamalara d\u00f6n\u00fc\u015ft\u00fcrmek i\u00e7in \u00e7al\u0131\u015f\u0131rken, a) tarih ve ger\u00e7ekli\u011fin, b) teori ve prati\u011fin ve c) bi\u00e7im ve \u00f6z\u00fcn entegrasyonuna dayanan do\u011fru sistemleri, mekanizmalar\u0131 ve yakla\u015f\u0131mlar\u0131 bulmam\u0131z gerekir.<\/strong><\/p>\n\n\n\n<p style=\"font-size:clamp(16.834px, 1.052rem + ((1vw - 3.2px) * 0.716), 26px);\">S\u00f6yledi\u011fim gibi, bir \u00fclkenin siyasi sisteminin hakikaten demokratik ve etkili olup olmad\u0131\u011f\u0131n\u0131 de\u011ferlendirmenin en iyi yolu, politik liderlerin de\u011fi\u015fiminin d\u00fczenli ve hukuka dayal\u0131 olup olmad\u0131\u011f\u0131na, halk\u0131n devlet ve toplum i\u015flerini, ekonomik ve k\u00fclt\u00fcrel giri\u015fimleri hukuka uygun olarak y\u00f6netip y\u00f6netemedi\u011fine, halk\u0131n bizzat kendi talep ve ihtiya\u00e7lar\u0131n\u0131 a\u00e7\u0131k kanallar arac\u0131l\u0131\u011f\u0131yla ifade edip edemedi\u011fini, toplumun t\u00fcm kesimlerinin \u00fclkenin siyasi i\u015flerine etkin bir \u015fekilde kat\u0131l\u0131p kat\u0131lamad\u0131\u011f\u0131na bakmakt\u0131r. \u00dclkede karar alma s\u00fcrecinin rasyonel ve demokratik bir \u015fekilde y\u00fcr\u00fct\u00fcl\u00fcp y\u00fcr\u00fct\u00fclemedi\u011fi, her alandan ve her kesimden gelen insanlar\u0131n adil bir rekabet yoluyla devlet liderli\u011fine ve idari sistemlere kat\u0131l\u0131p kat\u0131lamad\u0131\u011f\u0131, iktidar partisinin devlet i\u015flerini Anayasa ve yasalara uygun olarak y\u00fcr\u00fct\u00fcp y\u00fcr\u00fctemedi\u011fi ve iktidar\u0131n etkin bir denetim ve g\u00f6zetime tabi olup olmad\u0131\u011f\u0131 ger\u00e7ek demokrasinin \u00f6l\u00e7\u00fct\u00fcd\u00fcr.<\/p>\n\n\n\n<p style=\"font-size:clamp(16.834px, 1.052rem + ((1vw - 3.2px) * 0.716), 26px);\">Demokrasi sergilenecek bir s\u00fcs de\u011fil, halk\u0131 yak\u0131ndan ilgilendiren meselelerin ele al\u0131nmas\u0131n\u0131 sa\u011flayan bir ara\u00e7t\u0131r. Bir \u00fclkenin demokratik olup olmad\u0131\u011f\u0131, halk\u0131n\u0131n ger\u00e7ekten \u00fclkenin\/devletin efendisi olup olmad\u0131\u011f\u0131na ba\u011fl\u0131d\u0131r. Halk\u0131n oy kullanma hakk\u0131na ve daha da \u00f6nemlisi se\u00e7ime kat\u0131lma hakk\u0131na sahip olup olmad\u0131\u011f\u0131na; se\u00e7imler s\u0131ras\u0131nda kendilerine hangi vaatlerin verildi\u011fine ve daha da \u00f6nemlisi se\u00e7imlerden sonra bu vaatlerin ne kadar\u0131n\u0131n yerine getirildi\u011fine; devlet sistemleri ve yasalar arac\u0131l\u0131\u011f\u0131yla ne t\u00fcr siyasi usul ve kurallar\u0131n belirlendi\u011fine ve daha da \u00f6nemlisi bu sistem ve yasalar\u0131n ger\u00e7ekten uygulan\u0131p uygulanmad\u0131\u011f\u0131na; iktidar\u0131n kullan\u0131lmas\u0131na ili\u015fkin kural ve usullerin demokratik olup olmad\u0131\u011f\u0131na ve daha da \u00f6nemlisi iktidar\u0131n kullan\u0131lmas\u0131n\u0131n ger\u00e7ekten kamunun ve kamuoyunun g\u00f6zetimi ve denetimine tabi olup olmad\u0131\u011f\u0131na ba\u011fl\u0131d\u0131r. E\u011fer halkla sadece oy istemek i\u00e7in ili\u015fki kuruluyor ve sonra da halk karanl\u0131kta b\u0131rak\u0131l\u0131yorsa, halk g\u00f6rkemli se\u00e7im sloganlar\u0131n\u0131 dinlemek zorunda kal\u0131yor ama se\u00e7imler bitti\u011finde hi\u00e7bir s\u00f6z hakk\u0131 yoksa ya da sadece se\u00e7imler s\u0131ras\u0131nda adaylar taraf\u0131ndan iyi muamele g\u00f6r\u00fcyor ve sonras\u0131nda g\u00f6rmezden geliniyorsa, bu ger\u00e7ek demokrasi de\u011fildir.<\/p>\n\n\n\n<p style=\"font-size:clamp(16.834px, 1.052rem + ((1vw - 3.2px) * 0.716), 26px);\">K\u0131sacas\u0131, demokrasi t\u00fcm \u00fclkelerin halklar\u0131n\u0131n hakk\u0131d\u0131r, birka\u00e7 ulusun ayr\u0131cal\u0131\u011f\u0131 de\u011fildir. Bir \u00fclkenin demokratik olup olmad\u0131\u011f\u0131 bir avu\u00e7 \u201cmerakl\u0131\u201d yabanc\u0131 taraf\u0131ndan de\u011fil, o \u00fclkenin halk\u0131 taraf\u0131ndan de\u011ferlendirilmelidir. Uluslararas\u0131 toplumda, bir \u00fclkenin demokratik olup olmad\u0131\u011f\u0131, kendi kendini bu g\u00f6reve atayan birka\u00e7 \u201cyarg\u0131\u00e7\u201d taraf\u0131ndan de\u011fil, toplumsal mutabakatla de\u011ferlendirilmelidir. Tek tip ya da tek bir demokrasi modeli yoktur; demokrasinin pek \u00e7ok \u015fekli vard\u0131r. D\u00fcnyan\u0131n say\u0131s\u0131z siyasi sistemini tek bir k\u0131stasa g\u00f6re de\u011ferlendirmek ve farkl\u0131 siyasi ilerleme yollar\u0131n\u0131 tek renkli bir g\u00f6zl\u00fckle olarak incelemek, do\u011fas\u0131 gere\u011fi demokratik de\u011fildir.<\/p>\n\n\n\n<p style=\"font-size:clamp(16.834px, 1.052rem + ((1vw - 3.2px) * 0.716), 26px);\">Deng Xiaoping bir keresinde \u015f\u00f6yle demi\u015fti: \u201cKapitalist toplumlardaki demokrasi burjuva demokrasisidir &#8211; asl\u0131nda tekelci kapitalistlerin demokrasisidir.&nbsp; Bu demokrasi \u00e7ok partili se\u00e7imler, yarg\u0131, y\u00fcr\u00fctme ve yasama g\u00fc\u00e7lerinin ayr\u0131lmas\u0131 ve iki meclisli bir yasama sisteminden ba\u015fka bir \u015fey de\u011fildir. Bizimki Kom\u00fcnist Partisi \u00f6nderli\u011finde halk kongreleri ve halk demokrasisi sistemidir; Bat\u0131&#8217;n\u0131n uygulamalar\u0131n\u0131 benimseyemeyiz. Sosyalist sistemin en b\u00fcy\u00fck avantaj\u0131, merkezi liderlik bir karar ald\u0131\u011f\u0131nda, bu karar\u0131n ba\u015fka herhangi bir \u00e7evreden gelen m\u00fcdahale olmaks\u0131z\u0131n derhal uygulanmas\u0131d\u0131r (demokrasi ile merkeziyet\u00e7ili\u011fin birle\u015fimi)\u201d.<\/p>\n\n\n\n<p style=\"font-size:clamp(16.834px, 1.052rem + ((1vw - 3.2px) * 0.716), 26px);\">Bizim \u00c7in\u2019de benimsedi\u011fimiz, b\u00fct\u00fcnsel s\u00fcre\u00e7leri kapsayan halk demokrasisi, a) s\u00fcre\u00e7 odakl\u0131 demokrasi ile sonu\u00e7 odakl\u0131 demokrasiyi, b) prosed\u00fcrel demokrasi ile \u00f6z nitelik itibariyle demokrasiyi, c) do\u011frudan taban demokrasisi ile dolayl\u0131 yani temsili demokrasiyi ve d) halk demokrasisi ile devletin iradesini b\u00fct\u00fcnle\u015ftirmektedir. Bu sistem, Demokratik s\u00fcrecin t\u00fcm y\u00f6nlerini ve toplumun t\u00fcm kesimlerini kapsayan bir demokrasidir. En geni\u015f kapsamda, en ger\u00e7ek nitelikte ve m\u00fcmk\u00fcn olan en b\u00fcy\u00fck etkiye sahip sosyalist bir demokrasidir. Halk\u0131n \u00fclkenin efendisi oldu\u011fu fikrinin somut ve elle tutulur bir \u015fekilde Partimizin y\u00f6netim politikalar\u0131na yans\u0131mas\u0131 i\u00e7in, halk demokrasisinin Parti ve devlet kurumlar\u0131n\u0131n \u00e7al\u0131\u015fmalar\u0131n\u0131n t\u00fcm y\u00f6nlerine ve d\u00fczeylerine ve halk\u0131n daha iyi bir ya\u015fam \u00f6zlemlerini ger\u00e7ekle\u015ftirme \u00e7abalar\u0131m\u0131za yans\u0131d\u0131\u011f\u0131n\u0131 g\u00f6rmek i\u00e7in t\u00fcm s\u00fcre\u00e7lerde halk demokrasisini geli\u015ftirmeye devam etmeliyiz.<\/p>\n\n\n\n<p style=\"font-size:clamp(16.834px, 1.052rem + ((1vw - 3.2px) * 0.716), 26px);\">\u0130nsan ya\u015fam\u0131n\u0131, de\u011ferini ve onurunu korumak ve herkes i\u00e7in insan haklar\u0131n\u0131 ger\u00e7ekle\u015ftirmek, insan toplumunun ortak aray\u0131\u015f\u0131d\u0131r. \u00c7in k\u00fclt\u00fcr\u00fc her zaman insana sayg\u0131 ve \u00f6zeni vurgulam\u0131\u015ft\u0131r. Konf\u00fc\u00e7y\u00fcs&#8217;\u00fcn \u201cH\u00fckmetmenin gere\u011fi, insanlar\u0131 sevmektir.\u201d s\u00f6z\u00fc, Mensiy\u00fcs&#8217;\u00fcn \u201c\u0130yi ahlak, insanlar\u0131 harekete ge\u00e7irir.\u201d s\u00f6z\u00fc, Xunzi\u2019nin insan\u0131n d\u00fcnyadaki en de\u011ferli varl\u0131k olmas\u0131na dair s\u00f6zleri buna i\u015faret eder. Eski atalar\u0131m\u0131z de \u015f\u00f6yle demi\u015ftir: \u201cHer \u015fey i\u00e7inde en de\u011ferlisi insand\u0131r.\u201d \u201cB\u00fcy\u00fck i\u015fler ba\u015farmak i\u00e7in insan odakl\u0131 d\u00fc\u015f\u00fcnmek gerekir.\u201d B\u00fcy\u00fck Britanya, Amerika Birle\u015fik Devletleri, Fransa ve di\u011fer \u00fclkelerde burjuva devrimlerinin ortaya koydu\u011fu gibi b\u00fct\u00fcn insanlar e\u015fit yarat\u0131lm\u0131\u015ft\u0131r ve devredilemez. b\u00f6l\u00fcnemez haklara sahiptir.<\/p>\n\n\n\n<p style=\"font-size:clamp(16.834px, 1.052rem + ((1vw - 3.2px) * 0.716), 26px);\">Marx ve Engels, burjuva insan haklar\u0131 teorisinin tarihsel ve ilerici rol\u00fcn\u00fc teslim ettiler. Ama ayn\u0131 zamanda burjuva devrimlerinin insan haklar\u0131n\u0131 ink\u00e2r eden toplumsal, tarihsel ve s\u0131n\u0131fsal do\u011fas\u0131n\u0131 ba\u015ftan sona ele\u015ftirdiler. Marx\u2019a g\u00f6re, \u201cinsan sosyal bir varl\u0131kt\u0131r.\u201d ve \u201cBir toplumdaki Haklar asla toplumun ekonomik yap\u0131s\u0131n\u0131n ve bu ekonomik yap\u0131n\u0131n belirledi\u011fi k\u00fclt\u00fcrel geli\u015fimin \u00f6tesine ge\u00e7emez\u201d demi\u015ftir. Marx ve Engels, kapitalist toplumda \u201cinsan\u0131n art\u0131k insan\u0131n k\u00f6lesi de\u011fil, \u015feylerin k\u00f6lesi h\u00e2line geldi\u011fini\u201d vurgulad\u0131lar. Ancak \u201cs\u0131n\u0131flar ve s\u0131n\u0131f kar\u015f\u0131tl\u0131klar\u0131yla birlikte eski burjuva toplumu gidecek bunun yerine mutlaka, her bir insan\u0131n \u00f6zg\u00fcr geli\u015fiminin toplumdaki herkesin \u00f6zg\u00fcr geli\u015fiminin \u00f6n ko\u015fulu oldu\u011fu toplumunun kurulaca\u011f\u0131n\u0131\u201d s\u00f6ylediler. (Kom\u00fcnist Manifesto)<\/p>\n\n\n\n<p style=\"font-size:clamp(16.834px, 1.052rem + ((1vw - 3.2px) * 0.716), 26px);\">\u0130nsan haklar\u0131na sayg\u0131 duymak ve sahip \u00e7\u0131kmak, \u00c7inli kom\u00fcnistlerin kesintisiz aray\u0131\u015f\u0131d\u0131r. Partimiz, kurulu\u015fundan bu yana \u201cdemokrasi ve insan haklar\u0131 m\u00fccadelesi\u201d bayra\u011f\u0131n\u0131 hep y\u00fcksekte tutmu\u015f, \u00fclkeyi ve halk\u0131 \u00f6zg\u00fcrle\u015ftirmenin yan\u0131 s\u0131ra insan haklar\u0131 i\u00e7in m\u00fccadele etme anlay\u0131\u015f\u0131n\u0131 da a\u00e7\u0131k\u00e7a ilan etmi\u015ftir. \u00c7in<\/p>\n\n\n\n<p style=\"font-size:clamp(16.834px, 1.052rem + ((1vw - 3.2px) * 0.716), 26px);\">Kom\u00fcnist Partisi&#8217;nin y\u00fcz y\u0131ll\u0131k m\u00fccadele tarihi; insanlar\u0131, insan haklar\u0131n\u0131 koruma ve geli\u015ftirme m\u00fccadelesine kazanmak i\u00e7in kesintisiz \u00e7abalar\u0131n tarihidir. Yeni Demokratik Devrim, sosyalist devrim ve sosyalist in\u015fa d\u00f6nemi, daha sonraki reform ve d\u0131\u015fa a\u00e7\u0131lma ile sosyalist modernle\u015fme d\u00f6nemi boyunca Partimiz, \u00c7in halk\u0131n\u0131n mutlulu\u011fu ve \u00c7in ulusunun aya\u011fa kalk\u0131p yenilenmesi i\u00e7in ba\u015flang\u0131\u00e7ta belirledi\u011fi kurulu\u015f amac\u0131n\u0131 s\u0131k\u0131 s\u0131k\u0131ya takip etmi\u015ftir. \u00c7in milleti ve halk\u0131n\u0131 devrime ula\u015ft\u0131rm\u0131\u015ft\u0131r. Sosyalist \u0130n\u015fa ve reformun b\u00fcy\u00fck zaferi ile \u00c7in halk\u0131, \u00fclkenin, toplumun ve kendi kaderinin efendisi h\u00e2line gelmi\u015f ve \u00c7in halk\u0131n\u0131n ge\u00e7im, kalk\u0131nma ve di\u011fer temel haklar\u0131n\u0131n korunmas\u0131nda ilerleme devam etmi\u015ftir.<\/p>\n\n\n\n<p style=\"font-size:clamp(16.834px, 1.052rem + ((1vw - 3.2px) * 0.716), 26px);\"><strong>Demokrasi ve \u0130nsan Haklar\u0131 S\u00fcs De\u011fildir: Bat\u0131n\u0131n Kibri<\/strong><\/p>\n\n\n\n<p style=\"font-size:clamp(16.834px, 1.052rem + ((1vw - 3.2px) * 0.716), 26px);\">Demokrasi ve insan haklar\u0131 bir s\u00fcs olmad\u0131\u011f\u0131 gibi dekorasyon i\u00e7in kullan\u0131lacak bir \u015fey de de\u011fildir. Son y\u0131llarda, baz\u0131 Bat\u0131l\u0131 \u00fclkeler, \u015fiddetli siyasi parti kavgalar\u0131, h\u00fck\u00fbmet sahtek\u00e2rl\u0131klar\u0131, sosyal d\u00fczensizlikler ve denetimlerinden \u00e7\u0131kan Covid ve di\u011fer salg\u0131nlar\u0131n a\u00e7maz\u0131na d\u00fc\u015ft\u00fcler. Siyasi kutupla\u015fma, zengin ve fakir aras\u0131ndaki u\u00e7urumun artmas\u0131 ve etnik d\u00fc\u015fmanl\u0131klar yo\u011funla\u015ft\u0131. Irk\u00e7\u0131l\u0131k, pop\u00fclizm ve yabanc\u0131 d\u00fc\u015fmanl\u0131\u011f\u0131 \u00fcst\u00fcn geldi ve insan haklar\u0131 sorunlar\u0131 giderek daha fazla \u00f6ne \u00e7\u0131kt\u0131.<\/p>\n\n\n\n<p style=\"font-size:clamp(16.834px, 1.052rem + ((1vw - 3.2px) * 0.716), 26px);\">Bununla birlikte, s\u00f6zde \u201cevrensel insan haklar\u0131\u201d ve \u201cinsan haklar\u0131 egemenlikten \u00fcst\u00fcnd\u00fcr\u201d pankartlar\u0131 alt\u0131nda, d\u00fcnyaya Bat\u0131\u2019n\u0131n demokratik insan haklar\u0131 kavramlar\u0131n\u0131 ve sistemlerini zorla dayatmaya kalk\u0131yorlar. Ayr\u0131ca, di\u011fer \u00fclkelerin i\u00e7 i\u015flerine m\u00fcdahale etmek, uzun vadeli toplumsal huzursuzluklar \u00e7\u0131karmak ve insanlar\u0131 yurtlar\u0131ndan etmek i\u00e7in insan haklar\u0131 meselelerini ama\u00e7lar\u0131na alet ediyorlar.<\/p>\n\n\n\n<p style=\"font-size:clamp(16.834px, 1.052rem + ((1vw - 3.2px) * 0.716), 26px);\"><strong>\u00c7in\u2019in 10 Y\u0131ll\u0131k \u0130nsan Haklar\u0131n\u0131 Geli\u015ftirme Prati\u011fi<\/strong><\/p>\n\n\n\n<p style=\"font-size:clamp(16.834px, 1.052rem + ((1vw - 3.2px) * 0.716), 26px);\">\u00c7in Kom\u00fcnist Partisi\u2019nin 2012 y\u0131l\u0131ndaki 18. Ulusal Kongresi&#8217;nden bu yana, \u00fclke y\u00f6netiminde \u00f6nemli bir g\u00f6rev olarak insan haklar\u0131na sayg\u0131 g\u00f6sterilmesi ve korunmas\u0131nda \u0131srar ettik ve \u00fclkemizde insan haklar\u0131n\u0131n tarih\u00ee ba\u015far\u0131s\u0131n\u0131 s\u00fcrd\u00fcrd\u00fck. Her y\u00f6n\u00fcyle orta h\u00e2lli bir refah toplumu in\u015fa etmek i\u00e7in koydu\u011fumuz 2021 hedeflerine zaman\u0131ndan \u00f6nce ula\u015ft\u0131k; mutlak yoksulluk sorununu tarihsel bir \u00e7\u00f6z\u00fcme kavu\u015fturduk ve \u00fclkemizin insan haklar\u0131 davas\u0131n\u0131n geli\u015fimi i\u00e7in daha sa\u011flam bir maddi temel olu\u015fturduk. B\u00fct\u00fcn bu s\u00fcre\u00e7 boyunca halk demokrasisini geli\u015ftirmeye, insan haklar\u0131n\u0131n ve hukukun \u00fcst\u00fcnl\u00fc\u011f\u00fcn\u00fcn korunmas\u0131n\u0131 desteklemeye devam ettik. \u0130nsanlar\u0131n daha geni\u015f, daha eksiksiz ve daha kapsaml\u0131 demokratik haklardan yararlanabilmeleri i\u00e7in sosyal adalet ve hakkaniyeti kararl\u0131l\u0131kla korumay\u0131 s\u00fcrd\u00fcr\u00fcyoruz. Daha yeterli ve daha kaliteli istihdam\u0131n ger\u00e7ekle\u015ftirilmesini destekledik; d\u00fcnyan\u0131n en b\u00fcy\u00fck e\u011fitim sistemini, sosyal g\u00fcvenlik sistemini, t\u0131p ve sa\u011fl\u0131k sistemini in\u015fa ettik ve insanlar\u0131n ya\u015fam ortamlar\u0131n\u0131n kalitesini g\u00fc\u00e7l\u00fc bir \u015fekilde iyile\u015ftirdik. \u0130nsanlara ve insan hayat\u0131na \u00f6ncelik verme ilkesine ba\u011fl\u0131y\u0131z. \u0130nsanlar\u0131n hayatlar\u0131n\u0131 ve sa\u011fl\u0131\u011f\u0131n\u0131 m\u00fcmk\u00fcn olan en b\u00fcy\u00fck \u00f6l\u00e7\u00fcde koruyarak COVID-19 salg\u0131n\u0131na g\u00fc\u00e7l\u00fc bir yan\u0131t verdik. Partimizin etnik ve din\u00ee politikalar\u0131n\u0131 eksiksiz uyguluyor, t\u00fcm etnik gruplar\u0131n e\u015fitli\u011finde \u0131srar ediyor, kitlelerin din\u00ee inan\u00e7lar\u0131na sayg\u0131 g\u00f6steriyor ve t\u00fcm etnik gruplardan insanlar\u0131n me\u015fru hak ve \u00e7\u0131karlar\u0131n\u0131 koruyoruz.<\/p>\n\n\n\n<p style=\"font-size:clamp(16.834px, 1.052rem + ((1vw - 3.2px) * 0.716), 26px);\">Yarg\u0131 sisteminin reformunu derinle\u015ftirdik, g\u00fcvenli ve hukukun \u00fcst\u00fcn oldu\u011fu bir \u00c7in\u2019in in\u015fas\u0131n\u0131 g\u00fc\u00e7lendirdik, siyaset ve hukuk kadrolar\u0131n\u0131n kapsaml\u0131 e\u011fitimini ger\u00e7ekle\u015ftirdik, \u00e7e\u015fitli yasa d\u0131\u015f\u0131 ve su\u00e7 te\u015fkil eden faaliyetlerle amans\u0131z bir \u015fekilde m\u00fccadele ettik, uzun vadeli sosyal istikrar\u0131 sa\u011flad\u0131k ve insanlar\u0131n ya\u015famlar\u0131n\u0131 ve m\u00fclkiyet haklar\u0131n\u0131 etkin bir \u015fekilde koruduk. \u00dclkemiz, d\u00f6rt a\u015famal\u0131 ulusal insan haklar\u0131 eylem plan\u0131n\u0131 s\u00fcrekli olarak g\u00fcncellemi\u015f ve uygulam\u0131\u015f olan d\u00fcnyadaki tek b\u00fcy\u00fck \u00fclkedir. K\u00fcresel insan haklar\u0131 y\u00f6neti\u015fimine aktif olarak kat\u0131l\u0131yoruz ve d\u00fcnya insan haklar\u0131 davas\u0131n\u0131n geli\u015fimine \u00c7in\u2019in katk\u0131lar\u0131n\u0131 ve \u00e7\u00f6z\u00fcmlerini sunuyoruz.<\/p>\n\n\n\n<p style=\"font-size:clamp(16.834px, 1.052rem + ((1vw - 3.2px) * 0.716), 26px);\">\u00dclkemizin insan haklar\u0131 davas\u0131n\u0131n geli\u015fimini daha y\u00fcksek seviyelere ta\u015f\u0131ma prati\u011finde, Marksist insan haklar\u0131 kavram\u0131n\u0131 \u00c7in&#8217;in somut ger\u00e7ekli\u011fi ve \u00fclkemizin parlak geleneksel k\u00fclt\u00fcr\u00fc ile birle\u015ftirmi\u015f, partimizin insanlar\u0131, insanlara sayg\u0131 ve insan haklar\u0131n\u0131 korumaya y\u00f6nlendirmedeki ba\u015far\u0131l\u0131 deneyimini s\u00fczm\u00fc\u015f, di\u011fer t\u00fcm uygarl\u0131klar\u0131n ba\u015far\u0131lar\u0131ndan dersler \u00e7\u0131karm\u0131\u015f, \u00e7a\u011f\u0131n gereklerine ve \u00fclkenin ulusal ko\u015fullar\u0131na uygun bir insan haklar\u0131 geli\u015fim yoluna girmi\u015f bulunuyoruz. <strong>Bu yol, a\u015fa\u011f\u0131daki ana \u00f6zellikleri ta\u015f\u0131maktad\u0131r.<\/strong><\/p>\n\n\n\n<p style=\"font-size:clamp(16.834px, 1.052rem + ((1vw - 3.2px) * 0.716), 26px);\"><strong>HALKA G\u00d6N\u00dcLDEN H\u0130ZMET ETMEK<\/strong><\/p>\n\n\n\n<p style=\"font-size:clamp(16.834px, 1.052rem + ((1vw - 3.2px) * 0.716), 26px);\"><strong>Birincisi, demokrasi ve insan haklar\u0131n\u0131n in\u015fas\u0131nda \u00c7in Kom\u00fcnist Partisi&#8217;nin \u00f6nderli\u011fine ba\u011fl\u0131l\u0131k esast\u0131r.<\/strong> Halka g\u00f6n\u00fclden hizmet etmek partimizin temel amac\u0131d\u0131r. \u00c7in Kom\u00fcnist Partisinin \u00f6nderli\u011fi ve \u00fclkemizin sosyalist sistemi, \u00c7in\u2019deki insan haklar\u0131 davas\u0131n\u0131n sosyalist do\u011fas\u0131n\u0131 belirledi; insanlar\u0131n \u00fclkenin ve devletin efendisi olmas\u0131n\u0131 sa\u011flayabilece\u011fimizi, insan haklar\u0131n\u0131n e\u015fit payla\u015f\u0131m\u0131na ba\u011fl\u0131 kalaca\u011f\u0131m\u0131z\u0131, insan haklar\u0131 in\u015fas\u0131n\u0131n planlanmas\u0131n\u0131 sistematik bir d\u00fc\u015f\u00fcnceyle yapmakta ve insan haklar\u0131n\u0131n \u00e7ok y\u00f6nl\u00fc geli\u015fiminin desteklenmesinde \u0131srar edece\u011fimizi ortaya koyduk. Halk\u0131n b\u00fcy\u00fck \u00e7o\u011funlu\u011funun temel \u00e7\u0131karlar\u0131n\u0131 ger\u00e7ekle\u015ftirmeye, korumaya ve geli\u015ftirmeye devam edece\u011fiz.<\/p>\n\n\n\n<p style=\"font-size:clamp(16.834px, 1.052rem + ((1vw - 3.2px) * 0.716), 26px);\"><strong>\u0130kincisi, halk\u0131n \u00fclkenin efendisi olmas\u0131 ilkesine sayg\u0131y\u0131 s\u00fcrd\u00fcrmektir. <\/strong>Halk\u0131n toplumdaki ve devletteki stat\u00fcs\u00fc, \u00c7in&#8217;in insan haklar\u0131 geli\u015fim yolunun en belirgin \u00f6zelli\u011fidir. \u0130nsan haklar\u0131, baz\u0131 gruplar\u0131n veya birka\u00e7 ki\u015finin yararland\u0131\u011f\u0131 ayr\u0131cal\u0131klar de\u011fil, geni\u015f halk kitlelerinin yararland\u0131\u011f\u0131 evrensel haklard\u0131r. Halk\u0131n demokratik haklar\u0131n\u0131 koruyor; co\u015fkusunu, inisiyatifini ve yarat\u0131c\u0131l\u0131\u011f\u0131n\u0131 tam olarak te\u015fvik ediyor; insanlar\u0131 insan haklar\u0131n\u0131n geli\u015fiminin \u00f6zneleri ve kat\u0131l\u0131mc\u0131lar\u0131 yaparken insan haklar\u0131n\u0131n geli\u015fiminden yararland\u0131klar\u0131ndan emin oluyoruz. \u0130nsanlar\u0131n \u00e7ok y\u00f6nl\u00fc geli\u015fimini ve ortak refah\u0131 etkin bir \u015fekilde ilerletme yolunda b\u00fcy\u00fck bir a\u015fama kaydetmi\u015f bulunuyoruz.<\/p>\n\n\n\n<p style=\"font-size:clamp(16.834px, 1.052rem + ((1vw - 3.2px) * 0.716), 26px);\"><strong>\u00dc\u00e7\u00fcnc\u00fcs\u00fc, \u00fclkemizin ger\u00e7e\u011fine ba\u011fl\u0131 kalmakt\u0131r.<\/strong> Her \u00fclkenin insan haklar\u0131n\u0131 geli\u015ftirme yolu, kendi ulusal ko\u015fullar\u0131na ve kendi halk\u0131n\u0131n isteklerine g\u00f6re belirlenmelidir. \u0130nsan haklar\u0131n\u0131n evrenselli\u011fi ilkesini \u00c7in&#8217;in fiil\u00ee ko\u015fullar\u0131yla birle\u015ftiriyor, insan haklar\u0131 davas\u0131n\u0131n \u00fclkemizin ulusal ko\u015fullar\u0131na ve halk\u0131n gereksinimlerine dayal\u0131 olarak geli\u015fmesini te\u015fvik ediyor, insanlar\u0131n yasalarla uyum i\u00e7inde kapsaml\u0131, tam, ger\u00e7ek, \u00f6zg\u00fcn ve etkin bir \u015fekilde insan haklar\u0131ndan yararlanmalar\u0131n\u0131 g\u00fcvence alt\u0131na al\u0131yoruz.<\/p>\n\n\n\n<p style=\"font-size:clamp(16.834px, 1.052rem + ((1vw - 3.2px) * 0.716), 26px);\"><strong>D\u00f6rd\u00fcnc\u00fcs\u00fc, insanlar\u0131n ge\u00e7inme ve \u00e7ok y\u00f6nl\u00fc geli\u015fme hakk\u0131na \u00f6ncelik vermektir.<\/strong> Hayatta ayakta kalmak, t\u00fcm insan haklar\u0131ndan yararlanman\u0131n temelidir ve insanlar i\u00e7in mutlu bir ya\u015fam en b\u00fcy\u00fck insan hakk\u0131d\u0131r. Yeni kalk\u0131nma \u00e7er\u00e7evesini tam, do\u011fru ve kapsaml\u0131 bir \u015fekilde uyguluyoruz. \u0130nsan merkezli kalk\u0131nma felsefesine ba\u011fl\u0131l\u0131\u011f\u0131m\u0131z\u0131 s\u00fcrd\u00fcr\u00fcyoruz. Kalk\u0131nman\u0131n insanlar i\u00e7in olmas\u0131nda, insanlara ba\u011fl\u0131 ve sonu\u00e7lar\u0131n\u0131n da insanlar taraf\u0131ndan payla\u015f\u0131l\u0131yor olmas\u0131nda \u0131srar ediyoruz. \u0130nsanlar\u0131n en do\u011frudan ve pratik \u00e7\u0131karlar\u0131yla ilgili meseleleri \u00e7\u00f6zmek i\u00e7in m\u00fccadele ediyoruz. Dengesiz ve yetersiz kalk\u0131nmay\u0131 a\u015fmak, daha kaliteli, daha verimli, daha adil, daha s\u00fcrd\u00fcr\u00fclebilir ve daha g\u00fcvenli bir ortamda kalk\u0131nmay\u0131 sa\u011flamak ve bir kalk\u0131nma s\u00fcrecinde insanlar\u0131n kazan\u00e7, mutluluk ve g\u00fcvenlik duygular\u0131n\u0131 daha tatmin edici ve istikrarl\u0131 k\u0131lmak i\u00e7in \u00e7aba g\u00f6steriyoruz.<\/p>\n\n\n\n<p style=\"font-size:clamp(16.834px, 1.052rem + ((1vw - 3.2px) * 0.716), 26px);\"><strong>Be\u015fincisi, yasalara ve hukukun \u00fcst\u00fcnl\u00fc\u011f\u00fcne ba\u011fl\u0131 kalmakt\u0131r.<\/strong> Hukukun \u00fcst\u00fcnl\u00fc\u011f\u00fc, insan haklar\u0131n\u0131n en etkili g\u00fcvencesidir. Herkesin kanun \u00f6n\u00fcnde e\u015fit olmas\u0131 konusunda \u0131srar ediyoruz. Yasama, kolluk kuvvetleri, yarg\u0131 ve yasal uygulamalar\u0131n her alan\u0131nda insan haklar\u0131na sayg\u0131 g\u00f6sterip bu haklar\u0131 koruyoruz. Haklar\u0131n, f\u0131rsatlar\u0131n ve kurallar\u0131n adil bir \u015fekilde temin edilmesini sa\u011flayan, vatanda\u015flar\u0131n ki\u015filik haklar\u0131n\u0131, m\u00fclkiyet haklar\u0131n\u0131, \u00f6zl\u00fck haklar\u0131n\u0131, bizzat kendilerini koruyan bir hukuk sisteminin geli\u015fimini h\u0131zland\u0131r\u0131yoruz. Demokratik se\u00e7imlere, demokratik isti\u015farelere, demokratik karar alma, y\u00f6netim ve denetim ile di\u011fer temel siyasi haklara kat\u0131l\u0131m\u0131 temin ederken vatanda\u015flar\u0131n ekonomik, k\u00fclt\u00fcrel, sosyal, \u00e7evresel ve di\u011fer alanlarda haklar\u0131n\u0131 koruyor ve insan haklar\u0131n\u0131n yasal koruma d\u00fczeyini s\u00fcrekli iyile\u015ftiriyoruz.<\/p>\n\n\n\n<p style=\"font-size:clamp(16.834px, 1.052rem + ((1vw - 3.2px) * 0.716), 26px);\"><strong>Alt\u0131nc\u0131s\u0131, \u00c7in\u2019in k\u00fcresel insan haklar\u0131 y\u00f6neti\u015fimine etkin kat\u0131l\u0131mda \u0131srar etmektir.<\/strong> \u0130nsan haklar\u0131n\u0131n geli\u015fmesi t\u00fcm insanl\u0131\u011f\u0131n ortak amac\u0131d\u0131r. \u0130nsan haklar\u0131n\u0131n korunmas\u0131 yapabilece\u011fimizin en iyisi de\u011fil, g\u00f6rece iyi oland\u0131r. T\u00fcm \u00fclkeler, insan haklar\u0131n\u0131 geli\u015ftirme yolunu ba\u011f\u0131ms\u0131z olarak se\u00e7me hakk\u0131na sahiptir. Farkl\u0131 medeniyetler ve \u00fclkeler birbirlerine sayg\u0131 duymal\u0131, birbirlerine ho\u015fg\u00f6r\u00fc g\u00f6stermeli, birbirleriyle ileti\u015fim kurmal\u0131 ve birbirlerinden \u00f6\u011frenmelidir. T\u00fcm insanl\u0131\u011f\u0131n ortak de\u011ferlerini ileriye ta\u015f\u0131yor, hakiki \u00e7ok tarafl\u0131l\u0131\u011f\u0131 uyguluyor, insan haklar\u0131 da d\u00e2hil olmak \u00fczere k\u00fcresel y\u00f6neti\u015fim sisteminin reformuna ve in\u015fas\u0131na etkin olarak kat\u0131l\u0131yor ve insanl\u0131k i\u00e7in ortak gelece\u011fe sahip bir toplum in\u015fas\u0131n\u0131 te\u015fvik ediyoruz.<\/p>\n\n\n\n<p style=\"font-size:clamp(16.834px, 1.052rem + ((1vw - 3.2px) * 0.716), 26px);\">Bu alt\u0131 nokta, yaln\u0131zca \u00c7in&#8217;in insan haklar\u0131 geli\u015fiminin ana \u00f6zellikleri de\u011fil, ayn\u0131 zamanda \u00fclkemizin insan haklar\u0131 davas\u0131n\u0131 ilerletme prati\u011finde kazand\u0131\u011f\u0131m\u0131z k\u0131ymetli deneyimin \u00f6zetidir.<\/p>\n\n\n\n<p style=\"font-size:clamp(16.834px, 1.052rem + ((1vw - 3.2px) * 0.716), 26px);\"><strong>\u00d6N\u00dcM\u00dcZDEK\u0130 G\u00d6REVLER<\/strong><\/p>\n\n\n\n<p style=\"font-size:clamp(16.834px, 1.052rem + ((1vw - 3.2px) * 0.716), 26px);\">Bug\u00fcn \u00fclkemiz \u00e7ok y\u00f6nl\u00fc bir modern sosyalist \u00fclke in\u015fa etmek i\u00e7in yeni bir yolculu\u011fa ba\u015flam\u0131\u015ft\u0131r. \u00c7in, ikinci 100. y\u0131l yani 2049 hedefine do\u011fru ilerliyor. Hem \u00fclke i\u00e7i hem de uluslararas\u0131 ko\u015fullar\u0131 e\u015fg\u00fcd\u00fcm i\u00e7inde y\u00f6netmeli, insan haklar\u0131 \u00e7al\u0131\u015fmalar\u0131n\u0131n \u00f6nemini ve aciliyetini derinlemesine kavramal\u0131, insan haklar\u0131na sayg\u0131 duymaya ve korumaya daha fazla dikkat etmeli ve \u00c7in\u2019in insan haklar\u0131 davas\u0131n\u0131n sa\u011fl\u0131kl\u0131 geli\u015fimi i\u00e7in \u00e7al\u0131\u015fmal\u0131y\u0131z. Bu do\u011frultuda meselenin a\u015fa\u011f\u0131daki y\u00f6nlerine odaklanmam\u0131z gerekiyor.<\/p>\n\n\n\n<p style=\"font-size:clamp(16.834px, 1.052rem + ((1vw - 3.2px) * 0.716), 26px);\"><strong>Birincisi, insan haklar\u0131n\u0131n \u00e7ok y\u00f6nl\u00fc geli\u015fimini te\u015fvik etmektir.<\/strong> Daha \u00f6nce \u201c\u00c7in ulusunun b\u00fcy\u00fck yenilenme hedefine ili\u015fkin s\u00fcre\u00e7, esasen sosyal e\u015fitlik ile adaleti sa\u011flama ve insan haklar\u0131 geli\u015fimini s\u00fcrekli olarak ilerletme s\u00fcrecidir.\u201d demi\u015ftim. \u00c7in&#8217;e \u00f6zg\u00fc demokrasi ve insan haklar\u0131n\u0131n geli\u015fim yoluna ba\u011fl\u0131 kalmam\u0131z, insanlar\u0131n kaliteli ve g\u00fczel bir ya\u015fam beklentilerine yan\u0131t vermemiz, insanlar\u0131n artan hak taleplerini s\u00fcrekli olarak kar\u015f\u0131lamam\u0131z gerekiyor. Ayr\u0131ca ekonomik kalk\u0131nma, demokrasi ve hukukun \u00fcst\u00fcnl\u00fc\u011f\u00fc, ideoloji ve k\u00fclt\u00fcr, adalet, sosyal y\u00f6netim ve do\u011fa dostu siyasetleri e\u015f g\u00fcd\u00fcm i\u00e7inde takip etmeli ve ilerletmeliyiz. \u0130stihdam, gelir da\u011f\u0131l\u0131m\u0131, e\u011fitim, sosyal g\u00fcvenlik, t\u0131bbi bak\u0131m, bar\u0131nma, ya\u015fl\u0131l\u0131k bak\u0131m\u0131 ve nafaka alanlar\u0131nda \u00e7al\u0131\u015fmalara ve maddi uygarl\u0131k, siyasi uygarl\u0131k, manevi uygarl\u0131k ile sosyal ve ekolojik alanlarda uygarla\u015fman\u0131n e\u015f g\u00fcd\u00fcm i\u00e7inde geli\u015fimine ve t\u00fcm insan haklar\u0131n\u0131 kapsaml\u0131 bir \u015fekilde geli\u015ftirmeye odaklanmal\u0131y\u0131z.<\/p>\n\n\n\n<p style=\"font-size:clamp(16.834px, 1.052rem + ((1vw - 3.2px) * 0.716), 26px);\"><strong>\u0130kincisi, insan haklar\u0131n\u0131 ve hukukun \u00fcst\u00fcnl\u00fc\u011f\u00fcn\u00fc daha g\u00fc\u00e7l\u00fc korumakt\u0131r.<\/strong> H\u00e2lihaz\u0131rda, \u00fclkemizde insan haklar\u0131n\u0131n yasal olarak korunmas\u0131 konusunda h\u00e2l\u00e2 bir\u00e7ok eksiklik var. Hukuk devleti reformunun derinle\u015ftirilmesi, insan haklar\u0131na y\u00f6nelik yasal koruma mekanizmalar\u0131n\u0131n iyile\u015ftirilmesi, insan haklar\u0131na sayg\u0131 g\u00f6sterilmesinin ve korunmas\u0131n\u0131n zincirin t\u00fcm halkalar\u0131nda ger\u00e7ekle\u015ftirilmesi gerekmektedir. Halk\u0131n hukuk sisteminin her koluna d\u00e2hil olabilmesi, hakkaniyet ve adaletin her yarg\u0131 davas\u0131nda hissedilmesi i\u00e7in mevzuat, kanun uygulama, adalet ve kanuna uyma s\u00fcre\u00e7lerinin ve kapsam\u0131n\u0131n derinle\u015ftirilmesi \u015fartt\u0131r. Halk\u0131n g\u00fc\u00e7l\u00fc bir \u015fekilde yans\u0131tt\u0131\u011f\u0131, hukukun \u00fcst\u00fcnl\u00fc\u011f\u00fcne ili\u015fkin sorunlar\u0131n sistemli olarak incelenmesi, planlanmas\u0131 ve \u00e7\u00f6z\u00fclmesi gerekmektedir. Halk\u0131n taleplerini hukuka uygun olarak adil bir \u015fekilde ele almak ve yarg\u0131 adaletsizli\u011fi nedeniyle halk\u0131n duygular\u0131n\u0131 inciten ve halk\u0131n hak ve menfaatlerini zedeleyen olaylar\u0131n meydana gelmesini kararl\u0131l\u0131kla \u00f6nlemek gerekmektedir. Kitlelerin me\u015fru haklar\u0131n\u0131 ihlal eden t\u00fcm eylemler ve bu hak ihlallerine kar\u015f\u0131 kay\u0131ts\u0131zl\u0131k, ciddi bir \u015fekilde soru\u015fturulmal\u0131, hukuka g\u00f6re cezaland\u0131r\u0131lmal\u0131 ve kararl\u0131l\u0131kla takip edilmelidir.<\/p>\n\n\n\n<p style=\"font-size:clamp(16.834px, 1.052rem + ((1vw - 3.2px) * 0.716), 26px);\"><strong>\u00dc\u00e7\u00fcnc\u00fcs\u00fc, insan haklar\u0131na dair do\u011fru kavray\u0131\u015f\u0131 ileriye ta\u015f\u0131makt\u0131r.<\/strong> \u00c7e\u015fitli bi\u00e7imler, kanallar ve vesilelerle insan haklar\u0131 tan\u0131t\u0131m\u0131n\u0131n ve bilgisinin etkili \u015fekilde yay\u0131lmas\u0131 ve t\u00fcm toplumda insan haklar\u0131na sayg\u0131 g\u00f6sterilmesi ve korunmas\u0131 i\u00e7in uygun bir iklim yaratmam\u0131z gerekiyor. Ba\u015fta gen\u00e7ler olmak \u00fczere t\u00fcm halk aras\u0131nda insan haklar\u0131 e\u011fitimi verilmesi ve Marksist insan haklar\u0131 kavram\u0131n\u0131n ve \u00e7a\u011fda\u015f \u00c7in insan haklar\u0131 e\u011fitiminin ulusal e\u011fitim sistemine d\u00e2hil edilmesi gerekiyor. Ba\u015fta halkla i\u00e7 i\u00e7e olan kamu g\u00f6revlileri olmak \u00fczere t\u00fcm kamu g\u00f6revlilerine verilen kamu g\u00fcvenli\u011fi, mahkemeler, savc\u0131l\u0131klar, vatanda\u015fl\u0131k hizmetleri, sosyal g\u00fcvenlik, sa\u011fl\u0131k hizmetleri, vergilendirme, piyasa denetimi ve di\u011fer alanlara dair insan haklar\u0131 e\u011fitimlerinin g\u00fc\u00e7lendirilmesi gerekiyor.&nbsp; Kad\u0131nlar, \u00e7ocuklar, ya\u015fl\u0131lar ve engelliler gibi belirli kesimlerin hak ve \u00e7\u0131karlar\u0131n\u0131n korunmas\u0131n\u0131 te\u015fvik etmek ad\u0131na bu kesimlere tan\u0131nan avantajlar\u0131 tam anlam\u0131yla uygulamak gereklidir. \u00dclkemizin insan haklar\u0131 davas\u0131 geli\u015fimindeki g\u00fc\u00e7l\u00fc tecr\u00fcbesine dayanarak, kendimize \u00f6zg\u00fc olan kavramlar\u0131 berrakla\u015ft\u0131rmal\u0131, insan haklar\u0131 disiplin sistemimizi, akademik sistemimizi ve s\u00f6ylem sistemimizi geli\u015ftirmeliyiz. \u0130nsan haklar\u0131 d\u00fc\u015f\u00fcnce kurulu\u015flar\u0131n\u0131n ve insan haklar\u0131 ara\u015ft\u0131rma \u00fcslerinin in\u015fas\u0131n\u0131 g\u00fc\u00e7lendirmeliyiz. Sa\u011flam kuramsal kabiliyetleri, \u00fcst d\u00fczey akademik becerileri, uluslararas\u0131 kurallara a\u015final\u0131\u011f\u0131 olan ve \u00c7in&#8217;de insan haklar\u0131n\u0131n geli\u015fim \u00f6yk\u00fcs\u00fcn\u00fc anlatmaya yetenekli bir grup \u00fcst d\u00fczey insan haklar\u0131 uzman\u0131 yeti\u015ftirmeye odaklanmam\u0131z gerekiyor.<\/p>\n\n\n\n<p style=\"font-size:clamp(16.834px, 1.052rem + ((1vw - 3.2px) * 0.716), 26px);\"><strong>D\u00f6rd\u00fcnc\u00fcs\u00fc, \u00c7in k\u00fcresel insan haklar\u0131 y\u00f6neti\u015fimini etkin olarak desteklemelidir: \u201cErdem neredeyse, d\u00fcnya o y\u00f6nde d\u00f6ner\u201d, \u201cDo\u011fruluk neredeyse, d\u00fcnya oraya gider.\u201d <\/strong>T\u00fcm insanl\u0131\u011f\u0131n ortak de\u011ferlerini ileriye ta\u015f\u0131mal\u0131, e\u015fitlik ve kar\u015f\u0131l\u0131kl\u0131 g\u00fcven, kapsay\u0131c\u0131l\u0131k ve kar\u015f\u0131l\u0131kl\u0131 \u00f6\u011frenme, kazan-kazan i\u015fbirli\u011fi ve ortakla\u015fa kalk\u0131nma kavramlar\u0131na ba\u011fl\u0131 kalmal\u0131y\u0131z. K\u00fcresel insan haklar\u0131 y\u00f6neti\u015fiminin daha adil, hakkaniyetli, makul ve kapsay\u0131c\u0131 bir y\u00f6nde geli\u015fmesini te\u015fvik etmeliyiz. Birle\u015fmi\u015f Milletler\u2019in insan haklar\u0131 \u00e7al\u0131\u015fmalar\u0131na etkin olarak kat\u0131lmas\u0131, ba\u015fta geli\u015fmekte olan \u00fclkeler olmak \u00fczere di\u011fer \u00fclkelerle kapsaml\u0131 i\u015fbirli\u011fi y\u00fcr\u00fctmesi ve yap\u0131c\u0131 bir rol oynamas\u0131 gereklidir. \u00c7in \u0130nsan Haklar\u0131 Ara\u015ft\u0131rmalar\u0131 Derne\u011fi, \u00c7in \u0130nsan Haklar\u0131 Geli\u015ftirme Vakf\u0131 vb. kurumlar\u0131n rollerini tam anlam\u0131yla kavramam\u0131z ve Birle\u015fmi\u015f Milletler gibi \u00e7ok taraf l\u0131 insan haklar\u0131 kurumlar\u0131 \u00fczerindeki etkisini art\u0131rmam\u0131z gerekiyor.<\/p>\n\n\n\n<p style=\"font-size:clamp(16.834px, 1.052rem + ((1vw - 3.2px) * 0.716), 26px);\"><strong>Be\u015fincisi, etkin bir uluslararas\u0131 insan haklar\u0131 m\u00fccadelesi y\u00fcr\u00fctmektir: \u0130nsan haklar\u0131 tarihseldir, somuttur ve ger\u00e7eklik temeline dayan\u0131r.<\/strong> Farkl\u0131 \u00fclkelerin toplumsal ve siyasi ko\u015fullar\u0131, tarih\u00ee ve k\u00fclt\u00fcrel gelenekleri hesaba kat\u0131lmadan insan haklar\u0131ndan s\u00f6z edilemez. Bir \u00fclkenin insan haklar\u0131na sahip olup olmad\u0131\u011f\u0131 de\u011ferlendirilirken, \u00e7ifte standartlar uygulanamaz veya insan haklar\u0131, ba\u015fka \u00fclkelerin i\u00e7i\u015flerine m\u00fcdahale etmek i\u00e7in siyasi bir ara\u00e7 olarak kullan\u0131lamaz. Ayr\u0131ca b\u00f6yle bir de\u011ferlendirme yaparken ba\u015fka \u00fclkelerin standartlar\u0131 da bir \u00f6l\u00e7\u00fc olarak kullan\u0131lamaz. \u00c7in&#8217;deki insan haklar\u0131 \u00e7abalar\u0131m\u0131z\u0131n ba\u015far\u0131l\u0131 hik\u00e2yesini insanlara anlatmaya odaklanmal\u0131 ve \u00c7in\u2019in \u00e7a\u011fda\u015f insan haklar\u0131 g\u00f6r\u00fc\u015flerinin cazibesini ve etkisini art\u0131rmak i\u00e7in g\u00f6rsel ve somut anlat\u0131m bi\u00e7imleri kullanmal\u0131y\u0131z. \u0130nsan haklar\u0131 konusundaki uluslararas\u0131 uzla\u015f\u0131y\u0131 en geni\u015f \u00f6l\u00e7\u00fcde peki\u015ftirmemiz ve insan haklar\u0131n\u0131n ahlaki a\u00e7\u0131dan en y\u00fcksek mevkilerine h\u00e2kim olmam\u0131z gerekiyor. Deniza\u015f\u0131r\u0131 \u00c7inli i\u015fletmelere insan haklar\u0131 konusunda fark\u0131ndal\u0131klar\u0131n\u0131 ve \u00f6zg\u00fcvenlerini art\u0131rmalar\u0131 ve onlara kar\u015f\u0131 baz\u0131 Bat\u0131l\u0131 \u00fclkeler taraf\u0131ndan ileri s\u00fcr\u00fclen insan haklar\u0131 ihlali su\u00e7lamalar\u0131 ile etkin bir \u015fekilde ba\u015fa \u00e7\u0131kabilmeleri i\u00e7in rehberlik etmemiz gerekiyor. Her d\u00fczeydeki parti komiteleri, \u00fclkemizin insan haklar\u0131 davas\u0131n\u0131n geli\u015fmesini te\u015fvik etme, \u00f6rg\u00fctsel \u00f6nderli\u011fi g\u00fc\u00e7lendirme, eyleme ge\u00e7mek i\u00e7in inisiyatif sahibi olma ve ulusal insan haklar\u0131 eylem plan\u0131n\u0131 ciddiyetle uygulama konular\u0131nda tarihsel sorumluluklar\u0131n\u0131 \u00fcstlenmelidir. Her d\u00fczeydeki kadrolar, \u00f6zellikle de lider kadrolar, \u00c7in\u2019de benimsenen Marksist ve \u00e7a\u011fda\u015f insan haklar\u0131 kavramlar\u0131n\u0131 bilin\u00e7li bir \u015fekilde incelemeli, fark\u0131ndal\u0131klar\u0131n\u0131 ve \u00f6zg\u00fcvenlerini art\u0131rmal\u0131, ayr\u0131ca insan haklar\u0131na sayg\u0131 g\u00f6sterme ve insan haklar\u0131n\u0131 koruma konusunda inisiyatif sahibi olmal\u0131d\u0131r. T\u00fcm b\u00f6lgeler, bakanl\u0131klar ve sanayi kollar\u0131, insan haklar\u0131na sayg\u0131 duyma ve koruma bilincini art\u0131rmal\u0131, \u00fclkemizin insan haklar\u0131 davas\u0131n\u0131n geli\u015fimini desteklemek i\u00e7in g\u00fc\u00e7lerini birle\u015ftirmelidir.<\/p>\n","protected":false},"excerpt":{"rendered":"<p>Xi Jinping: Demokrasi ve \u0130nsan Haklar\u0131 S\u00fcs De\u011fildir \u00c7eviren G\u00fclizar \u00d6zkaya \u0130nsan haklar\u0131, baz\u0131 gruplar\u0131n veya birka\u00e7 ki\u015finin yararland\u0131\u011f\u0131 ayr\u0131cal\u0131klar\u0131 de\u011fil, geni\u015f halk kitlelerinin ger\u00e7ekten yararland\u0131\u011f\u0131 evrensel ko\u015fullar\u0131 ve maddi olanaklar\u0131 ifade eder. \u00c7in, modern sosyalist bir toplum in\u015fas\u0131 hedefinin merkezine halk merkezli kalk\u0131nma felsefesini yerle\u015ftirmi\u015ftir. \u0130nsan haklar\u0131n\u0131n herkes i\u00e7in ve b\u00fct\u00fcn y\u00f6nleriyle sa\u011flanmas\u0131 yolunda [&hellip;]<\/p>\n","protected":false},"author":1,"featured_media":0,"comment_status":"open","ping_status":"open","sticky":false,"template":"","format":"standard","meta":{"_monsterinsights_skip_tracking":false,"_monsterinsights_sitenote_active":false,"_monsterinsights_sitenote_note":"","_monsterinsights_sitenote_category":0,"footnotes":""},"categories":[6],"tags":[],"class_list":["post-5524","post","type-post","status-publish","format-standard","hentry","category-sosyalist-ulkeler"],"blocksy_meta":[],"_links":{"self":[{"href":"https:\/\/marksizm.org.tr\/index.php?rest_route=\/wp\/v2\/posts\/5524","targetHints":{"allow":["GET"]}}],"collection":[{"href":"https:\/\/marksizm.org.tr\/index.php?rest_route=\/wp\/v2\/posts"}],"about":[{"href":"https:\/\/marksizm.org.tr\/index.php?rest_route=\/wp\/v2\/types\/post"}],"author":[{"embeddable":true,"href":"https:\/\/marksizm.org.tr\/index.php?rest_route=\/wp\/v2\/users\/1"}],"replies":[{"embeddable":true,"href":"https:\/\/marksizm.org.tr\/index.php?rest_route=%2Fwp%2Fv2%2Fcomments&post=5524"}],"version-history":[{"count":1,"href":"https:\/\/marksizm.org.tr\/index.php?rest_route=\/wp\/v2\/posts\/5524\/revisions"}],"predecessor-version":[{"id":5525,"href":"https:\/\/marksizm.org.tr\/index.php?rest_route=\/wp\/v2\/posts\/5524\/revisions\/5525"}],"wp:attachment":[{"href":"https:\/\/marksizm.org.tr\/index.php?rest_route=%2Fwp%2Fv2%2Fmedia&parent=5524"}],"wp:term":[{"taxonomy":"category","embeddable":true,"href":"https:\/\/marksizm.org.tr\/index.php?rest_route=%2Fwp%2Fv2%2Fcategories&post=5524"},{"taxonomy":"post_tag","embeddable":true,"href":"https:\/\/marksizm.org.tr\/index.php?rest_route=%2Fwp%2Fv2%2Ftags&post=5524"}],"curies":[{"name":"wp","href":"https:\/\/api.w.org\/{rel}","templated":true}]}}