{"id":5546,"date":"2025-05-30T13:16:18","date_gmt":"2025-05-30T13:16:18","guid":{"rendered":"https:\/\/marksizm.org.tr\/?p=5546"},"modified":"2025-05-30T13:16:54","modified_gmt":"2025-05-30T13:16:54","slug":"genc-onculerden-sosyalizme-katki-27-mayis-dunya-uluslararasi-cocuklar-gununde-6-14-yas-cin-genc-onculer-orgutu-kongresi","status":"publish","type":"post","link":"https:\/\/marksizm.org.tr\/?p=5546","title":{"rendered":"Gen\u00e7 \u00d6nc\u00fclerden Sosyalizme Katk\u0131: 27 May\u0131s D\u00fcnya Uluslararas\u0131 \u00c7ocuklar G\u00fcn\u00fc\u2019nde: 6-14 Ya\u015f \u00c7in Gen\u00e7 \u00d6nc\u00fcler \u00d6rg\u00fct\u00fc Kongresi"},"content":{"rendered":"\n<h1 class=\"wp-block-heading\">Gen\u00e7 \u00d6nc\u00fclerden Sosyalizme Katk\u0131: 27 May\u0131s D\u00fcnya Uluslararas\u0131 \u00c7ocuklar G\u00fcn\u00fc\u2019nde: 6-14 Ya\u015f \u00c7in Gen\u00e7 \u00d6nc\u00fcler \u00d6rg\u00fct\u00fc Kongresi<\/h1>\n\n\n\n<h5 class=\"wp-block-heading\">27 May\u0131s 2025<\/h5>\n\n\n\n<figure class=\"wp-block-image aligncenter size-large\"><img loading=\"lazy\" decoding=\"async\" width=\"1024\" height=\"677\" src=\"https:\/\/marksizm.org.tr\/wp-content\/uploads\/2025\/05\/0a5262b030e742f18fd558755f3ffaac-1024x677.jpeg\" alt=\"\" class=\"wp-image-5548\" srcset=\"https:\/\/marksizm.org.tr\/wp-content\/uploads\/2025\/05\/0a5262b030e742f18fd558755f3ffaac-1024x677.jpeg 1024w, https:\/\/marksizm.org.tr\/wp-content\/uploads\/2025\/05\/0a5262b030e742f18fd558755f3ffaac-300x198.jpeg 300w, https:\/\/marksizm.org.tr\/wp-content\/uploads\/2025\/05\/0a5262b030e742f18fd558755f3ffaac-768x508.jpeg 768w, https:\/\/marksizm.org.tr\/wp-content\/uploads\/2025\/05\/0a5262b030e742f18fd558755f3ffaac-1536x1016.jpeg 1536w, https:\/\/marksizm.org.tr\/wp-content\/uploads\/2025\/05\/0a5262b030e742f18fd558755f3ffaac-2048x1355.jpeg 2048w\" sizes=\"auto, (max-width: 1024px) 100vw, 1024px\" \/><\/figure>\n\n\n\n<p style=\"font-size:clamp(16.834px, 1.052rem + ((1vw - 3.2px) * 0.716), 26px);\">\u00c7in Devlet Ba\u015fkan\u0131 Xi Jinping, \u00c7in Gen\u00e7 \u00d6nc\u00fcler \u00d6rg\u00fct\u00fcn\u00fcn (\u00c7G\u00d6) dokuzuncu ulusal kongresine bir kutlama mesaj\u0131 g\u00f6nderdi. Kongre, Pekin\u2019de topland\u0131.<\/p>\n\n\n\n<p style=\"font-size:clamp(16.834px, 1.052rem + ((1vw - 3.2px) * 0.716), 26px);\">Xi Jinping, mesaj\u0131nda \u00c7G\u00d6\u2019n\u00fcn Parti\u2019nin izinden gitmesi ve \u00c7in\u2019e \u00d6zg\u00fc Sosyalizm davas\u0131 i\u00e7in nitelikli ku\u015faklar yeti\u015ftirmesi gerekti\u011fini vurgulad\u0131. \u201c\u00c7ocuklar, g\u00fc\u00e7l\u00fc bir \u00fclke kurma ve \u00c7in ulusunu yeniden aya\u011fa kald\u0131rma s\u00fcrecinde gelece\u011fin asli g\u00fcc\u00fcd\u00fcr,\u201d dedi.<\/p>\n\n\n\n<p style=\"font-size:clamp(16.834px, 1.052rem + ((1vw - 3.2px) * 0.716), 26px);\">Xi Jinping, \u00f6rg\u00fct\u00fcn \u00fcyelerini Parti\u2019yi ve vatan\u0131 seven, derslerinde azimli, \u00e7ok y\u00f6nl\u00fc geli\u015fen yeni ku\u015fa\u011f\u0131n \u00f6rnek bireyleri olarak yeti\u015ftirmesi gerekti\u011fini belirtti.<\/p>\n\n\n\n<p style=\"font-size:clamp(16.834px, 1.052rem + ((1vw - 3.2px) * 0.716), 26px);\">Ayr\u0131ca \u00e7ocuklar\u0131n sa\u011fl\u0131kl\u0131 bir \u015fekilde b\u00fcy\u00fcyebilece\u011fi olumlu bir ortam olu\u015fturulmas\u0131 \u00e7a\u011fr\u0131s\u0131nda bulundu.<\/p>\n\n\n\n<p style=\"font-size:clamp(16.834px, 1.052rem + ((1vw - 3.2px) * 0.716), 26px);\">\u00c7in Kom\u00fcnist Partisi Merkez Komitesi Siyasi B\u00fcrosu Daim\u00ee Komite \u00fcyesi ve Merkez Komite Sekreterli\u011fi \u00fcyesi Cai Qi, kongrenin a\u00e7\u0131l\u0131\u015f oturumuna kat\u0131ld\u0131.<\/p>\n\n\n\n<p style=\"font-size:clamp(16.834px, 1.052rem + ((1vw - 3.2px) * 0.716), 26px);\">Yine Merkez Komite Siyasi B\u00fcrosu \u00fcyesi ve Merkez Komite \u00d6rg\u00fct Dairesi Ba\u015fkan\u0131 olan Shi Taifeng, toplant\u0131ya kat\u0131larak Parti ad\u0131na bir konu\u015fma yapt\u0131. Shi, gen\u00e7 \u00f6nc\u00fclerin Xi Jinping\u2019in \u00f6\u011fretilerini daima ak\u0131llar\u0131nda tutmalar\u0131 ve g\u00fc\u00e7l\u00fc bir \u00fclke in\u015fa etme, ulusal yeniden do\u011fu\u015fa katk\u0131 sunma davas\u0131na haz\u0131r olmalar\u0131 gerekti\u011fini vurgulad\u0131. Toplant\u0131ya yakla\u015f\u0131k 3.000 ki\u015fi kat\u0131ld\u0131.<\/p>\n\n\n\n<p style=\"font-size:clamp(16.834px, 1.052rem + ((1vw - 3.2px) * 0.716), 26px);\"><strong>\u00c7in Gen\u00e7 \u00d6nc\u00fcleri \u00d6rg\u00fct\u00fc (\u00c7G\u00d6) Nedir?<\/strong><\/p>\n\n\n\n<p style=\"font-size:clamp(16.834px, 1.052rem + ((1vw - 3.2px) * 0.716), 26px);\">\u00c7in Gen\u00e7 \u00d6nc\u00fcleri (\u00c7G\u00d6), \u00c7in\u2019de 6 ila 14 ya\u015f aras\u0131ndaki \u00e7ocuklara y\u00f6nelik, \u00fclke \u00e7ap\u0131nda faaliyet g\u00f6steren en b\u00fcy\u00fck gen\u00e7lik \u00f6rg\u00fct\u00fcd\u00fcr. \u00c7in Kom\u00fcnist Partisi\u2019nin (\u00c7KP) liderli\u011finde, Kom\u00fcnist Gen\u00e7lik Birli\u011fi\u2019nin rehberli\u011finde \u00f6rg\u00fctlenir.<\/p>\n\n\n\n<p style=\"font-size:clamp(16.834px, 1.052rem + ((1vw - 3.2px) * 0.716), 26px);\"><strong>Kimler \u00dcye Olabilir?<\/strong><\/p>\n\n\n\n<p style=\"font-size:clamp(16.834px, 1.052rem + ((1vw - 3.2px) * 0.716), 26px);\"><strong>Ya\u015f Aral\u0131\u011f\u0131:<\/strong> 6 ile 14 ya\u015f aras\u0131ndaki t\u00fcm \u00e7ocuklar.<\/p>\n\n\n\n<p style=\"font-size:clamp(16.834px, 1.052rem + ((1vw - 3.2px) * 0.716), 26px);\"><strong>Okul \u015eart\u0131:<\/strong> Bir ilkokul ya da ortaokulda \u00f6\u011frenci olmak gerekir.<\/p>\n\n\n\n<p style=\"font-size:clamp(16.834px, 1.052rem + ((1vw - 3.2px) * 0.716), 26px);\"><strong>G\u00f6n\u00fcll\u00fcl\u00fck:<\/strong> \u00dcyelik ba\u015fvurusu tamamen \u00e7ocu\u011fun kendi iste\u011fiyle yap\u0131l\u0131r; kimse zorlanmaz.<\/p>\n\n\n\n<p style=\"font-size:clamp(16.834px, 1.052rem + ((1vw - 3.2px) * 0.716), 26px);\"><strong>Temel \u00d6l\u00e7\u00fctler:<\/strong><\/p>\n\n\n\n<p style=\"font-size:clamp(16.834px, 1.052rem + ((1vw - 3.2px) * 0.716), 26px);\">\u00dclkesini, halk\u0131n\u0131, partisini ve eme\u011fi sevmek.<\/p>\n\n\n\n<p style=\"font-size:clamp(16.834px, 1.052rem + ((1vw - 3.2px) * 0.716), 26px);\">Derslerine \u00f6zen g\u00f6stermek, kurallara uymak, iyi bir birey olmaya \u00e7al\u0131\u015fmak.<\/p>\n\n\n\n<p style=\"font-size:clamp(16.834px, 1.052rem + ((1vw - 3.2px) * 0.716), 26px);\">Payla\u015f\u0131mc\u0131, sorumlu ve arkada\u015flar\u0131na kar\u015f\u0131 sayg\u0131l\u0131 davranmak.<\/p>\n\n\n\n<p style=\"font-size:clamp(16.834px, 1.052rem + ((1vw - 3.2px) * 0.716), 26px);\">Bu \u00f6zellikler daha \u00e7ok \u00e7ocu\u011fun davran\u0131\u015flar\u0131na ve geli\u015fmeye olan iste\u011fine bak\u0131larak de\u011ferlendirilir. Derslerindeki ba\u015far\u0131s\u0131 tek ba\u015f\u0131na yeterli de\u011fildir; \u00e7aba ve niyet de \u00f6nemlidir.<\/p>\n\n\n\n<p style=\"font-size:clamp(16.834px, 1.052rem + ((1vw - 3.2px) * 0.716), 26px);\"><strong>Nas\u0131l \u00dcye Olunur?<\/strong><\/p>\n\n\n\n<p style=\"font-size:clamp(16.834px, 1.052rem + ((1vw - 3.2px) * 0.716), 26px);\">Ba\u015fvuran \u00e7ocuklar, okullar\u0131ndaki Gen\u00e7 \u00d6nc\u00fcler birimi taraf\u0131ndan de\u011ferlendirilir. Uygun g\u00f6r\u00fclen \u00e7ocuklar t\u00f6renle \u00f6rg\u00fcte kabul edilir ve o g\u00fcn, sembolik anlam ta\u015f\u0131yan k\u0131rm\u0131z\u0131 fular tak\u0131l\u0131r. Bu fular, onlar\u0131n art\u0131k \u00f6rg\u00fct\u00fcn bir \u00fcyesi oldu\u011funu simgeler.<\/p>\n\n\n\n<p style=\"font-size:clamp(16.834px, 1.052rem + ((1vw - 3.2px) * 0.716), 26px);\"><strong>\u00d6rg\u00fctlenme ve Etkinlikler<\/strong><\/p>\n\n\n\n<p style=\"font-size:clamp(16.834px, 1.052rem + ((1vw - 3.2px) * 0.716), 26px);\">\u00c7ocuklar, okul i\u00e7inde k\u00fc\u00e7\u00fck gruplar h\u00e2linde \u00f6rg\u00fctlenir.<\/p>\n\n\n\n<p style=\"font-size:clamp(16.834px, 1.052rem + ((1vw - 3.2px) * 0.716), 26px);\">Her grubun bir dan\u0131\u015fman \u00f6\u011fretmeni olur.<\/p>\n\n\n\n<p style=\"font-size:clamp(16.834px, 1.052rem + ((1vw - 3.2px) * 0.716), 26px);\"><strong>Etkinlikler aras\u0131nda \u015funlar yer al\u0131r:<\/strong><\/p>\n\n\n\n<p style=\"font-size:clamp(16.834px, 1.052rem + ((1vw - 3.2px) * 0.716), 26px);\">Tak\u0131m \u00e7al\u0131\u015fmalar\u0131 ve toplu oyunlar<\/p>\n\n\n\n<p style=\"font-size:clamp(16.834px, 1.052rem + ((1vw - 3.2px) * 0.716), 26px);\">Tarih, k\u00fclt\u00fcr ve do\u011fa gezileri<\/p>\n\n\n\n<p style=\"font-size:clamp(16.834px, 1.052rem + ((1vw - 3.2px) * 0.716), 26px);\">Topluma faydal\u0131 k\u00fc\u00e7\u00fck sorumluluklar<\/p>\n\n\n\n<p style=\"font-size:clamp(16.834px, 1.052rem + ((1vw - 3.2px) * 0.716), 26px);\">Sanat, bilim, spor faaliyetleri<\/p>\n\n\n\n<p style=\"font-size:clamp(16.834px, 1.052rem + ((1vw - 3.2px) * 0.716), 26px);\">Vatan sevgisi, dayan\u0131\u015fma, d\u00fcr\u00fcstl\u00fck gibi de\u011ferlerin i\u015flenmesi<\/p>\n\n\n\n<p style=\"font-size:clamp(16.834px, 1.052rem + ((1vw - 3.2px) * 0.716), 26px);\"><strong>14 Ya\u015f\u0131ndan Sonra Ne Olur?<\/strong><\/p>\n\n\n\n<p style=\"font-size:clamp(16.834px, 1.052rem + ((1vw - 3.2px) * 0.716), 26px);\">14 ya\u015f\u0131na gelen \u00fcyeler, Gen\u00e7 \u00d6nc\u00fcler\u2019den mezun olur. Dilerlerse sonraki a\u015fama olan Kom\u00fcnist Gen\u00e7lik Birli\u011fi\u2019ne ba\u015fvurabilirler. Bu da ergenlik d\u00f6nemindeki gen\u00e7lerin \u00f6rg\u00fctlendi\u011fi bir yap\u0131d\u0131r.<\/p>\n\n\n\n<p style=\"font-size:clamp(16.834px, 1.052rem + ((1vw - 3.2px) * 0.716), 26px);\">\u00c7in Gen\u00e7 \u00d6nc\u00fcleri, \u00c7in\u2019de neredeyse her \u00e7ocu\u011fun bir d\u00f6nem dahil oldu\u011fu geni\u015f kapsaml\u0131 bir \u00e7ocuk \u00f6rg\u00fct\u00fcd\u00fcr. Ama\u00e7; \u00e7ocuklara erken ya\u015fta iyi al\u0131\u015fkanl\u0131klar kazand\u0131rmak, toplumsal de\u011ferlerle b\u00fcy\u00fcmelerine yard\u0131mc\u0131 olmak ve onlar\u0131 gelecekteki sorumluluklara haz\u0131rlamakt\u0131r. Zorunlu de\u011fil, iste\u011fe ba\u011fl\u0131d\u0131r. Ancak toplumda yayg\u0131n ve te\u015fvik edilen bir kat\u0131l\u0131m bi\u00e7imidir.<br><\/p>\n","protected":false},"excerpt":{"rendered":"<p>Gen\u00e7 \u00d6nc\u00fclerden Sosyalizme Katk\u0131: 27 May\u0131s D\u00fcnya Uluslararas\u0131 \u00c7ocuklar G\u00fcn\u00fc\u2019nde: 6-14 Ya\u015f \u00c7in Gen\u00e7 \u00d6nc\u00fcler \u00d6rg\u00fct\u00fc Kongresi 27 May\u0131s 2025 \u00c7in Devlet Ba\u015fkan\u0131 Xi Jinping, \u00c7in Gen\u00e7 \u00d6nc\u00fcler \u00d6rg\u00fct\u00fcn\u00fcn (\u00c7G\u00d6) dokuzuncu ulusal kongresine bir kutlama mesaj\u0131 g\u00f6nderdi. Kongre, Pekin\u2019de topland\u0131. Xi Jinping, mesaj\u0131nda \u00c7G\u00d6\u2019n\u00fcn Parti\u2019nin izinden gitmesi ve \u00c7in\u2019e \u00d6zg\u00fc Sosyalizm davas\u0131 i\u00e7in nitelikli ku\u015faklar [&hellip;]<\/p>\n","protected":false},"author":1,"featured_media":0,"comment_status":"open","ping_status":"open","sticky":false,"template":"","format":"standard","meta":{"_monsterinsights_skip_tracking":false,"_monsterinsights_sitenote_active":false,"_monsterinsights_sitenote_note":"","_monsterinsights_sitenote_category":0,"footnotes":""},"categories":[5,51,45,6],"tags":[],"class_list":["post-5546","post","type-post","status-publish","format-standard","hentry","category-dunya-sosyalizmi","category-dunya-sosyalizmi-tr","category-genel-tr","category-sosyalist-ulkeler"],"blocksy_meta":[],"_links":{"self":[{"href":"https:\/\/marksizm.org.tr\/index.php?rest_route=\/wp\/v2\/posts\/5546","targetHints":{"allow":["GET"]}}],"collection":[{"href":"https:\/\/marksizm.org.tr\/index.php?rest_route=\/wp\/v2\/posts"}],"about":[{"href":"https:\/\/marksizm.org.tr\/index.php?rest_route=\/wp\/v2\/types\/post"}],"author":[{"embeddable":true,"href":"https:\/\/marksizm.org.tr\/index.php?rest_route=\/wp\/v2\/users\/1"}],"replies":[{"embeddable":true,"href":"https:\/\/marksizm.org.tr\/index.php?rest_route=%2Fwp%2Fv2%2Fcomments&post=5546"}],"version-history":[{"count":1,"href":"https:\/\/marksizm.org.tr\/index.php?rest_route=\/wp\/v2\/posts\/5546\/revisions"}],"predecessor-version":[{"id":5549,"href":"https:\/\/marksizm.org.tr\/index.php?rest_route=\/wp\/v2\/posts\/5546\/revisions\/5549"}],"wp:attachment":[{"href":"https:\/\/marksizm.org.tr\/index.php?rest_route=%2Fwp%2Fv2%2Fmedia&parent=5546"}],"wp:term":[{"taxonomy":"category","embeddable":true,"href":"https:\/\/marksizm.org.tr\/index.php?rest_route=%2Fwp%2Fv2%2Fcategories&post=5546"},{"taxonomy":"post_tag","embeddable":true,"href":"https:\/\/marksizm.org.tr\/index.php?rest_route=%2Fwp%2Fv2%2Ftags&post=5546"}],"curies":[{"name":"wp","href":"https:\/\/api.w.org\/{rel}","templated":true}]}}