{"id":5587,"date":"2025-06-08T12:36:14","date_gmt":"2025-06-08T12:36:14","guid":{"rendered":"https:\/\/marksizm.org.tr\/?p=5587"},"modified":"2025-06-08T12:36:15","modified_gmt":"2025-06-08T12:36:15","slug":"almanya-komunist-partisinin-kolnde-duzenledigi-okuma-etkinligi-bicakli-bir-grubun-saldirisina-ugradi-pkk-ve-rojavaya-yonelik-elestirilerin-kaldirilmasini-isteyen-saldirgan","status":"publish","type":"post","link":"https:\/\/marksizm.org.tr\/?p=5587","title":{"rendered":"Almanya Kom\u00fcnist Partisi\u2019nin K\u00f6ln\u2019de d\u00fczenledi\u011fi okuma etkinli\u011fi, b\u0131\u00e7akl\u0131 bir grubun sald\u0131r\u0131s\u0131na u\u011frad\u0131. PKK ve Rojava\u2019ya y\u00f6nelik ele\u015ftirilerin kald\u0131r\u0131lmas\u0131n\u0131 isteyen sald\u0131rganlar, \u201cyay\u0131nlar\u0131 silmezseniz kan akacak\u201d tehdidinde bulundu."},"content":{"rendered":"\n<h1 class=\"wp-block-heading\">Almanya Kom\u00fcnist Partisi\u2019nin K\u00f6ln\u2019de d\u00fczenledi\u011fi okuma etkinli\u011fi, b\u0131\u00e7akl\u0131 bir grubun sald\u0131r\u0131s\u0131na u\u011frad\u0131. PKK ve Rojava\u2019ya y\u00f6nelik ele\u015ftirilerin kald\u0131r\u0131lmas\u0131n\u0131 isteyen sald\u0131rganlar, \u201cyay\u0131nlar\u0131 silmezseniz kan akacak\u201d tehdidinde bulundu.<\/h1>\n\n\n\n<p style=\"font-size:clamp(16.834px, 1.052rem + ((1vw - 3.2px) * 0.716), 26px);\"><strong>07.06.2025<\/strong><\/p>\n\n\n\n<p style=\"font-size:clamp(16.834px, 1.052rem + ((1vw - 3.2px) * 0.716), 26px);\"><br>Almanya&#8217;n\u0131n K\u00f6ln kentinde 3 Haziran&#8217;da Kom\u00fcnist Parti\u2019nin (DKP) d\u00fczenledi\u011fi okuma etkinli\u011fi bir grubun sald\u0131r\u0131s\u0131na u\u011frad\u0131.<br>Sald\u0131rgan grup, KP\u2019nin web sitesindeki PKK ve Rojava\u2019ya y\u00f6nelik ele\u015ftirel i\u00e7eriklerin kald\u0131r\u0131lmas\u0131n\u0131 talep etti. Ellerindeki b\u0131\u00e7aklarla tehditler savuran grup \u201cBir hafta i\u00e7inde yay\u0131nlar\u0131 silmezseniz kan akacak\u201d dedi.<br>Yakla\u015f\u0131k \u00fc\u00e7 hafta \u00f6nce K\u00f6ln\u2019deki ba\u015fka bir etkinlikte benzer tehditlerle kar\u015f\u0131 kar\u015f\u0131ya kalan KP \u00fcyeleri, o d\u00f6nemde de yay\u0131nlar\u0131n silinmemesi halinde \u201cba\u015flar\u0131n\u0131n belaya girece\u011fi\u201d y\u00f6n\u00fcnde tehdit edilmi\u015fti.<br>Almanya KP&#8217;den yap\u0131lan a\u00e7\u0131klamaya g\u00f6re, parti sorumlular\u0131n\u0131n isimlerini ve telefon numaralar\u0131n\u0131 isteyen sald\u0131rgan grup, darp ettikleri kat\u0131l\u0131mc\u0131lar\u0131n ki\u015fisel e\u015fyalar\u0131n\u0131 da gasp ettiler.<br>Almanya KP&#8217;den yap\u0131lan a\u00e7\u0131klamada PKK&#8217;ye y\u00f6nelik ele\u015ftirilerinin K\u00fcrt i\u015f\u00e7i s\u0131n\u0131f\u0131n\u0131n m\u00fccadelesini inkar etmek anlam\u0131na gelmedi\u011fi vurgulanarak \u015fu a\u00e7\u0131klamada bulundu:<br>&#8220;PKK&#8217;yi, uzun zaman \u00f6nce Marksizm&#8217;i a\u00e7\u0131k\u00e7a terk etmi\u015f bir burjuva siyasi g\u00fc\u00e7 olarak ele\u015ftirmemiz ve Rojava projesini, bu projenin kapitalist temellerini ve sorunlu uluslararas\u0131 i\u015fbirliklerini ele\u015ftirmemiz, K\u00fcrt i\u015f\u00e7i s\u0131n\u0131f\u0131yla olan dayan\u0131\u015fmam\u0131z\u0131 sona erdirmek veya k\u00fcrt i\u015f\u00e7ileri ve K\u00fcrt yoksullar\u0131n\u0131n b\u00fcy\u00fck fedakarl\u0131klar\u0131n\u0131 inkar etmek anlam\u0131na gelmez. Bizim dayan\u0131\u015fmam\u0131z, T\u00fcrk sava\u015f u\u00e7aklar\u0131 ve Alman silahlar\u0131yla sald\u0131r\u0131ya u\u011frayan, k\u00fclt\u00fcrlerini bask\u0131 g\u00f6rmeden ya\u015fayamayan, K\u00fcrt halk\u0131n\u0131n daha iyi bir gelece\u011fi i\u00e7in m\u00fccadele ettikleri i\u00e7in Almanya&#8217;da yasaklarla ve k\u0131smen uzun hapis cezalar\u0131yla tehdit edilen ve bunlardan olumsuz etkilenen t\u00fcm insanlarla olan bir dayan\u0131\u015fma olmaya devam ediyor.&#8221;<br>Sald\u0131r\u0131lara boyun e\u011fmeyeceklerini ilan eden Almanya KP, bu t\u00fcr sald\u0131r\u0131 ve tehditlerin faaliyetlerine engel olamayaca\u011f\u0131n\u0131 vurgulad\u0131:<br>&#8220;T\u00fcm yay\u0131nlar\u0131m\u0131za y\u00f6nelik ele\u015ftirilere a\u00e7\u0131\u011f\u0131z, ancak tehditlere boyun e\u011fmeyiz ve sindirme ko\u015fullar\u0131 alt\u0131nda tart\u0131\u015fma y\u00fcr\u00fctmeyiz. Yay\u0131nlar\u0131m\u0131z ve siyasi \u00e7al\u0131\u015fmalar\u0131m\u0131z hakk\u0131nda kendimiz karar veririz, ne pozisyonlar\u0131m\u0131z\u0131 ne de sorular\u0131m\u0131z\u0131 gizleyemeyiz ve gizlemeyece\u011fiz.&#8221;<\/p>\n","protected":false},"excerpt":{"rendered":"<p>Almanya Kom\u00fcnist Partisi\u2019nin K\u00f6ln\u2019de d\u00fczenledi\u011fi okuma etkinli\u011fi, b\u0131\u00e7akl\u0131 bir grubun sald\u0131r\u0131s\u0131na u\u011frad\u0131. PKK ve Rojava\u2019ya y\u00f6nelik ele\u015ftirilerin kald\u0131r\u0131lmas\u0131n\u0131 isteyen sald\u0131rganlar, \u201cyay\u0131nlar\u0131 silmezseniz kan akacak\u201d tehdidinde bulundu. 07.06.2025 Almanya&#8217;n\u0131n K\u00f6ln kentinde 3 Haziran&#8217;da Kom\u00fcnist Parti\u2019nin (DKP) d\u00fczenledi\u011fi okuma etkinli\u011fi bir grubun sald\u0131r\u0131s\u0131na u\u011frad\u0131.Sald\u0131rgan grup, KP\u2019nin web sitesindeki PKK ve Rojava\u2019ya y\u00f6nelik ele\u015ftirel i\u00e7eriklerin kald\u0131r\u0131lmas\u0131n\u0131 talep etti. [&hellip;]<\/p>\n","protected":false},"author":1,"featured_media":0,"comment_status":"open","ping_status":"open","sticky":false,"template":"","format":"standard","meta":{"_monsterinsights_skip_tracking":false,"_monsterinsights_sitenote_active":false,"_monsterinsights_sitenote_note":"","_monsterinsights_sitenote_category":0,"footnotes":""},"categories":[91,4,53],"tags":[],"class_list":["post-5587","post","type-post","status-publish","format-standard","hentry","category-kurtler","category-turkiye-sosyalizmi","category-turkiye-sosyalizmi-tr"],"blocksy_meta":[],"_links":{"self":[{"href":"https:\/\/marksizm.org.tr\/index.php?rest_route=\/wp\/v2\/posts\/5587","targetHints":{"allow":["GET"]}}],"collection":[{"href":"https:\/\/marksizm.org.tr\/index.php?rest_route=\/wp\/v2\/posts"}],"about":[{"href":"https:\/\/marksizm.org.tr\/index.php?rest_route=\/wp\/v2\/types\/post"}],"author":[{"embeddable":true,"href":"https:\/\/marksizm.org.tr\/index.php?rest_route=\/wp\/v2\/users\/1"}],"replies":[{"embeddable":true,"href":"https:\/\/marksizm.org.tr\/index.php?rest_route=%2Fwp%2Fv2%2Fcomments&post=5587"}],"version-history":[{"count":1,"href":"https:\/\/marksizm.org.tr\/index.php?rest_route=\/wp\/v2\/posts\/5587\/revisions"}],"predecessor-version":[{"id":5588,"href":"https:\/\/marksizm.org.tr\/index.php?rest_route=\/wp\/v2\/posts\/5587\/revisions\/5588"}],"wp:attachment":[{"href":"https:\/\/marksizm.org.tr\/index.php?rest_route=%2Fwp%2Fv2%2Fmedia&parent=5587"}],"wp:term":[{"taxonomy":"category","embeddable":true,"href":"https:\/\/marksizm.org.tr\/index.php?rest_route=%2Fwp%2Fv2%2Fcategories&post=5587"},{"taxonomy":"post_tag","embeddable":true,"href":"https:\/\/marksizm.org.tr\/index.php?rest_route=%2Fwp%2Fv2%2Ftags&post=5587"}],"curies":[{"name":"wp","href":"https:\/\/api.w.org\/{rel}","templated":true}]}}