{"id":5615,"date":"2025-07-03T12:49:48","date_gmt":"2025-07-03T12:49:48","guid":{"rendered":"https:\/\/marksizm.org.tr\/?p=5615"},"modified":"2025-07-03T12:49:48","modified_gmt":"2025-07-03T12:49:48","slug":"kitap-xi-jinping-insanligin-ortak-gelecegini-insa-etmek","status":"publish","type":"post","link":"https:\/\/marksizm.org.tr\/?p=5615","title":{"rendered":"Kitap: Xi Jinping &#8211; \u0130nsanl\u0131\u011f\u0131n Ortak Gelece\u011fini \u0130n\u015fa Etmek"},"content":{"rendered":"\n<h1 class=\"wp-block-heading\">Kitap: Xi Jinping &#8211; \u0130nsanl\u0131\u011f\u0131n Ortak Gelece\u011fini \u0130n\u015fa Etmek<\/h1>\n\n\n\n<figure class=\"wp-block-image aligncenter size-large\"><img loading=\"lazy\" decoding=\"async\" width=\"1024\" height=\"576\" src=\"https:\/\/marksizm.org.tr\/wp-content\/uploads\/2025\/07\/Adsiz-tasarim-1024x576.jpg\" alt=\"\" class=\"wp-image-5616\" srcset=\"https:\/\/marksizm.org.tr\/wp-content\/uploads\/2025\/07\/Adsiz-tasarim-1024x576.jpg 1024w, https:\/\/marksizm.org.tr\/wp-content\/uploads\/2025\/07\/Adsiz-tasarim-300x169.jpg 300w, https:\/\/marksizm.org.tr\/wp-content\/uploads\/2025\/07\/Adsiz-tasarim-768x432.jpg 768w, https:\/\/marksizm.org.tr\/wp-content\/uploads\/2025\/07\/Adsiz-tasarim-1536x864.jpg 1536w, https:\/\/marksizm.org.tr\/wp-content\/uploads\/2025\/07\/Adsiz-tasarim.jpg 1920w\" sizes=\"auto, (max-width: 1024px) 100vw, 1024px\" \/><\/figure>\n\n\n\n<p style=\"font-size:clamp(16.834px, 1.052rem + ((1vw - 3.2px) * 0.716), 26px);\">\u00c7in ulusu, tarih boyunca &#8220;g\u00f6ky\u00fcz\u00fc alt\u0131ndaki herkesin tek bir aile oldu\u011fu&#8221; inanc\u0131n\u0131 benimsemi\u015f ve t\u00fcm uluslar aras\u0131nda bar\u0131\u015f ile g\u00f6ky\u00fcz\u00fc alt\u0131nda uyumu savunmu\u015ftur. \u00c7in Kom\u00fcnist Partisi (\u00c7KP), insanl\u0131\u011fa yeni ve daha b\u00fcy\u00fck katk\u0131larda bulunmay\u0131 s\u00fcrekli misyonu olarak g\u00f6rmektedir. Kas\u0131m 2012&#8242; de d\u00fczenlenen \u00c7KP 18. Ulusal Kongresi&#8217;nden bu yana \u00c7KP Merkez Komitesi Genel Sekreteri Xi Jinping, ortak gelece\u011fe sahip bir insanl\u0131k toplulu\u011fu in\u015fa edilmesi \u00e7a\u011fr\u0131s\u0131nda bulunmu\u015ftur. Ayn\u0131 zamanda, \u00c7in Halk Cumhuriyeti Cumhurba\u015fkan\u0131 ve \u00c7in&#8217;in en y\u00fcksek askeri lideri olarak Xi Jinping, bu kavram\u0131 insanl\u0131\u011f\u0131n tarihsel geli\u015fimi a\u00e7\u0131s\u0131ndan ortaya koymu\u015ftur. Bu kavram, uluslararas\u0131 durumdaki derin de\u011fi\u015fimlere, bar\u0131\u015f, kalk\u0131nma, i\u015fbirli\u011fi ve kar\u015f\u0131l\u0131kl\u0131 fayda y\u00f6n\u00fcndeki \u00e7a\u011fda\u015f e\u011filimlere ve insanl\u0131\u011f\u0131n gelece\u011fine dair temel sorular \u00fczerine yap\u0131lan derinlemesine bir de\u011ferlendirmeye dayanmaktad\u0131r: Ne t\u00fcr bir d\u00fcnya in\u015fa etmeliyiz ve bunu nas\u0131l ger\u00e7ekle\u015ftirmeliyiz?<\/p>\n\n\n\n<p style=\"font-size:clamp(16.834px, 1.052rem + ((1vw - 3.2px) * 0.716), 26px);\">Bu kavram, insanl\u0131\u011f\u0131n ortak de\u011ferlerini -bar\u0131\u015f, kalk\u0131nma, adalet, hakkaniyet, demokrasi ve \u00f6zg\u00fcrl\u00fck- yans\u0131t\u0131r ve t\u00fcm \u00fclkelerin halklar\u0131n\u0131n ortak \u00e7\u0131karlar\u0131n\u0131 temsil eden bar\u0131\u015f, kalk\u0131nma ve refah \u00f6zlemlerini i\u00e7ermektedir. \u015eubat 2017&#8242; de, ortak gelece\u011fe sahip bir insanl\u0131k toplulu\u011fu in\u015fa etme kavram\u0131 ilk kez Birle\u015fmi\u015f Milletler karar\u0131na dahil edilmi\u015ftir. Daha sonra, bu kavram BM G\u00fcvenlik Konseyi&#8217;nin 2344 (2017) say\u0131l\u0131 karar\u0131 ile BM \u0130nsan Haklar\u0131 Konseyi&#8217;nin 34. ve 37. oturumlar\u0131n\u0131n kararlar\u0131na da eklenmi\u015ftir.<\/p>\n\n\n\n<p style=\"font-size:clamp(16.834px, 1.052rem + ((1vw - 3.2px) * 0.716), 26px);\">Bu kitap, Xi Jinping&#8217;in 2012&#8242; den bu yana kaleme ald\u0131\u011f\u0131 85 makale ve konu\u015fman\u0131n \u00e7evirilerinden olu\u015fmaktad\u0131r. Kitab\u0131n amac\u0131, okurlar\u0131n Xi Jinping&#8217;in ortak gelece\u011fe sahip bir insanl\u0131k toplulu\u011fu in\u015fa etme konusundaki d\u00fc\u015f\u00fcncelerini daha net bir \u015fekilde anlamalar\u0131na yard\u0131mc\u0131 olmakt\u0131r.<\/p>\n\n\n\n<p style=\"font-size:clamp(16.834px, 1.052rem + ((1vw - 3.2px) * 0.716), 26px);\"> \u00c7eviriye notlar ve bir dizin eklenmi\u015ftir. <\/p>\n\n\n\n<p style=\"font-size:clamp(16.834px, 1.052rem + ((1vw - 3.2px) * 0.716), 26px);\"><strong>\u00c7in Kom\u00fcnist Partisi Merkez Komitesi Parti Tarihi ve Edebiyat Enstit\u00fcs\u00fc, Mart 2019<\/strong><\/p>\n\n\n\n<p class=\"has-text-align-center has-large-font-size\"><strong><span style=\"color: var(--theme-palette-color-2, #cc3333);\" class=\"stk-highlight\">TAMAMINI OKUMAK \u0130\u00c7\u0130N \u0130ND\u0130R\u0130N\u0130Z<\/span><\/strong><\/p>\n\n\n\n<div data-wp-interactive=\"core\/file\" class=\"wp-block-file\"><object data-wp-bind--hidden=\"!state.hasPdfPreview\" hidden class=\"wp-block-file__embed\" data=\"https:\/\/marksizm.org.tr\/wp-content\/uploads\/2025\/07\/Xi-Jinping-Insanligin-Ortak-Gelecegini-Insa-Etmek-Uzerine-Kirmizi-Kedi-Yayinlari_removed.pdf\" type=\"application\/pdf\" style=\"width:100%;height:600px\" aria-label=\"Xi Jinping \u0130nsanl\u0131\u011f\u0131n Ortak Gelece\u011fini \u0130n\u015fa Etmek \u00dczerine K\u0131rm\u0131z\u0131 Kedi Yay\u0131nlar\u0131_removed g\u00f6m\u00fcs\u00fc.\"><\/object><a id=\"wp-block-file--media-f1f50317-ba3d-4fee-bee8-dba5734ffbd0\" href=\"https:\/\/marksizm.org.tr\/wp-content\/uploads\/2025\/07\/Xi-Jinping-Insanligin-Ortak-Gelecegini-Insa-Etmek-Uzerine-Kirmizi-Kedi-Yayinlari_removed.pdf\">Xi Jinping \u0130nsanl\u0131\u011f\u0131n Ortak Gelece\u011fini \u0130n\u015fa Etmek \u00dczerine K\u0131rm\u0131z\u0131 Kedi Yay\u0131nlar\u0131_removed<\/a><a href=\"https:\/\/marksizm.org.tr\/wp-content\/uploads\/2025\/07\/Xi-Jinping-Insanligin-Ortak-Gelecegini-Insa-Etmek-Uzerine-Kirmizi-Kedi-Yayinlari_removed.pdf\" class=\"wp-block-file__button wp-element-button\" download aria-describedby=\"wp-block-file--media-f1f50317-ba3d-4fee-bee8-dba5734ffbd0\">\u0130ndir<\/a><\/div>\n","protected":false},"excerpt":{"rendered":"<p>Kitap: Xi Jinping &#8211; \u0130nsanl\u0131\u011f\u0131n Ortak Gelece\u011fini \u0130n\u015fa Etmek \u00c7in ulusu, tarih boyunca &#8220;g\u00f6ky\u00fcz\u00fc alt\u0131ndaki herkesin tek bir aile oldu\u011fu&#8221; inanc\u0131n\u0131 benimsemi\u015f ve t\u00fcm uluslar aras\u0131nda bar\u0131\u015f ile g\u00f6ky\u00fcz\u00fc alt\u0131nda uyumu savunmu\u015ftur. \u00c7in Kom\u00fcnist Partisi (\u00c7KP), insanl\u0131\u011fa yeni ve daha b\u00fcy\u00fck katk\u0131larda bulunmay\u0131 s\u00fcrekli misyonu olarak g\u00f6rmektedir. Kas\u0131m 2012&#8242; de d\u00fczenlenen \u00c7KP 18. Ulusal Kongresi&#8217;nden [&hellip;]<\/p>\n","protected":false},"author":1,"featured_media":0,"comment_status":"open","ping_status":"open","sticky":false,"template":"","format":"standard","meta":{"_monsterinsights_skip_tracking":false,"_monsterinsights_sitenote_active":false,"_monsterinsights_sitenote_note":"","_monsterinsights_sitenote_category":0,"footnotes":""},"categories":[49,20,9,6],"tags":[],"class_list":["post-5615","post","type-post","status-publish","format-standard","hentry","category-arsiv-tr","category-arsiv","category-klasikler","category-sosyalist-ulkeler"],"blocksy_meta":[],"_links":{"self":[{"href":"https:\/\/marksizm.org.tr\/index.php?rest_route=\/wp\/v2\/posts\/5615","targetHints":{"allow":["GET"]}}],"collection":[{"href":"https:\/\/marksizm.org.tr\/index.php?rest_route=\/wp\/v2\/posts"}],"about":[{"href":"https:\/\/marksizm.org.tr\/index.php?rest_route=\/wp\/v2\/types\/post"}],"author":[{"embeddable":true,"href":"https:\/\/marksizm.org.tr\/index.php?rest_route=\/wp\/v2\/users\/1"}],"replies":[{"embeddable":true,"href":"https:\/\/marksizm.org.tr\/index.php?rest_route=%2Fwp%2Fv2%2Fcomments&post=5615"}],"version-history":[{"count":1,"href":"https:\/\/marksizm.org.tr\/index.php?rest_route=\/wp\/v2\/posts\/5615\/revisions"}],"predecessor-version":[{"id":5618,"href":"https:\/\/marksizm.org.tr\/index.php?rest_route=\/wp\/v2\/posts\/5615\/revisions\/5618"}],"wp:attachment":[{"href":"https:\/\/marksizm.org.tr\/index.php?rest_route=%2Fwp%2Fv2%2Fmedia&parent=5615"}],"wp:term":[{"taxonomy":"category","embeddable":true,"href":"https:\/\/marksizm.org.tr\/index.php?rest_route=%2Fwp%2Fv2%2Fcategories&post=5615"},{"taxonomy":"post_tag","embeddable":true,"href":"https:\/\/marksizm.org.tr\/index.php?rest_route=%2Fwp%2Fv2%2Ftags&post=5615"}],"curies":[{"name":"wp","href":"https:\/\/api.w.org\/{rel}","templated":true}]}}