{"id":5640,"date":"2025-07-10T19:06:51","date_gmt":"2025-07-10T19:06:51","guid":{"rendered":"https:\/\/marksizm.org.tr\/?p=5640"},"modified":"2025-11-04T21:15:00","modified_gmt":"2025-11-04T21:15:00","slug":"2035-yilinda-cin-ne-durumda-olacak","status":"publish","type":"post","link":"https:\/\/marksizm.org.tr\/?p=5640","title":{"rendered":"2035 y\u0131l\u0131nda \u00c7in ne durumda olacak?"},"content":{"rendered":"\n<h1 class=\"wp-block-heading\"><strong>2035 Y\u0131l\u0131nda \u00c7in Ne Durumda Olacak? <\/strong><\/h1>\n\n\n\n<h4 class=\"wp-block-heading\"><strong>\u00c7KP\u2019nin H\u00fck\u00fcmet Organlar\u0131na 15 Y\u0131ll\u0131k Plan Konusunda Vizyon Belgesi ve Tavsiyeleri<\/strong><\/h4>\n\n\n\n<h5 class=\"wp-block-heading\">\u00c7eviren: Ferdi Bekir<\/h5>\n\n\n\n<figure class=\"wp-block-image aligncenter size-large\"><img loading=\"lazy\" decoding=\"async\" width=\"1024\" height=\"576\" src=\"https:\/\/marksizm.org.tr\/wp-content\/uploads\/2025\/07\/china-standard-2035-1024x576.jpg\" alt=\"\" class=\"wp-image-5641\" srcset=\"https:\/\/marksizm.org.tr\/wp-content\/uploads\/2025\/07\/china-standard-2035-1024x576.jpg 1024w, https:\/\/marksizm.org.tr\/wp-content\/uploads\/2025\/07\/china-standard-2035-300x169.jpg 300w, https:\/\/marksizm.org.tr\/wp-content\/uploads\/2025\/07\/china-standard-2035-768x432.jpg 768w, https:\/\/marksizm.org.tr\/wp-content\/uploads\/2025\/07\/china-standard-2035.jpg 1117w\" sizes=\"auto, (max-width: 1024px) 100vw, 1024px\" \/><\/figure>\n\n\n\n<p style=\"font-size:clamp(16.834px, 1.052rem + ((1vw - 3.2px) * 0.716), 26px);\"><em>(29 Ekim 2020 tarihinde \u00c7in Kom\u00fcnist Partisi 19. Merkez Komitesi\u2019nin 5. Genel Kurulu\u2019nda kabul edilmi\u015ftir)<\/em><\/p>\n\n\n\n<p style=\"font-size:clamp(16.834px, 1.052rem + ((1vw - 3.2px) * 0.716), 26px);\">14. Be\u015f Y\u0131ll\u0131k Plan d\u00f6nemi, \u00c7in\u2019in kapsaml\u0131 bir \u015fekilde orta halli refah toplumu in\u015fas\u0131n\u0131 tamamlayarak birinci y\u00fczy\u0131l kalk\u0131nma hedefini ger\u00e7ekle\u015ftirmesinin ard\u0131ndan, bu ba\u015far\u0131y\u0131 temel alarak modern sosyalist bir \u00fclke kurma s\u00fcrecine girdi\u011fi ve iki y\u00fczy\u0131l (2021 ve 2049) hedeflerine do\u011fru ilerledi\u011fi ilk be\u015f y\u0131ll\u0131k d\u00f6nemdir.<\/p>\n\n\n\n<p style=\"font-size:clamp(16.834px, 1.052rem + ((1vw - 3.2px) * 0.716), 26px);\">\u00c7in Kom\u00fcnist Partisi 19. Merkez Komitesi\u2019nin 5. Genel Kurulu, uluslararas\u0131 ve i\u00e7 durumu derinlemesine analiz etmi\u015f ve 14. Be\u015f Y\u0131ll\u0131k Ulusal Ekonomik ve Sosyal Geli\u015fme Plan\u0131 ile 2035 Vizyon Hedefleri\u2019nin haz\u0131rlanmas\u0131na ili\u015fkin a\u015fa\u011f\u0131daki \u00f6nerileri sunmu\u015ftur.<\/p>\n\n\n\n<p style=\"font-size:clamp(16.834px, 1.052rem + ((1vw - 3.2px) * 0.716), 26px);\"><strong>2035 Y\u0131l\u0131na Kadar \u00c7in\u2019in B\u00fcy\u00fck \u00d6l\u00e7\u00fcde Modern\/\u00c7a\u011fda\u015f Bir Sosyalist \u00dclkeye D\u00f6n\u00fc\u015fmesi<\/strong><\/p>\n\n\n\n<p style=\"font-size:clamp(16.834px, 1.052rem + ((1vw - 3.2px) * 0.716), 26px);\">\u00c7in Kom\u00fcnist Partisi 19. Ulusal Kongresi, \u0130ki Y\u00fczy\u0131l Hedefi\u2019ne ula\u015fmak i\u00e7in iki a\u015famal\u0131 bir stratejik plan ortaya koymu\u015ftur: (1) <strong>2035 y\u0131l\u0131na kadar \u00c7in\u2019in b\u00fcy\u00fck \u00f6l\u00e7\u00fcde modern\/\u00e7a\u011fda\u015f bir sosyalist \u00fclkeye d\u00f6n\u00fc\u015fmesi<\/strong> ve (2) y\u00fczy\u0131l\u0131n ortas\u0131na gelindi\u011finde \u00c7in\u2019in g\u00fc\u00e7l\u00fc, demokratik, uygar, uyumlu ve g\u00fczel bir modern sosyalist \u00fclke h\u00e2line getirilmesi.<\/p>\n\n\n\n<p style=\"font-size:clamp(16.834px, 1.052rem + ((1vw - 3.2px) * 0.716), 26px);\">2035 y\u0131l\u0131na bak\u0131ld\u0131\u011f\u0131nda, \u00c7in\u2019in ekonomik g\u00fcc\u00fc, bilim ve teknoloji kapasitesi ile genel ulusal g\u00fcc\u00fc \u00f6nemli \u00f6l\u00e7\u00fcde artm\u0131\u015f olacak; ekonomik toplam b\u00fcy\u00fckl\u00fck ve kent-k\u0131r ayr\u0131m\u0131 g\u00f6zetmeksizin ki\u015fi ba\u015f\u0131na d\u00fc\u015fen gelir yeni bir seviyeye ula\u015facakt\u0131r. Temel ve kritik teknolojilerde b\u00fcy\u00fck at\u0131l\u0131mlar kaydedilecek; \u00c7in, yenilik\u00e7i \u00fclkeler aras\u0131nda \u00f6n s\u0131ralarda yer alacakt\u0131r.<\/p>\n\n\n\n<p style=\"font-size:clamp(16.834px, 1.052rem + ((1vw - 3.2px) * 0.716), 26px);\">Sanayile\u015fme, dijitalle\u015fme, kentle\u015fme ve tar\u0131msal modernle\u015fmenin yeni bi\u00e7imleri b\u00fcy\u00fck \u00f6l\u00e7\u00fcde tamamlanacak; modern bir ekonomik sistem kurulmu\u015f olacakt\u0131r. Devlet y\u00f6netimi sistemi ve y\u00f6neti\u015fim kapasitesi modernle\u015fmi\u015f olacak; halk\u0131n e\u015fit kat\u0131l\u0131m ve geli\u015fim haklar\u0131 g\u00fc\u00e7l\u00fc bir bi\u00e7imde g\u00fcvence alt\u0131na al\u0131nacak; hukuk devleti temellerine dayal\u0131 bir devlet, h\u00fck\u00fcmet ve toplum esasen \u015fekillenmi\u015f olacakt\u0131r.<\/p>\n\n\n\n<p style=\"font-size:clamp(16.834px, 1.052rem + ((1vw - 3.2px) * 0.716), 26px);\">\u00c7in; k\u00fclt\u00fcr, e\u011fitim, insan g\u00fcc\u00fc, spor ve sa\u011fl\u0131k alanlar\u0131nda g\u00fc\u00e7l\u00fc bir \u00fclke h\u00e2line gelecek; vatanda\u015flar\u0131n niteli\u011fi ve toplumsal uygarl\u0131k d\u00fczeyi yeni bir a\u015famaya ula\u015facak; k\u00fclt\u00fcrel yumu\u015fak g\u00fcc\u00fc (soft power \u2013 \u00e7.n.) belirgin \u015fekilde artacakt\u0131r.<\/p>\n\n\n\n<p style=\"font-size:clamp(16.834px, 1.052rem + ((1vw - 3.2px) * 0.716), 26px);\">Ye\u015fil \u00fcretim ve ye\u015fil ya\u015fam tarz\u0131 yayg\u0131nla\u015facak; karbon emisyonu zirve yapt\u0131ktan sonra istikrarl\u0131 bir d\u00fc\u015f\u00fc\u015fe ge\u00e7ecek; ekolojik \u00e7evrede k\u00f6kl\u00fc iyile\u015fmeler sa\u011flanacak ve \u201cG\u00fczel Ekolojik \u00c7in\u201d hedefi b\u00fcy\u00fck \u00f6l\u00e7\u00fcde hayata ge\u00e7irilecektir.<\/p>\n\n\n\n<p style=\"font-size:clamp(16.834px, 1.052rem + ((1vw - 3.2px) * 0.716), 26px);\">D\u0131\u015fa a\u00e7\u0131lmada yeni bir yap\u0131 kurulacak; \u00c7in\u2019in uluslararas\u0131 ekonomik i\u015f birli\u011fi ve rekabetteki avantajlar\u0131 belirgin bi\u00e7imde g\u00fc\u00e7lenecektir. Ki\u015fi ba\u015f\u0131na d\u00fc\u015fen gayrisafi yurt i\u00e7i has\u0131la, orta geli\u015fmi\u015f \u00fclkeler d\u00fczeyine ula\u015facak; orta gelirli n\u00fcfus \u00f6nemli \u00f6l\u00e7\u00fcde geni\u015fleyecek; temel kamu hizmetleri e\u015fitlik temelinde sunulacak; \u015fehir-k\u0131r ve b\u00f6lge aras\u0131 geli\u015fim ile ya\u015fam standard\u0131 farklar\u0131 g\u00f6zle g\u00f6r\u00fcl\u00fcr bi\u00e7imde azalacakt\u0131r.<\/p>\n\n\n\n<p style=\"font-size:clamp(16.834px, 1.052rem + ((1vw - 3.2px) * 0.716), 26px);\">\u201cG\u00fcvenli \u00c7in\u201d in\u015fas\u0131 daha ileri bir d\u00fczeye ta\u015f\u0131nacak; ulusal savunma ve ordu modernle\u015fmesi esasen tamamlanacakt\u0131r. Halk\u0131n ya\u015fam kalitesi daha da iyile\u015fecek; bireyin \u00e7ok y\u00f6nl\u00fc geli\u015fimi ve t\u00fcm halk\u0131n ortak refah\u0131 alanlar\u0131nda g\u00f6zle g\u00f6r\u00fcl\u00fcr ve somut ilerlemeler sa\u011flanacakt\u0131r.<\/p>\n\n\n\n<p style=\"font-size:clamp(16.834px, 1.052rem + ((1vw - 3.2px) * 0.716), 26px);\"><\/p>\n","protected":false},"excerpt":{"rendered":"<p>2035 Y\u0131l\u0131nda \u00c7in Ne Durumda Olacak? \u00c7KP\u2019nin H\u00fck\u00fcmet Organlar\u0131na 15 Y\u0131ll\u0131k Plan Konusunda Vizyon Belgesi ve Tavsiyeleri \u00c7eviren: Ferdi Bekir (29 Ekim 2020 tarihinde \u00c7in Kom\u00fcnist Partisi 19. Merkez Komitesi\u2019nin 5. Genel Kurulu\u2019nda kabul edilmi\u015ftir) 14. Be\u015f Y\u0131ll\u0131k Plan d\u00f6nemi, \u00c7in\u2019in kapsaml\u0131 bir \u015fekilde orta halli refah toplumu in\u015fas\u0131n\u0131 tamamlayarak birinci y\u00fczy\u0131l kalk\u0131nma hedefini ger\u00e7ekle\u015ftirmesinin [&hellip;]<\/p>\n","protected":false},"author":1,"featured_media":0,"comment_status":"open","ping_status":"open","sticky":false,"template":"","format":"standard","meta":{"_monsterinsights_skip_tracking":false,"_monsterinsights_sitenote_active":false,"_monsterinsights_sitenote_note":"","_monsterinsights_sitenote_category":0,"footnotes":""},"categories":[51,5,6],"tags":[],"class_list":["post-5640","post","type-post","status-publish","format-standard","hentry","category-dunya-sosyalizmi-tr","category-dunya-sosyalizmi","category-sosyalist-ulkeler"],"blocksy_meta":[],"_links":{"self":[{"href":"https:\/\/marksizm.org.tr\/index.php?rest_route=\/wp\/v2\/posts\/5640","targetHints":{"allow":["GET"]}}],"collection":[{"href":"https:\/\/marksizm.org.tr\/index.php?rest_route=\/wp\/v2\/posts"}],"about":[{"href":"https:\/\/marksizm.org.tr\/index.php?rest_route=\/wp\/v2\/types\/post"}],"author":[{"embeddable":true,"href":"https:\/\/marksizm.org.tr\/index.php?rest_route=\/wp\/v2\/users\/1"}],"replies":[{"embeddable":true,"href":"https:\/\/marksizm.org.tr\/index.php?rest_route=%2Fwp%2Fv2%2Fcomments&post=5640"}],"version-history":[{"count":3,"href":"https:\/\/marksizm.org.tr\/index.php?rest_route=\/wp\/v2\/posts\/5640\/revisions"}],"predecessor-version":[{"id":5965,"href":"https:\/\/marksizm.org.tr\/index.php?rest_route=\/wp\/v2\/posts\/5640\/revisions\/5965"}],"wp:attachment":[{"href":"https:\/\/marksizm.org.tr\/index.php?rest_route=%2Fwp%2Fv2%2Fmedia&parent=5640"}],"wp:term":[{"taxonomy":"category","embeddable":true,"href":"https:\/\/marksizm.org.tr\/index.php?rest_route=%2Fwp%2Fv2%2Fcategories&post=5640"},{"taxonomy":"post_tag","embeddable":true,"href":"https:\/\/marksizm.org.tr\/index.php?rest_route=%2Fwp%2Fv2%2Ftags&post=5640"}],"curies":[{"name":"wp","href":"https:\/\/api.w.org\/{rel}","templated":true}]}}