{"id":5643,"date":"2025-07-10T19:12:27","date_gmt":"2025-07-10T19:12:27","guid":{"rendered":"https:\/\/marksizm.org.tr\/?p=5643"},"modified":"2025-11-04T21:14:38","modified_gmt":"2025-11-04T21:14:38","slug":"2025-yilinda-cin-ne-durumda-olacak","status":"publish","type":"post","link":"https:\/\/marksizm.org.tr\/?p=5643","title":{"rendered":"2025 Y\u0131l\u0131nda \u00c7in Ne Durumda Olacak?"},"content":{"rendered":"\n<h1 class=\"wp-block-heading\"><strong>2025 Y\u0131l\u0131nda \u00c7in Ne Durumda Olacak? <\/strong><\/h1>\n\n\n\n<h4 class=\"wp-block-heading\"><strong>\u00c7KP\u2019nin H\u00fck\u00fcmet Organlar\u0131na 5 Y\u0131ll\u0131k Plan Konusunda Vizyon Belgesi ve Tavsiyeleri<\/strong><\/h4>\n\n\n\n<h5 class=\"wp-block-heading\">\u00c7eviren: Ferdi Bekir<\/h5>\n\n\n\n<figure class=\"wp-block-image aligncenter size-large\"><img loading=\"lazy\" decoding=\"async\" width=\"1024\" height=\"512\" src=\"https:\/\/marksizm.org.tr\/wp-content\/uploads\/2025\/07\/china-2025-blog-banner-1024x512.png\" alt=\"\" class=\"wp-image-5645\" srcset=\"https:\/\/marksizm.org.tr\/wp-content\/uploads\/2025\/07\/china-2025-blog-banner-1024x512.png 1024w, https:\/\/marksizm.org.tr\/wp-content\/uploads\/2025\/07\/china-2025-blog-banner-300x150.png 300w, https:\/\/marksizm.org.tr\/wp-content\/uploads\/2025\/07\/china-2025-blog-banner-768x384.png 768w, https:\/\/marksizm.org.tr\/wp-content\/uploads\/2025\/07\/china-2025-blog-banner.png 1536w\" sizes=\"auto, (max-width: 1024px) 100vw, 1024px\" \/><\/figure>\n\n\n\n<p><em>(29 Ekim 2020 tarihinde \u00c7in Kom\u00fcnist Partisi 19. Merkez Komitesi\u2019nin 5. Genel Kurulu\u2019nda kabul edilmi\u015ftir)<\/em><\/p>\n\n\n\n<p style=\"font-size:clamp(16.834px, 1.052rem + ((1vw - 3.2px) * 0.716), 26px);\">14. Be\u015f Y\u0131ll\u0131k Plan d\u00f6nemi, \u00c7in\u2019in kapsaml\u0131 bir \u015fekilde orta halli refah toplumu in\u015fas\u0131n\u0131 tamamlayarak birinci y\u00fczy\u0131l kalk\u0131nma hedefini ger\u00e7ekle\u015ftirmesinin ard\u0131ndan, bu ba\u015far\u0131y\u0131 temel alarak modern sosyalist bir \u00fclke kurma s\u00fcrecine girdi\u011fi ve iki y\u00fczy\u0131l (2021 ve 2049) hedeflerine do\u011fru ilerledi\u011fi ilk be\u015f y\u0131ll\u0131k d\u00f6nemdir.<\/p>\n\n\n\n<p style=\"font-size:clamp(16.834px, 1.052rem + ((1vw - 3.2px) * 0.716), 26px);\">\u00c7in Kom\u00fcnist Partisi 19. Merkez Komitesi\u2019nin 5. Genel Kurulu, uluslararas\u0131 ve i\u00e7 durumu derinlemesine analiz etmi\u015f ve 14. Be\u015f Y\u0131ll\u0131k Ulusal Ekonomik ve Sosyal Geli\u015fme Plan\u0131 ile 2035 Vizyon Hedefleri\u2019nin haz\u0131rlanmas\u0131na ili\u015fkin a\u015fa\u011f\u0131daki \u00f6nerileri sunmu\u015ftur.<\/p>\n\n\n\n<p style=\"font-size:clamp(16.834px, 1.052rem + ((1vw - 3.2px) * 0.716), 26px);\"><strong>1. Kapsaml\u0131 Orta Halli Refah Toplumunun \u0130n\u015fas\u0131n\u0131n Tamamlanmas\u0131 ve Modern Sosyalist \u00dclke \u0130n\u015fas\u0131 S\u00fcrecinin Ba\u015flat\u0131lmas\u0131<\/strong><\/p>\n\n\n\n<p style=\"font-size:clamp(16.834px, 1.052rem + ((1vw - 3.2px) * 0.716), 26px);\"><strong>1. Orta Halli Refah Toplumunun \u0130n\u015fas\u0131nda Belirleyici Ba\u015far\u0131lar Elde Edildi<\/strong><\/p>\n\n\n\n<p style=\"font-size:clamp(16.834px, 1.052rem + ((1vw - 3.2px) * 0.716), 26px);\">13. Be\u015f Y\u0131ll\u0131k Plan d\u00f6nemi, Orta Halli Refah Toplumunun kapsaml\u0131 bi\u00e7imde in\u015fas\u0131n\u0131n son a\u015famas\u0131yd\u0131. Karma\u015f\u0131k ve \u00e7alkant\u0131l\u0131 uluslararas\u0131 ortam ile i\u00e7erideki zorlu reform, kalk\u0131nma ve istikrar g\u00f6revleri \u2014 \u00f6zellikle de COVID-19 pandemisinin a\u011f\u0131r etkileri \u2014 kar\u015f\u0131s\u0131nda, Xi Jinping Yolda\u015f\u2019\u0131n \u00e7ekirde\u011fini olu\u015fturdu\u011fu \u00c7in Kom\u00fcnist Partisi Merkez Komitesi \u00f6nderli\u011fi, \u201cilk hedefi unutmama\u201d ve \u201cmisyonu ak\u0131lda tutma\u201d ilkelerine ba\u011fl\u0131 kalarak, t\u00fcm Parti \u00fcyelerini ve \u00fclke genelindeki t\u00fcm etnik gruplar\u0131 birle\u015ftirip y\u00f6nlendirdi. Diren\u00e7le ilerleyerek, yenilik\u00e7i yakla\u015f\u0131mlarla Parti ve devletin \u00e7e\u015fitli alanlardaki \u00e7al\u0131\u015fmalar\u0131nda kayda de\u011fer ilerlemeler sa\u011fland\u0131.<\/p>\n\n\n\n<p style=\"font-size:clamp(16.834px, 1.052rem + ((1vw - 3.2px) * 0.716), 26px);\">Reformlar\u0131n derinle\u015ftirilmesinde b\u00fcy\u00fck at\u0131l\u0131mlar ger\u00e7ekle\u015ftirildi; hukukun \u00fcst\u00fcnl\u00fc\u011f\u00fcne dayal\u0131 y\u00f6netimde kayda de\u011fer geli\u015fmeler sa\u011fland\u0131; Parti i\u00e7inde disiplinin s\u0131k\u0131la\u015ft\u0131r\u0131lmas\u0131 \u00f6nemli sonu\u00e7lar verdi; devlet y\u00f6netimi sistemi ve kapasitesinin modernle\u015fme s\u00fcreci h\u0131z kazand\u0131; \u00c7in Kom\u00fcnist Partisi\u2019nin liderli\u011fi ve sosyalist sistemin avantajlar\u0131 daha da belirgin hale geldi.<\/p>\n\n\n\n<p style=\"font-size:clamp(16.834px, 1.052rem + ((1vw - 3.2px) * 0.716), 26px);\">\u00dclkenin ekonomik teknolojik ve kapsaml\u0131 ulusal g\u00fcc\u00fc yeni bir&nbsp;d\u00fczeye&nbsp;ula\u015ft\u0131. Ekonomi genel olarak istikrarl\u0131 seyretti; ekonomik yap\u0131n\u0131n kalitesi giderek iyile\u015fti. 2020 y\u0131l\u0131nda GSYH\u2019nin 100 trilyon yuan s\u0131n\u0131r\u0131n\u0131 a\u015fmas\u0131 beklenmektedir.<\/p>\n\n\n\n<p style=\"font-size:clamp(16.834px, 1.052rem + ((1vw - 3.2px) * 0.716), 26px);\">Yoksullu\u011fun azalt\u0131lmas\u0131nda d\u00fcnya \u00e7ap\u0131nda etkileyici ba\u015far\u0131lar elde edildi; 55,75 milyon k\u0131rsal yoksul n\u00fcfus yoksulluktan kurtar\u0131ld\u0131. Tah\u0131l \u00fcretimi be\u015f y\u0131l \u00fcst \u00fcste 1,3 trilyon jin (yakla\u015f\u0131k 650 milyon ton) seviyesinin \u00fczerinde sabit kald\u0131. Kirlilikle m\u00fccadele g\u00fc\u00e7lendirildi, ekolojik \u00e7evrede belirgin iyile\u015fmeler sa\u011fland\u0131.<\/p>\n\n\n\n<p style=\"font-size:clamp(16.834px, 1.052rem + ((1vw - 3.2px) * 0.716), 26px);\">D\u0131\u015fa A\u00e7\u0131lma s\u00fcrekli geni\u015fletildi, Ku\u015fak ve Yol Giri\u015fimi\u2019nde \u00f6nemli sonu\u00e7lar elde edildi. Halk\u0131n ya\u015fam standard\u0131 b\u00fcy\u00fck \u00f6l\u00e7\u00fcde y\u00fckseldi; y\u00fcksek\u00f6\u011fretim evrensel d\u00fczeye ula\u015ft\u0131; kentsel alanlarda 60 milyondan fazla yeni istihdam yarat\u0131ld\u0131. D\u00fcnyan\u0131n en b\u00fcy\u00fck sosyal g\u00fcvenlik sistemi kuruldu: Temel sa\u011fl\u0131k sigortas\u0131 1,3 milyardan fazla ki\u015fiyi, temel emeklilik sigortas\u0131 ise yakla\u015f\u0131k 1 milyar ki\u015fiyi kapsamaktad\u0131r. COVID-19 salg\u0131n\u0131yla m\u00fccadelede stratejik d\u00fczeyde b\u00fcy\u00fck ba\u015far\u0131lar elde edildi.<\/p>\n\n\n\n<p style=\"font-size:clamp(16.834px, 1.052rem + ((1vw - 3.2px) * 0.716), 26px);\">K\u00fclt\u00fcrel ya\u015fam ve k\u00fclt\u00fcr end\u00fcstrisi geli\u015fip canland\u0131. Ulusal savunma ve ordu alan\u0131nda \u00f6nemli ilerlemeler sa\u011fland\u0131; ordu yap\u0131s\u0131nda k\u00f6kl\u00fc d\u00f6n\u00fc\u015f\u00fcmler ger\u00e7ekle\u015ftirildi. Ulusal g\u00fcvenlik her alanda g\u00fc\u00e7lendirildi; toplumda uyum ve istikrar s\u00fcrd\u00fcr\u00fcld\u00fc.<\/p>\n\n\n\n<p style=\"font-size:clamp(16.834px, 1.052rem + ((1vw - 3.2px) * 0.716), 26px);\">13. Be\u015f Y\u0131ll\u0131k Plan\u2019\u0131n hedef ve g\u00f6revleri tamamlanmak \u00fczeredir; Orta Halli Refah Toplumunun kapsaml\u0131 bi\u00e7imde in\u015fas\u0131nda zafere \u00e7ok yakla\u015f\u0131ld\u0131. \u00c7in Ulusunun B\u00fcy\u00fck Dirili\u015fi y\u00f6n\u00fcnde \u00f6nemli bir ad\u0131m at\u0131ld\u0131. Sosyalist \u00c7in, Do\u011fu\u2019da daha da g\u00f6rkemli bir \u015fekilde y\u00fckselmektedir.<\/p>\n\n\n\n<p style=\"font-size:clamp(16.834px, 1.052rem + ((1vw - 3.2px) * 0.716), 26px);\">T\u00fcm Parti ve halk bu ivmeyi s\u00fcrd\u00fcrmeli, son bir \u00e7abayla yoksullu\u011fa kar\u015f\u0131 sava\u015f\u0131 zaman\u0131nda kazanmal\u0131; Orta Halli Refah Toplumunu zaman\u0131nda in\u015fa ederek Birinci Y\u00fczy\u0131l Hedefi\u2019ni ger\u00e7ekle\u015ftirmeli ve modern sosyalist \u00fclke in\u015fas\u0131n\u0131n yeni yolculu\u011fu i\u00e7in sa\u011flam bir temel olu\u015fturmal\u0131d\u0131r.<\/p>\n\n\n\n<p style=\"font-size:clamp(16.834px, 1.052rem + ((1vw - 3.2px) * 0.716), 26px);\"><strong>2. \u00c7in\u2019in Geli\u015fim Ortam\u0131 Derin ve Karma\u015f\u0131k De\u011fi\u015fimlerle Kar\u015f\u0131 Kar\u015f\u0131ya<\/strong><\/p>\n\n\n\n<p style=\"font-size:clamp(16.834px, 1.052rem + ((1vw - 3.2px) * 0.716), 26px);\">\u015eu an ve \u00f6n\u00fcm\u00fczdeki d\u00f6nemde \u00c7in, h\u00e2l\u00e2 \u00f6nemli bir stratejik f\u0131rsat d\u00f6nemindedir; ancak hem f\u0131rsatlar hem de zorluklar yeni boyutlar kazanm\u0131\u015ft\u0131r. D\u00fcnya, y\u00fczy\u0131lda bir g\u00f6r\u00fclen b\u00fcy\u00fck de\u011fi\u015fimlerden ge\u00e7mektedir. Yeni bir bilimsel ve teknolojik devrim ile sanayi d\u00f6n\u00fc\u015f\u00fcm\u00fc derinle\u015fmekte, uluslararas\u0131 g\u00fc\u00e7 dengesi yeniden \u015fekillenmektedir. Bar\u0131\u015f ve kalk\u0131nma h\u00e2l\u00e2 \u00e7a\u011f\u0131n ana temas\u0131 olsa da, insanl\u0131k i\u00e7in Ortak Kader Toplulu\u011fu d\u00fc\u015f\u00fcncesi yayg\u0131nla\u015fmakta; fakat ayn\u0131 zamanda uluslararas\u0131 ortam giderek karma\u015f\u0131k hale gelmekte, istikrars\u0131zl\u0131klar ve belirsizlikler artmaktad\u0131r.<\/p>\n\n\n\n<p style=\"font-size:clamp(16.834px, 1.052rem + ((1vw - 3.2px) * 0.716), 26px);\">COVID-19 pandemisi geni\u015f kapsaml\u0131 ve kal\u0131c\u0131 etkiler yaratm\u0131\u015ft\u0131r. Ekonomik k\u00fcreselle\u015fme ters r\u00fczg\u00e2rlarla kar\u015f\u0131 kar\u015f\u0131ya kalm\u0131\u015f, d\u00fcnya sars\u0131nt\u0131 ve d\u00f6n\u00fc\u015f\u00fcm d\u00f6nemine girmi\u015ftir. Tek tarafl\u0131l\u0131k, korumac\u0131l\u0131k ve hegemonya e\u011filimleri d\u00fcnya bar\u0131\u015f\u0131n\u0131 ve kalk\u0131nmas\u0131n\u0131 tehdit etmektedir.<\/p>\n\n\n\n<p style=\"font-size:clamp(16.834px, 1.052rem + ((1vw - 3.2px) * 0.716), 26px);\">Sosyalist \u00c7in art\u0131k y\u00fcksek kaliteli kalk\u0131nma a\u015famas\u0131na ge\u00e7mi\u015ftir. Kurumsal avantajlar\u0131 belirgindir, y\u00f6neti\u015fim kapasitesi artm\u0131\u015ft\u0131r, ekonomisi uzun vadede olumlu seyir izlemektedir. Maddi temeli g\u00fc\u00e7l\u00fc, insan kayna\u011f\u0131 bol, pazar potansiyeli geni\u015f, kalk\u0131nma direnci y\u00fcksektir ve toplum genel olarak istikrarl\u0131d\u0131r. Bu, geli\u015fimini s\u00fcrd\u00fcrmesi a\u00e7\u0131s\u0131ndan \u00e7ok y\u00f6nl\u00fc avantajlar ve imk\u00e2nlar sunmaktad\u0131r.<\/p>\n\n\n\n<p style=\"font-size:clamp(16.834px, 1.052rem + ((1vw - 3.2px) * 0.716), 26px);\">Ancak ayn\u0131 zamanda, kalk\u0131nman\u0131n dengesizli\u011fi ve yetersizli\u011fi gibi sorunlar halen \u00f6ne \u00e7\u0131kmaktad\u0131r. Temel alanlarda ve kilit halkalarda reform g\u00f6revleri h\u00e2l\u00e2 zorludur. Yenilik kapasitesi y\u00fcksek kaliteli kalk\u0131nma gerekliliklerine tam olarak uyum sa\u011flayamamaktad\u0131r. Tar\u0131msal altyap\u0131 h\u00e2l\u00e2 sa\u011flam de\u011fildir. Kentsel ve k\u0131rsal b\u00f6lgeler ile b\u00f6lgesel geli\u015fim d\u00fczeyleri ve gelir da\u011f\u0131l\u0131m\u0131nda ciddi farkl\u0131l\u0131klar bulunmaktad\u0131r. Ekolojik \u00e7evreyi koruma sorumlulu\u011fu b\u00fcy\u00fckt\u00fcr. Halk\u0131n ya\u015fam\u0131n\u0131 g\u00fcvence alt\u0131na almada h\u00e2l\u00e2 eksiklikler, toplumsal y\u00f6neti\u015fimde zay\u0131f noktalar s\u00f6z konusudur.<\/p>\n\n\n\n<p style=\"font-size:clamp(16.834px, 1.052rem + ((1vw - 3.2px) * 0.716), 26px);\">\u00c7in Kom\u00fcnist Partisi\u2019nin t\u00fcm kadrolar\u0131, \u00c7in Ulusunun B\u00fcy\u00fck Dirili\u015fi Stratejisi ile d\u00fcnyada ya\u015fanan b\u00fcy\u00fck de\u011fi\u015fim s\u00fcrecini birlikte de\u011ferlendirmelidir. \u00c7in toplumundaki temel \u00e7eli\u015fkilerin de\u011fi\u015fmesinin getirdi\u011fi yeni \u00f6zellikleri ve talepleri, karma\u015f\u0131k uluslararas\u0131 ortam\u0131n neden oldu\u011fu yeni \u00e7eli\u015fki ve meydan okumalar\u0131 derinlemesine kavramal\u0131d\u0131r. F\u0131rsat ve risk bilinci g\u00fc\u00e7lendirilmelidir; sosyalizmin ba\u015flang\u0131\u00e7 a\u015famas\u0131ndaki temel ulusal ko\u015fullara sad\u0131k kal\u0131nmal\u0131d\u0131r; stratejik kararl\u0131l\u0131k korunmal\u0131, g\u00f6revler ba\u015far\u0131yla yerine getirilmelidir. Toplumsal ve ekonomik geli\u015fme yasalar\u0131 do\u011fru kavranmal\u0131; m\u00fccadele ruhu benimsenmeli; en k\u00f6t\u00fc senaryoyu ak\u0131lda tutarak plan yapma d\u00fc\u015f\u00fcncesi yerle\u015ftirilmeli; de\u011fi\u015fimleri do\u011fru tan\u0131y\u0131p bilimsel bi\u00e7imde yan\u0131t verilmeli ve aktif \u015fekilde y\u00f6n verilmelidir. Krizlerden f\u0131rsatlar yarat\u0131lmal\u0131, de\u011fi\u015fim i\u00e7inde yeni ba\u015flang\u0131\u00e7lar olu\u015fturulmal\u0131d\u0131r. F\u0131rsatlar de\u011ferlendirilip riskler g\u00f6\u011f\u00fcslenmeli, zararlar \u00f6nlenmeli ve kararl\u0131l\u0131kla ilerlenmelidir.<\/p>\n\n\n\n<p style=\"font-size:clamp(16.834px, 1.052rem + ((1vw - 3.2px) * 0.716), 26px);\"><strong>2. 14. Be\u015f Y\u0131ll\u0131k Plan\u201d D\u00f6neminde Ekonomik ve Sosyal Geli\u015fmeye Y\u00f6n Veren \u0130lkeler ve Temel Hedefler<\/strong><\/p>\n\n\n\n<p style=\"font-size:clamp(16.834px, 1.052rem + ((1vw - 3.2px) * 0.716), 26px);\"><strong>4. \u201c14. Be\u015f Y\u0131ll\u0131k Plan\u201d D\u00f6neminin Geli\u015fme Y\u00f6nergesi<\/strong><\/p>\n\n\n\n<p style=\"font-size:clamp(16.834px, 1.052rem + ((1vw - 3.2px) * 0.716), 26px);\">\u00c7in\u2019e \u00d6zg\u00fc Sosyalizm\u2019in y\u00fcce sanca\u011f\u0131 y\u00fckseklerde tutulacak; \u00c7in Kom\u00fcnist Partisi 19. Ulusal Kongresi ile 19. Merkez Komitesi\u2019nin \u0130kinci, \u00dc\u00e7\u00fcnc\u00fc, D\u00f6rd\u00fcnc\u00fc ve Be\u015finci Genel Kurullar\u0131n\u0131n ruhu derinlemesine hayata ge\u00e7irilecektir. Marksizm-Leninizm, Mao Zedong D\u00fc\u015f\u00fcncesi, Deng Xiaoping Teorisi, \u00dc\u00e7 Temsil D\u00fc\u015f\u00fcncesi, Bilimsel Kalk\u0131nma Anlay\u0131\u015f\u0131 ve Xi Jinping\u2019in Yeni D\u00f6nemde \u00c7in\u2019e \u00d6zg\u00fc Sosyalizm D\u00fc\u015f\u00fcncesi temel k\u0131lavuz olarak al\u0131nacakt\u0131r.<\/p>\n\n\n\n<p style=\"font-size:clamp(16.834px, 1.052rem + ((1vw - 3.2px) * 0.716), 26px);\">Partinin temel teorisi, temel \u00e7izgisi ve temel stratejileri eksiksiz bi\u00e7imde uygulanacak; ekonomik in\u015fa, siyasi in\u015fa, k\u00fclt\u00fcrel in\u015fa, sosyal in\u015fa ve ekolojik uygarl\u0131k in\u015fas\u0131ndan olu\u015fan genel plan e\u015fg\u00fcd\u00fcm i\u00e7inde ilerletilecek; sosyalist modern \u00fclkenin kapsaml\u0131 in\u015fas\u0131, reformlar\u0131n kapsaml\u0131 derinle\u015ftirilmesi, hukukun kapsaml\u0131 \u00fcst\u00fcnl\u00fc\u011f\u00fc ve Parti\u2019nin s\u0131k\u0131 bir \u015fekilde denetimi stratejik d\u00fczlemde birlikte y\u00fcr\u00fct\u00fclecektir.<\/p>\n\n\n\n<p style=\"font-size:clamp(16.834px, 1.052rem + ((1vw - 3.2px) * 0.716), 26px);\">Yenilik\u00e7ilik, e\u015fg\u00fcd\u00fcm, ye\u015fil kalk\u0131nma, d\u0131\u015fa a\u00e7\u0131lma ve payla\u015f\u0131m\u0131 i\u00e7eren yeni kalk\u0131nma anlay\u0131\u015f\u0131 kararl\u0131l\u0131kla uygulanacak; \u201cistikrar i\u00e7inde ilerleme\u201d genel yakla\u015f\u0131m\u0131 s\u00fcrd\u00fcr\u00fclecek; y\u00fcksek kaliteli kalk\u0131nman\u0131n te\u015fviki temel tema olarak ele al\u0131nacak; arz y\u00f6nl\u00fc yap\u0131sal reform ana eksen olacak; reform ve yenilik temel itici g\u00fc\u00e7; halk\u0131n artan g\u00fczel ya\u015fam taleplerinin kar\u015f\u0131lanmas\u0131 ise temel ama\u00e7 olacakt\u0131r.<\/p>\n\n\n\n<p style=\"font-size:clamp(16.834px, 1.052rem + ((1vw - 3.2px) * 0.716), 26px);\">Kalk\u0131nma ile g\u00fcvenlik aras\u0131nda e\u015fg\u00fcd\u00fcm sa\u011flanacak; modern ekonomik sistemin in\u015fas\u0131 h\u0131zland\u0131r\u0131lacak; i\u00e7 dola\u015f\u0131m\u0131 esas alan, i\u00e7 ve d\u0131\u015f dola\u015f\u0131mlar\u0131n kar\u015f\u0131l\u0131kl\u0131 olarak destekledi\u011fi yeni kalk\u0131nma d\u00fczeni in\u015fa edilecek; ulusal y\u00f6neti\u015fim sistemi ve y\u00f6neti\u015fim kapasitesinin modernle\u015fmesi ilerletilecek; ekonomik faaliyetlerin istikrarl\u0131 ve uzun vadeli s\u00fcrd\u00fcr\u00fclebilirli\u011fi sa\u011flanacak; toplumun huzur ve istikrar\u0131 korunacak; sosyalist modern \u00fclkenin kapsaml\u0131 in\u015fas\u0131nda sa\u011flam bir ba\u015flang\u0131\u00e7 yap\u0131lacakt\u0131r.<\/p>\n\n\n\n<p style=\"font-size:clamp(16.834px, 1.052rem + ((1vw - 3.2px) * 0.716), 26px);\"><strong>5. 14. Be\u015f Y\u0131ll\u0131k Plan D\u00f6neminde Ekonomik ve Sosyal Geli\u015fmede Uyulmas\u0131 Gereken Temel \u0130lkeler<\/strong><\/p>\n\n\n\n<p style=\"font-size:clamp(16.834px, 1.052rem + ((1vw - 3.2px) * 0.716), 26px);\"><strong>Parti&#8217;nin kapsaml\u0131 liderli\u011finde \u0131srar etmek:<\/strong> Ekonomik ve sosyal geli\u015fmede Parti liderli\u011fini s\u00fcrd\u00fcren ve m\u00fckemmelle\u015ftiren sistem ve mekanizmalar\u0131n korunmas\u0131; \u00c7in\u2019e \u00d6zg\u00fc Sosyalist Sistem\u2019in g\u00fc\u00e7lendirilmesi; yeni kalk\u0131nma anlay\u0131\u015f\u0131n\u0131 uygulama ve yeni kalk\u0131nma d\u00fczeni kurma kapasitesinin art\u0131r\u0131lmas\u0131; y\u00fcksek kaliteli kalk\u0131nman\u0131n temel g\u00fcvencesinin sa\u011flanmas\u0131.<\/p>\n\n\n\n<p style=\"font-size:clamp(16.834px, 1.052rem + ((1vw - 3.2px) * 0.716), 26px);\"><strong>Halk\u0131 merkeze alan geli\u015fme\/kalk\u0131nma g\u00f6r\u00fc\u015f\u00fcm\u00fczde \u0131srar&nbsp;etmek:<\/strong> Halk\u0131n tarihi yazan \u00f6zne konumunun korunmas\u0131; ortak refah y\u00f6neliminin s\u00fcrd\u00fcr\u00fclmesi; kalk\u0131nman\u0131n halk i\u00e7in, halk arac\u0131l\u0131\u011f\u0131yla ve halkla payla\u015f\u0131lacak bi\u00e7imde ger\u00e7ekle\u015ftirilmesi; halk\u0131n temel \u00e7\u0131karlar\u0131n\u0131n korunmas\u0131; t\u00fcm halk\u0131n inisiyatifi, g\u00f6n\u00fcll\u00fcl\u00fc\u011f\u00fc ve yarat\u0131c\u0131l\u0131\u011f\u0131n\u0131n harekete ge\u00e7irilmesi; toplumsal adaletin ilerletilmesi ve halk\u0131n refah\u0131n\u0131n art\u0131r\u0131lmas\u0131; halk\u0131n g\u00fczel bir ya\u015fam arzusunun s\u00fcrekli ger\u00e7ekle\u015ftirilmesi.<\/p>\n\n\n\n<p style=\"font-size:clamp(16.834px, 1.052rem + ((1vw - 3.2px) * 0.716), 26px);\"><strong>Yeni kalk\u0131nma anlay\u0131\u015f\u0131na ba\u011fl\u0131 kalmak:<\/strong> Yeni kalk\u0131nma anlay\u0131\u015f\u0131n\u0131n t\u00fcm kalk\u0131nma s\u00fcreci ve alanlar\u0131na entegre edilmesi; yeni kalk\u0131nma d\u00fczeninin olu\u015fturulmas\u0131; kalk\u0131nma bi\u00e7iminde k\u00f6kl\u00fc de\u011fi\u015fikliklerin ger\u00e7ekle\u015ftirilmesi; kalite, verimlilik ve dinamizmin d\u00f6n\u00fc\u015f\u00fcm\u00fcn\u00fcn te\u015fvik edilmesi; daha y\u00fcksek kaliteli, daha verimli, daha adil, daha s\u00fcrd\u00fcr\u00fclebilir ve daha g\u00fcvenli bir kalk\u0131nman\u0131n sa\u011flanmas\u0131.<\/p>\n\n\n\n<p style=\"font-size:clamp(16.834px, 1.052rem + ((1vw - 3.2px) * 0.716), 26px);\"><strong>Reform ve D\u0131\u015fa A\u00e7\u0131lman\u0131n derinle\u015ftirilmesinde \u0131srar etmek:<\/strong> Reformun ve D\u0131\u015fa A\u00e7\u0131lman\u0131n kararl\u0131l\u0131kla s\u00fcrd\u00fcr\u00fclmesi; ulusal y\u00f6neti\u015fim sisteminin ve y\u00f6neti\u015fim kapasitesinin modernle\u015fmesinin g\u00fc\u00e7lendirilmesi; y\u00fcksek kaliteli kalk\u0131nma ve y\u00fcksek nitelikli ya\u015fam\u0131 engelleyen sistemsel ve yap\u0131sal engellerin ortadan kald\u0131r\u0131lmas\u0131; kaynak tahsisinin etkinli\u011fini art\u0131ran ve toplumsal motivasyonu g\u00fc\u00e7lendiren \u00f6nemli reform ve a\u00e7\u0131l\u0131m \u00f6nlemlerinin kuvvetlendirilmesi; kalk\u0131nma dinamizminin ve canl\u0131l\u0131\u011f\u0131n\u0131n s\u00fcrekli g\u00fc\u00e7lendirilmesi.<\/p>\n\n\n\n<p style=\"font-size:clamp(16.834px, 1.052rem + ((1vw - 3.2px) * 0.716), 26px);\"><strong>Sistemli d\u00fc\u015f\u00fcnceyi s\u00fcrd\u00fcrmek:<\/strong> \u00d6ng\u00f6r\u00fcl\u00fc d\u00fc\u015f\u00fcnce, b\u00fct\u00fcnc\u00fcl planlama, stratejik d\u00fczenleme ve entegre ilerlemenin g\u00fc\u00e7lendirilmesi; i\u00e7 ve d\u0131\u015f iki genel durumu birlikte ele almak; kalk\u0131nma ve g\u00fcvenlik meselelerini e\u015fg\u00fcd\u00fcm i\u00e7inde y\u00f6netmek; ulusal d\u00fczeyde b\u00fct\u00fcnc\u00fcl bir yakla\u015f\u0131m benimsemek; merkezi ve yerel y\u00f6netimlerin, \u00e7e\u015fitli alanlar\u0131n etkinli\u011fini daha iyi ortaya koymak; temelleri sa\u011flamla\u015ft\u0131rmak, g\u00fc\u00e7l\u00fc y\u00f6nleri \u00f6ne \u00e7\u0131karmak, zay\u0131f alanlar\u0131 desteklemek ve eksikleri gidermek; b\u00fcy\u00fck risklerin ve zorluklar\u0131n \u00f6nlenmesi ve \u00e7\u00f6z\u00fclmesine dikkat etmek; kalk\u0131nma kalitesi, yap\u0131s\u0131, \u00f6l\u00e7e\u011fi, h\u0131z\u0131, verimlili\u011fi ve g\u00fcvenli\u011fi aras\u0131nda b\u00fct\u00fcnl\u00fck sa\u011flamak.<\/p>\n\n\n\n<p style=\"font-size:clamp(16.834px, 1.052rem + ((1vw - 3.2px) * 0.716), 26px);\"><strong>6. 14. Be\u015f Y\u0131ll\u0131k Plan D\u00f6neminin Temel Geli\u015fme Hedefleri<\/strong><\/p>\n\n\n\n<p style=\"font-size:clamp(16.834px, 1.052rem + ((1vw - 3.2px) * 0.716), 26px);\">2035 perspektif hedefi esas al\u0131narak; i\u00e7 ve d\u0131\u015f geli\u015fme e\u011filimleri ile ulusal ko\u015fullar kapsaml\u0131 bi\u00e7imde de\u011ferlendirilecek; hedef ve sorun odakl\u0131l\u0131k bir arada g\u00f6zetilecek; ilkelerin korunmas\u0131 ile yenili\u011fin b\u00fct\u00fcnl\u00fc\u011f\u00fc sa\u011flanacak; \u00f6n\u00fcm\u00fczdeki be\u015f y\u0131lda ekonomik ve sosyal geli\u015fmede a\u015fa\u011f\u0131daki temel hedeflerin ger\u00e7ekle\u015ftirilmesine \u00e7al\u0131\u015f\u0131lacakt\u0131r:<\/p>\n\n\n\n<p style=\"font-size:clamp(16.834px, 1.052rem + ((1vw - 3.2px) * 0.716), 26px);\"><strong>Ekonomik geli\u015fmede yeni ba\u015far\u0131lar elde edilecek:<\/strong> Kalk\u0131nma, \u00c7in\u2019in t\u00fcm sorunlar\u0131n\u0131n \u00e7\u00f6z\u00fcm\u00fcn\u00fcn temeli ve anahtar\u0131d\u0131r. Kalk\u0131nma yeni kalk\u0131nma anlay\u0131\u015f\u0131 do\u011frultusunda y\u00fcr\u00fct\u00fclecek; kalite ve verimlili\u011fin belirgin \u015fekilde y\u00fckseldi\u011fi temelde, ekonomi s\u00fcrd\u00fcr\u00fclebilir ve sa\u011fl\u0131kl\u0131 bi\u00e7imde b\u00fcy\u00fcmeye devam edecek; b\u00fcy\u00fcme potansiyeli tam anlam\u0131yla a\u00e7\u0131\u011fa \u00e7\u0131kar\u0131lacak; i\u00e7 pazar\u0131n g\u00fcc\u00fc art\u0131r\u0131lacak; ekonomik yap\u0131 daha da iyile\u015ftirilecek; yenilik kapasitesi kayda de\u011fer \u00f6l\u00e7\u00fcde geli\u015ftirilecek; sanayi altyap\u0131s\u0131 daha \u00fcst d\u00fczeye ta\u015f\u0131nacak; sanayi zinciri modernle\u015ftirilecek; tar\u0131msal temel sa\u011flamla\u015ft\u0131r\u0131lacak; kent-k\u0131r ve b\u00f6lgesel geli\u015fim uyumu anlaml\u0131 \u015fekilde art\u0131r\u0131lacak; modern ekonomik sistem in\u015fas\u0131nda b\u00fcy\u00fck ilerleme kaydedilecektir.<\/p>\n\n\n\n<p style=\"font-size:clamp(16.834px, 1.052rem + ((1vw - 3.2px) * 0.716), 26px);\"><strong>Reform ve D\u0131\u015fa A\u00e7\u0131lmada yeni ad\u0131mlar at\u0131lacak:<\/strong> Sosyalist piyasa ekonomisi sistemi daha da m\u00fckemmelle\u015ftirilecek; y\u00fcksek standartl\u0131 piyasa sistemi esasen kurulmu\u015f olacak; piyasa akt\u00f6rlerinin dinamizmi artacak; m\u00fclkiyet sistemi ve \u00fcretim fakt\u00f6rlerinin piyasa temelli tahsisi reformunda b\u00fcy\u00fck ba\u015far\u0131lar elde edilecek; adil rekabeti sa\u011flayan kurumsal yap\u0131 daha sa\u011fl\u0131kl\u0131 h\u00e2le getirilecek; daha \u00fcst d\u00fczeyde d\u0131\u015fa a\u00e7\u0131k bir ekonomik yap\u0131 esasen \u015fekillenecektir.<\/p>\n\n\n\n<p style=\"font-size:clamp(16.834px, 1.052rem + ((1vw - 3.2px) * 0.716), 26px);\"><strong>Toplumsal uygarl\u0131k d\u00fczeyi yeni bir a\u015famaya ta\u015f\u0131nacak:<\/strong> Sosyalist \u00e7ekirdek de\u011ferler halk aras\u0131nda k\u00f6kle\u015fecek; halk\u0131n d\u00fc\u015f\u00fcnsel, bilimsel-k\u00fclt\u00fcrel ve fiziksel-ruhsal nitelikleri belirgin bi\u00e7imde geli\u015fecek; kamuya d\u00f6n\u00fck k\u00fclt\u00fcrel hizmet sistemi ile k\u00fclt\u00fcr end\u00fcstrisi sistemi daha da b\u00fct\u00fcnle\u015fecek; halk\u0131n manevi-k\u00fclt\u00fcrel ya\u015fam\u0131 giderek zenginle\u015fecek; \u00c7in k\u00fclt\u00fcr\u00fcn\u00fcn etkisi daha da geni\u015fleyecek; \u00c7in ulusunun b\u00fct\u00fcnle\u015fme g\u00fcc\u00fc daha da peki\u015fecektir.<\/p>\n\n\n\n<p style=\"font-size:clamp(16.834px, 1.052rem + ((1vw - 3.2px) * 0.716), 26px);\"><strong>Ekolojik uygarl\u0131k in\u015fas\u0131nda yeni ilerlemeler kaydedilecek:<\/strong> Ulusal mek\u00e2nsal kalk\u0131nma ve koruma d\u00fczeni optimize edilecek; \u00fcretim ve ya\u015fam tarzlar\u0131nda ye\u015fil d\u00f6n\u00fc\u015f\u00fcmde etkili sonu\u00e7lar al\u0131nacak; enerji ve kaynaklar\u0131n tahsisi daha rasyonel bi\u00e7imde d\u00fczenlenecek, kullan\u0131m verimlili\u011fi ciddi bi\u00e7imde art\u0131r\u0131lacak; ba\u015fl\u0131ca kirletici emisyonlar s\u00fcrekli olarak azalt\u0131lacak; ekolojik \u00e7evre s\u00fcrekli iyile\u015ftirilecek; ekolojik g\u00fcvenlik bariyeri daha da sa\u011flamla\u015ft\u0131r\u0131lacak; kent ve k\u0131r yerle\u015fim \u00e7evreleri kayda de\u011fer bi\u00e7imde geli\u015ftirilecektir.<\/p>\n\n\n\n<p style=\"font-size:clamp(16.834px, 1.052rem + ((1vw - 3.2px) * 0.716), 26px);\"><strong>Halk\u0131n refah\u0131 yeni bir seviyeye ta\u015f\u0131nacak:<\/strong> Daha yeterli ve daha nitelikli istihdam sa\u011flanacak; hane halk\u0131 gelirindeki art\u0131\u015f ekonomik b\u00fcy\u00fcmeyle temelde uyumlu olacak; gelir da\u011f\u0131l\u0131m\u0131 yap\u0131s\u0131 g\u00f6zle g\u00f6r\u00fcl\u00fcr bi\u00e7imde iyile\u015ftirilecek; temel kamu hizmetlerinde e\u015fitlik kayda de\u011fer \u00f6l\u00e7\u00fcde art\u0131r\u0131lacak; halk\u0131n e\u011fitim seviyesi s\u00fcrekli y\u00fckseltilecek; \u00e7ok katmanl\u0131 sosyal g\u00fcvenlik sistemi daha b\u00fct\u00fcnl\u00fckl\u00fc h\u00e2le getirilecek; sa\u011fl\u0131k sistemi daha eksiksiz k\u0131l\u0131nacak; yoksullukla m\u00fccadelede elde edilen kazan\u0131mlar korunacak ve derinle\u015ftirilecek; k\u0131rsal kalk\u0131nma stratejisi kapsaml\u0131 olarak ilerletilecektir.<\/p>\n\n\n\n<p style=\"font-size:clamp(16.834px, 1.052rem + ((1vw - 3.2px) * 0.716), 26px);\"><strong>Ulusal y\u00f6neti\u015fim kapasitesinde yeni ilerlemeler sa\u011flanacak:<\/strong> Sosyalist demokrasi ve hukukun \u00fcst\u00fcnl\u00fc\u011f\u00fc sistemi daha da m\u00fckemmelle\u015ftirilecek; toplumsal adalet ve e\u015fitlik daha g\u00fc\u00e7l\u00fc bi\u00e7imde yans\u0131t\u0131lacak; ulusal idari sistem daha rasyonel yap\u0131land\u0131r\u0131lacak; h\u00fck\u00fcmet i\u015flevi daha etkin bi\u00e7imde ger\u00e7ekle\u015ftirilecek; idari etkinlik ve me\u015fruiyet g\u00f6zle g\u00f6r\u00fcl\u00fcr bi\u00e7imde art\u0131r\u0131lacak; toplumsal y\u00f6neti\u015fim, \u00f6zellikle de yerel d\u00fczeydeki y\u00f6neti\u015fim kapasitesi ciddi bi\u00e7imde geli\u015ftirilecek; b\u00fcy\u00fck risklerin \u00f6nlenmesi ve \u00e7\u00f6z\u00fcm\u00fcne d\u00f6n\u00fck sistem ve mekanizmalar s\u00fcrekli g\u00fc\u00e7lendirilecek; ola\u011fan\u00fcst\u00fc kamu olaylar\u0131na m\u00fcdahale kapasitesi anlaml\u0131 bi\u00e7imde y\u00fckseltilecek; do\u011fal afetlere kar\u015f\u0131 savunma kapasitesi g\u00fc\u00e7lendirilecek; kalk\u0131nma g\u00fcvenli\u011fi daha etkin teminat alt\u0131na al\u0131nacak; ulusal savunma ve ordunun modernle\u015fmesinde kayda de\u011fer ad\u0131mlar at\u0131lacakt\u0131r.<\/p>\n\n\n\n<p style=\"font-size:clamp(16.834px, 1.052rem + ((1vw - 3.2px) * 0.716), 26px);\"><strong>3. Yenilik Odakl\u0131 Kalk\u0131nmay\u0131 S\u00fcrd\u00fcrmek, Geli\u015fmede Yeni \u00dcst\u00fcnl\u00fckleri Kapsaml\u0131 Bi\u00e7imde \u015eekillendirmek<\/strong><\/p>\n\n\n\n<p style=\"font-size:clamp(16.834px, 1.052rem + ((1vw - 3.2px) * 0.716), 26px);\">Yenilik, \u00c7in\u2019in modernle\u015fme in\u015fas\u0131nda merkezi bir konumda tutulacak; bilimsel ve teknolojik \u00f6zerklik ile g\u00fc\u00e7lenme, ulusal kalk\u0131nman\u0131n stratejik dayana\u011f\u0131 olarak ele al\u0131nacakt\u0131r. K\u00fcresel bilimsel-teknolojik cepheye, ekonomik ana cepheye, ulusal kalk\u0131nman\u0131n temel ihtiya\u00e7lar\u0131na ve halk\u0131n ya\u015fam sa\u011fl\u0131\u011f\u0131na odaklan\u0131larak; \u201cbilim ve e\u011fitimle \u00fclkeyi kalk\u0131nd\u0131rma stratejisi\u201d, \u201cnitelikli insan g\u00fcc\u00fcyle kalk\u0131nma stratejisi\u201d ve \u201cyenilik g\u00fcd\u00fcml\u00fc kalk\u0131nma stratejisi\u201d derinlemesine uygulanacak; ulusal yenilik sistemi geli\u015ftirilecek ve bilimsel-teknolojik a\u00e7\u0131dan g\u00fc\u00e7l\u00fc bir \u00fclke in\u015fas\u0131 h\u0131zland\u0131r\u0131lacakt\u0131r.<\/p>\n\n\n\n<p style=\"font-size:clamp(16.834px, 1.052rem + ((1vw - 3.2px) * 0.716), 26px);\"><\/p>\n\n\n\n<p style=\"font-size:clamp(16.834px, 1.052rem + ((1vw - 3.2px) * 0.716), 26px);\"><strong>7. Stratejik Planlama \u0130le \u00dclkenin Bilimsel ve Teknolojik G\u00fcc\u00fcn\u00fcn G\u00fc\u00e7lendirilmesi<\/strong><\/p>\n\n\n\n<p style=\"font-size:clamp(16.834px, 1.052rem + ((1vw - 3.2px) * 0.716), 26px);\"><em>(Buradan itibaren metni b\u00fcy\u00fck \u00f6l\u00e7\u00fcde k\u0131saltt\u0131k &#8211; \u00e7.n.)<\/em><\/p>\n\n\n\n<p style=\"font-size:clamp(16.834px, 1.052rem + ((1vw - 3.2px) * 0.716), 26px);\">\u201cBilim ve Teknolojide G\u00fc\u00e7l\u00fc \u00c7in Eylem Program\u0131\u201d haz\u0131rlanacakt\u0131r. Sosyalist piyasa ekonomisi ko\u015fullar\u0131 alt\u0131nda yeni tip seferberlik sistemi geli\u015ftirilecek; kritik ve \u00e7ekirdek teknolojilerde at\u0131l\u0131m m\u00fccadelesi y\u00fcr\u00fct\u00fclecek; yenilik zincirinin b\u00fct\u00fcnsel verimlili\u011fi y\u00fckseltilecektir.<\/p>\n\n\n\n<p style=\"font-size:clamp(16.834px, 1.052rem + ((1vw - 3.2px) * 0.716), 26px);\">Temel ara\u015ft\u0131rmalar g\u00fc\u00e7lendirilecek, \u00f6zg\u00fcn yenilikler desteklenecek; disiplin yap\u0131s\u0131 ve Ar-Ge yerle\u015fimi iyile\u015ftirilecek; disiplinler aras\u0131 b\u00fct\u00fcnle\u015fme te\u015fvik edilecek; ortak temel teknolojilerin sunum sistemi geli\u015ftirilecektir.<\/p>\n\n\n\n<p style=\"font-size:clamp(16.834px, 1.052rem + ((1vw - 3.2px) * 0.716), 26px);\">Yapay zek\u00e2, kuantum bilgisi, entegre devreler, ya\u015fam sa\u011fl\u0131\u011f\u0131, beyin bilimi, biyoteknolojik \u0131slah, uzay-havac\u0131l\u0131k teknolojileri, yeralt\u0131 ve derin deniz gibi ileri teknolojik alanlara odaklan\u0131larak, ileri g\u00f6r\u00fc\u015fl\u00fc ve stratejik ulusal bilim-teknoloji projeleri ba\u015flat\u0131lacakt\u0131r\u2026<\/p>\n\n\n\n<p style=\"font-size:clamp(16.834px, 1.052rem + ((1vw - 3.2px) * 0.716), 26px);\"><strong>8. \u0130\u015fletmelerin Teknolojik Yenilik Kapasitesinin Art\u0131r\u0131lmas\u0131<\/strong><\/p>\n\n\n\n<p style=\"font-size:clamp(16.834px, 1.052rem + ((1vw - 3.2px) * 0.716), 26px);\">\u0130\u015fletmelerin yenili\u011fin temel akt\u00f6r\u00fc konumundaki rol\u00fc g\u00fc\u00e7lendirilecek; \u00e7e\u015fitli yenilik (inovason \u2013 \u00e7.n.) unsurlar\u0131n\u0131n i\u015fletmelere y\u00f6nelmesi te\u015fvik edilecektir. Sanayi\u2013\u00fcniversite\u2013ara\u015ft\u0131rma b\u00fct\u00fcnle\u015fmesi derinle\u015ftirilecek; i\u015fletmelerin \u00f6nc\u00fcl\u00fc\u011f\u00fcnde yenilik ittifaklar\u0131 kurulmas\u0131 desteklenecek ve bu i\u015fletmelerin ulusal d\u00fczeydeki b\u00fcy\u00fck bilimsel projelerde sorumluluk \u00fcstlenmeleri te\u015fvik edilecektir\u2026<\/p>\n\n\n\n<p style=\"font-size:clamp(16.834px, 1.052rem + ((1vw - 3.2px) * 0.716), 26px);\"><strong>9. Yenilik\u00e7i \u0130nsanlar\u0131n G\u00fcc\u00fcn\u00fcn Potansiyelinin A\u00e7\u0131\u011fa \u00c7\u0131kar\u0131lmas\u0131<\/strong><\/p>\n\n\n\n<p style=\"font-size:clamp(16.834px, 1.052rem + ((1vw - 3.2px) * 0.716), 26px);\">Emek, bilgi, yetenek ve yarat\u0131c\u0131l\u0131\u011fa sayg\u0131 ilkeleri tam olarak uygulanacakt\u0131r. \u0130nsan kaynaklar\u0131 geli\u015fimine ili\u015fkin sistem ve mekanizmalar reformdan ge\u00e7irilecek; yeteneklerin kapsaml\u0131 bi\u00e7imde e\u011fitimi, \u00e7ekilmesi ve de\u011ferlendirilmesi sa\u011flanacakt\u0131r.<\/p>\n\n\n\n<p style=\"font-size:clamp(16.834px, 1.052rem + ((1vw - 3.2px) * 0.716), 26px);\">Daha fazla say\u0131da uluslararas\u0131 d\u00fczeyde bilimsel lider ve yenilik\u00e7i ekip yeti\u015ftirilecek; k\u00fcresel rekabet g\u00fcc\u00fcne sahip gen\u00e7 bilim insanlar\u0131ndan olu\u015fan bir rezerv kuvvet olu\u015fturulacakt\u0131r\u2026<\/p>\n\n\n\n<p style=\"font-size:clamp(16.834px, 1.052rem + ((1vw - 3.2px) * 0.716), 26px);\"><strong>10. Bilimsel ve Teknolojik Yenilik \u00c7al\u0131\u015fmam\u0131zda Sistemlerin ve Mekanizmalar\u0131n \u0130yile\u015ftirilmesi<\/strong><\/p>\n\n\n\n<p style=\"font-size:clamp(16.834px, 1.052rem + ((1vw - 3.2px) * 0.716), 26px);\">Bilim ve teknoloji sisteminin reformu derinle\u015ftirilecektir. Ulusal bilimsel-teknolojik y\u00f6neti\u015fim sistemi iyile\u015ftirilecek; planlama ve i\u015fletme mekanizmalar\u0131 optimize edilecektir.<\/p>\n\n\n\n<p style=\"font-size:clamp(16.834px, 1.052rem + ((1vw - 3.2px) * 0.716), 26px);\">Kilit alanlarda projeler, \u00fcsler, yetenekler ve finansman kaynaklar\u0131 b\u00fct\u00fcnc\u00fcl bi\u00e7imde tahsis edilecektir. Bilimsel ara\u015ft\u0131rma projelerinin organizasyon ve y\u00f6netim y\u00f6ntemleri iyile\u015ftirilecek, sorumluluk ilan\u0131 ve g\u00f6n\u00fcll\u00fc liderlik esas\u0131na dayal\u0131 sistem uygulanacakt\u0131r\u2026<\/p>\n\n\n\n<p style=\"font-size:clamp(16.834px, 1.052rem + ((1vw - 3.2px) * 0.716), 26px);\"><strong>4. Modern Sanayi Sisteminin Geli\u015fimini H\u0131zland\u0131rmak, Ekonomik Yap\u0131n\u0131n \u0130yile\u015ftirilmesini ve Y\u00fckseltilmesini Te\u015fvik Etmek<\/strong><\/p>\n\n\n\n<p style=\"font-size:clamp(16.834px, 1.052rem + ((1vw - 3.2px) * 0.716), 26px);\">Ekonomik kalk\u0131nman\u0131n a\u011f\u0131rl\u0131k noktas\u0131 somut (ger\u00e7ek) ekonomi \u00fczerine oturtulacakt\u0131r. Sanayi g\u00fcc\u00fc y\u00fcksek bir \u00fclke, kalite temelli bir \u00fclke, dijital \u00c7in ve a\u011f altyap\u0131s\u0131 g\u00fc\u00e7l\u00fc bir \u00fclke in\u015fas\u0131 kararl\u0131l\u0131kla s\u00fcrd\u00fcr\u00fclecektir. Sanayi temeli ileri d\u00fczeye ta\u015f\u0131nacak, sanayi zinciri modernize edilecek, ekonomik kalitenin, etkinli\u011fin ve temel rekabet g\u00fcc\u00fcn\u00fcn art\u0131r\u0131lmas\u0131 sa\u011flanacakt\u0131r.<\/p>\n\n\n\n<p style=\"font-size:clamp(16.834px, 1.052rem + ((1vw - 3.2px) * 0.716), 26px);\"><strong>11. Sanayi ve Tedarik Zincirlerinin Modernizasyon D\u00fczeyini Y\u00fckseltmek<\/strong><\/p>\n\n\n\n<p style=\"font-size:clamp(16.834px, 1.052rem + ((1vw - 3.2px) * 0.716), 26px);\">\u0130malat sanayisinin GSY\u0130H i\u00e7indeki pay\u0131 istikrarl\u0131 bi\u00e7imde korunacak, ger\u00e7ek ekonominin temeli sa\u011flamla\u015ft\u0131r\u0131larak b\u00fcy\u00fct\u00fclecektir. \u00d6zerklik, kontrol edilebilirlik, g\u00fcvenlik ve verimlilik ilkeleri temel al\u0131narak her sekt\u00f6re \u00f6zel tedarik zinciri stratejileri geli\u015ftirilecek; t\u00fcm sanayi zinciri boyunca optimize edilip ileri d\u00fczeye ta\u015f\u0131nmas\u0131 sa\u011flanacakt\u0131r\u2026<\/p>\n\n\n\n<p style=\"font-size:clamp(16.834px, 1.052rem + ((1vw - 3.2px) * 0.716), 26px);\"><strong>12. Stratejik \u00d6nemi Olan Yeni ve En \u00c7a\u011fda\u015f Sanayilerin Geli\u015ftirilmesi<\/strong><\/p>\n\n\n\n<p style=\"font-size:clamp(16.834px, 1.052rem + ((1vw - 3.2px) * 0.716), 26px);\">Yeni nesil bilgi teknolojisi, biyoteknoloji, yeni enerji, yeni malzemeler, ileri donan\u0131m, yeni enerji ara\u00e7lar\u0131, ye\u015fil \u00e7evre teknolojileri, havac\u0131l\u0131k, uzay ve deniz donan\u0131mlar\u0131 gibi stratejik sekt\u00f6rlerin b\u00fcy\u00fcmesi h\u0131zland\u0131r\u0131lacakt\u0131r.<\/p>\n\n\n\n<p style=\"font-size:clamp(16.834px, 1.052rem + ((1vw - 3.2px) * 0.716), 26px);\">\u0130nternet, b\u00fcy\u00fck veri ve yapay zek\u00e2 ile di\u011fer sekt\u00f6rlerin b\u00fct\u00fcnle\u015fmesi te\u015fvik edilecek; ileri \u00fcretim k\u00fcmeleri olu\u015fturulacak; b\u00f6lgesel avantajlar\u0131 olan, yap\u0131sal olarak dengeli, birbirini tamamlayan stratejik sanayi b\u00fcy\u00fcme motorlar\u0131 in\u015fa edilecektir. Yeni teknolojiler, \u00fcr\u00fcnler, i\u015f modelleri ve formatlar geli\u015ftirilecektir. Platform ekonomisinin (dijital platformlar arac\u0131l\u0131\u011f\u0131yla \u00fcretici ve t\u00fcketiciyi bulu\u015fturan i\u015f modelleri; \u00f6rn. Alibaba, Meituan, Didi \u2013 \u00e7.n.) ve payla\u015f\u0131m ekonomisinin (sahiplik yerine kullan\u0131m esas\u0131na dayal\u0131, kaynaklar\u0131n ortakla\u015fa kullan\u0131ld\u0131\u011f\u0131 modeller; \u00f6rn. Airbnb, bisiklet payla\u015f\u0131m\u0131 \u2013 \u00e7.n.) sa\u011fl\u0131kl\u0131 geli\u015fimi desteklenecektir. D\u00fc\u015f\u00fck d\u00fczeyli tekrarlay\u0131c\u0131 yat\u0131r\u0131mlar\u0131n \u00f6nlenmesi amac\u0131yla \u015firket birle\u015fme ve yeniden yap\u0131land\u0131rmalar\u0131 te\u015fvik edilecektir.<\/p>\n\n\n\n<p style=\"font-size:clamp(16.834px, 1.052rem + ((1vw - 3.2px) * 0.716), 26px);\"><strong>13. Modern Hizmet Sekt\u00f6r\u00fcn\u00fcn H\u0131zla Geli\u015ftirilmesi<\/strong><\/p>\n\n\n\n<p style=\"font-size:clamp(16.834px, 1.052rem + ((1vw - 3.2px) * 0.716), 26px);\">\u00dcretime dayal\u0131 hizmet sekt\u00f6r\u00fc daha uzmanla\u015fm\u0131\u015f ve de\u011fer zincirinin \u00fcst a\u015famalar\u0131na y\u00f6nlendirilmi\u015f bi\u00e7imde geli\u015ftirilecektir. Hizmet sunumuna t\u00fcm piyasa akt\u00f6rlerinin kat\u0131l\u0131m\u0131 te\u015fvik edilecek; Ar-Ge tasar\u0131m\u0131, modern lojistik, hukuk hizmetleri gibi sekt\u00f6rlerin geli\u015fimi h\u0131zland\u0131r\u0131lacakt\u0131r.<\/p>\n\n\n\n<p style=\"font-size:clamp(16.834px, 1.052rem + ((1vw - 3.2px) * 0.716), 26px);\"><strong>14. Altyap\u0131 \u0130n\u015fas\u0131n\u0131n E\u015f G\u00fcd\u00fcml\u00fc Bi\u00e7imde \u0130lerletilmesi<\/strong><\/p>\n\n\n\n<p style=\"font-size:clamp(16.834px, 1.052rem + ((1vw - 3.2px) * 0.716), 26px);\">Sistemli, y\u00fcksek verimli, ak\u0131ll\u0131, ye\u015fil, g\u00fcvenli ve g\u00fcvenilir bir modern altyap\u0131 sistemi in\u015fa edilecektir.<\/p>\n\n\n\n<p style=\"font-size:clamp(16.834px, 1.052rem + ((1vw - 3.2px) * 0.716), 26px);\">Yeni nesil altyap\u0131 sistemleri b\u00fct\u00fcnsel bi\u00e7imde planlanacakt\u0131r. 5G ileti\u015fim a\u011f\u0131, end\u00fcstriyel internet, b\u00fcy\u00fck veri merkezleri gibi yap\u0131lar h\u0131zla in\u015fa edilecektir.<\/p>\n\n\n\n<p style=\"font-size:clamp(16.834px, 1.052rem + ((1vw - 3.2px) * 0.716), 26px);\">Ula\u015f\u0131m alan\u0131nda g\u00fc\u00e7l\u00fc bir \u00fclke in\u015fas\u0131 h\u0131zland\u0131r\u0131lacak; b\u00fct\u00fcnle\u015fik ula\u015f\u0131m koridorlar\u0131, ula\u015f\u0131m merkezleri ve lojistik a\u011flar\u0131 geli\u015ftirilecek; \u015fehir k\u00fcmesi ve metropol b\u00f6lgelerde rayl\u0131 ula\u015f\u0131m sistemleri b\u00fct\u00fcnle\u015fik \u015fekilde geni\u015fletilecektir. K\u0131rsal ve s\u0131n\u0131r b\u00f6lgelerde ula\u015f\u0131m eri\u015fimi art\u0131r\u0131lacakt\u0131r\u2026<\/p>\n\n\n\n<p style=\"font-size:clamp(16.834px, 1.052rem + ((1vw - 3.2px) * 0.716), 26px);\"><strong>15. Dijitalle\u015fmenin H\u0131zland\u0131r\u0131lmas\u0131<\/strong><\/p>\n\n\n\n<p style=\"font-size:clamp(16.834px, 1.052rem + ((1vw - 3.2px) * 0.716), 26px);\">Dijital ekonomi geli\u015ftirilecek; dijitalle\u015fmeye dayal\u0131 sanayile\u015fme ve sanayinin dijital d\u00f6n\u00fc\u015f\u00fcm\u00fc desteklenecektir. Dijital ekonomi ile reel ekonominin derin entegrasyonu sa\u011flanacak; uluslararas\u0131 rekabet g\u00fcc\u00fcne sahip dijital sanayi k\u00fcmeleri olu\u015fturulacakt\u0131r.<\/p>\n\n\n\n<p style=\"font-size:clamp(16.834px, 1.052rem + ((1vw - 3.2px) * 0.716), 26px);\">Dijital toplum ve dijital h\u00fck\u00fcmet in\u015fas\u0131 h\u0131zland\u0131r\u0131lacak; kamu hizmetleri ile toplumsal y\u00f6neti\u015fimin dijitalle\u015fme ve zek\u00e2 d\u00fczeyi art\u0131r\u0131lacakt\u0131r\u2026<\/p>\n\n\n\n<p style=\"font-size:clamp(16.834px, 1.052rem + ((1vw - 3.2px) * 0.716), 26px);\"><strong>5. G\u00fc\u00e7l\u00fc Bir \u0130\u00e7 Pazar Olu\u015fturmak ve Yeni Bir Kalk\u0131nma Tarz\u0131 \u0130n\u015fa Etmek<\/strong><\/p>\n\n\n\n<p style=\"font-size:clamp(16.834px, 1.052rem + ((1vw - 3.2px) * 0.716), 26px);\">\u0130\u00e7 talebin geni\u015fletilmesi stratejik bir dayanak olarak kabul edilecek, eksiksiz bir i\u00e7 talep sistemi h\u0131zla olu\u015fturulacak, bu strateji arz y\u00f6nl\u00fc yap\u0131sal reformlarla e\u015fg\u00fcd\u00fcm i\u00e7inde y\u00fcr\u00fct\u00fclecek, yenilik\u00e7ilik temelli ve y\u00fcksek kaliteli arz yoluyla yeni talep yarat\u0131lacakt\u0131r.<\/p>\n\n\n\n<p style=\"font-size:clamp(16.834px, 1.052rem + ((1vw - 3.2px) * 0.716), 26px);\"><strong>16. \u0130\u00e7 D\u00f6ng\u00fc Mekanizmas\u0131n\u0131n Etkinle\u015ftirilmesi<\/strong><\/p>\n\n\n\n<p style=\"font-size:clamp(16.834px, 1.052rem + ((1vw - 3.2px) * 0.716), 26px);\">\u00dclkenin geni\u015f i\u00e7 pazar\u0131 temel al\u0131narak \u00fcretim, da\u011f\u0131t\u0131m, lojistik ve t\u00fcketim s\u00fcre\u00e7leri entegre edilecek; sekt\u00f6rel tekeller ve yerel korumac\u0131l\u0131klar ortadan kald\u0131r\u0131larak ulusal ekonomide sa\u011fl\u0131kl\u0131 bir d\u00f6ng\u00fc sa\u011flanacakt\u0131r. Arz yap\u0131s\u0131 iyile\u015ftirilecek, arz\u0131n i\u00e7 talebe uyumu art\u0131r\u0131lacakt\u0131r. Finans, emlak ve reel ekonomi aras\u0131nda dengeli bir ili\u015fki kurulacak; sanayi tedarik zincirlerinde yukar\u0131dan a\u015fa\u011f\u0131ya etkili bir ba\u011flant\u0131 sa\u011flanacak; tar\u0131m, imalat, hizmetler, enerji ve kaynak sekt\u00f6rleri aras\u0131nda koordinasyon g\u00fc\u00e7lendirilecektir. \u00dcretim fakt\u00f6rlerinin pazara entegre olmas\u0131n\u0131 ve mal-hizmet dola\u015f\u0131m\u0131n\u0131 engelleyen yap\u0131sal engeller kald\u0131r\u0131lacak, i\u015flem maliyetleri d\u00fc\u015f\u00fcr\u00fclecektir. \u0130\u00e7 talebi geni\u015fletmeye d\u00f6n\u00fck politika destek sistemleri g\u00fc\u00e7lendirilecek; arz\u0131n talebi y\u00f6nlendirmesiyle talebin arz\u0131 \u015fekillendirmesi aras\u0131nda y\u00fcksek seviyeli bir dinamik denge kurulacakt\u0131r.<\/p>\n\n\n\n<p style=\"font-size:clamp(16.834px, 1.052rem + ((1vw - 3.2px) * 0.716), 26px);\"><strong>17. \u0130\u00e7 ve D\u0131\u015f Ekonomik Ticari D\u00f6ng\u00fclerin E\u015fg\u00fcd\u00fcml\u00fc Geli\u015ftirilmesi<\/strong><\/p>\n\n\n\n<p style=\"font-size:clamp(16.834px, 1.052rem + ((1vw - 3.2px) * 0.716), 26px);\">\u0130\u00e7 d\u00f6ng\u00fc merkez olmak \u00fczere, \u00fclkenin kar\u015f\u0131la\u015ft\u0131rmal\u0131 \u00fcst\u00fcnl\u00fcklerinden yararlanarak g\u00fc\u00e7l\u00fc bir i\u00e7 pazar ve d\u0131\u015f ticaret g\u00fcc\u00fc birlikte in\u015fa edilecektir. \u0130\u00e7 pazar vas\u0131tas\u0131yla k\u00fcresel kaynaklar ve d\u0131\u015f \u00fcretim fakt\u00f6rleri \u00fclkeye \u00e7ekilecek, hem i\u00e7 hem d\u0131\u015f piyasalar etkin bi\u00e7imde kullan\u0131lacakt\u0131r. \u0130\u00e7 ve d\u0131\u015f talep, ithalat ve ihracat, do\u011frudan yabanc\u0131 yat\u0131r\u0131m ve yurtd\u0131\u015f\u0131 yat\u0131r\u0131mlar koordineli \u015fekilde geli\u015ftirilerek uluslararas\u0131 \u00f6demeler dengesi korunacakt\u0131r\u2026<\/p>\n\n\n\n<p style=\"font-size:clamp(16.834px, 1.052rem + ((1vw - 3.2px) * 0.716), 26px);\"><strong>18. Halk T\u00fcketiminin Kapsaml\u0131 Bi\u00e7imde Te\u015fvik Edilmesi<\/strong><\/p>\n\n\n\n<p style=\"font-size:clamp(16.834px, 1.052rem + ((1vw - 3.2px) * 0.716), 26px);\">T\u00fcketimin ekonomik b\u00fcy\u00fcmedeki temel i\u015flevi g\u00fc\u00e7lendirilecek; t\u00fcketim kal\u0131plar\u0131ndaki d\u00f6n\u00fc\u015f\u00fcm desteklenecek, geleneksel t\u00fcketim canland\u0131r\u0131lacak, yeni t\u00fcketim bi\u00e7imleri te\u015fvik edilecek, kamu t\u00fcketimi de uygun \u00f6l\u00e7\u00fcde art\u0131r\u0131lacakt\u0131r. Kalite ve marka temelli olarak t\u00fcketim ye\u015fil, sa\u011fl\u0131kl\u0131 ve g\u00fcvenli y\u00f6ne y\u00f6nlendirilecek; yeni t\u00fcketim bi\u00e7imleri ve i\u015f modelleri desteklenecektir. Otomobil gibi \u00fcr\u00fcnlerde m\u00fclkiyete dayal\u0131 t\u00fcketimden kullan\u0131ma dayal\u0131 t\u00fcketime ge\u00e7i\u015f \u00f6zendirilecek; konut t\u00fcketimi sa\u011fl\u0131kl\u0131 bi\u00e7imde geli\u015ftirilecektir\u2026<\/p>\n\n\n\n<p style=\"font-size:clamp(16.834px, 1.052rem + ((1vw - 3.2px) * 0.716), 26px);\"><strong>19. Yat\u0131r\u0131m Alanlar\u0131n\u0131n Geni\u015fletilmesi<\/strong><\/p>\n\n\n\n<p style=\"font-size:clamp(16.834px, 1.052rem + ((1vw - 3.2px) * 0.716), 26px);\">Yat\u0131r\u0131m yap\u0131s\u0131 iyile\u015ftirilecek, yat\u0131r\u0131mlar\u0131n makul d\u00fczeyde b\u00fcy\u00fcmesi sa\u011flanacak ve yat\u0131r\u0131mlar\u0131n arz yap\u0131s\u0131n\u0131 d\u00f6n\u00fc\u015ft\u00fcrme fonksiyonu g\u00fc\u00e7lendirilecektir. Altyap\u0131, belediye hizmetleri, tar\u0131m ve k\u0131rsal alanlar, kamu g\u00fcvenli\u011fi, \u00e7evre koruma, kamu sa\u011fl\u0131\u011f\u0131, malzeme rezervi, afet y\u00f6netimi ve halk\u0131n temel ihtiya\u00e7lar\u0131na ili\u015fkin eksikler giderilecektir. \u015eirketlerin ekipmanlar\u0131n\u0131 yenilemesi ve teknolojik d\u00f6n\u00fc\u015f\u00fcmleri desteklenecek; stratejik \u00f6neme sahip yeni sekt\u00f6rlere yat\u0131r\u0131m art\u0131r\u0131lacakt\u0131r\u2026<\/p>\n\n\n\n<p style=\"font-size:clamp(16.834px, 1.052rem + ((1vw - 3.2px) * 0.716), 26px);\"><strong>6. Reformlar\u0131n Kapsaml\u0131 Derinle\u015ftirilmesi ve Y\u00fcksek D\u00fczeyli Sosyalist Pazar Ekonomisi Sisteminin \u0130n\u015fas\u0131<\/strong><\/p>\n\n\n\n<p style=\"font-size:clamp(16.834px, 1.052rem + ((1vw - 3.2px) * 0.716), 26px);\">Sosyalist temel ekonomik sistemin korunmas\u0131 ve geli\u015ftirilmesi esas al\u0131nacak, kaynak tahsisinde piyasan\u0131n belirleyici rol\u00fc tam anlam\u0131yla hayata ge\u00e7irilecek, h\u00fck\u00fcmetin i\u015flevi daha etkin bi\u00e7imde kullan\u0131lacak; etkin bir piyasa ile etkin bir h\u00fck\u00fcmetin uyumlu bir bile\u015fimi sa\u011flanacakt\u0131r.<\/p>\n\n\n\n<p style=\"font-size:clamp(16.834px, 1.052rem + ((1vw - 3.2px) * 0.716), 26px);\"><strong>20. Pazarda rol alan T\u00fcm Akt\u00f6rlerinin Canland\u0131r\u0131lmas\u0131<\/strong><\/p>\n\n\n\n<p style=\"font-size:clamp(16.834px, 1.052rem + ((1vw - 3.2px) * 0.716), 26px);\">Kamu m\u00fclkiyetine dayal\u0131 ekonominin sa\u011flamla\u015ft\u0131r\u0131lmas\u0131 ve geli\u015ftirilmesi y\u00f6n\u00fcndeki kararl\u0131l\u0131k s\u00fcrd\u00fcr\u00fcl\u00fcrken, kamu d\u0131\u015f\u0131 m\u00fclkiyete dayal\u0131 ekonomilerin (\u00f6zel sekt\u00f6r, karma giri\u015fimler vb. \u2013 \u00e7.n.) te\u015fvik edilmesi, desteklenmesi ve y\u00f6nlendirilmesi de ayn\u0131 kararl\u0131l\u0131kla s\u00fcrd\u00fcr\u00fclecektir. Devlet sermayesi ve devlet i\u015fletmelerinin g\u00fc\u00e7lendirilmesi, kalite ve verimliliklerinin art\u0131r\u0131lmas\u0131 sa\u011flanacak; devlet sekt\u00f6r\u00fcn\u00fcn yap\u0131lanmas\u0131 ve yap\u0131sal ayarlamalar\u0131 h\u0131zland\u0131r\u0131lacak, stratejik destek fonksiyonu peki\u015ftirilecektir.<\/p>\n\n\n\n<p style=\"font-size:clamp(16.834px, 1.052rem + ((1vw - 3.2px) * 0.716), 26px);\">\u00c7in\u2019e \u00f6zg\u00fc modern i\u015fletme sistemi geli\u015ftirilerek, devlet i\u015fletmelerinde karma m\u00fclkiyet reformlar\u0131 derinle\u015ftirilecektir. Sermaye y\u00f6netimine dayal\u0131 devlet varl\u0131k denetim sistemi g\u00fc\u00e7lendirilecek; devlet sermayesi yat\u0131r\u0131m ve i\u015fletme \u015firketleri reformu h\u0131zland\u0131r\u0131lacakt\u0131r\u2026<\/p>\n\n\n\n<p style=\"font-size:clamp(16.834px, 1.052rem + ((1vw - 3.2px) * 0.716), 26px);\"><strong>21. Makroekonomik Y\u00f6neti\u015fimin \u0130yile\u015ftirilmesi<\/strong><\/p>\n\n\n\n<p style=\"font-size:clamp(16.834px, 1.052rem + ((1vw - 3.2px) * 0.716), 26px);\">Ulusal kalk\u0131nma planlar\u0131 stratejik y\u00f6n\u00fc belirleyici nitelikte olacak; maliye ve para politikalar\u0131 temel ara\u00e7lar olarak kullan\u0131lacak; istihdam, sanayi, yat\u0131r\u0131m, t\u00fcketim, \u00e7evre koruma ve b\u00f6lgesel politikalarla e\u015fg\u00fcd\u00fcm sa\u011flanacakt\u0131r. Hedeflerin optimize edildi\u011fi, i\u015f b\u00f6l\u00fcm\u00fcn\u00fcn rasyonel ve i\u015f birli\u011finin etkin oldu\u011fu bir makroekonomik y\u00f6neti\u015fim sistemi olu\u015fturulacakt\u0131r.<\/p>\n\n\n\n<p style=\"font-size:clamp(16.834px, 1.052rem + ((1vw - 3.2px) * 0.716), 26px);\">Makro d\u00fczeyde politika olu\u015fturma ve uygulama mekanizmalar\u0131 geli\u015ftirilecek, beklenti y\u00f6netimine \u00f6nem verilecek, d\u00fczenleyici ara\u00e7lar\u0131n bilimselli\u011fi art\u0131r\u0131lacakt\u0131r\u2026<\/p>\n\n\n\n<p style=\"font-size:clamp(16.834px, 1.052rem + ((1vw - 3.2px) * 0.716), 26px);\"><strong>22. Modern ve \u00c7a\u011fda\u015f bir Maliye ve Finans Sistemi \u0130n\u015fas\u0131<\/strong><\/p>\n\n\n\n<p style=\"font-size:clamp(16.834px, 1.052rem + ((1vw - 3.2px) * 0.716), 26px);\">Mali kaynaklar b\u00fct\u00fcnc\u00fcl bi\u00e7imde koordine edilecek, orta vadeli b\u00fct\u00e7e planlamas\u0131 g\u00fc\u00e7lendirilecek, b\u00fcy\u00fck stratejik g\u00f6revlerin finansman\u0131 g\u00fcvence alt\u0131na al\u0131nacakt\u0131r. B\u00fct\u00e7e y\u00f6netimi sistemi reformlar\u0131 derinle\u015ftirilecek, b\u00fct\u00e7e haz\u0131rl\u0131\u011f\u0131na makro d\u00fczeyde rehberlik geli\u015ftirilecektir. Harcama standartlar\u0131 olu\u015fturulacak, b\u00fct\u00e7e disiplini ve performans y\u00f6netimi g\u00fc\u00e7lendirilecektir.<\/p>\n\n\n\n<p style=\"font-size:clamp(16.834px, 1.052rem + ((1vw - 3.2px) * 0.716), 26px);\"><strong>23. Y\u00fcksek Standartl\u0131 Bir Pazar Sistemi Kurmal\u0131y\u0131z<\/strong><\/p>\n\n\n\n<p style=\"font-size:clamp(16.834px, 1.052rem + ((1vw - 3.2px) * 0.716), 26px);\">Pazar sisteminin temel kurallar\u0131 geli\u015ftirilecek; pazarlara e\u015fit eri\u015fim, adil denetim, a\u00e7\u0131k rekabet ve d\u00fczenli r<a>ekabet<\/a> ile hukuka ba\u011fl\u0131l\u0131k ilkeleri do\u011frultusunda, verimli, kurall\u0131 ve adil bir ulusal b\u00fct\u00fcnle\u015fik pazar olu\u015fturulacakt\u0131r.<\/p>\n\n\n\n<p style=\"font-size:clamp(16.834px, 1.052rem + ((1vw - 3.2px) * 0.716), 26px);\">Y\u00fcksek standartl\u0131 pazar sistemi in\u015fas\u0131na y\u00f6nelik \u00f6zel bir eylem plan\u0131 uygulanacakt\u0131r. M\u00fclkiyet haklar\u0131n\u0131n hukuki korunmas\u0131 g\u00fc\u00e7lendirilecek; \u00fclke \u00e7ap\u0131nda tek tip pazar eri\u015fim negatif listesi (yaln\u0131zca izin verilmeyen alanlar\u0131n listelendi\u011fi sistem \u2013 \u00e7.n.) uygulanacakt\u0131r.<\/p>\n\n\n\n<p style=\"font-size:clamp(16.834px, 1.052rem + ((1vw - 3.2px) * 0.716), 26px);\"><strong>24. Devletin Fonksiyonlar\u0131n\u0131n D\u00f6n\u00fc\u015ft\u00fcr\u00fclmesi<\/strong><\/p>\n\n\n\n<p style=\"font-size:clamp(16.834px, 1.052rem + ((1vw - 3.2px) * 0.716), 26px);\">Yetkileri ve sorumluluklar\u0131 a\u00e7\u0131k, hukuk temelinde i\u015fleyen bir devlet y\u00f6neti\u015fim sistemi kurulacakt\u0131r. Yetkiyi azaltma, yetkiyi serbest b\u0131rakma ile denetim ve hizmetlerin birle\u015fimini esas alan reformlar s\u00fcrd\u00fcr\u00fclecek; h\u00fck\u00fcmetin yetki ve sorumluluk listesi sistemi kapsaml\u0131 bi\u00e7imde uygulanacakt\u0131r.<\/p>\n\n\n\n<p style=\"font-size:clamp(16.834px, 1.052rem + ((1vw - 3.2px) * 0.716), 26px);\">Pazar temelli, hukuka uygun ve uluslararas\u0131la\u015fm\u0131\u015f bir i\u015f ortam\u0131 s\u00fcrekli iyile\u015ftirilecektir. \u015eirketlerle ilgili ruhsat izinleri i\u00e7in liste temelli y\u00f6netim uygulanacak, s\u00fcre\u00e7 i\u00e7i ve sonras\u0131ndaki denetim g\u00fc\u00e7lendirilecektir. Yeni sanayi ve i\u015f modellerine y\u00f6nelik kapsay\u0131c\u0131 ve temkinli bir d\u00fczenleme yakla\u015f\u0131m\u0131 benimsenecektir.<\/p>\n\n\n\n<p style=\"font-size:clamp(16.834px, 1.052rem + ((1vw - 3.2px) * 0.716), 26px);\">B\u00fcy\u00fck \u00f6l\u00e7ekli politikalar\u0131n \u00f6n de\u011ferlendirme ve son de\u011ferlendirme sistemleri geli\u015ftirilecek, karar alma s\u00fcre\u00e7lerine kat\u0131l\u0131m kanallar\u0131 a\u00e7\u0131k tutulacakt\u0131r. Karar s\u00fcre\u00e7lerinin bilimsel, demokratik ve hukuki temelleri g\u00fc\u00e7lendirilecektir. Kamu hizmetleri standartla\u015ft\u0131r\u0131lacak, \u015feffaf ve kolay eri\u015filebilir hale getirilecektir. Meslek odalar\u0131, ticaret birlikleri ve arac\u0131 kurumlar\u0131n reformlar\u0131 derinle\u015ftirilecektir.<\/p>\n\n\n\n<p style=\"font-size:clamp(16.834px, 1.052rem + ((1vw - 3.2px) * 0.716), 26px);\"><strong>7. \u00d6ncelikli Olarak Tar\u0131m\u0131 ve K\u0131rsal\u0131 Geli\u015ftirme, Kapsaml\u0131 K\u0131rsal Canlanmay\u0131 \u0130lerletme<\/strong><\/p>\n\n\n\n<p style=\"font-size:clamp(16.834px, 1.052rem + ((1vw - 3.2px) * 0.716), 26px);\">Partinin t\u00fcm \u00e7al\u0131\u015fmalar\u0131 i\u00e7inde &#8220;\u00fc\u00e7 k\u0131rsal mesele&#8221;yi (tar\u0131m, k\u00f6yler, \u00e7ift\u00e7iler \u2013 \u00e7.n.) iyi \u00e7\u00f6zmeyi \u00f6ncelikli mesele olarak ele almak, \u00c7in&#8217;e \u00d6zg\u00fc Sosyalist K\u0131rsal Kalk\u0131nma yolunu izlemek, kapsaml\u0131 k\u0131rsal canlanma stratejisini tam olarak uygulamak, sanayi sekt\u00f6r\u00fcn\u00fcn tar\u0131m\u0131 desteklemesini ve \u015fehirlerin k\u0131rsal\u0131 s\u00fcr\u00fcklemesini peki\u015ftirmek, sanayi-tar\u0131m ve kent-k\u0131r aras\u0131nda kar\u015f\u0131l\u0131kl\u0131 te\u015fvik, kar\u015f\u0131l\u0131kl\u0131 tamamlama, e\u015fg\u00fcd\u00fcml\u00fc geli\u015fme ve ortak refaha dayal\u0131 yeni tip bir kent-k\u0131r ili\u015fkisi in\u015fa etmek; tar\u0131m ve k\u0131rsal kesimin modernle\u015fmesini h\u0131zland\u0131rmak gerekir.<\/p>\n\n\n\n<p style=\"font-size:clamp(16.834px, 1.052rem + ((1vw - 3.2px) * 0.716), 26px);\"><strong>25. Tar\u0131mda Kalite, Verimlilik ve Rekabet G\u00fcc\u00fcn\u00fc Art\u0131rmak<\/strong><br>Ulusal ekonomi ve halk\u0131n ge\u00e7imi g\u00fcvence alt\u0131na al\u0131narak, g\u0131da g\u00fcvenli\u011fi temelinde tar\u0131m\u0131 destekleyen ve koruyan sistem iyile\u015ftirilecektir. En s\u0131k\u0131 tar\u0131m arazisi koruma sistemi s\u00fcrd\u00fcr\u00fclecek, &#8220;tah\u0131l toprakta, tah\u0131l teknolojide muhafaza edilir&#8221; stratejisi derinle\u015ftirilecek; sulama ve tar\u0131msal altyap\u0131 in\u015faat\u0131 art\u0131r\u0131lacak, y\u00fcksek standartl\u0131 tar\u0131m arazisi projeleri uygulanacakt\u0131r. Tar\u0131mda bilimsel ve teknik destekler ile donan\u0131m d\u00fczeyi y\u00fckseltilecek, kaliteli tohum geli\u015ftirme sistemi iyile\u015ftirilecek, hayvan hastal\u0131klar\u0131 ve bitki zararl\u0131lar\u0131na kar\u015f\u0131 koruma mekanizmalar\u0131 g\u00fc\u00e7lendirilecek, ak\u0131ll\u0131 tar\u0131m tesisleri kurulacakt\u0131r. Tar\u0131msal \u00fcretimde ye\u015fil d\u00f6n\u00fc\u015f\u00fcm y\u00f6nlendirilecek, kalite g\u00fcvenli\u011fi denetimi art\u0131r\u0131lacak, tar\u0131msal modernle\u015fme pilot g\u00f6steri b\u00f6lgeleri olu\u015fturulacakt\u0131r\u2026<\/p>\n\n\n\n<p style=\"font-size:clamp(16.834px, 1.052rem + ((1vw - 3.2px) * 0.716), 26px);\"><strong>26. K\u0131rsal \u0130n\u015fay\u0131 <\/strong>temel<strong> Eylem G\u00fcndemi yapmal\u0131y\u0131z &nbsp;<\/strong><br>K\u0131rsal in\u015fa, sosyalist modernle\u015fme s\u00fcrecinin temel g\u00fcndemlerinden biri haline getirilecektir. \u0130l\u00e7e d\u00fczeyinde kamu hizmet kapasitesi geli\u015ftirilecek, kasaba ve beldeler, \u00e7ift\u00e7ilere hizmet sunan b\u00f6lgesel merkezler h\u00e2line getirilecektir. \u0130l\u00e7e merkezleri ile k\u00f6ylerin planlamas\u0131 ve in\u015fas\u0131 b\u00fct\u00fcnc\u00fcl \u015fekilde ele al\u0131nacak, geleneksel k\u00f6yler ve k\u0131rsal manzara korunacakt\u0131r. K\u0131rsalda su, elektrik, yol, do\u011falgaz, ileti\u015fim, yay\u0131n, lojistik gibi altyap\u0131lar iyile\u015ftirilecek, k\u0131rsal konut kalitesi art\u0131r\u0131lacakt\u0131r. \u00c7ift\u00e7ilerin bilimsel ve k\u00fclt\u00fcrel d\u00fczeyleri geli\u015ftirilecek, k\u0131rsalda yetenekli bireylerin &nbsp;desteklenmesi art\u0131r\u0131lacakt\u0131r.<\/p>\n\n\n\n<p style=\"font-size:clamp(16.834px, 1.052rem + ((1vw - 3.2px) * 0.716), 26px);\"><strong>27. K\u0131rsal B\u00f6lgelerde &nbsp;Reformu Derinle\u015ftirmek<\/strong><br>Kent-k\u0131r b\u00fct\u00fcnle\u015fik ve birlikte kalk\u0131nma mekanizmas\u0131 iyile\u015ftirilecek, \u00fcretim fakt\u00f6rlerinin \u00e7ift y\u00f6nl\u00fc dola\u015f\u0131m\u0131 ve e\u015fit al\u0131\u015fveri\u015fi sa\u011flanacakt\u0131r. \u0130kinci tur arazi s\u00f6zle\u015fmelerinin s\u00fcresi sona erdikten sonra 30 y\u0131l daha uzat\u0131lmas\u0131na ili\u015fkin yeni politikam\u0131z uygulanacakt\u0131r. Tar\u0131m kooperatifleri, aile \u00e7iftlikleri gibi yeni tar\u0131msal i\u015fletme t\u00fcrleri desteklenecek, uzmanla\u015fm\u0131\u015f \u00fcretim ve sosyal hizmet sistemi olu\u015fturulacakt\u0131r. K\u00fc\u00e7\u00fck \u00e7ift\u00e7iler ile modern tar\u0131m aras\u0131nda organik ba\u011flant\u0131lar geli\u015ftirilecektir. K\u0131rsal ve kentsel alanlar i\u00e7in birle\u015fik bir in\u015faat arsas\u0131 piyasas\u0131 olu\u015fturulacak, k\u0131rsal topluluklar\u0131n ticari arsalar\u0131n\u0131n piyasaya sunulmas\u0131na dair pilot uygulamalar ba\u015flat\u0131lacakt\u0131r. [\u2026] K\u0131rsal kollektif m\u00fclkiyet reformu derinle\u015ftirilecek, yeni tip k\u0131rsal kolektif ekonomi geli\u015ftirilecektir. K\u0131rsal finansman hizmet sistemi g\u00fc\u00e7lendirilecek, tar\u0131m sigortas\u0131 geli\u015ftirilecektir.<\/p>\n\n\n\n<p style=\"font-size:clamp(16.834px, 1.052rem + ((1vw - 3.2px) * 0.716), 26px);\"><strong>28. Yoksullukla M\u00fccadelenin Kazan\u0131mlar\u0131n\u0131 K\u0131rsal Kalk\u0131nmayla Etkili \u015eekilde Birle\u015ftirmek<\/strong><br>K\u0131rsalda d\u00fc\u015f\u00fck gelirli gruplar ve az geli\u015fmi\u015f b\u00f6lgeler i\u00e7in destek mekanizmalar\u0131 kurulacak, mali kaynak tahsisi genel olarak istikrarl\u0131 tutulacak, yoksulluktan kurtulan b\u00f6lgelerde kalk\u0131nma \u00e7al\u0131\u015fmalar\u0131 s\u00fcrd\u00fcr\u00fclecektir. Yoksullu\u011fa geri d\u00f6n\u00fc\u015f\u00fc \u00f6nleme ve destek mekanizmalar\u0131 geli\u015ftirilecek, zorunlu g\u00f6\u00e7 ettirilen ki\u015filere y\u00f6nelik takip deste\u011fi sa\u011flanacakt\u0131r. Yoksullu\u011fun azalt\u0131lmas\u0131na y\u00f6nelik projelerin mali kaynaklar\u0131 ve varl\u0131klar\u0131 iyi y\u00f6netilmeli<\/p>\n\n\n\n<p style=\"font-size:clamp(16.834px, 1.052rem + ((1vw - 3.2px) * 0.716), 26px);\">8. <strong>Ulusal Mek\u00e2nsal Yerle\u015fim Yap\u0131s\u0131n\u0131 \u0130yile\u015ftirme, B\u00f6lgesel E\u015f G\u00fcd\u00fcml\u00fc Geli\u015fmeyi ve Yeni Tip Kentle\u015fmeyi \u0130lerletme<\/strong><\/p>\n\n\n\n<p style=\"font-size:clamp(16.834px, 1.052rem + ((1vw - 3.2px) * 0.716), 26px);\">B\u00f6lgesel b\u00fcy\u00fck stratejilerin, e\u015fg\u00fcd\u00fcml\u00fc kalk\u0131nma stratejilerinin ve temel i\u015flev b\u00f6lgeleri stratejisinin uygulanmas\u0131nda \u0131srar edilerek, b\u00f6lgesel e\u015fg\u00fcd\u00fcml\u00fc geli\u015fim i\u00e7in kurumsal ve yap\u0131sal d\u00fczenlemeler iyile\u015ftirilecek; yeni tip kentle\u015fme stratejisi geli\u015ftirilecek; y\u00fcksek kaliteli kalk\u0131nmay\u0131 destekleyen mek\u00e2nsal yap\u0131 ve destek sistemi in\u015fa edilecektir.<\/p>\n\n\n\n<p style=\"font-size:clamp(16.834px, 1.052rem + ((1vw - 3.2px) * 0.716), 26px);\"><strong>29. Ulusal B\u00f6lgesel Geli\u015fim ve Koruma \u0130\u00e7in Yeni Bir Yap\u0131 Olu\u015fturmak<\/strong><br>Kaynaklar ve \u00e7evresel ta\u015f\u0131ma kapasitesi temel al\u0131narak, her b\u00f6lgenin g\u00f6reli avantajlar\u0131 de\u011ferlendirilecek ve kademeli olarak \u00fc\u00e7 temel mek\u00e2nsal yap\u0131 olu\u015fturulacakt\u0131r: kentle\u015fmi\u015f b\u00f6lgeler, ba\u015fl\u0131ca tar\u0131m \u00fcr\u00fcnleri \u00fcretim b\u00f6lgeleri ve ekolojik i\u015flev b\u00f6lgeleri. B\u00fcy\u00fck altyap\u0131, \u00fcretim kapasitesi ve kamusal kaynaklar\u0131n da\u011f\u0131l\u0131m\u0131 optimize edilecektir. Kentle\u015fmi\u015f b\u00f6lgelerin ekonomik ve n\u00fcfus yo\u011funla\u015fmas\u0131n\u0131 etkin bi\u00e7imde ger\u00e7ekle\u015ftirmesi, temel tar\u0131m arazilerinin ve ekolojik alanlar\u0131n korunmas\u0131 desteklenecek; ba\u015fl\u0131ca tar\u0131m \u00fcretim b\u00f6lgelerinin \u00fcretim kapasitesi art\u0131r\u0131lacak; ekolojik i\u015flev b\u00f6lgelerinde geli\u015fmenin oda\u011f\u0131 ekosistem korumas\u0131 ve ekolojik \u00fcr\u00fcn arz\u0131na kayd\u0131r\u0131lacakt\u0131r.&nbsp;<\/p>\n\n\n\n<p style=\"font-size:clamp(16.834px, 1.052rem + ((1vw - 3.2px) * 0.716), 26px);\"><strong>30. B\u00f6lgesel E\u015fg\u00fcd\u00fcml\u00fc Geli\u015fimi \u0130lerletmek<\/strong><br>G\u00f6rece yoksul Bat\u0131 b\u00f6lgelerinin kalk\u0131nmas\u0131nda yeni bir yap\u0131 in\u015fa edilecek; Kuzeydo\u011fu\u2019nun yeniden canland\u0131r\u0131lmas\u0131nda yeni a\u015famalar yarat\u0131lacak; Orta \u00c7in\u2019in kalk\u0131nmas\u0131 h\u0131zland\u0131r\u0131lacak; Do\u011fu \u00c7in ise modernle\u015fme s\u00fcrecini derinle\u015ftirecektir. Eski devrim b\u00f6lgeleri ve etnik az\u0131nl\u0131k b\u00f6lgeleri desteklenecek; s\u0131n\u0131r b\u00f6lgelerinin kalk\u0131nmas\u0131 g\u00fc\u00e7lendirilecek, s\u0131n\u0131rlarda refah, istikrar ve g\u00fcvenlik art\u0131r\u0131lacakt\u0131r. Ba\u015fl\u0131ca b\u00f6lgesel kalk\u0131nma stratejileri s\u00fcrd\u00fcr\u00fclecektir: Beijing-Tianjin-Hebei koordineli kalk\u0131nmas\u0131, Yangtze Nehri Ekonomik Ku\u015fa\u011f\u0131, Guangdong-Hong Kong-Makao B\u00fcy\u00fck K\u00f6rfez B\u00f6lgesi\u2019nin in\u015fas\u0131 ve Yangtze Deltas\u0131\u2019n\u0131n b\u00fct\u00fcnle\u015fik kalk\u0131nmas\u0131 te\u015fvik edilecektir. Bu \u00e7er\u00e7evede inovasyon platformlar\u0131 ve yeni b\u00fcy\u00fcme kutuplar\u0131 olu\u015fturulacakt\u0131r\u2026<\/p>\n\n\n\n<p style=\"font-size:clamp(16.834px, 1.052rem + ((1vw - 3.2px) * 0.716), 26px);\"><strong>31. Halk\u0131 Merkeze Alan Yeni Tip Kentle\u015fmeyi Te\u015fvik Etmek<\/strong><br>Kentsel yenileme kampanyas\u0131 uygulanacak; ekolojik iyile\u015ftirme ve i\u015flev tamamlama projeleri geli\u015ftirilecek; \u015fehir planlamas\u0131, in\u015faat ve y\u00f6netimi entegre \u015fekilde y\u00fcr\u00fct\u00fclecektir. \u015eehir \u00f6l\u00e7e\u011fi, n\u00fcfus yo\u011funlu\u011fu ve mek\u00e2nsal yap\u0131lar rasyonel bi\u00e7imde d\u00fczenlenecek; b\u00fcy\u00fck, orta ve k\u00fc\u00e7\u00fck \u015fehirler ile kasabalar\u0131n e\u015fg\u00fcd\u00fcml\u00fc kalk\u0131nmas\u0131 te\u015fvik edilecektir. Tarih\u00ee ve k\u00fclt\u00fcrel miras korunacak, \u015fehir kimli\u011fi olu\u015fturulacak; kentsel d\u00f6n\u00fc\u015f\u00fcm projeleri, topluluk in\u015fas\u0131 ve altyap\u0131 iyile\u015ftirmeleri s\u00fcrd\u00fcr\u00fclecektir. Sel ve su bask\u0131nlar\u0131na kar\u015f\u0131 diren\u00e7 art\u0131r\u0131lacak, s\u00fcnger \u015fehirler ve dayan\u0131kl\u0131 \u015fehirler in\u015fa edilecektir. Kent y\u00f6netimi kapasitesi y\u00fckseltilecek, s\u00fcper b\u00fcy\u00fck \u015fehirlerdeki y\u00f6netim riskleri kontrol alt\u0131na al\u0131nacakt\u0131r.<\/p>\n\n\n\n<p style=\"font-size:clamp(16.834px, 1.052rem + ((1vw - 3.2px) * 0.716), 26px);\">\u201c<strong>Konut bar\u0131nmak i\u00e7indir, spek\u00fclasyon i\u00e7in<\/strong> <strong>de\u011fil<\/strong>\u201d ilkesi do\u011frultusunda, kiralama ve m\u00fclkiyet birlikte desteklenecek, \u015fehre g\u00f6re farkl\u0131la\u015ft\u0131r\u0131lm\u0131\u015f politikalar uygulanacak ve emlak piyasas\u0131n\u0131n istikrarl\u0131 ve sa\u011fl\u0131kl\u0131 geli\u015fimi sa\u011flanacakt\u0131r. Sosyal konut arz\u0131 art\u0131r\u0131lacak; arsa gelirlerinin da\u011f\u0131t\u0131m mekanizmas\u0131 iyile\u015ftirilecektir.<\/p>\n\n\n\n<p style=\"font-size:clamp(16.834px, 1.052rem + ((1vw - 3.2px) * 0.716), 26px);\"><strong>9. K\u00fclt\u00fcr Alan\u0131nda Kalk\u0131nmay\u0131 Te\u015fvik Etmek ve \u00dclkenin K\u00fclt\u00fcrel Yumu\u015fak G\u00fcc\u00fcn\u00fc Art\u0131rmak<\/strong><\/p>\n\n\n\n<p style=\"font-size:clamp(16.834px, 1.052rem + ((1vw - 3.2px) * 0.716), 26px);\">Marksizmin ideolojik alandaki y\u00f6nlendirici rol\u00fcne ba\u011fl\u0131 kal\u0131nacak, k\u00fclt\u00fcrel \u00f6zg\u00fcvene kararl\u0131l\u0131kla sahip \u00e7\u0131k\u0131lacak; k\u00fclt\u00fcrel in\u015fa 12 sosyalist temel de\u011ferlerle y\u00f6nlendirilecek, sosyalist manevi uygarl\u0131\u011f\u0131n in\u015fas\u0131 g\u00fc\u00e7lendirilecektir. Parti d\u00fc\u015f\u00fcncesinin y\u00f6nlendirici konumunu belirginle\u015ftirmek, halk\u0131n g\u00f6nl\u00fcn\u00fc kazanmak, yeni nesli yeti\u015ftirmek, k\u00fclt\u00fcr\u00fc canland\u0131rmak ve ulusal imaj\u0131 yans\u0131tmak gibi temel g\u00f6revler ekseninde, halk\u0131n k\u00fclt\u00fcrel ihtiya\u00e7lar\u0131n\u0131 kar\u015f\u0131lama ile halk\u0131n ruhsal g\u00fcc\u00fcn\u00fc art\u0131rma hedefleri b\u00fct\u00fcnle\u015ftirilerek sosyalist k\u00fclt\u00fcr g\u00fcc\u00fc olan bir \u00fclke in\u015fas\u0131 ilerletilecektir.<\/p>\n\n\n\n<p style=\"font-size:clamp(16.834px, 1.052rem + ((1vw - 3.2px) * 0.716), 26px);\"><strong>32. Toplumun Uygarl\u0131k Seviyesini Y\u00fckseltmek<\/strong><\/p>\n\n\n\n<p style=\"font-size:clamp(16.834px, 1.052rem + ((1vw - 3.2px) * 0.716), 26px);\">Yeni d\u00f6nemin gereksinimlerine uygun d\u00fc\u015f\u00fcnsel kavray\u0131\u015f, ruh hali, ahlak anlay\u0131\u015f\u0131 ve davran\u0131\u015f normlar\u0131n\u0131n olu\u015fumu desteklenecektir. Xi Jinping\u2019in Yeni D\u00f6nemde Sosyalizme Dair D\u00fc\u015f\u00fcncesi\u2019nin \u00f6\u011frenilmesi ve e\u011fitimi kapsaml\u0131 bi\u00e7imde derinle\u015ftirilecek, Marksist teori ara\u015ft\u0131rmalar\u0131 ve in\u015fas\u0131 program\u0131 (\u00c7in Kom\u00fcnist Partisi\u2019nin ideolojik d\u00fczlemde Marksizmin teorik temellerini g\u00fcncelleme amac\u0131yla y\u00fcr\u00fctt\u00fc\u011f\u00fc resmi \u00e7al\u0131\u015fma \u2013 \u00e7.n.) ilerletilecektir. \u0130deal ve inan\u00e7 e\u011fitimi kurumsalla\u015ft\u0131r\u0131lacak, Parti tarihi, Yeni \u00c7in tarihi, Reform ve D\u0131\u015fa A\u00e7\u0131lma tarihi ile sosyalist geli\u015fim tarihi \u00f6\u011fretimi yayg\u0131nla\u015ft\u0131r\u0131lacakt\u0131r. Vatanseverlik, kolektivizm ve sosyalizm e\u011fitimi g\u00fc\u00e7lendirilecek, Parti\u2019nin ve halk\u0131n \u00e7e\u015fitli tarihsel d\u00f6nemlerde verdi\u011fi m\u00fccadelelerden do\u011fan b\u00fcy\u00fck kahramanlar y\u00fcceltilerek yurtta\u015f ahlak\u0131 geli\u015ftirilecektir\u2026<\/p>\n\n\n\n<p style=\"font-size:clamp(16.834px, 1.052rem + ((1vw - 3.2px) * 0.716), 26px);\"><strong>33. Kamusal K\u00fclt\u00fcrel Hizmetlerin Kalitesini Art\u0131rmak<\/strong><\/p>\n\n\n\n<p style=\"font-size:clamp(16.834px, 1.052rem + ((1vw - 3.2px) * 0.716), 26px);\">Bas\u0131n-yay\u0131n, radyo-televizyon, edebiyat, sanat, felsefe ve sosyal bilimler gibi alanlar t\u00fcm y\u00f6nleriyle geli\u015ftirilecektir. Edebi eserlerin kalitesini art\u0131rma program\u0131 uygulanacak, toplumsal ger\u00e7eklik temal\u0131 eserlerin yarat\u0131m\u0131 te\u015fvik edilecek, halk\u0131n yarat\u0131c\u0131 g\u00fcc\u00fcn\u00fc yans\u0131tan y\u00fcksek kaliteli eserler \u00fcretilecektir. Medya b\u00fct\u00fcnle\u015fmesi derinle\u015ftirilecek, t\u00fcm medya yay\u0131l\u0131m program\u0131 uygulanacak, yeni ana ak\u0131m medya g\u00fc\u00e7lendirilecek, il\u00e7e d\u00fczeyindeki birle\u015fik medya merkezleri in\u015fa edilecektir. K\u0131rsal ve kentsel alanlarda kamusal k\u00fclt\u00fcrel hizmetlerin b\u00fct\u00fcnc\u00fcl \u015fekilde geli\u015ftirilmesi, k\u00fclt\u00fcrel hizmetlerin dijitalle\u015ftirilmesi, halk\u0131n kat\u0131l\u0131m\u0131yla k\u00fclt\u00fcrel etkinliklerin yayg\u0131nla\u015ft\u0131r\u0131lmas\u0131 desteklenecektir. Ulusal d\u00fczeyde k\u00fclt\u00fcrel altyap\u0131 projeleri art\u0131r\u0131lacak\u2026<\/p>\n\n\n\n<p style=\"font-size:clamp(16.834px, 1.052rem + ((1vw - 3.2px) * 0.716), 26px);\"><strong>34. Modern K\u00fclt\u00fcr End\u00fcstrisi Sistemini Geli\u015ftirmek<\/strong><\/p>\n\n\n\n<p style=\"font-size:clamp(16.834px, 1.052rem + ((1vw - 3.2px) * 0.716), 26px);\">Toplumsal fayday\u0131 \u00f6ncelikli g\u00f6ren, toplumsal ve ekonomik fayday\u0131 b\u00fct\u00fcnle\u015ftiren anlay\u0131\u015fla k\u00fclt\u00fcrel sistem reformlar\u0131 derinle\u015ftirilecek; k\u00fclt\u00fcr end\u00fcstrisi planlamas\u0131 ve politikalar\u0131 geli\u015ftirilecektir. K\u00fclt\u00fcr piyasas\u0131 altyap\u0131s\u0131 g\u00fc\u00e7lendirilecek, kaliteli k\u00fclt\u00fcrel \u00fcr\u00fcn arz\u0131 art\u0131r\u0131lacakt\u0131r. K\u00fclt\u00fcr end\u00fcstrisinin dijitalle\u015fme stratejisi uygulanacak, yeni tip k\u00fclt\u00fcr i\u015fletmeleri, k\u00fclt\u00fcrel bi\u00e7imler ve t\u00fcketim modelleri geli\u015ftirilecektir. K\u00fclt\u00fcr sanayi b\u00f6lgeleri d\u00fczenli bir \u015fekilde geli\u015ftirilecek, b\u00f6lgesel k\u00fclt\u00fcr sanayi ku\u015faklar\u0131 olu\u015fturulacakt\u0131r. K\u00fclt\u00fcr ile turizmin b\u00fct\u00fcnle\u015fik geli\u015fimi desteklenecek; k\u00fclt\u00fcrel birikime sahip d\u00fcnya \u00e7ap\u0131nda turistik b\u00f6lgeler ve tatil alanlar\u0131 in\u015fa edilecek, k\u00fclt\u00fcrel kimli\u011fi belirgin ulusal d\u00fczeyde turizm ve dinlenme \u015fehirleri ile b\u00f6lgeleri yarat\u0131lacakt\u0131r. K\u0131z\u0131l Turizm (\u00c7in Kom\u00fcnist Partisi\u2019nin devrimci tarihini temel alan turizm t\u00fcr\u00fc \u2013 \u00e7.n.) ve k\u0131rsal turizm desteklenecektir\u2026<\/p>\n\n\n\n<p style=\"font-size:clamp(16.834px, 1.052rem + ((1vw - 3.2px) * 0.716), 26px);\"><strong>10. Ye\u015fil-Ekolojik Kalk\u0131nmay\u0131 Te\u015fvik Etmek, \u0130nsan ile Do\u011fa Aras\u0131nda Uyumlu Birlikteli\u011fi \u0130lerletmek<\/strong><\/p>\n\n\n\n<p style=\"font-size:clamp(16.834px, 1.052rem + ((1vw - 3.2px) * 0.716), 26px);\">&#8220;Ye\u015fil da\u011flar, alt\u0131n ve g\u00fcm\u00fc\u015f da\u011flar\u0131d\u0131r&#8221; anlay\u0131\u015f\u0131na (do\u011fal g\u00fczelliklerin ekonomik de\u011ferden farks\u0131z oldu\u011fu fikrine &#8211; \u00e7.n.) ba\u011fl\u0131 kal\u0131nmal\u0131; do\u011faya sayg\u0131, do\u011fayla uyum ve do\u011fay\u0131 koruma ilkeleri esas al\u0131nmal\u0131d\u0131r. Tasarrufu \u00f6nceleyen, korumaya \u00f6ncelik veren ve do\u011fal iyile\u015fmeyi temel alan strateji izlenerek, ekolojik g\u00fcvenli\u011fin s\u0131n\u0131rlar\u0131 titizlikle korunmal\u0131d\u0131r. S\u00fcrd\u00fcr\u00fclebilir kalk\u0131nma stratejisi derinlemesine uygulanmal\u0131, ekolojik uygarl\u0131k alan\u0131nda e\u015fg\u00fcd\u00fcm mekanizmalar\u0131 geli\u015ftirilmelidir. Ekolojik uygarl\u0131k sistemi in\u015fa edilerek, ekonomik ve toplumsal kalk\u0131nman\u0131n her y\u00f6n\u00fcyle ye\u015fil d\u00f6n\u00fc\u015f\u00fcm\u00fc te\u015fvik edilmeli ve insanla do\u011fan\u0131n uyum i\u00e7inde var oldu\u011fu modernle\u015fme s\u00fcreci ger\u00e7ekle\u015ftirilmelidir.<\/p>\n\n\n\n<p style=\"font-size:clamp(16.834px, 1.052rem + ((1vw - 3.2px) * 0.716), 26px);\"><strong>35. Ye\u015fil ve D\u00fc\u015f\u00fck Karbonlu Kalk\u0131nma S\u00fcreci H\u0131zland\u0131r\u0131lmal\u0131<\/strong><\/p>\n\n\n\n<p style=\"font-size:clamp(16.834px, 1.052rem + ((1vw - 3.2px) * 0.716), 26px);\">Arazi kullan\u0131m planlamas\u0131 ve kontrol\u00fc g\u00fc\u00e7lendirilerek ekolojik koruma, temel tar\u0131m arazileri ve kentsel geli\u015fim alanlar\u0131 gibi s\u0131n\u0131rlar net \u015fekilde belirlenmeli; insan faaliyetlerinin do\u011fa alanlar\u0131na m\u00fcdahalesi azalt\u0131lmal\u0131d\u0131r. Ye\u015fil kalk\u0131nmay\u0131 destekleyecek yasal ve politik d\u00fczenlemeler g\u00fc\u00e7lendirilmeli, ye\u015fil finans geli\u015ftirilerek \u00e7evre dostu teknolojik inovasyonlar te\u015fvik edilmelidir. Temiz \u00fcretim yayg\u0131nla\u015ft\u0131r\u0131lmal\u0131, \u00e7evre koruma sanayileri geli\u015ftirilmeli ve \u00f6ncelikli sekt\u00f6rler ile kritik alanlarda ye\u015fil d\u00f6n\u00fc\u015f\u00fcm h\u0131zland\u0131r\u0131lmal\u0131d\u0131r. Enerji kaynaklar\u0131n\u0131n temiz, d\u00fc\u015f\u00fck karbonlu, g\u00fcvenli ve verimli kullan\u0131m\u0131na ge\u00e7ilmeli; ye\u015fil binalar yayg\u0131nla\u015ft\u0131r\u0131lmal\u0131; \u00e7evre dostu ya\u015fam tarzlar\u0131 te\u015fvik edilmelidir. Karbon emisyon yo\u011funlu\u011fu azalt\u0131lmal\u0131, ko\u015fullar\u0131 uygun b\u00f6lgelerin karbon sal\u0131m\u0131 zirve hedeflerine erken ula\u015fmalar\u0131 desteklenmeli ve 2030 y\u0131l\u0131 \u00f6ncesinde karbon zirvesine ula\u015f\u0131lmas\u0131 i\u00e7in eylem plan\u0131 haz\u0131rlanmal\u0131d\u0131r.<\/p>\n\n\n\n<p style=\"font-size:clamp(16.834px, 1.052rem + ((1vw - 3.2px) * 0.716), 26px);\"><strong>36. \u00c7evre Kalitesinin \u0130yile\u015ftirilmesi S\u00fcrd\u00fcr\u00fclebilir \u015eekilde Devam Ettirilmeli<\/strong><\/p>\n\n\n\n<p style=\"font-size:clamp(16.834px, 1.052rem + ((1vw - 3.2px) * 0.716), 26px);\">Toplum genelinde ekolojik \u00e7evre bilinci art\u0131r\u0131lmal\u0131, kirlili\u011fe kar\u015f\u0131 m\u00fccadele kararl\u0131l\u0131kla s\u00fcrd\u00fcr\u00fclmelidir. Kara ve denizi kapsayan entegre bir \u00e7evresel y\u00f6netim sistemi olu\u015fturulmal\u0131, \u00e7oklu kirleticiler e\u015fzamanl\u0131 bi\u00e7imde kontrol alt\u0131na al\u0131nmal\u0131, b\u00f6lgeler aras\u0131 koordinasyon sa\u011flanmal\u0131d\u0131r. \u0130nce partik\u00fcl madde (PM2.5) ve ozonun e\u015fg\u00fcd\u00fcml\u00fc kontrol\u00fc sa\u011flanmal\u0131, a\u011f\u0131r hava kirlili\u011finin ortadan kald\u0131r\u0131lmas\u0131 hedeflenmelidir. Kentsel ve k\u0131rsal ya\u015fam alanlar\u0131 iyile\u015ftirilmeli, kentsel kanalizasyon \u015febekeleri tam kapsama ula\u015ft\u0131r\u0131lmal\u0131, kirli su kaynaklar\u0131 temizlenmelidir.<\/p>\n\n\n\n<p style=\"font-size:clamp(16.834px, 1.052rem + ((1vw - 3.2px) * 0.716), 26px);\"><strong>37. Ekosistemlerin Kalitesi ve \u0130stikrar\u0131 Art\u0131r\u0131lmal\u0131<\/strong><\/p>\n\n\n\n<p style=\"font-size:clamp(16.834px, 1.052rem + ((1vw - 3.2px) * 0.716), 26px);\">&#8220;Da\u011flar, nehirler, ormanlar, tar\u0131m arazileri, g\u00f6ller ve \u00e7ay\u0131rlar&#8221;\u0131 b\u00fct\u00fcnsel bir sistem olarak y\u00f6neten yakla\u015f\u0131m benimsenmeli; ulusal parklar\u0131n merkezde oldu\u011fu bir do\u011fa koruma a\u011f\u0131 olu\u015fturulmal\u0131d\u0131r. Biyo\u00e7e\u015fitlili\u011fi korumaya y\u00f6nelik b\u00fcy\u00fck \u00f6l\u00e7ekli projeler hayata ge\u00e7irilmeli, istilac\u0131 t\u00fcrlerin kontrol\u00fc sa\u011flanmal\u0131d\u0131r.<\/p>\n\n\n\n<p style=\"font-size:clamp(16.834px, 1.052rem + ((1vw - 3.2px) * 0.716), 26px);\"><strong>38. Kaynak Kullan\u0131m Verimlili\u011fi Kapsaml\u0131 \u015eekilde Art\u0131r\u0131lmal\u0131<\/strong><\/p>\n\n\n\n<p style=\"font-size:clamp(16.834px, 1.052rem + ((1vw - 3.2px) * 0.716), 26px);\">11. <strong>Y\u00fcksek D\u00fczeyli D\u0131\u015fa A\u00e7\u0131lma Uygulayarak, \u0130\u015fbirli\u011fi ve Kazan-Kazan Anlay\u0131\u015f\u0131na Dayal\u0131 Yeni Bir \u0130li\u015fki Yap\u0131s\u0131 \u0130n\u015fa Etmek<\/strong><\/p>\n\n\n\n<p style=\"font-size:clamp(16.834px, 1.052rem + ((1vw - 3.2px) * 0.716), 26px);\">Daha geni\u015f kapsaml\u0131, daha geni\u015f alanlar\u0131 kapsayan ve daha derin d\u00fczeyli d\u0131\u015fa a\u00e7\u0131lma stratejisi s\u00fcrd\u00fcr\u00fclmeli; \u00c7in\u2019in b\u00fcy\u00fck i\u00e7 pazar avantaj\u0131na dayanarak uluslararas\u0131 i\u015fbirli\u011fi te\u015fvik edilmeli ve kar\u015f\u0131l\u0131kl\u0131 faydaya dayal\u0131 ortak kalk\u0131nma ger\u00e7ekle\u015ftirilmelidir.<\/p>\n\n\n\n<p style=\"font-size:clamp(16.834px, 1.052rem + ((1vw - 3.2px) * 0.716), 26px);\"><strong>39. Daha Y\u00fcksek D\u00fczeyde D\u0131\u015fa A\u00e7\u0131k Bir Ekonomik Sistem \u0130n\u015fa Edilmeli<\/strong><\/p>\n\n\n\n<p style=\"font-size:clamp(16.834px, 1.052rem + ((1vw - 3.2px) * 0.716), 26px);\">D\u0131\u015fa a\u00e7\u0131lma d\u00fczeyi kapsaml\u0131 bi\u00e7imde art\u0131r\u0131lmal\u0131; ticaret ve yat\u0131r\u0131mlar\u0131n serbestle\u015ftirilmesi ile kolayla\u015ft\u0131r\u0131lmas\u0131 te\u015fvik edilmeli; ticarette yenilik\u00e7i geli\u015fmeler desteklenmeli ve d\u0131\u015f ticaretin genel rekabet g\u00fcc\u00fc g\u00fc\u00e7lendirilmelidir. Yabanc\u0131 yat\u0131r\u0131mc\u0131lara y\u00f6nelik iyile\u015ftirilmeler s\u00fcrd\u00fcr\u00fclmeli, hizmet sekt\u00f6r\u00fcn\u00fcn d\u0131\u015fa a\u00e7\u0131lmas\u0131 a\u015famal\u0131 \u015fekilde geni\u015fletilmeli ve yabanc\u0131 sermayeli i\u015fletmelerin yasal haklar\u0131 hukuka uygun \u015fekilde korunmal\u0131d\u0131r.<\/p>\n\n\n\n<p style=\"font-size:clamp(16.834px, 1.052rem + ((1vw - 3.2px) * 0.716), 26px);\"><strong>40. \u0130pek Yolu (Ku\u015fak ve Yol) Giri\u015fimi\u2019nin Y\u00fcksek Kaliteli Geli\u015fimi Te\u015fvik Edilmeli<\/strong><\/p>\n\n\n\n<p style=\"font-size:clamp(16.834px, 1.052rem + ((1vw - 3.2px) * 0.716), 26px);\"><strong>41. K\u00fcresel Ekonomik Y\u00f6neti\u015fim Sisteminin Reformuna Aktif \u015eekilde Kat\u0131l\u0131m Sa\u011flanmal\u0131<\/strong><\/p>\n\n\n\n<p style=\"font-size:clamp(16.834px, 1.052rem + ((1vw - 3.2px) * 0.716), 26px);\">E\u015fit m\u00fczakere ve kar\u015f\u0131l\u0131kl\u0131 yarar ilkelerine ba\u011fl\u0131 kal\u0131narak, G20 gibi platformlar\u0131n uluslararas\u0131 ekonomik i\u015fbirli\u011fi fonksiyonlar\u0131 daha iyi kullan\u0131lmal\u0131d\u0131r. \u00c7ok tarafl\u0131 ticaret sistemi korunmal\u0131, D\u00fcnya Ticaret \u00d6rg\u00fct\u00fc reformuna aktif bi\u00e7imde kat\u0131l\u0131m sa\u011flanmal\u0131 ve daha adil, daha makul bir k\u00fcresel ekonomik y\u00f6neti\u015fim sistemi in\u015fa edilmesi te\u015fvik edilmelidir.<\/p>\n\n\n\n<p style=\"font-size:clamp(16.834px, 1.052rem + ((1vw - 3.2px) * 0.716), 26px);\"><strong>12. Halk\u0131n Ya\u015fam Kalitesi Art\u0131r\u0131lmal\u0131, Toplumsal Yap\u0131 G\u00fc\u00e7lendirilmeli<\/strong><\/p>\n\n\n\n<p style=\"font-size:clamp(16.834px, 1.052rem + ((1vw - 3.2px) * 0.716), 26px);\"><strong>42. Halk\u0131n Gelir D\u00fczeyi Y\u00fckseltilecek<\/strong><br>Emek katk\u0131s\u0131 temelinde gelir b\u00f6l\u00fc\u015f\u00fcm\u00fc esas al\u0131<a>nmaya devam edilmeli<\/a>, bununla birlikte \u00e7oklu gelir b\u00f6l\u00fc\u015f\u00fcm\u00fc bi\u00e7imli da\u011f\u0131l\u0131m y\u00f6ntemleri bir arada uygulanmaya devam edilmeli. Birincil gelir b\u00f6l\u00fc\u015f\u00fcm s\u00fcrecinde eme\u011fin pay\u0131 art\u0131r\u0131lacak, \u00fccret sistemi ve makul \u00fccret art\u0131\u015f\u0131 mekanizmas\u0131 g\u00fc\u00e7lendirilecek, d\u00fc\u015f\u00fck gelirli kesimlerin gelir d\u00fczeyi y\u00fckseltilecek, orta gelir grubu geni\u015fletilecektir.<br>Ayn\u0131 zamanda \u00dcretim fakt\u00f6rlerine dayal\u0131 gelir b\u00f6l\u00fc\u015f\u00fcm\u00fc politikalar\u0131 geli\u015ftirilecek; \u00e7e\u015fitli \u00fcretim unsurlar\u0131n\u0131n (toprak, sermaye vb.) gelirlerinin piyasa taraf\u0131ndan belirlenmesini sa\u011flayan mekanizmalar iyile\u015ftirilecek, bu unsurlar\u0131n kullan\u0131m ve gelir haklar\u0131 yoluyla orta ve d\u00fc\u015f\u00fck gelirli gruplar\u0131n gelirleri art\u0131r\u0131lacakt\u0131r.<\/p>\n\n\n\n<p style=\"font-size:clamp(16.834px, 1.052rem + ((1vw - 3.2px) * 0.716), 26px);\"><strong>43. \u0130stihdam Sa\u011flama \u00d6ncelikli Bir Politika Anlay\u0131\u015f\u0131 G\u00fc\u00e7lendirilecek<\/strong><br>Her t\u00fcrl\u00fc y\u00f6ntemle istihdam korunacak ve art\u0131r\u0131lacak, ekonomik b\u00fcy\u00fcmede istihdam yarat\u0131m\u0131 temel al\u0131nacak, i\u015f olanaklar\u0131 \u00e7o\u011falt\u0131lacak, i\u015f kalitesi y\u00fckseltilecek ve tam istihdam hedeflenecektir.<\/p>\n\n\n\n<p style=\"font-size:clamp(16.834px, 1.052rem + ((1vw - 3.2px) * 0.716), 26px);\"><strong>44. Nitelikli Bir E\u011fitim Sistemi \u0130n\u015fa Edilecek<\/strong><br>Partinin e\u011fitim politikas\u0131 tam olarak uygulanacak, erdemli bireyler yeti\u015ftirme ilkesi esas al\u0131nacak, \u00f6\u011fretmenlerin mesleki ve ahlaki nitelikleri g\u00fc\u00e7lendirilecek; erdem, bilgi, beden, estetik ve emek y\u00f6nlerinden \u00e7ok y\u00f6nl\u00fc geli\u015fmi\u015f sosyalist ku\u015faklar yeti\u015ftirilecektir.<\/p>\n\n\n\n<p style=\"font-size:clamp(16.834px, 1.052rem + ((1vw - 3.2px) * 0.716), 26px);\"><strong>45. \u00c7ok Katmanl\u0131 Bir Sosyal G\u00fcvenlik Sistemi \u0130n\u015fa Edilecek<\/strong><br>\u2026Kad\u0131n-erkek e\u015fitli\u011fi temel ulusal politika olarak s\u00fcrd\u00fcr\u00fclecek, kad\u0131n ve \u00e7ocuk haklar\u0131 g\u00fcvence alt\u0131na al\u0131nacakt\u0131r.<br>T\u00fcm \u00fclkeyi kapsayan birle\u015fik bir sosyal sigorta kamu hizmeti platformu olu\u015fturulacakt\u0131r.<\/p>\n\n\n\n<p style=\"font-size:clamp(16.834px, 1.052rem + ((1vw - 3.2px) * 0.716), 26px);\"><strong>46. Sa\u011fl\u0131kl\u0131 \u00c7in \u0130n\u015fas\u0131 Politikam\u0131z Kapsaml\u0131 Bi\u00e7imde \u0130lerletilecek<\/strong><br>\u2026Temel sa\u011fl\u0131k hizmetlerinin kamu yarar\u0131 niteli\u011fi korunacak, sa\u011fl\u0131k sisteminde reformlar derinle\u015ftirilecek, kaliteli sa\u011fl\u0131k kaynaklar\u0131 art\u0131r\u0131lacak ve daha dengeli da\u011f\u0131t\u0131lacakt\u0131r.<br>Kademe kademe sa\u011fl\u0131k hizmet sistemi kurulacak, kamu hastaneleri g\u00fc\u00e7lendirilecek ve performanslar\u0131 de\u011ferlendirilecektir.<br><\/p>\n\n\n\n<p style=\"font-size:clamp(16.834px, 1.052rem + ((1vw - 3.2px) * 0.716), 26px);\"><strong>47. N\u00fcfusun Ya\u015flanmas\u0131na Kar\u015f\u0131 Ulusal D\u00fczeyde Stratejik Yakla\u015f\u0131m Benimsenmeli<\/strong><br><\/p>\n\n\n\n<p style=\"font-size:clamp(16.834px, 1.052rem + ((1vw - 3.2px) * 0.716), 26px);\"><strong>48. Toplumsal Y\u00f6neti\u015fim G\u00fc\u00e7lendirilecek ve Yenilenecek<\/strong><br>Toplumsal y\u00f6neti\u015fim sistemi geli\u015ftirilecek; Parti liderli\u011finde, \u00f6zy\u00f6netim, hukuk devleti ve ahlaki normlar\u0131n b\u00fct\u00fcnle\u015fti\u011fi \u015fehir-k\u0131rsal tabanl\u0131 bir y\u00f6neti\u015fim yap\u0131s\u0131 kurulacakt\u0131r.<br>Taban demokrasisinin isti\u015fari mekanizmalar\u0131 iyile\u015ftirilecek, devlet y\u00f6netimiyle toplumsal d\u00fczenleme ve halk\u0131n kendi kendini y\u00f6netme s\u00fcre\u00e7leri aras\u0131nda sa\u011fl\u0131kl\u0131 bir etkile\u015fim tesis edilecektir.<\/p>\n\n\n\n<p style=\"font-size:clamp(16.834px, 1.052rem + ((1vw - 3.2px) * 0.716), 26px);\"><strong>13. Kalk\u0131nma ile G\u00fcvenli\u011fi Birlikte Ele Almak ve Daha Y\u00fcksek D\u00fczeyde G\u00fcvenli Bir \u00c7in \u0130n\u015fa Etmek<\/strong><\/p>\n\n\n\n<p style=\"font-size:clamp(16.834px, 1.052rem + ((1vw - 3.2px) * 0.716), 26px);\">Genel ulusal g\u00fcvenlik anlay\u0131\u015f\u0131 kararl\u0131l\u0131kla uygulanacak, ulusal g\u00fcvenlik stratejisi hayata ge\u00e7irilecek, \u00fclkenin g\u00fcvenli\u011fi korunacak ve \u015fekillendirilecektir. Geleneksel ve geleneksel olmayan g\u00fcvenlik alanlar\u0131 birlikte ele al\u0131nacak, g\u00fcvenlik temelli kalk\u0131nma anlay\u0131\u015f\u0131 \u00fclkenin t\u00fcm kalk\u0131nma alanlar\u0131na ve s\u00fcre\u00e7lerine entegre edilecektir. \u00c7in\u2019in modernle\u015fme s\u00fcrecini etkileyebilecek her t\u00fcrl\u00fc riske kar\u015f\u0131 \u00f6nlem al\u0131nacak, sa\u011flam bir ulusal g\u00fcvenlik duvar\u0131 in\u015fa edilecektir\u2026<\/p>\n\n\n\n<p style=\"font-size:clamp(16.834px, 1.052rem + ((1vw - 3.2px) * 0.716), 26px);\"><strong>49. Ulusal G\u00fcvenlik Sistemi ve G\u00fcvenlik Kapasitesi G\u00fc\u00e7lendirilecek<\/strong><br>\u2026Ulusal g\u00fcvenlik konusunda kamuoyuna y\u00f6nelik e\u011fitim ve bilin\u00e7lendirme faaliyetleri yayg\u0131nla\u015ft\u0131r\u0131lacak, t\u00fcm halk\u0131n g\u00fcvenlik bilinci geli\u015ftirilecek, halk temelli ulusal g\u00fcvenlik savunma hatt\u0131 sa\u011flamla\u015ft\u0131r\u0131lacakt\u0131r.<br>Devletin siyasal egemenli\u011fi, kurumsal yap\u0131s\u0131 ve ideolojik g\u00fcvenli\u011fi kararl\u0131l\u0131kla korunacak; siber g\u00fcvenlik sistemleri kapsaml\u0131 bi\u00e7imde g\u00fc\u00e7lendirilecektir.<br>D\u00fc\u015fman unsurlar\u0131n s\u0131zma, sabotaj, y\u0131k\u0131m ve b\u00f6l\u00fcc\u00fcl\u00fck faaliyetlerine kar\u015f\u0131 s\u0131k\u0131 \u00f6nlemler al\u0131nacak ve kararl\u0131l\u0131kla m\u00fccadele edilecektir.<\/p>\n\n\n\n<p style=\"font-size:clamp(16.834px, 1.052rem + ((1vw - 3.2px) * 0.716), 26px);\"><strong>50. Ulusal Ekonomik G\u00fcvenlik Teminat Alt\u0131na Al\u0131nacak<\/strong><br>Ekonomik g\u00fcvenli\u011fe ili\u015fkin risklerin erken uyar\u0131 ve \u00f6nleme kapasitesi art\u0131r\u0131lacak; kilit sekt\u00f6rlerde, temel altyap\u0131 sistemlerinde, stratejik kaynaklarda ve ileri teknolojide g\u00fcvenli ve kontrol edilebilir bir yap\u0131 olu\u015fturulacakt\u0131r. Sanayi rekabet g\u00fcc\u00fcn\u00fcn \u00f6l\u00e7\u00fcm ve de\u011ferlendirilmesine y\u00f6nelik projeler hayata ge\u00e7irilecek, sanayi sisteminin \u015foklara kar\u015f\u0131 dayan\u0131kl\u0131l\u0131\u011f\u0131 art\u0131r\u0131lacakt\u0131r&#8230;<\/p>\n\n\n\n<p style=\"font-size:clamp(16.834px, 1.052rem + ((1vw - 3.2px) * 0.716), 26px);\"><strong>51. Halk\u0131n Ya\u015fam ve Can G\u00fcvenli\u011fi G\u00fcvence Alt\u0131na Al\u0131nacak<\/strong><\/p>\n\n\n\n<p style=\"font-size:clamp(16.834px, 1.052rem + ((1vw - 3.2px) * 0.716), 26px);\"><strong>52. Toplumsal \u0130stikrar ve G\u00fcvenlik Sa\u011flanacak<\/strong><br>Yeni d\u00f6nemde halk i\u00e7indeki \u00e7eli\u015fkiler do\u011fru \u015fekilde ele al\u0131nacak, \u201cFengqiao Deneyimi\u201d \u00e7a\u011fda\u015f ko\u015fullarda s\u00fcrd\u00fcr\u00fcl\u00fcp geli\u015ftirilecektir.<br>Halk\u0131n taleplerini dile getirmesi, \u00e7\u0131karlar\u0131n\u0131n uyumla\u015ft\u0131r\u0131lmas\u0131 ve haklar\u0131n\u0131n korunmas\u0131 i\u00e7in a\u00e7\u0131k ve d\u00fczenli yollar olu\u015fturulacak; dilek\u00e7e sistemleri geli\u015ftirilecek; arabuluculuk ve uzla\u015fma mekanizmalar\u0131 b\u00fct\u00fcnle\u015fik hale getirilecektir.<\/p>\n\n\n\n<p style=\"font-size:clamp(16.834px, 1.052rem + ((1vw - 3.2px) * 0.716), 26px);\"><strong>14. Savunma ve Ordunun Modernle\u015fmesini H\u0131zland\u0131rmak, G\u00fc\u00e7l\u00fc Bir \u00dclke ile G\u00fc\u00e7l\u00fc Bir Orduyu Birlikte Ger\u00e7ekle\u015ftirmek<\/strong><\/p>\n\n\n\n<p style=\"font-size:clamp(16.834px, 1.052rem + ((1vw - 3.2px) * 0.716), 26px);\"><strong>53. Savunma ve Ordunun Modernle\u015fme \u00c7al\u0131\u015fmas\u0131nda Nitelik Ve Verimlil\u0131k Art\u0131r\u0131lacak<\/strong><\/p>\n\n\n\n<p style=\"font-size:clamp(16.834px, 1.052rem + ((1vw - 3.2px) * 0.716), 26px);\"><strong>54. Ulusal Savunma G\u00fcc\u00fc \u0130le Ekonomik G\u00fc\u00e7 Birlikte Geli\u015ftirilecek<\/strong><\/p>\n\n\n\n<p style=\"font-size:clamp(16.834px, 1.052rem + ((1vw - 3.2px) * 0.716), 26px);\"><strong>15. Partinin ve Halk\u0131n T\u00fcm G\u00fc\u00e7lerini Seferber Ederek 14. Be\u015f Y\u0131ll\u0131k Plan ve 2035 Hedeflerine Ula\u015fmak \u0130\u00e7in El Birli\u011fiyle M\u00fccadele Etmek<\/strong><\/p>\n\n\n\n<p style=\"font-size:clamp(16.834px, 1.052rem + ((1vw - 3.2px) * 0.716), 26px);\">14. Be\u015f Y\u0131ll\u0131k Plan ile 2035 y\u0131l\u0131na y\u00f6nelik uzun vadeli hedeflerin ger\u00e7ekle\u015ftirilmesi, Partinin kapsaml\u0131 liderli\u011finin s\u00fcrd\u00fcr\u00fclmesini, her t\u00fcrl\u00fc olumlu unsurun azami d\u00fczeyde harekete ge\u00e7irilmesini ve b\u00fct\u00fcn toplumsal kesimlerin en geni\u015f bi\u00e7imde birli\u011fini gerektirmektedir. Bu hedeflere ula\u015fmak i\u00e7in g\u00fc\u00e7l\u00fc bir kalk\u0131nma ittifak\u0131 olu\u015fturulmal\u0131d\u0131r.<\/p>\n\n\n\n<p style=\"font-size:clamp(16.834px, 1.052rem + ((1vw - 3.2px) * 0.716), 26px);\"><strong>55. Parti Merkez Komitesi\u2019nin Merkezi ve Birle\u015fik \u00f6nderli\u011fi G\u00fc\u00e7lendirilecektir<\/strong><br>\u2026Partinin y\u00f6n belirleme, b\u00fcy\u00fck stratejileri belirleme, politika olu\u015fturma ve reformlar\u0131 ilerletme gibi temel g\u00f6revleri yerine getirilecektir\u2026<\/p>\n\n\n\n<p style=\"font-size:clamp(16.834px, 1.052rem + ((1vw - 3.2px) * 0.716), 26px);\"><strong>56. Sosyalist Siyasal Sistemin \u0130n\u015fas\u0131 G\u00fc\u00e7lendirilecektir<\/strong><br>Parti liderli\u011fi, halk\u0131n egemenli\u011fi ve hukukun \u00fcst\u00fcnl\u00fc\u011f\u00fc bir b\u00fct\u00fcn olarak geli\u015ftirilecek; \u00c7in\u2019e \u00f6zg\u00fc sosyalist siyasal sistemin kendini geli\u015ftirmesi ve ilerlemesi desteklenecektir.<br>Halk Kongresi sistemi g\u00fc\u00e7lendirilecek; Ulusal Halk Kongresi&#8217;nin h\u00fck\u00fcmet, denetim komisyonu ve mahkemeler \u00fczerindeki denetim i\u015flevi art\u0131r\u0131lacakt\u0131r\u2026<\/p>\n\n\n\n<p style=\"font-size:clamp(16.834px, 1.052rem + ((1vw - 3.2px) * 0.716), 26px);\"><strong>57. Hong Kong ve Makao\u2019nun Uzun Vadeli Refah ve \u0130stikrar\u0131 Korunacakt\u0131r.<\/strong><\/p>\n\n\n\n<p style=\"font-size:clamp(16.834px, 1.052rem + ((1vw - 3.2px) * 0.716), 26px);\"><strong>58. \u0130ki Yaka (\u00c7in-Tayvan b\u00f6lgesi) \u0130li\u015fkilerinde Bar\u0131\u015f\u00e7\u0131l Geli\u015fim ve Anavatan\u0131n Birle\u015fmesi Te\u015fvik Edilecektir<\/strong><br>\u2026Tayvanl\u0131 giri\u015fimcilerin \u201cKu\u015fak-Yol\u201d ve b\u00f6lgesel kalk\u0131nma projelerine kat\u0131l\u0131m\u0131 desteklenecek, uygun \u015firketlerin \u00c7in borsas\u0131nda halka a\u00e7\u0131lmas\u0131 te\u015fvik edilecektir.<br>Fujian Eyaleti\u2019nde birle\u015fik geli\u015fime y\u00f6nelik yeni modeller ara\u015ft\u0131r\u0131lacakt\u0131r.<br>Temel d\u00fczeyde ve gen\u00e7lik aras\u0131nda kar\u015f\u0131l\u0131kl\u0131 etkile\u015fim art\u0131r\u0131lacakt\u0131r.<br>S\u00f6zde \u201cTayvan\u2019\u0131n ba\u011f\u0131ms\u0131zl\u0131\u011f\u0131na\u201d y\u00f6nelik b\u00f6l\u00fcc\u00fc giri\u015fimlere kar\u015f\u0131 kararl\u0131l\u0131kla m\u00fccadele edilecektir.<\/p>\n\n\n\n<p style=\"font-size:clamp(16.834px, 1.052rem + ((1vw - 3.2px) * 0.716), 26px);\"><strong>59. Ekonomik ve Toplumsal Geli\u015fme \u0130\u00e7in Uygun Bir D\u0131\u015f Ortam Olu\u015fturulacak<\/strong><br>Bar\u0131\u015f, kalk\u0131nma, i\u015fbirli\u011fi ve ortak kazan\u00e7 ilkeleri savunulacak; ba\u011f\u0131ms\u0131z ve bar\u0131\u015f\u00e7\u0131l d\u0131\u015f politika s\u00fcrd\u00fcr\u00fclecek.<br>\u00c7ok d\u00fczeyli ve \u00e7ok y\u00f6nl\u00fc d\u0131\u015f ili\u015fkiler geli\u015ftirilecek; yeni t\u00fcr uluslararas\u0131 ili\u015fkiler ve ortak kader toplulu\u011fu in\u015fas\u0131 desteklenecektir.<br>B\u00fcy\u00fck g\u00fc\u00e7ler aras\u0131 e\u015fg\u00fcd\u00fcm ve i\u015fbirli\u011fi te\u015fvik edilecek; kom\u015fu \u00fclkelerle ili\u015fkiler geli\u015ftirilecek, geli\u015fmekte olan \u00fclkelerle dayan\u0131\u015fma g\u00fc\u00e7lendirilecektir\u2026<\/p>\n\n\n\n<p style=\"font-size:clamp(16.834px, 1.052rem + ((1vw - 3.2px) * 0.716), 26px);\"><strong>60. Planlama ve Uygulama Mekanizmas\u0131 \u0130yile\u015ftirilecektir<\/strong><br>Bu toplant\u0131n\u0131n ruhuna uygun olarak ulusal ve yerel d\u00fczeyde 14. Be\u015f Y\u0131ll\u0131k Plan belgeleri ve \u00f6zel alt planlar haz\u0131rlanacakt\u0131r.<br>Fonksiyonlar\u0131 tamamlay\u0131c\u0131, s\u0131n\u0131rlar\u0131 net ve iyi uyumlu ulusal bir planlama sistemi olu\u015fturulacakt\u0131r.<br>Politika koordinasyonu ve g\u00f6rev uyumu art\u0131r\u0131lacak, izleme ve de\u011ferlendirme mekanizmalar\u0131 g\u00fc\u00e7lendirilecektir.<br>B\u00f6ylece Parti Merkez Komitesi\u2019nin 14. Be\u015f Y\u0131ll\u0131k Plan hedeflerine y\u00f6nelik kararlar\u0131 fiilen hayata ge\u00e7irilecektir.<\/p>\n\n\n\n<p style=\"font-size:clamp(16.834px, 1.052rem + ((1vw - 3.2px) * 0.716), 26px);\">14. Be\u015f Y\u0131ll\u0131k Plan ile 2035 y\u0131l\u0131 hedeflerinin ger\u00e7ekle\u015ftirilmesi, tarihi \u00f6neme sahip, zorlu fakat umut dolu bir g\u00f6revdir. T\u00fcm Parti ve \u00fclke halk\u0131 Xi Jinping Yolda\u015f\u2019\u0131n \u00e7ekirde\u011fini olu\u015fturdu\u011fu \u00c7in Kom\u00fcnist Partisi Merkez Komitesi etraf\u0131nda daha s\u0131k\u0131 kenetlenmeli; birlik ve kararl\u0131l\u0131kla m\u00fccadele ederek, sosyalist, modern bir \u00fclkenin kapsaml\u0131 in\u015fas\u0131nda yeni zaferler kazanmal\u0131d\u0131r.<\/p>\n","protected":false},"excerpt":{"rendered":"<p>2025 Y\u0131l\u0131nda \u00c7in Ne Durumda Olacak? \u00c7KP\u2019nin H\u00fck\u00fcmet Organlar\u0131na 5 Y\u0131ll\u0131k Plan Konusunda Vizyon Belgesi ve Tavsiyeleri \u00c7eviren: Ferdi Bekir (29 Ekim 2020 tarihinde \u00c7in Kom\u00fcnist Partisi 19. Merkez Komitesi\u2019nin 5. Genel Kurulu\u2019nda kabul edilmi\u015ftir) 14. Be\u015f Y\u0131ll\u0131k Plan d\u00f6nemi, \u00c7in\u2019in kapsaml\u0131 bir \u015fekilde orta halli refah toplumu in\u015fas\u0131n\u0131 tamamlayarak birinci y\u00fczy\u0131l kalk\u0131nma hedefini ger\u00e7ekle\u015ftirmesinin [&hellip;]<\/p>\n","protected":false},"author":1,"featured_media":0,"comment_status":"open","ping_status":"open","sticky":false,"template":"","format":"standard","meta":{"_monsterinsights_skip_tracking":false,"_monsterinsights_sitenote_active":false,"_monsterinsights_sitenote_note":"","_monsterinsights_sitenote_category":0,"footnotes":""},"categories":[5,51,45,6],"tags":[],"class_list":["post-5643","post","type-post","status-publish","format-standard","hentry","category-dunya-sosyalizmi","category-dunya-sosyalizmi-tr","category-genel-tr","category-sosyalist-ulkeler"],"blocksy_meta":[],"_links":{"self":[{"href":"https:\/\/marksizm.org.tr\/index.php?rest_route=\/wp\/v2\/posts\/5643","targetHints":{"allow":["GET"]}}],"collection":[{"href":"https:\/\/marksizm.org.tr\/index.php?rest_route=\/wp\/v2\/posts"}],"about":[{"href":"https:\/\/marksizm.org.tr\/index.php?rest_route=\/wp\/v2\/types\/post"}],"author":[{"embeddable":true,"href":"https:\/\/marksizm.org.tr\/index.php?rest_route=\/wp\/v2\/users\/1"}],"replies":[{"embeddable":true,"href":"https:\/\/marksizm.org.tr\/index.php?rest_route=%2Fwp%2Fv2%2Fcomments&post=5643"}],"version-history":[{"count":5,"href":"https:\/\/marksizm.org.tr\/index.php?rest_route=\/wp\/v2\/posts\/5643\/revisions"}],"predecessor-version":[{"id":5964,"href":"https:\/\/marksizm.org.tr\/index.php?rest_route=\/wp\/v2\/posts\/5643\/revisions\/5964"}],"wp:attachment":[{"href":"https:\/\/marksizm.org.tr\/index.php?rest_route=%2Fwp%2Fv2%2Fmedia&parent=5643"}],"wp:term":[{"taxonomy":"category","embeddable":true,"href":"https:\/\/marksizm.org.tr\/index.php?rest_route=%2Fwp%2Fv2%2Fcategories&post=5643"},{"taxonomy":"post_tag","embeddable":true,"href":"https:\/\/marksizm.org.tr\/index.php?rest_route=%2Fwp%2Fv2%2Ftags&post=5643"}],"curies":[{"name":"wp","href":"https:\/\/api.w.org\/{rel}","templated":true}]}}