{"id":5650,"date":"2025-07-10T19:18:52","date_gmt":"2025-07-10T19:18:52","guid":{"rendered":"https:\/\/marksizm.org.tr\/?p=5650"},"modified":"2025-07-11T12:24:42","modified_gmt":"2025-07-11T12:24:42","slug":"cinde-kolektivizm-5-yillik-ekonomik-toplumsal-planlar-nasil-hazirlaniyor","status":"publish","type":"post","link":"https:\/\/marksizm.org.tr\/?p=5650","title":{"rendered":"\u00c7in&#8217;de Kolektivizm: 5 Y\u0131ll\u0131k Ekonomik-Toplumsal Planlar Nas\u0131l\u00a0Haz\u0131rlan\u0131yor?"},"content":{"rendered":"\n<h1 class=\"wp-block-heading\">\u00c7in&#8217;de Kolektivizm: 5 Y\u0131ll\u0131k Ekonomik-Toplumsal Planlar Nas\u0131l&nbsp;Haz\u0131rlan\u0131yor?<\/h1>\n\n\n\n<figure class=\"wp-block-image aligncenter size-large\"><img loading=\"lazy\" decoding=\"async\" width=\"1024\" height=\"683\" src=\"https:\/\/marksizm.org.tr\/wp-content\/uploads\/2025\/07\/240304-great-hall-of-the-people-interior-ac-845p-fd6d93-1024x683.jpg\" alt=\"\" class=\"wp-image-5651\" srcset=\"https:\/\/marksizm.org.tr\/wp-content\/uploads\/2025\/07\/240304-great-hall-of-the-people-interior-ac-845p-fd6d93-1024x683.jpg 1024w, https:\/\/marksizm.org.tr\/wp-content\/uploads\/2025\/07\/240304-great-hall-of-the-people-interior-ac-845p-fd6d93-300x200.jpg 300w, https:\/\/marksizm.org.tr\/wp-content\/uploads\/2025\/07\/240304-great-hall-of-the-people-interior-ac-845p-fd6d93-768x512.jpg 768w, https:\/\/marksizm.org.tr\/wp-content\/uploads\/2025\/07\/240304-great-hall-of-the-people-interior-ac-845p-fd6d93.jpg 1500w\" sizes=\"auto, (max-width: 1024px) 100vw, 1024px\" \/><\/figure>\n\n\n\n<p style=\"font-size:clamp(16.834px, 1.052rem + ((1vw - 3.2px) * 0.716), 26px);\">\u00c7in Halk Cumhuriyeti&#8217;nin ekonomik ve sosyal kalk\u0131nmas\u0131n\u0131n temel dayana\u011f\u0131 olan Be\u015f Y\u0131ll\u0131k Planlar (BYP&#8217;ler), \u00fclkenin gelecek vizyonunu kolektif bir ak\u0131l ve kararl\u0131l\u0131kla \u015fekillendiren dinamik s\u00fcre\u00e7lerdir. Bu planlar, sadece makroekonomik hedeflerin belirlenmesi de\u011fil, ayn\u0131 zamanda&nbsp;<strong>geni\u015f tabanl\u0131 kat\u0131l\u0131m, isti\u015fare ve ulusal uzla\u015f\u0131n\u0131n<\/strong>&nbsp;somutla\u015ft\u0131\u011f\u0131 yol haritalar\u0131d\u0131r. S\u00fcre\u00e7, \u00c7in Kom\u00fcnist Partisi&#8217;nin (\u00c7KP) \u00f6nderli\u011finde,&nbsp;<strong>\u00e7ok seslili\u011fi te\u015fvik eden<\/strong>&nbsp;ve&nbsp;<strong>halk\u0131n iradesini merkeze alan<\/strong>&nbsp;bir yakla\u015f\u0131mla ilerler.<\/p>\n\n\n\n<p style=\"font-size:clamp(16.834px, 1.052rem + ((1vw - 3.2px) * 0.716), 26px);\"><strong>Haz\u0131rl\u0131k S\u00fcreci: Kapsaml\u0131 bir a\u011f \u00fczerinden planlama s\u00fcrecine Kat\u0131l\u0131m ve \u0130sti\u015fare<\/strong><\/p>\n\n\n\n<p style=\"font-size:clamp(16.834px, 1.052rem + ((1vw - 3.2px) * 0.716), 26px);\">Planlama \u00e7al\u0131\u015fmalar\u0131 ve g\u00f6r\u00fc\u015f toplama d\u00f6ng\u00fcs\u00fc, bir sonraki Plan d\u00f6neminin genel \u00e7er\u00e7evesini belirleyen \u00c7KP Merkez Komitesi&#8217;nin Plan vizyon ve&nbsp; &#8220;\u00d6neriler&#8221; (Jianyi) adl\u0131 \u00f6nemli belgesiyle ba\u015flar. <a href=\"https:\/\/marksizm.org.tr\/?p=5643\">Bkz. <strong>2025 Y\u0131l\u0131nda \u00c7in Ne Durumda Olacak?<\/strong> <strong>\u00c7KP\u2019nin H\u00fck\u00fcmet Organlar\u0131na 5 Y\u0131ll\u0131k Plan Konusunda Vizyon Belgesi ve Tavsiyeleri<\/strong><\/a><br><\/p>\n\n\n\n<p style=\"font-size:clamp(16.834px, 1.052rem + ((1vw - 3.2px) * 0.716), 26px);\">Bu belge, ulusal hedefler i\u00e7in stratejik bir pusula i\u015flevi g\u00f6r\u00fcr. Ard\u0131ndan, s\u00fcrecin teknik koordinasyonunu \u00fcstlenen&nbsp;<strong>Ulusal Kalk\u0131nma ve Reform Komisyonu (UK\u0130K)<\/strong>, bu vizyonu somutla\u015ft\u0131rmak i\u00e7in kapsaml\u0131 bir&nbsp;<strong>a\u00e7\u0131k isti\u015fare ve kat\u0131l\u0131m mekanizmas\u0131n\u0131<\/strong>&nbsp;devreye sokar.<\/p>\n\n\n\n<p style=\"font-size:clamp(16.834px, 1.052rem + ((1vw - 3.2px) * 0.716), 26px);\">Bu s\u00fcrecin en dikkat \u00e7ekici y\u00f6n\u00fc,&nbsp;<strong>ola\u011fan\u00fcst\u00fc geni\u015flikteki dan\u0131\u015fma a\u011f\u0131d\u0131r<\/strong>. UK\u0130K taraf\u0131ndan haz\u0131rlanan \u00f6n taslaklar,&nbsp;<strong>t\u00fcm toplum kesimlerinin g\u00f6r\u00fc\u015f ve \u00f6nerilerini almak \u00fczere<\/strong>&nbsp;aktif olarak payla\u015f\u0131l\u0131r:<\/p>\n\n\n\n<ol start=\"1\" class=\"wp-block-list\">\n<li style=\"font-size:clamp(16.834px, 1.052rem + ((1vw - 3.2px) * 0.716), 26px);\"><strong>Yerel Y\u00f6netimler ve Bakanl\u0131klar\u0131n Aktif Katk\u0131s\u0131:<\/strong>&nbsp;Eyaletler, \u015fehirler ve merkezi bakanl\u0131klar, yerel ihtiya\u00e7lar\u0131n ve sekt\u00f6rel uzmanl\u0131\u011f\u0131n plana yans\u0131mas\u0131n\u0131 sa\u011flamak i\u00e7in&nbsp;<strong>detayl\u0131 raporlar ve somut \u00f6neriler sunar<\/strong>. Bu, plan\u0131n&nbsp;<strong>yerelde kar\u015f\u0131l\u0131k bulmas\u0131n\u0131 ve uygulanabilirli\u011fini g\u00fc\u00e7lendiren<\/strong>&nbsp;hayati bir katk\u0131d\u0131r.<\/li>\n\n\n\n<li style=\"font-size:clamp(16.834px, 1.052rem + ((1vw - 3.2px) * 0.716), 26px);\"><strong>Akademi ve Uzmanlar\u0131n Bilgelik Havuzu:<\/strong>&nbsp;<strong>\u00c7in Sosyal Bilimler Akademisi (\u00c7SSA)<\/strong>&nbsp;ba\u015fta olmak \u00fczere \u00fcniversiteler ve ba\u011f\u0131ms\u0131z ara\u015ft\u0131rma kurulu\u015flar\u0131,&nbsp;<strong>titiz analizler, yenilik\u00e7i fikirler ve gelecek projeksiyonlar\u0131yla<\/strong>&nbsp;plan\u0131n bilimsel temelini g\u00fc\u00e7lendirir. Uzman g\u00f6r\u00fc\u015f\u00fc, politika tasar\u0131m\u0131n\u0131n&nbsp;<strong>rasyonel ve veriye dayal\u0131<\/strong>&nbsp;olmas\u0131n\u0131n garant\u00f6r\u00fcd\u00fcr.<\/li>\n\n\n\n<li style=\"font-size:clamp(16.834px, 1.052rem + ((1vw - 3.2px) * 0.716), 26px);\"><strong>\u0130\u015f D\u00fcnyas\u0131 ve STK&#8217;lar\u0131n Canl\u0131 Deste\u011fi:<\/strong>&nbsp;Sanayi odalar\u0131, i\u015fletmeler ve sivil toplum kurulu\u015flar\u0131,&nbsp;<strong>sekt\u00f6rel deneyimlerini, pratik \u00e7\u00f6z\u00fcm \u00f6nerilerini ve toplumsal beklentileri<\/strong>&nbsp;s\u00fcrece aktif olarak ta\u015f\u0131r. Bu diyalog, plan\u0131n&nbsp;<strong>ekonomik dinamizmi ve sosyal duyarl\u0131l\u0131\u011f\u0131<\/strong>&nbsp;dengelenmesine yard\u0131mc\u0131 olur.<\/li>\n\n\n\n<li style=\"font-size:clamp(16.834px, 1.052rem + ((1vw - 3.2px) * 0.716), 26px);\"><strong>Halk\u0131n Do\u011frudan Sesi: A\u00e7\u0131k Platformlar:<\/strong>&nbsp;Plan\u0131n taslak metinlerinin \u00f6nemli b\u00f6l\u00fcmleri,&nbsp;<strong>UK\u0130K&#8217;in resmi internet portal\u0131 ve di\u011fer eri\u015filebilir kanallar<\/strong>&nbsp;arac\u0131l\u0131\u011f\u0131yla&nbsp;<strong>t\u00fcm vatanda\u015flar\u0131n g\u00f6r\u00fc\u015f\u00fcne a\u00e7\u0131l\u0131r<\/strong>. Bu&nbsp;<strong>\u015feffaf ve a\u00e7\u0131k \u00e7a\u011fr\u0131<\/strong>,&nbsp;<strong>milyonlarca s\u0131radan vatanda\u015f\u0131n<\/strong>&nbsp;fikirlerini, \u00f6zlemlerini ve \u00f6nerilerini do\u011frudan planlama s\u00fcrecine iletmesine olanak tan\u0131r. Toplanan bu&nbsp;<strong>zengin halk geri bildirimi<\/strong>, tasla\u011f\u0131n nihai \u015fekillenmesinde&nbsp;<strong>etkili ve dikkate de\u011fer bir rol oynar<\/strong>.<\/li>\n<\/ol>\n\n\n\n<p style=\"font-size:clamp(16.834px, 1.052rem + ((1vw - 3.2px) * 0.716), 26px);\"><strong>Sentez, Onay ve Ulusal Mutabakat<\/strong><br>UK\u0130K, bu\u00a0<strong>muazzam ve \u00e7e\u015fitli girdileri<\/strong>\u00a0titizlikle analiz eder, sentezler ve plan tasla\u011f\u0131na entegre eder. Bu\u00a0<strong>kapsay\u0131c\u0131 isti\u015fare s\u00fcreci<\/strong>, plan\u0131n\u00a0<strong>farkl\u0131 kesimlerin ihtiya\u00e7 ve beklentilerini kucaklayan<\/strong>,\u00a0<strong>toplumsal uzla\u015fmaya dayal\u0131<\/strong>\u00a0bir belge olmas\u0131n\u0131 sa\u011flar. Ard\u0131ndan,\u00a0<strong>\u00c7KP Merkez Komitesi Genel Kurul Toplant\u0131s\u0131 (Plenum)<\/strong>&#8216;nda nihai politik onay al\u0131n\u0131r, s\u00fcrecin demokratik merkeziyet\u00e7ilik ilkesiyle uyumu peki\u015ftirilir. <strong>\u00c7KP MK&#8217;nin tavsiyeler belgesini g\u00f6r\u00fc\u015fmesi ve tavsiye karar\u0131 h\u00e2line getirmesi ile plan\u0131n Halk Kongresi&#8217;nde yasala\u015fmas\u0131 aras\u0131nda yakla\u015f\u0131k 6 ayl\u0131k bir s\u00fcre vard\u0131r.<\/strong> Plan tasla\u011f\u0131, ayn\u0131 zamanda \u00c7KP d\u0131\u015f\u0131ndaki 8 demokratik partinin, \u00c7in Birle\u015fik Meclisi&#8217;nin ve \u00c7in&#8217;deki t\u00fcm Birle\u015fik Cephe kitle \u00f6rg\u00fctlerinin tart\u0131\u015fmas\u0131 ve onay\u0131 ile son h\u00e2lini al\u0131r.<\/p>\n\n\n\n<p style=\"font-size:clamp(16.834px, 1.052rem + ((1vw - 3.2px) * 0.716), 26px);\">Nihai a\u015famada, taslak,&nbsp;<strong>\u00c7in halk\u0131n\u0131n en y\u00fcksek temsil organ\u0131 olan Ulusal Halk Kongresi (UHK)<\/strong>&nbsp;\u00f6n\u00fcne getirilir.&nbsp;<strong>T\u00fcm eyaletlerden ve toplum kesimlerinden gelen delegeler<\/strong>, tasla\u011f\u0131&nbsp;<strong>kapsaml\u0131 bir \u015fekilde tart\u0131\u015f\u0131r, m\u00fczakere eder ve oy \u00e7oklu\u011fuyla kabul eder<\/strong>. Bu&nbsp;<strong>resmi onay<\/strong>, plan\u0131n yaln\u0131zca bir h\u00fck\u00fcmet belgesi de\u011fil,&nbsp;<strong>t\u00fcm ulusun ortak iradesini ve taahh\u00fcd\u00fcn\u00fc yans\u0131tan yasal bir \u00e7er\u00e7eve<\/strong>&nbsp;haline geldi\u011finin g\u00f6stergesidir.<\/p>\n\n\n\n<p style=\"font-size:clamp(16.834px, 1.052rem + ((1vw - 3.2px) * 0.716), 26px);\"><strong>Sorumlu Kurum: UK\u0130K &#8211; Kat\u0131l\u0131m\u0131n Mimarlar\u0131<\/strong><br>Bu&nbsp;<strong>karma\u015f\u0131k ve kapsay\u0131c\u0131 s\u00fcrecin<\/strong>&nbsp;ba\u015far\u0131l\u0131 y\u00fcr\u00fct\u00fclmesindeki kilit akt\u00f6r,&nbsp;<strong>Ulusal Kalk\u0131nma ve Reform Komisyonu (UK\u0130K)<\/strong>&#8216;dur. UK\u0130K, sadece teknik bir koordinat\u00f6r de\u011fil, ayn\u0131 zamanda&nbsp;<strong>a\u00e7\u0131k diyalo\u011fun, geni\u015f kat\u0131l\u0131m\u0131n ve \u00e7ok seslili\u011fin mimar\u0131d\u0131r<\/strong>. G\u00f6revleri aras\u0131nda:<\/p>\n\n\n\n<ul class=\"wp-block-list\">\n<li style=\"font-size:clamp(16.834px, 1.052rem + ((1vw - 3.2px) * 0.716), 26px);\"><strong>Kapsay\u0131c\u0131 isti\u015fare platformlar\u0131n\u0131n tasarlanmas\u0131 ve y\u00f6netilmesi,<\/strong><\/li>\n\n\n\n<li style=\"font-size:clamp(16.834px, 1.052rem + ((1vw - 3.2px) * 0.716), 26px);\"><strong>Merkez, yerel, uzman ve halk g\u00f6r\u00fc\u015flerinin etkin bir \u015fekilde toplanmas\u0131 ve de\u011ferlendirilmesi,<\/strong><\/li>\n\n\n\n<li style=\"font-size:clamp(16.834px, 1.052rem + ((1vw - 3.2px) * 0.716), 26px);\"><strong>Bu zengin girdilerin ulusal hedeflerle uyumlu bir \u015fekilde plan tasla\u011f\u0131na entegre edilmesi,<\/strong><\/li>\n\n\n\n<li style=\"font-size:clamp(16.834px, 1.052rem + ((1vw - 3.2px) * 0.716), 26px);\">S\u00fcrecin&nbsp;<strong>\u015feffaf ve eri\u015filebilir<\/strong>&nbsp;bir \u015fekilde y\u00fcr\u00fct\u00fclmesinin sa\u011flanmas\u0131 yer al\u0131r.<br>UK\u0130K,&nbsp;<strong>halk\u0131n sesinin merkezi planlama ile bulu\u015ftu\u011fu hayati k\u00f6pr\u00fcy\u00fc<\/strong>&nbsp;olu\u015fturur.<\/li>\n<\/ul>\n\n\n\n<p style=\"font-size:clamp(16.834px, 1.052rem + ((1vw - 3.2px) * 0.716), 26px);\"><strong>Sonu\u00e7: Kat\u0131l\u0131ml\u0131 Planlaman\u0131n G\u00fcc\u00fc<\/strong><br>\u00c7in&#8217;in Be\u015f Y\u0131ll\u0131k Plan haz\u0131rlama s\u00fcreci,&nbsp;<strong>&#8220;toplumun t\u00fcm kesimlerinin aktif kat\u0131l\u0131m\u0131na dayal\u0131 kolektif planlama&#8221;<\/strong>&nbsp;modelinin ba\u015far\u0131l\u0131 bir \u00f6rne\u011fidir.&nbsp;<strong>\u00c7KP&#8217;nin \u00f6nc\u00fc liderli\u011fi<\/strong>, s\u00fcrece y\u00f6n veren istikrar\u0131 ve vizyonu sa\u011flarken;&nbsp;<strong>yerel y\u00f6netimlerin, uzmanlar\u0131n, i\u015f d\u00fcnyas\u0131n\u0131n, STK&#8217;lar\u0131n ve en \u00f6nemlisi, milyonlarca s\u0131radan vatanda\u015f\u0131n do\u011frudan katk\u0131lar\u0131<\/strong>, planlar\u0131&nbsp;<strong>zenginle\u015ftiren, derinle\u015ftiren ve ger\u00e7ek\u00e7i k\u0131lan<\/strong>&nbsp;dinamik unsurlard\u0131r.&nbsp;<strong>A\u00e7\u0131k platformlar ve yo\u011fun isti\u015fareler<\/strong>&nbsp;arac\u0131l\u0131\u011f\u0131yla sa\u011flanan bu&nbsp;<strong>geni\u015f tabanl\u0131 kat\u0131l\u0131m<\/strong>, planlar\u0131n&nbsp;<strong>halk\u0131n ger\u00e7ek ihtiya\u00e7 ve \u00f6zlemlerini yans\u0131tmas\u0131n\u0131<\/strong>, dolay\u0131s\u0131yla&nbsp;<strong>ulusal hedeflere ula\u015fmada daha g\u00fc\u00e7l\u00fc bir sosyal mutabakat ve sahiplenme yaratmas\u0131n\u0131<\/strong>&nbsp;m\u00fcmk\u00fcn k\u0131lar. BYP&#8217;ler, bu anlamda, sadece ekonomik bir ara\u00e7 de\u011fil,&nbsp;<strong>\u00c7in halk\u0131n\u0131n gelece\u011fini birlikte tasarlad\u0131\u011f\u0131 canl\u0131 bir demokratik s\u00fcrecin<\/strong>&nbsp;ifadesidir.<\/p>\n","protected":false},"excerpt":{"rendered":"<p>\u00c7in&#8217;de Kolektivizm: 5 Y\u0131ll\u0131k Ekonomik-Toplumsal Planlar Nas\u0131l&nbsp;Haz\u0131rlan\u0131yor? \u00c7in Halk Cumhuriyeti&#8217;nin ekonomik ve sosyal kalk\u0131nmas\u0131n\u0131n temel dayana\u011f\u0131 olan Be\u015f Y\u0131ll\u0131k Planlar (BYP&#8217;ler), \u00fclkenin gelecek vizyonunu kolektif bir ak\u0131l ve kararl\u0131l\u0131kla \u015fekillendiren dinamik s\u00fcre\u00e7lerdir. Bu planlar, sadece makroekonomik hedeflerin belirlenmesi de\u011fil, ayn\u0131 zamanda&nbsp;geni\u015f tabanl\u0131 kat\u0131l\u0131m, isti\u015fare ve ulusal uzla\u015f\u0131n\u0131n&nbsp;somutla\u015ft\u0131\u011f\u0131 yol haritalar\u0131d\u0131r. S\u00fcre\u00e7, \u00c7in Kom\u00fcnist Partisi&#8217;nin (\u00c7KP) \u00f6nderli\u011finde,&nbsp;\u00e7ok [&hellip;]<\/p>\n","protected":false},"author":1,"featured_media":0,"comment_status":"open","ping_status":"open","sticky":false,"template":"","format":"standard","meta":{"_monsterinsights_skip_tracking":false,"_monsterinsights_sitenote_active":false,"_monsterinsights_sitenote_note":"","_monsterinsights_sitenote_category":0,"footnotes":""},"categories":[51,5,6],"tags":[],"class_list":["post-5650","post","type-post","status-publish","format-standard","hentry","category-dunya-sosyalizmi-tr","category-dunya-sosyalizmi","category-sosyalist-ulkeler"],"blocksy_meta":[],"_links":{"self":[{"href":"https:\/\/marksizm.org.tr\/index.php?rest_route=\/wp\/v2\/posts\/5650","targetHints":{"allow":["GET"]}}],"collection":[{"href":"https:\/\/marksizm.org.tr\/index.php?rest_route=\/wp\/v2\/posts"}],"about":[{"href":"https:\/\/marksizm.org.tr\/index.php?rest_route=\/wp\/v2\/types\/post"}],"author":[{"embeddable":true,"href":"https:\/\/marksizm.org.tr\/index.php?rest_route=\/wp\/v2\/users\/1"}],"replies":[{"embeddable":true,"href":"https:\/\/marksizm.org.tr\/index.php?rest_route=%2Fwp%2Fv2%2Fcomments&post=5650"}],"version-history":[{"count":2,"href":"https:\/\/marksizm.org.tr\/index.php?rest_route=\/wp\/v2\/posts\/5650\/revisions"}],"predecessor-version":[{"id":5659,"href":"https:\/\/marksizm.org.tr\/index.php?rest_route=\/wp\/v2\/posts\/5650\/revisions\/5659"}],"wp:attachment":[{"href":"https:\/\/marksizm.org.tr\/index.php?rest_route=%2Fwp%2Fv2%2Fmedia&parent=5650"}],"wp:term":[{"taxonomy":"category","embeddable":true,"href":"https:\/\/marksizm.org.tr\/index.php?rest_route=%2Fwp%2Fv2%2Fcategories&post=5650"},{"taxonomy":"post_tag","embeddable":true,"href":"https:\/\/marksizm.org.tr\/index.php?rest_route=%2Fwp%2Fv2%2Ftags&post=5650"}],"curies":[{"name":"wp","href":"https:\/\/api.w.org\/{rel}","templated":true}]}}