{"id":5712,"date":"2025-08-12T18:24:15","date_gmt":"2025-08-12T18:24:15","guid":{"rendered":"https:\/\/marksizm.org.tr\/?p=5712"},"modified":"2025-08-12T18:24:15","modified_gmt":"2025-08-12T18:24:15","slug":"dunya-ekonomi-politikcileri-dernegi-18-istanbul-turkiye-forumu-sonuc-bildirgesi","status":"publish","type":"post","link":"https:\/\/marksizm.org.tr\/?p=5712","title":{"rendered":"D\u00fcnya Ekonomi-Politik\u00e7ileri Derne\u011fi 18. \u0130stanbul\/T\u00fcrkiye Forumu Sonu\u00e7 Bildirgesi"},"content":{"rendered":"\n<h1 class=\"wp-block-heading\"><strong>D\u00fcnya Ekonomi-Politik\u00e7ileri Derne\u011fi 18. \u0130stanbul\/T\u00fcrkiye Forumu Sonu\u00e7 Bildirgesi<\/strong><\/h1>\n\n\n\n<h1 class=\"wp-block-heading\"><strong>T\u00fcrkiye\u2019den Marksist \u0130ktisat\u00e7\u0131lara \u00d6d\u00fcl: Korkut Boratav, Jian Xinhua, Radhika Desai, He Ganqiang, \u00d6zgur Orhangazi ve Alp Erin\u00e7 Yeldan<\/strong><\/h1>\n\n\n\n<p style=\"font-size:clamp(16.834px, 1.052rem + ((1vw - 3.2px) * 0.716), 26px);\"><strong>A\u011fustos 2025<\/strong><\/p>\n\n\n\n<p style=\"font-size:clamp(16.834px, 1.052rem + ((1vw - 3.2px) * 0.716), 26px);\"><strong>Yeditepe \u00dcniversitesi Kay\u0131\u015fda\u011f\u0131 Kamp\u00fcs\u00fc ve Yeditepe G\u00fczel Sanatlar \u00dcniveristesinde yap\u0131lan D\u00fcnya Ekonomi-Politik\u00e7ileri Derne\u011fi 18. \u0130stanbul\/T\u00fcrkiye Forumu ge\u00e7en Cuma g\u00fcn\u00fc 8 A\u011fustos\u2019ta sona erdi. Toplant\u0131ya 100\u2019e yak\u0131n yabanc\u0131 konuk akademisyen kat\u0131lm\u0131\u015ft\u0131. Forum\u2019da Marksist iktisat\u00e7\u0131 Prof. \u0130zzetin \u00d6nder \u00f6nemli bir sunum yapt\u0131 ve Korkut Boratav\u2019\u0131n mesaj\u0131 okundu. &nbsp;<\/strong><\/p>\n\n\n\n<figure class=\"wp-block-image aligncenter size-large\"><img loading=\"lazy\" decoding=\"async\" width=\"1024\" height=\"768\" src=\"https:\/\/marksizm.org.tr\/wp-content\/uploads\/2025\/08\/207169347-1024x768.jpg\" alt=\"\" class=\"wp-image-5713\" srcset=\"https:\/\/marksizm.org.tr\/wp-content\/uploads\/2025\/08\/207169347-1024x768.jpg 1024w, https:\/\/marksizm.org.tr\/wp-content\/uploads\/2025\/08\/207169347-300x225.jpg 300w, https:\/\/marksizm.org.tr\/wp-content\/uploads\/2025\/08\/207169347-768x576.jpg 768w, https:\/\/marksizm.org.tr\/wp-content\/uploads\/2025\/08\/207169347-1536x1152.jpg 1536w, https:\/\/marksizm.org.tr\/wp-content\/uploads\/2025\/08\/207169347.jpg 1600w\" sizes=\"auto, (max-width: 1024px) 100vw, 1024px\" \/><\/figure>\n\n\n\n<p style=\"font-size:clamp(16.834px, 1.052rem + ((1vw - 3.2px) * 0.716), 26px);\"><strong>D\u00fcnya Marksist Ekonomi \u00d6d\u00fcl\u00fcn\u00fc<\/strong> kazananlar \u015funlar oldu: T\u00fcrkiye\u2019den Korkut Boratav, \u00c7in Wuhan \u00dcniversitesi\u2019nden Jian Xinhua, Kanada Manitoba \u00dcniversitesi\u2019nden Radhika Desai, \u00c7in Nanjing Finans ve Ekonomi \u00dcniversitesi\u2019nden He Ganqiang.<\/p>\n\n\n\n<p style=\"font-size:clamp(16.834px, 1.052rem + ((1vw - 3.2px) * 0.716), 26px);\">21. Y\u00fczy\u0131l D\u00fcnya Politik Ekonomisi \u00dcst\u00fcn Ba\u015far\u0131 \u00d6d\u00fcl\u00fc verilen akademisyenler de \u015fu \u015fekilde: \u0130talya Palermo \u00dcniversitesi\u2019nden Alberto Lombardo, Kadir Has \u00dcniversitesi\u2019nden \u00d6zgur Orhangazi ve Alp Erin\u00e7 Yeldan, \u00c7in \u015eanghay Uluslararas\u0131 \u00c7al\u0131\u015fmalar \u00dcniversitesi\u2019nden Li Zhengtu, Yunanistan Panteion \u00dcniversitesi\u2019nden Stavros Mavroudeas ve Costas Passas, Kanada York \u00dcniversitesi\u2019nden Sabah Alnasseri, \u00c7in Si\u00e7uan \u00dcniversitesi\u2019nden Liu Runqiu, Ukrayna Ulusal Bilimler Akademisi\u2019nden Andrii Grytsenko, Japonya Rikkyo \u00dcniversitesi\u2019nden Sousuke Morimoto, Avustralya SP Jain K\u00fcresel Y\u00f6netim Okulu\u2019ndan Vincent James Hooper, \u00c7in Xiamen Teknoloji Enstit\u00fcs\u00fc\u2019nden Li Linan.<\/p>\n\n\n\n<p style=\"font-size:clamp(16.834px, 1.052rem + ((1vw - 3.2px) * 0.716), 26px);\"><a><strong>D\u00fcnya Ekonomi-Politik\u00e7ileri Derne\u011fi 18. \u0130stanbul\/T\u00fcrkiye Forumu <\/strong><\/a><strong>Sonu\u00e7 Bildirisi \u015f\u00f6yle:<\/strong><\/p>\n\n\n\n<p style=\"font-size:clamp(16.834px, 1.052rem + ((1vw - 3.2px) * 0.716), 26px);\">D\u00fcnya <strong>Ekonomi-Politik\u00e7ileri Derne\u011fi <\/strong>(WAPE), d\u00fcnya \u00e7ap\u0131nda Marksist, Marksyen ve di\u011fer ele\u015ftirel politik iktisat\u00e7\u0131lar ile ilgili akademik gruplar\u0131n g\u00f6n\u00fcll\u00fc olarak olu\u015fturdu\u011fu uluslararas\u0131 bir akademik kurulu\u015ftur. WAPE, d\u00fcnyam\u0131z\u0131n <strong>Ekonomi-Politik <\/strong>\u00e7al\u0131\u015fmalar\u0131n\u0131, Marksist ekonomideki k\u00fcresel ara\u015ft\u0131rma g\u00fc\u00e7leriyle b\u00fct\u00fcnle\u015ftirmeyi, Marksist ekonominin teori ve y\u00f6ntemlerini kullanarak d\u00fcnya ekonomisini ve ulusal ekonomik kalk\u0131nmay\u0131 incelemeyi, d\u00fcnya halklar\u0131 aras\u0131nda ekonomik ve k\u00fclt\u00fcrel al\u0131\u015fveri\u015fi te\u015fvik etmeyi ve halklar\u0131n ve \u00fclkelerin refahlar\u0131n\u0131 art\u0131rmay\u0131 ama\u00e7lamaktad\u0131r. WAPE&#8217;nin 2006 y\u0131l\u0131nda \u00c7in&#8217;in \u015eanghay kentinde d\u00fczenlenen ilk forumundan bu yana, \u00c7in, Japonya, Fransa, Amerika Birle\u015fik Devletleri, Meksika, Brezilya, Vietnam, G\u00fcney Afrika, Hindistan, Rusya, Almanya, Kanada ve Yunanistan gibi \u00fclkelerde yirmiden fazla akademik konferans d\u00fczenlemi\u015ftir. WAPE&#8217;nin kurulu\u015funun 20. y\u0131ld\u00f6n\u00fcm\u00fc olan 2025 <strong>y\u0131l\u0131nda, 6-8 A\u011fustos tarihlerinde<\/strong> T\u00fcrkiye&#8217;deki Yeditepe \u00dcniversitesi&#8217;nde 18. forumu d\u00fczenledik.<\/p>\n\n\n\n<p style=\"font-size:clamp(16.834px, 1.052rem + ((1vw - 3.2px) * 0.716), 26px);\">T\u00fcrkiye konferans\u0131n\u0131n temas\u0131 &#8220;21. Y\u00fczy\u0131lda \u00c7ok Kutupluluk: Politik Ekonomide Zorluklar ve F\u0131rsatlar&#8221; idi. Bu forumda derinlemesine tart\u0131\u015fmalar\u0131n ard\u0131ndan a\u015fa\u011f\u0131daki sonu\u00e7 ve g\u00f6r\u00fc\u015fleri sunuyoruz:<\/p>\n\n\n\n<ol class=\"wp-block-list\">\n<li style=\"font-size:clamp(16.834px, 1.052rem + ((1vw - 3.2px) * 0.716), 26px);\">Gazze&#8217;de halen devam eden ve televizyonda yay\u0131nlanan a\u015fa\u011f\u0131l\u0131k soyk\u0131r\u0131m, \u00e7a\u011fda\u015f emperyalizmin s\u00fcrekli bir zulm\u00fc halindedir. Bu a\u015fa\u011f\u0131l\u0131k soyk\u0131r\u0131m insanl\u0131\u011f\u0131n ve insan toplumunun temel ilkelerini ihlal etmektedir. Emperyalist g\u00fc\u00e7ler taraf\u0131ndan ba\u015flat\u0131lan k\u00f6t\u00fc niyetli sava\u015flar\u0131n en \u00e7irkin \u00f6rne\u011fidir. Bu sava\u015flar, insani ve toplumsal ilerlemeyi ve ge\u00e7im kaynaklar\u0131n\u0131n iyile\u015ftirilmesini engellemektedir. Bu t\u00fcr sava\u015flar aras\u0131nda, \u015fu anda \u00fc\u00e7\u00fcnc\u00fc y\u0131l\u0131nda olan Rusya-Ukrayna \u00e7at\u0131\u015fmas\u0131, Kore Yar\u0131madas\u0131&#8217;nda patlak vermesi muhtemel olan bir sava\u015f ve Afrika Sahel b\u00f6lgesindeki kurtulu\u015f g\u00fc\u00e7lerini tehdit eden sava\u015flar ve Tayvan \u00fczerinden \u00c7in&#8217;i tehdit eden sava\u015f ve \u0130ran-\u0130srail \u00e7at\u0131\u015fmas\u0131 yer almaktad\u0131r. Bu t\u00fcr sava\u015flar, ilgili b\u00f6lgelerde muazzam can ve mal kayb\u0131na yol a\u00e7makla kalm\u0131yor, ayn\u0131 zamanda uluslararas\u0131 tedarik zincirlerine, \u00fcretici g\u00fc\u00e7lere ve \u00fcretim ili\u015fkilerine \u00f6l\u00e7\u00fclemez zararlar vererek daha fazla insani ac\u0131ya neden olmaktad\u0131r. D\u00fcnya \u00e7ap\u0131ndaki Marksist politik iktisat\u00e7\u0131lar ve jeopolitik iktisat\u00e7\u0131lar, bu t\u00fcr emperyalist sava\u015flarla ilgili \u00f6nemli ekonomik teoriler ve pratikler hakk\u0131nda i\u015f birli\u011fini g\u00fc\u00e7lendirmeli ve derinlemesine ara\u015ft\u0131rmalar yapmal\u0131d\u0131rlar.<\/li>\n\n\n\n<li style=\"font-size:clamp(16.834px, 1.052rem + ((1vw - 3.2px) * 0.716), 26px);\"> Gazze&#8217;de halen devam eden ve televizyonda yay\u0131nlanan a\u015fa\u011f\u0131l\u0131k soyk\u0131r\u0131m, \u00e7a\u011fda\u015f emperyalizmin s\u00fcrekli bir zulm\u00fc halindedir. Bu a\u015fa\u011f\u0131l\u0131k soyk\u0131r\u0131m insanl\u0131\u011f\u0131n ve insan toplumunun temel ilkelerini ihlal etmektedir. Emperyalist g\u00fc\u00e7ler taraf\u0131ndan ba\u015flat\u0131lan k\u00f6t\u00fc niyetli sava\u015flar\u0131n en \u00e7irkin \u00f6rne\u011fidir. Bu sava\u015flar, insani ve toplumsal ilerlemeyi ve ge\u00e7im kaynaklar\u0131n\u0131n iyile\u015ftirilmesini engellemektedir. Bu t\u00fcr sava\u015flar aras\u0131nda, \u015fu anda \u00fc\u00e7\u00fcnc\u00fc y\u0131l\u0131nda olan Rusya-Ukrayna \u00e7at\u0131\u015fmas\u0131, Kore Yar\u0131madas\u0131&#8217;nda patlak vermesi muhtemel olan bir sava\u015f ve Afrika Sahel b\u00f6lgesindeki kurtulu\u015f g\u00fc\u00e7lerini tehdit eden sava\u015flar ve Tayvan \u00fczerinden \u00c7in&#8217;i tehdit eden sava\u015f ve \u0130ran-\u0130srail \u00e7at\u0131\u015fmas\u0131 yer almaktad\u0131r. Bu t\u00fcr sava\u015flar, ilgili b\u00f6lgelerde muazzam can ve mal kayb\u0131na yol a\u00e7makla kalm\u0131yor, ayn\u0131 zamanda uluslararas\u0131 tedarik zincirlerine, \u00fcretici g\u00fc\u00e7lere ve \u00fcretim ili\u015fkilerine \u00f6l\u00e7\u00fclemez zararlar vererek daha fazla insani ac\u0131ya neden olmaktad\u0131r. D\u00fcnya \u00e7ap\u0131ndaki Marksist politik iktisat\u00e7\u0131lar ve jeopolitik iktisat\u00e7\u0131lar, bu t\u00fcr emperyalist sava\u015flarla ilgili \u00f6nemli ekonomik teoriler ve pratikler hakk\u0131nda i\u015f birli\u011fini g\u00fc\u00e7lendirmeli ve derinlemesine ara\u015ft\u0131rmalar yapmal\u0131d\u0131rlar.<\/li>\n\n\n\n<li style=\"font-size:clamp(16.834px, 1.052rem + ((1vw - 3.2px) * 0.716), 26px);\">G\u00fcn\u00fcm\u00fcz d\u00fcnyas\u0131, yeni enerji, yeni maden ve \u00fcr\u00fcnler\/malzemeler, dijital teknoloji ve yapay zekan\u0131n yan\u0131 s\u0131ra bu devrimin y\u00f6nlendirdi\u011fi k\u00fcresel politik manzaran\u0131n ve ekonomik manzaran\u0131n k\u00f6kl\u00fc d\u00f6n\u00fc\u015f\u00fcm\u00fcyle temsil edilen yeni bir bilimsel ve teknolojik devrim dalgas\u0131 ya\u015f\u0131yor. Emperyal d\u00fcnya, bu devrime katk\u0131da bulunmak yerine, spek\u00fclasyonlar ve engellemelerle me\u015fgul olup, uluslararas\u0131 siyasi, ekonomik ve sosyal ili\u015fkilerde belirsizlikler ve istikrars\u0131zl\u0131klar yarat\u0131yor. Bu durum, d\u00fcnya \u00e7ap\u0131ndaki liderlerin siyasi bilgeli\u011fini s\u0131nayan riskler ve meydan okumalar ortaya koyuyor. <strong>D\u00fcnyada y\u00fczy\u0131ld\u0131r g\u00f6r\u00fclmemi\u015f derin de\u011fi\u015fimler<\/strong> h\u0131zlan\u0131rken, uluslararas\u0131 siyasi ve ekonomik ili\u015fkileri a\u00e7\u0131klayan mevcut geleneksel ana ak\u0131m teoriler, i\u00e7sel kusur ve eksikliklerini giderek daha fazla ortaya koyuyor. Birle\u015fmi\u015f Milletler Genel Kurulu&#8217;nun uzun y\u0131llard\u0131r vurgulad\u0131\u011f\u0131 gibi, yeni ekonomik ve siyasi manzaraya rehberlik etmek ve uluslararas\u0131 ekonomik d\u00fczenin yeniden \u015fekillendirilmesini sa\u011flamak i\u00e7in Marksizm&#8217;e dayanan \u00e7\u0131\u011f\u0131r a\u00e7\u0131c\u0131 teorik yeniliklere acil ihtiya\u00e7 var.<\/li>\n\n\n\n<li style=\"font-size:clamp(16.834px, 1.052rem + ((1vw - 3.2px) * 0.716), 26px);\">G\u00fcn\u00fcm\u00fcz\u00fcn, bunam\u0131\u015f ve ini\u015f konumunda olan tekelci kapitalizmi, \u00e7al\u0131\u015fan insanlar ve ezilen ve s\u00f6m\u00fcr\u00fclen uluslar taraf\u0131ndan \u00fcretilen de\u011feri s\u00f6m\u00fcrmek i\u00e7in spek\u00fclasyon ve y\u0131rt\u0131c\u0131, ya\u011fmac\u0131 tarzda bor\u00e7land\u0131rmakla me\u015fgul. Tekelci kapitalizm \u00fcretimi geni\u015fletmekten, hele ki bunu \u00e7al\u0131\u015fan insanlara refah yayan e\u015fitlik\u00e7i bir \u015fekilde yapmaktan aciz durumda. \u015eu anda, BRICS+ \u00fclkeleri ve emperyalizme ve hegemonyac\u0131l\u0131\u011fa kar\u015f\u0131 \u00e7\u0131kan bir\u00e7ok \u00fclke, k\u00fcresel ekonomik b\u00fcy\u00fcmeye G7 \u00fclkelerinden daha fazla katk\u0131da bulunuyor. \u0130nsanl\u0131k i\u00e7in ortak bir gelece\u011fe sahip bir topluluk in\u015fa etme form\u00fclasyonu, d\u00fcnya tarihinde kapitalist &#8220;kontrol ve ya\u011fma&#8221; paradigmas\u0131ndan &#8220;geni\u015f \u00e7apl\u0131 isti\u015fare, ortakla\u015fa katk\u0131 ve ortakla\u015fa fayda elde etme&#8221; paradigmas\u0131na ge\u00e7i\u015fi ifade ediyor. D\u00fcnya \u00e7ap\u0131ndaki Marksist politik iktisat\u00e7\u0131lar bu tarihsel e\u011filimi kavramal\u0131 ve adil ve e\u015fitlik\u00e7i bir k\u00fcresel ekonomik y\u00f6neti\u015fim sisteminin yeniden \u015fekillendirilmesine teorik katk\u0131larda bulunmal\u0131d\u0131rlar.<\/li>\n\n\n\n<li style=\"font-size:clamp(16.834px, 1.052rem + ((1vw - 3.2px) * 0.716), 26px);\">II. D\u00fcnya Sava\u015f\u0131 sonras\u0131 uluslararas\u0131 ekonomik y\u00f6neti\u015fim sistemi, emperyalist \u00fclkeler taraf\u0131ndan y\u00f6netiliyordu. Bu \u00fclkeler, sistemin uluslararas\u0131 art\u0131 de\u011fer ve k\u00e2rlar\u0131n bu \u00fclkelerdeki \u00f6zel tekelci burjuvazinin cebine s\u00fcrekli akmas\u0131n\u0131 sa\u011flad\u0131lar. Bug\u00fcn, sistem \u00fczerinden bu t\u00fcr ak\u0131\u015flar\u0131 sa\u011flayamayan emperyalist \u00fclkeler, yapt\u0131r\u0131mlar \u00fczerinden ve ticaretin engellenmesi ve sermaye ak\u0131mlar\u0131n\u0131n engellenmesi yoluyla teknolojik, finansal ve kurumsal alanlarda hegemonyalar\u0131n\u0131 g\u00fc\u00e7lendirmeye y\u00f6nelmi\u015f durumdalar. Bu \u00f6nlemler, onlar\u0131n zay\u0131flayan emperyal g\u00fc\u00e7lerini ihya edip peki\u015ftirmemesine kar\u015f\u0131n t\u00fcm d\u00fcnya \u00fclkelerinin kalk\u0131nmas\u0131na zarar veriyor. Derinle\u015fen k\u00fcresel servet kutupla\u015fmas\u0131n\u0131 tersine \u00e7evirmek i\u00e7in, K\u00fcresel G\u00fcney \u00fclkelerinin kalk\u0131nma haklar\u0131na ve \u00e7\u0131karlar\u0131na tam olarak sayg\u0131 duyulmal\u0131, desteklenmeli ve bu kalk\u0131nma haklar\u0131 korunmal\u0131d\u0131r.<\/li>\n\n\n\n<li style=\"font-size:clamp(16.834px, 1.052rem + ((1vw - 3.2px) * 0.716), 26px);\">II. D\u00fcnya Sava\u015f\u0131 sonras\u0131 uluslararas\u0131 ekonomik y\u00f6neti\u015fim sistemi, emperyalist \u00fclkeler taraf\u0131ndan y\u00f6netiliyordu. Bu \u00fclkeler, sistemin uluslararas\u0131 art\u0131 de\u011fer ve k\u00e2rlar\u0131n bu \u00fclkelerdeki \u00f6zel tekelci burjuvazinin cebine s\u00fcrekli akmas\u0131n\u0131 sa\u011flad\u0131lar. Bug\u00fcn, sistem \u00fczerinden bu t\u00fcr ak\u0131\u015flar\u0131 sa\u011flayamayan emperyalist \u00fclkeler, yapt\u0131r\u0131mlar \u00fczerinden ve ticaretin engellenmesi ve sermaye ak\u0131mlar\u0131n\u0131n engellenmesi yoluyla teknolojik, finansal ve kurumsal alanlarda hegemonyalar\u0131n\u0131 g\u00fc\u00e7lendirmeye y\u00f6nelmi\u015f durumdalar. Bu \u00f6nlemler, onlar\u0131n zay\u0131flayan emperyal g\u00fc\u00e7lerini ihya edip peki\u015ftirmemesine kar\u015f\u0131n t\u00fcm d\u00fcnya \u00fclkelerinin kalk\u0131nmas\u0131na zarar veriyor. Derinle\u015fen k\u00fcresel servet kutupla\u015fmas\u0131n\u0131 tersine \u00e7evirmek i\u00e7in, K\u00fcresel G\u00fcney \u00fclkelerinin kalk\u0131nma haklar\u0131na ve \u00e7\u0131karlar\u0131na tam olarak sayg\u0131 duyulmal\u0131, desteklenmeli ve bu kalk\u0131nma haklar\u0131 korunmal\u0131d\u0131r.<\/li>\n\n\n\n<li style=\"font-size:clamp(16.834px, 1.052rem + ((1vw - 3.2px) * 0.716), 26px);\">Kirlilik, biyolojik \u00e7e\u015fitlili\u011fin yitimi ve iklim \u0131s\u0131nmas\u0131ndan olu\u015fan ekolojik acil durum, insanl\u0131\u011f\u0131n bug\u00fcn kar\u015f\u0131 kar\u015f\u0131ya oldu\u011fu en \u00f6nemli Meydan okumalardan biridir. Uluslararas\u0131 toplum, \u00fcretim y\u00f6ntemlerini d\u00f6n\u00fc\u015ft\u00fcrmek ve k\u00fcresel ekolojik uygarl\u0131k i\u00e7in ortak bir yol olu\u015fturmak \u00fczere birlikte \u00e7al\u0131\u015fmal\u0131d\u0131r. D\u00fcnya \u00e7ap\u0131ndaki Marksist politik iktisat\u00e7\u0131lar, kendi aralar\u0131nda al\u0131\u015fveri\u015fleri ve i\u015f birli\u011fini geli\u015ftirmeli, ekolojik acil durumla ba\u015fa \u00e7\u0131kmak i\u00e7in gerekli olan \u00fcretken d\u00f6n\u00fc\u015f\u00fcm\u00fcn sorumlulu\u011funu \u00fcstlenmeli ve \u00e7evresel\/ekolojik politik ekonomi ve kaynak politik ekonomisi alanlar\u0131nda teorik ve politik ara\u015ft\u0131rmalar\u0131 derinle\u015ftirmelidir.<\/li>\n\n\n\n<li style=\"font-size:clamp(16.834px, 1.052rem + ((1vw - 3.2px) * 0.716), 26px);\">N\u00fckleer sava\u015f tehdidi bug\u00fcn her zamankinden daha yak\u0131n. Askerile\u015fmi\u015f \u00a0sald\u0131rgan emperyalist \u00fclkeler, n\u00fckleer silahlar\u0131 gerek\u00e7esiz bir bi\u00e7inde g\u00fc\u00e7 g\u00f6sterisi olarak kullanmaya haz\u0131r olduklar\u0131n\u0131 g\u00f6stermi\u015ftir (Hiro\u015fima) ve o zamandan bu yana da zay\u0131flat\u0131lm\u0131\u015f uranyum silahlar\u0131n\u0131 bir cezaya mar\u0131z kalmadan kullanm\u0131\u015f olmalar\u0131na ra\u011fmen, bu t\u00fcr eylemleri tekrarlamaktan ka\u00e7\u0131nacaklar\u0131na dair hi\u00e7 bir i\u015faret vermiyorlar. D\u00fcnya \u00e7ap\u0131ndaki Marksist ve ele\u015ftirel politik iktisat\u00e7\u0131lar ve jeopolitik iktisat\u00e7\u0131lar, d\u00fcnyay\u0131 mevcut n\u00fckleer ter\u00f6r dengesinden uzakla\u015ft\u0131rarak g\u00fcvenlik, kalk\u0131nma, \u00e7evresel s\u00fcrd\u00fcr\u00fclebilirlik ve bar\u0131\u015f dengesine dayal\u0131 bir d\u00fcnya in\u015fa edecek \u00e7\u00f6z\u00fcmler \u00fczerinde \u00e7al\u0131\u015fmal\u0131d\u0131rlar.<\/li>\n\n\n\n<li style=\"font-size:clamp(16.834px, 1.052rem + ((1vw - 3.2px) * 0.716), 26px);\">Dijital teknoloji ve yapay zekan\u0131n geli\u015fimi, \u00fcretici g\u00fc\u00e7leri ve \u00fcretkenli\u011fi art\u0131rma potansiyeline sahiptir. Ancak teknolojinin \u00f6zelle\u015ftirilmesi ve tekelle\u015ftirilmesi, ka\u00e7\u0131n\u0131lmaz olarak teknolojiyi farkl\u0131 bir yola sokar, onu bozar ve teknoloji b\u00f6ylece art\u0131 de\u011fer elde etmeye ve tekelcili\u011fi te\u015fvik etmeye, istihdam\u0131 ve emek\u00e7ilerin b\u00fcy\u00fck \u00e7o\u011funlu\u011funun ekonomik haklar\u0131n\u0131 tehdit etmeye yol a\u00e7ar. \u00c7in&#8217;in, geni\u015f \u00e7apl\u0131 isti\u015fareyi, ortakla\u015fa katk\u0131y\u0131 ve payla\u015f\u0131lan ortakla\u015fa faydalar\u0131 savunan K\u00fcresel Yapay Zeka Y\u00f6neti\u015fim Giri\u015fimi \u00f6nerisi ve bir D\u00fcnya Yapay Zeka \u0130\u015f Birli\u011fi \u00d6rg\u00fct\u00fc kurma \u00e7a\u011fr\u0131s\u0131 son derece gerekli ve faydal\u0131d\u0131r.<\/li>\n\n\n\n<li style=\"font-size:clamp(16.834px, 1.052rem + ((1vw - 3.2px) * 0.716), 26px);\">Geli\u015fen \u00e7ok kutupluluk \u00e7a\u011f\u0131nda sermayenin hareketinin karma\u015f\u0131kl\u0131\u011f\u0131 ve \u00e7eli\u015fkileri \u00e7ok y\u00f6nl\u00fcd\u00fcr. <strong>Bug\u00fcn bu \u00e7eli\u015fmeler, emperyalist devletler aras\u0131ndaki \u00e7eli\u015fmeleri, emperyalist \u00fclkelerin burjuvazisi ile geli\u015fmekte olan uluslar\u0131n i\u015f\u00e7i s\u0131n\u0131f\u0131 aras\u0131ndaki, emperyalist \u00fclkelerin kendi i\u00e7inde burjuvazi ile i\u015f\u00e7i s\u0131n\u0131f\u0131 aras\u0131nda, emperyalist \u00fclkeler ile K\u00fcresel G\u00fcney \u00fclkeleri veya emperyalist \u00fclkeler ile sosyalist \u00fclkeler aras\u0131ndaki \u00e7eli\u015fmeleri i\u00e7erir ve bunlara ilaveten g\u00f6rece g\u00fc\u00e7l\u00fc emperyalist \u00fclkeler ile g\u00f6rece daha zay\u0131f emperyalist \u00fclkeler aras\u0131ndaki \u00e7eli\u015fkmeleri i\u00e7erir.<\/strong> Bu i\u00e7 i\u00e7e ge\u00e7mi\u015f \u00e7eli\u015fkiler k\u00fcresel istikrars\u0131zl\u0131\u011f\u0131 \u00f6nemli \u00f6l\u00e7\u00fcde art\u0131rmaktad\u0131r. Dolay\u0131s\u0131yla, adil bir \u00e7ok kutuplu d\u00fcnyaya ula\u015fmak, 21. y\u00fczy\u0131l emperyalizmine, hegemonyac\u0131l\u0131\u011fa, neoliberalizme, yeni-s\u00f6m\u00fcrgecili\u011fe ve neo-fa\u015fizmin her bi\u00e7imine kar\u015f\u0131 \u00e7\u0131kmay\u0131 gerektirir.<\/li>\n\n\n\n<li style=\"font-size:clamp(16.834px, 1.052rem + ((1vw - 3.2px) * 0.716), 26px);\"><strong>\u00c7ok kutuplu bir d\u00fcnyada, insanl\u0131\u011f\u0131 ilerletecek ve ufuklar\u0131 geni\u015fletecek fikirlerin ba\u011f\u0131ms\u0131zl\u0131k, kamu m\u00fclkiyetine dayanma ve halk\u00e7\u0131l\u0131k oldu\u011fu a\u00e7\u0131kt\u0131r.<\/strong> \u00c7a\u011f\u0131m\u0131z\u0131n ve her \u00fclkenin ihtiya\u00e7lar\u0131 do\u011frultusunda geli\u015ftirilen Marksizmin, 21. y\u00fczy\u0131l\u0131n kurucu ve \u00f6zg\u00fcrle\u015ftirici ideolojisi olaca\u011f\u0131 a\u00e7\u0131k\u00e7a ortaya \u00e7\u0131km\u0131\u015ft\u0131r. \u00d6n\u00fcm\u00fczdeki g\u00f6rev, uluslararas\u0131 i\u015f birli\u011fini kurumsalla\u015ft\u0131racak yeni bir uluslararas\u0131 \u00f6rg\u00fct kurmakt\u0131r. Ge\u00e7mi\u015f uluslararas\u0131 \u00f6rg\u00fctlerin deneyimlerinden yararlanarak, \u00e7ok kutuplu bir d\u00fcnyan\u0131n temel dinamiklerine dayanan yeni bir uluslararas\u0131 \u00f6rg\u00fct yaratmal\u0131y\u0131z. <strong>D\u00fcnyan\u0131n Marksist ekonomi politik\u00e7ileri; bar\u0131\u015f\u00e7\u0131l, adil, m\u00fcreffeh ve mutlu bir \u00e7ok kutuplu d\u00fcnya in\u015fa etmek i\u00e7in birle\u015fin ve gayretle \u00e7al\u0131\u015f\u0131n!<\/strong><\/li>\n<\/ol>\n","protected":false},"excerpt":{"rendered":"<p>D\u00fcnya Ekonomi-Politik\u00e7ileri Derne\u011fi 18. \u0130stanbul\/T\u00fcrkiye Forumu Sonu\u00e7 Bildirgesi T\u00fcrkiye\u2019den Marksist \u0130ktisat\u00e7\u0131lara \u00d6d\u00fcl: Korkut Boratav, Jian Xinhua, Radhika Desai, He Ganqiang, \u00d6zgur Orhangazi ve Alp Erin\u00e7 Yeldan A\u011fustos 2025 Yeditepe \u00dcniversitesi Kay\u0131\u015fda\u011f\u0131 Kamp\u00fcs\u00fc ve Yeditepe G\u00fczel Sanatlar \u00dcniveristesinde yap\u0131lan D\u00fcnya Ekonomi-Politik\u00e7ileri Derne\u011fi 18. \u0130stanbul\/T\u00fcrkiye Forumu ge\u00e7en Cuma g\u00fcn\u00fc 8 A\u011fustos\u2019ta sona erdi. Toplant\u0131ya 100\u2019e yak\u0131n yabanc\u0131 [&hellip;]<\/p>\n","protected":false},"author":1,"featured_media":0,"comment_status":"open","ping_status":"open","sticky":false,"template":"","format":"standard","meta":{"_monsterinsights_skip_tracking":false,"_monsterinsights_sitenote_active":false,"_monsterinsights_sitenote_note":"","_monsterinsights_sitenote_category":0,"footnotes":""},"categories":[20,49,8],"tags":[],"class_list":["post-5712","post","type-post","status-publish","format-standard","hentry","category-arsiv","category-arsiv-tr","category-kapitalizm"],"blocksy_meta":[],"_links":{"self":[{"href":"https:\/\/marksizm.org.tr\/index.php?rest_route=\/wp\/v2\/posts\/5712","targetHints":{"allow":["GET"]}}],"collection":[{"href":"https:\/\/marksizm.org.tr\/index.php?rest_route=\/wp\/v2\/posts"}],"about":[{"href":"https:\/\/marksizm.org.tr\/index.php?rest_route=\/wp\/v2\/types\/post"}],"author":[{"embeddable":true,"href":"https:\/\/marksizm.org.tr\/index.php?rest_route=\/wp\/v2\/users\/1"}],"replies":[{"embeddable":true,"href":"https:\/\/marksizm.org.tr\/index.php?rest_route=%2Fwp%2Fv2%2Fcomments&post=5712"}],"version-history":[{"count":1,"href":"https:\/\/marksizm.org.tr\/index.php?rest_route=\/wp\/v2\/posts\/5712\/revisions"}],"predecessor-version":[{"id":5714,"href":"https:\/\/marksizm.org.tr\/index.php?rest_route=\/wp\/v2\/posts\/5712\/revisions\/5714"}],"wp:attachment":[{"href":"https:\/\/marksizm.org.tr\/index.php?rest_route=%2Fwp%2Fv2%2Fmedia&parent=5712"}],"wp:term":[{"taxonomy":"category","embeddable":true,"href":"https:\/\/marksizm.org.tr\/index.php?rest_route=%2Fwp%2Fv2%2Fcategories&post=5712"},{"taxonomy":"post_tag","embeddable":true,"href":"https:\/\/marksizm.org.tr\/index.php?rest_route=%2Fwp%2Fv2%2Ftags&post=5712"}],"curies":[{"name":"wp","href":"https:\/\/api.w.org\/{rel}","templated":true}]}}