{"id":5902,"date":"2025-10-31T11:21:16","date_gmt":"2025-10-31T11:21:16","guid":{"rendered":"https:\/\/marksizm.org.tr\/?p=5902"},"modified":"2025-10-31T11:21:17","modified_gmt":"2025-10-31T11:21:17","slug":"kizil-bayrak-dergisi-chpye-yonelik-operasyonlar-ve-totaliter-rejimin-yeniden-tahkimi","status":"publish","type":"post","link":"https:\/\/marksizm.org.tr\/?p=5902","title":{"rendered":"K\u0131z\u0131l Bayrak Dergisi : CHP\u2019ye y\u00f6nelik operasyonlar ve totaliter rejimin yeniden tahkimi"},"content":{"rendered":"\n<h1 class=\"wp-block-heading\">K\u0131z\u0131l Bayrak Dergisi : CHP\u2019ye y\u00f6nelik operasyonlar ve totaliter rejimin yeniden tahkimi<\/h1>\n\n\n\n<p style=\"font-size:clamp(16.834px, 1.052rem + ((1vw - 3.2px) * 0.716), 26px);\"><strong>Eyl\u00fcl, 2025<\/strong><\/p>\n\n\n\n<p style=\"font-size:clamp(16.834px, 1.052rem + ((1vw - 3.2px) * 0.716), 26px);\"><strong>CHP\u2019ye y\u00f6nelik operasyonlar ve totaliter rejimin yeniden tahkimi<br>Veli Ayd\u0131n<\/strong><\/p>\n\n\n\n<p style=\"font-size:clamp(16.834px, 1.052rem + ((1vw - 3.2px) * 0.716), 26px);\">CHP \u00fczerinden devam eden sald\u0131r\u0131lar, toplam sald\u0131r\u0131 dalgas\u0131n\u0131n bir par\u00e7as\u0131; gelinen yerde ise ana y\u0131\u011f\u0131na\u011f\u0131d\u0131r. Bunlar kar\u015f\u0131s\u0131nda susmak veya kay\u0131ts\u0131z kalmak, dinci-fa\u015fist rejimin i\u015fini kolayla\u015ft\u0131r\u0131r. Fakat bir d\u00fczen partisi olarak CHP\u2019nin izledi\u011fi m\u00fccadele \u00e7izgisi, bu sald\u0131r\u0131lar\u0131 p\u00fcsk\u00fcrtemeyece\u011fi gibi; iktidara gelmesi de esasta s\u00f6m\u00fcr\u00fc d\u00fczeninin \u00fcr\u00fcn\u00fc sorunlar\u0131 \u00e7\u00f6zmeyecektir.<\/p>\n\n\n\n<p style=\"font-size:clamp(16.834px, 1.052rem + ((1vw - 3.2px) * 0.716), 26px);\">Dinci-fa\u015fist AKP-MHP iktidar\u0131 me\u015fruiyetini \u00e7oktan yitirmi\u015f, \u201ctoplumsal r\u0131za\u201d \u00fcretme kapasitesi ise dibe vurmu\u015f durumdad\u0131r. Ayakta kalabilmesinin yeg\u00e2ne yolu, zor ayg\u0131tlar\u0131n\u0131 pervas\u0131zca kullanmas\u0131ndan ge\u00e7mektedir. Yarg\u0131 aparat\u0131n\u0131 kullanarak zorbal\u0131\u011fa g\u00fcya \u201chukuki\u201d k\u0131l\u0131f uydurmaya \u00e7al\u0131\u015fmakta; buna dayanarak totaliter rejiminin \u00f6mr\u00fcn\u00fc uzatabilece\u011fini varsaymaktad\u0131r.<\/p>\n\n\n\n<p style=\"font-size:clamp(16.834px, 1.052rem + ((1vw - 3.2px) * 0.716), 26px);\">Kaba zorbal\u0131\u011fa dayal\u0131 bu strateji, toplumsal dayana\u011f\u0131n\u0131 geni\u015fletmi\u015f bulunan CHP\u2019ye y\u00f6nelmi\u015f \u00e7ok y\u00f6nl\u00fc operasyonlarda somutla\u015fmaktad\u0131r. Mart ay\u0131ndan bu yana CHP\u2019li belediye ba\u015fkanlar\u0131n\u0131n tutuklanmas\u0131, kayyumlar atanmas\u0131, \u0130stanbul \u0130l Y\u00f6netimi\u2019nin tasfiye edilmesi ve partiye kayyum atama haz\u0131rl\u0131klar\u0131, iktidar\u0131n histerik sald\u0131rganl\u0131\u011f\u0131n\u0131 a\u00e7\u0131k\u00e7a g\u00f6stermektedir. Ki\u015fileri d\u00fc\u015fk\u00fcnle\u015ftirip itiraf\u00e7\u0131la\u015ft\u0131rma yoluna da ba\u015fvuran rejim, y\u00fcr\u00fctt\u00fc\u011f\u00fc soru\u015fturmalar i\u00e7in sahte \u201cdelil\u201d toplamaktan geri durmamaktad\u0131r.<\/p>\n\n\n\n<p style=\"font-size:clamp(16.834px, 1.052rem + ((1vw - 3.2px) * 0.716), 26px);\"><strong>Siyasal durum ve parti \u00e7izgisi<\/strong><br>Bug\u00fcn (8 Eyl\u00fcl 2025) \u0130stanbul\u2019da adeta OHAL ilan eden rejim, CHP \u0130l Binas\u0131\u2019n\u0131 polis ablukas\u0131na alm\u0131\u015f; milletvekillerinin ara\u00e7lar\u0131na dahi ge\u00e7i\u015f izni vermemi\u015ftir. Barikatlar\u0131 a\u015farak binaya girmeye \u00e7al\u0131\u015fanlara m\u00fcdahalede bulunulmu\u015f, il ba\u015fkanl\u0131\u011f\u0131 adeta ku\u015fat\u0131lm\u0131\u015ft\u0131r. Sosyal medyaya eri\u015fim engelleri getirilmi\u015f, ya\u015fananlar\u0131 payla\u015fan hesaplara soru\u015fturma a\u00e7\u0131lm\u0131\u015ft\u0131r. Bu geli\u015fmelerin ard\u0131ndan, Saray\u2019\u0131n kayyumu G\u00fcrsel Tekin, polisin kaba \u015fiddetiyle a\u00e7\u0131lan yoldan \u0130l Ba\u015fkanl\u0131\u011f\u0131 binas\u0131na giri\u015f yapm\u0131\u015f; CHP \u00fcyeleri ve y\u00f6neticileri bu giri\u015fimi ve sald\u0131rganl\u0131\u011f\u0131 direni\u015fle kar\u015f\u0131lam\u0131\u015ft\u0131r.<\/p>\n\n\n\n<p style=\"font-size:clamp(16.834px, 1.052rem + ((1vw - 3.2px) * 0.716), 26px);\">Bu geli\u015fmeler, rejimin sald\u0131rganl\u0131\u011f\u0131n\u0131 en \u00fcst boyuta ta\u015f\u0131d\u0131\u011f\u0131n\u0131n yeni bir g\u00f6stergesidir. E\u011fer iktidar bu sald\u0131r\u0131lar\u0131nda hedefine ula\u015f\u0131rsa, emek\u00e7i s\u0131n\u0131flar\u0131 bekleyen \u015fey; mevcut bask\u0131lar\u0131n daha da yo\u011funla\u015ft\u0131r\u0131lmas\u0131 ve toplumsal muhalefetin ezilmesi olacakt\u0131r.<\/p>\n\n\n\n<p style=\"font-size:clamp(16.834px, 1.052rem + ((1vw - 3.2px) * 0.716), 26px);\">\u0130ktidar\u0131n tahkim etmeye \u00e7al\u0131\u015ft\u0131\u011f\u0131 bask\u0131 ve zorbal\u0131k rejimine ve bu do\u011frultuda ger\u00e7ekle\u015ftirdi\u011fi sald\u0131r\u0131lara kar\u015f\u0131 m\u00fccadele etmek bir gerekliliktir. Ancak ayn\u0131 anda unutulmamas\u0131 gereken temel bir ger\u00e7ek daha vard\u0131r: CHP, d\u00fczenin bir par\u00e7as\u0131, yani sermaye s\u0131n\u0131f\u0131n\u0131 temsil eden esas g\u00fc\u00e7lerden biridir. Bu ger\u00e7ek, onun sadece direnme kapasitesini de\u011fil; bask\u0131 ve zorbal\u0131k politikalar\u0131na kar\u015f\u0131 duru\u015funu da belirleyecektir.<\/p>\n\n\n\n<p style=\"font-size:clamp(16.834px, 1.052rem + ((1vw - 3.2px) * 0.716), 26px);\">Bu noktada, dinci-fa\u015fist rejimin sald\u0131rganl\u0131\u011f\u0131na kar\u015f\u0131 m\u00fccadele etmekle, d\u00fczen partisi CHP \u00e7izgisine yedeklenmek aras\u0131nda b\u00fcy\u00fck bir fark oldu\u011funun g\u00f6z ard\u0131 edilmemesi gerekir. Hak ve \u00f6zg\u00fcrl\u00fckleri savunmak, fa\u015fist bask\u0131 ve zorbal\u0131\u011fa kar\u015f\u0131 m\u00fccadele etmek ne kadar \u00f6nemliyse; \u201cCHP gelirse her \u015fey d\u00fczelecek\u201d yan\u0131lsamas\u0131n\u0131n olu\u015fmas\u0131na meydan vermemek de bir o kadar \u00f6nemlidir.<\/p>\n\n\n\n<p style=\"font-size:clamp(16.834px, 1.052rem + ((1vw - 3.2px) * 0.716), 26px);\">CHP \u00fczerinden devam eden sald\u0131r\u0131lar, toplam sald\u0131r\u0131 dalgas\u0131n\u0131n bir par\u00e7as\u0131; gelinen yerde ise ana y\u0131\u011f\u0131na\u011f\u0131d\u0131r. Bunlar kar\u015f\u0131s\u0131nda susmak veya kay\u0131ts\u0131z kalmak, dinci-fa\u015fist rejimin i\u015fini kolayla\u015ft\u0131r\u0131r. Fakat bir d\u00fczen partisi olarak CHP\u2019nin izledi\u011fi m\u00fccadele \u00e7izgisi, bu sald\u0131r\u0131lar\u0131 p\u00fcsk\u00fcrtemeyece\u011fi gibi; iktidara gelmesi de esasta s\u00f6m\u00fcr\u00fc d\u00fczeninin \u00fcr\u00fcn\u00fc sorunlar\u0131 \u00e7\u00f6zmeyecektir.<\/p>\n\n\n\n<p style=\"font-size:clamp(16.834px, 1.052rem + ((1vw - 3.2px) * 0.716), 26px);\">Bu nedenle emek\u00e7iler, zorbal\u0131k ve bask\u0131 politikalar\u0131na kar\u015f\u0131 kendi talepleri ve ba\u011f\u0131ms\u0131z hatlar\u0131yla m\u00fccadele etmeli; burjuva muhalefete yedeklenmeden, \u00f6fkelerini do\u011frudan d\u00fczene y\u00f6neltmelidir.<\/p>\n\n\n\n<p style=\"font-size:clamp(16.834px, 1.052rem + ((1vw - 3.2px) * 0.716), 26px);\"><strong>Sonu\u00e7 olarak<\/strong>, \u00f6zelde CHP\u2019yi hedefliyor gibi g\u00f6r\u00fcnse de, asl\u0131nda t\u00fcm toplumu hedef alan bu sald\u0131r\u0131lar kar\u015f\u0131s\u0131nda m\u00fccadele etmek, i\u015f\u00e7i s\u0131n\u0131f\u0131n\u0131n g\u00f6revidir. Ancak i\u015f\u00e7i s\u0131n\u0131f\u0131 bu g\u00f6revi yerine getirirken, hi\u00e7bir d\u00fczen partisinin kuyru\u011funa tak\u0131lmamay\u0131 ba\u015farmal\u0131d\u0131r.<\/p>\n\n\n\n<p style=\"font-size:clamp(16.834px, 1.052rem + ((1vw - 3.2px) * 0.716), 26px);\">Bask\u0131 ve zorbal\u0131k rejiminden \u00e7\u0131k\u0131\u015f\u0131n yolu, i\u015f\u00e7i s\u0131n\u0131f\u0131 ve emek\u00e7ilerin kendi ba\u011f\u0131ms\u0131z m\u00fccadelelerini \u00f6rg\u00fctlemekten ge\u00e7mektedir. Bu yol zorlu, me\u015fakkatli ve uzun vadeli g\u00f6r\u00fcnse de, ger\u00e7ek kurtulu\u015fun tek imk\u00e2n\u0131d\u0131r.<\/p>\n","protected":false},"excerpt":{"rendered":"<p>K\u0131z\u0131l Bayrak Dergisi : CHP\u2019ye y\u00f6nelik operasyonlar ve totaliter rejimin yeniden tahkimi Eyl\u00fcl, 2025 CHP\u2019ye y\u00f6nelik operasyonlar ve totaliter rejimin yeniden tahkimiVeli Ayd\u0131n CHP \u00fczerinden devam eden sald\u0131r\u0131lar, toplam sald\u0131r\u0131 dalgas\u0131n\u0131n bir par\u00e7as\u0131; gelinen yerde ise ana y\u0131\u011f\u0131na\u011f\u0131d\u0131r. Bunlar kar\u015f\u0131s\u0131nda susmak veya kay\u0131ts\u0131z kalmak, dinci-fa\u015fist rejimin i\u015fini kolayla\u015ft\u0131r\u0131r. Fakat bir d\u00fczen partisi olarak CHP\u2019nin izledi\u011fi [&hellip;]<\/p>\n","protected":false},"author":1,"featured_media":0,"comment_status":"open","ping_status":"open","sticky":false,"template":"","format":"standard","meta":{"_monsterinsights_skip_tracking":false,"_monsterinsights_sitenote_active":false,"_monsterinsights_sitenote_note":"","_monsterinsights_sitenote_category":0,"footnotes":""},"categories":[53,4],"tags":[],"class_list":["post-5902","post","type-post","status-publish","format-standard","hentry","category-turkiye-sosyalizmi-tr","category-turkiye-sosyalizmi"],"blocksy_meta":[],"_links":{"self":[{"href":"https:\/\/marksizm.org.tr\/index.php?rest_route=\/wp\/v2\/posts\/5902","targetHints":{"allow":["GET"]}}],"collection":[{"href":"https:\/\/marksizm.org.tr\/index.php?rest_route=\/wp\/v2\/posts"}],"about":[{"href":"https:\/\/marksizm.org.tr\/index.php?rest_route=\/wp\/v2\/types\/post"}],"author":[{"embeddable":true,"href":"https:\/\/marksizm.org.tr\/index.php?rest_route=\/wp\/v2\/users\/1"}],"replies":[{"embeddable":true,"href":"https:\/\/marksizm.org.tr\/index.php?rest_route=%2Fwp%2Fv2%2Fcomments&post=5902"}],"version-history":[{"count":1,"href":"https:\/\/marksizm.org.tr\/index.php?rest_route=\/wp\/v2\/posts\/5902\/revisions"}],"predecessor-version":[{"id":5903,"href":"https:\/\/marksizm.org.tr\/index.php?rest_route=\/wp\/v2\/posts\/5902\/revisions\/5903"}],"wp:attachment":[{"href":"https:\/\/marksizm.org.tr\/index.php?rest_route=%2Fwp%2Fv2%2Fmedia&parent=5902"}],"wp:term":[{"taxonomy":"category","embeddable":true,"href":"https:\/\/marksizm.org.tr\/index.php?rest_route=%2Fwp%2Fv2%2Fcategories&post=5902"},{"taxonomy":"post_tag","embeddable":true,"href":"https:\/\/marksizm.org.tr\/index.php?rest_route=%2Fwp%2Fv2%2Ftags&post=5902"}],"curies":[{"name":"wp","href":"https:\/\/api.w.org\/{rel}","templated":true}]}}