{"id":5997,"date":"2025-11-14T21:18:44","date_gmt":"2025-11-14T21:18:44","guid":{"rendered":"https:\/\/marksizm.org.tr\/?p=5997"},"modified":"2025-11-14T21:18:45","modified_gmt":"2025-11-14T21:18:45","slug":"nepalde-sosyalistlerin-birligi-karsi-devrim-dalgasina-karsi-sosyalist-ve-komunist-partiler-tek-bir-parti-altinda-birlesti","status":"publish","type":"post","link":"https:\/\/marksizm.org.tr\/?p=5997","title":{"rendered":"Nepal&#8217;de Sosyalistlerin Birli\u011fi: Kar\u015f\u0131 Devrim Dalgas\u0131na Kar\u015f\u0131 Sosyalist ve Kom\u00fcnist Partiler Tek Bir Parti Alt\u0131nda Birle\u015fti"},"content":{"rendered":"\n<h1 class=\"wp-block-heading\"><strong>Nepal&#8217;de Sosyalistlerin Birli\u011fi: Kar\u015f\u0131 Devrim Dalgas\u0131na Kar\u015f\u0131 Sosyalist ve Kom\u00fcnist Partiler Tek Bir Parti Alt\u0131nda Birle\u015fti<\/strong><\/h1>\n\n\n\n<h4 class=\"wp-block-heading\"><strong>Dokuz sol, sosyalist ve Kom\u00fcnist<\/strong>&nbsp;<strong>parti Birle\u015fti<\/strong><\/h4>\n\n\n\n<h4 class=\"wp-block-heading\"><strong>Ferdi Bekir, Kas\u0131m 2025<\/strong><\/h4>\n\n\n\n<figure class=\"wp-block-image size-large\"><img loading=\"lazy\" decoding=\"async\" width=\"1024\" height=\"683\" src=\"https:\/\/marksizm.org.tr\/wp-content\/uploads\/2025\/11\/Flag_of_the_CPN_Unified_Socialist.svg-1024x683.png\" alt=\"\" class=\"wp-image-5998\" srcset=\"https:\/\/marksizm.org.tr\/wp-content\/uploads\/2025\/11\/Flag_of_the_CPN_Unified_Socialist.svg-1024x683.png 1024w, https:\/\/marksizm.org.tr\/wp-content\/uploads\/2025\/11\/Flag_of_the_CPN_Unified_Socialist.svg-300x200.png 300w, https:\/\/marksizm.org.tr\/wp-content\/uploads\/2025\/11\/Flag_of_the_CPN_Unified_Socialist.svg-768x512.png 768w, https:\/\/marksizm.org.tr\/wp-content\/uploads\/2025\/11\/Flag_of_the_CPN_Unified_Socialist.svg.png 1280w\" sizes=\"auto, (max-width: 1024px) 100vw, 1024px\" \/><figcaption class=\"wp-element-caption\">Yeni kurulan Parti&#8217;nin bayra\u011f\u0131<\/figcaption><\/figure>\n\n\n\n<p style=\"font-size:clamp(16.834px, 1.052rem + ((1vw - 3.2px) * 0.716), 26px);\">Nepal\u2019de eski ba\u015fbakan&nbsp;<strong>Kemal Pra\u015fanda\u2019n\u0131n<\/strong>&nbsp;liderli\u011fini yapt\u0131\u011f\u0131 Nepal Kom\u00fcnist Partisi (Maoist Merkez) dahil olmak \u00fczere&nbsp;<strong>dokuz sol, sosyalist ve kom\u00fcnist<\/strong>&nbsp;parti, \u00fclkedeki siyasi \u00e7alkant\u0131lar ve y\u00fckselen kar\u015f\u0131 devrim dalgas\u0131 olarak nitelendirilen s\u00fcre\u00e7 kar\u015f\u0131s\u0131nda g\u00fc\u00e7lerini birle\u015ftirme karar\u0131 ald\u0131. Sal\u0131 g\u00fcn\u00fc Katmandu&#8217;da imzalanan&nbsp;<strong>18 maddelik<\/strong>&nbsp;anla\u015fma ile yeni&nbsp;<strong>Nepal Kom\u00fcnist Partisi\u2019nin<\/strong>&nbsp;(NCP) kurulu\u015fu resmen ilan edildi.<\/p>\n\n\n\n<p style=\"font-size:clamp(16.834px, 1.052rem + ((1vw - 3.2px) * 0.716), 26px);\">Bu tarihi birle\u015fme, ge\u00e7ti\u011fimiz Eyl\u00fcl ay\u0131nda \u201c<strong>s\u00f6zde Z Ku\u015fa\u011f\u0131 gen\u00e7lik protestolar\u0131&#8221;<\/strong>&nbsp;olarak adland\u0131r\u0131lan ve \u00f6nceki h\u00fck\u00fcmetin istifas\u0131na yol a\u00e7an olaylar\u0131n ard\u0131ndan geldi. Yeni kurulan parti, bu s\u00fcre\u00e7te ortaya \u00e7\u0131kan ve kar\u015f\u0131 devrim riski ta\u015f\u0131yan siyasi bo\u015flu\u011fu doldurmay\u0131 ve Mart ay\u0131nda yap\u0131lacak&nbsp;<strong>genel se\u00e7imlerde<\/strong>&nbsp;sosyalist ak\u0131m\u0131n varl\u0131\u011f\u0131n\u0131 yeniden g\u00fc\u00e7l\u00fc bir \u015fekilde hissettirmeyi ama\u00e7l\u0131yor.<\/p>\n\n\n\n<p style=\"font-size:clamp(16.834px, 1.052rem + ((1vw - 3.2px) * 0.716), 26px);\"><strong>&#8220;Devrimin Kazan\u0131mlar\u0131n\u0131 Koruyaca\u011f\u0131z&#8221;<\/strong><\/p>\n\n\n\n<p style=\"font-size:clamp(16.834px, 1.052rem + ((1vw - 3.2px) * 0.716), 26px);\">Birle\u015fme bildirisinde yeni partinin temel hedefinin,&nbsp;<strong>\u201cNapal\u2019de ger\u00e7ekle\u015fen demokratik devrimin kazan\u0131mlar\u0131n\u0131<\/strong>&nbsp;korumak ve sosyalizmin temellerini atmak\u201d oldu\u011fu vurguland\u0131. Parti program\u0131n\u0131n, Marksist-Leninist ilkelere ba\u011fl\u0131 kalaca\u011f\u0131 ancak \u201cNepal&#8217;e \u00f6zg\u00fc \u00f6zellikler\u201d ta\u015f\u0131yan bilimsel sosyalizme odaklanaca\u011f\u0131 belirtildi.<\/p>\n\n\n\n<p style=\"font-size:clamp(16.834px, 1.052rem + ((1vw - 3.2px) * 0.716), 26px);\">Yeni olu\u015fumun \u00f6nde gelen isimlerinden Narayan Kaji Shrestha, birle\u015fmenin sadece yakla\u015fan se\u00e7imlere y\u00f6nelik bir hamle olmad\u0131\u011f\u0131n\u0131, uzun s\u00fcredir devam eden bir \u00e7aban\u0131n sonucu oldu\u011funu ifade etti. Shrestha, partinin ekonomik refah\u0131 sa\u011flama, iyi y\u00f6neti\u015fim ve yolsuzlukla m\u00fccadele gibi hedeflerle gen\u00e7 ku\u015fa\u011f\u0131n endi\u015felerine de yan\u0131t vermeye \u00e7al\u0131\u015faca\u011f\u0131n\u0131 dile getirdi.<\/p>\n\n\n\n<p style=\"font-size:clamp(16.834px, 1.052rem + ((1vw - 3.2px) * 0.716), 26px);\">Prachanda liderli\u011findeki bu giri\u015fimde yer alan di\u011fer \u00f6nemli partiler aras\u0131nda Madhav Kumar Nepal liderli\u011findeki Nepal Kom\u00fcnist Partisi (Birle\u015fik Sosyalist), Nepal Sosyalist Partisi ve Janata Samajbadi Partisi gibi kilit \u00f6rg\u00fctler bulunuyor. \u00dclkenin en b\u00fcy\u00fck kom\u00fcnist partilerinden olan Oli \u00f6nderli\u011findeki CPN (UML) ise bu yeni birle\u015fmeye kat\u0131lmad\u0131.<\/p>\n","protected":false},"excerpt":{"rendered":"<p>Nepal&#8217;de Sosyalistlerin Birli\u011fi: Kar\u015f\u0131 Devrim Dalgas\u0131na Kar\u015f\u0131 Sosyalist ve Kom\u00fcnist Partiler Tek Bir Parti Alt\u0131nda Birle\u015fti Dokuz sol, sosyalist ve Kom\u00fcnist&nbsp;parti Birle\u015fti Ferdi Bekir, Kas\u0131m 2025 Nepal\u2019de eski ba\u015fbakan&nbsp;Kemal Pra\u015fanda\u2019n\u0131n&nbsp;liderli\u011fini yapt\u0131\u011f\u0131 Nepal Kom\u00fcnist Partisi (Maoist Merkez) dahil olmak \u00fczere&nbsp;dokuz sol, sosyalist ve kom\u00fcnist&nbsp;parti, \u00fclkedeki siyasi \u00e7alkant\u0131lar ve y\u00fckselen kar\u015f\u0131 devrim dalgas\u0131 olarak nitelendirilen s\u00fcre\u00e7 kar\u015f\u0131s\u0131nda [&hellip;]<\/p>\n","protected":false},"author":1,"featured_media":0,"comment_status":"open","ping_status":"open","sticky":false,"template":"","format":"standard","meta":{"_monsterinsights_skip_tracking":false,"_monsterinsights_sitenote_active":false,"_monsterinsights_sitenote_note":"","_monsterinsights_sitenote_category":0,"footnotes":""},"categories":[51,5],"tags":[],"class_list":["post-5997","post","type-post","status-publish","format-standard","hentry","category-dunya-sosyalizmi-tr","category-dunya-sosyalizmi"],"blocksy_meta":[],"_links":{"self":[{"href":"https:\/\/marksizm.org.tr\/index.php?rest_route=\/wp\/v2\/posts\/5997","targetHints":{"allow":["GET"]}}],"collection":[{"href":"https:\/\/marksizm.org.tr\/index.php?rest_route=\/wp\/v2\/posts"}],"about":[{"href":"https:\/\/marksizm.org.tr\/index.php?rest_route=\/wp\/v2\/types\/post"}],"author":[{"embeddable":true,"href":"https:\/\/marksizm.org.tr\/index.php?rest_route=\/wp\/v2\/users\/1"}],"replies":[{"embeddable":true,"href":"https:\/\/marksizm.org.tr\/index.php?rest_route=%2Fwp%2Fv2%2Fcomments&post=5997"}],"version-history":[{"count":1,"href":"https:\/\/marksizm.org.tr\/index.php?rest_route=\/wp\/v2\/posts\/5997\/revisions"}],"predecessor-version":[{"id":5999,"href":"https:\/\/marksizm.org.tr\/index.php?rest_route=\/wp\/v2\/posts\/5997\/revisions\/5999"}],"wp:attachment":[{"href":"https:\/\/marksizm.org.tr\/index.php?rest_route=%2Fwp%2Fv2%2Fmedia&parent=5997"}],"wp:term":[{"taxonomy":"category","embeddable":true,"href":"https:\/\/marksizm.org.tr\/index.php?rest_route=%2Fwp%2Fv2%2Fcategories&post=5997"},{"taxonomy":"post_tag","embeddable":true,"href":"https:\/\/marksizm.org.tr\/index.php?rest_route=%2Fwp%2Fv2%2Ftags&post=5997"}],"curies":[{"name":"wp","href":"https:\/\/api.w.org\/{rel}","templated":true}]}}