{"id":6020,"date":"2025-12-05T10:53:02","date_gmt":"2025-12-05T10:53:02","guid":{"rendered":"https:\/\/marksizm.org.tr\/?p=6020"},"modified":"2025-12-05T10:53:03","modified_gmt":"2025-12-05T10:53:03","slug":"venezuella-ve-latin-amerika-bagimsizligi-ve-egemenligi-icin-ayakta","status":"publish","type":"post","link":"https:\/\/marksizm.org.tr\/?p=6020","title":{"rendered":"Venez\u00fcella ve Latin Amerika Ba\u011f\u0131ms\u0131zl\u0131\u011f\u0131 ve Egemenli\u011fi \u0130\u00e7in Ayakta"},"content":{"rendered":"\n<h1 class=\"wp-block-heading\"><strong>Venez\u00fcella ve Latin Amerika Ba\u011f\u0131ms\u0131zl\u0131\u011f\u0131 ve Egemenli\u011fi \u0130\u00e7in Ayakta<\/strong><\/h1>\n\n\n\n<h3 class=\"wp-block-heading\"><strong>T\u00fcrkiye Halklar\u0131 Maduro&nbsp;ve Venez\u00fcella\u2019n\u0131n&nbsp;Yan\u0131nda<\/strong><\/h3>\n\n\n\n<h3 class=\"wp-block-heading\"><strong>Ferdi Bekir<\/strong>, <strong>Aral\u0131k 2025<\/strong><\/h3>\n\n\n\n<figure class=\"wp-block-image size-large\"><img loading=\"lazy\" decoding=\"async\" width=\"1024\" height=\"683\" src=\"https:\/\/marksizm.org.tr\/wp-content\/uploads\/2025\/12\/011_mg0957_1501184137-1-1024x683.jpg\" alt=\"\" class=\"wp-image-6021\" srcset=\"https:\/\/marksizm.org.tr\/wp-content\/uploads\/2025\/12\/011_mg0957_1501184137-1-1024x683.jpg 1024w, https:\/\/marksizm.org.tr\/wp-content\/uploads\/2025\/12\/011_mg0957_1501184137-1-300x200.jpg 300w, https:\/\/marksizm.org.tr\/wp-content\/uploads\/2025\/12\/011_mg0957_1501184137-1-768x512.jpg 768w, https:\/\/marksizm.org.tr\/wp-content\/uploads\/2025\/12\/011_mg0957_1501184137-1-1536x1024.jpg 1536w, https:\/\/marksizm.org.tr\/wp-content\/uploads\/2025\/12\/011_mg0957_1501184137-1-2048x1366.jpg 2048w\" sizes=\"auto, (max-width: 1024px) 100vw, 1024px\" \/><\/figure>\n\n\n\n<p style=\"font-size:clamp(16.834px, 1.052rem + ((1vw - 3.2px) * 0.716), 26px);\">Venez\u00fcella ve Latin Amerika ba\u011f\u0131ms\u0131zl\u0131\u011f\u0131 ve egemenli\u011fi \u0130\u00e7in ayakta&#8230; Devrimci Bolivar\u2019\u0131n ruhu dip diri ayakta\u2026 Sald\u0131rgan ABD h\u00fck\u00fcmeti bildik emperyalist bahanelerle Venez\u00fcella ve Kolombiya\u2019y\u0131\u00a0<strong>i\u015fgal ve h\u00fck\u00fcmet de\u011fi\u015fikli\u011fi ile tehdit ediyor.<\/strong>\u00a0ABD Venez\u00fcella halk\u0131n\u0131n lideri Maduro\u2019ya suikast i\u00e7in onun ba\u015f\u0131na\u00a0<strong>50 Milyon dolar \u00f6d\u00fcl<\/strong>\u00a0koydu. D\u00fcnya halklar\u0131 ve K\u00fcresel G\u00fcney \u00fclkeleri bu k\u00fcstahl\u0131\u011fa boyun e\u011fmiyor ve teslim olmayacak.<\/p>\n\n\n\n<p style=\"font-size:clamp(16.834px, 1.052rem + ((1vw - 3.2px) * 0.716), 26px);\">ABD Venez\u00fcella\u2019ya ticari ambargo ile yetinmiyor. ABD t\u00fcm Latin Amerika \u00fclkelerine g\u00f6zda\u011f\u0131 vermeye \u00e7al\u0131\u015f\u0131yor. ABD arka bah\u00e7esi olarak g\u00f6rd\u00fc\u011f\u00fc Latin Amerika \u00fclkelerinin kendi tercih ettikleri ba\u011f\u0131ms\u0131z d\u0131\u015f politikadan rahats\u0131z. ABD Latin Amerika \u00fclkelerinin hegemonyac\u0131l\u0131\u011fa kar\u015f\u0131 direnen sosyalist \u00fclkelere, hegemonyac\u0131l\u0131\u011fa kar\u015f\u0131 direnen Rusya\u2019ya ve BR\u0130CS \u00fclkelerine, Yeni \u0130pek Yolu ticari i\u015fbirli\u011fine destek vermesinden rahats\u0131z. &nbsp;<\/p>\n\n\n\n<p style=\"font-size:clamp(16.834px, 1.052rem + ((1vw - 3.2px) * 0.716), 26px);\">Venez\u00fcella ve Latin Amerika \u00fclkeleri kendi do\u011fal kaynaklar\u0131na, petrol rezervlerine sahip \u00e7\u0131kmak istiyor. &nbsp;Venez\u00fcella ve di\u011fer Latin Amerika \u00fclkeleri ve sosyalist K\u00fcba ABD ve Bat\u0131l\u0131 g\u00fc\u00e7lerin dayatt\u0131\u011f\u0131 ticari ambargolar nedeniyle ekonomilerini ayakta tutmada b\u00fcy\u00fck g\u00fc\u00e7l\u00fcklerle kar\u015f\u0131 kar\u015f\u0131ya\u2026 Venez\u00fcella ve Latin Amerika ba\u011f\u0131ms\u0131zl\u0131\u011f\u0131 ve egemenli\u011fi \u0130\u00e7in ayakta!<\/p>\n","protected":false},"excerpt":{"rendered":"<p>Venez\u00fcella ve Latin Amerika Ba\u011f\u0131ms\u0131zl\u0131\u011f\u0131 ve Egemenli\u011fi \u0130\u00e7in Ayakta T\u00fcrkiye Halklar\u0131 Maduro&nbsp;ve Venez\u00fcella\u2019n\u0131n&nbsp;Yan\u0131nda Ferdi Bekir, Aral\u0131k 2025 Venez\u00fcella ve Latin Amerika ba\u011f\u0131ms\u0131zl\u0131\u011f\u0131 ve egemenli\u011fi \u0130\u00e7in ayakta&#8230; Devrimci Bolivar\u2019\u0131n ruhu dip diri ayakta\u2026 Sald\u0131rgan ABD h\u00fck\u00fcmeti bildik emperyalist bahanelerle Venez\u00fcella ve Kolombiya\u2019y\u0131\u00a0i\u015fgal ve h\u00fck\u00fcmet de\u011fi\u015fikli\u011fi ile tehdit ediyor.\u00a0ABD Venez\u00fcella halk\u0131n\u0131n lideri Maduro\u2019ya suikast i\u00e7in onun ba\u015f\u0131na\u00a050 [&hellip;]<\/p>\n","protected":false},"author":1,"featured_media":0,"comment_status":"open","ping_status":"open","sticky":false,"template":"","format":"standard","meta":{"_monsterinsights_skip_tracking":false,"_monsterinsights_sitenote_active":false,"_monsterinsights_sitenote_note":"","_monsterinsights_sitenote_category":0,"footnotes":""},"categories":[45],"tags":[],"class_list":["post-6020","post","type-post","status-publish","format-standard","hentry","category-genel-tr"],"blocksy_meta":[],"_links":{"self":[{"href":"https:\/\/marksizm.org.tr\/index.php?rest_route=\/wp\/v2\/posts\/6020","targetHints":{"allow":["GET"]}}],"collection":[{"href":"https:\/\/marksizm.org.tr\/index.php?rest_route=\/wp\/v2\/posts"}],"about":[{"href":"https:\/\/marksizm.org.tr\/index.php?rest_route=\/wp\/v2\/types\/post"}],"author":[{"embeddable":true,"href":"https:\/\/marksizm.org.tr\/index.php?rest_route=\/wp\/v2\/users\/1"}],"replies":[{"embeddable":true,"href":"https:\/\/marksizm.org.tr\/index.php?rest_route=%2Fwp%2Fv2%2Fcomments&post=6020"}],"version-history":[{"count":1,"href":"https:\/\/marksizm.org.tr\/index.php?rest_route=\/wp\/v2\/posts\/6020\/revisions"}],"predecessor-version":[{"id":6022,"href":"https:\/\/marksizm.org.tr\/index.php?rest_route=\/wp\/v2\/posts\/6020\/revisions\/6022"}],"wp:attachment":[{"href":"https:\/\/marksizm.org.tr\/index.php?rest_route=%2Fwp%2Fv2%2Fmedia&parent=6020"}],"wp:term":[{"taxonomy":"category","embeddable":true,"href":"https:\/\/marksizm.org.tr\/index.php?rest_route=%2Fwp%2Fv2%2Fcategories&post=6020"},{"taxonomy":"post_tag","embeddable":true,"href":"https:\/\/marksizm.org.tr\/index.php?rest_route=%2Fwp%2Fv2%2Ftags&post=6020"}],"curies":[{"name":"wp","href":"https:\/\/api.w.org\/{rel}","templated":true}]}}