{"id":6098,"date":"2026-01-04T01:42:08","date_gmt":"2026-01-04T01:42:08","guid":{"rendered":"https:\/\/marksizm.org.tr\/?p=6098"},"modified":"2026-01-04T01:42:20","modified_gmt":"2026-01-04T01:42:20","slug":"cin-bir-kalkinma-makinesi","status":"publish","type":"post","link":"https:\/\/marksizm.org.tr\/?p=6098","title":{"rendered":"\u00c7in Bir kalk\u0131nma Makinesi"},"content":{"rendered":"\n<h1 class=\"wp-block-heading\"><strong>\u00c7in Bir kalk\u0131nma Makinesi<\/strong><\/h1>\n\n\n\n<p style=\"font-size:clamp(16.834px, 1.052rem + ((1vw - 3.2px) * 0.716), 26px);\"><strong>Kemal KILI\u00c7DARO\u011eLU- Eski CHP Genel Ba\u015fkan\u0131<\/strong><\/p>\n\n\n\n<p style=\"font-size:clamp(16.834px, 1.052rem + ((1vw - 3.2px) * 0.716), 26px);\"><strong>08.01.2024<\/strong><\/p>\n\n\n\n<p style=\"font-size:clamp(16.834px, 1.052rem + ((1vw - 3.2px) * 0.716), 26px);\">Sa\u011fl\u0131kl\u0131 bir planlamayla kaynaklar\u0131n\u0131 en verimli \u015fekilde kullanmay\u0131 ba\u015faran \u00fclke&#8230; \u00dcniversiteleri bilgi \u00fcreten \u00fclke&#8230; Yetenekli gen\u00e7lerini d\u00fcnyan\u0131n en \u00f6nemli \u00fcniversitelerine g\u00f6ndererek \u201cy\u00fcksek yetenek yeti\u015ftiren\u201d &nbsp;\u00fclke&#8230; Bir teknoloji devi olma yolunda h\u0131zla ilerleyen \u00fclke&#8230; Enerji kaynaklar\u0131n\u0131n yetersizli\u011fine ra\u011fmen bir \u201ckalk\u0131nma makinesine\u201d d\u00f6n\u00fc\u015fen \u00fclke&#8230; Evet, k\u0131saca \u00c7in\u2019i b\u00f6yle tan\u0131mlayabiliriz.<\/p>\n\n\n\n<p style=\"font-size:clamp(16.834px, 1.052rem + ((1vw - 3.2px) * 0.716), 26px);\">\u00c7in, \u201cy\u00fcksek yetenek in\u015fas\u0131\u201d ile teknolojideki h\u0131zl\u0131 geli\u015fmeye uyum sa\u011flam\u0131\u015f, bilimde-teknolojide d\u00fcnyan\u0131n \u00f6nemli akt\u00f6rlerinden biri haline gelmi\u015ftir. \u0130zledi\u011fi politika, n\u00fcfusuyla bir zamanlar d\u00fcnyan\u0131n say\u0131l\u0131 t\u00fcketim merkezi olarak g\u00f6r\u00fclen \u00c7in\u2019i, bug\u00fcn d\u00fcnyan\u0131n say\u0131l\u0131 \u00fcretim merkezlerinden birine d\u00f6n\u00fc\u015ft\u00fcrm\u00fc\u015ft\u00fcr&#8230; Bat\u0131\u2019n\u0131n \u00fcretim devleri, \u00c7in pazar\u0131na girmek i\u00e7in yar\u0131\u015fmakta ve \u00c7in bu yar\u0131\u015f\u0131 kalk\u0131nma s\u00fcrecinde avantaja d\u00f6n\u00fc\u015ft\u00fcrmektedir. Bu s\u00fcre\u00e7 \u00c7in\u2019i d\u00fcnyada \u00f6nemli bir akt\u00f6r olarak ortaya \u00e7\u0131karm\u0131\u015f ve dolay\u0131s\u0131yla \u201c\u00e7ok kutuplu d\u00fcnya\u201d kavram\u0131n\u0131n siyaset dilinde kullan\u0131lmas\u0131n\u0131 sa\u011flam\u0131\u015ft\u0131r.<\/p>\n\n\n\n<p style=\"font-size:clamp(16.834px, 1.052rem + ((1vw - 3.2px) * 0.716), 26px);\">15 Kas\u0131m 2023 tarihinde ABD\u2019nin San Francisco kentinde yap\u0131lan \u201cAsya Pasifik Ekonomik \u0130\u015fbirli\u011fi Zirvesi\u201dinde ABD Ba\u015fkan\u0131 Joe Biden ile \u00c7in Devlet Ba\u015fkan\u0131 \u015ei Cinping bulu\u015ftular. Bu bulu\u015fmada Biden, iki \u00fclke aras\u0131ndaki \u201crekabetin \u00e7at\u0131\u015fmaya d\u00f6n\u00fc\u015fmemesini\u201d isterken \u015ei Cinping, \u00c7in-ABD ili\u015fkisini \u201cd\u00fcnyadaki en \u00f6nemli ikili ili\u015fki\u201d olarak tan\u0131mlam\u0131\u015ft\u0131r. D\u00f6rt saat s\u00fcren bu bulu\u015fma \u00c7in\u2019in Asya-Pasifik ekseninde geldi\u011fi \u00f6nemli a\u015famay\u0131 g\u00f6stermektedir. Hatta \u015ei Cinping, bir anlamda d\u00fcnyadaki g\u00fc\u00e7 payla\u015f\u0131m\u0131na de\u011finerek \u201cd\u00fcnya iki \u00fclke i\u00e7in yeterince b\u00fcy\u00fck\u201d vurgusunu da yapm\u0131\u015ft\u0131r. Amerikan i\u015f d\u00fcnyas\u0131 y\u00f6neticilerinin \u015ei Cinping\u2019i ayakta alk\u0131\u015flamalar\u0131 ise \u00c7in\u2019in ABD i\u015f d\u00fcnyas\u0131 a\u00e7\u0131s\u0131ndan da vazge\u00e7ilmezli\u011fini g\u00f6stermektedir. \u00c7\u00fcnk\u00fc \u00c7in\u2019in bug\u00fcn d\u00fcnya ekonomisindeki pay\u0131 -enerji kaynaklar\u0131n\u0131n yetersizli\u011fine ra\u011fmen- ABD\u2019yi yakalam\u0131\u015f durumda&#8230; A\u00e7\u0131k\u00e7as\u0131, k\u00fcreselle\u015fmeden en \u00e7ok yararlanan \u00fclkelerin ba\u015f\u0131nda \u00c7in gelmektedir. Dolay\u0131s\u0131yla \u00c7in art\u0131k y\u00fckselen bir g\u00fc\u00e7 de\u011fil, ayn\u0131 zamanda d\u00fcnyayla rekabet eden bir g\u00fcce d\u00f6n\u00fc\u015fm\u00fc\u015f durumda&#8230;<\/p>\n\n\n\n<p style=\"font-size:clamp(16.834px, 1.052rem + ((1vw - 3.2px) * 0.716), 26px);\">\u0130\u00e7eride bir kalk\u0131nma makinesine d\u00f6n\u00fc\u015fen \u00c7in, \u201c\u0130pek Yolu Projesi\u201dyle Orta Asya-Kafkaslar ekseninde (Avrasya) Karadeniz ve Akdeniz\u2019e ba\u011flanmak istemektedir.&nbsp;<strong>Tarihteki \u0130pek Yolu\u2019nun canlanmas\u0131n\u0131n \u00c7in ekonomisine ciddi katk\u0131lar yapaca\u011f\u0131n\u0131 hepimiz biliyoruz. Bunun jeopolitik ve jeostratejik a\u00e7\u0131dan da \u00f6nemi yads\u0131namaz. T\u00fcrkiye\u2019nin de bu projeden b\u00fcy\u00fck yararlar sa\u011flayaca\u011f\u0131 kesin.&nbsp;<\/strong>Buradaki kritik soru \u015fu: Afganistan\u2019daki rejim de\u011fi\u015fikli\u011fi bu projeyi nas\u0131l etkileyecektir? Bunu zaman g\u00f6sterecektir.<\/p>\n\n\n\n<p style=\"font-size:clamp(16.834px, 1.052rem + ((1vw - 3.2px) * 0.716), 26px);\">\u00c7in\u2019in sadece Asya-Pasifik\u2019te de\u011fil, Afrika\u2019da da \u00f6nemli bir g\u00fc\u00e7 olarak kendisini g\u00f6sterdi\u011fini biliyoruz.&nbsp;<strong>Devletlerin i\u00e7 i\u015flerine kar\u0131\u015fmayan, hatta y\u00f6netimlerine sayg\u0131 duyan \u00c7in, yat\u0131r\u0131mlar\u0131yla Afrika\u2019da en g\u00fc\u00e7l\u00fc akt\u00f6r konumunda. 100 bini a\u015fk\u0131n Afrikal\u0131 \u00fcniversite \u00f6\u011frencisi \u00c7in\u2019de e\u011fitim g\u00f6r\u00fcyor.&nbsp;<\/strong>Ayr\u0131ca Afrika\u2019yla olan ticareti de her y\u0131l artarak devam etmektedir. Bat\u0131l\u0131lar\u0131n koloni d\u00f6neminden kalma olumsuzluklar\u0131 da Afrikal\u0131lar\u0131n \u00c7in\u2019e sempatiyle bakmalar\u0131n\u0131 sa\u011fl\u0131yor&#8230;<\/p>\n\n\n\n<p style=\"font-size:clamp(16.834px, 1.052rem + ((1vw - 3.2px) * 0.716), 26px);\"><strong>PETROL SAVA\u015eLARINDAN \u00c7\u0130P SAVA\u015eLARINA&#8230;<\/strong><\/p>\n\n\n\n<p style=\"font-size:clamp(16.834px, 1.052rem + ((1vw - 3.2px) * 0.716), 26px);\">Winston Churchill, 1936 y\u0131l\u0131nda \u0130ngiliz Avam Kamaras\u0131\u2019nda \u0130ngiltere\u2019nin \u00e7\u0131karlar\u0131n\u0131 anlat\u0131rken kulland\u0131\u011f\u0131 \u015fu c\u00fcmle hayatidir: \u201cBir damla petrol, bir damla kandan daha k\u0131ymetlidir.\u201d Bu d\u00fc\u015f\u00fcnce 20. y\u00fczy\u0131lda ya\u015fanan petrol sava\u015flar\u0131n\u0131n gerek\u00e7esidir. Petrol \u00fcreticisi \u00fclkelerin ya\u015fad\u0131klar\u0131 b\u00fcy\u00fck ac\u0131lar\u0131n kayna\u011f\u0131 asl\u0131nda sahip olduklar\u0131 petrold\u00fc. Ama g\u00fcn\u00fcm\u00fczde yeni bir sava\u015f ya\u015f\u0131yoruz&#8230; \u00c7ip sava\u015flar\u0131&#8230; Bu sava\u015f\u0131n \u00f6zelli\u011fi petrol sava\u015flar\u0131na benzememesidir. \u00c7\u00fcnk\u00fc petrol\u00fcn \u00e7\u0131kar\u0131laca\u011f\u0131 co\u011frafyay\u0131 de\u011fi\u015ftiremezsiniz. Petrol\u00fcn oldu\u011fu co\u011frafyay\u0131 ya elde edeceksiniz ya da kontrol edeceksiniz&#8230; A\u00e7\u0131k\u00e7as\u0131 egemen g\u00fc\u00e7ler petrol\u00fcn oldu\u011fu co\u011frafyay\u0131 ac\u0131 bedeller \u00f6deterek kontrol ettiler ve etmeye de devam ediyorlar. Oysa \u00e7ip, petrol gibi do\u011fal bir \u00fcr\u00fcn de\u011fil. Dolay\u0131s\u0131yla \u00e7ipin nerede \u00fcretilece\u011fine biz karar verebiliriz. Bunun yolu, bilim insanlar\u0131n\u0131n yapt\u0131klar\u0131 \u00e7al\u0131\u015fmalar\u0131n teknolojiye aktar\u0131lmas\u0131d\u0131r. Yani \u00e7ip sava\u015f\u0131n\u0131 kazanman\u0131n yolu bilgi \u00fcreten insanlar\u0131n \u00fclkesi olmakt\u0131r. Bir ba\u015fka anlat\u0131mla \u201cy\u00fcksek yetenekli insanlar in\u015fas\u0131n\u0131\u201d sa\u011flamakt\u0131r. Konunun ekonomik \u00f6nemini vurgulamak i\u00e7in bir de rakam verelim&#8230; Bir trilyon dolarl\u0131k bir pazardan s\u00f6z ediyoruz&#8230; 170\u2019ten fazla sekt\u00f6r\u00fc do\u011frudan etkileyen bir \u00fcr\u00fcn&#8230; Bug\u00fcn i\u00e7in k\u00fcresel \u00e7ip \u00fcretim kapasitesinin yakla\u015f\u0131k y\u00fczde 77\u2019si Tayvan, \u00c7in, G\u00fcney Kore ve Japonya\u2019da. ABD ise k\u00fcresel \u00fcretimin sadece y\u00fczde 13\u2019\u00fcne ev sahipli\u011fi yap\u0131yor. Tayvan\u2019\u0131n\u0131n \u00e7ip \u00fcretiminde bask\u0131n bir \u00fclke olarak varl\u0131\u011f\u0131n\u0131 s\u00fcrd\u00fcrmesi Tayvan\u2019\u0131 ABD ve \u00c7in aras\u0131ndaki jeopolitik gerilimin merkezine oturttu. Ve ABD geli\u015fmi\u015f \u00e7iplerin \u00c7in\u2019e sat\u0131\u015f\u0131na yasak getirdi&#8230; \u00c7\u00fcnk\u00fc en g\u00fc\u00e7l\u00fc \u00e7ipler, yapay zek\u00e2 gibi ileri teknolojilerin yan\u0131 s\u0131ra hipersonik f\u00fczeler ve gizli sava\u015f u\u00e7aklar\u0131 gibi en son silahlar\u0131n geli\u015ftirilmesi i\u00e7in de b\u00fcy\u00fck \u00f6nem ta\u015f\u0131yor. Bu arada \u00c7in ile Tayvan ili\u015fkilerinin son 40 y\u0131l\u0131n en gergin ve en k\u00f6t\u00fc d\u00f6neminde bulundu\u011fu da bir ba\u015fka ger\u00e7ektir.<\/p>\n\n\n\n<p style=\"font-size:clamp(16.834px, 1.052rem + ((1vw - 3.2px) * 0.716), 26px);\">Bu geli\u015fmeler ABD\u2019nin \u00e7ip \u00fcretiminde yeni bir politika olu\u015fturmas\u0131na yol a\u00e7t\u0131. Politikan\u0131n ana ekseni g\u00fcvenlik&#8230; Virginia Demokrat Senat\u00f6r\u00fc Mark Warner, \u201c\u00c7in ile Tayvan aras\u0131ndaki artan gerilimleri g\u00f6rd\u00fc\u011f\u00fcm\u00fczde, en az\u0131ndan ordumuz i\u00e7in sat\u0131n ald\u0131\u011f\u0131m\u0131z d\u00fcnyadaki en son teknoloji \u00e7iplerinin hepsinin Tayvan\u2019dan geldi\u011finin fark\u0131na vard\u0131k ve bu meselenin yurti\u00e7inde halledilmesi i\u00e7in ad\u0131m att\u0131k. \u00c7\u00fcnk\u00fc Tayvan, potansiyel olarak \u00c7in kom\u00fcnist devletinin askeri tehdit ve ablukas\u0131 alt\u0131nda, bu bizim i\u00e7in b\u00fcy\u00fck \u00f6l\u00e7\u00fcde y\u0131k\u0131c\u0131 olabilir, ulusal g\u00fcvenlik ile ekonomik risk te\u015fkil edebilir\u201d diyordu&#8230; Ve sonu\u00e7ta ABD Ba\u015fkan\u0131 Joe Biden, 9 A\u011fustos 2022\u2019de \u201c\u00c7ip ve Bilim Yasas\u0131\u201dn\u0131 imzalayarak y\u00fcr\u00fcrl\u00fc\u011fe koydu. ABD 40 milyar dolarl\u0131k yat\u0131r\u0131m yapaca\u011f\u0131n\u0131 da a\u00e7\u0131klad\u0131&#8230;<\/p>\n\n\n\n<p style=\"font-size:clamp(16.834px, 1.052rem + ((1vw - 3.2px) * 0.716), 26px);\">Ku\u015fkusuz t\u00fcm bu geli\u015fmeleri AB de yak\u0131ndan izliyordu. Avrupa da 1 trilyon dolarl\u0131k \u00e7ip pazar\u0131ndan pay\u0131n\u0131 almak istiyordu. Hem teknolojide liderlik hem de \u00e7ip ticaretinde arz g\u00fcvenli\u011fini sa\u011flamak i\u00e7in \u201cAvrupa \u00c7ip Yasas\u0131\u201d 21 Eyl\u00fcl 2023 tarihinde y\u00fcr\u00fcrl\u00fc\u011fe koyuldu. Ana hedef do\u011fal olarak \u00e7ip \u00fcretiminde d\u0131\u015fa ba\u011f\u0131ml\u0131l\u0131\u011f\u0131 minimum d\u00fczeye indirmek. Bu ama\u00e7la kamu ve \u00f6zel sekt\u00f6r e\u015fg\u00fcd\u00fcm\u00fcnde \u00e7ip yat\u0131r\u0131mlar\u0131 i\u00e7in yakla\u015f\u0131k 43 milyar Avroluk bir destek sa\u011flanmas\u0131 planlanm\u0131\u015ft\u0131r.<\/p>\n\n\n\n<p style=\"font-size:clamp(16.834px, 1.052rem + ((1vw - 3.2px) * 0.716), 26px);\"><strong>T\u00dcRK\u0130YE<\/strong><\/p>\n\n\n\n<p style=\"font-size:clamp(16.834px, 1.052rem + ((1vw - 3.2px) * 0.716), 26px);\">1.5 milyara yakla\u015fan n\u00fcfusuyla \u00c7in, bir kalk\u0131nma makinesine d\u00f6n\u00fc\u015f\u00fcrken T\u00fcrkiye ise ekonomide ve teknolojide beklenen geli\u015fmeyi sa\u011flayamad\u0131. \u00c7in, tarihinde ilk kez ki\u015fi ba\u015f\u0131na d\u00fc\u015fen milli gelirde (2018 y\u0131l\u0131ndan itibaren) T\u00fcrkiye\u2019yi ge\u00e7ti&#8230; 1983\u2019e kadar ki\u015fi ba\u015f\u0131na d\u00fc\u015fen milli geliri G\u00fcney Kore\u2019yi ge\u00e7en T\u00fcrkiye, 1983\u2019ten itibaren G\u00fcney Kore\u2019nin de gerisine d\u00fc\u015ft\u00fc&#8230; &nbsp;1992\u2019de mikroelektronik teknolojisinin T\u00fcrkiye\u2019ye kazand\u0131r\u0131lmas\u0131 yolunda yapmakta oldu\u011fu \u00e7al\u0131\u015fmalar dolay\u0131s\u0131yla T\u00dcB\u0130TAK Hizmet \u00d6d\u00fcl\u00fc ile \u00f6d\u00fcllendirilen Prof. Dr. Duran Leblebici T\u00fcrkiye-G\u00fcney Kore ger\u00e7e\u011fini \u015f\u00f6yle anlat\u0131r:<\/p>\n\n\n\n<p style=\"font-size:clamp(16.834px, 1.052rem + ((1vw - 3.2px) * 0.716), 26px);\"><strong>\u201cG\u00fcney Kore ve T\u00fcrkiye bundan 30-40 y\u0131l \u00f6nce yola \u00e7\u0131kt\u0131\u011f\u0131m\u0131zda a\u015fa\u011f\u0131 yukar\u0131 ayn\u0131 yerlerdeydik. Kore belli alanlara bilin\u00e7li bir \u015fekilde yo\u011funla\u015farak hem devletin hem sanayi kurulu\u015flar\u0131n\u0131n ayn\u0131 do\u011frultuda akmas\u0131 sonucunda bu yerlere geldi. T\u00fcrkiye h\u00e2l\u00e2 savruk davran\u0131yor.\u201d (5 \u015eubat 2014)<\/strong><\/p>\n\n\n\n<p style=\"font-size:clamp(16.834px, 1.052rem + ((1vw - 3.2px) * 0.716), 26px);\"><strong>V\u0130ETNAM \u00d6RNE\u011e\u0130<\/strong><\/p>\n\n\n\n<p style=\"font-size:clamp(16.834px, 1.052rem + ((1vw - 3.2px) * 0.716), 26px);\">Bilgi ve ileti\u015fim teknolojileri \u00fcr\u00fcnleri ihracat\u0131nda 2002\u2019de sadece 500 milyon dolarl\u0131k ihracat yapan Vietnam, 20 y\u0131lda bu ihracat\u0131n\u0131 137 milyar dolara \u00e7\u0131karm\u0131\u015ft\u0131r. T\u00fcrkiye ise 20 y\u0131lda 1.6 milyar dolar olan ihracat\u0131n\u0131 ancak 2 milyar dolara \u00e7\u0131karabilmi\u015ftir&#8230; (Bu konuda ayr\u0131nt\u0131l\u0131 bilgi i\u00e7in bkz. Prof. Dr. Ercan Uygur &#8211; t24 &#8211; 28 Eyl\u00fcl 2023)<\/p>\n\n\n\n<p style=\"font-size:clamp(16.834px, 1.052rem + ((1vw - 3.2px) * 0.716), 26px);\">T\u00fcrkiye ile Vietnam, G\u00fcney Kore, \u00c7in aras\u0131nda yarat\u0131lan bu u\u00e7urumun sorumlusu kim? Ku\u015fkusuz bunun sorumlusu \u00fclkeyi y\u00f6netenlerdir. Oysa devlet inovasyon politikalar\u0131n\u0131 y\u00f6nlendirmede etkin rol \u00fcstlenerek yenilik\u00e7i ve risk al\u0131c\u0131 bir akt\u00f6r konumuna gelebilirdi. \u00c7\u00fcnk\u00fc g\u00fcn\u00fcm\u00fczde devletler yeni teknolojilerin ve sekt\u00f6rlerin geli\u015fimini sa\u011flayarak ekonomik b\u00fcy\u00fcmeyi te\u015fvik etmektedirler. Hatta bu te\u015fvikleri \u00e7\u0131kard\u0131klar\u0131 \u00f6zel yasalarla (ABD ve AB \u00f6rne\u011finde oldu\u011fu gibi) g\u00fcvence alt\u0131na almaktad\u0131rlar. Yani devlet pasif bir d\u00fczenleyici g\u00fc\u00e7 olmaktan \u00e7\u0131k\u0131p aktif bir inovasyon g\u00fcc\u00fc olarak ortaya \u00e7\u0131kmaktad\u0131r. Bu ba\u011flamda T\u00fcrkiye de benzer s\u0131\u00e7ramay\u0131 kamunun \u00f6nc\u00fcl\u00fc\u011f\u00fcnde yapay zek\u00e2 teknolojileri ile yapabilir. \u00dcstelik yapay zek\u00e2 teknolojilerinin maliyeti, e\u015fi\u011fi dijital teknolojilerden daha d\u00fc\u015f\u00fckt\u00fcr. Bunun temel yolu da \u00fcniversitelerin bilgi \u00fcretmesidir. \u00dcniversiteleri bilgi \u00fcretmeyen bir toplumun ise gelece\u011fi yoktur&#8230; Art\u0131k herkes \u015funu \u00e7ok iyi anlamal\u0131d\u0131r: \u00dcniversitelerinin bilgi \u00fcretmesine engel olanlar, \u00fclkelerine kar\u015f\u0131 ihanet i\u00e7indedirler.<\/p>\n","protected":false},"excerpt":{"rendered":"<p>\u00c7in Bir kalk\u0131nma Makinesi Kemal KILI\u00c7DARO\u011eLU- Eski CHP Genel Ba\u015fkan\u0131 08.01.2024 Sa\u011fl\u0131kl\u0131 bir planlamayla kaynaklar\u0131n\u0131 en verimli \u015fekilde kullanmay\u0131 ba\u015faran \u00fclke&#8230; \u00dcniversiteleri bilgi \u00fcreten \u00fclke&#8230; Yetenekli gen\u00e7lerini d\u00fcnyan\u0131n en \u00f6nemli \u00fcniversitelerine g\u00f6ndererek \u201cy\u00fcksek yetenek yeti\u015ftiren\u201d &nbsp;\u00fclke&#8230; Bir teknoloji devi olma yolunda h\u0131zla ilerleyen \u00fclke&#8230; Enerji kaynaklar\u0131n\u0131n yetersizli\u011fine ra\u011fmen bir \u201ckalk\u0131nma makinesine\u201d d\u00f6n\u00fc\u015fen \u00fclke&#8230; Evet, k\u0131saca [&hellip;]<\/p>\n","protected":false},"author":1,"featured_media":0,"comment_status":"open","ping_status":"open","sticky":false,"template":"","format":"standard","meta":{"_monsterinsights_skip_tracking":false,"_monsterinsights_sitenote_active":false,"_monsterinsights_sitenote_note":"","_monsterinsights_sitenote_category":0,"footnotes":""},"categories":[5,51],"tags":[],"class_list":["post-6098","post","type-post","status-publish","format-standard","hentry","category-dunya-sosyalizmi","category-dunya-sosyalizmi-tr"],"blocksy_meta":[],"_links":{"self":[{"href":"https:\/\/marksizm.org.tr\/index.php?rest_route=\/wp\/v2\/posts\/6098","targetHints":{"allow":["GET"]}}],"collection":[{"href":"https:\/\/marksizm.org.tr\/index.php?rest_route=\/wp\/v2\/posts"}],"about":[{"href":"https:\/\/marksizm.org.tr\/index.php?rest_route=\/wp\/v2\/types\/post"}],"author":[{"embeddable":true,"href":"https:\/\/marksizm.org.tr\/index.php?rest_route=\/wp\/v2\/users\/1"}],"replies":[{"embeddable":true,"href":"https:\/\/marksizm.org.tr\/index.php?rest_route=%2Fwp%2Fv2%2Fcomments&post=6098"}],"version-history":[{"count":1,"href":"https:\/\/marksizm.org.tr\/index.php?rest_route=\/wp\/v2\/posts\/6098\/revisions"}],"predecessor-version":[{"id":6099,"href":"https:\/\/marksizm.org.tr\/index.php?rest_route=\/wp\/v2\/posts\/6098\/revisions\/6099"}],"wp:attachment":[{"href":"https:\/\/marksizm.org.tr\/index.php?rest_route=%2Fwp%2Fv2%2Fmedia&parent=6098"}],"wp:term":[{"taxonomy":"category","embeddable":true,"href":"https:\/\/marksizm.org.tr\/index.php?rest_route=%2Fwp%2Fv2%2Fcategories&post=6098"},{"taxonomy":"post_tag","embeddable":true,"href":"https:\/\/marksizm.org.tr\/index.php?rest_route=%2Fwp%2Fv2%2Ftags&post=6098"}],"curies":[{"name":"wp","href":"https:\/\/api.w.org\/{rel}","templated":true}]}}