{"id":6117,"date":"2026-01-11T22:21:39","date_gmt":"2026-01-11T22:21:39","guid":{"rendered":"https:\/\/marksizm.org.tr\/?p=6117"},"modified":"2026-01-11T22:21:40","modified_gmt":"2026-01-11T22:21:40","slug":"1-mayista-sosyalizm-yolundaki-ulkelerin-isci-ve-sendikalari-ile-dayanisma","status":"publish","type":"post","link":"https:\/\/marksizm.org.tr\/?p=6117","title":{"rendered":"1 May\u0131s\u2019ta Sosyalizm Yolundaki \u00dclkelerin \u0130\u015f\u00e7i ve Sendikalar\u0131 \u0130le Dayan\u0131\u015fma"},"content":{"rendered":"\n<h1 class=\"wp-block-heading\">1 May\u0131s\u2019ta Sosyalizm Yolundaki \u00dclkelerin \u0130\u015f\u00e7i ve Sendikalar\u0131 \u0130le Dayan\u0131\u015fma<br>\u00c7in\u2019deki \u0130\u015f\u00e7i ve Sendika \u00c7al\u0131\u015fmalar\u0131 Hakk\u0131nda Haberler<\/h1>\n\n\n\n<p><\/p>\n\n\n\n<figure class=\"wp-block-image aligncenter size-large\"><img decoding=\"async\" src=\"https:\/\/sosyalistbirlik.com\/wp-content\/uploads\/2024\/05\/KVGyscnxK2g-1024x718.jpg\" alt=\"\" class=\"wp-image-7056\"\/><\/figure>\n\n\n\n<p style=\"font-size:clamp(16.834px, 1.052rem + ((1vw - 3.2px) * 0.716), 26px);\"><br><strong>1 May\u0131s 2024<br>Ferdi Bekir<\/strong><\/p>\n\n\n\n<p style=\"font-size:clamp(16.834px, 1.052rem + ((1vw - 3.2px) * 0.716), 26px);\"><br>Sosyalizm yolundaki \u00fclkeler en basit s\u00f6zc\u00fckle i\u015f\u00e7i devletleri olarak biliniyor. Bu s\u00f6zc\u00fc\u011f\u00fcn yayg\u0131nla\u015fmas\u0131nda \u00fcnl\u00fc Rus sosyalisti Tro\u00e7ki\u2019nin rol\u00fc unutulmamal\u0131. Marx, Engels ve Lenin de proletarya devleti ve proletarya demokrasisi kavramlar\u0131n\u0131 vurgulam\u0131\u015flard\u0131.<br>Sosyalizm yolundaki \u00fclkelerde en \u00f6nemli 1 May\u0131s etkinliklerinden biri \u201c\u00d6rnek \u00c7al\u0131\u015fanlar\u0131n se\u00e7ilmesi ve \u00f6d\u00fcllendirilmesi\u201d ilk sosyalist \u00fclke olan Sovyetler Birli\u011fi uluslar\/cumhuriyetler federasyon devletinden bu yana bug\u00fcne kadar devam eden bir gelenek. Bu sosyalizmin de\u011ferleri ile uyumlu bir tercih ve i\u015f\u00e7inin sermayenin boyunduru\u011fundan kurtulup kendisi i\u00e7in,\u2014i\u015fveren i\u00e7in veya ge\u00e7im i\u00e7in de\u011fil\u2014 kendi \u00e7ok y\u00f6nl\u00fc, \u00f6zg\u00fcr ve b\u00fct\u00fcnsel geli\u015fmesi i\u00e7in severek ve \u00f6zg\u00fcrl\u00fc\u011f\u00fcn tad\u0131n\u0131 \u00e7\u0131kararak \u00e7al\u0131\u015fmas\u0131, kolektife ve toplumsal geli\u015fmeye her y\u00f6nden katk\u0131da bulunman\u0131n tad\u0131n\u0131 \u00e7\u0131karmas\u0131 anlam\u0131na gelir. \u00c7in ve Vietnam da \u0130\u015f\u00e7i Sendikalar\u0131 Birle\u015fik Cephe Mant\u0131\u011f\u0131 ile \u00d6rg\u00fctlenen Halk Kitle \u00d6rg\u00fctleri olarak s\u0131n\u0131fland\u0131r\u0131lm\u0131\u015ft\u0131r<br>Sendikalar, Gen\u00e7lik \u00d6rg\u00fctleri, Kad\u0131nlar Fedarasyonu<br>\u00c7in\u2019deki 20 ye yak\u0131n di\u011fer halk kitle \u00f6rg\u00fct\u00fc Birle\u015fik Cephe vizyonu ile \u00f6rg\u00fctlenmi\u015ftir. Birle\u015fik Cephe Mant\u0131\u011f\u0131 bu halk kitle \u00f6rg\u00fctlerinin partili ve partisiz t\u00fcm \u00e7al\u0131\u015fanlar\u0131n kat\u0131ld\u0131\u011f\u0131 ve y\u00f6netim organlar\u0131nda g\u00f6rev ald\u0131\u011f\u0131 birle\u015fik cephe \u00f6rg\u00fctleri olmalar\u0131d\u0131r.<\/p>\n\n\n\n<h2 class=\"wp-block-heading\"><br>\u0130\u015f\u00e7ilerin ve \u0130nsanlar\u0131n \u00d6zg\u00fcr ve B\u00fct\u00fcnsel Geli\u015fimi En \u00d6nemli Sosyalist \u0130deal<\/h2>\n\n\n\n<p style=\"font-size:clamp(16.834px, 1.052rem + ((1vw - 3.2px) * 0.716), 26px);\"><br>\u00c7in, Vietnam, Kore, Laos gibi \u00fclkelerde siyasi toplant\u0131lar, konserler, yar\u0131\u015fmalar, topluca devrim b\u00f6lgelerine geziler, kitap okum etkinlikleri, spor etkinlikleri ve dans etkinlikleri gibi \u00e7ok \u00e7e\u015fitli 1 May\u0131s etkinlikleri yap\u0131l\u0131yor. Ve \u00c7inliler bu etkinliklerden sonra uzun tatillere \u00e7\u0131k\u0131yorlar. 5 ila 10 g\u00fcn aras\u0131nda tatil yap\u0131yorlar. \u00c7in\u2019deki \u00e7e\u015fitli etkinliklerle ilgili haberler i\u00e7in T\u00fcm \u00c7in \u0130\u015f\u00e7i Sendikalar\u0131n\u0131n web sitesine bak\u0131labilir.<br><strong>https:\/\/www.workercn.cn\/acftu\/<\/strong><\/p>\n\n\n\n<p style=\"font-size:clamp(16.834px, 1.052rem + ((1vw - 3.2px) * 0.716), 26px);\"><br>Sosyalizm yolundaki \u00fclkelerde en \u00f6zel durum K\u00fcba\u2019da ya\u015fan\u0131yor, yakla\u015f\u0131k 4 milyon K\u00fcbal\u0131 halk 1 May\u0131s g\u00fcn\u00fc kendi se\u00e7ti\u011fi y\u00f6neticilerle birlikte meydanlara \u00e7\u0131k\u0131p bayraklarla ve pankartla g\u00f6steri yap\u0131yor. Bu di\u011fer sosyalizm yolundaki \u00fclkelerde olmayan farkl\u0131 bir gelenek haline gelmi\u015f durumda.<br>Ayr\u0131ca bu y\u0131l 2 May\u0131s\u2019ta K\u00fcba Kom\u00fcnist Partisi K\u00fcba \u0130le Uluslararas\u0131 Dayan\u0131\u015fma ve Emperyalizme Kar\u015f\u0131 M\u00fccadele ba\u015fl\u0131kl\u0131 bir uluslararas\u0131 toplant\u0131 d\u00fczenledi. Toplant\u0131n\u0131n slogan\u0131 \u201c<strong>Halklarla Birlikte Bar\u0131\u015f, Dayan\u0131\u015fma ve \u0130\u015fbirli\u011fi Bayra\u011f\u0131n\u0131 Y\u00fcksekte Tutal\u0131m<\/strong>.\u201d<br><strong>https:\/\/en.granma.cu\/cuba\/2024-05-03\/cuba-will-continue-to-raise-the-banners-of-peace-solidarity-and-cooperation-with-peoples<br><\/strong>Bunun anlam\u0131 i\u015f\u00e7ilerin \u00fclkenin ve devlet i\u015flerinin ger\u00e7ek efendileri olmas\u0131n\u0131n ba\u015ftan kendi ba\u011f\u0131ms\u0131z siyasi partileri ve ek olarak do\u011frudan ve temsili demokrasi yollar\u0131yla sa\u011flamalar\u0131. Sosyalizm yolundaki \u00fclkelerde i\u015f\u00e7iler t\u00fcm i\u015fyerlerinde i\u015f\u00e7i konseyleri (i\u015f\u00e7i meclisleri) arac\u0131l\u0131\u011f\u0131 ile i\u015fyeri y\u00f6netimi \u00fczerine etkide bulunuyorlar. \u0130\u015fyeri y\u00f6netimine kat\u0131lma ve ekonomik-demokratik talepleri i\u00e7in kulland\u0131klar\u0131 di\u011fer bir ara\u00e7 da s\u0131k\u0131 \u00f6rg\u00fctlenmi\u015f sendikalar. Sosyalizm yolundaki \u00fclkelerde i\u015f\u00e7iler i\u015fyerlerinde \u00f6zg\u00fcrce kendi siyasi partilerinde \u00f6rg\u00fctlenebiliyorlar ve siyasi \u00e7al\u0131\u015fmalar y\u00fcr\u00fctebiliyorlar. Bug\u00fcn siyasi parti \u00f6rg\u00fctlenmesi, t\u00fcm kamu kurulu\u015flar\u0131n\u0131, \u00f6zel sekt\u00f6r kurulu\u015flar\u0131n\u0131 ve yabanc\u0131 sermayeli \u015firket i\u015fyerlerini kaps\u0131yor. \u0130\u015f\u00e7iler i\u015fyerlerinde g\u00fc\u00e7l\u00fc olarak \u00f6rg\u00fctlenmi\u015f siyasi partileri arac\u0131l\u0131\u011f\u0131 ile i\u015fyerlerinin \u00fclke politikalar\u0131na ve \u00fclke yasalar\u0131na uygun hareket edip etmediklerini denetleyebiliyorlar. Bu g\u00f6rev ayn\u0131 zamanda parti program ve t\u00fcz\u00fc\u011f\u00fcnde tan\u0131mlanm\u0131\u015f bulunuyor.<\/p>\n","protected":false},"excerpt":{"rendered":"<p>1 May\u0131s\u2019ta Sosyalizm Yolundaki \u00dclkelerin \u0130\u015f\u00e7i ve Sendikalar\u0131 \u0130le Dayan\u0131\u015fma\u00c7in\u2019deki \u0130\u015f\u00e7i ve Sendika \u00c7al\u0131\u015fmalar\u0131 Hakk\u0131nda Haberler 1 May\u0131s 2024Ferdi Bekir Sosyalizm yolundaki \u00fclkeler en basit s\u00f6zc\u00fckle i\u015f\u00e7i devletleri olarak biliniyor. Bu s\u00f6zc\u00fc\u011f\u00fcn yayg\u0131nla\u015fmas\u0131nda \u00fcnl\u00fc Rus sosyalisti Tro\u00e7ki\u2019nin rol\u00fc unutulmamal\u0131. Marx, Engels ve Lenin de proletarya devleti ve proletarya demokrasisi kavramlar\u0131n\u0131 vurgulam\u0131\u015flard\u0131.Sosyalizm yolundaki \u00fclkelerde en \u00f6nemli [&hellip;]<\/p>\n","protected":false},"author":1,"featured_media":0,"comment_status":"open","ping_status":"open","sticky":false,"template":"","format":"standard","meta":{"_monsterinsights_skip_tracking":false,"_monsterinsights_sitenote_active":false,"_monsterinsights_sitenote_note":"","_monsterinsights_sitenote_category":0,"footnotes":""},"categories":[51,5,6],"tags":[],"class_list":["post-6117","post","type-post","status-publish","format-standard","hentry","category-dunya-sosyalizmi-tr","category-dunya-sosyalizmi","category-sosyalist-ulkeler"],"blocksy_meta":[],"_links":{"self":[{"href":"https:\/\/marksizm.org.tr\/index.php?rest_route=\/wp\/v2\/posts\/6117","targetHints":{"allow":["GET"]}}],"collection":[{"href":"https:\/\/marksizm.org.tr\/index.php?rest_route=\/wp\/v2\/posts"}],"about":[{"href":"https:\/\/marksizm.org.tr\/index.php?rest_route=\/wp\/v2\/types\/post"}],"author":[{"embeddable":true,"href":"https:\/\/marksizm.org.tr\/index.php?rest_route=\/wp\/v2\/users\/1"}],"replies":[{"embeddable":true,"href":"https:\/\/marksizm.org.tr\/index.php?rest_route=%2Fwp%2Fv2%2Fcomments&post=6117"}],"version-history":[{"count":1,"href":"https:\/\/marksizm.org.tr\/index.php?rest_route=\/wp\/v2\/posts\/6117\/revisions"}],"predecessor-version":[{"id":6118,"href":"https:\/\/marksizm.org.tr\/index.php?rest_route=\/wp\/v2\/posts\/6117\/revisions\/6118"}],"wp:attachment":[{"href":"https:\/\/marksizm.org.tr\/index.php?rest_route=%2Fwp%2Fv2%2Fmedia&parent=6117"}],"wp:term":[{"taxonomy":"category","embeddable":true,"href":"https:\/\/marksizm.org.tr\/index.php?rest_route=%2Fwp%2Fv2%2Fcategories&post=6117"},{"taxonomy":"post_tag","embeddable":true,"href":"https:\/\/marksizm.org.tr\/index.php?rest_route=%2Fwp%2Fv2%2Ftags&post=6117"}],"curies":[{"name":"wp","href":"https:\/\/api.w.org\/{rel}","templated":true}]}}