{"id":6264,"date":"2026-03-10T11:00:47","date_gmt":"2026-03-10T11:00:47","guid":{"rendered":"https:\/\/marksizm.org.tr\/?p=6264"},"modified":"2026-03-11T10:49:12","modified_gmt":"2026-03-11T10:49:12","slug":"tip-lideri-erkan-bas-onumuzdeki-bas-gorev-demokrasinin-300-yillik-kazanimlarini-korumak-ve-ilerletmek","status":"publish","type":"post","link":"https:\/\/marksizm.org.tr\/?p=6264","title":{"rendered":"T\u0130P Lideri Erkan Ba\u015f: \u00d6n\u00fcm\u00fczdeki Ba\u015f G\u00f6rev Demokrasinin 300 Y\u0131ll\u0131k Kazan\u0131mlar\u0131n\u0131 Korumak ve \u0130lerletmek"},"content":{"rendered":"\n<h1 class=\"wp-block-heading\"><strong>T\u0130P Lideri Erkan Ba\u015f: \u00d6n\u00fcm\u00fczdeki Ba\u015f G\u00f6rev Demokrasinin 300 Y\u0131ll\u0131k Kazan\u0131mlar\u0131n\u0131 Korumak ve \u0130lerletmek<\/strong><br><strong>Erkan<\/strong> <strong>Ba\u015f 3. Parti Konferans\u0131 Sonu\u00e7lar\u0131n\u0131 De\u011ferlendirdi<\/strong><\/h1>\n\n\n\n<figure class=\"wp-block-image aligncenter size-full\"><img loading=\"lazy\" decoding=\"async\" width=\"720\" height=\"400\" src=\"https:\/\/marksizm.org.tr\/wp-content\/uploads\/2026\/03\/erkan-bas-tan-kilicdaroglu-yorumu-ittifakimiz-desteklerse-acik-ara-kazaniriz-1137177-5.webp\" alt=\"\" class=\"wp-image-6267\" srcset=\"https:\/\/marksizm.org.tr\/wp-content\/uploads\/2026\/03\/erkan-bas-tan-kilicdaroglu-yorumu-ittifakimiz-desteklerse-acik-ara-kazaniriz-1137177-5.webp 720w, https:\/\/marksizm.org.tr\/wp-content\/uploads\/2026\/03\/erkan-bas-tan-kilicdaroglu-yorumu-ittifakimiz-desteklerse-acik-ara-kazaniriz-1137177-5-300x167.webp 300w\" sizes=\"auto, (max-width: 720px) 100vw, 720px\" \/><\/figure>\n\n\n\n<p style=\"font-size:clamp(16.834px, 1.052rem + ((1vw - 3.2px) * 0.716), 26px);\"><strong>\u015eubat 2026<\/strong><br><strong><em>&nbsp;<\/em><\/strong><br><strong>Derleyen Eyl\u00fcl Deniz<\/strong><br><strong><em>&nbsp;<\/em><\/strong><br><strong>Kom\u00fcnist Dergisi\u2019nin 23. Say\u0131s\u0131ndan Al\u0131nm\u0131\u015ft\u0131r. Erkan Ba\u015f bu yaz\u0131s\u0131nda T\u0130P\u2019in siyasi muhalefetin genelinde g\u00f6r\u00fclen yorgunluk ve da\u011f\u0131n\u0131kl\u0131\u011f\u0131n giderilmesine yard\u0131mc\u0131 olmas\u0131 gerekti\u011fini; siyasi muhalefetin T\u0130P\u2019in cesaretine, kararl\u0131l\u0131\u011f\u0131na, \u00e7al\u0131\u015fkanl\u0131\u011f\u0131na ve \u00f6zverisine ihtiyac\u0131 oldu\u011funu savunuyor. Erkan Ba\u015f t\u00fcm partiyi \u00c7ulhao\u011flu\u2019nun s\u0131n\u0131f m\u00fccadelesi kavram\u0131na getirdi\u011fi yeni yorumu kavramaya \u00e7a\u011f\u0131rd\u0131.<\/strong><br><strong><em>&nbsp;<\/em><\/strong><br><strong>Kom\u00fcnist<\/strong>:<strong> T\u0130P 3. T\u00fcrkiye Konferans\u0131, T\u00fcrkiye&#8217;nin siyasal olarak s\u0131k\u0131\u015ft\u0131\u011f\u0131, muhalefetin ise y\u00f6n kayb\u0131 ya\u015fad\u0131\u011f\u0131 bir d\u00f6nemde<\/strong><strong> topland\u0131. Bu kongreyi \u00f6nceki kongrelerden ay\u0131ran temel y\u00f6nelimler neler? Parti bu kongre ile hangi esi\u011fi a\u015facak?<\/strong><\/p>\n\n\n\n<p style=\"font-size:clamp(16.834px, 1.052rem + ((1vw - 3.2px) * 0.716), 26px);\"><strong>Erkan<\/strong> <strong>Ba\u015f<\/strong>: \u2026Devrimci bir parti olarak bizim de bu geli\u015fme ve de\u011fi\u015fmelere daha h\u0131zl\u0131 yan\u0131t vermemiz, y\u00f6nelimimizi ve yap\u0131lanmam\u0131z\u0131 yeni d\u00f6nemin ihtiya\u00e7lar\u0131n\u0131 yan\u0131tlayacak hale getirmemiz gerekiyor.<br>Konferans\u0131m\u0131z\u0131n en \u00f6nemli vurgusunun m\u00fccadelenin \u00e7ok zorla\u015ft\u0131\u011f\u0131, m\u00fccadele imkanlar\u0131n\u0131n hayli darald\u0131\u011f\u0131, m\u00fccadele edenlerde de belirgin bir yorgunlu\u011fun ve da\u011f\u0131n\u0131kl\u0131\u011f\u0131n g\u00f6zlemlendi\u011fi bir u\u011frakta partiyi m\u00fccadelenin en \u00f6n\u00fcne itmek kararl\u0131l\u0131\u011f\u0131 oldu\u011funu d\u00fc\u015f\u00fcn\u00fcyorum. Bu, muhalefetteki yorgunlu\u011fun ve da\u011f\u0131n\u0131kl\u0131\u011f\u0131n Tip\u2019e sundu\u011fu kimi f\u0131rsatlardan yararlanmay\u0131 i\u015faret eden bir vurgu de\u011fil esas\u0131nda. Do\u011frusu ve bizim yapmaya \u00e7al\u0131\u015ft\u0131\u011f\u0131m\u0131z \u015fey, m\u00fccadelenin daha da zorla\u015ft\u0131\u011f\u0131 bir u\u011frakta daha kararl\u0131, daha cesur, daha \u00f6zg\u00fcvenli bir siyasal \u00e7\u0131k\u0131\u015f\u0131n biricik yol oldu\u011funu bilince \u00e7\u0131karmak. B\u00f6ylesi bir \u00e7\u0131k\u0131\u015f, ku\u015fkusuz partimizin de g\u00fc\u00e7lenmesine, mevziler kazanmas\u0131na yol a\u00e7acakt\u0131r; ama bir yandan da muhalefetin genelindeki yorgunluk ve da\u011f\u0131n\u0131kl\u0131\u011f\u0131n giderilmesine yard\u0131mc\u0131 olacakt\u0131r.<br>Bug\u00fcnk\u00fc ko\u015fullarda, muhalefetin de devrimcilere, devrimcilerin cesaretine ve kararl\u0131l\u0131\u011f\u0131na, \u00e7al\u0131\u015fkanl\u0131\u011f\u0131na ve \u00f6zverisine ihtiya\u00e7 oldu\u011funu eklememiz gerekir.<\/p>\n\n\n\n<p style=\"font-size:clamp(16.834px, 1.052rem + ((1vw - 3.2px) * 0.716), 26px);\"><br><strong>Kom\u00fcnist<\/strong>: <strong>Raporda \u00f6zg\u00fcvenli ve umutlu bir ton var. T\u0130P, bu ko\u015fullarda sosyalizmi yeniden g\u00fc\u00e7l\u00fc bir se\u00e7enek olarak konu\u015fabiliyorsa, bunu<\/strong><strong> neye dayanarak yap\u0131yor? Parti kendi g\u00fcc\u00fcn\u00fc temelde nerede g\u00f6r\u00fcyor?<\/strong><br><em>\u00a0<\/em><br><strong>Erkan<\/strong> <strong>Ba\u015f<\/strong>: Devrimcilerin halktan ba\u015fka bir g\u00fcc\u00fc ve g\u00fcvencesi olmad\u0131\u011f\u0131ndan s\u00f6z etmemiz gerekir\u2026 Devrimcilere hem tarih \u00f6n\u00fcnde hem de m\u00fccadelenin o an\u0131 i\u00e7inde g\u00fc\u00e7 ve g\u00fcven veren \u015fey halk\u0131n haklar\u0131 ve halk\u0131n \u00e7\u0131karlar\u0131d\u0131r\u2026 Biz, e\u011fer gerekli yo\u011funla\u015fmay\u0131 koruyabilirsek, ara\u00e7lar\u0131m\u0131z\u0131 zenginle\u015ftirir ve daha etkili hale getirirsek, \u00e7al\u0131\u015fmalar\u0131m\u0131z\u0131 k\u00fc\u00e7\u00fck i\u015f &#8211; b\u00fcy\u00fck i\u015f diye ay\u0131rt etmeden kesin bir ciddiyet, s\u00fcreklilik ve kararl\u0131l\u0131k ile y\u00fcr\u00fct\u00fcrsek bunlar\u0131 ba\u015farmamak i\u00e7in hi\u00e7bir neden de g\u00f6rm\u00fcyoruz.<\/p>\n\n\n\n<p style=\"font-size:clamp(16.834px, 1.052rem + ((1vw - 3.2px) * 0.716), 26px);\"><strong>Kom\u00fcnist<\/strong>: <strong>D\u00fcnyada ve T\u00fcrkiye\u2019de i\u00e7inden ge\u00e7ti\u011fimiz s\u00fcrecin kar\u015f\u0131-devrimci bir s\u00fcre\u00e7 oldu\u011fu, konferans raporunda da hakim bir saptama olarak \u00f6ne \u00e7\u0131k\u0131yor. Bu saptaman\u0131n i\u015faret etti\u011fi e\u011filimler neler ve<\/strong><strong> T\u0130P a\u00e7\u0131s\u0131ndan bu e\u011filimler nas\u0131l bir m\u00fccadele g\u00fcndemi olu\u015fturuyor?<\/strong><\/p>\n\n\n\n<p style=\"font-size:clamp(16.834px, 1.052rem + ((1vw - 3.2px) * 0.716), 26px);\"><strong>Erkan<\/strong> <strong>Ba\u015f<\/strong>: Do\u011fru, ger\u00e7ekten de kar\u015f\u0131-devrimci s\u00fcre\u00e7lere y\u00f6nelik saptamam\u0131z konferans\u0131m\u0131zdaki tart\u0131\u015fmalar\u0131n ana maddelerinden biri oldu ve \u00f6n\u00fcm\u00fczdeki s\u00fcre\u00e7te y\u00fcr\u00fctece\u011fimiz \u00e7al\u0131\u015fmalar\u0131n arka plan\u0131nda da bu saptaman\u0131n yer almas\u0131 gerekir. Bunun i\u00e7in saptaman\u0131n i\u00e7eri\u011fi ve \u00e7\u0131kar\u0131mlar\u0131 konusunda netle\u015fmek zorunda oldu\u011fumuz a\u00e7\u0131k\u2026\u2026<\/p>\n\n\n\n<p style=\"font-size:clamp(16.834px, 1.052rem + ((1vw - 3.2px) * 0.716), 26px);\">\u00d6rne\u011fin, fa\u015fizan dayatmalar, kamusall\u0131k krizi, devletin yeni yap\u0131lanmas\u0131, cephele\u015fme, alt-emperyalist giri\u015fimler gibi konularda sabit, dura\u011fan, bir olguyu adland\u0131rmaya \u00e7al\u0131\u015fan bir yakla\u015f\u0131m yerine s\u00fcre\u00e7leri, birbiriyle \u00e7at\u0131\u015fan e\u011filimleri, d\u00fczen siyaseti a\u00e7\u0131s\u0131ndan kriz ve devrimci siyaset a\u00e7\u0131s\u0131ndan imkan yaratabilecek \u00e7eli\u015fkilere alan a\u00e7an y\u00f6nelimleri i\u015faret etmeye \u00e7al\u0131\u015ft\u0131k.<br>\u00a0<br>Kar\u015f\u0131 devrimci s\u00fcre\u00e7ler bir \u00f6nceki devrimi tasfiye eden ya da muhtemel bir devrimci kalk\u0131\u015fmay\u0131 \u00f6nlemek \u00fczere dev reye sokulan bir kar\u015f\u0131-devrim de\u011fil. G\u00fcn\u00fcm\u00fczde bu tan\u0131mlar\u0131n her birine uyan \u00f6rnekler bulmak m\u00fcmk\u00fcn, tarihte de elbette. Ama esas ihtiyac\u0131m\u0131z bu e\u011filimin yay\u0131ld\u0131\u011f\u0131 alan\u0131, o alanda yaratt\u0131\u011f\u0131 kriz ve \u00e7at\u0131\u015fmalar\u0131, bunlar\u0131n devrimci harekete sundu\u011fu imkanlar\u0131 ve g\u00f6revleri saptamak. Bu nedenle, d\u00fcnyan\u0131n ve \u00fclkemizin kar\u015f\u0131-devrimci bir s\u00fcre\u00e7ten ge\u00e7ti\u011fini saptad\u0131k.<br>\u00d6rne\u011fin, partimiz sosyalizm m\u00fccadelesinde demokratik g\u00f6revlerin de yerini ve \u00f6nemini kavrayan bir parti olarak ay\u0131rt ediliyor. Demokratik g\u00f6revlerin insanl\u0131k tarihinin burjuva devrimler d\u00f6neminden miras kalan ve sermaye egemenli\u011fi g\u00fc\u00e7lendik\u00e7e de geriye do\u011fru a\u015f\u0131nd\u0131r\u0131lan temel hak ve \u00f6zg\u00fcrl\u00fckler ifade etti\u011fi s\u00f6ylenebilir. E\u011fer kar\u015f\u0131-devrimci y\u00f6nelimleri kavramaz isek bu a\u015f\u0131nd\u0131rma ve tasfiye s\u00fcre\u00e7lerini yeteri do\u011frulukta a\u00e7\u0131klamam\u0131z pek kolay olmaz. Dahas\u0131, sosyalistlerin demokratik g\u00f6revler konusunda inisiyatif \u00fcstlenmesinin gerek\u00e7esi de inand\u0131r\u0131c\u0131 bi\u00e7imde ortaya konamaz. \u0130\u015fte kar\u015f\u0131-devrimci s\u00fcre\u00e7lere ve y\u00f6nelimlere dair saptamam\u0131z bize b\u00f6yle siyasal alanlar ve f\u0131rsatlar sunuyor, partinin \u00f6n\u00fcne de somut g\u00f6revle koyuyor.<br>Zaman zaman \u201cbu kar\u015f\u0131-devrim hangi devrime kar\u015f\u0131 yap\u0131ld\u0131?\u201d gibi sorular geliyor. Bu sorunun kar\u015f\u0131-devrim saptamas\u0131n\u0131n ge\u00e7mi\u015fte yap\u0131lm\u0131\u015f standart bi\u00e7imlerine fazlas\u0131yla ba\u011fl\u0131 kalmak gibi bir sorun oldu\u011funu d\u00fc\u015f\u00fcn\u00fcyorum. Ge\u00e7mi\u015fte sosyalist hareketin \u00fcretti\u011fi tart\u0131\u015fma ve saptamalar elbette de\u011ferli ve \u00f6\u011freticidir; ancak bir olguyu, bir s\u00fcreci sadece y\u00fcz y\u0131l \u00f6ncesine ait saptamalara s\u0131k\u0131\u015ft\u0131rarak tart\u0131\u015fmam\u0131z faydal\u0131 olmaz. Dahas\u0131, d\u00fcnyada g\u00f6zlemledi\u011fimiz kar\u015f\u0131-devrim sald\u0131r\u0131lar insanl\u0131k tarihinin son 300 y\u0131l\u0131nda s\u00fcrd\u00fcr\u00fclen ve sonu\u00e7lar a\u00e7\u0131s\u0131ndan emek\u00e7ilerin m\u00fccadele kapasitesini g\u00fc\u00e7lendiren bir\u00e7ok ba\u015fl\u0131\u011fa y\u00f6nelmi\u015f durumda. \u00c7ok radikal bile de\u011fil, en genel, en standart olanlar\u0131ndan \u00f6rnek vereyim: Se\u00e7me ve se\u00e7ilme hakk\u0131, toplant\u0131 ve g\u00f6steri hakk\u0131, \u00f6rg\u00fctlenme hakk\u0131, ifade \u00f6zg\u00fcrl\u00fc\u011f\u00fc, masumiyet karinesi, adil yarg\u0131lanma ve hukuk \u00f6n\u00fcnde e\u015fitlik gibi bir\u00e7ok norm g\u00fcn\u00fcm\u00fczde a\u011f\u0131r bir sald\u0131r\u0131 alt\u0131nda.<br>Bu normlar\u0131n burjuva devrimleri d\u00f6neminde insanl\u0131k taraf\u0131ndan kazan\u0131lm\u0131\u015f olmas\u0131, onlar\u0131n burjuvaziye ait oldu\u011fu \u015feklinde \u015fematik bir sonuca g\u00f6t\u00fcrmemeli bizi. Neredeyse bunlar\u0131n hepsi burjuvaziye ra\u011fmen ve emek\u00e7ilerin zorlu m\u00fccadeleleri sayesinde kazan\u0131lm\u0131\u015ft\u0131r. Bu anlamda, devrimci m\u00fccadeleler yoluyla ve emek\u00e7i s\u0131n\u0131flar\u0131n eme\u011fiyle kazan\u0131lm\u0131\u015ft\u0131r\u2026\u2026<\/p>\n\n\n\n<p style=\"font-size:clamp(16.834px, 1.052rem + ((1vw - 3.2px) * 0.716), 26px);\">\u2026 \u00d6zetle, kar\u015f\u0131-devrim ge\u00e7mi\u015fte olmu\u015f bir devrime kar\u015f\u0131 olmas\u0131 a\u00e7\u0131s\u0131ndan de\u011fil sadece, esas olarak ge\u00e7mi\u015fte devrimci m\u00fccadeleler ile kazan\u0131lm\u0131\u015f haklara kar\u015f\u0131 olmas\u0131 a\u00e7\u0131s\u0131ndan bir kar\u015f\u0131-devrimci sald\u0131r\u0131 s\u00fcrecinden s\u00f6z etmemiz gerekiyor.&nbsp; Do\u011fal olarak devrimcilerin g\u00f6revleri de bu mevzilerin korunmas\u0131, g\u00fc\u00e7lendirilmesi ve yeni mevzilerle peki\u015ftirilmesi olmak zorundad\u0131r.<br>&nbsp;<br><strong>Kom\u00fcnist<\/strong>: <strong>Bu kongre raporu, sini m\u00fccadelesini merkeze al\u0131rken ayn\u0131<\/strong><strong> zamanda geni\u015f toplum kesimlerine seslenme iddias\u0131 da ta\u015f\u0131yor. T\u0130P, s\u0131n\u0131f siyaseti ile &#8220;toplumsal \u00e7o\u011funluk&#8221; aras\u0131nda nas\u0131l bir ba\u011f kuruyor?<\/strong><strong><br><\/strong>&nbsp;<br>\u2026\u00c7\u00fcnk\u00fc bir\u00e7ok tart\u0131\u015fman\u0131n arka plan\u0131nda bizim s\u0131n\u0131f m\u00fccadelesini ve siyasetini nas\u0131l kavrad\u0131\u011f\u0131m\u0131z yat\u0131yor. \u0130zninizle bu konuyu a\u00e7mak i\u00e7in birka\u00e7 teorik saptamadan faydalanaca\u011f\u0131m.<br>Birincisi, asl\u0131nda az \u00f6nce girdi\u011fim demokratik g\u00f6revler konusu. \u0130nsanl\u0131\u011f\u0131n burjuva devrimleri d\u00f6neminde kazand\u0131\u011f\u0131 normlar, o normlar\u0131n burjuvaziye ait olmas\u0131 gerekti\u011fi anlam\u0131na gelmiyor. Nitekim tarihi dikkatli ve detayl\u0131 bi\u00e7imde okudu\u011fumuzda g\u00fcn\u00fcm\u00fczde \u201cburjuva demokratik haklar\u201d olarak an\u0131lan normlar\u0131n bir\u00e7o\u011funun burjuvaziye ra\u011fmen ve emek\u00e7ilerin m\u00fccadeleleri yoluyla kazan\u0131ld\u0131\u011f\u0131n\u0131 g\u00f6rebiliriz. Dolay\u0131s\u0131yla, demokratik g\u00f6revler ile sosyalist g\u00f6revler aras\u0131ndaki s\u00fcreklili\u011fi korumam\u0131z gerekiyor. Bu kapitalizm ile sosyalizm aras\u0131nda bir s\u00fcreklilik varsaymak anlam\u0131na gelmez. \u0130\u015f\u00e7i s\u0131n\u0131f\u0131n\u0131n tarihe m\u00fcdahalesi ve kazand\u0131rd\u0131klar\u0131 sosyalizmle birlikte ba\u015flamayaca\u011f\u0131na g\u00f6re, kapitalizm ko\u015fullar\u0131 alt\u0131nda y\u00fcr\u00fct\u00fclen s\u0131n\u0131f m\u00fccadelelerinin birikiminin de korunmas\u0131 ve sosyalizme ilerleyi\u015fte birer mevzi olarak kullan\u0131lmas\u0131 anlam\u0131na geliyor. T\u0130P&#8217;in siyaset tarz\u0131n\u0131 ay\u0131rt eden noktalardan biri buradan \u00e7\u0131karsanabilir.<br>\u0130kinci olarak ise, Metin \u00c7ulhao\u011flu&#8217;nun \u201cs\u0131n\u0131f siyaseti, s\u0131n\u0131ftan de\u011fil s\u0131n\u0131fsall\u0131ktan hareket edilerek yap\u0131l\u0131r\u201d s\u00f6zleriyle ileri s\u00fcrd\u00fc\u011f\u00fc saptamay\u0131 alal\u0131m. Bu saptaman\u0131n teorik a\u00e7\u0131dan \u00e7ok derinlikli oldu\u011funu d\u00fc\u015f\u00fcn\u00fcyorum ve t\u00fcm yolda\u015flar\u0131m\u0131z\u0131n da bu saptaman\u0131n arka plan\u0131 ve yaratt\u0131\u011f\u0131 sonu\u00e7lar hakk\u0131nda d\u00fc\u015f\u00fcnmesini rica ediyorum. Siyasetin, s\u0131n\u0131f siyasetinin de g\u00fcndemi sadece emek s\u00fcrecinde ya\u015fanan \u00e7at\u0131\u015fmalara ya da s\u0131n\u0131flar\u0131n fili tutumlar\u0131na indirgenemez. Emek s\u00fcreci ve s\u0131n\u0131f pratikleri kadar, s\u0131n\u0131fsall\u0131\u011f\u0131n \u00fclke geneline yay\u0131ld\u0131\u011f\u0131 ve g\u00f6r\u00fcn\u00fcr oldu\u011fu g\u00fcndem ve \u00e7at\u0131\u015fmalar da siyasetin konusu olmak zorundad\u0131r.<br>\u00d6rne\u011fin, bir \u00fcniversiteye kifayetsiz bir rekt\u00f6r\u00fcn kayyum olarak atanmas\u0131, sermaye s\u0131n\u0131f\u0131 oturup bu atamaya karar verdi\u011fi i\u00e7in de\u011fil, sermaye egemenli\u011finin s\u00fcrd\u00fcr\u00fclmesi i\u00e7in ihtiya\u00e7 duyulan siyasal iklimin yarat\u0131lmas\u0131 a\u00e7\u0131s\u0131ndan s\u0131n\u0131fsald\u0131r. Bu anlamda, s\u0131n\u0131fsall\u0131k, s\u0131n\u0131f m\u00fccadelesi \u00f6znelerinin g\u00fcnl\u00fck deneyimlerini ve pratiklerini a\u015fan, hatta onlar\u0131 da ko\u015fullayan, sonu\u00e7ta toplumsal yap\u0131n\u0131n t\u00fcm\u00fcn\u00fc bi\u00e7imlendiren bir belirlenim olu\u015fturur. \u0130\u015fte s\u0131n\u0131f siyasetinin kendisini yerle\u015ftirmesi ve \u00fczerinde hareket etmesi gereken d\u00fczlem de buras\u0131d\u0131r. Bu yakla\u015f\u0131m\u0131 kullanmazsak, \u00f6rne\u011fin emek g\u00fcc\u00fcn\u00fcn yeniden \u00fcretimi ba\u015fl\u0131\u011f\u0131nda g\u00fcndem edilebilecek bir\u00e7ok sorun karanl\u0131kta kal\u0131r ya da \u00fclkedeki siyasetin konusu en fazla hukuki tart\u0131\u015fmalara g\u00f6m\u00fcl\u00fcr. S\u0131n\u0131fsall\u0131\u011f\u0131 siyasetin zemini olarak kavramak bizim a\u00e7\u0131m\u0131zdan yine ay\u0131rt edici bir yan olu\u015fturuyor. Zaten, y\u00fcz y\u0131ldan fazla bir s\u00fcre \u00f6nce ekonomizmin bir \u201csapma\u201d olarak nitelenmesinin nedeni de bu yakla\u015f\u0131m\u0131n Marksizmdeki yerinden kaynaklan\u0131yor.<br>&nbsp;<br>\u2026. S\u0131n\u0131f siyaseti derken salt emek s\u00fcrecindeki \u00e7at\u0131\u015fmalar\u0131 de\u011fil, onlar\u0131 da kapsayan ama ayn\u0131 zamanda sermaye egemenli\u011finin toplumsal niteli\u011fini de g\u00f6ren, sermayeyle toplumsal ya\u015fam\u0131n t\u00fcm boyutlar\u0131nda kavga etmeyi \u00fcstlenen bir tarz\u0131 kast ediyoruz. Bu anlamda, bizler a\u00e7\u0131s\u0131ndan s\u0131n\u0131f siyasetinin toplumsalla\u015fmaya engel olarak g\u00f6r\u00fclmesi ya da toplumsal sorunlara dair m\u00fccadelenin s\u0131n\u0131f siyaseti d\u0131\u015f\u0131nda de\u011ferlendirilmesi m\u00fcmk\u00fcn de\u011fil.<\/p>\n\n\n\n<p style=\"font-size:clamp(16.834px, 1.052rem + ((1vw - 3.2px) * 0.716), 26px);\"><br><strong>Kom\u00fcnist: T\u0130P son y\u0131llarda Meclis&#8217;te g\u00fc\u00e7l\u00fc bir siyasal g\u00f6r\u00fcn\u00fcrl\u00fck kazand\u0131. Ancak kongre siyasi raporu, parlamenter siyasetin s\u0131n\u0131rlar\u0131na da a\u00e7\u0131k\u00e7a i\u015faret ediyor. Bu konferans, T\u0130P&#8217;in Meclis ile sokak, \u00f6rg\u00fctlenme ve m\u00fccadele aras\u0131ndaki ili\u015fkiyi nas\u0131l yeniden tan\u0131ml\u0131yor?<\/strong><strong>Erkan<\/strong><strong>Ba\u015f<\/strong>: Asl\u0131nda parlamenter siyaset konusundaki de\u011ferlendirmemizde en ba\u015ftan bug\u00fcne hi\u00e7bir de\u011fi\u015fiklik bulunmuyor. Zaman zaman parlamenter siyaset yapman\u0131n Bol\u015fevizmden sapma olarak de\u011ferlendirildi\u011fini g\u00f6r\u00fcyoruz\u2026\u2026 Oysa Bol\u015fevik Parti&#8217;nin deneyiminden devralm\u0131\u015f oldu\u011fumuz ilkenin temelinde ise \u015fu yat\u0131yor: Halk\u0131 meclise, meclisi halka ta\u015f\u0131mak\u2026\u2026Bug\u00fcne kadar oldu\u011fu gibi bundan sonra da parlamenter siyaset d\u00fczlemindeki ara\u00e7lar\u0131 halk\u0131n \u00e7\u0131karlar\u0131n\u0131n savunulmas\u0131, halk\u0131n \u00f6rg\u00fctl\u00fcl\u00fc\u011f\u00fcn\u00fcn art\u0131r\u0131lmas\u0131 ve halk\u0131n m\u00fccadelesinin g\u00fc\u00e7lendirilmesi i\u00e7in kullanaca\u011f\u0131z. Bunu da sadece meclis k\u00fcrs\u00fcs\u00fcnde konu\u015fmalar yaparak de\u011fil, t\u00fcm \u00f6rg\u00fct\u00fcm\u00fczle soka\u011fa inerek, mahallelerde kap\u0131 kap\u0131 dola\u015f\u0131p \u00f6rg\u00fctlenerek, partiyi \u00fclkenin d\u00f6rt bir k\u00f6\u015fesinde harekete ge\u00e7irip kazan\u0131mlar biriktirerek yapaca\u011f\u0131z.<br><br><strong>Kom\u00fcnist: Bu konferans\u0131n ard\u0131ndan T\u0130P&#8217;in \u00f6n\u00fcm\u00fczdeki birka\u00e7 y\u0131l i\u00e7in hangi alanlara \u00f6ncelik verece\u011fini s\u00f6yleyebiliriz? \u00d6rg\u00fctlenme, toplumsal m\u00fccadeleler, meclis \u00e7al\u0131\u015fmas\u0131 ya da yerel siyaset a\u00e7\u0131s\u0131ndan yurtta\u015flar bu kongreden nas\u0131l somut i\u015faretler \u00e7\u0131karmal\u0131?<\/strong><br><br>&nbsp;\u2026.\u00d6n\u00fcm\u00fczdeki d\u00f6nem parti \u00e7al\u0131\u015fmalar\u0131m\u0131z\u0131n merkezinde y\u00fcr\u00fctt\u00fc\u011f\u00fcm\u00fcz m\u00fccadeleleri cephesel bir yakla\u015f\u0131mla ele almak, bu t\u00fcr modellerin b\u00fcy\u00fct\u00fclmesi ve yayg\u0131nla\u015ft\u0131r\u0131lmas\u0131na yo\u011funla\u015fmak yer alacak. Cephesel m\u00fccadeleler dedi\u011fimizde de hemen devrimci hareketin ge\u00e7mi\u015fteki cephe tart\u0131\u015fmalar\u0131na ve deneyimlerine s\u0131k\u0131\u015ft\u0131rmamak gerekiyor konuyu. O deneyimlerin \u00e7ok \u00f6\u011fretici yanlar\u0131 var, ama bir yandan da m\u00fccadelenin g\u00fcncel ihtiya\u00e7lar\u0131n\u0131n bizleri zorlad\u0131\u011f\u0131 yarat\u0131c\u0131l\u0131k var.<br><br>&nbsp;\u2026Her nerede, hangi ba\u015fl\u0131kta m\u00fccadele ediyorsak, bunu T\u0130P&#8217;in \u00f6tesine uzanan, ma\u011fdur ve \u00f6fkeli yurtta\u015flar\u0131m\u0131z da kapsayan, onlar\u0131 sadece kitle gibi de\u011fil enerjileriyle ve yarat\u0131c\u0131l\u0131klar\u0131yla m\u00fccadelenin \u00f6zneleri olarak g\u00f6ren ve T\u0130P ile birlikte, omu omuza m\u00fccadele verebilecekleri zeminler yaratan bir tarz\u0131 ar\u0131yoruz.<br><br>..Partimiz T\u00fcrkiye sosyalist hareketinin en b\u00fcy\u00fck partisi olmakla avunacak de\u011fil. T\u00fcrkiye gibi b\u00fcy\u00fck bir \u00fclkede partimizin b\u00fcy\u00fckl\u00fc\u011f\u00fcn\u00fcn hedeflerimiz a\u00e7\u0131s\u0131ndan yeterli olmad\u0131\u011f\u0131 da ortada. Bu y\u00fczden partinin organik temas\u0131n\u0131n ve b\u00fcy\u00fcme ivmesinin art\u0131r\u0131lmas\u0131 ya\u015famsal bir konu. Devrimcilik, zaten, ilk \u00f6nce ve en ba\u015fta insan kazanmakla, m\u00fccadeleyi yeni insanlar\u0131n kat\u0131l\u0131m\u0131yla g\u00fc\u00e7lendirmekle ilgili. Emek\u00e7ileri \u00f6rg\u00fctl\u00fc k\u0131lmak, onlari m\u00fccadele saflar\u0131nda birle\u015ftirmekle ilgili. Bunun tek adresi ve arac\u0131 partiler de\u011fildir elbette, ama partimizin de \u00f6rg\u00fctlenme a\u00e7\u0131s\u0131ndan halka ula\u015fmas\u0131 gerekiyor. \u00d6zetle, partimiz kesintisiz bi\u00e7imde b\u00fcy\u00fcmeli, yeni insanlar\u0131 kazanmal\u0131, \u00f6rg\u00fctlenmeli. Bu \u00fclkede T\u0130P, sadece s\u00f6z\u00fcyle de\u011fil g\u00fcc\u00fcyle de g\u00fcven vermeli.<br><br>&nbsp;\u2026Buraya kadar k\u0131saca konu\u015ftu\u011fumuz \u00e7er\u00e7evenin ilk sonu\u00e7lar\u0131n\u0131 konferans sonras\u0131nda g\u00f6rmeye ba\u015flad\u0131\u011f\u0131m\u0131z\u0131 s\u00f6yleyebilirim, ki\u015fisel olarak bu a\u00e7\u0131dan mutlu ve umutluyum. \u00d6rne\u011fin Bir \u00d6\u011f\u00fcn Yemek ve MESEM ba\u015fl\u0131klar\u0131ndaki kampanyalar\u0131m\u0131z\u0131n halkta buldu\u011fu kar\u015f\u0131l\u0131k, tutuklanan gen\u00e7 yolda\u015flar\u0131m\u0131z\u0131n g\u00f6sterdi\u011fi cesaret ve kararl\u0131l\u0131\u011f\u0131n partimize kazand\u0131rd\u0131\u011f\u0131 enerji, b\u00fct\u00e7e g\u00f6r\u00fc\u015fmelerinde halk\u0131n \u00e7\u0131karlar\u0131n\u0131 savunmak i\u00e7in \u00e7aba harcayan vekil yolda\u015flar\u0131m\u0131z\u0131n kerli ferli bakanlar\u0131 ka\u00e7\u0131rmas\u0131; ayr\u0131ca yeniden d\u00fczenlenen kurullar\u0131m\u0131z\u0131n h\u0131zla tempolu bir bi\u00e7imde \u00e7al\u0131\u015fmaya giri\u015fmesi, \u00fcye kazanma ivmemizin art\u0131\u015f e\u011filimi g\u00f6stermesi, yay\u0131nlar\u0131m\u0131z\u0131n ve i\u00e7 faaliyetlerimizin etki ve kapsam\u0131n\u0131 geni\u015fletmeye ba\u015flamas\u0131; <strong>bunlar konferans\u0131m\u0131z\u0131n partiye sundu\u011fu y\u00f6nelimin olumlu kar\u015f\u0131l\u0131k buldu\u011funu g\u00f6steriyor. Ama her zaman s\u00f6yledi\u011fim gibi \u201cdaha iyisini yapabiliriz\u201d ve \u015fimdi, i\u00e7inde bulundu\u011fumuz g\u00fcnlerde, m\u00fccadelenin bug\u00fcnk\u00fc evresinde s\u00f6yleyece\u011fim \u015fey \u015fu: \u201cDaha iyisini yapmak zorunday\u0131z.&#8221;<\/strong><strong><br><br><\/strong><\/p>\n","protected":false},"excerpt":{"rendered":"<p>T\u0130P Lideri Erkan Ba\u015f: \u00d6n\u00fcm\u00fczdeki Ba\u015f G\u00f6rev Demokrasinin 300 Y\u0131ll\u0131k Kazan\u0131mlar\u0131n\u0131 Korumak ve \u0130lerletmekErkan Ba\u015f 3. Parti Konferans\u0131 Sonu\u00e7lar\u0131n\u0131 De\u011ferlendirdi \u015eubat 2026&nbsp;Derleyen Eyl\u00fcl Deniz&nbsp;Kom\u00fcnist Dergisi\u2019nin 23. Say\u0131s\u0131ndan Al\u0131nm\u0131\u015ft\u0131r. Erkan Ba\u015f bu yaz\u0131s\u0131nda T\u0130P\u2019in siyasi muhalefetin genelinde g\u00f6r\u00fclen yorgunluk ve da\u011f\u0131n\u0131kl\u0131\u011f\u0131n giderilmesine yard\u0131mc\u0131 olmas\u0131 gerekti\u011fini; siyasi muhalefetin T\u0130P\u2019in cesaretine, kararl\u0131l\u0131\u011f\u0131na, \u00e7al\u0131\u015fkanl\u0131\u011f\u0131na ve \u00f6zverisine ihtiyac\u0131 oldu\u011funu savunuyor. [&hellip;]<\/p>\n","protected":false},"author":1,"featured_media":0,"comment_status":"open","ping_status":"open","sticky":false,"template":"","format":"standard","meta":{"_monsterinsights_skip_tracking":false,"_monsterinsights_sitenote_active":false,"_monsterinsights_sitenote_note":"","_monsterinsights_sitenote_category":0,"footnotes":""},"categories":[4,53],"tags":[],"class_list":["post-6264","post","type-post","status-publish","format-standard","hentry","category-turkiye-sosyalizmi","category-turkiye-sosyalizmi-tr"],"blocksy_meta":[],"_links":{"self":[{"href":"https:\/\/marksizm.org.tr\/index.php?rest_route=\/wp\/v2\/posts\/6264","targetHints":{"allow":["GET"]}}],"collection":[{"href":"https:\/\/marksizm.org.tr\/index.php?rest_route=\/wp\/v2\/posts"}],"about":[{"href":"https:\/\/marksizm.org.tr\/index.php?rest_route=\/wp\/v2\/types\/post"}],"author":[{"embeddable":true,"href":"https:\/\/marksizm.org.tr\/index.php?rest_route=\/wp\/v2\/users\/1"}],"replies":[{"embeddable":true,"href":"https:\/\/marksizm.org.tr\/index.php?rest_route=%2Fwp%2Fv2%2Fcomments&post=6264"}],"version-history":[{"count":3,"href":"https:\/\/marksizm.org.tr\/index.php?rest_route=\/wp\/v2\/posts\/6264\/revisions"}],"predecessor-version":[{"id":6270,"href":"https:\/\/marksizm.org.tr\/index.php?rest_route=\/wp\/v2\/posts\/6264\/revisions\/6270"}],"wp:attachment":[{"href":"https:\/\/marksizm.org.tr\/index.php?rest_route=%2Fwp%2Fv2%2Fmedia&parent=6264"}],"wp:term":[{"taxonomy":"category","embeddable":true,"href":"https:\/\/marksizm.org.tr\/index.php?rest_route=%2Fwp%2Fv2%2Fcategories&post=6264"},{"taxonomy":"post_tag","embeddable":true,"href":"https:\/\/marksizm.org.tr\/index.php?rest_route=%2Fwp%2Fv2%2Ftags&post=6264"}],"curies":[{"name":"wp","href":"https:\/\/api.w.org\/{rel}","templated":true}]}}