{"id":6286,"date":"2026-03-12T10:57:11","date_gmt":"2026-03-12T10:57:11","guid":{"rendered":"https:\/\/marksizm.org.tr\/?p=6286"},"modified":"2026-03-12T10:57:36","modified_gmt":"2026-03-12T10:57:36","slug":"buyuk-marksizm-sozlugu-sinif-mucadeleleri-teorisi","status":"publish","type":"post","link":"https:\/\/marksizm.org.tr\/?p=6286","title":{"rendered":"B\u00fcy\u00fck Marksizm S\u00f6zl\u00fc\u011f\u00fc: S\u0131n\u0131f M\u00fccadeleleri Teorisi"},"content":{"rendered":"\n<h1 class=\"wp-block-heading\">B\u00fcy\u00fck Marksizm S\u00f6zl\u00fc\u011f\u00fc: S\u0131n\u0131f M\u00fccadeleleri Teorisi<\/h1>\n\n\n\n<p style=\"font-size:clamp(16.834px, 1.052rem + ((1vw - 3.2px) * 0.716), 26px);\"><strong>[<em>B\u00fcy\u00fck Marksizm S\u00f6zl\u00fc\u011f\u00fc<\/em>, Marx&#8217;\u0131n 200. Do\u011fum G\u00fcn\u00fcn\u00fc anmak amac\u0131yla Wuhan\/\u00c7in&#8217;de yay\u0131nlanm\u0131\u015ft\u0131r. 5 Milyon s\u00f6zc\u00fckten ve 4 B\u00f6l\u00fcmden olu\u015fmaktad\u0131r: Marxism, Leninizm, Mao Zedung D\u00fc\u015f\u00fcncesi ve d\u00f6rd\u00fcnc\u00fcs\u00fc \u00c7ine \u00d6zg\u00fc Sosyalizm \u0130n\u015fa Teorisi. S\u00f6zl\u00fck 2012&#8217;de ba\u015flayan Xi Jinping D\u00f6nemini de kaps\u0131yor.]<\/strong><\/p>\n\n\n\n<figure class=\"wp-block-image\"><img decoding=\"async\" src=\"https:\/\/sosyalistbirlik.com\/wp-content\/uploads\/2022\/07\/marx-sozluk.jpg\" alt=\"\" class=\"wp-image-5374\"\/><\/figure>\n\n\n\n<h2 class=\"wp-block-heading\"><strong>S\u0131n\u0131f M\u00fccadeleleri Teorisi<\/strong><\/h2>\n\n\n\n<p style=\"font-size:clamp(16.834px, 1.052rem + ((1vw - 3.2px) * 0.716), 26px);\">S\u0131n\u0131flar\u0131n ortaya \u00e7\u0131k\u0131\u015f\u0131, geli\u015fimi ve yok olu\u015fu, s\u0131n\u0131f \u00e7eli\u015fkileri ve s\u0131n\u0131f m\u00fccadeleleri \u00fczerine Marksist teori. S\u0131n\u0131f, toplumsal \u00fcretimin tarihsel a\u015famas\u0131nda belirli bir geli\u015fme ve yetersiz \u00fcretimle var olan tarihsel bir olgudur.<\/p>\n\n\n\n<p style=\"font-size:clamp(16.834px, 1.052rem + ((1vw - 3.2px) * 0.716), 26px);\">Maddi \u00e7\u0131karlar\u0131 temelde birbirine z\u0131t olan s\u0131n\u0131flar aras\u0131nda bir m\u00fccadele olmal\u0131d\u0131r. Daha Marx ve Engels&#8217;ten \u00f6nce burjuva d\u00fc\u015f\u00fcn\u00fcrleri s\u0131n\u0131f\u0131n ve s\u0131n\u0131f m\u00fccadelesinin varl\u0131\u011f\u0131n\u0131 g\u00f6rm\u00fc\u015f, t\u00fcm s\u0131n\u0131flar\u0131n ekonomik analizini yapm\u0131\u015f ve s\u0131n\u0131f m\u00fccadelesinin tarihsel rol\u00fcn\u00fc fark etmi\u015flerdir. \u00d6rne\u011fin Thierry, Guizot ve Mignet ve di\u011fer burjuva tarih\u00e7ileri s\u0131n\u0131f m\u00fccadelesi d\u00fc\u015f\u00fcncesini ke\u015ffedip ortaya atm\u0131\u015flar, s\u0131n\u0131f m\u00fccadelesinin tarihini, geli\u015fimini ve k\u00f6kenini belli \u00f6l\u00e7\u00fcde anlatm\u0131\u015flar, ancak burjuvazinin s\u0131n\u0131fsal konumu ile s\u0131n\u0131rl\u0131 kald\u0131klar\u0131 i\u00e7in, onlar\u0131n s\u0131n\u0131f ve s\u0131n\u0131f m\u00fccadelesi kavramlar\u0131 \u00fczerine g\u00f6r\u00fc\u015fleri belirli mu\u011flakl\u0131klar i\u00e7 tutars\u0131zl\u0131k ya\u015fam\u0131\u015ft\u0131r.<\/p>\n\n\n\n<p style=\"font-size:clamp(16.834px, 1.052rem + ((1vw - 3.2px) * 0.716), 26px);\">S\u0131n\u0131f m\u00fccadelesi ile ilgili bilimsel teoriyi Marx taraf\u0131ndan kurulmu\u015ftur. Marx, 5 Mart 1852&#8217;de Weydemeyer&#8217;e yazd\u0131\u011f\u0131 mektupta \u015funlar\u0131 belirtiyordu: &#8220;Ve \u015fimdi benim rol\u00fcme gelince, modern kapitalist toplumda s\u0131n\u0131flar\u0131n varl\u0131\u011f\u0131n\u0131 veya aralar\u0131ndaki m\u00fccadeleyi ke\u015ffetme benim haneme yaz\u0131lmamal\u0131. Benden \u00e7ok \u00f6nce burjuva tarih\u00e7ileri bu s\u0131n\u0131f m\u00fccadelesinin tarihsel geli\u015fimini a\u00e7\u0131klad\u0131lar, burjuva iktisat\u00e7\u0131lar\u0131 da s\u0131n\u0131flar\u0131n ekonomik anatomisini a\u00e7\u0131klad\u0131lar.&nbsp; Benim yapt\u0131\u011f\u0131m yeni katk\u0131: (1) s\u0131n\u0131flar\u0131n varl\u0131\u011f\u0131n\u0131n yaln\u0131zca \u00fcretimin geli\u015fimindeki belirli tarihsel a\u015famalara ba\u011fl\u0131 oldu\u011fu, (2) s\u0131n\u0131f m\u00fccadelesinin zorunlu olarak proletarya diktat\u00f6rl\u00fc\u011f\u00fcne yol a\u00e7t\u0131\u011f\u0131, (3) bu diktat\u00f6rl\u00fc\u011f\u00fcn kendisinin yaln\u0131zca t\u00fcm s\u0131n\u0131flar\u0131n ortadan kald\u0131r\u0131lmas\u0131na ve s\u0131n\u0131fs\u0131z bir topluma ge\u00e7i\u015f d\u00f6nemini olu\u015fturdu\u011funu kan\u0131tlamakt\u0131.<\/p>\n\n\n\n<p style=\"font-size:clamp(16.834px, 1.052rem + ((1vw - 3.2px) * 0.716), 26px);\">Bu yeni katk\u0131, Marksist s\u0131n\u0131f m\u00fccadelesi teorisinin \u00f6z\u00fcd\u00fcr. Daha sonra, yeni tarihsel ko\u015fullar alt\u0131nda, Lenin s\u0131n\u0131f m\u00fccadelesi teorisini daha da zenginle\u015ftirdi ve geli\u015ftirdi. Lenin 1903&#8217;te &#8220;K\u0131r Yoksullar\u0131na&#8221; adl\u0131 eserinde \u015funlar\u0131 belirtmi\u015fti: &#8220;S\u0131n\u0131f m\u00fccadelesi nedir? Halk\u0131n bir kesiminin di\u011ferine kar\u015f\u0131 m\u00fccadelesidir; hi\u00e7bir hakk\u0131 olmayan, ezilen ve emek faaliyeti i\u00e7indeki kitlelerin ayr\u0131cal\u0131kl\u0131lara, ezenlere ve asalaklara kar\u015f\u0131 y\u00fcr\u00fctt\u00fc\u011f\u00fc bir m\u00fccadeledir; \u00fccretli emek\u00e7ilerin ya da proleterlerin m\u00fclk sahiplerine ya da burjuvaziye kar\u015f\u0131 y\u00fcr\u00fctt\u00fc\u011f\u00fc bir m\u00fccadeledir.&#8221;<\/p>\n\n\n\n<p style=\"font-size:clamp(16.834px, 1.052rem + ((1vw - 3.2px) * 0.716), 26px);\">Lenin 1919&#8217;da &#8220;B\u00fcy\u00fck Bir Ba\u015flang\u0131\u00e7&#8221; adl\u0131 yaz\u0131s\u0131nda s\u0131n\u0131f\u0131n net bir tan\u0131m\u0131n\u0131 yapm\u0131\u015ft\u0131r: &#8220;S\u0131n\u0131flar, belirli bir toplumsal ekonomi sistemi i\u00e7inde i\u015fgal ettikleri farkl\u0131 konumlar nedeniyle biri di\u011ferinin eme\u011fine el koyabilen insan gruplar\u0131d\u0131r.&#8221; S\u0131n\u0131f m\u00fccadelesi, insan toplumunun s\u0131n\u0131flara b\u00f6l\u00fcnmesinin, temel ekonomik \u00e7\u0131karlar\u0131 t\u00fcmden kar\u015f\u0131t olan s\u0131n\u0131flar aras\u0131ndaki \u00e7at\u0131\u015fma ve m\u00fccadelenin \u00fcr\u00fcn\u00fcd\u00fcr, toplumun temel \u00e7eli\u015fkisinin, yani \u00fcretici g\u00fc\u00e7ler ile \u00fcretici ili\u015fkiler aras\u0131ndaki \u00e7eli\u015fkinin ka\u00e7\u0131n\u0131lmaz tezah\u00fcr\u00fc ve s\u0131n\u0131f \u00e7eli\u015fkilerini \u00e7\u00f6zmenin temel arac\u0131d\u0131r.<\/p>\n\n\n\n<p style=\"font-size:clamp(16.834px, 1.052rem + ((1vw - 3.2px) * 0.716), 26px);\">S\u0131n\u0131f m\u00fccadelesi teorisinin ana i\u00e7eri\u011fi \u015funlard\u0131r: Birincisi, s\u0131n\u0131f m\u00fccadelesinin ortaya \u00e7\u0131k\u0131\u015f\u0131. T\u00fcm egemen s\u0131n\u0131flar, \u00fcretim ara\u00e7lar\u0131 \u00fczerinde ve ekonomideki hakim konumlar\u0131 sayesinde y\u00f6netilen s\u0131n\u0131flar\u0131 her zaman s\u00f6m\u00fcr\u00fcr ve ya\u011fmalarlar. Ayn\u0131 zamanda, bu hakimiyeti s\u00fcrd\u00fcrmek i\u00e7in siyasi ve ideolojik kontrol uygularlar. Y\u00f6netilen s\u0131n\u0131f isa hayatta ayakta kalmak ve s\u00f6m\u00fcr\u00fclen ve ezilen konumundan kurtulmak i\u00e7in direnmek ve m\u00fccadele etmek zorundad\u0131r.<\/p>\n\n\n\n<p style=\"font-size:clamp(16.834px, 1.052rem + ((1vw - 3.2px) * 0.716), 26px);\">\u0130kinci olarak, s\u0131n\u0131f m\u00fccadelesi farkl\u0131 tarihsel a\u015famalarda farkl\u0131 \u00f6zellikler g\u00f6steren tarihsellik niteli\u011fi olan bir kategoridir. \u0130nsanl\u0131k tarihindeki \u00fc\u00e7 s\u0131n\u0131fl\u0131 toplumda, k\u00f6leci toplum k\u00f6le s\u0131n\u0131f\u0131n\u0131n k\u00f6le sahibi s\u0131n\u0131fa kar\u015f\u0131 m\u00fccadelesinde, feodal toplum k\u00f6yl\u00fc s\u0131n\u0131f\u0131n\u0131n feodal toprak a\u011fas\u0131 s\u0131n\u0131f\u0131na kar\u015f\u0131 m\u00fccadelesinde, kapitalist toplum ise proletaryan\u0131n burjuvaziye kar\u015f\u0131 m\u00fccadelesi olarak kendini g\u00f6sterir. S\u0131n\u0131fl\u0131 toplumun a\u015f\u0131lmas\u0131 s\u0131ras\u0131nda, yeni s\u00f6m\u00fcr\u00fcc\u00fc s\u0131n\u0131f ile eski s\u00f6m\u00fcr\u00fcc\u00fc s\u0131n\u0131f aras\u0131ndaki ekonomik stat\u00fc ve maddi \u00e7\u0131kar kar\u015f\u0131tl\u0131\u011f\u0131 nedeniyle s\u0131n\u0131f m\u00fccadelesi ka\u00e7\u0131n\u0131lmaz olarak ortaya \u00e7\u0131kacakt\u0131r.<\/p>\n\n\n\n<p style=\"font-size:clamp(16.834px, 1.052rem + ((1vw - 3.2px) * 0.716), 26px);\">\u00dc\u00e7\u00fcnc\u00fc olarak, s\u0131n\u0131f m\u00fccadelesinin kendisini ortaya koydu\u011fu bi\u00e7imler olduk\u00e7a \u00e7e\u015fitlidir ve temel bi\u00e7imleri ekonomik m\u00fccadele, siyasi m\u00fccadele, ideolojik m\u00fccadele (veya teorik m\u00fccadele). Siyasi m\u00fccadele s\u0131n\u0131f m\u00fccadelesinin merkezi ve \u00f6z\u00fcd\u00fcr ve Siyasi m\u00fccadele, ekonomik m\u00fccadele ile ve ideolojik m\u00fccadele aras\u0131nda yak\u0131n i\u015fbirli\u011fi ve e\u015fg\u00fcd\u00fcm gerektirir. Siyasi m\u00fccadelenin en \u00fcst bi\u00e7imi, s\u0131n\u0131f \u00e7\u0131karlar\u0131n\u0131 korumak i\u00e7in devlet iktidar\u0131n\u0131 ele ge\u00e7irmek i\u00e7in ya da onu korumak i\u00e7in m\u00fccadeledir.<\/p>\n\n\n\n<p style=\"font-size:clamp(16.834px, 1.052rem + ((1vw - 3.2px) * 0.716), 26px);\">D\u00f6rd\u00fcnc\u00fc olarak, s\u0131n\u0131f m\u00fccadelesinin tarihsel rol\u00fc: S\u0131n\u0131f m\u00fccadelesi, s\u0131n\u0131fl\u0131 toplumun geli\u015fimini ilerleten do\u011frudan itici g\u00fc\u00e7 ve toplumsal de\u011fi\u015fimin b\u00fcy\u00fck kald\u0131rac\u0131d\u0131r. S\u0131n\u0131flar, ekonomik temeli olan toplumsal gruplar oldu\u011fu i\u00e7in, toplumsal geli\u015fim s\u00fcrecini do\u011frudan etkileme g\u00fcc\u00fcne daha fazla sahiplerdir. Toplumun g\u00f6rece istikrarl\u0131 oldu\u011fu d\u00f6nemlerde, y\u00f6netilen s\u0131n\u0131f\u0131n s\u00fcrekli direni\u015fi ve m\u00fccadelesi, y\u00f6netici s\u0131n\u0131f\u0131 baz\u0131 ayarlama ve d\u00fczenlemeler yapmaya zorlar ve b\u00f6ylece \u00fcretici g\u00fc\u00e7lerin geli\u015fimine fayda sa\u011flar. B\u00fcy\u00fck toplumsal de\u011fi\u015fim ve devrim d\u00f6nemlerinde, yeni \u00fcretici g\u00fc\u00e7leri temsil eden s\u0131n\u0131f devrim yoluyla eski rejimi devirir, \u00fcretim ili\u015fkilerinin d\u00f6n\u00fc\u015f\u00fcm\u00fcn\u00fc ger\u00e7ekle\u015ftirir, toplumun temel \u00e7eli\u015fkilerini, yani \u00fcretici g\u00fc\u00e7ler ile \u00fcretim ili\u015fkileri aras\u0131ndaki \u00e7eli\u015fkileri \u00e7\u00f6zer, \u00fcretici g\u00fc\u00e7lerin geli\u015fimini te\u015fvik eder ve toplumsal geli\u015fmeyi ileriye do\u011fru iter. S\u0131n\u0131f m\u00fccadelesi toplumsal geli\u015fmenin do\u011frudan itici g\u00fcc\u00fcd\u00fcr. S\u0131n\u0131fl\u0131 toplumun geli\u015fiminin tarihi, s\u0131n\u0131f m\u00fccadelesi tarihidir.<\/p>\n\n\n\n<p style=\"font-size:clamp(16.834px, 1.052rem + ((1vw - 3.2px) * 0.716), 26px);\">Be\u015fincisi, proletaryan\u0131n s\u0131n\u0131f m\u00fccadelesi: Proletaryan\u0131n burjuvaziyi ve t\u00fcm s\u00f6m\u00fcr\u00fcc\u00fc s\u0131n\u0131flar\u0131 ortadan kald\u0131rma m\u00fccadelesi, insanl\u0131k tarihinde bug\u00fcne kadarki en b\u00fcy\u00fck ve en derin kapsaml\u0131 s\u0131n\u0131f m\u00fccadelesidir. \u00d6nceki s\u0131n\u0131f m\u00fccadelelerinden farkl\u0131 olarak, insanl\u0131\u011f\u0131n s\u0131n\u0131f m\u00fccadelesi tarihindeki &#8220;son, nihai&#8221; sava\u015ft\u0131r. Proletarya, iktidar\u0131 ele ge\u00e7irerek ve proletarya diktat\u00f6rl\u00fc\u011f\u00fcn\u00fc in\u015fa ederek sosyalist topluma ge\u00e7er. Proletarya, sosyalizmi in\u015fa ederek proletarya kom\u00fcnizmi gibi y\u00fcce bir hedefin ger\u00e7ekle\u015fmesi i\u00e7in \u00e7abalar. S\u0131n\u0131flar\u0131n nihai olarak ortadan kald\u0131r\u0131lmas\u0131yla birlikte s\u0131n\u0131f m\u00fccadelesi de ortadan kalkar. Marksist s\u0131n\u0131f m\u00fccadelesi teorisi Marksizmin \u00f6nemli bir teorisidir. Bu teori tarihsel materyalizme dayanarak, s\u0131n\u0131f m\u00fccadelesinin ka\u00e7\u0131n\u0131lmaz e\u011filimini ve geli\u015fimini bilimsel olarak savunur ve toplumsal s\u0131n\u0131flar aras\u0131 ili\u015fkileri anlamam\u0131z ve toplumsal sorunlarla ba\u015fa \u00e7\u0131kmam\u0131z i\u00e7in bilimsel bir metodoloji sa\u011flar.<a href=\"https:\/\/www.facebook.com\/sharer\/sharer.php?u=https%3A%2F%2Fsosyalistbirlik.com%2F%3Fp%3D5480\"><\/a><a href=\"https:\/\/twitter.com\/intent\/tweet?url=https%3A%2F%2Fsosyalistbirlik.com%2F%3Fp%3D5480&amp;text=B%C3%BCy%C3%BCk%20Marksizm%20S%C3%B6zl%C3%BC%C4%9F%C3%BC%3A%20S%C4%B1n%C4%B1f%20M%C3%BCcadeleleri%20Teorisi\"><\/a><a href=\"mailto:?subject=B%C3%BCy%C3%BCk%20Marksizm%20S%C3%B6zl%C3%BC%C4%9F%C3%BC%3A%20S%C4%B1n%C4%B1f%20M%C3%BCcadeleleri%20Teorisi&amp;body=https%3A%2F%2Fsosyalistbirlik.com%2F%3Fp%3D5480\"><\/a><\/p>\n","protected":false},"excerpt":{"rendered":"<p>B\u00fcy\u00fck Marksizm S\u00f6zl\u00fc\u011f\u00fc: S\u0131n\u0131f M\u00fccadeleleri Teorisi [B\u00fcy\u00fck Marksizm S\u00f6zl\u00fc\u011f\u00fc, Marx&#8217;\u0131n 200. Do\u011fum G\u00fcn\u00fcn\u00fc anmak amac\u0131yla Wuhan\/\u00c7in&#8217;de yay\u0131nlanm\u0131\u015ft\u0131r. 5 Milyon s\u00f6zc\u00fckten ve 4 B\u00f6l\u00fcmden olu\u015fmaktad\u0131r: Marxism, Leninizm, Mao Zedung D\u00fc\u015f\u00fcncesi ve d\u00f6rd\u00fcnc\u00fcs\u00fc \u00c7ine \u00d6zg\u00fc Sosyalizm \u0130n\u015fa Teorisi. S\u00f6zl\u00fck 2012&#8217;de ba\u015flayan Xi Jinping D\u00f6nemini de kaps\u0131yor.] S\u0131n\u0131f M\u00fccadeleleri Teorisi S\u0131n\u0131flar\u0131n ortaya \u00e7\u0131k\u0131\u015f\u0131, geli\u015fimi ve yok olu\u015fu, s\u0131n\u0131f [&hellip;]<\/p>\n","protected":false},"author":1,"featured_media":0,"comment_status":"open","ping_status":"open","sticky":false,"template":"","format":"standard","meta":{"_monsterinsights_skip_tracking":false,"_monsterinsights_sitenote_active":false,"_monsterinsights_sitenote_note":"","_monsterinsights_sitenote_category":0,"footnotes":""},"categories":[20,49],"tags":[],"class_list":["post-6286","post","type-post","status-publish","format-standard","hentry","category-arsiv","category-arsiv-tr"],"blocksy_meta":[],"_links":{"self":[{"href":"https:\/\/marksizm.org.tr\/index.php?rest_route=\/wp\/v2\/posts\/6286","targetHints":{"allow":["GET"]}}],"collection":[{"href":"https:\/\/marksizm.org.tr\/index.php?rest_route=\/wp\/v2\/posts"}],"about":[{"href":"https:\/\/marksizm.org.tr\/index.php?rest_route=\/wp\/v2\/types\/post"}],"author":[{"embeddable":true,"href":"https:\/\/marksizm.org.tr\/index.php?rest_route=\/wp\/v2\/users\/1"}],"replies":[{"embeddable":true,"href":"https:\/\/marksizm.org.tr\/index.php?rest_route=%2Fwp%2Fv2%2Fcomments&post=6286"}],"version-history":[{"count":1,"href":"https:\/\/marksizm.org.tr\/index.php?rest_route=\/wp\/v2\/posts\/6286\/revisions"}],"predecessor-version":[{"id":6290,"href":"https:\/\/marksizm.org.tr\/index.php?rest_route=\/wp\/v2\/posts\/6286\/revisions\/6290"}],"wp:attachment":[{"href":"https:\/\/marksizm.org.tr\/index.php?rest_route=%2Fwp%2Fv2%2Fmedia&parent=6286"}],"wp:term":[{"taxonomy":"category","embeddable":true,"href":"https:\/\/marksizm.org.tr\/index.php?rest_route=%2Fwp%2Fv2%2Fcategories&post=6286"},{"taxonomy":"post_tag","embeddable":true,"href":"https:\/\/marksizm.org.tr\/index.php?rest_route=%2Fwp%2Fv2%2Ftags&post=6286"}],"curies":[{"name":"wp","href":"https:\/\/api.w.org\/{rel}","templated":true}]}}