{"id":6307,"date":"2026-03-16T10:14:36","date_gmt":"2026-03-16T10:14:36","guid":{"rendered":"https:\/\/marksizm.org.tr\/?p=6307"},"modified":"2026-03-16T10:15:11","modified_gmt":"2026-03-16T10:15:11","slug":"cin-komunistlerinin-1978-ve-1979-yillarinda-cinin-kaderini-degistiren-197-gun-suren-5-uzun-toplantisi","status":"publish","type":"post","link":"https:\/\/marksizm.org.tr\/?p=6307","title":{"rendered":"\u00c7in Kom\u00fcnistlerinin 1978 ve 1979 Y\u0131llar\u0131nda \u00c7in&#8217;in Kaderini De\u011fi\u015ftiren 197 G\u00fcn S\u00fcren 5 Uzun Toplant\u0131s\u0131"},"content":{"rendered":"\n<h1 class=\"wp-block-heading\">\u00c7in Kom\u00fcnistlerinin 1978 ve 1979 Y\u0131llar\u0131nda \u00c7in&#8217;in Kaderini De\u011fi\u015ftiren 197 G\u00fcn S\u00fcren 5 Uzun Toplant\u0131s\u0131<\/h1>\n\n\n\n<h2 class=\"wp-block-heading\">Kemal Okur<\/h2>\n\n\n\n<figure class=\"wp-block-image\"><img decoding=\"async\" src=\"https:\/\/sosyalistbirlik.com\/wp-content\/uploads\/2024\/05\/1119098872_1467191447596_title0h-1024x576.jpg\" alt=\"\" class=\"wp-image-7163\"\/><\/figure>\n\n\n\n<p style=\"font-size:clamp(16.834px, 1.052rem + ((1vw - 3.2px) * 0.716), 26px);\">Ekim 1976&#8217;da ultra solcu grubun devlet darbesi komplosunu bozguna u\u011fratt\u0131ktan sonra \u00c7inli kom\u00fcnistler Parti ve h\u00fck\u00fcmette i\u015fleri yoluna koymak i\u00e7in b\u00fcy\u00fck \u00e7aba sarf ettiler.<\/p>\n\n\n\n<p style=\"font-size:clamp(16.834px, 1.052rem + ((1vw - 3.2px) * 0.716), 26px);\">May\u0131s 1978&#8217;de, \u00c7in Kom\u00fcnist Partisi Merkez Parti Okulu&#8217;nun bir i\u00e7 yay\u0131n\u0131 olan &#8220;Teorik Dinamikler &#8220;in 60. say\u0131s\u0131nda &#8220;Pratik, hakikatin S\u0131nad\u0131\u011f\u0131 Tek Kriterdir &#8221; makalesi yay\u0131nland\u0131. Bu yay\u0131ndan sonra 1978 ve 1979 y\u0131llar\u0131 \u00c7in&#8217;de \u00f6nemli tart\u0131\u015fmalara ve \u00fcst d\u00fczey toplant\u0131lara sahne oldu, bu iki y\u0131lda d\u00fczenlenen 197 g\u00fcn s\u00fcren be\u015f liderler toplant\u0131s\u0131 bat\u0131 standartlar\u0131yla kar\u015f\u0131la\u015ft\u0131r\u0131ld\u0131\u011f\u0131nda e\u015fi benzeri g\u00f6r\u00fclmemi\u015fti. Bunlar aras\u0131nda 5 g\u00fcn s\u00fcren \u00c7KP 11. Merkez Komitesinin \u00dc\u00e7\u00fcnc\u00fc Genel Kurulu, Parti ve h\u00fck\u00fcmette \u00f6nderli\u011fi de\u011fi\u015ftirerek ve Deng Xiaoping&#8217;i i\u015flerin ba\u015f\u0131na getirerek bir d\u00f6n\u00fcm noktas\u0131 oldu.&nbsp;<\/p>\n\n\n\n<p style=\"font-size:clamp(16.834px, 1.052rem + ((1vw - 3.2px) * 0.716), 26px);\">&nbsp;Devlet Konseyi (\u00c7HC&#8217;nin h\u00fck\u00fcmet organ\u0131) \u00e7al\u0131\u015fma toplant\u0131s\u0131 6 Temmuz \u2013 9 Eyl\u00fcl tarihleri aras\u0131nda ger\u00e7ekle\u015ftirilmi\u015ftir (33 G\u00fcn)<\/p>\n\n\n\n<p style=\"font-size:clamp(16.834px, 1.052rem + ((1vw - 3.2px) * 0.716), 26px);\">Ulusal Planlama Konferans\u0131 5 Eyl\u00fcl \u2013 22 Ekim 1978 tarihleri aras\u0131nda ger\u00e7ekle\u015ftirildi (48 G\u00fcn)<\/p>\n\n\n\n<p style=\"font-size:clamp(16.834px, 1.052rem + ((1vw - 3.2px) * 0.716), 26px);\">Merkezi \u00c7al\u0131\u015fma Konferans\u0131 10 Kas\u0131m \u2013 15 Aral\u0131k 1978 tarihleri aras\u0131nda Pekin&#8217;de ger\u00e7ekle\u015ftirildi. (36 g\u00fcn)<\/p>\n\n\n\n<p style=\"font-size:clamp(16.834px, 1.052rem + ((1vw - 3.2px) * 0.716), 26px);\">\u00c7KP On Birinci Merkez Komitesi \u00dc\u00e7\u00fcnc\u00fc Genel Oturumu, 18-22 Aral\u0131k 1978 (5 G\u00fcn)<\/p>\n\n\n\n<p style=\"font-size:clamp(16.834px, 1.052rem + ((1vw - 3.2px) * 0.716), 26px);\">Pekin&#8217;de 18 Ocak \u2013 3 Nisan 1979 tarihleri aras\u0131nda d\u00fczenlenen teorik \u00e7al\u0131\u015fma konferans\u0131. (75 G\u00fcn)<\/p>\n","protected":false},"excerpt":{"rendered":"<p>\u00c7in Kom\u00fcnistlerinin 1978 ve 1979 Y\u0131llar\u0131nda \u00c7in&#8217;in Kaderini De\u011fi\u015ftiren 197 G\u00fcn S\u00fcren 5 Uzun Toplant\u0131s\u0131 Kemal Okur Ekim 1976&#8217;da ultra solcu grubun devlet darbesi komplosunu bozguna u\u011fratt\u0131ktan sonra \u00c7inli kom\u00fcnistler Parti ve h\u00fck\u00fcmette i\u015fleri yoluna koymak i\u00e7in b\u00fcy\u00fck \u00e7aba sarf ettiler. May\u0131s 1978&#8217;de, \u00c7in Kom\u00fcnist Partisi Merkez Parti Okulu&#8217;nun bir i\u00e7 yay\u0131n\u0131 olan &#8220;Teorik Dinamikler [&hellip;]<\/p>\n","protected":false},"author":1,"featured_media":0,"comment_status":"open","ping_status":"open","sticky":false,"template":"","format":"standard","meta":{"_monsterinsights_skip_tracking":false,"_monsterinsights_sitenote_active":false,"_monsterinsights_sitenote_note":"","_monsterinsights_sitenote_category":0,"footnotes":""},"categories":[49,20],"tags":[],"class_list":["post-6307","post","type-post","status-publish","format-standard","hentry","category-arsiv-tr","category-arsiv"],"blocksy_meta":[],"_links":{"self":[{"href":"https:\/\/marksizm.org.tr\/index.php?rest_route=\/wp\/v2\/posts\/6307","targetHints":{"allow":["GET"]}}],"collection":[{"href":"https:\/\/marksizm.org.tr\/index.php?rest_route=\/wp\/v2\/posts"}],"about":[{"href":"https:\/\/marksizm.org.tr\/index.php?rest_route=\/wp\/v2\/types\/post"}],"author":[{"embeddable":true,"href":"https:\/\/marksizm.org.tr\/index.php?rest_route=\/wp\/v2\/users\/1"}],"replies":[{"embeddable":true,"href":"https:\/\/marksizm.org.tr\/index.php?rest_route=%2Fwp%2Fv2%2Fcomments&post=6307"}],"version-history":[{"count":1,"href":"https:\/\/marksizm.org.tr\/index.php?rest_route=\/wp\/v2\/posts\/6307\/revisions"}],"predecessor-version":[{"id":6308,"href":"https:\/\/marksizm.org.tr\/index.php?rest_route=\/wp\/v2\/posts\/6307\/revisions\/6308"}],"wp:attachment":[{"href":"https:\/\/marksizm.org.tr\/index.php?rest_route=%2Fwp%2Fv2%2Fmedia&parent=6307"}],"wp:term":[{"taxonomy":"category","embeddable":true,"href":"https:\/\/marksizm.org.tr\/index.php?rest_route=%2Fwp%2Fv2%2Fcategories&post=6307"},{"taxonomy":"post_tag","embeddable":true,"href":"https:\/\/marksizm.org.tr\/index.php?rest_route=%2Fwp%2Fv2%2Ftags&post=6307"}],"curies":[{"name":"wp","href":"https:\/\/api.w.org\/{rel}","templated":true}]}}