{"id":6419,"date":"2026-05-02T19:31:06","date_gmt":"2026-05-02T19:31:06","guid":{"rendered":"https:\/\/marksizm.org.tr\/?p=6419"},"modified":"2026-05-05T21:22:31","modified_gmt":"2026-05-05T21:22:31","slug":"cindeki-pazar-ekonomisi-ile-batili-kapitalist-ulkelerin-pazar-ekonomileri-arasindaki-temel-farklar","status":"publish","type":"post","link":"https:\/\/marksizm.org.tr\/?p=6419","title":{"rendered":"\u00c7in\u2019deki Pazar ekonomisi ile Bat\u0131l\u0131 kapitalist \u00fclkelerin Pazar Ekonomileri Aras\u0131ndaki D\u00f6rt Temel Fark"},"content":{"rendered":"\n<h1 class=\"wp-block-heading\"><strong>\u00c7in\u2019deki Pazar ekonomisi ile Bat\u0131l\u0131 kapitalist \u00fclkelerin Pazar Ekonomileri Aras\u0131ndaki D\u00f6rt Temel Fark<\/strong><\/h1>\n\n\n\n<h4 class=\"wp-block-heading\"><strong>Ocak 2026<\/strong>, <strong>Cem K\u0131z\u0131l\u00e7e\u00e7<\/strong><\/h4>\n\n\n\n<p style=\"font-size:clamp(16.834px, 1.052rem + ((1vw - 3.2px) * 0.716), 26px);\">D\u00fcnyada geli\u015fkin kapitalist pazar ekonomileri ilk kez 18. Ve 19. Y\u00fczy\u0131lda Bat\u0131 Avrupa\u2019da kurulmu\u015f daha sonra kapitalist yola giren yar\u0131-s\u00f6m\u00fcrge ve ba\u011f\u0131ml\u0131 \u00fclkelere yay\u0131lm\u0131\u015ft\u0131r. 1980\u2019lerden itibaren \u00c7in, Vietnam ve Laos ard\u0131ndan 2010\u2019lardan itibaren K\u00fcba ve Demokratik Kore gibi \u00fclkeler kendi sosyalist sistemlerine uygun \u00f6zg\u00fcn pazar ekonomileri kurmaya giri\u015fmi\u015flerdir.<br>\u00c7in\u2019in pazar ekonomisi (yani sosyalist pazar ekonomisi sistemi) ile Bat\u0131l\u0131 kapitalist pazar ekonomileri (ABD ve di\u011fer kapitalist toplumlar\u0131n temsil etti\u011fi kapitalist pazar ekonomileri) aras\u0131ndaki temel farklar d\u00f6rt boyutludur. Temel hedefleri, m\u00fclkiyet yap\u0131s\u0131 ve devlet ile pazar aras\u0131ndaki ili\u015fki ve b\u00f6l\u00fc\u015f\u00fcm ili\u015fkileri ve sosyal-ekonomik planlamay\u0131 etkin kullanmalar\u0131 bak\u0131m\u0131ndan \u00f6nemli baz\u0131 farklar g\u00f6sterirler.<\/p>\n\n\n\n<p style=\"font-size:clamp(16.834px, 1.052rem + ((1vw - 3.2px) * 0.716), 26px);\"><strong>Temel Hedefleri:<\/strong>&nbsp;En \u00fcst hedef olarak ekonomi, halka ve ulusal stratejiye hizmet eder. Ekonomik kalk\u0131nman\u0131n nihai hedefi, halk\u0131n daha iyi bir sosyal ve k\u00fclt\u00fcrel ve maddi ya\u015fam i\u00e7in giderek artan ihtiya\u00e7lar\u0131n\u0131 kar\u015f\u0131lamak ve herkese ortakla\u015fa refah ve \u00fclkenin modernle\u015fmesini sa\u011flamakt\u0131r. Tek tek \u015firketler kar amac\u0131 ile faaliyet g\u00f6stermelerine kar\u015f\u0131n, \u015firketlerin karlar\u0131 ve \u015firketlerden elde edilen vergilerin bu \u00fcst ama\u00e7 i\u00e7in kullan\u0131lmas\u0131n\u0131 d\u00fczenleyen bir mekanizma kurulmu\u015ftur. Kamu sermayeli \u015firketlerin karlar\u0131 ve vergileri do\u011frudan bu \u00fcst ama\u00e7 i\u00e7in kullan\u0131l\u0131rken, \u00f6zel \u015firketlerin vergileri dolayl\u0131 yoldan bu \u00fcst amaca hizmet eder.<\/p>\n\n\n\n<p style=\"font-size:clamp(16.834px, 1.052rem + ((1vw - 3.2px) * 0.716), 26px);\">Bat\u0131l\u0131 kapitalist \u00fclkelerin pazar ekonomilerinde Sermaye mant\u0131\u011f\u0131 bask\u0131nd\u0131r ve k\u00e2r\u0131n maksimize edilmesini ama\u00e7lar. Temel itici g\u00fc\u00e7, sermayenin b\u00fcy\u00fcmesi sermayenin getirisi ve \u015firket hissedarlar\u0131n \u00e7\u0131karlar\u0131d\u0131r; ekonomik faaliyetler k\u00e2r elde etme etraf\u0131nda d\u00f6ner.<\/p>\n\n\n\n<p style=\"font-size:clamp(16.834px, 1.052rem + ((1vw - 3.2px) * 0.716), 26px);\"><strong>\u00c7in Pazar ekonomisinde m\u00fclkiyet yap\u0131s\u0131:<\/strong>&nbsp;Sosyalist Kamu m\u00fclkiyeti temel dayanakt\u0131r bunun yan\u0131 s\u0131ra \u00e7e\u015fitli m\u00fclkiyet bi\u00e7imleri birlikte geli\u015fmektedir. Buradaki kamu m\u00fclkiyeti gelece\u011fin ileri sosyalist toplumundaki ger\u00e7ek toplumsal m\u00fclkiyetin embriyosu niteli\u011findedir, bug\u00fcnk\u00fc az geli\u015fkin sosyalizm ilerletildik\u00e7e, \u00fcretici g\u00fc\u00e7ler daha ileri d\u00fczeylere y\u00fckseldik\u00e7e, sosyalist demokrasi g\u00fc\u00e7lendik\u00e7e ve toplumsal tabakalar aras\u0131ndaki farkl\u0131l\u0131klar yumu\u015fay\u0131p belirsizle\u015fmeye ba\u015flad\u0131k\u00e7a, bug\u00fcnk\u00fc kamu sermayesi \u015firketleri daha da toplumsalla\u015facak ve bug\u00fcne k\u0131yasla \u00e7ok daha fazla toplumsal denetim alt\u0131na girecektir.<\/p>\n\n\n\n<p style=\"font-size:clamp(16.834px, 1.052rem + ((1vw - 3.2px) * 0.716), 26px);\">Kamu ekonomisi sekt\u00f6r\u00fc, kilit end\u00fcstrilerde ve sekt\u00f6rlerde \u00f6nc\u00fc rol oynar, fakat h\u00fck\u00fcmet ayn\u0131 zamanda kamu d\u0131\u015f\u0131 sekt\u00f6r\u00fcn (\u00f6zel sermayeli sekt\u00f6r\u00fcn) geli\u015fimini te\u015fvik eder, destekler ve y\u00f6nlendirir.<\/p>\n\n\n\n<p style=\"font-size:clamp(16.834px, 1.052rem + ((1vw - 3.2px) * 0.716), 26px);\">Kapitalist \u00fclkelerde ise \u00fcretim ara\u00e7lar\u0131n\u0131n \u00f6zel m\u00fclkiyeti hakimdir. \u0130\u015fletmeler b\u00fcy\u00fck \u00e7o\u011funlukla \u00f6zel sermayenin elindedir ve bu sermaye t\u00fcr\u00fc taraf\u0131ndan kontrol edilir; asl\u0131nda bu, kapitalist \u00f6zel m\u00fclkiyete dayal\u0131 tipik bir pazar ekonomisidir.<\/p>\n\n\n\n<p style=\"font-size:clamp(16.834px, 1.052rem + ((1vw - 3.2px) * 0.716), 26px);\"><strong>\u00c7in\u2019de Devlet-Pazar \u0130li\u015fkisi:<\/strong>&nbsp;Ekonomik kaynaklar\u0131n tahsisinde pazar belirleyici bir rol oynar, fakat ayn\u0131 zamanda devlet de rol\u00fcn\u00fc iyi oynamal\u0131 ekonomide aksayan y\u00f6nler i\u00e7in d\u00fczenleyici ve yol g\u00f6sterici baz\u0131 i\u015fler yapmal\u0131d\u0131r. Devlet, stratejik planlama, sanayi politikalar\u0131 ve makroekonomik kontrol ara\u00e7lar\u0131 yoluyla ekonomik faaliyetlere aktif olarak kat\u0131l\u0131r ve bu s\u00fcreci y\u00f6nlendirir; b\u00f6ylece pazar\u0131n yetersizliklerini telafi eder.<\/p>\n\n\n\n<p style=\"font-size:clamp(16.834px, 1.052rem + ((1vw - 3.2px) * 0.716), 26px);\">Kapitalist \u00fclkelerde devletin ekonomiye m\u00fcdahalesi ise esas olarak pazar d\u00fczenini korumak amac\u0131yla s\u0131n\u0131rl\u0131 ve dolayl\u0131 maliye ve para politikalar\u0131 yoluyla ger\u00e7ekle\u015fir. Devlet, bir anlamda \u201cgece bek\u00e7isi\u201d rol\u00fc \u00fcstlenir. Teorik olarak, pazar\u0131n kendili\u011finden ekonomik ko\u015fullara uyum sa\u011flamas\u0131na vurgu yapar.<\/p>\n\n\n\n<p style=\"font-size:clamp(16.834px, 1.052rem + ((1vw - 3.2px) * 0.716), 26px);\">B\u00f6l\u00fc\u015f\u00fcm mekanizmas\u0131 ve b\u00f6l\u00fc\u015f\u00fcm ili\u015fkileri: Bu \u00fcretimden elde edilen birincil b\u00f6l\u00fc\u015f\u00fcm gelirinin emek (\u00fccretler), sermaye (k\u00e2r, faiz, rant) ve devlet (vergiler) aras\u0131nda nas\u0131l payla\u015ft\u0131r\u0131ld\u0131\u011f\u0131n\u0131 ifade eder.&nbsp;<\/p>\n\n\n\n<p style=\"font-size:clamp(16.834px, 1.052rem + ((1vw - 3.2px) * 0.716), 26px);\">\u00c7in\u2019deki birincil b\u00f6l\u00fc\u015f\u00fcm sisteminde emek katk\u0131s\u0131na g\u00f6re b\u00f6l\u00fc\u015f\u00fcm h\u00e2kim b\u00f6l\u00fc\u015f\u00fcm ili\u015fkisidir; yani herkese emek katk\u0131s\u0131 ve yetenekleri ile orant\u0131l\u0131 bir \u00fccret verilir; tali b\u00f6l\u00fc\u015f\u00fcm ili\u015fkisi ise sermayenin ve teknolojik bilgi ve veri sahiplerinin katk\u0131lar\u0131na g\u00f6re gelirin b\u00f6l\u00fc\u015f\u00fcm\u00fcnden pay almalar\u0131d\u0131r. H\u00fck\u00fcmet \u00fccret-k\u00e2r dinamiklerini aktif olarak y\u00f6netir. Asgari \u00fccret, i\u015fg\u00fcc\u00fcn\u00fcn b\u00f6l\u00fc\u015f\u00fcmden ald\u0131\u011f\u0131 pay\u0131 art\u0131rmak amac\u0131yla d\u00fczenli olarak revize edilen temel bir politika arac\u0131d\u0131r. Kamu sermayeli \u015firketler genellikle \u00fccret ve sosyal haklar konusunda t\u00fcm \u00f6zel \u015firketler i\u00e7in \u00f6nemli bir referans noktas\u0131 olu\u015fturur.<\/p>\n\n\n\n<p style=\"font-size:clamp(16.834px, 1.052rem + ((1vw - 3.2px) * 0.716), 26px);\">Ekonomi h\u0131zl\u0131 b\u00fcy\u00fcrken bile i\u015fg\u00fcc\u00fcn\u00fcn milli gelir i\u00e7indeki pay\u0131n\u0131n \u00e7ok d\u00fc\u015fmesini \u00f6nlemek i\u00e7in bilin\u00e7li bir \u00e7aba g\u00f6sterilir. H\u00fck\u00fcmet ilaveten, kamu yarar\u0131na olan toplumsal projeler i\u00e7in Kamu sermayeli \u015firketlerin k\u00e2rlar\u0131n\u0131n \u00f6nemli bir k\u0131sm\u0131n\u0131 do\u011frudan bu ama\u00e7la kullan\u0131r.<\/p>\n\n\n\n<p style=\"font-size:clamp(16.834px, 1.052rem + ((1vw - 3.2px) * 0.716), 26px);\">Kapitalist \u00fclkelerde ise Pazar taraf\u0131ndan belirlenen \u00fcretim fakt\u00f6rleri fiyatland\u0131rmas\u0131 sistemi vard\u0131r. Gelirin b\u00f6l\u00fc\u015f\u00fcm\u00fc, m\u00fclkiyetine sahip oldu\u011funuz \u00fcretim fakt\u00f6rlerinin ( yeni emek g\u00fcc\u00fc, sermaye, toprak) pazardaki de\u011feri taraf\u0131ndan belirlenir. Emek g\u00fcc\u00fcn\u00fc ve i\u015f\u00e7ileri sermaye kar\u015f\u0131s\u0131nda koruyan a\u00e7\u0131k bir politik y\u00f6nelim yoktur.<\/p>\n\n\n\n<p style=\"font-size:clamp(16.834px, 1.052rem + ((1vw - 3.2px) * 0.716), 26px);\">Kapitalist h\u00fck\u00fcmetler ise genel olarak b\u00f6l\u00fc\u015f\u00fcm ili\u015fkilerine dolayl\u0131 ve tepkisel bir tutumu benimserler. Asgari \u00fccret bir taban seviyedir, ancak \u00fccretlerin reel de\u011feri ve al\u0131m g\u00fcc\u00fc genellikle &nbsp;geride kal\u0131r. Devletin temel rol\u00fc, emek ve sermaye aras\u0131ndaki dengeyi emek lehine de\u011fi\u015ftirmek de\u011fil, bu s\u00fcreci denetlemektir Son y\u0131llarda bir\u00e7ok Bat\u0131 \u00fclkesinde sendikalar ve toplu pazarl\u0131k sistemi ve ilgili i\u015f kanunlar\u0131 korumas\u0131 olduk\u00e7a zay\u0131flam\u0131\u015ft\u0131r.<\/p>\n\n\n\n<p style=\"font-size:clamp(16.834px, 1.052rem + ((1vw - 3.2px) * 0.716), 26px);\">Son y\u0131llarda, kapitalist \u00fclkelerde emek gelir pay\u0131ndaki bir d\u00fc\u015f\u00fc\u015f ve sermaye pay\u0131ndaki art\u0131\u015f, bununla birlikte vergi ve toplumsal refah \u00f6demeleri \u00f6ncesi genel e\u015fitsizli\u011fin artmas\u0131na yol a\u00e7m\u0131\u015ft\u0131r.<\/p>\n\n\n\n<p style=\"font-size:clamp(16.834px, 1.052rem + ((1vw - 3.2px) * 0.716), 26px);\"><strong>Not: Bat\u0131da ve \u00c7in\u2019de sosyal yard\u0131mlar iktisat ara\u015ft\u0131rmalar\u0131nda ikincil b\u00f6l\u00fc\u015f\u00fcm olarak bilinir.<\/strong><\/p>\n\n\n\n<p style=\"font-size:clamp(16.834px, 1.052rem + ((1vw - 3.2px) * 0.716), 26px);\">\u00d6zetle, Bat\u0131 modeli b\u00fcy\u00fck \u00f6l\u00e7\u00fcde gelirin pazar taraf\u0131ndan yap\u0131lan birincil b\u00f6l\u00fc\u015f\u00fcm\u00fcn\u00fc kabul eder ve ard\u0131ndan vergilendirme ve sosyal yard\u0131mlar yoluyla ortaya \u00e7\u0131kan olumsuz toplumsal sonu\u00e7lar\u0131 d\u00fczeltmeye \u00e7al\u0131\u015f\u0131r.<\/p>\n\n\n\n<p style=\"font-size:clamp(16.834px, 1.052rem + ((1vw - 3.2px) * 0.716), 26px);\">\u00c7in modeli ise, piyasay\u0131 kullan\u0131rken, temel d\u00fc\u015f\u00fcnce olarak devletin birincil b\u00f6l\u00fc\u015f\u00fcm\u00fc \u015fekillendirme (\u00fccret politikas\u0131, kamu iktisadi te\u015febb\u00fcslerinin \u00f6rnek olu\u015fturma etkisi ve toprak m\u00fclkiyeti yoluyla) \u00e7abas\u0131na dayan\u0131r.<\/p>\n\n\n\n<p style=\"font-size:clamp(16.834px, 1.052rem + ((1vw - 3.2px) * 0.716), 26px);\">\u00c7in ikincil b\u00f6l\u00fc\u015f\u00fcm\u00fc (sosyal yard\u0131mlar) sadece bir g\u00fcvenlik a\u011f\u0131 olarak de\u011fil, yoksullu\u011fu yap\u0131sal olarak ortadan kald\u0131rmay\u0131 ve kent ile k\u0131r ayr\u0131m\u0131n\u0131 &nbsp;ve b\u00f6lgeler aras\u0131 geli\u015fme farklar\u0131n\u0131 azaltmay\u0131 ama\u00e7layan, insana ve fiziki sermayeye y\u00f6nelik uzun vadeli, arz y\u00f6nl\u00fc bir yat\u0131r\u0131m olarak kullanmay\u0131 savunur.&nbsp;\u00c7in\u2019de bu ama\u00e7la&nbsp;b\u00fcy\u00fck \u00f6l\u00e7ekli kamu yat\u0131r\u0131mlar\u0131 yap\u0131l\u0131r: devlet, k\u00e2r getirmeyen b\u00f6lgelerde altyap\u0131 projelerine (h\u0131zl\u0131 tren, 5G a\u011flar\u0131, k\u0131rsal geni\u015f ileti\u015fim a\u011f\u0131) do\u011frudan finansman sa\u011flayarak, t\u00fcm kesimlere ekonomik f\u0131rsatlar sunmak i\u00e7in ortak bir \u201ctemel\u201d olu\u015fturur.<\/p>\n\n\n\n<p style=\"font-size:clamp(16.834px, 1.052rem + ((1vw - 3.2px) * 0.716), 26px);\">\u0130nsan sermayesine yat\u0131r\u0131mlar\u0131: E\u011fitime eri\u015fimin geni\u015fletilmesi i\u00e7in yap\u0131lan yo\u011fun devlet harcamalar\u0131 (yayg\u0131n k\u0131rsal okul in\u015faatlar\u0131ndan hedefli \u00fcniversite programlar\u0131na kadar) yap\u0131l\u0131r. &nbsp;Devlet politikalar\u0131 ve \u00e7e\u015fitli yollarla kaynaklar daha zengin kentlerden ve Okyanus k\u0131y\u0131s\u0131 sahil b\u00f6lgelerinden \u00c7in\u2019in g\u00f6rece daha yoksul olan i\u00e7 kesimlere ve k\u0131rsal b\u00f6lgelere aktar\u0131larak, Pazar\u0131n serveti zengin b\u00f6lgelerde toplama e\u011filimi k\u0131s\u0131tlanm\u0131\u015f olur. &nbsp;<\/p>\n\n\n\n<p style=\"font-size:clamp(16.834px, 1.052rem + ((1vw - 3.2px) * 0.716), 26px);\"><strong>B\u00fcy\u00fck Tekeller ve H\u00fck\u00fcmet<\/strong><\/p>\n\n\n\n<p style=\"font-size:clamp(16.834px, 1.052rem + ((1vw - 3.2px) * 0.716), 26px);\">\u00c7in\u2019in Pazar ekonomisinde \u00e7ok b\u00fcy\u00fck \u00f6l\u00e7ekli kamu ve \u00f6zel sermayeli \u015firketler olmas\u0131na kar\u015f\u0131n bunlar\u0131n yurti\u00e7inde ve yurtd\u0131\u015f\u0131na aralar\u0131nda kartel anla\u015fmalar\u0131, Pazar payla\u015fma anla\u015fmalar\u0131 ve fiyat belirleme anla\u015fmalar\u0131 \u00e7ok kat\u0131 olan tekelcilik kar\u015f\u0131t\u0131 yasalarla s\u0131n\u0131rlanm\u0131\u015ft\u0131r. Pazarda tekelci konum kazand\u0131racak ve rekabeti k\u0131s\u0131tlayacak b\u00fcy\u00fck \u015firket birle\u015fmeleri ve b\u00fcy\u00fck \u015firketlerin bu ama\u00e7la daha k\u00fc\u00e7\u00fck \u015firketleri sat\u0131n almalar\u0131 \u00e7ok ciddi takip alt\u0131ndad\u0131r. &nbsp;&nbsp;<\/p>\n\n\n\n<p style=\"font-size:clamp(16.834px, 1.052rem + ((1vw - 3.2px) * 0.716), 26px);\">Su, do\u011fal gaz, elektrik enerjisi sunan kamu sermayeli b\u00fcy\u00fck \u015firketler dahi anti-tekel yasalar\u0131 a\u00e7\u0131s\u0131ndan \u00e7ok s\u0131k\u0131 kontrol edilen ve denetlenen ve pazardaki g\u00fc\u00e7l\u00fc konumlar\u0131n\u0131 k\u00f6t\u00fcye kullanmalar\u0131 engellenen \u015firketlerdir. H\u00fck\u00fcmet ve ilgili Pazar D\u00fczenleme Kurumlar\u0131 bu ama\u00e7la d\u00fczenli anti-tekel kampanyalar d\u00fczenlemektedirler.&nbsp; Son 3 y\u0131l i\u00e7inde bu t\u00fcr 35 olay incelenmi\u015f ve bu su\u00e7u i\u015fleyen \u015firketlere yakla\u015f\u0131k 580 milyon dolar cezai i\u015flem uygulanm\u0131\u015ft\u0131r.&nbsp; Sadece ila\u00e7 sekt\u00f6r\u00fcnde (Pharmacy) 12 firmaya 474 milyon dolar ceza kesilmi\u015ftir. \u00c7in\u2019deki bir\u00e7ok k\u00fc\u00e7\u00fck ve orta boy \u015firketin ba\u015far\u0131s\u0131 ve teknoloji alan\u0131nda kaydettikleri ilerlemeler bu anti-tekel yasalara ba\u011fl\u0131d\u0131r. &nbsp;\u00c7in\u2019deki \u00f6zel veya kam\u0131 \u015firketlerinin h\u00fck\u00fcmet kararlar\u0131n\u0131 ve politikac\u0131lar\u0131 kendi dar \u00f6zel \u00e7\u0131karlar\u0131n\u0131 koruyacak \u015fekilde etkileyecekleri bir kurumsal yap\u0131 &nbsp;bulunmamaktad\u0131r. \u00d6zellikle kamu sermayeli \u015firketler ve borsac\u0131l\u0131k, bankac\u0131l\u0131k ve sigorta i\u015flemlerinin % 95\u2019ini elinde tutan kamu sermayeli firmalar anti-tekel yasalara uymak konusunda en fazla \u00f6zen g\u00f6steren firmalar konumundad\u0131r. &nbsp;<\/p>\n\n\n\n<p style=\"font-size:clamp(16.834px, 1.052rem + ((1vw - 3.2px) * 0.716), 26px);\"><strong>ABD dahil Bat\u0131l\u0131 kapitalist \u00fclkelerde de rekabeti engelleyici \u00e7ok g\u00fc\u00e7l\u00fc anti-tekel yasalar<\/strong>&nbsp;ve bu i\u015fle u\u011fra\u015fan yasal kurumlar ve yarg\u0131 organlar\u0131 vard\u0131r fakat bu \u00fclkelerdeki siyasi kurumlar\u0131n yap\u0131s\u0131 b\u00fcy\u00fck tekellerin etkisine \u00e7ok a\u00e7\u0131kt\u0131r ve \u00f6zel sermayeli b\u00fcy\u00fck tekellerin yarg\u0131 kurumlar\u0131nda g\u00fc\u00e7l\u00fc ba\u011flant\u0131lar\u0131 vard\u0131r.<\/p>\n\n\n\n<p style=\"font-size:clamp(16.834px, 1.052rem + ((1vw - 3.2px) * 0.716), 26px);\">Tekel konumdaki b\u00fcy\u00fck firmalar siyaset, k\u00fclt\u00fcr, bas\u0131n, ideoloji, siyasi partiler ve siyasi partilerin vak\u0131flar\u0131nda \u00e7ok etkili olabilmekte ve \u00e7e\u015fitli siyasi lobi faaliyetleri ile partilerin ve h\u00fck\u00fcmetlerin kararlar\u0131n\u0131 ve hatta yarg\u0131n\u0131n karalar\u0131n\u0131 dahi etkileyebilmektedirler. \u00d6zellikle ABD\u2019de b\u00fcy\u00fck \u015firketlerin siyasi partilerin se\u00e7im kampanyalar\u0131n\u0131 a\u00e7\u0131ktan b\u00fcy\u00fck paralarla finanse etmeleri yasald\u0131r.<\/p>\n\n\n\n<p style=\"font-size:clamp(16.834px, 1.052rem + ((1vw - 3.2px) * 0.716), 26px);\">Yukar\u0131da s\u00f6z\u00fcn\u00fc etti\u011fimiz \u00e7e\u015fitli yap\u0131sal ve kurumsal engeller dolay\u0131s\u0131yla Bat\u0131l\u0131 Kapitalist \u00fclkelerdeki anti-tekel yasalar\u0131n\u0131n pratikte uygulanmas\u0131nda ciddi engeller \u00e7\u0131kabilmektedir. &nbsp;&nbsp;<\/p>\n\n\n\n<p style=\"font-size:clamp(16.834px, 1.052rem + ((1vw - 3.2px) * 0.716), 26px);\"><strong>Bu temel farkl\u0131l\u0131klar\u0131n baz\u0131 yans\u0131malar\u0131:<\/strong><\/p>\n\n\n\n<p style=\"font-size:clamp(16.834px, 1.052rem + ((1vw - 3.2px) * 0.716), 26px);\"><strong>Kapsay\u0131c\u0131 5-10-15 y\u0131ll\u0131k planlama:<\/strong>&nbsp;sosyalist Pazar ekonomilerinde h\u00fck\u00fcmetler geleneksel olarak, ekonomik, toplumsal, k\u00fclt\u00fcrel, ekoloji, t\u00fcketim, gelir da\u011f\u0131l\u0131m\u0131, konut edindirme, halk sa\u011fl\u0131\u011f\u0131, etik gibi \u00e7ok \u00e7e\u015fitli alanlar\u0131 kapsayan&nbsp;<strong>5-10-15 y\u0131ll\u0131k&nbsp;<\/strong>planlar yaparak halka s\u0131n\u0131rlar\u0131 belirlenmi\u015f kesin geli\u015fme vaadlerinde bulunurlar, bu anlamda planlar y\u00f6nlendirici ve ba\u011flay\u0131c\u0131d\u0131r. &nbsp;Bu planlar\u0131n prati\u011fe ge\u00e7irilmesini g\u00fcvence alt\u0131na alan denetim sistemleri kururlar. Planlar\u0131n ba\u015far\u0131s\u0131, maddi \u00fcretim hedeflerinin ger\u00e7ekle\u015ftirilmesi, toplumsal e\u015fitlik, i\u015fg\u00fcc\u00fc istihdam\u0131na kark\u0131s\u0131, altyap\u0131 geli\u015ftirme ve uzun vadeli stratejik hedeflere &nbsp;yoksullu\u011fun azalt\u0131lmas\u0131, orta gelir grubunun geni\u015fletilmesi, teknolojik ba\u011f\u0131ms\u0131zl\u0131k elde etmeye ba\u011fl\u0131 kalma ile \u00f6l\u00e7\u00fcl\u00fcr. Bu \u00fclkelerde kom\u00fcnist partiler iktidarda oldu\u011fu i\u00e7in, liderler de\u011fi\u015fse dahi planlar\u0131n uygulanmas\u0131nda belirli bir s\u00fcreklilik ve istikrar vard\u0131r. Kamu sermayeli sekt\u00f6r, kamuya ait finans sekt\u00f6r\u00fc &nbsp;ve kollektif \u00e7ift\u00e7ilik ekonomideki egemen unsur oldu\u011fu i\u00e7in planlarda kamunun, di\u011fer deyi\u015fle halk\u0131n geni\u015f kesimlerinin talepleri belirleyici konumdad\u0131r.&nbsp;&nbsp;Halk\u0131n ya\u015fam\u0131n\u0131 do\u011frudan ilgilendiren mal ve hizmetlerin fiyatlar\u0131 ula\u015f\u0131m hizmetleri dahil olmak \u00fczere h\u00fck\u00fcmetler taraf\u0131ndan balirlenmeye devam eder.<\/p>\n\n\n\n<p style=\"font-size:clamp(16.834px, 1.052rem + ((1vw - 3.2px) * 0.716), 26px);\">Geli\u015fmi\u015f kapitalist \u00fclkelerdeki planlar genellikle, \u00f6ng\u00f6r\u00fcleri ve g\u00f6stergeleri i\u00e7erir, b\u00fcy\u00fck tekellerin i\u00e7 ve uluslararas\u0131 azami kar beklentileri planlarda \u00f6nemli a\u011f\u0131rl\u0131\u011fa sahiptir. Sosyal yard\u0131m ve sosyal g\u00fcvenlik sistemleri planlara dahil edilir, fakat genellikle bir g\u00fcvenlik a\u011f\u0131 i\u015flevi g\u00f6r\u00fcr, ikincil niteliktedir ve \u00e7o\u011fu zaman emek istihdam\u0131yla ba\u011flant\u0131l\u0131d\u0131r. ABD gibi liberal Pazar ekonomisinde ulusal d\u00fczeyde planlama asgari d\u00fczeyde tutulur, sadece belirli end\u00fcstriler plan ba\u015fl\u0131\u011f\u0131na dahil edilir. Politika ara\u00e7lar\u0131 aras\u0131nda vergi indirimleri (\u00f6rne\u011fin, yenilenebilir enerji) ve Ara\u015ft\u0131rma-Geli\u015ftirme fonlar\u0131 yer almaktad\u0131r, ancak kapsaml\u0131 bir toplumsal \u00fcretim plan\u0131 bulunmaz. Kapitalist \u00fclkelerdeki planlar\u0131n ba\u015far\u0131s\u0131, karl\u0131l\u0131k, t\u00fcketici memnuniyeti, milli gelir b\u00fcy\u00fcmesi, hisse senetleri borsas\u0131n\u0131n performans\u0131 ve emek istihdam\u0131 ba\u015far\u0131s\u0131 ile \u00f6l\u00e7\u00fcl\u00fcr; e\u015fitlik\u00e7i sonu\u00e7lara daha az \u00f6nem verilir.<\/p>\n\n\n\n<p style=\"font-size:clamp(16.834px, 1.052rem + ((1vw - 3.2px) * 0.716), 26px);\">Kapitalist \u00fclkelerde, piyasalar neredeyse t\u00fcm sekt\u00f6rleri kontrol eder. H\u00fck\u00fcmetin makro planlama ara\u00e7lar\u0131 olarak \u00e7e\u015fitli sekt\u00f6rlere ve \u00e7e\u015fitli tekellere vergi te\u015fvikleri, Merkez Bankas\u0131 faiz oranlar\u0131, Ara\u015ft\u0131rma-Geli\u015ftirme &nbsp;te\u015fvikleri \u00f6zel sekt\u00f6r firmalar\u0131n\u0131n davran\u0131\u015flar\u0131n\u0131 etkilemeyi ama\u00e7lar.<\/p>\n\n\n\n<p style=\"font-size:clamp(16.834px, 1.052rem + ((1vw - 3.2px) * 0.716), 26px);\">Ekonomik kaynaklar\u0131n tahsisi mant\u0131\u011f\u0131 a\u00e7\u0131s\u0131ndan: Kapitalist \u00fclkelerde ekonomik kaynak tahsisi esas olarak yat\u0131r\u0131m\u0131n \u201ck\u00e2rl\u0131\u201d olup olmad\u0131\u011f\u0131n\u0131 dikkate al\u0131r; bu da halk\u0131n refah\u0131 i\u00e7in hayati \u00f6nem ta\u015f\u0131yan ancak k\u0131sa vadede k\u00e2rl\u0131 olmayan baz\u0131 alanlar\u0131n (\u00f6rne\u011fin, uzak b\u00f6lgelerdeki altyap\u0131 in\u015faat\u0131) ihmal edilmesine yol a\u00e7abilir.<\/p>\n\n\n\n<p style=\"font-size:clamp(16.834px, 1.052rem + ((1vw - 3.2px) * 0.716), 26px);\">\u00c7in\u2019de ise kamu sermayeli \u015firketler bu projelere do\u011frudan yat\u0131r\u0131m yapabilir ve bunlar\u0131 in\u015fa edebilir. Amerikal\u0131 ekonomist Richard Wolf&#8217;un da belirtti\u011fi gibi, ABD&#8217;nin y\u00fcksek h\u0131zl\u0131 tren in\u015fa etmemesinin nedeni teknolojik yetersizlik de\u011fil, bunun \u201ck\u00e2rl\u0131 olmamas\u0131d\u0131r\u201d; oysa \u00c7in&#8217;in y\u00fcksek h\u0131zl\u0131 tren ula\u015f\u0131m a\u011f\u0131, ekonomik kalk\u0131nmaya hizmet etme vizyonuyla kamu sermayesi ve h\u00fck\u00fcmet \u00f6nc\u00fcl\u00fc\u011f\u00fcnde in\u015fa edilmi\u015ftir.<\/p>\n\n\n\n<p style=\"font-size:clamp(16.834px, 1.052rem + ((1vw - 3.2px) * 0.716), 26px);\">Ekonomik i\u015fleyi\u015f mekanizmas\u0131: H\u00fck\u00fcmet ve i\u015fletmeler aras\u0131nda tamamlay\u0131c\u0131 bir ili\u015fki tarz\u0131 vard\u0131r: \u201c\u00d6zel sekt\u00f6r bir i\u015fi iyi ve karl\u0131 bir \u015fekilde yapabiliyorsa, o zaman bu i\u015fi \u00f6zel sekt\u00f6r yapmal\u0131d\u0131r; \u00f6zel sekt\u00f6r bunu yapmak istemiyorsa, o zaman h\u00fck\u00fcmet yapmal\u0131d\u0131r.\u201d Bu mekanizma, \u00c7in&#8217;in ekonomik krizlere yan\u0131t vermede ve \u00f6nemli teknolojik at\u0131l\u0131mlar\u0131 (yar\u0131 iletkenler ve yeni enerji gibi) te\u015fvik etmede g\u00fc\u00e7l\u00fc organizasyon ve koordinasyon yetenekleri sergilemesini sa\u011flam\u0131\u015ft\u0131r.<\/p>\n\n\n\n<p style=\"font-size:clamp(16.834px, 1.052rem + ((1vw - 3.2px) * 0.716), 26px);\">K\u0131sacas\u0131, iki sistem aras\u0131ndaki temel fark, \u00c7in\u2019deki sosyalist pazar ekonomisi sisteminin, sosyalist bir toplumsal sistem alt\u0131nda pazar ekonomisinin yeniden yap\u0131land\u0131r\u0131lmas\u0131 ve yenilenmesidir. &nbsp;Bu sistem, geleneksel planl\u0131 ekonomiyi a\u015fm\u0131\u015f ve kapitalist pazar ekonomisinden olduk\u00e7a farkl\u0131d\u0131r. \u00c7in\u2019deki sosyalist pazar ekonomisi sisteminin temelinde, sosyalizmin kurumsal avantajlar\u0131n\u0131 pazar ekonomisinin dinamik yanlar\u0131 ile birle\u015ftirmek ve b\u00f6ylece \u00fcretici g\u00fc\u00e7leri daha h\u0131zl\u0131 bir bi\u00e7imde geli\u015ftirme ve ortakla\u015fa refaha daha h\u0131zla ula\u015fma mant\u0131\u011f\u0131 yatmaktad\u0131r.<\/p>\n","protected":false},"excerpt":{"rendered":"<p>\u00c7in\u2019deki Pazar ekonomisi ile Bat\u0131l\u0131 kapitalist \u00fclkelerin Pazar Ekonomileri Aras\u0131ndaki D\u00f6rt Temel Fark Ocak 2026, Cem K\u0131z\u0131l\u00e7e\u00e7 D\u00fcnyada geli\u015fkin kapitalist pazar ekonomileri ilk kez 18. Ve 19. Y\u00fczy\u0131lda Bat\u0131 Avrupa\u2019da kurulmu\u015f daha sonra kapitalist yola giren yar\u0131-s\u00f6m\u00fcrge ve ba\u011f\u0131ml\u0131 \u00fclkelere yay\u0131lm\u0131\u015ft\u0131r. 1980\u2019lerden itibaren \u00c7in, Vietnam ve Laos ard\u0131ndan 2010\u2019lardan itibaren K\u00fcba ve Demokratik Kore gibi [&hellip;]<\/p>\n","protected":false},"author":1,"featured_media":0,"comment_status":"open","ping_status":"open","sticky":false,"template":"","format":"standard","meta":{"_monsterinsights_skip_tracking":false,"_monsterinsights_sitenote_active":false,"_monsterinsights_sitenote_note":"","_monsterinsights_sitenote_category":0,"footnotes":""},"categories":[51,5,6],"tags":[],"class_list":["post-6419","post","type-post","status-publish","format-standard","hentry","category-dunya-sosyalizmi-tr","category-dunya-sosyalizmi","category-sosyalist-ulkeler"],"blocksy_meta":[],"_links":{"self":[{"href":"https:\/\/marksizm.org.tr\/index.php?rest_route=\/wp\/v2\/posts\/6419","targetHints":{"allow":["GET"]}}],"collection":[{"href":"https:\/\/marksizm.org.tr\/index.php?rest_route=\/wp\/v2\/posts"}],"about":[{"href":"https:\/\/marksizm.org.tr\/index.php?rest_route=\/wp\/v2\/types\/post"}],"author":[{"embeddable":true,"href":"https:\/\/marksizm.org.tr\/index.php?rest_route=\/wp\/v2\/users\/1"}],"replies":[{"embeddable":true,"href":"https:\/\/marksizm.org.tr\/index.php?rest_route=%2Fwp%2Fv2%2Fcomments&post=6419"}],"version-history":[{"count":4,"href":"https:\/\/marksizm.org.tr\/index.php?rest_route=\/wp\/v2\/posts\/6419\/revisions"}],"predecessor-version":[{"id":6432,"href":"https:\/\/marksizm.org.tr\/index.php?rest_route=\/wp\/v2\/posts\/6419\/revisions\/6432"}],"wp:attachment":[{"href":"https:\/\/marksizm.org.tr\/index.php?rest_route=%2Fwp%2Fv2%2Fmedia&parent=6419"}],"wp:term":[{"taxonomy":"category","embeddable":true,"href":"https:\/\/marksizm.org.tr\/index.php?rest_route=%2Fwp%2Fv2%2Fcategories&post=6419"},{"taxonomy":"post_tag","embeddable":true,"href":"https:\/\/marksizm.org.tr\/index.php?rest_route=%2Fwp%2Fv2%2Ftags&post=6419"}],"curies":[{"name":"wp","href":"https:\/\/api.w.org\/{rel}","templated":true}]}}