{"id":6447,"date":"2026-05-12T15:52:18","date_gmt":"2026-05-12T15:52:18","guid":{"rendered":"https:\/\/marksizm.org.tr\/?p=6447"},"modified":"2026-05-13T13:26:00","modified_gmt":"2026-05-13T13:26:00","slug":"chpnin-yolsuzluklari-ve-kirli-camasirlari-acik-acik-ortaya-cikarken-haber-sol-gazetesinin-ideolojik-ve-siyasi-aliskanliklari-ortaya-cikiyor","status":"publish","type":"post","link":"https:\/\/marksizm.org.tr\/?p=6447","title":{"rendered":"CHP\u2019nin Yolsuzluklar\u0131 ve Kirli \u00c7ama\u015f\u0131rlar\u0131 A\u00e7\u0131k A\u00e7\u0131k Ortaya \u00c7\u0131karken, Haber Sol Gazetesi\u2019nin \u0130deolojik ve Siyasi Al\u0131\u015fkanl\u0131klar\u0131 Ortaya \u00c7\u0131k\u0131yor"},"content":{"rendered":"\n<h1 class=\"wp-block-heading\"><strong>CHP\u2019nin Yolsuzluklar\u0131 ve Kirli \u00c7ama\u015f\u0131rlar\u0131 A\u00e7\u0131k A\u00e7\u0131k Ortaya \u00c7\u0131karken, Haber Sol Gazetesi\u2019nin \u0130deolojik ve Siyasi Al\u0131\u015fkanl\u0131klar\u0131 Ortaya \u00c7\u0131k\u0131yor<\/strong><\/h1>\n\n\n\n<h4 class=\"wp-block-heading\"><strong>Cem K\u0131z\u0131l\u00e7e\u00e7<\/strong>, <strong>May\u0131s 2026<\/strong><\/h4>\n\n\n\n<figure class=\"wp-block-image aligncenter size-full\"><img loading=\"lazy\" decoding=\"async\" width=\"972\" height=\"648\" src=\"https:\/\/marksizm.org.tr\/wp-content\/uploads\/2026\/05\/solportal_615410.png.webp\" alt=\"\" class=\"wp-image-6448\" srcset=\"https:\/\/marksizm.org.tr\/wp-content\/uploads\/2026\/05\/solportal_615410.png.webp 972w, https:\/\/marksizm.org.tr\/wp-content\/uploads\/2026\/05\/solportal_615410.png-300x200.webp 300w, https:\/\/marksizm.org.tr\/wp-content\/uploads\/2026\/05\/solportal_615410.png-768x512.webp 768w\" sizes=\"auto, (max-width: 972px) 100vw, 972px\" \/><\/figure>\n\n\n\n<p style=\"font-size:clamp(16.834px, 1.052rem + ((1vw - 3.2px) * 0.716), 26px);\"><strong>Giri\u015f<\/strong><\/p>\n\n\n\n<p style=\"font-size:clamp(16.834px, 1.052rem + ((1vw - 3.2px) * 0.716), 26px);\"><strong>D\u00fcn Haber Sol gazetesinde&nbsp;CHP&#8217;ye y\u00f6nelik AKP operasyonunda kritik hamle: Muhittin B\u00f6cek&#8217;in 8,5 saatlik ifadesi bize ne anlat\u0131yor? Ba\u015fl\u0131kl\u0131 bir analiz haber yay\u0131nland\u0131.&nbsp;Bkz.&nbsp;<a href=\"https:\/\/haber.sol.org.tr\/haber\/chpye-yonelik-akp-operasyonunda-kritik-hamle-muhittin-bocekin-85-saatlik-ifadesi-bize-ne\" rel=\"noreferrer noopener\" target=\"_blank\">https:\/\/haber.sol.org.tr\/haber\/chpye-yonelik-akp-operasyonunda-kritik-hamle-muhittin-bocekin-85-saatlik-ifadesi-bize-ne<\/a><\/strong><strong>Bu haber sosyalist solun bir k\u0131sm\u0131ndaki \u201cevrenselci s\u0131n\u0131f\u00e7\u0131\u201d s\u00f6ylemi ile T\u00fcrkiye\u2019ye \u00f6zg\u00fc tarihsel ilerici-gerici ayr\u0131m\u0131na dayanan \u201cyerli k\u00fclt\u00fcrc\u00fc\u201d s\u00f6ylemi aras\u0131ndaki gerilim ve \u00e7eli\u015fkiyi a\u00e7\u0131k\u00e7a yans\u0131t\u0131yor. Bu tutum sosyalist Partili bas\u0131n\u0131n \u00f6zellikle belirli kesimindeki genel zaaf\u0131 a\u00e7\u0131k\u00e7a yans\u0131t\u0131yor. Bu yay\u0131n organlar\u0131 ve s\u00f6z konusu sosyalist partilerin neredeyse hi\u00e7 biri CHP\u2019nin, CHP liderlerinin ve CHP\u2019li Belediye Ba\u015fkanlar\u0131n\u0131n yolsuzluk yapma olas\u0131l\u0131\u011f\u0131 \u00fczerinde dahi durmad\u0131lar. Tek tarafl\u0131 olarak H\u00fck\u00fcmetin otoriter tutumu ve yarg\u0131y\u0131 CHP ve di\u011fer muhalif siyasi g\u00fc\u00e7leri bast\u0131rma amac\u0131yla kullanma tutumu \u00fczerinde durdular. Yine tek tarafl\u0131 olarak CHP\u2019yi hedef alan sald\u0131r\u0131ya kar\u015f\u0131 ortak demokratik cephe ve ortak direni\u015f geli\u015ftirmeye vurgu yapt\u0131lar. Nitekim 19 Mart\u2019\u0131n y\u0131ld\u00f6n\u00fcm\u00fc ile ilgili olarak yap\u0131lan bir haberde, yaz\u0131n\u0131n ba\u015f\u0131nda s\u0131n\u0131f\u00e7\u0131 radikal s\u00f6yleme yer verilirken, haberin geri kalan k\u0131sm\u0131nda uzun uzun \u0130mamo\u011flu ve \u00d6zg\u00fcr \u00d6zel\u2019in \u201csavunmac\u0131 ve reddedici\u201d a\u00e7\u0131klamalar\u0131na yer verilerek a\u00e7\u0131k\u00e7a CHP\u2019nin yan\u0131nda saf tutuluyor. Ve yaz\u0131da CHP a\u00e7\u0131klamalar\u0131na dair hi\u00e7bir mesafe ve ele\u015ftirel kayg\u0131 g\u00f6r\u00fclm\u00fcyor. &nbsp;&nbsp;&nbsp;&nbsp;Bkz. &nbsp;<a href=\"https:\/\/haber.sol.org.tr\/haber\/19-martin-yildonumunde-sarachanede-binler-bulustu-oy-hakkina-sahip-cik-407590\" rel=\"noreferrer noopener\" target=\"_blank\">https:\/\/haber.sol.org.tr\/haber\/19-martin-yildonumunde-sarachanede-binler-bulustu-oy-hakkina-sahip-cik-407590<\/a>&nbsp;&nbsp;<\/strong><\/p>\n\n\n\n<p style=\"font-size:clamp(16.834px, 1.052rem + ((1vw - 3.2px) * 0.716), 26px);\">Ben daha \u00f6nceki yaz\u0131lar\u0131mda ger\u00e7ekte sosyalist ak\u0131m\u0131n tarihinde g\u00f6rd\u00fc\u011f\u00fcm\u00fcz belirgin bir siyasi d\u00fc\u015f\u00fcnce trendi olan&nbsp;<strong>ilerici-gerici k\u00fclt\u00fcr sava\u015f\u0131n\u0131<\/strong>&nbsp;a\u015fmakta ba\u015far\u0131s\u0131z olan bu sosyalist yap\u0131lar\u0131 \u201cCumhuriyet\u00e7i Kom\u00fcnistler\u201d olarak tan\u0131mlam\u0131\u015ft\u0131m.&nbsp;Bu ideolojik hat, toplumsal muhalefeti s\u0131n\u0131fsal dinamikler \u00fczerinden de\u011fil, laik\/anti-laik (\u0130slamc\u0131) cephele\u015fmesi \u00fczerinden okumaya yatk\u0131nd\u0131r ve yolsuzluk kar\u015f\u0131s\u0131nda suskunlu\u011fu \u201c<strong>bizim&nbsp;mahallenin namusunu\u201d<\/strong>&nbsp;korumak ister.<\/p>\n\n\n\n<p style=\"font-size:clamp(16.834px, 1.052rem + ((1vw - 3.2px) * 0.716), 26px);\">Bu partiler, kendilerini &#8220;i\u015f\u00e7i s\u0131n\u0131f\u0131n\u0131n partisi&#8221; olarak tan\u0131mlasalar da pratikte m\u00fccadele enerjilerinin b\u00fcy\u00fck k\u0131sm\u0131n\u0131, AKP iktidar\u0131n\u0131n temsil etti\u011fini d\u00fc\u015f\u00fcnd\u00fckleri &#8220;gerici&#8221; blo\u011fa kar\u015f\u0131 &#8220;cumhuriyet mevzilerini&#8221; savunmaya harc\u0131yorlar. Do\u011fru, i\u00e7inde bulundu\u011fumuz neoliberal ekonomik d\u00fczende ve her t\u00fcrl\u00fc ihale yolsuzlu\u011fu ve para-r\u00fc\u015fvet ile sat\u0131n al\u0131nan adayl\u0131\u011fa dayal\u0131 ve paran\u0131n g\u00fcc\u00fcn\u00fcn se\u00e7imlerde ve politikada \u00e7ok b\u00fcy\u00fck rol oynad\u0131\u011f\u0131 bu d\u00fczende, ayr\u0131cal\u0131k ve imtiyaz sahibi ki\u015filerin politikac\u0131, bakan ve parti lideri olarak \u00f6ne \u00e7\u0131kt\u0131\u011f\u0131 bir d\u00fczende, bu gerici \u00e7amur d\u00fczende, hi\u00e7bir d\u00fczen partisinin bu \u00e7amura bula\u015fmad\u0131\u011f\u0131n\u0131 s\u00f6yleyemeyiz. D\u00fczen siyasetinde de neoliberal piyasan\u0131n kurallar\u0131 i\u015fliyor. &nbsp;&nbsp;<\/p>\n\n\n\n<p style=\"font-size:clamp(16.834px, 1.052rem + ((1vw - 3.2px) * 0.716), 26px);\">Bask\u0131 alt\u0131ndaki t\u00fcm sosyalist-kom\u00fcnist partileri bunun d\u0131\u015f\u0131nda tutuyorum. Bat\u0131l\u0131 \u00fclkelerde i\u015f\u00e7iler ve halk i\u00e7in \u201cdemokrasinin veya cumhuriyetin\u201d asl\u0131nda % 10 bile demokrasi ve cumhuriyet olmad\u0131\u011f\u0131 ko\u015fullarda ya\u015f\u0131yoruz. Bu ko\u015fullarda i\u015f\u00e7i s\u0131n\u0131f\u0131 i\u00e7in cumhuriyet demokrasinin k\u0131r\u0131nt\u0131lar\u0131n\u0131 bile sosyalizm i\u00e7in m\u00fccadelede de\u011ferlendirmek istiyoruz. Fakat bug\u00fcn ger\u00e7ekte var olan\u0131 ve tarihte \u00fclkemizde ya\u015fanm\u0131\u015f olan bildik Cumhuriyet ve demokrasiyi abartmak ve&nbsp;<strong>\u201cbiz halk\u0131n se\u00e7me ve se\u00e7ilme hakk\u0131n\u0131 koruyoruz\u201d<\/strong>&nbsp;diyerek CHP\u2019li politikac\u0131lara kalkan olmak devrimci fikirleri yaymaya \u00e7al\u0131\u015ft\u0131\u011f\u0131m\u0131z i\u015f\u00e7i ve halk kitleleri taraf\u0131ndan tabii ki sorgulanacakt\u0131r.&nbsp;<strong>Sosyalist-kom\u00fcnist partiler kendi partilerinde y\u00f6netici d\u00fczeyine bir yolsuzluk ve disiplinsizlik \u00e7\u0131kt\u0131\u011f\u0131nda nas\u0131l aktif ve tavizsiz davran\u0131yorlar ise burjuva politikac\u0131lara kar\u015f\u0131 da ayn\u0131 tutumu izlemelidirler. &nbsp;Bu yolsuzluklar sadece ekonomik de\u011fil b\u00fcy\u00fck \u00f6l\u00e7\u00fcde yap\u0131sal ve siyasidir.<\/strong><\/p>\n\n\n\n<p style=\"font-size:clamp(16.834px, 1.052rem + ((1vw - 3.2px) * 0.716), 26px);\">Diyelim ki, T\u00fcrkiye\u2019de AKP neoliberalizmin siyasi merkezidir, 2017\u2019de kurulan otoriter b\u00fcy\u00fck burjuva d\u00fczeninin as\u0131l merkezi g\u00fcc\u00fcd\u00fcr. O takdirde AKP\u2019ye \u201cbirlikte vurmal\u0131y\u0131z\u201d diyerek birlikte y\u00fcr\u00fcmek istediklerinizi ele\u015ftirmeyi tamamen bir kenara b\u0131rak\u0131p, hatta dolayl\u0131 olarak savunmak, bir kom\u00fcnist-sosyalist partiyi CHP\u2019nin kuyru\u011fu yapar ve kom\u00fcnist-sosyalist partinin halk i\u00e7inde temiz parti oldu\u011fu inand\u0131r\u0131c\u0131l\u0131\u011f\u0131 kaybolur. &nbsp;Ayn\u0131 varsay\u0131ma ba\u011fl\u0131 kal\u0131rsak yani CHP ile yan yana y\u00fcr\u00fcyece\u011fiz diyerek, \u201ccumhuriyetimize\/demokrasimize\u201d kar\u015f\u0131 yap\u0131lan sald\u0131r\u0131lar\u0131n artt\u0131\u011f\u0131 ko\u015fullarda, CHP\u2019yi ba\u015f d\u00fc\u015fman ilan edip, kenara \u00e7ekilmek sol sapma olacakt\u0131r. Neyse ki, bu konuda bug\u00fcn sol sapma yok gibidir. &nbsp;<\/p>\n\n\n\n<p style=\"font-size:clamp(16.834px, 1.052rem + ((1vw - 3.2px) * 0.716), 26px);\">Bence bu durumda do\u011fru taktik, h\u00fck\u00fcmete kar\u015f\u0131 CHP ile birlikte y\u00fcr\u00fcmeyi kabul etsek bile, her t\u00fcrl\u00fc yolsuzlu\u011fu ve CHP\u2019deki diz boyu yolsuzlu\u011fu ve disiplinsizli\u011fi ele\u015ftirmek, kendi ayr\u0131, devrimci ve tavizsiz kimli\u011fimizi korumak ve do\u011fan en k\u00fc\u00e7\u00fck f\u0131rsatta bunu dile getirmek gerekir. Yap\u0131lan \u015fey suskunduk ve CHP \u00e7izgisinde bir taraf tutmaktan \u00f6teye gitmiyor. &nbsp;&nbsp;&nbsp;<\/p>\n\n\n\n<p style=\"font-size:clamp(16.834px, 1.052rem + ((1vw - 3.2px) * 0.716), 26px);\"><strong>Haber Sol Yaz\u0131s\u0131n\u0131n Metin Analizi &nbsp;&nbsp;<\/strong><\/p>\n\n\n\n<p style=\"font-size:clamp(16.834px, 1.052rem + ((1vw - 3.2px) * 0.716), 26px);\"><strong>Haberin \u00e7er\u00e7evesi ve dili &#8220;taraf&#8221; oldu\u011funu tamamen sergiliyor.&nbsp;<\/strong>Haber, g\u00f6r\u00fcn\u00fc\u015fte AKP&#8217;nin CHP&#8217;ye y\u00f6nelik bir operasyonunu te\u015fhir eden bir &#8220;iktidar ele\u015ftirisi&#8221; olarak yaz\u0131lm\u0131\u015f. Oysa kullan\u0131lan dil ve olay \u00f6rg\u00fcs\u00fc, Haber sol gibi bir sosyalist bas\u0131n\u0131n bu meselede tarafs\u0131z bir yorumcu olarak de\u011fil, do\u011frudan CHP&#8217;nin siyasi savunma avukatl\u0131\u011f\u0131na soyundu\u011funu g\u00f6steriyor.&nbsp;<\/p>\n\n\n\n<p style=\"font-size:clamp(16.834px, 1.052rem + ((1vw - 3.2px) * 0.716), 26px);\"><strong>Haber Ma\u011fduriyet Kurgusu Yap\u0131yor:<\/strong>&nbsp;Ba\u015fl\u0131k ve giri\u015f, olay\u0131 AKP&#8217;nin &#8220;mutlak butlan&#8221; plan\u0131 ve AKP\u2019nin CHP&#8217;ye y\u00f6nelik &#8220;hamleleri&#8221; \u00fczerinden \u00e7er\u00e7eveliyor.&nbsp;<strong>Muhittin B\u00f6cek,<\/strong>&nbsp;yolsuzluk iddialar\u0131n\u0131n muhatab\u0131 olan bir siyaset\u00e7i olarak de\u011fil, AKP&#8217;nin &#8220;k\u0131skac\u0131na&#8221; ald\u0131\u011f\u0131, &#8220;bel alt\u0131&#8221; vurdu\u011fu, ailesi \u00fczerinden bask\u0131 yap\u0131lan bir &#8220;ma\u011fdur&#8221; politikac\u0131 olarak resmediliyor.<\/p>\n\n\n\n<p style=\"font-size:clamp(16.834px, 1.052rem + ((1vw - 3.2px) * 0.716), 26px);\"><strong>\u0130ktidar\u0131n Dilini Kullanan Haber:<\/strong>&nbsp;Haberde, AKP&#8217;li bas\u0131n\u0131n iddialar\u0131 &#8220;servis edildi&#8221;, &#8220;yanda\u015f bas\u0131n&#8221; gibi ifadelerle sunulurken, CHP&#8217;lilerin a\u00e7\u0131klamalar\u0131 &#8220;yan\u0131t verdi&#8221;, &#8220;yalanlad\u0131&#8221;, &#8220;tepki g\u00f6sterdi&#8221; gibi daha olumlu ve savunmac\u0131 bir tonda aktar\u0131l\u0131yor. Bu, bir haber ve yorum metninden ziyade, bir taraf\u0131n iddialar\u0131n\u0131 di\u011ferine kar\u015f\u0131 koruma alt\u0131na alan bir savunma metni izlenimi yarat\u0131yor.<\/p>\n\n\n\n<p style=\"font-size:clamp(16.834px, 1.052rem + ((1vw - 3.2px) * 0.716), 26px);\"><strong>&#8220;Etkin Pi\u015fmanl\u0131k&#8221;a Y\u00fcklenen Anlam:<\/strong>&nbsp;Haberde, B\u00f6cek ve o\u011flunun &#8220;etkin pi\u015fmanl\u0131k&#8221; ba\u015fvurusu, hukuki bir hakk\u0131n kullan\u0131m\u0131 olarak de\u011fil, AKP&#8217;nin &#8220;bask\u0131lar\u0131 sonras\u0131 taraf de\u011fi\u015ftirme (CHP\u2019ye ihanet)&#8221; durumu, bir t\u00fcr &#8220;teslimiyet ve \u00e7\u00f6z\u00fclme&#8221; olarak sunuluyor. Bu, yolsuzluk soru\u015fturmas\u0131n\u0131n \u00f6z\u00fcne dair hi\u00e7bir \u015fey s\u00f6ylemezken, haber t\u00fcm s\u00f6zc\u00fcklerini iktidar\u0131n siyasi hamlesini te\u015fhir etmeye odakl\u0131yor.<\/p>\n\n\n\n<p style=\"font-size:clamp(16.834px, 1.052rem + ((1vw - 3.2px) * 0.716), 26px);\"><strong>Siyasi S\u00f6ylem ve Pratik Tutum Aras\u0131ndaki U\u00e7urum: Ele\u015ftirinin Tamamen Reddi<\/strong><\/p>\n\n\n\n<p style=\"font-size:clamp(16.834px, 1.052rem + ((1vw - 3.2px) * 0.716), 26px);\">Bu partilerin s\u00f6ylemde &#8220;emek-sermaye \u00e7eli\u015fkisi&#8221; ve &#8220;uluslararas\u0131 kapitalist kar\u015f\u0131 devrim&#8221; vurgusu yaparken, pratikte &#8220;yerli bir k\u00fclt\u00fcr sava\u015f\u0131na\u201d s\u0131k\u0131\u015ft\u0131klar\u0131n\u0131 belirtmi\u015ftim. &nbsp;Bu haber, bu tespitin adeta kan\u0131t\u0131 niteli\u011finde.<\/p>\n\n\n\n<p style=\"font-size:clamp(16.834px, 1.052rem + ((1vw - 3.2px) * 0.716), 26px);\"><strong>Yolsuzluk \u0130ddialar\u0131n\u0131n Yok Say\u0131lmas\u0131:<\/strong>&nbsp;Haberin tamam\u0131nda, Muhittin B\u00f6cek&#8217;e y\u00f6neltilen somut yolsuzluk iddialar\u0131n\u0131n ne oldu\u011funa, i\u00e7eri\u011fine, delillerine veya bu iddialar\u0131n kamuoyunda yaratt\u0131\u011f\u0131 me\u015fru sorgulamaya dair&nbsp;<strong>tek bir sat\u0131r, tek bir kelime yok.<\/strong>&nbsp;Haber Sol, burada sadece iktidar\u0131n davran\u0131\u015f &#8220;bi\u00e7imine\u201d (bask\u0131, \u015fantaj, hukuksuzluk) odaklan\u0131p, olas\u0131 bir &#8220;\u00f6z\u00fc\u201d (bir belediye ba\u015fkan\u0131n\u0131n yolsuzluk yap\u0131p yapmad\u0131\u011f\u0131n\u0131) tamamen \u0131skal\u0131yor, hatta bilin\u00e7li olarak g\u00f6rmezden geliyor.<\/p>\n\n\n\n<p style=\"font-size:clamp(16.834px, 1.052rem + ((1vw - 3.2px) * 0.716), 26px);\"><strong>&#8220;S\u0131n\u0131f M\u00fccadelesi&#8221; S\u00f6yleminin Kaybolu\u015fu:<\/strong>&nbsp;Haber, emek-sermaye \u00e7eli\u015fkisi, rant, kent ya\u011fmas\u0131, kamu kaynaklar\u0131n\u0131n talan\u0131 gibi Marksist bir analizin merkezinde olmas\u0131 gereken sosyalist kavramlar\u0131 hi\u00e7 kullanm\u0131yor. Mesele, bir belediyenin nas\u0131l ve kimin i\u00e7in y\u00f6netilmesi gerekti\u011fi de\u011fil; tamamen iki burjuva siyasi parti aras\u0131ndaki bir g\u00fc\u00e7 ve siyasi varolu\u015f kavgas\u0131 olarak resmediliyor. Bu haliyle metin, Marksist bir analiz de\u011fil, CHP&#8217;ye sempati duyan liberal-demokrat bir yorumcunun kaleminden \u00e7\u0131km\u0131\u015f bir siyasi analiz izlenimi veriyor.<\/p>\n\n\n\n<p style=\"font-size:clamp(16.834px, 1.052rem + ((1vw - 3.2px) * 0.716), 26px);\"><strong>&#8220;Cumhuriyet Mevzilerini Savunma&#8221; Refleksi:<\/strong>\u00a0Haber Sol\u2019un buradaki tek derdi, &#8220;CHP&#8217;ye kayy\u0131m atanmas\u0131&#8221; ihtimaline kar\u015f\u0131 uyar\u0131 yapmak ve bunun &#8220;AKP&#8217;nin bir hamlesi&#8221; oldu\u011funu g\u00f6stermek. Haberin son paragraf\u0131 bunu net bir \u015fekilde ortaya koyuyor. As\u0131l d\u00fc\u015fman &#8220;gerici&#8221; iktidard\u0131r ve bu nedenle &#8220;ilerici&#8221; cephedeki bir m\u00fcttefikin (CHP) olas\u0131 yolsuzluklar\u0131 veya hatalar\u0131 ele\u015ftirilemez, sadece g\u00f6rmezden gelinir. S\u00f6ylemde bir &#8220;uluslararas\u0131 kapitalist kar\u015f\u0131 devrime\u201d veya sermayenin Saray rejimine kar\u015f\u0131 m\u00fccadele etmek g\u00f6r\u00fcnd\u00fc\u011f\u00fc gibi kolay de\u011fildir, pratik g\u00fcndelik siyasetin i\u00e7inde\u2014halk kitleleri ba\u011flar\u0131n zay\u0131f oldu\u011fu ve okumu\u015f kitlelere hapsolmu\u015f bir sosyalist partide \u00e7ok daha zor&#8212;bu i\u015f zordur ve i\u015f\u00e7i ve halk kitleleri i\u00e7inde uzun soluklu bir \u00f6rg\u00fctlenme gerektirir. Buna kar\u015f\u0131l\u0131k, ilericilik-gericilik kavgas\u0131, \u00f6zellikle AKP iktidar\u0131 alt\u0131nda, \u00e7ok daha haz\u0131r, kolay ve geni\u015f bir toplumsal kitle kar\u015f\u0131l\u0131\u011f\u0131 olan bir siyasi cephe sunar.<\/p>\n\n\n\n<p style=\"font-size:clamp(16.834px, 1.052rem + ((1vw - 3.2px) * 0.716), 26px);\"><strong>Bu Haberin \u0130\u00e7erdi\u011fi \u201c\u00dcst\u00fc Kapal\u0131\u201d Siyasi Al\u0131\u015fkanl\u0131k<\/strong><\/p>\n\n\n\n<p style=\"font-size:clamp(16.834px, 1.052rem + ((1vw - 3.2px) * 0.716), 26px);\">Haber sol&nbsp;<strong>\u201c\u00fcst\u00fc kapal\u0131\u201d siyasi al\u0131\u015fkanl\u0131\u011f\u0131n\u0131<\/strong>&nbsp;&#8220;ustaca gizlemeye&#8221; \u00e7al\u0131\u015f\u0131yor.<\/p>\n\n\n\n<p style=\"font-size:clamp(16.834px, 1.052rem + ((1vw - 3.2px) * 0.716), 26px);\"><strong>Radikal Sol Tabana Mesaj:<\/strong>&nbsp;Haber Sol, iktidar\u0131n &#8220;operasyon&#8221; ve &#8220;bask\u0131&#8221; ayg\u0131t\u0131n\u0131 te\u015fhir ederek, &#8220;devleti ve iktidar\u0131&#8221; ele\u015ftirme misyonunu yerine getirdi\u011fi yan\u0131lsamas\u0131n\u0131 yaratmaya \u00e7al\u0131\u015f\u0131yor.<\/p>\n\n\n\n<p style=\"font-size:clamp(16.834px, 1.052rem + ((1vw - 3.2px) * 0.716), 26px);\"><strong>Geni\u015f Muhalefet \u0130ttifak\u0131na Mesaj:<\/strong>&nbsp;&#8220;Biz de CHP&#8217;ye yap\u0131lan bu hukuksuzlu\u011fun kar\u015f\u0131s\u0131nday\u0131z&#8221; diyerek, \u201cdemokratik cephe\u201d i\u00e7indeki yerini sa\u011flamla\u015ft\u0131rmaya \u00e7al\u0131\u015f\u0131yor.<\/p>\n\n\n\n<p style=\"font-size:clamp(16.834px, 1.052rem + ((1vw - 3.2px) * 0.716), 26px);\">Bu, tutum potansiyel CHP se\u00e7menine ve laik duyarl\u0131l\u0131\u011f\u0131 y\u00fcksek kitlelere \u201di\u015fte biz sizin g\u00fcvenilir m\u00fcttefikiniziz&#8221; imgesi veriyor.<\/p>\n\n\n\n<p style=\"font-size:clamp(16.834px, 1.052rem + ((1vw - 3.2px) * 0.716), 26px);\"><strong>Yap\u0131lmayan As\u0131l G\u00f6rev:<\/strong>&nbsp;Ancak bu yap\u0131l\u0131rken, bir sosyalist-kom\u00fcnist partinin asli g\u00f6revi olan, &#8220;yolsuzluk kapitalist sistemin yap\u0131sal bir hastal\u0131\u011f\u0131d\u0131r ve yolsuzluk yapan her parti te\u015fhir edilmelidir&#8221; ilkesi, siyasi konjonkt\u00fcre feda ediliyor. Haber, CHP&#8217;li bir belediye ba\u015fkan\u0131na y\u00f6nelik iddialar kar\u015f\u0131s\u0131nda, &#8220;Bu iddialar ara\u015ft\u0131r\u0131ls\u0131n, belediyeler \u015feffaf olsun, halk\u0131n paras\u0131n\u0131 her kim \u00e7ald\u0131ysa hesap versin&#8221; diyemiyor. \u00c7\u00fcnk\u00fc bu, &#8220;ilerici cepheyi\u201d zay\u0131flat\u0131r diye d\u00fc\u015f\u00fcn\u00fcl\u00fcyor.<\/p>\n\n\n\n<p style=\"font-size:clamp(16.834px, 1.052rem + ((1vw - 3.2px) * 0.716), 26px);\">Burada Marksist terminolojiyle s\u00fcslenmi\u015f bir s\u0131n\u0131f m\u00fccadelesi analizi de\u011fil, d\u00fcped\u00fcz bir siyasi tarafgirlik ve bir burjuva partisinin (CHP) di\u011fer bir burjuva partisine (AKP) kar\u015f\u0131 kay\u0131ts\u0131z \u015farts\u0131z savunulmas\u0131 vard\u0131r. Haberde &#8220;yolsuzluk&#8221; kelimesinin sadece muhalif gazetecinin att\u0131\u011f\u0131 tweet&#8217;i aktar\u0131rken kullan\u0131lmas\u0131 ve onu da CHP&#8217;lilerin &#8220;b\u00fcy\u00fck tepki g\u00f6sterdi\u011fi&#8221; bir iftira gibi sunmas\u0131, bu haberdeki siyasi k\u00f6rl\u00fc\u011f\u00fcn en net g\u00f6stergesidir.<\/p>\n\n\n\n<p style=\"font-size:clamp(16.834px, 1.052rem + ((1vw - 3.2px) * 0.716), 26px);\"><strong>Gen\u00e7li\u011fe K\u00f6t\u00fc \u00d6rnek<\/strong><\/p>\n\n\n\n<p style=\"font-size:clamp(16.834px, 1.052rem + ((1vw - 3.2px) * 0.716), 26px);\">Kan\u0131mca 19 Mart Protesto eylemleri i\u00e7in gen\u00e7li\u011fe bol bol te\u015fekk\u00fcrler ya\u011fd\u0131ran sosyalist-kom\u00fcnist partiler onlar\u0131n yolsuzluklara ve paran\u0131n imparatorlu\u011funa kar\u015f\u0131 duyduklar\u0131 nefreti g\u00f6z ard\u0131 ediyor ve hi\u00e7 de iyi bir \u00f6\u011fretmen olam\u0131yorlar.<\/p>\n","protected":false},"excerpt":{"rendered":"<p>CHP\u2019nin Yolsuzluklar\u0131 ve Kirli \u00c7ama\u015f\u0131rlar\u0131 A\u00e7\u0131k A\u00e7\u0131k Ortaya \u00c7\u0131karken, Haber Sol Gazetesi\u2019nin \u0130deolojik ve Siyasi Al\u0131\u015fkanl\u0131klar\u0131 Ortaya \u00c7\u0131k\u0131yor Cem K\u0131z\u0131l\u00e7e\u00e7, May\u0131s 2026 Giri\u015f D\u00fcn Haber Sol gazetesinde&nbsp;CHP&#8217;ye y\u00f6nelik AKP operasyonunda kritik hamle: Muhittin B\u00f6cek&#8217;in 8,5 saatlik ifadesi bize ne anlat\u0131yor? Ba\u015fl\u0131kl\u0131 bir analiz haber yay\u0131nland\u0131.&nbsp;Bkz.&nbsp;https:\/\/haber.sol.org.tr\/haber\/chpye-yonelik-akp-operasyonunda-kritik-hamle-muhittin-bocekin-85-saatlik-ifadesi-bize-neBu haber sosyalist solun bir k\u0131sm\u0131ndaki \u201cevrenselci s\u0131n\u0131f\u00e7\u0131\u201d s\u00f6ylemi ile T\u00fcrkiye\u2019ye [&hellip;]<\/p>\n","protected":false},"author":1,"featured_media":0,"comment_status":"open","ping_status":"open","sticky":false,"template":"","format":"standard","meta":{"_monsterinsights_skip_tracking":false,"_monsterinsights_sitenote_active":false,"_monsterinsights_sitenote_note":"","_monsterinsights_sitenote_category":0,"footnotes":""},"categories":[4,53],"tags":[],"class_list":["post-6447","post","type-post","status-publish","format-standard","hentry","category-turkiye-sosyalizmi","category-turkiye-sosyalizmi-tr"],"blocksy_meta":[],"_links":{"self":[{"href":"https:\/\/marksizm.org.tr\/index.php?rest_route=\/wp\/v2\/posts\/6447","targetHints":{"allow":["GET"]}}],"collection":[{"href":"https:\/\/marksizm.org.tr\/index.php?rest_route=\/wp\/v2\/posts"}],"about":[{"href":"https:\/\/marksizm.org.tr\/index.php?rest_route=\/wp\/v2\/types\/post"}],"author":[{"embeddable":true,"href":"https:\/\/marksizm.org.tr\/index.php?rest_route=\/wp\/v2\/users\/1"}],"replies":[{"embeddable":true,"href":"https:\/\/marksizm.org.tr\/index.php?rest_route=%2Fwp%2Fv2%2Fcomments&post=6447"}],"version-history":[{"count":8,"href":"https:\/\/marksizm.org.tr\/index.php?rest_route=\/wp\/v2\/posts\/6447\/revisions"}],"predecessor-version":[{"id":6456,"href":"https:\/\/marksizm.org.tr\/index.php?rest_route=\/wp\/v2\/posts\/6447\/revisions\/6456"}],"wp:attachment":[{"href":"https:\/\/marksizm.org.tr\/index.php?rest_route=%2Fwp%2Fv2%2Fmedia&parent=6447"}],"wp:term":[{"taxonomy":"category","embeddable":true,"href":"https:\/\/marksizm.org.tr\/index.php?rest_route=%2Fwp%2Fv2%2Fcategories&post=6447"},{"taxonomy":"post_tag","embeddable":true,"href":"https:\/\/marksizm.org.tr\/index.php?rest_route=%2Fwp%2Fv2%2Ftags&post=6447"}],"curies":[{"name":"wp","href":"https:\/\/api.w.org\/{rel}","templated":true}]}}