{"id":6463,"date":"2026-05-20T17:55:06","date_gmt":"2026-05-20T17:55:06","guid":{"rendered":"https:\/\/marksizm.org.tr\/?p=6463"},"modified":"2026-05-30T14:48:36","modified_gmt":"2026-05-30T14:48:36","slug":"xi-jinping-dunya-yuzyildan-bu-yana-esi-benzeri-gorulmemis-buyuk-donusumlerden-geciyor-bes-kapsamli-donusum","status":"publish","type":"post","link":"https:\/\/marksizm.org.tr\/?p=6463","title":{"rendered":"Xi Jinping: D\u00fcnya Y\u00fczy\u0131ldan Bu Yana E\u015fi Benzeri G\u00f6r\u00fclmemi\u015f B\u00fcy\u00fck D\u00f6n\u00fc\u015f\u00fcmlerden Ge\u00e7iyor: Be\u015f Kapsaml\u0131 D\u00f6n\u00fc\u015f\u00fcm"},"content":{"rendered":"\n<h1 class=\"wp-block-heading\"><strong><br>Xi Jinping: D\u00fcnya Y\u00fczy\u0131ldan Bu Yana E\u015fi Benzeri G\u00f6r\u00fclmemi\u015f B\u00fcy\u00fck D\u00f6n\u00fc\u015f\u00fcmlerden Ge\u00e7iyor: Be\u015f Kapsaml\u0131 D\u00f6n\u00fc\u015f\u00fcm<\/strong><\/h1>\n\n\n\n<p><strong>May\u0131s 2026<\/strong><\/p>\n\n\n\n<figure class=\"wp-block-image aligncenter size-full\"><img loading=\"lazy\" decoding=\"async\" width=\"1024\" height=\"791\" src=\"https:\/\/marksizm.org.tr\/wp-content\/uploads\/2025\/10\/5b62be5d-6b79-46e0-9b4d-1fc5994c5180.jpeg\" alt=\"\" class=\"wp-image-5889\" srcset=\"https:\/\/marksizm.org.tr\/wp-content\/uploads\/2025\/10\/5b62be5d-6b79-46e0-9b4d-1fc5994c5180.jpeg 1024w, https:\/\/marksizm.org.tr\/wp-content\/uploads\/2025\/10\/5b62be5d-6b79-46e0-9b4d-1fc5994c5180-300x232.jpeg 300w, https:\/\/marksizm.org.tr\/wp-content\/uploads\/2025\/10\/5b62be5d-6b79-46e0-9b4d-1fc5994c5180-768x593.jpeg 768w\" sizes=\"auto, (max-width: 1024px) 100vw, 1024px\" \/><\/figure>\n\n\n\n<p style=\"font-size:clamp(16.834px, 1.052rem + ((1vw - 3.2px) * 0.716), 26px);\">B\u00fcy\u00fck De\u011fi\u015fim D\u00f6nemi: G\u00fcn\u00fcm\u00fcz D\u00fcnyas\u0131n\u0131n Be\u015f Kapsaml\u0131 D\u00f6n\u00fc\u015f\u00fcm\u00fc<\/p>\n\n\n\n<p style=\"font-size:clamp(16.834px, 1.052rem + ((1vw - 3.2px) * 0.716), 26px);\">G\u00fcn\u00fcm\u00fcz d\u00fcnyas\u0131, y\u00fczy\u0131ldan bu yana g\u00f6r\u00fclmemi\u015f derin de\u011fi\u015fimlerden ge\u00e7iyor. A\u015fa\u011f\u0131da bu olgunun derinlemesine bir analizi yer almaktad\u0131r:<\/p>\n\n\n\n<p style=\"font-size:clamp(16.834px, 1.052rem + ((1vw - 3.2px) * 0.716), 26px);\">1. Uluslararas\u0131 g\u00fc\u00e7 dengesinde derin de\u011fi\u015fiklikler: Son y\u0131llarda, geli\u015fmekte olan K\u00fcresel G\u00fcney \u00fclkelerinin ve geli\u015fmekte olan \u00fclkelerin toplu y\u00fckseli\u015fi,\u00a0<strong>(Brezilya, G\u00fcney Afrika, Suudi Arabistan, Endonezya, Malezya, T\u00fcrkiye, Hindistan)\u00a0<\/strong>k\u00fcresel siyasi ve ekonomik manzaray\u0131 yeniden \u015fekillendiriyor. Mevcut ve gelecek d\u00f6nemlerde \u00c7in&#8217;in d\u0131\u015f ili\u015fkilerini etkin bir \u015fekilde y\u00fcr\u00fctmesi i\u00e7in bir\u00e7ok elveri\u015fli uluslararas\u0131 ko\u015fullar bulunmaktad\u0131r.<\/p>\n\n\n\n<p style=\"font-size:clamp(16.834px, 1.052rem + ((1vw - 3.2px) * 0.716), 26px);\">2. Yeni bir teknolojik devrim ve end\u00fcstriyel d\u00f6n\u00fc\u015f\u00fcm turunun derinle\u015fmesi: Yapay zeka gibi ileri teknolojilerdeki at\u0131l\u0131mlar, t\u00fcm \u00fclkelerin gelece\u011fini ve kaderini derinden etkileyerek insanlar\u0131n ya\u015fam, \u00e7al\u0131\u015fma ve d\u00fc\u015f\u00fcnme bi\u00e7imlerini de\u011fi\u015ftiriyor.<\/p>\n\n\n\n<p style=\"font-size:clamp(16.834px, 1.052rem + ((1vw - 3.2px) * 0.716), 26px);\">3. <strong>Uluslararas\u0131 sistemde ve uluslararas\u0131 d\u00fczende derin de\u011fi\u015fiklikler:<\/strong>\u00a0Geli\u015fmekte olan K\u00fcresel G\u00fcney \u00fclkelerin uluslararas\u0131 ili\u015fkilerdeki artan sesi, k\u00fcresel y\u00f6netim sistemini daha adil ve e\u015fitlik\u00e7i bir y\u00f6ne do\u011fru itiyor. Bug\u00fcn d\u00fcnya, y\u00fczy\u0131ld\u0131r g\u00f6r\u00fclmemi\u015f derin de\u011fi\u015fikliklerden ge\u00e7iyor ve d\u00fcnya sosyalizmi davas\u0131 yeni geli\u015fim f\u0131rsatlar\u0131yla kar\u015f\u0131 kar\u015f\u0131ya. \u015eu anda sosyalist \u00c7in, modern zamanlardan bu yana en iyi geli\u015fim d\u00f6nemini ya\u015farken, d\u00fcnya y\u00fczy\u0131ld\u0131r g\u00f6r\u00fclmemi\u015f derin de\u011fi\u015fikliklerden ge\u00e7iyor; bu iki d\u00f6nem i\u00e7 i\u00e7e ge\u00e7mi\u015f ve birbirini g\u00fc\u00e7lendiriyor.<\/p>\n\n\n\n<p style=\"font-size:clamp(16.834px, 1.052rem + ((1vw - 3.2px) * 0.716), 26px);\">4. K\u00fcresel y\u00f6neti\u015fim sisteminde derin de\u011fi\u015fiklikler: d\u00fcnya \u00e7ap\u0131nda \u0130nsanl\u0131k tarihinin gidi\u015fat\u0131n\u0131 ve y\u00f6n\u00fcn\u00fc etkileyen \u00f6nemli bir trend ortaya \u00e7\u0131k\u0131yor ve k\u00fcresel y\u00f6neti\u015fim sistemi derin de\u011fi\u015fikliklerden ge\u00e7iyor.<\/p>\n\n\n\n<p style=\"font-size:clamp(16.834px, 1.052rem + ((1vw - 3.2px) * 0.716), 26px);\">5. D\u00fcnya ekonomisinin manzaras\u0131nda derin de\u011fi\u015fiklikler: K\u00fcresel y\u00f6neti\u015fim sisteminin yetersizli\u011fi ve asimetrisi, e\u015fi benzeri g\u00f6r\u00fclmemi\u015f d\u00fczeyde. Eski, bozuk sistem ile yeni ortaya \u00e7\u0131kan ger\u00e7eklik aras\u0131nda \u00f6nemli bir z\u0131tl\u0131k var: Eski kurallar yeni d\u00fcnyaya uymuyor. K\u00fcresel ekonomik d\u00fczen dramatik bir \u015fekilde de\u011fi\u015fti ancak onu y\u00f6netmekle g\u00f6revli kurumlar (IMF, D\u00fcnya Bankas\u0131, WTO vb.) eski, yetersiz ve dengesiz, baz\u0131 \u00fclkeleri di\u011ferlerine kar\u015f\u0131 kay\u0131r\u0131yor (\u201casimetri\u201d).<\/p>\n\n\n\n<p style=\"font-size:clamp(16.834px, 1.052rem + ((1vw - 3.2px) * 0.716), 26px);\">Bu uyumsuzluk t\u00fcm zamanlar\u0131n en y\u00fcksek seviyesinde. D\u00fcnyan\u0131n ger\u00e7ekte nas\u0131l i\u015fledi\u011fi ile nas\u0131l y\u00f6netildi\u011fi aras\u0131ndaki u\u00e7urum hi\u00e7 bu kadar geni\u015f olmam\u0131\u015ft\u0131. Ancak \u00fclkeler ve halklar aras\u0131ndaki ba\u011flant\u0131 da ayn\u0131 derecede g\u00fc\u00e7l\u00fc; insanl\u0131\u011f\u0131n kaderi her zamankinden daha i\u00e7 i\u00e7e ge\u00e7mi\u015f durumda \u2013 iklim, salg\u0131nlar, ekonomik istikrar \u2013 yani mevcut sistemin en ciddi \u015fekilde ba\u015far\u0131s\u0131z oldu\u011fu bir d\u00f6nemde, i\u015flevsel bir sisteme her zamankinden daha \u00e7ok ihtiya\u00e7 var.<\/p>\n\n\n\n<p style=\"font-size:clamp(16.834px, 1.052rem + ((1vw - 3.2px) * 0.716), 26px);\">Mevcut bozuk sistemden kaynaklanan k\u00fcresel risk seviyesi tarihseldir, ancak k\u00fcresel kar\u015f\u0131l\u0131kl\u0131 ba\u011f\u0131ml\u0131l\u0131k seviyesi de y\u00fckselmi\u015ftir; bu da sistem reformunu sadece arzu edilir de\u011fil, varolu\u015fsal olarak acil hale getiriyor.<\/p>\n","protected":false},"excerpt":{"rendered":"<p>Xi Jinping: D\u00fcnya Y\u00fczy\u0131ldan Bu Yana E\u015fi Benzeri G\u00f6r\u00fclmemi\u015f B\u00fcy\u00fck D\u00f6n\u00fc\u015f\u00fcmlerden Ge\u00e7iyor: Be\u015f Kapsaml\u0131 D\u00f6n\u00fc\u015f\u00fcm May\u0131s 2026 B\u00fcy\u00fck De\u011fi\u015fim D\u00f6nemi: G\u00fcn\u00fcm\u00fcz D\u00fcnyas\u0131n\u0131n Be\u015f Kapsaml\u0131 D\u00f6n\u00fc\u015f\u00fcm\u00fc G\u00fcn\u00fcm\u00fcz d\u00fcnyas\u0131, y\u00fczy\u0131ldan bu yana g\u00f6r\u00fclmemi\u015f derin de\u011fi\u015fimlerden ge\u00e7iyor. A\u015fa\u011f\u0131da bu olgunun derinlemesine bir analizi yer almaktad\u0131r: 1. Uluslararas\u0131 g\u00fc\u00e7 dengesinde derin de\u011fi\u015fiklikler: Son y\u0131llarda, geli\u015fmekte olan K\u00fcresel G\u00fcney \u00fclkelerinin [&hellip;]<\/p>\n","protected":false},"author":1,"featured_media":0,"comment_status":"open","ping_status":"open","sticky":false,"template":"","format":"standard","meta":{"_monsterinsights_skip_tracking":false,"_monsterinsights_sitenote_active":false,"_monsterinsights_sitenote_note":"","_monsterinsights_sitenote_category":0,"footnotes":""},"categories":[6],"tags":[],"class_list":["post-6463","post","type-post","status-publish","format-standard","hentry","category-sosyalist-ulkeler"],"blocksy_meta":[],"_links":{"self":[{"href":"https:\/\/marksizm.org.tr\/index.php?rest_route=\/wp\/v2\/posts\/6463","targetHints":{"allow":["GET"]}}],"collection":[{"href":"https:\/\/marksizm.org.tr\/index.php?rest_route=\/wp\/v2\/posts"}],"about":[{"href":"https:\/\/marksizm.org.tr\/index.php?rest_route=\/wp\/v2\/types\/post"}],"author":[{"embeddable":true,"href":"https:\/\/marksizm.org.tr\/index.php?rest_route=\/wp\/v2\/users\/1"}],"replies":[{"embeddable":true,"href":"https:\/\/marksizm.org.tr\/index.php?rest_route=%2Fwp%2Fv2%2Fcomments&post=6463"}],"version-history":[{"count":2,"href":"https:\/\/marksizm.org.tr\/index.php?rest_route=\/wp\/v2\/posts\/6463\/revisions"}],"predecessor-version":[{"id":6493,"href":"https:\/\/marksizm.org.tr\/index.php?rest_route=\/wp\/v2\/posts\/6463\/revisions\/6493"}],"wp:attachment":[{"href":"https:\/\/marksizm.org.tr\/index.php?rest_route=%2Fwp%2Fv2%2Fmedia&parent=6463"}],"wp:term":[{"taxonomy":"category","embeddable":true,"href":"https:\/\/marksizm.org.tr\/index.php?rest_route=%2Fwp%2Fv2%2Fcategories&post=6463"},{"taxonomy":"post_tag","embeddable":true,"href":"https:\/\/marksizm.org.tr\/index.php?rest_route=%2Fwp%2Fv2%2Ftags&post=6463"}],"curies":[{"name":"wp","href":"https:\/\/api.w.org\/{rel}","templated":true}]}}