{"id":6479,"date":"2026-05-20T18:01:54","date_gmt":"2026-05-20T18:01:54","guid":{"rendered":"https:\/\/marksizm.org.tr\/?p=6479"},"modified":"2026-05-20T18:01:55","modified_gmt":"2026-05-20T18:01:55","slug":"gelenek-yazarinin-muhafazakar-ve-oznel-idealist-cumhuriyet-ideolojisini-okumak","status":"publish","type":"post","link":"https:\/\/marksizm.org.tr\/?p=6479","title":{"rendered":"Gelenek Yazar\u0131n\u0131n Muhafazakar ve \u00d6znel \u0130dealist &#8220;Cumhuriyet&#8221; \u0130deolojisini Okumak"},"content":{"rendered":"\n<h1 class=\"wp-block-heading\">Gelenek Yazar\u0131n\u0131n Muhafazakar ve \u00d6znel \u0130dealist &#8220;Cumhuriyet&#8221; \u0130deolojisini Okumak<\/h1>\n\n\n\n<h4 class=\"wp-block-heading\"><strong>Kemal Okur<\/strong>, <strong>\u015eubat 2024<\/strong><\/h4>\n\n\n\n<h4 class=\"wp-block-heading\">Tarihsel materyalizmden \u00f6znel idealist tarih yaz\u0131m\u0131na ve yap\u0131salc\u0131l\u0131\u011fa :<\/h4>\n\n\n\n<h1 class=\"wp-block-heading\"><\/h1>\n\n\n\n<p style=\"font-size:clamp(16.834px, 1.052rem + ((1vw - 3.2px) * 0.716), 26px);\">Gelenek yazar\u0131 ger\u00e7e\u011fi olgularda aramak ve tarihin nesnel geli\u015fim boyutuna bakmak yerine &#8220;anti-kapitalist bir cumhuriyet\u00e7ilik&#8221;, anti-kapitalist bir yurtsever cumhuriyet\u00e7ilik &#8220;ideolojik kurgusu&#8221;&nbsp;\u00fcretmeye \u00e7al\u0131\u015f\u0131yor.<\/p>\n\n\n\n<p style=\"font-size:clamp(16.834px, 1.052rem + ((1vw - 3.2px) * 0.716), 26px);\">Ulusal Gurur, Cumhuriyet\u00e7ilik ve Sosyalizm&nbsp;<a href=\"https:\/\/gelenek.org\/ulusal-gurur-cumhuriyetcilik-ve-sosyalizm\/\" target=\"_blank\" rel=\"noreferrer noopener\">https:\/\/gelenek.org\/ulusal-gurur-cumhuriyetcilik-ve-sosyalizm\/<\/a><\/p>\n\n\n\n<p style=\"font-size:clamp(16.834px, 1.052rem + ((1vw - 3.2px) * 0.716), 26px);\"><strong>Yazara g\u00f6re: &#8220;Kom\u00fcnizm ile Cumhuriyet\u00e7ilik ili\u015fkisi son derece do\u011frudand\u0131r. Biz kom\u00fcnistler Sonradan g\u00f6rme cumhuriyet\u00e7i de\u011filiz anlayaca\u011f\u0131n\u0131z!<\/strong><\/p>\n\n\n\n<p style=\"font-size:clamp(16.834px, 1.052rem + ((1vw - 3.2px) * 0.716), 26px);\">Yazar politik e\u015fitlik (politik \u00f6zg\u00fcrl\u00fck) ile toplumsal e\u015fitli\u011fi (toplumsal \u00f6zg\u00fcrl\u00fc\u011f\u00fc) birbirine kar\u0131\u015ft\u0131r\u0131yor. Burjuvazinin \u00f6nderli\u011findeki burjuva demokratik devrim i\u015f\u00e7ilere ve halka sadece politik \u00f6zg\u00fcrl\u00fck sa\u011flar, i\u015f\u00e7ilerin toplumsal k\u00f6leli\u011fini s\u00fcrd\u00fcrmeye devam eder. Frans\u0131z devrimi de politik \u00f6zg\u00fcrl\u00fc\u011f\u00fc veya herkese oy hakk\u0131n\u0131 savundu. &nbsp;&nbsp;<\/p>\n\n\n\n<p style=\"font-size:clamp(16.834px, 1.052rem + ((1vw - 3.2px) * 0.716), 26px);\">Marx i\u015f\u00e7i s\u0131n\u0131f\u0131n\u0131n politik \u00f6zg\u00fcrl\u00fck, politik e\u015fitlik ve politik devrim ideolojisini a\u015f\u0131p, toplumsal demokrasi, toplumsal e\u015fitlik ve toplumsal devrim doktrinine ge\u00e7mesini savundu. Ve o d\u00f6nemde proletaryan\u0131n \u00f6n\u00fcne toplumsal cumhuriyet hedefini koydu.<\/p>\n\n\n\n<p style=\"font-size:clamp(16.834px, 1.052rem + ((1vw - 3.2px) * 0.716), 26px);\">Marx ve Marksizm daha o g\u00fcnlerde politik devrimi ve politik demokrasiyi basit\u00e7e inkar etmedi, onu diyalektik olarak i\u00e7ererek a\u015fan toplumsal devrim, toplumsal demokrasi ve toplumsal \u00f6zg\u00fcrl\u00fck hedefini i\u015f\u00e7i s\u0131n\u0131f\u0131n\u0131n \u00f6n\u00fcne koydu. T\u00fcrkiye&#8217;de bu konuyu incelemi\u015f ve slogan olarak benimsemi\u015f \u00f6nemli sosyalist partiler de var.<\/p>\n\n\n\n<p style=\"font-size:clamp(16.834px, 1.052rem + ((1vw - 3.2px) * 0.716), 26px);\">Gelenek yazar\u0131na&nbsp;g\u00f6re:&nbsp;&nbsp;e\u015fitlik olmad\u0131\u011f\u0131nda Cumhuriyet y\u0131k\u0131l\u0131yor, y\u0131k\u0131lmasa bile sakat kal\u0131yor.&nbsp;Sorumuz \u015fu:&nbsp;&nbsp;&nbsp;Hangi e\u015fitlik politik e\u015fitlik mi? toplumsal e\u015fitlik mi?<\/p>\n\n\n\n<p style=\"font-size:clamp(16.834px, 1.052rem + ((1vw - 3.2px) * 0.716), 26px);\">Gelenek yazar\u0131na g\u00f6re:&nbsp;Rusya 1917&#8217;de Cumhuriyete kavu\u015ftu.<\/p>\n\n\n\n<p style=\"font-size:clamp(16.834px, 1.052rem + ((1vw - 3.2px) * 0.716), 26px);\">Hay\u0131r.. Rusya \u00f6nce proleter (toplumsal) nitelikli burjuva demokratik cumhuriyete ula\u015ft\u0131\u2026.. Yani \u015fubat devrimi&#8217;nde proletarya \u00f6nderli\u011finde politik \u00f6zg\u00fcrl\u00fc\u011f\u00fc veya politik demokrasiyi kazand\u0131, ard\u0131ndan &nbsp;ikinci ad\u0131mda\u2026 Ekim devrimi&#8217;nde proleter demokratik cumhuriyete kavu\u015ftu.&nbsp;&nbsp;&nbsp;(proletarya \u00f6nderli\u011finde t\u00fcm halk\u0131n diktat\u00f6rl\u00fc\u011f\u00fc yani \u00f6z\u00fcnde proletarya diktat\u00f6rl\u00fc\u011f\u00fc\u2026..&nbsp;Di\u011fer bir ifade ile Rusya toplumsal \u00f6zg\u00fcrl\u00fc\u011fe giden yolun kap\u0131lar\u0131n\u0131 ard\u0131na kadar a\u00e7an politik devrimi kazand\u0131.<\/p>\n\n\n\n<p style=\"font-size:clamp(16.834px, 1.052rem + ((1vw - 3.2px) * 0.716), 26px);\">Gelelim Gelenek yazar\u0131n\u0131n hangisi \u00f6nce geliyor?&nbsp;&nbsp;\u00c7arp\u0131k ve hileli sorusuna\u2026<\/p>\n\n\n\n<p style=\"font-size:clamp(16.834px, 1.052rem + ((1vw - 3.2px) * 0.716), 26px);\"><strong>&#8220;Bir efsane, insanl\u0131\u011f\u0131n \u00f6nce \u00f6zg\u00fcrl\u00fc\u011f\u00fc sonra e\u015fitli\u011fi arad\u0131\u011f\u0131, daha do\u011frusu aramak zorunda oldu\u011fu\u2026 Hay\u0131r, bu do\u011fru de\u011fil. E\u015fitlik aray\u0131\u015f\u0131, e\u015fitlik i\u00e7in m\u00fccadele \u00f6zg\u00fcrl\u00fck ate\u015fini harlam\u0131\u015f, e\u015fitlik fikri yara ald\u0131\u011f\u0131nda \u00f6zg\u00fcrl\u00fck alan\u0131 k\u0131s\u0131tlanm\u0131\u015f. Cumhuriyet, \u00f6zg\u00fcrl\u00fckt\u00fcr \u00e7ok a\u00e7\u0131k ki\u2026&#8221;&nbsp;<\/strong><\/p>\n\n\n\n<p style=\"font-size:clamp(16.834px, 1.052rem + ((1vw - 3.2px) * 0.716), 26px);\">Yazar, yine tarihe \u00e7al\u0131m atmaya \u00e7al\u0131\u015fan bir ideolojik kurgu aray\u0131\u015f\u0131nda<\/p>\n\n\n\n<p style=\"font-size:clamp(16.834px, 1.052rem + ((1vw - 3.2px) * 0.716), 26px);\">\u0130nsan toplumunun zorunlu tarihi geli\u015fmesi \u00f6nce politik \u00f6zg\u00fcrl\u00fc\u011f\u00fc ard\u0131ndan ikinci ad\u0131m olarak toplumsal \u00f6zg\u00fcrl\u00fc\u011f\u00fc \u00fc\u00e7\u00fcnc\u00fc ad\u0131m olarak toplumsal \u00f6zg\u00fcrl\u00fc\u011f\u00fc insan\u0131n \u00f6zg\u00fcrl\u00fc\u011f\u00fc ile birle\u015ftiren d\u00fczeni yani kom\u00fcnist toplumu kazan\u0131yor\u2026<\/p>\n\n\n\n<p style=\"font-size:clamp(16.834px, 1.052rem + ((1vw - 3.2px) * 0.716), 26px);\">Yazara g\u00f6re&nbsp;<strong>&#8220;do\u011frusu, kom\u00fcnistler her zaman Cumhuriyet\u00e7idir.&#8221;<\/strong><\/p>\n\n\n\n<p style=\"font-size:clamp(16.834px, 1.052rem + ((1vw - 3.2px) * 0.716), 26px);\">Soral\u0131m: Hangi cumhuriyet? \u0130\u015f\u00e7i s\u0131n\u0131f\u0131 ve halk\u0131n demokratik cumhuriyeti nerde?<\/p>\n\n\n\n<p style=\"font-size:clamp(16.834px, 1.052rem + ((1vw - 3.2px) * 0.716), 26px);\">Yazar en \u00f6nemlisi emperyalizmin ve i\u015fbirlik\u00e7i tekelci kapitalizmin diktatoryal boyunduru\u011fu alt\u0131ndaki bir \u00fclkede i\u015f\u00e7i s\u0131n\u0131f\u0131 ve halk\u0131n anti-emperyalist demokratik cumhuriyetini unutmu\u015f \u2026<\/p>\n\n\n\n<p style=\"font-size:clamp(16.834px, 1.052rem + ((1vw - 3.2px) * 0.716), 26px);\">Gelenek yazar\u0131n\u0131n muhafazakar ideolojisi a\u015fa\u011f\u0131daki s\u00f6zc\u00fcklerde kendini a\u00e7\u0131\u011fa vuruyor:<\/p>\n\n\n\n<p style=\"font-size:clamp(16.834px, 1.052rem + ((1vw - 3.2px) * 0.716), 26px);\"><strong>&#8220;\u0130kinci efsane de, tam da bu konuda, bizim &#8220;yerli&#8221; liberallerimizin uydurmas\u0131d\u0131r. (T\u00fcrkiye&#8217;de demek istiyor) Cumhuriyet&#8217;in \u00f6zg\u00fcrl\u00fckle ba\u011f\u0131n\u0131 koparmaya yeltenmi\u015flerdir. \u00d6yle ki, son 40 y\u0131l\u0131n ortalama solcusu i\u00e7in Cumhuriyet bask\u0131 ve zul\u00fcmle \u00f6zde\u015ftir. Bu T\u00fcrkiye tarihine ili\u015fkin bir okuma de\u011fildir sadece&#8221;.<\/strong><\/p>\n\n\n\n<p style=\"font-size:clamp(16.834px, 1.052rem + ((1vw - 3.2px) * 0.716), 26px);\">Yazar b\u00fcrokratik burjuva y\u00f6nelimli CHP Cumhuriyet&#8217;ine yap\u0131lan liberal demokrat ele\u015ftiriyi dahi kabul etmek istemiyor. \u0130lgin\u00e7 olan Gelenek yazar\u0131n\u0131n yaz\u0131s\u0131nda &#8220;demokrasi&#8221; s\u00f6zc\u00fc\u011f\u00fcn\u00fcn ge\u00e7memesi, aslinda anti-liberal devlet\u00e7i sosyalist gelene\u011fin g\u00f6r\u00fc\u015flerine uygun, yazar toplumsal demokrasiyi, ekonomik demokrasiyi ve politik demokrasiyi i\u00e7eren bir sosyalizmi &#8220;liberalizme&#8221; taviz vermek olarak g\u00f6r\u00fcyor.<\/p>\n","protected":false},"excerpt":{"rendered":"<p>Gelenek Yazar\u0131n\u0131n Muhafazakar ve \u00d6znel \u0130dealist &#8220;Cumhuriyet&#8221; \u0130deolojisini Okumak Kemal Okur, \u015eubat 2024 Tarihsel materyalizmden \u00f6znel idealist tarih yaz\u0131m\u0131na ve yap\u0131salc\u0131l\u0131\u011fa : Gelenek yazar\u0131 ger\u00e7e\u011fi olgularda aramak ve tarihin nesnel geli\u015fim boyutuna bakmak yerine &#8220;anti-kapitalist bir cumhuriyet\u00e7ilik&#8221;, anti-kapitalist bir yurtsever cumhuriyet\u00e7ilik &#8220;ideolojik kurgusu&#8221;&nbsp;\u00fcretmeye \u00e7al\u0131\u015f\u0131yor. Ulusal Gurur, Cumhuriyet\u00e7ilik ve Sosyalizm&nbsp;https:\/\/gelenek.org\/ulusal-gurur-cumhuriyetcilik-ve-sosyalizm\/ Yazara g\u00f6re: &#8220;Kom\u00fcnizm ile Cumhuriyet\u00e7ilik ili\u015fkisi [&hellip;]<\/p>\n","protected":false},"author":1,"featured_media":0,"comment_status":"open","ping_status":"open","sticky":false,"template":"","format":"standard","meta":{"_monsterinsights_skip_tracking":false,"_monsterinsights_sitenote_active":false,"_monsterinsights_sitenote_note":"","_monsterinsights_sitenote_category":0,"footnotes":""},"categories":[4,53],"tags":[],"class_list":["post-6479","post","type-post","status-publish","format-standard","hentry","category-turkiye-sosyalizmi","category-turkiye-sosyalizmi-tr"],"blocksy_meta":[],"_links":{"self":[{"href":"https:\/\/marksizm.org.tr\/index.php?rest_route=\/wp\/v2\/posts\/6479","targetHints":{"allow":["GET"]}}],"collection":[{"href":"https:\/\/marksizm.org.tr\/index.php?rest_route=\/wp\/v2\/posts"}],"about":[{"href":"https:\/\/marksizm.org.tr\/index.php?rest_route=\/wp\/v2\/types\/post"}],"author":[{"embeddable":true,"href":"https:\/\/marksizm.org.tr\/index.php?rest_route=\/wp\/v2\/users\/1"}],"replies":[{"embeddable":true,"href":"https:\/\/marksizm.org.tr\/index.php?rest_route=%2Fwp%2Fv2%2Fcomments&post=6479"}],"version-history":[{"count":1,"href":"https:\/\/marksizm.org.tr\/index.php?rest_route=\/wp\/v2\/posts\/6479\/revisions"}],"predecessor-version":[{"id":6480,"href":"https:\/\/marksizm.org.tr\/index.php?rest_route=\/wp\/v2\/posts\/6479\/revisions\/6480"}],"wp:attachment":[{"href":"https:\/\/marksizm.org.tr\/index.php?rest_route=%2Fwp%2Fv2%2Fmedia&parent=6479"}],"wp:term":[{"taxonomy":"category","embeddable":true,"href":"https:\/\/marksizm.org.tr\/index.php?rest_route=%2Fwp%2Fv2%2Fcategories&post=6479"},{"taxonomy":"post_tag","embeddable":true,"href":"https:\/\/marksizm.org.tr\/index.php?rest_route=%2Fwp%2Fv2%2Ftags&post=6479"}],"curies":[{"name":"wp","href":"https:\/\/api.w.org\/{rel}","templated":true}]}}