{"id":6481,"date":"2026-05-20T18:02:26","date_gmt":"2026-05-20T18:02:26","guid":{"rendered":"https:\/\/marksizm.org.tr\/?p=6481"},"modified":"2026-05-20T18:02:27","modified_gmt":"2026-05-20T18:02:27","slug":"xi-jinping-sendikalar-ve-gorevleri-2","status":"publish","type":"post","link":"https:\/\/marksizm.org.tr\/?p=6481","title":{"rendered":"Xi Jinping: Sendikalar ve G\u00f6revleri"},"content":{"rendered":"\n<h1 class=\"wp-block-heading\">Xi Jinping: Sendikalar ve G\u00f6revleri<\/h1>\n\n\n\n<h2 class=\"wp-block-heading\"><strong>B\u00fcy\u00fck Bir \u00dclke \u0130n\u015fa Etmek ve Ulusal Gen\u00e7le\u015fme Davam\u0131z\u0131 Zafere Ta\u015f\u0131mak \u0130\u00e7in Y\u00fcz Milyonlarca \u0130\u015f\u00e7iyi Seferber Etmeliyiz<\/strong><\/h2>\n\n\n\n<figure class=\"wp-block-image\"><img decoding=\"async\" src=\"https:\/\/sosyalistbirlik.com\/wp-content\/uploads\/2024\/08\/1720073720997028617.jpg\" alt=\"\" class=\"wp-image-7599\"\/><\/figure>\n\n\n\n<p style=\"font-size:clamp(16.834px, 1.052rem + ((1vw - 3.2px) * 0.716), 26px);\"><em>Ba\u015fkan Xi Jinping&#8217;in 23 Ekim 2023 tarihinde T\u00fcm \u00c7in Sendikalar Federasyonu&#8217;nun yeni se\u00e7ilen y\u00f6netimine hitaben yapt\u0131\u011f\u0131 konu\u015fman\u0131n ana b\u00f6l\u00fcm\u00fc\u2014\u0130lk olarak Hakikati Aramak Dergisinin, \u00c7ince bask\u0131s\u0131, No. 9, 2024&#8217;te yay\u0131nlanm\u0131\u015ft\u0131r<\/em><em><\/em><\/p>\n\n\n\n<hr class=\"wp-block-separator has-alpha-channel-opacity\"\/>\n\n\n\n<p style=\"font-size:clamp(16.834px, 1.052rem + ((1vw - 3.2px) * 0.716), 26px);\">\u00c7in Kom\u00fcnist Partisi&#8217;nin 2012 y\u0131l\u0131ndaki 18. Ulusal Kongresi&#8217;nden bu yana, \u00c7in i\u015f\u00e7i s\u0131n\u0131f\u0131, \u00c7KP Merkez Komitesi&#8217;nin g\u00fc\u00e7l\u00fc \u00f6nderli\u011fi alt\u0131nda, Partimizin ve \u00fclkemizin davas\u0131n\u0131n ilerletilmesinde b\u00fcy\u00fck bir rol oynam\u0131\u015ft\u0131r. \u0130\u015f\u00e7i hareketinde tarihi ba\u015far\u0131lar elde edilmi\u015f ve sendikalar\u0131n \u00e7al\u0131\u015fmalar\u0131nda \u00e7ok y\u00f6nl\u00fc ilerleme kaydedilmi\u015ftir. Ge\u00e7ti\u011fimiz be\u015f y\u0131l boyunca \u00c7inli i\u015f\u00e7iler, Partimizin \u00f6nderli\u011fini yak\u0131ndan takip ederek ekonomik kalk\u0131nma, teknolojik yenilik, yoksullu\u011fun azalt\u0131lmas\u0131, k\u0131rsal kesimin yeniden canland\u0131r\u0131lmas\u0131, Covid-19&#8217;a m\u00fcdahale ve afet kurtarma ve yard\u0131m gibi \u00f6nemli g\u00f6revleri \u00fcstlenmi\u015flerdir. Zorluklarla g\u00f6\u011f\u00fcs gererek ve a\u011f\u0131r sorumluluklar \u00fcstlenerek zaman\u0131n ahlak\u0131n\u0131 tam anlam\u0131yla ortaya koydular. T\u00fcm \u00c7in Sendikalar Federasyonu ve di\u011fer t\u00fcm seviyelerdeki sendikal \u00f6rg\u00fctler i\u015f\u00e7ilere g\u00fc\u00e7l\u00fc teorik ve siyasi rehberlik sa\u011flam\u0131\u015f, sanayi i\u015f\u00e7ilerinin saflar\u0131n\u0131 iyile\u015ftirmek i\u00e7in reformlar\u0131 ilerletmi\u015f, i\u015f\u00e7ilerin haklar\u0131n\u0131 ve \u00e7\u0131karlar\u0131n\u0131 korumu\u015f, emek sekt\u00f6r\u00fcnde siyasi g\u00fcvenli\u011fi sa\u011flam\u0131\u015f, \u00f6z reformu derinle\u015ftirmi\u015f ve siyasi ba\u011fl\u0131l\u0131klar\u0131n\u0131, ileri niteliklerini ve i\u015f\u00e7ilerle yak\u0131n ba\u011flar\u0131n\u0131 g\u00fc\u00e7lendirmi\u015ftir. \u00c7KP Merkez Komitesi, i\u015f\u00e7i s\u0131n\u0131f\u0131n\u0131n \u00f6nemli katk\u0131lar\u0131n\u0131 ve sendikal \u00e7al\u0131\u015fmalarda elde edilen yeni kazan\u0131mlar\u0131 tamamen kabul etmektedir. \u00c7in Sendikalar\u0131 18. Ulusal Kongresi, \u00f6n\u00fcm\u00fczdeki d\u00f6nemde sendikal \u00e7al\u0131\u015fmalar i\u00e7in k\u0131lavuz ilkeleri kabul etti.<\/p>\n\n\n\n<p style=\"font-size:clamp(16.834px, 1.052rem + ((1vw - 3.2px) * 0.716), 26px);\">&nbsp;Burada \u00fc\u00e7 noktay\u0131 vurgulamak istiyorum.<\/p>\n\n\n\n<p style=\"font-size:clamp(16.834px, 1.052rem + ((1vw - 3.2px) * 0.716), 26px);\"><strong>1. Sendikalar\u0131n Partimizin genel \u00f6nderli\u011fini desteklemesi zorunludur<\/strong><strong><\/strong><\/p>\n\n\n\n<p style=\"font-size:clamp(16.834px, 1.052rem + ((1vw - 3.2px) * 0.716), 26px);\">\u00c7in i\u015f\u00e7i hareketi Partimizin \u00f6nderli\u011finde geli\u015fmi\u015ftir ve sendikalar Partimiz taraf\u0131ndan y\u00f6netilen i\u015f\u00e7i s\u0131n\u0131f\u0131 \u00f6rg\u00fctleridir. Partinin sendikalar \u00fczerindeki genel \u00f6nderli\u011fini savunmak, hi\u00e7bir zaman ve hi\u00e7bir ko\u015fulda teredd\u00fct etmememiz ya da sapmamam\u0131z gereken bir ilkedir. Partimizin \u00f6nderli\u011fini savunmak soyut ya da mu\u011flak bir \u015fey de\u011fildir ve sadece bir formaliteye indirgenmemelidir; t\u00fcm s\u00fcre\u00e7 boyunca ve sendikal \u00e7al\u0131\u015fman\u0131n t\u00fcm y\u00f6nlerinde kapsaml\u0131 ve etkili bir \u015fekilde uygulanmal\u0131d\u0131r. \u00d6zellikle, yeni ekonomik ve sosyal \u00f6rg\u00fctlenme t\u00fcrlerinde ve yeni istihdam bi\u00e7imlerindeki gruplar aras\u0131nda sendikalar\u0131n olu\u015fturulmas\u0131 s\u00f6z konusu oldu\u011funda Partimizin \u00f6nderli\u011fine duyulan ihtiya\u00e7 en ba\u015f\u0131ndan itibaren vurgulanmal\u0131d\u0131r. \u00c7KP Merkez Komitesinin ve onun merkezi, birle\u015fik \u00f6nderli\u011finin otoritesini korumak; d\u00fc\u015f\u00fcncede, siyasi duru\u015fta ve eylemde Merkez Komite ile uyumlu kalmak ve sendikal \u00e7al\u0131\u015fmalar\u0131n do\u011fru rotada kalmas\u0131n\u0131 sa\u011flamak zorunludur. Yeni Bir D\u00f6nem i\u00e7in \u00c7in&#8217;e \u00d6zg\u00fc Sosyalizm D\u00fc\u015f\u00fcncesini benimseyerek birlik ve ba\u011fl\u0131l\u0131\u011f\u0131 g\u00fc\u00e7lendirmek, teoriye hakim olmak i\u00e7in s\u00fcrekli \u00e7aba sarf etmek ve Partimizin yeni teorisini hem d\u00fc\u015f\u00fcnce hem de eylemde daha ama\u00e7l\u0131 ve hedefli bir \u015fekilde incelemek ve uygulamak zorunludur.<\/p>\n\n\n\n<p style=\"font-size:clamp(16.834px, 1.052rem + ((1vw - 3.2px) * 0.716), 26px);\">Sendikalar, \u00fclkemizin en temel \u00e7\u0131karlar\u0131n\u0131 g\u00f6z \u00f6n\u00fcnde bulundurmal\u0131 ve Merkez Komite&#8217;nin karar ve planlar\u0131n\u0131n sendikalarda uygulanmas\u0131n\u0131 sa\u011flamak ve i\u015flev ve rollerini daha iyi yerine getirmek i\u00e7in \u00e7al\u0131\u015fmalar\u0131n\u0131 Partimizin merkezi g\u00f6reviyle nas\u0131l b\u00fct\u00fcnle\u015ftireceklerini, hangi \u00f6nlemlerle ba\u015flayacaklar\u0131n\u0131 ve hangi alanlara odaklanacaklar\u0131n\u0131 net bir \u015fekilde anlamal\u0131d\u0131r. &nbsp;Sendikalar i\u015f\u00e7ilere daha fazla teorik ve siyasi rehberlik sa\u011flamal\u0131, onlar\u0131 Partimizin \u00f6nderli\u011fini takip etmeleri i\u00e7in y\u00f6nlendirmeli ve te\u015fvik etmeli ve i\u015f\u00e7i s\u0131n\u0131f\u0131n\u0131n Partimizin en sa\u011flam ve g\u00fcvenilir s\u0131n\u0131f temeli olarak kalmas\u0131n\u0131 sa\u011flamal\u0131d\u0131r.<\/p>\n\n\n\n<p style=\"font-size:clamp(16.834px, 1.052rem + ((1vw - 3.2px) * 0.716), 26px);\">&nbsp;<strong>2. Sendikalar\u0131n, y\u00fcz milyonlarca i\u015f\u00e7iyi yeni \u00e7a\u011f\u0131n yeni yolculu\u011funa daha fazla katk\u0131da bulunmalar\u0131 i\u00e7in \u00f6rg\u00fctlemeleri ve harekete ge\u00e7irmeleri zorunludur<\/strong><\/p>\n\n\n\n<p style=\"font-size:clamp(16.834px, 1.052rem + ((1vw - 3.2px) * 0.716), 26px);\">Sendikalar\u0131n bir\u00e7ok g\u00f6revleri aras\u0131nda en temel olan\u0131, Partimizin merkezi g\u00f6revini yerine getirmesi i\u00e7in \u00fclkemizin i\u015f\u00e7ilerini Partimiz etraf\u0131nda safla\u015ft\u0131rmak ve toplamakt\u0131r. &nbsp;Sendikalar, i\u015f\u00e7i s\u0131n\u0131f\u0131na can\u0131 g\u00f6n\u00fclden tam olarak g\u00fcvenme temel ilkesine sad\u0131k kalmal\u0131, i\u015f\u00e7ileri tam anlam\u0131yla motive etmeli ve b\u00fcy\u00fck bir \u00fclke in\u015fa etmek ve ulusal gen\u00e7le\u015fmeyi ilerletmek ve zafere ta\u015f\u0131mak i\u00e7in yarat\u0131c\u0131l\u0131klar\u0131n\u0131 ate\u015flemelidir. Sendikalar yeni kalk\u0131nma felsefemizi uygulamal\u0131, yeni bir kalk\u0131nma dinami\u011fini te\u015fvik etmeli ve y\u00fcksek kaliteli kalk\u0131nmay\u0131 desteklemelidir. Bu ama\u00e7 do\u011frultusunda sendikalar, i\u015f\u00e7ileri motive etmek ve yarat\u0131c\u0131 potansiyellerini ortaya \u00e7\u0131kararak toplumun t\u00fcm alanlar\u0131nda ve sekt\u00f6rlerinde rollerini tam olarak oynayabilmelerini sa\u011flamak i\u00e7in \u00e7e\u015fitli \u015fekillerde mesleki ve beceri yar\u0131\u015fmalar\u0131 d\u00fczenlemelidir. Sendikalar \u00f6rnek i\u015f\u00e7i, \u00e7al\u0131\u015fma ve zanaatkarl\u0131k ahlak\u0131n\u0131 te\u015fvik etmeli, \u00f6rnek i\u015f\u00e7ilerin ve usta zanaatkarlar\u0131n \u00f6rnek rol\u00fcne tam anlam\u0131yla yer vermeli ve i\u015f\u00e7ileri gayretli, d\u00fcr\u00fcst ve yarat\u0131c\u0131 \u00e7al\u0131\u015fmalarla hayallerini ger\u00e7ekle\u015ftirmeleri i\u00e7in motive etmelidir. &nbsp;\u00c7in&#8217;i bilim ve e\u011fitim yoluyla canland\u0131rma stratejisini, i\u015fg\u00fcc\u00fc geli\u015ftirme stratejisini ve inovasyon odakl\u0131 kalk\u0131nma stratejisini tam olarak uygulamak i\u00e7in sendikalar, sanayi i\u015f\u00e7ilerinin saflar\u0131n\u0131 g\u00fc\u00e7lendirmek i\u00e7in reformlar\u0131 derinle\u015ftirmeli, e\u011fitimli, vas\u0131fl\u0131 ve yenilik\u00e7i bir sanayi i\u015fg\u00fcc\u00fc olu\u015fturmak i\u00e7in daha h\u0131zl\u0131 \u00e7al\u0131\u015fmal\u0131 ve daha fazla usta zanaatkar ve y\u00fcksek vas\u0131fl\u0131 i\u015f\u00e7i yeti\u015ftirmelidir.<\/p>\n\n\n\n<p style=\"font-size:clamp(16.834px, 1.052rem + ((1vw - 3.2px) * 0.716), 26px);\">&nbsp;<strong>3. Sendikalar\u0131n, i\u015f\u00e7ilerin hak ve menfaatlerini g\u00f6n\u00fclden korumas\u0131 ve onlara iyi hizmetler sunmas\u0131 zorunludur<\/strong><\/p>\n\n\n\n<p style=\"font-size:clamp(16.834px, 1.052rem + ((1vw - 3.2px) * 0.716), 26px);\">Herkes i\u00e7in ortakla\u015fa refah yaratmak amac\u0131yla \u00c7inin sosyalist modernle\u015fmesini s\u00fcrd\u00fcr\u00fcyoruz. \u0130\u015f\u00e7i s\u0131n\u0131f\u0131 ve i\u015f\u00e7iler toplumsal zenginli\u011fin ana yarat\u0131c\u0131lar\u0131d\u0131r. Herkese ortakla\u015fa refah getirme konusunda daha kayda de\u011fer ve esasl\u0131 bir ilerleme kaydetmek i\u00e7in, \u00f6ncelikle y\u00fcz milyonlarca i\u015f\u00e7iye refah getirmek i\u00e7in \u00e7al\u0131\u015fmal\u0131y\u0131z. \u0130\u015f\u00e7ilerin \u00e7\u0131karlar\u0131n\u0131 temsil eden ve koruyan sendikalar, i\u015f\u00e7ilerin hak ve \u00e7\u0131karlar\u0131n\u0131 korumak ve onlara hizmet sunmak \u015feklindeki asli i\u015flevlerini yerine getirmelidir. Sendikalar \u0130\u015f\u00e7ilerin en yak\u0131n ve en hayati \u00e7\u0131karlar\u0131n\u0131 etkileyen pratik sorunlar\u0131 \u00e7\u00f6zmek i\u00e7in \u00e7ok s\u0131k\u0131 \u00e7al\u0131\u015fmal\u0131d\u0131rlar. Sendikalar \u00d6zellikle, yeni istihdam bi\u00e7imlerinde \u00e7al\u0131\u015fan i\u015f\u00e7ilerin yasal hak ve menfaatlerinin korunmas\u0131na b\u00fcy\u00fck \u00f6nem vermelidirler. Sendikalar, i\u015fletmelerde ve kamu kurumlar\u0131nda demokratik y\u00f6netimi g\u00fc\u00e7lendirmeli, i\u015f\u00e7ilerin taleplerini dile getirebilecekleri a\u00e7\u0131k kanallar\u0131 korumal\u0131 ve uyumlu \u00e7al\u0131\u015fma ili\u015fkilerini te\u015fvik etmek i\u00e7in i\u015f\u00e7ilere taleplerini ifade etmeleri ve hak ve \u00e7\u0131karlar\u0131n\u0131 yasal, rasyonel ve d\u00fczenli bir \u015fekilde korumalar\u0131 konusunda rehberlik etmelidir.<\/p>\n\n\n\n<p style=\"font-size:clamp(16.834px, 1.052rem + ((1vw - 3.2px) * 0.716), 26px);\">\u0130\u015f\u00e7iler i\u00e7in sendikalar onlar\u0131n kendi evleridir ve sendika yetkilileri onlara ailelerinden biriymi\u015f gibi yak\u0131nd\u0131r. Sendikalar\u0131n reform \u00e7abalar\u0131n\u0131 ve geli\u015fimini derinle\u015ftirmeye devam etmek, \u00f6zellikle de en alt d\u00fczey sendikalar\u0131n reform \u00e7abalar\u0131na ve geli\u015fimine odaklanmak, bu sendikalar\u0131n temellerini sa\u011flamla\u015ft\u0131rmak, canl\u0131l\u0131klar\u0131n\u0131 te\u015fvik etmek ve \u00f6nderlik, \u00f6rg\u00fctlenme ve hizmet kapasitelerini istikrarl\u0131 bir \u015fekilde geli\u015ftirmek \u00f6nemlidir.&nbsp; Mevcut sendikal \u00f6rg\u00fctlerin temellerini g\u00fc\u00e7lendirirken, sendikalar\u0131n kapsam\u0131n\u0131 geni\u015fletmek i\u00e7in yeni ekonomik ve sosyal \u00f6rg\u00fct t\u00fcrlerindeki i\u015f\u00e7i gruplar\u0131 ve yeni istihdam bi\u00e7imlerindeki i\u015f\u00e7i gruplar\u0131 aras\u0131nda sendikalar\u0131n kurulmas\u0131n\u0131 ve \u00fcyeliklerinin artmas\u0131n\u0131 desteklemeye devam etmeliyiz. \u00c7al\u0131\u015fmaya y\u00f6nelik yeni ve ileri yakla\u015f\u0131mlar geli\u015ftirmemiz ve i\u015f\u00e7ilere hedefe y\u00f6nelik ve \u00f6zenli hizmetler sunmam\u0131z elzemdir. Sendika yetkilileri Partimizin kitle \u00e7izgisi ilkesini takip etmeli ve i\u015f\u00e7ilerin ihtiya\u00e7 ve beklentilerini zaman\u0131nda \u00f6\u011frenmek i\u00e7in derinlemesine ara\u015ft\u0131rma yapmal\u0131d\u0131r. Sendika yetkilileri i\u015f\u00e7ilere hizmet etme ve onlar\u0131 ger\u00e7ekten temsil etme ve onlar\u0131n menfaatleri do\u011frultusunda hareket etme becerilerini geli\u015ftirmeye devam etmelidirler.<\/p>\n\n\n\n<p style=\"font-size:clamp(16.834px, 1.052rem + ((1vw - 3.2px) * 0.716), 26px);\">&nbsp;\u00c7in&#8217;in \u00f6nde gelen sendikal kurumu olarak T\u00fcm \u00c7in Sendikalar Federasyonu kendini geli\u015ftirme \u00e7abalar\u0131n\u0131 g\u00fc\u00e7lendirmede \u00f6nc\u00fcl\u00fck etmeli, iyi bir \u00f6rnek olu\u015fturmal\u0131 ve Parti&#8217;nin g\u00fcvendi\u011fi ve halk\u0131n memnun oldu\u011fu \u00f6rnek bir siyasi kurum haline gelmelidir. Her d\u00fczeydeki \u00c7KP komiteleri ve \u00c7KP \u00f6nderlik gruplar\u0131, sendikalar ve sendikal \u00e7al\u0131\u015fmalar \u00fczerindeki \u00f6nderliklerini g\u00fc\u00e7lendirmelidir. \u00c7KP komiteleri ve \u00c7KP \u00f6nderlik gruplar\u0131 Sendikalar\u0131n \u00f6nderlik ekiplerine nitelikli ki\u015fileri se\u00e7meli ve atamal\u0131, sendika yetkililerine hem \u00f6nem vermeli hem de s\u0131k\u0131 davranmal\u0131 ve onlar\u0131n e\u011fitimine ve kullan\u0131m\u0131na b\u00fcy\u00fck \u00f6nem vermelidirler.&nbsp; Ayr\u0131ca, \u00c7KP komiteleri ve \u00c7KP \u00f6nderlik gruplar\u0131 sendikal \u00f6rg\u00fctlerin rol\u00fcne tam anlam\u0131yla yer vermeli, i\u015f\u00e7ilerin ve sendikal \u00e7al\u0131\u015fmalar\u0131n kar\u015f\u0131la\u015ft\u0131\u011f\u0131 \u00f6nemli sorunlar\u0131 derhal ele almal\u0131 ve sendikalar\u0131n \u00e7al\u0131\u015fmalar\u0131n\u0131 yarat\u0131c\u0131 bir \u015fekilde y\u00fcr\u00fctmelerine destek olmal\u0131d\u0131rlar. Her d\u00fczeydeki yerel h\u00fck\u00fcmet organlar\u0131, sendikalarla yapt\u0131klar\u0131 ortak toplant\u0131lardan tam anlam\u0131yla yararlanmal\u0131 ve i\u015f\u00e7ilerin kar\u015f\u0131la\u015ft\u0131klar\u0131 pratik zorluklar\u0131 ve sorunlar\u0131 \u00e7\u00f6zmelerine yard\u0131mc\u0131 olmal\u0131d\u0131r.<\/p>\n\n\n\n<p><a href=\"https:\/\/www.facebook.com\/sharer\/sharer.php?u=https%3A%2F%2Fsosyalistbirlik.com%2F%3Fp%3D7598\"><\/a><a href=\"https:\/\/twitter.com\/intent\/tweet?url=https%3A%2F%2Fsosyalistbirlik.com%2F%3Fp%3D7598&amp;text=Xi%20Jinping%3A%20Sendikalar%20ve%20G%C3%B6revleri\"><\/a><a href=\"mailto:?subject=Xi%20Jinping%3A%20Sendikalar%20ve%20G%C3%B6revleri&amp;body=https%3A%2F%2Fsosyalistbirlik.com%2F%3Fp%3D7598\"><\/a><\/p>\n","protected":false},"excerpt":{"rendered":"<p>Xi Jinping: Sendikalar ve G\u00f6revleri B\u00fcy\u00fck Bir \u00dclke \u0130n\u015fa Etmek ve Ulusal Gen\u00e7le\u015fme Davam\u0131z\u0131 Zafere Ta\u015f\u0131mak \u0130\u00e7in Y\u00fcz Milyonlarca \u0130\u015f\u00e7iyi Seferber Etmeliyiz Ba\u015fkan Xi Jinping&#8217;in 23 Ekim 2023 tarihinde T\u00fcm \u00c7in Sendikalar Federasyonu&#8217;nun yeni se\u00e7ilen y\u00f6netimine hitaben yapt\u0131\u011f\u0131 konu\u015fman\u0131n ana b\u00f6l\u00fcm\u00fc\u2014\u0130lk olarak Hakikati Aramak Dergisinin, \u00c7ince bask\u0131s\u0131, No. 9, 2024&#8217;te yay\u0131nlanm\u0131\u015ft\u0131r \u00c7in Kom\u00fcnist Partisi&#8217;nin 2012 [&hellip;]<\/p>\n","protected":false},"author":1,"featured_media":0,"comment_status":"open","ping_status":"open","sticky":false,"template":"","format":"standard","meta":{"_monsterinsights_skip_tracking":false,"_monsterinsights_sitenote_active":false,"_monsterinsights_sitenote_note":"","_monsterinsights_sitenote_category":0,"footnotes":""},"categories":[6],"tags":[],"class_list":["post-6481","post","type-post","status-publish","format-standard","hentry","category-sosyalist-ulkeler"],"blocksy_meta":[],"_links":{"self":[{"href":"https:\/\/marksizm.org.tr\/index.php?rest_route=\/wp\/v2\/posts\/6481","targetHints":{"allow":["GET"]}}],"collection":[{"href":"https:\/\/marksizm.org.tr\/index.php?rest_route=\/wp\/v2\/posts"}],"about":[{"href":"https:\/\/marksizm.org.tr\/index.php?rest_route=\/wp\/v2\/types\/post"}],"author":[{"embeddable":true,"href":"https:\/\/marksizm.org.tr\/index.php?rest_route=\/wp\/v2\/users\/1"}],"replies":[{"embeddable":true,"href":"https:\/\/marksizm.org.tr\/index.php?rest_route=%2Fwp%2Fv2%2Fcomments&post=6481"}],"version-history":[{"count":1,"href":"https:\/\/marksizm.org.tr\/index.php?rest_route=\/wp\/v2\/posts\/6481\/revisions"}],"predecessor-version":[{"id":6482,"href":"https:\/\/marksizm.org.tr\/index.php?rest_route=\/wp\/v2\/posts\/6481\/revisions\/6482"}],"wp:attachment":[{"href":"https:\/\/marksizm.org.tr\/index.php?rest_route=%2Fwp%2Fv2%2Fmedia&parent=6481"}],"wp:term":[{"taxonomy":"category","embeddable":true,"href":"https:\/\/marksizm.org.tr\/index.php?rest_route=%2Fwp%2Fv2%2Fcategories&post=6481"},{"taxonomy":"post_tag","embeddable":true,"href":"https:\/\/marksizm.org.tr\/index.php?rest_route=%2Fwp%2Fv2%2Ftags&post=6481"}],"curies":[{"name":"wp","href":"https:\/\/api.w.org\/{rel}","templated":true}]}}