{"id":6483,"date":"2026-05-20T19:40:21","date_gmt":"2026-05-20T19:40:21","guid":{"rendered":"https:\/\/marksizm.org.tr\/?p=6483"},"modified":"2026-05-20T19:40:22","modified_gmt":"2026-05-20T19:40:22","slug":"sosyalist-birlik-19-mayis-ulusal-bagimsizlik-gununu-heyecanla-aniyoruz","status":"publish","type":"post","link":"https:\/\/marksizm.org.tr\/?p=6483","title":{"rendered":"Sosyalist Birlik: 19 May\u0131s Ulusal Ba\u011f\u0131ms\u0131zl\u0131k G\u00fcn\u00fc\u2019n\u00fc Heyecanla An\u0131yoruz"},"content":{"rendered":"\n<h1 class=\"wp-block-heading\">Sosyalist Birlik: 19 May\u0131s Ulusal Ba\u011f\u0131ms\u0131zl\u0131k G\u00fcn\u00fc\u2019n\u00fc Heyecanla An\u0131yoruz<\/h1>\n\n\n\n<p style=\"font-size:clamp(16.834px, 1.052rem + ((1vw - 3.2px) * 0.716), 26px);\"><br>Sosyalist Birlik Hareketi ad\u0131na yap\u0131lan a\u00e7\u0131klamada, 19 May\u0131s Ulusal Ba\u011f\u0131ms\u0131zl\u0131k G\u00fcn\u00fc\u2019n\u00fc heyecanla an\u0131yoruz ve unutmuyoruz ve herhangi bir gerek\u00e7eyle ulusal nihilizme saplanmaya kar\u015f\u0131y\u0131z ifadesi kullan\u0131ld\u0131.<br>Bug\u00fcn d\u00fcnyam\u0131z ve T\u00fcrkiye \u00f6nemli g\u00fcnlerden ge\u00e7iyor, eski emperyalist hegemonyac\u0131, sava\u015f\u00e7\u0131 Bat\u0131 merkezli d\u00fcnya d\u00fczeni y\u0131k\u0131l\u0131yor, yerine bar\u0131\u015f\u0131n egemenli\u011fin, ba\u011f\u0131ms\u0131zl\u0131\u011f\u0131n, e\u015fitli\u011fin, k\u00fcresel g\u00fcneyin aya\u011fa kalkt\u0131\u011f\u0131, i\u015f\u00e7ilerin ve \u00e7ift\u00e7ilerin d\u00fcnya sosyalizminin belirleyici konuma geldi\u011fi, insanl\u0131\u011f\u0131n ortak kader toplulu\u011fu d\u00fczeni kuruluyor.<br>T\u00fcrkiye b\u00fcy\u00fck bir de\u011fi\u015fimin sanc\u0131lar\u0131n\u0131 ya\u015f\u0131yor, halk\u0131n ezici \u00e7o\u011funlu\u011fu ve \u00fclkemiz \u00fczerindeki emperyalizmin ve i\u015fbirlik\u00e7i tekelci kapitalist d\u00fczenin ve b\u00fcy\u00fck toprak sahiplerinin boyunduru\u011fu kriz i\u00e7inde, AKP-MHP\u2019nin kurdu\u011fu ba\u015fkanl\u0131k dikta d\u00fczeni kriz i\u00e7inde, i\u015fsizlik pahal\u0131l\u0131k, yoksulluk i\u015f\u00e7ilerin, sendikalar\u0131n, emeklilerin, sendikalar\u0131n gen\u00e7li\u011fin, kad\u0131nlar\u0131n ve halk kitlelerinin isyan\u0131na yol a\u00e7\u0131yor. K\u00fcrt halk\u0131 bar\u0131\u015f ve demokrasi \u00f6zlemi ile ayakta. Her t\u00fcrl\u00fc s\u00f6zde muhalefet partilerinin bu krize hi\u00e7bir ileri \u00e7\u00f6z\u00fcm\u00fc yok.<br>Tek \u00e7\u00f6z\u00fcm i\u015f\u00e7i-\u00e7ift\u00e7iler sendikalar ve sosyalist g\u00fc\u00e7lerin kendi ba\u011f\u0131ms\u0131z g\u00fc\u00e7leri ile \u00f6ne \u00e7\u0131kmas\u0131, tek \u00e7\u00f6z\u00fcm burada.<br>Ya\u015fas\u0131n ba\u011f\u0131ms\u0131zl\u0131k g\u00fcn\u00fc, m\u00fccadelede yolumuz a\u00e7\u0131k olsun!<\/p>\n\n\n\n<p style=\"font-size:clamp(16.834px, 1.052rem + ((1vw - 3.2px) * 0.716), 26px);\"><\/p>\n","protected":false},"excerpt":{"rendered":"<p>Sosyalist Birlik: 19 May\u0131s Ulusal Ba\u011f\u0131ms\u0131zl\u0131k G\u00fcn\u00fc\u2019n\u00fc Heyecanla An\u0131yoruz Sosyalist Birlik Hareketi ad\u0131na yap\u0131lan a\u00e7\u0131klamada, 19 May\u0131s Ulusal Ba\u011f\u0131ms\u0131zl\u0131k G\u00fcn\u00fc\u2019n\u00fc heyecanla an\u0131yoruz ve unutmuyoruz ve herhangi bir gerek\u00e7eyle ulusal nihilizme saplanmaya kar\u015f\u0131y\u0131z ifadesi kullan\u0131ld\u0131.Bug\u00fcn d\u00fcnyam\u0131z ve T\u00fcrkiye \u00f6nemli g\u00fcnlerden ge\u00e7iyor, eski emperyalist hegemonyac\u0131, sava\u015f\u00e7\u0131 Bat\u0131 merkezli d\u00fcnya d\u00fczeni y\u0131k\u0131l\u0131yor, yerine bar\u0131\u015f\u0131n egemenli\u011fin, ba\u011f\u0131ms\u0131zl\u0131\u011f\u0131n, e\u015fitli\u011fin, k\u00fcresel [&hellip;]<\/p>\n","protected":false},"author":1,"featured_media":0,"comment_status":"open","ping_status":"open","sticky":false,"template":"","format":"standard","meta":{"_monsterinsights_skip_tracking":false,"_monsterinsights_sitenote_active":false,"_monsterinsights_sitenote_note":"","_monsterinsights_sitenote_category":0,"footnotes":""},"categories":[45],"tags":[],"class_list":["post-6483","post","type-post","status-publish","format-standard","hentry","category-genel-tr"],"blocksy_meta":[],"_links":{"self":[{"href":"https:\/\/marksizm.org.tr\/index.php?rest_route=\/wp\/v2\/posts\/6483","targetHints":{"allow":["GET"]}}],"collection":[{"href":"https:\/\/marksizm.org.tr\/index.php?rest_route=\/wp\/v2\/posts"}],"about":[{"href":"https:\/\/marksizm.org.tr\/index.php?rest_route=\/wp\/v2\/types\/post"}],"author":[{"embeddable":true,"href":"https:\/\/marksizm.org.tr\/index.php?rest_route=\/wp\/v2\/users\/1"}],"replies":[{"embeddable":true,"href":"https:\/\/marksizm.org.tr\/index.php?rest_route=%2Fwp%2Fv2%2Fcomments&post=6483"}],"version-history":[{"count":1,"href":"https:\/\/marksizm.org.tr\/index.php?rest_route=\/wp\/v2\/posts\/6483\/revisions"}],"predecessor-version":[{"id":6484,"href":"https:\/\/marksizm.org.tr\/index.php?rest_route=\/wp\/v2\/posts\/6483\/revisions\/6484"}],"wp:attachment":[{"href":"https:\/\/marksizm.org.tr\/index.php?rest_route=%2Fwp%2Fv2%2Fmedia&parent=6483"}],"wp:term":[{"taxonomy":"category","embeddable":true,"href":"https:\/\/marksizm.org.tr\/index.php?rest_route=%2Fwp%2Fv2%2Fcategories&post=6483"},{"taxonomy":"post_tag","embeddable":true,"href":"https:\/\/marksizm.org.tr\/index.php?rest_route=%2Fwp%2Fv2%2Ftags&post=6483"}],"curies":[{"name":"wp","href":"https:\/\/api.w.org\/{rel}","templated":true}]}}