{"id":6497,"date":"2026-06-03T23:30:52","date_gmt":"2026-06-03T23:30:52","guid":{"rendered":"https:\/\/marksizm.org.tr\/?p=6497"},"modified":"2026-06-03T23:30:53","modified_gmt":"2026-06-03T23:30:53","slug":"sosyalist-meclisler-federasyonu-mutlak-butlan-yargi-karari-dolayisiyla-bir-aciklama-ve-degerlendirme-yapti","status":"publish","type":"post","link":"https:\/\/marksizm.org.tr\/?p=6497","title":{"rendered":"Sosyalist Meclisler Federasyonu Mutlak Butlan Yarg\u0131 Karar\u0131 Dolay\u0131s\u0131yla Bir A\u00e7\u0131klama ve De\u011ferlendirme Yapt\u0131"},"content":{"rendered":"\n<h1 class=\"wp-block-heading\"><strong>Sosyalist Meclisler Federasyonu Mutlak Butlan Yarg\u0131 Karar\u0131 Dolay\u0131s\u0131yla Bir A\u00e7\u0131klama ve De\u011ferlendirme Yapt\u0131<\/strong><\/h1>\n\n\n\n<h4 class=\"wp-block-heading\"><strong>May\u0131s 2026<\/strong><\/h4>\n\n\n\n<figure class=\"wp-block-image aligncenter size-full\"><img loading=\"lazy\" decoding=\"async\" width=\"512\" height=\"284\" src=\"https:\/\/marksizm.org.tr\/wp-content\/uploads\/2026\/06\/smfff.jpg\" alt=\"\" class=\"wp-image-6498\" srcset=\"https:\/\/marksizm.org.tr\/wp-content\/uploads\/2026\/06\/smfff.jpg 512w, https:\/\/marksizm.org.tr\/wp-content\/uploads\/2026\/06\/smfff-300x166.jpg 300w\" sizes=\"auto, (max-width: 512px) 100vw, 512px\" \/><\/figure>\n\n\n\n<p style=\"font-size:clamp(16.834px, 1.052rem + ((1vw - 3.2px) * 0.716), 26px);\"><strong>Baz\u0131 Notlar: SMF a\u00e7\u0131klamas\u0131 \u00f6nemli baz\u0131 ger\u00e7eklere i\u015faret ediyor; bununla birlikte bildiri 19 Mart 2025\u2019ten bu yana CHP\u2019nin \u00f6ne \u00e7\u0131kard\u0131\u011f\u0131 hem kendi i\u00e7ine hem de sosyalist g\u00fc\u00e7lere hitap eden bir slogan\u0131n\u0131 \u201cKurtulu\u015f Yok Tek Ba\u015f\u0131na Ya Hep Beraber Ya Hi\u00e7 Birimiz!\u201d ve bu slogan\u0131n ba\u011flam\u0131n\u0131 hesaba katmadan kullanm\u0131\u015f. Bildiri butlan olay\u0131n\u0131<\/strong>\u00a0<strong>CHP&#8217;yi tasfiye olarak de\u011ferlendirmi\u015f, oysa h\u00fck\u00fcmetin bir d\u00fczen partisini tasfiye etmede bir \u00e7\u0131kar\u0131 olmas\u0131 \u00f6ng\u00f6r\u00fcs\u00fc ger\u00e7ek\u00e7i g\u00f6r\u00fcnm\u00fcyor; \u00a0burjuva devleti, kendi i\u00e7 \u00e7eli\u015fkileri nedeniyle bir burjuva partisini hizaya \u00e7ekmek, b\u00f6lmek veya zay\u0131flatmak isteyebilir. \u00a0Burjuva devleti, yarg\u0131s\u0131yla, b\u00fcrokrasisiyle her zaman egemen s\u0131n\u0131flar i\u00e7indeki \u00f6zellikle siyasi bak\u0131mdan en g\u00fc\u00e7l\u00fc olan kesimin \u00e7\u0131karlar\u0131na hizmet eder. En g\u00fc\u00e7l\u00fc olan kesimin temsilcisi olan h\u00fck\u00fcmet, CHP i\u00e7indeki bir grubu kay\u0131rarak muhalefeti b\u00f6lmek ve zay\u0131flatmak istiyor olabilir. Bu, burjuva siyasetinin kirli, hizipsel do\u011fas\u0131d\u0131r. Bu olay, \u201cs\u00f6zde burjuva hukuk devletinin\u201d, ister AKP ister CHP olsun, t\u00fcm burjuva partilerine kar\u015f\u0131 kullan\u0131lmaya haz\u0131r bir ayg\u0131t oldu\u011funu g\u00f6stermi\u015ftir. D\u00fcn bir\u00e7ok yarg\u0131 karar\u0131nda oldu\u011fu gibi bug\u00fcn de CHP kongresine ili\u015fkin kararda g\u00f6r\u00fcyoruz ki, burjuva hukuk devleti, egemen s\u0131n\u0131f i\u00e7inde en g\u00fc\u00e7l\u00fc olan kesimin siyasi \u00e7\u0131karlar\u0131na g\u00f6re \u015fekillenmektedir. \u0130\u015f\u00e7i s\u0131n\u0131f\u0131 kendi mahkemelerini, kendi demokrasisini kurmad\u0131k\u00e7a, bu burjuva hukuk d\u00fczeni hep ba\u015f\u0131m\u0131za bela olacakt\u0131r.\u00a0\u00a0Bildiri \u201cdevlet ayg\u0131t\u0131n\u0131n hukuku nas\u0131l ara\u00e7salla\u015ft\u0131rd\u0131\u011f\u0131n\u0131 g\u00f6stermesi bak\u0131m\u0131ndan da ideolojik ve politik olarak te\u015fhir edilmesi \u015fartt\u0131r\u201d ifadesini kullanm\u0131\u015f; \u00a0i\u015f\u00e7i s\u0131n\u0131f\u0131n\u0131n g\u00f6revi, bu kavgay\u0131 te\u015fhir etmek ve &#8220;hanginiz iktidara gelirse gelin, bizim as\u0131l d\u00fc\u015fman\u0131m\u0131z sizlerin ortak savundu\u011fu kapitalist d\u00fczendir&#8221; demek, bug\u00fcn i\u00e7in \u00e7ok \u00f6nemlidir. CHP, sermaye d\u00fczeninin bir di\u011fer y\u00fcz\u00fcd\u00fcr. \u0130ktidar\u0131n ve yarg\u0131n\u0131n CHP&#8217;ye yapt\u0131\u011f\u0131 m\u00fcdahale, burjuva partileri aras\u0131 bir hizip kavgas\u0131d\u0131r. Biz, bu kavgan\u0131n taraf\u0131 de\u011filiz. Bizim m\u00fccadelemiz, hem mevcut iktidar\u0131n temsil etti\u011fi hem de CHP&#8217;nin temsil etti\u011fi bu d\u00fczenin kendisine kar\u015f\u0131d\u0131r. \u0130\u015f\u00e7i s\u0131n\u0131f\u0131, kendi ba\u011f\u0131ms\u0131z siyasi partisini, kendi i\u015f\u00e7i-halk demokrasisini kurmad\u0131\u011f\u0131 s\u00fcrece, burjuva yarg\u0131 ve devletin ayg\u0131t\u0131 hep bir s\u0131n\u0131f bask\u0131 arac\u0131 olarak kalacakt\u0131r. Burjuva yarg\u0131s\u0131 &#8220;bug\u00fcnk\u00fc tarihsel g\u00fcnlerde&#8221; de\u011fil varl\u0131\u011f\u0131n\u0131 s\u00fcrd\u00fcrd\u00fc\u011f\u00fc s\u00fcrece en g\u00fc\u00e7l\u00fc hizibin rakiplerine kar\u015f\u0131 sopa olarak bize kar\u015f\u0131 ise d\u00fc\u015fman olarak hareket edecektir. Bildiride ifade edilen &#8220;burjuva mahkemelerine yedeklenmeyece\u011fiz&#8221; ifadesi ise SMF&#8217;ye umut ba\u011flayan i\u015f\u00e7iler a\u00e7\u0131s\u0131ndan nas\u0131l anla\u015f\u0131lacak? Bu ifade bildiri yazarlar\u0131 a\u00e7\u0131s\u0131ndan pek d\u00fc\u015f\u00fcn\u00fclmemi\u015f.. Bildiri &#8220;Fa\u015fizme Kar\u015f\u0131 Omuz Omuza&#8221; gibi CHP mitinglerine dayan\u0131\u015fma i\u00e7in giden sosyalist partilerin CHP&#8217;yi daha radikal bir tutuma \u00e7ekmek amac\u0131yla at\u0131lan bir sloganla sona eriyor\u2026<\/strong><\/p>\n\n\n\n<p style=\"font-size:clamp(16.834px, 1.052rem + ((1vw - 3.2px) * 0.716), 26px);\"><strong>SMF A\u00e7\u0131klamas\u0131n\u0131n tamam\u0131 \u015f\u00f6yle:<\/strong>&nbsp;Egemenlerin D\u00fczeni \u00c7\u00fcr\u00fcyor!&nbsp;<\/p>\n\n\n\n<p style=\"font-size:clamp(16.834px, 1.052rem + ((1vw - 3.2px) * 0.716), 26px);\">Burjuvazinin Mahkemelerine Yedeklenmeyece\u011fiz.<\/p>\n\n\n\n<p style=\"font-size:clamp(16.834px, 1.052rem + ((1vw - 3.2px) * 0.716), 26px);\">Kurtulu\u015f Sokakta, Fabrikada, Tarlada ve \u00d6rg\u00fctl\u00fc M\u00fccadelede!<\/p>\n\n\n\n<p style=\"font-size:clamp(16.834px, 1.052rem + ((1vw - 3.2px) * 0.716), 26px);\">Siyasal d\u00fczlemin alabildi\u011fine buland\u0131r\u0131ld\u0131\u011f\u0131, burjuva hukukun bizzat iktidar sahipleri eliyle bir sopa gibi kullan\u0131ld\u0131\u011f\u0131 tarihsel bir kesitten ge\u00e7iyoruz.<\/p>\n\n\n\n<p style=\"font-size:clamp(16.834px, 1.052rem + ((1vw - 3.2px) * 0.716), 26px);\">Son olarak, egemen devlet mekanizmas\u0131n\u0131n devreye sokulmas\u0131yla burjuva siyasetin ana akt\u00f6rlerinden CHP\u2019nin, 38. Genel Kurulu\u2019nun mahkeme karar\u0131yla iptal edilmesi, iktidar\u0131n bir b\u00fct\u00fcn olarak burjuva muhalefeti b\u00f6lme ve etkisiz hale getirme eylemi olarak, olas\u0131 bir erken ve genel se\u00e7imde iktidar\u0131n \u00f6n\u00fcndeki b\u00fct\u00fcn engelleri ortadan kald\u0131rma ve kendi iktidar\u0131n\u0131 mutlak bi\u00e7imde tahkim etme hedefini g\u00fcd\u00fcyor. Bu asl\u0131nda sistem i\u00e7i \u00e7\u00fcr\u00fcmenin ve sistem i\u00e7i dala\u015f\u0131n kristalize olmu\u015f en somut \u00f6zeti oldu\u011fu \u00e7\u0131plak bir durumdur.<\/p>\n\n\n\n<p style=\"font-size:clamp(16.834px, 1.052rem + ((1vw - 3.2px) * 0.716), 26px);\">\u0130\u015f\u00e7iler, Emek\u00e7iler, Devrimciler olarak bizler, burjuva partilerin kendi i\u00e7 hiziplerini, koltuk kavgalar\u0131n\u0131 ve delege hesaplar\u0131n\u0131 \u015f\u00fcphesiz ki birincil g\u00fcndemimiz yapmay\u0131z. &nbsp;Fakat, egemenlerin kendi aras\u0131ndaki bu it dala\u015f\u0131n\u0131n ideolojik ve politik olarak te\u015fhir edilmesi \u015fartt\u0131r!<\/p>\n\n\n\n<p style=\"font-size:clamp(16.834px, 1.052rem + ((1vw - 3.2px) * 0.716), 26px);\">Devlet ayg\u0131t\u0131n\u0131n hukuku nas\u0131l ara\u00e7salla\u015ft\u0131rd\u0131\u011f\u0131n\u0131 g\u00f6stermesi bak\u0131m\u0131ndan da ideolojik ve politik olarak te\u015fhir edilmesi \u015fartt\u0131r!<\/p>\n\n\n\n<p style=\"font-size:clamp(16.834px, 1.052rem + ((1vw - 3.2px) * 0.716), 26px);\">Egemen s\u0131n\u0131f klikleri aras\u0131ndaki hegemonya m\u00fccadelesi, kitlelerin ba\u011fr\u0131nda biriken \u00f6fkeyi s\u00f6n\u00fcmlendirmek ve mevcut stat\u00fckoyu tahkim etmek \u00fczerine kuruludur. CHP 38.Genel Kuruluna y\u00f6nelik bu mahkeme m\u00fcdahalesi, burjuva demokrasisinin k\u00e2\u011f\u0131t \u00fczerinde kalan k\u0131r\u0131nt\u0131lar\u0131n\u0131n bile bizzat sistemin kendi sahipleri taraf\u0131ndan nas\u0131l bir \u00e7\u0131rp\u0131da yutulabilece\u011fini a\u00e7\u0131k\u00e7a belgeliyor.<\/p>\n\n\n\n<p style=\"font-size:clamp(16.834px, 1.052rem + ((1vw - 3.2px) * 0.716), 26px);\">D\u00fcn kitleleri &#8220;sand\u0131k siyasetine&#8221; mahk\u00fbm eden, her hak arama eylemini &#8220;aman provokasyona gelmeyelim&#8221; diyerek soka\u011fa \u00e7\u0131kmaktan al\u0131koyan ve burjuva siyasetin ka\u00e7\u0131n\u0131lmaz bir sonucu olarak \u00e7\u0131kar ili\u015fkileri ve koltuk sevdas\u0131ndan ba\u015fka hi\u00e7bir derdi olmayan burjuva icazetli muhalefet \u00e7izgisi, bug\u00fcn bizzat yasland\u0131\u011f\u0131 o kurumsal nizam\u0131n duvarlar\u0131na toslam\u0131\u015ft\u0131r.<\/p>\n\n\n\n<p style=\"font-size:clamp(16.834px, 1.052rem + ((1vw - 3.2px) * 0.716), 26px);\">Buradan \u00e7\u0131kar\u0131lmas\u0131 gereken temel ders \u015fudur: Hukuk, s\u0131n\u0131flar \u00fcst\u00fc bir adalet mekanizmas\u0131 de\u011fil g\u00fcc\u00fc elinde bulunduran\u0131n, rakiplerini hizaya \u00e7ekmek ve halk\u0131 bask\u0131lamak i\u00e7in kulland\u0131\u011f\u0131 bir bask\u0131 ayg\u0131t\u0131d\u0131r!<\/p>\n\n\n\n<p style=\"font-size:clamp(16.834px, 1.052rem + ((1vw - 3.2px) * 0.716), 26px);\">Toplumda ve do\u011fada her \u015fey \u00e7eli\u015fmeler \u00fczerinden y\u00fcr\u00fcr. \u00d6nemli olan ba\u015f \u00e7eli\u015fki ile tali \u00e7eli\u015fkiyi birbirinden ay\u0131rmak, d\u00fczen i\u00e7i \u00e7at\u0131\u015fmalar\u0131n kitlelerin bilincini buland\u0131rmas\u0131na izin vermemektir.<\/p>\n\n\n\n<p style=\"font-size:clamp(16.834px, 1.052rem + ((1vw - 3.2px) * 0.716), 26px);\">CHP\u2019ye kar\u015f\u0131 geli\u015fen bu tasfiye ve kurultay iptal davas\u0131, iktidar\u0131 ve muhalefetiyle bir b\u00fct\u00fcn burjuva siyasetin emek\u00e7i halk kitlelerine hi\u00e7bir gelecek vaat edemeyece\u011finin en somut kan\u0131t\u0131d\u0131r.<\/p>\n\n\n\n<p style=\"font-size:clamp(16.834px, 1.052rem + ((1vw - 3.2px) * 0.716), 26px);\">Sistem kendi i\u00e7inde \u00e7\u00fcr\u00fcrken ve kendi kurallar\u0131n\u0131 dahi paspas ederken i\u015f\u00e7i s\u0131n\u0131f\u0131na, emek\u00e7ilere, g\u00f6sterilen yeg\u00e2ne kurtulu\u015f re\u00e7etesi yine egemenlerin kendi mahkemeleri, egemenlerin kendi se\u00e7im sand\u0131klar\u0131 olamaz!<\/p>\n\n\n\n<p style=\"font-size:clamp(16.834px, 1.052rem + ((1vw - 3.2px) * 0.716), 26px);\">D\u00fczen partilerinin mahkeme kap\u0131lar\u0131ndaki iktidar kavgalar\u0131na yedeklenmeyin!<\/p>\n\n\n\n<p style=\"font-size:clamp(16.834px, 1.052rem + ((1vw - 3.2px) * 0.716), 26px);\">Kurtulu\u015f, burjuvazinin mahkeme kararlar\u0131nda de\u011fil sokakta, fabrikada, tarlada ve \u00f6rg\u00fctl\u00fc m\u00fccadelededir. Ne mevcut ceberut nizam ne de onun icazetli, mahkeme koridorlar\u0131na s\u0131k\u0131\u015fm\u0131\u015f burjuva muhalefet \u00e7izgisi halk\u0131n dertlerine derman olamaz.<\/p>\n\n\n\n<p style=\"font-size:clamp(16.834px, 1.052rem + ((1vw - 3.2px) * 0.716), 26px);\">Kendi kaderimizi kendi ellerimize almal\u0131, sistemin bu kriz anlar\u0131n\u0131 devrimci bilinci ve \u00f6rg\u00fctl\u00fcl\u00fc\u011f\u00fc b\u00fcy\u00fctmek i\u00e7in birer kald\u0131ra\u00e7 olarak kullanmal\u0131y\u0131z!<\/p>\n\n\n\n<p style=\"font-size:clamp(16.834px, 1.052rem + ((1vw - 3.2px) * 0.716), 26px);\"><strong>Fa\u015fizme Kar\u015f\u0131 Omuz Omuza!<\/strong><\/p>\n\n\n\n<p style=\"font-size:clamp(16.834px, 1.052rem + ((1vw - 3.2px) * 0.716), 26px);\"><strong>Ya\u015fas\u0131n \u00d6rg\u00fctl\u00fc M\u00fccadelemiz!<\/strong><\/p>\n\n\n\n<p style=\"font-size:clamp(16.834px, 1.052rem + ((1vw - 3.2px) * 0.716), 26px);\"><strong>Kurtulu\u015f Yok Tek Ba\u015f\u0131na Ya Hep Beraber Ya Hi\u00e7 Birimiz!<\/strong><\/p>\n","protected":false},"excerpt":{"rendered":"<p>Sosyalist Meclisler Federasyonu Mutlak Butlan Yarg\u0131 Karar\u0131 Dolay\u0131s\u0131yla Bir A\u00e7\u0131klama ve De\u011ferlendirme Yapt\u0131 May\u0131s 2026 Baz\u0131 Notlar: SMF a\u00e7\u0131klamas\u0131 \u00f6nemli baz\u0131 ger\u00e7eklere i\u015faret ediyor; bununla birlikte bildiri 19 Mart 2025\u2019ten bu yana CHP\u2019nin \u00f6ne \u00e7\u0131kard\u0131\u011f\u0131 hem kendi i\u00e7ine hem de sosyalist g\u00fc\u00e7lere hitap eden bir slogan\u0131n\u0131 \u201cKurtulu\u015f Yok Tek Ba\u015f\u0131na Ya Hep Beraber Ya Hi\u00e7 [&hellip;]<\/p>\n","protected":false},"author":1,"featured_media":0,"comment_status":"open","ping_status":"open","sticky":false,"template":"","format":"standard","meta":{"_monsterinsights_skip_tracking":false,"_monsterinsights_sitenote_active":false,"_monsterinsights_sitenote_note":"","_monsterinsights_sitenote_category":0,"footnotes":""},"categories":[45],"tags":[],"class_list":["post-6497","post","type-post","status-publish","format-standard","hentry","category-genel-tr"],"blocksy_meta":[],"_links":{"self":[{"href":"https:\/\/marksizm.org.tr\/index.php?rest_route=\/wp\/v2\/posts\/6497","targetHints":{"allow":["GET"]}}],"collection":[{"href":"https:\/\/marksizm.org.tr\/index.php?rest_route=\/wp\/v2\/posts"}],"about":[{"href":"https:\/\/marksizm.org.tr\/index.php?rest_route=\/wp\/v2\/types\/post"}],"author":[{"embeddable":true,"href":"https:\/\/marksizm.org.tr\/index.php?rest_route=\/wp\/v2\/users\/1"}],"replies":[{"embeddable":true,"href":"https:\/\/marksizm.org.tr\/index.php?rest_route=%2Fwp%2Fv2%2Fcomments&post=6497"}],"version-history":[{"count":1,"href":"https:\/\/marksizm.org.tr\/index.php?rest_route=\/wp\/v2\/posts\/6497\/revisions"}],"predecessor-version":[{"id":6499,"href":"https:\/\/marksizm.org.tr\/index.php?rest_route=\/wp\/v2\/posts\/6497\/revisions\/6499"}],"wp:attachment":[{"href":"https:\/\/marksizm.org.tr\/index.php?rest_route=%2Fwp%2Fv2%2Fmedia&parent=6497"}],"wp:term":[{"taxonomy":"category","embeddable":true,"href":"https:\/\/marksizm.org.tr\/index.php?rest_route=%2Fwp%2Fv2%2Fcategories&post=6497"},{"taxonomy":"post_tag","embeddable":true,"href":"https:\/\/marksizm.org.tr\/index.php?rest_route=%2Fwp%2Fv2%2Ftags&post=6497"}],"curies":[{"name":"wp","href":"https:\/\/api.w.org\/{rel}","templated":true}]}}