{"id":6518,"date":"2026-06-11T19:48:29","date_gmt":"2026-06-11T19:48:29","guid":{"rendered":"https:\/\/marksizm.org.tr\/?p=6518"},"modified":"2026-06-11T19:48:30","modified_gmt":"2026-06-11T19:48:30","slug":"kuzey-kore-cin-xi-jinping-ve-kim-jong-un-hangi-mesajlari-verdiler","status":"publish","type":"post","link":"https:\/\/marksizm.org.tr\/?p=6518","title":{"rendered":"Kuzey Kore-\u00c7in: \u00a0Xi Jinping ve Kim Jong Un Hangi Mesajlar\u0131 Verdiler\u00a0 \u00a0"},"content":{"rendered":"\n<h1 class=\"wp-block-heading\"><strong>Kuzey Kore<\/strong>&#8211;<strong>\u00c7in: &nbsp;Xi Jinping ve Kim Jong Un Hangi Mesajlar\u0131 Verdiler&nbsp; &nbsp;<\/strong><\/h1>\n\n\n\n<h2 class=\"wp-block-heading\">\u00dclkelerimizin Sosyalizm Ortak \u0130deali, \u00c7in-Kuzey Kore ili\u015fkilerinin Belirleyici \u00d6zelli\u011fidir<\/h2>\n\n\n\n<h4 class=\"wp-block-heading\"><strong>Haziran 2026<\/strong>, <strong>\u00c7eviren: \u00a0Ayaz Zirve<\/strong><\/h4>\n\n\n\n<figure class=\"wp-block-image aligncenter size-large\"><img loading=\"lazy\" decoding=\"async\" width=\"1024\" height=\"576\" src=\"https:\/\/marksizm.org.tr\/wp-content\/uploads\/2026\/06\/6a2819c006aa36.94371584-1024x576.jpeg\" alt=\"\" class=\"wp-image-6519\" srcset=\"https:\/\/marksizm.org.tr\/wp-content\/uploads\/2026\/06\/6a2819c006aa36.94371584-1024x576.jpeg 1024w, https:\/\/marksizm.org.tr\/wp-content\/uploads\/2026\/06\/6a2819c006aa36.94371584-300x169.jpeg 300w, https:\/\/marksizm.org.tr\/wp-content\/uploads\/2026\/06\/6a2819c006aa36.94371584-768x432.jpeg 768w, https:\/\/marksizm.org.tr\/wp-content\/uploads\/2026\/06\/6a2819c006aa36.94371584.jpeg 1280w\" sizes=\"auto, (max-width: 1024px) 100vw, 1024px\" \/><\/figure>\n\n\n\n<p><\/p>\n\n\n\n<p style=\"font-size:clamp(16.834px, 1.052rem + ((1vw - 3.2px) * 0.716), 26px);\">Bu y\u0131l, \u00c7in ve Kuzey Kore aras\u0131nda imzalanan Dostluk, \u0130\u015fbirli\u011fi ve Kar\u015f\u0131l\u0131kl\u0131 Yard\u0131m Anla\u015fmas\u0131&#8217;n\u0131n 65. y\u0131ld\u00f6n\u00fcm\u00fcn\u00fc kutland\u0131. \u0130ki \u00fclkenin \u00fcst d\u00fczey liderleri Kore\u2019de bulu\u015ftular ve iki g\u00fcn s\u00fcren etkinlikler ger\u00e7ekle\u015ftirildi. Bu, yedi y\u0131l sonra Cumhurba\u015fkan\u0131 ve Parti lideri d\u00fczeyindeki ilk ziyaret. A\u015fa\u011f\u0131da iki liderin konu\u015fmalar\u0131ndan \u00f6nemli baz\u0131 ba\u015fl\u0131klar: &nbsp;&nbsp;<\/p>\n\n\n\n<p style=\"font-size:clamp(16.834px, 1.052rem + ((1vw - 3.2px) * 0.716), 26px);\"><strong>Kim Jong Un Konu\u015fmas\u0131<\/strong><\/p>\n\n\n\n<p style=\"font-size:clamp(16.834px, 1.052rem + ((1vw - 3.2px) * 0.716), 26px);\">Xi Jinping&#8217;in bu y\u0131l Pyongyang&#8217;a yapt\u0131\u011f\u0131 ilk yurtd\u0131\u015f\u0131 ziyareti, Kuzey Kore-\u00c7in ili\u015fkilerine verdi\u011fi y\u00fcksek \u00f6nemi ve iki \u00fclke aras\u0131ndaki g\u00fc\u00e7l\u00fc dostlu\u011fu g\u00f6steriyor ve bu da Kuzey Kore i\u00e7in b\u00fcy\u00fck bir onur ve cesaret kayna\u011f\u0131. Bu ziyaret, her zaman tarihin do\u011fru taraf\u0131nda yer alan, ba\u011f\u0131ms\u0131zl\u0131\u011f\u0131 ve adaleti savunan, uzun s\u00fcredir s\u0131nanm\u0131\u015f Kuzey Kore-\u00c7in ili\u015fkisinin ne kadar sars\u0131lmaz oldu\u011funu bir kez daha a\u00e7\u0131k\u00e7a ortaya koyuyor. Kuzey Kore ve \u00c7in ili\u015fkilerinin \u00f6zel do\u011fas\u0131 sadece kom\u015fu olmalar\u0131nda de\u011fil, ayn\u0131 zamanda her iki taraf\u0131n da de\u011fer verdi\u011fi ve nesilden nesile aktard\u0131\u011f\u0131 derin geleneksel dostluk ve ortak idealler ve inan\u00e7larda da yatmaktad\u0131r.<\/p>\n\n\n\n<p style=\"font-size:clamp(16.834px, 1.052rem + ((1vw - 3.2px) * 0.716), 26px);\">Ge\u00e7en Eyl\u00fcl ay\u0131nda Pekin&#8217;de Genel Sekreter Xi Jinping ile yapt\u0131\u011f\u0131m g\u00f6r\u00fc\u015fmeden bu yana ikili ili\u015fkilerin \u00e7e\u015fitli alanlarda aktif olarak geli\u015fti ve her iki \u00fclkenin halk\u0131na somut faydalar sa\u011fland\u0131\u011f\u0131. \u00d6n\u00fcm\u00fczdeki d\u00f6nemde Kuzey Kore-\u00c7in ili\u015fkilerinin geli\u015ftirilmesine ili\u015fkin \u00f6nemli \u00f6nerileri i\u00e7in Genel Sekreter Xi Jinping&#8217;e i\u00e7ten te\u015fekk\u00fcr ediyoruz. &nbsp;Kuzey Kore&#8217;nin t\u00fcm \u00fcst d\u00fczey organlar\u0131 bu \u00f6nerileri tam olarak uygulamak, ticaret, altyap\u0131, bilim ve teknoloji, e\u011fitim ve k\u00fclt\u00fcr de dahil olmak \u00fczere geni\u015f bir yelpazedeki alanlarda yeni al\u0131\u015f veri\u015fleri ve i\u015f birli\u011fi geli\u015fmelerini te\u015fvik etmek ve parti-parti kanallar\u0131 arac\u0131l\u0131\u011f\u0131yla kar\u015f\u0131l\u0131kl\u0131 \u00f6\u011frenmeyi g\u00fc\u00e7lendirerek Kuzey Kore&#8217;nin sosyalist in\u015fas\u0131n\u0131n geli\u015fimine de\u011ferli katk\u0131lar sa\u011flamak ve Kuzey Kore halk\u0131n\u0131n \u00c7in halk\u0131yla birlikte modernle\u015fme yoluna girmesine yard\u0131mc\u0131 olmak i\u00e7in \u00c7inli mevkida\u015flar\u0131 ile birlikte \u00e7al\u0131\u015facakt\u0131r.<\/p>\n\n\n\n<p style=\"font-size:clamp(16.834px, 1.052rem + ((1vw - 3.2px) * 0.716), 26px);\">Genel Sekreter Xi Jinping&#8217;in liderli\u011finde \u00c7in&#8217;in d\u00fcnyay\u0131 hayrete d\u00fc\u015f\u00fcren ola\u011fan\u00fcst\u00fc kalk\u0131nma ba\u015far\u0131lar\u0131na imza att\u0131 ve \u00c7in\u2019in uluslararas\u0131 konumunun b\u00fcy\u00fck \u00f6l\u00e7\u00fcde g\u00fc\u00e7lendi\u011fini g\u00f6rmekten memnuniyet duyuyoruz. \u0130nsanl\u0131k i\u00e7in ortak bir gelece\u011fe sahip bir topluluk kavram\u0131 ve Genel Sekreter Xi Jinping taraf\u0131ndan \u00f6nerilen d\u00f6rt k\u00fcresel giri\u015fim, d\u00fcnya bar\u0131\u015f\u0131 ve kalk\u0131nmas\u0131n\u0131n te\u015fvik edilmesi a\u00e7\u0131s\u0131ndan b\u00fcy\u00fck \u00f6nem ta\u015f\u0131maktad\u0131r. Bu \u00f6neriler d\u00fcnyan\u0131n d\u00f6rt bir yan\u0131ndan destek ve takdir g\u00f6r\u00fcyor. Son y\u0131llarda uluslararas\u0131 toplum, e\u015fi benzeri g\u00f6r\u00fclmemi\u015f ve muazzam de\u011fi\u015fikliklerden ge\u00e7mektedir. Kuzey Kore, \u00c7in&#8217;in temel \u00e7\u0131karlar\u0131n\u0131 koruma konusundaki politika ve tutumlar\u0131na sars\u0131lmaz bir \u015fekilde ba\u011fl\u0131 kalacak ve \u00c7in&#8217;in bu konudaki politika ve tutumlar\u0131n\u0131 kararl\u0131l\u0131kla destekleyecektir. Yeni d\u00f6nemde Kuzey Kore-\u00c7in dostlu\u011funu peki\u015ftirmek ve geli\u015ftirmek, halklar\u0131m\u0131z\u0131n ortak &nbsp;tercihi, zaman\u0131n gereklili\u011fi ve Kuzey Kore&#8217;nin de\u011fi\u015fmez stratejik tercihi ve sars\u0131lmaz stratejik iradesidir. Her zaman oldu\u011fu gibi, Kuzey Kore-\u00c7in ili\u015fkilerinin geli\u015fimini \u00fclkenin en \u00f6nemli ve \u00f6ncelikli stratejik giri\u015fimi olarak g\u00f6rece\u011fiz ve Kuzey Kore-\u00c7in ili\u015fkilerini devletler aras\u0131 ili\u015fkilerde \u00f6rnek bir ili\u015fki haline getirmek i\u00e7in, b\u00f6lgesel ve k\u00fcresel bar\u0131\u015f ve refaha birlikte katk\u0131da bulunmak i\u00e7in elimizden gelenin en iyisini yapaca\u011f\u0131z.<\/p>\n\n\n\n<p style=\"font-size:clamp(16.834px, 1.052rem + ((1vw - 3.2px) * 0.716), 26px);\"><strong>Xi Jinping Konu\u015fmas\u0131ndan b\u00f6l\u00fcmler:<\/strong><\/p>\n\n\n\n<p style=\"font-size:clamp(16.834px, 1.052rem + ((1vw - 3.2px) * 0.716), 26px);\">Xi:&nbsp; \u00c7in ve Kuzey Kore, birbirlerini destekleyen ve ortak bir kaderi payla\u015fan dost sosyalist kom\u015fulard\u0131r. \u00c7in ve Kuzey Kore aras\u0131ndaki geleneksel dostluk, iki parti, iki \u00fclke ve iki halk taraf\u0131ndan payla\u015f\u0131lan de\u011ferli bir varl\u0131kt\u0131r. Zaman ne kadar de\u011fi\u015firse de\u011fi\u015fsin veya uluslararas\u0131 durum nas\u0131l geli\u015firse geli\u015fsin, \u00c7in ve Kuzey Kore aras\u0131ndaki geleneksel dostluk k\u0131r\u0131lmaz, kal\u0131c\u0131 ve s\u00fcrekli olarak canl\u0131l\u0131\u011f\u0131n\u0131 korumaktad\u0131r.<\/p>\n\n\n\n<p style=\"font-size:clamp(16.834px, 1.052rem + ((1vw - 3.2px) * 0.716), 26px);\">Son y\u0131llarda, Genel Sekreter Kim Jong Un ile alt\u0131 kez g\u00f6r\u00fc\u015ft\u00fcm, yak\u0131n stratejik ileti\u015fim kurduk ve \u00c7in-Kuzey Kore ili\u015fkilerinin geli\u015fimi i\u00e7in ortak bir yol haritas\u0131 belirledik. \u2026.\u00c7in-Kuzey Kore ili\u015fkilerinin gemisinin kesinlikle sorunsuz bir \u015fekilde ilerleyece\u011fine ve h\u0131zla geli\u015fece\u011fine inan\u0131yorum.<\/p>\n\n\n\n<p style=\"font-size:clamp(16.834px, 1.052rem + ((1vw - 3.2px) * 0.716), 26px);\">\u0130ki \u00fclkenin Sosyalizm ortak ideali, \u00c7in-Kuzey Kore ili\u015fkilerinin belirleyici \u00f6zelli\u011fidir. \u00c7in Kom\u00fcnist Partisi ve Kore \u0130\u015f\u00e7i Partisi her ikisi de Marksist iktidar partileridir ve \u00c7in ile Kuzey Kore, sosyalist yolda yol arkada\u015f\u0131d\u0131r. \u0130ki taraf\u0131n ve \u00fclkenin kendi partilerinin ve \u00fclkelerinin geli\u015fimini desteklemek ve pragmatik al\u0131\u015fveri\u015f ve i\u015fbirli\u011fini s\u00fcrekli olarak g\u00fc\u00e7lendirmek i\u00e7in g\u00f6sterece\u011fi ortak \u00e7abalar\u0131n, ulusal refah ve g\u00fcc\u00fc ve halk\u0131n refah\u0131n\u0131 g\u00fc\u00e7l\u00fc bir \u015fekilde art\u0131raca\u011f\u0131na ve sosyalizmin \u00f6nemli avantajlar\u0131n\u0131 ve parlak y\u00f6nlerini s\u00fcrekli olarak g\u00f6sterece\u011fine kesinlikle inan\u0131yorum.<\/p>\n\n\n\n<p style=\"font-size:clamp(16.834px, 1.052rem + ((1vw - 3.2px) * 0.716), 26px);\">Ortak kader birli\u011fine dayal\u0131 geleneksel dostluk, \u00c7in-Kuzey Kore ili\u015fkilerinin derin temelidir. Ulusal ba\u011f\u0131ms\u0131zl\u0131k ve kurtulu\u015f i\u00e7in verilen zorlu m\u00fccadele y\u0131llar\u0131nda, \u00c7in ve Kuzey Kore halklar\u0131 iyi ve k\u00f6t\u00fc g\u00fcnleri payla\u015ft\u0131lar ve kanlar\u0131yla b\u00fcy\u00fck bir m\u00fccadele dostlu\u011fu kurdular. Kendi sosyalist davalar\u0131n\u0131n geli\u015fiminde, her iki \u00fclkenin halk\u0131 omuz omuza durarak, sevin\u00e7 ve kederleri payla\u015ft\u0131lar ve kar\u015f\u0131l\u0131kl\u0131 g\u00fcven, dayan\u0131\u015fma ve kar\u015f\u0131l\u0131kl\u0131 yard\u0131mla\u015fma yolda\u015fl\u0131klar\u0131n\u0131 canl\u0131 bir \u015fekilde g\u00f6sterdiler. \u2026<\/p>\n\n\n\n<p style=\"font-size:clamp(16.834px, 1.052rem + ((1vw - 3.2px) * 0.716), 26px);\">Y\u00fcksek d\u00fczey stratejik i\u015f birli\u011fi, bu d\u00f6nemde \u00c7in-Kuzey Kore ili\u015fkilerinin belirleyici \u00f6zelli\u011fidir. B\u00f6lgede kal\u0131c\u0131 bar\u0131\u015f ve istikrar\u0131n, d\u00fcnya bar\u0131\u015f ve istikrar\u0131n\u0131n sa\u011flanmas\u0131, her iki taraf\u0131n, her iki \u00fclkenin ve her iki halk\u0131n ortak \u00f6zlemleridir. Her iki taraf da ulusal egemenliklerini, g\u00fcvenliklerini ve kalk\u0131nma \u00e7\u0131karlar\u0131n\u0131 korumada birbirlerini kararl\u0131l\u0131kla desteklemekte ve b\u00f6lgesel bar\u0131\u015f ve huzuru, uluslararas\u0131 adalet ve hakkaniyeti ve sava\u015f sonras\u0131 uluslararas\u0131 d\u00fczeni korumak i\u00e7in birlikte \u00e7al\u0131\u015fmaktad\u0131r. \u00c7in ve Kuzey Kore&#8217;nin stratejik i\u015f birliklerini derinle\u015ftirmeye devam ettik\u00e7e, bar\u0131\u015f\u00e7\u0131 kalk\u0131nma ve kazan-kazan i\u015f birli\u011finin do\u011fru yoluna birlikte gireceklerine kesinlikle inan\u0131yorum.<\/p>\n\n\n\n<p style=\"font-size:clamp(16.834px, 1.052rem + ((1vw - 3.2px) * 0.716), 26px);\">Son y\u0131llarda, h\u0131zla de\u011fi\u015fen k\u00fcresel ortam ve karma\u015f\u0131k uluslararas\u0131 durum kar\u015f\u0131s\u0131nda, \u00c7in ve Kuzey Kore kendi i\u015flerini iyi y\u00f6netmeye odaklanm\u0131\u015f, sars\u0131lmaz bir kararl\u0131l\u0131k ve amans\u0131z bir m\u00fccadeleyle sosyalizm yolunda ilerlemeye devam etmi\u015ftir. \u2026.Kore \u0130\u015f\u00e7i Partisi, dokuzuncu kongresini ba\u015far\u0131yla tamamlayarak parti ve devletin geli\u015fimi i\u00e7in stratejik planlar ve \u00f6nemli ad\u0131mlar att\u0131 ve kapsaml\u0131 sosyalist kalk\u0131nman\u0131n yeni bir \u00e7a\u011f\u0131n\u0131 ba\u015flatt\u0131.<\/p>\n\n\n\n<p style=\"font-size:clamp(16.834px, 1.052rem + ((1vw - 3.2px) * 0.716), 26px);\">Her iki \u00fclkede de sosyalist davan\u0131n istikrarl\u0131 ve uzun vadeli geli\u015fimini birlikte te\u015fvik etmek i\u00e7in kar\u015f\u0131l\u0131kl\u0131 al\u0131\u015fveri\u015fi ve \u00f6\u011frenmeyi g\u00fc\u00e7lendirmeliyiz. \u0130lkelerimize ve \u00f6zlemlerimize sad\u0131k kalmal\u0131, ulusal ko\u015fullar\u0131m\u0131za uygun sosyalist yollar\u0131 izlemede birbirimizi desteklemeli ve her iki \u00fclkenin siyasi g\u00fcvenli\u011fini kararl\u0131l\u0131kla korumal\u0131y\u0131z. \u2026..<\/p>\n\n\n\n<p style=\"font-size:clamp(16.834px, 1.052rem + ((1vw - 3.2px) * 0.716), 26px);\">\u00c7ok tarafl\u0131 i\u015f birli\u011fini g\u00fc\u00e7lendirmeli ve uluslararas\u0131 adalet ve hakkaniyeti kararl\u0131l\u0131kla savunmal\u0131y\u0131z. Zaman\u0131n gereklerine uymal\u0131, stratejik ileti\u015fim ve koordinasyonu geli\u015ftirmeli, Birle\u015fmi\u015f Milletler merkezli uluslararas\u0131 sistemi ve uluslararas\u0131 hukuka dayal\u0131 uluslararas\u0131 d\u00fczeni birlikte korumal\u0131, hegemonyac\u0131l\u0131\u011fa ve g\u00fc\u00e7 politikalar\u0131na kar\u015f\u0131 \u00e7\u0131kmal\u0131 ve militarizmi yeniden canland\u0131rmaya ve b\u00f6lgesel g\u00fcvenlik ve istikrar\u0131 tehlikeye atmaya y\u00f6nelik t\u00fcm giri\u015fim ve eylemlere kar\u015f\u0131 \u00e7\u0131kmal\u0131y\u0131z. E\u015fitlik\u00e7i ve d\u00fczenli ayn\u0131 zamanda \u00e7ok kutuplu bir d\u00fcnyay\u0131 ve kapsay\u0131c\u0131 ekonomik k\u00fcreselle\u015fmeyi birlikte te\u015fvik etmeli, d\u00f6rt k\u00fcresel giri\u015fimi uygulamal\u0131 ve insanl\u0131k i\u00e7in ortak bir gelece\u011fe sahip bir topluluk in\u015fa etmek i\u00e7in birlikte \u00e7al\u0131\u015fmal\u0131y\u0131z\u2026.<\/p>\n","protected":false},"excerpt":{"rendered":"<p>Kuzey Kore&#8211;\u00c7in: &nbsp;Xi Jinping ve Kim Jong Un Hangi Mesajlar\u0131 Verdiler&nbsp; &nbsp; \u00dclkelerimizin Sosyalizm Ortak \u0130deali, \u00c7in-Kuzey Kore ili\u015fkilerinin Belirleyici \u00d6zelli\u011fidir Haziran 2026, \u00c7eviren: \u00a0Ayaz Zirve Bu y\u0131l, \u00c7in ve Kuzey Kore aras\u0131nda imzalanan Dostluk, \u0130\u015fbirli\u011fi ve Kar\u015f\u0131l\u0131kl\u0131 Yard\u0131m Anla\u015fmas\u0131&#8217;n\u0131n 65. y\u0131ld\u00f6n\u00fcm\u00fcn\u00fc kutland\u0131. \u0130ki \u00fclkenin \u00fcst d\u00fczey liderleri Kore\u2019de bulu\u015ftular ve iki g\u00fcn s\u00fcren etkinlikler [&hellip;]<\/p>\n","protected":false},"author":1,"featured_media":0,"comment_status":"open","ping_status":"open","sticky":false,"template":"","format":"standard","meta":{"_monsterinsights_skip_tracking":false,"_monsterinsights_sitenote_active":false,"_monsterinsights_sitenote_note":"","_monsterinsights_sitenote_category":0,"footnotes":""},"categories":[51,5,6],"tags":[],"class_list":["post-6518","post","type-post","status-publish","format-standard","hentry","category-dunya-sosyalizmi-tr","category-dunya-sosyalizmi","category-sosyalist-ulkeler"],"blocksy_meta":[],"_links":{"self":[{"href":"https:\/\/marksizm.org.tr\/index.php?rest_route=\/wp\/v2\/posts\/6518","targetHints":{"allow":["GET"]}}],"collection":[{"href":"https:\/\/marksizm.org.tr\/index.php?rest_route=\/wp\/v2\/posts"}],"about":[{"href":"https:\/\/marksizm.org.tr\/index.php?rest_route=\/wp\/v2\/types\/post"}],"author":[{"embeddable":true,"href":"https:\/\/marksizm.org.tr\/index.php?rest_route=\/wp\/v2\/users\/1"}],"replies":[{"embeddable":true,"href":"https:\/\/marksizm.org.tr\/index.php?rest_route=%2Fwp%2Fv2%2Fcomments&post=6518"}],"version-history":[{"count":1,"href":"https:\/\/marksizm.org.tr\/index.php?rest_route=\/wp\/v2\/posts\/6518\/revisions"}],"predecessor-version":[{"id":6520,"href":"https:\/\/marksizm.org.tr\/index.php?rest_route=\/wp\/v2\/posts\/6518\/revisions\/6520"}],"wp:attachment":[{"href":"https:\/\/marksizm.org.tr\/index.php?rest_route=%2Fwp%2Fv2%2Fmedia&parent=6518"}],"wp:term":[{"taxonomy":"category","embeddable":true,"href":"https:\/\/marksizm.org.tr\/index.php?rest_route=%2Fwp%2Fv2%2Fcategories&post=6518"},{"taxonomy":"post_tag","embeddable":true,"href":"https:\/\/marksizm.org.tr\/index.php?rest_route=%2Fwp%2Fv2%2Ftags&post=6518"}],"curies":[{"name":"wp","href":"https:\/\/api.w.org\/{rel}","templated":true}]}}